{"id":291965,"date":"2022-08-09T18:08:22","date_gmt":"2022-08-09T16:08:22","guid":{"rendered":"https:\/\/www.radiopiu.net\/wordpress\/?p=291965"},"modified":"2022-08-09T18:08:22","modified_gmt":"2022-08-09T16:08:22","slug":"probabile-frattura-della-caviglia-sul-nevegal","status":"publish","type":"post","link":"https:\/\/www.radiopiu.net\/wordpress\/probabile-frattura-della-caviglia-sul-nevegal\/","title":{"rendered":"PROBABILE FRATTURA DELLA CAVIGLIA SUL NEVEGAL"},"content":{"rendered":"<p><strong>BELLUNO<\/strong> Il Soccorso alpino di Belluno \u00e8 stato invece inviato in Nevegal, poich\u00e9, scendendo all&#8217;altezza della Vallavia, dal nuovo sentiero che parte dalla Casera, per eseguire dei rilievi forestali con una collega, un 49enne di Cesiomaggiore (BL), aveva riportato la probabile frattura di una caviglia. Una squadra \u00e8 arrivata dall&#8217;infortunato e gli ha immobilizzato il piede. Caricato in barella, l&#8217;infortunato \u00e8 stato trasportato 300 metri a spalla fino alla jeep e da l\u00ec alle Torri, dove attendeva l&#8217;ambulanza.<\/p>\n<p>&nbsp;<\/p>\n<p>&nbsp;<\/p>\n<p>*****<\/p>\n","protected":false},"excerpt":{"rendered":"<p>BELLUNO Il Soccorso alpino di Belluno \u00e8 stato invece inviato in Nevegal, poich\u00e9, scendendo all&#8217;altezza della Vallavia, dal nuovo sentiero che parte dalla Casera, per eseguire dei rilievi forestali con una collega, un 49enne di Cesiomaggiore (BL), aveva riportato la probabile frattura di una caviglia. Una squadra \u00e8 arrivata dall&#8217;infortunato e gli ha immobilizzato il&hellip;<\/p>\n","protected":false},"author":4,"featured_media":225856,"comment_status":"closed","ping_status":"closed","sticky":false,"template":"","format":"standard","meta":{"_monsterinsights_skip_tracking":false,"_monsterinsights_sitenote_active":false,"_monsterinsights_sitenote_note":"","_monsterinsights_sitenote_category":0,"footnotes":""},"categories":[49],"tags":[],"class_list":["post-291965","post","type-post","status-publish","format-standard","has-post-thumbnail","hentry","category-news-18","category-49","description-off"],"img_url":"https:\/\/www.radiopiu.net\/wordpress\/wp-content\/uploads\/2021\/08\/th.jpg","_links":{"self":[{"href":"https:\/\/www.radiopiu.net\/wordpress\/wp-json\/wp\/v2\/posts\/291965","targetHints":{"allow":["GET"]}}],"collection":[{"href":"https:\/\/www.radiopiu.net\/wordpress\/wp-json\/wp\/v2\/posts"}],"about":[{"href":"https:\/\/www.radiopiu.net\/wordpress\/wp-json\/wp\/v2\/types\/post"}],"author":[{"embeddable":true,"href":"https:\/\/www.radiopiu.net\/wordpress\/wp-json\/wp\/v2\/users\/4"}],"replies":[{"embeddable":true,"href":"https:\/\/www.radiopiu.net\/wordpress\/wp-json\/wp\/v2\/comments?post=291965"}],"version-history":[{"count":0,"href":"https:\/\/www.radiopiu.net\/wordpress\/wp-json\/wp\/v2\/posts\/291965\/revisions"}],"wp:featuredmedia":[{"embeddable":true,"href":"https:\/\/www.radiopiu.net\/wordpress\/wp-json\/wp\/v2\/media\/225856"}],"wp:attachment":[{"href":"https:\/\/www.radiopiu.net\/wordpress\/wp-json\/wp\/v2\/media?parent=291965"}],"wp:term":[{"taxonomy":"category","embeddable":true,"href":"https:\/\/www.radiopiu.net\/wordpress\/wp-json\/wp\/v2\/categories?post=291965"},{"taxonomy":"post_tag","embeddable":true,"href":"https:\/\/www.radiopiu.net\/wordpress\/wp-json\/wp\/v2\/tags?post=291965"}],"curies":[{"name":"wp","href":"https:\/\/api.w.org\/{rel}","templated":true}]}}