{"id":291973,"date":"2022-08-10T05:33:07","date_gmt":"2022-08-10T03:33:07","guid":{"rendered":"https:\/\/www.radiopiu.net\/wordpress\/?p=291973"},"modified":"2022-08-10T05:51:40","modified_gmt":"2022-08-10T03:51:40","slug":"disagi-nel-servizio-delle-tre-cime-le-scuse-di-dolomiti-bus","status":"publish","type":"post","link":"https:\/\/www.radiopiu.net\/wordpress\/disagi-nel-servizio-delle-tre-cime-le-scuse-di-dolomiti-bus\/","title":{"rendered":"DISAGI NEL SERVIZIO DELLE TRE CIME. LE SCUSE DI DOLOMITI BUS"},"content":{"rendered":"<p><strong><a class=\"dt-pswp-item\" href=\"https:\/\/www.radiopiu.net\/wordpress\/wp-content\/uploads\/2020\/06\/80c303ed-9a2e-49f0-8b20-3dd5e061bbf3.jpg\" data-dt-img-description=\"\" data-large_image_width=\"1280\" data-large_image_height=\"960\"><img loading=\"lazy\" decoding=\"async\" class=\"size-thumbnail wp-image-145520 alignleft\" src=\"https:\/\/www.radiopiu.net\/wordpress\/wp-content\/uploads\/2020\/06\/80c303ed-9a2e-49f0-8b20-3dd5e061bbf3-150x150.jpg\" alt=\"\" width=\"150\" height=\"150\" \/><\/a>BELLUNO <\/strong>Questa mattina si sono registrati alcuni ritardi nel servizio Dolomiti Bus relativo alle Tre Cime di Lavaredo. La biglietteria \u00e8 rimasta inattiva per un\u2019ora e di conseguenza si sono formate lunghe code di passeggeri in attesa di acquistare il titolo di viaggio. \u00ab<em>Ci scusiamo con i viaggiatori\u00bb il messaggio di Dolomiti Bus spa. \u00abStiamo lavorando per migliorare il servizio e da domani sicuramente torneremo alla piena operativit\u00e0<\/em>\u00bb. Con l\u2019installazione di una macchina obliteratrice diminuiranno i tempi di attesa alla fermata delle Tre Cime. I passeggeri, infatti, potranno timbrare il biglietto prima di salire a bordo dei pullman, limitando cos\u00ec la creazione di file. La macchina obliteratrice \u00e8 collegata a un pannello fotovoltaico, cos\u00ec da rendere sostenibile anche dal punto di vista energetico e ambientale il nuovo servizio. \u00ab<em>Come si leggeva una volta sui cartelli autostradali, \u201cstiamo lavorando per voi<\/em>\u201d\u00bb sottolinea il presidente di Dolomiti Bus spa, Andrea Biasiotto. \u00ab<em>Questa mattina la biglietteria \u00e8 stata aperta con ritardo, causa l\u2019installazione della obliteratrice. Ci dispiace che questo abbia causato file e tempi di attesa per i viaggiatori. Colgo l\u2019occasione per ringraziare i conducenti che con grande professionalit\u00e0 stanno rispondendo a un flusso senza pari sulle Tre Cime, consentendo a Dolomiti Bus di continuare a essere l\u2019azienda del territorio, non solo per le esigenze di viaggio dei residenti, ma anche per i turisti<\/em>\u00bb.<\/p>\n<p>&nbsp;<\/p>\n<p>&nbsp;<\/p>\n<p>****<\/p>\n","protected":false},"excerpt":{"rendered":"<p>BELLUNO Questa mattina si sono registrati alcuni ritardi nel servizio Dolomiti Bus relativo alle Tre Cime di Lavaredo. La biglietteria \u00e8 rimasta inattiva per un\u2019ora e di conseguenza si sono formate lunghe code di passeggeri in attesa di acquistare il titolo di viaggio. \u00abCi scusiamo con i viaggiatori\u00bb il messaggio di Dolomiti Bus spa. \u00abStiamo&hellip;<\/p>\n","protected":false},"author":4,"featured_media":145520,"comment_status":"closed","ping_status":"closed","sticky":false,"template":"","format":"standard","meta":{"_monsterinsights_skip_tracking":false,"_monsterinsights_sitenote_active":false,"_monsterinsights_sitenote_note":"","_monsterinsights_sitenote_category":0,"footnotes":""},"categories":[51,49],"tags":[],"class_list":["post-291973","post","type-post","status-publish","format-standard","has-post-thumbnail","hentry","category-evidenza-top","category-news-18","category-51","category-49","description-off"],"img_url":"https:\/\/www.radiopiu.net\/wordpress\/wp-content\/uploads\/2020\/06\/80c303ed-9a2e-49f0-8b20-3dd5e061bbf3.jpg","_links":{"self":[{"href":"https:\/\/www.radiopiu.net\/wordpress\/wp-json\/wp\/v2\/posts\/291973","targetHints":{"allow":["GET"]}}],"collection":[{"href":"https:\/\/www.radiopiu.net\/wordpress\/wp-json\/wp\/v2\/posts"}],"about":[{"href":"https:\/\/www.radiopiu.net\/wordpress\/wp-json\/wp\/v2\/types\/post"}],"author":[{"embeddable":true,"href":"https:\/\/www.radiopiu.net\/wordpress\/wp-json\/wp\/v2\/users\/4"}],"replies":[{"embeddable":true,"href":"https:\/\/www.radiopiu.net\/wordpress\/wp-json\/wp\/v2\/comments?post=291973"}],"version-history":[{"count":0,"href":"https:\/\/www.radiopiu.net\/wordpress\/wp-json\/wp\/v2\/posts\/291973\/revisions"}],"wp:featuredmedia":[{"embeddable":true,"href":"https:\/\/www.radiopiu.net\/wordpress\/wp-json\/wp\/v2\/media\/145520"}],"wp:attachment":[{"href":"https:\/\/www.radiopiu.net\/wordpress\/wp-json\/wp\/v2\/media?parent=291973"}],"wp:term":[{"taxonomy":"category","embeddable":true,"href":"https:\/\/www.radiopiu.net\/wordpress\/wp-json\/wp\/v2\/categories?post=291973"},{"taxonomy":"post_tag","embeddable":true,"href":"https:\/\/www.radiopiu.net\/wordpress\/wp-json\/wp\/v2\/tags?post=291973"}],"curies":[{"name":"wp","href":"https:\/\/api.w.org\/{rel}","templated":true}]}}