{"id":292126,"date":"2022-08-10T17:21:28","date_gmt":"2022-08-10T15:21:28","guid":{"rendered":"https:\/\/www.radiopiu.net\/wordpress\/?p=292126"},"modified":"2022-08-11T05:48:28","modified_gmt":"2022-08-11T03:48:28","slug":"292126-2","status":"publish","type":"post","link":"https:\/\/www.radiopiu.net\/wordpress\/292126-2\/","title":{"rendered":"AL CAMPOLONGO LA FERMATA CHE NON C&#8217;E&#8217;"},"content":{"rendered":"<ul>\n<li><strong><a class=\"dt-pswp-item\" href=\"https:\/\/www.radiopiu.net\/wordpress\/wp-content\/uploads\/2022\/08\/ara.jpg\" data-dt-img-description=\"\" data-large_image_width=\"420\" data-large_image_height=\"248\"><img loading=\"lazy\" decoding=\"async\" class=\"wp-image-292127 size-medium alignleft\" src=\"https:\/\/www.radiopiu.net\/wordpress\/wp-content\/uploads\/2022\/08\/ara-300x177.jpg\" alt=\"\" width=\"300\" height=\"177\" srcset=\"https:\/\/www.radiopiu.net\/wordpress\/wp-content\/uploads\/2022\/08\/ara-300x177.jpg 300w, https:\/\/www.radiopiu.net\/wordpress\/wp-content\/uploads\/2022\/08\/ara.jpg 420w\" sizes=\"auto, (max-width: 300px) 100vw, 300px\" \/><\/a>LIVINALLONGO<\/strong> Immaginate un gruppo di turisti che attende il pullman lungo le strade che da Passo Campolongo portano a Corvara ed Arabba, immaginateli questi ospiti della montagna mentre si sbracciano nell&#8217;inutile tentativo di fermare il pullman, non di farsi notare,\u00a0 perch\u00e9 l&#8217;autista li nota eccome, al punto che il dito indice della sua mano destra ripete il movimento del pendolo con un chiaro<em> &#8220;No che non mi fermo, cambiate fermata&#8221;.<\/em> Immaginate la faccia del povero turista,\u00a0 cosa penser\u00e0 dell&#8217;organizzazione\u00a0 dedita all&#8217;accoglienza quando abbassando lo sguardo in cerca di conferme noter\u00e0 sull&#8217;asfalto la scritta fresca di stagione &#8220;Bus&#8221;, che non intende un buco sulla strada ma proprio la fermata che non c&#8217;\u00e8. La situazione sconcertante si ripete quotidianamente alle fermate Monte Cherz e Laguscei, molto pi\u00f9 fortunati i turisti che attendono il trasporto pubblico della Sad, in appalto alla Taferner,\u00a0 davanti all&#8217;Hotel Bo\u00e8, qui il pullman si ferma, l&#8217;autista sorride e tutte e dieci le dita le tiene sul volante senza ripetitivi ondeggiamenti di negazione. Domanda: perch\u00e9 sono state fatte le strisce gialle indicando la fermata del pullman se la corriera tira diritto?<br \/>\nC&#8217;\u00e8 chi ha chiamato prima il sindaco di Livinallongo e poi quello di Corvara. Mentre l&#8217;assessore fodom Gianni Palla ha risposto dicendo che \u00e8 questione di giorni,\u00a0 dalla Val Badia Heinz Dellago \u00e8 stato pi\u00f9 chiaro <em>&#8220;Solo la fermata Passo Campolongo \u00e8 autorizzata, per effettuare le successive verso Corvara \u00e8 necessaria l&#8217;autorizzazione di Veneto Strade da comunicare quindi alla Taferner affinch\u00e9 venga effettuato il servizio. Siamo consapevoli che il Comune di Livinallongo \u00e8 impegnato a risolvere la situazione, noi al momento non possiamo dare l&#8217;okay ad una fermata non autorizzata. Al Campolongo risulta attualmente attiva la\u00a0 fermata Hotel Bo\u00e8 in entrambi i sensi di marcia&#8221;.<\/em> Il sindaco badioto ha quindi invitato associazioni turistiche e Comune ad informare la clientela,<\/li>\n<\/ul>\n<p>_<\/p>\n<p>__<\/p>\n","protected":false},"excerpt":{"rendered":"<p>LIVINALLONGO Immaginate un gruppo di turisti che attende il pullman lungo le strade che da Passo Campolongo portano a Corvara ed Arabba, immaginateli questi ospiti della montagna mentre si sbracciano nell&#8217;inutile tentativo di fermare il pullman, non di farsi notare,\u00a0 perch\u00e9 l&#8217;autista li nota eccome, al punto che il dito indice della sua mano destra&hellip;<\/p>\n","protected":false},"author":4,"featured_media":292127,"comment_status":"closed","ping_status":"closed","sticky":false,"template":"","format":"standard","meta":{"_monsterinsights_skip_tracking":false,"_monsterinsights_sitenote_active":false,"_monsterinsights_sitenote_note":"","_monsterinsights_sitenote_category":0,"footnotes":""},"categories":[51,49],"tags":[],"class_list":["post-292126","post","type-post","status-publish","format-standard","has-post-thumbnail","hentry","category-evidenza-top","category-news-18","category-51","category-49","description-off"],"img_url":"https:\/\/www.radiopiu.net\/wordpress\/wp-content\/uploads\/2022\/08\/ara.jpg","_links":{"self":[{"href":"https:\/\/www.radiopiu.net\/wordpress\/wp-json\/wp\/v2\/posts\/292126","targetHints":{"allow":["GET"]}}],"collection":[{"href":"https:\/\/www.radiopiu.net\/wordpress\/wp-json\/wp\/v2\/posts"}],"about":[{"href":"https:\/\/www.radiopiu.net\/wordpress\/wp-json\/wp\/v2\/types\/post"}],"author":[{"embeddable":true,"href":"https:\/\/www.radiopiu.net\/wordpress\/wp-json\/wp\/v2\/users\/4"}],"replies":[{"embeddable":true,"href":"https:\/\/www.radiopiu.net\/wordpress\/wp-json\/wp\/v2\/comments?post=292126"}],"version-history":[{"count":0,"href":"https:\/\/www.radiopiu.net\/wordpress\/wp-json\/wp\/v2\/posts\/292126\/revisions"}],"wp:featuredmedia":[{"embeddable":true,"href":"https:\/\/www.radiopiu.net\/wordpress\/wp-json\/wp\/v2\/media\/292127"}],"wp:attachment":[{"href":"https:\/\/www.radiopiu.net\/wordpress\/wp-json\/wp\/v2\/media?parent=292126"}],"wp:term":[{"taxonomy":"category","embeddable":true,"href":"https:\/\/www.radiopiu.net\/wordpress\/wp-json\/wp\/v2\/categories?post=292126"},{"taxonomy":"post_tag","embeddable":true,"href":"https:\/\/www.radiopiu.net\/wordpress\/wp-json\/wp\/v2\/tags?post=292126"}],"curies":[{"name":"wp","href":"https:\/\/api.w.org\/{rel}","templated":true}]}}