{"id":292161,"date":"2022-08-12T05:56:52","date_gmt":"2022-08-12T03:56:52","guid":{"rendered":"https:\/\/www.radiopiu.net\/wordpress\/?p=292161"},"modified":"2022-08-12T09:23:36","modified_gmt":"2022-08-12T07:23:36","slug":"giornale-radiopiu-12-agosto-2022-direttore-mirko-mezzacasa","status":"publish","type":"post","link":"https:\/\/www.radiopiu.net\/wordpress\/giornale-radiopiu-12-agosto-2022-direttore-mirko-mezzacasa\/","title":{"rendered":"GIORNALE RADIOPIU 12 AGOSTO 2022 DIRETTORE MIRKO MEZZACASA"},"content":{"rendered":"<h3 class=\"kvgmc6g5 cxmmr5t8 oygrvhab hcukyx3x c1et5uql\"><span style=\"color: #0000ff;\"><strong>RADIO PIU INFORMAZIONE il canale su TELEGRAM informazione di prima\u00a0 <\/strong><\/span><span style=\"color: #0000ff;\"><strong>mano e in tempo reale. iscriviti ed aiutaci a farlo conoscere\u00a0 \u00a0<\/strong><\/span><\/h3>\n<p><iframe loading=\"lazy\" title=\"Rocca Pietore, Marmolada, Val Pettorina\" width=\"1200\" height=\"675\" src=\"https:\/\/www.youtube.com\/embed\/fnodpFI2M1w?feature=oembed\" frameborder=\"0\" allow=\"accelerometer; autoplay; clipboard-write; encrypted-media; gyroscope; picture-in-picture\" allowfullscreen><\/iframe><\/p>\n<p>&nbsp;<\/p>\n<hr \/>\n<p>&nbsp;<\/p>\n<blockquote>\n<h3>SP3, LAVORI A GONA DI CONEDERA FINO AL 29 AGOSTO<\/h3>\n<\/blockquote>\n<p><strong>SEDICO<\/strong> Veneto Strade comunica che lungo la SP 3 della Valle Imperina, a Gona di Conedera in comune di Rivamonte, verr\u00e0 istituito un senso unico alternato regolato da semaforo fino al 29 agosto compresi sabato domenica e festivi. Senso unico necessario per consentire i lavori di consolidamento della strada.<\/p>\n<p>&nbsp;<\/p>\n<p>&nbsp;<\/p>\n<hr \/>\n<p>&nbsp;<\/p>\n<blockquote>\n<h3>ACQUA NON POTABILE A MOE&#8217; DI LASTE DI ROCCA PIETORE<\/h3>\n<\/blockquote>\n<p><strong>ROCCA PIETORE<\/strong> Gestione Servizi Pubblici informa che a ROCCA PIETORE in localit\u00e0 MOE\u2019 DI LASTE l&#8217;acqua erogata dall&#8217;acquedotto non \u00e8 potabile e pu\u00f2 essere usata per scopi alimentari SOLO PREVIA bollitura. GSP ha, comunque, gi\u00e0 adottato le necessarie misure per la disinfezione dell&#8217;acqua presente nei serbatoi e nella rete idrica con l&#8217;aggiunta di cloro.<\/p>\n<p>&nbsp;<\/p>\n<p>&nbsp;<\/p>\n<hr \/>\n<p>&nbsp;<\/p>\n<blockquote>\n<h3>IMBOCCA LA STRADA IN CONTROMANO E SI SCHIANTA CONTRO LA MOTO<\/h3>\n<\/blockquote>\n<p><strong>PONTE NELLE ALPI<\/strong> Una\u00a0 donna di 46 anni, M.R.\u00a0 \u00e8\u00a0 ricoverata in\u00a0 ortopedia per un politrauma. L&#8217;incidente ieri mattina alle 9.15. La causa: una Toyota Yaris condotta da una donna, M.C. di 64 anni, ha imboccato contromano lo svincolo per l&#8217;autostrada a Pian di Vedoia andando a collidere con la moto Suzuki 800 della siciliana.\u00a0 I vigili del fuoco di\u00a0 Belluno hanno messo in sicurezza i mezzi, mentre la donna \u00e8 stata stabilizzata dal personale del Suem e poi trasferita in ospedale. Le condizioni della motociclista in un primo momento sono sembrate molto gravi e in ospedale la donna \u00e8 stata trasportata con un codice abbastanza alto. Poi \u00e8 stato scongiurato il peggio nonostante il politrauma riportato.<\/p>\n<p>&nbsp;<\/p>\n\n\t\t\t<style type='text\/css'>\n\t\t\t\t#gallery-1 {\n\t\t\t\t\tmargin: auto;\n\t\t\t\t}\n\t\t\t\t#gallery-1 .gallery-item {\n\t\t\t\t\tfloat: left;\n\t\t\t\t\tmargin-top: 10px;\n\t\t\t\t\ttext-align: center;\n\t\t\t\t\twidth: 33%;\n\t\t\t\t}\n\t\t\t\t#gallery-1 img {\n\t\t\t\t\tborder: 2px solid #cfcfcf;\n\t\t\t\t}\n\t\t\t\t#gallery-1 .gallery-caption {\n\t\t\t\t\tmargin-left: 0;\n\t\t\t\t}\n\t\t\t\t\/* see gallery_shortcode() in wp-includes\/media.php *\/\n\t\t\t<\/style>\n\t\t<div id='gallery-1' class='dt-gallery-container gallery galleryid-292161 gallery-columns-3 gallery-size-thumbnail'><dl class='gallery-item'>\n\t\t\t\t<dt class='gallery-icon landscape'>\n\t\t\t\t\t<a class=\"rollover\" href='https:\/\/www.radiopiu.net\/wordpress\/imbocca-la-strada\/6598e9ac-84d9-47a7-a1ef-8955928c1ba8\/'><img loading=\"lazy\" decoding=\"async\" width=\"150\" height=\"150\" src=\"https:\/\/www.radiopiu.net\/wordpress\/wp-content\/uploads\/2022\/08\/6598e9ac-84d9-47a7-a1ef-8955928c1ba8-150x150.jpg\" class=\"attachment-thumbnail size-thumbnail\" alt=\"\" \/><\/a>\n\t\t\t\t<\/dt><\/dl><dl class='gallery-item'>\n\t\t\t\t<dt class='gallery-icon landscape'>\n\t\t\t\t\t<a class=\"rollover\" href='https:\/\/www.radiopiu.net\/wordpress\/imbocca-la-strada\/fbf3f8c6-f86d-4aca-a7c8-cb037ffd8ba8\/'><img loading=\"lazy\" decoding=\"async\" width=\"150\" height=\"150\" src=\"https:\/\/www.radiopiu.net\/wordpress\/wp-content\/uploads\/2022\/08\/fbf3f8c6-f86d-4aca-a7c8-cb037ffd8ba8-150x150.jpg\" class=\"attachment-thumbnail size-thumbnail\" alt=\"\" \/><\/a>\n\t\t\t\t<\/dt><\/dl><dl class='gallery-item'>\n\t\t\t\t<dt class='gallery-icon landscape'>\n\t\t\t\t\t<a class=\"rollover\" href='https:\/\/www.radiopiu.net\/wordpress\/imbocca-la-strada\/4177477f-7a8c-46f8-bc90-bab68817b29e\/'><img loading=\"lazy\" decoding=\"async\" width=\"150\" height=\"150\" src=\"https:\/\/www.radiopiu.net\/wordpress\/wp-content\/uploads\/2022\/08\/4177477f-7a8c-46f8-bc90-bab68817b29e-150x150.jpg\" class=\"attachment-thumbnail size-thumbnail\" alt=\"\" \/><\/a>\n\t\t\t\t<\/dt><\/dl><br style=\"clear: both\" \/>\n\t\t\t<\/div>\n\n<p>&nbsp;<\/p>\n<p><a class=\"dt-pswp-item\" href=\"https:\/\/www.radiopiu.net\/wordpress\/wp-content\/uploads\/2022\/08\/AAA-13.jpg\" data-dt-img-description=\"\" data-large_image_width=\"450\" data-large_image_height=\"290\"><img loading=\"lazy\" decoding=\"async\" class=\"wp-image-292243 size-full aligncenter\" src=\"https:\/\/www.radiopiu.net\/wordpress\/wp-content\/uploads\/2022\/08\/AAA-13.jpg\" alt=\"\" width=\"450\" height=\"290\" srcset=\"https:\/\/www.radiopiu.net\/wordpress\/wp-content\/uploads\/2022\/08\/AAA-13.jpg 450w, https:\/\/www.radiopiu.net\/wordpress\/wp-content\/uploads\/2022\/08\/AAA-13-300x193.jpg 300w\" sizes=\"auto, (max-width: 450px) 100vw, 450px\" \/><\/a><\/p>\n<p>&nbsp;<\/p>\n<div style=\"width: 848px;\" class=\"wp-video\"><video class=\"wp-video-shortcode\" id=\"video-292161-1\" width=\"848\" height=\"480\" preload=\"metadata\" controls=\"controls\"><source type=\"video\/mp4\" src=\"https:\/\/www.radiopiu.net\/wordpress\/wp-content\/uploads\/2022\/08\/WhatsApp-Video-2022-08-11-at-17.09.14.mp4?_=1\" \/><a href=\"https:\/\/www.radiopiu.net\/wordpress\/wp-content\/uploads\/2022\/08\/WhatsApp-Video-2022-08-11-at-17.09.14.mp4\">https:\/\/www.radiopiu.net\/wordpress\/wp-content\/uploads\/2022\/08\/WhatsApp-Video-2022-08-11-at-17.09.14.mp4<\/a><\/video><\/div>\n<p>&nbsp;<\/p>\n<hr \/>\n<p>&nbsp;<\/p>\n<blockquote>\n<h3 class=\"entry-title\">FREE CLIMBER TEDESCO VOLA DALLA FALESIA<\/h3>\n<\/blockquote>\n<p><strong><a class=\"dt-pswp-item\" href=\"https:\/\/www.radiopiu.net\/wordpress\/wp-content\/uploads\/2022\/08\/salt_20220802_105143_280.jpg\" data-dt-img-description=\"\" data-large_image_width=\"2364\" data-large_image_height=\"1773\"><img loading=\"lazy\" decoding=\"async\" class=\"size-thumbnail wp-image-290574 alignleft\" src=\"https:\/\/www.radiopiu.net\/wordpress\/wp-content\/uploads\/2022\/08\/salt_20220802_105143_280-150x150.jpg\" alt=\"\" width=\"150\" height=\"150\" \/><\/a>CORTINA<\/strong>\u00a0Verso le 11.30 una guida alpina, che aveva assistito al volo, ha lanciato l\u2019allarme per un freeclimber caduto dall\u2019altezza di 3 metri nella falesia Cr\u00e9pe de Uc\u00e8ra. Il 51enne tedesco, che aveva riportato la sospetta frattura di entrambe le caviglie e un sospetto lieve trauma cranico, \u00e8 stato raggiunto da una squadra del Soccorso alpino della Guardia di finanza di Cortina, che gli ha prestato le prime cure. Imbarellato, l\u2019infortunato \u00e8 stato trasportato all\u2019ambulanza che lo ha accompagnato a Fiames, da dove l\u2019elicottero di Dolomiti Emergency \u00e8 decollato in direzione dell\u2019ospedale di Belluno.<\/p>\n<p><strong>CORTINA\u00a0<\/strong>Attorno alle 13 il Soccorso alpino della Guardia di finanza \u00e8 poi intervenuto lungo il sentiero numero 439 che dal Rifugio Averau porta allo Scoiattoli, per un\u2019escursionista 62enne di Venezia che, scivolata su una lastra di roccia bagnata, si era fatta male a una caviglia. La donna, in accordo con la Centrale del Suem, \u00e8 stata trasportata direttamente all\u2019ospedale di Cortina in fuoristrada.<\/p>\n<p><strong>CORTINA<\/strong> Verso le 14.30 di ieri una squadra del Soccorso alpino di Cortina e del Soccorso alpino della Guardia di finanza \u00e8 stata inviata nella zona dove il sentiero 214 in discesa dal Faloria attraversa i ghiaioni, per due escursioniste 34enni di Hong Kong bloccate dalla paura in direzione di Baita Fraina. Dopo averle individuate, i soccorritori hanno raggiunto le due turiste e le hanno riaccompagnate a valle.<\/p>\n<p>&nbsp;<\/p>\n<hr \/>\n<p>&nbsp;<\/p>\n<blockquote>\n<h3>PER TRAUMI ALLA CAVIGLIA, AL POLSO E MALORI, CHIESTO L&#8217;INTERVENTO DELL&#8217;ELICOTTERO<\/h3>\n<\/blockquote>\n<p><strong><a class=\"dt-pswp-item\" href=\"https:\/\/www.radiopiu.net\/wordpress\/wp-content\/uploads\/2022\/08\/salt.jpg\" data-dt-img-description=\"\" data-large_image_width=\"1080\" data-large_image_height=\"1440\"><img loading=\"lazy\" decoding=\"async\" class=\"size-thumbnail wp-image-290403 alignleft\" src=\"https:\/\/www.radiopiu.net\/wordpress\/wp-content\/uploads\/2022\/08\/salt-150x150.jpg\" alt=\"\" width=\"150\" height=\"150\" \/><\/a>CORTINA <\/strong>Ieri verso le 15.20 l&#8217;elicottero di Dolomiti Emergency, alla centesima missione, \u00e8 volato lungo il sentiero 215 che scende dal Lago del Sorapis al Passo Tre Croci, per un escursionista romano di 69 anni che era scivolato riportando un sospetto trauma alla caviglia. Recuperato con un verricello di 30 metri, l&#8217;uomo \u00e8 stato trasportato a Belluno.<\/p>\n<p><strong>CORTINA <\/strong>L&#8217;eliambulanza \u00e8 stata inviata sulla Forcella Grande del Cristallo, dove due ragazzi erano sfiniti, incapaci di proseguire sul sentiero. I due sono stati imbarcati in hovering e portati a valle.<\/p>\n<p>L&#8217;elicottero \u00e8 poi andato nella zona di Mondeval, poich\u00e9, rientrando dopo aver scalato con il compagno la Via Love my dogs sui Lastoni di Formin, messo male un piede sul sentiero, un&#8217;alpinista si era fatta male a una caviglia. Issata a bordo con un verricello, la scalatrice \u00e8 stata portata a Fiames e affidata all&#8217;ambulanza.<\/p>\n<p><strong>LIVINALLONGO<\/strong> L&#8217;eliambulanza ha recuperato un ciclista caduto dalla mountain bike mentre con due amici stava scendendo da Porta Vescovo. L&#8217;uomo, con un sospetto trauma al polso, \u00e8 stato imbarcato con un verricello di 50 metri e trasportato a Belluno.<\/p>\n<p>&nbsp;<\/p>\n<hr \/>\n<p>&nbsp;<\/p>\n<blockquote>\n<h3>TREMA LA TERRA AL CONFINE CON LA PROVINCIA<\/h3>\n<\/blockquote>\n<p><strong>CLAUT<\/strong> Scossa di terremoto alle 4.28 di questa mattina a Claut nel pordenonese alle porte della provincia. Il tremolio avvertito anche nel vicino Cadore. La scossa rilevata da Ingv \u00e8 stata di 2,2 gradi della scala Richeter, ad una profondit\u00e0 di 10 chilometri.<\/p>\n<p>&nbsp;<\/p>\n<p>&nbsp;<\/p>\n<hr \/>\n<p>&nbsp;<\/p>\n<blockquote>\n<h3>L&#8217;ULTIMO SALUTO A EDDY\u00a0 E CRISTIAN<\/h3>\n<\/blockquote>\n<p>&nbsp;<\/p>\n<p><a class=\"dt-pswp-item\" href=\"https:\/\/www.radiopiu.net\/wordpress\/wp-content\/uploads\/2022\/08\/aaaaaaa.jpg\" data-dt-img-description=\"\" data-large_image_width=\"523\" data-large_image_height=\"319\"><img loading=\"lazy\" decoding=\"async\" class=\"wp-image-292427 size-full aligncenter\" src=\"https:\/\/www.radiopiu.net\/wordpress\/wp-content\/uploads\/2022\/08\/aaaaaaa.jpg\" alt=\"\" width=\"523\" height=\"319\" srcset=\"https:\/\/www.radiopiu.net\/wordpress\/wp-content\/uploads\/2022\/08\/aaaaaaa.jpg 523w, https:\/\/www.radiopiu.net\/wordpress\/wp-content\/uploads\/2022\/08\/aaaaaaa-300x183.jpg 300w\" sizes=\"auto, (max-width: 523px) 100vw, 523px\" \/><\/a><\/p>\n<p><strong>QUERO<\/strong> Cristian &#8220;Icia&#8221; Bagatella \u00e8 mancato a soli\u00a0 45 anni, consumato dalla malattia che lo aveva colpito pochi mesi fa. Era un ragazzo splendido conosciuto e apprezzato da tutti. I funerali sono stati fissati per domani alle 10,30 nell&#8217;arcipretale di Quero. Sono stati celebrati ieri pomeriggio ad Alano i funerali di Eddy Antonio Heredia Zenon &#8220;Junior&#8221;, 34 anni, scomparso il 9 giugno scorso a New York, dove si era trasferito da anni partendo da Fener. Il giovane, padre di tre figli, lascia anche la mamma che vive ad Alano<\/p>\n<p>&nbsp;<\/p>\n<hr \/>\n<p>&nbsp;<\/p>\n<blockquote>\n<h3>UN GRANDE LAVORATORE E IMPRENDITORE ILLUMINATO<\/h3>\n<\/blockquote>\n<p><strong><a class=\"dt-pswp-item\" href=\"https:\/\/www.radiopiu.net\/wordpress\/wp-content\/uploads\/2022\/08\/aaaaaaaaaa.jpg\" data-dt-img-description=\"\" data-large_image_width=\"544\" data-large_image_height=\"432\"><img loading=\"lazy\" decoding=\"async\" class=\"size-thumbnail wp-image-292430 alignleft\" src=\"https:\/\/www.radiopiu.net\/wordpress\/wp-content\/uploads\/2022\/08\/aaaaaaaaaa-150x150.jpg\" alt=\"\" width=\"150\" height=\"150\" \/><\/a>DOMEGGE DI CADORE\u00a0<\/strong> Se ne \u00e8 andato un altro dei capitani d&#8217;industria che hanno fatto grande il nome del Cadore nell&#8217;ambito dell&#8217;occhialeria mondiale. E&#8217; morto Renato Valmassoi, 80 anni, nativo di Domegge, fondatore della Trevi Coliseum che ha raggiunto nel 2021 i 50 anni di attivit\u00e0. Un&#8217;azienda di 40 dipendenti che guardava costantemente al futuro, a nuovi materiali ecocompatibili, a nuovi mercati. Lascia la moglie Francesca ed i figli Andrea e Michela,\u00a0spetta a loro\u00a0 portare avanti il sogno imprenditoriale del pap\u00e0. Renato Valmassoi era stato anche consigliere di giunta di Confindustria Belluno Dolomiti con la presidenza di Gian Domenico Cappellaro, in rappresentanza del settore dell&#8217;occhialeria.<\/p>\n<p>&nbsp;<\/p>\n<p>&nbsp;<\/p>\n<p>&nbsp;<\/p>\n<hr \/>\n<blockquote>\n<h3><\/h3>\n<h3>UN ANNO SENZA TONINO IL FOTOGRAFO DELL&#8217;ALLEGHE HOCKEY, OGGI IL RICORDO<\/h3>\n<\/blockquote>\n<p><strong><img decoding=\"async\" class=\"\" src=\"https:\/\/www.radiopiu.net\/wordpress\/wp-content\/uploads\/2021\/08\/736539_108033322704119_1334807867_o.jpg\" \/> <\/strong><\/p>\n<p><strong>BELLUNO<\/strong>\u00a0<em> &#8220;Bocia, siamo in tanti oggi a ricordarti. Siamo tutti qui: familiari, parenti, amici, colleghi, clienti e chi, anche se solamente per un istante, ha avuto la fortuna di conoscerti. Si, perch\u00e9 la tua presenza era forte e sinceramente vera&#8221;.<\/em> Inizia cos\u00ec il ricordo degli amici di Tonino Zampieri, scomparso un anno fa in un incidente in montagna. Oggi alle 18.30 sar\u00e0 celebrata una messa da don Ottone nella chiesa di Levego-Sagrogna. \u00abUn anno senza te,\u00a0 31 milioni e 536 mila secondi. Solamente numeri, si, ma racchiudono e rappresentano il tempo che avresti dedicato a ognuno di noi. Tonino, che ci manchi ogni singolo secondo.<em> Grazie Tonino, maestro di condivisione, per quello che in terra sei stato, hai fatto e ti sei donato\u00bb.\u00a0\u00a0<\/em><\/p>\n<p>&nbsp;<\/p>\n<hr \/>\n<p>&nbsp;<\/p>\n<blockquote>\n<h3>NO ALLA PISTA DA BOB A CORTINA, L&#8217;AUSTRIA APRE LE PORTE MA NESSUNO HA SUONATO IL CAMPANELLO<\/h3>\n<p><em>La Regione Veneto ha\u00a0 sempre dichiarato di voler realizzare l&#8217;impianto a Cortina, anche se molto pi\u00f9 costoso e non troppo gradito al Comitato Olimpico internazionale.<\/em><\/p><\/blockquote>\n<p><strong><a class=\"dt-pswp-item\" href=\"https:\/\/www.radiopiu.net\/wordpress\/wp-content\/uploads\/2021\/04\/cortina_guide_bob-1.jpg\" data-dt-img-description=\"\" data-large_image_width=\"600\" data-large_image_height=\"300\"><img loading=\"lazy\" decoding=\"async\" class=\"size-thumbnail wp-image-204667 alignleft\" src=\"https:\/\/www.radiopiu.net\/wordpress\/wp-content\/uploads\/2021\/04\/cortina_guide_bob-1-150x150.jpg\" alt=\"\" width=\"150\" height=\"150\" \/><\/a>CORTINA<\/strong> \u00a0Innsbruck, in Austria si dichiara pronta ad ospitare le gare di bob, slittino e skeleton, dei Giochi olimpici invernali Milano Cortina 2026.\u00a0 Lo ha detto la consigliera comunale Roberta de Zanna ieri, in piazza. Ma\u00a0 in Austria non hanno mai ricevuto contatti dalla Regione Veneto. La presidente del comitato civico Marina Menardi ha elencato i numeri: costi per 85 milioni di euro, con la Regione Veneto che ne ha impegnati 62, quindi ne mancano\u00a0 232 di milioni.\u00a0 \u00a0Il gestore austriaco:<em> \u00ab\u00c8 in corso una ristrutturazione generale della pista e di tutti gli edifici, i lavori saranno eseguiti nel 2023-2024, la conclusione \u00e8 prevista prima dell&#8217;inizio della stagione 2024\/2025\u00bb<\/em>. Per quella data (dicembre 2024) dovr\u00e0 essere pronta anche la pista di Cortina, per la quale \u00e8 stato redatto solo il progetto di fattibilit\u00e0. Il vicegovernatore del Tirolo, Josef Geisler <em>\u00abFinora non ci sono state richieste di informazioni sull&#8217;uso della pista di Igls\u00bb<\/em>.<\/p>\n<p>&nbsp;<\/p>\n<hr \/>\n<p>&nbsp;<\/p>\n<blockquote>\n<h3>A PONTE NELLE ALPI UN MILIONE DI EURO PER GLI EVENTI CALAMITOSI DEL 2020<\/h3>\n<\/blockquote>\n<p><strong>PONTE NELLE ALPI\u00a0 <\/strong>Un milione di euro al Comune\u00a0 per gli eventi calamitosi del 29 agosto 2020. Era stato divelto il tendone del PalaMares e provocato danni alla struttura dello stadio, oltre ad altre pertinenze nella stessa area e a Polpet. Senza considerare l\u2019allargamento del sottopasso.\u00a0 <em>&#8220;Esprimiamo soddisfazione per questo fondamentale contributo che ci permette di sistemare il sottopasso di Nuova Erto e di riqualificare l\u2019area del piazzale stadio interessata dal piano comunale di Protezione civile&#8221; <\/em>\u00a0ha affermato il sindaco Paolo Vendramini .<\/p>\n\n\t\t\t<style type='text\/css'>\n\t\t\t\t#gallery-2 {\n\t\t\t\t\tmargin: auto;\n\t\t\t\t}\n\t\t\t\t#gallery-2 .gallery-item {\n\t\t\t\t\tfloat: left;\n\t\t\t\t\tmargin-top: 10px;\n\t\t\t\t\ttext-align: center;\n\t\t\t\t\twidth: 50%;\n\t\t\t\t}\n\t\t\t\t#gallery-2 img {\n\t\t\t\t\tborder: 2px solid #cfcfcf;\n\t\t\t\t}\n\t\t\t\t#gallery-2 .gallery-caption {\n\t\t\t\t\tmargin-left: 0;\n\t\t\t\t}\n\t\t\t\t\/* see gallery_shortcode() in wp-includes\/media.php *\/\n\t\t\t<\/style>\n\t\t<div id='gallery-2' class='dt-gallery-container gallery galleryid-292161 gallery-columns-2 gallery-size-thumbnail'><dl class='gallery-item'>\n\t\t\t\t<dt class='gallery-icon landscape'>\n\t\t\t\t\t<a class=\"rollover rollover-zoom dt-pswp-item\" title=\"Sottopasso\" data-dt-img-description=\"\" data-large_image_width=\"1024\" data-large_image_height=\"768\"href='https:\/\/www.radiopiu.net\/wordpress\/wp-content\/uploads\/2022\/08\/Sottopasso.jpg'><img loading=\"lazy\" decoding=\"async\" width=\"150\" height=\"150\" src=\"https:\/\/www.radiopiu.net\/wordpress\/wp-content\/uploads\/2022\/08\/Sottopasso-150x150.jpg\" class=\"attachment-thumbnail size-thumbnail\" alt=\"\" \/><\/a>\n\t\t\t\t<\/dt><\/dl><dl class='gallery-item'>\n\t\t\t\t<dt class='gallery-icon landscape'>\n\t\t\t\t\t<a class=\"rollover rollover-zoom dt-pswp-item\" title=\"PalaMares\" data-dt-img-description=\"\" data-large_image_width=\"1024\" data-large_image_height=\"768\"href='https:\/\/www.radiopiu.net\/wordpress\/wp-content\/uploads\/2022\/08\/PalaMares.jpg'><img loading=\"lazy\" decoding=\"async\" width=\"150\" height=\"150\" src=\"https:\/\/www.radiopiu.net\/wordpress\/wp-content\/uploads\/2022\/08\/PalaMares-150x150.jpg\" class=\"attachment-thumbnail size-thumbnail\" alt=\"\" \/><\/a>\n\t\t\t\t<\/dt><\/dl><br style=\"clear: both\" \/>\n\t\t\t<\/div>\n\n<p>&nbsp;<\/p>\n<p>&nbsp;<\/p>\n<hr \/>\n<p>&nbsp;<\/p>\n<blockquote>\n<h3>30 MILA EURO PER L&#8217;ASSESTAMENTO DI BILANCIO DI LA VALLE<\/h3>\n<\/blockquote>\n<p><strong><a class=\"dt-pswp-item\" href=\"https:\/\/www.radiopiu.net\/wordpress\/wp-content\/uploads\/2019\/05\/LA-VALLE-EZIO-ZUANEL.jpeg\" data-dt-img-description=\"\" data-large_image_width=\"1600\" data-large_image_height=\"901\"><img loading=\"lazy\" decoding=\"async\" class=\"size-thumbnail wp-image-86466 alignleft\" src=\"https:\/\/www.radiopiu.net\/wordpress\/wp-content\/uploads\/2019\/05\/LA-VALLE-EZIO-ZUANEL-150x150.jpeg\" alt=\"\" width=\"150\" height=\"150\" \/><\/a>LA VALLE<\/strong><\/p>\n<p>di Gianni Santomaso<\/p>\n<audio class=\"wp-audio-shortcode\" id=\"audio-292161-1\" preload=\"none\" style=\"width: 100%;\" controls=\"controls\"><source type=\"audio\/mpeg\" src=\"https:\/\/www.radiopiu.net\/wordpress\/wp-content\/uploads\/2022\/08\/GIANNI-ALTRI-30-MILA-EURO-PER-LASSESTAMENTO-DI-BILANCIO-DI-LA-VALLE.mp3?_=1\" \/><a href=\"https:\/\/www.radiopiu.net\/wordpress\/wp-content\/uploads\/2022\/08\/GIANNI-ALTRI-30-MILA-EURO-PER-LASSESTAMENTO-DI-BILANCIO-DI-LA-VALLE.mp3\">https:\/\/www.radiopiu.net\/wordpress\/wp-content\/uploads\/2022\/08\/GIANNI-ALTRI-30-MILA-EURO-PER-LASSESTAMENTO-DI-BILANCIO-DI-LA-VALLE.mp3<\/a><\/audio>\n<p>&nbsp;<\/p>\n<hr \/>\n<p>&nbsp;<\/p>\n<blockquote>\n<h3>PRENDE VITA LA VARIANTE DI VALCOZZENA<\/h3>\n<\/blockquote>\n<p><strong>AGORDO<\/strong> Un agosto al lavoro per gli operai della ditta\u00a0 De Pra\u00a0 \u00a0che sta lavorando in frazione Valcozzena per realizzare la variante alla viabilit\u00e0. Inizia a prendere vita la nuova strada vicino allo stabilimento Luxottica di Agordo. Si lavora a pieno ritmo per confermare le tempistiche di consegna dell&#8217;opera.<\/p>\n\n\t\t\t<style type='text\/css'>\n\t\t\t\t#gallery-3 {\n\t\t\t\t\tmargin: auto;\n\t\t\t\t}\n\t\t\t\t#gallery-3 .gallery-item {\n\t\t\t\t\tfloat: left;\n\t\t\t\t\tmargin-top: 10px;\n\t\t\t\t\ttext-align: center;\n\t\t\t\t\twidth: 33%;\n\t\t\t\t}\n\t\t\t\t#gallery-3 img {\n\t\t\t\t\tborder: 2px solid #cfcfcf;\n\t\t\t\t}\n\t\t\t\t#gallery-3 .gallery-caption {\n\t\t\t\t\tmargin-left: 0;\n\t\t\t\t}\n\t\t\t\t\/* see gallery_shortcode() in wp-includes\/media.php *\/\n\t\t\t<\/style>\n\t\t<div id='gallery-3' class='dt-gallery-container gallery galleryid-292161 gallery-columns-3 gallery-size-thumbnail'><dl class='gallery-item'>\n\t\t\t\t<dt class='gallery-icon landscape'>\n\t\t\t\t\t<a class=\"rollover rollover-zoom dt-pswp-item\" title=\"cdfe4c1b-1ae0-4707-8f2c-4e4d3c85639f\" data-dt-img-description=\"\" data-large_image_width=\"2048\" data-large_image_height=\"1536\"href='https:\/\/www.radiopiu.net\/wordpress\/wp-content\/uploads\/2022\/08\/cdfe4c1b-1ae0-4707-8f2c-4e4d3c85639f.jpg'><img loading=\"lazy\" decoding=\"async\" width=\"150\" height=\"150\" src=\"https:\/\/www.radiopiu.net\/wordpress\/wp-content\/uploads\/2022\/08\/cdfe4c1b-1ae0-4707-8f2c-4e4d3c85639f-150x150.jpg\" class=\"attachment-thumbnail size-thumbnail\" alt=\"\" \/><\/a>\n\t\t\t\t<\/dt><\/dl><dl class='gallery-item'>\n\t\t\t\t<dt class='gallery-icon landscape'>\n\t\t\t\t\t<a class=\"rollover rollover-zoom dt-pswp-item\" title=\"4f22756c-fc79-49c7-820c-78e56016bbb8\" data-dt-img-description=\"\" data-large_image_width=\"2048\" data-large_image_height=\"1536\"href='https:\/\/www.radiopiu.net\/wordpress\/wp-content\/uploads\/2022\/08\/4f22756c-fc79-49c7-820c-78e56016bbb8.jpg'><img loading=\"lazy\" decoding=\"async\" width=\"150\" height=\"150\" src=\"https:\/\/www.radiopiu.net\/wordpress\/wp-content\/uploads\/2022\/08\/4f22756c-fc79-49c7-820c-78e56016bbb8-150x150.jpg\" class=\"attachment-thumbnail size-thumbnail\" alt=\"\" \/><\/a>\n\t\t\t\t<\/dt><\/dl><dl class='gallery-item'>\n\t\t\t\t<dt class='gallery-icon landscape'>\n\t\t\t\t\t<a class=\"rollover rollover-zoom dt-pswp-item\" title=\"fa4fbc62-bcf4-4abb-9ca2-d734353dc61a\" data-dt-img-description=\"\" data-large_image_width=\"2048\" data-large_image_height=\"1536\"href='https:\/\/www.radiopiu.net\/wordpress\/wp-content\/uploads\/2022\/08\/fa4fbc62-bcf4-4abb-9ca2-d734353dc61a.jpg'><img loading=\"lazy\" decoding=\"async\" width=\"150\" height=\"150\" src=\"https:\/\/www.radiopiu.net\/wordpress\/wp-content\/uploads\/2022\/08\/fa4fbc62-bcf4-4abb-9ca2-d734353dc61a-150x150.jpg\" class=\"attachment-thumbnail size-thumbnail\" alt=\"\" \/><\/a>\n\t\t\t\t<\/dt><\/dl><br style=\"clear: both\" \/><dl class='gallery-item'>\n\t\t\t\t<dt class='gallery-icon landscape'>\n\t\t\t\t\t<a class=\"rollover rollover-zoom dt-pswp-item\" title=\"9bc5cc0c-9021-4743-8090-a9a317b531e2\" data-dt-img-description=\"\" data-large_image_width=\"2048\" data-large_image_height=\"1536\"href='https:\/\/www.radiopiu.net\/wordpress\/wp-content\/uploads\/2022\/08\/9bc5cc0c-9021-4743-8090-a9a317b531e2.jpg'><img loading=\"lazy\" decoding=\"async\" width=\"150\" height=\"150\" src=\"https:\/\/www.radiopiu.net\/wordpress\/wp-content\/uploads\/2022\/08\/9bc5cc0c-9021-4743-8090-a9a317b531e2-150x150.jpg\" class=\"attachment-thumbnail size-thumbnail\" alt=\"\" \/><\/a>\n\t\t\t\t<\/dt><\/dl><dl class='gallery-item'>\n\t\t\t\t<dt class='gallery-icon landscape'>\n\t\t\t\t\t<a class=\"rollover rollover-zoom dt-pswp-item\" title=\"4e6ff03c-250e-4ad4-a652-4cd68ae3ebe1\" data-dt-img-description=\"\" data-large_image_width=\"2048\" data-large_image_height=\"1536\"href='https:\/\/www.radiopiu.net\/wordpress\/wp-content\/uploads\/2022\/08\/4e6ff03c-250e-4ad4-a652-4cd68ae3ebe1.jpg'><img loading=\"lazy\" decoding=\"async\" width=\"150\" height=\"150\" src=\"https:\/\/www.radiopiu.net\/wordpress\/wp-content\/uploads\/2022\/08\/4e6ff03c-250e-4ad4-a652-4cd68ae3ebe1-150x150.jpg\" class=\"attachment-thumbnail size-thumbnail\" alt=\"\" \/><\/a>\n\t\t\t\t<\/dt><\/dl><dl class='gallery-item'>\n\t\t\t\t<dt class='gallery-icon portrait'>\n\t\t\t\t\t<a class=\"rollover rollover-zoom dt-pswp-item\" title=\"c9e110d8-3ae8-4c2f-bfeb-7d57a84d59f1\" data-dt-img-description=\"\" data-large_image_width=\"1536\" data-large_image_height=\"2048\"href='https:\/\/www.radiopiu.net\/wordpress\/wp-content\/uploads\/2022\/08\/c9e110d8-3ae8-4c2f-bfeb-7d57a84d59f1.jpg'><img loading=\"lazy\" decoding=\"async\" width=\"150\" height=\"150\" src=\"https:\/\/www.radiopiu.net\/wordpress\/wp-content\/uploads\/2022\/08\/c9e110d8-3ae8-4c2f-bfeb-7d57a84d59f1-150x150.jpg\" class=\"attachment-thumbnail size-thumbnail\" alt=\"\" \/><\/a>\n\t\t\t\t<\/dt><\/dl><br style=\"clear: both\" \/>\n\t\t\t<\/div>\n\n<p>&nbsp;<\/p>\n<hr \/>\n<p>&nbsp;<\/p>\n<blockquote>\n<h3>LA PREMIAZIONE DEL CONCORSO FOTOGRAFICO &#8220;I SOCCORSI DI FALCO&#8221;<\/h3>\n<\/blockquote>\n<p><strong>PIEVE DI CADORE <\/strong>168 foto per festeggiare FALCO, a una settimana dall\u2019inaugurazione della sua nuova casa. Questa mattina alla base HEMS di Pieve di Cadore: alla presenza del Sindaco Giuseppe Casagrande e del Delegato del Soccorso Alpino Alex Barattin, sono state premiate le 10 foto vincitrici del concorso fotografico \u201cI soccorsi di Falco\u201d, promosso da Ulss Dolomiti in collaborazione con il Comune di Pieve di Cadore e il Soccorso Alpino Dolomiti Bellunesi. Le dieci foto sono state stampate in formato quadro per arredare la nuova base HEMS di Pieve di Cadore, inaugurata lo scorso 4 agosto.<\/p>\n<p><strong>BARBARA PAOLAZZI, RADIO CLUB 103<\/strong><\/p>\n<audio class=\"wp-audio-shortcode\" id=\"audio-292161-2\" preload=\"none\" style=\"width: 100%;\" controls=\"controls\"><source type=\"audio\/mpeg\" src=\"https:\/\/www.radiopiu.net\/wordpress\/wp-content\/uploads\/2022\/08\/BARBARA-PAOLAZZI-PREMIO-PIEVE.mp3?_=2\" \/><a href=\"https:\/\/www.radiopiu.net\/wordpress\/wp-content\/uploads\/2022\/08\/BARBARA-PAOLAZZI-PREMIO-PIEVE.mp3\">https:\/\/www.radiopiu.net\/wordpress\/wp-content\/uploads\/2022\/08\/BARBARA-PAOLAZZI-PREMIO-PIEVE.mp3<\/a><\/audio>\n<p>&nbsp;<\/p>\n<p><strong>LE INTERVISTE DI BARBARA PAOLAZZI<\/strong><\/p>\n<p><strong>MARIA CATERINA DE MARCO, DIRETTORE SANITARIO<\/strong><\/p>\n<audio class=\"wp-audio-shortcode\" id=\"audio-292161-3\" preload=\"none\" style=\"width: 100%;\" controls=\"controls\"><source type=\"audio\/mpeg\" src=\"https:\/\/www.radiopiu.net\/wordpress\/wp-content\/uploads\/2022\/08\/MARIA-CATERINA-DE-MARCO-DIRETTORE-SANITARIO.mp3?_=3\" \/><a href=\"https:\/\/www.radiopiu.net\/wordpress\/wp-content\/uploads\/2022\/08\/MARIA-CATERINA-DE-MARCO-DIRETTORE-SANITARIO.mp3\">https:\/\/www.radiopiu.net\/wordpress\/wp-content\/uploads\/2022\/08\/MARIA-CATERINA-DE-MARCO-DIRETTORE-SANITARIO.mp3<\/a><\/audio>\n<p>&nbsp;<\/p>\n<p><strong>ALEX BARATTIN, RESPONSABILE DEL SOCCORSO ALPINO BELLUNESE<\/strong><\/p>\n<audio class=\"wp-audio-shortcode\" id=\"audio-292161-4\" preload=\"none\" style=\"width: 100%;\" controls=\"controls\"><source type=\"audio\/mpeg\" src=\"https:\/\/www.radiopiu.net\/wordpress\/wp-content\/uploads\/2022\/08\/ALEX-BARATTIN-RESPONSABILE-DEL-SOCCORSO-ALPINO-BELLUNESE.mp3?_=4\" \/><a href=\"https:\/\/www.radiopiu.net\/wordpress\/wp-content\/uploads\/2022\/08\/ALEX-BARATTIN-RESPONSABILE-DEL-SOCCORSO-ALPINO-BELLUNESE.mp3\">https:\/\/www.radiopiu.net\/wordpress\/wp-content\/uploads\/2022\/08\/ALEX-BARATTIN-RESPONSABILE-DEL-SOCCORSO-ALPINO-BELLUNESE.mp3<\/a><\/audio>\n<p>&nbsp;<\/p>\n\n\t\t\t<style type='text\/css'>\n\t\t\t\t#gallery-4 {\n\t\t\t\t\tmargin: auto;\n\t\t\t\t}\n\t\t\t\t#gallery-4 .gallery-item {\n\t\t\t\t\tfloat: left;\n\t\t\t\t\tmargin-top: 10px;\n\t\t\t\t\ttext-align: center;\n\t\t\t\t\twidth: 20%;\n\t\t\t\t}\n\t\t\t\t#gallery-4 img {\n\t\t\t\t\tborder: 2px solid #cfcfcf;\n\t\t\t\t}\n\t\t\t\t#gallery-4 .gallery-caption {\n\t\t\t\t\tmargin-left: 0;\n\t\t\t\t}\n\t\t\t\t\/* see gallery_shortcode() in wp-includes\/media.php *\/\n\t\t\t<\/style>\n\t\t<div id='gallery-4' class='dt-gallery-container gallery galleryid-292161 gallery-columns-5 gallery-size-thumbnail'><dl class='gallery-item'>\n\t\t\t\t<dt class='gallery-icon landscape'>\n\t\t\t\t\t<a class=\"rollover\" href='https:\/\/www.radiopiu.net\/wordpress\/la-premiazione-del-concorso-fotografico-i-soccorsi-di-falco\/1_betto-alberto\/'><img loading=\"lazy\" decoding=\"async\" width=\"150\" height=\"150\" src=\"https:\/\/www.radiopiu.net\/wordpress\/wp-content\/uploads\/2022\/08\/1_Betto-Alberto-150x150.jpg\" class=\"attachment-thumbnail size-thumbnail\" alt=\"\" aria-describedby=\"gallery-4-292277\" \/><\/a>\n\t\t\t\t<\/dt>\n\t\t\t\t\t<dd class='wp-caption-text gallery-caption' id='gallery-4-292277'>\n\t\t\t\t\t1\u00b0 ALBERTO BETTO\n\t\t\t\t\t<\/dd><\/dl><dl class='gallery-item'>\n\t\t\t\t<dt class='gallery-icon landscape'>\n\t\t\t\t\t<a class=\"rollover\" href='https:\/\/www.radiopiu.net\/wordpress\/la-premiazione-del-concorso-fotografico-i-soccorsi-di-falco\/1_ghizzo_claudio\/'><img loading=\"lazy\" decoding=\"async\" width=\"150\" height=\"150\" src=\"https:\/\/www.radiopiu.net\/wordpress\/wp-content\/uploads\/2022\/08\/1_Ghizzo_Claudio-150x150.jpg\" class=\"attachment-thumbnail size-thumbnail\" alt=\"\" aria-describedby=\"gallery-4-292278\" \/><\/a>\n\t\t\t\t<\/dt>\n\t\t\t\t\t<dd class='wp-caption-text gallery-caption' id='gallery-4-292278'>\n\t\t\t\t\t1\u00b0 CLAUDIO GHIZZO\n\t\t\t\t\t<\/dd><\/dl><dl class='gallery-item'>\n\t\t\t\t<dt class='gallery-icon landscape'>\n\t\t\t\t\t<a class=\"rollover\" href='https:\/\/www.radiopiu.net\/wordpress\/la-premiazione-del-concorso-fotografico-i-soccorsi-di-falco\/1-a_andreon_diego\/'><img loading=\"lazy\" decoding=\"async\" width=\"150\" height=\"150\" src=\"https:\/\/www.radiopiu.net\/wordpress\/wp-content\/uploads\/2022\/08\/1.a_Andreon_Diego-150x150.jpg\" class=\"attachment-thumbnail size-thumbnail\" alt=\"\" aria-describedby=\"gallery-4-292279\" \/><\/a>\n\t\t\t\t<\/dt>\n\t\t\t\t\t<dd class='wp-caption-text gallery-caption' id='gallery-4-292279'>\n\t\t\t\t\t1\u00b0 DIEGO ANDREON\n\t\t\t\t\t<\/dd><\/dl><dl class='gallery-item'>\n\t\t\t\t<dt class='gallery-icon landscape'>\n\t\t\t\t\t<a class=\"rollover\" href='https:\/\/www.radiopiu.net\/wordpress\/la-premiazione-del-concorso-fotografico-i-soccorsi-di-falco\/1-b_andreon_diego\/'><img loading=\"lazy\" decoding=\"async\" width=\"150\" height=\"150\" src=\"https:\/\/www.radiopiu.net\/wordpress\/wp-content\/uploads\/2022\/08\/1.b_Andreon_Diego-150x150.jpg\" class=\"attachment-thumbnail size-thumbnail\" alt=\"\" aria-describedby=\"gallery-4-292280\" \/><\/a>\n\t\t\t\t<\/dt>\n\t\t\t\t\t<dd class='wp-caption-text gallery-caption' id='gallery-4-292280'>\n\t\t\t\t\t1\u00b0 DIEGO ANDREON\n\t\t\t\t\t<\/dd><\/dl><dl class='gallery-item'>\n\t\t\t\t<dt class='gallery-icon landscape'>\n\t\t\t\t\t<a class=\"rollover\" href='https:\/\/www.radiopiu.net\/wordpress\/la-premiazione-del-concorso-fotografico-i-soccorsi-di-falco\/2_campo_nicola\/'><img loading=\"lazy\" decoding=\"async\" width=\"150\" height=\"150\" src=\"https:\/\/www.radiopiu.net\/wordpress\/wp-content\/uploads\/2022\/08\/2_Campo_Nicola-150x150.jpg\" class=\"attachment-thumbnail size-thumbnail\" alt=\"\" aria-describedby=\"gallery-4-292281\" \/><\/a>\n\t\t\t\t<\/dt>\n\t\t\t\t\t<dd class='wp-caption-text gallery-caption' id='gallery-4-292281'>\n\t\t\t\t\t2\u00b0 NICOLA CAMPO\n\t\t\t\t\t<\/dd><\/dl><br style=\"clear: both\" \/><dl class='gallery-item'>\n\t\t\t\t<dt class='gallery-icon landscape'>\n\t\t\t\t\t<a class=\"rollover\" href='https:\/\/www.radiopiu.net\/wordpress\/la-premiazione-del-concorso-fotografico-i-soccorsi-di-falco\/3_betto-alberto\/'><img loading=\"lazy\" decoding=\"async\" width=\"150\" height=\"150\" src=\"https:\/\/www.radiopiu.net\/wordpress\/wp-content\/uploads\/2022\/08\/3_Betto-Alberto-150x150.jpg\" class=\"attachment-thumbnail size-thumbnail\" alt=\"\" aria-describedby=\"gallery-4-292282\" \/><\/a>\n\t\t\t\t<\/dt>\n\t\t\t\t\t<dd class='wp-caption-text gallery-caption' id='gallery-4-292282'>\n\t\t\t\t\t3\u00b0 ALBERTO BETTO\n\t\t\t\t\t<\/dd><\/dl><dl class='gallery-item'>\n\t\t\t\t<dt class='gallery-icon landscape'>\n\t\t\t\t\t<a class=\"rollover\" href='https:\/\/www.radiopiu.net\/wordpress\/la-premiazione-del-concorso-fotografico-i-soccorsi-di-falco\/3_bortoletto_matteo\/'><img loading=\"lazy\" decoding=\"async\" width=\"150\" height=\"150\" src=\"https:\/\/www.radiopiu.net\/wordpress\/wp-content\/uploads\/2022\/08\/3_Bortoletto_Matteo-150x150.jpg\" class=\"attachment-thumbnail size-thumbnail\" alt=\"\" aria-describedby=\"gallery-4-292283\" \/><\/a>\n\t\t\t\t<\/dt>\n\t\t\t\t\t<dd class='wp-caption-text gallery-caption' id='gallery-4-292283'>\n\t\t\t\t\t3\u00b0 MATTEO BORTOLETTO\n\t\t\t\t\t<\/dd><\/dl><dl class='gallery-item'>\n\t\t\t\t<dt class='gallery-icon landscape'>\n\t\t\t\t\t<a class=\"rollover\" href='https:\/\/www.radiopiu.net\/wordpress\/la-premiazione-del-concorso-fotografico-i-soccorsi-di-falco\/3_campo_nicola\/'><img loading=\"lazy\" decoding=\"async\" width=\"150\" height=\"150\" src=\"https:\/\/www.radiopiu.net\/wordpress\/wp-content\/uploads\/2022\/08\/3_Campo_Nicola-150x150.jpg\" class=\"attachment-thumbnail size-thumbnail\" alt=\"\" aria-describedby=\"gallery-4-292284\" \/><\/a>\n\t\t\t\t<\/dt>\n\t\t\t\t\t<dd class='wp-caption-text gallery-caption' id='gallery-4-292284'>\n\t\t\t\t\t3\u00b0 NICOLA CAMPO\n\t\t\t\t\t<\/dd><\/dl><dl class='gallery-item'>\n\t\t\t\t<dt class='gallery-icon landscape'>\n\t\t\t\t\t<a class=\"rollover\" href='https:\/\/www.radiopiu.net\/wordpress\/la-premiazione-del-concorso-fotografico-i-soccorsi-di-falco\/3_sommariva_sandra\/'><img loading=\"lazy\" decoding=\"async\" width=\"150\" height=\"150\" src=\"https:\/\/www.radiopiu.net\/wordpress\/wp-content\/uploads\/2022\/08\/3_Sommariva_Sandra-150x150.jpg\" class=\"attachment-thumbnail size-thumbnail\" alt=\"\" aria-describedby=\"gallery-4-292285\" \/><\/a>\n\t\t\t\t<\/dt>\n\t\t\t\t\t<dd class='wp-caption-text gallery-caption' id='gallery-4-292285'>\n\t\t\t\t\t3\u00b0 SANDRA SOMMARIVA\n\t\t\t\t\t<\/dd><\/dl><dl class='gallery-item'>\n\t\t\t\t<dt class='gallery-icon landscape'>\n\t\t\t\t\t<a class=\"rollover\" href='https:\/\/www.radiopiu.net\/wordpress\/la-premiazione-del-concorso-fotografico-i-soccorsi-di-falco\/3_zardini_alessandro\/'><img loading=\"lazy\" decoding=\"async\" width=\"150\" height=\"150\" src=\"https:\/\/www.radiopiu.net\/wordpress\/wp-content\/uploads\/2022\/08\/3_Zardini_Alessandro-150x150.jpg\" class=\"attachment-thumbnail size-thumbnail\" alt=\"\" aria-describedby=\"gallery-4-292286\" \/><\/a>\n\t\t\t\t<\/dt>\n\t\t\t\t\t<dd class='wp-caption-text gallery-caption' id='gallery-4-292286'>\n\t\t\t\t\t3\u00b0 ALESSANDRO ZARDINI\n\t\t\t\t\t<\/dd><\/dl><br style=\"clear: both\" \/>\n\t\t\t<\/div>\n\n<p>&nbsp;<\/p>\n<hr \/>\n<p>&nbsp;<\/p>\n<blockquote>\n<h3>DILLO A RADIO PIU&#8217;&#8230;. IL CALVARIO DOPO L&#8217;IMPEGNATIVA<\/h3>\n<\/blockquote>\n<p><strong><a class=\"dt-pswp-item\" href=\"https:\/\/www.radiopiu.net\/wordpress\/wp-content\/uploads\/2022\/08\/cee500db-acad-4454-8b8b-488670b9dda6.jpg\" data-dt-img-description=\"\" data-large_image_width=\"474\" data-large_image_height=\"316\"><img loading=\"lazy\" decoding=\"async\" class=\"size-thumbnail wp-image-292314 alignleft\" src=\"https:\/\/www.radiopiu.net\/wordpress\/wp-content\/uploads\/2022\/08\/cee500db-acad-4454-8b8b-488670b9dda6-150x150.jpg\" alt=\"\" width=\"150\" height=\"150\" \/><\/a>REDAZIONE<\/strong> Riceviamo e pubblichiamo una segnalazione arrivata in radio da una nostra ascoltatore.<\/p>\n<blockquote><p><em>Orbene, sono arrivate le telecamere di Report all&#8217;ospedale di Agordo, credo tutti ne abbiano parlato bene, almeno immagino, nessuno sputa su ci\u00f2 che mangia, ma vorrei raccontare ora ci\u00f2 che succede realmente. Vertebra rotta, busto per tre mesi, poi avrei dovuto fare subito la fisiokinesiterapia e l&#8217;impegnativa scriveva entro 10 giorni. Ho telefonato per prenotare la visita fisiatrica data che mi hanno dato per il 04\/10\/2022, ma bellissima notizia: a Cortina 3 giorni prima. Ho chiesto una visita privata ovviamente, come si usa ormai in Italia, ma nessuno negli ospedali bellunesi fa visite private. Come dire, tieni duro che prima o poi arriviamo. Questa \u00e8 la mia triste storia, ma soprattutto quella del nostro Ospedale.<\/em><\/p>\n<p>L.R.<\/p><\/blockquote>\n<p>&nbsp;<\/p>\n<p>&nbsp;<\/p>\n<hr \/>\n<p>&nbsp;<\/p>\n<blockquote class=\"wp-embedded-content\" data-secret=\"EKPsZK2mcW\"><p><a href=\"https:\/\/www.radiopiu.net\/wordpress\/aggnazionaleagosto11\/\">CORONAVIRUS: AGGIORNAMENTO NAZIONALE 11 AGOSTO 2022<\/a><\/p><\/blockquote>\n<p><iframe loading=\"lazy\" class=\"wp-embedded-content\" sandbox=\"allow-scripts\" security=\"restricted\" style=\"position: absolute; clip: rect(1px, 1px, 1px, 1px);\" title=\"&#8220;CORONAVIRUS: AGGIORNAMENTO NAZIONALE 11 AGOSTO 2022&#8221; &#8212; Radio Pi\u00f9\" src=\"https:\/\/www.radiopiu.net\/wordpress\/aggnazionaleagosto11\/embed\/#?secret=c4V6Izuq7K#?secret=EKPsZK2mcW\" data-secret=\"EKPsZK2mcW\" width=\"600\" height=\"338\" frameborder=\"0\" marginwidth=\"0\" marginheight=\"0\" scrolling=\"no\"><\/iframe><\/p>\n<p>&nbsp;<\/p>\n<blockquote class=\"wp-embedded-content\" data-secret=\"lgw3kBxRlO\"><p><a href=\"https:\/\/www.radiopiu.net\/wordpress\/aziendazeroagosto11\/\">UNDICI DECESSI E 3245 NUOVI POSITIVI IN VENETO NELLE ULTIME 24 ORE. CALANO I RICOVERI<\/a><\/p><\/blockquote>\n<p><iframe loading=\"lazy\" class=\"wp-embedded-content\" sandbox=\"allow-scripts\" security=\"restricted\" style=\"position: absolute; clip: rect(1px, 1px, 1px, 1px);\" title=\"&#8220;UNDICI DECESSI E 3245 NUOVI POSITIVI IN VENETO NELLE ULTIME 24 ORE. CALANO I RICOVERI&#8221; &#8212; Radio Pi\u00f9\" src=\"https:\/\/www.radiopiu.net\/wordpress\/aziendazeroagosto11\/embed\/#?secret=wUM7xMKUnw#?secret=lgw3kBxRlO\" data-secret=\"lgw3kBxRlO\" width=\"600\" height=\"338\" frameborder=\"0\" marginwidth=\"0\" marginheight=\"0\" scrolling=\"no\"><\/iframe><\/p>\n<p>&nbsp;<\/p>\n<h2>I GRAFICI DI TIZIANO DE COL<\/h2>\n\n\t\t\t<style type='text\/css'>\n\t\t\t\t#gallery-5 {\n\t\t\t\t\tmargin: auto;\n\t\t\t\t}\n\t\t\t\t#gallery-5 .gallery-item {\n\t\t\t\t\tfloat: left;\n\t\t\t\t\tmargin-top: 10px;\n\t\t\t\t\ttext-align: center;\n\t\t\t\t\twidth: 33%;\n\t\t\t\t}\n\t\t\t\t#gallery-5 img {\n\t\t\t\t\tborder: 2px solid #cfcfcf;\n\t\t\t\t}\n\t\t\t\t#gallery-5 .gallery-caption {\n\t\t\t\t\tmargin-left: 0;\n\t\t\t\t}\n\t\t\t\t\/* see gallery_shortcode() in wp-includes\/media.php *\/\n\t\t\t<\/style>\n\t\t<div id='gallery-5' class='dt-gallery-container gallery galleryid-292161 gallery-columns-3 gallery-size-thumbnail'><dl class='gallery-item'>\n\t\t\t\t<dt class='gallery-icon landscape'>\n\t\t\t\t\t<a class=\"rollover rollover-zoom dt-pswp-item\" title=\"5a67aba5-1eb5-40fd-9c44-1fb620004e15\" data-dt-img-description=\"\" data-large_image_width=\"606\" data-large_image_height=\"357\"href='https:\/\/www.radiopiu.net\/wordpress\/wp-content\/uploads\/2022\/08\/5a67aba5-1eb5-40fd-9c44-1fb620004e15.jpg'><img loading=\"lazy\" decoding=\"async\" width=\"150\" height=\"150\" src=\"https:\/\/www.radiopiu.net\/wordpress\/wp-content\/uploads\/2022\/08\/5a67aba5-1eb5-40fd-9c44-1fb620004e15-150x150.jpg\" class=\"attachment-thumbnail size-thumbnail\" alt=\"\" \/><\/a>\n\t\t\t\t<\/dt><\/dl><dl class='gallery-item'>\n\t\t\t\t<dt class='gallery-icon landscape'>\n\t\t\t\t\t<a class=\"rollover rollover-zoom dt-pswp-item\" title=\"9e2720e8-1991-458e-8fd0-dec2218e3ca0\" data-dt-img-description=\"\" data-large_image_width=\"610\" data-large_image_height=\"363\"href='https:\/\/www.radiopiu.net\/wordpress\/wp-content\/uploads\/2022\/08\/9e2720e8-1991-458e-8fd0-dec2218e3ca0.jpg'><img loading=\"lazy\" decoding=\"async\" width=\"150\" height=\"150\" src=\"https:\/\/www.radiopiu.net\/wordpress\/wp-content\/uploads\/2022\/08\/9e2720e8-1991-458e-8fd0-dec2218e3ca0-150x150.jpg\" class=\"attachment-thumbnail size-thumbnail\" alt=\"\" \/><\/a>\n\t\t\t\t<\/dt><\/dl><dl class='gallery-item'>\n\t\t\t\t<dt class='gallery-icon landscape'>\n\t\t\t\t\t<a class=\"rollover rollover-zoom dt-pswp-item\" title=\"d196cb78-6232-4d0c-9da8-08b876e7152d\" data-dt-img-description=\"\" data-large_image_width=\"612\" data-large_image_height=\"368\"href='https:\/\/www.radiopiu.net\/wordpress\/wp-content\/uploads\/2022\/08\/d196cb78-6232-4d0c-9da8-08b876e7152d.jpg'><img loading=\"lazy\" decoding=\"async\" width=\"150\" height=\"150\" src=\"https:\/\/www.radiopiu.net\/wordpress\/wp-content\/uploads\/2022\/08\/d196cb78-6232-4d0c-9da8-08b876e7152d-150x150.jpg\" class=\"attachment-thumbnail size-thumbnail\" alt=\"\" \/><\/a>\n\t\t\t\t<\/dt><\/dl><br style=\"clear: both\" \/><dl class='gallery-item'>\n\t\t\t\t<dt class='gallery-icon landscape'>\n\t\t\t\t\t<a class=\"rollover rollover-zoom dt-pswp-item\" title=\"15cb6180-ea36-45cf-a295-e5884006ac99\" data-dt-img-description=\"\" data-large_image_width=\"612\" data-large_image_height=\"361\"href='https:\/\/www.radiopiu.net\/wordpress\/wp-content\/uploads\/2022\/08\/15cb6180-ea36-45cf-a295-e5884006ac99.jpg'><img loading=\"lazy\" decoding=\"async\" width=\"150\" height=\"150\" src=\"https:\/\/www.radiopiu.net\/wordpress\/wp-content\/uploads\/2022\/08\/15cb6180-ea36-45cf-a295-e5884006ac99-150x150.jpg\" class=\"attachment-thumbnail size-thumbnail\" alt=\"\" \/><\/a>\n\t\t\t\t<\/dt><\/dl><dl class='gallery-item'>\n\t\t\t\t<dt class='gallery-icon landscape'>\n\t\t\t\t\t<a class=\"rollover rollover-zoom dt-pswp-item\" title=\"959c0205-3131-4a34-a1fa-29ffefdc6284\" data-dt-img-description=\"\" data-large_image_width=\"612\" data-large_image_height=\"365\"href='https:\/\/www.radiopiu.net\/wordpress\/wp-content\/uploads\/2022\/08\/959c0205-3131-4a34-a1fa-29ffefdc6284.jpg'><img loading=\"lazy\" decoding=\"async\" width=\"150\" height=\"150\" src=\"https:\/\/www.radiopiu.net\/wordpress\/wp-content\/uploads\/2022\/08\/959c0205-3131-4a34-a1fa-29ffefdc6284-150x150.jpg\" class=\"attachment-thumbnail size-thumbnail\" alt=\"\" \/><\/a>\n\t\t\t\t<\/dt><\/dl><dl class='gallery-item'>\n\t\t\t\t<dt class='gallery-icon landscape'>\n\t\t\t\t\t<a class=\"rollover rollover-zoom dt-pswp-item\" title=\"b334f663-905a-4250-b150-c34ddef3653d\" data-dt-img-description=\"\" data-large_image_width=\"612\" data-large_image_height=\"367\"href='https:\/\/www.radiopiu.net\/wordpress\/wp-content\/uploads\/2022\/08\/b334f663-905a-4250-b150-c34ddef3653d.jpg'><img loading=\"lazy\" decoding=\"async\" width=\"150\" height=\"150\" src=\"https:\/\/www.radiopiu.net\/wordpress\/wp-content\/uploads\/2022\/08\/b334f663-905a-4250-b150-c34ddef3653d-150x150.jpg\" class=\"attachment-thumbnail size-thumbnail\" alt=\"\" \/><\/a>\n\t\t\t\t<\/dt><\/dl><br style=\"clear: both\" \/>\n\t\t\t<\/div>\n\n<p>&nbsp;<\/p>\n<p>&nbsp;<\/p>\n<hr \/>\n<p>&nbsp;<\/p>\n<blockquote>\n<h3><strong>MEDICINE DI GRUPPO INTEGRATE: RINNOVATO IL CONTRATTO<\/strong><\/h3>\n<\/blockquote>\n<p><strong><a class=\"dt-pswp-item\" href=\"https:\/\/www.radiopiu.net\/wordpress\/wp-content\/uploads\/2020\/10\/Medicina_generale.jpg\" data-dt-img-description=\"\" data-large_image_width=\"1284\" data-large_image_height=\"851\"><img loading=\"lazy\" decoding=\"async\" class=\"size-thumbnail wp-image-168272 alignleft\" src=\"https:\/\/www.radiopiu.net\/wordpress\/wp-content\/uploads\/2020\/10\/Medicina_generale-150x150.jpg\" alt=\"\" width=\"150\" height=\"150\" \/><\/a>BELLUNO <\/strong>Le Medicine di Gruppo Integrate\u00a0 rappresentano, nell\u2019attuale modello organizzativo della Regione Veneto, la forma pi\u00f9 evoluta per l\u2019erogazione delle prestazioni di assistenza primaria. Trattasi infatti di team di professionisti che, operando in forma integrata, mirano ad erogare un\u2019assistenza globale alla popolazione di riferimento, dalla prevenzione alla palliazione, in maniera continua, equa e centrata sulla persona. Le Medicine di Gruppo Integrate assicurano una maggiore accessibilit\u00e0 ai servizi &#8211;\u00a0 e sono operative per 12h\/giorno dal luned\u00ec al venerd\u00ec -, favoriscono e promuovo la medicina di iniziativa dei cittadini e concorrono alla realizzazione degli obiettivi di governance, cio\u00e8 gli obiettivi di salute stabiliti dalla programmazione regionale ed assegnati alle Aziende Sanitarie. Nel territorio della Provincia di Belluno le Medicine di Gruppo Integrate sono state avviate in momenti diversi. Attualmente quindi ne esistono 4, ubicate a Belluno, Feltre, Longarone e Santo Stefano di Cadore. Si \u00e8 in sostanza valorizzata al massimo l\u2019esperienza fatta da questi team, perfezionando ed omogeneizzando le attivit\u00e0 alle stesse richieste nell\u2019interesse unico e primario di una effettiva tutela della salute dei nostri cittadini. Si mira, infatti, a garantire in ogni parte della provincia il maggior valore possibile, anche in riferimento alle costituende case della comunit\u00e0, ora in fase di progettazione avanzata e realizzazione, che diventeranno uno strumento utile per avvicinarsi alle persone assistite, favorendo il contatto e \u00a0l\u2019engagement della persona assistita e della sua famiglia.<\/p>\n<p>&nbsp;<\/p>\n<p>&nbsp;<\/p>\n<hr \/>\n<p>&nbsp;<\/p>\n<blockquote>\n<h3>VIVAIO DOLOMITI E I VINCOLI IN COMELICO<\/h3>\n<\/blockquote>\n<p><strong><a class=\"dt-pswp-item\" href=\"https:\/\/www.radiopiu.net\/wordpress\/wp-content\/uploads\/2018\/07\/VIVAIO-DOLOMITI.jpg\" data-dt-img-description=\"\" data-large_image_width=\"247\" data-large_image_height=\"204\"><img loading=\"lazy\" decoding=\"async\" class=\"size-thumbnail wp-image-53894 alignleft\" src=\"https:\/\/www.radiopiu.net\/wordpress\/wp-content\/uploads\/2018\/07\/VIVAIO-DOLOMITI-150x150.jpg\" alt=\"\" width=\"150\" height=\"150\" \/><\/a>BELLUNO<\/strong> Il gruppo Vivaio Dolomiti entra in merito alla sentenza del TAR sui vincoli in Comelico. &#8220;U<em>rge una precisazione vista la \u00a0possibile impugnazione del provvedimento al Cosiglio di Stato \u00a0da parte delle associazioni ambientaliste. Ci spieghino questi paladini dell&#8217;ambiente perch\u00e9 tanta foga per martoriare un territorio gi\u00e0 in grande difficolt\u00e0 socio economica e nessuna presa di posizione contro Terna, che proprio in questi giorni ha ricevuto l&#8217;autorizzazione per costruire nuovi tralici (al posto dei precedenti) proprio in Comelico&#8221;.\u00a0<\/em> Nessuna parola dunque su una linea di altissima tensione il triplo pi\u00f9 alta di un impianto sciistico e con una fascia di disboscamento molto pi\u00f9 grande di qualsiasi pista da sci. Linea che non serve ai territori, li attraversa<em>. &#8220;Possiamo anche capire, senza ovviamente condividere, l&#8217;accanimento ideologico su tutti i progetti \u00a0di sviluppo in montagna, ma su tutti: altrimenti la credibilit\u00e0 di queste succursali politiche viene meno<\/em>&#8221; conclude Vivaio Dolomiti.<\/p>\n<p>&nbsp;<\/p>\n<p>&nbsp;<\/p>\n<hr \/>\n<p>&nbsp;<\/p>\n<blockquote>\n<h3>IL RINCARO DELLE BOLLETTE ELETTRICHE DANNO UNA MAZZATA AD ALLEVATORI E AGRICOLTORI<\/h3>\n<\/blockquote>\n<p><strong><a class=\"dt-pswp-item\" href=\"https:\/\/www.radiopiu.net\/wordpress\/wp-content\/uploads\/2022\/03\/MUCCA.jpg\" data-dt-img-description=\"\" data-large_image_width=\"1024\" data-large_image_height=\"768\"><img loading=\"lazy\" decoding=\"async\" class=\"size-thumbnail wp-image-265531 alignleft\" src=\"https:\/\/www.radiopiu.net\/wordpress\/wp-content\/uploads\/2022\/03\/MUCCA-150x150.jpg\" alt=\"\" width=\"150\" height=\"150\" \/><\/a>VENEZIA<\/strong> Dodici euro in media per un chilo di carne, 2,5 euro per un litro di latte, 8 euro per un chilo di albicocche. Sono i prezzi che dovrebbero costare questi prodotti, secondo una stima di Confagricoltura, per garantire una giusta retribuzione alla filiera agroalimentare. Prezzi impossibili, che il consumatore non si potrebbe mai permettere. Ma con i rincari attuali i produttori lavorano in perdita e anche le famiglie sono comunque in difficolt\u00e0, perch\u00e9 i continui aumenti costringono ad alleggerire il carrello della spesa\u00a0 per far tornare i conti. \u00a0A fronte di simili rincari, anche i prezzi dovrebbero essere ritoccati di parecchio per riequilibrare le retribuzioni lungo la filiera. Il latte, che alla fine del 2021 era stato portato a 42 centesimi al litro, dovrebbe essere pagato 80 centesimi agli allevatori per coprire le spese. Cos\u00ec sugli scaffali un brik potrebbe arrivare a costare 2,50 euro. E la carne? Oggi in media un chilo costa 8 euro, ma servirebbe un ritocco in su almeno del 50% per ristabilire gli equilibri. La frutta? Dovrebbe costare da 8 a 10 euro al chilo.<\/p>\n<p>&nbsp;<\/p>\n<p>&nbsp;<\/p>\n<hr \/>\n<p>&nbsp;<\/p>\n<blockquote>\n<h3><a class=\"dt-pswp-item\" href=\"https:\/\/www.radiopiu.net\/wordpress\/wp-content\/uploads\/2022\/08\/Liriodendro_VillaBuzzati.jpg\" data-dt-img-description=\"\" data-large_image_width=\"576\" data-large_image_height=\"768\"><img loading=\"lazy\" decoding=\"async\" class=\"alignleft wp-image-292343 \" src=\"https:\/\/www.radiopiu.net\/wordpress\/wp-content\/uploads\/2022\/08\/Liriodendro_VillaBuzzati-225x300.jpg\" alt=\"\" width=\"104\" height=\"139\" srcset=\"https:\/\/www.radiopiu.net\/wordpress\/wp-content\/uploads\/2022\/08\/Liriodendro_VillaBuzzati-225x300.jpg 225w, https:\/\/www.radiopiu.net\/wordpress\/wp-content\/uploads\/2022\/08\/Liriodendro_VillaBuzzati.jpg 576w\" sizes=\"auto, (max-width: 104px) 100vw, 104px\" \/><\/a>ANCHE IL LIRIODENDRO DI BUZZATI TRA GLI ALBERI MONUMENTALI<\/h3>\n<\/blockquote>\n<p><strong>BELLUNO <\/strong>\u201cDietro la vecchia casa di campagna, era gi\u00e0 immenso e antico, quando io comparvi piccolo bambino\u201d: cos\u00ec Dino Buzzati, nell\u2019ultimo elzeviro da lui scritto per il Corriere della Sera dell\u20198 dicembre 1971, parlava del liriodendro che ancora oggi si trova sul retro della sua villa. \u00c8 significativo che proprio nel 2022, a cinquant\u2019anni dalla morte dello scrittore bellunese, finalmente anche Belluno veda riconosciuta ufficialmente la monumentalit\u00e0 di alcuni alberi presenti sul suo territorio comunale e, tra questi, anche il liriodendro di villa S. Pellegrino.<\/p>\n<p>&nbsp;<\/p>\n<p>&nbsp;<\/p>\n<hr \/>\n<p>&nbsp;<\/p>\n<blockquote>\n<h3>NON SONO STATI STANZIATI SOLDI PER VOILA&#8217; A FELTRE<\/h3>\n<\/blockquote>\n<p><strong>FELTRE<\/strong> &#8221; Voila\u0300 quest\u2019anno non si fara\u0300, come gli amministratori uscenti sapevano bene non avendo mai stanziato le risorse&#8221;. Cos\u00ec il consigliere delegato alla cultura del comune di Feltre Samuele Spada.<\/p>\n<p>&nbsp;<\/p>\n<hr \/>\n<p>&nbsp;<\/p>\n<blockquote>\n<h3>UNA BUONA STAGIONE PER L&#8217;ECOMUSEO DELLA VALLE DEL BIOIS<\/h3>\n<\/blockquote>\n<p><strong>CANALE D&#8217;AGORDO<\/strong><\/p>\n<p>di Gianni Santomaso<\/p>\n<audio class=\"wp-audio-shortcode\" id=\"audio-292161-5\" preload=\"none\" style=\"width: 100%;\" controls=\"controls\"><source type=\"audio\/mpeg\" src=\"https:\/\/www.radiopiu.net\/wordpress\/wp-content\/uploads\/2022\/08\/GIANNI-UNA-BUONA-STAGIONE-PER-LECOMUSEO-DELLA-VALLE-DEL-BIOIS.mp3?_=5\" \/><a href=\"https:\/\/www.radiopiu.net\/wordpress\/wp-content\/uploads\/2022\/08\/GIANNI-UNA-BUONA-STAGIONE-PER-LECOMUSEO-DELLA-VALLE-DEL-BIOIS.mp3\">https:\/\/www.radiopiu.net\/wordpress\/wp-content\/uploads\/2022\/08\/GIANNI-UNA-BUONA-STAGIONE-PER-LECOMUSEO-DELLA-VALLE-DEL-BIOIS.mp3<\/a><\/audio>\n<p>&nbsp;<\/p>\n\n\t\t\t<style type='text\/css'>\n\t\t\t\t#gallery-6 {\n\t\t\t\t\tmargin: auto;\n\t\t\t\t}\n\t\t\t\t#gallery-6 .gallery-item {\n\t\t\t\t\tfloat: left;\n\t\t\t\t\tmargin-top: 10px;\n\t\t\t\t\ttext-align: center;\n\t\t\t\t\twidth: 25%;\n\t\t\t\t}\n\t\t\t\t#gallery-6 img {\n\t\t\t\t\tborder: 2px solid #cfcfcf;\n\t\t\t\t}\n\t\t\t\t#gallery-6 .gallery-caption {\n\t\t\t\t\tmargin-left: 0;\n\t\t\t\t}\n\t\t\t\t\/* see gallery_shortcode() in wp-includes\/media.php *\/\n\t\t\t<\/style>\n\t\t<div id='gallery-6' class='dt-gallery-container gallery galleryid-292161 gallery-columns-4 gallery-size-thumbnail'><dl class='gallery-item'>\n\t\t\t\t<dt class='gallery-icon landscape'>\n\t\t\t\t\t<a class=\"rollover rollover-zoom dt-pswp-item\" title=\"0dd43ee8-cc96-47ac-aa10-6a5fd7243885\" data-dt-img-description=\"\" data-large_image_width=\"1600\" data-large_image_height=\"1200\"href='https:\/\/www.radiopiu.net\/wordpress\/wp-content\/uploads\/2022\/08\/0dd43ee8-cc96-47ac-aa10-6a5fd7243885.jpg'><img loading=\"lazy\" decoding=\"async\" width=\"150\" height=\"150\" src=\"https:\/\/www.radiopiu.net\/wordpress\/wp-content\/uploads\/2022\/08\/0dd43ee8-cc96-47ac-aa10-6a5fd7243885-150x150.jpg\" class=\"attachment-thumbnail size-thumbnail\" alt=\"\" \/><\/a>\n\t\t\t\t<\/dt><\/dl><dl class='gallery-item'>\n\t\t\t\t<dt class='gallery-icon landscape'>\n\t\t\t\t\t<a class=\"rollover rollover-zoom dt-pswp-item\" title=\"3d34d06f-fd7d-4d3e-b798-145fdd9a3209\" data-dt-img-description=\"\" data-large_image_width=\"1600\" data-large_image_height=\"1200\"href='https:\/\/www.radiopiu.net\/wordpress\/wp-content\/uploads\/2022\/08\/3d34d06f-fd7d-4d3e-b798-145fdd9a3209.jpg'><img loading=\"lazy\" decoding=\"async\" width=\"150\" height=\"150\" src=\"https:\/\/www.radiopiu.net\/wordpress\/wp-content\/uploads\/2022\/08\/3d34d06f-fd7d-4d3e-b798-145fdd9a3209-150x150.jpg\" class=\"attachment-thumbnail size-thumbnail\" alt=\"\" \/><\/a>\n\t\t\t\t<\/dt><\/dl><dl class='gallery-item'>\n\t\t\t\t<dt class='gallery-icon portrait'>\n\t\t\t\t\t<a class=\"rollover rollover-zoom dt-pswp-item\" title=\"10f2126f-2949-4547-84ae-5ec60829f69b\" data-dt-img-description=\"\" data-large_image_width=\"1200\" data-large_image_height=\"1600\"href='https:\/\/www.radiopiu.net\/wordpress\/wp-content\/uploads\/2022\/08\/10f2126f-2949-4547-84ae-5ec60829f69b.jpg'><img loading=\"lazy\" decoding=\"async\" width=\"150\" height=\"150\" src=\"https:\/\/www.radiopiu.net\/wordpress\/wp-content\/uploads\/2022\/08\/10f2126f-2949-4547-84ae-5ec60829f69b-150x150.jpg\" class=\"attachment-thumbnail size-thumbnail\" alt=\"\" \/><\/a>\n\t\t\t\t<\/dt><\/dl><dl class='gallery-item'>\n\t\t\t\t<dt class='gallery-icon landscape'>\n\t\t\t\t\t<a class=\"rollover rollover-zoom dt-pswp-item\" title=\"644cf336-bb36-4f35-bd34-1735467ebe91\" data-dt-img-description=\"\" data-large_image_width=\"2000\" data-large_image_height=\"1500\"href='https:\/\/www.radiopiu.net\/wordpress\/wp-content\/uploads\/2022\/08\/644cf336-bb36-4f35-bd34-1735467ebe91.jpg'><img loading=\"lazy\" decoding=\"async\" width=\"150\" height=\"150\" src=\"https:\/\/www.radiopiu.net\/wordpress\/wp-content\/uploads\/2022\/08\/644cf336-bb36-4f35-bd34-1735467ebe91-150x150.jpg\" class=\"attachment-thumbnail size-thumbnail\" alt=\"\" \/><\/a>\n\t\t\t\t<\/dt><\/dl><br style=\"clear: both\" \/><dl class='gallery-item'>\n\t\t\t\t<dt class='gallery-icon landscape'>\n\t\t\t\t\t<a class=\"rollover rollover-zoom dt-pswp-item\" title=\"6647d7a7-7daa-426d-9d8f-1265381e75c0\" data-dt-img-description=\"\" data-large_image_width=\"1600\" data-large_image_height=\"1200\"href='https:\/\/www.radiopiu.net\/wordpress\/wp-content\/uploads\/2022\/08\/6647d7a7-7daa-426d-9d8f-1265381e75c0.jpg'><img loading=\"lazy\" decoding=\"async\" width=\"150\" height=\"150\" src=\"https:\/\/www.radiopiu.net\/wordpress\/wp-content\/uploads\/2022\/08\/6647d7a7-7daa-426d-9d8f-1265381e75c0-150x150.jpg\" class=\"attachment-thumbnail size-thumbnail\" alt=\"\" \/><\/a>\n\t\t\t\t<\/dt><\/dl><dl class='gallery-item'>\n\t\t\t\t<dt class='gallery-icon landscape'>\n\t\t\t\t\t<a class=\"rollover rollover-zoom dt-pswp-item\" title=\"70014e33-8b57-4f70-bb98-d001ccd8e199\" data-dt-img-description=\"\" data-large_image_width=\"1600\" data-large_image_height=\"1200\"href='https:\/\/www.radiopiu.net\/wordpress\/wp-content\/uploads\/2022\/08\/70014e33-8b57-4f70-bb98-d001ccd8e199.jpg'><img loading=\"lazy\" decoding=\"async\" width=\"150\" height=\"150\" src=\"https:\/\/www.radiopiu.net\/wordpress\/wp-content\/uploads\/2022\/08\/70014e33-8b57-4f70-bb98-d001ccd8e199-150x150.jpg\" class=\"attachment-thumbnail size-thumbnail\" alt=\"\" \/><\/a>\n\t\t\t\t<\/dt><\/dl><dl class='gallery-item'>\n\t\t\t\t<dt class='gallery-icon portrait'>\n\t\t\t\t\t<a class=\"rollover rollover-zoom dt-pswp-item\" title=\"d7c7d05c-f073-4e00-a94d-07f863f288fc\" data-dt-img-description=\"\" data-large_image_width=\"1500\" data-large_image_height=\"2000\"href='https:\/\/www.radiopiu.net\/wordpress\/wp-content\/uploads\/2022\/08\/d7c7d05c-f073-4e00-a94d-07f863f288fc.jpg'><img loading=\"lazy\" decoding=\"async\" width=\"150\" height=\"150\" src=\"https:\/\/www.radiopiu.net\/wordpress\/wp-content\/uploads\/2022\/08\/d7c7d05c-f073-4e00-a94d-07f863f288fc-150x150.jpg\" class=\"attachment-thumbnail size-thumbnail\" alt=\"\" \/><\/a>\n\t\t\t\t<\/dt><\/dl><dl class='gallery-item'>\n\t\t\t\t<dt class='gallery-icon landscape'>\n\t\t\t\t\t<a class=\"rollover rollover-zoom dt-pswp-item\" title=\"d66a1c4f-1a69-4984-9eae-ea7d6424bf85\" data-dt-img-description=\"\" data-large_image_width=\"1600\" data-large_image_height=\"1200\"href='https:\/\/www.radiopiu.net\/wordpress\/wp-content\/uploads\/2022\/08\/d66a1c4f-1a69-4984-9eae-ea7d6424bf85.jpg'><img loading=\"lazy\" decoding=\"async\" width=\"150\" height=\"150\" src=\"https:\/\/www.radiopiu.net\/wordpress\/wp-content\/uploads\/2022\/08\/d66a1c4f-1a69-4984-9eae-ea7d6424bf85-150x150.jpg\" class=\"attachment-thumbnail size-thumbnail\" alt=\"\" \/><\/a>\n\t\t\t\t<\/dt><\/dl><br style=\"clear: both\" \/>\n\t\t\t<\/div>\n\n<p>&nbsp;<\/p>\n<hr \/>\n<p>&nbsp;<\/p>\n<blockquote>\n<h3 class=\"entry-title\">VALERIA ZUCCO, FINALISTA ALL\u2019INTERNATIONAL LAB OF MITTELMODA THE FASHION AWARD<\/h3>\n<\/blockquote>\n<p>Occhialeria bellunese ancora una volta protagonista. Ci sar\u00e0 infatti anche la feltrina Valeria Zucco il prossimo 19 settembre a Milano a contendersi la vittoria del prestigioso INTERNATIONAL LAB OF MITTELMODA \u2013 THE FASHION AWARD (categoria accessori), noto concorso internazionale riservato a stilisti e studenti di fashion design provenienti dagli istituti di moda tutto il mondo, i cui finalisti sono stati annunciati nei giorni scorsi.<br \/>\nClasse 1995, Valeria \u00e8 allieva del corso ITS biennale per Eyewear Product Manager, sviluppato dal Gruppo Certottica e finanziato dalla Regione Veneto in capo alla Fondazione ITS Cosmo Fashion Academy. Proprio con il suo progetto d\u2019esame ha convinto la commissione presieduta da Matteo Marzotto, che l\u2019ha scelta tra i migliori 25 creativi emergenti insieme ad altri giovani talenti provenienti dai quattro angoli del globo (Cina, Israele, Finlandia, Spagna, Svezia, tanto per citare alcuni tra i paesi partecipanti). Ad oggi Valeria \u00e8 l\u2019unica studentessa tra quelli selezionati a provenire da un percorso ITS. Spera cos\u00ec di bissare l\u2019exploit della conterranea Carlotta Sacchet che due anni fa, partendo da un iter analogo, si aggiudic\u00f2 il celebre riconoscimento.<\/p>\n<p><img loading=\"lazy\" decoding=\"async\" class=\"alignleft\" src=\"https:\/\/www.radiopiu.net\/wordpress\/wp-content\/uploads\/2022\/08\/Valeria-Zucco_edited.jpg\" width=\"298\" height=\"234\" \/>\u00abQuando ho visto il mio nome tra i finalisti del Premio stentavo quasi a crederci perch\u00e9, avendo trovato lavoro subito dopo la conclusione degli studi, mi \u00e8 mancato il tempo materiale per prepararmi. D\u2019altro canto per\u00f2, questo progetto lo sentivo mio, mi ha entusiasmato fin dall\u2019inizio e sarebbe stato un peccato sfruttarlo solo ai fini dell\u2019esame\u00bb \u2013 commenta. Una passione, quella di Valeria per l\u2019occhialeria, nata quasi per caso quando, dopo la laurea in Interior Design presso il Politecnico di Milano, le viene offerta un\u2019opportunit\u00e0 di stage in Luxottica che si traduce subito nel classico \u201ccolpo di fulmine\u201d. La pandemia fa il resto, costringendola a casa e spingendola cos\u00ec a investire in formazione: \u00abho deciso di approfittare del periodo di stallo forzato per implementare le mie conoscenze \u2013 prosegue \u2013 Dell\u2019ITS per Eyewear Product Manager mi avevano parlato bene e sapevo che, una volta conseguito il titolo, sarebbe stato facile trovare lavoro, come di fatto \u00e8 avvenuto. Ho scommesso su me stessa e ora sono qui, a contendermi la vittoria in un premio internazionale con ragazzi provenienti da tutto il mondo\u201d.<\/p>\n<p>La collezione di Valeria \u00e8 un viaggio introspettivo in una New York insolita, immersa nelle tenebre di un blackout immaginario, che funge da insospettabile esca per agguantare nuove prospettive. Il concept di base \u00e8 quello di un occhiale in nylon con lente trasparente sulla quale \u00e8 possibile innestare, tramite magneti, una seconda lente colorata e l\u2019ispirazione \u00e8 quella del blackout \u2013 questo s\u00ec, reale \u2013 che colp\u00ec la Grande Mela nel 1965, lasciandola all\u2019oscuro per una notte intera, \u201cla pi\u00f9 bella notte della citt\u00e0\u201d, come la defin\u00ec il sindaco dell\u2019epoca Robert Wagner. \u201cPer il mio progetto cercavo un\u2019immagine evocativa, originale e d\u2019impatto \u2013 spiega \u2013 Ho scelto il buio, perch\u00e9 il buio, prescindendo dalla connotazione negativa che in molti erroneamente gli attribuiscono, \u00e8 l\u2019unica risorsa in grado di farci percepire la realt\u00e0 da un\u2019angolazione inedita. La nostra \u00e8 una societ\u00e0 distratta, abituata a vedere le cose unicamente attraverso la lente della routine. A me interessava stravolgere questo paradigma, mostrare e dimostrare che, a volte, si pu\u00f2 anche imboccare una strada diversa e scoprire che al di fuori del nostro piccolo mondo c\u2019\u00e8 un universo intero da esplorare. Il blackout, da questo punto di vista, era una metafora perfetta. La mia collezione si compone di quattro famiglie di occhiali, ciascuna delle quali ispirata a uno strumento utilizzato per orientarsi nello spazio di altrettanti paesaggi urbani che ho fantasticato di percorrere nella mia notte incantata\u201d.<\/p>\n<p>Il successo di Valeria arriva in un periodo particolarmente favorevole per il comparto occhialeria, con i primi significativi segnali di ripresa nel 2021 (+35% sul 2020 e + 4,5% sul 2019) e importanti conferme dal primo trimestre del 2022 (export a +35% sul 2021 e a + 32% sul 2019 secondo le ultime stime diffuse da Anfao), laddove, stando al Monitor dei Distretti Industriali curato dalla Direzione Studi e Ricerche di Intesa Sanpaolo relativamente ai primi mesi dell\u2019anno e al sistema moda distrettuale veneto in particolare, l\u2019occhialeria bellunese ha fatto registrare da sola una crescita pari a +36,8% con 230,1 milioni di euro in pi\u00f9 rispetto al 2021.<\/p>\n<p class=\"photoswipe-wrapper\"><a class=\"dt-pswp-item pspw-wrap-ready\" href=\"https:\/\/www.radiopiu.net\/wordpress\/wp-content\/uploads\/2022\/08\/Collezione-occhiale-Valeria-Zucco.jpg\" data-dt-img-description=\"\" data-large_image_width=\"1000\" data-large_image_height=\"577\"><img loading=\"lazy\" decoding=\"async\" class=\"wp-image-292247 size-medium alignright\" src=\"https:\/\/www.radiopiu.net\/wordpress\/wp-content\/uploads\/2022\/08\/Collezione-occhiale-Valeria-Zucco-300x173.jpg\" sizes=\"auto, (max-width: 300px) 100vw, 300px\" srcset=\"https:\/\/www.radiopiu.net\/wordpress\/wp-content\/uploads\/2022\/08\/Collezione-occhiale-Valeria-Zucco-300x173.jpg 300w, https:\/\/www.radiopiu.net\/wordpress\/wp-content\/uploads\/2022\/08\/Collezione-occhiale-Valeria-Zucco-768x443.jpg 768w, https:\/\/www.radiopiu.net\/wordpress\/wp-content\/uploads\/2022\/08\/Collezione-occhiale-Valeria-Zucco.jpg 1000w\" alt=\"\" width=\"300\" height=\"173\" \/><\/a>\u00abL\u2019importante affermazione di Valeria Zucco, testimonia ulteriormente lo spessore e la validit\u00e0 delle proposte formative degli ITS, ad ulteriore conferma della necessit\u00e0 di ripensare all\u2019impianto educativo nazionale focalizzandosi sull\u2019istruzione manageriale professionalizzante, in un momento molto delicato per la nostra economia \u2013 afferma Corrado Facco, Ad del Gruppo Certottica \u2013 Del resto, se \u00e8 vero che nei prossimi quattro anni il solo sistema moda italiano necessiter\u00e0 di 48mila profili professionali in pi\u00f9 rispetto a quelli esistenti, \u00e8 altrettanto vero che il Paese non potr\u00e0 permettersi di farsi trovare impreparato, pena la perdita di competitivit\u00e0. L\u2019Italia patisce il gap tra domanda e offerta di capitale umano adeguatamente profilato e formato rispetto alle esigenze delle aziende anche dell\u2019alto di gamma, e solo una solida preparazione come quella che offrono gli ITS \u00e8 in grado di rispondere alle richieste sempre pi\u00f9 stringenti di un mercato del lavoro in continua e rapida evoluzione. Con il corso biennale per Eyewear Product Manager, l\u2019unico esistente nel nostro Paese specifico per un comparto cos\u00ec attraente come quello dell\u2019occhiale, offriamo ai nostri studenti l\u2019opportunit\u00e0 di ottenere una qualifica manageriale immediatamente spendibile in un settore chiave, fiore all\u2019occhiello del bello e ben fatto in Italia e leader nel mondo\u00bb<\/p>\n<p>\u00abNon possiamo che essere fieri del percorso di Valeria Zucco; siamo felici che i nostri corsi mettano in grado persone creative e piene di talento di raggiungere risultati oltremodo ambiziosi, \u00e8 la migliore testimonianza di uno splendido percorso. La Fashion Academy ITS COSMO \u00e8 da sempre vicina alle aziende e alle necessit\u00e0 del territorio, il nostro obiettivo come Fondazione \u00e8 quello di rispondere alle esigenze di mercato grazie a una formazione all\u2019avanguardia, seguita da professionisti e da docenti universitari. \u00c8 proprio la grande richiesta di figure competenti nel settore tessile moda e abbigliamento che ha trasformato la nostra fondazione nell\u2019ITS pi\u00f9 grande d\u2019Italia, con percorsi unici e di altissimo profilo formativo\u00bb \u2013 dichiara Roberto Gigliotti, direttore generale di Fondazione ITS COSMO. Durante l\u2019ultimo anno di corso Valeria ha avuto l\u2019opportunit\u00e0 di svolgere un tirocinio presso l\u2019ufficio stile di Louis Vuitton. Adesso guarda al futuro, che lei stessa sogna in questo mondo e in Veneto che dell\u2019occhialeria \u00e8 patria indiscussa. L\u2019attuale impiego presso la sede padovana di Safilo \u00e8 arrivato ad appena qualche giorno dalla conclusione del suo percorso di studi, e la speranza \u00e8 quella di poter concretizzare la sua posizione cimentandosi soprattutto nel ramo dell\u2019industrializzazione e fattibilit\u00e0. \u00abIn me convivono da sempre due anime \u2013 conclude \u2013 quella pi\u00f9 meticolosa e razionale e quella estrosa, votata alla creativit\u00e0. Al momento prevale la prima, perch\u00e9 mi sento pi\u00f9 portata per gli aspetti tecnici. Il design? \u00c8 una sfida interessante, mai dire mai\u2026\u00bb<\/p>\n<p>&nbsp;<\/p>\n<p>&nbsp;<\/p>\n<hr \/>\n<p>&nbsp;<\/p>\n<p>CASA SANREMO AD ALLEGHE RIEMPIE IL PIAZZALE DELLO STADIO<\/p>\n<p><strong><img loading=\"lazy\" decoding=\"async\" class=\"alignleft\" src=\"https:\/\/www.radiopiu.net\/wordpress\/wp-content\/uploads\/2022\/08\/Matia-Bazar-nuovo-singolo.jpg\" width=\"167\" height=\"94\" \/>ALLEGHE<\/strong>\u00a0Nell\u2019ambito del tour estivo Casa Sanremo, il truck allestito dal gruppo eventi collegato al Festival della canzone italiana si fermer\u00e0 in alcune piazze del bellunese: stasera ad Alleghe, dove \u00e8 attesa l\u2019esibizione dei Matia Bazar con la collaborazione del Consorzio Operatori Turistici di Alleghe e Caprile, dalle 18 al piazzale dello Stadio show cooking ed a seguire il concerto.<\/p>\n<p>&nbsp;<\/p>\n<p><strong>LA DIRETTA RADIO PIU&#8217; IL SINDACO DANILO DE TONI E ANDREA DAL FARRA ALLEGHE FUNIVIE &#8211; VIDEO 1<\/strong><\/p>\n<p>https:\/\/www.facebook.com\/marco.baghy.1\/videos\/584461599991381\/<\/p>\n<p>&nbsp;<\/p>\n<p><strong>LA DIRETTA RADIO PIU&#8217; MATTEO PIANEZZE AI FORNELLI\u00a0 &#8211; VIDEO 2<\/strong><\/p>\n<p>https:\/\/www.facebook.com\/marco.baghy.1\/videos\/1083122205655864<\/p>\n<p>&nbsp;<\/p>\n<p><strong>DIRETTA RADIO PIU&#8217; &#8211; VIDEO 3 IL PRESIDENTE DELLA PROVINCIA ROBERTO PADRIN\u00a0<\/strong><\/p>\n<p><iframe loading=\"lazy\" title=\"CASA SANREMO AD ALLEGHE - L&#039;ANTEPRIMA\" width=\"1200\" height=\"675\" src=\"https:\/\/www.youtube.com\/embed\/2vNoh9L1ChU?feature=oembed\" frameborder=\"0\" allow=\"accelerometer; autoplay; clipboard-write; encrypted-media; gyroscope; picture-in-picture\" allowfullscreen><\/iframe><\/p>\n<p>&nbsp;<\/p>\n<p><strong>\u00a0DIRETTA RADIO- VIDEO 5 CAB IL BALLO\u00a0<\/strong><\/p>\n<div style=\"width: 640px;\" class=\"wp-video\"><video class=\"wp-video-shortcode\" id=\"video-292161-2\" width=\"640\" height=\"352\" preload=\"metadata\" controls=\"controls\"><source type=\"video\/mp4\" src=\"https:\/\/www.radiopiu.net\/wordpress\/wp-content\/uploads\/2022\/08\/WhatsApp-Video-2022-08-11-at-23.35.47.mp4?_=2\" \/><a href=\"https:\/\/www.radiopiu.net\/wordpress\/wp-content\/uploads\/2022\/08\/WhatsApp-Video-2022-08-11-at-23.35.47.mp4\">https:\/\/www.radiopiu.net\/wordpress\/wp-content\/uploads\/2022\/08\/WhatsApp-Video-2022-08-11-at-23.35.47.mp4<\/a><\/video><\/div>\n<p>&nbsp;<\/p>\n<p><strong>DIRETTA RADIO &#8211; VIDEO 6 CAB IL CANTO<\/strong><\/p>\n<div style=\"width: 640px;\" class=\"wp-video\"><video class=\"wp-video-shortcode\" id=\"video-292161-3\" width=\"640\" height=\"352\" preload=\"metadata\" controls=\"controls\"><source type=\"video\/mp4\" src=\"https:\/\/www.radiopiu.net\/wordpress\/wp-content\/uploads\/2022\/08\/WhatsApp-Video-2022-08-12-at-00.05.01.mp4?_=3\" \/><a href=\"https:\/\/www.radiopiu.net\/wordpress\/wp-content\/uploads\/2022\/08\/WhatsApp-Video-2022-08-12-at-00.05.01.mp4\">https:\/\/www.radiopiu.net\/wordpress\/wp-content\/uploads\/2022\/08\/WhatsApp-Video-2022-08-12-at-00.05.01.mp4<\/a><\/video><\/div>\n<p>&nbsp;<\/p>\n<p><strong>DIRETTA RADIO PIU&#8217; &#8211; VIDEO 5 ALVISE BORTOLINI E I MATIA BAZAR<\/strong><\/p>\n<p><iframe loading=\"lazy\" title=\"CASA SANREMO AD ALLEGHE CON I MATIA BAZAR\" width=\"1200\" height=\"675\" src=\"https:\/\/www.youtube.com\/embed\/ZQGUu8Lu6H8?feature=oembed\" frameborder=\"0\" allow=\"accelerometer; autoplay; clipboard-write; encrypted-media; gyroscope; picture-in-picture\" allowfullscreen><\/iframe><\/p>\n<p>&nbsp;<\/p>\n<p><strong>QUALCHE FOTO&#8230;<\/strong><\/p>\n\n\t\t\t<style type='text\/css'>\n\t\t\t\t#gallery-7 {\n\t\t\t\t\tmargin: auto;\n\t\t\t\t}\n\t\t\t\t#gallery-7 .gallery-item {\n\t\t\t\t\tfloat: left;\n\t\t\t\t\tmargin-top: 10px;\n\t\t\t\t\ttext-align: center;\n\t\t\t\t\twidth: 33%;\n\t\t\t\t}\n\t\t\t\t#gallery-7 img {\n\t\t\t\t\tborder: 2px solid #cfcfcf;\n\t\t\t\t}\n\t\t\t\t#gallery-7 .gallery-caption {\n\t\t\t\t\tmargin-left: 0;\n\t\t\t\t}\n\t\t\t\t\/* see gallery_shortcode() in wp-includes\/media.php *\/\n\t\t\t<\/style>\n\t\t<div id='gallery-7' class='dt-gallery-container gallery galleryid-292161 gallery-columns-3 gallery-size-thumbnail'><dl class='gallery-item'>\n\t\t\t\t<dt class='gallery-icon landscape'>\n\t\t\t\t\t<a class=\"rollover rollover-zoom dt-pswp-item\" title=\"A5492C07-6C14-43D0-BED6-2D8B0D456BD7\" data-dt-img-description=\"\" data-large_image_width=\"1920\" data-large_image_height=\"1080\"href='https:\/\/www.radiopiu.net\/wordpress\/wp-content\/uploads\/2022\/08\/A5492C07-6C14-43D0-BED6-2D8B0D456BD7.jpeg'><img loading=\"lazy\" decoding=\"async\" width=\"150\" height=\"150\" src=\"https:\/\/www.radiopiu.net\/wordpress\/wp-content\/uploads\/2022\/08\/A5492C07-6C14-43D0-BED6-2D8B0D456BD7-150x150.jpeg\" class=\"attachment-thumbnail size-thumbnail\" alt=\"\" \/><\/a>\n\t\t\t\t<\/dt><\/dl><dl class='gallery-item'>\n\t\t\t\t<dt class='gallery-icon landscape'>\n\t\t\t\t\t<a class=\"rollover rollover-zoom dt-pswp-item\" title=\"AC653FED-8759-4BA2-B238-791A42EF09C3\" data-dt-img-description=\"\" data-large_image_width=\"1920\" data-large_image_height=\"1080\"href='https:\/\/www.radiopiu.net\/wordpress\/wp-content\/uploads\/2022\/08\/AC653FED-8759-4BA2-B238-791A42EF09C3.jpeg'><img loading=\"lazy\" decoding=\"async\" width=\"150\" height=\"150\" src=\"https:\/\/www.radiopiu.net\/wordpress\/wp-content\/uploads\/2022\/08\/AC653FED-8759-4BA2-B238-791A42EF09C3-150x150.jpeg\" class=\"attachment-thumbnail size-thumbnail\" alt=\"\" \/><\/a>\n\t\t\t\t<\/dt><\/dl><dl class='gallery-item'>\n\t\t\t\t<dt class='gallery-icon landscape'>\n\t\t\t\t\t<a class=\"rollover rollover-zoom dt-pswp-item\" title=\"A1D8C971-0713-43AA-9EDF-CC175B9FFEA6\" data-dt-img-description=\"\" data-large_image_width=\"1920\" data-large_image_height=\"1080\"href='https:\/\/www.radiopiu.net\/wordpress\/wp-content\/uploads\/2022\/08\/A1D8C971-0713-43AA-9EDF-CC175B9FFEA6.jpeg'><img loading=\"lazy\" decoding=\"async\" width=\"150\" height=\"150\" src=\"https:\/\/www.radiopiu.net\/wordpress\/wp-content\/uploads\/2022\/08\/A1D8C971-0713-43AA-9EDF-CC175B9FFEA6-150x150.jpeg\" class=\"attachment-thumbnail size-thumbnail\" alt=\"\" \/><\/a>\n\t\t\t\t<\/dt><\/dl><br style=\"clear: both\" \/><dl class='gallery-item'>\n\t\t\t\t<dt class='gallery-icon landscape'>\n\t\t\t\t\t<a class=\"rollover rollover-zoom dt-pswp-item\" title=\"592f29da-01f5-438f-9dee-81c40f5ff62f\" data-dt-img-description=\"\" data-large_image_width=\"1599\" data-large_image_height=\"899\"href='https:\/\/www.radiopiu.net\/wordpress\/wp-content\/uploads\/2022\/08\/592f29da-01f5-438f-9dee-81c40f5ff62f.jpg'><img loading=\"lazy\" decoding=\"async\" width=\"150\" height=\"150\" src=\"https:\/\/www.radiopiu.net\/wordpress\/wp-content\/uploads\/2022\/08\/592f29da-01f5-438f-9dee-81c40f5ff62f-150x150.jpg\" class=\"attachment-thumbnail size-thumbnail\" alt=\"\" \/><\/a>\n\t\t\t\t<\/dt><\/dl><dl class='gallery-item'>\n\t\t\t\t<dt class='gallery-icon landscape'>\n\t\t\t\t\t<a class=\"rollover rollover-zoom dt-pswp-item\" title=\"b1459fe6-9da0-4106-8bed-566b530dc3ec\" data-dt-img-description=\"\" data-large_image_width=\"1296\" data-large_image_height=\"972\"href='https:\/\/www.radiopiu.net\/wordpress\/wp-content\/uploads\/2022\/08\/b1459fe6-9da0-4106-8bed-566b530dc3ec.jpg'><img loading=\"lazy\" decoding=\"async\" width=\"150\" height=\"150\" src=\"https:\/\/www.radiopiu.net\/wordpress\/wp-content\/uploads\/2022\/08\/b1459fe6-9da0-4106-8bed-566b530dc3ec-150x150.jpg\" class=\"attachment-thumbnail size-thumbnail\" alt=\"\" \/><\/a>\n\t\t\t\t<\/dt><\/dl><dl class='gallery-item'>\n\t\t\t\t<dt class='gallery-icon landscape'>\n\t\t\t\t\t<a class=\"rollover rollover-zoom dt-pswp-item\" title=\"dc47abfa-3d9b-45fd-a447-524200abf3db\" data-dt-img-description=\"\" data-large_image_width=\"1920\" data-large_image_height=\"1080\"href='https:\/\/www.radiopiu.net\/wordpress\/wp-content\/uploads\/2022\/08\/dc47abfa-3d9b-45fd-a447-524200abf3db.jpg'><img loading=\"lazy\" decoding=\"async\" width=\"150\" height=\"150\" src=\"https:\/\/www.radiopiu.net\/wordpress\/wp-content\/uploads\/2022\/08\/dc47abfa-3d9b-45fd-a447-524200abf3db-150x150.jpg\" class=\"attachment-thumbnail size-thumbnail\" alt=\"\" \/><\/a>\n\t\t\t\t<\/dt><\/dl><br style=\"clear: both\" \/><dl class='gallery-item'>\n\t\t\t\t<dt class='gallery-icon landscape'>\n\t\t\t\t\t<a class=\"rollover rollover-zoom dt-pswp-item\" title=\"16aff1c8-3740-4343-a3f1-1288bd57e48a\" data-dt-img-description=\"\" data-large_image_width=\"1920\" data-large_image_height=\"1080\"href='https:\/\/www.radiopiu.net\/wordpress\/wp-content\/uploads\/2022\/08\/16aff1c8-3740-4343-a3f1-1288bd57e48a.jpg'><img loading=\"lazy\" decoding=\"async\" width=\"150\" height=\"150\" src=\"https:\/\/www.radiopiu.net\/wordpress\/wp-content\/uploads\/2022\/08\/16aff1c8-3740-4343-a3f1-1288bd57e48a-150x150.jpg\" class=\"attachment-thumbnail size-thumbnail\" alt=\"\" \/><\/a>\n\t\t\t\t<\/dt><\/dl><dl class='gallery-item'>\n\t\t\t\t<dt class='gallery-icon portrait'>\n\t\t\t\t\t<a class=\"rollover rollover-zoom dt-pswp-item\" title=\"3015dfc7-03c4-46a8-b8d5-168c642882c5\" data-dt-img-description=\"\" data-large_image_width=\"899\" data-large_image_height=\"1599\"href='https:\/\/www.radiopiu.net\/wordpress\/wp-content\/uploads\/2022\/08\/3015dfc7-03c4-46a8-b8d5-168c642882c5.jpg'><img loading=\"lazy\" decoding=\"async\" width=\"150\" height=\"150\" src=\"https:\/\/www.radiopiu.net\/wordpress\/wp-content\/uploads\/2022\/08\/3015dfc7-03c4-46a8-b8d5-168c642882c5-150x150.jpg\" class=\"attachment-thumbnail size-thumbnail\" alt=\"\" \/><\/a>\n\t\t\t\t<\/dt><\/dl><dl class='gallery-item'>\n\t\t\t\t<dt class='gallery-icon landscape'>\n\t\t\t\t\t<a class=\"rollover rollover-zoom dt-pswp-item\" title=\"d2f5de6e-ac97-4004-accc-72fca15f9dfe\" data-dt-img-description=\"\" data-large_image_width=\"1599\" data-large_image_height=\"899\"href='https:\/\/www.radiopiu.net\/wordpress\/wp-content\/uploads\/2022\/08\/d2f5de6e-ac97-4004-accc-72fca15f9dfe.jpg'><img loading=\"lazy\" decoding=\"async\" width=\"150\" height=\"150\" src=\"https:\/\/www.radiopiu.net\/wordpress\/wp-content\/uploads\/2022\/08\/d2f5de6e-ac97-4004-accc-72fca15f9dfe-150x150.jpg\" class=\"attachment-thumbnail size-thumbnail\" alt=\"\" \/><\/a>\n\t\t\t\t<\/dt><\/dl><br style=\"clear: both\" \/>\n\t\t\t<\/div>\n\n<p>******<\/p>\n<p>&nbsp;<\/p>\n<hr \/>\n<p>&nbsp;<\/p>\n<blockquote>\n<h3>CHIUSO IL SENTIERO SPERTI<\/h3>\n<\/blockquote>\n<p><strong>BELLUNO<\/strong> In seguito a rilievi tecnici, l&#8217;Unione Montana Bellunese \u201cBelluno-Ponte nelle Alpi\u201d ha comunicato la stato di pericolosita\u0300 del sentiero attrezzato \u201cSperti\u201d, ferrata del gruppo dello Schiara. Si rende pertanto necessaria la chiusura con interdizione totale a qualsiasi percorribilita\u0300 dello stesso sentiero attrezzato \u201cSperti\u201d,\u00a0 fino alla completa eliminazione delle cause di pericolo.<\/p>\n<p>&nbsp;<\/p>\n<p>&nbsp;<\/p>\n<hr \/>\n<p>&nbsp;<\/p>\n<blockquote>\n<h3>OGGI LA PRESENTAZIONE DEL NUOVO LIBRO DI LISA DE LUCA<\/h3>\n<\/blockquote>\n<p><strong>AGORDO<\/strong><\/p>\n<p>di Gianni Santomaso<\/p>\n<audio class=\"wp-audio-shortcode\" id=\"audio-292161-6\" preload=\"none\" style=\"width: 100%;\" controls=\"controls\"><source type=\"audio\/mpeg\" src=\"https:\/\/www.radiopiu.net\/wordpress\/wp-content\/uploads\/2022\/08\/GIANNI-IL-NUOVO-LIBRO-DI-LISA-DE-LUCA.mp3?_=6\" \/><a href=\"https:\/\/www.radiopiu.net\/wordpress\/wp-content\/uploads\/2022\/08\/GIANNI-IL-NUOVO-LIBRO-DI-LISA-DE-LUCA.mp3\">https:\/\/www.radiopiu.net\/wordpress\/wp-content\/uploads\/2022\/08\/GIANNI-IL-NUOVO-LIBRO-DI-LISA-DE-LUCA.mp3<\/a><\/audio>\n<p>&nbsp;<\/p>\n<hr \/>\n<p>&nbsp;<\/p>\n<blockquote>\n<h3><a class=\"dt-pswp-item\" href=\"https:\/\/www.radiopiu.net\/wordpress\/wp-content\/uploads\/2022\/08\/1ffbf347-9450-4848-ab93-a99582fdb0b6.jpg\" data-dt-img-description=\"\" data-large_image_width=\"2048\" data-large_image_height=\"1536\"><img loading=\"lazy\" decoding=\"async\" class=\"size-thumbnail wp-image-292049 alignleft\" src=\"https:\/\/www.radiopiu.net\/wordpress\/wp-content\/uploads\/2022\/08\/1ffbf347-9450-4848-ab93-a99582fdb0b6-150x150.jpg\" alt=\"\" width=\"150\" height=\"150\" \/><\/a>RIAPRE L&#8217;OASI DI PAPA LUCIANI A GHISEL DI CENCENIGHE<\/h3>\n<\/blockquote>\n<p><strong>CENCENIGHE<\/strong> Verr\u00e0 riaperta ufficialmente domenica 14 agosto l&#8217;Oasi di Papa Luciani a Ghisel di Cencenighe. Un nuovo sentiero dopo quello distritto dalla tempesta Vaia, una nuova statua dedicata al Papa del sorriso ed energia pulita grazie ai pannelli fotovoltaici che sono stati installati. Domenica a partire dalle 10 la festa per la riapertura dell&#8217;oasi, alle 11 la santa messa e a seguire il pranzo a tutti coloro che vorranno essere presenti in questa giornata di festa.<\/p>\n<p>&nbsp;<\/p>\n<p>&nbsp;<\/p>\n<hr \/>\n<p>&nbsp;<\/p>\n<blockquote>\n<h2><a class=\"dt-pswp-item\" href=\"https:\/\/www.radiopiu.net\/wordpress\/wp-content\/uploads\/2022\/08\/aaa-7.jpg\" data-dt-img-description=\"\" data-large_image_width=\"553\" data-large_image_height=\"181\"><img loading=\"lazy\" decoding=\"async\" class=\"wp-image-291465 size-medium alignleft\" src=\"https:\/\/www.radiopiu.net\/wordpress\/wp-content\/uploads\/2022\/08\/aaa-7-300x98.jpg\" alt=\"\" width=\"300\" height=\"98\" srcset=\"https:\/\/www.radiopiu.net\/wordpress\/wp-content\/uploads\/2022\/08\/aaa-7-300x98.jpg 300w, https:\/\/www.radiopiu.net\/wordpress\/wp-content\/uploads\/2022\/08\/aaa-7.jpg 553w\" sizes=\"auto, (max-width: 300px) 100vw, 300px\" \/><\/a>MUSICA LIVE ESTATE 22&#8230;E CHE MUSICA!<\/h2>\n<\/blockquote>\n<p>IN PIAZZA A CANALE D&#8217;AGORDO, TRE APPUNTAMENTI PER RENDERE PIU&#8217; FRIZZANTE LA TUA ESTATE.<br \/>\nOggi dalle 21 MAGAZZINO COMMERCIALE, LA PIU&#8217; BELLA BUSICA DANCE DEGLI ANNI 90, DA ASCOLTARE, DA BALLARE. sabato 20 agosto dalle 21, THE JB BAND I grandi successi dei Blues Brothers insieme a brani culto degli anni 60-70-80. GRAN FINALE SABATO 27 AGOSTO alle 21 con lo spettacolo dei TIRATAIE, perch\u00e9 sulla loro piazza sanno dare sempre il meglio.\u00a0 CANALE D&#8217;AGORDO, ESTATE 22 IN PIAZZA&#8230; VI TENIAMO D&#8217;OCCHIO&#8230; PARDON D&#8217;ORECCHIO.<\/p>\n<p><strong><span style=\"color: #ff0000;\">ALLA RADIO, THE VOICE MORENO TOCCHETTO<\/span><\/strong><\/p>\n<audio class=\"wp-audio-shortcode\" id=\"audio-292161-7\" preload=\"none\" style=\"width: 100%;\" controls=\"controls\"><source type=\"audio\/mpeg\" src=\"https:\/\/www.radiopiu.net\/wordpress\/wp-content\/uploads\/2022\/08\/MUSICA-CANALE-LUGLIO-22.mp3?_=7\" \/><a href=\"https:\/\/www.radiopiu.net\/wordpress\/wp-content\/uploads\/2022\/08\/MUSICA-CANALE-LUGLIO-22.mp3\">https:\/\/www.radiopiu.net\/wordpress\/wp-content\/uploads\/2022\/08\/MUSICA-CANALE-LUGLIO-22.mp3<\/a><\/audio>\n<p>&nbsp;<\/p>\n<p>&nbsp;<\/p>\n<hr \/>\n<p>&nbsp;<\/p>\n<blockquote>\n<h3>QUATTRO USCITE ORGANIZZATE DAL GAMP<\/h3>\n<\/blockquote>\n<p><strong><a class=\"dt-pswp-item\" href=\"https:\/\/www.radiopiu.net\/wordpress\/wp-content\/uploads\/2022\/05\/closeup-of-a-colourful-mineral-stone-under-the-lights-isolated-on-a-white-background.jpg\" data-dt-img-description=\"\" data-large_image_width=\"1000\" data-large_image_height=\"667\"><img loading=\"lazy\" decoding=\"async\" class=\"size-thumbnail wp-image-274690 alignleft\" src=\"https:\/\/www.radiopiu.net\/wordpress\/wp-content\/uploads\/2022\/05\/closeup-of-a-colourful-mineral-stone-under-the-lights-isolated-on-a-white-background-150x150.jpg\" alt=\"\" width=\"150\" height=\"150\" \/><\/a>AGORDO<\/strong><\/p>\n<p>di Gianni Santomaso<\/p>\n<audio class=\"wp-audio-shortcode\" id=\"audio-292161-8\" preload=\"none\" style=\"width: 100%;\" controls=\"controls\"><source type=\"audio\/mpeg\" src=\"https:\/\/www.radiopiu.net\/wordpress\/wp-content\/uploads\/2022\/07\/GIANNI-ESCURSIONI-GAMP.mp3?_=8\" \/><a href=\"https:\/\/www.radiopiu.net\/wordpress\/wp-content\/uploads\/2022\/07\/GIANNI-ESCURSIONI-GAMP.mp3\">https:\/\/www.radiopiu.net\/wordpress\/wp-content\/uploads\/2022\/07\/GIANNI-ESCURSIONI-GAMP.mp3<\/a><\/audio>\n<p>&nbsp;<\/p>\n<hr \/>\n<p>&nbsp;<\/p>\n<blockquote>\n<h2><strong><a class=\"dt-pswp-item\" href=\"https:\/\/www.radiopiu.net\/wordpress\/wp-content\/uploads\/2022\/08\/7ea48a6c-63a0-4ed2-b46f-e11dcd93f648.jpg\" data-dt-img-description=\"\" data-large_image_width=\"1368\" data-large_image_height=\"1026\"><img loading=\"lazy\" decoding=\"async\" class=\"wp-image-291515 alignleft\" src=\"https:\/\/www.radiopiu.net\/wordpress\/wp-content\/uploads\/2022\/08\/7ea48a6c-63a0-4ed2-b46f-e11dcd93f648-1024x768.jpg\" alt=\"\" width=\"218\" height=\"164\" srcset=\"https:\/\/www.radiopiu.net\/wordpress\/wp-content\/uploads\/2022\/08\/7ea48a6c-63a0-4ed2-b46f-e11dcd93f648-1024x768.jpg 1024w, https:\/\/www.radiopiu.net\/wordpress\/wp-content\/uploads\/2022\/08\/7ea48a6c-63a0-4ed2-b46f-e11dcd93f648-300x225.jpg 300w, https:\/\/www.radiopiu.net\/wordpress\/wp-content\/uploads\/2022\/08\/7ea48a6c-63a0-4ed2-b46f-e11dcd93f648-768x576.jpg 768w, https:\/\/www.radiopiu.net\/wordpress\/wp-content\/uploads\/2022\/08\/7ea48a6c-63a0-4ed2-b46f-e11dcd93f648.jpg 1368w\" sizes=\"auto, (max-width: 218px) 100vw, 218px\" \/><\/a><\/strong><\/h2>\n<h2>DOMENICA 21 AGOSTO A PIAN DE LE FEMENE IL RICORDO<\/h2>\n<\/blockquote>\n<p>&nbsp;<\/p>\n<p><strong>BELLUNO<\/strong><\/p>\n<p><strong>DI ROBERTO BONA<\/strong><\/p>\n<p><strong>AUDIO\u00a0<\/strong><\/p>\n<audio class=\"wp-audio-shortcode\" id=\"audio-292161-9\" preload=\"none\" style=\"width: 100%;\" controls=\"controls\"><source type=\"audio\/mpeg\" src=\"https:\/\/www.radiopiu.net\/wordpress\/wp-content\/uploads\/2022\/08\/ROBERTO-BONA.mp3?_=9\" \/><a href=\"https:\/\/www.radiopiu.net\/wordpress\/wp-content\/uploads\/2022\/08\/ROBERTO-BONA.mp3\">https:\/\/www.radiopiu.net\/wordpress\/wp-content\/uploads\/2022\/08\/ROBERTO-BONA.mp3<\/a><\/audio>\n<p>&nbsp;<\/p>\n<hr \/>\n<p>&nbsp;<\/p>\n<h2><strong><a class=\"dt-pswp-item\" href=\"https:\/\/www.radiopiu.net\/wordpress\/wp-content\/uploads\/2022\/08\/giro-lago2.jpg\" data-dt-img-description=\"\" data-large_image_width=\"558\" data-large_image_height=\"316\"><img loading=\"lazy\" decoding=\"async\" class=\"size-thumbnail wp-image-290981 alignleft\" src=\"https:\/\/www.radiopiu.net\/wordpress\/wp-content\/uploads\/2022\/08\/giro-lago2-150x150.jpg\" alt=\"\" width=\"150\" height=\"150\" \/><\/a>IL GIRO DEL LAGO DI ALLEGHE E L&#8217;IMPEGNO DEGLI ALPINI<br \/>\n<\/strong><\/h2>\n<blockquote>\n<h3>IL GIRO DEL LAGO DI ALLEGHE<\/h3>\n<\/blockquote>\n<p><strong>ALLEGHE<\/strong> Torna il Giro del Lago di Alleghe in notturna: marcia non competitiva di 5,3 chilometri arrivata alla 42\u00aa edizione. Domenica 14 agosto da Masare&#8217; di Alleghe con l&#8217;Associazione Alpini, ANA Alleghe. Alle 12 apre il tendone con i piatti tipici, alle 21 il via alla competizione. Iscrizioni presso la sede gli alpini a Masare&#8217; entro le 20,45, oppure all&#8217;ufficio turistico, per tutti maglietta ricordo.<\/p>\n<p><strong>di Mirko Mezzacasa<\/strong><\/p>\n<p>Ospite: Sergio Valente e Siro De Biasio, Gruppo Alpini di Alleghe<\/p>\n<audio class=\"wp-audio-shortcode\" id=\"audio-292161-10\" preload=\"none\" style=\"width: 100%;\" controls=\"controls\"><source type=\"audio\/mpeg\" src=\"https:\/\/www.radiopiu.net\/wordpress\/wp-content\/uploads\/2022\/08\/SERGIO-VALENTE.mp3?_=10\" \/><a href=\"https:\/\/www.radiopiu.net\/wordpress\/wp-content\/uploads\/2022\/08\/SERGIO-VALENTE.mp3\">https:\/\/www.radiopiu.net\/wordpress\/wp-content\/uploads\/2022\/08\/SERGIO-VALENTE.mp3<\/a><\/audio>\n<blockquote>\n<h3><\/h3>\n<\/blockquote>\n<p>&nbsp;<\/p>\n<hr \/>\n<p>&nbsp;<\/p>\n<blockquote>\n<h3>LE MUSE E LE DOLOMITI AL CASTELLO DI ANDRAZ<\/h3>\n<\/blockquote>\n<p><strong>ODA HOSCHAIDER<\/strong><\/p>\n<audio class=\"wp-audio-shortcode\" id=\"audio-292161-11\" preload=\"none\" style=\"width: 100%;\" controls=\"controls\"><source type=\"audio\/mpeg\" src=\"https:\/\/www.radiopiu.net\/wordpress\/wp-content\/uploads\/2022\/08\/gr-12-le-muse-e-le-dolomiti-castello-andraz.mp3?_=11\" \/><a href=\"https:\/\/www.radiopiu.net\/wordpress\/wp-content\/uploads\/2022\/08\/gr-12-le-muse-e-le-dolomiti-castello-andraz.mp3\">https:\/\/www.radiopiu.net\/wordpress\/wp-content\/uploads\/2022\/08\/gr-12-le-muse-e-le-dolomiti-castello-andraz.mp3<\/a><\/audio>\n<p>&nbsp;<\/p>\n<hr \/>\n<p>&nbsp;<\/p>\n<blockquote>\n<h3>LA MADONA DE LA FORZELA CON GLI ALPINI DI SAN TOMASO<\/h3>\n<\/blockquote>\n<p><strong>SAN TOMASO<\/strong> \u00c8 in programma per domani &#8220;La Madona De La Forzela&#8221; con gli alpini di San Tomaso. Alle 10 il ritrovo presso la forcella di San Tomaso, alle 10:45 l&#8217;alzabandiera e a seguire la santa messa. Alle 12:30 il ristoro. Il ricavato della giornata sar\u00e0 devoluto al Gruppo Alpini di San Tomaso e alla Protezione Civile di San Tomaso. In caso di maltempo la manifestazione sar\u00e0 rinviata a data da destinarsi.<\/p>\n<p><span style=\"color: #ff0000;\">ECCO IL NUOVO CAMPANILE PER LA CHIESETTA CHE SARA&#8217; INAUGURATO IL 13 AGOSTO\u00a0<\/span><\/p>\n\n\t\t\t<style type='text\/css'>\n\t\t\t\t#gallery-8 {\n\t\t\t\t\tmargin: auto;\n\t\t\t\t}\n\t\t\t\t#gallery-8 .gallery-item {\n\t\t\t\t\tfloat: left;\n\t\t\t\t\tmargin-top: 10px;\n\t\t\t\t\ttext-align: center;\n\t\t\t\t\twidth: 33%;\n\t\t\t\t}\n\t\t\t\t#gallery-8 img {\n\t\t\t\t\tborder: 2px solid #cfcfcf;\n\t\t\t\t}\n\t\t\t\t#gallery-8 .gallery-caption {\n\t\t\t\t\tmargin-left: 0;\n\t\t\t\t}\n\t\t\t\t\/* see gallery_shortcode() in wp-includes\/media.php *\/\n\t\t\t<\/style>\n\t\t<div id='gallery-8' class='dt-gallery-container gallery galleryid-292161 gallery-columns-3 gallery-size-thumbnail'><dl class='gallery-item'>\n\t\t\t\t<dt class='gallery-icon portrait'>\n\t\t\t\t\t<a class=\"rollover rollover-zoom dt-pswp-item\" title=\"da0b3418-e26e-4306-b9f9-796dc1947f5e\" data-dt-img-description=\"\" data-large_image_width=\"1200\" data-large_image_height=\"1600\"href='https:\/\/www.radiopiu.net\/wordpress\/wp-content\/uploads\/2022\/08\/da0b3418-e26e-4306-b9f9-796dc1947f5e.jpg'><img loading=\"lazy\" decoding=\"async\" width=\"150\" height=\"150\" src=\"https:\/\/www.radiopiu.net\/wordpress\/wp-content\/uploads\/2022\/08\/da0b3418-e26e-4306-b9f9-796dc1947f5e-150x150.jpg\" class=\"attachment-thumbnail size-thumbnail\" alt=\"\" \/><\/a>\n\t\t\t\t<\/dt><\/dl><dl class='gallery-item'>\n\t\t\t\t<dt class='gallery-icon portrait'>\n\t\t\t\t\t<a class=\"rollover rollover-zoom dt-pswp-item\" title=\"715b2737-a10b-4156-b76b-3cd0b493e79f\" data-dt-img-description=\"\" data-large_image_width=\"1200\" data-large_image_height=\"1600\"href='https:\/\/www.radiopiu.net\/wordpress\/wp-content\/uploads\/2022\/08\/715b2737-a10b-4156-b76b-3cd0b493e79f.jpg'><img loading=\"lazy\" decoding=\"async\" width=\"150\" height=\"150\" src=\"https:\/\/www.radiopiu.net\/wordpress\/wp-content\/uploads\/2022\/08\/715b2737-a10b-4156-b76b-3cd0b493e79f-150x150.jpg\" class=\"attachment-thumbnail size-thumbnail\" alt=\"\" \/><\/a>\n\t\t\t\t<\/dt><\/dl><dl class='gallery-item'>\n\t\t\t\t<dt class='gallery-icon portrait'>\n\t\t\t\t\t<a class=\"rollover rollover-zoom dt-pswp-item\" title=\"5a24d72a-f47b-408a-9d86-66421e637e96\" data-dt-img-description=\"\" data-large_image_width=\"1488\" data-large_image_height=\"1984\"href='https:\/\/www.radiopiu.net\/wordpress\/wp-content\/uploads\/2022\/08\/5a24d72a-f47b-408a-9d86-66421e637e96.jpg'><img loading=\"lazy\" decoding=\"async\" width=\"150\" height=\"150\" src=\"https:\/\/www.radiopiu.net\/wordpress\/wp-content\/uploads\/2022\/08\/5a24d72a-f47b-408a-9d86-66421e637e96-150x150.jpg\" class=\"attachment-thumbnail size-thumbnail\" alt=\"\" \/><\/a>\n\t\t\t\t<\/dt><\/dl><br style=\"clear: both\" \/>\n\t\t\t<\/div>\n\n<p>&nbsp;<\/p>\n<p>&nbsp;<\/p>\n<hr \/>\n<p>&nbsp;<\/p>\n<blockquote>\n<h3>DOMANI L&#8217;ASSEMBLEA ORDINARIA DELL&#8217;AIPM<\/h3>\n<\/blockquote>\n<p><strong>AGORDO<\/strong> L&#8217;Associazione Periti Industriali Minerari di Agordo ha convocato l&#8217;assemblea ordinaria domani alle 15 in sala Don Tamis ad Agordo. Verranno presentate le relazioni sulle attivit\u00e0 2021\/22, il rendiconto economico 2021, il bilancio di previsione 2023. Sar\u00e0 presentato il libro autobiografico del perito minerario Renato Pietrogiovanna e verranno proiettate alcune interviste a dei periti minerari. Al termine rinfresco per tutti.<\/p>\n<p><strong>di Gianni Santomaso<\/strong><\/p>\n<audio class=\"wp-audio-shortcode\" id=\"audio-292161-12\" preload=\"none\" style=\"width: 100%;\" controls=\"controls\"><source type=\"audio\/mpeg\" src=\"https:\/\/www.radiopiu.net\/wordpress\/wp-content\/uploads\/2022\/08\/GIANNI-ASSEMBLEA-APIM.mp3?_=12\" \/><a href=\"https:\/\/www.radiopiu.net\/wordpress\/wp-content\/uploads\/2022\/08\/GIANNI-ASSEMBLEA-APIM.mp3\">https:\/\/www.radiopiu.net\/wordpress\/wp-content\/uploads\/2022\/08\/GIANNI-ASSEMBLEA-APIM.mp3<\/a><\/audio>\n<p>&nbsp;<\/p>\n<hr \/>\n<p>&nbsp;<\/p>\n<blockquote>\n<h3>LA FESTA DEL CACCIATORE A CANALE D&#8217;AGORDO<\/h3>\n<\/blockquote>\n<p><strong>CANALE D&#8217;AGORDO <\/strong>\u00c8 in programma nel fine settimana la Festa del cacciatore a Soia di Canale D&#8217;Agordo. Domani alle 10 la Santa Messa. A mezzogiorno e sera cucina aperta con piatti tipici, alle 15 la gara di briscola\u00a0 e alla sera musica con DJ Battaglia. Domenica alle 10 la consegna degli attestati ai cacciatori agordini, a mezzogiorno apertura delle cucine, alle 18 l&#8217;estrazione dei biglietti della lotteria e musica con Silver Music per tutta la giornata.<\/p>\n<p>&nbsp;<\/p>\n<p>&nbsp;<\/p>\n<hr \/>\n<p>&nbsp;<\/p>\n<blockquote>\n<h3>LA PRESENTAZIONE DEL LIBRO DI MATTEO RIGHETTO<\/h3>\n<\/blockquote>\n<p><strong>SELVA DI CADORE<\/strong> Domani al Rifugio Citt\u00e0 di Fiurme alle 14 Matteo Righetto presenta il libro La stanza delle mele. Accompagna l\u2019incontro il giornalista Titta Zampieri Letteratura, paesaggio, ambiente e futuro del territorio tra le montagne Patrimonio dell\u2019umanit\u00e0<\/p>\n<p>&nbsp;<\/p>\n<p>&nbsp;<\/p>\n<hr \/>\n<p>&nbsp;<\/p>\n<blockquote>\n<h3>MUSICA INTE LE VILE A SAN TOMASO<\/h3>\n<\/blockquote>\n<p><strong>SAN TOMASO<\/strong> Ritorna &#8220;Musica Inte Le Vile&#8221; organizzato da la Pro Loco di San Tomaso. Domani alle 17:30 il concerto del Trio Na Fuoia.<\/p>\n<p>&nbsp;<\/p>\n<p>&nbsp;<\/p>\n<hr \/>\n<p>&nbsp;<\/p>\n<blockquote>\n<h3>SABEDA ITE VILA A ROCCA PIETORE<\/h3>\n<\/blockquote>\n<p><strong>ROCCA PIETORE<\/strong> L&#8217;associazione Borgo di Sottoguda e il comune di Rocca Pietore organizzano &#8220;Sabeda ite vila&#8221;, il mercatino contadino in programma il 13 e 20 agosto dalle 10 in poi.<\/p>\n<p>&nbsp;<\/p>\n<p>&nbsp;<\/p>\n<hr \/>\n<p>&nbsp;<\/p>\n<blockquote>\n<h3>A VALLADA PROTAGONISTA IL MONTE CELENTONE<\/h3>\n<\/blockquote>\n<p><strong>VALLADA<\/strong> Oggi alle 18 presso la chiesa monumentale di San Simon a Vallada sar\u00e0 presente Marco Perale, studioso Bellunese, relatore della conferenza \u201cil nome del Celentone, testimone di un confine antico\u201d. Celentone \u00e8 il toponimo con cui \u00e8 chiamato il colle su cui sorge l\u2019antica chiesa e la leggenda identifica con lo stesso nome colui che introdusse il Cristianesimo nella valle nel 720 d.c. Leggenda o realt\u00e0 \u00e8 un fatto certo che questo colle sia stato un punto strategico nei secoli e proprio il suo nome sia la testimonianza di un&#8217;antica vicenda. Per scoprire di pi\u00f9 sulle origini della Valle del Biois e della sua storia l\u2019Union ladina Val Biois, la Pro Loco e il Comune di Vallada Agordina vi invitano alla serata che avr\u00e0 per cornice proprio l\u2019antico luogo in cui sono iniziate le ricerche storiche.<\/p>\n<p>&nbsp;<\/p>\n<p>&nbsp;<\/p>\n<hr \/>\n<p>&nbsp;<\/p>\n<blockquote>\n<h3>VISITE GUIDATE NELLA CHIESA DI AGORDO<\/h3>\n<\/blockquote>\n<p><strong>AGORDO<\/strong>\u00a0 Oggi dalle 10 alle 11 e mercoledi 17 agosto dalle 16 alle 17 visite guidate gratuita nella chiesa Arcidiaconale di Agordo. Informazioni all\u2019Ufficio turistico di Agordo.<\/p>\n<p><strong>di Gianni Santomaso<\/strong><\/p>\n<audio class=\"wp-audio-shortcode\" id=\"audio-292161-13\" preload=\"none\" style=\"width: 100%;\" controls=\"controls\"><source type=\"audio\/mpeg\" src=\"https:\/\/www.radiopiu.net\/wordpress\/wp-content\/uploads\/2022\/08\/GIANNI-VISITE-GUIDATE-ALLA-CHIESA-DI-AGORDO.mp3?_=13\" \/><a href=\"https:\/\/www.radiopiu.net\/wordpress\/wp-content\/uploads\/2022\/08\/GIANNI-VISITE-GUIDATE-ALLA-CHIESA-DI-AGORDO.mp3\">https:\/\/www.radiopiu.net\/wordpress\/wp-content\/uploads\/2022\/08\/GIANNI-VISITE-GUIDATE-ALLA-CHIESA-DI-AGORDO.mp3<\/a><\/audio>\n<p>&nbsp;<\/p>\n<hr \/>\n<p>&nbsp;<\/p>\n<blockquote>\n<h3>IL SUONO MAGICO DEL LEGNO<\/h3>\n<\/blockquote>\n<p><strong>ROCCA PIETORE<\/strong> Domenica 14 agosto a Sottoguda \u00e8 in programma &#8220;Il Suono Magico Del Legno&#8221; con il complesso degli archi del Friuli e del Veneto. Inizio alle 21 con entrata a offerta libera.<\/p>\n<p>&nbsp;<\/p>\n<p>&nbsp;<\/p>\n<hr \/>\n<p>&nbsp;<\/p>\n<blockquote>\n<h3>FERRAGOSTO AL LAGHETTO DI POLANE<\/h3>\n<\/blockquote>\n<p><strong>AGORDO<\/strong> Il Bacino n\u00b05 agordino organizza per il 15 agosto al laghetto di Polane di Agordo il Trofeo D&#8217;Isep, gara di pesca alla trota riservata ai Pierini, categorie cuccioli fino ad 8 anni e pierini dagli 8 ai 14 anni. Raduno alle 7 al Bar Schenot, inizio gara alle 8, alle 10:30 la pesatura e alle 11 le premiazioni. Iscrizioni presso il Bar Schenot 0437 63104 o Negozio D&#8217;Isep 0437 62411. Termine iscrizioni il 13 agosto, quota 15 euro.<\/p>\n<p>&nbsp;<\/p>\n<p>&nbsp;<\/p>\n<hr \/>\n<p>&nbsp;<\/p>\n<blockquote>\n<h3>DUGONE, IL TORNEO DI GREEN VOLLEY A CENCENIGHE<\/h3>\n<\/blockquote>\n<p><strong>CENCENIGHE<\/strong> U.S. Cencenighe, Comune e Pro Loco organizzano per domenica 21 agosto un torneo di green volley agli impianti sportivi. Due categorie: Senior dai 15 anni in su e Junior dai 9 ai 14 anni. In serata aperitivo con Oh Per Bacco e musica con DJ Jack. Per info ed iscrizioni scrivere a dugone.torneogreenvolly@gmail.com iscrizioni entro il 19 agosto.<\/p>\n<p>&nbsp;<\/p>\n<p>&nbsp;<\/p>\n<hr \/>\n<p>&nbsp;<\/p>\n<blockquote>\n<h3>LA FESTA DEI 100 ANNI DEL GRUPPO SPORTIVO FRASSENE&#8217;<\/h3>\n<\/blockquote>\n<p><strong><a class=\"dt-pswp-item\" href=\"https:\/\/www.radiopiu.net\/wordpress\/wp-content\/uploads\/2022\/08\/Schermata-2022-08-04-alle-12.23.41.png\" data-dt-img-description=\"\" data-large_image_width=\"1336\" data-large_image_height=\"1014\"><img loading=\"lazy\" decoding=\"async\" class=\"alignleft wp-image-290914 \" src=\"https:\/\/www.radiopiu.net\/wordpress\/wp-content\/uploads\/2022\/08\/Schermata-2022-08-04-alle-12.23.41-300x228.png\" alt=\"\" width=\"158\" height=\"120\" srcset=\"https:\/\/www.radiopiu.net\/wordpress\/wp-content\/uploads\/2022\/08\/Schermata-2022-08-04-alle-12.23.41-300x228.png 300w, https:\/\/www.radiopiu.net\/wordpress\/wp-content\/uploads\/2022\/08\/Schermata-2022-08-04-alle-12.23.41-1024x777.png 1024w, https:\/\/www.radiopiu.net\/wordpress\/wp-content\/uploads\/2022\/08\/Schermata-2022-08-04-alle-12.23.41-768x583.png 768w, https:\/\/www.radiopiu.net\/wordpress\/wp-content\/uploads\/2022\/08\/Schermata-2022-08-04-alle-12.23.41.png 1336w\" sizes=\"auto, (max-width: 158px) 100vw, 158px\" \/><\/a>VOLTAGO <\/strong>1922-2022 il primo secolo di vita del Gruppo Sportivo Frassen\u00e8: tre giorni di eventi al tendone nel parcheggio della chiesa. Venerdi&#8217; 9 settembre alle 18 apertura stand gastronomico e serata musicale con Sabrina Silvestrin. Sabato 10 voli panoramici in elicottero dalle 10 alle 15 e, fino alle 17 mercatini dell&#8217;artigianato, dalle 10 torneo di calcio del Poi, a mezzogiorno stand gastronomico, 16.30 Frassene&#8217; Cross, gare podistiche non competitive, 17 aperitivo con DJ Morgan e Battaglia, 19 cena e premiazioni, dalle 21 serata musicale con I Riflesso, chiusura con DJ Morgan e Battaglia. Domenica 11 alle 10 mostra sui 100 anni del Gruppo Sportivo Frassene&#8217; presso l&#8217;ex scuola Paolo Mosca, 11 sfilata dei gruppi associativi per le vie del paese, 12.30 pranzo, 15 presentazione libro &#8220;Il Primo Secolo Di Vita&#8221;. Il ricavato sar\u00e0 devoluto al Gruppo Sportivo Frasssen\u00e8.<\/p>\n<p>&nbsp;<\/p>\n<p>&nbsp;<\/p>\n<hr \/>\n<p>&nbsp;<\/p>\n<blockquote>\n<h3>PALAGHIACCIO DI ALLEGHE APERTO AL PUBBLICO<\/h3>\n<\/blockquote>\n<p><strong>ALLEGHE<\/strong> Apre al pubblico il palaghiaccio di Alleghe per il pattinaggio libero. Dal 1 agosto e fino al 2 settembre si potr\u00e0 pattinare dalle 16:30 alle 18:30 e dal 1 agosto all&#8217;11 settembre anche alla sera dalle 21 alle 23. Unico giorno di chiusura il 14 agosto. Per informazioni 0437 523176 o mail a segreteria@alleghehockey.com<\/p>\n<p>&nbsp;<\/p>\n<p>&nbsp;<\/p>\n<hr \/>\n<p>&nbsp;<\/p>\n<blockquote>\n<h3>SELVA DI CADORE. NEI VOLTI E TRADIZIONI DEI VECCHI LA PERSONALITA&#8217; DI CHI HA \u201cCOSTRUITO\u201d IL PRESENTE<\/h3>\n<\/blockquote>\n<p><strong>DI RENATO BONA<\/strong><\/p>\n<p>Pi\u00f9 si procede nella lettura-visione e pi\u00f9 si resta affascinati da \u201cSelva di Cadore come era (\u201cSelva da nosak\u00e0n\u201d in ladino) e dunque onore al merito per l\u2019autore dell\u2019ottimo libro, il selvese amico prof. Don Lorenzo Dell\u2019Andrea, che lo ha dato alle stampe ad iniziativa dell\u2019Union de i Ladi\u00f1 de Selva nel novembre del 1993 con la bellunese tipografia Piave. In risposta alle aspettative di molti dopo che nell\u2019agosto 1985 era stata allestita in paese una mostra di vecchie fotografie di paesaggi, case e persone, che ebbe grande successo. Siamo approdati al capitolo \u201cVolti e tradizioni\u201d con l\u2019autore a spiegare che: \u201c\u2026 Nelle foto che seguono vogliamo dare uno sguardo all\u2019uomo della nostra vallata e alle situazioni in cui esso si \u00e8 trovato a prescindere da quelle particolari, quali il lavoro, la scuola, il servizio militare, avvenimenti di risonanza\u201d. E cos\u00ec &#8211; secondo Dell\u2019Andrea &#8211; guardando i volti dei nostri vecchi, l\u2019eleganza di qualche loro gesto, la foggia del loro vestire, la fissit\u00e0 perduta di uno sguardo, la nobilt\u00e0 di una fisionomia o l\u2019intensit\u00e0 di una espressione potremo forse cogliere tanti aspetti della personalit\u00e0 dei nostri avi che hanno costruito il nostro presente e che ci hanno lasciato in eredit\u00e0 questo nostro paese\u201d. La prima immagine propone: Geltrude Monico (\u2018Tude dei D\u00e0dina\u2019, 1878-1975) sul poggiolo della sua casa a Zardin per una breve pausa tra un lavoro e l\u2019altro: casa, stalla, campi e prati\u2026; seguono quella di Maria Callegari (\u2018Maria de Ernesto\u2019, 1889-1972) \u201ccon la \u2018skudela da kuaranta\u2019 e i vestiti da lavoro, assieme ad alcuni familiari: a sinistra Teresa Monico in Callegari (\u2018Teresa de Luca\u2019) mentre mangia il \u2018disn\u00e0\u2019 ma potrebbe essere la \u2018marenda\u2019 (raccolta M. Grazia Callegari); e quella di Giovanna Monico (da destra: Isolina e Teresa Monico nel tipico abito d\u2019un tempo) con alcuni ospiti sulla panca esterna davanti alla \u2018ciesa de Trekoi\u2019 e accanto a quella \u2018de i loc\u2019; una nota caratteristica di vita familiare e paesana era data dalle panche in legno all\u2019esterno delle case dove uomini e donne si sedevano per mangiare con la scodella in mano, per discorrere, per lavorare o per leggere e, naturalmente, per brevi periodi di riposo.<br \/>\nIl terzetto ci mostra Flora De Mattia (da sinistra), Carmela e Angela Toffoli (\u2018Angela de Guera\u2019) circa l\u2019anno 1920, davanti al \u2018fest\u00ecl\u2019 di L\u2019Andria carico di fava; sulla fontana i secchi per l\u2019acqua, in primo piano un recipiente di legno (raccolta Iole Lorenzini Monico); e siamo a: \u201cPartenza per il \u2018piodek\u2019 a Toffol (apede la ciesa de Iko\u2019): il 10 giugno si stanno riunendo i rappresentanti di ogni famiglia, convocati dal \u2018kapovila\u2019 per un \u2018piodek\u2019, il lavoro gratuito che veniva (e talora ancora viene) comandato a tutte le famiglie per interventi di utilit\u00e0 comune: sgombero della neve, ripristino di strade, pulitura di boschi e prati ed altri; tutti portano gli attrezzi necessari. Si riconoscono: Lina Callegari Nicolai, Anna Toffoli, Amelio Monico, Cipriano Lorenzini, Enrico Nicolai, Armando Dell\u2019Andrea (raccolta Guido Nicolai). A proposito di \u2018piodek\u2019: \u2018a pal\u00e0 nef\u2019 sulla strada da Toffol e L\u2019Andria in occasione della eccezionale nevicata di fine gennaio 1976. Amelio Monico, Pietro Toffoli, Omero Nicolai, Rinaldo Nicolai allargano la strada caricando la neve nella \u2018benela\u2019 sulla slitta che Orfeo Nicolai si appresta a portare via (foto e raccolta Lorenzo Dell\u2019Andrea).Ed ecco alcuni compaesani di Santa Fosca e Pescul, da sinistra: Tita Brosa, Mansueto Cazzetta, Romano Chizzolin, Giobatta Chizzolin (\u2018Tita Monek\u2019), Ettore Buogo, Amedeo Lorenzini. Dell\u2019Andrea spiega che: \u201cGli abitanti dfi Santa Fosca e di Pdesculk formavano la \u2018Regola de Pescul\u2019 istituzione antichissima (come del resto le altre 4 Regole di Selva) e benemerita. I regolieri di Pescul ebbero per\u00f2 l\u2019accortezza (forse anche perch\u00e9 pi\u00f9 attaccati alle tradizioni) di approfittare delle possibilit\u00e0 di riconoscimenti dell\u2019istituto regoliero offerte qualche decennio fa dalla legge italiana\u201d. Dalla raccolta di Raffaella Dell\u2019Andrea l\u2019immagine di Leto Cazzetta \u2018de i Peruia\u2019) con la moglie. In piedi da sinistra: Amalia Cazzetta con il marito Amedeo Lorenzini, Emma Berolo con il marito Attilio Cazzetta, Virginia e Adamo Cazzetta. Tocca a due coppie: Rachele Echer e il marito Angelo De Filippo \u2018Keto Lela\u2019 (raccolta Angela Dell\u2019Andrea); Maria Monico (\u2018s\u00f2r de la Tilde de Severino\u2019) con il marito (raccolta Remo Martini); e a due gruppi: quello della famiglia Torre (\u2018dei Riz\u2019) di L\u2019Andria: Marisa Torre siede accanto al marito Daniele (\u2018Dani\u00e9l de i Riz\u2019, 1853-1926), in alto: Primo Torre (\u2018Pino de i Riz\u2019) e Antonio (\u2018Tonin de i Riz\u2019), raccolta Pietro Toffoli; ed il gruppo familiare che propone: Rachele Echer De Filippo seduta, nel locale costume ladino, con i figli Arcangelo \u2018Sloka\u2019, il pi\u00f9 piccolo (1906-1976) e Massimiliano ed Angela De Filippo (raccolta Mario Monico).<br \/>\nCi avviamo a conclusione di questa prima carrellata di immagini selvesi con quella di Oliva e Costantino Monico (raccolta Maria Dell\u2019Andrea Nicolai) e quella di un\u2019altra coppia: Lucia e Antonio Nicolai (1867-1944) all\u2019inizio del secolo. Mentre la donna \u00e8 in costume ladino locale, l\u2019uomo veste secondo la moda del tempo (raccolta Maria Dell\u2019Andrea Nicolai). Le ultime due foto ci mostrano, rispettivamente: Rosalia Callegari e Natale Toffoli \u2018de i Koda\u2019 (1864-1937), raccolta Carmela Toffoli; e: Antonio Torre con la moglie Santa (raccolta Antonio Torre).<\/p>\n\n\t\t\t<style type='text\/css'>\n\t\t\t\t#gallery-9 {\n\t\t\t\t\tmargin: auto;\n\t\t\t\t}\n\t\t\t\t#gallery-9 .gallery-item {\n\t\t\t\t\tfloat: left;\n\t\t\t\t\tmargin-top: 10px;\n\t\t\t\t\ttext-align: center;\n\t\t\t\t\twidth: 25%;\n\t\t\t\t}\n\t\t\t\t#gallery-9 img {\n\t\t\t\t\tborder: 2px solid #cfcfcf;\n\t\t\t\t}\n\t\t\t\t#gallery-9 .gallery-caption {\n\t\t\t\t\tmargin-left: 0;\n\t\t\t\t}\n\t\t\t\t\/* see gallery_shortcode() in wp-includes\/media.php *\/\n\t\t\t<\/style>\n\t\t<div id='gallery-9' class='dt-gallery-container gallery galleryid-292161 gallery-columns-4 gallery-size-thumbnail'><dl class='gallery-item'>\n\t\t\t\t<dt class='gallery-icon landscape'>\n\t\t\t\t\t<a class=\"rollover rollover-zoom dt-pswp-item\" title=\"298038552_751525526100762_6531066444434973193_n\" data-dt-img-description=\"\" data-large_image_width=\"601\" data-large_image_height=\"403\"href='https:\/\/www.radiopiu.net\/wordpress\/wp-content\/uploads\/2022\/08\/298038552_751525526100762_6531066444434973193_n.jpg'><img loading=\"lazy\" decoding=\"async\" width=\"150\" height=\"150\" src=\"https:\/\/www.radiopiu.net\/wordpress\/wp-content\/uploads\/2022\/08\/298038552_751525526100762_6531066444434973193_n-150x150.jpg\" class=\"attachment-thumbnail size-thumbnail\" alt=\"\" \/><\/a>\n\t\t\t\t<\/dt><\/dl><dl class='gallery-item'>\n\t\t\t\t<dt class='gallery-icon portrait'>\n\t\t\t\t\t<a class=\"rollover rollover-zoom dt-pswp-item\" title=\"298125357_798356524929757_6442900407762133791_n\" data-dt-img-description=\"\" data-large_image_width=\"309\" data-large_image_height=\"480\"href='https:\/\/www.radiopiu.net\/wordpress\/wp-content\/uploads\/2022\/08\/298125357_798356524929757_6442900407762133791_n.jpg'><img loading=\"lazy\" decoding=\"async\" width=\"150\" height=\"150\" src=\"https:\/\/www.radiopiu.net\/wordpress\/wp-content\/uploads\/2022\/08\/298125357_798356524929757_6442900407762133791_n-150x150.jpg\" class=\"attachment-thumbnail size-thumbnail\" alt=\"\" \/><\/a>\n\t\t\t\t<\/dt><\/dl><dl class='gallery-item'>\n\t\t\t\t<dt class='gallery-icon portrait'>\n\t\t\t\t\t<a class=\"rollover rollover-zoom dt-pswp-item\" title=\"298141650_599350411693699_1718332437602191822_n\" data-dt-img-description=\"\" data-large_image_width=\"309\" data-large_image_height=\"403\"href='https:\/\/www.radiopiu.net\/wordpress\/wp-content\/uploads\/2022\/08\/298141650_599350411693699_1718332437602191822_n.jpg'><img loading=\"lazy\" decoding=\"async\" width=\"150\" height=\"150\" src=\"https:\/\/www.radiopiu.net\/wordpress\/wp-content\/uploads\/2022\/08\/298141650_599350411693699_1718332437602191822_n-150x150.jpg\" class=\"attachment-thumbnail size-thumbnail\" alt=\"\" \/><\/a>\n\t\t\t\t<\/dt><\/dl><dl class='gallery-item'>\n\t\t\t\t<dt class='gallery-icon portrait'>\n\t\t\t\t\t<a class=\"rollover rollover-zoom dt-pswp-item\" title=\"298153791_645698946499525_2473111587080431674_n\" data-dt-img-description=\"\" data-large_image_width=\"320\" data-large_image_height=\"399\"href='https:\/\/www.radiopiu.net\/wordpress\/wp-content\/uploads\/2022\/08\/298153791_645698946499525_2473111587080431674_n.jpg'><img loading=\"lazy\" decoding=\"async\" width=\"150\" height=\"150\" src=\"https:\/\/www.radiopiu.net\/wordpress\/wp-content\/uploads\/2022\/08\/298153791_645698946499525_2473111587080431674_n-150x150.jpg\" class=\"attachment-thumbnail size-thumbnail\" alt=\"\" \/><\/a>\n\t\t\t\t<\/dt><\/dl><br style=\"clear: both\" \/><dl class='gallery-item'>\n\t\t\t\t<dt class='gallery-icon landscape'>\n\t\t\t\t\t<a class=\"rollover rollover-zoom dt-pswp-item\" title=\"298579940_470395674558349_1469033772427374568_n\" data-dt-img-description=\"\" data-large_image_width=\"646\" data-large_image_height=\"403\"href='https:\/\/www.radiopiu.net\/wordpress\/wp-content\/uploads\/2022\/08\/298579940_470395674558349_1469033772427374568_n.jpg'><img loading=\"lazy\" decoding=\"async\" width=\"150\" height=\"150\" src=\"https:\/\/www.radiopiu.net\/wordpress\/wp-content\/uploads\/2022\/08\/298579940_470395674558349_1469033772427374568_n-150x150.jpg\" class=\"attachment-thumbnail size-thumbnail\" alt=\"\" \/><\/a>\n\t\t\t\t<\/dt><\/dl><dl class='gallery-item'>\n\t\t\t\t<dt class='gallery-icon landscape'>\n\t\t\t\t\t<a class=\"rollover rollover-zoom dt-pswp-item\" title=\"298227871_613562600153867_5979396801835329132_n\" data-dt-img-description=\"\" data-large_image_width=\"720\" data-large_image_height=\"400\"href='https:\/\/www.radiopiu.net\/wordpress\/wp-content\/uploads\/2022\/08\/298227871_613562600153867_5979396801835329132_n.jpg'><img loading=\"lazy\" decoding=\"async\" width=\"150\" height=\"150\" src=\"https:\/\/www.radiopiu.net\/wordpress\/wp-content\/uploads\/2022\/08\/298227871_613562600153867_5979396801835329132_n-150x150.jpg\" class=\"attachment-thumbnail size-thumbnail\" alt=\"\" \/><\/a>\n\t\t\t\t<\/dt><\/dl><dl class='gallery-item'>\n\t\t\t\t<dt class='gallery-icon landscape'>\n\t\t\t\t\t<a class=\"rollover rollover-zoom dt-pswp-item\" title=\"297945542_651267375878609_7178376174464936084_n\" data-dt-img-description=\"\" data-large_image_width=\"640\" data-large_image_height=\"400\"href='https:\/\/www.radiopiu.net\/wordpress\/wp-content\/uploads\/2022\/08\/297945542_651267375878609_7178376174464936084_n.jpg'><img loading=\"lazy\" decoding=\"async\" width=\"150\" height=\"150\" src=\"https:\/\/www.radiopiu.net\/wordpress\/wp-content\/uploads\/2022\/08\/297945542_651267375878609_7178376174464936084_n-150x150.jpg\" class=\"attachment-thumbnail size-thumbnail\" alt=\"\" \/><\/a>\n\t\t\t\t<\/dt><\/dl><dl class='gallery-item'>\n\t\t\t\t<dt class='gallery-icon landscape'>\n\t\t\t\t\t<a class=\"rollover rollover-zoom dt-pswp-item\" title=\"298330145_757123148936962_1666877609813274184_n\" data-dt-img-description=\"\" data-large_image_width=\"671\" data-large_image_height=\"403\"href='https:\/\/www.radiopiu.net\/wordpress\/wp-content\/uploads\/2022\/08\/298330145_757123148936962_1666877609813274184_n.jpg'><img loading=\"lazy\" decoding=\"async\" width=\"150\" height=\"150\" src=\"https:\/\/www.radiopiu.net\/wordpress\/wp-content\/uploads\/2022\/08\/298330145_757123148936962_1666877609813274184_n-150x150.jpg\" class=\"attachment-thumbnail size-thumbnail\" alt=\"\" \/><\/a>\n\t\t\t\t<\/dt><\/dl><br style=\"clear: both\" \/><dl class='gallery-item'>\n\t\t\t\t<dt class='gallery-icon portrait'>\n\t\t\t\t\t<a class=\"rollover rollover-zoom dt-pswp-item\" title=\"298913830_398507615721046_6326381082600009372_n\" data-dt-img-description=\"\" data-large_image_width=\"320\" data-large_image_height=\"454\"href='https:\/\/www.radiopiu.net\/wordpress\/wp-content\/uploads\/2022\/08\/298913830_398507615721046_6326381082600009372_n.jpg'><img loading=\"lazy\" decoding=\"async\" width=\"150\" height=\"150\" src=\"https:\/\/www.radiopiu.net\/wordpress\/wp-content\/uploads\/2022\/08\/298913830_398507615721046_6326381082600009372_n-150x150.jpg\" class=\"attachment-thumbnail size-thumbnail\" alt=\"\" \/><\/a>\n\t\t\t\t<\/dt><\/dl><dl class='gallery-item'>\n\t\t\t\t<dt class='gallery-icon portrait'>\n\t\t\t\t\t<a class=\"rollover rollover-zoom dt-pswp-item\" title=\"298136052_586098979787847_7092425300096341410_n\" data-dt-img-description=\"\" data-large_image_width=\"320\" data-large_image_height=\"466\"href='https:\/\/www.radiopiu.net\/wordpress\/wp-content\/uploads\/2022\/08\/298136052_586098979787847_7092425300096341410_n.jpg'><img loading=\"lazy\" decoding=\"async\" width=\"150\" height=\"150\" src=\"https:\/\/www.radiopiu.net\/wordpress\/wp-content\/uploads\/2022\/08\/298136052_586098979787847_7092425300096341410_n-150x150.jpg\" class=\"attachment-thumbnail size-thumbnail\" alt=\"\" \/><\/a>\n\t\t\t\t<\/dt><\/dl><dl class='gallery-item'>\n\t\t\t\t<dt class='gallery-icon portrait'>\n\t\t\t\t\t<a class=\"rollover rollover-zoom dt-pswp-item\" title=\"298722912_746072196658531_3663993412137812346_n\" data-dt-img-description=\"\" data-large_image_width=\"316\" data-large_image_height=\"480\"href='https:\/\/www.radiopiu.net\/wordpress\/wp-content\/uploads\/2022\/08\/298722912_746072196658531_3663993412137812346_n.jpg'><img loading=\"lazy\" decoding=\"async\" width=\"150\" height=\"150\" src=\"https:\/\/www.radiopiu.net\/wordpress\/wp-content\/uploads\/2022\/08\/298722912_746072196658531_3663993412137812346_n-150x150.jpg\" class=\"attachment-thumbnail size-thumbnail\" alt=\"\" \/><\/a>\n\t\t\t\t<\/dt><\/dl><dl class='gallery-item'>\n\t\t\t\t<dt class='gallery-icon portrait'>\n\t\t\t\t\t<a class=\"rollover rollover-zoom dt-pswp-item\" title=\"298774271_3407184049505310_8943947377168915337_n\" data-dt-img-description=\"\" data-large_image_width=\"301\" data-large_image_height=\"403\"href='https:\/\/www.radiopiu.net\/wordpress\/wp-content\/uploads\/2022\/08\/298774271_3407184049505310_8943947377168915337_n.jpg'><img loading=\"lazy\" decoding=\"async\" width=\"150\" height=\"150\" src=\"https:\/\/www.radiopiu.net\/wordpress\/wp-content\/uploads\/2022\/08\/298774271_3407184049505310_8943947377168915337_n-150x150.jpg\" class=\"attachment-thumbnail size-thumbnail\" alt=\"\" \/><\/a>\n\t\t\t\t<\/dt><\/dl><br style=\"clear: both\" \/><dl class='gallery-item'>\n\t\t\t\t<dt class='gallery-icon portrait'>\n\t\t\t\t\t<a class=\"rollover rollover-zoom dt-pswp-item\" title=\"298387704_5572826706114862_8987249448968303901_n\" data-dt-img-description=\"\" data-large_image_width=\"300\" data-large_image_height=\"480\"href='https:\/\/www.radiopiu.net\/wordpress\/wp-content\/uploads\/2022\/08\/298387704_5572826706114862_8987249448968303901_n.jpg'><img loading=\"lazy\" decoding=\"async\" width=\"150\" height=\"150\" src=\"https:\/\/www.radiopiu.net\/wordpress\/wp-content\/uploads\/2022\/08\/298387704_5572826706114862_8987249448968303901_n-150x150.jpg\" class=\"attachment-thumbnail size-thumbnail\" alt=\"\" \/><\/a>\n\t\t\t\t<\/dt><\/dl><dl class='gallery-item'>\n\t\t\t\t<dt class='gallery-icon portrait'>\n\t\t\t\t\t<a class=\"rollover rollover-zoom dt-pswp-item\" title=\"298602426_623985199024773_857616911398596220_n\" data-dt-img-description=\"\" data-large_image_width=\"320\" data-large_image_height=\"480\"href='https:\/\/www.radiopiu.net\/wordpress\/wp-content\/uploads\/2022\/08\/298602426_623985199024773_857616911398596220_n.jpg'><img loading=\"lazy\" decoding=\"async\" width=\"150\" height=\"150\" src=\"https:\/\/www.radiopiu.net\/wordpress\/wp-content\/uploads\/2022\/08\/298602426_623985199024773_857616911398596220_n-150x150.jpg\" class=\"attachment-thumbnail size-thumbnail\" alt=\"\" \/><\/a>\n\t\t\t\t<\/dt><\/dl><dl class='gallery-item'>\n\t\t\t\t<dt class='gallery-icon portrait'>\n\t\t\t\t\t<a class=\"rollover rollover-zoom dt-pswp-item\" title=\"298266899_1262519291167354_3942704353019026230_n\" data-dt-img-description=\"\" data-large_image_width=\"320\" data-large_image_height=\"528\"href='https:\/\/www.radiopiu.net\/wordpress\/wp-content\/uploads\/2022\/08\/298266899_1262519291167354_3942704353019026230_n.jpg'><img loading=\"lazy\" decoding=\"async\" width=\"150\" height=\"150\" src=\"https:\/\/www.radiopiu.net\/wordpress\/wp-content\/uploads\/2022\/08\/298266899_1262519291167354_3942704353019026230_n-150x150.jpg\" class=\"attachment-thumbnail size-thumbnail\" alt=\"\" \/><\/a>\n\t\t\t\t<\/dt><\/dl><dl class='gallery-item'>\n\t\t\t\t<dt class='gallery-icon portrait'>\n\t\t\t\t\t<a class=\"rollover rollover-zoom dt-pswp-item\" title=\"298277446_635525877693939_116313831650324508_n\" data-dt-img-description=\"\" data-large_image_width=\"320\" data-large_image_height=\"456\"href='https:\/\/www.radiopiu.net\/wordpress\/wp-content\/uploads\/2022\/08\/298277446_635525877693939_116313831650324508_n.jpg'><img loading=\"lazy\" decoding=\"async\" width=\"150\" height=\"150\" src=\"https:\/\/www.radiopiu.net\/wordpress\/wp-content\/uploads\/2022\/08\/298277446_635525877693939_116313831650324508_n-150x150.jpg\" class=\"attachment-thumbnail size-thumbnail\" alt=\"\" \/><\/a>\n\t\t\t\t<\/dt><\/dl><br style=\"clear: both\" \/>\n\t\t\t<\/div>\n\n<p>&nbsp;<\/p>\n<p>&nbsp;<\/p>\n<hr \/>\n<p>&nbsp;<\/p>\n<h2><span style=\"color: #800080;\">SPECIALE EP CENTER &#8211; 11 AGOSTO 2022<\/span><\/h2>\n<p>SI PARLA DI: Allestimenti domestici per le criticit\u00e0 ambientali<\/p>\n<p>In studio: Francesco Zilio<\/p>\n<p><iframe loading=\"lazy\" title=\"SPECIALE EP CENTER - 11 AGOSTO 2022\" width=\"1200\" height=\"675\" src=\"https:\/\/www.youtube.com\/embed\/_OlS34jCzCM?feature=oembed\" frameborder=\"0\" allow=\"accelerometer; autoplay; clipboard-write; encrypted-media; gyroscope; picture-in-picture\" allowfullscreen><\/iframe><\/p>\n<p>&nbsp;<\/p>\n<hr \/>\n<p>&nbsp;<\/p>\n<div>\n<div class=\"b654a4as d2edcug0\">\n<div class=\"rq0escxv hkbzh7o3 jwdofwj8 n8tt0mok r8blr3vg hyh9befq\">\n<p><a class=\"dt-pswp-item\" href=\"https:\/\/www.radiopiu.net\/wordpress\/wp-content\/uploads\/2020\/10\/pp.jpg\" data-dt-img-description=\"\" data-large_image_width=\"640\" data-large_image_height=\"640\"><img loading=\"lazy\" decoding=\"async\" class=\"wp-image-163678 alignleft\" src=\"https:\/\/www.radiopiu.net\/wordpress\/wp-content\/uploads\/2020\/10\/pp-300x300.jpg\" alt=\"\" width=\"106\" height=\"106\" srcset=\"https:\/\/www.radiopiu.net\/wordpress\/wp-content\/uploads\/2020\/10\/pp-300x300.jpg 300w, https:\/\/www.radiopiu.net\/wordpress\/wp-content\/uploads\/2020\/10\/pp-150x150.jpg 150w, https:\/\/www.radiopiu.net\/wordpress\/wp-content\/uploads\/2020\/10\/pp-125x125.jpg 125w, https:\/\/www.radiopiu.net\/wordpress\/wp-content\/uploads\/2020\/10\/pp-200x200.jpg 200w, https:\/\/www.radiopiu.net\/wordpress\/wp-content\/uploads\/2020\/10\/pp-80x80.jpg 80w, https:\/\/www.radiopiu.net\/wordpress\/wp-content\/uploads\/2020\/10\/pp-480x480.jpg 480w, https:\/\/www.radiopiu.net\/wordpress\/wp-content\/uploads\/2020\/10\/pp.jpg 640w\" sizes=\"auto, (max-width: 106px) 100vw, 106px\" \/><\/a><\/p>\n<\/div>\n<\/div>\n<\/div>\n<div>\n<div class=\"page-title-head hgroup\">\n<div class=\"page-title-head hgroup\">\n<div class=\"b654a4as d2edcug0\">\n<div class=\"j83agx80 btwxx1t3 lhclo0ds hop8lmos nkwizq5d scwd0bx6 roh60bw9\">\n<div class=\"rq0escxv hkbzh7o3 jwdofwj8 n8tt0mok r8blr3vg hyh9befq\">\n<div class=\"do00u71z l9j0dhe7 k4urcfbm\">\n<h2><span style=\"color: #000080;\">DON CESARE, IL PENSIERO DEL GIORNO. ALLA RADIO ALLE 7 DEL MATTINO E ALLE 19.30 DELLA SERA.\u00a0<\/span><\/h2>\n<\/div>\n<\/div>\n<\/div>\n<\/div>\n<\/div>\n<\/div>\n<\/div>\n<div class=\"do00u71z l9j0dhe7 k4urcfbm\">\n<div class=\"page-title-head hgroup\">\n<div class=\"page-title-head hgroup\">\n<div class=\"b654a4as d2edcug0\">\n<div class=\"j83agx80 btwxx1t3 lhclo0ds hop8lmos nkwizq5d scwd0bx6 roh60bw9\">\n<div class=\"rq0escxv hkbzh7o3 jwdofwj8 n8tt0mok r8blr3vg hyh9befq\">\n<div class=\"do00u71z l9j0dhe7 k4urcfbm\">\n<div class=\"page-title-head hgroup\">\n<div class=\"page-title-head hgroup\">\n<div class=\"b654a4as d2edcug0\">\n<div class=\"j83agx80 btwxx1t3 lhclo0ds hop8lmos nkwizq5d scwd0bx6 roh60bw9\">\n<div class=\"rq0escxv hkbzh7o3 jwdofwj8 n8tt0mok r8blr3vg hyh9befq\">\n<div class=\"do00u71z l9j0dhe7 k4urcfbm\">\n<div class=\"ecm0bbzt e5nlhep0 a8c37x1j\">\n<div class=\"kvgmc6g5 cxmmr5t8 oygrvhab hcukyx3x c1et5uql\">\n<div class=\"gmail-kvgmc6g5 gmail-cxmmr5t8 gmail-oygrvhab gmail-hcukyx3x gmail-c1et5uql gmail-ii04i59q\">\n<div class=\"page-title-head hgroup\">\n<div class=\"page-title-head hgroup\">\n<div class=\"b654a4as d2edcug0\">\n<div class=\"j83agx80 btwxx1t3 lhclo0ds hop8lmos nkwizq5d scwd0bx6 roh60bw9\">\n<div class=\"rq0escxv hkbzh7o3 jwdofwj8 n8tt0mok r8blr3vg hyh9befq\">\n<div class=\"do00u71z l9j0dhe7 k4urcfbm\">\n<div class=\"page-title-head hgroup\">\n<div class=\"page-title-head hgroup\">\n<div class=\"b654a4as d2edcug0\">\n<div class=\"j83agx80 btwxx1t3 lhclo0ds hop8lmos nkwizq5d scwd0bx6 roh60bw9\">\n<div class=\"rq0escxv hkbzh7o3 jwdofwj8 n8tt0mok r8blr3vg hyh9befq\">\n<div class=\"do00u71z l9j0dhe7 k4urcfbm\">\n<div class=\"page-title-head hgroup\">\n<div class=\"page-title-head hgroup\">\n<div class=\"b654a4as d2edcug0\">\n<div class=\"j83agx80 btwxx1t3 lhclo0ds hop8lmos nkwizq5d scwd0bx6 roh60bw9\">\n<div class=\"rq0escxv hkbzh7o3 jwdofwj8 n8tt0mok r8blr3vg hyh9befq\">\n<div class=\"do00u71z l9j0dhe7 k4urcfbm\">\n<div class=\"ecm0bbzt e5nlhep0 a8c37x1j\">\n<div class=\"kvgmc6g5 cxmmr5t8 oygrvhab hcukyx3x c1et5uql\">\n<div class=\"gmail-kvgmc6g5 gmail-cxmmr5t8 gmail-oygrvhab gmail-hcukyx3x gmail-c1et5uql gmail-ii04i59q\">\n<div class=\"page-title-head hgroup\">\n<div class=\"page-title-head hgroup\">\n<div class=\"b654a4as d2edcug0\">\n<div class=\"j83agx80 btwxx1t3 lhclo0ds hop8lmos nkwizq5d scwd0bx6 roh60bw9\">\n<div class=\"rq0escxv hkbzh7o3 jwdofwj8 n8tt0mok r8blr3vg hyh9befq\">\n<div><\/div>\n<div class=\"do00u71z l9j0dhe7 k4urcfbm\">\n<audio class=\"wp-audio-shortcode\" id=\"audio-292161-14\" preload=\"none\" style=\"width: 100%;\" controls=\"controls\"><source type=\"audio\/mpeg\" src=\"https:\/\/www.radiopiu.net\/wordpress\/wp-content\/uploads\/2022\/08\/CESARE-8.mp3?_=14\" \/><a href=\"https:\/\/www.radiopiu.net\/wordpress\/wp-content\/uploads\/2022\/08\/CESARE-8.mp3\">https:\/\/www.radiopiu.net\/wordpress\/wp-content\/uploads\/2022\/08\/CESARE-8.mp3<\/a><\/audio>\n<p>&nbsp;<\/p>\n<hr \/>\n<p>&nbsp;<\/p>\n<p><span style=\"color: #0000ff;\">MUSICA PIU&#8217;\u00a0<\/span><\/p>\n<p><a href=\"https:\/\/www.radiopiu.net\/wordpress\/giornale-radiopiu-20-settembre-2021-direttore-mirko-mezzacasa\/pp-79\/\" rel=\"attachment wp-att-232921\"><img loading=\"lazy\" decoding=\"async\" class=\"wp-image-232921 alignleft\" src=\"https:\/\/www.radiopiu.net\/wordpress\/wp-content\/uploads\/2021\/09\/pp-1-300x300.jpg\" alt=\"\" width=\"135\" height=\"135\" srcset=\"https:\/\/www.radiopiu.net\/wordpress\/wp-content\/uploads\/2021\/09\/pp-1-300x300.jpg 300w, https:\/\/www.radiopiu.net\/wordpress\/wp-content\/uploads\/2021\/09\/pp-1-150x150.jpg 150w, https:\/\/www.radiopiu.net\/wordpress\/wp-content\/uploads\/2021\/09\/pp-1.jpg 640w\" sizes=\"auto, (max-width: 135px) 100vw, 135px\" \/><\/a><\/p>\n<div class=\"mkdf-post-text\">\n<div class=\"mkdf-post-text-inner\">\n<div class=\"mkdf-post-text-main\">\n<div class=\"mkdf-post-text\">\n<div class=\"mkdf-post-text-inner\">\n<div class=\"mkdf-post-text-main\">\n<div class=\"mkdf-post-text\">\n<div class=\"mkdf-post-text-inner\">\n<div class=\"mkdf-post-text-main\">\n<div class=\"page-title-head hgroup\">\n<div class=\"page-title-head hgroup\">\n<div class=\"mkdf-post-text\">\n<div class=\"mkdf-post-text-inner\">\n<div class=\"mkdf-post-text-main\">\n<div class=\"mkdf-post-text\">\n<div class=\"mkdf-post-text-inner\">\n<div class=\"mkdf-post-text-main\">\n<div class=\"page-title-head hgroup\">\n<div class=\"page-title-head hgroup\">\n<div class=\"page-title-head hgroup\">\n<div class=\"page-title-head hgroup\">\n<div class=\"b654a4as d2edcug0\">\n<div class=\"page-title-head hgroup\">\n<div class=\"page-title-head hgroup\">\n<div class=\"page-title-head hgroup\">\n<div class=\"page-title-head hgroup\">\n<div class=\"b654a4as d2edcug0\">\n<div class=\"page-title-head hgroup\">\n<div class=\"page-title-head hgroup\">\n<div class=\"page-title-head hgroup\">\n<div class=\"page-title-head hgroup\">\n<div class=\"b654a4as d2edcug0\">\n<div class=\"mkdf-post-text\">\n<div class=\"mkdf-post-text-inner\">\n<div class=\"mkdf-post-text-main\">\n<div class=\"mkdf-post-text\">\n<div class=\"mkdf-post-text-inner\">\n<div class=\"mkdf-post-text-main\">\n<div class=\"mkdf-post-text\">\n<div class=\"mkdf-post-text-inner\">\n<div class=\"mkdf-post-text-main\">\n<div class=\"page-title-head hgroup\">\n<div class=\"page-title-head hgroup\">\n<div class=\"mkdf-post-text\">\n<div class=\"mkdf-post-text-inner\">\n<div class=\"mkdf-post-text-main\">\n<div class=\"mkdf-post-text\">\n<div class=\"mkdf-post-text-inner\">\n<div class=\"mkdf-post-text-main\">\n<div class=\"page-title-head hgroup\">\n<div class=\"page-title-head hgroup\">\n<div class=\"page-title-head hgroup\">\n<div class=\"page-title-head hgroup\">\n<div class=\"b654a4as d2edcug0\">\n<div class=\"page-title-head hgroup\">\n<div class=\"page-title-head hgroup\">\n<div class=\"page-title-head hgroup\">\n<div class=\"page-title-head hgroup\">\n<div class=\"b654a4as d2edcug0\">\n<div class=\"page-title-head hgroup\">\n<div class=\"page-title-head hgroup\">\n<div class=\"page-title-head hgroup\">\n<div class=\"page-title-head hgroup\">\n<div class=\"b654a4as d2edcug0\">\n<div><\/div>\n<div><\/div>\n<div>\n<p><strong>MUSICA ALLA RADIO, IL PROGRAMMA DI LORIS SCUSSEL &#8220;COLLAGE OPERAZIONE NOSTALGIA&#8221; DAL LUNEDI AL VENERDI ALLE 16.00\u00a0 E ALLE 23\u00a0<\/strong><\/p>\n<\/div>\n<\/div>\n<p>&nbsp;<\/p>\n<p>&nbsp;<\/p>\n<div class=\"b654a4as d2edcug0\">\n<blockquote>\n<h3>COLLAGE OPERAZIONE NOSTALGIA TANTE DIVERSE PROPOSTE.<\/h3>\n<\/blockquote>\n<p><span style=\"font-size: medium;\"><a class=\"dt-pswp-item\" href=\"https:\/\/www.radiopiu.net\/wordpress\/wp-content\/uploads\/2022\/08\/Clapton-e-Winwood.jpeg\" data-dt-img-description=\"\" data-large_image_width=\"534\" data-large_image_height=\"693\"><img loading=\"lazy\" decoding=\"async\" class=\"size-thumbnail wp-image-291460 alignleft\" src=\"https:\/\/www.radiopiu.net\/wordpress\/wp-content\/uploads\/2022\/08\/Clapton-e-Winwood-150x150.jpeg\" alt=\"\" width=\"150\" height=\"150\" \/><\/a>Una settimana caratterizzata da varie trasmissioni a tema quella di \u201cCollage operazione nostalgia\u201d dove troveranno spazio i complessi di casa nostra, i cantautori, il rock progressive italiano dei primi anni 70, il juke box, l\u2019umorismo ovviamente senza trascurare la musica internazionale con una puntata dedicata alle canzoni in lingua originale che abbiamo conosciuto grazie alle cover e ancora tanta, tanta altra buona musica.<\/span><\/p>\n<p><span style=\"font-size: medium;\">Collage va in onda dal luned\u00ec al venerd\u00ec alle 16,00 e alle 23,00 naturalmente su Radiopi\u00f9.<\/span><\/p>\n<p>&nbsp;<\/p>\n<p>&nbsp;<\/p>\n<\/div>\n<\/div>\n<\/div>\n<\/div>\n<\/div>\n<\/div>\n<\/div>\n<\/div>\n<\/div>\n<\/div>\n<\/div>\n<\/div>\n<\/div>\n<\/div>\n<\/div>\n<\/div>\n<\/div>\n<\/div>\n<\/div>\n<\/div>\n<\/div>\n<\/div>\n<\/div>\n<\/div>\n<\/div>\n<\/div>\n<\/div>\n<\/div>\n<\/div>\n<\/div>\n<\/div>\n<\/div>\n<\/div>\n<\/div>\n<\/div>\n<\/div>\n<\/div>\n<\/div>\n<\/div>\n<\/div>\n<\/div>\n<\/div>\n<\/div>\n<\/div>\n<\/div>\n<\/div>\n<\/div>\n<\/div>\n<\/div>\n<\/div>\n<\/div>\n<\/div>\n<\/div>\n<\/div>\n<\/div>\n<\/div>\n<\/div>\n<\/div>\n<\/div>\n<\/div>\n<\/div>\n<\/div>\n<\/div>\n<\/div>\n<div>\n<div class=\"page-title-head hgroup\">\n<div class=\"page-title-head hgroup\">\n<div class=\"page-title-head hgroup\">\n<div class=\"page-title-head hgroup\">\n<div class=\"b654a4as d2edcug0\">\n<div class=\"page-title-head hgroup\">\n<div class=\"page-title-head hgroup\">\n<div class=\"page-title-head hgroup\">\n<div class=\"page-title-head hgroup\">\n<div class=\"b654a4as d2edcug0\">\n<div class=\"page-title-head hgroup\">\n<div class=\"page-title-head hgroup\">\n<div class=\"page-title-head hgroup\">\n<div class=\"page-title-head hgroup\">\n<div class=\"page-title-head hgroup\">\n<div class=\"page-title-head hgroup\">\n<div class=\"page-title-head hgroup\">\n<div class=\"page-title-head hgroup\">\n<div class=\"page-title-head hgroup\">\n<div class=\"b654a4as d2edcug0\">\n<div class=\"page-title-head hgroup\">\n<div class=\"page-title-head hgroup\">\n<div class=\"page-title-head hgroup\">\n<div class=\"page-title-head hgroup\">\n<div class=\"b654a4as d2edcug0\">\n<div class=\"page-title-head hgroup\">\n<div class=\"page-title-head hgroup\">\n<div class=\"page-title-head hgroup\">\n<div class=\"page-title-head hgroup\">\n<div class=\"page-title-head hgroup\">\n<div class=\"mkdf-post-text\">\n<div class=\"mkdf-post-text-inner\">\n<div class=\"mkdf-post-text-main\">\n<div class=\"mkdf-post-text\">\n<div class=\"mkdf-post-text-inner\">\n<div class=\"mkdf-post-text-main\">\n<div class=\"mkdf-post-text\">\n<div class=\"mkdf-post-text-inner\">\n<div class=\"mkdf-post-text-main\">\n<div class=\"page-title-head hgroup\">\n<div class=\"page-title-head hgroup\">\n<div class=\"mkdf-post-text\">\n<div class=\"mkdf-post-text-inner\">\n<div class=\"mkdf-post-text-main\">\n<div class=\"mkdf-post-text\">\n<div class=\"mkdf-post-text-inner\">\n<div class=\"mkdf-post-text-main\">\n<div class=\"page-title-head hgroup\">\n<div class=\"page-title-head hgroup\">\n<div class=\"page-title-head hgroup\">\n<div class=\"page-title-head hgroup\">\n<div class=\"b654a4as d2edcug0\">\n<div class=\"page-title-head hgroup\">\n<div class=\"page-title-head hgroup\">\n<div class=\"page-title-head hgroup\">\n<div class=\"page-title-head hgroup\">\n<div class=\"b654a4as d2edcug0\">\n<div class=\"page-title-head hgroup\">\n<div class=\"page-title-head hgroup\">\n<div class=\"page-title-head hgroup\">\n<hr \/>\n<p>&nbsp;<\/p>\n<p><a class=\"dt-pswp-item\" href=\"https:\/\/www.radiopiu.net\/wordpress\/wp-content\/uploads\/2018\/09\/WhatsApp-Image-2018-09-20-at-16.04.06.jpeg\" data-dt-img-description=\"\" data-large_image_width=\"800\" data-large_image_height=\"100\"><img loading=\"lazy\" decoding=\"async\" class=\"aligncenter wp-image-61378 size-full\" src=\"https:\/\/www.radiopiu.net\/wordpress\/wp-content\/uploads\/2018\/09\/WhatsApp-Image-2018-09-20-at-16.04.06.jpeg\" alt=\"\" width=\"800\" height=\"100\" srcset=\"https:\/\/www.radiopiu.net\/wordpress\/wp-content\/uploads\/2018\/09\/WhatsApp-Image-2018-09-20-at-16.04.06.jpeg 800w, https:\/\/www.radiopiu.net\/wordpress\/wp-content\/uploads\/2018\/09\/WhatsApp-Image-2018-09-20-at-16.04.06-300x38.jpeg 300w, https:\/\/www.radiopiu.net\/wordpress\/wp-content\/uploads\/2018\/09\/WhatsApp-Image-2018-09-20-at-16.04.06-768x96.jpeg 768w\" sizes=\"auto, (max-width: 800px) 100vw, 800px\" \/><\/a><\/p>\n<p>&nbsp;<\/p>\n<p><center><b>Venerdi 12<\/b><\/center><b>Tempo atteso: <\/b>Tra notte e mattino irregolarmente nuvoloso con qualche isolato fenomeno. Dalle ore centrali ulteriore generale aumento della nuvolosit\u00e0 associata a rovesci e isolati temporali. In serata tendenza a rasserenamenti a partire dalle Dolomiti, pi\u00f9 tardi su Prealpi.<br \/>\n<b>Precipitazioni: <\/b>Non del tutto escluso qualche rovescio gi\u00e0 tra notte e mattino specie su Prealpi (10-30%), dalle ore centrali e nel pomeriggio probabilit\u00e0 in aumento fino ad alta di rovesci sparsi e isolati temporali (60\/80 %) in esaurimento in serata su Dolomiti, mentre su Prealpi specie occidentali insisteranno un p\u00f2 pi\u00f9 a lungo. Un p\u00f2 di neve cadr\u00e0 sulle cime Dolomitiche pi\u00f9 elevate (2900-3000 m). Gli accumuli saranno assai disomogenei a causa del carattere convettivo delle precipitazioni.<br \/>\n<b>Temperature: <\/b>In generale calo con minime osservate alla sera. Su Prealpi a 1500 m: min 12 max 14, a 2000 m: min 8 max 10 Dolomiti a 2000 m: min 8 max 11, a 3000 m: min 1 max 3<br \/>\n<b>Venti: <\/b>deboli\/moderati per brezze nelle valli, senza escludere locali forti raffiche in caso di temporale; in quota moderati da nord\/nordovest al mattino nordest dal pomeriggio a 5-10 km\/h a 2000 m e 10-20 km\/h a 3000 m.<\/p>\n<hr \/>\n<p><center><b>Sabato 13<\/b><\/center><b>Tempo atteso: <\/b>Miglioramento del tempo con sole e cielo sereno o poco nuvoloso per qualche velatura dopo il dissolvimento di qualche nube bassa presente fino al primo mattino. Nel pomeriggio sole con modesta nuvolosit\u00e0 cumuliforme.<br \/>\n<b>Precipitazioni: <\/b>Assenti.(0%)<br \/>\n<b>Temperature: <\/b>Minime in sensibile calo nelle valli con contesto assai fresco all&#8217;alba, stazionarie in quota; massime in ripresa a tutte le quote. Prealpi a 1500 m: min 13 max 19, a 2000 m: min 9 max 14 Dolomiti a 2000 m: min 8 max 16, a 3000 m: min 1 max 5<br \/>\n<b>Venti: <\/b>Nelle valli venti perlopi\u00f9 deboli per brezze, a tratti e localmente moderati nelle ore pi\u00f9 calde; in quota moderati da nord-est, localmente tesi verso sera sulle cime sulle creste prealpine a 5-10 km\/h a 2000 m e 10-25 km\/h a 3000 m.<\/p>\n<hr \/>\n<p><center><b>Domenica 14<\/b><\/center>Tempo stabile con cielo sereno o al pi\u00f9 poco nuvoloso per qualche sottile velatura ed ottima visibilit\u00e0. Temperature in generale aumento anche marcato le massime con valori nuovamente superiori alla media (zero termico in rialzo a 4100 metri) Venti in quota deboli\/moderati settentrionali.<\/p>\n<hr \/>\n<p><center><b>Lunedi 15<\/b><\/center>Al mattino sereno o poco nuvoloso, nel pomeriggio\/sera possibile aumento della nuvolosit\u00e0 con qualche rovescio o temporale. Temperature minime in aumento, massime pressoch\u00e8 stazionarie. Venti in quota deboli\/moderati da sudovest. Previsore:DDL<\/p>\n<p>&nbsp;<\/p>\n<hr \/>\n<p>&nbsp;<\/p>\n<p><a href=\"https:\/\/www.radiopiu.net\/wordpress\/giornale-radiopiu-26-settembre-2018-direttore-mirko-mezzacasa\/viabilita-2\/\" rel=\"attachment wp-att-61954\"><img loading=\"lazy\" decoding=\"async\" class=\"aligncenter wp-image-61954 size-full\" src=\"https:\/\/www.radiopiu.net\/wordpress\/wp-content\/uploads\/2018\/09\/viabilita.jpeg\" sizes=\"auto, (max-width: 800px) 100vw, 800px\" srcset=\"https:\/\/www.radiopiu.net\/wordpress\/wp-content\/uploads\/2018\/09\/viabilita.jpeg 800w, https:\/\/www.radiopiu.net\/wordpress\/wp-content\/uploads\/2018\/09\/viabilita-300x38.jpeg 300w, https:\/\/www.radiopiu.net\/wordpress\/wp-content\/uploads\/2018\/09\/viabilita-768x96.jpeg 768w\" alt=\"\" width=\"800\" height=\"100\" \/><\/a><\/p>\n<blockquote>\n<h3><\/h3>\n<h3>GALLERIA DI SEGUSINO CHIUSA PER 4 MESI<\/h3>\n<\/blockquote>\n<p><strong><a class=\"dt-pswp-item\" href=\"https:\/\/www.radiopiu.net\/wordpress\/wp-content\/uploads\/2020\/05\/VENETO-STRADE.png\" data-dt-img-description=\"\" data-large_image_width=\"400\" data-large_image_height=\"400\"><img loading=\"lazy\" decoding=\"async\" class=\" wp-image-135574 alignleft\" src=\"https:\/\/www.radiopiu.net\/wordpress\/wp-content\/uploads\/2020\/05\/VENETO-STRADE-150x150.png\" alt=\"\" width=\"102\" height=\"102\" srcset=\"https:\/\/www.radiopiu.net\/wordpress\/wp-content\/uploads\/2020\/05\/VENETO-STRADE-150x150.png 150w, https:\/\/www.radiopiu.net\/wordpress\/wp-content\/uploads\/2020\/05\/VENETO-STRADE-300x300.png 300w, https:\/\/www.radiopiu.net\/wordpress\/wp-content\/uploads\/2020\/05\/VENETO-STRADE.png 400w\" sizes=\"auto, (max-width: 102px) 100vw, 102px\" \/><\/a><\/strong><\/p>\n<p><strong>SEDICO<\/strong> Veneto Strade comunica che sulla SP 1 Bis &#8220;Madonna del Piave&#8221;, dal 12 luglio e fino al 4 novembre, compresi sabati domeniche e festivi infrasettimanali, un&#8217;interdizione totale al transito per l&#8217;intera tratta della galleria di Segusino in seguito a dei lavori per messa in sicurezza della condotta acquedottistica<\/p>\n<p>&nbsp;<\/p>\n<p>&nbsp;<\/p>\n<blockquote>\n<h3>MODIFICHE ALLA VIABILITA&#8217; A BELLUNO<\/h3>\n<\/blockquote>\n<p><strong>IN CENTRO\u00a0\u00a0<\/strong><span dir=\"ltr\" role=\"presentation\">Dal<\/span><span dir=\"ltr\" role=\"presentation\">le\u00a0 6 del 30 luglio alle 18 del 31 agosto <\/span>\u00a0<span dir=\"ltr\" role=\"presentation\">istituzione del divieto di sosta con rimozione forzata dei veicoli, in<\/span><br role=\"presentation\" \/><span dir=\"ltr\" role=\"presentation\">piazza Mazzini nell\u2019area antistante ai civici da 1 a 5; <\/span>\u00a0<span dir=\"ltr\" role=\"presentation\">istituzione del divieto di sosta con rimozione forzata dei veicoli, in <\/span><span dir=\"ltr\" role=\"presentation\">piazza Mazzini sui due stalli di sosta riservati ai veicoli per residenti <\/span><span dir=\"ltr\" role=\"presentation\">autorizzati<\/span><\/p>\n<p><strong>A LEVEGO<\/strong> Per consentire i lavori di completamento della rotatoria, si rendono necessarie le seguenti modifiche alla viabilita\u0300, nel centro abitato di Levego, nel periodo dal 1\u00b0 agosto al 15 settembre: istituzione del senso unico alternato di circolazione veicolare, regolato da impianto semaforico e, in caso di traffico particolarmente intenso, da idoneo personale, sulla Strada Provinciale 1 \u201cdella Sinistra Piave\u201d; istituzione del limite di velocita\u0300 di 30 km\/h, nonche\u0301 del divieto di sorpasso in corrispondenza dell\u2019area di cantiere.<\/p>\n<p><strong>VIE MATTEOTTI, GARIBALDI E LORETO <\/strong>istituzione del senso unico alternato di circolazione veicolare regolato a vista da idonea segnaletica stradale all\u2019intersezione tra le vie Matteotti, Garibaldi e Loreto in corrispondenza del cantiere, fino alle ore 18.00 del 30 settembre;<\/p>\n<p><strong>VIA FELTRE<\/strong> Per consentire la creazione di un\u2019area di cantiere necessaria al posizionamento di una piattaforma per lavori di manutenzione delle antenne, si rende necessaria l&#8217;istituzione del divieto di sosta con rimozione forzata dei veicoli, in Feltre negli stalli di sosta a pagamento immediatamente a sinistra dell\u2019entrata a ridosso dell\u2019antenna nel parcheggio \u201cex Moi\u201d, dalle ore 8.00 dell&#8217;11 alle ore 18.00 del 12 agosto.<\/p>\n<p>&nbsp;<\/p>\n<p>&nbsp;<\/p>\n<hr \/>\n<p>&nbsp;<\/p>\n<p>&nbsp;<\/p>\n<p><img loading=\"lazy\" decoding=\"async\" class=\"wp-image-60761 size-full aligncenter\" src=\"https:\/\/www.radiopiu.net\/wordpress\/wp-content\/uploads\/2018\/09\/sport.jpg\" alt=\"\" width=\"800\" height=\"100\" srcset=\"https:\/\/www.radiopiu.net\/wordpress\/wp-content\/uploads\/2018\/09\/sport.jpg 800w, https:\/\/www.radiopiu.net\/wordpress\/wp-content\/uploads\/2018\/09\/sport-300x38.jpg 300w, https:\/\/www.radiopiu.net\/wordpress\/wp-content\/uploads\/2018\/09\/sport-768x96.jpg 768w\" sizes=\"auto, (max-width: 800px) 100vw, 800px\" \/><\/p>\n<\/div>\n<\/div>\n<\/div>\n<div class=\"page-title-head hgroup\">\n<div class=\"page-title-head hgroup\">\n<p>&nbsp;<\/p>\n<p><span style=\"color: #0000ff;\"><strong>CALCIO<\/strong><\/span><\/p>\n<blockquote>\n<h3>L&#8217;AGORDINA SI PREPARA AL CAMPIONATO DI SECONDA CATEGORIA<\/h3>\n<\/blockquote>\n<p><strong><a class=\"dt-pswp-item\" href=\"https:\/\/www.radiopiu.net\/wordpress\/wp-content\/uploads\/2022\/04\/CALCIO.jpg\" data-dt-img-description=\"\" data-large_image_width=\"1920\" data-large_image_height=\"1280\"><img loading=\"lazy\" decoding=\"async\" class=\"size-thumbnail wp-image-270520 alignleft\" src=\"https:\/\/www.radiopiu.net\/wordpress\/wp-content\/uploads\/2022\/04\/CALCIO-150x150.jpg\" alt=\"\" width=\"150\" height=\"150\" \/><\/a>REDAZIONE<\/strong> Archiviata la pausa estiva, l&#8217;Agordina si prepara per la prossima stagione di Seconda Categoria. La squadra del Presidente Cosmo Forcella si \u00e8 iscritta al campionato regionale e sar\u00e0 situata nel girone T dove la maggior parte delle squadre saranno della provincia di Belluno. Un girone formato da 14 formazioni: Agordina, Alpes Cesio, Cadore 1919, Castion, Fulgor Farra, Gemelle, Itlas Santa Giustina Serravalle, Juventina Mugnai, Lentiai, Nogar\u00e8, Ponte nelle Alpi, San Michele Salsa, Sois e Sospirolese. Un campionato che inizier\u00e0 il 18 settembre prossimo e composto da 26 match tra andata e ritorno. Il girone di andata si concluder\u00e0 l&#8217;11 dicembre e il 18 \u00e8 una data considerata buona per eventuali recuperi. Girone di ritorno che inizier\u00e0 domenica 15 gennaio 2023 e che terminer\u00e0 il 16 aprile. Anche in questo caso la federazione ha indicato la data del 23 aprile come giornata per eventuali recuperi. Agordina che non parteciper\u00e0 solo al campionato di Seconda Categoria ma anche alla Coppa Veneto. La fase eliminatoria si giocher\u00e0 nelle giornate del 28 agosto, 4 e 11 settembre. Poi la fase finale con le partite secche e finalissima in programma il 26 aprile 2023. La compagine di Agordo \u00e8 stata inserita nel girone 63 con Gemelle 2015, Sois e Sospirolese. I calendari del campionato non sono ancora stati ufficializzati dalla Lega Nazionale Dilettanti ma nei prossimi giorni sapremo con quale squadra esordir\u00e0 l&#8217;Agordina.<\/p>\n<p>&nbsp;<\/p>\n<p>&nbsp;<\/p>\n<\/div>\n<\/div>\n<\/div>\n<\/div>\n<\/div>\n<\/div>\n<\/div>\n<\/div>\n<\/div>\n<\/div>\n<\/div>\n<\/div>\n<\/div>\n<\/div>\n<\/div>\n<\/div>\n<\/div>\n<\/div>\n<\/div>\n<\/div>\n<\/div>\n<\/div>\n<\/div>\n<\/div>\n<\/div>\n<\/div>\n<\/div>\n<\/div>\n<\/div>\n<\/div>\n<\/div>\n<\/div>\n<\/div>\n<\/div>\n<\/div>\n<\/div>\n<\/div>\n<\/div>\n<\/div>\n<\/div>\n<\/div>\n<\/div>\n<\/div>\n<\/div>\n<\/div>\n<\/div>\n<\/div>\n<\/div>\n<\/div>\n<\/div>\n<\/div>\n<\/div>\n<\/div>\n<\/div>\n<\/div>\n<\/div>\n<\/div>\n<\/div>\n<\/div>\n<\/div>\n<\/div>\n<\/div>\n<\/div>\n<\/div>\n<\/div>\n<\/div>\n<\/div>\n<\/div>\n<\/div>\n<\/div>\n<\/div>\n<\/div>\n<\/div>\n<\/div>\n<\/div>\n<\/div>\n<\/div>\n<\/div>\n<\/div>\n<\/div>\n<\/div>\n<\/div>\n<\/div>\n<\/div>\n<\/div>\n<\/div>\n<\/div>\n<\/div>\n<\/div>\n<\/div>\n<\/div>\n<\/div>\n<\/div>\n<\/div>\n<\/div>\n<\/div>\n<\/div>\n<\/div>\n<\/div>\n<\/div>\n<\/div>\n<\/div>\n<\/div>\n","protected":false},"excerpt":{"rendered":"<p>RADIO PIU INFORMAZIONE il canale su TELEGRAM informazione di prima\u00a0 mano e in tempo reale. iscriviti ed aiutaci a farlo conoscere\u00a0 \u00a0 &nbsp; &nbsp; SP3, LAVORI A GONA DI CONEDERA FINO AL 29 AGOSTO SEDICO Veneto Strade comunica che lungo la SP 3 della Valle Imperina, a Gona di Conedera in comune di Rivamonte, verr\u00e0&hellip;<\/p>\n","protected":false},"author":4,"featured_media":292260,"comment_status":"closed","ping_status":"closed","sticky":false,"template":"","format":"standard","meta":{"_monsterinsights_skip_tracking":false,"_monsterinsights_sitenote_active":false,"_monsterinsights_sitenote_note":"","_monsterinsights_sitenote_category":0,"footnotes":""},"categories":[51,86,49],"tags":[],"class_list":["post-292161","post","type-post","status-publish","format-standard","has-post-thumbnail","hentry","category-evidenza-top","category-gr","category-news-18","category-51","category-86","category-49","description-off"],"img_url":"https:\/\/www.radiopiu.net\/wordpress\/wp-content\/uploads\/2022\/08\/4177477f-7a8c-46f8-bc90-bab68817b29e.jpg","_links":{"self":[{"href":"https:\/\/www.radiopiu.net\/wordpress\/wp-json\/wp\/v2\/posts\/292161","targetHints":{"allow":["GET"]}}],"collection":[{"href":"https:\/\/www.radiopiu.net\/wordpress\/wp-json\/wp\/v2\/posts"}],"about":[{"href":"https:\/\/www.radiopiu.net\/wordpress\/wp-json\/wp\/v2\/types\/post"}],"author":[{"embeddable":true,"href":"https:\/\/www.radiopiu.net\/wordpress\/wp-json\/wp\/v2\/users\/4"}],"replies":[{"embeddable":true,"href":"https:\/\/www.radiopiu.net\/wordpress\/wp-json\/wp\/v2\/comments?post=292161"}],"version-history":[{"count":0,"href":"https:\/\/www.radiopiu.net\/wordpress\/wp-json\/wp\/v2\/posts\/292161\/revisions"}],"wp:featuredmedia":[{"embeddable":true,"href":"https:\/\/www.radiopiu.net\/wordpress\/wp-json\/wp\/v2\/media\/292260"}],"wp:attachment":[{"href":"https:\/\/www.radiopiu.net\/wordpress\/wp-json\/wp\/v2\/media?parent=292161"}],"wp:term":[{"taxonomy":"category","embeddable":true,"href":"https:\/\/www.radiopiu.net\/wordpress\/wp-json\/wp\/v2\/categories?post=292161"},{"taxonomy":"post_tag","embeddable":true,"href":"https:\/\/www.radiopiu.net\/wordpress\/wp-json\/wp\/v2\/tags?post=292161"}],"curies":[{"name":"wp","href":"https:\/\/api.w.org\/{rel}","templated":true}]}}