{"id":292167,"date":"2022-08-10T20:22:06","date_gmt":"2022-08-10T18:22:06","guid":{"rendered":"https:\/\/www.radiopiu.net\/wordpress\/?p=292167"},"modified":"2022-08-10T21:58:10","modified_gmt":"2022-08-10T19:58:10","slug":"dillo-a-radio-piuquando-si-sta-troppo-bene","status":"publish","type":"post","link":"https:\/\/www.radiopiu.net\/wordpress\/dillo-a-radio-piuquando-si-sta-troppo-bene\/","title":{"rendered":"DILLO A RADIO PIU\u2019\u2026QUANDO SI STA TROPPO BENE"},"content":{"rendered":"<p><strong><a class=\"dt-pswp-item\" href=\"https:\/\/www.radiopiu.net\/wordpress\/wp-content\/uploads\/2022\/06\/MyRadioPiu_miaidea.png\" data-dt-img-description=\"\" data-large_image_width=\"483\" data-large_image_height=\"374\"><img loading=\"lazy\" decoding=\"async\" class=\"size-thumbnail wp-image-283315 alignleft\" src=\"https:\/\/www.radiopiu.net\/wordpress\/wp-content\/uploads\/2022\/06\/MyRadioPiu_miaidea-150x150.png\" alt=\"\" width=\"150\" height=\"150\" \/><\/a>REDAZIONE<\/strong> Riceviamo e pubblichiamo alcune considerazioni arrivate in redazione da una nostra ascoltatrice<\/p>\n<p>Sono perfettamente in accordo con quanto hai scritto. Mi permetto per\u00f2 di alzare un po&#8217; il tiro&#8230;Come la storia insegna quando le pance sono troppo piene si diventa anche ciechi oltre che obesi, si perde l&#8217;intraprendenza e si galleggia in quello che i nostri anziani chiamavano &#8220;Bruo gras&#8221;. Che importa se viviamo in un sito patrimonio dell&#8217;umanit\u00e0 quando l&#8217;unico obbiettivo per un giovane e entrare in fabbrica a 18 anni per poter vivere senza problemi a forza di benefit etc.etc. Qui non stanno sparendo solo i negozi e i bar (solo su questo argomento bisognerebbe aprire un dibattito) qui sta svanendo la cultura, la voglia di fare, la voglia di costruire qualcosa di nuovo&#8230;Quanti ragazzi studiano, si laureano e passano direttamente in fabbrica senza guardarsi attorno per cercare qualcosa per mettersi in gioco? In quanto alle costruzioni avvenieristiche fatte con i fondi di confine devo ammettere che mi sento un po&#8217; in colpa anch&#8217;io come cittadina in quanto credo sia dovere di ognuno vigilare su quanto fa l&#8217;amministrazione ed intervenire a momento debito ( un&#8217;altra parentesi da aprire&#8230;). L&#8217;unico augurio da farci \u00e8 che torni un po&#8217; di carestia per svuotare le pance e riempire le teste di idee per sopravvivere.<\/p>\n<p>R.C.<\/p>\n<p>*****<\/p>\n<blockquote>\n<h3>TAIBON, IL PAESE CHE NON AMA I CICLISTI<\/h3>\n<\/blockquote>\n<p><strong>TAIBON<\/strong> Ho sempre presentato al mondo con orgoglio la Valle di San Lucano dove sono nato e cresciuto. Con altrettanto entusiasmo ho sempre consigliato di percorrere la ciclabile in riva al Tegnas, dal centro del paese fino su a Pont oltre Col di Pra. Ora me ne guardo bene dal farlo,\u00a0 per non essere co-responsabile di eventuali e possibili incidenti. I cartelli, posizionati con cura e amore dall&#8217;allora assessore Michele Fusina\u00a0 se non ricordo male con Claudio Doctor Bike Da Roit (uno che nella bicicletta ci ha creduto per primo) sono ancora al loro posto, scoloriti dal tempo come \u00e8 normale che sia, ma tutto il resto \u00e8 cambiato.<br \/>\nL&#8217;imbocco subito dopo i\u00a0 campi di calcio (plurale) e basket (benedetti Fondi di Confine) \u00e8 traumatico, dopo il primo tratto in ghiaia sulla ciclabile ecco sassi di dimensioni non trascurabili, o li schivi o ci rimetti la ruota del velocipede. Superato il laghetto delle Peschiere la ciclabile non esiste pi\u00f9, a quattro anni da Vaia la situazione non \u00e8 cambiata, quindi dopo la stucchevole visione sulla costosa Arena (ad oggi incompiuta), la soluzione \u00e8 una soltanto, uscire sulla comunale e salire la riva della Besausega. I pi\u00f9 temerari s&#8217;arrampicano fino alla condotta a la percorrono con una buona prova di equilibrio,\u00a0 anche se vietato. Ma il peggio viene dopo per chi non lo sa, improvvisamente dopo il &#8220;Caval&#8221; (foto) la ciclabile s&#8217;interrompe bruscamente, \u00e8 cos\u00ec da mesi non dall&#8217;ultimo nubifragio, peraltro lontano visto il lungo periodo di siccit\u00e0. Per chi sale verso Col di Pra deve scendere dalla bicicletta ed a fatica superare il greto del torrente e due enormi tubi in cemento di dubbia utilit\u00e0. Chi percorre la ciclabile in senso opposto rischia l&#8217;osso del collo. Nessun cartello, nessun segnale annuncia la presenza del fosso con fondo in grandi sassi. Povera Valle di San Lucano, poi ci si chiede perch\u00e9 i giovani non si impegnino in qualche attivit\u00e0 turistica, come ad esempio gestire l&#8217;ex Baita delle Peschiere ancora abbandonata al suo destino e non sar\u00e0 certo il nuovo ponte a cambiare la situazione. E&#8217; bello passare per il centro del paese tra i tanti fiori sistemati lungo i tre ponti, oppure a San Cipriano per coprire una fontana che di fontana non ha\u00a0 nulla, nemmeno un filo d&#8217;acqua, ma per fare turismo e non solo occhiali ci vuole ben altro.<\/p>\n<p>Mirko Mezzacasa<\/p>\n<p><a class=\"dt-pswp-item\" href=\"https:\/\/www.radiopiu.net\/wordpress\/wp-content\/uploads\/2022\/08\/dd558fcb-4eaa-4a2a-aedd-16e6be6a547e.jpg\" data-dt-img-description=\"\" data-large_image_width=\"1920\" data-large_image_height=\"1080\"><img loading=\"lazy\" decoding=\"async\" class=\"alignnone wp-image-292099 size-full\" src=\"https:\/\/www.radiopiu.net\/wordpress\/wp-content\/uploads\/2022\/08\/dd558fcb-4eaa-4a2a-aedd-16e6be6a547e.jpg\" alt=\"\" width=\"1920\" height=\"1080\" srcset=\"https:\/\/www.radiopiu.net\/wordpress\/wp-content\/uploads\/2022\/08\/dd558fcb-4eaa-4a2a-aedd-16e6be6a547e.jpg 1920w, https:\/\/www.radiopiu.net\/wordpress\/wp-content\/uploads\/2022\/08\/dd558fcb-4eaa-4a2a-aedd-16e6be6a547e-300x169.jpg 300w, https:\/\/www.radiopiu.net\/wordpress\/wp-content\/uploads\/2022\/08\/dd558fcb-4eaa-4a2a-aedd-16e6be6a547e-1024x576.jpg 1024w, https:\/\/www.radiopiu.net\/wordpress\/wp-content\/uploads\/2022\/08\/dd558fcb-4eaa-4a2a-aedd-16e6be6a547e-768x432.jpg 768w, https:\/\/www.radiopiu.net\/wordpress\/wp-content\/uploads\/2022\/08\/dd558fcb-4eaa-4a2a-aedd-16e6be6a547e-1536x864.jpg 1536w\" sizes=\"auto, (max-width: 1920px) 100vw, 1920px\" \/><\/a><\/p>\n<p>&nbsp;<\/p>\n<p>&nbsp;<\/p>\n","protected":false},"excerpt":{"rendered":"<p>REDAZIONE Riceviamo e pubblichiamo alcune considerazioni arrivate in redazione da una nostra ascoltatrice Sono perfettamente in accordo con quanto hai scritto. Mi permetto per\u00f2 di alzare un po&#8217; il tiro&#8230;Come la storia insegna quando le pance sono troppo piene si diventa anche ciechi oltre che obesi, si perde l&#8217;intraprendenza e si galleggia in quello che&hellip;<\/p>\n","protected":false},"author":4,"featured_media":283315,"comment_status":"closed","ping_status":"closed","sticky":false,"template":"","format":"standard","meta":{"_monsterinsights_skip_tracking":false,"_monsterinsights_sitenote_active":false,"_monsterinsights_sitenote_note":"","_monsterinsights_sitenote_category":0,"footnotes":""},"categories":[51,49],"tags":[],"class_list":["post-292167","post","type-post","status-publish","format-standard","has-post-thumbnail","hentry","category-evidenza-top","category-news-18","category-51","category-49","description-off"],"img_url":"https:\/\/www.radiopiu.net\/wordpress\/wp-content\/uploads\/2022\/06\/MyRadioPiu_miaidea.png","_links":{"self":[{"href":"https:\/\/www.radiopiu.net\/wordpress\/wp-json\/wp\/v2\/posts\/292167","targetHints":{"allow":["GET"]}}],"collection":[{"href":"https:\/\/www.radiopiu.net\/wordpress\/wp-json\/wp\/v2\/posts"}],"about":[{"href":"https:\/\/www.radiopiu.net\/wordpress\/wp-json\/wp\/v2\/types\/post"}],"author":[{"embeddable":true,"href":"https:\/\/www.radiopiu.net\/wordpress\/wp-json\/wp\/v2\/users\/4"}],"replies":[{"embeddable":true,"href":"https:\/\/www.radiopiu.net\/wordpress\/wp-json\/wp\/v2\/comments?post=292167"}],"version-history":[{"count":0,"href":"https:\/\/www.radiopiu.net\/wordpress\/wp-json\/wp\/v2\/posts\/292167\/revisions"}],"wp:featuredmedia":[{"embeddable":true,"href":"https:\/\/www.radiopiu.net\/wordpress\/wp-json\/wp\/v2\/media\/283315"}],"wp:attachment":[{"href":"https:\/\/www.radiopiu.net\/wordpress\/wp-json\/wp\/v2\/media?parent=292167"}],"wp:term":[{"taxonomy":"category","embeddable":true,"href":"https:\/\/www.radiopiu.net\/wordpress\/wp-json\/wp\/v2\/categories?post=292167"},{"taxonomy":"post_tag","embeddable":true,"href":"https:\/\/www.radiopiu.net\/wordpress\/wp-json\/wp\/v2\/tags?post=292167"}],"curies":[{"name":"wp","href":"https:\/\/api.w.org\/{rel}","templated":true}]}}