{"id":292206,"date":"2022-08-11T05:34:00","date_gmt":"2022-08-11T03:34:00","guid":{"rendered":"https:\/\/www.radiopiu.net\/wordpress\/?p=292206"},"modified":"2022-08-11T05:36:07","modified_gmt":"2022-08-11T03:36:07","slug":"autovelox-a-candaten-crollo-delle-sanzioni","status":"publish","type":"post","link":"https:\/\/www.radiopiu.net\/wordpress\/autovelox-a-candaten-crollo-delle-sanzioni\/","title":{"rendered":"AUTOVELOX A CANDATEN: CROLLO DELLE SANZIONI"},"content":{"rendered":"<p><strong><a class=\"dt-pswp-item\" href=\"https:\/\/www.radiopiu.net\/wordpress\/wp-content\/uploads\/2022\/08\/AAA-11.jpg\" data-dt-img-description=\"\" data-large_image_width=\"338\" data-large_image_height=\"320\"><img loading=\"lazy\" decoding=\"async\" class=\"size-thumbnail wp-image-292207 alignleft\" src=\"https:\/\/www.radiopiu.net\/wordpress\/wp-content\/uploads\/2022\/08\/AAA-11-150x150.jpg\" alt=\"\" width=\"150\" height=\"150\" \/><\/a>SEDICO<\/strong> Gli automobilisti hanno imparato a frenare in prossimit\u00e0 dell&#8217;autovelox di Candaten, ci \u00e8 voluto un po&#8217; di tempo ma le sanzioni irrogate dal Comune negli anni scorsi si sono rivelate un ottimo deterrente. Lungo la regionale 203 agordina \u00e8 diventato semplice moderare la velocit\u00e0 a Candaten, ma anche a La Muda e le Campe evitando l&#8217;alleggerimento del portafogli in prossimit\u00e0 del controllo elettronico. In compenso lungo tutto il resto della tratta Mas di Sedico-Agordo sorpassi azzardati ed alte velocit\u00e0 sono all&#8217;ordine del giorno, anche nella galleria dei Castei, lo sanno bene gli automobilisti,\u00a0 tanto i controlli oltre le postazioni dell&#8217;autovelox sono totalmente assenti. Quindi \u00e8 sufficiente frenare prima del controllo e poi riprendere a tutta velocit\u00e0 verso Belluno ed Agordo. Per il Comune di Sedico meno soldi in entrata, &#8220;solo&#8221; 64 mila euro nei primi sei mesi, nel 2021 (gennaio-dicembre) l&#8217;incasso \u00e8 stato di 176 mila euro.\u00a0 Dei 64 mila euro poco pi\u00f9 di 41mila euro sono relativi alle violazioni al codice della strada commesse dalle famiglie e 23mila dalle sanzioni per violazioni commesse da imprese<\/p>\n<p>___<\/p>\n","protected":false},"excerpt":{"rendered":"<p>SEDICO Gli automobilisti hanno imparato a frenare in prossimit\u00e0 dell&#8217;autovelox di Candaten, ci \u00e8 voluto un po&#8217; di tempo ma le sanzioni irrogate dal Comune negli anni scorsi si sono rivelate un ottimo deterrente. Lungo la regionale 203 agordina \u00e8 diventato semplice moderare la velocit\u00e0 a Candaten, ma anche a La Muda e le Campe&hellip;<\/p>\n","protected":false},"author":4,"featured_media":292207,"comment_status":"closed","ping_status":"closed","sticky":false,"template":"","format":"standard","meta":{"_monsterinsights_skip_tracking":false,"_monsterinsights_sitenote_active":false,"_monsterinsights_sitenote_note":"","_monsterinsights_sitenote_category":0,"footnotes":""},"categories":[51,49],"tags":[],"class_list":["post-292206","post","type-post","status-publish","format-standard","has-post-thumbnail","hentry","category-evidenza-top","category-news-18","category-51","category-49","description-off"],"img_url":"https:\/\/www.radiopiu.net\/wordpress\/wp-content\/uploads\/2022\/08\/AAA-11.jpg","_links":{"self":[{"href":"https:\/\/www.radiopiu.net\/wordpress\/wp-json\/wp\/v2\/posts\/292206","targetHints":{"allow":["GET"]}}],"collection":[{"href":"https:\/\/www.radiopiu.net\/wordpress\/wp-json\/wp\/v2\/posts"}],"about":[{"href":"https:\/\/www.radiopiu.net\/wordpress\/wp-json\/wp\/v2\/types\/post"}],"author":[{"embeddable":true,"href":"https:\/\/www.radiopiu.net\/wordpress\/wp-json\/wp\/v2\/users\/4"}],"replies":[{"embeddable":true,"href":"https:\/\/www.radiopiu.net\/wordpress\/wp-json\/wp\/v2\/comments?post=292206"}],"version-history":[{"count":0,"href":"https:\/\/www.radiopiu.net\/wordpress\/wp-json\/wp\/v2\/posts\/292206\/revisions"}],"wp:featuredmedia":[{"embeddable":true,"href":"https:\/\/www.radiopiu.net\/wordpress\/wp-json\/wp\/v2\/media\/292207"}],"wp:attachment":[{"href":"https:\/\/www.radiopiu.net\/wordpress\/wp-json\/wp\/v2\/media?parent=292206"}],"wp:term":[{"taxonomy":"category","embeddable":true,"href":"https:\/\/www.radiopiu.net\/wordpress\/wp-json\/wp\/v2\/categories?post=292206"},{"taxonomy":"post_tag","embeddable":true,"href":"https:\/\/www.radiopiu.net\/wordpress\/wp-json\/wp\/v2\/tags?post=292206"}],"curies":[{"name":"wp","href":"https:\/\/api.w.org\/{rel}","templated":true}]}}