{"id":292245,"date":"2022-08-11T11:48:20","date_gmt":"2022-08-11T09:48:20","guid":{"rendered":"https:\/\/www.radiopiu.net\/wordpress\/?p=292245"},"modified":"2022-08-12T06:19:39","modified_gmt":"2022-08-12T04:19:39","slug":"valeria-zucco-finalista-allinternational-lab-of-mittelmoda-the-fashion-award","status":"publish","type":"post","link":"https:\/\/www.radiopiu.net\/wordpress\/valeria-zucco-finalista-allinternational-lab-of-mittelmoda-the-fashion-award\/","title":{"rendered":"VALERIA ZUCCO, FINALISTA ALL&#8217;INTERNATIONAL LAB OF MITTELMODA THE FASHION AWARD"},"content":{"rendered":"<blockquote><p><em><strong>Con un progetto ispirato al buio e al suo fascino rivelatore, la giovane studentessa, proveniente dal corso ITS Cosmo \u2013 Certottica \u00e8 stata selezionata tra i 25 creativi emergenti che il 19 settembre a Milano si contenderanno il prestigioso riconoscimento internazionale.<\/strong><\/em><\/p><\/blockquote>\n<p>Occhialeria bellunese ancora una volta protagonista. Ci sar\u00e0 infatti anche la feltrina Valeria Zucco il prossimo 19 settembre a Milano a contendersi la vittoria del prestigioso INTERNATIONAL LAB OF MITTELMODA \u2013 THE FASHION AWARD (categoria accessori), noto concorso internazionale riservato a stilisti e studenti di fashion design provenienti dagli istituti di moda tutto il mondo, i cui finalisti sono stati annunciati nei giorni scorsi.<br \/>\nClasse 1995, Valeria \u00e8 allieva del corso ITS biennale per Eyewear Product Manager, sviluppato dal Gruppo Certottica e finanziato dalla Regione Veneto in capo alla Fondazione ITS Cosmo Fashion Academy. Proprio con il suo progetto d\u2019esame ha convinto la commissione presieduta da Matteo Marzotto, che l\u2019ha scelta tra i migliori 25 creativi emergenti insieme ad altri giovani talenti provenienti dai quattro angoli del globo (Cina, Israele, Finlandia, Spagna, Svezia, tanto per citare alcuni tra i paesi partecipanti). Ad oggi Valeria \u00e8 l\u2019unica studentessa tra quelli selezionati a provenire da un percorso ITS. Spera cos\u00ec di bissare l\u2019exploit della conterranea Carlotta Sacchet che due anni fa, partendo da un iter analogo, si aggiudic\u00f2 il celebre riconoscimento.<\/p>\n<p><img loading=\"lazy\" decoding=\"async\" class=\"alignleft\" src=\"https:\/\/www.radiopiu.net\/wordpress\/wp-content\/uploads\/2022\/08\/Valeria-Zucco_edited.jpg\" width=\"298\" height=\"234\" \/>\u00abQuando ho visto il mio nome tra i finalisti del Premio stentavo quasi a crederci perch\u00e9, avendo trovato lavoro subito dopo la conclusione degli studi, mi \u00e8 mancato il tempo materiale per prepararmi. D\u2019altro canto per\u00f2, questo progetto lo sentivo mio, mi ha entusiasmato fin dall\u2019inizio e sarebbe stato un peccato sfruttarlo solo ai fini dell\u2019esame\u00bb \u2013 commenta. Una passione, quella di Valeria per l\u2019occhialeria, nata quasi per caso quando, dopo la laurea in Interior Design presso il Politecnico di Milano, le viene offerta un\u2019opportunit\u00e0 di stage in Luxottica che si traduce subito nel classico \u201ccolpo di fulmine\u201d. La pandemia fa il resto, costringendola a casa e spingendola cos\u00ec a investire in formazione: \u00abho deciso di approfittare del periodo di stallo forzato per implementare le mie conoscenze \u2013 prosegue \u2013 Dell\u2019ITS per Eyewear Product Manager mi avevano parlato bene e sapevo che, una volta conseguito il titolo, sarebbe stato facile trovare lavoro, come di fatto \u00e8 avvenuto. Ho scommesso su me stessa e ora sono qui, a contendermi la vittoria in un premio internazionale con ragazzi provenienti da tutto il mondo\u201d.<\/p>\n<p>La collezione di Valeria \u00e8 un viaggio introspettivo in una New York insolita, immersa nelle tenebre di un blackout immaginario, che funge da insospettabile esca per agguantare nuove prospettive. Il concept di base \u00e8 quello di un occhiale in nylon con lente trasparente sulla quale \u00e8 possibile innestare, tramite magneti, una seconda lente colorata e l\u2019ispirazione \u00e8 quella del blackout \u2013 questo s\u00ec, reale \u2013 che colp\u00ec la Grande Mela nel 1965, lasciandola all\u2019oscuro per una notte intera, \u201cla pi\u00f9 bella notte della citt\u00e0\u201d, come la defin\u00ec il sindaco dell\u2019epoca Robert Wagner. \u201cPer il mio progetto cercavo un\u2019immagine evocativa, originale e d\u2019impatto \u2013 spiega \u2013 Ho scelto il buio, perch\u00e9 il buio, prescindendo dalla connotazione negativa che in molti erroneamente gli attribuiscono, \u00e8 l\u2019unica risorsa in grado di farci percepire la realt\u00e0 da un\u2019angolazione inedita. La nostra \u00e8 una societ\u00e0 distratta, abituata a vedere le cose unicamente attraverso la lente della routine. A me interessava stravolgere questo paradigma, mostrare e dimostrare che, a volte, si pu\u00f2 anche imboccare una strada diversa e scoprire che al di fuori del nostro piccolo mondo c\u2019\u00e8 un universo intero da esplorare. Il blackout, da questo punto di vista, era una metafora perfetta. La mia collezione si compone di quattro famiglie di occhiali, ciascuna delle quali ispirata a uno strumento utilizzato per orientarsi nello spazio di altrettanti paesaggi urbani che ho fantasticato di percorrere nella mia notte incantata\u201d.<\/p>\n<p>Il successo di Valeria arriva in un periodo particolarmente favorevole per il comparto occhialeria, con i primi significativi segnali di ripresa nel 2021 (+35% sul 2020 e + 4,5% sul 2019) e importanti conferme dal primo trimestre del 2022 (export a +35% sul 2021 e a + 32% sul 2019 secondo le ultime stime diffuse da Anfao), laddove, stando al Monitor dei Distretti Industriali curato dalla Direzione Studi e Ricerche di Intesa Sanpaolo relativamente ai primi mesi dell\u2019anno e al sistema moda distrettuale veneto in particolare, l\u2019occhialeria bellunese ha fatto registrare da sola una crescita pari a +36,8% con 230,1 milioni di euro in pi\u00f9 rispetto al 2021.<\/p>\n<p><a class=\"dt-pswp-item\" href=\"https:\/\/www.radiopiu.net\/wordpress\/wp-content\/uploads\/2022\/08\/Collezione-occhiale-Valeria-Zucco.jpg\" data-dt-img-description=\"\" data-large_image_width=\"1000\" data-large_image_height=\"577\"><img loading=\"lazy\" decoding=\"async\" class=\"wp-image-292247 size-medium alignright\" src=\"https:\/\/www.radiopiu.net\/wordpress\/wp-content\/uploads\/2022\/08\/Collezione-occhiale-Valeria-Zucco-300x173.jpg\" alt=\"\" width=\"300\" height=\"173\" srcset=\"https:\/\/www.radiopiu.net\/wordpress\/wp-content\/uploads\/2022\/08\/Collezione-occhiale-Valeria-Zucco-300x173.jpg 300w, https:\/\/www.radiopiu.net\/wordpress\/wp-content\/uploads\/2022\/08\/Collezione-occhiale-Valeria-Zucco-768x443.jpg 768w, https:\/\/www.radiopiu.net\/wordpress\/wp-content\/uploads\/2022\/08\/Collezione-occhiale-Valeria-Zucco.jpg 1000w\" sizes=\"auto, (max-width: 300px) 100vw, 300px\" \/><\/a>\u00abL\u2019importante affermazione di Valeria Zucco, testimonia ulteriormente lo spessore e la validit\u00e0 delle proposte formative degli ITS, ad ulteriore conferma della necessit\u00e0 di ripensare all\u2019impianto educativo nazionale focalizzandosi sull\u2019istruzione manageriale professionalizzante, in un momento molto delicato per la nostra economia \u2013 afferma Corrado Facco, Ad del Gruppo Certottica \u2013 Del resto, se \u00e8 vero che nei prossimi quattro anni il solo sistema moda italiano necessiter\u00e0 di 48mila profili professionali in pi\u00f9 rispetto a quelli esistenti, \u00e8 altrettanto vero che il Paese non potr\u00e0 permettersi di farsi trovare impreparato, pena la perdita di competitivit\u00e0. L\u2019Italia patisce il gap tra domanda e offerta di capitale umano adeguatamente profilato e formato rispetto alle esigenze delle aziende anche dell\u2019alto di gamma, e solo una solida preparazione come quella che offrono gli ITS \u00e8 in grado di rispondere alle richieste sempre pi\u00f9 stringenti di un mercato del lavoro in continua e rapida evoluzione. Con il corso biennale per Eyewear Product Manager, l\u2019unico esistente nel nostro Paese specifico per un comparto cos\u00ec attraente come quello dell\u2019occhiale, offriamo ai nostri studenti l\u2019opportunit\u00e0 di ottenere una qualifica manageriale immediatamente spendibile in un settore chiave, fiore all\u2019occhiello del bello e ben fatto in Italia e leader nel mondo\u00bb<\/p>\n<p>\u00abNon possiamo che essere fieri del percorso di Valeria Zucco; siamo felici che i nostri corsi mettano in grado persone creative e piene di talento di raggiungere risultati oltremodo ambiziosi, \u00e8 la migliore testimonianza di uno splendido percorso. La Fashion Academy ITS COSMO \u00e8 da sempre vicina alle aziende e alle necessit\u00e0 del territorio, il nostro obiettivo come Fondazione \u00e8 quello di rispondere alle esigenze di mercato grazie a una formazione all\u2019avanguardia, seguita da professionisti e da docenti universitari. \u00c8 proprio la grande richiesta di figure competenti nel settore tessile moda e abbigliamento che ha trasformato la nostra fondazione nell\u2019ITS pi\u00f9 grande d\u2019Italia, con percorsi unici e di altissimo profilo formativo\u00bb \u2013 dichiara Roberto Gigliotti, direttore generale di Fondazione ITS COSMO. Durante l\u2019ultimo anno di corso Valeria ha avuto l\u2019opportunit\u00e0 di svolgere un tirocinio presso l\u2019ufficio stile di Louis Vuitton. Adesso guarda al futuro, che lei stessa sogna in questo mondo e in Veneto che dell\u2019occhialeria \u00e8 patria indiscussa. L\u2019attuale impiego presso la sede padovana di Safilo \u00e8 arrivato ad appena qualche giorno dalla conclusione del suo percorso di studi, e la speranza \u00e8 quella di poter concretizzare la sua posizione cimentandosi soprattutto nel ramo dell\u2019industrializzazione e fattibilit\u00e0. \u00abIn me convivono da sempre due anime \u2013 conclude \u2013 quella pi\u00f9 meticolosa e razionale e quella estrosa, votata alla creativit\u00e0. Al momento prevale la prima, perch\u00e9 mi sento pi\u00f9 portata per gli aspetti tecnici. Il design? \u00c8 una sfida interessante, mai dire mai\u2026\u00bb<\/p>\n","protected":false},"excerpt":{"rendered":"<p>Con un progetto ispirato al buio e al suo fascino rivelatore, la giovane studentessa, proveniente dal corso ITS Cosmo \u2013 Certottica \u00e8 stata selezionata tra i 25 creativi emergenti che il 19 settembre a Milano si contenderanno il prestigioso riconoscimento internazionale. Occhialeria bellunese ancora una volta protagonista. Ci sar\u00e0 infatti anche la feltrina Valeria Zucco&hellip;<\/p>\n","protected":false},"author":4,"featured_media":292246,"comment_status":"closed","ping_status":"closed","sticky":false,"template":"","format":"standard","meta":{"_monsterinsights_skip_tracking":false,"_monsterinsights_sitenote_active":false,"_monsterinsights_sitenote_note":"","_monsterinsights_sitenote_category":0,"footnotes":""},"categories":[104,49],"tags":[],"class_list":["post-292245","post","type-post","status-publish","format-standard","has-post-thumbnail","hentry","category-evidenza_3","category-news-18","category-104","category-49","description-off"],"img_url":"https:\/\/www.radiopiu.net\/wordpress\/wp-content\/uploads\/2022\/08\/Valeria-Zucco_edited.jpg","_links":{"self":[{"href":"https:\/\/www.radiopiu.net\/wordpress\/wp-json\/wp\/v2\/posts\/292245","targetHints":{"allow":["GET"]}}],"collection":[{"href":"https:\/\/www.radiopiu.net\/wordpress\/wp-json\/wp\/v2\/posts"}],"about":[{"href":"https:\/\/www.radiopiu.net\/wordpress\/wp-json\/wp\/v2\/types\/post"}],"author":[{"embeddable":true,"href":"https:\/\/www.radiopiu.net\/wordpress\/wp-json\/wp\/v2\/users\/4"}],"replies":[{"embeddable":true,"href":"https:\/\/www.radiopiu.net\/wordpress\/wp-json\/wp\/v2\/comments?post=292245"}],"version-history":[{"count":0,"href":"https:\/\/www.radiopiu.net\/wordpress\/wp-json\/wp\/v2\/posts\/292245\/revisions"}],"wp:featuredmedia":[{"embeddable":true,"href":"https:\/\/www.radiopiu.net\/wordpress\/wp-json\/wp\/v2\/media\/292246"}],"wp:attachment":[{"href":"https:\/\/www.radiopiu.net\/wordpress\/wp-json\/wp\/v2\/media?parent=292245"}],"wp:term":[{"taxonomy":"category","embeddable":true,"href":"https:\/\/www.radiopiu.net\/wordpress\/wp-json\/wp\/v2\/categories?post=292245"},{"taxonomy":"post_tag","embeddable":true,"href":"https:\/\/www.radiopiu.net\/wordpress\/wp-json\/wp\/v2\/tags?post=292245"}],"curies":[{"name":"wp","href":"https:\/\/api.w.org\/{rel}","templated":true}]}}