{"id":292263,"date":"2022-08-11T23:59:43","date_gmt":"2022-08-11T21:59:43","guid":{"rendered":"https:\/\/www.radiopiu.net\/wordpress\/?p=292263"},"modified":"2022-08-12T06:19:19","modified_gmt":"2022-08-12T04:19:19","slug":"lagordina-si-prepara-al-campionato-di-seconda-categoria","status":"publish","type":"post","link":"https:\/\/www.radiopiu.net\/wordpress\/lagordina-si-prepara-al-campionato-di-seconda-categoria\/","title":{"rendered":"L&#8217;AGORDINA SI PREPARA AL CAMPIONATO DI SECONDA CATEGORIA"},"content":{"rendered":"<p><strong><a class=\"dt-pswp-item\" href=\"https:\/\/www.radiopiu.net\/wordpress\/wp-content\/uploads\/2022\/04\/CALCIO.jpg\" data-dt-img-description=\"\" data-large_image_width=\"1920\" data-large_image_height=\"1280\"><img loading=\"lazy\" decoding=\"async\" class=\"size-thumbnail wp-image-270520 alignleft\" src=\"https:\/\/www.radiopiu.net\/wordpress\/wp-content\/uploads\/2022\/04\/CALCIO-150x150.jpg\" alt=\"\" width=\"150\" height=\"150\" \/><\/a>REDAZIONE<\/strong> Archiviata la pausa estiva, l&#8217;Agordina si prepara per la prossima stagione di Seconda Categoria. La squadra del Presidente Cosmo Forcella si \u00e8 iscritta al campionato regionale e sar\u00e0 situata nel girone T dove la maggior parte delle squadre saranno della provincia di Belluno. Un girone formato da 14 formazioni: Agordina, Alpes Cesio, Cadore 1919, Castion, Fulgor Farra, Gemelle, Itlas Santa Giustina Serravalle, Juventina Mugnai, Lentiai, Nogar\u00e8, Ponte nelle Alpi, San Michele Salsa, Sois e Sospirolese. Un campionato che inizier\u00e0 il 18 settembre prossimo e composto da 26 match tra andata e ritorno. Il girone di andata si concluder\u00e0 l&#8217;11 dicembre e il 18 \u00e8 una data considerata buona per eventuali recuperi. Girone di ritorno che inizier\u00e0 domenica 15 gennaio 2023 e che terminer\u00e0 il 16 aprile. Anche in questo caso la federazione ha indicato la data del 23 aprile come giornata per eventuali recuperi. Agordina che non parteciper\u00e0 solo al campionato di Seconda Categoria ma anche alla Coppa Veneto. La fase eliminatoria si giocher\u00e0 nelle giornate del 28 agosto, 4 e 11 settembre. Poi la fase finale con le partite secche e finalissima in programma il 26 aprile 2023. La compagine di Agordo \u00e8 stata inserita nel girone 63 con Gemelle 2015, Sois e Sospirolese. I calendari del campionato non sono ancora stati ufficializzati dalla Lega Nazionale Dilettanti ma nei prossimi giorni sapremo con quale squadra esordir\u00e0 l&#8217;Agordina.<\/p>\n<p>&nbsp;<\/p>\n<p>&nbsp;<\/p>\n<p>******<\/p>\n","protected":false},"excerpt":{"rendered":"<p>REDAZIONE Archiviata la pausa estiva, l&#8217;Agordina si prepara per la prossima stagione di Seconda Categoria. La squadra del Presidente Cosmo Forcella si \u00e8 iscritta al campionato regionale e sar\u00e0 situata nel girone T dove la maggior parte delle squadre saranno della provincia di Belluno. Un girone formato da 14 formazioni: Agordina, Alpes Cesio, Cadore 1919,&hellip;<\/p>\n","protected":false},"author":4,"featured_media":270520,"comment_status":"closed","ping_status":"closed","sticky":false,"template":"","format":"standard","meta":{"_monsterinsights_skip_tracking":false,"_monsterinsights_sitenote_active":false,"_monsterinsights_sitenote_note":"","_monsterinsights_sitenote_category":0,"footnotes":""},"categories":[104,49],"tags":[],"class_list":["post-292263","post","type-post","status-publish","format-standard","has-post-thumbnail","hentry","category-evidenza_3","category-news-18","category-104","category-49","description-off"],"img_url":"https:\/\/www.radiopiu.net\/wordpress\/wp-content\/uploads\/2022\/04\/CALCIO.jpg","_links":{"self":[{"href":"https:\/\/www.radiopiu.net\/wordpress\/wp-json\/wp\/v2\/posts\/292263","targetHints":{"allow":["GET"]}}],"collection":[{"href":"https:\/\/www.radiopiu.net\/wordpress\/wp-json\/wp\/v2\/posts"}],"about":[{"href":"https:\/\/www.radiopiu.net\/wordpress\/wp-json\/wp\/v2\/types\/post"}],"author":[{"embeddable":true,"href":"https:\/\/www.radiopiu.net\/wordpress\/wp-json\/wp\/v2\/users\/4"}],"replies":[{"embeddable":true,"href":"https:\/\/www.radiopiu.net\/wordpress\/wp-json\/wp\/v2\/comments?post=292263"}],"version-history":[{"count":0,"href":"https:\/\/www.radiopiu.net\/wordpress\/wp-json\/wp\/v2\/posts\/292263\/revisions"}],"wp:featuredmedia":[{"embeddable":true,"href":"https:\/\/www.radiopiu.net\/wordpress\/wp-json\/wp\/v2\/media\/270520"}],"wp:attachment":[{"href":"https:\/\/www.radiopiu.net\/wordpress\/wp-json\/wp\/v2\/media?parent=292263"}],"wp:term":[{"taxonomy":"category","embeddable":true,"href":"https:\/\/www.radiopiu.net\/wordpress\/wp-json\/wp\/v2\/categories?post=292263"},{"taxonomy":"post_tag","embeddable":true,"href":"https:\/\/www.radiopiu.net\/wordpress\/wp-json\/wp\/v2\/tags?post=292263"}],"curies":[{"name":"wp","href":"https:\/\/api.w.org\/{rel}","templated":true}]}}