{"id":292467,"date":"2022-08-13T05:04:44","date_gmt":"2022-08-13T03:04:44","guid":{"rendered":"https:\/\/www.radiopiu.net\/wordpress\/?p=292467"},"modified":"2022-08-13T05:25:28","modified_gmt":"2022-08-13T03:25:28","slug":"da-martedi-cambiano-gli-orari-dei-punti-tamponi","status":"publish","type":"post","link":"https:\/\/www.radiopiu.net\/wordpress\/da-martedi-cambiano-gli-orari-dei-punti-tamponi\/","title":{"rendered":"DA MARTEDI&#8217; CAMBIANO GLI ORARI DEI PUNTI TAMPONI"},"content":{"rendered":"<p><strong><a class=\"dt-pswp-item\" href=\"https:\/\/www.radiopiu.net\/wordpress\/wp-content\/uploads\/2020\/03\/TAMPONI-COVID.jpg\" data-dt-img-description=\"\" data-large_image_width=\"1102\" data-large_image_height=\"736\"><img loading=\"lazy\" decoding=\"async\" class=\" wp-image-123875 alignleft\" src=\"https:\/\/www.radiopiu.net\/wordpress\/wp-content\/uploads\/2020\/03\/TAMPONI-COVID-150x150.jpg\" alt=\"\" width=\"117\" height=\"117\" \/><\/a>BELLUNO <\/strong>Dato il rallentamento epidemico registrato nelle ultime settimane, l\u2019operativit\u00e0 del Covid Point di Paludi sar\u00e0 cos\u00ec riorganizzata a partire dal 16 agosto. Dal 16 agosto il Covid Point di Paludi sar\u00e0 attivo: marted\u00ec, gioved\u00ec, sabato, domenica\/festivi: dalle 8.30 alle 12.30. Rimane, invece, invariata l&#8217;operativit\u00e0 degli altri Covid Point che saranno attivi con i seguenti orari: Feltre: luned\u00ec, mercoled\u00ec e venerd\u00ec (festivi esclusi), dalle 8.30 alle 12.30. Agordo: marted\u00ec e gioved\u00ec (festivi esclusi), dalle 8.30 alle 10.00. Tai di Cadore: marted\u00ec e gioved\u00ec (festivi esclusi), dalle 13.30 alle 15.30. Il tampone viene eseguito su prescrizione del medico curante e a seguito di prenotazione sul sito <a href=\"http:\/\/www.aulss1.veneto.it\/\">www.aulss1.veneto.it<\/a><\/p>\n<p>&nbsp;<\/p>\n<p>&nbsp;<\/p>\n<p>******<\/p>\n","protected":false},"excerpt":{"rendered":"<p>BELLUNO Dato il rallentamento epidemico registrato nelle ultime settimane, l\u2019operativit\u00e0 del Covid Point di Paludi sar\u00e0 cos\u00ec riorganizzata a partire dal 16 agosto. Dal 16 agosto il Covid Point di Paludi sar\u00e0 attivo: marted\u00ec, gioved\u00ec, sabato, domenica\/festivi: dalle 8.30 alle 12.30. Rimane, invece, invariata l&#8217;operativit\u00e0 degli altri Covid Point che saranno attivi con i seguenti&hellip;<\/p>\n","protected":false},"author":4,"featured_media":123875,"comment_status":"closed","ping_status":"closed","sticky":false,"template":"","format":"standard","meta":{"_monsterinsights_skip_tracking":false,"_monsterinsights_sitenote_active":false,"_monsterinsights_sitenote_note":"","_monsterinsights_sitenote_category":0,"footnotes":""},"categories":[104,49],"tags":[],"class_list":["post-292467","post","type-post","status-publish","format-standard","has-post-thumbnail","hentry","category-evidenza_3","category-news-18","category-104","category-49","description-off"],"img_url":"https:\/\/www.radiopiu.net\/wordpress\/wp-content\/uploads\/2020\/03\/TAMPONI-COVID.jpg","_links":{"self":[{"href":"https:\/\/www.radiopiu.net\/wordpress\/wp-json\/wp\/v2\/posts\/292467","targetHints":{"allow":["GET"]}}],"collection":[{"href":"https:\/\/www.radiopiu.net\/wordpress\/wp-json\/wp\/v2\/posts"}],"about":[{"href":"https:\/\/www.radiopiu.net\/wordpress\/wp-json\/wp\/v2\/types\/post"}],"author":[{"embeddable":true,"href":"https:\/\/www.radiopiu.net\/wordpress\/wp-json\/wp\/v2\/users\/4"}],"replies":[{"embeddable":true,"href":"https:\/\/www.radiopiu.net\/wordpress\/wp-json\/wp\/v2\/comments?post=292467"}],"version-history":[{"count":0,"href":"https:\/\/www.radiopiu.net\/wordpress\/wp-json\/wp\/v2\/posts\/292467\/revisions"}],"wp:featuredmedia":[{"embeddable":true,"href":"https:\/\/www.radiopiu.net\/wordpress\/wp-json\/wp\/v2\/media\/123875"}],"wp:attachment":[{"href":"https:\/\/www.radiopiu.net\/wordpress\/wp-json\/wp\/v2\/media?parent=292467"}],"wp:term":[{"taxonomy":"category","embeddable":true,"href":"https:\/\/www.radiopiu.net\/wordpress\/wp-json\/wp\/v2\/categories?post=292467"},{"taxonomy":"post_tag","embeddable":true,"href":"https:\/\/www.radiopiu.net\/wordpress\/wp-json\/wp\/v2\/tags?post=292467"}],"curies":[{"name":"wp","href":"https:\/\/api.w.org\/{rel}","templated":true}]}}