{"id":292472,"date":"2022-08-13T05:09:50","date_gmt":"2022-08-13T03:09:50","guid":{"rendered":"https:\/\/www.radiopiu.net\/wordpress\/?p=292472"},"modified":"2022-08-13T05:22:00","modified_gmt":"2022-08-13T03:22:00","slug":"trasporto-pubblico-in-difficolta-mancano-autisti-dolomitibus-e-provincia-al-lavoro-per-i-nuovi-orari-da-settembre","status":"publish","type":"post","link":"https:\/\/www.radiopiu.net\/wordpress\/trasporto-pubblico-in-difficolta-mancano-autisti-dolomitibus-e-provincia-al-lavoro-per-i-nuovi-orari-da-settembre\/","title":{"rendered":"TRASPORTO PUBBLICO IN DIFFICOLTA&#8217;, MANCANO AUTISTI. DOLOMITIBUS E PROVINCIA AL LAVORO PER I NUOVI ORARI DA SETTEMBRE"},"content":{"rendered":"<p><strong><a class=\"dt-pswp-item\" href=\"https:\/\/www.radiopiu.net\/wordpress\/wp-content\/uploads\/2020\/06\/f662441c-c6a1-40df-8978-3ff5202173f9.jpg\" data-dt-img-description=\"\" data-large_image_width=\"1280\" data-large_image_height=\"960\"><img loading=\"lazy\" decoding=\"async\" class=\"size-thumbnail wp-image-145519 alignleft\" src=\"https:\/\/www.radiopiu.net\/wordpress\/wp-content\/uploads\/2020\/06\/f662441c-c6a1-40df-8978-3ff5202173f9-150x150.jpg\" alt=\"\" width=\"150\" height=\"150\" \/><\/a>BELLUNO<\/strong> Dolomitibus e Provincia sono al lavoro in questi giorni per assicurare il servizio di trasporto pubblico da settembre. Dopo aver garantito per un altro anno la misura \u201cInvesti scuola\u201d, con abbonamenti a prezzo calmierato per gli studenti, si presenta infatti un nuovo problema, quello della carenza di autisti. \u00ab<em>La carenza di manodopera e quindi la scarsit\u00e0 di addetti e la quasi totale impossibilit\u00e0 di far fronte al ricambio generazionale \u00e8 un problema registrato in maniera trasversale da molti settori. Il trasporto pubblico lo avverte in modo particolare, non solo a Belluno, ma in tutta Italia<\/em>\u00bb rilevano i vertici di Dolomitibus. \u00ab<em>Dopo il Covid le criticit\u00e0 si sono acuite in tal senso, mentre sono diminuiti i passeggeri. Stiamo pagando gli effetti lunghi della pandemia e servirebbero maggiori risorse finanziarie<\/em>\u00bb. Dolomitibus in particolare ha registrato un calo della forza lavoro negli ultimi anni. Una situazione che ha richiesto sforzi notevoli per salvaguardare il servizio, prediligendo le corse rivolte agli studenti e ai lavoratori. \u00ab<em>Le criticit\u00e0 che ci hanno rappresentato da Dolomitibus sono preoccupanti, per quanto condivise da tutto il settore del trasporto pubblico, anche fuori da Belluno<\/em>\u00bb il commento del presidente della Provincia e del consigliere delegato alla viabilit\u00e0 e ai trasporti. \u00ab<em>Proprio per questo la priorit\u00e0 \u00e8 salvaguardare il servizio, in modo che a settembre, con l\u2019avvio dell\u2019anno scolastico, le famiglie possano non solo fare l\u2019abbonamento con \u201cInvesti scuola\u201d, ma anche avere a disposizione bus e pullman per coprire i tragitti quotidiani casa-scuola in maniera sempre efficiente, oltre ovviamente agli altri servizi urbani ed extraurbani<\/em>\u00bb. Al di l\u00e0 dell\u2019immediatezza, Dolomitibus e Provincia continuano a promuovere il progetto dell\u2019Academy, vale a dire il percorso formativo ideato dall\u2019azienda di trasporto per intercettare giovani del territorio da avviare alla professione di autista. Il percorso prevede che la formazione e il conseguimento della patente specifica (che richiede circa 6 mesi) sia a carico di Dolomitibus. E che i giovani vengano assunti gi\u00e0 durante la formazione, con mansioni diverse all\u2019interno dell\u2019azienda.\u00a0\u00ab<em>Finora l\u2019Academy non ha portato i frutti sperati, ma \u00e8 doveroso insistere<\/em>\u00bb concludono da Dolomitibus. \u00ab<em>Si tratta di un percorso che apre sbocchi professionali certi e un posto di lavoro sicuro<\/em>\u00bb.<\/p>\n<p>&nbsp;<\/p>\n<p>&nbsp;<\/p>\n<p>*****<\/p>\n","protected":false},"excerpt":{"rendered":"<p>BELLUNO Dolomitibus e Provincia sono al lavoro in questi giorni per assicurare il servizio di trasporto pubblico da settembre. Dopo aver garantito per un altro anno la misura \u201cInvesti scuola\u201d, con abbonamenti a prezzo calmierato per gli studenti, si presenta infatti un nuovo problema, quello della carenza di autisti. \u00abLa carenza di manodopera e quindi&hellip;<\/p>\n","protected":false},"author":4,"featured_media":145519,"comment_status":"closed","ping_status":"closed","sticky":false,"template":"","format":"standard","meta":{"_monsterinsights_skip_tracking":false,"_monsterinsights_sitenote_active":false,"_monsterinsights_sitenote_note":"","_monsterinsights_sitenote_category":0,"footnotes":""},"categories":[51,49],"tags":[],"class_list":["post-292472","post","type-post","status-publish","format-standard","has-post-thumbnail","hentry","category-evidenza-top","category-news-18","category-51","category-49","description-off"],"img_url":"https:\/\/www.radiopiu.net\/wordpress\/wp-content\/uploads\/2020\/06\/f662441c-c6a1-40df-8978-3ff5202173f9.jpg","_links":{"self":[{"href":"https:\/\/www.radiopiu.net\/wordpress\/wp-json\/wp\/v2\/posts\/292472","targetHints":{"allow":["GET"]}}],"collection":[{"href":"https:\/\/www.radiopiu.net\/wordpress\/wp-json\/wp\/v2\/posts"}],"about":[{"href":"https:\/\/www.radiopiu.net\/wordpress\/wp-json\/wp\/v2\/types\/post"}],"author":[{"embeddable":true,"href":"https:\/\/www.radiopiu.net\/wordpress\/wp-json\/wp\/v2\/users\/4"}],"replies":[{"embeddable":true,"href":"https:\/\/www.radiopiu.net\/wordpress\/wp-json\/wp\/v2\/comments?post=292472"}],"version-history":[{"count":0,"href":"https:\/\/www.radiopiu.net\/wordpress\/wp-json\/wp\/v2\/posts\/292472\/revisions"}],"wp:featuredmedia":[{"embeddable":true,"href":"https:\/\/www.radiopiu.net\/wordpress\/wp-json\/wp\/v2\/media\/145519"}],"wp:attachment":[{"href":"https:\/\/www.radiopiu.net\/wordpress\/wp-json\/wp\/v2\/media?parent=292472"}],"wp:term":[{"taxonomy":"category","embeddable":true,"href":"https:\/\/www.radiopiu.net\/wordpress\/wp-json\/wp\/v2\/categories?post=292472"},{"taxonomy":"post_tag","embeddable":true,"href":"https:\/\/www.radiopiu.net\/wordpress\/wp-json\/wp\/v2\/tags?post=292472"}],"curies":[{"name":"wp","href":"https:\/\/api.w.org\/{rel}","templated":true}]}}