{"id":292477,"date":"2022-08-12T14:31:45","date_gmt":"2022-08-12T12:31:45","guid":{"rendered":"https:\/\/www.radiopiu.net\/wordpress\/?p=292477"},"modified":"2022-08-13T05:25:04","modified_gmt":"2022-08-13T03:25:04","slug":"tutto-pronto-per-larrivo-dellumana-reyer-a-falcade","status":"publish","type":"post","link":"https:\/\/www.radiopiu.net\/wordpress\/tutto-pronto-per-larrivo-dellumana-reyer-a-falcade\/","title":{"rendered":"TUTTO PRONTO PER L&#8217;ARRIVO DELL&#8217;UMANA REYER A FALCADE"},"content":{"rendered":"<p><strong><a class=\"dt-pswp-item\" href=\"https:\/\/www.radiopiu.net\/wordpress\/wp-content\/uploads\/2022\/08\/REYER-FALCADE.jpeg\" data-dt-img-description=\"\" data-large_image_width=\"900\" data-large_image_height=\"720\"><img loading=\"lazy\" decoding=\"async\" class=\"size-thumbnail wp-image-292484 alignleft\" src=\"https:\/\/www.radiopiu.net\/wordpress\/wp-content\/uploads\/2022\/08\/REYER-FALCADE-150x150.jpeg\" alt=\"\" width=\"150\" height=\"150\" \/><\/a>FALCADE<\/strong> Per il secondo anno consecutivo l&#8217;Umana Reyer sar\u00e0 in Valle del Biois per il ritiro pre campionato. Gli oro granata alloggeranno allo Sport Hotel Cristal a partire da domenica 21 agosto e fino al 27. Domenica sera in occasione dell&#8217;arrivo della squadra ci sar\u00e0 l&#8217;occasione di vedere i propri beniamini durante l&#8217;aperitivo di benvenuto a Falcade. L&#8217;Umana Reyer far\u00e0 delle sedute di allenamento pomeridiane al PalaFalcade e nei prossimi giorni verranno anche comunicati gli orari. Il ritiro si concluder\u00e0 sabato 27 agosto quando alle 17:30 ci sar\u00e0 un&#8217;amichevole al PalaFalcade contro L&#8217;Umana San Giobbe Chiusi. Bisogner\u00e0 prenotare il posto vista la capienza ristretta del palazzetto e lo si pu\u00f2 fare <a href=\"https:\/\/www.falcadedolomiti.it\/reyer-venezia-in-ritiro-a-falcade\/\">CLICCANDO QUI<\/a>. Il prezzo del biglietto \u00e8 di 10 euro, ridotto a 5 euro per bambini dai 6 ai 18 anni. Sotto i 6 anni l&#8217;ingresso \u00e8 gratuito. L&#8217;Umana Reyer ha anche in programma un incontro con i tifosi che avverr\u00e0 sabato 27 agosto alle 11:30 sulla piana di Falcade dove saranno allestiti degli stand.<\/p>\n<p>&nbsp;<\/p>\n<p>&nbsp;<\/p>\n<p>*****<\/p>\n","protected":false},"excerpt":{"rendered":"<p>FALCADE Per il secondo anno consecutivo l&#8217;Umana Reyer sar\u00e0 in Valle del Biois per il ritiro pre campionato. Gli oro granata alloggeranno allo Sport Hotel Cristal a partire da domenica 21 agosto e fino al 27. Domenica sera in occasione dell&#8217;arrivo della squadra ci sar\u00e0 l&#8217;occasione di vedere i propri beniamini durante l&#8217;aperitivo di benvenuto&hellip;<\/p>\n","protected":false},"author":4,"featured_media":292484,"comment_status":"closed","ping_status":"closed","sticky":false,"template":"","format":"standard","meta":{"_monsterinsights_skip_tracking":false,"_monsterinsights_sitenote_active":false,"_monsterinsights_sitenote_note":"","_monsterinsights_sitenote_category":0,"footnotes":""},"categories":[104,49],"tags":[],"class_list":["post-292477","post","type-post","status-publish","format-standard","has-post-thumbnail","hentry","category-evidenza_3","category-news-18","category-104","category-49","description-off"],"img_url":"https:\/\/www.radiopiu.net\/wordpress\/wp-content\/uploads\/2022\/08\/REYER-FALCADE.jpeg","_links":{"self":[{"href":"https:\/\/www.radiopiu.net\/wordpress\/wp-json\/wp\/v2\/posts\/292477","targetHints":{"allow":["GET"]}}],"collection":[{"href":"https:\/\/www.radiopiu.net\/wordpress\/wp-json\/wp\/v2\/posts"}],"about":[{"href":"https:\/\/www.radiopiu.net\/wordpress\/wp-json\/wp\/v2\/types\/post"}],"author":[{"embeddable":true,"href":"https:\/\/www.radiopiu.net\/wordpress\/wp-json\/wp\/v2\/users\/4"}],"replies":[{"embeddable":true,"href":"https:\/\/www.radiopiu.net\/wordpress\/wp-json\/wp\/v2\/comments?post=292477"}],"version-history":[{"count":0,"href":"https:\/\/www.radiopiu.net\/wordpress\/wp-json\/wp\/v2\/posts\/292477\/revisions"}],"wp:featuredmedia":[{"embeddable":true,"href":"https:\/\/www.radiopiu.net\/wordpress\/wp-json\/wp\/v2\/media\/292484"}],"wp:attachment":[{"href":"https:\/\/www.radiopiu.net\/wordpress\/wp-json\/wp\/v2\/media?parent=292477"}],"wp:term":[{"taxonomy":"category","embeddable":true,"href":"https:\/\/www.radiopiu.net\/wordpress\/wp-json\/wp\/v2\/categories?post=292477"},{"taxonomy":"post_tag","embeddable":true,"href":"https:\/\/www.radiopiu.net\/wordpress\/wp-json\/wp\/v2\/tags?post=292477"}],"curies":[{"name":"wp","href":"https:\/\/api.w.org\/{rel}","templated":true}]}}