{"id":292556,"date":"2022-08-13T05:11:40","date_gmt":"2022-08-13T03:11:40","guid":{"rendered":"https:\/\/www.radiopiu.net\/wordpress\/?p=292556"},"modified":"2022-08-13T05:21:10","modified_gmt":"2022-08-13T03:21:10","slug":"svuotata-la-cucina-della-festa-dellunita-a-ponte-nelle-alpi","status":"publish","type":"post","link":"https:\/\/www.radiopiu.net\/wordpress\/svuotata-la-cucina-della-festa-dellunita-a-ponte-nelle-alpi\/","title":{"rendered":"SVUOTATA LA CUCINA DELLA FESTA DELL&#8217;UNITA&#8217; A PONTE NELLE ALPI"},"content":{"rendered":"<p><strong><a class=\"dt-pswp-item\" href=\"https:\/\/www.radiopiu.net\/wordpress\/wp-content\/uploads\/2022\/08\/Schermata-2022-08-12-alle-17.52.44.png\" data-dt-img-description=\"\" data-large_image_width=\"824\" data-large_image_height=\"536\"><img loading=\"lazy\" decoding=\"async\" class=\"size-thumbnail wp-image-292562 alignleft\" src=\"https:\/\/www.radiopiu.net\/wordpress\/wp-content\/uploads\/2022\/08\/Schermata-2022-08-12-alle-17.52.44-150x150.png\" alt=\"\" width=\"150\" height=\"150\" \/><\/a>PONTE NELLE ALPI <\/strong>La cucina della Festa de L\u2019Unit\u00e0 del Pus di Ponte nelle Alpi \u00e8 talmente rinomata da andare a ruba. Letteralmente. Oggi intorno alle 14 la porta del fabbricato di legno dove \u00e8 allestita la cucina \u00e8 stata divelta e tutto il cibo disponibile \u00e8 stato rubato. Dei passanti hanno visto l\u2019accaduto e con grande senso civico hanno avvisato le forze dell\u2019ordine. I Carabinieri sono arrivati immediatamente sul posto insieme con gli organizzatori della festa che hanno provveduto a sporgere denuncia.\u00a0Il fatto \u00e8 accaduto pochi minuti dopo che il camion con i rifornimenti aveva scaricato le derrate necessarie per la cucina del fine settimana. Nel frattempo gli organizzatori, con i tanti volontari, \u00e8 gi\u00e0 al lavoro per ripristinare i luoghi e le scorte. Un episodio simile era gi\u00e0 accaduto nell\u2019estate del 2018. All\u2019epoca i ladri si erano limitati a portare via le forme di formaggio. Questa volta invece, riferiscono i responsabili della Festa, non hanno risparmiato neppure il burro.<\/p>\n<p>&nbsp;<\/p>\n<p>&nbsp;<\/p>\n<p>******<\/p>\n","protected":false},"excerpt":{"rendered":"<p>PONTE NELLE ALPI La cucina della Festa de L\u2019Unit\u00e0 del Pus di Ponte nelle Alpi \u00e8 talmente rinomata da andare a ruba. Letteralmente. Oggi intorno alle 14 la porta del fabbricato di legno dove \u00e8 allestita la cucina \u00e8 stata divelta e tutto il cibo disponibile \u00e8 stato rubato. Dei passanti hanno visto l\u2019accaduto e&hellip;<\/p>\n","protected":false},"author":4,"featured_media":292562,"comment_status":"closed","ping_status":"closed","sticky":false,"template":"","format":"standard","meta":{"_monsterinsights_skip_tracking":false,"_monsterinsights_sitenote_active":false,"_monsterinsights_sitenote_note":"","_monsterinsights_sitenote_category":0,"footnotes":""},"categories":[51,49],"tags":[],"class_list":["post-292556","post","type-post","status-publish","format-standard","has-post-thumbnail","hentry","category-evidenza-top","category-news-18","category-51","category-49","description-off"],"img_url":"https:\/\/www.radiopiu.net\/wordpress\/wp-content\/uploads\/2022\/08\/Schermata-2022-08-12-alle-17.52.44.png","_links":{"self":[{"href":"https:\/\/www.radiopiu.net\/wordpress\/wp-json\/wp\/v2\/posts\/292556","targetHints":{"allow":["GET"]}}],"collection":[{"href":"https:\/\/www.radiopiu.net\/wordpress\/wp-json\/wp\/v2\/posts"}],"about":[{"href":"https:\/\/www.radiopiu.net\/wordpress\/wp-json\/wp\/v2\/types\/post"}],"author":[{"embeddable":true,"href":"https:\/\/www.radiopiu.net\/wordpress\/wp-json\/wp\/v2\/users\/4"}],"replies":[{"embeddable":true,"href":"https:\/\/www.radiopiu.net\/wordpress\/wp-json\/wp\/v2\/comments?post=292556"}],"version-history":[{"count":0,"href":"https:\/\/www.radiopiu.net\/wordpress\/wp-json\/wp\/v2\/posts\/292556\/revisions"}],"wp:featuredmedia":[{"embeddable":true,"href":"https:\/\/www.radiopiu.net\/wordpress\/wp-json\/wp\/v2\/media\/292562"}],"wp:attachment":[{"href":"https:\/\/www.radiopiu.net\/wordpress\/wp-json\/wp\/v2\/media?parent=292556"}],"wp:term":[{"taxonomy":"category","embeddable":true,"href":"https:\/\/www.radiopiu.net\/wordpress\/wp-json\/wp\/v2\/categories?post=292556"},{"taxonomy":"post_tag","embeddable":true,"href":"https:\/\/www.radiopiu.net\/wordpress\/wp-json\/wp\/v2\/tags?post=292556"}],"curies":[{"name":"wp","href":"https:\/\/api.w.org\/{rel}","templated":true}]}}