{"id":292609,"date":"2022-08-13T05:14:19","date_gmt":"2022-08-13T03:14:19","guid":{"rendered":"https:\/\/www.radiopiu.net\/wordpress\/?p=292609"},"modified":"2022-08-13T05:19:32","modified_gmt":"2022-08-13T03:19:32","slug":"malore-in-localita-case-favretti","status":"publish","type":"post","link":"https:\/\/www.radiopiu.net\/wordpress\/malore-in-localita-case-favretti\/","title":{"rendered":"MALORE IN LOCALITA&#8217; CASE FAVRETTI"},"content":{"rendered":"<p><strong>TAIBON<\/strong> Nel pomeriggio il Soccorso alpino di Agordo \u00e8 stato attivato per un anziano colto da malore, mentre si trovava in localit\u00e0 Case Favretti, alle pendici del Mont&#8217;Alt di Pelsa. Il 93enne di Agordo \u00e8 stato raggiunto in jeep da una squadra, compresa un&#8217;infermiera, che in contatto con la Centrale ne ha valutato le condizioni. Non appena il maltempo lo ha permesso \u00e8 quindi sopraggiunto l&#8217;elicottero del Suem di Pieve di Cadore, che ha preso in carico l&#8217;uomo, lo ha imbarcato e trasportato all&#8217;ospedale di Belluno per le verifiche del caso.<\/p>\n<p>&nbsp;<\/p>\n<p>&nbsp;<\/p>\n<p>*****<\/p>\n","protected":false},"excerpt":{"rendered":"<p>TAIBON Nel pomeriggio il Soccorso alpino di Agordo \u00e8 stato attivato per un anziano colto da malore, mentre si trovava in localit\u00e0 Case Favretti, alle pendici del Mont&#8217;Alt di Pelsa. Il 93enne di Agordo \u00e8 stato raggiunto in jeep da una squadra, compresa un&#8217;infermiera, che in contatto con la Centrale ne ha valutato le condizioni.&hellip;<\/p>\n","protected":false},"author":4,"featured_media":59164,"comment_status":"closed","ping_status":"closed","sticky":false,"template":"","format":"standard","meta":{"_monsterinsights_skip_tracking":false,"_monsterinsights_sitenote_active":false,"_monsterinsights_sitenote_note":"","_monsterinsights_sitenote_category":0,"footnotes":""},"categories":[51,49],"tags":[],"class_list":["post-292609","post","type-post","status-publish","format-standard","has-post-thumbnail","hentry","category-evidenza-top","category-news-18","category-51","category-49","description-off"],"img_url":"https:\/\/www.radiopiu.net\/wordpress\/wp-content\/uploads\/2018\/08\/soccorsoalpino.jpg","_links":{"self":[{"href":"https:\/\/www.radiopiu.net\/wordpress\/wp-json\/wp\/v2\/posts\/292609","targetHints":{"allow":["GET"]}}],"collection":[{"href":"https:\/\/www.radiopiu.net\/wordpress\/wp-json\/wp\/v2\/posts"}],"about":[{"href":"https:\/\/www.radiopiu.net\/wordpress\/wp-json\/wp\/v2\/types\/post"}],"author":[{"embeddable":true,"href":"https:\/\/www.radiopiu.net\/wordpress\/wp-json\/wp\/v2\/users\/4"}],"replies":[{"embeddable":true,"href":"https:\/\/www.radiopiu.net\/wordpress\/wp-json\/wp\/v2\/comments?post=292609"}],"version-history":[{"count":0,"href":"https:\/\/www.radiopiu.net\/wordpress\/wp-json\/wp\/v2\/posts\/292609\/revisions"}],"wp:featuredmedia":[{"embeddable":true,"href":"https:\/\/www.radiopiu.net\/wordpress\/wp-json\/wp\/v2\/media\/59164"}],"wp:attachment":[{"href":"https:\/\/www.radiopiu.net\/wordpress\/wp-json\/wp\/v2\/media?parent=292609"}],"wp:term":[{"taxonomy":"category","embeddable":true,"href":"https:\/\/www.radiopiu.net\/wordpress\/wp-json\/wp\/v2\/categories?post=292609"},{"taxonomy":"post_tag","embeddable":true,"href":"https:\/\/www.radiopiu.net\/wordpress\/wp-json\/wp\/v2\/tags?post=292609"}],"curies":[{"name":"wp","href":"https:\/\/api.w.org\/{rel}","templated":true}]}}