{"id":292732,"date":"2022-08-16T05:31:41","date_gmt":"2022-08-16T03:31:41","guid":{"rendered":"https:\/\/www.radiopiu.net\/wordpress\/?p=292732"},"modified":"2022-08-16T09:20:16","modified_gmt":"2022-08-16T07:20:16","slug":"giornale-radiopiu-16-agosto-2022-direttore-mirko-mezzacasa","status":"publish","type":"post","link":"https:\/\/www.radiopiu.net\/wordpress\/giornale-radiopiu-16-agosto-2022-direttore-mirko-mezzacasa\/","title":{"rendered":"GIORNALE RADIOPIU 16 AGOSTO 2022 DIRETTORE MIRKO MEZZACASA"},"content":{"rendered":"<h3 class=\"kvgmc6g5 cxmmr5t8 oygrvhab hcukyx3x c1et5uql\"><span style=\"color: #0000ff;\"><strong>RADIO PIU INFORMAZIONE il canale su TELEGRAM informazione di prima\u00a0 <\/strong><\/span><span style=\"color: #0000ff;\"><strong>mano e in tempo reale. iscriviti ed aiutaci a farlo conoscere\u00a0 \u00a0<\/strong><\/span><\/h3>\n<p>&nbsp;<\/p>\n<p>&nbsp;<\/p>\n<hr \/>\n<p>&nbsp;<\/p>\n<blockquote>\n<div class=\"page-title-head hgroup\">\n<h3 class=\"entry-title\">DA OGGI CAMBIANO GLI ORARI DEI PUNTI TAMPONI<\/h3>\n<\/div>\n<div class=\"page-title-breadcrumbs\"><strong>\u00a0BELLUNO<\/strong> Il Covid Point di Paludi sar\u00e0 attivo: marted\u00ec, gioved\u00ec, sabato, domenica\/festivi: dalle 8.30 alle 12.30. Rimane, invece, invariata l\u2019operativit\u00e0 degli altri Covid Point che saranno attivi con i seguenti orari: Feltre: luned\u00ec, mercoled\u00ec e venerd\u00ec (festivi esclusi), dalle 8.30 alle 12.30. Agordo: marted\u00ec e gioved\u00ec (festivi esclusi), dalle 8.30 alle 10.00. Tai di Cadore: marted\u00ec e gioved\u00ec (festivi esclusi), dalle 13.30 alle 15.30. Il tampone viene eseguito su prescrizione del medico curante e a seguito di prenotazione sul sito <a href=\"http:\/\/www.aulss1.veneto.it\/\">www.aulss1.veneto.it<\/a><\/div>\n<\/blockquote>\n<p>&nbsp;<\/p>\n<p>&nbsp;<\/p>\n<hr \/>\n<p>&nbsp;<\/p>\n<blockquote>\n<h3>ACQUA NON POTABILE A MOE&#8217; DI LASTE DI ROCCA PIETORE<\/h3>\n<\/blockquote>\n<p><strong>ROCCA PIETORE<\/strong> Gestione Servizi Pubblici informa che a ROCCA PIETORE in localit\u00e0 MOE\u2019 DI LASTE l&#8217;acqua erogata dall&#8217;acquedotto non \u00e8 potabile e pu\u00f2 essere usata per scopi alimentari SOLO PREVIA bollitura. GSP ha, comunque, gi\u00e0 adottato le necessarie misure per la disinfezione dell&#8217;acqua presente nei serbatoi e nella rete idrica con l&#8217;aggiunta di cloro.<\/p>\n<p>&nbsp;<\/p>\n<p>&nbsp;<\/p>\n<hr \/>\n<p>&nbsp;<\/p>\n<blockquote>\n<h3>LA PEDAVENA &#8211; CROCE D&#8217;AUNE NON SI FARA&#8217;, IL PARCO NAZIONALE DOLOMITI BELLUNESI NEGA IL PERMESSO<\/h3>\n<\/blockquote>\n<p><strong>FELTRE<\/strong><\/p>\n<p>di Moreno Gioli<\/p>\n<audio class=\"wp-audio-shortcode\" id=\"audio-292732-1\" preload=\"none\" style=\"width: 100%;\" controls=\"controls\"><source type=\"audio\/mpeg\" src=\"https:\/\/www.radiopiu.net\/wordpress\/wp-content\/uploads\/2022\/08\/GIOLI-PEDAVENA-CROCE-DAUNE.mp3?_=1\" \/><a href=\"https:\/\/www.radiopiu.net\/wordpress\/wp-content\/uploads\/2022\/08\/GIOLI-PEDAVENA-CROCE-DAUNE.mp3\">https:\/\/www.radiopiu.net\/wordpress\/wp-content\/uploads\/2022\/08\/GIOLI-PEDAVENA-CROCE-DAUNE.mp3<\/a><\/audio>\n<p>&nbsp;<\/p>\n<p><strong>ENNIO VIGNE, PRESIDENTE DEL PARCO NAZIONALE DOLOMITI BELLUNESI<\/strong><\/p>\n<div style=\"width: 852px;\" class=\"wp-video\"><video class=\"wp-video-shortcode\" id=\"video-292732-1\" width=\"852\" height=\"480\" preload=\"metadata\" controls=\"controls\"><source type=\"video\/mp4\" src=\"https:\/\/www.radiopiu.net\/wordpress\/wp-content\/uploads\/2022\/08\/WhatsApp-Video-2022-08-13-at-15.41.27.mp4?_=1\" \/><a href=\"https:\/\/www.radiopiu.net\/wordpress\/wp-content\/uploads\/2022\/08\/WhatsApp-Video-2022-08-13-at-15.41.27.mp4\">https:\/\/www.radiopiu.net\/wordpress\/wp-content\/uploads\/2022\/08\/WhatsApp-Video-2022-08-13-at-15.41.27.mp4<\/a><\/video><\/div>\n<p>&nbsp;<\/p>\n<hr \/>\n<p>&nbsp;<\/p>\n<blockquote>\n<h3>LA PEDAVENA &#8211; CROCE D&#8217;AUNE&#8230;UNA VICENDA AMARA<\/h3>\n<\/blockquote>\n<p><strong><a class=\"dt-pswp-item\" href=\"https:\/\/www.radiopiu.net\/wordpress\/wp-content\/uploads\/2022\/08\/f85d288e-42e4-42a0-ba4c-9ef035abad40.jpg\" data-dt-img-description=\"\" data-large_image_width=\"1024\" data-large_image_height=\"682\"><img loading=\"lazy\" decoding=\"async\" class=\"size-thumbnail wp-image-292747 alignleft\" src=\"https:\/\/www.radiopiu.net\/wordpress\/wp-content\/uploads\/2022\/08\/f85d288e-42e4-42a0-ba4c-9ef035abad40-150x150.jpg\" alt=\"\" width=\"150\" height=\"150\" \/><\/a>BELLUNO<\/strong><\/p>\n<p>di Roberto Bona<\/p>\n<audio class=\"wp-audio-shortcode\" id=\"audio-292732-2\" preload=\"none\" style=\"width: 100%;\" controls=\"controls\"><source type=\"audio\/mpeg\" src=\"https:\/\/www.radiopiu.net\/wordpress\/wp-content\/uploads\/2022\/08\/BONA-PEDAVENA.mp3?_=2\" \/><a href=\"https:\/\/www.radiopiu.net\/wordpress\/wp-content\/uploads\/2022\/08\/BONA-PEDAVENA.mp3\">https:\/\/www.radiopiu.net\/wordpress\/wp-content\/uploads\/2022\/08\/BONA-PEDAVENA.mp3<\/a><\/audio>\n<p>&nbsp;<\/p>\n<hr \/>\n<p>&nbsp;<\/p>\n<blockquote>\n<h3>CAMILLO DE PELLEGRIN SI DIMETTE DAL CONSIGLIO DELL&#8217;ENTE PARCO NAZIONALE DOLOMITI BELLUNESI<\/h3>\n<\/blockquote>\n<p><strong><a class=\"dt-pswp-item\" href=\"https:\/\/www.radiopiu.net\/wordpress\/wp-content\/uploads\/2022\/01\/28056423_1570743069705719_9091845138820201561_n.jpg\" data-dt-img-description=\"\" data-large_image_width=\"960\" data-large_image_height=\"959\"><img loading=\"lazy\" decoding=\"async\" class=\"size-thumbnail wp-image-254798 alignleft\" src=\"https:\/\/www.radiopiu.net\/wordpress\/wp-content\/uploads\/2022\/01\/28056423_1570743069705719_9091845138820201561_n-150x150.jpg\" alt=\"\" width=\"150\" height=\"150\" srcset=\"https:\/\/www.radiopiu.net\/wordpress\/wp-content\/uploads\/2022\/01\/28056423_1570743069705719_9091845138820201561_n-150x150.jpg 150w, https:\/\/www.radiopiu.net\/wordpress\/wp-content\/uploads\/2022\/01\/28056423_1570743069705719_9091845138820201561_n-300x300.jpg 300w, https:\/\/www.radiopiu.net\/wordpress\/wp-content\/uploads\/2022\/01\/28056423_1570743069705719_9091845138820201561_n-768x767.jpg 768w, https:\/\/www.radiopiu.net\/wordpress\/wp-content\/uploads\/2022\/01\/28056423_1570743069705719_9091845138820201561_n.jpg 960w\" sizes=\"auto, (max-width: 150px) 100vw, 150px\" \/><\/a>FELTRE<\/strong> Nelle ultime ore Camillo De Pellegrin, sindaco di Val di Zoldo, ha dato le dimissioni come consigliere dell&#8217;ente Parco Nazionale Dolomiti Bellunesi. La goccia che ha fatto traboccare il vaso, il no da parte dell&#8217;ente a far disputare la Pedavena &#8211; Croce D&#8217;Aune per la sua interezza a seguito dell&#8217;entrata in vigore del nuovo regolamento.<\/p>\n<p><strong>LA LETTERA DI CAMILLO DE PELLEGRIN<\/strong><\/p>\n<blockquote><p><em>Credo molto nel valore dell&#8217;Ente Parco e nelle potenzialit\u00e0 che pu\u00f2 esprimere per il territorio bellunese. Proprio per questo motivo ho seguito con grande attenzione la questione che ormai da settimane tiene banco al Parco: la possibilit\u00e0 o meno di autorizzare, per quanto di competenza del Parco, il transito della 39\u00b0 edizione della Pedavena &#8211; Croce d&#8217;Aune, cronoscalata automobilistica storica, di grande importanza per il territorio bellunese, sia dal punto di vista sociale che economico, che tocca per parte del percorso il territorio del Parco. Il Regolamento del Parco, di recente entrata in vigore, sembra censurare a priori le competizioni motoristiche, indipendentemente dalle modalit\u00e0 di svolgimento della corsa ed in effetti, a seguito dell\u2019ultima riunione del direttivo \u00e8 stato ufficialmente annunciato dal Presidente Vigne il diniego del Parco al rilascio dell&#8217;autorizzazione; decisione che mi trova contrario e che mi ha portato quindi a maturare la scelta di lasciare, pur con rammarico, il direttivo. La gara si snoda sulla strada provinciale 473. Viabilit\u00e0 regolarmente e ordinariamente destinata al transito dei veicoli, senza particolari limitazioni, cos\u00ec come confermato dall&#8217;articolo 18 del Regolamento del Parco. La decisione, assunta a maggioranza, \u00e8 stata di interpretare in modo letterale il solo articolo 29 del regolamento, senza operare una lettura combinata con il disposto dell&#8217;articolo 18 comma 1\u00b0 del medesimo, a mente del quale, all&#8217;interno del Parco, la circolazione sulle strade regionali, provinciali e comunali (la cui circolazione \u00e8 quindi regolata dal Codice della Strada anche per quanto riguarda le relative competizione sportive con veicoli a motore) prive di divieto di transito \u00e8 normalmente consentita. Era pertanto possibile, dal mio punto di vista, operare un&#8217;interpretazione, o meglio una precisazione della portata dell&#8217;articolo 29, che esplicitasse l&#8217;ambito di operativit\u00e0 del divieto di gare con veicoli a motore: al di fuori delle strade sopra citate, normalmente destinate alla circolazione veicolare. Interpretazione possibile e che sembra essere stata sposata anche dal Ministero della Transizione ecologica (deputato all&#8217;esame preventivo del regolamento del Parco a cui la struttura e il Comune di Pedavena si erano rivolti proprio per la questione in oggetto). La finalit\u00e0 delle disposizioni regolamentari del Parco \u00e8 la tutela dell&#8217;area protetta, come previsto dalla legge 394\/1991, trovo quindi illogico con una mano vietare la competizione, per un mero formalismo, e con l&#8217;altra, come deciso e annunciato in conferenza stampa, avviare la procedura di modifica dell&#8217;articolo in questione per consentire un futuro svolgimento della competizione; acclarando cos\u00ec, nel caso di specie, l&#8217;assoluta mancanza di un fondamento sostanziale della disposizione, mancando, evidentemente, un qualsivoglia potenziale danno al territorio del Parco derivante dallo svolgimento della gara stessa. Diversamente si sarebbe detto che la disposizione regolamentare oggi in vigore ha la sua ragione d&#8217;essere e cos\u00ec va applicata, in questa occasione, come in quelle future riguardanti altre manifestazioni. Si parla invece di &#8220;leggerezza&#8221; degli amministratori che non si sono accorti della &#8220;manina&#8221; che ha inserito la disposizione capestro, sconfessandone cos\u00ec la necessit\u00e0. Non solo: se da un lato viene bocciata una mia proposta di delibera che, precisando attraverso interpretazione autentica del Regolamento, la portata del divieto ne consentiva lo svolgimento anche quest&#8217;anno, dall&#8217;altra ci si dichiara favorevoli ad una versione rivista della gara che di fatto, mutando per il tratto in zona Parco il termine da &#8220;competizione&#8221; a &#8220;trasferimento&#8221;, di fatto consente il transito dei medesimi veicoli. Un&#8217;escamotage solo formale. L&#8217;agire amministrativo deve essere sorretto da precisi principi: uno di questi \u00e8 la logicit\u00e0 del procedimento e quindi dei ragionamenti che sottendono i relativi provvedimenti. In questo caso si manifesta, credo, una illogicit\u00e0 e una incoerenza, che espongono tra l&#8217;altro l&#8217;Ente ad un ricorso amministrativo il cui esito \u00e8 tutt&#8217;altro che scontato sia a favore del Parco. Il Parco deve valorizzare e tutelare il territorio, non deve porre inutili ostacoli burocratici, privi di sostanza, allo sviluppo delle Comunit\u00e0 che ci vivono e al mantenimento delle tradizioni che le contraddistinguono e arricchiscono.<\/em><\/p><\/blockquote>\n<p>&nbsp;<\/p>\n<hr \/>\n<p>&nbsp;<\/p>\n<div class=\"page-title-head hgroup\">\n<blockquote>\n<h3 class=\"entry-title\">SITO DI VALLE IMPERINA, UN ALTRO FERRAGOSTO TRA RAGNATELE, ERBACCE E ABBANDONO<\/h3>\n<h2 class=\"entry-title\"><em style=\"font-size: 14px; font-weight: normal;\">Serve una presa di posizione forte,\u00a0 qualcuno capirebbe che \u00e8\u00a0 finalmente ora di andarsene,\u00a0 staccando il sedere da una poltrona immeritata<\/em><\/h2>\n<\/blockquote>\n<\/div>\n<blockquote><p><strong><a class=\"dt-pswp-item\" href=\"https:\/\/www.radiopiu.net\/wordpress\/wp-content\/uploads\/2022\/08\/df7c8a6e-d0eb-4676-b32f-326bbc1e1013-300x225-1.jpg\" data-dt-img-description=\"\" data-large_image_width=\"300\" data-large_image_height=\"225\"><img loading=\"lazy\" decoding=\"async\" class=\"wp-image-292977 size-full alignleft\" src=\"https:\/\/www.radiopiu.net\/wordpress\/wp-content\/uploads\/2022\/08\/df7c8a6e-d0eb-4676-b32f-326bbc1e1013-300x225-1.jpg\" alt=\"\" width=\"300\" height=\"225\" \/><\/a>RIVAMONTE<\/strong> Un&#8217;altra stagione \u00e8 andata. Proprio l&#8217;altro giorno alle porte di Agordo un turista inglese mi ha chiesto di consigliargli un posto vicino per andare con la famiglia nel territorio dell&#8217;Ente Parco. Lo ho pregato di cambiare zona, perch\u00e9 l&#8217;Agordino non \u00e8 il Trentino e alcuni nostri amministratori nemmeno loro lontano parenti,\u00a0 nonostante da anni arrivino in vallata\u00a0 i sussidi alto atesini (fondi di confine). Gli ho comunque consigliato\u00a0 di non addentrarsi con la famiglia oltre il bel ponte in legno, dopo il locomotore accanto alla regionale 203 agordina, perch\u00e8\u00a0 sia l&#8217;uno che l&#8217;altro sono specchietti per le allodole, come mettere un po&#8217; di trucco sul volto di una centenaria sperando che il fisico sia ancora quello di una ventenne.<\/p>\n<p>Solo un folle consiglierebbe a padre, madre e tre figli piccoli di finire li dentro tra erbacce, ortiche, immobili abbandonati privi di qualsiasi servizio per il turista. Eppure li&#8217; c&#8217;\u00e8 anche il famoso centro congressi o presunto tale dell&#8217; Ente Parco. Ovvero la ex centrale ristrutturata con centinaia di migliaia d&#8217;euro (una parte dei troppi soldi pubblici spesi inutilmente) che da 4 anni si presenta con il tetto strappato dal vento di Vaia. Da qualche mese sono comparse le impalcature, ma anche per il prossimo inverno,\u00a0 probabilmente, chi transiter\u00e0 lungo la regionale 203 agordina potr\u00e0 notare l&#8217;inerzia di chi avrebbe dovuto intervenire ancora quattro anni fa.<br \/>\nIn seguito alle decisioni prese (o non prese) per la Pedavena-Croce d&#8217;Aune il sindaco Camillo De Pellegrin da Zoldo ha messo in evidenza la sua amarezza e delusione verso l&#8217;Ente Parco ed ha dato le dimissioni, gran bell&#8217;esempio. Sar\u00e0 interessante vedere nelle prossime settimane, alla luce della situazione creatasi in Valle Imperina se qualche consigliere del Parco avr\u00e0 il coraggio di fare altrettanto, per protesta, per rispetto delle genti che lo hanno votato, per far capire alla Presidenza che cos\u00ec proprio non va. Speriamo che in futuro, una volta che gli attuali amministratori si decideranno a farsi fa parte, sfiduciati dai loro stessi collaboratori, la nuova generazione sappia fare di meglio, il peggio lo stiamo toccando con mano, che la prossima vendemmia sia pi\u00f9 fruttuosa, per tutti, non solo per chi percepisce il compenso da amministrazione per&#8230;il gran lavoro svolto.<\/p>\n<p>&nbsp;<\/p>\n<p><span style=\"color: #ff0000;\">GLI ATTUALI RESPONSABILI_NOMI DA RICORDARE<\/span><\/p>\n<header class=\"entry-header \">\n<div class=\"entry-header-inner\">\n<h1 class=\"entry-title\">Consiglio Direttivo Amministrazione Vigne<\/h1>\n<\/div>\n<\/header>\n<div class=\"post-entry tc-content-inner\">\n<section class=\"post-content entry-content \">\n<div class=\"czr-wp-the-content\">\n<p><strong>Presidente:\u00a0<\/strong>Vigne Ennio<br \/>\n<strong>Vice Presidente:\u00a0<\/strong>Maguolo Alessandro <span style=\"color: #0000ff;\"><strong>(RIVAMONTE)<\/strong><\/span><br \/>\nDeon Stefano<br \/>\nDe Nato Augusto<br \/>\n<strong><span style=\"color: #ff0000;\">De Pellegrin Camillo<\/span> <span style=\"color: #ff0000;\">DIMISSIONARIO<\/span><\/strong><br \/>\nDe Simoi Angelo Ennio<br \/>\nFrescura Giampietro<\/p>\n<\/div>\n<\/section>\n<\/div>\n<p>&nbsp;<\/p>\n<p><strong>AMMINISTRAZIONE TRASPARENTE<\/strong><br \/>\nEnte Parco, ennesima mancata stagione in Valle Imperina\u00a0 <a href=\"http:\/\/sol.consorziobimpiave.bl.it\/urbi\/progs\/urp\/ur1UR033.sto?DB_NAME=n1200430&amp;NodoSel=6\">clicca qui<\/a><\/p>\n<p>mm<\/p><\/blockquote>\n<p>&nbsp;<\/p>\n<p>&nbsp;<\/p>\n<p>&nbsp;<\/p>\n<hr \/>\n<p>&nbsp;<\/p>\n<p>&nbsp;<\/p>\n<blockquote>\n<h2>CADE CON LA MOUNTAIN BIKE SULLA PISTA DI DOWNHILL IN NEVEGAL<\/h2>\n<\/blockquote>\n<p><strong>BELLUNO<\/strong> Ieri attorno alle 16 l&#8217;elicottero del Suem di Pieve di Cadore \u00e8 volato in Nevegal, lungo la pista di downhill, dove un quattordicenne di Belluno era caduto con la bici, riportando un sospetto trauma alla gamba. Sbarcati in hovering, personale sanitario e tecnico di elisoccorso hanno preso in carico il ragazzo, che aveva ricevuto prima medicazione dai presenti, compreso personale del Soccorso alpino di Belluno. Mentre il pap\u00e0 del giovane infortunato veniva imbarcato in hovering, dopo essere stato imbarellato il ragazzo \u00e8 stato invece recuperato con un verricello di una decina di metri. L&#8217;eliambulanza \u00e8 poi partita verso l&#8217;ospedale di Belluno.<\/p>\n<p><strong>TAMBRE\u00a0<\/strong>Attorno alle 16 il Soccorso alpino dell&#8217;Alpago \u00e8 stato allertato per una coppia di escursionisti in difficolt\u00e0. I due, 47 anni di Venezia lui, 40 anni di Campagna Lupia (VE) lei, al bivio per rientrare verso Pian Grant da localit\u00e0 Sass Martin avevano sbagliato direzione inoltrandosi nel bosco e perdendo l&#8217;orientamento. Passate ai soccorritori le coordinate della posizione, una squadra si \u00e8 avvicinata in fuoristrada fino a individuarli, 150 metri sotto il sentiero. La coppia \u00e8 stata raggiunta e riaccompagnata alla macchina.<\/p>\n<p>&nbsp;<\/p>\n<blockquote>\n<h3><span style=\"color: #ff0000;\">DAL TG3 DEL VENETO<\/span><\/h3>\n<\/blockquote>\n<div class=\"article__subheading\"><strong>Spesso la richiesta di intervento non ha una motivazione medica<\/strong><\/div>\n<blockquote>\n<h3 class=\"article__title\">Elisoccorso richiesto e non pagato: un buco da 500mila euro<\/h3>\n<\/blockquote>\n<p class=\"article__subtitle\">In una stagione che segna un autentico boom di presenze turistiche in montagna, l&#8217;elisoccorso \u00e8 spesso richiesto come un taxi e non pagato. Ammontano a mezzo milione di euro i ticket per interventi senza motivazione medica non incassati<\/p>\n<div class=\"article__author\"><strong>Antonello Profita, montaggio Vito Spalluto<\/strong><\/div>\n<p>&nbsp;<\/p>\n<p><a href=\"https:\/\/www.rainews.it\/tgr\/veneto\/video\/2022\/08\/elisoccorso-richiesto-e-non-pagato-un-buco-da-500mila-euro-b886efd8-359b-473c-879a-f971c3388040.html\">CLICCA QUI<\/a><\/p>\n<p>&nbsp;<\/p>\n<hr \/>\n<p>&nbsp;<\/p>\n<blockquote>\n<h3>E&#8217; MORTO FABRIZIO BERTON, IL POLIZIOTTO CHE AVEVA AIUTATO ROCCA PIETORE DOPO LA TEMPESTA VAIA<\/h3>\n<\/blockquote>\n<p><strong><a class=\"dt-pswp-item\" href=\"https:\/\/www.radiopiu.net\/wordpress\/wp-content\/uploads\/2022\/08\/Schermata-2022-08-14-alle-21.25.02.png\" data-dt-img-description=\"\" data-large_image_width=\"706\" data-large_image_height=\"684\"><img loading=\"lazy\" decoding=\"async\" class=\" wp-image-292830 alignleft\" src=\"https:\/\/www.radiopiu.net\/wordpress\/wp-content\/uploads\/2022\/08\/Schermata-2022-08-14-alle-21.25.02-150x150.png\" alt=\"\" width=\"120\" height=\"120\" \/><\/a>VENEZIA<\/strong> \u00c8 morto all&#8217;et\u00e0 di 53 anni Fabrizio Berton, poliziotto veneziano che si era dato da fare anche in Agordino dopo la tempesta Vaia. Per anni ha svolto servizio presso la Questura di Venezia. Era molto stimato per il suo modo di fare: una persona buona di cuore, stimato per il suo carattere e impegnato in molte attivit\u00e0 di volontariato. A Rocca Pietore si era fatto conoscere durante il periodo di Vaia e poi con i bambini della scuola Primaria aveva stretto un legame di amicizia ed affetto. Una persona generosa nei confronti dei pi\u00f9 deboli. Aveva anche organizzato la gita a Venezia per i bambini della scuola di Rocca Pietore tramite la sua associazione &#8220;Un Cuore da Cavaliere&#8221;.<\/p>\n<p>&nbsp;<\/p>\n<p>&nbsp;<\/p>\n<hr \/>\n<p>&nbsp;<\/p>\n<blockquote>\n<h3 class=\"entry-title\">MALORE AL GIRO DEL LAGO DI ALLEGHE, SCATTA LA MACCHINA DEI SOCCORSI<\/h3>\n<\/blockquote>\n<p><strong><a class=\"dt-pswp-item\" href=\"https:\/\/www.radiopiu.net\/wordpress\/wp-content\/uploads\/2022\/08\/th-2.jpg\" data-dt-img-description=\"\" data-large_image_width=\"474\" data-large_image_height=\"355\"><img loading=\"lazy\" decoding=\"async\" class=\"size-thumbnail wp-image-292856 alignleft\" src=\"https:\/\/www.radiopiu.net\/wordpress\/wp-content\/uploads\/2022\/08\/th-2-150x150.jpg\" alt=\"\" width=\"150\" height=\"150\" \/><\/a>ALLEGHE\u00a0<\/strong> Il concorrente del Giro del Lago di Alleghe, F.R., trevigiano di 65 anni \u00e8 ricoverato all&#8217;ospedale di Trento. Si \u00e8 temuto il peggio l&#8217;altra sera\u00a0 in prossimit\u00e0 dello Chalet al lago, ma la macchina dei soccorsi del territorio non ha lasciato nulla di intentato, non ha lasciato nulla al caso. L&#8217;allarme, quando l&#8217;uomo (in compagnia della moglie e di un nipote) si \u00e8 accasciato al suolo \u00e8 stato immediato, ancora di pi\u00f9 la corsa dei volontari delle ambulanze di Alleghe. Hanno raggiunto l&#8217;uomo e prestato i primi soccorsi, dal Pronto Soccorso di Agordo \u00e8 partita l&#8217;auto medica mentre nel frattempo \u00e8 stato allertato anche l&#8217;elisoccorso di Trento abilitato al volo notturno. Dopo le manovre rianimatorie l&#8217;uomo \u00e8 stato trasferito al campo di calcio di Caprile dove ad attenderlo c&#8217;era l&#8217;elicottero che lo ha trasportato all&#8217;ospedale di Trento. Stamane le notizie giunte ad Alleghe sono di grande conforto. Va comunque messo in evidenza il grande impegno dei volontari ambulanze, personale dell&#8217;ospedale di Agordo, Carabinieri di Caprile, Vigili del fuoco volontari di Caprile, Soccorso Alpino ma anche degli alpini che hanno organizzato la competizione in notturna che ha iscritto mille partecipanti.<\/p>\n\n\t\t\t<style type='text\/css'>\n\t\t\t\t#gallery-1 {\n\t\t\t\t\tmargin: auto;\n\t\t\t\t}\n\t\t\t\t#gallery-1 .gallery-item {\n\t\t\t\t\tfloat: left;\n\t\t\t\t\tmargin-top: 10px;\n\t\t\t\t\ttext-align: center;\n\t\t\t\t\twidth: 50%;\n\t\t\t\t}\n\t\t\t\t#gallery-1 img {\n\t\t\t\t\tborder: 2px solid #cfcfcf;\n\t\t\t\t}\n\t\t\t\t#gallery-1 .gallery-caption {\n\t\t\t\t\tmargin-left: 0;\n\t\t\t\t}\n\t\t\t\t\/* see gallery_shortcode() in wp-includes\/media.php *\/\n\t\t\t<\/style>\n\t\t<div id='gallery-1' class='dt-gallery-container gallery galleryid-292732 gallery-columns-2 gallery-size-medium'><dl class='gallery-item'>\n\t\t\t\t<dt class='gallery-icon landscape'>\n\t\t\t\t\t<a class=\"rollover rollover-zoom dt-pswp-item\" title=\"aa5c9dd1-70eb-4be3-8cf6-6469b18f6f46\" data-dt-img-description=\"\" data-large_image_width=\"2016\" data-large_image_height=\"1512\"href='https:\/\/www.radiopiu.net\/wordpress\/wp-content\/uploads\/2022\/08\/aa5c9dd1-70eb-4be3-8cf6-6469b18f6f46-1.jpg'><img loading=\"lazy\" decoding=\"async\" width=\"300\" height=\"225\" src=\"https:\/\/www.radiopiu.net\/wordpress\/wp-content\/uploads\/2022\/08\/aa5c9dd1-70eb-4be3-8cf6-6469b18f6f46-1-300x225.jpg\" class=\"attachment-medium size-medium\" alt=\"\" srcset=\"https:\/\/www.radiopiu.net\/wordpress\/wp-content\/uploads\/2022\/08\/aa5c9dd1-70eb-4be3-8cf6-6469b18f6f46-1-300x225.jpg 300w, https:\/\/www.radiopiu.net\/wordpress\/wp-content\/uploads\/2022\/08\/aa5c9dd1-70eb-4be3-8cf6-6469b18f6f46-1-1024x768.jpg 1024w, https:\/\/www.radiopiu.net\/wordpress\/wp-content\/uploads\/2022\/08\/aa5c9dd1-70eb-4be3-8cf6-6469b18f6f46-1-768x576.jpg 768w, https:\/\/www.radiopiu.net\/wordpress\/wp-content\/uploads\/2022\/08\/aa5c9dd1-70eb-4be3-8cf6-6469b18f6f46-1-1536x1152.jpg 1536w, https:\/\/www.radiopiu.net\/wordpress\/wp-content\/uploads\/2022\/08\/aa5c9dd1-70eb-4be3-8cf6-6469b18f6f46-1.jpg 2016w\" sizes=\"auto, (max-width: 300px) 100vw, 300px\" \/><\/a>\n\t\t\t\t<\/dt><\/dl><dl class='gallery-item'>\n\t\t\t\t<dt class='gallery-icon landscape'>\n\t\t\t\t\t<a class=\"rollover rollover-zoom dt-pswp-item\" title=\"61f2ba65-4be5-4d36-ba8b-99e13f2f5374\" data-dt-img-description=\"\" data-large_image_width=\"2016\" data-large_image_height=\"1512\"href='https:\/\/www.radiopiu.net\/wordpress\/wp-content\/uploads\/2022\/08\/61f2ba65-4be5-4d36-ba8b-99e13f2f5374-1.jpg'><img loading=\"lazy\" decoding=\"async\" width=\"300\" height=\"225\" src=\"https:\/\/www.radiopiu.net\/wordpress\/wp-content\/uploads\/2022\/08\/61f2ba65-4be5-4d36-ba8b-99e13f2f5374-1-300x225.jpg\" class=\"attachment-medium size-medium\" alt=\"\" srcset=\"https:\/\/www.radiopiu.net\/wordpress\/wp-content\/uploads\/2022\/08\/61f2ba65-4be5-4d36-ba8b-99e13f2f5374-1-300x225.jpg 300w, https:\/\/www.radiopiu.net\/wordpress\/wp-content\/uploads\/2022\/08\/61f2ba65-4be5-4d36-ba8b-99e13f2f5374-1-1024x768.jpg 1024w, https:\/\/www.radiopiu.net\/wordpress\/wp-content\/uploads\/2022\/08\/61f2ba65-4be5-4d36-ba8b-99e13f2f5374-1-768x576.jpg 768w, https:\/\/www.radiopiu.net\/wordpress\/wp-content\/uploads\/2022\/08\/61f2ba65-4be5-4d36-ba8b-99e13f2f5374-1-1536x1152.jpg 1536w, https:\/\/www.radiopiu.net\/wordpress\/wp-content\/uploads\/2022\/08\/61f2ba65-4be5-4d36-ba8b-99e13f2f5374-1.jpg 2016w\" sizes=\"auto, (max-width: 300px) 100vw, 300px\" \/><\/a>\n\t\t\t\t<\/dt><\/dl><br style=\"clear: both\" \/>\n\t\t\t<\/div>\n\n<p>&nbsp;<\/p>\n<p>&nbsp;<\/p>\n<p>MM<\/p>\n<p>&nbsp;<\/p>\n<hr \/>\n<p>&nbsp;<\/p>\n<blockquote>\n<h3>MIGLIORATA LA NORMATIVA PER IL TRASPORTO DEI MALATI IN AMBULANZA, I COMPLIMENTI DI STEFANO MURER DELLA CROCE VERDE VAL BIOIS<\/h3>\n<\/blockquote>\n<p><strong><a class=\"dt-pswp-item\" href=\"https:\/\/www.radiopiu.net\/wordpress\/wp-content\/uploads\/2022\/03\/STEFANO-MURER.png\" data-dt-img-description=\"\" data-large_image_width=\"400\" data-large_image_height=\"400\"><img loading=\"lazy\" decoding=\"async\" class=\"size-thumbnail wp-image-266806 alignleft\" src=\"https:\/\/www.radiopiu.net\/wordpress\/wp-content\/uploads\/2022\/03\/STEFANO-MURER-150x150.png\" alt=\"\" width=\"150\" height=\"150\" srcset=\"https:\/\/www.radiopiu.net\/wordpress\/wp-content\/uploads\/2022\/03\/STEFANO-MURER-150x150.png 150w, https:\/\/www.radiopiu.net\/wordpress\/wp-content\/uploads\/2022\/03\/STEFANO-MURER-300x300.png 300w, https:\/\/www.radiopiu.net\/wordpress\/wp-content\/uploads\/2022\/03\/STEFANO-MURER.png 400w\" sizes=\"auto, (max-width: 150px) 100vw, 150px\" \/><\/a>FALCADE<\/strong> \u00c8 stata migliorata la normativa per il trasporto dei malati in ambulanza. Una normativa regionale, fatta in sordina, e che sburocratizza le associazioni di volontariato<\/p>\n<p><strong>\u00a0<\/strong><strong>\u00a0<\/strong><strong>\u00a0<\/strong><\/p>\n<p><strong>\u00a0<\/strong><\/p>\n<p><strong>\u00a0<\/strong><\/p>\n<p><strong>STEFANO MURER, CROCE VERDE VAL BIOIS<\/strong><\/p>\n<audio class=\"wp-audio-shortcode\" id=\"audio-292732-3\" preload=\"none\" style=\"width: 100%;\" controls=\"controls\"><source type=\"audio\/mpeg\" src=\"https:\/\/www.radiopiu.net\/wordpress\/wp-content\/uploads\/2022\/08\/STEFANO-MURER-CROCE-VERDE-VAL-BIOIS.mp3?_=3\" \/><a href=\"https:\/\/www.radiopiu.net\/wordpress\/wp-content\/uploads\/2022\/08\/STEFANO-MURER-CROCE-VERDE-VAL-BIOIS.mp3\">https:\/\/www.radiopiu.net\/wordpress\/wp-content\/uploads\/2022\/08\/STEFANO-MURER-CROCE-VERDE-VAL-BIOIS.mp3<\/a><\/audio>\n<p>&nbsp;<\/p>\n<hr \/>\n<p>&nbsp;<\/p>\n<blockquote>\n<h3>CARENZA DI MEDICI, NEL BELLUNESE NE MANCANO UNA VENTINA<\/h3>\n<\/blockquote>\n<p><strong><a class=\"dt-pswp-item\" href=\"https:\/\/www.radiopiu.net\/wordpress\/wp-content\/uploads\/2019\/02\/Logo_Spi-CGIL-800x445.jpg\" data-dt-img-description=\"\" data-large_image_width=\"800\" data-large_image_height=\"445\"><img loading=\"lazy\" decoding=\"async\" class=\"alignleft wp-image-75538 \" src=\"https:\/\/www.radiopiu.net\/wordpress\/wp-content\/uploads\/2019\/02\/Logo_Spi-CGIL-800x445-300x167.jpg\" alt=\"\" width=\"180\" height=\"100\" srcset=\"https:\/\/www.radiopiu.net\/wordpress\/wp-content\/uploads\/2019\/02\/Logo_Spi-CGIL-800x445-300x167.jpg 300w, https:\/\/www.radiopiu.net\/wordpress\/wp-content\/uploads\/2019\/02\/Logo_Spi-CGIL-800x445-768x427.jpg 768w, https:\/\/www.radiopiu.net\/wordpress\/wp-content\/uploads\/2019\/02\/Logo_Spi-CGIL-800x445.jpg 800w\" sizes=\"auto, (max-width: 180px) 100vw, 180px\" \/><\/a>BELLUNO <\/strong>37 zone carenti, 13 mila anziani a rischio \u201cassistenza\u201d. La penuria di medici di base nel territorio bellunese pu\u00f2 trasformarsi in un vero e proprio incubo per i tanti cittadini, soprattutto ultra65enni, che vedono in questi professionisti un punto di riferimento imprescindibile sul fronte della salute. A lanciare l\u2019allarme ci pensa il sindacato dei pensionati (Spi) della Cgil che ha monitorato il contesto veneto rilevando una situazione drammatica, figlia dell\u2019infelice programmazione da parte di Palazzo Balbi risalente al periodo pre-covid. D\u2019altronde, come sottolinea lo stesso sindacato, le zone carenti nell\u2019Ulss 1 sono cresciute del 76% dal 2019 a oggi, pur avendo recuperato a giugno 2022 cinque aree \u201cscoperte\u201d. \u201c<em>Siamo molto preoccupati soprattutto per i nostri anziani &#8211; conferma Maria Rita Gentilin, segretaria generale dello Spi-Cgil di Belluno &#8211; anche se nel Veneto altre province, come Verona, contano una carenza di medici di base ancora pi\u00f9 marcata, non si pu\u00f2 negare che il nostro territorio risenta molto pi\u00f9 degli altri di questo disservizio, visto che ci sono comuni con un numero di abitanti limitato, che quando perdono anche un solo medico restano del tutto scoperti e ci sono zone difficilmente raggiungibili in particolare per le persone anziane che fanno dunque difficolt\u00e0 a spostarsi per trovare un nuovo medico di famiglia<\/em>\u201d. Secondo il report del sindacato, sono 37 (ultimo aggiornamento della Regione) le zone del Bellunese carenti di medici di base, 16 in pi\u00f9 del periodo pre-Covid. E cos\u00ec, prendendo in esame i Comuni pi\u00f9 scoperti, emerge che per circa 13 mila anziani esista il rischio reale di non sapere pi\u00f9 a chi rivolgersi. La situazione, come detto, si \u00e8 aggravata negli ultimi tempi visto che nel 2019 le aree scoperte erano \u201csolo\u201d 21. In pratica &#8211; prime delle ultime assegnazioni di giugno &#8211; le zone carenti erano pi\u00f9 del doppio rispetto al periodo pre-pandemia. D\u2019altra parte, il numero di professionisti in servizio nel Bellunese \u00e8 calato di anno in anno, passando dai 133 del 2019 al 119 del 2022. Un numero &#8211; dicono ancora dallo Spi &#8211; che non garantisce una assistenza adeguata ai circa 180 mila assistiti residenti in provincia i quali avrebbero bisogno di una ventina di medici in pi\u00f9. Per ora, visto che nel Veneto nei prossimi sette anni usciranno dal servizio, soprattutto a causa dei pensionamenti, 1.878 medici e ne entreranno, da programma, solo 595. In tale contesto, risulta preoccupante anche la penuria di pediatri. Nel territorio se ne contano 19 ma per seguire il bacino di circa 20.750 bambini ne servirebbero 26, sette in pi\u00f9.<\/p>\n<p><strong>LE ZONE CARENTI DI MEDICI NEL BELLUNESE (2 Pagine)<\/strong><\/p>\n<a href=\"https:\/\/www.radiopiu.net\/wordpress\/wp-content\/uploads\/2022\/08\/zone-carenti-BL-mdb-1-combinato.pdf\" class=\"pdfemb-viewer\" style=\"\" data-width=\"max\" data-height=\"max\" data-toolbar=\"top\" data-toolbar-fixed=\"on\">zone carenti BL mdb (1)-combinato<\/a>\n<p>&nbsp;<\/p>\n<hr \/>\n<p>&nbsp;<\/p>\n<p>&nbsp;<\/p>\n<blockquote>\n<h3>ANCHE IL MONTE AGNER SOGGETTO ALLA FORZA DI GRAVITA&#8217;<\/h3>\n<\/blockquote>\n<p><strong>TAIBON<\/strong> La foto \u00e8 stata postata\u00a0 ieri nel primo pomeriggio da Mila Da Pra di Taibon Agordino, veloce nel cogliere l&#8217;attimo, dopo il frastuono, indirizzando l&#8217;obiettivo del telefono verso la parete del Monte Agner, in Valle di San Lucano. Non risultano persone coinvolte, alpinisti in questo caso, visto che salire l&#8217;Agner non \u00e8 cosa per tutti. (foto pagina facebook, Mila Dai Pra).<\/p>\n<p><a class=\"dt-pswp-item\" href=\"https:\/\/www.radiopiu.net\/wordpress\/wp-content\/uploads\/2022\/08\/299345998_3156528827931478_3295680148802837941_n.jpg\" data-dt-img-description=\"\" data-large_image_width=\"526\" data-large_image_height=\"1139\"><img loading=\"lazy\" decoding=\"async\" class=\"wp-image-292802 aligncenter\" src=\"https:\/\/www.radiopiu.net\/wordpress\/wp-content\/uploads\/2022\/08\/299345998_3156528827931478_3295680148802837941_n.jpg\" alt=\"\" width=\"199\" height=\"431\" srcset=\"https:\/\/www.radiopiu.net\/wordpress\/wp-content\/uploads\/2022\/08\/299345998_3156528827931478_3295680148802837941_n.jpg 526w, https:\/\/www.radiopiu.net\/wordpress\/wp-content\/uploads\/2022\/08\/299345998_3156528827931478_3295680148802837941_n-139x300.jpg 139w, https:\/\/www.radiopiu.net\/wordpress\/wp-content\/uploads\/2022\/08\/299345998_3156528827931478_3295680148802837941_n-473x1024.jpg 473w\" sizes=\"auto, (max-width: 199px) 100vw, 199px\" \/><\/a><\/p>\n<p>&nbsp;<\/p>\n<hr \/>\n<p>&nbsp;<\/p>\n<div class=\"page-title-head hgroup\">\n<blockquote>\n<h3 class=\"entry-title\">RIFIUTI DI TUTTI, RIFIUTI PER TUTTI<\/h3>\n<\/blockquote>\n<\/div>\n<div class=\"page-title-breadcrumbs\">\n<p><strong>ROCCA PIETORE<\/strong> &#8220;<em>Siamo alle solite abitudini&#8221;<\/em> sbotta Lorena, e non ha certo torto. L&#8217;indecenza e la maleducazione del turista di passaggio sta nelle foto che pubblichiamo. Altro che raccolta differenziata, toccher\u00e0 agli uomini della Valpe Ambiente rimettere ordine e riporre le &#8220;squaze&#8221; al loro posto, con inevitabile costi e perdita di tempo. Eppure le isole ecologiche ora ci sono, ci\u00f2 che manca sono i controlli e come ribadiamo una buona cose di educazione civica. Un altro esempio lungo la regionale 203 agordina, salendo da Belluno verso Agordo ieri\u00a0 erano presenti a bordo strade sacchi di immondizie abbandonati, ma anche lasciati cadere dal finestrino dell&#8217;auto tra asfalto e cunetta. Anche in questo caso i controlli latitano, ma nessuna meraviglia, nessun controllo nemmeno sulle strade con i motociclisti in continuo sorpasso nelle gallerie dei Castei, Listolade e Anime come confermano i continui messaggi di chi non ne pu\u00f2 pi\u00f9 lasciati sulla chat Viabilit\u00e0 Provincia di Belluno. E&#8217; ormai noto che percorrere le gallerie \u00e8 sempre un rischio con i folli delle due ruote ben oltre la linea continua.<\/p>\n<p><strong>FOTO Rocca Pietore di fronte al sentiero che porta ad Alleghe<\/strong><\/p>\n\n\t\t\t<style type='text\/css'>\n\t\t\t\t#gallery-2 {\n\t\t\t\t\tmargin: auto;\n\t\t\t\t}\n\t\t\t\t#gallery-2 .gallery-item {\n\t\t\t\t\tfloat: left;\n\t\t\t\t\tmargin-top: 10px;\n\t\t\t\t\ttext-align: center;\n\t\t\t\t\twidth: 33%;\n\t\t\t\t}\n\t\t\t\t#gallery-2 img {\n\t\t\t\t\tborder: 2px solid #cfcfcf;\n\t\t\t\t}\n\t\t\t\t#gallery-2 .gallery-caption {\n\t\t\t\t\tmargin-left: 0;\n\t\t\t\t}\n\t\t\t\t\/* see gallery_shortcode() in wp-includes\/media.php *\/\n\t\t\t<\/style>\n\t\t<div id='gallery-2' class='dt-gallery-container gallery galleryid-292732 gallery-columns-3 gallery-size-medium'><dl class='gallery-item'>\n\t\t\t\t<dt class='gallery-icon landscape'>\n\t\t\t\t\t<a class=\"rollover rollover-zoom dt-pswp-item\" title=\"298654959_364963929164580_6800568229077734012_n\" data-dt-img-description=\"\" data-large_image_width=\"960\" data-large_image_height=\"720\"href='https:\/\/www.radiopiu.net\/wordpress\/wp-content\/uploads\/2022\/08\/298654959_364963929164580_6800568229077734012_n.jpg'><img loading=\"lazy\" decoding=\"async\" width=\"300\" height=\"225\" src=\"https:\/\/www.radiopiu.net\/wordpress\/wp-content\/uploads\/2022\/08\/298654959_364963929164580_6800568229077734012_n-300x225.jpg\" class=\"attachment-medium size-medium\" alt=\"\" srcset=\"https:\/\/www.radiopiu.net\/wordpress\/wp-content\/uploads\/2022\/08\/298654959_364963929164580_6800568229077734012_n-300x225.jpg 300w, https:\/\/www.radiopiu.net\/wordpress\/wp-content\/uploads\/2022\/08\/298654959_364963929164580_6800568229077734012_n-768x576.jpg 768w, https:\/\/www.radiopiu.net\/wordpress\/wp-content\/uploads\/2022\/08\/298654959_364963929164580_6800568229077734012_n.jpg 960w\" sizes=\"auto, (max-width: 300px) 100vw, 300px\" \/><\/a>\n\t\t\t\t<\/dt><\/dl><dl class='gallery-item'>\n\t\t\t\t<dt class='gallery-icon landscape'>\n\t\t\t\t\t<a class=\"rollover rollover-zoom dt-pswp-item\" title=\"298930069_371614315156517_8430164608922570771_n\" data-dt-img-description=\"\" data-large_image_width=\"960\" data-large_image_height=\"720\"href='https:\/\/www.radiopiu.net\/wordpress\/wp-content\/uploads\/2022\/08\/298930069_371614315156517_8430164608922570771_n.jpg'><img loading=\"lazy\" decoding=\"async\" width=\"300\" height=\"225\" src=\"https:\/\/www.radiopiu.net\/wordpress\/wp-content\/uploads\/2022\/08\/298930069_371614315156517_8430164608922570771_n-300x225.jpg\" class=\"attachment-medium size-medium\" alt=\"\" srcset=\"https:\/\/www.radiopiu.net\/wordpress\/wp-content\/uploads\/2022\/08\/298930069_371614315156517_8430164608922570771_n-300x225.jpg 300w, https:\/\/www.radiopiu.net\/wordpress\/wp-content\/uploads\/2022\/08\/298930069_371614315156517_8430164608922570771_n-768x576.jpg 768w, https:\/\/www.radiopiu.net\/wordpress\/wp-content\/uploads\/2022\/08\/298930069_371614315156517_8430164608922570771_n.jpg 960w\" sizes=\"auto, (max-width: 300px) 100vw, 300px\" \/><\/a>\n\t\t\t\t<\/dt><\/dl><dl class='gallery-item'>\n\t\t\t\t<dt class='gallery-icon landscape'>\n\t\t\t\t\t<a class=\"rollover rollover-zoom dt-pswp-item\" title=\"298764791_1277942113008277_896885488593459209_n\" data-dt-img-description=\"\" data-large_image_width=\"960\" data-large_image_height=\"720\"href='https:\/\/www.radiopiu.net\/wordpress\/wp-content\/uploads\/2022\/08\/298764791_1277942113008277_896885488593459209_n.jpg'><img loading=\"lazy\" decoding=\"async\" width=\"300\" height=\"225\" src=\"https:\/\/www.radiopiu.net\/wordpress\/wp-content\/uploads\/2022\/08\/298764791_1277942113008277_896885488593459209_n-300x225.jpg\" class=\"attachment-medium size-medium\" alt=\"\" srcset=\"https:\/\/www.radiopiu.net\/wordpress\/wp-content\/uploads\/2022\/08\/298764791_1277942113008277_896885488593459209_n-300x225.jpg 300w, https:\/\/www.radiopiu.net\/wordpress\/wp-content\/uploads\/2022\/08\/298764791_1277942113008277_896885488593459209_n-768x576.jpg 768w, https:\/\/www.radiopiu.net\/wordpress\/wp-content\/uploads\/2022\/08\/298764791_1277942113008277_896885488593459209_n.jpg 960w\" sizes=\"auto, (max-width: 300px) 100vw, 300px\" \/><\/a>\n\t\t\t\t<\/dt><\/dl><br style=\"clear: both\" \/>\n\t\t\t<\/div>\n\n<p>&nbsp;<\/p>\n<hr \/>\n<\/div>\n<blockquote>\n<h3><\/h3>\n<h3>DILLO A RADIO PIU&#8217;&#8230;ANCHE LA BUONA EDUCAZIONE VA IN VACANZA<\/h3>\n<\/blockquote>\n<p><strong><a class=\"dt-pswp-item\" href=\"https:\/\/www.radiopiu.net\/wordpress\/wp-content\/uploads\/2022\/08\/9899affe-95c3-4c03-8ab9-831837e392d0.jpg\" data-dt-img-description=\"\" data-large_image_width=\"1504\" data-large_image_height=\"2008\"><img loading=\"lazy\" decoding=\"async\" class=\"size-thumbnail wp-image-292837 alignleft\" src=\"https:\/\/www.radiopiu.net\/wordpress\/wp-content\/uploads\/2022\/08\/9899affe-95c3-4c03-8ab9-831837e392d0-150x150.jpg\" alt=\"\" width=\"150\" height=\"150\" \/><\/a>REDAZIONE<\/strong> Riceviamo e pubblichiamo alcune considerazioni arrivate in radio da Marilisa Lucchetta riguarda alla maleducazione di qualcuno. A Canale D&#8217;Agordo si fa festa, ma non si raccolgono le immondizie.<\/p>\n<blockquote><p><em>Siamo alle solite. Legittimo divertirsi in compagnia, importante la socialit\u00e0. E poi \u00e8 tempo di vacanze. Ma anche la buona educazione \u00e8 andata in vacanza? Il rispetto per i luoghi e per gli altri? L&#8217;altra sera festa sulla scalinata delle scuole medie di Canale, e poi? Ci\u00f2 che ho fotografato \u00e8 solo parte delle immondizie lasciate, il resto sotto i gradini. Ci sono anche bottiglie di superalcolici. Non credo che adulti scelgano certi luoghi per bere. Chi fornisce alcolici ai ragazzi? Si sta facendo l&#8217;impossibile per tenere pulito e decoroso il nostro paese, c&#8217;\u00e8 bisogno di collaborazione, cura e attenzione da parte di tutti per evitare l&#8217;abbandono di immondizie ovunque. Aumenter\u00e0 il servizio di vigilanza della Polizia Locale, ma \u00e8 allo studio anche un programma di videosorveglianza sui luoghi pi\u00f9 critici. Purtroppo la maleducazione di pochi rovina il grande impegno di residenti e turisti.\u00a0<\/em><\/p>\n<p><em>Marilisa Lucchetta<\/em><\/p><\/blockquote>\n<p>&nbsp;<\/p>\n<hr \/>\n<p>&nbsp;<\/p>\n<blockquote>\n<h3>LA NUOVA CARTELLONISTICA DI TAIBON<\/h3>\n<\/blockquote>\n<p><strong>TAIBON<\/strong> Novit\u00e0 agli ingressi del paese di Taibon. L&#8217;amministrazione comunale ha ultimato i lavori di installazione della nuova cartellonistica verticale ai tre ingressi del comune. I nuovi cartelli integrati con la dicitura Dolomiti Unesco sono stati piazzati all&#8217;ingresso della galleria di Listolade scendendo da Cencenighe, a sud della tangenziale tra le due gallerie e in localit\u00e0 Brugnach appena dopo la rotonda di Valcozzena. Manca ancora un cartello che verr\u00e0 installato nei prossimi giorni e verr\u00e0 collocato all&#8217;ingresso sud per chi proviene da Agordo, pi\u00f9 precisamente a ridosso di Via Aivata.<\/p>\n\n\t\t\t<style type='text\/css'>\n\t\t\t\t#gallery-3 {\n\t\t\t\t\tmargin: auto;\n\t\t\t\t}\n\t\t\t\t#gallery-3 .gallery-item {\n\t\t\t\t\tfloat: left;\n\t\t\t\t\tmargin-top: 10px;\n\t\t\t\t\ttext-align: center;\n\t\t\t\t\twidth: 33%;\n\t\t\t\t}\n\t\t\t\t#gallery-3 img {\n\t\t\t\t\tborder: 2px solid #cfcfcf;\n\t\t\t\t}\n\t\t\t\t#gallery-3 .gallery-caption {\n\t\t\t\t\tmargin-left: 0;\n\t\t\t\t}\n\t\t\t\t\/* see gallery_shortcode() in wp-includes\/media.php *\/\n\t\t\t<\/style>\n\t\t<div id='gallery-3' class='dt-gallery-container gallery galleryid-292732 gallery-columns-3 gallery-size-thumbnail'><dl class='gallery-item'>\n\t\t\t\t<dt class='gallery-icon landscape'>\n\t\t\t\t\t<a class=\"rollover rollover-zoom dt-pswp-item\" title=\"5a7bf62e-05d9-4317-9b0a-a642b8d33e0c\" data-dt-img-description=\"\" data-large_image_width=\"1600\" data-large_image_height=\"1201\"href='https:\/\/www.radiopiu.net\/wordpress\/wp-content\/uploads\/2022\/08\/5a7bf62e-05d9-4317-9b0a-a642b8d33e0c.jpg'><img loading=\"lazy\" decoding=\"async\" width=\"150\" height=\"150\" src=\"https:\/\/www.radiopiu.net\/wordpress\/wp-content\/uploads\/2022\/08\/5a7bf62e-05d9-4317-9b0a-a642b8d33e0c-150x150.jpg\" class=\"attachment-thumbnail size-thumbnail\" alt=\"\" aria-describedby=\"gallery-3-292741\" \/><\/a>\n\t\t\t\t<\/dt>\n\t\t\t\t\t<dd class='wp-caption-text gallery-caption' id='gallery-3-292741'>\n\t\t\t\t\tGALLERIA LISTOLADE\n\t\t\t\t\t<\/dd><\/dl><dl class='gallery-item'>\n\t\t\t\t<dt class='gallery-icon landscape'>\n\t\t\t\t\t<a class=\"rollover rollover-zoom dt-pswp-item\" title=\"8db416ce-95bf-499c-abc1-caec31411808\" data-dt-img-description=\"\" data-large_image_width=\"1600\" data-large_image_height=\"1201\"href='https:\/\/www.radiopiu.net\/wordpress\/wp-content\/uploads\/2022\/08\/8db416ce-95bf-499c-abc1-caec31411808.jpg'><img loading=\"lazy\" decoding=\"async\" width=\"150\" height=\"150\" src=\"https:\/\/www.radiopiu.net\/wordpress\/wp-content\/uploads\/2022\/08\/8db416ce-95bf-499c-abc1-caec31411808-150x150.jpg\" class=\"attachment-thumbnail size-thumbnail\" alt=\"\" aria-describedby=\"gallery-3-292742\" \/><\/a>\n\t\t\t\t<\/dt>\n\t\t\t\t\t<dd class='wp-caption-text gallery-caption' id='gallery-3-292742'>\n\t\t\t\t\tTANGENZIALE\n\t\t\t\t\t<\/dd><\/dl><dl class='gallery-item'>\n\t\t\t\t<dt class='gallery-icon landscape'>\n\t\t\t\t\t<a class=\"rollover rollover-zoom dt-pswp-item\" title=\"08445607-590e-4bb1-a25f-88d593548286\" data-dt-img-description=\"\" data-large_image_width=\"1600\" data-large_image_height=\"1201\"href='https:\/\/www.radiopiu.net\/wordpress\/wp-content\/uploads\/2022\/08\/08445607-590e-4bb1-a25f-88d593548286.jpg'><img loading=\"lazy\" decoding=\"async\" width=\"150\" height=\"150\" src=\"https:\/\/www.radiopiu.net\/wordpress\/wp-content\/uploads\/2022\/08\/08445607-590e-4bb1-a25f-88d593548286-150x150.jpg\" class=\"attachment-thumbnail size-thumbnail\" alt=\"\" aria-describedby=\"gallery-3-292743\" \/><\/a>\n\t\t\t\t<\/dt>\n\t\t\t\t\t<dd class='wp-caption-text gallery-caption' id='gallery-3-292743'>\n\t\t\t\t\tBRUGNACH\n\t\t\t\t\t<\/dd><\/dl><br style=\"clear: both\" \/>\n\t\t\t<\/div>\n\n<p>&nbsp;<\/p>\n<hr \/>\n<p>&nbsp;<\/p>\n<blockquote>\n<h3>CICLABILE TAIBON &#8211; VALLE DI SAN LUCANO&#8230;IL BUCO NON C&#8217;E&#8217; PIU&#8217;<\/h3>\n<\/blockquote>\n<p><strong>REDAZIONE<\/strong> Ne avevamo parlato nei giorni scorsi delle condizioni della ciclabile che da Taibon porta alla Valle di San Lucano. Nelle ultime ore qualcosa \u00e8 stato fatto ed \u00e8 stato messo in sicurezza il tratto dopo il &#8220;Caval&#8221;<\/p>\n<p><a class=\"dt-pswp-item\" href=\"https:\/\/www.radiopiu.net\/wordpress\/wp-content\/uploads\/2022\/08\/e8f13650-600e-452e-a4d2-6b7d8ba47733.jpg\" data-dt-img-description=\"\" data-large_image_width=\"1200\" data-large_image_height=\"1599\"><img loading=\"lazy\" decoding=\"async\" class=\"wp-image-292815 aligncenter\" src=\"https:\/\/www.radiopiu.net\/wordpress\/wp-content\/uploads\/2022\/08\/e8f13650-600e-452e-a4d2-6b7d8ba47733-768x1024.jpg\" alt=\"\" width=\"409\" height=\"545\" srcset=\"https:\/\/www.radiopiu.net\/wordpress\/wp-content\/uploads\/2022\/08\/e8f13650-600e-452e-a4d2-6b7d8ba47733-768x1023.jpg 768w, https:\/\/www.radiopiu.net\/wordpress\/wp-content\/uploads\/2022\/08\/e8f13650-600e-452e-a4d2-6b7d8ba47733-225x300.jpg 225w, https:\/\/www.radiopiu.net\/wordpress\/wp-content\/uploads\/2022\/08\/e8f13650-600e-452e-a4d2-6b7d8ba47733-1153x1536.jpg 1153w, https:\/\/www.radiopiu.net\/wordpress\/wp-content\/uploads\/2022\/08\/e8f13650-600e-452e-a4d2-6b7d8ba47733.jpg 1200w\" sizes=\"auto, (max-width: 409px) 100vw, 409px\" \/><\/a><\/p>\n<p>&nbsp;<\/p>\n<hr \/>\n<div class=\"page-title-head hgroup\">\n<h3 class=\"entry-title\"><\/h3>\n<blockquote>\n<h3 class=\"entry-title\">ATTIVITA\u2019 AGORDINE DI SUCCESSO \u201cDARWIN GARDEN DI CLAUDIO FARENZENA\u201d<\/h3>\n<\/blockquote>\n<\/div>\n<div class=\"page-title-breadcrumbs\">\n<p><strong>&#8230;ANCHE AL Queen Hotel Alba di Canazei (Trento)<\/strong><\/p>\n<p>&nbsp;<\/p>\n\n\t\t\t<style type='text\/css'>\n\t\t\t\t#gallery-4 {\n\t\t\t\t\tmargin: auto;\n\t\t\t\t}\n\t\t\t\t#gallery-4 .gallery-item {\n\t\t\t\t\tfloat: left;\n\t\t\t\t\tmargin-top: 10px;\n\t\t\t\t\ttext-align: center;\n\t\t\t\t\twidth: 33%;\n\t\t\t\t}\n\t\t\t\t#gallery-4 img {\n\t\t\t\t\tborder: 2px solid #cfcfcf;\n\t\t\t\t}\n\t\t\t\t#gallery-4 .gallery-caption {\n\t\t\t\t\tmargin-left: 0;\n\t\t\t\t}\n\t\t\t\t\/* see gallery_shortcode() in wp-includes\/media.php *\/\n\t\t\t<\/style>\n\t\t<div id='gallery-4' class='dt-gallery-container gallery galleryid-292732 gallery-columns-3 gallery-size-thumbnail'><dl class='gallery-item'>\n\t\t\t\t<dt class='gallery-icon portrait'>\n\t\t\t\t\t<a class=\"rollover rollover-zoom dt-pswp-item\" title=\"b4ed8c59-e879-4c68-9b2f-eb429b78f43d\" data-dt-img-description=\"\" data-large_image_width=\"1536\" data-large_image_height=\"2048\"href='https:\/\/www.radiopiu.net\/wordpress\/wp-content\/uploads\/2022\/08\/b4ed8c59-e879-4c68-9b2f-eb429b78f43d.jpg'><img loading=\"lazy\" decoding=\"async\" width=\"150\" height=\"150\" src=\"https:\/\/www.radiopiu.net\/wordpress\/wp-content\/uploads\/2022\/08\/b4ed8c59-e879-4c68-9b2f-eb429b78f43d-150x150.jpg\" class=\"attachment-thumbnail size-thumbnail\" alt=\"\" \/><\/a>\n\t\t\t\t<\/dt><\/dl><dl class='gallery-item'>\n\t\t\t\t<dt class='gallery-icon portrait'>\n\t\t\t\t\t<a class=\"rollover rollover-zoom dt-pswp-item\" title=\"6ba8c59e-f94d-4762-aad5-144946c05d37\" data-dt-img-description=\"\" data-large_image_width=\"1536\" data-large_image_height=\"2048\"href='https:\/\/www.radiopiu.net\/wordpress\/wp-content\/uploads\/2022\/08\/6ba8c59e-f94d-4762-aad5-144946c05d37.jpg'><img loading=\"lazy\" decoding=\"async\" width=\"150\" height=\"150\" src=\"https:\/\/www.radiopiu.net\/wordpress\/wp-content\/uploads\/2022\/08\/6ba8c59e-f94d-4762-aad5-144946c05d37-150x150.jpg\" class=\"attachment-thumbnail size-thumbnail\" alt=\"\" \/><\/a>\n\t\t\t\t<\/dt><\/dl><dl class='gallery-item'>\n\t\t\t\t<dt class='gallery-icon portrait'>\n\t\t\t\t\t<a class=\"rollover rollover-zoom dt-pswp-item\" title=\"47ea700c-9058-458a-a404-b6fe7c69f7c8\" data-dt-img-description=\"\" data-large_image_width=\"1536\" data-large_image_height=\"2048\"href='https:\/\/www.radiopiu.net\/wordpress\/wp-content\/uploads\/2022\/08\/47ea700c-9058-458a-a404-b6fe7c69f7c8.jpg'><img loading=\"lazy\" decoding=\"async\" width=\"150\" height=\"150\" src=\"https:\/\/www.radiopiu.net\/wordpress\/wp-content\/uploads\/2022\/08\/47ea700c-9058-458a-a404-b6fe7c69f7c8-150x150.jpg\" class=\"attachment-thumbnail size-thumbnail\" alt=\"\" \/><\/a>\n\t\t\t\t<\/dt><\/dl><br style=\"clear: both\" \/><dl class='gallery-item'>\n\t\t\t\t<dt class='gallery-icon portrait'>\n\t\t\t\t\t<a class=\"rollover rollover-zoom dt-pswp-item\" title=\"d3c942f3-c189-4883-b65d-a19143c49196\" data-dt-img-description=\"\" data-large_image_width=\"1536\" data-large_image_height=\"2048\"href='https:\/\/www.radiopiu.net\/wordpress\/wp-content\/uploads\/2022\/08\/d3c942f3-c189-4883-b65d-a19143c49196.jpg'><img loading=\"lazy\" decoding=\"async\" width=\"150\" height=\"150\" src=\"https:\/\/www.radiopiu.net\/wordpress\/wp-content\/uploads\/2022\/08\/d3c942f3-c189-4883-b65d-a19143c49196-150x150.jpg\" class=\"attachment-thumbnail size-thumbnail\" alt=\"\" \/><\/a>\n\t\t\t\t<\/dt><\/dl><dl class='gallery-item'>\n\t\t\t\t<dt class='gallery-icon portrait'>\n\t\t\t\t\t<a class=\"rollover rollover-zoom dt-pswp-item\" title=\"b7a46cc2-6301-4105-9a61-07ffee622da7\" data-dt-img-description=\"\" data-large_image_width=\"1536\" data-large_image_height=\"2048\"href='https:\/\/www.radiopiu.net\/wordpress\/wp-content\/uploads\/2022\/08\/b7a46cc2-6301-4105-9a61-07ffee622da7.jpg'><img loading=\"lazy\" decoding=\"async\" width=\"150\" height=\"150\" src=\"https:\/\/www.radiopiu.net\/wordpress\/wp-content\/uploads\/2022\/08\/b7a46cc2-6301-4105-9a61-07ffee622da7-150x150.jpg\" class=\"attachment-thumbnail size-thumbnail\" alt=\"\" \/><\/a>\n\t\t\t\t<\/dt><\/dl><dl class='gallery-item'>\n\t\t\t\t<dt class='gallery-icon portrait'>\n\t\t\t\t\t<a class=\"rollover rollover-zoom dt-pswp-item\" title=\"176eb66d-5fc5-48c7-bb3b-89fa40dd7684\" data-dt-img-description=\"\" data-large_image_width=\"1536\" data-large_image_height=\"2048\"href='https:\/\/www.radiopiu.net\/wordpress\/wp-content\/uploads\/2022\/08\/176eb66d-5fc5-48c7-bb3b-89fa40dd7684.jpg'><img loading=\"lazy\" decoding=\"async\" width=\"150\" height=\"150\" src=\"https:\/\/www.radiopiu.net\/wordpress\/wp-content\/uploads\/2022\/08\/176eb66d-5fc5-48c7-bb3b-89fa40dd7684-150x150.jpg\" class=\"attachment-thumbnail size-thumbnail\" alt=\"\" \/><\/a>\n\t\t\t\t<\/dt><\/dl><br style=\"clear: both\" \/>\n\t\t\t<\/div>\n\n<p>&nbsp;<\/p>\n<p>LINK DAL SITO DI RADIO PIU<br \/>\n<a href=\"https:\/\/www.facebook.com\/darwingardendolomiti\">CLICCA QUI\u00a0<\/a><\/p>\n<p>&nbsp;<\/p>\n<hr \/>\n<p>&nbsp;<\/p>\n<\/div>\n<blockquote class=\"wp-embedded-content\" data-secret=\"SzECWoeUnE\"><p><a href=\"https:\/\/www.radiopiu.net\/wordpress\/parte-10\/\">E SE DIVENTASSI INFERMIERE ANCHE TU? &#8211; pagina in aggiornamento quotidiano<\/a><\/p><\/blockquote>\n<p><iframe loading=\"lazy\" class=\"wp-embedded-content\" sandbox=\"allow-scripts\" security=\"restricted\" style=\"position: absolute; clip: rect(1px, 1px, 1px, 1px);\" title=\"&#8220;E SE DIVENTASSI INFERMIERE ANCHE TU? &#8211; pagina in aggiornamento quotidiano&#8221; &#8212; Radio Pi\u00f9\" src=\"https:\/\/www.radiopiu.net\/wordpress\/parte-10\/embed\/#?secret=X8VQosDp09#?secret=SzECWoeUnE\" data-secret=\"SzECWoeUnE\" width=\"600\" height=\"338\" frameborder=\"0\" marginwidth=\"0\" marginheight=\"0\" scrolling=\"no\"><\/iframe><\/p>\n<p>&nbsp;<\/p>\n<hr \/>\n<p>&nbsp;<\/p>\n<blockquote class=\"wp-embedded-content\" data-secret=\"TpwRsyali7\"><p><a href=\"https:\/\/www.radiopiu.net\/wordpress\/aggnazionaleagosto15\/\">CORONAVIRUS: AGGIORNAMENTO NAZIONALE 15 AGOSTO 2022<\/a><\/p><\/blockquote>\n<p><iframe loading=\"lazy\" class=\"wp-embedded-content\" sandbox=\"allow-scripts\" security=\"restricted\" style=\"position: absolute; clip: rect(1px, 1px, 1px, 1px);\" title=\"&#8220;CORONAVIRUS: AGGIORNAMENTO NAZIONALE 15 AGOSTO 2022&#8221; &#8212; Radio Pi\u00f9\" src=\"https:\/\/www.radiopiu.net\/wordpress\/aggnazionaleagosto15\/embed\/#?secret=9h8OOlQ4So#?secret=TpwRsyali7\" data-secret=\"TpwRsyali7\" width=\"600\" height=\"338\" frameborder=\"0\" marginwidth=\"0\" marginheight=\"0\" scrolling=\"no\"><\/iframe><\/p>\n<p>&nbsp;<\/p>\n<blockquote class=\"wp-embedded-content\" data-secret=\"tIjD5zWyEH\"><p><a href=\"https:\/\/www.radiopiu.net\/wordpress\/aziendazeroagosto15\/\">POCO PIU&#8217; DI MILLE NUOVE POSITIVITA&#8217; IN 24 ORE. CINQUE DECESSI, RICOVERI STABILI<\/a><\/p><\/blockquote>\n<p><iframe loading=\"lazy\" class=\"wp-embedded-content\" sandbox=\"allow-scripts\" security=\"restricted\" style=\"position: absolute; clip: rect(1px, 1px, 1px, 1px);\" title=\"&#8220;POCO PIU&#8217; DI MILLE NUOVE POSITIVITA&#8217; IN 24 ORE. CINQUE DECESSI, RICOVERI STABILI&#8221; &#8212; Radio Pi\u00f9\" src=\"https:\/\/www.radiopiu.net\/wordpress\/aziendazeroagosto15\/embed\/#?secret=w60uvNSHGC#?secret=tIjD5zWyEH\" data-secret=\"tIjD5zWyEH\" width=\"600\" height=\"338\" frameborder=\"0\" marginwidth=\"0\" marginheight=\"0\" scrolling=\"no\"><\/iframe><\/p>\n<p>&nbsp;<\/p>\n<h2>I GRAFICI DI TIZIANO DE COL<\/h2>\n\n\t\t\t<style type='text\/css'>\n\t\t\t\t#gallery-5 {\n\t\t\t\t\tmargin: auto;\n\t\t\t\t}\n\t\t\t\t#gallery-5 .gallery-item {\n\t\t\t\t\tfloat: left;\n\t\t\t\t\tmargin-top: 10px;\n\t\t\t\t\ttext-align: center;\n\t\t\t\t\twidth: 33%;\n\t\t\t\t}\n\t\t\t\t#gallery-5 img {\n\t\t\t\t\tborder: 2px solid #cfcfcf;\n\t\t\t\t}\n\t\t\t\t#gallery-5 .gallery-caption {\n\t\t\t\t\tmargin-left: 0;\n\t\t\t\t}\n\t\t\t\t\/* see gallery_shortcode() in wp-includes\/media.php *\/\n\t\t\t<\/style>\n\t\t<div id='gallery-5' class='dt-gallery-container gallery galleryid-292732 gallery-columns-3 gallery-size-thumbnail'><dl class='gallery-item'>\n\t\t\t\t<dt class='gallery-icon landscape'>\n\t\t\t\t\t<a class=\"rollover rollover-zoom dt-pswp-item\" title=\"f30a6a39-2cf5-4a6c-ac92-299954454f84\" data-dt-img-description=\"\" data-large_image_width=\"594\" data-large_image_height=\"362\"href='https:\/\/www.radiopiu.net\/wordpress\/wp-content\/uploads\/2022\/08\/f30a6a39-2cf5-4a6c-ac92-299954454f84.jpg'><img loading=\"lazy\" decoding=\"async\" width=\"150\" height=\"150\" src=\"https:\/\/www.radiopiu.net\/wordpress\/wp-content\/uploads\/2022\/08\/f30a6a39-2cf5-4a6c-ac92-299954454f84-150x150.jpg\" class=\"attachment-thumbnail size-thumbnail\" alt=\"\" \/><\/a>\n\t\t\t\t<\/dt><\/dl><dl class='gallery-item'>\n\t\t\t\t<dt class='gallery-icon landscape'>\n\t\t\t\t\t<a class=\"rollover rollover-zoom dt-pswp-item\" title=\"5ff2f8b8-553c-4736-807f-5f57d81e3777\" data-dt-img-description=\"\" data-large_image_width=\"595\" data-large_image_height=\"362\"href='https:\/\/www.radiopiu.net\/wordpress\/wp-content\/uploads\/2022\/08\/5ff2f8b8-553c-4736-807f-5f57d81e3777.jpg'><img loading=\"lazy\" decoding=\"async\" width=\"150\" height=\"150\" src=\"https:\/\/www.radiopiu.net\/wordpress\/wp-content\/uploads\/2022\/08\/5ff2f8b8-553c-4736-807f-5f57d81e3777-150x150.jpg\" class=\"attachment-thumbnail size-thumbnail\" alt=\"\" \/><\/a>\n\t\t\t\t<\/dt><\/dl><dl class='gallery-item'>\n\t\t\t\t<dt class='gallery-icon landscape'>\n\t\t\t\t\t<a class=\"rollover rollover-zoom dt-pswp-item\" title=\"8fb51eb8-e3ef-42b9-bac8-29bf1562dd0d\" data-dt-img-description=\"\" data-large_image_width=\"604\" data-large_image_height=\"357\"href='https:\/\/www.radiopiu.net\/wordpress\/wp-content\/uploads\/2022\/08\/8fb51eb8-e3ef-42b9-bac8-29bf1562dd0d.jpg'><img loading=\"lazy\" decoding=\"async\" width=\"150\" height=\"150\" src=\"https:\/\/www.radiopiu.net\/wordpress\/wp-content\/uploads\/2022\/08\/8fb51eb8-e3ef-42b9-bac8-29bf1562dd0d-150x150.jpg\" class=\"attachment-thumbnail size-thumbnail\" alt=\"\" \/><\/a>\n\t\t\t\t<\/dt><\/dl><br style=\"clear: both\" \/><dl class='gallery-item'>\n\t\t\t\t<dt class='gallery-icon landscape'>\n\t\t\t\t\t<a class=\"rollover rollover-zoom dt-pswp-item\" title=\"2252d31c-6b07-497e-a105-166dc04712e4\" data-dt-img-description=\"\" data-large_image_width=\"610\" data-large_image_height=\"361\"href='https:\/\/www.radiopiu.net\/wordpress\/wp-content\/uploads\/2022\/08\/2252d31c-6b07-497e-a105-166dc04712e4.jpg'><img loading=\"lazy\" decoding=\"async\" width=\"150\" height=\"150\" src=\"https:\/\/www.radiopiu.net\/wordpress\/wp-content\/uploads\/2022\/08\/2252d31c-6b07-497e-a105-166dc04712e4-150x150.jpg\" class=\"attachment-thumbnail size-thumbnail\" alt=\"\" \/><\/a>\n\t\t\t\t<\/dt><\/dl><dl class='gallery-item'>\n\t\t\t\t<dt class='gallery-icon landscape'>\n\t\t\t\t\t<a class=\"rollover rollover-zoom dt-pswp-item\" title=\"a8401199-7f95-4c14-90be-62f356d6e72e\" data-dt-img-description=\"\" data-large_image_width=\"614\" data-large_image_height=\"363\"href='https:\/\/www.radiopiu.net\/wordpress\/wp-content\/uploads\/2022\/08\/a8401199-7f95-4c14-90be-62f356d6e72e.jpg'><img loading=\"lazy\" decoding=\"async\" width=\"150\" height=\"150\" src=\"https:\/\/www.radiopiu.net\/wordpress\/wp-content\/uploads\/2022\/08\/a8401199-7f95-4c14-90be-62f356d6e72e-150x150.jpg\" class=\"attachment-thumbnail size-thumbnail\" alt=\"\" \/><\/a>\n\t\t\t\t<\/dt><\/dl><dl class='gallery-item'>\n\t\t\t\t<dt class='gallery-icon landscape'>\n\t\t\t\t\t<a class=\"rollover rollover-zoom dt-pswp-item\" title=\"9c4061ca-edb2-4823-8d4f-9c364b545e99\" data-dt-img-description=\"\" data-large_image_width=\"618\" data-large_image_height=\"357\"href='https:\/\/www.radiopiu.net\/wordpress\/wp-content\/uploads\/2022\/08\/9c4061ca-edb2-4823-8d4f-9c364b545e99.jpg'><img loading=\"lazy\" decoding=\"async\" width=\"150\" height=\"150\" src=\"https:\/\/www.radiopiu.net\/wordpress\/wp-content\/uploads\/2022\/08\/9c4061ca-edb2-4823-8d4f-9c364b545e99-150x150.jpg\" class=\"attachment-thumbnail size-thumbnail\" alt=\"\" \/><\/a>\n\t\t\t\t<\/dt><\/dl><br style=\"clear: both\" \/>\n\t\t\t<\/div>\n\n<p>&nbsp;<\/p>\n<hr \/>\n<p>&nbsp;<\/p>\n<blockquote>\n<h3><strong>ZANZARE: AL VIA ALCUNI INCONTRI PER LA POPOLAZIONE<\/strong><\/h3>\n<\/blockquote>\n<p><strong>BELLUNO <\/strong>La zanzara non \u00e8 solo un insetto fastidioso, la puntura di zanzara pu\u00f2 diventare talvolta un pericolo per la trasmissione di alcune malattie virali. L\u2019Ulss Dolomiti ha attivato un ciclo di incontri per sensibilizzare i cittadini sulle misure preventive da poter adottare per ridurre la proliferazione delle zanzare e sulle malattie virali che possono essere trasmesse dalle punture di questi insetti. In Italia, le malattie virali trasmesse dalla puntura di zanzare sono: West Nile, Chikungunya, Dengue, Zika. <span style=\"color: #ff0000;\">GIOVEDI 18 AGOSTO AD AGORDO ALLE 17.30 IN SALA DELLA BIBLIOTECA<\/span>.<\/p>\n<p>&nbsp;<\/p>\n<p>&nbsp;<\/p>\n<hr \/>\n<p>&nbsp;<\/p>\n<blockquote>\n<h3>ERICA E SISTO CON LA LORO FAMIGLIA NUMEROSA<\/h3>\n<\/blockquote>\n<p><strong>VALLADA <\/strong>Come ogni lunedi Gianni Santomaso dalle pagine del Corriere delle Alpi racconta una storia, un personaggio, un pezzo di vita dell\u2019Agordino \u201cVivere l\u2019Agordino\u201d una raccolta spaccato di vita agordina con le immancabili vignette di Erica Andrich<\/p>\n<p><strong>di Gianni Santomaso<\/strong><\/p>\n<audio class=\"wp-audio-shortcode\" id=\"audio-292732-4\" preload=\"none\" style=\"width: 100%;\" controls=\"controls\"><source type=\"audio\/mpeg\" src=\"https:\/\/www.radiopiu.net\/wordpress\/wp-content\/uploads\/2022\/08\/GIANNI-SPECIALE-AGORDINA-ERICA-E-SISTO.mp3?_=4\" \/><a href=\"https:\/\/www.radiopiu.net\/wordpress\/wp-content\/uploads\/2022\/08\/GIANNI-SPECIALE-AGORDINA-ERICA-E-SISTO.mp3\">https:\/\/www.radiopiu.net\/wordpress\/wp-content\/uploads\/2022\/08\/GIANNI-SPECIALE-AGORDINA-ERICA-E-SISTO.mp3<\/a><\/audio>\n<p>&nbsp;<\/p>\n\n\t\t\t<style type='text\/css'>\n\t\t\t\t#gallery-6 {\n\t\t\t\t\tmargin: auto;\n\t\t\t\t}\n\t\t\t\t#gallery-6 .gallery-item {\n\t\t\t\t\tfloat: left;\n\t\t\t\t\tmargin-top: 10px;\n\t\t\t\t\ttext-align: center;\n\t\t\t\t\twidth: 50%;\n\t\t\t\t}\n\t\t\t\t#gallery-6 img {\n\t\t\t\t\tborder: 2px solid #cfcfcf;\n\t\t\t\t}\n\t\t\t\t#gallery-6 .gallery-caption {\n\t\t\t\t\tmargin-left: 0;\n\t\t\t\t}\n\t\t\t\t\/* see gallery_shortcode() in wp-includes\/media.php *\/\n\t\t\t<\/style>\n\t\t<div id='gallery-6' class='dt-gallery-container gallery galleryid-292732 gallery-columns-2 gallery-size-thumbnail'><dl class='gallery-item'>\n\t\t\t\t<dt class='gallery-icon landscape'>\n\t\t\t\t\t<a class=\"rollover rollover-zoom dt-pswp-item\" title=\"6526531b-b597-4dd4-add6-84de395a3ead\" data-dt-img-description=\"\" data-large_image_width=\"1600\" data-large_image_height=\"901\"href='https:\/\/www.radiopiu.net\/wordpress\/wp-content\/uploads\/2022\/08\/6526531b-b597-4dd4-add6-84de395a3ead.jpg'><img loading=\"lazy\" decoding=\"async\" width=\"150\" height=\"150\" src=\"https:\/\/www.radiopiu.net\/wordpress\/wp-content\/uploads\/2022\/08\/6526531b-b597-4dd4-add6-84de395a3ead-150x150.jpg\" class=\"attachment-thumbnail size-thumbnail\" alt=\"\" \/><\/a>\n\t\t\t\t<\/dt><\/dl><dl class='gallery-item'>\n\t\t\t\t<dt class='gallery-icon portrait'>\n\t\t\t\t\t<a class=\"rollover rollover-zoom dt-pswp-item\" title=\"0\" data-dt-img-description=\"\" data-large_image_width=\"1717\" data-large_image_height=\"1810\"href='https:\/\/www.radiopiu.net\/wordpress\/wp-content\/uploads\/2022\/08\/0-1.png'><img loading=\"lazy\" decoding=\"async\" width=\"150\" height=\"150\" src=\"https:\/\/www.radiopiu.net\/wordpress\/wp-content\/uploads\/2022\/08\/0-1-150x150.png\" class=\"attachment-thumbnail size-thumbnail\" alt=\"\" \/><\/a>\n\t\t\t\t<\/dt><\/dl><br style=\"clear: both\" \/>\n\t\t\t<\/div>\n\n<hr \/>\n<p>&nbsp;<\/p>\n<blockquote class=\"wp-embedded-content\" data-secret=\"yyfIOeU8LZ\"><p><a href=\"https:\/\/www.radiopiu.net\/wordpress\/una-finestra-sul-volontariato-del-comitato-dintesa\/\">UNA FINESTRA SUL VOLONTARIATO DEL COMITATO D&#8217;INTESA<\/a><\/p><\/blockquote>\n<p><iframe loading=\"lazy\" class=\"wp-embedded-content\" sandbox=\"allow-scripts\" security=\"restricted\" style=\"position: absolute; clip: rect(1px, 1px, 1px, 1px);\" title=\"&#8220;UNA FINESTRA SUL VOLONTARIATO DEL COMITATO D&#8217;INTESA&#8221; &#8212; Radio Pi\u00f9\" src=\"https:\/\/www.radiopiu.net\/wordpress\/una-finestra-sul-volontariato-del-comitato-dintesa\/embed\/#?secret=OO0mhMhntR#?secret=yyfIOeU8LZ\" data-secret=\"yyfIOeU8LZ\" width=\"600\" height=\"338\" frameborder=\"0\" marginwidth=\"0\" marginheight=\"0\" scrolling=\"no\"><\/iframe><\/p>\n<p>&nbsp;<\/p>\n<hr \/>\n<p>&nbsp;<\/p>\n<blockquote>\n<h3>CHIUSO IL SENTIERO SPERTI<\/h3>\n<\/blockquote>\n<p><strong>BELLUNO<\/strong> In seguito a rilievi tecnici, l&#8217;Unione Montana Bellunese \u201cBelluno-Ponte nelle Alpi\u201d ha comunicato la stato di pericolosita\u0300 del sentiero attrezzato \u201cSperti\u201d, ferrata del gruppo dello Schiara. Si rende pertanto necessaria la chiusura con interdizione totale a qualsiasi percorribilita\u0300 dello stesso sentiero attrezzato \u201cSperti\u201d,\u00a0 fino alla completa eliminazione delle cause di pericolo.<\/p>\n<p>&nbsp;<\/p>\n<p>&nbsp;<\/p>\n<hr \/>\n<p>&nbsp;<\/p>\n<blockquote>\n<h3>VENETO: I PICCOLI COMUNI SONO IL MOTORE ECONOMICO DELLA REGIONE<\/h3>\n<\/blockquote>\n<p>Sono i piccoli comuni il motore dell\u2019economia produttiva, soprattutto in Veneto. Nelle amministrazioni con meno di 20mila abitanti, infatti, \u00e8 ubicato il 56 per cento delle imprese presenti nella nostra regione (vedi Tab. 1) e il 57 per cento del totale dei lavoratori dipendenti che, in questo caso, non includono gli occupati nel pubblico impiego (vedi Tab. 2). Anche in termini di valore aggiunto, gli enti locali veneti con meno di 20mila abitanti \u201cproducono\u201d il 58 per cento del Pil regionale (vedi Tab. 3). Si segnala che in Veneto sono comunque solo una quarantina le amministrazioni comunali che presentano un numero di residenti superiore alle 20 mila unit\u00e0. Tuttavia, siamo la prima regione d\u2019Italia tra le pi\u00f9 popolate a registrare una vitalit\u00e0 cos\u00ec importante in termini economico-occupazionali delle piccole realt\u00e0 comunali. Anche nel resto del paese, tranne che in Lazio e in Liguria, la maggior parte del Pil viene \u201cgenerata\u201d in questa classe di Comuni. Sono questi i numeri pi\u00f9 significativi che emergono dall\u2019elaborazione redatta dall\u2019Ufficio studi della CGIA, per conto di ASMEL, l\u2019Associazione per la Sussidiariet\u00e0 e la Modernizzazione degli Enti Locali.<\/p>\n<p>In altre parole, fabbriche, uffici, negozi e botteghe sono concentrate nei comuni a minor dimensione demografica. Assieme alle realt\u00e0 comunali di media dimensione, sono i principali soggetti economico\/ istituzionali cui la politica, anche ai fini della \u201cmessa a terra\u201d del PNRR, dovrebbe guardare con maggiore attenzione.<\/p>\n<p>\u00abInvece &#8211; sostiene Francesco Pinto, segretario generale ASMEL &#8211; il metodo PNRR privilegia i grandi apparati comunali e concede ai piccoli e medi Comuni di sperare nella lotteria per l\u2019accesso ai finanziamenti\u00bb.<\/p>\n<p>A differenza delle grandi citt\u00e0, infatti, i piccoli e medi comuni continuano ad avere poche risorse e tante difficolt\u00e0 nell\u2019accesso ai tanti Avvisi pubblici loro destinati e nella gestione dei fondi.<\/p>\n<p>Inoltre, la forte concentrazione delle attivit\u00e0 produttive nelle realt\u00e0 territoriali minori impone ai loro Sindaci risposte importanti su temi come la tutela dell\u2019ambiente, la sicurezza stradale, la mobilit\u00e0, l\u2019adeguatezza delle infrastrutture viarie e la necessit\u00e0 di avere un trasporto pubblico locale efficiente. Sono criticit\u00e0 che richiedono un approccio pianificatorio su larga scala che, spesso, non si pu\u00f2 attivare a causa delle poche risorse umane e finanziarie a disposizione.<\/p>\n<p>Se analizziamo la distribuzione delle unit\u00e0 locali delle imprese di industria e dei servizi a livello regionale, solo in Emilia Romagna, Liguria e Lazio l\u2019incidenza percentuale sul totale di quelle ubicate nei comuni con pi\u00f9 di 100mila abitanti \u00e8 superiore a quella relativa alle imprese insediate nelle amministrazioni con meno di 20mila abitanti vedi Tab. 4). Per Liguria e Lazio, in particolar modo, questo risultato \u00e8 ascrivibile al \u201cpeso\u201d demografico che i comuni di Genova e Roma hanno nei confronti delle regioni di appartenenza.<\/p>\n\n\t\t\t<style type='text\/css'>\n\t\t\t\t#gallery-7 {\n\t\t\t\t\tmargin: auto;\n\t\t\t\t}\n\t\t\t\t#gallery-7 .gallery-item {\n\t\t\t\t\tfloat: left;\n\t\t\t\t\tmargin-top: 10px;\n\t\t\t\t\ttext-align: center;\n\t\t\t\t\twidth: 33%;\n\t\t\t\t}\n\t\t\t\t#gallery-7 img {\n\t\t\t\t\tborder: 2px solid #cfcfcf;\n\t\t\t\t}\n\t\t\t\t#gallery-7 .gallery-caption {\n\t\t\t\t\tmargin-left: 0;\n\t\t\t\t}\n\t\t\t\t\/* see gallery_shortcode() in wp-includes\/media.php *\/\n\t\t\t<\/style>\n\t\t<div id='gallery-7' class='dt-gallery-container gallery galleryid-292732 gallery-columns-3 gallery-size-medium'><dl class='gallery-item'>\n\t\t\t\t<dt class='gallery-icon portrait'>\n\t\t\t\t\t<a class=\"rollover rollover-zoom dt-pswp-item\" title=\"Schermata 2022-08-13 alle 10.28.59\" data-dt-img-description=\"\" data-large_image_width=\"1150\" data-large_image_height=\"1352\"href='https:\/\/www.radiopiu.net\/wordpress\/wp-content\/uploads\/2022\/08\/Schermata-2022-08-13-alle-10.28.59.png'><img loading=\"lazy\" decoding=\"async\" width=\"255\" height=\"300\" src=\"https:\/\/www.radiopiu.net\/wordpress\/wp-content\/uploads\/2022\/08\/Schermata-2022-08-13-alle-10.28.59-255x300.png\" class=\"attachment-medium size-medium\" alt=\"\" srcset=\"https:\/\/www.radiopiu.net\/wordpress\/wp-content\/uploads\/2022\/08\/Schermata-2022-08-13-alle-10.28.59-255x300.png 255w, https:\/\/www.radiopiu.net\/wordpress\/wp-content\/uploads\/2022\/08\/Schermata-2022-08-13-alle-10.28.59-871x1024.png 871w, https:\/\/www.radiopiu.net\/wordpress\/wp-content\/uploads\/2022\/08\/Schermata-2022-08-13-alle-10.28.59-768x903.png 768w, https:\/\/www.radiopiu.net\/wordpress\/wp-content\/uploads\/2022\/08\/Schermata-2022-08-13-alle-10.28.59.png 1150w\" sizes=\"auto, (max-width: 255px) 100vw, 255px\" \/><\/a>\n\t\t\t\t<\/dt><\/dl><dl class='gallery-item'>\n\t\t\t\t<dt class='gallery-icon portrait'>\n\t\t\t\t\t<a class=\"rollover rollover-zoom dt-pswp-item\" title=\"Schermata 2022-08-13 alle 10.29.12\" data-dt-img-description=\"\" data-large_image_width=\"1156\" data-large_image_height=\"1280\"href='https:\/\/www.radiopiu.net\/wordpress\/wp-content\/uploads\/2022\/08\/Schermata-2022-08-13-alle-10.29.12.png'><img loading=\"lazy\" decoding=\"async\" width=\"271\" height=\"300\" src=\"https:\/\/www.radiopiu.net\/wordpress\/wp-content\/uploads\/2022\/08\/Schermata-2022-08-13-alle-10.29.12-271x300.png\" class=\"attachment-medium size-medium\" alt=\"\" srcset=\"https:\/\/www.radiopiu.net\/wordpress\/wp-content\/uploads\/2022\/08\/Schermata-2022-08-13-alle-10.29.12-271x300.png 271w, https:\/\/www.radiopiu.net\/wordpress\/wp-content\/uploads\/2022\/08\/Schermata-2022-08-13-alle-10.29.12-925x1024.png 925w, https:\/\/www.radiopiu.net\/wordpress\/wp-content\/uploads\/2022\/08\/Schermata-2022-08-13-alle-10.29.12-768x850.png 768w, https:\/\/www.radiopiu.net\/wordpress\/wp-content\/uploads\/2022\/08\/Schermata-2022-08-13-alle-10.29.12.png 1156w\" sizes=\"auto, (max-width: 271px) 100vw, 271px\" \/><\/a>\n\t\t\t\t<\/dt><\/dl><dl class='gallery-item'>\n\t\t\t\t<dt class='gallery-icon portrait'>\n\t\t\t\t\t<a class=\"rollover rollover-zoom dt-pswp-item\" title=\"Schermata 2022-08-13 alle 10.29.36\" data-dt-img-description=\"\" data-large_image_width=\"1158\" data-large_image_height=\"1314\"href='https:\/\/www.radiopiu.net\/wordpress\/wp-content\/uploads\/2022\/08\/Schermata-2022-08-13-alle-10.29.36.png'><img loading=\"lazy\" decoding=\"async\" width=\"264\" height=\"300\" src=\"https:\/\/www.radiopiu.net\/wordpress\/wp-content\/uploads\/2022\/08\/Schermata-2022-08-13-alle-10.29.36-264x300.png\" class=\"attachment-medium size-medium\" alt=\"\" srcset=\"https:\/\/www.radiopiu.net\/wordpress\/wp-content\/uploads\/2022\/08\/Schermata-2022-08-13-alle-10.29.36-264x300.png 264w, https:\/\/www.radiopiu.net\/wordpress\/wp-content\/uploads\/2022\/08\/Schermata-2022-08-13-alle-10.29.36-902x1024.png 902w, https:\/\/www.radiopiu.net\/wordpress\/wp-content\/uploads\/2022\/08\/Schermata-2022-08-13-alle-10.29.36-768x871.png 768w, https:\/\/www.radiopiu.net\/wordpress\/wp-content\/uploads\/2022\/08\/Schermata-2022-08-13-alle-10.29.36.png 1158w\" sizes=\"auto, (max-width: 264px) 100vw, 264px\" \/><\/a>\n\t\t\t\t<\/dt><\/dl><br style=\"clear: both\" \/>\n\t\t\t<\/div>\n\n<p>&nbsp;<\/p>\n<hr \/>\n<p>&nbsp;<\/p>\n<div class=\"page-title-head hgroup\">\n<blockquote>\n<h3 class=\"entry-title\">QUANDO LEONARDO DEL VECCHIO PUBBLICIZZAVA L\u2019AGORDINO<\/h3>\n<\/blockquote>\n<\/div>\n<div class=\"page-title-breadcrumbs\">\n<p><strong>REDAZIONE<\/strong> Dall&#8217;archivio di Tiziano De Col un documento storico datato 1983. Un libro con le cartoline dell&#8217;Agordino con tanto di dedica del Cavalier Leonardo Del Vecchio.<\/p>\n<p><strong>IL DOCUMENTO (3 PAGINE)<\/strong><\/p>\n<a href=\"https:\/\/www.radiopiu.net\/wordpress\/wp-content\/uploads\/2022\/08\/Del-Vecchio-Leonardo_Un-Ricordo-dallAgordino-con-dedica-autografa160.pdf\" class=\"pdfemb-viewer\" style=\"\" data-width=\"max\" data-height=\"max\" data-toolbar=\"top\" data-toolbar-fixed=\"on\">Del Vecchio Leonardo_Un Ricordo dall&#039;Agordino con dedica autografa160<\/a>\n<p>&nbsp;<\/p>\n<\/div>\n<p>&nbsp;<\/p>\n<hr \/>\n<p>&nbsp;<\/p>\n<blockquote>\n<h3>UN SUCCESSO IL PRIMO APPUNTAMENTO DI SABEDA ITE VILA<\/h3>\n<\/blockquote>\n<p><strong>ROCCA PIETORE<\/strong> Si chiude con una bella partecipazione la prima data di &#8220;Sabeda Ite Vila&#8221;, il mercato contadino tra le vie del borgo di Sottoguda.<\/p>\n<p><strong>SARA DARMAN, ASSOCIAZIONE BORGO DI SOTTOGUDA<\/strong><\/p>\n<audio class=\"wp-audio-shortcode\" id=\"audio-292732-5\" preload=\"none\" style=\"width: 100%;\" controls=\"controls\"><source type=\"audio\/mpeg\" src=\"https:\/\/www.radiopiu.net\/wordpress\/wp-content\/uploads\/2022\/08\/SARA-DARMAN-ASSOCIAZIONE-BORGO-SOTTOGUDA.mp3?_=5\" \/><a href=\"https:\/\/www.radiopiu.net\/wordpress\/wp-content\/uploads\/2022\/08\/SARA-DARMAN-ASSOCIAZIONE-BORGO-SOTTOGUDA.mp3\">https:\/\/www.radiopiu.net\/wordpress\/wp-content\/uploads\/2022\/08\/SARA-DARMAN-ASSOCIAZIONE-BORGO-SOTTOGUDA.mp3<\/a><\/audio>\n<p>&nbsp;<\/p>\n\n\t\t\t<style type='text\/css'>\n\t\t\t\t#gallery-8 {\n\t\t\t\t\tmargin: auto;\n\t\t\t\t}\n\t\t\t\t#gallery-8 .gallery-item {\n\t\t\t\t\tfloat: left;\n\t\t\t\t\tmargin-top: 10px;\n\t\t\t\t\ttext-align: center;\n\t\t\t\t\twidth: 25%;\n\t\t\t\t}\n\t\t\t\t#gallery-8 img {\n\t\t\t\t\tborder: 2px solid #cfcfcf;\n\t\t\t\t}\n\t\t\t\t#gallery-8 .gallery-caption {\n\t\t\t\t\tmargin-left: 0;\n\t\t\t\t}\n\t\t\t\t\/* see gallery_shortcode() in wp-includes\/media.php *\/\n\t\t\t<\/style>\n\t\t<div id='gallery-8' class='dt-gallery-container gallery galleryid-292732 gallery-columns-4 gallery-size-thumbnail'><dl class='gallery-item'>\n\t\t\t\t<dt class='gallery-icon landscape'>\n\t\t\t\t\t<a class=\"rollover rollover-zoom dt-pswp-item\" title=\"0ebd666e-16fc-4052-8dc6-c84549ce2c21\" data-dt-img-description=\"\" data-large_image_width=\"1600\" data-large_image_height=\"1200\"href='https:\/\/www.radiopiu.net\/wordpress\/wp-content\/uploads\/2022\/08\/0ebd666e-16fc-4052-8dc6-c84549ce2c21.jpg'><img loading=\"lazy\" decoding=\"async\" width=\"150\" height=\"150\" src=\"https:\/\/www.radiopiu.net\/wordpress\/wp-content\/uploads\/2022\/08\/0ebd666e-16fc-4052-8dc6-c84549ce2c21-150x150.jpg\" class=\"attachment-thumbnail size-thumbnail\" alt=\"\" \/><\/a>\n\t\t\t\t<\/dt><\/dl><dl class='gallery-item'>\n\t\t\t\t<dt class='gallery-icon landscape'>\n\t\t\t\t\t<a class=\"rollover rollover-zoom dt-pswp-item\" title=\"29185bdb-a3dc-4c0a-9ecc-2916c5690bc4\" data-dt-img-description=\"\" data-large_image_width=\"1600\" data-large_image_height=\"1200\"href='https:\/\/www.radiopiu.net\/wordpress\/wp-content\/uploads\/2022\/08\/29185bdb-a3dc-4c0a-9ecc-2916c5690bc4.jpg'><img loading=\"lazy\" decoding=\"async\" width=\"150\" height=\"150\" src=\"https:\/\/www.radiopiu.net\/wordpress\/wp-content\/uploads\/2022\/08\/29185bdb-a3dc-4c0a-9ecc-2916c5690bc4-150x150.jpg\" class=\"attachment-thumbnail size-thumbnail\" alt=\"\" \/><\/a>\n\t\t\t\t<\/dt><\/dl><dl class='gallery-item'>\n\t\t\t\t<dt class='gallery-icon landscape'>\n\t\t\t\t\t<a class=\"rollover rollover-zoom dt-pswp-item\" title=\"f5237ccc-ce1d-42a2-af65-63ab057b2e4d\" data-dt-img-description=\"\" data-large_image_width=\"1600\" data-large_image_height=\"1200\"href='https:\/\/www.radiopiu.net\/wordpress\/wp-content\/uploads\/2022\/08\/f5237ccc-ce1d-42a2-af65-63ab057b2e4d.jpg'><img loading=\"lazy\" decoding=\"async\" width=\"150\" height=\"150\" src=\"https:\/\/www.radiopiu.net\/wordpress\/wp-content\/uploads\/2022\/08\/f5237ccc-ce1d-42a2-af65-63ab057b2e4d-150x150.jpg\" class=\"attachment-thumbnail size-thumbnail\" alt=\"\" \/><\/a>\n\t\t\t\t<\/dt><\/dl><dl class='gallery-item'>\n\t\t\t\t<dt class='gallery-icon landscape'>\n\t\t\t\t\t<a class=\"rollover rollover-zoom dt-pswp-item\" title=\"264357ed-8273-4624-9f10-841129dd3aea\" data-dt-img-description=\"\" data-large_image_width=\"1600\" data-large_image_height=\"1200\"href='https:\/\/www.radiopiu.net\/wordpress\/wp-content\/uploads\/2022\/08\/264357ed-8273-4624-9f10-841129dd3aea.jpg'><img loading=\"lazy\" decoding=\"async\" width=\"150\" height=\"150\" src=\"https:\/\/www.radiopiu.net\/wordpress\/wp-content\/uploads\/2022\/08\/264357ed-8273-4624-9f10-841129dd3aea-150x150.jpg\" class=\"attachment-thumbnail size-thumbnail\" alt=\"\" \/><\/a>\n\t\t\t\t<\/dt><\/dl><br style=\"clear: both\" \/><dl class='gallery-item'>\n\t\t\t\t<dt class='gallery-icon landscape'>\n\t\t\t\t\t<a class=\"rollover rollover-zoom dt-pswp-item\" title=\"ce02f71c-1b03-46bc-88fa-cd6a2b331e77\" data-dt-img-description=\"\" data-large_image_width=\"1600\" data-large_image_height=\"1200\"href='https:\/\/www.radiopiu.net\/wordpress\/wp-content\/uploads\/2022\/08\/ce02f71c-1b03-46bc-88fa-cd6a2b331e77.jpg'><img loading=\"lazy\" decoding=\"async\" width=\"150\" height=\"150\" src=\"https:\/\/www.radiopiu.net\/wordpress\/wp-content\/uploads\/2022\/08\/ce02f71c-1b03-46bc-88fa-cd6a2b331e77-150x150.jpg\" class=\"attachment-thumbnail size-thumbnail\" alt=\"\" \/><\/a>\n\t\t\t\t<\/dt><\/dl><dl class='gallery-item'>\n\t\t\t\t<dt class='gallery-icon landscape'>\n\t\t\t\t\t<a class=\"rollover rollover-zoom dt-pswp-item\" title=\"71c97314-7d9a-48a1-bf8d-152e1fde2213\" data-dt-img-description=\"\" data-large_image_width=\"1600\" data-large_image_height=\"1200\"href='https:\/\/www.radiopiu.net\/wordpress\/wp-content\/uploads\/2022\/08\/71c97314-7d9a-48a1-bf8d-152e1fde2213.jpg'><img loading=\"lazy\" decoding=\"async\" width=\"150\" height=\"150\" src=\"https:\/\/www.radiopiu.net\/wordpress\/wp-content\/uploads\/2022\/08\/71c97314-7d9a-48a1-bf8d-152e1fde2213-150x150.jpg\" class=\"attachment-thumbnail size-thumbnail\" alt=\"\" \/><\/a>\n\t\t\t\t<\/dt><\/dl><dl class='gallery-item'>\n\t\t\t\t<dt class='gallery-icon landscape'>\n\t\t\t\t\t<a class=\"rollover rollover-zoom dt-pswp-item\" title=\"3ad86990-253d-4ffb-bd2d-8bdeff431415\" data-dt-img-description=\"\" data-large_image_width=\"1600\" data-large_image_height=\"1200\"href='https:\/\/www.radiopiu.net\/wordpress\/wp-content\/uploads\/2022\/08\/3ad86990-253d-4ffb-bd2d-8bdeff431415.jpg'><img loading=\"lazy\" decoding=\"async\" width=\"150\" height=\"150\" src=\"https:\/\/www.radiopiu.net\/wordpress\/wp-content\/uploads\/2022\/08\/3ad86990-253d-4ffb-bd2d-8bdeff431415-150x150.jpg\" class=\"attachment-thumbnail size-thumbnail\" alt=\"\" \/><\/a>\n\t\t\t\t<\/dt><\/dl><dl class='gallery-item'>\n\t\t\t\t<dt class='gallery-icon landscape'>\n\t\t\t\t\t<a class=\"rollover rollover-zoom dt-pswp-item\" title=\"4f7e5ed4-1d38-41ce-91ac-c81638ef0cc0\" data-dt-img-description=\"\" data-large_image_width=\"1600\" data-large_image_height=\"1200\"href='https:\/\/www.radiopiu.net\/wordpress\/wp-content\/uploads\/2022\/08\/4f7e5ed4-1d38-41ce-91ac-c81638ef0cc0.jpg'><img loading=\"lazy\" decoding=\"async\" width=\"150\" height=\"150\" src=\"https:\/\/www.radiopiu.net\/wordpress\/wp-content\/uploads\/2022\/08\/4f7e5ed4-1d38-41ce-91ac-c81638ef0cc0-150x150.jpg\" class=\"attachment-thumbnail size-thumbnail\" alt=\"\" \/><\/a>\n\t\t\t\t<\/dt><\/dl><br style=\"clear: both\" \/><dl class='gallery-item'>\n\t\t\t\t<dt class='gallery-icon landscape'>\n\t\t\t\t\t<a class=\"rollover rollover-zoom dt-pswp-item\" title=\"581e5b16-7b01-448d-83b6-6f171de96789\" data-dt-img-description=\"\" data-large_image_width=\"1600\" data-large_image_height=\"1200\"href='https:\/\/www.radiopiu.net\/wordpress\/wp-content\/uploads\/2022\/08\/581e5b16-7b01-448d-83b6-6f171de96789.jpg'><img loading=\"lazy\" decoding=\"async\" width=\"150\" height=\"150\" src=\"https:\/\/www.radiopiu.net\/wordpress\/wp-content\/uploads\/2022\/08\/581e5b16-7b01-448d-83b6-6f171de96789-150x150.jpg\" class=\"attachment-thumbnail size-thumbnail\" alt=\"\" \/><\/a>\n\t\t\t\t<\/dt><\/dl><dl class='gallery-item'>\n\t\t\t\t<dt class='gallery-icon landscape'>\n\t\t\t\t\t<a class=\"rollover rollover-zoom dt-pswp-item\" title=\"7140f20f-5c23-4e7c-94de-ccac3f4e22fb\" data-dt-img-description=\"\" data-large_image_width=\"1600\" data-large_image_height=\"1200\"href='https:\/\/www.radiopiu.net\/wordpress\/wp-content\/uploads\/2022\/08\/7140f20f-5c23-4e7c-94de-ccac3f4e22fb.jpg'><img loading=\"lazy\" decoding=\"async\" width=\"150\" height=\"150\" src=\"https:\/\/www.radiopiu.net\/wordpress\/wp-content\/uploads\/2022\/08\/7140f20f-5c23-4e7c-94de-ccac3f4e22fb-150x150.jpg\" class=\"attachment-thumbnail size-thumbnail\" alt=\"\" \/><\/a>\n\t\t\t\t<\/dt><\/dl><dl class='gallery-item'>\n\t\t\t\t<dt class='gallery-icon landscape'>\n\t\t\t\t\t<a class=\"rollover rollover-zoom dt-pswp-item\" title=\"fed28422-0b38-462e-82e9-03cee3486163\" data-dt-img-description=\"\" data-large_image_width=\"1600\" data-large_image_height=\"1200\"href='https:\/\/www.radiopiu.net\/wordpress\/wp-content\/uploads\/2022\/08\/fed28422-0b38-462e-82e9-03cee3486163.jpg'><img loading=\"lazy\" decoding=\"async\" width=\"150\" height=\"150\" src=\"https:\/\/www.radiopiu.net\/wordpress\/wp-content\/uploads\/2022\/08\/fed28422-0b38-462e-82e9-03cee3486163-150x150.jpg\" class=\"attachment-thumbnail size-thumbnail\" alt=\"\" \/><\/a>\n\t\t\t\t<\/dt><\/dl><dl class='gallery-item'>\n\t\t\t\t<dt class='gallery-icon landscape'>\n\t\t\t\t\t<a class=\"rollover rollover-zoom dt-pswp-item\" title=\"d63bcb19-0153-4062-b445-b1449e179555\" data-dt-img-description=\"\" data-large_image_width=\"1600\" data-large_image_height=\"1200\"href='https:\/\/www.radiopiu.net\/wordpress\/wp-content\/uploads\/2022\/08\/d63bcb19-0153-4062-b445-b1449e179555.jpg'><img loading=\"lazy\" decoding=\"async\" width=\"150\" height=\"150\" src=\"https:\/\/www.radiopiu.net\/wordpress\/wp-content\/uploads\/2022\/08\/d63bcb19-0153-4062-b445-b1449e179555-150x150.jpg\" class=\"attachment-thumbnail size-thumbnail\" alt=\"\" \/><\/a>\n\t\t\t\t<\/dt><\/dl><br style=\"clear: both\" \/><dl class='gallery-item'>\n\t\t\t\t<dt class='gallery-icon landscape'>\n\t\t\t\t\t<a class=\"rollover rollover-zoom dt-pswp-item\" title=\"c2461015-5343-4fa7-8402-6a25d5d519ca\" data-dt-img-description=\"\" data-large_image_width=\"1600\" data-large_image_height=\"1200\"href='https:\/\/www.radiopiu.net\/wordpress\/wp-content\/uploads\/2022\/08\/c2461015-5343-4fa7-8402-6a25d5d519ca.jpg'><img loading=\"lazy\" decoding=\"async\" width=\"150\" height=\"150\" src=\"https:\/\/www.radiopiu.net\/wordpress\/wp-content\/uploads\/2022\/08\/c2461015-5343-4fa7-8402-6a25d5d519ca-150x150.jpg\" class=\"attachment-thumbnail size-thumbnail\" alt=\"\" \/><\/a>\n\t\t\t\t<\/dt><\/dl><dl class='gallery-item'>\n\t\t\t\t<dt class='gallery-icon landscape'>\n\t\t\t\t\t<a class=\"rollover rollover-zoom dt-pswp-item\" title=\"7ca0b438-d4a3-43b3-9c0a-0e0ae6865a20\" data-dt-img-description=\"\" data-large_image_width=\"1600\" data-large_image_height=\"1200\"href='https:\/\/www.radiopiu.net\/wordpress\/wp-content\/uploads\/2022\/08\/7ca0b438-d4a3-43b3-9c0a-0e0ae6865a20.jpg'><img loading=\"lazy\" decoding=\"async\" width=\"150\" height=\"150\" src=\"https:\/\/www.radiopiu.net\/wordpress\/wp-content\/uploads\/2022\/08\/7ca0b438-d4a3-43b3-9c0a-0e0ae6865a20-150x150.jpg\" class=\"attachment-thumbnail size-thumbnail\" alt=\"\" \/><\/a>\n\t\t\t\t<\/dt><\/dl><dl class='gallery-item'>\n\t\t\t\t<dt class='gallery-icon landscape'>\n\t\t\t\t\t<a class=\"rollover rollover-zoom dt-pswp-item\" title=\"9fb80de6-ade2-4223-a321-78239582d884\" data-dt-img-description=\"\" data-large_image_width=\"1600\" data-large_image_height=\"1200\"href='https:\/\/www.radiopiu.net\/wordpress\/wp-content\/uploads\/2022\/08\/9fb80de6-ade2-4223-a321-78239582d884.jpg'><img loading=\"lazy\" decoding=\"async\" width=\"150\" height=\"150\" src=\"https:\/\/www.radiopiu.net\/wordpress\/wp-content\/uploads\/2022\/08\/9fb80de6-ade2-4223-a321-78239582d884-150x150.jpg\" class=\"attachment-thumbnail size-thumbnail\" alt=\"\" \/><\/a>\n\t\t\t\t<\/dt><\/dl><dl class='gallery-item'>\n\t\t\t\t<dt class='gallery-icon landscape'>\n\t\t\t\t\t<a class=\"rollover rollover-zoom dt-pswp-item\" title=\"82b45700-dc6d-4d2d-afb0-9de53a2d6161\" data-dt-img-description=\"\" data-large_image_width=\"1600\" data-large_image_height=\"1200\"href='https:\/\/www.radiopiu.net\/wordpress\/wp-content\/uploads\/2022\/08\/82b45700-dc6d-4d2d-afb0-9de53a2d6161.jpg'><img loading=\"lazy\" decoding=\"async\" width=\"150\" height=\"150\" src=\"https:\/\/www.radiopiu.net\/wordpress\/wp-content\/uploads\/2022\/08\/82b45700-dc6d-4d2d-afb0-9de53a2d6161-150x150.jpg\" class=\"attachment-thumbnail size-thumbnail\" alt=\"\" \/><\/a>\n\t\t\t\t<\/dt><\/dl><br style=\"clear: both\" \/><dl class='gallery-item'>\n\t\t\t\t<dt class='gallery-icon landscape'>\n\t\t\t\t\t<a class=\"rollover rollover-zoom dt-pswp-item\" title=\"91335ce1-2d61-44c4-9532-e9c1ac359df3\" data-dt-img-description=\"\" data-large_image_width=\"1600\" data-large_image_height=\"1200\"href='https:\/\/www.radiopiu.net\/wordpress\/wp-content\/uploads\/2022\/08\/91335ce1-2d61-44c4-9532-e9c1ac359df3.jpg'><img loading=\"lazy\" decoding=\"async\" width=\"150\" height=\"150\" src=\"https:\/\/www.radiopiu.net\/wordpress\/wp-content\/uploads\/2022\/08\/91335ce1-2d61-44c4-9532-e9c1ac359df3-150x150.jpg\" class=\"attachment-thumbnail size-thumbnail\" alt=\"\" \/><\/a>\n\t\t\t\t<\/dt><\/dl><dl class='gallery-item'>\n\t\t\t\t<dt class='gallery-icon landscape'>\n\t\t\t\t\t<a class=\"rollover rollover-zoom dt-pswp-item\" title=\"66301200-aeab-4818-b326-d467a58d67cf\" data-dt-img-description=\"\" data-large_image_width=\"1600\" data-large_image_height=\"1200\"href='https:\/\/www.radiopiu.net\/wordpress\/wp-content\/uploads\/2022\/08\/66301200-aeab-4818-b326-d467a58d67cf.jpg'><img loading=\"lazy\" decoding=\"async\" width=\"150\" height=\"150\" src=\"https:\/\/www.radiopiu.net\/wordpress\/wp-content\/uploads\/2022\/08\/66301200-aeab-4818-b326-d467a58d67cf-150x150.jpg\" class=\"attachment-thumbnail size-thumbnail\" alt=\"\" \/><\/a>\n\t\t\t\t<\/dt><\/dl><dl class='gallery-item'>\n\t\t\t\t<dt class='gallery-icon landscape'>\n\t\t\t\t\t<a class=\"rollover rollover-zoom dt-pswp-item\" title=\"b47e5f49-39a6-4cea-9ed2-35f0d462ae5d\" data-dt-img-description=\"\" data-large_image_width=\"1600\" data-large_image_height=\"1200\"href='https:\/\/www.radiopiu.net\/wordpress\/wp-content\/uploads\/2022\/08\/b47e5f49-39a6-4cea-9ed2-35f0d462ae5d.jpg'><img loading=\"lazy\" decoding=\"async\" width=\"150\" height=\"150\" src=\"https:\/\/www.radiopiu.net\/wordpress\/wp-content\/uploads\/2022\/08\/b47e5f49-39a6-4cea-9ed2-35f0d462ae5d-150x150.jpg\" class=\"attachment-thumbnail size-thumbnail\" alt=\"\" \/><\/a>\n\t\t\t\t<\/dt><\/dl><dl class='gallery-item'>\n\t\t\t\t<dt class='gallery-icon landscape'>\n\t\t\t\t\t<a class=\"rollover rollover-zoom dt-pswp-item\" title=\"5eb6818f-3eef-4682-855e-6e532268da7c\" data-dt-img-description=\"\" data-large_image_width=\"1600\" data-large_image_height=\"1200\"href='https:\/\/www.radiopiu.net\/wordpress\/wp-content\/uploads\/2022\/08\/5eb6818f-3eef-4682-855e-6e532268da7c.jpg'><img loading=\"lazy\" decoding=\"async\" width=\"150\" height=\"150\" src=\"https:\/\/www.radiopiu.net\/wordpress\/wp-content\/uploads\/2022\/08\/5eb6818f-3eef-4682-855e-6e532268da7c-150x150.jpg\" class=\"attachment-thumbnail size-thumbnail\" alt=\"\" \/><\/a>\n\t\t\t\t<\/dt><\/dl><br style=\"clear: both\" \/><dl class='gallery-item'>\n\t\t\t\t<dt class='gallery-icon landscape'>\n\t\t\t\t\t<a class=\"rollover rollover-zoom dt-pswp-item\" title=\"c441322b-0aa5-4d0c-a5ce-51063989a186\" data-dt-img-description=\"\" data-large_image_width=\"1600\" data-large_image_height=\"1200\"href='https:\/\/www.radiopiu.net\/wordpress\/wp-content\/uploads\/2022\/08\/c441322b-0aa5-4d0c-a5ce-51063989a186.jpg'><img loading=\"lazy\" decoding=\"async\" width=\"150\" height=\"150\" src=\"https:\/\/www.radiopiu.net\/wordpress\/wp-content\/uploads\/2022\/08\/c441322b-0aa5-4d0c-a5ce-51063989a186-150x150.jpg\" class=\"attachment-thumbnail size-thumbnail\" alt=\"\" \/><\/a>\n\t\t\t\t<\/dt><\/dl><dl class='gallery-item'>\n\t\t\t\t<dt class='gallery-icon landscape'>\n\t\t\t\t\t<a class=\"rollover rollover-zoom dt-pswp-item\" title=\"7065c9ec-bad7-41df-a76c-86489d13226e\" data-dt-img-description=\"\" data-large_image_width=\"1600\" data-large_image_height=\"1200\"href='https:\/\/www.radiopiu.net\/wordpress\/wp-content\/uploads\/2022\/08\/7065c9ec-bad7-41df-a76c-86489d13226e.jpg'><img loading=\"lazy\" decoding=\"async\" width=\"150\" height=\"150\" src=\"https:\/\/www.radiopiu.net\/wordpress\/wp-content\/uploads\/2022\/08\/7065c9ec-bad7-41df-a76c-86489d13226e-150x150.jpg\" class=\"attachment-thumbnail size-thumbnail\" alt=\"\" \/><\/a>\n\t\t\t\t<\/dt><\/dl><dl class='gallery-item'>\n\t\t\t\t<dt class='gallery-icon landscape'>\n\t\t\t\t\t<a class=\"rollover rollover-zoom dt-pswp-item\" title=\"34e59c63-916a-4289-966d-577ac9ca838e\" data-dt-img-description=\"\" data-large_image_width=\"1600\" data-large_image_height=\"1200\"href='https:\/\/www.radiopiu.net\/wordpress\/wp-content\/uploads\/2022\/08\/34e59c63-916a-4289-966d-577ac9ca838e.jpg'><img loading=\"lazy\" decoding=\"async\" width=\"150\" height=\"150\" src=\"https:\/\/www.radiopiu.net\/wordpress\/wp-content\/uploads\/2022\/08\/34e59c63-916a-4289-966d-577ac9ca838e-150x150.jpg\" class=\"attachment-thumbnail size-thumbnail\" alt=\"\" \/><\/a>\n\t\t\t\t<\/dt><\/dl><dl class='gallery-item'>\n\t\t\t\t<dt class='gallery-icon landscape'>\n\t\t\t\t\t<a class=\"rollover rollover-zoom dt-pswp-item\" title=\"7ae6ca8f-6154-42d3-8294-3a7104b4602a\" data-dt-img-description=\"\" data-large_image_width=\"1600\" data-large_image_height=\"1200\"href='https:\/\/www.radiopiu.net\/wordpress\/wp-content\/uploads\/2022\/08\/7ae6ca8f-6154-42d3-8294-3a7104b4602a.jpg'><img loading=\"lazy\" decoding=\"async\" width=\"150\" height=\"150\" src=\"https:\/\/www.radiopiu.net\/wordpress\/wp-content\/uploads\/2022\/08\/7ae6ca8f-6154-42d3-8294-3a7104b4602a-150x150.jpg\" class=\"attachment-thumbnail size-thumbnail\" alt=\"\" \/><\/a>\n\t\t\t\t<\/dt><\/dl><br style=\"clear: both\" \/>\n\t\t\t<\/div>\n\n<p>&nbsp;<\/p>\n<hr \/>\n<p>&nbsp;<\/p>\n<blockquote>\n<h3>A COGUL DI VALLADA TORNA &#8220;SOT SOLER DE TABIA'&#8221;<\/h3>\n<\/blockquote>\n<p><strong>VALLADA<\/strong> Dopo due anni, a causa della pandemia, torna a Vallada la festa d&#8217;estate &#8220;Sot Sol\u00e8r De Tabi\u00e0&#8221;. A Cogul, frazione alta del paese, i 18 abitanti della localit\u00e0 hanno organizzato una giornata di festa in vista del ferragosto. Sabato, giorno di festa, mercatino dell&#8217;artigianato locale, piatti tipici e musica con La Compagnia, cover band di Vasco Rossi e Lucio Battisti.<\/p>\n<p><strong>LA FOTOGALLERY<\/strong><\/p>\n\n\t\t\t<style type='text\/css'>\n\t\t\t\t#gallery-9 {\n\t\t\t\t\tmargin: auto;\n\t\t\t\t}\n\t\t\t\t#gallery-9 .gallery-item {\n\t\t\t\t\tfloat: left;\n\t\t\t\t\tmargin-top: 10px;\n\t\t\t\t\ttext-align: center;\n\t\t\t\t\twidth: 20%;\n\t\t\t\t}\n\t\t\t\t#gallery-9 img {\n\t\t\t\t\tborder: 2px solid #cfcfcf;\n\t\t\t\t}\n\t\t\t\t#gallery-9 .gallery-caption {\n\t\t\t\t\tmargin-left: 0;\n\t\t\t\t}\n\t\t\t\t\/* see gallery_shortcode() in wp-includes\/media.php *\/\n\t\t\t<\/style>\n\t\t<div id='gallery-9' class='dt-gallery-container gallery galleryid-292732 gallery-columns-5 gallery-size-thumbnail'><dl class='gallery-item'>\n\t\t\t\t<dt class='gallery-icon landscape'>\n\t\t\t\t\t<a class=\"rollover rollover-zoom dt-pswp-item\" title=\"1f8c42e5-7f9b-48c2-a8e1-2bf98d4d5ef3\" data-dt-img-description=\"\" data-large_image_width=\"1024\" data-large_image_height=\"768\"href='https:\/\/www.radiopiu.net\/wordpress\/wp-content\/uploads\/2022\/08\/1f8c42e5-7f9b-48c2-a8e1-2bf98d4d5ef3.jpg'><img loading=\"lazy\" decoding=\"async\" width=\"150\" height=\"150\" src=\"https:\/\/www.radiopiu.net\/wordpress\/wp-content\/uploads\/2022\/08\/1f8c42e5-7f9b-48c2-a8e1-2bf98d4d5ef3-150x150.jpg\" class=\"attachment-thumbnail size-thumbnail\" alt=\"\" \/><\/a>\n\t\t\t\t<\/dt><\/dl><dl class='gallery-item'>\n\t\t\t\t<dt class='gallery-icon landscape'>\n\t\t\t\t\t<a class=\"rollover rollover-zoom dt-pswp-item\" title=\"5a645128-a216-4d8e-98ee-df4a95e73a97\" data-dt-img-description=\"\" data-large_image_width=\"1024\" data-large_image_height=\"768\"href='https:\/\/www.radiopiu.net\/wordpress\/wp-content\/uploads\/2022\/08\/5a645128-a216-4d8e-98ee-df4a95e73a97.jpg'><img loading=\"lazy\" decoding=\"async\" width=\"150\" height=\"150\" src=\"https:\/\/www.radiopiu.net\/wordpress\/wp-content\/uploads\/2022\/08\/5a645128-a216-4d8e-98ee-df4a95e73a97-150x150.jpg\" class=\"attachment-thumbnail size-thumbnail\" alt=\"\" \/><\/a>\n\t\t\t\t<\/dt><\/dl><dl class='gallery-item'>\n\t\t\t\t<dt class='gallery-icon landscape'>\n\t\t\t\t\t<a class=\"rollover rollover-zoom dt-pswp-item\" title=\"19ee4657-415b-40dd-9bcc-1cee42e01c9d\" data-dt-img-description=\"\" data-large_image_width=\"1024\" data-large_image_height=\"768\"href='https:\/\/www.radiopiu.net\/wordpress\/wp-content\/uploads\/2022\/08\/19ee4657-415b-40dd-9bcc-1cee42e01c9d.jpg'><img loading=\"lazy\" decoding=\"async\" width=\"150\" height=\"150\" src=\"https:\/\/www.radiopiu.net\/wordpress\/wp-content\/uploads\/2022\/08\/19ee4657-415b-40dd-9bcc-1cee42e01c9d-150x150.jpg\" class=\"attachment-thumbnail size-thumbnail\" alt=\"\" \/><\/a>\n\t\t\t\t<\/dt><\/dl><dl class='gallery-item'>\n\t\t\t\t<dt class='gallery-icon landscape'>\n\t\t\t\t\t<a class=\"rollover rollover-zoom dt-pswp-item\" title=\"34cc083b-2808-4864-92c6-0939acf56f5f\" data-dt-img-description=\"\" data-large_image_width=\"1024\" data-large_image_height=\"768\"href='https:\/\/www.radiopiu.net\/wordpress\/wp-content\/uploads\/2022\/08\/34cc083b-2808-4864-92c6-0939acf56f5f.jpg'><img loading=\"lazy\" decoding=\"async\" width=\"150\" height=\"150\" src=\"https:\/\/www.radiopiu.net\/wordpress\/wp-content\/uploads\/2022\/08\/34cc083b-2808-4864-92c6-0939acf56f5f-150x150.jpg\" class=\"attachment-thumbnail size-thumbnail\" alt=\"\" \/><\/a>\n\t\t\t\t<\/dt><\/dl><dl class='gallery-item'>\n\t\t\t\t<dt class='gallery-icon landscape'>\n\t\t\t\t\t<a class=\"rollover rollover-zoom dt-pswp-item\" title=\"76a05e63-96fc-47f4-ae09-d20eb7d76aba\" data-dt-img-description=\"\" data-large_image_width=\"1024\" data-large_image_height=\"768\"href='https:\/\/www.radiopiu.net\/wordpress\/wp-content\/uploads\/2022\/08\/76a05e63-96fc-47f4-ae09-d20eb7d76aba.jpg'><img loading=\"lazy\" decoding=\"async\" width=\"150\" height=\"150\" src=\"https:\/\/www.radiopiu.net\/wordpress\/wp-content\/uploads\/2022\/08\/76a05e63-96fc-47f4-ae09-d20eb7d76aba-150x150.jpg\" class=\"attachment-thumbnail size-thumbnail\" alt=\"\" \/><\/a>\n\t\t\t\t<\/dt><\/dl><br style=\"clear: both\" \/><dl class='gallery-item'>\n\t\t\t\t<dt class='gallery-icon landscape'>\n\t\t\t\t\t<a class=\"rollover rollover-zoom dt-pswp-item\" title=\"0382b19c-d52a-4858-b9f2-403856e43c97\" data-dt-img-description=\"\" data-large_image_width=\"1024\" data-large_image_height=\"768\"href='https:\/\/www.radiopiu.net\/wordpress\/wp-content\/uploads\/2022\/08\/0382b19c-d52a-4858-b9f2-403856e43c97.jpg'><img loading=\"lazy\" decoding=\"async\" width=\"150\" height=\"150\" src=\"https:\/\/www.radiopiu.net\/wordpress\/wp-content\/uploads\/2022\/08\/0382b19c-d52a-4858-b9f2-403856e43c97-150x150.jpg\" class=\"attachment-thumbnail size-thumbnail\" alt=\"\" \/><\/a>\n\t\t\t\t<\/dt><\/dl><dl class='gallery-item'>\n\t\t\t\t<dt class='gallery-icon landscape'>\n\t\t\t\t\t<a class=\"rollover rollover-zoom dt-pswp-item\" title=\"547e71c4-9ffd-4843-9447-f7fd48f371fd\" data-dt-img-description=\"\" data-large_image_width=\"1024\" data-large_image_height=\"768\"href='https:\/\/www.radiopiu.net\/wordpress\/wp-content\/uploads\/2022\/08\/547e71c4-9ffd-4843-9447-f7fd48f371fd.jpg'><img loading=\"lazy\" decoding=\"async\" width=\"150\" height=\"150\" src=\"https:\/\/www.radiopiu.net\/wordpress\/wp-content\/uploads\/2022\/08\/547e71c4-9ffd-4843-9447-f7fd48f371fd-150x150.jpg\" class=\"attachment-thumbnail size-thumbnail\" alt=\"\" \/><\/a>\n\t\t\t\t<\/dt><\/dl><dl class='gallery-item'>\n\t\t\t\t<dt class='gallery-icon landscape'>\n\t\t\t\t\t<a class=\"rollover rollover-zoom dt-pswp-item\" title=\"593ce6c9-5e2e-4bcd-b460-fe9b5e8cae1d\" data-dt-img-description=\"\" data-large_image_width=\"1024\" data-large_image_height=\"768\"href='https:\/\/www.radiopiu.net\/wordpress\/wp-content\/uploads\/2022\/08\/593ce6c9-5e2e-4bcd-b460-fe9b5e8cae1d.jpg'><img loading=\"lazy\" decoding=\"async\" width=\"150\" height=\"150\" src=\"https:\/\/www.radiopiu.net\/wordpress\/wp-content\/uploads\/2022\/08\/593ce6c9-5e2e-4bcd-b460-fe9b5e8cae1d-150x150.jpg\" class=\"attachment-thumbnail size-thumbnail\" alt=\"\" \/><\/a>\n\t\t\t\t<\/dt><\/dl><dl class='gallery-item'>\n\t\t\t\t<dt class='gallery-icon landscape'>\n\t\t\t\t\t<a class=\"rollover rollover-zoom dt-pswp-item\" title=\"724b5951-9965-42ec-8f2d-71fa5aa6edee\" data-dt-img-description=\"\" data-large_image_width=\"1024\" data-large_image_height=\"768\"href='https:\/\/www.radiopiu.net\/wordpress\/wp-content\/uploads\/2022\/08\/724b5951-9965-42ec-8f2d-71fa5aa6edee.jpg'><img loading=\"lazy\" decoding=\"async\" width=\"150\" height=\"150\" src=\"https:\/\/www.radiopiu.net\/wordpress\/wp-content\/uploads\/2022\/08\/724b5951-9965-42ec-8f2d-71fa5aa6edee-150x150.jpg\" class=\"attachment-thumbnail size-thumbnail\" alt=\"\" \/><\/a>\n\t\t\t\t<\/dt><\/dl><dl class='gallery-item'>\n\t\t\t\t<dt class='gallery-icon landscape'>\n\t\t\t\t\t<a class=\"rollover rollover-zoom dt-pswp-item\" title=\"0891f4db-d4fd-401a-8b1b-d5589db60936\" data-dt-img-description=\"\" data-large_image_width=\"1024\" data-large_image_height=\"768\"href='https:\/\/www.radiopiu.net\/wordpress\/wp-content\/uploads\/2022\/08\/0891f4db-d4fd-401a-8b1b-d5589db60936.jpg'><img loading=\"lazy\" decoding=\"async\" width=\"150\" height=\"150\" src=\"https:\/\/www.radiopiu.net\/wordpress\/wp-content\/uploads\/2022\/08\/0891f4db-d4fd-401a-8b1b-d5589db60936-150x150.jpg\" class=\"attachment-thumbnail size-thumbnail\" alt=\"\" \/><\/a>\n\t\t\t\t<\/dt><\/dl><br style=\"clear: both\" \/><dl class='gallery-item'>\n\t\t\t\t<dt class='gallery-icon landscape'>\n\t\t\t\t\t<a class=\"rollover rollover-zoom dt-pswp-item\" title=\"4581ccc9-1c43-4c19-b77e-3c1451a01958\" data-dt-img-description=\"\" data-large_image_width=\"1024\" data-large_image_height=\"768\"href='https:\/\/www.radiopiu.net\/wordpress\/wp-content\/uploads\/2022\/08\/4581ccc9-1c43-4c19-b77e-3c1451a01958.jpg'><img loading=\"lazy\" decoding=\"async\" width=\"150\" height=\"150\" src=\"https:\/\/www.radiopiu.net\/wordpress\/wp-content\/uploads\/2022\/08\/4581ccc9-1c43-4c19-b77e-3c1451a01958-150x150.jpg\" class=\"attachment-thumbnail size-thumbnail\" alt=\"\" \/><\/a>\n\t\t\t\t<\/dt><\/dl><dl class='gallery-item'>\n\t\t\t\t<dt class='gallery-icon landscape'>\n\t\t\t\t\t<a class=\"rollover rollover-zoom dt-pswp-item\" title=\"7672dbc6-9abd-460a-a969-ae262a77202b\" data-dt-img-description=\"\" data-large_image_width=\"1024\" data-large_image_height=\"768\"href='https:\/\/www.radiopiu.net\/wordpress\/wp-content\/uploads\/2022\/08\/7672dbc6-9abd-460a-a969-ae262a77202b.jpg'><img loading=\"lazy\" decoding=\"async\" width=\"150\" height=\"150\" src=\"https:\/\/www.radiopiu.net\/wordpress\/wp-content\/uploads\/2022\/08\/7672dbc6-9abd-460a-a969-ae262a77202b-150x150.jpg\" class=\"attachment-thumbnail size-thumbnail\" alt=\"\" \/><\/a>\n\t\t\t\t<\/dt><\/dl><dl class='gallery-item'>\n\t\t\t\t<dt class='gallery-icon landscape'>\n\t\t\t\t\t<a class=\"rollover rollover-zoom dt-pswp-item\" title=\"b92dd85c-a61a-4a81-b4f4-08525d2d7e3d\" data-dt-img-description=\"\" data-large_image_width=\"1024\" data-large_image_height=\"768\"href='https:\/\/www.radiopiu.net\/wordpress\/wp-content\/uploads\/2022\/08\/b92dd85c-a61a-4a81-b4f4-08525d2d7e3d.jpg'><img loading=\"lazy\" decoding=\"async\" width=\"150\" height=\"150\" src=\"https:\/\/www.radiopiu.net\/wordpress\/wp-content\/uploads\/2022\/08\/b92dd85c-a61a-4a81-b4f4-08525d2d7e3d-150x150.jpg\" class=\"attachment-thumbnail size-thumbnail\" alt=\"\" \/><\/a>\n\t\t\t\t<\/dt><\/dl><dl class='gallery-item'>\n\t\t\t\t<dt class='gallery-icon landscape'>\n\t\t\t\t\t<a class=\"rollover rollover-zoom dt-pswp-item\" title=\"d67595d7-8b36-4191-a0f1-59504c5e8499\" data-dt-img-description=\"\" data-large_image_width=\"1024\" data-large_image_height=\"768\"href='https:\/\/www.radiopiu.net\/wordpress\/wp-content\/uploads\/2022\/08\/d67595d7-8b36-4191-a0f1-59504c5e8499.jpg'><img loading=\"lazy\" decoding=\"async\" width=\"150\" height=\"150\" src=\"https:\/\/www.radiopiu.net\/wordpress\/wp-content\/uploads\/2022\/08\/d67595d7-8b36-4191-a0f1-59504c5e8499-150x150.jpg\" class=\"attachment-thumbnail size-thumbnail\" alt=\"\" \/><\/a>\n\t\t\t\t<\/dt><\/dl><dl class='gallery-item'>\n\t\t\t\t<dt class='gallery-icon landscape'>\n\t\t\t\t\t<a class=\"rollover rollover-zoom dt-pswp-item\" title=\"f36b6c57-e81f-4ceb-9be0-a7dfe24d88ee\" data-dt-img-description=\"\" data-large_image_width=\"1024\" data-large_image_height=\"768\"href='https:\/\/www.radiopiu.net\/wordpress\/wp-content\/uploads\/2022\/08\/f36b6c57-e81f-4ceb-9be0-a7dfe24d88ee.jpg'><img loading=\"lazy\" decoding=\"async\" width=\"150\" height=\"150\" src=\"https:\/\/www.radiopiu.net\/wordpress\/wp-content\/uploads\/2022\/08\/f36b6c57-e81f-4ceb-9be0-a7dfe24d88ee-150x150.jpg\" class=\"attachment-thumbnail size-thumbnail\" alt=\"\" \/><\/a>\n\t\t\t\t<\/dt><\/dl><br style=\"clear: both\" \/>\n\t\t\t<\/div>\n\n<p>&nbsp;<\/p>\n<hr \/>\n<p>&nbsp;<\/p>\n<div class=\"page-title-head hgroup\">\n<blockquote>\n<h3 class=\"entry-title\">I BIGLIETTI VINCENTI DELLA LOTTERIA DELLA FESTA DEL CACCIATORE A CANALE D\u2019AGORDO<\/h3>\n<\/blockquote>\n<\/div>\n<div class=\"page-title-breadcrumbs\">\n<p><strong>REDAZIONE<\/strong> Ecco l&#8217;elenco dei biglietti vincenti della Lotteria abbinata alla Festa del Cacciatore di Canale D&#8217;Agordo.<\/p>\n<a href=\"https:\/\/www.radiopiu.net\/wordpress\/wp-content\/uploads\/2022\/08\/DOC-20220814-WA0014.pdf\" class=\"pdfemb-viewer\" style=\"\" data-width=\"max\" data-height=\"max\" data-toolbar=\"top\" data-toolbar-fixed=\"on\">DOC-20220814-WA0014<\/a>\n<p>&nbsp;<\/p>\n<\/div>\n<p>&nbsp;<\/p>\n<p>&nbsp;<\/p>\n<hr \/>\n<p>&nbsp;<\/p>\n<blockquote>\n<h2><a class=\"dt-pswp-item\" href=\"https:\/\/www.radiopiu.net\/wordpress\/wp-content\/uploads\/2022\/08\/aaa-7.jpg\" data-dt-img-description=\"\" data-large_image_width=\"553\" data-large_image_height=\"181\"><img loading=\"lazy\" decoding=\"async\" class=\"wp-image-291465 size-medium alignleft\" src=\"https:\/\/www.radiopiu.net\/wordpress\/wp-content\/uploads\/2022\/08\/aaa-7-300x98.jpg\" alt=\"\" width=\"300\" height=\"98\" srcset=\"https:\/\/www.radiopiu.net\/wordpress\/wp-content\/uploads\/2022\/08\/aaa-7-300x98.jpg 300w, https:\/\/www.radiopiu.net\/wordpress\/wp-content\/uploads\/2022\/08\/aaa-7.jpg 553w\" sizes=\"auto, (max-width: 300px) 100vw, 300px\" \/><\/a>MUSICA LIVE ESTATE 22&#8230;E CHE MUSICA!<\/h2>\n<\/blockquote>\n<p>IN PIAZZA A CANALE D&#8217;AGORDO, TRE APPUNTAMENTI PER RENDERE PIU&#8217; FRIZZANTE LA TUA ESTATE.<br \/>\nsabato 20 agosto dalle 21, THE JB BAND I grandi successi dei Blues Brothers insieme a brani culto degli anni 60-70-80. GRAN FINALE SABATO 27 AGOSTO alle 21 con lo spettacolo dei TIRATAIE, perch\u00e9 sulla loro piazza sanno dare sempre il meglio.\u00a0 CANALE D&#8217;AGORDO, ESTATE 22 IN PIAZZA&#8230; VI TENIAMO D&#8217;OCCHIO&#8230; PARDON D&#8217;ORECCHIO.<\/p>\n<p><strong><span style=\"color: #ff0000;\">ALLA RADIO, THE VOICE MORENO TOCCHETTO<\/span><\/strong><\/p>\n<audio class=\"wp-audio-shortcode\" id=\"audio-292732-6\" preload=\"none\" style=\"width: 100%;\" controls=\"controls\"><source type=\"audio\/mpeg\" src=\"https:\/\/www.radiopiu.net\/wordpress\/wp-content\/uploads\/2022\/08\/MUSICA-CANALE-LUGLIO-22.mp3?_=6\" \/><a href=\"https:\/\/www.radiopiu.net\/wordpress\/wp-content\/uploads\/2022\/08\/MUSICA-CANALE-LUGLIO-22.mp3\">https:\/\/www.radiopiu.net\/wordpress\/wp-content\/uploads\/2022\/08\/MUSICA-CANALE-LUGLIO-22.mp3<\/a><\/audio>\n<p>&nbsp;<\/p>\n<hr \/>\n<p>&nbsp;<\/p>\n<blockquote>\n<h3>QUATTRO USCITE ORGANIZZATE DAL GAMP<\/h3>\n<\/blockquote>\n<p><strong><a class=\"dt-pswp-item\" href=\"https:\/\/www.radiopiu.net\/wordpress\/wp-content\/uploads\/2022\/05\/closeup-of-a-colourful-mineral-stone-under-the-lights-isolated-on-a-white-background.jpg\" data-dt-img-description=\"\" data-large_image_width=\"1000\" data-large_image_height=\"667\"><img loading=\"lazy\" decoding=\"async\" class=\"size-thumbnail wp-image-274690 alignleft\" src=\"https:\/\/www.radiopiu.net\/wordpress\/wp-content\/uploads\/2022\/05\/closeup-of-a-colourful-mineral-stone-under-the-lights-isolated-on-a-white-background-150x150.jpg\" alt=\"\" width=\"150\" height=\"150\" \/><\/a>AGORDO<\/strong><\/p>\n<p>di Gianni Santomaso<\/p>\n<audio class=\"wp-audio-shortcode\" id=\"audio-292732-7\" preload=\"none\" style=\"width: 100%;\" controls=\"controls\"><source type=\"audio\/mpeg\" src=\"https:\/\/www.radiopiu.net\/wordpress\/wp-content\/uploads\/2022\/07\/GIANNI-ESCURSIONI-GAMP.mp3?_=7\" \/><a href=\"https:\/\/www.radiopiu.net\/wordpress\/wp-content\/uploads\/2022\/07\/GIANNI-ESCURSIONI-GAMP.mp3\">https:\/\/www.radiopiu.net\/wordpress\/wp-content\/uploads\/2022\/07\/GIANNI-ESCURSIONI-GAMP.mp3<\/a><\/audio>\n<p>&nbsp;<\/p>\n<hr \/>\n<p>&nbsp;<\/p>\n<blockquote>\n<h2><strong><a class=\"dt-pswp-item\" href=\"https:\/\/www.radiopiu.net\/wordpress\/wp-content\/uploads\/2022\/08\/7ea48a6c-63a0-4ed2-b46f-e11dcd93f648.jpg\" data-dt-img-description=\"\" data-large_image_width=\"1368\" data-large_image_height=\"1026\"><img loading=\"lazy\" decoding=\"async\" class=\"wp-image-291515 alignleft\" src=\"https:\/\/www.radiopiu.net\/wordpress\/wp-content\/uploads\/2022\/08\/7ea48a6c-63a0-4ed2-b46f-e11dcd93f648-1024x768.jpg\" alt=\"\" width=\"218\" height=\"164\" srcset=\"https:\/\/www.radiopiu.net\/wordpress\/wp-content\/uploads\/2022\/08\/7ea48a6c-63a0-4ed2-b46f-e11dcd93f648-1024x768.jpg 1024w, https:\/\/www.radiopiu.net\/wordpress\/wp-content\/uploads\/2022\/08\/7ea48a6c-63a0-4ed2-b46f-e11dcd93f648-300x225.jpg 300w, https:\/\/www.radiopiu.net\/wordpress\/wp-content\/uploads\/2022\/08\/7ea48a6c-63a0-4ed2-b46f-e11dcd93f648-768x576.jpg 768w, https:\/\/www.radiopiu.net\/wordpress\/wp-content\/uploads\/2022\/08\/7ea48a6c-63a0-4ed2-b46f-e11dcd93f648.jpg 1368w\" sizes=\"auto, (max-width: 218px) 100vw, 218px\" \/><\/a><\/strong><\/h2>\n<h2>DOMENICA 21 AGOSTO A PIAN DE LE FEMENE IL RICORDO<\/h2>\n<\/blockquote>\n<p>&nbsp;<\/p>\n<p><strong>BELLUNO<\/strong><\/p>\n<p><strong>DI ROBERTO BONA<\/strong><\/p>\n<p><strong>AUDIO\u00a0<\/strong><\/p>\n<audio class=\"wp-audio-shortcode\" id=\"audio-292732-8\" preload=\"none\" style=\"width: 100%;\" controls=\"controls\"><source type=\"audio\/mpeg\" src=\"https:\/\/www.radiopiu.net\/wordpress\/wp-content\/uploads\/2022\/08\/ROBERTO-BONA.mp3?_=8\" \/><a href=\"https:\/\/www.radiopiu.net\/wordpress\/wp-content\/uploads\/2022\/08\/ROBERTO-BONA.mp3\">https:\/\/www.radiopiu.net\/wordpress\/wp-content\/uploads\/2022\/08\/ROBERTO-BONA.mp3<\/a><\/audio>\n<p>&nbsp;<\/p>\n<hr \/>\n<p>&nbsp;<\/p>\n<blockquote>\n<h3>SABEDA ITE VILA A ROCCA PIETORE<\/h3>\n<\/blockquote>\n<p><strong>ROCCA PIETORE<\/strong> L&#8217;associazione Borgo di Sottoguda e il comune di Rocca Pietore organizzano &#8220;Sabeda ite vila&#8221;, il mercatino contadino in programma il 20 agosto dalle 10 in poi.<\/p>\n<p>&nbsp;<\/p>\n<p>&nbsp;<\/p>\n<hr \/>\n<p>&nbsp;<\/p>\n<blockquote>\n<h3>MATTEO RIGHETTO A LIVINALLONGO PER PRESENTARE IL SUO LIBRO<\/h3>\n<\/blockquote>\n<p><strong>LIVINALLONGO <\/strong>Matteo Righetto presenter\u00e0 il suo libro &#8220;La stanza delle mele\u201d (ed. Feltrinelli) domani alle 15.00 presso la sala &#8220;Taulac&#8221; di Pieve di Livinallongo in occasione dell&#8217;evento &#8220;Chiacchierata con l&#8217;artista&#8221;<\/p>\n<blockquote class=\"wp-embedded-content\" data-secret=\"7NACsiA5vr\"><p><a href=\"https:\/\/www.radiopiu.net\/wordpress\/matteo-righetto-a-livinallongo-per-presentare-il-suo-libro\/\">MATTEO RIGHETTO A LIVINALLONGO PER PRESENTARE IL SUO LIBRO<\/a><\/p><\/blockquote>\n<p><iframe loading=\"lazy\" class=\"wp-embedded-content\" sandbox=\"allow-scripts\" security=\"restricted\" style=\"position: absolute; clip: rect(1px, 1px, 1px, 1px);\" title=\"&#8220;MATTEO RIGHETTO A LIVINALLONGO PER PRESENTARE IL SUO LIBRO&#8221; &#8212; Radio Pi\u00f9\" src=\"https:\/\/www.radiopiu.net\/wordpress\/matteo-righetto-a-livinallongo-per-presentare-il-suo-libro\/embed\/#?secret=rTSjRmcckp#?secret=7NACsiA5vr\" data-secret=\"7NACsiA5vr\" width=\"600\" height=\"338\" frameborder=\"0\" marginwidth=\"0\" marginheight=\"0\" scrolling=\"no\"><\/iframe><\/p>\n<p>&nbsp;<\/p>\n<hr \/>\n<p>&nbsp;<\/p>\n<blockquote>\n<h3>LA SMILE MUSIC BAND A FALCADE<\/h3>\n<\/blockquote>\n<p><strong>FALCADE<\/strong> Domani alle 15:30 presso il Parco Giochi di Falcade i giovani della Smile Music Band saranno in concerto. Organizza la Pro Loco di Caviola.<\/p>\n<p>&nbsp;<\/p>\n<p>&nbsp;<\/p>\n<hr \/>\n<p>&nbsp;<\/p>\n<blockquote>\n<h3>VISITE GUIDATE NELLA CHIESA DI AGORDO<\/h3>\n<\/blockquote>\n<p><strong>AGORDO<\/strong>\u00a0 Domani dalle 16 alle 17 visite guidate gratuita nella chiesa Arcidiaconale di Agordo. Informazioni all\u2019Ufficio turistico di Agordo.<\/p>\n<p><strong>di Gianni Santomaso<\/strong><\/p>\n<audio class=\"wp-audio-shortcode\" id=\"audio-292732-9\" preload=\"none\" style=\"width: 100%;\" controls=\"controls\"><source type=\"audio\/mpeg\" src=\"https:\/\/www.radiopiu.net\/wordpress\/wp-content\/uploads\/2022\/08\/GIANNI-VISITE-GUIDATE-ALLA-CHIESA-DI-AGORDO.mp3?_=9\" \/><a href=\"https:\/\/www.radiopiu.net\/wordpress\/wp-content\/uploads\/2022\/08\/GIANNI-VISITE-GUIDATE-ALLA-CHIESA-DI-AGORDO.mp3\">https:\/\/www.radiopiu.net\/wordpress\/wp-content\/uploads\/2022\/08\/GIANNI-VISITE-GUIDATE-ALLA-CHIESA-DI-AGORDO.mp3<\/a><\/audio>\n<p>&nbsp;<\/p>\n<hr \/>\n<p>&nbsp;<\/p>\n<blockquote>\n<h3>IL SUONO MAGICO DEL LEGNO<\/h3>\n<\/blockquote>\n<p><strong>ROCCA PIETORE<\/strong> Sabato a Sottoguda \u00e8 in programma &#8220;Il Suono Magico Del Legno&#8221; con il complesso Rita Muro Trio con &#8220;A Tempo di Musica&#8221;. Inizio alle 16 con entrata a offerta libera.<\/p>\n<p>&nbsp;<\/p>\n<p>&nbsp;<\/p>\n<hr \/>\n<p>&nbsp;<\/p>\n<blockquote>\n<h3>VENERDI&#8217; I FUOCHI SUL LAGO DI ALLEGHE<\/h3>\n<\/blockquote>\n<p><strong>ALLEGHE<\/strong> Venerd\u00ec tornano i fuochi artificiali sul lago di Alleghe. L&#8217;appuntamento \u00e8 per le 22:30 con l&#8217;inizio dei giochi di luce che si rifletteranno sull&#8217;acqua del lago, uno spettacolo unico.<\/p>\n<p>&nbsp;<\/p>\n<p>&nbsp;<\/p>\n<hr \/>\n<p>&nbsp;<\/p>\n<blockquote>\n<h3>UNA DOMENICA A TEATRO ALLA CASA DELLA GIOVENTU&#8217; DI CAVIOLA<\/h3>\n<\/blockquote>\n<p><strong>FALCADE<\/strong> \u00c8 in programma per domenica 21 agosto alle 21 presso la Casa della Guiovent\u00f9 di Caviola lo spettacolo teatrale &#8220;Na Soluzion Quasi Perfeta&#8221;, una commedia brillante-comica a cura di Giuseppina Cattaneo. Organizzano la Filodrammatica di Falcade Alto in collaborazione con la parrocchia di Falcade-Caviola.<\/p>\n<p>&nbsp;<\/p>\n<p>&nbsp;<\/p>\n<hr \/>\n<p>&nbsp;<\/p>\n<blockquote>\n<h3>DUGONE, IL TORNEO DI GREEN VOLLEY A CENCENIGHE<\/h3>\n<\/blockquote>\n<p><strong>CENCENIGHE<\/strong> U.S. Cencenighe, Comune e Pro Loco organizzano per domenica 21 agosto un torneo di green volley agli impianti sportivi. Due categorie: Senior dai 15 anni in su e Junior dai 9 ai 14 anni. In serata aperitivo con Oh Per Bacco e musica con DJ Jack. Per info ed iscrizioni scrivere a dugone.torneogreenvolly@gmail.com iscrizioni entro il 19 agosto.<\/p>\n<p>&nbsp;<\/p>\n<p>&nbsp;<\/p>\n<hr \/>\n<p>&nbsp;<\/p>\n<blockquote>\n<h3>LA FESTA DEI 100 ANNI DEL GRUPPO SPORTIVO FRASSENE&#8217;<\/h3>\n<\/blockquote>\n<p><strong><a class=\"dt-pswp-item\" href=\"https:\/\/www.radiopiu.net\/wordpress\/wp-content\/uploads\/2022\/08\/Schermata-2022-08-04-alle-12.23.41.png\" data-dt-img-description=\"\" data-large_image_width=\"1336\" data-large_image_height=\"1014\"><img loading=\"lazy\" decoding=\"async\" class=\"alignleft wp-image-290914 \" src=\"https:\/\/www.radiopiu.net\/wordpress\/wp-content\/uploads\/2022\/08\/Schermata-2022-08-04-alle-12.23.41-300x228.png\" alt=\"\" width=\"158\" height=\"120\" srcset=\"https:\/\/www.radiopiu.net\/wordpress\/wp-content\/uploads\/2022\/08\/Schermata-2022-08-04-alle-12.23.41-300x228.png 300w, https:\/\/www.radiopiu.net\/wordpress\/wp-content\/uploads\/2022\/08\/Schermata-2022-08-04-alle-12.23.41-1024x777.png 1024w, https:\/\/www.radiopiu.net\/wordpress\/wp-content\/uploads\/2022\/08\/Schermata-2022-08-04-alle-12.23.41-768x583.png 768w, https:\/\/www.radiopiu.net\/wordpress\/wp-content\/uploads\/2022\/08\/Schermata-2022-08-04-alle-12.23.41.png 1336w\" sizes=\"auto, (max-width: 158px) 100vw, 158px\" \/><\/a>VOLTAGO <\/strong>1922-2022 il primo secolo di vita del Gruppo Sportivo Frassen\u00e8: tre giorni di eventi al tendone nel parcheggio della chiesa. Venerdi&#8217; 9 settembre alle 18 apertura stand gastronomico e serata musicale con Sabrina Silvestrin. Sabato 10 voli panoramici in elicottero dalle 10 alle 15 e, fino alle 17 mercatini dell&#8217;artigianato, dalle 10 torneo di calcio del Poi, a mezzogiorno stand gastronomico, 16.30 Frassene&#8217; Cross, gare podistiche non competitive, 17 aperitivo con DJ Morgan e Battaglia, 19 cena e premiazioni, dalle 21 serata musicale con I Riflesso, chiusura con DJ Morgan e Battaglia. Domenica 11 alle 10 mostra sui 100 anni del Gruppo Sportivo Frassene&#8217; presso l&#8217;ex scuola Paolo Mosca, 11 sfilata dei gruppi associativi per le vie del paese, 12.30 pranzo, 15 presentazione libro &#8220;Il Primo Secolo Di Vita&#8221;. Il ricavato sar\u00e0 devoluto al Gruppo Sportivo Frasssen\u00e8.<\/p>\n<p>&nbsp;<\/p>\n<hr \/>\n<p>&nbsp;<\/p>\n<blockquote class=\"wp-embedded-content\" data-secret=\"UszCUTKy9D\"><p><a href=\"https:\/\/www.radiopiu.net\/wordpress\/museo-etnografico-di-taibon-lesperienza-nel-passato\/\">MUSEO ETNOGRAFICO DI TAIBON, L&#8217;ESPERIENZA NEL PASSATO<\/a><\/p><\/blockquote>\n<p><iframe loading=\"lazy\" class=\"wp-embedded-content\" sandbox=\"allow-scripts\" security=\"restricted\" style=\"position: absolute; clip: rect(1px, 1px, 1px, 1px);\" title=\"&#8220;MUSEO ETNOGRAFICO DI TAIBON, L&#8217;ESPERIENZA NEL PASSATO&#8221; &#8212; Radio Pi\u00f9\" src=\"https:\/\/www.radiopiu.net\/wordpress\/museo-etnografico-di-taibon-lesperienza-nel-passato\/embed\/#?secret=tbHXEQlAjb#?secret=UszCUTKy9D\" data-secret=\"UszCUTKy9D\" width=\"600\" height=\"338\" frameborder=\"0\" marginwidth=\"0\" marginheight=\"0\" scrolling=\"no\"><\/iframe><\/p>\n<p>&nbsp;<\/p>\n<p>&nbsp;<\/p>\n<hr \/>\n<p>&nbsp;<\/p>\n<blockquote>\n<h3>VENT\u2019ANNI FA IL PREMIO \u201cPELMO D\u2019ORO\u201d ALLA RIVISTA \u201cLE DOLOMITI BELLUNESI\u201d<\/h3>\n<\/blockquote>\n<p><strong>di RENATO BONA<\/strong><\/p>\n<p>\u201cNell\u2019anno internazionale delle montagne l\u2019Amministrazione Provinciale di Belluno ha deciso motu proprio, cio\u00e8 senza il coinvolgimento della Giuria, di assegnare il premio Pelmo d\u2019oro 2002 per la letteratura alpina alla Rivista \u201cLe Dolomiti Bellunesi con la seguente motivazione: \u201cNata nel 1978 come portavoce ufficiale delle 17 Sezioni Bellunesi del Club Alpino Italiano, ha saputo rappresentare in 25 anni di vita non solo il Sodalizio a cui si ispira, bens\u00ec allargare la sua sfera di competenze fino a penetrare a fondo nelle varie sfumature storiche; da quella alpinistica a quella sociale, da quella escursionistica a quella sulla grande epopea di guerra, dalle tradizioni ladine e bellunesi ai costumi, dalle leggende all\u2019arte, dalla geografia alla geologia, dalla flora e fauna al mondo misterioso degli oronimi completando ed arricchendo tutto ci\u00f2 che fa cultura alpina ed alpinistica nella Provincia di Belluno\u201d. Si apriva con questa importante notizia il numero 1 dell\u2019estate 2002 del semestrale \u201cLe Dolomiti Bellunesi\u201d (all\u2019epoca il direttore responsabile era Loris Santomaso. direttore editoriale Italo Zandonella Callegher, comitato di redazione con personaggi come Piergiorgio Cesco Frare, Sergio Claut, Cesare Larese, Giovanni Randi, lo stesso Santomaso, Armando Scolpel e Sergio Sommacal) che aveva dedicato la copertina alla riproduzione della splendida foto di Gabriele Vanin: \u201cll Pelmo illuminato dalla luna con la costellazione dell\u2019Aquila\u201d, il titolo \u201cPelmo d\u2019oro\u201d dedicato all\u2019evento-riconoscimento). A distanza di quattro lustri dalla stampa (Grafiche Antiga Cornuda) vogliamo ricordare che quel numero proponeva sotto il titolo: \u201cIl ladino e i ladini: tra scienza e autocoscienza\u201d un\u2019intervista di Gabriele Muscolino al prof. Johannes Kramer, docente di linguistica all\u2019universit\u00e0 tedesca di Treviri e autore, tra l\u2019altro, del monumentale \u201cDizionario etimologico del ladino dolomitico\u201d. Di seguito il servizio di Paolo Giacomel: \u201c1915-17. Il cirmolo-garitta dell\u2019alpino\u201d. Quello di Cesare Lasen: \u201c9 luglio 2001. Le sorprese di una montagna celeste. Salita al Monte Pelf da Cajada: una bella d\u2019erbe famiglia\u2026\u201d: quello di Dante Colli su: \u201cGli inizi alpinistici di Hans D\u00fclfer\u201d. Quindi, di Italo Zandonella Callegher: \u201cDolomitando 2002 dall\u2019Isarco al Piave\u201d e, a seguire: \u201cIl canto \u2018La Montanara\u201d di Lorenzo Bettiolo; \u201cNomi latini o deutonici?\u201d di Achille Carbogno; \u201cRicordi di giovent\u00f9\u2026 Il campanile di Brabante\u201d firmato da Paolo Pellegrini; \u201cI volontari feltrini alla Cengia Polin\u201d di Giorgio Tosato; \u201cViaggio aereo fra le torri piatte. Un\u2019avventura fuori dalle mode, sulle orme di \u2018Cliffhanger\u201d di Roberto Arosio e Marco di Tommaso. Proseguendo, Stefano Reolon \u00e8 autore di: \u201cOrientamento; l\u2019uso di carta e bussola\u201de Vittorino Mason di: \u201cLa traversata dei Monti del Sole\u201d ed Alberto Bertini di \u201cFormazioni geologiche dell\u2019alto Agordino\u201d, inquadramento generale, prima parte-Sotto il titolo generale \u201cSenza Barriere\u201d, Vito Pallabazzer ha scritto su: \u201cTra le cose che abbiamo perdute\u201d; Bortolo De Vido su: \u201cLe fornaci di San Vito\u201d; Armando Aste su: \u201cEtica dell\u2019arrampicata, Un bel problema\u201d; mons. Vincenzo Savio, lo scomparso vescovo di Belluno-Feltre, su: \u201cUn anno fa l\u2019inaugurazione del Sentiero Frassati\u201d; \u201cTeresa\u201d su: \u201cLettera d\u2019amore alla montagna\u201d; infine Paolo Lombardo su: \u201cIl Cai e l\u2019Anno internazionale delle montagne\u201d. Chiudeva la serie un servizio dedicato a: \u201cIl Rifugio \u2018Padova\u2019 in Val Talag\u00f3na. La rivista dedicava poi come di consueto largo spazio al notiziario delle varie Sezioni e alle recensioni. Da ultimo non dimentichiamo, visto che si \u00e8 iniziato con il \u201cPremio Pelmo d\u2019Oro\u201d, che nell\u2019edizione del 2002 il riconoscimento istituito dalla Provincia di Belluno &#8211; cerimonia della consegna sabato 3 agosto 2002 a Caprile &#8211; fu assegnato all\u2019unanimit\u00e0, per Alpinismo in attivit\u00e0 al triestino Mauro Bole \u201cBubu\u201d con la motivazione: \u201cArrampicatore solare, estroverso e audace, tra i massimi esponenti mondiali della scalata libera, ha portato nell&#8217;universo alpinistico il buon nome delle Dolomiti Bellunesi\u201d. Per la carriera alpinistica a: Sonia e Georges Livanos, con la motivazione: &#8220;Coppia d&#8217;oro sulle rocce e nella vita, ha fatto conoscere le Dolomiti Bellunesi al mondo alpinistico d&#8217;oltralpe, spesso legandosi con sincera amicizia alla corda di forti alpinisti bellunesi&#8221;. Infine il premio speciale era andato a Reinhold Messner con la motivazione: \u201cUniversalmente riconosciuto fra i pi\u00f9 grandi alpinisti, ha saputo esprimere la straordinaria capacit\u00e0 di valicare i confini di ci\u00f2 che molti ritenevano impossibile. Affezionato alle Dolomiti Bellunesi &#8211; terra delle sue radici materne &#8211; ha qui lasciato l&#8217;impronta indelebile del suo passaggio sia alpinistico che culturale&#8221;.<\/p>\n<p>&nbsp;<\/p>\n\n\t\t\t<style type='text\/css'>\n\t\t\t\t#gallery-10 {\n\t\t\t\t\tmargin: auto;\n\t\t\t\t}\n\t\t\t\t#gallery-10 .gallery-item {\n\t\t\t\t\tfloat: left;\n\t\t\t\t\tmargin-top: 10px;\n\t\t\t\t\ttext-align: center;\n\t\t\t\t\twidth: 20%;\n\t\t\t\t}\n\t\t\t\t#gallery-10 img {\n\t\t\t\t\tborder: 2px solid #cfcfcf;\n\t\t\t\t}\n\t\t\t\t#gallery-10 .gallery-caption {\n\t\t\t\t\tmargin-left: 0;\n\t\t\t\t}\n\t\t\t\t\/* see gallery_shortcode() in wp-includes\/media.php *\/\n\t\t\t<\/style>\n\t\t<div id='gallery-10' class='dt-gallery-container gallery galleryid-292732 gallery-columns-5 gallery-size-thumbnail'><dl class='gallery-item'>\n\t\t\t\t<dt class='gallery-icon portrait'>\n\t\t\t\t\t<a class=\"rollover\" href='https:\/\/www.radiopiu.net\/wordpress\/ventanni-fa-il-premio-pelmo-doro-alla-rivista-le-dolomiti-bellunesi\/299131130_3356276287925988_7709020138643683247_n\/'><img loading=\"lazy\" decoding=\"async\" width=\"150\" height=\"150\" src=\"https:\/\/www.radiopiu.net\/wordpress\/wp-content\/uploads\/2022\/08\/299131130_3356276287925988_7709020138643683247_n-150x150.jpg\" class=\"attachment-thumbnail size-thumbnail\" alt=\"\" \/><\/a>\n\t\t\t\t<\/dt><\/dl><dl class='gallery-item'>\n\t\t\t\t<dt class='gallery-icon portrait'>\n\t\t\t\t\t<a class=\"rollover\" href='https:\/\/www.radiopiu.net\/wordpress\/ventanni-fa-il-premio-pelmo-doro-alla-rivista-le-dolomiti-bellunesi\/299283677_3218672195042251_8899521993294373356_n\/'><img loading=\"lazy\" decoding=\"async\" width=\"150\" height=\"150\" src=\"https:\/\/www.radiopiu.net\/wordpress\/wp-content\/uploads\/2022\/08\/299283677_3218672195042251_8899521993294373356_n-150x150.jpg\" class=\"attachment-thumbnail size-thumbnail\" alt=\"\" \/><\/a>\n\t\t\t\t<\/dt><\/dl><dl class='gallery-item'>\n\t\t\t\t<dt class='gallery-icon landscape'>\n\t\t\t\t\t<a class=\"rollover\" href='https:\/\/www.radiopiu.net\/wordpress\/ventanni-fa-il-premio-pelmo-doro-alla-rivista-le-dolomiti-bellunesi\/299484301_1113178506221601_8726616494339360038_n\/'><img loading=\"lazy\" decoding=\"async\" width=\"150\" height=\"150\" src=\"https:\/\/www.radiopiu.net\/wordpress\/wp-content\/uploads\/2022\/08\/299484301_1113178506221601_8726616494339360038_n-150x150.jpg\" class=\"attachment-thumbnail size-thumbnail\" alt=\"\" \/><\/a>\n\t\t\t\t<\/dt><\/dl><dl class='gallery-item'>\n\t\t\t\t<dt class='gallery-icon portrait'>\n\t\t\t\t\t<a class=\"rollover\" href='https:\/\/www.radiopiu.net\/wordpress\/ventanni-fa-il-premio-pelmo-doro-alla-rivista-le-dolomiti-bellunesi\/299119225_1271092220305855_6472313348168225022_n\/'><img loading=\"lazy\" decoding=\"async\" width=\"150\" height=\"150\" src=\"https:\/\/www.radiopiu.net\/wordpress\/wp-content\/uploads\/2022\/08\/299119225_1271092220305855_6472313348168225022_n-150x150.jpg\" class=\"attachment-thumbnail size-thumbnail\" alt=\"\" \/><\/a>\n\t\t\t\t<\/dt><\/dl><dl class='gallery-item'>\n\t\t\t\t<dt class='gallery-icon portrait'>\n\t\t\t\t\t<a class=\"rollover\" href='https:\/\/www.radiopiu.net\/wordpress\/ventanni-fa-il-premio-pelmo-doro-alla-rivista-le-dolomiti-bellunesi\/299129943_585300843275841_4819201374415057381_n\/'><img loading=\"lazy\" decoding=\"async\" width=\"150\" height=\"150\" src=\"https:\/\/www.radiopiu.net\/wordpress\/wp-content\/uploads\/2022\/08\/299129943_585300843275841_4819201374415057381_n-150x150.jpg\" class=\"attachment-thumbnail size-thumbnail\" alt=\"\" \/><\/a>\n\t\t\t\t<\/dt><\/dl><br style=\"clear: both\" \/><dl class='gallery-item'>\n\t\t\t\t<dt class='gallery-icon portrait'>\n\t\t\t\t\t<a class=\"rollover\" href='https:\/\/www.radiopiu.net\/wordpress\/ventanni-fa-il-premio-pelmo-doro-alla-rivista-le-dolomiti-bellunesi\/298768673_1114018612856339_7344467089697564662_n\/'><img loading=\"lazy\" decoding=\"async\" width=\"150\" height=\"150\" src=\"https:\/\/www.radiopiu.net\/wordpress\/wp-content\/uploads\/2022\/08\/298768673_1114018612856339_7344467089697564662_n-150x150.jpg\" class=\"attachment-thumbnail size-thumbnail\" alt=\"\" \/><\/a>\n\t\t\t\t<\/dt><\/dl><dl class='gallery-item'>\n\t\t\t\t<dt class='gallery-icon landscape'>\n\t\t\t\t\t<a class=\"rollover\" href='https:\/\/www.radiopiu.net\/wordpress\/ventanni-fa-il-premio-pelmo-doro-alla-rivista-le-dolomiti-bellunesi\/299247586_730398538035620_6340396218685516853_n\/'><img loading=\"lazy\" decoding=\"async\" width=\"150\" height=\"150\" src=\"https:\/\/www.radiopiu.net\/wordpress\/wp-content\/uploads\/2022\/08\/299247586_730398538035620_6340396218685516853_n-150x150.jpg\" class=\"attachment-thumbnail size-thumbnail\" alt=\"\" \/><\/a>\n\t\t\t\t<\/dt><\/dl><dl class='gallery-item'>\n\t\t\t\t<dt class='gallery-icon portrait'>\n\t\t\t\t\t<a class=\"rollover\" href='https:\/\/www.radiopiu.net\/wordpress\/ventanni-fa-il-premio-pelmo-doro-alla-rivista-le-dolomiti-bellunesi\/299611936_2204024663090935_625596341807863921_n\/'><img loading=\"lazy\" decoding=\"async\" width=\"150\" height=\"150\" src=\"https:\/\/www.radiopiu.net\/wordpress\/wp-content\/uploads\/2022\/08\/299611936_2204024663090935_625596341807863921_n-150x150.jpg\" class=\"attachment-thumbnail size-thumbnail\" alt=\"\" \/><\/a>\n\t\t\t\t<\/dt><\/dl><dl class='gallery-item'>\n\t\t\t\t<dt class='gallery-icon portrait'>\n\t\t\t\t\t<a class=\"rollover\" href='https:\/\/www.radiopiu.net\/wordpress\/ventanni-fa-il-premio-pelmo-doro-alla-rivista-le-dolomiti-bellunesi\/299115013_626455798794094_630296652945567453_n\/'><img loading=\"lazy\" decoding=\"async\" width=\"150\" height=\"150\" src=\"https:\/\/www.radiopiu.net\/wordpress\/wp-content\/uploads\/2022\/08\/299115013_626455798794094_630296652945567453_n-150x150.jpg\" class=\"attachment-thumbnail size-thumbnail\" alt=\"\" \/><\/a>\n\t\t\t\t<\/dt><\/dl><dl class='gallery-item'>\n\t\t\t\t<dt class='gallery-icon landscape'>\n\t\t\t\t\t<a class=\"rollover\" href='https:\/\/www.radiopiu.net\/wordpress\/ventanni-fa-il-premio-pelmo-doro-alla-rivista-le-dolomiti-bellunesi\/298721588_2133312683538092_2904592219213628789_n\/'><img loading=\"lazy\" decoding=\"async\" width=\"150\" height=\"150\" src=\"https:\/\/www.radiopiu.net\/wordpress\/wp-content\/uploads\/2022\/08\/298721588_2133312683538092_2904592219213628789_n-150x150.jpg\" class=\"attachment-thumbnail size-thumbnail\" alt=\"\" \/><\/a>\n\t\t\t\t<\/dt><\/dl><br style=\"clear: both\" \/><dl class='gallery-item'>\n\t\t\t\t<dt class='gallery-icon portrait'>\n\t\t\t\t\t<a class=\"rollover\" href='https:\/\/www.radiopiu.net\/wordpress\/ventanni-fa-il-premio-pelmo-doro-alla-rivista-le-dolomiti-bellunesi\/298880443_1105575427034919_5462522924689536434_n\/'><img loading=\"lazy\" decoding=\"async\" width=\"150\" height=\"150\" src=\"https:\/\/www.radiopiu.net\/wordpress\/wp-content\/uploads\/2022\/08\/298880443_1105575427034919_5462522924689536434_n-150x150.jpg\" class=\"attachment-thumbnail size-thumbnail\" alt=\"\" \/><\/a>\n\t\t\t\t<\/dt><\/dl><dl class='gallery-item'>\n\t\t\t\t<dt class='gallery-icon landscape'>\n\t\t\t\t\t<a class=\"rollover\" href='https:\/\/www.radiopiu.net\/wordpress\/ventanni-fa-il-premio-pelmo-doro-alla-rivista-le-dolomiti-bellunesi\/299413290_3248756148687897_7501228714276701061_n\/'><img loading=\"lazy\" decoding=\"async\" width=\"150\" height=\"150\" src=\"https:\/\/www.radiopiu.net\/wordpress\/wp-content\/uploads\/2022\/08\/299413290_3248756148687897_7501228714276701061_n-150x150.jpg\" class=\"attachment-thumbnail size-thumbnail\" alt=\"\" \/><\/a>\n\t\t\t\t<\/dt><\/dl><dl class='gallery-item'>\n\t\t\t\t<dt class='gallery-icon landscape'>\n\t\t\t\t\t<a class=\"rollover\" href='https:\/\/www.radiopiu.net\/wordpress\/ventanni-fa-il-premio-pelmo-doro-alla-rivista-le-dolomiti-bellunesi\/298937349_862606071446930_4058546388403636224_n\/'><img loading=\"lazy\" decoding=\"async\" width=\"150\" height=\"150\" src=\"https:\/\/www.radiopiu.net\/wordpress\/wp-content\/uploads\/2022\/08\/298937349_862606071446930_4058546388403636224_n-150x150.jpg\" class=\"attachment-thumbnail size-thumbnail\" alt=\"\" \/><\/a>\n\t\t\t\t<\/dt><\/dl><dl class='gallery-item'>\n\t\t\t\t<dt class='gallery-icon portrait'>\n\t\t\t\t\t<a class=\"rollover\" href='https:\/\/www.radiopiu.net\/wordpress\/ventanni-fa-il-premio-pelmo-doro-alla-rivista-le-dolomiti-bellunesi\/298752070_792604935425603_7375585733043177776_n\/'><img loading=\"lazy\" decoding=\"async\" width=\"150\" height=\"150\" src=\"https:\/\/www.radiopiu.net\/wordpress\/wp-content\/uploads\/2022\/08\/298752070_792604935425603_7375585733043177776_n-150x150.jpg\" class=\"attachment-thumbnail size-thumbnail\" alt=\"\" \/><\/a>\n\t\t\t\t<\/dt><\/dl><dl class='gallery-item'>\n\t\t\t\t<dt class='gallery-icon portrait'>\n\t\t\t\t\t<a class=\"rollover\" href='https:\/\/www.radiopiu.net\/wordpress\/ventanni-fa-il-premio-pelmo-doro-alla-rivista-le-dolomiti-bellunesi\/299077399_1092078201398753_41148747129561384_n\/'><img loading=\"lazy\" decoding=\"async\" width=\"150\" height=\"150\" src=\"https:\/\/www.radiopiu.net\/wordpress\/wp-content\/uploads\/2022\/08\/299077399_1092078201398753_41148747129561384_n-150x150.jpg\" class=\"attachment-thumbnail size-thumbnail\" alt=\"\" \/><\/a>\n\t\t\t\t<\/dt><\/dl><br style=\"clear: both\" \/>\n\t\t\t<\/div>\n\n<p>NELLE FOTO (riproduzioni dal semestrale \u201cLe Dolomiti Bellunesi\u201d e siti Angeloelli.it, Planetmountain.it, Wikipedia): la copertina del primo numero 2002 della rivista \u201cLe Dolomiti Bellunesi\u201d; la motivazione del Premio della Provincia a \u201cLe Dolomiti Bellunesi\u201d per la letteratura alpina; il prof. Johannes Kramer; postazione italiana (foto Dino Colli); \u201csorprese di una montagna celeste\u201d (foto Cesare Lasen); Hans D\u00fclfer; fanciulle in costume agordino; Toni Ortelli autore del canto \u201cLa montanara\u201d (archivio fratelli Pedrotti Trento); Civetta: il Campanile di Brabante; dal Posto Polin verso l\u2019alta Val Traven\u00e0nzes dove \u00e8 visibile il Sasso Misterioso; sensazione strana quella del vuoto\u2026; il Bus de le N\u00e9ole (foto V. Mason); Mauro Bole \u201cBubu\u201d; Sonia e George Livanos; Reinhold Messner.<\/p>\n<p>&nbsp;<\/p>\n<p>&nbsp;<\/p>\n<hr \/>\n<p>&nbsp;<\/p>\n<h1><span style=\"color: #ff6600;\">IERI ALLA RADIO<\/span><\/h1>\n<h2><strong><a class=\"dt-pswp-item\" href=\"https:\/\/www.radiopiu.net\/wordpress\/wp-content\/uploads\/2020\/12\/DON-GIORGIO-LISE.jpg\" data-dt-img-description=\"\" data-large_image_width=\"1600\" data-large_image_height=\"901\"><img loading=\"lazy\" decoding=\"async\" class=\"size-thumbnail wp-image-177420 alignleft\" src=\"https:\/\/www.radiopiu.net\/wordpress\/wp-content\/uploads\/2020\/12\/DON-GIORGIO-LISE-150x150.jpg\" alt=\"\" width=\"150\" height=\"150\" \/><\/a><\/strong><span style=\"color: #993366;\">DUE MINUTI PER TE<\/span><\/h2>\n<p><strong>APPUNTAMENTO DELLA DOMENICA CON MONSIGNOR GIORGIO LISE<\/strong><\/p>\n<audio class=\"wp-audio-shortcode\" id=\"audio-292732-10\" preload=\"none\" style=\"width: 100%;\" controls=\"controls\"><source type=\"audio\/mpeg\" src=\"https:\/\/www.radiopiu.net\/wordpress\/wp-content\/uploads\/2022\/08\/DON-GIORGIO-1.mp3?_=10\" \/><a href=\"https:\/\/www.radiopiu.net\/wordpress\/wp-content\/uploads\/2022\/08\/DON-GIORGIO-1.mp3\">https:\/\/www.radiopiu.net\/wordpress\/wp-content\/uploads\/2022\/08\/DON-GIORGIO-1.mp3<\/a><\/audio>\n<p>&nbsp;<\/p>\n<hr \/>\n<p>&nbsp;<\/p>\n<div>\n<div class=\"b654a4as d2edcug0\">\n<div class=\"rq0escxv hkbzh7o3 jwdofwj8 n8tt0mok r8blr3vg hyh9befq\">\n<p><a class=\"dt-pswp-item\" href=\"https:\/\/www.radiopiu.net\/wordpress\/wp-content\/uploads\/2020\/10\/pp.jpg\" data-dt-img-description=\"\" data-large_image_width=\"640\" data-large_image_height=\"640\"><img loading=\"lazy\" decoding=\"async\" class=\"wp-image-163678 alignleft\" src=\"https:\/\/www.radiopiu.net\/wordpress\/wp-content\/uploads\/2020\/10\/pp-300x300.jpg\" alt=\"\" width=\"106\" height=\"106\" srcset=\"https:\/\/www.radiopiu.net\/wordpress\/wp-content\/uploads\/2020\/10\/pp-300x300.jpg 300w, https:\/\/www.radiopiu.net\/wordpress\/wp-content\/uploads\/2020\/10\/pp-150x150.jpg 150w, https:\/\/www.radiopiu.net\/wordpress\/wp-content\/uploads\/2020\/10\/pp-125x125.jpg 125w, https:\/\/www.radiopiu.net\/wordpress\/wp-content\/uploads\/2020\/10\/pp-200x200.jpg 200w, https:\/\/www.radiopiu.net\/wordpress\/wp-content\/uploads\/2020\/10\/pp-80x80.jpg 80w, https:\/\/www.radiopiu.net\/wordpress\/wp-content\/uploads\/2020\/10\/pp-480x480.jpg 480w, https:\/\/www.radiopiu.net\/wordpress\/wp-content\/uploads\/2020\/10\/pp.jpg 640w\" sizes=\"auto, (max-width: 106px) 100vw, 106px\" \/><\/a><\/p>\n<\/div>\n<\/div>\n<\/div>\n<div>\n<div class=\"page-title-head hgroup\">\n<div class=\"page-title-head hgroup\">\n<div class=\"b654a4as d2edcug0\">\n<div class=\"j83agx80 btwxx1t3 lhclo0ds hop8lmos nkwizq5d scwd0bx6 roh60bw9\">\n<div class=\"rq0escxv hkbzh7o3 jwdofwj8 n8tt0mok r8blr3vg hyh9befq\">\n<div class=\"do00u71z l9j0dhe7 k4urcfbm\">\n<h2><span style=\"color: #000080;\">DON CESARE, IL PENSIERO DEL GIORNO. ALLA RADIO ALLE 7 DEL MATTINO E ALLE 19.30 DELLA SERA.\u00a0<\/span><\/h2>\n<\/div>\n<\/div>\n<\/div>\n<\/div>\n<\/div>\n<\/div>\n<\/div>\n<div class=\"do00u71z l9j0dhe7 k4urcfbm\">\n<div class=\"page-title-head hgroup\">\n<div class=\"page-title-head hgroup\">\n<div class=\"b654a4as d2edcug0\">\n<div class=\"j83agx80 btwxx1t3 lhclo0ds hop8lmos nkwizq5d scwd0bx6 roh60bw9\">\n<div class=\"rq0escxv hkbzh7o3 jwdofwj8 n8tt0mok r8blr3vg hyh9befq\">\n<div class=\"do00u71z l9j0dhe7 k4urcfbm\">\n<div class=\"page-title-head hgroup\">\n<div class=\"page-title-head hgroup\">\n<div class=\"b654a4as d2edcug0\">\n<div class=\"j83agx80 btwxx1t3 lhclo0ds hop8lmos nkwizq5d scwd0bx6 roh60bw9\">\n<div class=\"rq0escxv hkbzh7o3 jwdofwj8 n8tt0mok r8blr3vg hyh9befq\">\n<div class=\"do00u71z l9j0dhe7 k4urcfbm\">\n<div class=\"ecm0bbzt e5nlhep0 a8c37x1j\">\n<div class=\"kvgmc6g5 cxmmr5t8 oygrvhab hcukyx3x c1et5uql\">\n<div class=\"gmail-kvgmc6g5 gmail-cxmmr5t8 gmail-oygrvhab gmail-hcukyx3x gmail-c1et5uql gmail-ii04i59q\">\n<div class=\"page-title-head hgroup\">\n<div class=\"page-title-head hgroup\">\n<div class=\"b654a4as d2edcug0\">\n<div class=\"j83agx80 btwxx1t3 lhclo0ds hop8lmos nkwizq5d scwd0bx6 roh60bw9\">\n<div class=\"rq0escxv hkbzh7o3 jwdofwj8 n8tt0mok r8blr3vg hyh9befq\">\n<div class=\"do00u71z l9j0dhe7 k4urcfbm\">\n<div class=\"page-title-head hgroup\">\n<div class=\"page-title-head hgroup\">\n<div class=\"b654a4as d2edcug0\">\n<div class=\"j83agx80 btwxx1t3 lhclo0ds hop8lmos nkwizq5d scwd0bx6 roh60bw9\">\n<div class=\"rq0escxv hkbzh7o3 jwdofwj8 n8tt0mok r8blr3vg hyh9befq\">\n<div class=\"do00u71z l9j0dhe7 k4urcfbm\">\n<div class=\"page-title-head hgroup\">\n<div class=\"page-title-head hgroup\">\n<div class=\"b654a4as d2edcug0\">\n<div class=\"j83agx80 btwxx1t3 lhclo0ds hop8lmos nkwizq5d scwd0bx6 roh60bw9\">\n<div class=\"rq0escxv hkbzh7o3 jwdofwj8 n8tt0mok r8blr3vg hyh9befq\">\n<div class=\"do00u71z l9j0dhe7 k4urcfbm\">\n<div class=\"ecm0bbzt e5nlhep0 a8c37x1j\">\n<div class=\"kvgmc6g5 cxmmr5t8 oygrvhab hcukyx3x c1et5uql\">\n<div class=\"gmail-kvgmc6g5 gmail-cxmmr5t8 gmail-oygrvhab gmail-hcukyx3x gmail-c1et5uql gmail-ii04i59q\">\n<div class=\"page-title-head hgroup\">\n<div class=\"page-title-head hgroup\">\n<div class=\"b654a4as d2edcug0\">\n<div class=\"j83agx80 btwxx1t3 lhclo0ds hop8lmos nkwizq5d scwd0bx6 roh60bw9\">\n<div class=\"rq0escxv hkbzh7o3 jwdofwj8 n8tt0mok r8blr3vg hyh9befq\">\n<div><\/div>\n<div>\n<audio class=\"wp-audio-shortcode\" id=\"audio-292732-11\" preload=\"none\" style=\"width: 100%;\" controls=\"controls\"><source type=\"audio\/mpeg\" src=\"https:\/\/www.radiopiu.net\/wordpress\/wp-content\/uploads\/2022\/08\/CESARE-10.mp3?_=11\" \/><a href=\"https:\/\/www.radiopiu.net\/wordpress\/wp-content\/uploads\/2022\/08\/CESARE-10.mp3\">https:\/\/www.radiopiu.net\/wordpress\/wp-content\/uploads\/2022\/08\/CESARE-10.mp3<\/a><\/audio>\n<\/div>\n<div class=\"do00u71z l9j0dhe7 k4urcfbm\">\n<p>&nbsp;<\/p>\n<p>&nbsp;<\/p>\n<hr \/>\n<p>&nbsp;<\/p>\n<blockquote class=\"wp-embedded-content\" data-secret=\"ZBp7F5jevR\"><p><a href=\"https:\/\/www.radiopiu.net\/wordpress\/in-cammino-verso-la-beatificazione-di-papa-luciani-giovanni-paolo-i\/\">IN CAMMINO VERSO LA BEATIFICAZIONE DI PAPA LUCIANI, GIOVANNI PAOLO I<\/a><\/p><\/blockquote>\n<p><iframe loading=\"lazy\" class=\"wp-embedded-content\" sandbox=\"allow-scripts\" security=\"restricted\" style=\"position: absolute; clip: rect(1px, 1px, 1px, 1px);\" title=\"&#8220;IN CAMMINO VERSO LA BEATIFICAZIONE DI PAPA LUCIANI, GIOVANNI PAOLO I&#8221; &#8212; Radio Pi\u00f9\" src=\"https:\/\/www.radiopiu.net\/wordpress\/in-cammino-verso-la-beatificazione-di-papa-luciani-giovanni-paolo-i\/embed\/#?secret=78YZQX6vCW#?secret=ZBp7F5jevR\" data-secret=\"ZBp7F5jevR\" width=\"600\" height=\"338\" frameborder=\"0\" marginwidth=\"0\" marginheight=\"0\" scrolling=\"no\"><\/iframe><\/p>\n<p>&nbsp;<\/p>\n<hr \/>\n<p>&nbsp;<\/p>\n<p><span style=\"color: #0000ff;\">MUSICA PIU&#8217;\u00a0<\/span><\/p>\n<p><a href=\"https:\/\/www.radiopiu.net\/wordpress\/giornale-radiopiu-20-settembre-2021-direttore-mirko-mezzacasa\/pp-79\/\" rel=\"attachment wp-att-232921\"><img loading=\"lazy\" decoding=\"async\" class=\"wp-image-232921 alignleft\" src=\"https:\/\/www.radiopiu.net\/wordpress\/wp-content\/uploads\/2021\/09\/pp-1-300x300.jpg\" alt=\"\" width=\"135\" height=\"135\" srcset=\"https:\/\/www.radiopiu.net\/wordpress\/wp-content\/uploads\/2021\/09\/pp-1-300x300.jpg 300w, https:\/\/www.radiopiu.net\/wordpress\/wp-content\/uploads\/2021\/09\/pp-1-150x150.jpg 150w, https:\/\/www.radiopiu.net\/wordpress\/wp-content\/uploads\/2021\/09\/pp-1.jpg 640w\" sizes=\"auto, (max-width: 135px) 100vw, 135px\" \/><\/a><\/p>\n<div class=\"mkdf-post-text\">\n<div class=\"mkdf-post-text-inner\">\n<div class=\"mkdf-post-text-main\">\n<div class=\"mkdf-post-text\">\n<div class=\"mkdf-post-text-inner\">\n<div class=\"mkdf-post-text-main\">\n<div class=\"mkdf-post-text\">\n<div class=\"mkdf-post-text-inner\">\n<div class=\"mkdf-post-text-main\">\n<div class=\"page-title-head hgroup\">\n<div class=\"page-title-head hgroup\">\n<div class=\"mkdf-post-text\">\n<div class=\"mkdf-post-text-inner\">\n<div class=\"mkdf-post-text-main\">\n<div class=\"mkdf-post-text\">\n<div class=\"mkdf-post-text-inner\">\n<div class=\"mkdf-post-text-main\">\n<div class=\"page-title-head hgroup\">\n<div class=\"page-title-head hgroup\">\n<div class=\"page-title-head hgroup\">\n<div class=\"page-title-head hgroup\">\n<div class=\"b654a4as d2edcug0\">\n<div class=\"page-title-head hgroup\">\n<div class=\"page-title-head hgroup\">\n<div class=\"page-title-head hgroup\">\n<div class=\"page-title-head hgroup\">\n<div class=\"b654a4as d2edcug0\">\n<div class=\"page-title-head hgroup\">\n<div class=\"page-title-head hgroup\">\n<div class=\"page-title-head hgroup\">\n<div class=\"page-title-head hgroup\">\n<div class=\"b654a4as d2edcug0\">\n<div class=\"mkdf-post-text\">\n<div class=\"mkdf-post-text-inner\">\n<div class=\"mkdf-post-text-main\">\n<div class=\"mkdf-post-text\">\n<div class=\"mkdf-post-text-inner\">\n<div class=\"mkdf-post-text-main\">\n<div class=\"mkdf-post-text\">\n<div class=\"mkdf-post-text-inner\">\n<div class=\"mkdf-post-text-main\">\n<div class=\"page-title-head hgroup\">\n<div class=\"page-title-head hgroup\">\n<div class=\"mkdf-post-text\">\n<div class=\"mkdf-post-text-inner\">\n<div class=\"mkdf-post-text-main\">\n<div class=\"mkdf-post-text\">\n<div class=\"mkdf-post-text-inner\">\n<div class=\"mkdf-post-text-main\">\n<div class=\"page-title-head hgroup\">\n<div class=\"page-title-head hgroup\">\n<div class=\"page-title-head hgroup\">\n<div class=\"page-title-head hgroup\">\n<div class=\"b654a4as d2edcug0\">\n<div class=\"page-title-head hgroup\">\n<div class=\"page-title-head hgroup\">\n<div class=\"page-title-head hgroup\">\n<div class=\"page-title-head hgroup\">\n<div class=\"b654a4as d2edcug0\">\n<div class=\"page-title-head hgroup\">\n<div class=\"page-title-head hgroup\">\n<div class=\"page-title-head hgroup\">\n<div class=\"page-title-head hgroup\">\n<div class=\"b654a4as d2edcug0\">\n<div><\/div>\n<div><\/div>\n<div>\n<p><strong>MUSICA ALLA RADIO, IL PROGRAMMA DI LORIS SCUSSEL &#8220;COLLAGE OPERAZIONE NOSTALGIA&#8221; DAL LUNEDI AL VENERDI ALLE 16.00\u00a0 E ALLE 23\u00a0<\/strong><\/p>\n<\/div>\n<\/div>\n<p>&nbsp;<\/p>\n<p>&nbsp;<\/p>\n<div class=\"b654a4as d2edcug0\">\n<blockquote>\n<h3>COLLAGE OPERAZIONE NOSTALGIA, TRA I BALLABILI E LE SIGLE TV<\/h3>\n<\/blockquote>\n<p><strong><a class=\"dt-pswp-item\" href=\"https:\/\/www.radiopiu.net\/wordpress\/wp-content\/uploads\/2022\/08\/Speedy-Gonzales.jpg\" data-dt-img-description=\"\" data-large_image_width=\"1280\" data-large_image_height=\"720\"><img loading=\"lazy\" decoding=\"async\" class=\"alignleft wp-image-292730 \" src=\"https:\/\/www.radiopiu.net\/wordpress\/wp-content\/uploads\/2022\/08\/Speedy-Gonzales-300x169.jpg\" alt=\"\" width=\"193\" height=\"109\" srcset=\"https:\/\/www.radiopiu.net\/wordpress\/wp-content\/uploads\/2022\/08\/Speedy-Gonzales-300x169.jpg 300w, https:\/\/www.radiopiu.net\/wordpress\/wp-content\/uploads\/2022\/08\/Speedy-Gonzales-1024x576.jpg 1024w, https:\/\/www.radiopiu.net\/wordpress\/wp-content\/uploads\/2022\/08\/Speedy-Gonzales-768x432.jpg 768w, https:\/\/www.radiopiu.net\/wordpress\/wp-content\/uploads\/2022\/08\/Speedy-Gonzales.jpg 1280w\" sizes=\"auto, (max-width: 193px) 100vw, 193px\" \/><\/a>di Loris Scussel<\/strong><\/p>\n<p>Un grande classico \u201cSpeedy Gonzales\u201d nella versione di Pat Boone aprir\u00e0 la programmazione settimanale di Collage che nella consueta alternanza tra brani di musica italiana e internazionale proporr\u00e0 i ballabili anni 60, le sigle delle trasmissioni Rai in bianco e nero, uno speciale dedicato ai polistrumentisti e cos\u00ec via. Collage va in onda dal luned\u00ec al venerd\u00ec alle 16,00 e alle 23,00 naturalmente su Radio Pi\u00f9.<\/p>\n<p>&nbsp;<\/p>\n<\/div>\n<\/div>\n<\/div>\n<\/div>\n<\/div>\n<\/div>\n<\/div>\n<\/div>\n<\/div>\n<\/div>\n<\/div>\n<\/div>\n<\/div>\n<\/div>\n<\/div>\n<\/div>\n<\/div>\n<\/div>\n<\/div>\n<\/div>\n<\/div>\n<\/div>\n<\/div>\n<\/div>\n<\/div>\n<\/div>\n<\/div>\n<\/div>\n<\/div>\n<\/div>\n<\/div>\n<\/div>\n<\/div>\n<\/div>\n<\/div>\n<\/div>\n<\/div>\n<\/div>\n<\/div>\n<\/div>\n<\/div>\n<\/div>\n<\/div>\n<\/div>\n<\/div>\n<\/div>\n<\/div>\n<\/div>\n<\/div>\n<\/div>\n<\/div>\n<\/div>\n<\/div>\n<\/div>\n<\/div>\n<\/div>\n<\/div>\n<\/div>\n<\/div>\n<\/div>\n<\/div>\n<\/div>\n<\/div>\n<\/div>\n<div>\n<div class=\"page-title-head hgroup\">\n<div class=\"page-title-head hgroup\">\n<div class=\"page-title-head hgroup\">\n<div class=\"page-title-head hgroup\">\n<div class=\"b654a4as d2edcug0\">\n<div class=\"page-title-head hgroup\">\n<div class=\"page-title-head hgroup\">\n<div class=\"page-title-head hgroup\">\n<div class=\"page-title-head hgroup\">\n<div class=\"b654a4as d2edcug0\">\n<div class=\"page-title-head hgroup\">\n<div class=\"page-title-head hgroup\">\n<div class=\"page-title-head hgroup\">\n<div class=\"page-title-head hgroup\">\n<div class=\"page-title-head hgroup\">\n<div class=\"page-title-head hgroup\">\n<div class=\"page-title-head hgroup\">\n<div class=\"page-title-head hgroup\">\n<div class=\"page-title-head hgroup\">\n<div class=\"b654a4as d2edcug0\">\n<div class=\"page-title-head hgroup\">\n<div class=\"page-title-head hgroup\">\n<div class=\"page-title-head hgroup\">\n<div class=\"page-title-head hgroup\">\n<div class=\"b654a4as d2edcug0\">\n<div class=\"page-title-head hgroup\">\n<div class=\"page-title-head hgroup\">\n<div class=\"page-title-head hgroup\">\n<div class=\"page-title-head hgroup\">\n<div class=\"page-title-head hgroup\">\n<div class=\"mkdf-post-text\">\n<div class=\"mkdf-post-text-inner\">\n<div class=\"mkdf-post-text-main\">\n<div class=\"mkdf-post-text\">\n<div class=\"mkdf-post-text-inner\">\n<div class=\"mkdf-post-text-main\">\n<div class=\"mkdf-post-text\">\n<div class=\"mkdf-post-text-inner\">\n<div class=\"mkdf-post-text-main\">\n<div class=\"page-title-head hgroup\">\n<div class=\"page-title-head hgroup\">\n<div class=\"mkdf-post-text\">\n<div class=\"mkdf-post-text-inner\">\n<div class=\"mkdf-post-text-main\">\n<div class=\"mkdf-post-text\">\n<div class=\"mkdf-post-text-inner\">\n<div class=\"mkdf-post-text-main\">\n<div class=\"page-title-head hgroup\">\n<div class=\"page-title-head hgroup\">\n<div class=\"page-title-head hgroup\">\n<div class=\"page-title-head hgroup\">\n<div class=\"b654a4as d2edcug0\">\n<div class=\"page-title-head hgroup\">\n<div class=\"page-title-head hgroup\">\n<div class=\"page-title-head hgroup\">\n<div class=\"page-title-head hgroup\">\n<div class=\"b654a4as d2edcug0\">\n<div class=\"page-title-head hgroup\">\n<div class=\"page-title-head hgroup\">\n<div class=\"page-title-head hgroup\">\n<hr \/>\n<p>&nbsp;<\/p>\n<h2><span style=\"color: #3366ff;\">LA RASSEGNA STAMPA DA L&#8217;AMICO DEL POPOLO<\/span><\/h2>\n<p><strong><a class=\"dt-pswp-item\" href=\"https:\/\/www.radiopiu.net\/wordpress\/wp-content\/uploads\/2019\/07\/falvio_colcergnan.jpg\" data-dt-img-description=\"\" data-large_image_width=\"1400\" data-large_image_height=\"788\"><img loading=\"lazy\" decoding=\"async\" class=\"size-thumbnail wp-image-92770 alignleft\" src=\"https:\/\/www.radiopiu.net\/wordpress\/wp-content\/uploads\/2019\/07\/falvio_colcergnan-150x150.jpg\" alt=\"\" width=\"150\" height=\"150\" \/><\/a>di Gianni Santomaso<\/strong><\/p>\n<p>OSPITE: Flavio Colcergnan, sindaco di Canale D&#8217;Agordo<\/p>\n<audio class=\"wp-audio-shortcode\" id=\"audio-292732-12\" preload=\"none\" style=\"width: 100%;\" controls=\"controls\"><source type=\"audio\/mpeg\" src=\"https:\/\/www.radiopiu.net\/wordpress\/wp-content\/uploads\/2022\/08\/RASSEGNA-GIANNI.mp3?_=12\" \/><a href=\"https:\/\/www.radiopiu.net\/wordpress\/wp-content\/uploads\/2022\/08\/RASSEGNA-GIANNI.mp3\">https:\/\/www.radiopiu.net\/wordpress\/wp-content\/uploads\/2022\/08\/RASSEGNA-GIANNI.mp3<\/a><\/audio>\n<blockquote class=\"wp-embedded-content\" data-secret=\"i0yyow0Qzf\"><p><a href=\"https:\/\/www.radiopiu.net\/wordpress\/rassegna-stampa-di-gianni-santomaso\/\">Rassegna stampa da l&#8217;amico del popolo &#8211; di Gianni Santomaso<\/a><\/p><\/blockquote>\n<p><iframe loading=\"lazy\" class=\"wp-embedded-content\" sandbox=\"allow-scripts\" security=\"restricted\" style=\"position: absolute; clip: rect(1px, 1px, 1px, 1px);\" title=\"&#8220;Rassegna stampa da l&#8217;amico del popolo &#8211; di Gianni Santomaso&#8221; &#8212; Radio Pi\u00f9\" src=\"https:\/\/www.radiopiu.net\/wordpress\/rassegna-stampa-di-gianni-santomaso\/embed\/#?secret=YY2NFv2Mlw#?secret=i0yyow0Qzf\" data-secret=\"i0yyow0Qzf\" width=\"600\" height=\"338\" frameborder=\"0\" marginwidth=\"0\" marginheight=\"0\" scrolling=\"no\"><\/iframe><\/p>\n<p>&nbsp;<\/p>\n<p>&nbsp;<\/p>\n<p>&nbsp;<\/p>\n<hr \/>\n<p>&nbsp;<\/p>\n<h2><span style=\"color: #ff9900;\">I RACCONTI DI PAOLO SOPPELSA<\/span><\/h2>\n<p><strong>LA CASA DEI MISTERI<\/strong><\/p>\n<p><em><strong>AUDIO<\/strong><\/em><\/p>\n<audio class=\"wp-audio-shortcode\" id=\"audio-292732-13\" preload=\"none\" style=\"width: 100%;\" controls=\"controls\"><source type=\"audio\/mpeg\" src=\"https:\/\/www.radiopiu.net\/wordpress\/wp-content\/uploads\/2022\/08\/PAOLO-SOPPELSA-LA-CASA-DEI-MISTERI.mp3?_=13\" \/><a href=\"https:\/\/www.radiopiu.net\/wordpress\/wp-content\/uploads\/2022\/08\/PAOLO-SOPPELSA-LA-CASA-DEI-MISTERI.mp3\">https:\/\/www.radiopiu.net\/wordpress\/wp-content\/uploads\/2022\/08\/PAOLO-SOPPELSA-LA-CASA-DEI-MISTERI.mp3<\/a><\/audio>\n<p>&nbsp;<\/p>\n<p><a class=\"dt-pswp-item\" href=\"https:\/\/www.radiopiu.net\/wordpress\/wp-content\/uploads\/2022\/08\/58c15c4b-c582-4f15-b93a-30851003b24c.jpg\" data-dt-img-description=\"\" data-large_image_width=\"1080\" data-large_image_height=\"1284\"><img loading=\"lazy\" decoding=\"async\" class=\"size-thumbnail wp-image-292765 alignleft\" src=\"https:\/\/www.radiopiu.net\/wordpress\/wp-content\/uploads\/2022\/08\/58c15c4b-c582-4f15-b93a-30851003b24c-150x150.jpg\" alt=\"\" width=\"150\" height=\"150\" \/><\/a>Non c&#8217;era lo smartphone per giocare durante i viaggi in macchina; non c&#8217;era nemmeno l&#8217;autoradio a dire il vero, che c&#8217;era il bollo da pagare e poi costava una cifra a quei tempi, l&#8217;autoradio che poi ti rubavano. Cos\u00ec, durante i canonici trentacinque minuti di viaggio lungo la Strada Madre, non rimaneva altro da fare che guardare dal finestrino, a volte canticchiare e, spesso, chiedere qualche ragguaglio inerente alla localit\u00e0 che stavamo attraversando. E andava a finire che a forza di andare su e gi\u00f9, ogni tratto di strada si arricchiva di un racconto o di un aneddoto nuovo. Mi piaceva passare per Agordo, il paese con la sua bella piazza con i portici come a Belluno e la chiesa bianca con ben due campanili, dove ho avuto la fortuna di nascere il primo giorno d&#8217;agosto del &#8217;77, che cadeva di luned\u00ec. Mi dava un senso di gioia arrivare in piazza, dove l&#8217;auto ballava sui cubetti di porfido e dove si iniziava sul serio a respirare aria di casa. Poi, superata la piazza, la musica cambiava; prima del bivio per la stazione mi preparavo. Incollato al finestrino di destra attendevo con trepidazione l&#8217;appuntamento con la casa dei misteri, ovvero Villa Fiore, che mica lo sapevo si chiamasse cos\u00ec, e che a quei tempi non si presentava perfetta e splendente come ai giorni nostri. Era inquietante allora; incuteva ansia e timore, come una sorta di Poveglia in versione dolomitica. Con i cupi abeti vicino alla rete e l&#8217;erba incolta del giardino. Con le mura inscurite dal tempo, la muta ed enigmatica torretta e le statue liberty situate nel prato antistante. Una visione onirica e paurosa nel centro di Agordo. &#8220;&#8230;mama, elo chi che sta l\u00e0?&#8221;&#8230;&#8221;ah mi no sai, no hai mai vist nesuni la de inte\u2026&#8221; Qualche volta chiedevo un po&#8217; timoroso qualche ragguaglio in pi\u00f9. &#8220;&#8230;ah, mi no sai nia de chele robe l\u00e0&#8230;&#8221; Pap\u00e0 invece taceva e guidava. Frasi dette a met\u00e0, la visione inquietante della casa; e per qualche centinaio di metri un freddo brivido correva lungo la schiena. L&#8217;avrei ritrovata al ritorno, che poi col buio della sera era ancora peggio e qualche volta evitavo pure di guardare. Poi il tempo ha fatto il suo corso, per me e pure per la casa dei misteri. Ad un certo punto della vita ho preso possesso del sedile di sinistra dell&#8217;auto, guidando per un paio d&#8217;anni ancora senza autoradio, e la casa dei misteri, in quello stesso periodo, ha iniziato la sua rinascita. Restaurata in ogni dettaglio, oggi stupisce ed affascina il viaggiatore che ha la fortuna di passarci di fronte. A volte, quando non ho particolare fretta, cio\u00e8 abbastanza spesso, non imbocco la tangenziale, ma opto per la &#8220;strada vecia&#8221; che conduce in centro ad Agordo, proprio come si faceva un tempo; perch\u00e9 a me piace viaggiare &#8220;vintage&#8221;, ritrovando le emozioni e l&#8217;atmosfera unica della vera Strada Madre e, quando arrivo nei pressi della casa dei misteri, rallento e la osservo, anche se \u00e8 pi\u00f9 difficile di allora perch\u00e9 magari \u00e8 meglio tenere d&#8217;occhio anche la strada. Oggi non \u00e8 pi\u00f9 ansia, \u00e8 stupore; e ricordi di quel viaggiare domenicale lungo la 203, la strada del cuore, carica di storie e visioni che ancora mi affascinano, oggi pi\u00f9 di allora.<\/p>\n<p>&nbsp;<\/p>\n<blockquote class=\"wp-embedded-content\" data-secret=\"N7LUL9kwkA\"><p><a href=\"https:\/\/www.radiopiu.net\/wordpress\/i-racconti-di-paolo-soppelsa\/\">I racconti di Paolo Soppelsa<\/a><\/p><\/blockquote>\n<p><iframe loading=\"lazy\" class=\"wp-embedded-content\" sandbox=\"allow-scripts\" security=\"restricted\" style=\"position: absolute; clip: rect(1px, 1px, 1px, 1px);\" title=\"&#8220;I racconti di Paolo Soppelsa&#8221; &#8212; Radio Pi\u00f9\" src=\"https:\/\/www.radiopiu.net\/wordpress\/i-racconti-di-paolo-soppelsa\/embed\/#?secret=JzRZdUBlnP#?secret=N7LUL9kwkA\" data-secret=\"N7LUL9kwkA\" width=\"600\" height=\"338\" frameborder=\"0\" marginwidth=\"0\" marginheight=\"0\" scrolling=\"no\"><\/iframe><\/p>\n<p>&nbsp;<\/p>\n<hr \/>\n<p>&nbsp;<\/p>\n<p><a class=\"dt-pswp-item\" href=\"https:\/\/www.radiopiu.net\/wordpress\/wp-content\/uploads\/2018\/09\/WhatsApp-Image-2018-09-20-at-16.04.06.jpeg\" data-dt-img-description=\"\" data-large_image_width=\"800\" data-large_image_height=\"100\"><img loading=\"lazy\" decoding=\"async\" class=\"aligncenter wp-image-61378 size-full\" src=\"https:\/\/www.radiopiu.net\/wordpress\/wp-content\/uploads\/2018\/09\/WhatsApp-Image-2018-09-20-at-16.04.06.jpeg\" alt=\"\" width=\"800\" height=\"100\" srcset=\"https:\/\/www.radiopiu.net\/wordpress\/wp-content\/uploads\/2018\/09\/WhatsApp-Image-2018-09-20-at-16.04.06.jpeg 800w, https:\/\/www.radiopiu.net\/wordpress\/wp-content\/uploads\/2018\/09\/WhatsApp-Image-2018-09-20-at-16.04.06-300x38.jpeg 300w, https:\/\/www.radiopiu.net\/wordpress\/wp-content\/uploads\/2018\/09\/WhatsApp-Image-2018-09-20-at-16.04.06-768x96.jpeg 768w\" sizes=\"auto, (max-width: 800px) 100vw, 800px\" \/><\/a><\/p>\n<p>&nbsp;<\/p>\n<p><center><b>Martedi 16<\/b><\/center><b>Tempo atteso: <\/b>Pi\u00f9 soleggiato rispetto a luned\u00ec con cielo da sereno a poco nuvoloso al mattino dopo il dissolvimento di nubi basse, e poco o parzialmente nuvoloso nel pomeriggio per modesta attivit\u00e0 cumuliforme, localmente moderata. Anche la probabilit\u00e0 di qualche isolato fenomeno di instabilit\u00e0 pomeridiana risulta molto bassa. In serata nuova formazione di nubi basse in alcune vallate dolomitiche.<br \/>\n<b>Precipitazioni: <\/b>Al mattino assenti, nel pomeriggio generalmente assenti seppur non non del tutto escluso un piovasco\/rovescio (10-20 %).<br \/>\n<b>Temperature: <\/b>Temperature senza notevoli variazioni o in lieve aumento le massime.Su Prealpi a 1500 m: min 15 max 20, a 2000 m: min 11 max 14 Dolomiti &#8211; a 2000 m: min 10 max 16, a 3000 m: min 5 max 7<br \/>\n<b>Venti: <\/b>Venti in quota deboli\/moderati occidentali in rotazione da sudovest ed in rinforzo dalla sera, brezze nelle valli a 5-10 km\/h a 2000 m e 10-20 km\/h a 3000 m<\/p>\n<hr \/>\n<p><center><b>Mercoledi 17<\/b><\/center><b>Tempo atteso: <\/b>Sereno o poco nuvoloso al mattino dopo il dissolvimento di alcune nubi basse presenti fin dalla nottata, nel pomeriggio consueta modesta o moderata attivit\u00e0 cumuliforme. Dalla sera generale aumento della nuvolosit\u00e0 da ovest.<br \/>\n<b>Precipitazioni: <\/b>Al mattino generalmente assenti, nel pomeriggio non del tutto escluso un piovasco\/rovescio (10-30 %)<br \/>\n<b>Temperature: <\/b>Temperature minime pressoch\u00e8 stazionarie, massime in lieve aumento e su valori superiori alla media (zero termico a 4300 m) Su Prealpi a 1500 m: min 15 max 20, a 2000 m: min 12 max 15 Dolomiti &#8211; a 2000 m: min 13 max 18, a 3000 m: min 6 max 8<br \/>\n<b>Venti: <\/b>Venti in quota moderati da sudovest in rinforzo in serata a tesi, a 5-15 km\/h a 2000 m e 10-30 km\/h a 3000 m.<\/p>\n<hr \/>\n<p><center><b>Giovedi 18<\/b><\/center>Instabile con cielo irregolarmente nuvoloso a tratti molto nuvoloso e poche chance di schiarite. Probabili rovesci sparsi e isolati temporali specie su Prealpi possibili gi\u00e0 al mattino, maggiormente probabili e diffusi dalla sera. Temperature massime in calo. Venti in quota tesi da sudovest.<\/p>\n<hr \/>\n<p><center><b>Venerdi 19<\/b><\/center>Nella notte e fino al mattino episodio di instabilit\u00e0 con possibili rovesci e temporali sparsi in esaurimento a partire da prealpi occidentali e a seguire anche su Dolomiti. Dal pomeriggio e soprattutto verso sera tendenza a schiarite. Temperature in generale calo con minime raggiunte in serata. Venti in quota moderati da sudovest al mattino in rotazione da nordovest nel pomeriggio\/sera quando tenderanno a rinforzare. Previsore: DDL<\/p>\n<p>&nbsp;<\/p>\n<hr \/>\n<p>&nbsp;<\/p>\n<p><a href=\"https:\/\/www.radiopiu.net\/wordpress\/giornale-radiopiu-26-settembre-2018-direttore-mirko-mezzacasa\/viabilita-2\/\" rel=\"attachment wp-att-61954\"><img loading=\"lazy\" decoding=\"async\" class=\"aligncenter wp-image-61954 size-full\" src=\"https:\/\/www.radiopiu.net\/wordpress\/wp-content\/uploads\/2018\/09\/viabilita.jpeg\" sizes=\"auto, (max-width: 800px) 100vw, 800px\" srcset=\"https:\/\/www.radiopiu.net\/wordpress\/wp-content\/uploads\/2018\/09\/viabilita.jpeg 800w, https:\/\/www.radiopiu.net\/wordpress\/wp-content\/uploads\/2018\/09\/viabilita-300x38.jpeg 300w, https:\/\/www.radiopiu.net\/wordpress\/wp-content\/uploads\/2018\/09\/viabilita-768x96.jpeg 768w\" alt=\"\" width=\"800\" height=\"100\" \/><\/a><\/p>\n<blockquote>\n<h3><\/h3>\n<h3>GALLERIA DI SEGUSINO CHIUSA PER 4 MESI<\/h3>\n<\/blockquote>\n<p><strong><a class=\"dt-pswp-item\" href=\"https:\/\/www.radiopiu.net\/wordpress\/wp-content\/uploads\/2020\/05\/VENETO-STRADE.png\" data-dt-img-description=\"\" data-large_image_width=\"400\" data-large_image_height=\"400\"><img loading=\"lazy\" decoding=\"async\" class=\" wp-image-135574 alignleft\" src=\"https:\/\/www.radiopiu.net\/wordpress\/wp-content\/uploads\/2020\/05\/VENETO-STRADE-150x150.png\" alt=\"\" width=\"102\" height=\"102\" srcset=\"https:\/\/www.radiopiu.net\/wordpress\/wp-content\/uploads\/2020\/05\/VENETO-STRADE-150x150.png 150w, https:\/\/www.radiopiu.net\/wordpress\/wp-content\/uploads\/2020\/05\/VENETO-STRADE-300x300.png 300w, https:\/\/www.radiopiu.net\/wordpress\/wp-content\/uploads\/2020\/05\/VENETO-STRADE.png 400w\" sizes=\"auto, (max-width: 102px) 100vw, 102px\" \/><\/a><\/strong><\/p>\n<p><strong>SEGUSINO<\/strong> Fno al 4 novembre, compresi sabati domeniche e festivi infrasettimanali, un&#8217;interdizione totale al transito per l&#8217;intera tratta della galleria di Segusino in seguito a dei lavori per messa in sicurezza della condotta acquedottistica<\/p>\n<p><strong>RIVAMONTE<\/strong> Veneto Strade comunica che lungo la SP 3 della Valle Imperina, a Gona di Conedera \u00e8\u00a0 istituito un senso unico alternato regolato da semaforo fino al 29 agosto compresi sabato domenica e festivi. Senso unico necessario per consentire i lavori di consolidamento della strada.<\/p>\n<blockquote class=\"wp-embedded-content\" data-secret=\"UflbJXEzhZ\"><p><a href=\"https:\/\/www.radiopiu.net\/wordpress\/viabilita\/\">viabilita<\/a><\/p><\/blockquote>\n<p><iframe loading=\"lazy\" class=\"wp-embedded-content\" sandbox=\"allow-scripts\" security=\"restricted\" style=\"position: absolute; clip: rect(1px, 1px, 1px, 1px);\" title=\"&#8220;viabilita&#8221; &#8212; Radio Pi\u00f9\" src=\"https:\/\/www.radiopiu.net\/wordpress\/viabilita\/embed\/#?secret=Vm5gtQAz61#?secret=UflbJXEzhZ\" data-secret=\"UflbJXEzhZ\" width=\"600\" height=\"338\" frameborder=\"0\" marginwidth=\"0\" marginheight=\"0\" scrolling=\"no\"><\/iframe><\/p>\n<p>&nbsp;<\/p>\n<hr \/>\n<p>&nbsp;<\/p>\n<p>&nbsp;<\/p>\n<p><img loading=\"lazy\" decoding=\"async\" class=\"wp-image-60761 size-full aligncenter\" src=\"https:\/\/www.radiopiu.net\/wordpress\/wp-content\/uploads\/2018\/09\/sport.jpg\" alt=\"\" width=\"800\" height=\"100\" srcset=\"https:\/\/www.radiopiu.net\/wordpress\/wp-content\/uploads\/2018\/09\/sport.jpg 800w, https:\/\/www.radiopiu.net\/wordpress\/wp-content\/uploads\/2018\/09\/sport-300x38.jpg 300w, https:\/\/www.radiopiu.net\/wordpress\/wp-content\/uploads\/2018\/09\/sport-768x96.jpg 768w\" sizes=\"auto, (max-width: 800px) 100vw, 800px\" \/><\/p>\n<\/div>\n<\/div>\n<\/div>\n<div class=\"page-title-head hgroup\">\n<div class=\"page-title-head hgroup\">\n<p>&nbsp;<\/p>\n<p><span style=\"color: #0000ff;\"><strong>PODISMO<\/strong><\/span><\/p>\n<blockquote>\n<h3>ISACCO COSTA E VIRGINIA CENA AL GIRO PODISTICO DI FALCADE 2022<\/h3>\n<\/blockquote>\n<p><strong>FALCADE<\/strong> Hanno sfiorato quota 500 i concorrenti che venerd\u00ec 13 agosto hanno dato vita a quello che \u00e8 uno degli appuntamenti tradizionali dell\u2019estate sportiva dell\u2019Agordino, vale a dire il Giro podistico di Falcade, evento proposto dallo Sci club Val Biois di Falcade in abbinata con il Mini Giro podistico, corsa dedicata ai pi\u00f9 piccoli (under 17). 28 le edizioni per il Giro podistico, 20 quelle del Mini Giro. A vincere il Giro podistico, gara di poco meno di 6 chilometri che si snoda tra la Piana di Falcade e il paese, \u00e8 il giovane ingegnere zoldano Isacco Costa: il pi\u00f9 giovane della \u201cdinastia\u201d Costa ha dominato la gara, riuscendo a stare abbondantemente sotto i venti minuti, fermando le lancette del cronometro sul tempo di 19\u201915\u201d3. Sul podio sono saliti anche due fondisti: l\u2019agordino Lorenzo Busin, secondo a 1\u201924\u201d6, e il limanese Stefano Dal Magro, terzo a 1\u201926\u201d8. In campo femminile, vittoria della fondista valdostana Virginia Cena che ha avuto la meglio in volata sull\u2019agordina Francesca De Col\u00f2. Terza la trevigiana Chiara Lamberti, staccata di soli 2\u201d1. A margine del Giro podistico, l\u2019amministrazione comunale di Falcade ha voluto premiare due ragazzi che lo scorso inverno hanno portato lustro al paese dolomitico, indossando l\u2019azzurro a pi\u00f9 riprese e in eventi di grandissima rilevanza: la snowboarder Lucia Dalmasso, in gara alle Olimpiadi di Pechino, e il fondista Elia Barp, medaglia d\u2019argento nella sprint skating ai Campionati mondiali Juniores di Lygna, in Norvegia.<\/p>\n<p><strong>PER CONSULTARE LE CLASSIFICHE <a href=\"https:\/\/sportdolomiti.it\/ds_event\/giro_podistico_falcade_2022\">CLICCA QUI<\/a><\/strong><\/p>\n<p><strong>L&#8217;INTERVISTA A MATTEO CAGNATI, PRESIDENTE DELLO SCI CLUB VAL BIOIS, E LE IMMAGINI DALLA PIANA DI FALCADE<\/strong><\/p>\n<div style=\"width: 1200px;\" class=\"wp-video\"><video class=\"wp-video-shortcode\" id=\"video-292732-2\" width=\"1200\" height=\"675\" preload=\"metadata\" controls=\"controls\"><source type=\"video\/mp4\" src=\"https:\/\/www.radiopiu.net\/wordpress\/wp-content\/uploads\/2022\/08\/Giro-podistico-di-Falcade-2022.mp4?_=2\" \/><a href=\"https:\/\/www.radiopiu.net\/wordpress\/wp-content\/uploads\/2022\/08\/Giro-podistico-di-Falcade-2022.mp4\">https:\/\/www.radiopiu.net\/wordpress\/wp-content\/uploads\/2022\/08\/Giro-podistico-di-Falcade-2022.mp4<\/a><\/video><\/div>\n<p>&nbsp;<\/p>\n\n\t\t\t<style type='text\/css'>\n\t\t\t\t#gallery-11 {\n\t\t\t\t\tmargin: auto;\n\t\t\t\t}\n\t\t\t\t#gallery-11 .gallery-item {\n\t\t\t\t\tfloat: left;\n\t\t\t\t\tmargin-top: 10px;\n\t\t\t\t\ttext-align: center;\n\t\t\t\t\twidth: 25%;\n\t\t\t\t}\n\t\t\t\t#gallery-11 img {\n\t\t\t\t\tborder: 2px solid #cfcfcf;\n\t\t\t\t}\n\t\t\t\t#gallery-11 .gallery-caption {\n\t\t\t\t\tmargin-left: 0;\n\t\t\t\t}\n\t\t\t\t\/* see gallery_shortcode() in wp-includes\/media.php *\/\n\t\t\t<\/style>\n\t\t<div id='gallery-11' class='dt-gallery-container gallery galleryid-292732 gallery-columns-4 gallery-size-thumbnail'><dl class='gallery-item'>\n\t\t\t\t<dt class='gallery-icon landscape'>\n\t\t\t\t\t<a class=\"rollover rollover-zoom dt-pswp-item\" title=\"\u00a9EchidiAlessandroSogne-23 - LA PARTENZA DEL GIRO PODISTICO\" data-dt-img-description=\"\" data-large_image_width=\"1300\" data-large_image_height=\"866\"href='https:\/\/www.radiopiu.net\/wordpress\/wp-content\/uploads\/2022\/08\/\u00a9EchidiAlessandroSogne-23-LA-PARTENZA-DEL-GIRO-PODISTICO.jpg'><img loading=\"lazy\" decoding=\"async\" width=\"150\" height=\"150\" src=\"https:\/\/www.radiopiu.net\/wordpress\/wp-content\/uploads\/2022\/08\/\u00a9EchidiAlessandroSogne-23-LA-PARTENZA-DEL-GIRO-PODISTICO-150x150.jpg\" class=\"attachment-thumbnail size-thumbnail\" alt=\"\" \/><\/a>\n\t\t\t\t<\/dt><\/dl><dl class='gallery-item'>\n\t\t\t\t<dt class='gallery-icon landscape'>\n\t\t\t\t\t<a class=\"rollover rollover-zoom dt-pswp-item\" title=\"\u00a9EchidiAlessandroSogne-53 - LA PREMIAZIONE DI LUCIA DALMASSO ED ELIA BARP\" data-dt-img-description=\"\" data-large_image_width=\"1300\" data-large_image_height=\"866\"href='https:\/\/www.radiopiu.net\/wordpress\/wp-content\/uploads\/2022\/08\/\u00a9EchidiAlessandroSogne-53-LA-PREMIAZIONE-DI-LUCIA-DALMASSO-ED-ELIA-BARP.jpg'><img loading=\"lazy\" decoding=\"async\" width=\"150\" height=\"150\" src=\"https:\/\/www.radiopiu.net\/wordpress\/wp-content\/uploads\/2022\/08\/\u00a9EchidiAlessandroSogne-53-LA-PREMIAZIONE-DI-LUCIA-DALMASSO-ED-ELIA-BARP-150x150.jpg\" class=\"attachment-thumbnail size-thumbnail\" alt=\"\" \/><\/a>\n\t\t\t\t<\/dt><\/dl><dl class='gallery-item'>\n\t\t\t\t<dt class='gallery-icon landscape'>\n\t\t\t\t\t<a class=\"rollover rollover-zoom dt-pswp-item\" title=\"\u00a9EchidiAlessandroSogne-29 - L&#039;ARRIVO DEL VINCITORE ISACCO COSTA\" data-dt-img-description=\"\" data-large_image_width=\"1300\" data-large_image_height=\"866\"href='https:\/\/www.radiopiu.net\/wordpress\/wp-content\/uploads\/2022\/08\/\u00a9EchidiAlessandroSogne-29-LARRIVO-DEL-VINCITORE-ISACCO-COSTA.jpg'><img loading=\"lazy\" decoding=\"async\" width=\"150\" height=\"150\" src=\"https:\/\/www.radiopiu.net\/wordpress\/wp-content\/uploads\/2022\/08\/\u00a9EchidiAlessandroSogne-29-LARRIVO-DEL-VINCITORE-ISACCO-COSTA-150x150.jpg\" class=\"attachment-thumbnail size-thumbnail\" alt=\"\" \/><\/a>\n\t\t\t\t<\/dt><\/dl><dl class='gallery-item'>\n\t\t\t\t<dt class='gallery-icon landscape'>\n\t\t\t\t\t<a class=\"rollover rollover-zoom dt-pswp-item\" title=\"\u00a9EchidiAlessandroSogne-17 - UNA DELLE PARTENZE DEL MINI GIRO\" data-dt-img-description=\"\" data-large_image_width=\"1300\" data-large_image_height=\"866\"href='https:\/\/www.radiopiu.net\/wordpress\/wp-content\/uploads\/2022\/08\/\u00a9EchidiAlessandroSogne-17-UNA-DELLE-PARTENZE-DEL-MINI-GIRO.jpg'><img loading=\"lazy\" decoding=\"async\" width=\"150\" height=\"150\" src=\"https:\/\/www.radiopiu.net\/wordpress\/wp-content\/uploads\/2022\/08\/\u00a9EchidiAlessandroSogne-17-UNA-DELLE-PARTENZE-DEL-MINI-GIRO-150x150.jpg\" class=\"attachment-thumbnail size-thumbnail\" alt=\"\" \/><\/a>\n\t\t\t\t<\/dt><\/dl><br style=\"clear: both\" \/>\n\t\t\t<\/div>\n\n<p>&nbsp;<\/p>\n<blockquote>\n<h3>MIHAIL SIRBU E MANUELA BULF DOMINANO IL GIRO DEL LAGO DI ALLEGHE<\/h3>\n<\/blockquote>\n<p><strong><a class=\"dt-pswp-item\" href=\"https:\/\/www.radiopiu.net\/wordpress\/wp-content\/uploads\/2022\/08\/giro-lago2.jpg\" data-dt-img-description=\"\" data-large_image_width=\"558\" data-large_image_height=\"316\"><img loading=\"lazy\" decoding=\"async\" class=\"size-thumbnail wp-image-290981 alignleft\" src=\"https:\/\/www.radiopiu.net\/wordpress\/wp-content\/uploads\/2022\/08\/giro-lago2-150x150.jpg\" alt=\"\" width=\"150\" height=\"150\" \/><\/a>ALLEGHE<\/strong> Si \u00e8 corsa nella serata di domenica la 40\u00aa edizione del Giro Del Lago di Alleghe in notturna. Gara organizzata dal Gruppo Alpini di Alleghe che ha visto i podisti percorrere le strade del lungo lago, per l&#8217;occasione illuminato. A vincere in campo maschile \u00e8 stato Mihail Sirbu che ha percorso i 5,3 km del tracciato in 17&#8217;29&#8243;9 staccando di 1&#8217;13&#8221; Raffaele Tezza. Al terzo posto Filippo Votta. In campo femminile dominio assoluto di Manuela Bulf che ha rifilato quasi 3 minuti ad Alessandra Da Ronch. Terzo gradino del podio a Mirta Girardini.<\/p>\n<p><strong>PER CONSULTARE LE CLASSIFICHE <a href=\"https:\/\/www.radiopiu.net\/wordpress\/wp-content\/uploads\/2022\/08\/GIRO-LAGO-2022.pdf\">CLICCA QUI<\/a><\/strong><\/p>\n<p>&nbsp;<\/p>\n<p><strong>FOTOGALLERY (FOTORIVA Alleghe)<\/strong><\/p>\n\n\t\t\t<style type='text\/css'>\n\t\t\t\t#gallery-12 {\n\t\t\t\t\tmargin: auto;\n\t\t\t\t}\n\t\t\t\t#gallery-12 .gallery-item {\n\t\t\t\t\tfloat: left;\n\t\t\t\t\tmargin-top: 10px;\n\t\t\t\t\ttext-align: center;\n\t\t\t\t\twidth: 14%;\n\t\t\t\t}\n\t\t\t\t#gallery-12 img {\n\t\t\t\t\tborder: 2px solid #cfcfcf;\n\t\t\t\t}\n\t\t\t\t#gallery-12 .gallery-caption {\n\t\t\t\t\tmargin-left: 0;\n\t\t\t\t}\n\t\t\t\t\/* see gallery_shortcode() in wp-includes\/media.php *\/\n\t\t\t<\/style>\n\t\t<div id='gallery-12' class='dt-gallery-container gallery galleryid-292732 gallery-columns-7 gallery-size-thumbnail'><dl class='gallery-item'>\n\t\t\t\t<dt class='gallery-icon portrait'>\n\t\t\t\t\t<a class=\"rollover rollover-zoom dt-pswp-item\" title=\"1 assoluta femminile\" data-dt-img-description=\"\" data-large_image_width=\"1535\" data-large_image_height=\"2244\"href='https:\/\/www.radiopiu.net\/wordpress\/wp-content\/uploads\/2022\/08\/1-assoluta-femminile.jpg'><img loading=\"lazy\" decoding=\"async\" width=\"150\" height=\"150\" src=\"https:\/\/www.radiopiu.net\/wordpress\/wp-content\/uploads\/2022\/08\/1-assoluta-femminile-150x150.jpg\" class=\"attachment-thumbnail size-thumbnail\" alt=\"\" \/><\/a>\n\t\t\t\t<\/dt><\/dl><dl class='gallery-item'>\n\t\t\t\t<dt class='gallery-icon portrait'>\n\t\t\t\t\t<a class=\"rollover rollover-zoom dt-pswp-item\" title=\"1 assoluto mascile\" data-dt-img-description=\"\" data-large_image_width=\"1535\" data-large_image_height=\"2244\"href='https:\/\/www.radiopiu.net\/wordpress\/wp-content\/uploads\/2022\/08\/1-assoluto-mascile.jpg'><img loading=\"lazy\" decoding=\"async\" width=\"150\" height=\"150\" src=\"https:\/\/www.radiopiu.net\/wordpress\/wp-content\/uploads\/2022\/08\/1-assoluto-mascile-150x150.jpg\" class=\"attachment-thumbnail size-thumbnail\" alt=\"\" \/><\/a>\n\t\t\t\t<\/dt><\/dl><dl class='gallery-item'>\n\t\t\t\t<dt class='gallery-icon portrait'>\n\t\t\t\t\t<a class=\"rollover rollover-zoom dt-pswp-item\" title=\"assoluti\" data-dt-img-description=\"\" data-large_image_width=\"1535\" data-large_image_height=\"2244\"href='https:\/\/www.radiopiu.net\/wordpress\/wp-content\/uploads\/2022\/08\/assoluti.jpg'><img loading=\"lazy\" decoding=\"async\" width=\"150\" height=\"150\" src=\"https:\/\/www.radiopiu.net\/wordpress\/wp-content\/uploads\/2022\/08\/assoluti-150x150.jpg\" class=\"attachment-thumbnail size-thumbnail\" alt=\"\" \/><\/a>\n\t\t\t\t<\/dt><\/dl><dl class='gallery-item'>\n\t\t\t\t<dt class='gallery-icon landscape'>\n\t\t\t\t\t<a class=\"rollover rollover-zoom dt-pswp-item\" title=\"festa\" data-dt-img-description=\"\" data-large_image_width=\"2244\" data-large_image_height=\"1535\"href='https:\/\/www.radiopiu.net\/wordpress\/wp-content\/uploads\/2022\/08\/festa.jpg'><img loading=\"lazy\" decoding=\"async\" width=\"150\" height=\"150\" src=\"https:\/\/www.radiopiu.net\/wordpress\/wp-content\/uploads\/2022\/08\/festa-150x150.jpg\" class=\"attachment-thumbnail size-thumbnail\" alt=\"\" \/><\/a>\n\t\t\t\t<\/dt><\/dl><dl class='gallery-item'>\n\t\t\t\t<dt class='gallery-icon landscape'>\n\t\t\t\t\t<a class=\"rollover rollover-zoom dt-pswp-item\" title=\"partenza\" data-dt-img-description=\"\" data-large_image_width=\"2244\" data-large_image_height=\"1535\"href='https:\/\/www.radiopiu.net\/wordpress\/wp-content\/uploads\/2022\/08\/partenza.jpg'><img loading=\"lazy\" decoding=\"async\" width=\"150\" height=\"150\" src=\"https:\/\/www.radiopiu.net\/wordpress\/wp-content\/uploads\/2022\/08\/partenza-150x150.jpg\" class=\"attachment-thumbnail size-thumbnail\" alt=\"\" \/><\/a>\n\t\t\t\t<\/dt><\/dl><dl class='gallery-item'>\n\t\t\t\t<dt class='gallery-icon landscape'>\n\t\t\t\t\t<a class=\"rollover rollover-zoom dt-pswp-item\" title=\"partenza2\" data-dt-img-description=\"\" data-large_image_width=\"2244\" data-large_image_height=\"1535\"href='https:\/\/www.radiopiu.net\/wordpress\/wp-content\/uploads\/2022\/08\/partenza2.jpg'><img loading=\"lazy\" decoding=\"async\" width=\"150\" height=\"150\" src=\"https:\/\/www.radiopiu.net\/wordpress\/wp-content\/uploads\/2022\/08\/partenza2-150x150.jpg\" class=\"attachment-thumbnail size-thumbnail\" alt=\"\" \/><\/a>\n\t\t\t\t<\/dt><\/dl><dl class='gallery-item'>\n\t\t\t\t<dt class='gallery-icon landscape'>\n\t\t\t\t\t<a class=\"rollover rollover-zoom dt-pswp-item\" title=\"partenza3\" data-dt-img-description=\"\" data-large_image_width=\"2244\" data-large_image_height=\"1535\"href='https:\/\/www.radiopiu.net\/wordpress\/wp-content\/uploads\/2022\/08\/partenza3.jpg'><img loading=\"lazy\" decoding=\"async\" width=\"150\" height=\"150\" src=\"https:\/\/www.radiopiu.net\/wordpress\/wp-content\/uploads\/2022\/08\/partenza3-150x150.jpg\" class=\"attachment-thumbnail size-thumbnail\" alt=\"\" \/><\/a>\n\t\t\t\t<\/dt><\/dl><br style=\"clear: both\" \/><dl class='gallery-item'>\n\t\t\t\t<dt class='gallery-icon landscape'>\n\t\t\t\t\t<a class=\"rollover rollover-zoom dt-pswp-item\" title=\"podio a squadre\" data-dt-img-description=\"\" data-large_image_width=\"2244\" data-large_image_height=\"1535\"href='https:\/\/www.radiopiu.net\/wordpress\/wp-content\/uploads\/2022\/08\/podio-a-squadre.jpg'><img loading=\"lazy\" decoding=\"async\" width=\"150\" height=\"150\" src=\"https:\/\/www.radiopiu.net\/wordpress\/wp-content\/uploads\/2022\/08\/podio-a-squadre-150x150.jpg\" class=\"attachment-thumbnail size-thumbnail\" alt=\"\" \/><\/a>\n\t\t\t\t<\/dt><\/dl><dl class='gallery-item'>\n\t\t\t\t<dt class='gallery-icon landscape'>\n\t\t\t\t\t<a class=\"rollover rollover-zoom dt-pswp-item\" title=\"podio bambine\" data-dt-img-description=\"\" data-large_image_width=\"2244\" data-large_image_height=\"1535\"href='https:\/\/www.radiopiu.net\/wordpress\/wp-content\/uploads\/2022\/08\/podio-bambine.jpg'><img loading=\"lazy\" decoding=\"async\" width=\"150\" height=\"150\" src=\"https:\/\/www.radiopiu.net\/wordpress\/wp-content\/uploads\/2022\/08\/podio-bambine-150x150.jpg\" class=\"attachment-thumbnail size-thumbnail\" alt=\"\" \/><\/a>\n\t\t\t\t<\/dt><\/dl><dl class='gallery-item'>\n\t\t\t\t<dt class='gallery-icon landscape'>\n\t\t\t\t\t<a class=\"rollover rollover-zoom dt-pswp-item\" title=\"podio bambini\" data-dt-img-description=\"\" data-large_image_width=\"2244\" data-large_image_height=\"1535\"href='https:\/\/www.radiopiu.net\/wordpress\/wp-content\/uploads\/2022\/08\/podio-bambini.jpg'><img loading=\"lazy\" decoding=\"async\" width=\"150\" height=\"150\" src=\"https:\/\/www.radiopiu.net\/wordpress\/wp-content\/uploads\/2022\/08\/podio-bambini-150x150.jpg\" class=\"attachment-thumbnail size-thumbnail\" alt=\"\" \/><\/a>\n\t\t\t\t<\/dt><\/dl><dl class='gallery-item'>\n\t\t\t\t<dt class='gallery-icon landscape'>\n\t\t\t\t\t<a class=\"rollover rollover-zoom dt-pswp-item\" title=\"podio femminile\" data-dt-img-description=\"\" data-large_image_width=\"2244\" data-large_image_height=\"1535\"href='https:\/\/www.radiopiu.net\/wordpress\/wp-content\/uploads\/2022\/08\/podio-femminile.jpg'><img loading=\"lazy\" decoding=\"async\" width=\"150\" height=\"150\" src=\"https:\/\/www.radiopiu.net\/wordpress\/wp-content\/uploads\/2022\/08\/podio-femminile-150x150.jpg\" class=\"attachment-thumbnail size-thumbnail\" alt=\"\" \/><\/a>\n\t\t\t\t<\/dt><\/dl><dl class='gallery-item'>\n\t\t\t\t<dt class='gallery-icon landscape'>\n\t\t\t\t\t<a class=\"rollover rollover-zoom dt-pswp-item\" title=\"podio maschile\" data-dt-img-description=\"\" data-large_image_width=\"2244\" data-large_image_height=\"1535\"href='https:\/\/www.radiopiu.net\/wordpress\/wp-content\/uploads\/2022\/08\/podio-maschile.jpg'><img loading=\"lazy\" decoding=\"async\" width=\"150\" height=\"150\" src=\"https:\/\/www.radiopiu.net\/wordpress\/wp-content\/uploads\/2022\/08\/podio-maschile-150x150.jpg\" class=\"attachment-thumbnail size-thumbnail\" alt=\"\" \/><\/a>\n\t\t\t\t<\/dt><\/dl><dl class='gallery-item'>\n\t\t\t\t<dt class='gallery-icon landscape'>\n\t\t\t\t\t<a class=\"rollover rollover-zoom dt-pswp-item\" title=\"podio ragazze\" data-dt-img-description=\"\" data-large_image_width=\"2244\" data-large_image_height=\"1535\"href='https:\/\/www.radiopiu.net\/wordpress\/wp-content\/uploads\/2022\/08\/podio-ragazze.jpg'><img loading=\"lazy\" decoding=\"async\" width=\"150\" height=\"150\" src=\"https:\/\/www.radiopiu.net\/wordpress\/wp-content\/uploads\/2022\/08\/podio-ragazze-150x150.jpg\" class=\"attachment-thumbnail size-thumbnail\" alt=\"\" \/><\/a>\n\t\t\t\t<\/dt><\/dl><dl class='gallery-item'>\n\t\t\t\t<dt class='gallery-icon landscape'>\n\t\t\t\t\t<a class=\"rollover rollover-zoom dt-pswp-item\" title=\"podio ragazzi\" data-dt-img-description=\"\" data-large_image_width=\"2244\" data-large_image_height=\"1535\"href='https:\/\/www.radiopiu.net\/wordpress\/wp-content\/uploads\/2022\/08\/podio-ragazzi.jpg'><img loading=\"lazy\" decoding=\"async\" width=\"150\" height=\"150\" src=\"https:\/\/www.radiopiu.net\/wordpress\/wp-content\/uploads\/2022\/08\/podio-ragazzi-150x150.jpg\" class=\"attachment-thumbnail size-thumbnail\" alt=\"\" \/><\/a>\n\t\t\t\t<\/dt><\/dl><br style=\"clear: both\" \/>\n\t\t\t<\/div>\n\n<p>&nbsp;<\/p>\n<hr \/>\n<p>&nbsp;<\/p>\n<div class=\"page-title-head hgroup\">\n<blockquote>\n<h3 class=\"entry-title\">TUTTO PRONTO PER L\u2019ARRIVO DELL\u2019UMANA REYER A FALCADE<\/h3>\n<\/blockquote>\n<\/div>\n<div class=\"page-title-breadcrumbs\">\n<p><strong><a class=\"dt-pswp-item\" href=\"https:\/\/www.radiopiu.net\/wordpress\/wp-content\/uploads\/2022\/08\/REYER-FALCADE.jpeg\" data-dt-img-description=\"\" data-large_image_width=\"900\" data-large_image_height=\"720\"><img loading=\"lazy\" decoding=\"async\" class=\"size-thumbnail wp-image-292484 alignleft\" src=\"https:\/\/www.radiopiu.net\/wordpress\/wp-content\/uploads\/2022\/08\/REYER-FALCADE-150x150.jpeg\" alt=\"\" width=\"150\" height=\"150\" \/><\/a>FALCADE<\/strong> Per il secondo anno consecutivo l&#8217;Umana Reyer sar\u00e0 in Valle del Biois per il ritiro pre campionato. Gli oro granata alloggeranno allo Sport Hotel Cristal a partire da domenica 21 agosto e fino al 27. Domenica sera in occasione dell&#8217;arrivo della squadra ci sar\u00e0 l&#8217;occasione di vedere i propri beniamini durante l&#8217;aperitivo di benvenuto a Falcade. L&#8217;Umana Reyer far\u00e0 delle sedute di allenamento pomeridiane al PalaFalcade e nei prossimi giorni verranno anche comunicati gli orari. Il ritiro si concluder\u00e0 sabato 27 agosto quando alle 17:30 ci sar\u00e0 un&#8217;amichevole al PalaFalcade contro L&#8217;Umana San Giobbe Chiusi. Bisogner\u00e0 prenotare il posto vista la capienza ristretta del palazzetto e lo si pu\u00f2 fare <a href=\"https:\/\/www.falcadedolomiti.it\/reyer-venezia-in-ritiro-a-falcade\/\">CLICCANDO QUI<\/a>. Il prezzo del biglietto \u00e8 di 10 euro, ridotto a 5 euro per bambini dai 6 ai 18 anni. Sotto i 6 anni l&#8217;ingresso \u00e8 gratuito. L&#8217;Umana Reyer ha anche in programma un incontro con i tifosi che avverr\u00e0 sabato 27 agosto alle 11:30 sulla piana di Falcade dove saranno allestiti degli stand.<\/p>\n<p>&nbsp;<\/p>\n<\/div>\n<p>&nbsp;<\/p>\n<hr \/>\n<p>&nbsp;<\/p>\n<p><span style=\"color: #0000ff;\"><strong>PARACADUTISMO<\/strong><\/span><\/p>\n<blockquote>\n<h3>TROFEO CITT\u00c0 DI BELLUNO DI PARACADUTISMO, SVENTOLA IL TRICOLORE GRAZIE ALLA SCUOLA NAZIONALE<\/h3>\n<\/blockquote>\n<p><strong>BELLUNO <\/strong>Sono gli atleti della Scuola nazionale a imporsi nella\u00a033.ma edizione del \u201cTrofeo Citt\u00e0 di Belluno\u201d, manifestazione andata in scena dal 12 al 14 agosto all\u2019aeroporto \u201cArturo Dell\u2019Oro\u201d dall\u2019Associazione paracadutismo Belluno in sinergia con l\u2019Aeroclub Belluno e valida per le World Cup Series, la Coppa del Mondo di atterraggio di precisione. Oltre quaranta le formazioni al via, provenienti da diciotto nazioni, per un totale di 205 concorrenti. Al termine della tre giorni dolomitica, Paolo Filippini, Alessandro Ruggeri, Vittorio Guarinelli, Stefano Corradini e Daniele Viel si sono portati a casa la vittoria dopo un bel duello con la squadra militare della Repubblica Ceca: 53 le penalit\u00e0 per gli azzurri, 63 quelle per gli atleti dell\u2019Europa Orientale. A completare il podio i tedeschi di Sportfoerdergruppe con 70 penalit\u00e0. A livello individuale, la classifica assoluta maschile \u00e8 stata vinta dallo statunitense Ehab Mahmoud mentre a vincere ex aequo la classifica Master sono stati l\u2019ungherese Tamas Banszki e gli azzurri Paolo Filippini e Giuseppe Tresoldi. Il tedesco Mathias Demmler ha vinto tra gli Juniores. La classifica in rosa ha visto primeggiare l\u2019austriaca Magdalena Schenner. Il Trofeo citt\u00e0 di Belluno \u00e8 stata la terza tappa delle World Cup Series: le prime due si sono svolte a Rijeka, in Croazia, dal 10 al 12 giugno, e a Bled, in Slovenia, dall\u20198 al 10 luglio. Dopo Belluno il circuito approder\u00e0 a Thalgau, in Austria, dal 26 al 28 agosto e a Locarno, in Svizzera, per la finale in programma dal 23 al 25 settembre.<\/p>\n<p><strong>PER CONSULTARE LE CLASSIFICHE <a href=\"http:\/\/www.parawcs.com\/belluno\/?q=node\/259\">CLICCA QUI<\/a><\/strong><\/p>\n<p><strong>CORRADO MARCHET, ASD PARACADUTISMO BELLUNO<\/strong><\/p>\n<audio class=\"wp-audio-shortcode\" id=\"audio-292732-14\" preload=\"none\" style=\"width: 100%;\" controls=\"controls\"><source type=\"audio\/mpeg\" src=\"https:\/\/www.radiopiu.net\/wordpress\/wp-content\/uploads\/2022\/08\/Corrado-Marchet.mp3?_=14\" \/><a href=\"https:\/\/www.radiopiu.net\/wordpress\/wp-content\/uploads\/2022\/08\/Corrado-Marchet.mp3\">https:\/\/www.radiopiu.net\/wordpress\/wp-content\/uploads\/2022\/08\/Corrado-Marchet.mp3<\/a><\/audio>\n<p>&nbsp;<\/p>\n<p><strong>LE FOTO<\/strong><\/p>\n\n\t\t\t<style type='text\/css'>\n\t\t\t\t#gallery-13 {\n\t\t\t\t\tmargin: auto;\n\t\t\t\t}\n\t\t\t\t#gallery-13 .gallery-item {\n\t\t\t\t\tfloat: left;\n\t\t\t\t\tmargin-top: 10px;\n\t\t\t\t\ttext-align: center;\n\t\t\t\t\twidth: 20%;\n\t\t\t\t}\n\t\t\t\t#gallery-13 img {\n\t\t\t\t\tborder: 2px solid #cfcfcf;\n\t\t\t\t}\n\t\t\t\t#gallery-13 .gallery-caption {\n\t\t\t\t\tmargin-left: 0;\n\t\t\t\t}\n\t\t\t\t\/* see gallery_shortcode() in wp-includes\/media.php *\/\n\t\t\t<\/style>\n\t\t<div id='gallery-13' class='dt-gallery-container gallery galleryid-292732 gallery-columns-5 gallery-size-thumbnail'><dl class='gallery-item'>\n\t\t\t\t<dt class='gallery-icon landscape'>\n\t\t\t\t\t<a class=\"rollover rollover-zoom dt-pswp-item\" title=\"\u00a9EchidiAlessandroSogne-2\" data-dt-img-description=\"\" data-large_image_width=\"2000\" data-large_image_height=\"1333\"href='https:\/\/www.radiopiu.net\/wordpress\/wp-content\/uploads\/2022\/08\/\u00a9EchidiAlessandroSogne-2.jpg'><img loading=\"lazy\" decoding=\"async\" width=\"150\" height=\"150\" src=\"https:\/\/www.radiopiu.net\/wordpress\/wp-content\/uploads\/2022\/08\/\u00a9EchidiAlessandroSogne-2-150x150.jpg\" class=\"attachment-thumbnail size-thumbnail\" alt=\"\" \/><\/a>\n\t\t\t\t<\/dt><\/dl><dl class='gallery-item'>\n\t\t\t\t<dt class='gallery-icon landscape'>\n\t\t\t\t\t<a class=\"rollover rollover-zoom dt-pswp-item\" title=\"\u00a9EchidiAlessandroSogne-7\" data-dt-img-description=\"\" data-large_image_width=\"2000\" data-large_image_height=\"1333\"href='https:\/\/www.radiopiu.net\/wordpress\/wp-content\/uploads\/2022\/08\/\u00a9EchidiAlessandroSogne-7.jpg'><img loading=\"lazy\" decoding=\"async\" width=\"150\" height=\"150\" src=\"https:\/\/www.radiopiu.net\/wordpress\/wp-content\/uploads\/2022\/08\/\u00a9EchidiAlessandroSogne-7-150x150.jpg\" class=\"attachment-thumbnail size-thumbnail\" alt=\"\" \/><\/a>\n\t\t\t\t<\/dt><\/dl><dl class='gallery-item'>\n\t\t\t\t<dt class='gallery-icon landscape'>\n\t\t\t\t\t<a class=\"rollover rollover-zoom dt-pswp-item\" title=\"\u00a9EchidiAlessandroSogne-10 LA SQADRA VINCITRICE\" data-dt-img-description=\"\" data-large_image_width=\"2000\" data-large_image_height=\"1333\"href='https:\/\/www.radiopiu.net\/wordpress\/wp-content\/uploads\/2022\/08\/\u00a9EchidiAlessandroSogne-10-LA-SQADRA-VINCITRICE.jpg'><img loading=\"lazy\" decoding=\"async\" width=\"150\" height=\"150\" src=\"https:\/\/www.radiopiu.net\/wordpress\/wp-content\/uploads\/2022\/08\/\u00a9EchidiAlessandroSogne-10-LA-SQADRA-VINCITRICE-150x150.jpg\" class=\"attachment-thumbnail size-thumbnail\" alt=\"\" \/><\/a>\n\t\t\t\t<\/dt><\/dl><dl class='gallery-item'>\n\t\t\t\t<dt class='gallery-icon landscape'>\n\t\t\t\t\t<a class=\"rollover rollover-zoom dt-pswp-item\" title=\"\u00a9EchidiAlessandroSogne-13 PODIO INDIVIDUALE MASCHILE JUNIORES\" data-dt-img-description=\"\" data-large_image_width=\"2000\" data-large_image_height=\"1333\"href='https:\/\/www.radiopiu.net\/wordpress\/wp-content\/uploads\/2022\/08\/\u00a9EchidiAlessandroSogne-13-PODIO-INDIVIDUALE-MASCHILE-JUNIORES.jpg'><img loading=\"lazy\" decoding=\"async\" width=\"150\" height=\"150\" src=\"https:\/\/www.radiopiu.net\/wordpress\/wp-content\/uploads\/2022\/08\/\u00a9EchidiAlessandroSogne-13-PODIO-INDIVIDUALE-MASCHILE-JUNIORES-150x150.jpg\" class=\"attachment-thumbnail size-thumbnail\" alt=\"\" \/><\/a>\n\t\t\t\t<\/dt><\/dl><dl class='gallery-item'>\n\t\t\t\t<dt class='gallery-icon landscape'>\n\t\t\t\t\t<a class=\"rollover rollover-zoom dt-pswp-item\" title=\"\u00a9EchidiAlessandroSogne-14 PODIO INDIVIDUALE MASCHILE MASTER\" data-dt-img-description=\"\" data-large_image_width=\"2000\" data-large_image_height=\"1333\"href='https:\/\/www.radiopiu.net\/wordpress\/wp-content\/uploads\/2022\/08\/\u00a9EchidiAlessandroSogne-14-PODIO-INDIVIDUALE-MASCHILE-MASTER.jpg'><img loading=\"lazy\" decoding=\"async\" width=\"150\" height=\"150\" src=\"https:\/\/www.radiopiu.net\/wordpress\/wp-content\/uploads\/2022\/08\/\u00a9EchidiAlessandroSogne-14-PODIO-INDIVIDUALE-MASCHILE-MASTER-150x150.jpg\" class=\"attachment-thumbnail size-thumbnail\" alt=\"\" \/><\/a>\n\t\t\t\t<\/dt><\/dl><br style=\"clear: both\" \/><dl class='gallery-item'>\n\t\t\t\t<dt class='gallery-icon landscape'>\n\t\t\t\t\t<a class=\"rollover rollover-zoom dt-pswp-item\" title=\"\u00a9EchidiAlessandroSogne-17 PODIO INDIVIDUALE FEMMINILE ASSOLUTO\" data-dt-img-description=\"\" data-large_image_width=\"2000\" data-large_image_height=\"1333\"href='https:\/\/www.radiopiu.net\/wordpress\/wp-content\/uploads\/2022\/08\/\u00a9EchidiAlessandroSogne-17-PODIO-INDIVIDUALE-FEMMINILE-ASSOLUTO.jpg'><img loading=\"lazy\" decoding=\"async\" width=\"150\" height=\"150\" src=\"https:\/\/www.radiopiu.net\/wordpress\/wp-content\/uploads\/2022\/08\/\u00a9EchidiAlessandroSogne-17-PODIO-INDIVIDUALE-FEMMINILE-ASSOLUTO-150x150.jpg\" class=\"attachment-thumbnail size-thumbnail\" alt=\"\" \/><\/a>\n\t\t\t\t<\/dt><\/dl><dl class='gallery-item'>\n\t\t\t\t<dt class='gallery-icon landscape'>\n\t\t\t\t\t<a class=\"rollover rollover-zoom dt-pswp-item\" title=\"\u00a9EchidiAlessandroSogne-18 PODIO INDIVIDUALE MASCHILE ASSOLUTO\" data-dt-img-description=\"\" data-large_image_width=\"2000\" data-large_image_height=\"1333\"href='https:\/\/www.radiopiu.net\/wordpress\/wp-content\/uploads\/2022\/08\/\u00a9EchidiAlessandroSogne-18-PODIO-INDIVIDUALE-MASCHILE-ASSOLUTO.jpg'><img loading=\"lazy\" decoding=\"async\" width=\"150\" height=\"150\" src=\"https:\/\/www.radiopiu.net\/wordpress\/wp-content\/uploads\/2022\/08\/\u00a9EchidiAlessandroSogne-18-PODIO-INDIVIDUALE-MASCHILE-ASSOLUTO-150x150.jpg\" class=\"attachment-thumbnail size-thumbnail\" alt=\"\" \/><\/a>\n\t\t\t\t<\/dt><\/dl><dl class='gallery-item'>\n\t\t\t\t<dt class='gallery-icon landscape'>\n\t\t\t\t\t<a class=\"rollover rollover-zoom dt-pswp-item\" title=\"\u00a9EchidiAlessandroSogne-19 PODIO TEAM FEMMINILE\" data-dt-img-description=\"\" data-large_image_width=\"2000\" data-large_image_height=\"1333\"href='https:\/\/www.radiopiu.net\/wordpress\/wp-content\/uploads\/2022\/08\/\u00a9EchidiAlessandroSogne-19-PODIO-TEAM-FEMMINILE.jpg'><img loading=\"lazy\" decoding=\"async\" width=\"150\" height=\"150\" src=\"https:\/\/www.radiopiu.net\/wordpress\/wp-content\/uploads\/2022\/08\/\u00a9EchidiAlessandroSogne-19-PODIO-TEAM-FEMMINILE-150x150.jpg\" class=\"attachment-thumbnail size-thumbnail\" alt=\"\" \/><\/a>\n\t\t\t\t<\/dt><\/dl><dl class='gallery-item'>\n\t\t\t\t<dt class='gallery-icon landscape'>\n\t\t\t\t\t<a class=\"rollover rollover-zoom dt-pswp-item\" title=\"\u00a9EchidiAlessandroSogne-21 - PODIO MASCHILE TEAM 1\" data-dt-img-description=\"\" data-large_image_width=\"2000\" data-large_image_height=\"1333\"href='https:\/\/www.radiopiu.net\/wordpress\/wp-content\/uploads\/2022\/08\/\u00a9EchidiAlessandroSogne-21-PODIO-MASCHILE-TEAM-1.jpg'><img loading=\"lazy\" decoding=\"async\" width=\"150\" height=\"150\" src=\"https:\/\/www.radiopiu.net\/wordpress\/wp-content\/uploads\/2022\/08\/\u00a9EchidiAlessandroSogne-21-PODIO-MASCHILE-TEAM-1-150x150.jpg\" class=\"attachment-thumbnail size-thumbnail\" alt=\"\" \/><\/a>\n\t\t\t\t<\/dt><\/dl><dl class='gallery-item'>\n\t\t\t\t<dt class='gallery-icon landscape'>\n\t\t\t\t\t<a class=\"rollover rollover-zoom dt-pswp-item\" title=\"\u00a9EchidiAlessandroSogne\" data-dt-img-description=\"\" data-large_image_width=\"2000\" data-large_image_height=\"1333\"href='https:\/\/www.radiopiu.net\/wordpress\/wp-content\/uploads\/2022\/08\/\u00a9EchidiAlessandroSogne.jpg'><img loading=\"lazy\" decoding=\"async\" width=\"150\" height=\"150\" src=\"https:\/\/www.radiopiu.net\/wordpress\/wp-content\/uploads\/2022\/08\/\u00a9EchidiAlessandroSogne-150x150.jpg\" class=\"attachment-thumbnail size-thumbnail\" alt=\"\" \/><\/a>\n\t\t\t\t<\/dt><\/dl><br style=\"clear: both\" \/>\n\t\t\t<\/div>\n\n<p>&nbsp;<\/p>\n<p>&nbsp;<\/p>\n<\/div>\n<\/div>\n<\/div>\n<\/div>\n<\/div>\n<\/div>\n<\/div>\n<\/div>\n<\/div>\n<\/div>\n<\/div>\n<\/div>\n<\/div>\n<\/div>\n<\/div>\n<\/div>\n<\/div>\n<\/div>\n<\/div>\n<\/div>\n<\/div>\n<\/div>\n<\/div>\n<\/div>\n<\/div>\n<\/div>\n<\/div>\n<\/div>\n<\/div>\n<\/div>\n<\/div>\n<\/div>\n<\/div>\n<\/div>\n<\/div>\n<\/div>\n<\/div>\n<\/div>\n<\/div>\n<\/div>\n<\/div>\n<\/div>\n<\/div>\n<\/div>\n<\/div>\n<\/div>\n<\/div>\n<\/div>\n<\/div>\n<\/div>\n<\/div>\n<\/div>\n<\/div>\n<\/div>\n<\/div>\n<\/div>\n<\/div>\n<\/div>\n<\/div>\n<\/div>\n<\/div>\n<\/div>\n<\/div>\n<\/div>\n<\/div>\n<\/div>\n<\/div>\n<\/div>\n<\/div>\n<\/div>\n<\/div>\n<\/div>\n<\/div>\n<\/div>\n<\/div>\n<\/div>\n<\/div>\n<\/div>\n<\/div>\n<\/div>\n<\/div>\n<\/div>\n<\/div>\n<\/div>\n<\/div>\n<\/div>\n<\/div>\n<\/div>\n<\/div>\n<\/div>\n<\/div>\n<\/div>\n<\/div>\n<\/div>\n<\/div>\n<\/div>\n<\/div>\n<\/div>\n<\/div>\n<\/div>\n<\/div>\n<\/div>\n<\/div>\n","protected":false},"excerpt":{"rendered":"<p>RADIO PIU INFORMAZIONE il canale su TELEGRAM informazione di prima\u00a0 mano e in tempo reale. iscriviti ed aiutaci a farlo conoscere\u00a0 \u00a0 &nbsp; &nbsp; &nbsp; DA OGGI CAMBIANO GLI ORARI DEI PUNTI TAMPONI \u00a0BELLUNO Il Covid Point di Paludi sar\u00e0 attivo: marted\u00ec, gioved\u00ec, sabato, domenica\/festivi: dalle 8.30 alle 12.30. Rimane, invece, invariata l\u2019operativit\u00e0 degli altri&hellip;<\/p>\n","protected":false},"author":4,"featured_media":292853,"comment_status":"closed","ping_status":"closed","sticky":false,"template":"","format":"standard","meta":{"_monsterinsights_skip_tracking":false,"_monsterinsights_sitenote_active":false,"_monsterinsights_sitenote_note":"","_monsterinsights_sitenote_category":0,"footnotes":""},"categories":[104,86,49],"tags":[],"class_list":["post-292732","post","type-post","status-publish","format-standard","has-post-thumbnail","hentry","category-evidenza_3","category-gr","category-news-18","category-104","category-86","category-49","description-off"],"img_url":"https:\/\/www.radiopiu.net\/wordpress\/wp-content\/uploads\/2022\/08\/61f2ba65-4be5-4d36-ba8b-99e13f2f5374-1.jpg","_links":{"self":[{"href":"https:\/\/www.radiopiu.net\/wordpress\/wp-json\/wp\/v2\/posts\/292732","targetHints":{"allow":["GET"]}}],"collection":[{"href":"https:\/\/www.radiopiu.net\/wordpress\/wp-json\/wp\/v2\/posts"}],"about":[{"href":"https:\/\/www.radiopiu.net\/wordpress\/wp-json\/wp\/v2\/types\/post"}],"author":[{"embeddable":true,"href":"https:\/\/www.radiopiu.net\/wordpress\/wp-json\/wp\/v2\/users\/4"}],"replies":[{"embeddable":true,"href":"https:\/\/www.radiopiu.net\/wordpress\/wp-json\/wp\/v2\/comments?post=292732"}],"version-history":[{"count":0,"href":"https:\/\/www.radiopiu.net\/wordpress\/wp-json\/wp\/v2\/posts\/292732\/revisions"}],"wp:featuredmedia":[{"embeddable":true,"href":"https:\/\/www.radiopiu.net\/wordpress\/wp-json\/wp\/v2\/media\/292853"}],"wp:attachment":[{"href":"https:\/\/www.radiopiu.net\/wordpress\/wp-json\/wp\/v2\/media?parent=292732"}],"wp:term":[{"taxonomy":"category","embeddable":true,"href":"https:\/\/www.radiopiu.net\/wordpress\/wp-json\/wp\/v2\/categories?post=292732"},{"taxonomy":"post_tag","embeddable":true,"href":"https:\/\/www.radiopiu.net\/wordpress\/wp-json\/wp\/v2\/tags?post=292732"}],"curies":[{"name":"wp","href":"https:\/\/api.w.org\/{rel}","templated":true}]}}