{"id":292750,"date":"2022-08-14T13:38:18","date_gmt":"2022-08-14T11:38:18","guid":{"rendered":"https:\/\/www.radiopiu.net\/wordpress\/?p=292750"},"modified":"2022-08-14T14:56:03","modified_gmt":"2022-08-14T12:56:03","slug":"trauma-ad-un-polso-sotto-le-tre-cime-di-lavaredo","status":"publish","type":"post","link":"https:\/\/www.radiopiu.net\/wordpress\/trauma-ad-un-polso-sotto-le-tre-cime-di-lavaredo\/","title":{"rendered":"TRAUMA AD UN POLSO SOTTO LE TRE CIME DI LAVAREDO"},"content":{"rendered":"<p><strong>AURONZO DI CADORE<\/strong> Attorno alle 10.45 l&#8217;elicottero di Dolomiti Emergency \u00e8 decollato in direzione delle Tre Cime di Lavaredo, poich\u00e9, a met\u00e0 della normale di risalita alla Cime Grande, un&#8217;escursionista austriaca aveva riportato un trauma al polso che le impediva di proseguire. Individuato il punto in cui si trovavano, il tecnico di elisoccorso sbarcato in hovering ha fatto avvicinate lungo una cengia vicina alla via la 58enne e i suoi due compagni. Tutti e tre sono stati quindi imbarcati in hovering da uno spuntone di roccia e trasportati al Rifugio Lavaredo. Da l\u00ec una squadra del Soccorso alpino della Guardia di finanza li ha accompagnati in fuoristrada al Rifugio Auronzo, da dove si sono allontanati con i propri mezzi.<\/p>\n<p><strong>VAL DI ZOLDO<\/strong> Verso le 10.30 il Soccorso alpino della Val di Zoldo \u00e8 stato allertato per un cercatore di funghi, che si era fatto male dopo essere scivolato in un tratto ripido del bosco, sopra il cimitero di Fusine. Mentre un soccorritore si portava sul posto con la barella per un eventuale trasporto, un altro soccorritore \u00e8 arrivato con la jeep e ha trovato l&#8217;infortunato che era riuscito a scendere da solo sulla strada. L&#8217;uomo, della Val di Zoldo (BL), che aveva riportato nella caduta la sospetta lussazione di una spalla, \u00e8 stato accompagnato all&#8217;ospedale dell&#8217;ambulanza fatta arrivare nel frattempo.<\/p>\n<p>&nbsp;<\/p>\n<p>&nbsp;<\/p>\n<p>&nbsp;<\/p>\n<p>&nbsp;<\/p>\n<p>*****<\/p>\n","protected":false},"excerpt":{"rendered":"<p>AURONZO DI CADORE Attorno alle 10.45 l&#8217;elicottero di Dolomiti Emergency \u00e8 decollato in direzione delle Tre Cime di Lavaredo, poich\u00e9, a met\u00e0 della normale di risalita alla Cime Grande, un&#8217;escursionista austriaca aveva riportato un trauma al polso che le impediva di proseguire. Individuato il punto in cui si trovavano, il tecnico di elisoccorso sbarcato in&hellip;<\/p>\n","protected":false},"author":4,"featured_media":74737,"comment_status":"closed","ping_status":"closed","sticky":false,"template":"","format":"standard","meta":{"_monsterinsights_skip_tracking":false,"_monsterinsights_sitenote_active":false,"_monsterinsights_sitenote_note":"","_monsterinsights_sitenote_category":0,"footnotes":""},"categories":[49],"tags":[],"class_list":["post-292750","post","type-post","status-publish","format-standard","has-post-thumbnail","hentry","category-news-18","category-49","description-off"],"img_url":"https:\/\/www.radiopiu.net\/wordpress\/wp-content\/uploads\/2019\/01\/IMG-20190104-WA0012.jpg","_links":{"self":[{"href":"https:\/\/www.radiopiu.net\/wordpress\/wp-json\/wp\/v2\/posts\/292750","targetHints":{"allow":["GET"]}}],"collection":[{"href":"https:\/\/www.radiopiu.net\/wordpress\/wp-json\/wp\/v2\/posts"}],"about":[{"href":"https:\/\/www.radiopiu.net\/wordpress\/wp-json\/wp\/v2\/types\/post"}],"author":[{"embeddable":true,"href":"https:\/\/www.radiopiu.net\/wordpress\/wp-json\/wp\/v2\/users\/4"}],"replies":[{"embeddable":true,"href":"https:\/\/www.radiopiu.net\/wordpress\/wp-json\/wp\/v2\/comments?post=292750"}],"version-history":[{"count":0,"href":"https:\/\/www.radiopiu.net\/wordpress\/wp-json\/wp\/v2\/posts\/292750\/revisions"}],"wp:featuredmedia":[{"embeddable":true,"href":"https:\/\/www.radiopiu.net\/wordpress\/wp-json\/wp\/v2\/media\/74737"}],"wp:attachment":[{"href":"https:\/\/www.radiopiu.net\/wordpress\/wp-json\/wp\/v2\/media?parent=292750"}],"wp:term":[{"taxonomy":"category","embeddable":true,"href":"https:\/\/www.radiopiu.net\/wordpress\/wp-json\/wp\/v2\/categories?post=292750"},{"taxonomy":"post_tag","embeddable":true,"href":"https:\/\/www.radiopiu.net\/wordpress\/wp-json\/wp\/v2\/tags?post=292750"}],"curies":[{"name":"wp","href":"https:\/\/api.w.org\/{rel}","templated":true}]}}