{"id":292785,"date":"2022-08-14T18:05:06","date_gmt":"2022-08-14T16:05:06","guid":{"rendered":"https:\/\/www.radiopiu.net\/wordpress\/?p=292785"},"modified":"2022-08-16T06:01:01","modified_gmt":"2022-08-16T04:01:01","slug":"due-interventi-sulla-ferrata-zacchi-e-nel-valon-de-ra-ola","status":"publish","type":"post","link":"https:\/\/www.radiopiu.net\/wordpress\/due-interventi-sulla-ferrata-zacchi-e-nel-valon-de-ra-ola\/","title":{"rendered":"DUE INTERVENTI, SULLA FERRATA ZACCHI E NEL VALON DE RA OLA"},"content":{"rendered":"<p dir=\"auto\"><strong><a class=\"dt-pswp-item\" href=\"https:\/\/www.radiopiu.net\/wordpress\/wp-content\/uploads\/2022\/08\/salt_20220814_171059_297.jpg\" data-dt-img-description=\"\" data-large_image_width=\"2364\" data-large_image_height=\"1773\"><img loading=\"lazy\" decoding=\"async\" class=\"size-thumbnail wp-image-292789 alignleft\" src=\"https:\/\/www.radiopiu.net\/wordpress\/wp-content\/uploads\/2022\/08\/salt_20220814_171059_297-150x150.jpg\" alt=\"\" width=\"150\" height=\"150\" \/><\/a>BELLUNO <\/strong>Alle 12.10 un escursionista bellunese ha contattato il 118, poich\u00e9 a met\u00e0 circa della Ferrata Zacchi alla Schiara aveva avuto dei problemi e non era pi\u00f9 in grado di spostarsi da solo. Uscito dall&#8217;itinerario infatti, il 35enne di Belluno era caduto e riuscito a fermarsi su una cengia sottostante, dopo che si era staccata la roccia su cui si stava tenendo facendogli perdere l&#8217;equilibrio. In suo aiuto \u00e8 decollato l&#8217;elicottero del Suem di Pieve di Cadore. Individuato il punto in cui si trovava a 2.300 metri di quota, dato che l&#8217;uomo non era legato, il tecnico di elisoccorso si \u00e8 fatto sbarcare pi\u00f9 distante, con un verricello di una ventina di metri, per evitare pericolosi spostamenti d&#8217;aria. Dopo averlo raggiunto, il soccorritore ha assicurato a s\u00e9 l&#8217;escursionista ed entrambi sono stati recuperati con 30 metri di verricello. L&#8217;uomo \u00e8 stato quindi sbarcato a Belluno.<\/p>\n<p dir=\"auto\"><strong>CORTINA <\/strong>Verso le 14 un gruppo di escursionisti francesi &#8211; tre ragazzi e due ragazze di Parigi di 24 e 25 anni &#8211; ha allertato i soccorsi non pi\u00f9 in grado di muoversi lungo il Valon de Ra Ola, che da Ra Valles scende in Val di Fanes in Tofana. I cinque, zaini pesanti in spalla, percorrendo il sentiero 407 si erano ritrovati a dover superare il ripido ghiaione, erano spaventati e si erano bloccati. Sbarcato in hovering nelle vicinanze, una volta da loro il tecnico di elisoccorso ha provveduto all&#8217;imbarco dei primi due con altrettanti verricelli da 20 metri. Mentre l&#8217;eliambulanza li portava al campo base a valle, il soccorritore ha accompagnato gli altri tre nella zona dell&#8217;hovering, modalit\u00e0 con cui, appena \u00e8 ritornato l&#8217;elicottero, sono stati fatti salire a bordo. I cinque ragazzi sono stati lasciati in piazzola a Cortina.<\/p>\n<blockquote>\n<h3><span style=\"color: #ff0000;\">DAL TG3 DEL VENETO<\/span><\/h3>\n<\/blockquote>\n<div class=\"article__subheading\"><strong>Spesso la richiesta di intervento non ha una motivazione medica<\/strong><\/div>\n<blockquote>\n<h3 class=\"article__title\">Elisoccorso richiesto e non pagato: un buco da 500mila euro<\/h3>\n<\/blockquote>\n<p class=\"article__subtitle\">In una stagione che segna un autentico boom di presenze turistiche in montagna, l&#8217;elisoccorso \u00e8 spesso richiesto come un taxi e non pagato. Ammontano a mezzo milione di euro i ticket per interventi senza motivazione medica non incassati<\/p>\n<div class=\"article__author\"><strong>Antonello Profita, montaggio Vito Spalluto<\/strong><\/div>\n<p>&nbsp;<\/p>\n<p><a href=\"https:\/\/www.rainews.it\/tgr\/veneto\/video\/2022\/08\/elisoccorso-richiesto-e-non-pagato-un-buco-da-500mila-euro-b886efd8-359b-473c-879a-f971c3388040.html\">CLICCA QUI<\/a><\/p>\n<p>&nbsp;<\/p>\n<p dir=\"auto\">\n<p dir=\"auto\">\n<p dir=\"auto\">\n<p dir=\"auto\">******<\/p>\n","protected":false},"excerpt":{"rendered":"<p>BELLUNO Alle 12.10 un escursionista bellunese ha contattato il 118, poich\u00e9 a met\u00e0 circa della Ferrata Zacchi alla Schiara aveva avuto dei problemi e non era pi\u00f9 in grado di spostarsi da solo. Uscito dall&#8217;itinerario infatti, il 35enne di Belluno era caduto e riuscito a fermarsi su una cengia sottostante, dopo che si era staccata&hellip;<\/p>\n","protected":false},"author":4,"featured_media":292789,"comment_status":"closed","ping_status":"closed","sticky":false,"template":"","format":"standard","meta":{"_monsterinsights_skip_tracking":false,"_monsterinsights_sitenote_active":false,"_monsterinsights_sitenote_note":"","_monsterinsights_sitenote_category":0,"footnotes":""},"categories":[49],"tags":[],"class_list":["post-292785","post","type-post","status-publish","format-standard","has-post-thumbnail","hentry","category-news-18","category-49","description-off"],"img_url":"https:\/\/www.radiopiu.net\/wordpress\/wp-content\/uploads\/2022\/08\/salt_20220814_171059_297.jpg","_links":{"self":[{"href":"https:\/\/www.radiopiu.net\/wordpress\/wp-json\/wp\/v2\/posts\/292785","targetHints":{"allow":["GET"]}}],"collection":[{"href":"https:\/\/www.radiopiu.net\/wordpress\/wp-json\/wp\/v2\/posts"}],"about":[{"href":"https:\/\/www.radiopiu.net\/wordpress\/wp-json\/wp\/v2\/types\/post"}],"author":[{"embeddable":true,"href":"https:\/\/www.radiopiu.net\/wordpress\/wp-json\/wp\/v2\/users\/4"}],"replies":[{"embeddable":true,"href":"https:\/\/www.radiopiu.net\/wordpress\/wp-json\/wp\/v2\/comments?post=292785"}],"version-history":[{"count":0,"href":"https:\/\/www.radiopiu.net\/wordpress\/wp-json\/wp\/v2\/posts\/292785\/revisions"}],"wp:featuredmedia":[{"embeddable":true,"href":"https:\/\/www.radiopiu.net\/wordpress\/wp-json\/wp\/v2\/media\/292789"}],"wp:attachment":[{"href":"https:\/\/www.radiopiu.net\/wordpress\/wp-json\/wp\/v2\/media?parent=292785"}],"wp:term":[{"taxonomy":"category","embeddable":true,"href":"https:\/\/www.radiopiu.net\/wordpress\/wp-json\/wp\/v2\/categories?post=292785"},{"taxonomy":"post_tag","embeddable":true,"href":"https:\/\/www.radiopiu.net\/wordpress\/wp-json\/wp\/v2\/tags?post=292785"}],"curies":[{"name":"wp","href":"https:\/\/api.w.org\/{rel}","templated":true}]}}