{"id":292919,"date":"2022-08-16T05:29:33","date_gmt":"2022-08-16T03:29:33","guid":{"rendered":"https:\/\/www.radiopiu.net\/wordpress\/?p=292919"},"modified":"2022-08-16T05:50:58","modified_gmt":"2022-08-16T03:50:58","slug":"camillo-de-pellegrin-si-dimette-dal-consiglio-dellente-parco-nazionale-dolomiti-bellunesi","status":"publish","type":"post","link":"https:\/\/www.radiopiu.net\/wordpress\/camillo-de-pellegrin-si-dimette-dal-consiglio-dellente-parco-nazionale-dolomiti-bellunesi\/","title":{"rendered":"CAMILLO DE PELLEGRIN SI DIMETTE DAL CONSIGLIO DELL&#8217;ENTE PARCO NAZIONALE DOLOMITI BELLUNESI"},"content":{"rendered":"<p><strong><a class=\"dt-pswp-item\" href=\"https:\/\/www.radiopiu.net\/wordpress\/wp-content\/uploads\/2022\/01\/28056423_1570743069705719_9091845138820201561_n.jpg\" data-dt-img-description=\"\" data-large_image_width=\"960\" data-large_image_height=\"959\"><img loading=\"lazy\" decoding=\"async\" class=\"size-thumbnail wp-image-254798 alignleft\" src=\"https:\/\/www.radiopiu.net\/wordpress\/wp-content\/uploads\/2022\/01\/28056423_1570743069705719_9091845138820201561_n-150x150.jpg\" alt=\"\" width=\"150\" height=\"150\" srcset=\"https:\/\/www.radiopiu.net\/wordpress\/wp-content\/uploads\/2022\/01\/28056423_1570743069705719_9091845138820201561_n-150x150.jpg 150w, https:\/\/www.radiopiu.net\/wordpress\/wp-content\/uploads\/2022\/01\/28056423_1570743069705719_9091845138820201561_n-300x300.jpg 300w, https:\/\/www.radiopiu.net\/wordpress\/wp-content\/uploads\/2022\/01\/28056423_1570743069705719_9091845138820201561_n-768x767.jpg 768w, https:\/\/www.radiopiu.net\/wordpress\/wp-content\/uploads\/2022\/01\/28056423_1570743069705719_9091845138820201561_n.jpg 960w\" sizes=\"auto, (max-width: 150px) 100vw, 150px\" \/><\/a>FELTRE<\/strong> Nelle ultime ore Camillo De Pellegrin, sindaco di Val di Zoldo, ha dato le dimissioni come consigliere dell&#8217;ente Parco Nazionale Dolomiti Bellunesi. La goccia che ha fatto traboccare il vaso, il no da parte dell&#8217;ente a far disputare la Pedavena &#8211; Croce D&#8217;Aune per la sua interezza a seguito dell&#8217;entrata in vigore del nuovo regolamento.<\/p>\n<p><strong>LA LETTERA DI CAMILLO DE PELLEGRIN<\/strong><\/p>\n<blockquote><p><em>Credo molto nel valore dell&#8217;Ente Parco e nelle potenzialit\u00e0 che pu\u00f2 esprimere per il territorio bellunese. Proprio per questo motivo ho seguito con grande attenzione la questione che ormai da settimane tiene banco al Parco: la possibilit\u00e0 o meno di autorizzare, per quanto di competenza del Parco, il transito della 39\u00b0 edizione della Pedavena &#8211; Croce d&#8217;Aune, cronoscalata automobilistica storica, di grande importanza per il territorio bellunese, sia dal punto di vista sociale che economico, che tocca per parte del percorso il territorio del Parco. Il Regolamento del Parco, di recente entrata in vigore, sembra censurare a priori le competizioni motoristiche, indipendentemente dalle modalit\u00e0 di svolgimento della corsa ed in effetti, a seguito dell\u2019ultima riunione del direttivo \u00e8 stato ufficialmente annunciato dal Presidente Vigne il diniego del Parco al rilascio dell&#8217;autorizzazione; decisione che mi trova contrario e che mi ha portato quindi a maturare la scelta di lasciare, pur con rammarico, il direttivo. La gara si snoda sulla strada provinciale 473. Viabilit\u00e0 regolarmente e ordinariamente destinata al transito dei veicoli, senza particolari limitazioni, cos\u00ec come confermato dall&#8217;articolo 18 del Regolamento del Parco. La decisione, assunta a maggioranza, \u00e8 stata di interpretare in modo letterale il solo articolo 29 del regolamento, senza operare una lettura combinata con il disposto dell&#8217;articolo 18 comma 1\u00b0 del medesimo, a mente del quale, all&#8217;interno del Parco, la circolazione sulle strade regionali, provinciali e comunali (la cui circolazione \u00e8 quindi regolata dal Codice della Strada anche per quanto riguarda le relative competizione sportive con veicoli a motore) prive di divieto di transito \u00e8 normalmente consentita. Era pertanto possibile, dal mio punto di vista, operare un&#8217;interpretazione, o meglio una precisazione della portata dell&#8217;articolo 29, che esplicitasse l&#8217;ambito di operativit\u00e0 del divieto di gare con veicoli a motore: al di fuori delle strade sopra citate, normalmente destinate alla circolazione veicolare. Interpretazione possibile e che sembra essere stata sposata anche dal Ministero della Transizione ecologica (deputato all&#8217;esame preventivo del regolamento del Parco a cui la struttura e il Comune di Pedavena si erano rivolti proprio per la questione in oggetto). La finalit\u00e0 delle disposizioni regolamentari del Parco \u00e8 la tutela dell&#8217;area protetta, come previsto dalla legge 394\/1991, trovo quindi illogico con una mano vietare la competizione, per un mero formalismo, e con l&#8217;altra, come deciso e annunciato in conferenza stampa, avviare la procedura di modifica dell&#8217;articolo in questione per consentire un futuro svolgimento della competizione; acclarando cos\u00ec, nel caso di specie, l&#8217;assoluta mancanza di un fondamento sostanziale della disposizione, mancando, evidentemente, un qualsivoglia potenziale danno al territorio del Parco derivante dallo svolgimento della gara stessa. Diversamente si sarebbe detto che la disposizione regolamentare oggi in vigore ha la sua ragione d&#8217;essere e cos\u00ec va applicata, in questa occasione, come in quelle future riguardanti altre manifestazioni. Si parla invece di &#8220;leggerezza&#8221; degli amministratori che non si sono accorti della &#8220;manina&#8221; che ha inserito la disposizione capestro, sconfessandone cos\u00ec la necessit\u00e0. Non solo: se da un lato viene bocciata una mia proposta di delibera che, precisando attraverso interpretazione autentica del Regolamento, la portata del divieto ne consentiva lo svolgimento anche quest&#8217;anno, dall&#8217;altra ci si dichiara favorevoli ad una versione rivista della gara che di fatto, mutando per il tratto in zona Parco il termine da &#8220;competizione&#8221; a &#8220;trasferimento&#8221;, di fatto consente il transito dei medesimi veicoli. Un&#8217;escamotage solo formale. L&#8217;agire amministrativo deve essere sorretto da precisi principi: uno di questi \u00e8 la logicit\u00e0 del procedimento e quindi dei ragionamenti che sottendono i relativi provvedimenti. In questo caso si manifesta, credo, una illogicit\u00e0 e una incoerenza, che espongono tra l&#8217;altro l&#8217;Ente ad un ricorso amministrativo il cui esito \u00e8 tutt&#8217;altro che scontato sia a favore del Parco. Il Parco deve valorizzare e tutelare il territorio, non deve porre inutili ostacoli burocratici, privi di sostanza, allo sviluppo delle Comunit\u00e0 che ci vivono e al mantenimento delle tradizioni che le contraddistinguono e arricchiscono.<\/em><\/p><\/blockquote>\n<p>&nbsp;<\/p>\n<p>&nbsp;<\/p>\n<p>*****<\/p>\n","protected":false},"excerpt":{"rendered":"<p>FELTRE Nelle ultime ore Camillo De Pellegrin, sindaco di Val di Zoldo, ha dato le dimissioni come consigliere dell&#8217;ente Parco Nazionale Dolomiti Bellunesi. La goccia che ha fatto traboccare il vaso, il no da parte dell&#8217;ente a far disputare la Pedavena &#8211; Croce D&#8217;Aune per la sua interezza a seguito dell&#8217;entrata in vigore del nuovo&hellip;<\/p>\n","protected":false},"author":4,"featured_media":254798,"comment_status":"closed","ping_status":"closed","sticky":false,"template":"","format":"standard","meta":{"_monsterinsights_skip_tracking":false,"_monsterinsights_sitenote_active":false,"_monsterinsights_sitenote_note":"","_monsterinsights_sitenote_category":0,"footnotes":""},"categories":[51,49],"tags":[],"class_list":["post-292919","post","type-post","status-publish","format-standard","has-post-thumbnail","hentry","category-evidenza-top","category-news-18","category-51","category-49","description-off"],"img_url":"https:\/\/www.radiopiu.net\/wordpress\/wp-content\/uploads\/2022\/01\/28056423_1570743069705719_9091845138820201561_n.jpg","_links":{"self":[{"href":"https:\/\/www.radiopiu.net\/wordpress\/wp-json\/wp\/v2\/posts\/292919","targetHints":{"allow":["GET"]}}],"collection":[{"href":"https:\/\/www.radiopiu.net\/wordpress\/wp-json\/wp\/v2\/posts"}],"about":[{"href":"https:\/\/www.radiopiu.net\/wordpress\/wp-json\/wp\/v2\/types\/post"}],"author":[{"embeddable":true,"href":"https:\/\/www.radiopiu.net\/wordpress\/wp-json\/wp\/v2\/users\/4"}],"replies":[{"embeddable":true,"href":"https:\/\/www.radiopiu.net\/wordpress\/wp-json\/wp\/v2\/comments?post=292919"}],"version-history":[{"count":0,"href":"https:\/\/www.radiopiu.net\/wordpress\/wp-json\/wp\/v2\/posts\/292919\/revisions"}],"wp:featuredmedia":[{"embeddable":true,"href":"https:\/\/www.radiopiu.net\/wordpress\/wp-json\/wp\/v2\/media\/254798"}],"wp:attachment":[{"href":"https:\/\/www.radiopiu.net\/wordpress\/wp-json\/wp\/v2\/media?parent=292919"}],"wp:term":[{"taxonomy":"category","embeddable":true,"href":"https:\/\/www.radiopiu.net\/wordpress\/wp-json\/wp\/v2\/categories?post=292919"},{"taxonomy":"post_tag","embeddable":true,"href":"https:\/\/www.radiopiu.net\/wordpress\/wp-json\/wp\/v2\/tags?post=292919"}],"curies":[{"name":"wp","href":"https:\/\/api.w.org\/{rel}","templated":true}]}}