{"id":292922,"date":"2022-08-16T05:25:58","date_gmt":"2022-08-16T03:25:58","guid":{"rendered":"https:\/\/www.radiopiu.net\/wordpress\/?p=292922"},"modified":"2022-08-16T05:59:27","modified_gmt":"2022-08-16T03:59:27","slug":"cade-con-la-moutain-bike-sulla-pista-di-downhill-in-nevegal","status":"publish","type":"post","link":"https:\/\/www.radiopiu.net\/wordpress\/cade-con-la-moutain-bike-sulla-pista-di-downhill-in-nevegal\/","title":{"rendered":"CADE CON LA MOUTAIN BIKE SULLA PISTA DI DOWNHILL IN NEVEGAL"},"content":{"rendered":"<p><strong><a class=\"dt-pswp-item\" href=\"https:\/\/www.radiopiu.net\/wordpress\/wp-content\/uploads\/2022\/08\/salt_20220815_165013_303.jpg\" data-dt-img-description=\"\" data-large_image_width=\"2364\" data-large_image_height=\"1773\"><img loading=\"lazy\" decoding=\"async\" class=\" wp-image-292928 alignleft\" src=\"https:\/\/www.radiopiu.net\/wordpress\/wp-content\/uploads\/2022\/08\/salt_20220815_165013_303-150x150.jpg\" alt=\"\" width=\"118\" height=\"118\" \/><\/a>BELLUNO\u00a0<\/strong>Attorno alle 16 l&#8217;elicottero del Suem di Pieve di Cadore \u00e8 volato in Nevegal, lungo la pista di downhill, dove un quattordicenne di Belluno era caduto con la bici, riportando un sospetto trauma alla gamba. Sbarcati in hovering, personale sanitario e tecnico di elisoccorso hanno preso in carico il ragazzo, che aveva ricevuto prima medicazione dai presenti, compreso personale del Soccorso alpino di Belluno. Mentre il pap\u00e0 del giovane infortunato veniva imbarcato in hovering, dopo essere stato imbarellato il ragazzo \u00e8 stato invece recuperato con un verricello di una decina di metri. L&#8217;eliambulanza \u00e8 poi partita verso l&#8217;ospedale di Belluno.<\/p>\n<p><strong>TAMBRE\u00a0<\/strong>Attorno alle 16 il Soccorso alpino dell&#8217;Alpago \u00e8 stato allertato per una coppia di escursionisti in difficolt\u00e0. I due, 47 anni di Venezia lui, 40 anni di Campagna Lupia (VE) lei, al bivio per rientrare verso Pian Grant da localit\u00e0 Sass Martin avevano sbagliato direzione inoltrandosi nel bosco e perdendo l&#8217;orientamento. Passate ai soccorritori le coordinate della posizione, una squadra si \u00e8 avvicinata in fuoristrada fino a individuarli, 150 metri sotto il sentiero. La coppia \u00e8 stata raggiunta e riaccompagnata alla macchina.<\/p>\n<p>&nbsp;<\/p>\n<blockquote>\n<h3><span style=\"color: #ff0000;\">DAL TG3 DEL VENETO<\/span><\/h3>\n<\/blockquote>\n<div class=\"article__subheading\"><strong>Spesso la richiesta di intervento non ha una motivazione medica<\/strong><\/div>\n<blockquote>\n<h3 class=\"article__title\">Elisoccorso richiesto e non pagato: un buco da 500mila euro<\/h3>\n<\/blockquote>\n<p class=\"article__subtitle\">In una stagione che segna un autentico boom di presenze turistiche in montagna, l&#8217;elisoccorso \u00e8 spesso richiesto come un taxi e non pagato. Ammontano a mezzo milione di euro i ticket per interventi senza motivazione medica non incassati<\/p>\n<div class=\"article__author\"><strong>Antonello Profita, montaggio Vito Spalluto<\/strong><\/div>\n<p>&nbsp;<\/p>\n<p><a href=\"https:\/\/www.rainews.it\/tgr\/veneto\/video\/2022\/08\/elisoccorso-richiesto-e-non-pagato-un-buco-da-500mila-euro-b886efd8-359b-473c-879a-f971c3388040.html\">CLICCA QUI<\/a><\/p>\n<p>&nbsp;<\/p>\n<p>&nbsp;<\/p>\n<p>&nbsp;<\/p>\n<p>*****<\/p>\n","protected":false},"excerpt":{"rendered":"<p>BELLUNO\u00a0Attorno alle 16 l&#8217;elicottero del Suem di Pieve di Cadore \u00e8 volato in Nevegal, lungo la pista di downhill, dove un quattordicenne di Belluno era caduto con la bici, riportando un sospetto trauma alla gamba. Sbarcati in hovering, personale sanitario e tecnico di elisoccorso hanno preso in carico il ragazzo, che aveva ricevuto prima medicazione&hellip;<\/p>\n","protected":false},"author":4,"featured_media":292928,"comment_status":"closed","ping_status":"closed","sticky":false,"template":"","format":"standard","meta":{"_monsterinsights_skip_tracking":false,"_monsterinsights_sitenote_active":false,"_monsterinsights_sitenote_note":"","_monsterinsights_sitenote_category":0,"footnotes":""},"categories":[51,49],"tags":[],"class_list":["post-292922","post","type-post","status-publish","format-standard","has-post-thumbnail","hentry","category-evidenza-top","category-news-18","category-51","category-49","description-off"],"img_url":"https:\/\/www.radiopiu.net\/wordpress\/wp-content\/uploads\/2022\/08\/salt_20220815_165013_303.jpg","_links":{"self":[{"href":"https:\/\/www.radiopiu.net\/wordpress\/wp-json\/wp\/v2\/posts\/292922","targetHints":{"allow":["GET"]}}],"collection":[{"href":"https:\/\/www.radiopiu.net\/wordpress\/wp-json\/wp\/v2\/posts"}],"about":[{"href":"https:\/\/www.radiopiu.net\/wordpress\/wp-json\/wp\/v2\/types\/post"}],"author":[{"embeddable":true,"href":"https:\/\/www.radiopiu.net\/wordpress\/wp-json\/wp\/v2\/users\/4"}],"replies":[{"embeddable":true,"href":"https:\/\/www.radiopiu.net\/wordpress\/wp-json\/wp\/v2\/comments?post=292922"}],"version-history":[{"count":0,"href":"https:\/\/www.radiopiu.net\/wordpress\/wp-json\/wp\/v2\/posts\/292922\/revisions"}],"wp:featuredmedia":[{"embeddable":true,"href":"https:\/\/www.radiopiu.net\/wordpress\/wp-json\/wp\/v2\/media\/292928"}],"wp:attachment":[{"href":"https:\/\/www.radiopiu.net\/wordpress\/wp-json\/wp\/v2\/media?parent=292922"}],"wp:term":[{"taxonomy":"category","embeddable":true,"href":"https:\/\/www.radiopiu.net\/wordpress\/wp-json\/wp\/v2\/categories?post=292922"},{"taxonomy":"post_tag","embeddable":true,"href":"https:\/\/www.radiopiu.net\/wordpress\/wp-json\/wp\/v2\/tags?post=292922"}],"curies":[{"name":"wp","href":"https:\/\/api.w.org\/{rel}","templated":true}]}}