{"id":292926,"date":"2022-08-15T23:59:24","date_gmt":"2022-08-15T21:59:24","guid":{"rendered":"https:\/\/www.radiopiu.net\/wordpress\/?p=292926"},"modified":"2022-08-15T18:02:07","modified_gmt":"2022-08-15T16:02:07","slug":"ventanni-fa-il-premio-pelmo-doro-alla-rivista-le-dolomiti-bellunesi","status":"publish","type":"post","link":"https:\/\/www.radiopiu.net\/wordpress\/ventanni-fa-il-premio-pelmo-doro-alla-rivista-le-dolomiti-bellunesi\/","title":{"rendered":"VENT\u2019ANNI FA IL PREMIO \u201cPELMO D\u2019ORO\u201d ALLA RIVISTA \u201cLE DOLOMITI BELLUNESI\u201d"},"content":{"rendered":"<p><strong>di RENATO BONA<\/strong><\/p>\n<p>\u201cNell\u2019anno internazionale delle montagne l\u2019Amministrazione Provinciale di Belluno ha deciso motu proprio, cio\u00e8 senza il coinvolgimento della Giuria, di assegnare il premio Pelmo d\u2019oro 2002 per la letteratura alpina alla Rivista \u201cLe Dolomiti Bellunesi con la seguente motivazione: \u201cNata nel 1978 come portavoce ufficiale delle 17 Sezioni Bellunesi del Club Alpino Italiano, ha saputo rappresentare in 25 anni di vita non solo il Sodalizio a cui si ispira, bens\u00ec allargare la sua sfera di competenze fino a penetrare a fondo nelle varie sfumature storiche; da quella alpinistica a quella sociale, da quella escursionistica a quella sulla grande epopea di guerra, dalle tradizioni ladine e bellunesi ai costumi, dalle leggende all\u2019arte, dalla geografia alla geologia, dalla flora e fauna al mondo misterioso degli oronimi completando ed arricchendo tutto ci\u00f2 che fa cultura alpina ed alpinistica nella Provincia di Belluno\u201d. Si apriva con questa importante notizia il numero 1 dell\u2019estate 2002 del semestrale \u201cLe Dolomiti Bellunesi\u201d (all\u2019epoca il direttore responsabile era Loris Santomaso. direttore editoriale Italo Zandonella Callegher, comitato di redazione con personaggi come Piergiorgio Cesco Frare, Sergio Claut, Cesare Larese, Giovanni Randi, lo stesso Santomaso, Armando Scolpel e Sergio Sommacal) che aveva dedicato la copertina alla riproduzione della splendida foto di Gabriele Vanin: \u201cll Pelmo illuminato dalla luna con la costellazione dell\u2019Aquila\u201d, il titolo \u201cPelmo d\u2019oro\u201d dedicato all\u2019evento-riconoscimento). A distanza di quattro lustri dalla stampa (Grafiche Antiga Cornuda) vogliamo ricordare che quel numero proponeva sotto il titolo: \u201cIl ladino e i ladini: tra scienza e autocoscienza\u201d un\u2019intervista di Gabriele Muscolino al prof. Johannes Kramer, docente di linguistica all\u2019universit\u00e0 tedesca di Treviri e autore, tra l\u2019altro, del monumentale \u201cDizionario etimologico del ladino dolomitico\u201d. Di seguito il servizio di Paolo Giacomel: \u201c1915-17. Il cirmolo-garitta dell\u2019alpino\u201d. Quello di Cesare Lasen: \u201c9 luglio 2001. Le sorprese di una montagna celeste. Salita al Monte Pelf da Cajada: una bella d\u2019erbe famiglia\u2026\u201d: quello di Dante Colli su: \u201cGli inizi alpinistici di Hans D\u00fclfer\u201d. Quindi, di Italo Zandonella Callegher: \u201cDolomitando 2002 dall\u2019Isarco al Piave\u201d e, a seguire: \u201cIl canto \u2018La Montanara\u201d di Lorenzo Bettiolo; \u201cNomi latini o deutonici?\u201d di Achille Carbogno; \u201cRicordi di giovent\u00f9\u2026 Il campanile di Brabante\u201d firmato da Paolo Pellegrini; \u201cI volontari feltrini alla Cengia Polin\u201d di Giorgio Tosato; \u201cViaggio aereo fra le torri piatte. Un\u2019avventura fuori dalle mode, sulle orme di \u2018Cliffhanger\u201d di Roberto Arosio e Marco di Tommaso. Proseguendo, Stefano Reolon \u00e8 autore di: \u201cOrientamento; l\u2019uso di carta e bussola\u201de Vittorino Mason di: \u201cLa traversata dei Monti del Sole\u201d ed Alberto Bertini di \u201cFormazioni geologiche dell\u2019alto Agordino\u201d, inquadramento generale, prima parte-Sotto il titolo generale \u201cSenza Barriere\u201d, Vito Pallabazzer ha scritto su: \u201cTra le cose che abbiamo perdute\u201d; Bortolo De Vido su: \u201cLe fornaci di San Vito\u201d; Armando Aste su: \u201cEtica dell\u2019arrampicata, Un bel problema\u201d; mons. Vincenzo Savio, lo scomparso vescovo di Belluno-Feltre, su: \u201cUn anno fa l\u2019inaugurazione del Sentiero Frassati\u201d; \u201cTeresa\u201d su: \u201cLettera d\u2019amore alla montagna\u201d; infine Paolo Lombardo su: \u201cIl Cai e l\u2019Anno internazionale delle montagne\u201d. Chiudeva la serie un servizio dedicato a: \u201cIl Rifugio \u2018Padova\u2019 in Val Talag\u00f3na. La rivista dedicava poi come di consueto largo spazio al notiziario delle varie Sezioni e alle recensioni. Da ultimo non dimentichiamo, visto che si \u00e8 iniziato con il \u201cPremio Pelmo d\u2019Oro\u201d, che nell\u2019edizione del 2002 il riconoscimento istituito dalla Provincia di Belluno &#8211; cerimonia della consegna sabato 3 agosto 2002 a Caprile &#8211; fu assegnato all\u2019unanimit\u00e0, per Alpinismo in attivit\u00e0 al triestino Mauro Bole \u201cBubu\u201d con la motivazione: \u201cArrampicatore solare, estroverso e audace, tra i massimi esponenti mondiali della scalata libera, ha portato nell&#8217;universo alpinistico il buon nome delle Dolomiti Bellunesi\u201d. Per la carriera alpinistica a: Sonia e Georges Livanos, con la motivazione: &#8220;Coppia d&#8217;oro sulle rocce e nella vita, ha fatto conoscere le Dolomiti Bellunesi al mondo alpinistico d&#8217;oltralpe, spesso legandosi con sincera amicizia alla corda di forti alpinisti bellunesi&#8221;. Infine il premio speciale era andato a Reinhold Messner con la motivazione: \u201cUniversalmente riconosciuto fra i pi\u00f9 grandi alpinisti, ha saputo esprimere la straordinaria capacit\u00e0 di valicare i confini di ci\u00f2 che molti ritenevano impossibile. Affezionato alle Dolomiti Bellunesi &#8211; terra delle sue radici materne &#8211; ha qui lasciato l&#8217;impronta indelebile del suo passaggio sia alpinistico che culturale&#8221;.<\/p>\n<p>&nbsp;<\/p>\n\n\t\t\t<style type='text\/css'>\n\t\t\t\t#gallery-1 {\n\t\t\t\t\tmargin: auto;\n\t\t\t\t}\n\t\t\t\t#gallery-1 .gallery-item {\n\t\t\t\t\tfloat: left;\n\t\t\t\t\tmargin-top: 10px;\n\t\t\t\t\ttext-align: center;\n\t\t\t\t\twidth: 20%;\n\t\t\t\t}\n\t\t\t\t#gallery-1 img {\n\t\t\t\t\tborder: 2px solid #cfcfcf;\n\t\t\t\t}\n\t\t\t\t#gallery-1 .gallery-caption {\n\t\t\t\t\tmargin-left: 0;\n\t\t\t\t}\n\t\t\t\t\/* see gallery_shortcode() in wp-includes\/media.php *\/\n\t\t\t<\/style>\n\t\t<div id='gallery-1' class='dt-gallery-container gallery galleryid-292926 gallery-columns-5 gallery-size-thumbnail'><dl class='gallery-item'>\n\t\t\t\t<dt class='gallery-icon portrait'>\n\t\t\t\t\t<a class=\"rollover\" href='https:\/\/www.radiopiu.net\/wordpress\/ventanni-fa-il-premio-pelmo-doro-alla-rivista-le-dolomiti-bellunesi\/299131130_3356276287925988_7709020138643683247_n\/'><img loading=\"lazy\" decoding=\"async\" width=\"150\" height=\"150\" src=\"https:\/\/www.radiopiu.net\/wordpress\/wp-content\/uploads\/2022\/08\/299131130_3356276287925988_7709020138643683247_n-150x150.jpg\" class=\"attachment-thumbnail size-thumbnail\" alt=\"\" \/><\/a>\n\t\t\t\t<\/dt><\/dl><dl class='gallery-item'>\n\t\t\t\t<dt class='gallery-icon portrait'>\n\t\t\t\t\t<a class=\"rollover\" href='https:\/\/www.radiopiu.net\/wordpress\/ventanni-fa-il-premio-pelmo-doro-alla-rivista-le-dolomiti-bellunesi\/299283677_3218672195042251_8899521993294373356_n\/'><img loading=\"lazy\" decoding=\"async\" width=\"150\" height=\"150\" src=\"https:\/\/www.radiopiu.net\/wordpress\/wp-content\/uploads\/2022\/08\/299283677_3218672195042251_8899521993294373356_n-150x150.jpg\" class=\"attachment-thumbnail size-thumbnail\" alt=\"\" \/><\/a>\n\t\t\t\t<\/dt><\/dl><dl class='gallery-item'>\n\t\t\t\t<dt class='gallery-icon landscape'>\n\t\t\t\t\t<a class=\"rollover\" href='https:\/\/www.radiopiu.net\/wordpress\/ventanni-fa-il-premio-pelmo-doro-alla-rivista-le-dolomiti-bellunesi\/299484301_1113178506221601_8726616494339360038_n\/'><img loading=\"lazy\" decoding=\"async\" width=\"150\" height=\"150\" src=\"https:\/\/www.radiopiu.net\/wordpress\/wp-content\/uploads\/2022\/08\/299484301_1113178506221601_8726616494339360038_n-150x150.jpg\" class=\"attachment-thumbnail size-thumbnail\" alt=\"\" \/><\/a>\n\t\t\t\t<\/dt><\/dl><dl class='gallery-item'>\n\t\t\t\t<dt class='gallery-icon portrait'>\n\t\t\t\t\t<a class=\"rollover\" href='https:\/\/www.radiopiu.net\/wordpress\/ventanni-fa-il-premio-pelmo-doro-alla-rivista-le-dolomiti-bellunesi\/299119225_1271092220305855_6472313348168225022_n\/'><img loading=\"lazy\" decoding=\"async\" width=\"150\" height=\"150\" src=\"https:\/\/www.radiopiu.net\/wordpress\/wp-content\/uploads\/2022\/08\/299119225_1271092220305855_6472313348168225022_n-150x150.jpg\" class=\"attachment-thumbnail size-thumbnail\" alt=\"\" \/><\/a>\n\t\t\t\t<\/dt><\/dl><dl class='gallery-item'>\n\t\t\t\t<dt class='gallery-icon portrait'>\n\t\t\t\t\t<a class=\"rollover\" href='https:\/\/www.radiopiu.net\/wordpress\/ventanni-fa-il-premio-pelmo-doro-alla-rivista-le-dolomiti-bellunesi\/299129943_585300843275841_4819201374415057381_n\/'><img loading=\"lazy\" decoding=\"async\" width=\"150\" height=\"150\" src=\"https:\/\/www.radiopiu.net\/wordpress\/wp-content\/uploads\/2022\/08\/299129943_585300843275841_4819201374415057381_n-150x150.jpg\" class=\"attachment-thumbnail size-thumbnail\" alt=\"\" \/><\/a>\n\t\t\t\t<\/dt><\/dl><br style=\"clear: both\" \/><dl class='gallery-item'>\n\t\t\t\t<dt class='gallery-icon portrait'>\n\t\t\t\t\t<a class=\"rollover\" href='https:\/\/www.radiopiu.net\/wordpress\/ventanni-fa-il-premio-pelmo-doro-alla-rivista-le-dolomiti-bellunesi\/298768673_1114018612856339_7344467089697564662_n\/'><img loading=\"lazy\" decoding=\"async\" width=\"150\" height=\"150\" src=\"https:\/\/www.radiopiu.net\/wordpress\/wp-content\/uploads\/2022\/08\/298768673_1114018612856339_7344467089697564662_n-150x150.jpg\" class=\"attachment-thumbnail size-thumbnail\" alt=\"\" \/><\/a>\n\t\t\t\t<\/dt><\/dl><dl class='gallery-item'>\n\t\t\t\t<dt class='gallery-icon landscape'>\n\t\t\t\t\t<a class=\"rollover\" href='https:\/\/www.radiopiu.net\/wordpress\/ventanni-fa-il-premio-pelmo-doro-alla-rivista-le-dolomiti-bellunesi\/299247586_730398538035620_6340396218685516853_n\/'><img loading=\"lazy\" decoding=\"async\" width=\"150\" height=\"150\" src=\"https:\/\/www.radiopiu.net\/wordpress\/wp-content\/uploads\/2022\/08\/299247586_730398538035620_6340396218685516853_n-150x150.jpg\" class=\"attachment-thumbnail size-thumbnail\" alt=\"\" \/><\/a>\n\t\t\t\t<\/dt><\/dl><dl class='gallery-item'>\n\t\t\t\t<dt class='gallery-icon portrait'>\n\t\t\t\t\t<a class=\"rollover\" href='https:\/\/www.radiopiu.net\/wordpress\/ventanni-fa-il-premio-pelmo-doro-alla-rivista-le-dolomiti-bellunesi\/299611936_2204024663090935_625596341807863921_n\/'><img loading=\"lazy\" decoding=\"async\" width=\"150\" height=\"150\" src=\"https:\/\/www.radiopiu.net\/wordpress\/wp-content\/uploads\/2022\/08\/299611936_2204024663090935_625596341807863921_n-150x150.jpg\" class=\"attachment-thumbnail size-thumbnail\" alt=\"\" \/><\/a>\n\t\t\t\t<\/dt><\/dl><dl class='gallery-item'>\n\t\t\t\t<dt class='gallery-icon portrait'>\n\t\t\t\t\t<a class=\"rollover\" href='https:\/\/www.radiopiu.net\/wordpress\/ventanni-fa-il-premio-pelmo-doro-alla-rivista-le-dolomiti-bellunesi\/299115013_626455798794094_630296652945567453_n\/'><img loading=\"lazy\" decoding=\"async\" width=\"150\" height=\"150\" src=\"https:\/\/www.radiopiu.net\/wordpress\/wp-content\/uploads\/2022\/08\/299115013_626455798794094_630296652945567453_n-150x150.jpg\" class=\"attachment-thumbnail size-thumbnail\" alt=\"\" \/><\/a>\n\t\t\t\t<\/dt><\/dl><dl class='gallery-item'>\n\t\t\t\t<dt class='gallery-icon landscape'>\n\t\t\t\t\t<a class=\"rollover\" href='https:\/\/www.radiopiu.net\/wordpress\/ventanni-fa-il-premio-pelmo-doro-alla-rivista-le-dolomiti-bellunesi\/298721588_2133312683538092_2904592219213628789_n\/'><img loading=\"lazy\" decoding=\"async\" width=\"150\" height=\"150\" src=\"https:\/\/www.radiopiu.net\/wordpress\/wp-content\/uploads\/2022\/08\/298721588_2133312683538092_2904592219213628789_n-150x150.jpg\" class=\"attachment-thumbnail size-thumbnail\" alt=\"\" \/><\/a>\n\t\t\t\t<\/dt><\/dl><br style=\"clear: both\" \/><dl class='gallery-item'>\n\t\t\t\t<dt class='gallery-icon portrait'>\n\t\t\t\t\t<a class=\"rollover\" href='https:\/\/www.radiopiu.net\/wordpress\/ventanni-fa-il-premio-pelmo-doro-alla-rivista-le-dolomiti-bellunesi\/298880443_1105575427034919_5462522924689536434_n\/'><img loading=\"lazy\" decoding=\"async\" width=\"150\" height=\"150\" src=\"https:\/\/www.radiopiu.net\/wordpress\/wp-content\/uploads\/2022\/08\/298880443_1105575427034919_5462522924689536434_n-150x150.jpg\" class=\"attachment-thumbnail size-thumbnail\" alt=\"\" \/><\/a>\n\t\t\t\t<\/dt><\/dl><dl class='gallery-item'>\n\t\t\t\t<dt class='gallery-icon landscape'>\n\t\t\t\t\t<a class=\"rollover\" href='https:\/\/www.radiopiu.net\/wordpress\/ventanni-fa-il-premio-pelmo-doro-alla-rivista-le-dolomiti-bellunesi\/299413290_3248756148687897_7501228714276701061_n\/'><img loading=\"lazy\" decoding=\"async\" width=\"150\" height=\"150\" src=\"https:\/\/www.radiopiu.net\/wordpress\/wp-content\/uploads\/2022\/08\/299413290_3248756148687897_7501228714276701061_n-150x150.jpg\" class=\"attachment-thumbnail size-thumbnail\" alt=\"\" \/><\/a>\n\t\t\t\t<\/dt><\/dl><dl class='gallery-item'>\n\t\t\t\t<dt class='gallery-icon landscape'>\n\t\t\t\t\t<a class=\"rollover\" href='https:\/\/www.radiopiu.net\/wordpress\/ventanni-fa-il-premio-pelmo-doro-alla-rivista-le-dolomiti-bellunesi\/298937349_862606071446930_4058546388403636224_n\/'><img loading=\"lazy\" decoding=\"async\" width=\"150\" height=\"150\" src=\"https:\/\/www.radiopiu.net\/wordpress\/wp-content\/uploads\/2022\/08\/298937349_862606071446930_4058546388403636224_n-150x150.jpg\" class=\"attachment-thumbnail size-thumbnail\" alt=\"\" \/><\/a>\n\t\t\t\t<\/dt><\/dl><dl class='gallery-item'>\n\t\t\t\t<dt class='gallery-icon portrait'>\n\t\t\t\t\t<a class=\"rollover\" href='https:\/\/www.radiopiu.net\/wordpress\/ventanni-fa-il-premio-pelmo-doro-alla-rivista-le-dolomiti-bellunesi\/298752070_792604935425603_7375585733043177776_n\/'><img loading=\"lazy\" decoding=\"async\" width=\"150\" height=\"150\" src=\"https:\/\/www.radiopiu.net\/wordpress\/wp-content\/uploads\/2022\/08\/298752070_792604935425603_7375585733043177776_n-150x150.jpg\" class=\"attachment-thumbnail size-thumbnail\" alt=\"\" \/><\/a>\n\t\t\t\t<\/dt><\/dl><dl class='gallery-item'>\n\t\t\t\t<dt class='gallery-icon portrait'>\n\t\t\t\t\t<a class=\"rollover\" href='https:\/\/www.radiopiu.net\/wordpress\/ventanni-fa-il-premio-pelmo-doro-alla-rivista-le-dolomiti-bellunesi\/299077399_1092078201398753_41148747129561384_n\/'><img loading=\"lazy\" decoding=\"async\" width=\"150\" height=\"150\" src=\"https:\/\/www.radiopiu.net\/wordpress\/wp-content\/uploads\/2022\/08\/299077399_1092078201398753_41148747129561384_n-150x150.jpg\" class=\"attachment-thumbnail size-thumbnail\" alt=\"\" \/><\/a>\n\t\t\t\t<\/dt><\/dl><br style=\"clear: both\" \/>\n\t\t\t<\/div>\n\n<p>NELLE FOTO (riproduzioni dal semestrale \u201cLe Dolomiti Bellunesi\u201d e siti Angeloelli.it, Planetmountain.it, Wikipedia): la copertina del primo numero 2002 della rivista \u201cLe Dolomiti Bellunesi\u201d; la motivazione del Premio della Provincia a \u201cLe Dolomiti Bellunesi\u201d per la letteratura alpina; il prof. Johannes Kramer; postazione italiana (foto Dino Colli); \u201csorprese di una montagna celeste\u201d (foto Cesare Lasen); Hans D\u00fclfer; fanciulle in costume agordino; Toni Ortelli autore del canto \u201cLa montanara\u201d (archivio fratelli Pedrotti Trento); Civetta: il Campanile di Brabante; dal Posto Polin verso l\u2019alta Val Traven\u00e0nzes dove \u00e8 visibile il Sasso Misterioso; sensazione strana quella del vuoto\u2026; il Bus de le N\u00e9ole (foto V. Mason); Mauro Bole \u201cBubu\u201d; Sonia e George Livanos; Reinhold Messner.<\/p>\n","protected":false},"excerpt":{"rendered":"<p>di RENATO BONA \u201cNell\u2019anno internazionale delle montagne l\u2019Amministrazione Provinciale di Belluno ha deciso motu proprio, cio\u00e8 senza il coinvolgimento della Giuria, di assegnare il premio Pelmo d\u2019oro 2002 per la letteratura alpina alla Rivista \u201cLe Dolomiti Bellunesi con la seguente motivazione: \u201cNata nel 1978 come portavoce ufficiale delle 17 Sezioni Bellunesi del Club Alpino Italiano,&hellip;<\/p>\n","protected":false},"author":4,"featured_media":292939,"comment_status":"closed","ping_status":"closed","sticky":false,"template":"","format":"standard","meta":{"_monsterinsights_skip_tracking":false,"_monsterinsights_sitenote_active":false,"_monsterinsights_sitenote_note":"","_monsterinsights_sitenote_category":0,"footnotes":""},"categories":[104,49],"tags":[],"class_list":["post-292926","post","type-post","status-publish","format-standard","has-post-thumbnail","hentry","category-evidenza_3","category-news-18","category-104","category-49","description-off"],"img_url":"https:\/\/www.radiopiu.net\/wordpress\/wp-content\/uploads\/2022\/08\/299611936_2204024663090935_625596341807863921_n.jpg","_links":{"self":[{"href":"https:\/\/www.radiopiu.net\/wordpress\/wp-json\/wp\/v2\/posts\/292926","targetHints":{"allow":["GET"]}}],"collection":[{"href":"https:\/\/www.radiopiu.net\/wordpress\/wp-json\/wp\/v2\/posts"}],"about":[{"href":"https:\/\/www.radiopiu.net\/wordpress\/wp-json\/wp\/v2\/types\/post"}],"author":[{"embeddable":true,"href":"https:\/\/www.radiopiu.net\/wordpress\/wp-json\/wp\/v2\/users\/4"}],"replies":[{"embeddable":true,"href":"https:\/\/www.radiopiu.net\/wordpress\/wp-json\/wp\/v2\/comments?post=292926"}],"version-history":[{"count":0,"href":"https:\/\/www.radiopiu.net\/wordpress\/wp-json\/wp\/v2\/posts\/292926\/revisions"}],"wp:featuredmedia":[{"embeddable":true,"href":"https:\/\/www.radiopiu.net\/wordpress\/wp-json\/wp\/v2\/media\/292939"}],"wp:attachment":[{"href":"https:\/\/www.radiopiu.net\/wordpress\/wp-json\/wp\/v2\/media?parent=292926"}],"wp:term":[{"taxonomy":"category","embeddable":true,"href":"https:\/\/www.radiopiu.net\/wordpress\/wp-json\/wp\/v2\/categories?post=292926"},{"taxonomy":"post_tag","embeddable":true,"href":"https:\/\/www.radiopiu.net\/wordpress\/wp-json\/wp\/v2\/tags?post=292926"}],"curies":[{"name":"wp","href":"https:\/\/api.w.org\/{rel}","templated":true}]}}