{"id":293006,"date":"2022-08-17T05:54:14","date_gmt":"2022-08-17T03:54:14","guid":{"rendered":"https:\/\/www.radiopiu.net\/wordpress\/?p=293006"},"modified":"2022-08-17T11:30:27","modified_gmt":"2022-08-17T09:30:27","slug":"giornale-radiopiu-17-agosto-2022-direttore-mirko-mezzacasa","status":"publish","type":"post","link":"https:\/\/www.radiopiu.net\/wordpress\/giornale-radiopiu-17-agosto-2022-direttore-mirko-mezzacasa\/","title":{"rendered":"GIORNALE RADIOPIU 17 AGOSTO 2022 DIRETTORE MIRKO MEZZACASA"},"content":{"rendered":"<h3 class=\"kvgmc6g5 cxmmr5t8 oygrvhab hcukyx3x c1et5uql\"><span style=\"color: #0000ff;\"><strong>RADIO PIU INFORMAZIONE il canale su TELEGRAM informazione di prima\u00a0 <\/strong><\/span><span style=\"color: #0000ff;\"><strong>mano e in tempo reale. iscriviti ed aiutaci a farlo conoscere\u00a0 \u00a0<\/strong><\/span><\/h3>\n<p>&nbsp;<\/p>\n<hr \/>\n<p>&nbsp;<\/p>\n<blockquote>\n<h3>LA POLEMICA CONTINUA, L&#8217;ENTE PARCO NON E&#8217; AMATO DA TUTTI. IL CENTRO MINERARIO DI VALLE IMPERINA SARA&#8217; ANCHE DI PROPRIETA&#8217; DEL COMUNE DI RIVAMONTE MA SUI SITI UFFICIALI VIENE PRESENTATO COME PECULIARITA&#8217; DEL PARCO NAZIONALE<\/h3>\n<p><em>Valle Imperina \u00e8 da sempre presentata come la porta del Parco Nazionale delle Dolomiti, ma adesso \u00e8 pi\u00f9 facile scaricare le responsabilit\u00e0 sul Comune di Rivamonte. Il Centro visitatori, senza una parte del tetto \u00e8 stato per anni presentato come il punto informazione e di riferimento del Parco<\/em><\/p>\n<blockquote>\n<blockquote><p>CENTRO VISITATORI, DALLA PAGINA UFFICIALE DEL PARCO<span style=\"color: #0000ff;\"><strong> <a style=\"color: #0000ff;\" href=\"https:\/\/www.dolomitipark.it\/?s=Centro+Visitatori+del+Parco+Nazionale\">CLICCA QUI<\/a><\/strong><\/span><\/p><\/blockquote>\n<\/blockquote>\n<div class=\"articlePlainText\"><a class=\"dt-pswp-item\" href=\"https:\/\/www.radiopiu.net\/wordpress\/wp-content\/uploads\/2022\/08\/df7c8a6e-d0eb-4676-b32f-326bbc1e1013-300x225-1.jpg\" data-dt-img-description=\"\" data-large_image_width=\"300\" data-large_image_height=\"225\"><img loading=\"lazy\" decoding=\"async\" class=\"wp-image-292977 alignleft\" src=\"https:\/\/www.radiopiu.net\/wordpress\/wp-content\/uploads\/2022\/08\/df7c8a6e-d0eb-4676-b32f-326bbc1e1013-300x225-1.jpg\" alt=\"\" width=\"212\" height=\"159\" \/><\/a>Ha superato le 180 condivisioni su Facebook il post di un appassionato bellunese di montagna e sport motoristici che, dopo il no del Parco alla Pedavena &#8211; Croce d&#8217;Aune, il giorno di Ferragosto ha percorso un tragitto dentro e attorno al Parco documentando con una quarantina di foto scattate al cellulare una serie di criticit\u00e0 ambientali. Dai cassonetti stracolmi di rifiuti &#8211; conferiti pure in modo errato &#8211; nell&#8217;isola ecologica di Pian Falcina all&#8217;ingresso del lago del Mis, alla presenza di un rumoroso generatore di elettricit\u00e0 a combustibile fossile; dalle tabelle del Parco circondate dall&#8217;erba alta alle reti da cantiere che da anni circondano lo scheletro del cantiere della centralina Valsabbia, fino allo stato di degrado dell&#8217;area mineraria di Valle Imperina. Il Parco s&#8217;affretta a dire\u00a0 che il centro di Valle Imperina non \u00e8 di propriet\u00e0 dell&#8217;ente ma del Comune di Rivamonte, ma \u00e8 altrettanto vero che il centro visitatori \u00e8 lo specchio del Parco Nazionale delle Dolomiti e cos\u00ec \u00e8 sempre stato presentato e da quattro anni, dopo Vaia, \u00e8 abbandonato al suo destino<\/div>\n<div><\/div>\n<div>\n<hr \/>\n<hr \/>\n<hr \/>\n<hr \/>\n<\/div>\n<div><\/div>\n<div>Ecco come\u00a0 \u00a0DAL SITO INTERNET: https:\/\/www.dolomitipark.it\/ si presenta con la gran cassa il sito minerario di Valle Imperina.<\/div>\n<div><strong>Contesto ambientale \u2013 Descrizione del sito:\u00a0<\/strong>l\u2019ex Centro minerario rientra nei confini amministrativi del Comune di Rivamonte Agordino e nel perimetro del Parco del quale segna uno dei punti di confine a nord; CLICCA QUI:\u00a0 <span style=\"color: #0000ff;\"><a style=\"color: #0000ff;\" href=\"https:\/\/www.dolomitipark.it\/natura-e-storia\/uomo\/architetture\/centro-minerario-di-valle-imperina\/\">CENTRO MINERARIO VALLE IMPERINA\u00a0\u00a0<\/a><\/span><\/div>\n<div><\/div>\n<div>\n<hr \/>\n<hr \/>\n<hr \/>\n<hr \/>\n<hr \/>\n<hr \/>\n<hr \/>\n<hr \/>\n<hr \/>\n<hr \/>\n<\/div>\n<div><\/div>\n<\/blockquote>\n<p>&nbsp;<\/p>\n<hr \/>\n<p>&nbsp;<\/p>\n<blockquote>\n<h3 class=\"entry-title\">LAVORI SULLA SP 347 DEL CEREDA E DURAN E SULLA SP 20 DELLA VAL FIORENTINA<\/h3>\n<\/blockquote>\n<p><strong class=\"photoswipe-wrapper\"><a class=\"dt-pswp-item pspw-wrap-ready\" href=\"https:\/\/www.radiopiu.net\/wordpress\/wp-content\/uploads\/2020\/05\/VENETO-STRADE.png\" data-dt-img-description=\"\" data-large_image_width=\"400\" data-large_image_height=\"400\"><img loading=\"lazy\" decoding=\"async\" class=\" wp-image-135574 alignleft\" src=\"https:\/\/www.radiopiu.net\/wordpress\/wp-content\/uploads\/2020\/05\/VENETO-STRADE-150x150.png\" sizes=\"auto, (max-width: 120px) 100vw, 120px\" srcset=\"https:\/\/www.radiopiu.net\/wordpress\/wp-content\/uploads\/2020\/05\/VENETO-STRADE-150x150.png 150w, https:\/\/www.radiopiu.net\/wordpress\/wp-content\/uploads\/2020\/05\/VENETO-STRADE-300x300.png 300w, https:\/\/www.radiopiu.net\/wordpress\/wp-content\/uploads\/2020\/05\/VENETO-STRADE.png 400w\" alt=\"\" width=\"120\" height=\"120\" \/><\/a><\/strong><strong>SEDICO\u00a0<\/strong>Veneto Strade comunica che a partire dal 22 agosto e fino al 28 ottobre la SP 347 del Passo Cereda e Duran sar\u00e0 a senso unico alternato nei comuni di Agordo e Taibon Agordino. Senso unico regolato da semaforo o movieri. La modifica alla viabilit\u00e0 \u00e8 necessaria per lavori di regimazione idraulica.<\/p>\n<p><strong>SEDICO<\/strong>\u00a0Lavori anche sulla SP 20 della Val Fiorentina in comune di Selva Di Cadore. Senso unico alternato regolato da semaforo per lavori di adeguamento geometrico funzionale dal 22 agosto al 30 settembre<\/p>\n<p>&nbsp;<\/p>\n<p>&nbsp;<\/p>\n<hr \/>\n<p>&nbsp;<\/p>\n<blockquote>\n<div class=\"page-title-head hgroup\">\n<h3 class=\"entry-title\">CAMBIANO GLI ORARI DEI PUNTI TAMPONI<\/h3>\n<\/div>\n<div class=\"page-title-breadcrumbs\"><strong>\u00a0BELLUNO<\/strong> Il Covid Point di Paludi sar\u00e0 attivo: marted\u00ec, gioved\u00ec, sabato, domenica\/festivi: dalle 8.30 alle 12.30. Rimane, invece, invariata l\u2019operativit\u00e0 degli altri Covid Point che saranno attivi con i seguenti orari: Feltre: luned\u00ec, mercoled\u00ec e venerd\u00ec (festivi esclusi), dalle 8.30 alle 12.30. Agordo: marted\u00ec e gioved\u00ec (festivi esclusi), dalle 8.30 alle 10.00. Tai di Cadore: marted\u00ec e gioved\u00ec (festivi esclusi), dalle 13.30 alle 15.30. Il tampone viene eseguito su prescrizione del medico curante e a seguito di prenotazione sul sito <a href=\"http:\/\/www.aulss1.veneto.it\/\">www.aulss1.veneto.it<\/a><\/div>\n<\/blockquote>\n<p>&nbsp;<\/p>\n<p>&nbsp;<\/p>\n<hr \/>\n<p>&nbsp;<\/p>\n<blockquote>\n<h3>ACQUA NON POTABILE A MOE&#8217; DI LASTE DI ROCCA PIETORE<\/h3>\n<\/blockquote>\n<p><strong>ROCCA PIETORE<\/strong> Gestione Servizi Pubblici informa che a ROCCA PIETORE in localit\u00e0 MOE\u2019 DI LASTE l&#8217;acqua erogata dall&#8217;acquedotto non \u00e8 potabile e pu\u00f2 essere usata per scopi alimentari SOLO PREVIA bollitura. GSP ha, comunque, gi\u00e0 adottato le necessarie misure per la disinfezione dell&#8217;acqua presente nei serbatoi e nella rete idrica con l&#8217;aggiunta di cloro.<\/p>\n<p>&nbsp;<\/p>\n<p>&nbsp;<\/p>\n<hr \/>\n<p>&nbsp;<\/p>\n<blockquote>\n<h3 class=\"entry-title\">DUE RAGAZZE IN OSPEDALE COLPITE DA UN\u2019AUTO, IL CONDUCENTE NON SI E\u2019 FERMATO<\/h3>\n<p><em>Scaraventate nel fosso. \u00c8 stato un militare della Guardia di finanza, a quell&#8217;ora fuori servizio, a sentire le loro richieste di aiuto e ad allertare i soccorsi. Le due ragazze sono gi\u00e0 state dimesse dall&#8217;ospedale, con prognosi variabili, ma fortunatamente non pesanti. Le ricerche del pirata da parte dei carabinieri sono in corso.<\/em><\/p><\/blockquote>\n<p><strong class=\"photoswipe-wrapper\"><a class=\"dt-pswp-item pspw-wrap-ready\" href=\"https:\/\/www.radiopiu.net\/wordpress\/wp-content\/uploads\/2022\/08\/th-3.jpg\" data-dt-img-description=\"\" data-large_image_width=\"474\" data-large_image_height=\"283\"><img loading=\"lazy\" decoding=\"async\" class=\"size-thumbnail wp-image-293094 alignleft\" src=\"https:\/\/www.radiopiu.net\/wordpress\/wp-content\/uploads\/2022\/08\/th-3-150x150.jpg\" alt=\"\" width=\"150\" height=\"150\" \/><\/a>LIMANA<\/strong> Nella serata di Ferragosto due ragazze feltrine, di cui una minorenne, stavano camminando lungo la provinciale 1 della Sinistra Piave (poco oltre la rotonda di Limana) quando sono state urtate da un\u2019auto. Una di loro \u00e8 stata medicata in ospedale per le ferite riportate (non gravi) l\u2019altra ha subito un intervento chirurgico. Entrambe sono state soccorse da una persona di passaggio. I Carabinieri di Trichiana hanno raccolto la denuncia e stanno cercando l\u2019automobilista che potrebbe anche non essersi accorto,\u00a0 di certo non si \u00e8 fermato a prestare soccorso. Il luogo dell\u2019incidente\u00a0 la provinciale 1 della Sinistra Piave, 100-200 metri oltre la rotatoria di Limana.\u00a0 Potrebbero rivelarsi importanti pezzi d\u2019auto rimasti sull\u2019asfalto. Sulla chat Belluno Viabilit\u00e0 (telegram)\u00a0 \u00e8 comparso l\u2019appello.\u201cnella serata di ieri 15 agosto ore 21:30 sul rettilineo di Limana sono state investite due ragazze da un auto che non si \u00e8 fermata a prestare soccorso. Si chiede a chi ha visto qualcosa o \u00e8 in possesso di informazioni utili ad individuare i responsabili di mettersi in contatto con le forze dell\u2019ordine. Sul luogo dell\u2019incidente sono intervenuti i Carabinieri di Trichiana\u201d.\u00a0 La Procura della Repubblica ha aperto un fascicolo, al momento contro ignoti, per le ipotesi di reato di lesioni stradali e omissione di soccorso.<\/p>\n<blockquote><p>Il pap\u00e0 della 17enne sui social:\u00a0 \u00abChiedo attenzione: nei pressi di Limana, vicino al kebab, mia figlia ieri sera \u00e8 stata investita da un&#8217;auto, il cui conducente \u00e8 scappato. Se qualche residente ha una telecamera, che inquadra la strada, gentilmente contatti i carabinieri o me in privato, grazie. Se il guidatore legger\u00e0 questo messaggio e ha una coscienza, sappia che una ragazza non si lascia abbandonata a terra\u00bb. Sotto un post scriptum: \u00abUn consiglio: vai dai carabinieri di tua spontanea volont\u00e0\u00bb.<\/p><\/blockquote>\n<p>&nbsp;<\/p>\n<hr \/>\n<p>&nbsp;<\/p>\n<blockquote>\n<h3>E&#8217; MORTO GIORDANO DE BIASIO<\/h3>\n<\/blockquote>\n<p><strong><a class=\"dt-pswp-item\" href=\"https:\/\/www.radiopiu.net\/wordpress\/wp-content\/uploads\/2022\/08\/0.jpg\" data-dt-img-description=\"\" data-large_image_width=\"1059\" data-large_image_height=\"1280\"><img loading=\"lazy\" decoding=\"async\" class=\"size-thumbnail wp-image-293133 alignleft\" src=\"https:\/\/www.radiopiu.net\/wordpress\/wp-content\/uploads\/2022\/08\/0-150x150.jpg\" alt=\"\" width=\"150\" height=\"150\" \/><\/a>ROCCA PIETORE<\/strong><\/p>\n<p>di Gianni Santomaso<\/p>\n<audio class=\"wp-audio-shortcode\" id=\"audio-293006-1\" preload=\"none\" style=\"width: 100%;\" controls=\"controls\"><source type=\"audio\/mpeg\" src=\"https:\/\/www.radiopiu.net\/wordpress\/wp-content\/uploads\/2022\/08\/GIANNI-E-MORTO-GIORDANO-DE-BIASIO.mp3?_=1\" \/><a href=\"https:\/\/www.radiopiu.net\/wordpress\/wp-content\/uploads\/2022\/08\/GIANNI-E-MORTO-GIORDANO-DE-BIASIO.mp3\">https:\/\/www.radiopiu.net\/wordpress\/wp-content\/uploads\/2022\/08\/GIANNI-E-MORTO-GIORDANO-DE-BIASIO.mp3<\/a><\/audio>\n<p>&nbsp;<\/p>\n<hr \/>\n<p>&nbsp;<\/p>\n<blockquote>\n<h3>SCOMPARSA LUCIO TALAMINI. ARCHITETTO NELLA MENTE E NEL CUORE<\/h3>\n<\/blockquote>\n<p><strong><a class=\"dt-pswp-item\" href=\"https:\/\/www.radiopiu.net\/wordpress\/wp-content\/uploads\/2022\/08\/tala.jpg\" data-dt-img-description=\"\" data-large_image_width=\"275\" data-large_image_height=\"283\"><img loading=\"lazy\" decoding=\"async\" class=\" wp-image-293204 alignleft\" src=\"https:\/\/www.radiopiu.net\/wordpress\/wp-content\/uploads\/2022\/08\/tala-150x150.jpg\" alt=\"\" width=\"120\" height=\"120\" \/><\/a>BELLUNO <\/strong>&#8220;<em>La creativit\u00e0, nel lavoro come nella vita, era il suo tratto. Un vero architetto, nella mente e nel cuore, dall&#8217;energia inesauribile. Lascia un vuoto incolmabile in tutti noi. Siamo increduli e da oggi molto pi\u00f9 poveri per questa prematura scomparsa<\/em>&#8220;. Cos\u00ec Lorraine Berton, presidente di Confindustria Belluno Dolomiti, ricorda Lucio Talamini, l&#8217;architetto zoldano morto all&#8217;et\u00e0 di 66 anni. &#8220;<em>Lucio \u00e8 sempre stato un amico autentico, personale e dell\u2019Associazione, alla quale era iscritto da anni e dove non ha mai mancato di condividere idee e progetti che avevano sempre una visione di ampio respiro, a volte addirittura avveniristici e al limite della provocazione intellettuale. La sua intelligenza rara era accompagnata da grande umanit\u00e0, caratteristiche che lo rendevano unico<\/em>&#8220;. Talamini era stato anche componente del consiglio generale dell&#8217;Associazione nominato dal consiglio di presidenza guidato da Luca Barbini. I funerali si svolgeranno oggi a Val di Zoldo.<\/p>\n<p>&nbsp;<\/p>\n<p>&nbsp;<\/p>\n<hr \/>\n<p>&nbsp;<\/p>\n<blockquote>\n<h3>LA COMUNITA&#8217; DI ROCCA PIETORE PIANGE FABRIZIO BERTON<\/h3>\n<\/blockquote>\n<p><strong><a class=\"dt-pswp-item\" href=\"https:\/\/www.radiopiu.net\/wordpress\/wp-content\/uploads\/2022\/08\/Schermata-2022-08-14-alle-21.25.02.png\" data-dt-img-description=\"\" data-large_image_width=\"706\" data-large_image_height=\"684\"><img loading=\"lazy\" decoding=\"async\" class=\"size-thumbnail wp-image-292830 alignleft\" src=\"https:\/\/www.radiopiu.net\/wordpress\/wp-content\/uploads\/2022\/08\/Schermata-2022-08-14-alle-21.25.02-150x150.png\" alt=\"\" width=\"150\" height=\"150\" \/><\/a>ROCCA PIETORE<\/strong><\/p>\n<p>di Gianni Santomaso<\/p>\n<audio class=\"wp-audio-shortcode\" id=\"audio-293006-2\" preload=\"none\" style=\"width: 100%;\" controls=\"controls\"><source type=\"audio\/mpeg\" src=\"https:\/\/www.radiopiu.net\/wordpress\/wp-content\/uploads\/2022\/08\/GIANNI-LA-COMUNITA-DI-ROCCA-PIETORE-PIANGE-LUCIANO-BERTON.mp3?_=2\" \/><a href=\"https:\/\/www.radiopiu.net\/wordpress\/wp-content\/uploads\/2022\/08\/GIANNI-LA-COMUNITA-DI-ROCCA-PIETORE-PIANGE-LUCIANO-BERTON.mp3\">https:\/\/www.radiopiu.net\/wordpress\/wp-content\/uploads\/2022\/08\/GIANNI-LA-COMUNITA-DI-ROCCA-PIETORE-PIANGE-LUCIANO-BERTON.mp3<\/a><\/audio>\n<p>&nbsp;<\/p>\n<p>&nbsp;<\/p>\n<hr \/>\n<p>&nbsp;<\/p>\n<blockquote>\n<h3>LUSSAZIONE DI UNA SPALLA SULLA FERRATA ALLEGHESI<\/h3>\n<\/blockquote>\n<p><strong><a class=\"dt-pswp-item\" href=\"https:\/\/www.radiopiu.net\/wordpress\/wp-content\/uploads\/2021\/08\/salt-2.jpg\" data-dt-img-description=\"\" data-large_image_width=\"1080\" data-large_image_height=\"810\"><img loading=\"lazy\" decoding=\"async\" class=\" wp-image-228368 alignleft\" src=\"https:\/\/www.radiopiu.net\/wordpress\/wp-content\/uploads\/2021\/08\/salt-2-150x150.jpg\" alt=\"\" width=\"104\" height=\"104\" \/><\/a>VAL DI ZOLDO<\/strong> Attorno alle 14 di ieri la Centrale del Suem \u00e8 stata allertata per un escursionista che, messo male un braccio risalendo con tre amici la Ferrata degli Alleghesi in Civetta, aveva riportato la probabile lussazione di una spalla. Individuato a 2.700 metri di altitudine il punto in cui si trovava il 34enne di Padova, all&#8217;altezza del secondo camino, l&#8217;elicottero del Suem di Pieve di Cadore ha calato il tecnico di elisoccorso con un verricello di 60 metri. L&#8217;infortunato \u00e8 stato quindi imbarcato &#8211; assieme a lui uno dei compagni per una successiva eventuale assistenza &#8211; e trasportato all&#8217;ospedale di Agordo. Gli altri due amici hanno proseguito in autonomia.<\/p>\n<p><strong>CORTINA<\/strong> Ieri verso le 15 una squadra del Soccorso alpino di Cortina ha raggiunto con il fuoristrada la falesia del Piccolo Lagazuoi, dove una freeclimber, messo male un piede, aveva riportato la probabile slogatura della caviglia. La 31enne di Spinea (VE) \u00e8 stata quindi accompagnata all\u2019ospedale di Cortina.<\/p>\n<p>&nbsp;<\/p>\n<p>&nbsp;<\/p>\n<hr \/>\n<p>&nbsp;<\/p>\n<blockquote>\n<h3>BRUTTA AVVENTURA PER UN ESCURSIONISTA IN VAL DUMELA<\/h3>\n<\/blockquote>\n<p><strong><a class=\"dt-pswp-item\" href=\"https:\/\/www.radiopiu.net\/wordpress\/wp-content\/uploads\/2022\/08\/salt_20220816_190343_494.jpg\" data-dt-img-description=\"\" data-large_image_width=\"1773\" data-large_image_height=\"2364\"><img loading=\"lazy\" decoding=\"async\" class=\"alignleft wp-image-293100 \" src=\"https:\/\/www.radiopiu.net\/wordpress\/wp-content\/uploads\/2022\/08\/salt_20220816_190343_494-225x300.jpg\" alt=\"\" width=\"168\" height=\"224\" srcset=\"https:\/\/www.radiopiu.net\/wordpress\/wp-content\/uploads\/2022\/08\/salt_20220816_190343_494-225x300.jpg 225w, https:\/\/www.radiopiu.net\/wordpress\/wp-content\/uploads\/2022\/08\/salt_20220816_190343_494-768x1024.jpg 768w, https:\/\/www.radiopiu.net\/wordpress\/wp-content\/uploads\/2022\/08\/salt_20220816_190343_494-1152x1536.jpg 1152w, https:\/\/www.radiopiu.net\/wordpress\/wp-content\/uploads\/2022\/08\/salt_20220816_190343_494-1536x2048.jpg 1536w, https:\/\/www.radiopiu.net\/wordpress\/wp-content\/uploads\/2022\/08\/salt_20220816_190343_494.jpg 1773w\" sizes=\"auto, (max-width: 168px) 100vw, 168px\" \/><\/a>QUERO<\/strong> Impegnato lungo l&#8217;Alta Via degli Eroi dopo essere partito luned\u00ec da Porcen e aver pernottato a Malga Paoda, ieri mattina un 28enne di Bari ha deciso di raggiungere la Val Dumela percorrendo la Cengia di Prada, un sentiero esposto con alcuni tratti attrezzati. Dopo aver oltrepassato una rampa erbosa dritta, resa scivolosa dalla pioggia, il ragazzo\u00a0 \u00e8 riuscito a superare un primo canalino attrezzato, ma subito dopo si \u00e8 sbilanciato e tenda e zaino sono ruzzolati a valle. Il giovane ha recuperato la tenda \u00e8 risalito per tornare alla malga. Purtroppo arrivato al canale \u00e8 scivolato ruzzolando una ventina di metri e perdendo nuovamente la tenda. Pur dolorante per le escoriazioni riportate e le botte prese \u00e8 salito ancora sul sentiero ed \u00e8 tornato a Malga Paoda dove, ancora provato dall&#8217;esperienza, ha contattato il 118 \u00e8 chiesto aiuto per recuperate lo zaino contenete i suoi effetti personali. Allertata verso le 13.20 una squadra del Soccorso alpino di Feltre ha raggiunto il ragazzo e con lui, assicurato con la corda nel tratto pi\u00f9 impegnativo, si \u00e8 fatta guidare fino al punto dove aveva perso lo zaino. I soccorritori sono quindi scesi e glielo hanno recuperato per poi ritrovare per lui anche la tenda. Infine la squadra \u00e8 rientrata con il giovane a valle e lo ha accompagnato al pronto soccorso per le opportune verifiche.<\/p>\n<p>&nbsp;<\/p>\n<hr \/>\n<p>&nbsp;<\/p>\n<blockquote>\n<h3>PAOLA CAMPANARO DI NUOVO TRA LE MURA DI CASA<\/h3>\n<\/blockquote>\n<p><strong>BELLUNO<\/strong> Paola Campanaro, vedova di Gianbattista Arrigoni\u00a0 (classe 1929) \u00e8 tornata a casa. Ai primi di agosto, l&#8217;anziana era rimasta intossicata, durante l&#8217;incendio del quadro elettrico colpito da un fulmine nel corso di un violentissimo temporale. Il marito e la cagnolina Lea hanno perso la vita per l&#8217;inalazione di monossido di carbonio, mentre lei si \u00e8 salvata.\u00a0 Determinante il successivo ricorso alla camera iperbarica di Mestre.<\/p>\n<p>&nbsp;<\/p>\n<hr \/>\n<p>&nbsp;<\/p>\n<p>&nbsp;<\/p>\n<blockquote>\n<h3><a class=\"dt-pswp-item\" href=\"https:\/\/www.radiopiu.net\/wordpress\/wp-content\/uploads\/2022\/08\/ciae_3.png\" data-dt-img-description=\"\" data-large_image_width=\"980\" data-large_image_height=\"450\"><img loading=\"lazy\" decoding=\"async\" class=\"wp-image-293122 alignleft\" src=\"https:\/\/www.radiopiu.net\/wordpress\/wp-content\/uploads\/2022\/08\/ciae_3-300x138.png\" alt=\"\" width=\"276\" height=\"127\" srcset=\"https:\/\/www.radiopiu.net\/wordpress\/wp-content\/uploads\/2022\/08\/ciae_3-300x138.png 300w, https:\/\/www.radiopiu.net\/wordpress\/wp-content\/uploads\/2022\/08\/ciae_3-768x353.png 768w, https:\/\/www.radiopiu.net\/wordpress\/wp-content\/uploads\/2022\/08\/ciae_3.png 980w\" sizes=\"auto, (max-width: 276px) 100vw, 276px\" \/><\/a>SUL VERSANTE TRENTINO FRANA SUL GRUPPO MARMOLADA, NESSUNA PERSONA COINVOLTA<\/h3>\n<\/blockquote>\n<p><em>Una grossa frana \u00e8 crollata a valle da Cima dell&#8217;Uomo nel Gruppo della Marmolada sul versante che d\u00e0 verso la Val di Fassa.\u00a0<\/em><\/p>\n<p><strong>POZZA DI FASSA<\/strong> Il distacco \u00e8 avvenuto verso la valle di San Nicol\u00f2 da Cima dell&#8217;Uomo. L&#8217;allerta \u00e8 scattata intorno alle 17.20 e subito sul posto si \u00e8 portato un elicottero per verificare lo stato della parete e l&#8217;eventuale coinvolgimento di possibili escursionisti Il\u00a0boato si \u00e8 sentito in tutta la zona\u00a0e la\u00a0nube di polvere e detriti si \u00e8 alzata per diversi metri, ben visibile anche a valle.<\/p>\n<p>&nbsp;<\/p>\n<p>&nbsp;<\/p>\n<hr \/>\n<p>&nbsp;<\/p>\n<blockquote>\n<h3>L&#8217;ATTACCO DEL LUPO SOTTO IL DOLADA, SBRANATI 15 OVINI<\/h3>\n<\/blockquote>\n<p><strong>ALPAGO<\/strong> Solita solfa: il lupo attacca sulle pendici del monte Dolada. Sono una quindicina, tra pecore agnelli, i capi uccisi mentre si trovavano in un recinto all&#8217;alpeggio. Altri ovini risultano ancora dispersi nella zona della Regola di Plois Curago, proprietario dei terreni Davide Bortoluzzi, titolare di un&#8217;azienda di allevamento e produzione di latticini a Sitran. Il recinto purtroppo non \u00e8 bastato a sventare l&#8217;attacco dei lupi<\/p>\n<p>&nbsp;<\/p>\n<hr \/>\n<p>&nbsp;<\/p>\n<blockquote>\n<h3 class=\"entry-title\">LEONARDO MARIA DEL VECCHIO, FUTURO DA PILOTA?<\/h3>\n<\/blockquote>\n<div class=\"header-details-wrapper\">\n<div class=\"entry-header-details\">\n<div class=\"post-excerpt\">\n<p><strong>MILANO<\/strong>\u00a0 Leonardo Maria Del Vecchio corre sul Circuito Paul Ricard, vicino a Saint-Tropez, con una Ferrari Monza sp, 499 esemplari nel mondo, valore 1,6 milioni di euro. La stessa che possiede anche il calciatore Zlatan Ibrahimovic (FOTO CAMPANINEWS.IT)<\/p>\n<p class=\"photoswipe-wrapper\"><a class=\"dt-pswp-item pspw-wrap-ready\" href=\"https:\/\/www.radiopiu.net\/wordpress\/wp-content\/uploads\/2022\/08\/leonardo-maria-del-vecchio-come-ibra-in-pista-sulla-sua-ferrari-monza-a-le-castellet.jpg\" data-dt-img-description=\"\" data-large_image_width=\"656\" data-large_image_height=\"489\"><img loading=\"lazy\" decoding=\"async\" class=\"alignnone size-thumbnail wp-image-293113\" src=\"https:\/\/www.radiopiu.net\/wordpress\/wp-content\/uploads\/2022\/08\/leonardo-maria-del-vecchio-come-ibra-in-pista-sulla-sua-ferrari-monza-a-le-castellet-150x150.jpg\" alt=\"\" width=\"150\" height=\"150\" \/><\/a><a class=\"dt-pswp-item pspw-wrap-ready\" href=\"https:\/\/www.radiopiu.net\/wordpress\/wp-content\/uploads\/2022\/08\/113348323-d4e320c9-a7f7-4f65-800a-6993532cc555.jpg\" data-dt-img-description=\"\" data-large_image_width=\"260\" data-large_image_height=\"260\"><img loading=\"lazy\" decoding=\"async\" class=\"alignnone size-thumbnail wp-image-293114\" src=\"https:\/\/www.radiopiu.net\/wordpress\/wp-content\/uploads\/2022\/08\/113348323-d4e320c9-a7f7-4f65-800a-6993532cc555-150x150.jpg\" sizes=\"auto, (max-width: 150px) 100vw, 150px\" srcset=\"https:\/\/www.radiopiu.net\/wordpress\/wp-content\/uploads\/2022\/08\/113348323-d4e320c9-a7f7-4f65-800a-6993532cc555-150x150.jpg 150w, https:\/\/www.radiopiu.net\/wordpress\/wp-content\/uploads\/2022\/08\/113348323-d4e320c9-a7f7-4f65-800a-6993532cc555.jpg 260w\" alt=\"\" width=\"150\" height=\"150\" \/><\/a><\/p>\n<p>&nbsp;<\/p>\n<hr \/>\n<p>&nbsp;<\/p>\n<blockquote>\n<h2>VERREBBE VOGLIA I PARAFRASARE I BELUMAT&#8230;. LE SQUAZE LE RESTA QUA<\/h2>\n<\/blockquote>\n<\/div>\n<div class=\"post-excerpt\">\n<div class=\"par\">\n<div class=\"ll-14-2\">L&#8217;arie buone son l\u00e0 pronte solo per farsi respirar<\/div>\n<div class=\"ll-14-3\">Le merende spariscono, sgranano e scannano le ganasce.<\/div>\n<div class=\"ll-14-4\">Resta un cesso di immondizie: cicche, piatti e scatolette.<\/div>\n<div class=\"ll-14-5\">Le merende spariscono, sgranano e scannano le ganasce.<\/div>\n<div class=\"ll-14-6\">Resta un cesso di immondizie: cicche, piatti e scatolette.<\/div>\n<\/div>\n<div class=\"par\">\n<div class=\"ll-15-1\">La gente se ne va&#8230; la merda resta qua!<\/div>\n<div class=\"ll-15-2\">Guarda che roba, qua, villico! Cosa dici di tutta &#8216;sta porcheria, ah?<\/div>\n<\/div>\n<p>&nbsp;<\/p>\n<div style=\"width: 848px;\" class=\"wp-video\"><video class=\"wp-video-shortcode\" id=\"video-293006-1\" width=\"848\" height=\"480\" preload=\"metadata\" controls=\"controls\"><source type=\"video\/mp4\" src=\"https:\/\/www.radiopiu.net\/wordpress\/wp-content\/uploads\/2022\/08\/WhatsApp-Video-2022-08-16-at-19.23.29.mp4?_=1\" \/><a href=\"https:\/\/www.radiopiu.net\/wordpress\/wp-content\/uploads\/2022\/08\/WhatsApp-Video-2022-08-16-at-19.23.29.mp4\">https:\/\/www.radiopiu.net\/wordpress\/wp-content\/uploads\/2022\/08\/WhatsApp-Video-2022-08-16-at-19.23.29.mp4<\/a><\/video><\/div>\n<p>&nbsp;<\/p>\n<hr \/>\n<p>&nbsp;<\/p>\n<blockquote>\n<h3>NON E&#8217; LA STAGIONE IDEALE PER PROMUOVERE IL TURISMO A TAIBON AGORDINO<\/h3>\n<p><em>Non \u00e8 cosa difficile da intuire, nemmeno per chi non \u00e8 esperto o professionista della materia<\/em><\/p><\/blockquote>\n<p><strong>TAIBON<\/strong> D&#8217;accordo che la bella stagione dura poco, ma anche i cantieri sulle autostrade a ferragosto chiudono. Come biglietto da visita\u00a0 in piena stagione non \u00e8 il massimo. Speriamo che per il futuro il paese, visto gli importanti lavori si presenti in modo pi\u00f9 decoroso, al turista e al valligiano in transito verso la Valle di San Lucano<\/p>\n\n\t\t\t<style type='text\/css'>\n\t\t\t\t#gallery-1 {\n\t\t\t\t\tmargin: auto;\n\t\t\t\t}\n\t\t\t\t#gallery-1 .gallery-item {\n\t\t\t\t\tfloat: left;\n\t\t\t\t\tmargin-top: 10px;\n\t\t\t\t\ttext-align: center;\n\t\t\t\t\twidth: 50%;\n\t\t\t\t}\n\t\t\t\t#gallery-1 img {\n\t\t\t\t\tborder: 2px solid #cfcfcf;\n\t\t\t\t}\n\t\t\t\t#gallery-1 .gallery-caption {\n\t\t\t\t\tmargin-left: 0;\n\t\t\t\t}\n\t\t\t\t\/* see gallery_shortcode() in wp-includes\/media.php *\/\n\t\t\t<\/style>\n\t\t<div id='gallery-1' class='dt-gallery-container gallery galleryid-293006 gallery-columns-2 gallery-size-thumbnail'><dl class='gallery-item'>\n\t\t\t\t<dt class='gallery-icon portrait'>\n\t\t\t\t\t<a class=\"rollover rollover-zoom dt-pswp-item\" title=\"856bccd9-3ba9-4d6a-87c4-55bd1ff60541\" data-dt-img-description=\"\" data-large_image_width=\"1200\" data-large_image_height=\"1599\"href='https:\/\/www.radiopiu.net\/wordpress\/wp-content\/uploads\/2022\/08\/856bccd9-3ba9-4d6a-87c4-55bd1ff60541-1.jpg'><img loading=\"lazy\" decoding=\"async\" width=\"150\" height=\"150\" src=\"https:\/\/www.radiopiu.net\/wordpress\/wp-content\/uploads\/2022\/08\/856bccd9-3ba9-4d6a-87c4-55bd1ff60541-1-150x150.jpg\" class=\"attachment-thumbnail size-thumbnail\" alt=\"\" aria-describedby=\"gallery-1-293147\" \/><\/a>\n\t\t\t\t<\/dt>\n\t\t\t\t\t<dd class='wp-caption-text gallery-caption' id='gallery-1-293147'>\n\t\t\t\t\tVILLANOVA, PER FORNO VAL E VALLE SI SAN LUCANO\n\t\t\t\t\t<\/dd><\/dl><dl class='gallery-item'>\n\t\t\t\t<dt class='gallery-icon portrait'>\n\t\t\t\t\t<a class=\"rollover rollover-zoom dt-pswp-item\" title=\"135d0920-175d-4203-bb52-cf1387425ffc\" data-dt-img-description=\"\" data-large_image_width=\"1200\" data-large_image_height=\"1599\"href='https:\/\/www.radiopiu.net\/wordpress\/wp-content\/uploads\/2022\/08\/135d0920-175d-4203-bb52-cf1387425ffc-1.jpg'><img loading=\"lazy\" decoding=\"async\" width=\"150\" height=\"150\" src=\"https:\/\/www.radiopiu.net\/wordpress\/wp-content\/uploads\/2022\/08\/135d0920-175d-4203-bb52-cf1387425ffc-1-150x150.jpg\" class=\"attachment-thumbnail size-thumbnail\" alt=\"\" aria-describedby=\"gallery-1-293146\" \/><\/a>\n\t\t\t\t<\/dt>\n\t\t\t\t\t<dd class='wp-caption-text gallery-caption' id='gallery-1-293146'>\n\t\t\t\t\tPONTE PER GLI IMPIANTI SPORTIVI\n\t\t\t\t\t<\/dd><\/dl><br style=\"clear: both\" \/><dl class='gallery-item'>\n\t\t\t\t<dt class='gallery-icon portrait'>\n\t\t\t\t\t<a class=\"rollover rollover-zoom dt-pswp-item\" title=\"ceaee23f-b3b1-4d70-8ddd-91bd72f5dc94\" data-dt-img-description=\"\" data-large_image_width=\"1200\" data-large_image_height=\"1599\"href='https:\/\/www.radiopiu.net\/wordpress\/wp-content\/uploads\/2022\/08\/ceaee23f-b3b1-4d70-8ddd-91bd72f5dc94-1.jpg'><img loading=\"lazy\" decoding=\"async\" width=\"150\" height=\"150\" src=\"https:\/\/www.radiopiu.net\/wordpress\/wp-content\/uploads\/2022\/08\/ceaee23f-b3b1-4d70-8ddd-91bd72f5dc94-1-150x150.jpg\" class=\"attachment-thumbnail size-thumbnail\" alt=\"\" aria-describedby=\"gallery-1-293144\" \/><\/a>\n\t\t\t\t<\/dt>\n\t\t\t\t\t<dd class='wp-caption-text gallery-caption' id='gallery-1-293144'>\n\t\t\t\t\tACCESSO AL LAGHETTO PESCHIERE: CHIUSO\n\t\t\t\t\t<\/dd><\/dl><dl class='gallery-item'>\n\t\t\t\t<dt class='gallery-icon portrait'>\n\t\t\t\t\t<a class=\"rollover rollover-zoom dt-pswp-item\" title=\"467c1634-6a7c-427b-848c-205970986f4e\" data-dt-img-description=\"\" data-large_image_width=\"1536\" data-large_image_height=\"2048\"href='https:\/\/www.radiopiu.net\/wordpress\/wp-content\/uploads\/2022\/08\/467c1634-6a7c-427b-848c-205970986f4e-1.jpg'><img loading=\"lazy\" decoding=\"async\" width=\"150\" height=\"150\" src=\"https:\/\/www.radiopiu.net\/wordpress\/wp-content\/uploads\/2022\/08\/467c1634-6a7c-427b-848c-205970986f4e-1-150x150.jpg\" class=\"attachment-thumbnail size-thumbnail\" alt=\"\" aria-describedby=\"gallery-1-293145\" \/><\/a>\n\t\t\t\t<\/dt>\n\t\t\t\t\t<dd class='wp-caption-text gallery-caption' id='gallery-1-293145'>\n\t\t\t\t\tCENTRO\n\t\t\t\t\t<\/dd><\/dl><br style=\"clear: both\" \/>\n\t\t\t<\/div>\n\n<p>&nbsp;<\/p>\n<p>&nbsp;<\/p>\n<hr \/>\n<p>&nbsp;<\/p>\n<blockquote>\n<h3>TUTTO PRONTO PER LA POSA DEL PONTE SUL CORDEVOLE<\/h3>\n<\/blockquote>\n<p><strong>TAIBON<\/strong> In Via Foch, tutto pronto per la posa del ponte ciclopedonale sul Cordevole, unir\u00e0 le sponde tra in Comuni di Agordo e Taibon<\/p>\n\n\t\t\t<style type='text\/css'>\n\t\t\t\t#gallery-2 {\n\t\t\t\t\tmargin: auto;\n\t\t\t\t}\n\t\t\t\t#gallery-2 .gallery-item {\n\t\t\t\t\tfloat: left;\n\t\t\t\t\tmargin-top: 10px;\n\t\t\t\t\ttext-align: center;\n\t\t\t\t\twidth: 50%;\n\t\t\t\t}\n\t\t\t\t#gallery-2 img {\n\t\t\t\t\tborder: 2px solid #cfcfcf;\n\t\t\t\t}\n\t\t\t\t#gallery-2 .gallery-caption {\n\t\t\t\t\tmargin-left: 0;\n\t\t\t\t}\n\t\t\t\t\/* see gallery_shortcode() in wp-includes\/media.php *\/\n\t\t\t<\/style>\n\t\t<div id='gallery-2' class='dt-gallery-container gallery galleryid-293006 gallery-columns-2 gallery-size-thumbnail'><dl class='gallery-item'>\n\t\t\t\t<dt class='gallery-icon landscape'>\n\t\t\t\t\t<a class=\"rollover rollover-zoom dt-pswp-item\" title=\"509d82b7-a2af-441a-8f9a-c5e70d53504b\" data-dt-img-description=\"\" data-large_image_width=\"1920\" data-large_image_height=\"1080\"href='https:\/\/www.radiopiu.net\/wordpress\/wp-content\/uploads\/2022\/08\/509d82b7-a2af-441a-8f9a-c5e70d53504b.jpg'><img loading=\"lazy\" decoding=\"async\" width=\"150\" height=\"150\" src=\"https:\/\/www.radiopiu.net\/wordpress\/wp-content\/uploads\/2022\/08\/509d82b7-a2af-441a-8f9a-c5e70d53504b-150x150.jpg\" class=\"attachment-thumbnail size-thumbnail\" alt=\"\" \/><\/a>\n\t\t\t\t<\/dt><\/dl><dl class='gallery-item'>\n\t\t\t\t<dt class='gallery-icon landscape'>\n\t\t\t\t\t<a class=\"rollover rollover-zoom dt-pswp-item\" title=\"c81e0344-afbf-4c79-9368-04914b9fae80\" data-dt-img-description=\"\" data-large_image_width=\"1920\" data-large_image_height=\"1080\"href='https:\/\/www.radiopiu.net\/wordpress\/wp-content\/uploads\/2022\/08\/c81e0344-afbf-4c79-9368-04914b9fae80.jpg'><img loading=\"lazy\" decoding=\"async\" width=\"150\" height=\"150\" src=\"https:\/\/www.radiopiu.net\/wordpress\/wp-content\/uploads\/2022\/08\/c81e0344-afbf-4c79-9368-04914b9fae80-150x150.jpg\" class=\"attachment-thumbnail size-thumbnail\" alt=\"\" \/><\/a>\n\t\t\t\t<\/dt><\/dl><br style=\"clear: both\" \/>\n\t\t\t<\/div>\n\n<p>&nbsp;<\/p>\n<p>&nbsp;<\/p>\n<hr \/>\n<p>&nbsp;<\/p>\n<\/div>\n<\/div>\n<\/div>\n<blockquote>\n<h3>COVID IN PROVINCIA: CALANO I CASI, DUE DECESSI E 42 PERSONE RICOVERATE NEGLI OSPEDALI BELLUNESI<\/h3>\n<\/blockquote>\n<p><strong>BELLUNO<\/strong> Aggiornamento settimanale sull&#8217;andamento epidemiologico in provincia di Belluno a cura dell&#8217;Ulss 1 Dolomiti. Le persone attualmente positive sono 1751. Si registra una diminuzione dei nuovi casi rispetto al precedente periodo di osservazione. Nel dettaglio, i nuovi casi rilevati nell\u2019ultima settimana sono 738 (-124 rispetto alla scorsa settimana), con un conseguente tasso di incidenza settimanale di 380 casi su 100 mila abitanti, superiore all&#8217;incidenza nazionale (315 su 100 mila abitanti). Pur se in evidente rallentamento, la circolazione virale di SARS-CoV-2 rimane consistente, determinando una casistica circa 8 volte superiore alla soglia epidemica (50 casi settimanali su 100.000 abitanti). Ci\u00f2 raccomanda la necessit\u00e0 di mantenere attivi i comportamenti preventivi. Nella settimana scorsa sono stati eseguiti dai team dell\u2019Ulss Dolomiti 4.942 tamponi (di cui 2.234 molecolari e 2.708 antigenici). A questi si aggiungono 1.973 tamponi antigenici eseguiti dalle Farmacie del territorio, 45 tamponi eseguiti dai Pediatri di Libera scelta e 125 tamponi eseguiti dai Medici di Medicina Generale. In media, ogni giorno vengono eseguiti circa 509 tamponi ogni 100 mila abitanti. Sono stati somministrati 7 trattamenti con anticorpi monoclonali dall\u2019Unit\u00e0 Operativa di Malattie Infettive di Belluno, per un totale di 463 dosi complessive; sono stati prescritti 12 trattamenti con farmaco antivirale orale per un totale di 407 trattamenti complessivi. Sono ricoverati negli ospedali bellunesi 35 pazienti in area non critica di cui 15 non covid, 1 in terapia intensiva e 6 negli ospedali di comunit\u00e0. Due decessi negli ultimi 7 giorni. Una donna di 80 anni e un uomo di 86 anni. <span class=\"Carpredefinitoparagrafo1\">Ad oggi sono state somministrate 13.425 dosi di second booster (quarte dosi). \u00c8 stato vaccinato il 50,8% degli eleggibili over 80.<\/span><\/p>\n\n\t\t\t<style type='text\/css'>\n\t\t\t\t#gallery-3 {\n\t\t\t\t\tmargin: auto;\n\t\t\t\t}\n\t\t\t\t#gallery-3 .gallery-item {\n\t\t\t\t\tfloat: left;\n\t\t\t\t\tmargin-top: 10px;\n\t\t\t\t\ttext-align: center;\n\t\t\t\t\twidth: 33%;\n\t\t\t\t}\n\t\t\t\t#gallery-3 img {\n\t\t\t\t\tborder: 2px solid #cfcfcf;\n\t\t\t\t}\n\t\t\t\t#gallery-3 .gallery-caption {\n\t\t\t\t\tmargin-left: 0;\n\t\t\t\t}\n\t\t\t\t\/* see gallery_shortcode() in wp-includes\/media.php *\/\n\t\t\t<\/style>\n\t\t<div id='gallery-3' class='dt-gallery-container gallery galleryid-293006 gallery-columns-3 gallery-size-thumbnail'><dl class='gallery-item'>\n\t\t\t\t<dt class='gallery-icon landscape'>\n\t\t\t\t\t<a class=\"rollover\" href='https:\/\/www.radiopiu.net\/wordpress\/covid-in-provincia-calano-i-casi-due-decessi-e-42-persone-ricoverate-negli-ospedali-bellunesi\/1-127\/'><img loading=\"lazy\" decoding=\"async\" width=\"150\" height=\"150\" src=\"https:\/\/www.radiopiu.net\/wordpress\/wp-content\/uploads\/2022\/08\/1-3-150x150.jpg\" class=\"attachment-thumbnail size-thumbnail\" alt=\"\" aria-describedby=\"gallery-3-293073\" \/><\/a>\n\t\t\t\t<\/dt>\n\t\t\t\t\t<dd class='wp-caption-text gallery-caption' id='gallery-3-293073'>\n\t\t\t\t\tL\u2019INTERO ANDAMENTO EPIDEMICO COVID DAI PRIMI DI MARZO 2020 AD OGGI \n\t\t\t\t\t<\/dd><\/dl><dl class='gallery-item'>\n\t\t\t\t<dt class='gallery-icon portrait'>\n\t\t\t\t\t<a class=\"rollover\" href='https:\/\/www.radiopiu.net\/wordpress\/covid-in-provincia-calano-i-casi-due-decessi-e-42-persone-ricoverate-negli-ospedali-bellunesi\/2-130\/'><img loading=\"lazy\" decoding=\"async\" width=\"150\" height=\"150\" src=\"https:\/\/www.radiopiu.net\/wordpress\/wp-content\/uploads\/2022\/08\/2-3-150x150.jpg\" class=\"attachment-thumbnail size-thumbnail\" alt=\"\" aria-describedby=\"gallery-3-293074\" \/><\/a>\n\t\t\t\t<\/dt>\n\t\t\t\t\t<dd class='wp-caption-text gallery-caption' id='gallery-3-293074'>\n\t\t\t\t\tL\u2019INCIDENZA SETTIMANALE PER SINGOLO COMUNE\n\t\t\t\t\t<\/dd><\/dl><dl class='gallery-item'>\n\t\t\t\t<dt class='gallery-icon landscape'>\n\t\t\t\t\t<a class=\"rollover\" href='https:\/\/www.radiopiu.net\/wordpress\/covid-in-provincia-calano-i-casi-due-decessi-e-42-persone-ricoverate-negli-ospedali-bellunesi\/3-107\/'><img loading=\"lazy\" decoding=\"async\" width=\"150\" height=\"150\" src=\"https:\/\/www.radiopiu.net\/wordpress\/wp-content\/uploads\/2022\/08\/3-3-150x150.jpg\" class=\"attachment-thumbnail size-thumbnail\" alt=\"\" aria-describedby=\"gallery-3-293075\" \/><\/a>\n\t\t\t\t<\/dt>\n\t\t\t\t\t<dd class='wp-caption-text gallery-caption' id='gallery-3-293075'>\n\t\t\t\t\tCASI PER FASCE D&#8217;ETA&#8217;\n\t\t\t\t\t<\/dd><\/dl><br style=\"clear: both\" \/>\n\t\t\t<\/div>\n\n<p>&nbsp;<\/p>\n<hr \/>\n<p>&nbsp;<\/p>\n<blockquote class=\"wp-embedded-content\" data-secret=\"aZsHD9WKr6\"><p><a href=\"https:\/\/www.radiopiu.net\/wordpress\/aggnazionaleagosto16\/\">CORONAVIRUS: AGGIORNAMENTO NAZIONALE 16 AGOSTO 2022<\/a><\/p><\/blockquote>\n<p><iframe loading=\"lazy\" class=\"wp-embedded-content\" sandbox=\"allow-scripts\" security=\"restricted\" style=\"position: absolute; clip: rect(1px, 1px, 1px, 1px);\" title=\"&#8220;CORONAVIRUS: AGGIORNAMENTO NAZIONALE 16 AGOSTO 2022&#8221; &#8212; Radio Pi\u00f9\" src=\"https:\/\/www.radiopiu.net\/wordpress\/aggnazionaleagosto16\/embed\/#?secret=7Mb7qKAPje#?secret=aZsHD9WKr6\" data-secret=\"aZsHD9WKr6\" width=\"600\" height=\"338\" frameborder=\"0\" marginwidth=\"0\" marginheight=\"0\" scrolling=\"no\"><\/iframe><\/p>\n<p>&nbsp;<\/p>\n<blockquote class=\"wp-embedded-content\" data-secret=\"YP3ivt29Am\"><p><a href=\"https:\/\/www.radiopiu.net\/wordpress\/aziendazeroagosto16\/\">MARCATO CALO DEI RICOVERI. SEI DECESSI E 903 NUOVI POSITIVI IN 24 ORE<\/a><\/p><\/blockquote>\n<p><iframe loading=\"lazy\" class=\"wp-embedded-content\" sandbox=\"allow-scripts\" security=\"restricted\" style=\"position: absolute; clip: rect(1px, 1px, 1px, 1px);\" title=\"&#8220;MARCATO CALO DEI RICOVERI. SEI DECESSI E 903 NUOVI POSITIVI IN 24 ORE&#8221; &#8212; Radio Pi\u00f9\" src=\"https:\/\/www.radiopiu.net\/wordpress\/aziendazeroagosto16\/embed\/#?secret=MXJeYkSLII#?secret=YP3ivt29Am\" data-secret=\"YP3ivt29Am\" width=\"600\" height=\"338\" frameborder=\"0\" marginwidth=\"0\" marginheight=\"0\" scrolling=\"no\"><\/iframe><\/p>\n<p>&nbsp;<\/p>\n<h2>I GRAFICI DI TIZIANO DE COL<\/h2>\n\n\t\t\t<style type='text\/css'>\n\t\t\t\t#gallery-4 {\n\t\t\t\t\tmargin: auto;\n\t\t\t\t}\n\t\t\t\t#gallery-4 .gallery-item {\n\t\t\t\t\tfloat: left;\n\t\t\t\t\tmargin-top: 10px;\n\t\t\t\t\ttext-align: center;\n\t\t\t\t\twidth: 33%;\n\t\t\t\t}\n\t\t\t\t#gallery-4 img {\n\t\t\t\t\tborder: 2px solid #cfcfcf;\n\t\t\t\t}\n\t\t\t\t#gallery-4 .gallery-caption {\n\t\t\t\t\tmargin-left: 0;\n\t\t\t\t}\n\t\t\t\t\/* see gallery_shortcode() in wp-includes\/media.php *\/\n\t\t\t<\/style>\n\t\t<div id='gallery-4' class='dt-gallery-container gallery galleryid-293006 gallery-columns-3 gallery-size-thumbnail'><dl class='gallery-item'>\n\t\t\t\t<dt class='gallery-icon landscape'>\n\t\t\t\t\t<a class=\"rollover rollover-zoom dt-pswp-item\" title=\"c56bdacf-58a1-45a6-9b3d-0aea81ab2b59\" data-dt-img-description=\"\" data-large_image_width=\"602\" data-large_image_height=\"360\"href='https:\/\/www.radiopiu.net\/wordpress\/wp-content\/uploads\/2022\/08\/c56bdacf-58a1-45a6-9b3d-0aea81ab2b59.jpg'><img loading=\"lazy\" decoding=\"async\" width=\"150\" height=\"150\" src=\"https:\/\/www.radiopiu.net\/wordpress\/wp-content\/uploads\/2022\/08\/c56bdacf-58a1-45a6-9b3d-0aea81ab2b59-150x150.jpg\" class=\"attachment-thumbnail size-thumbnail\" alt=\"\" \/><\/a>\n\t\t\t\t<\/dt><\/dl><dl class='gallery-item'>\n\t\t\t\t<dt class='gallery-icon landscape'>\n\t\t\t\t\t<a class=\"rollover rollover-zoom dt-pswp-item\" title=\"83828f2a-2304-4be0-9b93-7a5c99d9f2ae\" data-dt-img-description=\"\" data-large_image_width=\"599\" data-large_image_height=\"362\"href='https:\/\/www.radiopiu.net\/wordpress\/wp-content\/uploads\/2022\/08\/83828f2a-2304-4be0-9b93-7a5c99d9f2ae.jpg'><img loading=\"lazy\" decoding=\"async\" width=\"150\" height=\"150\" src=\"https:\/\/www.radiopiu.net\/wordpress\/wp-content\/uploads\/2022\/08\/83828f2a-2304-4be0-9b93-7a5c99d9f2ae-150x150.jpg\" class=\"attachment-thumbnail size-thumbnail\" alt=\"\" \/><\/a>\n\t\t\t\t<\/dt><\/dl><dl class='gallery-item'>\n\t\t\t\t<dt class='gallery-icon landscape'>\n\t\t\t\t\t<a class=\"rollover rollover-zoom dt-pswp-item\" title=\"7b3f17dd-b5a4-4b95-814b-6232622ba7a4\" data-dt-img-description=\"\" data-large_image_width=\"610\" data-large_image_height=\"368\"href='https:\/\/www.radiopiu.net\/wordpress\/wp-content\/uploads\/2022\/08\/7b3f17dd-b5a4-4b95-814b-6232622ba7a4.jpg'><img loading=\"lazy\" decoding=\"async\" width=\"150\" height=\"150\" src=\"https:\/\/www.radiopiu.net\/wordpress\/wp-content\/uploads\/2022\/08\/7b3f17dd-b5a4-4b95-814b-6232622ba7a4-150x150.jpg\" class=\"attachment-thumbnail size-thumbnail\" alt=\"\" \/><\/a>\n\t\t\t\t<\/dt><\/dl><br style=\"clear: both\" \/><dl class='gallery-item'>\n\t\t\t\t<dt class='gallery-icon landscape'>\n\t\t\t\t\t<a class=\"rollover rollover-zoom dt-pswp-item\" title=\"c82afc38-9532-4156-97e1-98b89027cf62\" data-dt-img-description=\"\" data-large_image_width=\"610\" data-large_image_height=\"362\"href='https:\/\/www.radiopiu.net\/wordpress\/wp-content\/uploads\/2022\/08\/c82afc38-9532-4156-97e1-98b89027cf62.jpg'><img loading=\"lazy\" decoding=\"async\" width=\"150\" height=\"150\" src=\"https:\/\/www.radiopiu.net\/wordpress\/wp-content\/uploads\/2022\/08\/c82afc38-9532-4156-97e1-98b89027cf62-150x150.jpg\" class=\"attachment-thumbnail size-thumbnail\" alt=\"\" \/><\/a>\n\t\t\t\t<\/dt><\/dl><dl class='gallery-item'>\n\t\t\t\t<dt class='gallery-icon landscape'>\n\t\t\t\t\t<a class=\"rollover rollover-zoom dt-pswp-item\" title=\"a2fa0be4-606f-4f31-bcf6-ab4785f24117\" data-dt-img-description=\"\" data-large_image_width=\"612\" data-large_image_height=\"367\"href='https:\/\/www.radiopiu.net\/wordpress\/wp-content\/uploads\/2022\/08\/a2fa0be4-606f-4f31-bcf6-ab4785f24117.jpg'><img loading=\"lazy\" decoding=\"async\" width=\"150\" height=\"150\" src=\"https:\/\/www.radiopiu.net\/wordpress\/wp-content\/uploads\/2022\/08\/a2fa0be4-606f-4f31-bcf6-ab4785f24117-150x150.jpg\" class=\"attachment-thumbnail size-thumbnail\" alt=\"\" \/><\/a>\n\t\t\t\t<\/dt><\/dl><dl class='gallery-item'>\n\t\t\t\t<dt class='gallery-icon landscape'>\n\t\t\t\t\t<a class=\"rollover rollover-zoom dt-pswp-item\" title=\"c3116fdc-7e95-4769-86f3-3337229217d3\" data-dt-img-description=\"\" data-large_image_width=\"608\" data-large_image_height=\"363\"href='https:\/\/www.radiopiu.net\/wordpress\/wp-content\/uploads\/2022\/08\/c3116fdc-7e95-4769-86f3-3337229217d3.jpg'><img loading=\"lazy\" decoding=\"async\" width=\"150\" height=\"150\" src=\"https:\/\/www.radiopiu.net\/wordpress\/wp-content\/uploads\/2022\/08\/c3116fdc-7e95-4769-86f3-3337229217d3-150x150.jpg\" class=\"attachment-thumbnail size-thumbnail\" alt=\"\" \/><\/a>\n\t\t\t\t<\/dt><\/dl><br style=\"clear: both\" \/>\n\t\t\t<\/div>\n\n<p>&nbsp;<\/p>\n<p>&nbsp;<\/p>\n<p>&nbsp;<\/p>\n<p>&nbsp;<\/p>\n<hr \/>\n<p>&nbsp;<\/p>\n<blockquote class=\"wp-embedded-content\" data-secret=\"Ir76uppsBR\"><p><a href=\"https:\/\/www.radiopiu.net\/wordpress\/parte-11\/\">E SE DIVENTASSI INFERMIERE ANCHE TU? &#8211; pagina in aggiornamento quotidiano<\/a><\/p><\/blockquote>\n<p><iframe loading=\"lazy\" class=\"wp-embedded-content\" sandbox=\"allow-scripts\" security=\"restricted\" style=\"position: absolute; clip: rect(1px, 1px, 1px, 1px);\" title=\"&#8220;E SE DIVENTASSI INFERMIERE ANCHE TU? &#8211; pagina in aggiornamento quotidiano&#8221; &#8212; Radio Pi\u00f9\" src=\"https:\/\/www.radiopiu.net\/wordpress\/parte-11\/embed\/#?secret=VbxUKdHCmD#?secret=Ir76uppsBR\" data-secret=\"Ir76uppsBR\" width=\"600\" height=\"338\" frameborder=\"0\" marginwidth=\"0\" marginheight=\"0\" scrolling=\"no\"><\/iframe><\/p>\n<p>&nbsp;<\/p>\n<hr \/>\n<p>&nbsp;<\/p>\n<blockquote>\n<h3><strong>ZANZARE: AL VIA ALCUNI INCONTRI PER LA POPOLAZIONE<\/strong><\/h3>\n<\/blockquote>\n<p><strong>BELLUNO <\/strong>La zanzara non \u00e8 solo un insetto fastidioso, la puntura di zanzara pu\u00f2 diventare talvolta un pericolo per la trasmissione di alcune malattie virali. L\u2019Ulss Dolomiti ha attivato un ciclo di incontri per sensibilizzare i cittadini sulle misure preventive da poter adottare per ridurre la proliferazione delle zanzare e sulle malattie virali che possono essere trasmesse dalle punture di questi insetti. In Italia, le malattie virali trasmesse dalla puntura di zanzare sono: West Nile, Chikungunya, Dengue, Zika. <span style=\"color: #ff0000;\">DOMANI AD AGORDO ALLE 17.30 IN SALA DELLA BIBLIOTECA<\/span>.<\/p>\n<p><strong>IL SINDACO DI AGORDO ROBERTO CHISSALE&#8217;<\/strong><\/p>\n<audio class=\"wp-audio-shortcode\" id=\"audio-293006-3\" preload=\"none\" style=\"width: 100%;\" controls=\"controls\"><source type=\"audio\/mpeg\" src=\"https:\/\/www.radiopiu.net\/wordpress\/wp-content\/uploads\/2022\/08\/ROBERTO-CHISSALE-ZANZARE.mp3?_=3\" \/><a href=\"https:\/\/www.radiopiu.net\/wordpress\/wp-content\/uploads\/2022\/08\/ROBERTO-CHISSALE-ZANZARE.mp3\">https:\/\/www.radiopiu.net\/wordpress\/wp-content\/uploads\/2022\/08\/ROBERTO-CHISSALE-ZANZARE.mp3<\/a><\/audio>\n<p>&nbsp;<\/p>\n<hr \/>\n<p>&nbsp;<\/p>\n<blockquote>\n<h3>LA GIUNTA REGIONALE APPROVA IL BILANCIO DI PREVISIONE 2023-2025<\/h3>\n<\/blockquote>\n<p><strong>VENEZIA<\/strong> Approvato un bilancio rigoroso, attento ai bisogni dei cittadini su tutti i temi, dalla sanit\u00e0 e sociale all\u2019ambiente, e ancora una volta, la tredicesima, tax free. Un bilancio da 17 miliardi di euro, nel quale \u00e8 stato previsto un\u2019ulteriore limatura alla spesa politica pari al 15%. L\u2019approvazione delle delibere relative alla manovra di bilancio per il prossimo triennio sono pronte ora per l\u2019invio alle Commissioni e al Consiglio Regionale.<\/p>\n<p>&nbsp;<\/p>\n<p>&nbsp;<\/p>\n<hr \/>\n<p>&nbsp;<\/p>\n<blockquote>\n<h3>I PICCOLI COMUNI SONO IL MOTORE DELL&#8217;ECONOMIA DEL VENETO<\/h3>\n<\/blockquote>\n<p><strong><a class=\"dt-pswp-item\" href=\"https:\/\/www.radiopiu.net\/wordpress\/wp-content\/uploads\/2021\/08\/972ec435-fa04-49e8-bf1e-048263cab367.jpg\" data-dt-img-description=\"\" data-large_image_width=\"1024\" data-large_image_height=\"684\"><img loading=\"lazy\" decoding=\"async\" class=\"size-thumbnail wp-image-226219 alignleft\" src=\"https:\/\/www.radiopiu.net\/wordpress\/wp-content\/uploads\/2021\/08\/972ec435-fa04-49e8-bf1e-048263cab367-150x150.jpg\" alt=\"\" width=\"150\" height=\"150\" \/><\/a>SEREN DEL GRAPPA<\/strong> Sono i piccoli comuni il vero motore dell\u2019economia produttiva italiana. La certificazione arriva dall\u2019Ufficio Studi della CGIA di Mestre, per conto di ASMEL, l\u2019Associazione per la Sussidiariet\u00e0 e la Modernizzazione degli Enti Locali. Dall\u2019analisi pubblicata in questi giorni, e reperibile sul sito dello stesso organismo, emerge infatti come fabbriche, uffici, negozi e botteghe siano concentrati nei comuni a minor dimensione demografica. \u201cUna situazione diffusa in maniera piuttosto omogenea lungo tutto lo stivale, ma che vede proprio il nostro Veneto nelle primissime posizioni della classifica\u201d, sottolinea Dario Scopel, sindaco di Seren del Grappa e membro del direttivo nazionale dell\u2019A.N.P.C.I.<\/p>\n<p>&nbsp;<\/p>\n<audio class=\"wp-audio-shortcode\" id=\"audio-293006-4\" preload=\"none\" style=\"width: 100%;\" controls=\"controls\"><source type=\"audio\/mpeg\" src=\"https:\/\/www.radiopiu.net\/wordpress\/wp-content\/uploads\/2022\/08\/SCOPEL.mp3?_=4\" \/><a href=\"https:\/\/www.radiopiu.net\/wordpress\/wp-content\/uploads\/2022\/08\/SCOPEL.mp3\">https:\/\/www.radiopiu.net\/wordpress\/wp-content\/uploads\/2022\/08\/SCOPEL.mp3<\/a><\/audio>\n<p>&nbsp;<\/p>\n<p>&nbsp;<\/p>\n<p>&nbsp;<\/p>\n<hr \/>\n<p>&nbsp;<\/p>\n<blockquote>\n<h3>L&#8217;ABM NON DIMENTICA LA TRAGEDIA DI MATTMARK<\/h3>\n<\/blockquote>\n<p><strong><a class=\"dt-pswp-item\" href=\"https:\/\/www.radiopiu.net\/wordpress\/wp-content\/uploads\/2022\/08\/Schermata-2022-08-16-alle-09.37.34.png\" data-dt-img-description=\"\" data-large_image_width=\"1052\" data-large_image_height=\"906\"><img loading=\"lazy\" decoding=\"async\" class=\"size-thumbnail wp-image-293010 alignleft\" src=\"https:\/\/www.radiopiu.net\/wordpress\/wp-content\/uploads\/2022\/08\/Schermata-2022-08-16-alle-09.37.34-150x150.png\" alt=\"\" width=\"150\" height=\"150\" \/><\/a>BELLUNO<\/strong> Quest\u2019anno ricorrono 57 anni dalla terrificante catastrofe di Mattmark (Svizzera). 88 lavoratori, di cui 56 italiani &#8211; 17 bellunesi &#8211; morirono sotto l\u2019implacabile massa di ghiaccio, roccia e fango in quell\u2019infausta giornata del 30 agosto 1965. In pochi istanti si consumava un dramma che ha ferito profondamente la nostra terra e che \u00e8 doveroso non dimenticare, tragico esempio delle sofferenze che hanno segnato la storia della nostra emigrazione. La Famiglia Ex\u00a0 emigranti \u201cMonte Pizzocco\u201d, con il supporto dell\u2019Associazione Bellunesi nel Mondo e il patrocinio dei Comuni di Sedico, Sospirolo, San Gregorio nelle Alpi, Santa Giustina e Cesiomaggiore commemorer\u00e0 questa immane tragedia domenica 28 agosto alle 11 a Mas di Sedico.<\/p>\n<p>&nbsp;<\/p>\n<hr \/>\n<p>&nbsp;<\/p>\n<blockquote>\n<h3>NOTE DAI CORTIVI CON GLI ANZIANI DI PONTE NELLE ALPI<\/h3>\n<\/blockquote>\n<p><strong><a class=\"dt-pswp-item\" href=\"https:\/\/www.radiopiu.net\/wordpress\/wp-content\/uploads\/2022\/08\/Divertiti_con_noi.jpg\" data-dt-img-description=\"\" data-large_image_width=\"1884\" data-large_image_height=\"1100\"><img loading=\"lazy\" decoding=\"async\" class=\"size-thumbnail wp-image-293018 alignleft\" src=\"https:\/\/www.radiopiu.net\/wordpress\/wp-content\/uploads\/2022\/08\/Divertiti_con_noi-150x150.jpg\" alt=\"\" width=\"150\" height=\"150\" \/><\/a>PONTE NELLE ALPI <\/strong>Grande successo per l\u2019evento \u201cDivertiti con noi\u201d, promosso dall\u2019Associazione \u201cAccanto all\u2019anziano e\u2026\u201d nella sala del Parco Ex Casa Rossa di Ponte nelle Alpi. Nelle previsioni meteo, e ancor di pi\u00f9 in quelle degli organizzatori, doveva essere una serata all\u2019aperto: tutti seduti sui gradini, sotto un cielo stellato, ad ascoltare le canzoni che hanno accompagnato gli incontri, le emozioni e le avventure di chi \u00e8 stato giovane cinquanta o sessant\u2019anni fa. Inattesi piovaschi e una temperatura fresca, dopo tante giornate roventi, hanno per\u00f2 costretto a spostare lo spettacolo all\u2019interno. Eppure anche nelle limitazioni, a volte, si colgono dei vantaggi. Cos\u00ec, nella sala illuminata, sale subito di partecipazione del pubblico. C\u2019\u00e8 chi le canzoni le ricorda tutte, ma proprio tutte e chi riempie i vuoti delle parole dimenticate con gorgheggi alternativi: le mani cominciano a battere il tempo, il ritornello viene cantato in coro, i piedi si agitano fino al twist.<span class=\"gmail-Apple-converted-space\">\u00a0<\/span>E il merito del coinvolgimento emotivo va tutto a un affiatatissimo quartetto: \u201cNote dai Cortivi\u201d. Il gruppo di artisti ha proposto con ritmo incalzante vecchie canzoni che hanno scandito la storia della musica leggera: \u00ab<em>Non so voi &#8211; hanno dichiarato i musicisti &#8211; ma noi ci siamo divertiti moltissimo<\/em>\u00bb.<\/p>\n<p>&nbsp;<\/p>\n<p>&nbsp;<\/p>\n<hr \/>\n<p>&nbsp;<\/p>\n<blockquote>\n<h3>CHIUSO IL SENTIERO SPERTI<\/h3>\n<\/blockquote>\n<p><strong>BELLUNO<\/strong> In seguito a rilievi tecnici, l&#8217;Unione Montana Bellunese \u201cBelluno-Ponte nelle Alpi\u201d ha comunicato la stato di pericolosita\u0300 del sentiero attrezzato \u201cSperti\u201d, ferrata del gruppo dello Schiara. Si rende pertanto necessaria la chiusura con interdizione totale a qualsiasi percorribilita\u0300 dello stesso sentiero attrezzato \u201cSperti\u201d,\u00a0 fino alla completa eliminazione delle cause di pericolo.<\/p>\n<p>&nbsp;<\/p>\n<p>&nbsp;<\/p>\n<hr \/>\n<p>&nbsp;<\/p>\n<div class=\"page-title-head hgroup\">\n<blockquote>\n<h3 class=\"entry-title\">I BIGLIETTI VINCENTI DELLA LOTTERIA DELLA FESTA DEL CACCIATORE A CANALE D\u2019AGORDO<\/h3>\n<\/blockquote>\n<\/div>\n<div class=\"page-title-breadcrumbs\">\n<p><strong>REDAZIONE<\/strong> Ecco l&#8217;elenco dei biglietti vincenti della Lotteria abbinata alla Festa del Cacciatore di Canale D&#8217;Agordo.<\/p>\n<a href=\"https:\/\/www.radiopiu.net\/wordpress\/wp-content\/uploads\/2022\/08\/DOC-20220814-WA0014.pdf\" class=\"pdfemb-viewer\" style=\"\" data-width=\"max\" data-height=\"max\" data-toolbar=\"top\" data-toolbar-fixed=\"on\">DOC-20220814-WA0014<\/a>\n<p>&nbsp;<\/p>\n<\/div>\n<p>&nbsp;<\/p>\n<p>&nbsp;<\/p>\n<hr \/>\n<p>&nbsp;<\/p>\n<blockquote>\n<h2><a class=\"dt-pswp-item\" href=\"https:\/\/www.radiopiu.net\/wordpress\/wp-content\/uploads\/2022\/08\/aaa-7.jpg\" data-dt-img-description=\"\" data-large_image_width=\"553\" data-large_image_height=\"181\"><img loading=\"lazy\" decoding=\"async\" class=\"wp-image-291465 size-medium alignleft\" src=\"https:\/\/www.radiopiu.net\/wordpress\/wp-content\/uploads\/2022\/08\/aaa-7-300x98.jpg\" alt=\"\" width=\"300\" height=\"98\" srcset=\"https:\/\/www.radiopiu.net\/wordpress\/wp-content\/uploads\/2022\/08\/aaa-7-300x98.jpg 300w, https:\/\/www.radiopiu.net\/wordpress\/wp-content\/uploads\/2022\/08\/aaa-7.jpg 553w\" sizes=\"auto, (max-width: 300px) 100vw, 300px\" \/><\/a>MUSICA LIVE ESTATE 22&#8230;E CHE MUSICA!<\/h2>\n<\/blockquote>\n<p>IN PIAZZA A CANALE D&#8217;AGORDO, TRE APPUNTAMENTI PER RENDERE PIU&#8217; FRIZZANTE LA TUA ESTATE.<br \/>\nsabato 20 agosto dalle 21, THE JB BAND I grandi successi dei Blues Brothers insieme a brani culto degli anni 60-70-80. GRAN FINALE SABATO 27 AGOSTO alle 21 con lo spettacolo dei TIRATAIE, perch\u00e9 sulla loro piazza sanno dare sempre il meglio.\u00a0 CANALE D&#8217;AGORDO, ESTATE 22 IN PIAZZA&#8230; VI TENIAMO D&#8217;OCCHIO&#8230; PARDON D&#8217;ORECCHIO.<\/p>\n<p><strong><span style=\"color: #ff0000;\">ALLA RADIO, THE VOICE MORENO TOCCHETTO<\/span><\/strong><\/p>\n<audio class=\"wp-audio-shortcode\" id=\"audio-293006-5\" preload=\"none\" style=\"width: 100%;\" controls=\"controls\"><source type=\"audio\/mpeg\" src=\"https:\/\/www.radiopiu.net\/wordpress\/wp-content\/uploads\/2022\/08\/MUSICA-CANALE-LUGLIO-22.mp3?_=5\" \/><a href=\"https:\/\/www.radiopiu.net\/wordpress\/wp-content\/uploads\/2022\/08\/MUSICA-CANALE-LUGLIO-22.mp3\">https:\/\/www.radiopiu.net\/wordpress\/wp-content\/uploads\/2022\/08\/MUSICA-CANALE-LUGLIO-22.mp3<\/a><\/audio>\n<p>&nbsp;<\/p>\n<hr \/>\n<p>&nbsp;<\/p>\n<blockquote>\n<h3>QUATTRO USCITE ORGANIZZATE DAL GAMP<\/h3>\n<\/blockquote>\n<p><strong><a class=\"dt-pswp-item\" href=\"https:\/\/www.radiopiu.net\/wordpress\/wp-content\/uploads\/2022\/05\/closeup-of-a-colourful-mineral-stone-under-the-lights-isolated-on-a-white-background.jpg\" data-dt-img-description=\"\" data-large_image_width=\"1000\" data-large_image_height=\"667\"><img loading=\"lazy\" decoding=\"async\" class=\"size-thumbnail wp-image-274690 alignleft\" src=\"https:\/\/www.radiopiu.net\/wordpress\/wp-content\/uploads\/2022\/05\/closeup-of-a-colourful-mineral-stone-under-the-lights-isolated-on-a-white-background-150x150.jpg\" alt=\"\" width=\"150\" height=\"150\" \/><\/a>AGORDO<\/strong><\/p>\n<p>di Gianni Santomaso<\/p>\n<audio class=\"wp-audio-shortcode\" id=\"audio-293006-6\" preload=\"none\" style=\"width: 100%;\" controls=\"controls\"><source type=\"audio\/mpeg\" src=\"https:\/\/www.radiopiu.net\/wordpress\/wp-content\/uploads\/2022\/07\/GIANNI-ESCURSIONI-GAMP.mp3?_=6\" \/><a href=\"https:\/\/www.radiopiu.net\/wordpress\/wp-content\/uploads\/2022\/07\/GIANNI-ESCURSIONI-GAMP.mp3\">https:\/\/www.radiopiu.net\/wordpress\/wp-content\/uploads\/2022\/07\/GIANNI-ESCURSIONI-GAMP.mp3<\/a><\/audio>\n<p>&nbsp;<\/p>\n<hr \/>\n<p>&nbsp;<\/p>\n<blockquote>\n<h2><strong><a class=\"dt-pswp-item\" href=\"https:\/\/www.radiopiu.net\/wordpress\/wp-content\/uploads\/2022\/08\/7ea48a6c-63a0-4ed2-b46f-e11dcd93f648.jpg\" data-dt-img-description=\"\" data-large_image_width=\"1368\" data-large_image_height=\"1026\"><img loading=\"lazy\" decoding=\"async\" class=\"wp-image-291515 alignleft\" src=\"https:\/\/www.radiopiu.net\/wordpress\/wp-content\/uploads\/2022\/08\/7ea48a6c-63a0-4ed2-b46f-e11dcd93f648-1024x768.jpg\" alt=\"\" width=\"218\" height=\"164\" srcset=\"https:\/\/www.radiopiu.net\/wordpress\/wp-content\/uploads\/2022\/08\/7ea48a6c-63a0-4ed2-b46f-e11dcd93f648-1024x768.jpg 1024w, https:\/\/www.radiopiu.net\/wordpress\/wp-content\/uploads\/2022\/08\/7ea48a6c-63a0-4ed2-b46f-e11dcd93f648-300x225.jpg 300w, https:\/\/www.radiopiu.net\/wordpress\/wp-content\/uploads\/2022\/08\/7ea48a6c-63a0-4ed2-b46f-e11dcd93f648-768x576.jpg 768w, https:\/\/www.radiopiu.net\/wordpress\/wp-content\/uploads\/2022\/08\/7ea48a6c-63a0-4ed2-b46f-e11dcd93f648.jpg 1368w\" sizes=\"auto, (max-width: 218px) 100vw, 218px\" \/><\/a><\/strong><\/h2>\n<h2>DOMENICA 21 AGOSTO A PIAN DE LE FEMENE IL RICORDO<\/h2>\n<\/blockquote>\n<p>&nbsp;<\/p>\n<p><strong>BELLUNO<\/strong><\/p>\n<p><strong>DI ROBERTO BONA<\/strong><\/p>\n<p><strong>AUDIO\u00a0<\/strong><\/p>\n<audio class=\"wp-audio-shortcode\" id=\"audio-293006-7\" preload=\"none\" style=\"width: 100%;\" controls=\"controls\"><source type=\"audio\/mpeg\" src=\"https:\/\/www.radiopiu.net\/wordpress\/wp-content\/uploads\/2022\/08\/ROBERTO-BONA.mp3?_=7\" \/><a href=\"https:\/\/www.radiopiu.net\/wordpress\/wp-content\/uploads\/2022\/08\/ROBERTO-BONA.mp3\">https:\/\/www.radiopiu.net\/wordpress\/wp-content\/uploads\/2022\/08\/ROBERTO-BONA.mp3<\/a><\/audio>\n<p>&nbsp;<\/p>\n<hr \/>\n<p>&nbsp;<\/p>\n<blockquote>\n<h3>LE MUSE E LE DOLOMITI A CAVIOLA<\/h3>\n<\/blockquote>\n<h3 class=\"gmql0nx0 l94mrbxd p1ri9a11 lzcic4wl\">Oda Zoe Hochscheid<\/h3>\n<audio class=\"wp-audio-shortcode\" id=\"audio-293006-8\" preload=\"none\" style=\"width: 100%;\" controls=\"controls\"><source type=\"audio\/mpeg\" src=\"https:\/\/www.radiopiu.net\/wordpress\/wp-content\/uploads\/2022\/08\/MUSE-SCHERZO-INGEGNOSO.mp3?_=8\" \/><a href=\"https:\/\/www.radiopiu.net\/wordpress\/wp-content\/uploads\/2022\/08\/MUSE-SCHERZO-INGEGNOSO.mp3\">https:\/\/www.radiopiu.net\/wordpress\/wp-content\/uploads\/2022\/08\/MUSE-SCHERZO-INGEGNOSO.mp3<\/a><\/audio>\n<p>&nbsp;<\/p>\n<hr \/>\n<p>&nbsp;<\/p>\n<blockquote>\n<h3>SABEDA ITE VILA A ROCCA PIETORE<\/h3>\n<\/blockquote>\n<p><strong>ROCCA PIETORE<\/strong> L&#8217;associazione Borgo di Sottoguda e il comune di Rocca Pietore organizzano &#8220;Sabeda ite vila&#8221;, il mercatino contadino in programma il 20 agosto dalle 10 in poi.<\/p>\n<p>&nbsp;<\/p>\n<p>&nbsp;<\/p>\n<hr \/>\n<p>&nbsp;<\/p>\n<blockquote>\n<h3>MATTEO RIGHETTO A LIVINALLONGO<\/h3>\n<\/blockquote>\n<p><strong>LIVINALLONGO <\/strong>Matteo Righetto presenter\u00e0 il suo libro &#8220;La stanza delle mele\u201d (ed. Feltrinelli) oggi alle 15.00 presso la sala &#8220;Taulac&#8221; di Pieve di Livinallongo in occasione dell&#8217;evento &#8220;Chiacchierata con l&#8217;artista&#8221;<\/p>\n<blockquote class=\"wp-embedded-content\" data-secret=\"ZUJw722hAh\"><p><a href=\"https:\/\/www.radiopiu.net\/wordpress\/matteo-righetto-a-livinallongo-per-presentare-il-suo-libro\/\">MATTEO RIGHETTO A LIVINALLONGO PER PRESENTARE IL SUO LIBRO<\/a><\/p><\/blockquote>\n<p><iframe loading=\"lazy\" class=\"wp-embedded-content\" sandbox=\"allow-scripts\" security=\"restricted\" style=\"position: absolute; clip: rect(1px, 1px, 1px, 1px);\" title=\"&#8220;MATTEO RIGHETTO A LIVINALLONGO PER PRESENTARE IL SUO LIBRO&#8221; &#8212; Radio Pi\u00f9\" src=\"https:\/\/www.radiopiu.net\/wordpress\/matteo-righetto-a-livinallongo-per-presentare-il-suo-libro\/embed\/#?secret=ToZJjYuz2f#?secret=ZUJw722hAh\" data-secret=\"ZUJw722hAh\" width=\"600\" height=\"338\" frameborder=\"0\" marginwidth=\"0\" marginheight=\"0\" scrolling=\"no\"><\/iframe><\/p>\n<p>&nbsp;<\/p>\n<hr \/>\n<p>&nbsp;<\/p>\n<blockquote>\n<h3>IL CARDINALE STELLA E ANDREA TORNIELLI A MOENA<\/h3>\n<\/blockquote>\n<p><strong>MOENA (TN)<\/strong> Oggi alle 21 <span style=\"font-family: Arial, sans-serif;\"><span style=\"font-size: small;\">presso il <\/span><\/span><span style=\"font-family: Arial, sans-serif;\"><span style=\"font-size: small;\">Teatro Navalge di Moena (TN)<\/span><\/span><span style=\"font-family: Arial, sans-serif;\"><span style=\"font-size: small;\"> si terr\u00e0 la serata dedicata alla \u201c<\/span><\/span><span style=\"font-family: Arial, sans-serif;\"><span style=\"font-size: small;\">Presentazione della figura del Beato Luciani<\/span><\/span><span style=\"font-family: Arial, sans-serif;\"><span style=\"font-size: small;\">\u201d Con il <\/span><\/span><span style=\"font-family: Arial, sans-serif;\"><span style=\"font-size: small;\">cardinale Beniamino Stella<\/span><\/span><span style=\"font-family: Arial, sans-serif;\"><span style=\"font-size: small;\">; il giornalista <\/span><\/span><span style=\"font-family: Arial, sans-serif;\"><span style=\"font-size: small;\">Andrea Tornielli<\/span><\/span><span style=\"font-family: Arial, sans-serif;\"><span style=\"font-size: small;\">; il nipote del Papa ,<\/span><\/span><span style=\"font-family: Arial, sans-serif;\"><span style=\"font-size: small;\">Gianni Luciani<\/span><\/span><span style=\"font-family: Arial, sans-serif;\"><span style=\"font-size: small;\">; <\/span><\/span><span style=\"font-family: Arial, sans-serif;\"><span style=\"font-size: small;\">don Davide Fiocco<\/span><\/span><span style=\"font-family: Arial, sans-serif;\"><span style=\"font-size: small;\">, <\/span><\/span><span style=\"color: #000000;\"><span style=\"font-family: Arial, sans-serif;\"><span style=\"font-size: small;\"><span lang=\"it-IT\">curatore della <\/span><\/span><\/span><\/span><span style=\"color: #000000;\"><span style=\"font-family: Arial, sans-serif;\"><span style=\"font-size: small;\"><span lang=\"it-IT\"><i>Positio<\/i><\/span><\/span><\/span><\/span><span style=\"color: #000000;\"><span style=\"font-family: Arial, sans-serif;\"><span style=\"font-size: small;\"><span lang=\"it-IT\"> per la causa di beatificazione, <\/span><\/span><\/span><\/span><span style=\"font-family: Arial, sans-serif;\"><span style=\"font-size: small;\">e <\/span><\/span><span style=\"font-family: Arial, sans-serif;\"><span style=\"font-size: small;\">Loris Serafini<\/span><\/span><span style=\"font-family: Arial, sans-serif;\"><span style=\"font-size: small;\">, direttore del Musal \u2013 Museo Albino Luciani. A moderare l\u2019incontro sar\u00e0 <\/span><\/span><span style=\"font-family: Arial, sans-serif;\"><span style=\"font-size: small;\">Cesare Bernard<\/span><\/span><span style=\"font-family: Arial, sans-serif;\"><span style=\"font-size: small;\">.<\/span><\/span><\/p>\n<p>&nbsp;<\/p>\n<p>&nbsp;<\/p>\n<hr \/>\n<p>&nbsp;<\/p>\n<blockquote>\n<h3>LA SMILE MUSIC BAND A FALCADE<\/h3>\n<\/blockquote>\n<p><strong>FALCADE<\/strong> Oggi alle 15:30 presso il Parco Giochi di Falcade i giovani della Smile Music Band saranno in concerto. Organizza la Pro Loco di Caviola.<\/p>\n<p>&nbsp;<\/p>\n<p>&nbsp;<\/p>\n<hr \/>\n<p>&nbsp;<\/p>\n<blockquote>\n<h3>VISITE GUIDATE NELLA CHIESA DI AGORDO<\/h3>\n<\/blockquote>\n<p><strong>AGORDO<\/strong>\u00a0 Oggi dalle 16 alle 17 visite guidate gratuita nella chiesa Arcidiaconale di Agordo. Informazioni all\u2019Ufficio turistico di Agordo.<\/p>\n<p>&nbsp;<\/p>\n<hr \/>\n<p>&nbsp;<\/p>\n<blockquote>\n<h3>SABATO A MALGA CIAPELA APRES-TREKKING CON IL GROP DE BAL MARMOLEDA<\/h3>\n<\/blockquote>\n<p><strong>ROCCA PIETORE <\/strong>Sabato dalle 17 al Bar Funivia di Malga Ciapela si terr\u00e0 l&#8217;evento &#8220;Apr\u00e8s-trekking con il Grop de Bal Marmol\u00e8da&#8221;.\u00a0 In caso di maltempo l&#8217;evento sar\u00e0 annullato. Per maggiori informazioni: <a href=\"mailto:visitmarmolada@funiviemarmolada.com\">\u00a0visitmarmolada@funiviemarmolada.com<\/a><\/p>\n<p>&nbsp;<\/p>\n<p>&nbsp;<\/p>\n<hr \/>\n<p>&nbsp;<\/p>\n<blockquote>\n<h3>IL SUONO MAGICO DEL LEGNO<\/h3>\n<\/blockquote>\n<p><strong>ROCCA PIETORE<\/strong> Sabato a Sottoguda \u00e8 in programma &#8220;Il Suono Magico Del Legno&#8221; con il complesso Rita Muro Trio con &#8220;A Tempo di Musica&#8221;. Inizio alle 16 con entrata a offerta libera.<\/p>\n<p>&nbsp;<\/p>\n<p>&nbsp;<\/p>\n<hr \/>\n<p>&nbsp;<\/p>\n<blockquote>\n<h3>VENERDI&#8217; I FUOCHI SUL LAGO DI ALLEGHE<\/h3>\n<\/blockquote>\n<p><strong>ALLEGHE<\/strong> Venerd\u00ec tornano i fuochi artificiali sul lago di Alleghe. L&#8217;appuntamento \u00e8 per le 22:30 con l&#8217;inizio dei giochi di luce che si rifletteranno sull&#8217;acqua del lago, uno spettacolo unico.<\/p>\n<p>&nbsp;<\/p>\n<p>&nbsp;<\/p>\n<hr \/>\n<p>&nbsp;<\/p>\n<blockquote>\n<h3><a class=\"dt-pswp-item\" href=\"https:\/\/www.radiopiu.net\/wordpress\/wp-content\/uploads\/2022\/08\/7b787b16-6edf-4c1a-aa5c-e8a910bc97fa.jpg\" data-dt-img-description=\"\" data-large_image_width=\"1131\" data-large_image_height=\"1600\"><img loading=\"lazy\" decoding=\"async\" class=\"size-thumbnail wp-image-293047 alignleft\" src=\"https:\/\/www.radiopiu.net\/wordpress\/wp-content\/uploads\/2022\/08\/7b787b16-6edf-4c1a-aa5c-e8a910bc97fa-150x150.jpg\" alt=\"\" width=\"150\" height=\"150\" \/><\/a>SAMMY BASSO ALLA CASA DELLA GIOVENTU&#8217; DI CAVIOLA<\/h3>\n<\/blockquote>\n<p><strong>FALCADE <\/strong>Si intitola &#8220;Il Sorriso Dei Guerrieri&#8221; la serata organizzata per sabato alle 20 alla casa della giovent\u00f9 di Caviola. Protagonisti Sammy Basso, Simonetta Borsatti e Andrea Boccaglioni. Il ricavato della serata verr\u00e0 devoluto all&#8217;Associazione Italiana Progeria Sammy Basso APS Onlus. Organizza la Pro Loco di Canale D&#8217;Agordo.<\/p>\n<p>&nbsp;<\/p>\n<p><strong>FRANZ COSTA, AMICO DI SAMMY, SIMONETTA E ANDREA TRA GLI ORGANIZZATORI DELL&#8217;EVENTO<\/strong><\/p>\n<audio class=\"wp-audio-shortcode\" id=\"audio-293006-9\" preload=\"none\" style=\"width: 100%;\" controls=\"controls\"><source type=\"audio\/mpeg\" src=\"https:\/\/www.radiopiu.net\/wordpress\/wp-content\/uploads\/2022\/08\/FRNZ-COSTA.mp3?_=9\" \/><a href=\"https:\/\/www.radiopiu.net\/wordpress\/wp-content\/uploads\/2022\/08\/FRNZ-COSTA.mp3\">https:\/\/www.radiopiu.net\/wordpress\/wp-content\/uploads\/2022\/08\/FRNZ-COSTA.mp3<\/a><\/audio>\n<p>&nbsp;<\/p>\n<p>&nbsp;<\/p>\n<p>&nbsp;<\/p>\n<hr \/>\n<p>&nbsp;<\/p>\n<blockquote>\n<h3>UNA DOMENICA A TEATRO ALLA CASA DELLA GIOVENTU&#8217; DI CAVIOLA<\/h3>\n<\/blockquote>\n<p><strong>FALCADE<\/strong> \u00c8 in programma per domenica 21 agosto alle 21 presso la Casa della Guiovent\u00f9 di Caviola lo spettacolo teatrale &#8220;Na Soluzion Quasi Perfeta&#8221;, una commedia brillante-comica a cura di Giuseppina Cattaneo. Organizzano la Filodrammatica di Falcade Alto in collaborazione con la parrocchia di Falcade-Caviola.<\/p>\n<p>&nbsp;<\/p>\n<p>&nbsp;<\/p>\n<hr \/>\n<p>&nbsp;<\/p>\n<blockquote>\n<h3>DUGONE, IL TORNEO DI GREEN VOLLEY A CENCENIGHE<\/h3>\n<\/blockquote>\n<p><strong>CENCENIGHE<\/strong> U.S. Cencenighe, Comune e Pro Loco organizzano per domenica 21 agosto un torneo di green volley agli impianti sportivi. Due categorie: Senior dai 15 anni in su e Junior dai 9 ai 14 anni. In serata aperitivo con Oh Per Bacco e musica con DJ Jack. Per info ed iscrizioni scrivere a dugone.torneogreenvolly@gmail.com iscrizioni entro il 19 agosto.<\/p>\n<p>&nbsp;<\/p>\n<p>&nbsp;<\/p>\n<hr \/>\n<p>&nbsp;<\/p>\n<blockquote>\n<h3>LA FESTA DEI 100 ANNI DEL GRUPPO SPORTIVO FRASSENE&#8217;<\/h3>\n<\/blockquote>\n<p><strong><a class=\"dt-pswp-item\" href=\"https:\/\/www.radiopiu.net\/wordpress\/wp-content\/uploads\/2022\/08\/Schermata-2022-08-04-alle-12.23.41.png\" data-dt-img-description=\"\" data-large_image_width=\"1336\" data-large_image_height=\"1014\"><img loading=\"lazy\" decoding=\"async\" class=\"alignleft wp-image-290914 \" src=\"https:\/\/www.radiopiu.net\/wordpress\/wp-content\/uploads\/2022\/08\/Schermata-2022-08-04-alle-12.23.41-300x228.png\" alt=\"\" width=\"158\" height=\"120\" srcset=\"https:\/\/www.radiopiu.net\/wordpress\/wp-content\/uploads\/2022\/08\/Schermata-2022-08-04-alle-12.23.41-300x228.png 300w, https:\/\/www.radiopiu.net\/wordpress\/wp-content\/uploads\/2022\/08\/Schermata-2022-08-04-alle-12.23.41-1024x777.png 1024w, https:\/\/www.radiopiu.net\/wordpress\/wp-content\/uploads\/2022\/08\/Schermata-2022-08-04-alle-12.23.41-768x583.png 768w, https:\/\/www.radiopiu.net\/wordpress\/wp-content\/uploads\/2022\/08\/Schermata-2022-08-04-alle-12.23.41.png 1336w\" sizes=\"auto, (max-width: 158px) 100vw, 158px\" \/><\/a>VOLTAGO <\/strong>1922-2022 il primo secolo di vita del Gruppo Sportivo Frassen\u00e8: tre giorni di eventi al tendone nel parcheggio della chiesa. Venerdi&#8217; 9 settembre alle 18 apertura stand gastronomico e serata musicale con Sabrina Silvestrin. Sabato 10 voli panoramici in elicottero dalle 10 alle 15 e, fino alle 17 mercatini dell&#8217;artigianato, dalle 10 torneo di calcio del Poi, a mezzogiorno stand gastronomico, 16.30 Frassene&#8217; Cross, gare podistiche non competitive, 17 aperitivo con DJ Morgan e Battaglia, 19 cena e premiazioni, dalle 21 serata musicale con I Riflesso, chiusura con DJ Morgan e Battaglia. Domenica 11 alle 10 mostra sui 100 anni del Gruppo Sportivo Frassene&#8217; presso l&#8217;ex scuola Paolo Mosca, 11 sfilata dei gruppi associativi per le vie del paese, 12.30 pranzo, 15 presentazione libro &#8220;Il Primo Secolo Di Vita&#8221;. Il ricavato sar\u00e0 devoluto al Gruppo Sportivo Frasssen\u00e8.<\/p>\n<p>&nbsp;<\/p>\n<hr \/>\n<p>&nbsp;<\/p>\n<blockquote>\n<h3>LA MOSTRA FILATELICA PER PAPA LUCIANI<\/h3>\n<\/blockquote>\n<p><strong>CANALE D&#8217;AGORDO<\/strong> \u00c8 di prossima apertura della mostra filatelica su Papa Luciani, dal 18 agosto all&#8217;11 settembre presso la sala consiliare del municipio di Canale d&#8217;Agordo. La mostra osserver\u00e0 i seguenti orari: Tutti i giorni 16.30-18.30. Venerd\u00ec, sabato e domenica anche 10.00-12.00. Ricordiamo, in particolare, domenica 4 settembre l&#8217;annullo filatelico speciale dalle ore 10.00 alle ore 14.00, presso la sala consiliare, in concomitanza con la cerimonia ufficiale di beatificazione di Papa Luciani.<\/p>\n<p>&nbsp;<\/p>\n<p>&nbsp;<\/p>\n<hr \/>\n<p>&nbsp;<\/p>\n<blockquote class=\"wp-embedded-content\" data-secret=\"eV7dZIALkY\"><p><a href=\"https:\/\/www.radiopiu.net\/wordpress\/museo-etnografico-di-taibon-lesperienza-nel-passato\/\">MUSEO ETNOGRAFICO DI TAIBON, L&#8217;ESPERIENZA NEL PASSATO<\/a><\/p><\/blockquote>\n<p><iframe loading=\"lazy\" class=\"wp-embedded-content\" sandbox=\"allow-scripts\" security=\"restricted\" style=\"position: absolute; clip: rect(1px, 1px, 1px, 1px);\" title=\"&#8220;MUSEO ETNOGRAFICO DI TAIBON, L&#8217;ESPERIENZA NEL PASSATO&#8221; &#8212; Radio Pi\u00f9\" src=\"https:\/\/www.radiopiu.net\/wordpress\/museo-etnografico-di-taibon-lesperienza-nel-passato\/embed\/#?secret=HqqYq2mK5y#?secret=eV7dZIALkY\" data-secret=\"eV7dZIALkY\" width=\"600\" height=\"338\" frameborder=\"0\" marginwidth=\"0\" marginheight=\"0\" scrolling=\"no\"><\/iframe><\/p>\n<p>&nbsp;<\/p>\n<hr \/>\n<p>&nbsp;<\/p>\n<blockquote class=\"wp-embedded-content\" data-secret=\"7yqy4owuxX\"><p><a href=\"https:\/\/www.radiopiu.net\/wordpress\/ferragosto-biancorosso-un-successo-targato-alleghe-hockey-con-gli-occhi-di-annalisa-dal-mas\/\">FERRAGOSTO BIANCOROSSO, UN SUCCESSO TARGATO ALLEGHE HOCKEY, con gli occhi di Annalisa Dal Mas<\/a><\/p><\/blockquote>\n<p><iframe loading=\"lazy\" class=\"wp-embedded-content\" sandbox=\"allow-scripts\" security=\"restricted\" style=\"position: absolute; clip: rect(1px, 1px, 1px, 1px);\" title=\"&#8220;FERRAGOSTO BIANCOROSSO, UN SUCCESSO TARGATO ALLEGHE HOCKEY, con gli occhi di Annalisa Dal Mas&#8221; &#8212; Radio Pi\u00f9\" src=\"https:\/\/www.radiopiu.net\/wordpress\/ferragosto-biancorosso-un-successo-targato-alleghe-hockey-con-gli-occhi-di-annalisa-dal-mas\/embed\/#?secret=4SdYJz4POC#?secret=7yqy4owuxX\" data-secret=\"7yqy4owuxX\" width=\"600\" height=\"338\" frameborder=\"0\" marginwidth=\"0\" marginheight=\"0\" scrolling=\"no\"><\/iframe><\/p>\n<p>&nbsp;<\/p>\n<hr \/>\n<p>&nbsp;<\/p>\n<h1><span style=\"color: #ff6600;\">IERI ALLA RADIO<\/span><\/h1>\n<h2><span style=\"color: #008080;\">&#8220;DINTORN E FORA VIA&#8221; A CURA DEL MUSLA, IL NUOVO PROGRAMMA\u00a0<\/span><\/h2>\n<p>&nbsp;<\/p>\n<p><strong><a class=\"dt-pswp-item\" href=\"https:\/\/www.radiopiu.net\/wordpress\/wp-content\/uploads\/2022\/08\/4044fcc6-f1c9-47ef-9c91-50474942c59a.jpg\" data-dt-img-description=\"\" data-large_image_width=\"1024\" data-large_image_height=\"1024\"><img loading=\"lazy\" decoding=\"async\" class=\"size-thumbnail wp-image-293011 alignleft\" src=\"https:\/\/www.radiopiu.net\/wordpress\/wp-content\/uploads\/2022\/08\/4044fcc6-f1c9-47ef-9c91-50474942c59a-150x150.jpg\" alt=\"\" width=\"150\" height=\"150\" srcset=\"https:\/\/www.radiopiu.net\/wordpress\/wp-content\/uploads\/2022\/08\/4044fcc6-f1c9-47ef-9c91-50474942c59a-150x150.jpg 150w, https:\/\/www.radiopiu.net\/wordpress\/wp-content\/uploads\/2022\/08\/4044fcc6-f1c9-47ef-9c91-50474942c59a-300x300.jpg 300w, https:\/\/www.radiopiu.net\/wordpress\/wp-content\/uploads\/2022\/08\/4044fcc6-f1c9-47ef-9c91-50474942c59a-768x768.jpg 768w, https:\/\/www.radiopiu.net\/wordpress\/wp-content\/uploads\/2022\/08\/4044fcc6-f1c9-47ef-9c91-50474942c59a.jpg 1024w\" sizes=\"auto, (max-width: 150px) 100vw, 150px\" \/><\/a>LA PUNTATA DEL 16 AGOSTO &#8211; DAVIDE CONEDERA<\/strong><\/p>\n<audio class=\"wp-audio-shortcode\" id=\"audio-293006-10\" preload=\"none\" style=\"width: 100%;\" controls=\"controls\"><source type=\"audio\/mpeg\" src=\"https:\/\/www.radiopiu.net\/wordpress\/wp-content\/uploads\/2022\/08\/MUSLA-1.mp3?_=10\" \/><a href=\"https:\/\/www.radiopiu.net\/wordpress\/wp-content\/uploads\/2022\/08\/MUSLA-1.mp3\">https:\/\/www.radiopiu.net\/wordpress\/wp-content\/uploads\/2022\/08\/MUSLA-1.mp3<\/a><\/audio>\n<p>&nbsp;<\/p>\n<p><strong>LA RACCOLTA COMPLETA<\/strong><\/p>\n<blockquote class=\"wp-embedded-content\" data-secret=\"xqL89zJixy\"><p><a href=\"https:\/\/www.radiopiu.net\/wordpress\/musla\/\">MUSLA<\/a><\/p><\/blockquote>\n<p><iframe loading=\"lazy\" class=\"wp-embedded-content\" sandbox=\"allow-scripts\" security=\"restricted\" style=\"position: absolute; clip: rect(1px, 1px, 1px, 1px);\" title=\"&#8220;MUSLA&#8221; &#8212; Radio Pi\u00f9\" src=\"https:\/\/www.radiopiu.net\/wordpress\/musla\/embed\/#?secret=JaIkv7pWGZ#?secret=xqL89zJixy\" data-secret=\"xqL89zJixy\" width=\"600\" height=\"338\" frameborder=\"0\" marginwidth=\"0\" marginheight=\"0\" scrolling=\"no\"><\/iframe><\/p>\n<p>&nbsp;<\/p>\n<hr \/>\n<p>&nbsp;<\/p>\n<div>\n<div class=\"b654a4as d2edcug0\">\n<div class=\"rq0escxv hkbzh7o3 jwdofwj8 n8tt0mok r8blr3vg hyh9befq\">\n<p><a class=\"dt-pswp-item\" href=\"https:\/\/www.radiopiu.net\/wordpress\/wp-content\/uploads\/2020\/10\/pp.jpg\" data-dt-img-description=\"\" data-large_image_width=\"640\" data-large_image_height=\"640\"><img loading=\"lazy\" decoding=\"async\" class=\"wp-image-163678 alignleft\" src=\"https:\/\/www.radiopiu.net\/wordpress\/wp-content\/uploads\/2020\/10\/pp-300x300.jpg\" alt=\"\" width=\"106\" height=\"106\" srcset=\"https:\/\/www.radiopiu.net\/wordpress\/wp-content\/uploads\/2020\/10\/pp-300x300.jpg 300w, https:\/\/www.radiopiu.net\/wordpress\/wp-content\/uploads\/2020\/10\/pp-150x150.jpg 150w, https:\/\/www.radiopiu.net\/wordpress\/wp-content\/uploads\/2020\/10\/pp-125x125.jpg 125w, https:\/\/www.radiopiu.net\/wordpress\/wp-content\/uploads\/2020\/10\/pp-200x200.jpg 200w, https:\/\/www.radiopiu.net\/wordpress\/wp-content\/uploads\/2020\/10\/pp-80x80.jpg 80w, https:\/\/www.radiopiu.net\/wordpress\/wp-content\/uploads\/2020\/10\/pp-480x480.jpg 480w, https:\/\/www.radiopiu.net\/wordpress\/wp-content\/uploads\/2020\/10\/pp.jpg 640w\" sizes=\"auto, (max-width: 106px) 100vw, 106px\" \/><\/a><\/p>\n<\/div>\n<\/div>\n<\/div>\n<div>\n<div class=\"page-title-head hgroup\">\n<div class=\"page-title-head hgroup\">\n<div class=\"b654a4as d2edcug0\">\n<div class=\"j83agx80 btwxx1t3 lhclo0ds hop8lmos nkwizq5d scwd0bx6 roh60bw9\">\n<div class=\"rq0escxv hkbzh7o3 jwdofwj8 n8tt0mok r8blr3vg hyh9befq\">\n<div class=\"do00u71z l9j0dhe7 k4urcfbm\">\n<h2><span style=\"color: #000080;\">DON CESARE, IL PENSIERO DEL GIORNO. ALLA RADIO ALLE 7 DEL MATTINO E ALLE 19.30 DELLA SERA.\u00a0<\/span><\/h2>\n<\/div>\n<\/div>\n<\/div>\n<\/div>\n<\/div>\n<\/div>\n<\/div>\n<div class=\"do00u71z l9j0dhe7 k4urcfbm\">\n<div class=\"page-title-head hgroup\">\n<div class=\"page-title-head hgroup\">\n<div class=\"b654a4as d2edcug0\">\n<div class=\"j83agx80 btwxx1t3 lhclo0ds hop8lmos nkwizq5d scwd0bx6 roh60bw9\">\n<div class=\"rq0escxv hkbzh7o3 jwdofwj8 n8tt0mok r8blr3vg hyh9befq\">\n<div class=\"do00u71z l9j0dhe7 k4urcfbm\">\n<div class=\"page-title-head hgroup\">\n<div class=\"page-title-head hgroup\">\n<div class=\"b654a4as d2edcug0\">\n<div class=\"j83agx80 btwxx1t3 lhclo0ds hop8lmos nkwizq5d scwd0bx6 roh60bw9\">\n<div class=\"rq0escxv hkbzh7o3 jwdofwj8 n8tt0mok r8blr3vg hyh9befq\">\n<div class=\"do00u71z l9j0dhe7 k4urcfbm\">\n<div class=\"ecm0bbzt e5nlhep0 a8c37x1j\">\n<div class=\"kvgmc6g5 cxmmr5t8 oygrvhab hcukyx3x c1et5uql\">\n<div class=\"gmail-kvgmc6g5 gmail-cxmmr5t8 gmail-oygrvhab gmail-hcukyx3x gmail-c1et5uql gmail-ii04i59q\">\n<div class=\"page-title-head hgroup\">\n<div class=\"page-title-head hgroup\">\n<div class=\"b654a4as d2edcug0\">\n<div class=\"j83agx80 btwxx1t3 lhclo0ds hop8lmos nkwizq5d scwd0bx6 roh60bw9\">\n<div class=\"rq0escxv hkbzh7o3 jwdofwj8 n8tt0mok r8blr3vg hyh9befq\">\n<div class=\"do00u71z l9j0dhe7 k4urcfbm\">\n<div class=\"page-title-head hgroup\">\n<div class=\"page-title-head hgroup\">\n<div class=\"b654a4as d2edcug0\">\n<div class=\"j83agx80 btwxx1t3 lhclo0ds hop8lmos nkwizq5d scwd0bx6 roh60bw9\">\n<div class=\"rq0escxv hkbzh7o3 jwdofwj8 n8tt0mok r8blr3vg hyh9befq\">\n<div class=\"do00u71z l9j0dhe7 k4urcfbm\">\n<div class=\"page-title-head hgroup\">\n<div class=\"page-title-head hgroup\">\n<div class=\"b654a4as d2edcug0\">\n<div class=\"j83agx80 btwxx1t3 lhclo0ds hop8lmos nkwizq5d scwd0bx6 roh60bw9\">\n<div class=\"rq0escxv hkbzh7o3 jwdofwj8 n8tt0mok r8blr3vg hyh9befq\">\n<div class=\"do00u71z l9j0dhe7 k4urcfbm\">\n<div class=\"ecm0bbzt e5nlhep0 a8c37x1j\">\n<div class=\"kvgmc6g5 cxmmr5t8 oygrvhab hcukyx3x c1et5uql\">\n<div class=\"gmail-kvgmc6g5 gmail-cxmmr5t8 gmail-oygrvhab gmail-hcukyx3x gmail-c1et5uql gmail-ii04i59q\">\n<div class=\"page-title-head hgroup\">\n<div class=\"page-title-head hgroup\">\n<div class=\"b654a4as d2edcug0\">\n<div class=\"j83agx80 btwxx1t3 lhclo0ds hop8lmos nkwizq5d scwd0bx6 roh60bw9\">\n<div class=\"rq0escxv hkbzh7o3 jwdofwj8 n8tt0mok r8blr3vg hyh9befq\">\n<div><\/div>\n<div class=\"do00u71z l9j0dhe7 k4urcfbm\">\n<audio class=\"wp-audio-shortcode\" id=\"audio-293006-11\" preload=\"none\" style=\"width: 100%;\" controls=\"controls\"><source type=\"audio\/mpeg\" src=\"https:\/\/www.radiopiu.net\/wordpress\/wp-content\/uploads\/2022\/08\/CESARE-11.mp3?_=11\" \/><a href=\"https:\/\/www.radiopiu.net\/wordpress\/wp-content\/uploads\/2022\/08\/CESARE-11.mp3\">https:\/\/www.radiopiu.net\/wordpress\/wp-content\/uploads\/2022\/08\/CESARE-11.mp3<\/a><\/audio>\n<p>&nbsp;<\/p>\n<p>&nbsp;<\/p>\n<p>&nbsp;<\/p>\n<hr \/>\n<p>&nbsp;<\/p>\n<blockquote class=\"wp-embedded-content\" data-secret=\"tZuJ1drXnI\"><p><a href=\"https:\/\/www.radiopiu.net\/wordpress\/in-cammino-verso-la-beatificazione-di-papa-luciani-giovanni-paolo-i\/\">IN CAMMINO VERSO LA BEATIFICAZIONE DI PAPA LUCIANI, GIOVANNI PAOLO I<\/a><\/p><\/blockquote>\n<p><iframe loading=\"lazy\" class=\"wp-embedded-content\" sandbox=\"allow-scripts\" security=\"restricted\" style=\"position: absolute; clip: rect(1px, 1px, 1px, 1px);\" title=\"&#8220;IN CAMMINO VERSO LA BEATIFICAZIONE DI PAPA LUCIANI, GIOVANNI PAOLO I&#8221; &#8212; Radio Pi\u00f9\" src=\"https:\/\/www.radiopiu.net\/wordpress\/in-cammino-verso-la-beatificazione-di-papa-luciani-giovanni-paolo-i\/embed\/#?secret=L8aE0Ffq7p#?secret=tZuJ1drXnI\" data-secret=\"tZuJ1drXnI\" width=\"600\" height=\"338\" frameborder=\"0\" marginwidth=\"0\" marginheight=\"0\" scrolling=\"no\"><\/iframe><\/p>\n<p>&nbsp;<\/p>\n<hr \/>\n<p>&nbsp;<\/p>\n<p><span style=\"color: #0000ff;\">MUSICA PIU&#8217;\u00a0<\/span><\/p>\n<p><a href=\"https:\/\/www.radiopiu.net\/wordpress\/giornale-radiopiu-20-settembre-2021-direttore-mirko-mezzacasa\/pp-79\/\" rel=\"attachment wp-att-232921\"><img loading=\"lazy\" decoding=\"async\" class=\"wp-image-232921 alignleft\" src=\"https:\/\/www.radiopiu.net\/wordpress\/wp-content\/uploads\/2021\/09\/pp-1-300x300.jpg\" alt=\"\" width=\"135\" height=\"135\" srcset=\"https:\/\/www.radiopiu.net\/wordpress\/wp-content\/uploads\/2021\/09\/pp-1-300x300.jpg 300w, https:\/\/www.radiopiu.net\/wordpress\/wp-content\/uploads\/2021\/09\/pp-1-150x150.jpg 150w, https:\/\/www.radiopiu.net\/wordpress\/wp-content\/uploads\/2021\/09\/pp-1.jpg 640w\" sizes=\"auto, (max-width: 135px) 100vw, 135px\" \/><\/a><\/p>\n<div class=\"mkdf-post-text\">\n<div class=\"mkdf-post-text-inner\">\n<div class=\"mkdf-post-text-main\">\n<div class=\"mkdf-post-text\">\n<div class=\"mkdf-post-text-inner\">\n<div class=\"mkdf-post-text-main\">\n<div class=\"mkdf-post-text\">\n<div class=\"mkdf-post-text-inner\">\n<div class=\"mkdf-post-text-main\">\n<div class=\"page-title-head hgroup\">\n<div class=\"page-title-head hgroup\">\n<div class=\"mkdf-post-text\">\n<div class=\"mkdf-post-text-inner\">\n<div class=\"mkdf-post-text-main\">\n<div class=\"mkdf-post-text\">\n<div class=\"mkdf-post-text-inner\">\n<div class=\"mkdf-post-text-main\">\n<div class=\"page-title-head hgroup\">\n<div class=\"page-title-head hgroup\">\n<div class=\"page-title-head hgroup\">\n<div class=\"page-title-head hgroup\">\n<div class=\"b654a4as d2edcug0\">\n<div class=\"page-title-head hgroup\">\n<div class=\"page-title-head hgroup\">\n<div class=\"page-title-head hgroup\">\n<div class=\"page-title-head hgroup\">\n<div class=\"b654a4as d2edcug0\">\n<div class=\"page-title-head hgroup\">\n<div class=\"page-title-head hgroup\">\n<div class=\"page-title-head hgroup\">\n<div class=\"page-title-head hgroup\">\n<div class=\"b654a4as d2edcug0\">\n<div class=\"mkdf-post-text\">\n<div class=\"mkdf-post-text-inner\">\n<div class=\"mkdf-post-text-main\">\n<div class=\"mkdf-post-text\">\n<div class=\"mkdf-post-text-inner\">\n<div class=\"mkdf-post-text-main\">\n<div class=\"mkdf-post-text\">\n<div class=\"mkdf-post-text-inner\">\n<div class=\"mkdf-post-text-main\">\n<div class=\"page-title-head hgroup\">\n<div class=\"page-title-head hgroup\">\n<div class=\"mkdf-post-text\">\n<div class=\"mkdf-post-text-inner\">\n<div class=\"mkdf-post-text-main\">\n<div class=\"mkdf-post-text\">\n<div class=\"mkdf-post-text-inner\">\n<div class=\"mkdf-post-text-main\">\n<div class=\"page-title-head hgroup\">\n<div class=\"page-title-head hgroup\">\n<div class=\"page-title-head hgroup\">\n<div class=\"page-title-head hgroup\">\n<div class=\"b654a4as d2edcug0\">\n<div class=\"page-title-head hgroup\">\n<div class=\"page-title-head hgroup\">\n<div class=\"page-title-head hgroup\">\n<div class=\"page-title-head hgroup\">\n<div class=\"b654a4as d2edcug0\">\n<div class=\"page-title-head hgroup\">\n<div class=\"page-title-head hgroup\">\n<div class=\"page-title-head hgroup\">\n<div class=\"page-title-head hgroup\">\n<div class=\"b654a4as d2edcug0\">\n<div><\/div>\n<div><\/div>\n<div>\n<p><strong>MUSICA ALLA RADIO, IL PROGRAMMA DI LORIS SCUSSEL &#8220;COLLAGE OPERAZIONE NOSTALGIA&#8221; DAL LUNEDI AL VENERDI ALLE 16.00\u00a0 E ALLE 23\u00a0<\/strong><\/p>\n<\/div>\n<\/div>\n<p>&nbsp;<\/p>\n<p>&nbsp;<\/p>\n<div class=\"b654a4as d2edcug0\">\n<blockquote>\n<h3>COLLAGE OPERAZIONE NOSTALGIA, TRA I BALLABILI E LE SIGLE TV<\/h3>\n<\/blockquote>\n<p><strong><a class=\"dt-pswp-item\" href=\"https:\/\/www.radiopiu.net\/wordpress\/wp-content\/uploads\/2022\/08\/Speedy-Gonzales.jpg\" data-dt-img-description=\"\" data-large_image_width=\"1280\" data-large_image_height=\"720\"><img loading=\"lazy\" decoding=\"async\" class=\"alignleft wp-image-292730 \" src=\"https:\/\/www.radiopiu.net\/wordpress\/wp-content\/uploads\/2022\/08\/Speedy-Gonzales-300x169.jpg\" alt=\"\" width=\"193\" height=\"109\" srcset=\"https:\/\/www.radiopiu.net\/wordpress\/wp-content\/uploads\/2022\/08\/Speedy-Gonzales-300x169.jpg 300w, https:\/\/www.radiopiu.net\/wordpress\/wp-content\/uploads\/2022\/08\/Speedy-Gonzales-1024x576.jpg 1024w, https:\/\/www.radiopiu.net\/wordpress\/wp-content\/uploads\/2022\/08\/Speedy-Gonzales-768x432.jpg 768w, https:\/\/www.radiopiu.net\/wordpress\/wp-content\/uploads\/2022\/08\/Speedy-Gonzales.jpg 1280w\" sizes=\"auto, (max-width: 193px) 100vw, 193px\" \/><\/a>di Loris Scussel<\/strong><\/p>\n<p>Un grande classico \u201cSpeedy Gonzales\u201d nella versione di Pat Boone aprir\u00e0 la programmazione settimanale di Collage che nella consueta alternanza tra brani di musica italiana e internazionale proporr\u00e0 i ballabili anni 60, le sigle delle trasmissioni Rai in bianco e nero, uno speciale dedicato ai polistrumentisti e cos\u00ec via. Collage va in onda dal luned\u00ec al venerd\u00ec alle 16,00 e alle 23,00 naturalmente su Radio Pi\u00f9.<\/p>\n<\/div>\n<\/div>\n<\/div>\n<\/div>\n<\/div>\n<\/div>\n<\/div>\n<\/div>\n<\/div>\n<\/div>\n<\/div>\n<\/div>\n<\/div>\n<\/div>\n<\/div>\n<\/div>\n<\/div>\n<\/div>\n<\/div>\n<\/div>\n<\/div>\n<\/div>\n<\/div>\n<\/div>\n<\/div>\n<\/div>\n<\/div>\n<\/div>\n<\/div>\n<\/div>\n<\/div>\n<\/div>\n<\/div>\n<\/div>\n<\/div>\n<\/div>\n<\/div>\n<\/div>\n<\/div>\n<\/div>\n<\/div>\n<\/div>\n<\/div>\n<\/div>\n<\/div>\n<\/div>\n<\/div>\n<\/div>\n<\/div>\n<\/div>\n<\/div>\n<\/div>\n<\/div>\n<\/div>\n<\/div>\n<\/div>\n<\/div>\n<\/div>\n<\/div>\n<\/div>\n<\/div>\n<\/div>\n<\/div>\n<\/div>\n<div>\n<div class=\"page-title-head hgroup\">\n<div class=\"page-title-head hgroup\">\n<div class=\"page-title-head hgroup\">\n<div class=\"page-title-head hgroup\">\n<div class=\"b654a4as d2edcug0\">\n<div class=\"page-title-head hgroup\">\n<div class=\"page-title-head hgroup\">\n<div class=\"page-title-head hgroup\">\n<div class=\"page-title-head hgroup\">\n<div class=\"b654a4as d2edcug0\">\n<div class=\"page-title-head hgroup\">\n<div class=\"page-title-head hgroup\">\n<div class=\"page-title-head hgroup\">\n<div class=\"page-title-head hgroup\">\n<div class=\"page-title-head hgroup\">\n<div class=\"page-title-head hgroup\">\n<div class=\"page-title-head hgroup\">\n<div class=\"page-title-head hgroup\">\n<div class=\"page-title-head hgroup\">\n<div class=\"b654a4as d2edcug0\">\n<div class=\"page-title-head hgroup\">\n<div class=\"page-title-head hgroup\">\n<div class=\"page-title-head hgroup\">\n<div class=\"page-title-head hgroup\">\n<div class=\"b654a4as d2edcug0\">\n<div class=\"page-title-head hgroup\">\n<div class=\"page-title-head hgroup\">\n<div class=\"page-title-head hgroup\">\n<div class=\"page-title-head hgroup\">\n<div class=\"page-title-head hgroup\">\n<div class=\"mkdf-post-text\">\n<div class=\"mkdf-post-text-inner\">\n<div class=\"mkdf-post-text-main\">\n<div class=\"mkdf-post-text\">\n<div class=\"mkdf-post-text-inner\">\n<div class=\"mkdf-post-text-main\">\n<div class=\"mkdf-post-text\">\n<div class=\"mkdf-post-text-inner\">\n<div class=\"mkdf-post-text-main\">\n<div class=\"page-title-head hgroup\">\n<div class=\"page-title-head hgroup\">\n<div class=\"mkdf-post-text\">\n<div class=\"mkdf-post-text-inner\">\n<div class=\"mkdf-post-text-main\">\n<div class=\"mkdf-post-text\">\n<div class=\"mkdf-post-text-inner\">\n<div class=\"mkdf-post-text-main\">\n<div class=\"page-title-head hgroup\">\n<div class=\"page-title-head hgroup\">\n<div class=\"page-title-head hgroup\">\n<div class=\"page-title-head hgroup\">\n<div class=\"b654a4as d2edcug0\">\n<div class=\"page-title-head hgroup\">\n<div class=\"page-title-head hgroup\">\n<div class=\"page-title-head hgroup\">\n<div class=\"page-title-head hgroup\">\n<div class=\"b654a4as d2edcug0\">\n<div class=\"page-title-head hgroup\">\n<div class=\"page-title-head hgroup\">\n<div class=\"page-title-head hgroup\">\n<p>&nbsp;<\/p>\n<p>&nbsp;<\/p>\n<hr \/>\n<p>&nbsp;<\/p>\n<p><a class=\"dt-pswp-item\" href=\"https:\/\/www.radiopiu.net\/wordpress\/wp-content\/uploads\/2018\/09\/WhatsApp-Image-2018-09-20-at-16.04.06.jpeg\" data-dt-img-description=\"\" data-large_image_width=\"800\" data-large_image_height=\"100\"><img loading=\"lazy\" decoding=\"async\" class=\"aligncenter wp-image-61378 size-full\" src=\"https:\/\/www.radiopiu.net\/wordpress\/wp-content\/uploads\/2018\/09\/WhatsApp-Image-2018-09-20-at-16.04.06.jpeg\" alt=\"\" width=\"800\" height=\"100\" srcset=\"https:\/\/www.radiopiu.net\/wordpress\/wp-content\/uploads\/2018\/09\/WhatsApp-Image-2018-09-20-at-16.04.06.jpeg 800w, https:\/\/www.radiopiu.net\/wordpress\/wp-content\/uploads\/2018\/09\/WhatsApp-Image-2018-09-20-at-16.04.06-300x38.jpeg 300w, https:\/\/www.radiopiu.net\/wordpress\/wp-content\/uploads\/2018\/09\/WhatsApp-Image-2018-09-20-at-16.04.06-768x96.jpeg 768w\" sizes=\"auto, (max-width: 800px) 100vw, 800px\" \/><\/a><\/p>\n<p>&nbsp;<\/p>\n<p><center><b>Mercoledi 17<\/b><\/center><b>Tempo atteso: <\/b>Al mattino tempo ben soleggiato con cielo sereno o poco nuvoloso per sottili velature per l&#8217;arrivo da sud-ovest attorno alle ore centrali del giorno. In seguito minore soleggiamento per graduale intensificazione delle nubi alte e lo sviluppo di qualche modesto addensamento. In tarda serata non escluso un aumento della nuvolosit\u00e0 associato a qualche fenomeno sui settori occidentali. Contesto termico di nuovo estivo.<br \/>\n<b>Precipitazioni: <\/b>In giornata assenti (0%), in tarda serata eventuali brevi temporali su Prealpi veronesi e su Dolomiti occidentali (10\/20%), altrove assenti (0%).<br \/>\n<b>Temperature: <\/b>Minime pressoch\u00e8 stazionarie nei fondovalle prealpini e in aumento in quota; massime in lieve aumento su valori superiori alla media (zero termico a 4500 m). Previste punte di 30\/32\u00b0C nei fondovalle prealpini e di 25\/27\u00b0C a 1000-1200 m. Su Prealpi a 1500 m min 15\u00b0C max 22\u00b0C, a 2000 m min 13\u00b0C max 18\u00b0C. Su Dolomiti a 2000 m min 12\u00b0C max 19\u00b0C, a 3000 m min 6\u00b0C max 9\u00b0C.<br \/>\n<b>Venti: <\/b>Nelle valli perlopi\u00f9 deboli a regime di brezza, localmente e a tratti moderati durante le ore pi\u00f9 calde; in quota moderati da sud-ovest, anche tesi sulle vette pi\u00f9 alte nel tardo pomeriggio\/sera, a 5-20 km\/h a 2000 m e 15-45 km\/h a 3000 m.<\/p>\n<hr \/>\n<p><center><b>Giovedi 18<\/b><\/center><b>Tempo atteso: <\/b>Nottetempo aumento della nuvolosit\u00e0 con probabile episodio d&#8217;instabilit\u00e0, fase che perdurer\u00e0 un po&#8217; nella prima parte del mattino, prima di esaurirsi. Pertanto ci sar\u00e0 un lungo momento di variabilit\u00e0 con nuvolosit\u00e0 irregolare e schiarite, prima che il tempo peggiori di nuovo in serata con nuvolosit\u00e0 intensa associata a maggiore instabilit\u00e0. Nonostante la maggiore nuvolosit\u00e0, il contesto termico rimarr\u00e0 piacevolmente mite, quasi caldo nei fondovalle.<br \/>\n<b>Precipitazioni: <\/b>Nottetempo probabili rovesci sparsi e qualche occasionale temporale (50-70%), poi lunga pausa pressoch\u00e9 senza fenomeni, salvo sporadici rovesci (10\/20%). Alla sera ripresa dell&#8217;instabilit\u00e0 con alta probabilit\u00e0 di rovesci e temporali (70\/90%). Gli apporti saranno molto irregolari per la peculiarit\u00e0 dei fenomeni legato all&#8217;instabilit\u00e0.<br \/>\n<b>Temperature: <\/b>Minime del mattino in aumento ovunque, ma in alta quota le minime effettive saranno osservate alla sera e saranno in calo rispetto a quelle del mattino; massime in generale lieve flessione, soprattutto per deficit di sole. Previste punte di 27\/28\u00b0C nei fondovalle prealpini e di 21\/23\u00b0C a 1000-1200 m. Su Prealpi a 1500 m min 14\u00b0C max 19\u00b0C, a 2000 m min 11\u00b0C max 15\u00b0C. Su Dolomiti a 2000 m min 10\u00b0C max 16\u00b0C, a 3000 m min 4\u00b0C max 7\u00b0C.<br \/>\n<b>Venti: <\/b>Nelle valli perlopi\u00f9 deboli di direzione variabile, eccetto locali rinforzi in caso di temporali; in quota moderati\/tesi da sud-ovest, anche forti durante la notte sulle cime pi\u00f9 alte, a 10-25 km\/h a 2000 m e 25-55 km\/h a 3000 m.<\/p>\n<hr \/>\n<p><center><b>Venerdi 19<\/b><\/center>Nottetempo spiccata instabilit\u00e0 con frequenti rovesci e temporali, tra fine nottata e inizio giornata instabilit\u00e0 sempre pi\u00f9 residua. Nel corso della mattinata cielo ancora coperto e associato a qualche sporadico rovescio. Al pomeriggio esaurimento dei fenomeni, diradamento della nuvolosit\u00e0 e prime schiarite; alla sera ulteriore miglioramento. Temperature in generale calo con minime raggiunte in serata. Venti in quota moderati da sud-ovest ovest fino alle ore centrali, poi in rotazione da nord-ovest rafforzandosi nettamente tra il tardo pomeriggio e la sera.<\/p>\n<hr \/>\n<p><center><b>Sabato 20<\/b><\/center>Al mattino soleggiato con cielo sereno, salvo effimeri nubi basse mattutine in Valbelluna. Al pomeriggio riduzione del soleggiamento per attivit\u00e0 cumuliforme, localmente moderata e associata a qualche fenomeno convettivo di limitata estensione spazio-temporale. Temperature minime in calo e massime in rialzo. Nelle valli venti perlopi\u00f9 deboli per brezze, localmente e a tratti moderarti; in quota tesi da nord-ovest nottetempo, in attenuazione fino a risultare moderati in giornata, sempre nord-occidentali. Previsore: R.L.Th.<\/p>\n<p>&nbsp;<\/p>\n<hr \/>\n<p>&nbsp;<\/p>\n<p>&nbsp;<\/p>\n<p><a href=\"https:\/\/www.radiopiu.net\/wordpress\/giornale-radiopiu-26-settembre-2018-direttore-mirko-mezzacasa\/viabilita-2\/\" rel=\"attachment wp-att-61954\"><img loading=\"lazy\" decoding=\"async\" class=\"aligncenter wp-image-61954 size-full\" src=\"https:\/\/www.radiopiu.net\/wordpress\/wp-content\/uploads\/2018\/09\/viabilita.jpeg\" sizes=\"auto, (max-width: 800px) 100vw, 800px\" srcset=\"https:\/\/www.radiopiu.net\/wordpress\/wp-content\/uploads\/2018\/09\/viabilita.jpeg 800w, https:\/\/www.radiopiu.net\/wordpress\/wp-content\/uploads\/2018\/09\/viabilita-300x38.jpeg 300w, https:\/\/www.radiopiu.net\/wordpress\/wp-content\/uploads\/2018\/09\/viabilita-768x96.jpeg 768w\" alt=\"\" width=\"800\" height=\"100\" \/><\/a><\/p>\n<blockquote>\n<h3><\/h3>\n<h3>GALLERIA DI SEGUSINO CHIUSA PER 4 MESI<\/h3>\n<\/blockquote>\n<p><strong><a class=\"dt-pswp-item\" href=\"https:\/\/www.radiopiu.net\/wordpress\/wp-content\/uploads\/2020\/05\/VENETO-STRADE.png\" data-dt-img-description=\"\" data-large_image_width=\"400\" data-large_image_height=\"400\"><img loading=\"lazy\" decoding=\"async\" class=\" wp-image-135574 alignleft\" src=\"https:\/\/www.radiopiu.net\/wordpress\/wp-content\/uploads\/2020\/05\/VENETO-STRADE-150x150.png\" alt=\"\" width=\"102\" height=\"102\" srcset=\"https:\/\/www.radiopiu.net\/wordpress\/wp-content\/uploads\/2020\/05\/VENETO-STRADE-150x150.png 150w, https:\/\/www.radiopiu.net\/wordpress\/wp-content\/uploads\/2020\/05\/VENETO-STRADE-300x300.png 300w, https:\/\/www.radiopiu.net\/wordpress\/wp-content\/uploads\/2020\/05\/VENETO-STRADE.png 400w\" sizes=\"auto, (max-width: 102px) 100vw, 102px\" \/><\/a><\/strong><\/p>\n<p><strong>SEGUSINO<\/strong> Fino al 4 novembre, compresi sabati domeniche e festivi infrasettimanali, un&#8217;interdizione totale al transito per l&#8217;intera tratta della galleria di Segusino in seguito a dei lavori per messa in sicurezza della condotta acquedottistica<\/p>\n<p><strong>RIVAMONTE<\/strong> Veneto Strade comunica che lungo la SP 3 della Valle Imperina, a Gona di Conedera \u00e8\u00a0 istituito un senso unico alternato regolato da semaforo fino al 29 agosto compresi sabato domenica e festivi. Senso unico necessario per consentire i lavori di consolidamento della strada.<\/p>\n<blockquote class=\"wp-embedded-content\" data-secret=\"gCLpwyWUk2\"><p><a href=\"https:\/\/www.radiopiu.net\/wordpress\/viabilita\/\">viabilita<\/a><\/p><\/blockquote>\n<p><iframe loading=\"lazy\" class=\"wp-embedded-content\" sandbox=\"allow-scripts\" security=\"restricted\" style=\"position: absolute; clip: rect(1px, 1px, 1px, 1px);\" title=\"&#8220;viabilita&#8221; &#8212; Radio Pi\u00f9\" src=\"https:\/\/www.radiopiu.net\/wordpress\/viabilita\/embed\/#?secret=wiUIGezR8P#?secret=gCLpwyWUk2\" data-secret=\"gCLpwyWUk2\" width=\"600\" height=\"338\" frameborder=\"0\" marginwidth=\"0\" marginheight=\"0\" scrolling=\"no\"><\/iframe><\/p>\n<p>&nbsp;<\/p>\n<hr \/>\n<p>&nbsp;<\/p>\n<p>&nbsp;<\/p>\n<p><img loading=\"lazy\" decoding=\"async\" class=\"wp-image-60761 size-full aligncenter\" src=\"https:\/\/www.radiopiu.net\/wordpress\/wp-content\/uploads\/2018\/09\/sport.jpg\" alt=\"\" width=\"800\" height=\"100\" srcset=\"https:\/\/www.radiopiu.net\/wordpress\/wp-content\/uploads\/2018\/09\/sport.jpg 800w, https:\/\/www.radiopiu.net\/wordpress\/wp-content\/uploads\/2018\/09\/sport-300x38.jpg 300w, https:\/\/www.radiopiu.net\/wordpress\/wp-content\/uploads\/2018\/09\/sport-768x96.jpg 768w\" sizes=\"auto, (max-width: 800px) 100vw, 800px\" \/><\/p>\n<\/div>\n<\/div>\n<\/div>\n<div class=\"page-title-head hgroup\">\n<div class=\"page-title-head hgroup\">\n<p>&nbsp;<\/p>\n<p><span style=\"color: #0000ff;\"><strong>JUDO<\/strong><\/span><\/p>\n<blockquote>\n<h3>CAMPIONATI DEL MONDO JUNIORES DI JUDO IN ECUADOR: BRONZO PER LA FELTRINA ZUCCO<\/h3>\n<\/blockquote>\n<p><strong>FELTRE <\/strong>L\u2019atleta feltrina Agnese Zucco della ASD Fitness Club Nuova Florida di Ardea &#8211; Roma ha conquistato nei giorni scorsi in Ecuador, paese organizzatore del campionato mondiale juniores di judo, la medaglia di bronzo nella categoria 63 Kg. Una gara strepitosa quella di Agnese, cede il passo solo alla giapponese Ishioka Kurumi nella finale di pool ma recupera alla grande fino a conquistare la finale per il bronzo, vincendola contro la Croata Katarina Kristo. Una cavalcata entusiasmante \u00e8 stata anche quella di Agnese Zucco che \u00e8 partita forte piazzando ippon prima sulla kazaka Esmigul Kuyulova e poi due wazari sulla cilena Constanza Perez. Sconfitta per tre shido nel golden score dalla giapponese Kurumi Ishioka, Agnese si \u00e8 poi rifatta sulla belga Alessia Corrao, portata alla terza sanzione per liquidare poi la croata Katarina Kristo con un wazari di uchi mata nei primissimi secondi della finale per il terzo posto, gestita poi fino la fine del tempo. \u201c<em>Sono contentissima di questa medaglia perch\u00e9, consapevole delle mie capacit\u00e0, so di meritarmela &#8211; ha detto Agnese Zucco &#8211; \u00c8 stata la mia prima gara in nazionale; vorrei ringraziare tutti i tecnici, il dottore e il fisioterapista per il continuo supporto in questi giorni. Un ringraziamento in particolare al maestro Ferro Salvatore, che mi ha seguita in gara e ad Alessandra Giungi che mi ha aiutata nella preparazione alla gara insieme ai miei compagni del Fitness Club Nuova Florida. Questa medaglia la voglio dedicare alla mia famiglia, che quotidianamente mi sostiene e mi supporta nel mio percorso, incentivandomi e capendomi sempre. Grazie anche ai ragazzi della nazionale che oggi mi hanno aiutato e sopportato! Ora torno a casa e continuo a lavorare per il mio percorso, pronta per i prossimi appuntamenti<\/em>\u201d. In quest\u2019ultimo anno Agnese ha saputo, per altro, ben conciliare i duri allenamenti sportivi con lo studio che la ha vista raggiungere il traguardo della maturit\u00e0 con un 100 presso il Liceo Scientifico Sportivo San Benedetto di Pomezia (Roma).<\/p>\n\n\t\t\t<style type='text\/css'>\n\t\t\t\t#gallery-5 {\n\t\t\t\t\tmargin: auto;\n\t\t\t\t}\n\t\t\t\t#gallery-5 .gallery-item {\n\t\t\t\t\tfloat: left;\n\t\t\t\t\tmargin-top: 10px;\n\t\t\t\t\ttext-align: center;\n\t\t\t\t\twidth: 25%;\n\t\t\t\t}\n\t\t\t\t#gallery-5 img {\n\t\t\t\t\tborder: 2px solid #cfcfcf;\n\t\t\t\t}\n\t\t\t\t#gallery-5 .gallery-caption {\n\t\t\t\t\tmargin-left: 0;\n\t\t\t\t}\n\t\t\t\t\/* see gallery_shortcode() in wp-includes\/media.php *\/\n\t\t\t<\/style>\n\t\t<div id='gallery-5' class='dt-gallery-container gallery galleryid-293006 gallery-columns-4 gallery-size-thumbnail'><dl class='gallery-item'>\n\t\t\t\t<dt class='gallery-icon landscape'>\n\t\t\t\t\t<a class=\"rollover rollover-zoom dt-pswp-item\" title=\"Unknown\" data-dt-img-description=\"\" data-large_image_width=\"1620\" data-large_image_height=\"1080\"href='https:\/\/www.radiopiu.net\/wordpress\/wp-content\/uploads\/2022\/08\/Unknown-2.jpeg'><img loading=\"lazy\" decoding=\"async\" width=\"150\" height=\"150\" src=\"https:\/\/www.radiopiu.net\/wordpress\/wp-content\/uploads\/2022\/08\/Unknown-2-150x150.jpeg\" class=\"attachment-thumbnail size-thumbnail\" alt=\"\" \/><\/a>\n\t\t\t\t<\/dt><\/dl><dl class='gallery-item'>\n\t\t\t\t<dt class='gallery-icon portrait'>\n\t\t\t\t\t<a class=\"rollover rollover-zoom dt-pswp-item\" title=\"Unknown-1\" data-dt-img-description=\"\" data-large_image_width=\"1511\" data-large_image_height=\"2048\"href='https:\/\/www.radiopiu.net\/wordpress\/wp-content\/uploads\/2022\/08\/Unknown-1-1.jpeg'><img loading=\"lazy\" decoding=\"async\" width=\"150\" height=\"150\" src=\"https:\/\/www.radiopiu.net\/wordpress\/wp-content\/uploads\/2022\/08\/Unknown-1-1-150x150.jpeg\" class=\"attachment-thumbnail size-thumbnail\" alt=\"\" \/><\/a>\n\t\t\t\t<\/dt><\/dl><dl class='gallery-item'>\n\t\t\t\t<dt class='gallery-icon landscape'>\n\t\t\t\t\t<a class=\"rollover rollover-zoom dt-pswp-item\" title=\"Unknown-2\" data-dt-img-description=\"\" data-large_image_width=\"1506\" data-large_image_height=\"1080\"href='https:\/\/www.radiopiu.net\/wordpress\/wp-content\/uploads\/2022\/08\/Unknown-2-1.jpeg'><img loading=\"lazy\" decoding=\"async\" width=\"150\" height=\"150\" src=\"https:\/\/www.radiopiu.net\/wordpress\/wp-content\/uploads\/2022\/08\/Unknown-2-1-150x150.jpeg\" class=\"attachment-thumbnail size-thumbnail\" alt=\"\" \/><\/a>\n\t\t\t\t<\/dt><\/dl><dl class='gallery-item'>\n\t\t\t\t<dt class='gallery-icon landscape'>\n\t\t\t\t\t<a class=\"rollover rollover-zoom dt-pswp-item\" title=\"Unknown-3\" data-dt-img-description=\"\" data-large_image_width=\"1506\" data-large_image_height=\"1080\"href='https:\/\/www.radiopiu.net\/wordpress\/wp-content\/uploads\/2022\/08\/Unknown-3.jpeg'><img loading=\"lazy\" decoding=\"async\" width=\"150\" height=\"150\" src=\"https:\/\/www.radiopiu.net\/wordpress\/wp-content\/uploads\/2022\/08\/Unknown-3-150x150.jpeg\" class=\"attachment-thumbnail size-thumbnail\" alt=\"\" \/><\/a>\n\t\t\t\t<\/dt><\/dl><br style=\"clear: both\" \/>\n\t\t\t<\/div>\n\n<p>&nbsp;<\/p>\n<hr \/>\n<p>&nbsp;<\/p>\n<p><span style=\"color: #0000ff;\"><strong>PODISMO<\/strong><\/span><\/p>\n<blockquote>\n<h3>LA MARCIA BARBANA A LASTE DI ROCCA PIETORE<\/h3>\n<\/blockquote>\n<p><strong>ROCCA PIETORE<\/strong> Grande successo per la 48\u00aa edizione della Marcia Barbana a Laste di Rocca Pietore. Una tradizione per la corsa pi\u00f9 longeva dell&#8217;Agordino. Sono stati 532 gli iscritti alla competizione che \u00e8 stata vinta da Filippo Deccari con il tempo di 36&#8217;48&#8221;, seguito da Ruggero Berolo e terzo Alberto Trame. In campo femminile la vittoria \u00e8 andata a Sonia Matten che ha chiuso con il tempo di 49&#8217;18&#8221;, seconda Alessandra Da Ronch e terza Daniela Miattelo. Tra i premi speciali il Trofeo Romeo De Dorigo, dedicato al gruppo pi\u00f9 numeroso, \u00e8 andato ai &#8220;Soppera&#8221;.<\/p>\n<p><strong>LE CLASSIFICHE<\/strong><\/p>\n\n\t\t\t<style type='text\/css'>\n\t\t\t\t#gallery-6 {\n\t\t\t\t\tmargin: auto;\n\t\t\t\t}\n\t\t\t\t#gallery-6 .gallery-item {\n\t\t\t\t\tfloat: left;\n\t\t\t\t\tmargin-top: 10px;\n\t\t\t\t\ttext-align: center;\n\t\t\t\t\twidth: 33%;\n\t\t\t\t}\n\t\t\t\t#gallery-6 img {\n\t\t\t\t\tborder: 2px solid #cfcfcf;\n\t\t\t\t}\n\t\t\t\t#gallery-6 .gallery-caption {\n\t\t\t\t\tmargin-left: 0;\n\t\t\t\t}\n\t\t\t\t\/* see gallery_shortcode() in wp-includes\/media.php *\/\n\t\t\t<\/style>\n\t\t<div id='gallery-6' class='dt-gallery-container gallery galleryid-293006 gallery-columns-3 gallery-size-thumbnail'><dl class='gallery-item'>\n\t\t\t\t<dt class='gallery-icon portrait'>\n\t\t\t\t\t<a class=\"rollover rollover-zoom dt-pswp-item\" title=\"1e69f073-fea6-41f6-a061-955a6387f31e\" data-dt-img-description=\"\" data-large_image_width=\"719\" data-large_image_height=\"1600\"href='https:\/\/www.radiopiu.net\/wordpress\/wp-content\/uploads\/2022\/08\/1e69f073-fea6-41f6-a061-955a6387f31e.jpg'><img loading=\"lazy\" decoding=\"async\" width=\"150\" height=\"150\" src=\"https:\/\/www.radiopiu.net\/wordpress\/wp-content\/uploads\/2022\/08\/1e69f073-fea6-41f6-a061-955a6387f31e-150x150.jpg\" class=\"attachment-thumbnail size-thumbnail\" alt=\"\" \/><\/a>\n\t\t\t\t<\/dt><\/dl><dl class='gallery-item'>\n\t\t\t\t<dt class='gallery-icon portrait'>\n\t\t\t\t\t<a class=\"rollover rollover-zoom dt-pswp-item\" title=\"8f3410e8-07b3-4fb7-9c64-2c2ee08af68c\" data-dt-img-description=\"\" data-large_image_width=\"719\" data-large_image_height=\"1600\"href='https:\/\/www.radiopiu.net\/wordpress\/wp-content\/uploads\/2022\/08\/8f3410e8-07b3-4fb7-9c64-2c2ee08af68c.jpg'><img loading=\"lazy\" decoding=\"async\" width=\"150\" height=\"150\" src=\"https:\/\/www.radiopiu.net\/wordpress\/wp-content\/uploads\/2022\/08\/8f3410e8-07b3-4fb7-9c64-2c2ee08af68c-150x150.jpg\" class=\"attachment-thumbnail size-thumbnail\" alt=\"\" \/><\/a>\n\t\t\t\t<\/dt><\/dl><dl class='gallery-item'>\n\t\t\t\t<dt class='gallery-icon landscape'>\n\t\t\t\t\t<a class=\"rollover rollover-zoom dt-pswp-item\" title=\"0dd5c1d6-1ef3-402d-8846-7563026e6560\" data-dt-img-description=\"\" data-large_image_width=\"1600\" data-large_image_height=\"719\"href='https:\/\/www.radiopiu.net\/wordpress\/wp-content\/uploads\/2022\/08\/0dd5c1d6-1ef3-402d-8846-7563026e6560.jpg'><img loading=\"lazy\" decoding=\"async\" width=\"150\" height=\"150\" src=\"https:\/\/www.radiopiu.net\/wordpress\/wp-content\/uploads\/2022\/08\/0dd5c1d6-1ef3-402d-8846-7563026e6560-150x150.jpg\" class=\"attachment-thumbnail size-thumbnail\" alt=\"\" \/><\/a>\n\t\t\t\t<\/dt><\/dl><br style=\"clear: both\" \/>\n\t\t\t<\/div>\n\n<p>&nbsp;<\/p>\n<p><strong>IL SINDACO DI ROCCA PIETORE ANDREA DE BERNARDIN<\/strong><\/p>\n<audio class=\"wp-audio-shortcode\" id=\"audio-293006-12\" preload=\"none\" style=\"width: 100%;\" controls=\"controls\"><source type=\"audio\/mpeg\" src=\"https:\/\/www.radiopiu.net\/wordpress\/wp-content\/uploads\/2022\/08\/DE-BERNARDIN-CORSA-LASTE.mp3?_=12\" \/><a href=\"https:\/\/www.radiopiu.net\/wordpress\/wp-content\/uploads\/2022\/08\/DE-BERNARDIN-CORSA-LASTE.mp3\">https:\/\/www.radiopiu.net\/wordpress\/wp-content\/uploads\/2022\/08\/DE-BERNARDIN-CORSA-LASTE.mp3<\/a><\/audio>\n<p>&nbsp;<\/p>\n\n\t\t\t<style type='text\/css'>\n\t\t\t\t#gallery-7 {\n\t\t\t\t\tmargin: auto;\n\t\t\t\t}\n\t\t\t\t#gallery-7 .gallery-item {\n\t\t\t\t\tfloat: left;\n\t\t\t\t\tmargin-top: 10px;\n\t\t\t\t\ttext-align: center;\n\t\t\t\t\twidth: 25%;\n\t\t\t\t}\n\t\t\t\t#gallery-7 img {\n\t\t\t\t\tborder: 2px solid #cfcfcf;\n\t\t\t\t}\n\t\t\t\t#gallery-7 .gallery-caption {\n\t\t\t\t\tmargin-left: 0;\n\t\t\t\t}\n\t\t\t\t\/* see gallery_shortcode() in wp-includes\/media.php *\/\n\t\t\t<\/style>\n\t\t<div id='gallery-7' class='dt-gallery-container gallery galleryid-293006 gallery-columns-4 gallery-size-thumbnail'><dl class='gallery-item'>\n\t\t\t\t<dt class='gallery-icon landscape'>\n\t\t\t\t\t<a class=\"rollover rollover-zoom dt-pswp-item\" title=\"17d3c263-4aed-40cc-840f-dae832cc8768\" data-dt-img-description=\"\" data-large_image_width=\"1600\" data-large_image_height=\"719\"href='https:\/\/www.radiopiu.net\/wordpress\/wp-content\/uploads\/2022\/08\/17d3c263-4aed-40cc-840f-dae832cc8768.jpg'><img loading=\"lazy\" decoding=\"async\" width=\"150\" height=\"150\" src=\"https:\/\/www.radiopiu.net\/wordpress\/wp-content\/uploads\/2022\/08\/17d3c263-4aed-40cc-840f-dae832cc8768-150x150.jpg\" class=\"attachment-thumbnail size-thumbnail\" alt=\"\" \/><\/a>\n\t\t\t\t<\/dt><\/dl><dl class='gallery-item'>\n\t\t\t\t<dt class='gallery-icon landscape'>\n\t\t\t\t\t<a class=\"rollover rollover-zoom dt-pswp-item\" title=\"8587aa9b-be3b-4ba8-befa-cfd553d33557\" data-dt-img-description=\"\" data-large_image_width=\"1600\" data-large_image_height=\"719\"href='https:\/\/www.radiopiu.net\/wordpress\/wp-content\/uploads\/2022\/08\/8587aa9b-be3b-4ba8-befa-cfd553d33557.jpg'><img loading=\"lazy\" decoding=\"async\" width=\"150\" height=\"150\" src=\"https:\/\/www.radiopiu.net\/wordpress\/wp-content\/uploads\/2022\/08\/8587aa9b-be3b-4ba8-befa-cfd553d33557-150x150.jpg\" class=\"attachment-thumbnail size-thumbnail\" alt=\"\" \/><\/a>\n\t\t\t\t<\/dt><\/dl><dl class='gallery-item'>\n\t\t\t\t<dt class='gallery-icon landscape'>\n\t\t\t\t\t<a class=\"rollover rollover-zoom dt-pswp-item\" title=\"b3d33246-8bb4-4f75-8d14-d992725561a3\" data-dt-img-description=\"\" data-large_image_width=\"1600\" data-large_image_height=\"719\"href='https:\/\/www.radiopiu.net\/wordpress\/wp-content\/uploads\/2022\/08\/b3d33246-8bb4-4f75-8d14-d992725561a3.jpg'><img loading=\"lazy\" decoding=\"async\" width=\"150\" height=\"150\" src=\"https:\/\/www.radiopiu.net\/wordpress\/wp-content\/uploads\/2022\/08\/b3d33246-8bb4-4f75-8d14-d992725561a3-150x150.jpg\" class=\"attachment-thumbnail size-thumbnail\" alt=\"\" \/><\/a>\n\t\t\t\t<\/dt><\/dl><dl class='gallery-item'>\n\t\t\t\t<dt class='gallery-icon landscape'>\n\t\t\t\t\t<a class=\"rollover rollover-zoom dt-pswp-item\" title=\"142ab7e9-7fc7-41af-ae9c-b6811a162738\" data-dt-img-description=\"\" data-large_image_width=\"1600\" data-large_image_height=\"719\"href='https:\/\/www.radiopiu.net\/wordpress\/wp-content\/uploads\/2022\/08\/142ab7e9-7fc7-41af-ae9c-b6811a162738.jpg'><img loading=\"lazy\" decoding=\"async\" width=\"150\" height=\"150\" src=\"https:\/\/www.radiopiu.net\/wordpress\/wp-content\/uploads\/2022\/08\/142ab7e9-7fc7-41af-ae9c-b6811a162738-150x150.jpg\" class=\"attachment-thumbnail size-thumbnail\" alt=\"\" \/><\/a>\n\t\t\t\t<\/dt><\/dl><br style=\"clear: both\" \/><dl class='gallery-item'>\n\t\t\t\t<dt class='gallery-icon landscape'>\n\t\t\t\t\t<a class=\"rollover rollover-zoom dt-pswp-item\" title=\"573c9d98-38bd-4f57-a4bb-ed0f291dfe73\" data-dt-img-description=\"\" data-large_image_width=\"1600\" data-large_image_height=\"719\"href='https:\/\/www.radiopiu.net\/wordpress\/wp-content\/uploads\/2022\/08\/573c9d98-38bd-4f57-a4bb-ed0f291dfe73.jpg'><img loading=\"lazy\" decoding=\"async\" width=\"150\" height=\"150\" src=\"https:\/\/www.radiopiu.net\/wordpress\/wp-content\/uploads\/2022\/08\/573c9d98-38bd-4f57-a4bb-ed0f291dfe73-150x150.jpg\" class=\"attachment-thumbnail size-thumbnail\" alt=\"\" \/><\/a>\n\t\t\t\t<\/dt><\/dl><dl class='gallery-item'>\n\t\t\t\t<dt class='gallery-icon landscape'>\n\t\t\t\t\t<a class=\"rollover rollover-zoom dt-pswp-item\" title=\"e76d4962-d53d-4aae-b1e2-a8cc72cc88e7\" data-dt-img-description=\"\" data-large_image_width=\"2048\" data-large_image_height=\"1536\"href='https:\/\/www.radiopiu.net\/wordpress\/wp-content\/uploads\/2022\/08\/e76d4962-d53d-4aae-b1e2-a8cc72cc88e7.jpg'><img loading=\"lazy\" decoding=\"async\" width=\"150\" height=\"150\" src=\"https:\/\/www.radiopiu.net\/wordpress\/wp-content\/uploads\/2022\/08\/e76d4962-d53d-4aae-b1e2-a8cc72cc88e7-150x150.jpg\" class=\"attachment-thumbnail size-thumbnail\" alt=\"\" \/><\/a>\n\t\t\t\t<\/dt><\/dl><dl class='gallery-item'>\n\t\t\t\t<dt class='gallery-icon landscape'>\n\t\t\t\t\t<a class=\"rollover rollover-zoom dt-pswp-item\" title=\"65b85c80-b349-4d25-b120-ff1125ebd3b8\" data-dt-img-description=\"\" data-large_image_width=\"1237\" data-large_image_height=\"1200\"href='https:\/\/www.radiopiu.net\/wordpress\/wp-content\/uploads\/2022\/08\/65b85c80-b349-4d25-b120-ff1125ebd3b8.jpg'><img loading=\"lazy\" decoding=\"async\" width=\"150\" height=\"150\" src=\"https:\/\/www.radiopiu.net\/wordpress\/wp-content\/uploads\/2022\/08\/65b85c80-b349-4d25-b120-ff1125ebd3b8-150x150.jpg\" class=\"attachment-thumbnail size-thumbnail\" alt=\"\" \/><\/a>\n\t\t\t\t<\/dt><\/dl>\n\t\t\t\t<br style='clear: both' \/>\n\t\t\t<\/div>\n\n<p>&nbsp;<\/p>\n<hr \/>\n<p>&nbsp;<\/p>\n<p><span style=\"color: #0000ff;\"><strong>PALLAVOLO<\/strong><\/span><\/p>\n<blockquote>\n<h3><a class=\"dt-pswp-item\" href=\"https:\/\/www.radiopiu.net\/wordpress\/wp-content\/uploads\/2022\/08\/Inizia_la_preparazione.jpg\" data-dt-img-description=\"\" data-large_image_width=\"2048\" data-large_image_height=\"1365\"><img loading=\"lazy\" decoding=\"async\" class=\"size-thumbnail wp-image-293049 alignleft\" src=\"https:\/\/www.radiopiu.net\/wordpress\/wp-content\/uploads\/2022\/08\/Inizia_la_preparazione-150x150.jpg\" alt=\"\" width=\"150\" height=\"150\" \/><\/a>MENO DI UNA SETTIMANA AL RADUNO DELLA PALLAVOLO BELLUNO MASCHILE<\/h3>\n<\/blockquote>\n<p><strong>BELLUNO <\/strong><span style=\"color: #000000; font-family: Helvetica;\">Il conto alla rovescia ormai \u00e8 scattato: manca meno di una settimana all\u2019inizio della preparazione. Il raduno della <\/span>Da Rold Logistics Belluno<span style=\"color: #000000; font-family: Helvetica;\">, infatti, \u00e8 in programma\u00a0<\/span><span style=\"color: #000000; font-family: Helvetica;\">luned\u00ec 22,\u00a0alla Spes Arena<\/span><span style=\"color: #000000; font-family: Helvetica;\">: alle ore 17.30, \u00e8 previsto un incontro con i media, in cui il presidente <\/span>Sandro Da Rold<span style=\"color: #000000; font-family: Helvetica;\"> sveler\u00e0 contorni e obiettivi in vista della nuova annata nella <\/span>Serie A3 Credem Banca<span style=\"color: #000000; font-family: Helvetica;\">.<\/span><span class=\"gmail-Apple-converted-space\"> \u00a0<\/span>Poi, agli ordini di coach Gian Luca Colussi, il gruppo comincer\u00e0 ad allenarsi in vista degli impegni nel pre-campionato. E, soprattutto, dell\u2019esordio ufficiale, in calendario il prossimo 9 ottobre, al Pala Barbazza di San Don\u00e0 di Piave, contro i padroni di casa del Volley Team, guidati da Paolo Tofoli.<span class=\"gmail-Apple-converted-space\">\u00a0<\/span><\/p>\n<\/div>\n<\/div>\n<\/div>\n<\/div>\n<\/div>\n<\/div>\n<\/div>\n<\/div>\n<\/div>\n<\/div>\n<\/div>\n<\/div>\n<\/div>\n<\/div>\n<\/div>\n<\/div>\n<\/div>\n<\/div>\n<\/div>\n<\/div>\n<\/div>\n<\/div>\n<\/div>\n<\/div>\n<\/div>\n<\/div>\n<\/div>\n<\/div>\n<\/div>\n<\/div>\n<\/div>\n<\/div>\n<\/div>\n<\/div>\n<\/div>\n<\/div>\n<\/div>\n<\/div>\n<\/div>\n<\/div>\n<\/div>\n<\/div>\n<\/div>\n<\/div>\n<\/div>\n<\/div>\n<\/div>\n<\/div>\n<\/div>\n<\/div>\n<\/div>\n<\/div>\n<\/div>\n<\/div>\n<\/div>\n<\/div>\n<\/div>\n<\/div>\n<\/div>\n<\/div>\n<\/div>\n<\/div>\n<\/div>\n<\/div>\n<\/div>\n<\/div>\n<\/div>\n<\/div>\n<\/div>\n<\/div>\n<\/div>\n<\/div>\n<\/div>\n<\/div>\n<\/div>\n<\/div>\n<\/div>\n<\/div>\n<\/div>\n<\/div>\n<\/div>\n<\/div>\n<\/div>\n<\/div>\n<\/div>\n<\/div>\n<\/div>\n<\/div>\n<\/div>\n<\/div>\n<\/div>\n<\/div>\n<\/div>\n<\/div>\n<\/div>\n<\/div>\n<\/div>\n<\/div>\n<\/div>\n<\/div>\n<\/div>\n<\/div>\n<\/div>\n","protected":false},"excerpt":{"rendered":"<p>RADIO PIU INFORMAZIONE il canale su TELEGRAM informazione di prima\u00a0 mano e in tempo reale. iscriviti ed aiutaci a farlo conoscere\u00a0 \u00a0 &nbsp; &nbsp; LA POLEMICA CONTINUA, L&#8217;ENTE PARCO NON E&#8217; AMATO DA TUTTI. IL CENTRO MINERARIO DI VALLE IMPERINA SARA&#8217; ANCHE DI PROPRIETA&#8217; DEL COMUNE DI RIVAMONTE MA SUI SITI UFFICIALI VIENE PRESENTATO COME&hellip;<\/p>\n","protected":false},"author":4,"featured_media":293117,"comment_status":"closed","ping_status":"closed","sticky":false,"template":"","format":"standard","meta":{"_monsterinsights_skip_tracking":false,"_monsterinsights_sitenote_active":false,"_monsterinsights_sitenote_note":"","_monsterinsights_sitenote_category":0,"footnotes":""},"categories":[104,86,49],"tags":[],"class_list":["post-293006","post","type-post","status-publish","format-standard","has-post-thumbnail","hentry","category-evidenza_3","category-gr","category-news-18","category-104","category-86","category-49","description-off"],"img_url":"https:\/\/www.radiopiu.net\/wordpress\/wp-content\/uploads\/2022\/08\/509d82b7-a2af-441a-8f9a-c5e70d53504b.jpg","_links":{"self":[{"href":"https:\/\/www.radiopiu.net\/wordpress\/wp-json\/wp\/v2\/posts\/293006","targetHints":{"allow":["GET"]}}],"collection":[{"href":"https:\/\/www.radiopiu.net\/wordpress\/wp-json\/wp\/v2\/posts"}],"about":[{"href":"https:\/\/www.radiopiu.net\/wordpress\/wp-json\/wp\/v2\/types\/post"}],"author":[{"embeddable":true,"href":"https:\/\/www.radiopiu.net\/wordpress\/wp-json\/wp\/v2\/users\/4"}],"replies":[{"embeddable":true,"href":"https:\/\/www.radiopiu.net\/wordpress\/wp-json\/wp\/v2\/comments?post=293006"}],"version-history":[{"count":0,"href":"https:\/\/www.radiopiu.net\/wordpress\/wp-json\/wp\/v2\/posts\/293006\/revisions"}],"wp:featuredmedia":[{"embeddable":true,"href":"https:\/\/www.radiopiu.net\/wordpress\/wp-json\/wp\/v2\/media\/293117"}],"wp:attachment":[{"href":"https:\/\/www.radiopiu.net\/wordpress\/wp-json\/wp\/v2\/media?parent=293006"}],"wp:term":[{"taxonomy":"category","embeddable":true,"href":"https:\/\/www.radiopiu.net\/wordpress\/wp-json\/wp\/v2\/categories?post=293006"},{"taxonomy":"post_tag","embeddable":true,"href":"https:\/\/www.radiopiu.net\/wordpress\/wp-json\/wp\/v2\/tags?post=293006"}],"curies":[{"name":"wp","href":"https:\/\/api.w.org\/{rel}","templated":true}]}}