{"id":293008,"date":"2022-08-16T10:10:55","date_gmt":"2022-08-16T08:10:55","guid":{"rendered":"https:\/\/www.radiopiu.net\/wordpress\/?p=293008"},"modified":"2022-08-16T10:10:55","modified_gmt":"2022-08-16T08:10:55","slug":"campionati-del-mondo-juniores-di-judo-in-ecuador-bronzo-per-la-feltrina-zucco","status":"publish","type":"post","link":"https:\/\/www.radiopiu.net\/wordpress\/campionati-del-mondo-juniores-di-judo-in-ecuador-bronzo-per-la-feltrina-zucco\/","title":{"rendered":"CAMPIONATI DEL MONDO JUNIORES DI JUDO IN ECUADOR: BRONZO PER LA FELTRINA ZUCCO"},"content":{"rendered":"<p><strong>FELTRE <\/strong>L\u2019atleta feltrina Agnese Zucco della ASD Fitness Club Nuova Florida di Ardea &#8211; Roma ha conquistato nei giorni scorsi in Ecuador, paese organizzatore del campionato mondiale juniores di judo, la medaglia di bronzo nella categoria 63 Kg. Una gara strepitosa quella di Agnese, cede il passo solo alla giapponese Ishioka Kurumi nella finale di pool ma recupera alla grande fino a conquistare la finale per il bronzo, vincendola contro la Croata Katarina Kristo. Una cavalcata entusiasmante \u00e8 stata anche quella di Agnese Zucco che \u00e8 partita forte piazzando ippon prima sulla kazaka Esmigul Kuyulova e poi due wazari sulla cilena Constanza Perez. Sconfitta per tre shido nel golden score dalla giapponese Kurumi Ishioka, Agnese si \u00e8 poi rifatta sulla belga Alessia Corrao, portata alla terza sanzione per liquidare poi la croata Katarina Kristo con un wazari di uchi mata nei primissimi secondi della finale per il terzo posto, gestita poi fino la fine del tempo. \u201c<em>Sono contentissima di questa medaglia perch\u00e9, consapevole delle mie capacit\u00e0, so di meritarmela &#8211; ha detto Agnese Zucco &#8211; \u00c8 stata la mia prima gara in nazionale; vorrei ringraziare tutti i tecnici, il dottore e il fisioterapista per il continuo supporto in questi giorni. Un ringraziamento in particolare al maestro Ferro Salvatore, che mi ha seguita in gara e ad Alessandra Giungi che mi ha aiutata nella preparazione alla gara insieme ai miei compagni del Fitness Club Nuova Florida. Questa medaglia la voglio dedicare alla mia famiglia, che quotidianamente mi sostiene e mi supporta nel mio percorso, incentivandomi e capendomi sempre. Grazie anche ai ragazzi della nazionale che oggi mi hanno aiutato e sopportato! Ora torno a casa e continuo a lavorare per il mio percorso, pronta per i prossimi appuntamenti<\/em>\u201d. In quest\u2019ultimo anno Agnese ha saputo, per altro, ben conciliare i duri allenamenti sportivi con lo studio che la ha vista raggiungere il traguardo della maturit\u00e0 con un 100 presso il Liceo Scientifico Sportivo San Benedetto di Pomezia (Roma).<\/p>\n\n\t\t\t<style type='text\/css'>\n\t\t\t\t#gallery-1 {\n\t\t\t\t\tmargin: auto;\n\t\t\t\t}\n\t\t\t\t#gallery-1 .gallery-item {\n\t\t\t\t\tfloat: left;\n\t\t\t\t\tmargin-top: 10px;\n\t\t\t\t\ttext-align: center;\n\t\t\t\t\twidth: 25%;\n\t\t\t\t}\n\t\t\t\t#gallery-1 img {\n\t\t\t\t\tborder: 2px solid #cfcfcf;\n\t\t\t\t}\n\t\t\t\t#gallery-1 .gallery-caption {\n\t\t\t\t\tmargin-left: 0;\n\t\t\t\t}\n\t\t\t\t\/* see gallery_shortcode() in wp-includes\/media.php *\/\n\t\t\t<\/style>\n\t\t<div id='gallery-1' class='dt-gallery-container gallery galleryid-293008 gallery-columns-4 gallery-size-thumbnail'><dl class='gallery-item'>\n\t\t\t\t<dt class='gallery-icon landscape'>\n\t\t\t\t\t<a class=\"rollover rollover-zoom dt-pswp-item\" title=\"Unknown\" data-dt-img-description=\"\" data-large_image_width=\"1620\" data-large_image_height=\"1080\"href='https:\/\/www.radiopiu.net\/wordpress\/wp-content\/uploads\/2022\/08\/Unknown-2.jpeg'><img loading=\"lazy\" decoding=\"async\" width=\"150\" height=\"150\" src=\"https:\/\/www.radiopiu.net\/wordpress\/wp-content\/uploads\/2022\/08\/Unknown-2-150x150.jpeg\" class=\"attachment-thumbnail size-thumbnail\" alt=\"\" \/><\/a>\n\t\t\t\t<\/dt><\/dl><dl class='gallery-item'>\n\t\t\t\t<dt class='gallery-icon portrait'>\n\t\t\t\t\t<a class=\"rollover rollover-zoom dt-pswp-item\" title=\"Unknown-1\" data-dt-img-description=\"\" data-large_image_width=\"1511\" data-large_image_height=\"2048\"href='https:\/\/www.radiopiu.net\/wordpress\/wp-content\/uploads\/2022\/08\/Unknown-1-1.jpeg'><img loading=\"lazy\" decoding=\"async\" width=\"150\" height=\"150\" src=\"https:\/\/www.radiopiu.net\/wordpress\/wp-content\/uploads\/2022\/08\/Unknown-1-1-150x150.jpeg\" class=\"attachment-thumbnail size-thumbnail\" alt=\"\" \/><\/a>\n\t\t\t\t<\/dt><\/dl><dl class='gallery-item'>\n\t\t\t\t<dt class='gallery-icon landscape'>\n\t\t\t\t\t<a class=\"rollover rollover-zoom dt-pswp-item\" title=\"Unknown-2\" data-dt-img-description=\"\" data-large_image_width=\"1506\" data-large_image_height=\"1080\"href='https:\/\/www.radiopiu.net\/wordpress\/wp-content\/uploads\/2022\/08\/Unknown-2-1.jpeg'><img loading=\"lazy\" decoding=\"async\" width=\"150\" height=\"150\" src=\"https:\/\/www.radiopiu.net\/wordpress\/wp-content\/uploads\/2022\/08\/Unknown-2-1-150x150.jpeg\" class=\"attachment-thumbnail size-thumbnail\" alt=\"\" \/><\/a>\n\t\t\t\t<\/dt><\/dl><dl class='gallery-item'>\n\t\t\t\t<dt class='gallery-icon landscape'>\n\t\t\t\t\t<a class=\"rollover rollover-zoom dt-pswp-item\" title=\"Unknown-3\" data-dt-img-description=\"\" data-large_image_width=\"1506\" data-large_image_height=\"1080\"href='https:\/\/www.radiopiu.net\/wordpress\/wp-content\/uploads\/2022\/08\/Unknown-3.jpeg'><img loading=\"lazy\" decoding=\"async\" width=\"150\" height=\"150\" src=\"https:\/\/www.radiopiu.net\/wordpress\/wp-content\/uploads\/2022\/08\/Unknown-3-150x150.jpeg\" class=\"attachment-thumbnail size-thumbnail\" alt=\"\" \/><\/a>\n\t\t\t\t<\/dt><\/dl><br style=\"clear: both\" \/>\n\t\t\t<\/div>\n\n<p>&nbsp;<\/p>\n<p>&nbsp;<\/p>\n<p>******<\/p>\n","protected":false},"excerpt":{"rendered":"<p>FELTRE L\u2019atleta feltrina Agnese Zucco della ASD Fitness Club Nuova Florida di Ardea &#8211; Roma ha conquistato nei giorni scorsi in Ecuador, paese organizzatore del campionato mondiale juniores di judo, la medaglia di bronzo nella categoria 63 Kg. Una gara strepitosa quella di Agnese, cede il passo solo alla giapponese Ishioka Kurumi nella finale di&hellip;<\/p>\n","protected":false},"author":4,"featured_media":293022,"comment_status":"closed","ping_status":"closed","sticky":false,"template":"","format":"standard","meta":{"_monsterinsights_skip_tracking":false,"_monsterinsights_sitenote_active":false,"_monsterinsights_sitenote_note":"","_monsterinsights_sitenote_category":0,"footnotes":""},"categories":[49],"tags":[],"class_list":["post-293008","post","type-post","status-publish","format-standard","has-post-thumbnail","hentry","category-news-18","category-49","description-off"],"img_url":"https:\/\/www.radiopiu.net\/wordpress\/wp-content\/uploads\/2022\/08\/Unknown-2-1.jpeg","_links":{"self":[{"href":"https:\/\/www.radiopiu.net\/wordpress\/wp-json\/wp\/v2\/posts\/293008","targetHints":{"allow":["GET"]}}],"collection":[{"href":"https:\/\/www.radiopiu.net\/wordpress\/wp-json\/wp\/v2\/posts"}],"about":[{"href":"https:\/\/www.radiopiu.net\/wordpress\/wp-json\/wp\/v2\/types\/post"}],"author":[{"embeddable":true,"href":"https:\/\/www.radiopiu.net\/wordpress\/wp-json\/wp\/v2\/users\/4"}],"replies":[{"embeddable":true,"href":"https:\/\/www.radiopiu.net\/wordpress\/wp-json\/wp\/v2\/comments?post=293008"}],"version-history":[{"count":0,"href":"https:\/\/www.radiopiu.net\/wordpress\/wp-json\/wp\/v2\/posts\/293008\/revisions"}],"wp:featuredmedia":[{"embeddable":true,"href":"https:\/\/www.radiopiu.net\/wordpress\/wp-json\/wp\/v2\/media\/293022"}],"wp:attachment":[{"href":"https:\/\/www.radiopiu.net\/wordpress\/wp-json\/wp\/v2\/media?parent=293008"}],"wp:term":[{"taxonomy":"category","embeddable":true,"href":"https:\/\/www.radiopiu.net\/wordpress\/wp-json\/wp\/v2\/categories?post=293008"},{"taxonomy":"post_tag","embeddable":true,"href":"https:\/\/www.radiopiu.net\/wordpress\/wp-json\/wp\/v2\/tags?post=293008"}],"curies":[{"name":"wp","href":"https:\/\/api.w.org\/{rel}","templated":true}]}}