{"id":293055,"date":"2022-08-16T12:01:27","date_gmt":"2022-08-16T10:01:27","guid":{"rendered":"https:\/\/www.radiopiu.net\/wordpress\/?p=293055"},"modified":"2022-08-16T12:01:27","modified_gmt":"2022-08-16T10:01:27","slug":"sabato-a-malga-ciapela-apres-trekking-con-il-grop-de-bal-marmoleda","status":"publish","type":"post","link":"https:\/\/www.radiopiu.net\/wordpress\/sabato-a-malga-ciapela-apres-trekking-con-il-grop-de-bal-marmoleda\/","title":{"rendered":"SABATO A MALGA CIAPELA APRES-TREKKING CON IL GROP DE BAL MARMOLEDA"},"content":{"rendered":"<p><strong><a class=\"dt-pswp-item\" href=\"https:\/\/www.radiopiu.net\/wordpress\/wp-content\/uploads\/2022\/08\/1396826_10201073589818292_1399654835_o.jpg\" data-dt-img-description=\"\" data-large_image_width=\"2048\" data-large_image_height=\"1365\"><img loading=\"lazy\" decoding=\"async\" class=\"size-thumbnail wp-image-293056 alignleft\" src=\"https:\/\/www.radiopiu.net\/wordpress\/wp-content\/uploads\/2022\/08\/1396826_10201073589818292_1399654835_o-150x150.jpg\" alt=\"\" width=\"150\" height=\"150\" \/><\/a>ROCCA PIETORE <\/strong>Sabato, presso il Bar Funivia di Malga Ciapela si terr\u00e0 l&#8217;evento &#8220;Apr\u00e8s-trekking con il Grop de Bal Marmol\u00e8da&#8221;per tutti i malinconici degli apr\u00e8s-ski invernali e i curiosi delle tradizioni e dei balli locali.\u00a0 Marmolada questa volta ha pensato proprio a tutto per farvi concludere con una bella serata una giornata trascorsa a passeggiare sulle vette dolomitiche. Il Bar Funivia prolungher\u00e0 il suo orario di apertura, offrendovi l&#8217;occasione di godere degli ultimi raggi di sole ai piedi della Regina delle Dolomiti, la Marmolada. Vi aspettano Maria e Viviana con tanti cocktail e aperitivi deliziosi. Questa volta per\u00f2 anche una sorpresa vi attende a Malga Ciapela. Il Grop de Bal Marmol\u00e8da arriver\u00e0 a trovarci con i suoi colori, i suoi balli e la sua tanta allegria. Dalle 17.00 in poi i ballerini di questo storico gruppo folk condivideranno con voi danze antiche e balli ritmati per conoscere un po&#8217; di pi\u00f9 questo luogo meraviglioso che \u00e8 la Val Pettorina e il Comune di Rocca Pietore.\u00a0 In caso di maltempo l&#8217;evento sar\u00e0 annullato. Per maggiori informazioni: <a href=\"mailto:visitmarmolada@funiviemarmolada.com\">visitmarmolada@funiviemarmolada.com<\/a>\u00a0o\u00a0334 6794461.<\/p>\n<p>&nbsp;<\/p>\n<p>&nbsp;<\/p>\n<p>&nbsp;<\/p>\n<p>*****<\/p>\n","protected":false},"excerpt":{"rendered":"<p>ROCCA PIETORE Sabato, presso il Bar Funivia di Malga Ciapela si terr\u00e0 l&#8217;evento &#8220;Apr\u00e8s-trekking con il Grop de Bal Marmol\u00e8da&#8221;per tutti i malinconici degli apr\u00e8s-ski invernali e i curiosi delle tradizioni e dei balli locali.\u00a0 Marmolada questa volta ha pensato proprio a tutto per farvi concludere con una bella serata una giornata trascorsa a passeggiare&hellip;<\/p>\n","protected":false},"author":4,"featured_media":293056,"comment_status":"closed","ping_status":"closed","sticky":false,"template":"","format":"standard","meta":{"_monsterinsights_skip_tracking":false,"_monsterinsights_sitenote_active":false,"_monsterinsights_sitenote_note":"","_monsterinsights_sitenote_category":0,"footnotes":""},"categories":[49],"tags":[],"class_list":["post-293055","post","type-post","status-publish","format-standard","has-post-thumbnail","hentry","category-news-18","category-49","description-off"],"img_url":"https:\/\/www.radiopiu.net\/wordpress\/wp-content\/uploads\/2022\/08\/1396826_10201073589818292_1399654835_o.jpg","_links":{"self":[{"href":"https:\/\/www.radiopiu.net\/wordpress\/wp-json\/wp\/v2\/posts\/293055","targetHints":{"allow":["GET"]}}],"collection":[{"href":"https:\/\/www.radiopiu.net\/wordpress\/wp-json\/wp\/v2\/posts"}],"about":[{"href":"https:\/\/www.radiopiu.net\/wordpress\/wp-json\/wp\/v2\/types\/post"}],"author":[{"embeddable":true,"href":"https:\/\/www.radiopiu.net\/wordpress\/wp-json\/wp\/v2\/users\/4"}],"replies":[{"embeddable":true,"href":"https:\/\/www.radiopiu.net\/wordpress\/wp-json\/wp\/v2\/comments?post=293055"}],"version-history":[{"count":0,"href":"https:\/\/www.radiopiu.net\/wordpress\/wp-json\/wp\/v2\/posts\/293055\/revisions"}],"wp:featuredmedia":[{"embeddable":true,"href":"https:\/\/www.radiopiu.net\/wordpress\/wp-json\/wp\/v2\/media\/293056"}],"wp:attachment":[{"href":"https:\/\/www.radiopiu.net\/wordpress\/wp-json\/wp\/v2\/media?parent=293055"}],"wp:term":[{"taxonomy":"category","embeddable":true,"href":"https:\/\/www.radiopiu.net\/wordpress\/wp-json\/wp\/v2\/categories?post=293055"},{"taxonomy":"post_tag","embeddable":true,"href":"https:\/\/www.radiopiu.net\/wordpress\/wp-json\/wp\/v2\/tags?post=293055"}],"curies":[{"name":"wp","href":"https:\/\/api.w.org\/{rel}","templated":true}]}}