{"id":293121,"date":"2022-08-17T10:25:51","date_gmt":"2022-08-17T08:25:51","guid":{"rendered":"https:\/\/www.radiopiu.net\/wordpress\/?p=293121"},"modified":"2022-08-17T10:43:04","modified_gmt":"2022-08-17T08:43:04","slug":"frana-sul-gruppo-marmolada-de-bernardin-nessuna-ripercussione-sul-massiccio-principale","status":"publish","type":"post","link":"https:\/\/www.radiopiu.net\/wordpress\/frana-sul-gruppo-marmolada-de-bernardin-nessuna-ripercussione-sul-massiccio-principale\/","title":{"rendered":"FRANA SUL GRUPPO MARMOLADA, DE BERNARDIN &#8220;NESSUNA RIPERCUSSIONE SUL MASSICCIO PRINCIPALE&#8221;"},"content":{"rendered":"<p>&nbsp;<\/p>\n<p><strong>diretta radio IL SINDACO ANDREA DE BERNARDIN\u00a0<\/strong><\/p>\n<audio class=\"wp-audio-shortcode\" id=\"audio-293121-1\" preload=\"none\" style=\"width: 100%;\" controls=\"controls\"><source type=\"audio\/mpeg\" src=\"https:\/\/www.radiopiu.net\/wordpress\/wp-content\/uploads\/2022\/08\/ANDRA.mp3?_=1\" \/><a href=\"https:\/\/www.radiopiu.net\/wordpress\/wp-content\/uploads\/2022\/08\/ANDRA.mp3\">https:\/\/www.radiopiu.net\/wordpress\/wp-content\/uploads\/2022\/08\/ANDRA.mp3<\/a><\/audio>\n<div class=\"artTitle\">\n<p>&nbsp;<\/p>\n<\/div>\n<p>&nbsp;<\/p>\n<p><strong><a class=\"dt-pswp-item\" href=\"https:\/\/www.radiopiu.net\/wordpress\/wp-content\/uploads\/2022\/08\/WhatsApp-Image-2022-08-16-at-20.48.49.jpeg\" data-dt-img-description=\"\" data-large_image_width=\"720\" data-large_image_height=\"1600\"><img loading=\"lazy\" decoding=\"async\" class=\"wp-image-293241 size-large aligncenter\" src=\"https:\/\/www.radiopiu.net\/wordpress\/wp-content\/uploads\/2022\/08\/WhatsApp-Image-2022-08-16-at-20.48.49-461x1024.jpeg\" alt=\"\" width=\"461\" height=\"1024\" srcset=\"https:\/\/www.radiopiu.net\/wordpress\/wp-content\/uploads\/2022\/08\/WhatsApp-Image-2022-08-16-at-20.48.49-461x1024.jpeg 461w, https:\/\/www.radiopiu.net\/wordpress\/wp-content\/uploads\/2022\/08\/WhatsApp-Image-2022-08-16-at-20.48.49-135x300.jpeg 135w, https:\/\/www.radiopiu.net\/wordpress\/wp-content\/uploads\/2022\/08\/WhatsApp-Image-2022-08-16-at-20.48.49-691x1536.jpeg 691w, https:\/\/www.radiopiu.net\/wordpress\/wp-content\/uploads\/2022\/08\/WhatsApp-Image-2022-08-16-at-20.48.49.jpeg 720w\" sizes=\"auto, (max-width: 461px) 100vw, 461px\" \/><\/a><\/strong><\/p>\n<p>&nbsp;<\/p>\n<p>&nbsp;<\/p>\n<p>&nbsp;<\/p>\n<p>&nbsp;<\/p>\n<p>&nbsp;<\/p>\n<div class=\"artTitle\">\n<hr \/>\n<p><strong>IERI ALLA RADIO<\/strong><\/p>\n<p>Di\u00a0<i>Luca Pianesi<\/i>\u00a0<span class=\"op\">&#8211; 16 August 2022 &#8211; 19:49<\/span><\/p>\n<h1><span style=\"font-size: 14px; font-weight: normal;\">Il distacco \u00e8 avvenuto verso la valle di San Nicol\u00f2 da Cima dell&#8217;Uomo. L&#8217;allerta \u00e8 scattata intorno alle 17.20 e subito sul posto si \u00e8 portato un elicottero per verificare lo stato della parete e l&#8217;eventuale coinvolgimento di possibili escursionisti<\/span><\/h1>\n<\/div>\n<p>&nbsp;<\/p>\n<div><\/div>\n<div>ARTICOLO COMPLETO<span style=\"color: #0000ff;\"><strong> <a style=\"color: #0000ff;\" href=\"https:\/\/www.ildolomiti.it\/montagna\/2022\/grossa-frana-nel-gruppo-della-marmolada-foto-e-video-blocchi-di-roccia-crollano-da-quota-3000-si-escludono-persone-coinvolte\">CLICCA QUI<\/a><\/strong><\/span><\/div>\n<div><\/div>\n<div><\/div>\n<div>\n<hr \/>\n<\/div>\n<div><\/div>\n<div><\/div>\n<div><\/div>\n<div><\/div>\n<div class=\"artImage\">\n<div class=\"field field-name-field-immagine field-type-image field-label-hidden clearfix\"><img loading=\"lazy\" decoding=\"async\" src=\"https:\/\/www.ildolomiti.it\/sites\/default\/files\/styles\/articolo\/public\/articoli\/2022\/08\/ciae_3.png?itok=M2ed4tPY\" alt=\"\" width=\"980\" height=\"450\" \/><\/div>\n<\/div>\n<div class=\"small picCap mn op\"><\/div>\n<div id=\"artShare\" class=\"mn full\">\n<div class=\"artDate\">Di\u00a0<i>Luca Pianesi<\/i>\u00a0<span class=\"op\">&#8211; 16 August 2022 &#8211; 19:49<\/span><\/div>\n<\/div>\n<div><\/div>\n<div><\/div>\n<div><\/div>\n<div><\/div>\n<div>\n<hr \/>\n<\/div>\n<div class=\"field field-name-body field-type-text-with-summary field-label-hidden clearfix\">\n<p>&nbsp;<\/p>\n<\/div>\n","protected":false},"excerpt":{"rendered":"<p>&nbsp; diretta radio IL SINDACO ANDREA DE BERNARDIN\u00a0 &nbsp; &nbsp; &nbsp; &nbsp; &nbsp; &nbsp; &nbsp; IERI ALLA RADIO Di\u00a0Luca Pianesi\u00a0&#8211; 16 August 2022 &#8211; 19:49 Il distacco \u00e8 avvenuto verso la valle di San Nicol\u00f2 da Cima dell&#8217;Uomo. L&#8217;allerta \u00e8 scattata intorno alle 17.20 e subito sul posto si \u00e8 portato un elicottero per verificare&hellip;<\/p>\n","protected":false},"author":4,"featured_media":293241,"comment_status":"closed","ping_status":"closed","sticky":false,"template":"","format":"standard","meta":{"_monsterinsights_skip_tracking":false,"_monsterinsights_sitenote_active":false,"_monsterinsights_sitenote_note":"","_monsterinsights_sitenote_category":0,"footnotes":""},"categories":[51,49],"tags":[],"class_list":["post-293121","post","type-post","status-publish","format-standard","has-post-thumbnail","hentry","category-evidenza-top","category-news-18","category-51","category-49","description-off"],"img_url":"https:\/\/www.radiopiu.net\/wordpress\/wp-content\/uploads\/2022\/08\/WhatsApp-Image-2022-08-16-at-20.48.49.jpeg","_links":{"self":[{"href":"https:\/\/www.radiopiu.net\/wordpress\/wp-json\/wp\/v2\/posts\/293121","targetHints":{"allow":["GET"]}}],"collection":[{"href":"https:\/\/www.radiopiu.net\/wordpress\/wp-json\/wp\/v2\/posts"}],"about":[{"href":"https:\/\/www.radiopiu.net\/wordpress\/wp-json\/wp\/v2\/types\/post"}],"author":[{"embeddable":true,"href":"https:\/\/www.radiopiu.net\/wordpress\/wp-json\/wp\/v2\/users\/4"}],"replies":[{"embeddable":true,"href":"https:\/\/www.radiopiu.net\/wordpress\/wp-json\/wp\/v2\/comments?post=293121"}],"version-history":[{"count":0,"href":"https:\/\/www.radiopiu.net\/wordpress\/wp-json\/wp\/v2\/posts\/293121\/revisions"}],"wp:featuredmedia":[{"embeddable":true,"href":"https:\/\/www.radiopiu.net\/wordpress\/wp-json\/wp\/v2\/media\/293241"}],"wp:attachment":[{"href":"https:\/\/www.radiopiu.net\/wordpress\/wp-json\/wp\/v2\/media?parent=293121"}],"wp:term":[{"taxonomy":"category","embeddable":true,"href":"https:\/\/www.radiopiu.net\/wordpress\/wp-json\/wp\/v2\/categories?post=293121"},{"taxonomy":"post_tag","embeddable":true,"href":"https:\/\/www.radiopiu.net\/wordpress\/wp-json\/wp\/v2\/tags?post=293121"}],"curies":[{"name":"wp","href":"https:\/\/api.w.org\/{rel}","templated":true}]}}