{"id":293266,"date":"2022-08-17T13:43:51","date_gmt":"2022-08-17T11:43:51","guid":{"rendered":"https:\/\/www.radiopiu.net\/wordpress\/?p=293266"},"modified":"2022-08-17T13:43:51","modified_gmt":"2022-08-17T11:43:51","slug":"un-giro-del-lago-di-santa-croce-in-sicurezza-strade-chiuse-dalle-930-alle-1230","status":"publish","type":"post","link":"https:\/\/www.radiopiu.net\/wordpress\/un-giro-del-lago-di-santa-croce-in-sicurezza-strade-chiuse-dalle-930-alle-1230\/","title":{"rendered":"UN GIRO DEL LAGO DI SANTA CROCE IN SICUREZZA: STRADE CHIUSE DALLE 9:30 ALLE 12:30"},"content":{"rendered":"<p><strong><a class=\"dt-pswp-item\" href=\"https:\/\/www.radiopiu.net\/wordpress\/wp-content\/uploads\/2022\/08\/GDL_STOP_2022-scaled.jpg\" data-dt-img-description=\"\" data-large_image_width=\"1792\" data-large_image_height=\"2560\"><img loading=\"lazy\" decoding=\"async\" class=\"alignleft wp-image-293276 size-medium\" src=\"https:\/\/www.radiopiu.net\/wordpress\/wp-content\/uploads\/2022\/08\/GDL_STOP_2022-210x300.jpg\" alt=\"\" width=\"210\" height=\"300\" srcset=\"https:\/\/www.radiopiu.net\/wordpress\/wp-content\/uploads\/2022\/08\/GDL_STOP_2022-210x300.jpg 210w, https:\/\/www.radiopiu.net\/wordpress\/wp-content\/uploads\/2022\/08\/GDL_STOP_2022-717x1024.jpg 717w, https:\/\/www.radiopiu.net\/wordpress\/wp-content\/uploads\/2022\/08\/GDL_STOP_2022-768x1097.jpg 768w, https:\/\/www.radiopiu.net\/wordpress\/wp-content\/uploads\/2022\/08\/GDL_STOP_2022-1075x1536.jpg 1075w, https:\/\/www.radiopiu.net\/wordpress\/wp-content\/uploads\/2022\/08\/GDL_STOP_2022-1434x2048.jpg 1434w, https:\/\/www.radiopiu.net\/wordpress\/wp-content\/uploads\/2022\/08\/GDL_STOP_2022-scaled.jpg 1792w\" sizes=\"auto, (max-width: 210px) 100vw, 210px\" \/><\/a>ALPAGO <\/strong>Domenica, 21 agosto, in Alpago si svolger\u00e0 la\u00a028.ma edizione del Giro del Lago di Santa Croce, l\u2019evento proposto dal Comitato Alpago 2ruote&amp;solidariet\u00e0 per sostenere due associazioni che si occupano dell\u2019assistenza ai malati terminali e ai loro familiari e che vivono esclusivamente di donazioni, la pordenonese Via di Natale e la bellunese Cucchini. Per garantire al massimo la sicurezza dei partecipanti, ci sar\u00e0, come da ordinanza della Prefettura di Belluno, la chiusura della strada attorno al lago di Santa Croce (in particolare Statale 51 d\u2019Alemagna e Provinciali 422 dell\u2019Alpago e del Cansiglio e 423 del Lago di Santa Croce). La chiusura \u00e8 prevista per tre ore: dalle 9.30 alle 12.30. Il via libera al traffico verr\u00e0 comunque dato progressivamente, a cominciare da Puos, una volta partiti i concorrenti. Ove possibile, sono stati predisposti un servizio e una specifica segnaletica indicante i percorsi alternativi. In vista dell\u2019afflusso dei partecipanti (nel 2019 si era arrivati alla cifra record di 5 mila), il comitato organizzatore ha predisposto anche una serie di\u00a0parcheggi\u00a0tra le localit\u00e0 di Paludi, Bastia, Farra e Puos. Tutti i dettagli sono reperibili sul sito\u00a0<a href=\"http:\/\/www.2ruotalpago.it\">www.2ruotalpago.it<\/a>. Il Giro del Lago prevede diverse possibilit\u00e0 di partecipazione: una prova di ciclismo sui 17.4 chilometri, una prova di podismo (sulla stessa distanza), una riservata alle handybike (sempre sulla medesima distanza), una sui roller (4.8 chilometri) e una pedonata (7 chilometri). Ai concorrenti della prova di ciclismo e di roller, si raccomanda l\u2019uso del casco. Le iscrizioni sono possibili nelle giornate di oggi, mercoled\u00ec 17 agosto, gioved\u00ec, venerd\u00ec\u00a0 sabato dalle 10 alle 13 e dalle 16 alle 20 presso i locali ex Unicredit di piazza Papa Luciani, a Puos d\u2019Alpago. Domenica 21, invece, dalle 8 \ufb01no a 15 minuti prima dell\u2019inizio della rispettiva partenza (salvo diversa decisione degli organizzatori) davanti alla Casa della Giovent\u00f9 di Puos. Per approfondimenti si pu\u00f2 consultare il sito internet\u00a0<a href=\"http:\/\/www.2ruotealpago.it\/\">www.2ruotealpago.it<\/a>\u00a0oppure telefonare (dalle 15 alle 18, fino a sabato 21 agosto) al\u00a0378 084 6846.<\/p>\n<p>&nbsp;<\/p>\n<p>&nbsp;<\/p>\n<p>*******<\/p>\n","protected":false},"excerpt":{"rendered":"<p>ALPAGO Domenica, 21 agosto, in Alpago si svolger\u00e0 la\u00a028.ma edizione del Giro del Lago di Santa Croce, l\u2019evento proposto dal Comitato Alpago 2ruote&amp;solidariet\u00e0 per sostenere due associazioni che si occupano dell\u2019assistenza ai malati terminali e ai loro familiari e che vivono esclusivamente di donazioni, la pordenonese Via di Natale e la bellunese Cucchini. Per garantire&hellip;<\/p>\n","protected":false},"author":4,"featured_media":288445,"comment_status":"closed","ping_status":"closed","sticky":false,"template":"","format":"standard","meta":{"_monsterinsights_skip_tracking":false,"_monsterinsights_sitenote_active":false,"_monsterinsights_sitenote_note":"","_monsterinsights_sitenote_category":0,"footnotes":""},"categories":[49],"tags":[],"class_list":["post-293266","post","type-post","status-publish","format-standard","has-post-thumbnail","hentry","category-news-18","category-49","description-off"],"img_url":"https:\/\/www.radiopiu.net\/wordpress\/wp-content\/uploads\/2022\/07\/GIRO-DEL-LAGO-2018.jpg","_links":{"self":[{"href":"https:\/\/www.radiopiu.net\/wordpress\/wp-json\/wp\/v2\/posts\/293266","targetHints":{"allow":["GET"]}}],"collection":[{"href":"https:\/\/www.radiopiu.net\/wordpress\/wp-json\/wp\/v2\/posts"}],"about":[{"href":"https:\/\/www.radiopiu.net\/wordpress\/wp-json\/wp\/v2\/types\/post"}],"author":[{"embeddable":true,"href":"https:\/\/www.radiopiu.net\/wordpress\/wp-json\/wp\/v2\/users\/4"}],"replies":[{"embeddable":true,"href":"https:\/\/www.radiopiu.net\/wordpress\/wp-json\/wp\/v2\/comments?post=293266"}],"version-history":[{"count":0,"href":"https:\/\/www.radiopiu.net\/wordpress\/wp-json\/wp\/v2\/posts\/293266\/revisions"}],"wp:featuredmedia":[{"embeddable":true,"href":"https:\/\/www.radiopiu.net\/wordpress\/wp-json\/wp\/v2\/media\/288445"}],"wp:attachment":[{"href":"https:\/\/www.radiopiu.net\/wordpress\/wp-json\/wp\/v2\/media?parent=293266"}],"wp:term":[{"taxonomy":"category","embeddable":true,"href":"https:\/\/www.radiopiu.net\/wordpress\/wp-json\/wp\/v2\/categories?post=293266"},{"taxonomy":"post_tag","embeddable":true,"href":"https:\/\/www.radiopiu.net\/wordpress\/wp-json\/wp\/v2\/tags?post=293266"}],"curies":[{"name":"wp","href":"https:\/\/api.w.org\/{rel}","templated":true}]}}