{"id":293288,"date":"2022-08-17T23:59:53","date_gmt":"2022-08-17T21:59:53","guid":{"rendered":"https:\/\/www.radiopiu.net\/wordpress\/?p=293288"},"modified":"2022-08-18T06:04:45","modified_gmt":"2022-08-18T04:04:45","slug":"limpegno-volontario-di-un-veronese-trovata-a-bielany-varsavia-la-tomba-di-un-deportato-originario-di-sedico","status":"publish","type":"post","link":"https:\/\/www.radiopiu.net\/wordpress\/limpegno-volontario-di-un-veronese-trovata-a-bielany-varsavia-la-tomba-di-un-deportato-originario-di-sedico\/","title":{"rendered":"L\u2019IMPEGNO VOLONTARIO DI UN VERONESE: TROVATA A BIELANY (VARSAVIA) LA TOMBA DI UN DEPORTATO ORIGINARIO DI SEDICO"},"content":{"rendered":"<p><strong>di\u00a0 RENATO BONA<\/strong><\/p>\n<p>Metti una notte insonne e\u2026 Navigando in Internet chi stende queste note ha avuto l\u2019opportunit\u00e0 di conoscere, e subito apprezzare molto, il sito: \u201cdimenticatidistato.com.\u201d che, dopo ricerche approfondite e serie, si \u00e8 posto ed ha raggiunto l\u2019obiettivo della ricerca delle storie di quanti &#8211; sedicimila e qualche unit\u00e0 secondo dati ufficiali del ministero della Difesa &#8211; per anni, davvero troppi, sono stati ritenuti dei \u201cdispersi\u201d di guerra, la seconda nel caso specifico. L\u2019iniziativa del sito (e di un ottimo libro con lo stesso titolo) ed il merito sono di Roberto Zamboni, scrittore e storico di Montorio Veronese, il quale \u00e8 riuscito, grazie ad un \u201clavoro immane e totalmente volontario\u201d a rintracciare le spoglie di oltre cinquecento italiani deportati morti all\u2019estero, durante la seconda guerra mondiale. Ed ha consentito, finalmente, a tante famiglie di avere notizie certe sul luogo di morte e sepoltura del congiunto dato per disperso. Il tutto &#8211; come ha avuto modo di spiegare lo stesso Zamboni al quotidiano veronese \u201cL\u2019Arena\u201d &#8211; era nato dalle ricerche su un suo zio, Luciano (che ora riposa nel cimitero di Montorio) deportato politico in Germania, deceduto e sepolto a Flossenb\u00fcrg nel 1945, il 4 maggio, pochi giorni dopo la liberazione del campo. Ancora Zamboni: \u201cAvevo saputo pure che, oltre a mio zio, l\u00ec erano seppelliti altri tre italiani e mi venne spontaneo avvisare le famiglie, all\u2019oscuro di tutto. Per loro, fu un sollievo da un antico dolore sapere dove ritrovare le spoglie di genitori, nonni, parenti dispersi\u201d. Da allora, il nostro si \u00e8 impegnato al massimo a passare in rassegna i cimiteri militari e civili di Berlino, Amburgo, Francoforte sul Meno, Monaco di Baviera, Mauthausen e Varsavia. Compilando liste regionali di deportati italiani i cui resti sono stati ritrovati all\u2019estero. Gli elenchi sono considerati un \u201cbene assoluto perch\u00e9 dietro ad ogni nome c\u2019\u00e8 un volto e dietro ad ogni volto una vita\u201d. Quelli che appaiono nel sito si riferiscono solamente a Caduti in prigionia, civili e-o militari, per mano tedesca, dopo l\u2019armistizio dell\u20198 settembre 1943, e sepolti nei cimiteri militari italiani di Austria, Germania e Polonia. Proseguendo la nostra ricerca notturna sul sito ci siamo imbattuti in una notizia che riguarda il Bellunese, Sedico in particolare. Infatti sotto il titolo \u201cNonno Antonio ritrovato a Bielany\u201d, del 13 settembre 2016, abbiamo potuto leggere: \u201cGentile sig. Zamboni, un grazie immenso a lei\u2026 Vivo in Svizzera, da anni ho in mano la \u2018paginetta\u2019 che mia nonna aveva fatto fare a suo tempo, l\u00ec \u00e8 riportato come luogo di sepoltura Goslitz. Ho cercato spesse volte dove si trovasse questo paese\u2026 ma invano. L\u2019altro giorno mi sono imbattuta in questo sito e cercando \u00e8 uscito fuori il nome di mio nonno. Anche se io non l\u2019ho mai conosciuto \u00e8 stata un\u2019immensa gioia, finalmente sapere. Purtroppo mio pap\u00e0 \u00e8 morto 13 anni fa ma mio zio \u00e8 ancora vivo. Sicuramente gli accenner\u00f2 questa cosa la prossima volta che gli far\u00f2 visita\u2026 Ho anche una foto di mio nonno con data di nascita e morte che corrisponde alle sue ricerche\u2026 se fosse utile per il suo archivio\u2026 Ancora grazie. Daniela Troisio\u201d. Il nonno di cui si parla \u00e8 Antonio D\u2019Inc\u00e0, nato il 30 luglio 1912 a Sedico in provincia di Belluno. Qui di seguito i dati che lo riguardano, forniti dal ministero della Difesa: Soldato del 59. Reggimento artiglieria Divisione fanteria, matricola militare 4701. Fatto prigioniero a Calamata, sul fronte greco il 9 settembre 1943 ed internato in Polonia negli stalag VIII B di Teschen (in polacco Cieszyn \u2013 Voivodato della Slesia); trasferito prima allo stalag XX B di Tor\u00f9n (Voivodato di Cuiavia e Pomerania) poi allo stalag VIII A di G\u00f6rlitz (in polacco Zgorzelec \u2013 Voivodato della Bassa Slesia) dove \u00e8 morto il 6 aprile 1944. Inumato in prima sepoltura nel cimitero dello stalag a G\u00f6rlitz a Moys (il cimitero si trovava in Seindenberg Strasse); esumato e traslato a Bielany-Varsavia nel cimitero militare italiano in Polonia e sepolto in Mausoleo (posizione tombale da richiedere al ministero della Difesa; fonti: lo stesso Ministero, Archivio Anrp, Deutsche Dienststelle (WASt).<\/p>\n\n\t\t\t<style type='text\/css'>\n\t\t\t\t#gallery-1 {\n\t\t\t\t\tmargin: auto;\n\t\t\t\t}\n\t\t\t\t#gallery-1 .gallery-item {\n\t\t\t\t\tfloat: left;\n\t\t\t\t\tmargin-top: 10px;\n\t\t\t\t\ttext-align: center;\n\t\t\t\t\twidth: 20%;\n\t\t\t\t}\n\t\t\t\t#gallery-1 img {\n\t\t\t\t\tborder: 2px solid #cfcfcf;\n\t\t\t\t}\n\t\t\t\t#gallery-1 .gallery-caption {\n\t\t\t\t\tmargin-left: 0;\n\t\t\t\t}\n\t\t\t\t\/* see gallery_shortcode() in wp-includes\/media.php *\/\n\t\t\t<\/style>\n\t\t<div id='gallery-1' class='dt-gallery-container gallery galleryid-293288 gallery-columns-5 gallery-size-thumbnail'><dl class='gallery-item'>\n\t\t\t\t<dt class='gallery-icon portrait'>\n\t\t\t\t\t<a class=\"rollover rollover-zoom dt-pswp-item\" title=\"298592220_1102263527032871_7329327900896729155_n\" data-dt-img-description=\"\" data-large_image_width=\"160\" data-large_image_height=\"224\"href='https:\/\/www.radiopiu.net\/wordpress\/wp-content\/uploads\/2022\/08\/298592220_1102263527032871_7329327900896729155_n.jpg'><img loading=\"lazy\" decoding=\"async\" width=\"150\" height=\"150\" src=\"https:\/\/www.radiopiu.net\/wordpress\/wp-content\/uploads\/2022\/08\/298592220_1102263527032871_7329327900896729155_n-150x150.jpg\" class=\"attachment-thumbnail size-thumbnail\" alt=\"\" \/><\/a>\n\t\t\t\t<\/dt><\/dl><dl class='gallery-item'>\n\t\t\t\t<dt class='gallery-icon landscape'>\n\t\t\t\t\t<a class=\"rollover rollover-zoom dt-pswp-item\" title=\"298611542_795525808298503_8616140597142587589_n\" data-dt-img-description=\"\" data-large_image_width=\"600\" data-large_image_height=\"202\"href='https:\/\/www.radiopiu.net\/wordpress\/wp-content\/uploads\/2022\/08\/298611542_795525808298503_8616140597142587589_n.jpg'><img loading=\"lazy\" decoding=\"async\" width=\"150\" height=\"150\" src=\"https:\/\/www.radiopiu.net\/wordpress\/wp-content\/uploads\/2022\/08\/298611542_795525808298503_8616140597142587589_n-150x150.jpg\" class=\"attachment-thumbnail size-thumbnail\" alt=\"\" \/><\/a>\n\t\t\t\t<\/dt><\/dl><dl class='gallery-item'>\n\t\t\t\t<dt class='gallery-icon landscape'>\n\t\t\t\t\t<a class=\"rollover rollover-zoom dt-pswp-item\" title=\"299123446_2080335125478720_107871115984378292_n\" data-dt-img-description=\"\" data-large_image_width=\"258\" data-large_image_height=\"206\"href='https:\/\/www.radiopiu.net\/wordpress\/wp-content\/uploads\/2022\/08\/299123446_2080335125478720_107871115984378292_n.jpg'><img loading=\"lazy\" decoding=\"async\" width=\"150\" height=\"150\" src=\"https:\/\/www.radiopiu.net\/wordpress\/wp-content\/uploads\/2022\/08\/299123446_2080335125478720_107871115984378292_n-150x150.jpg\" class=\"attachment-thumbnail size-thumbnail\" alt=\"\" \/><\/a>\n\t\t\t\t<\/dt><\/dl><dl class='gallery-item'>\n\t\t\t\t<dt class='gallery-icon landscape'>\n\t\t\t\t\t<a class=\"rollover rollover-zoom dt-pswp-item\" title=\"299237567_608088614252475_2651203376262481005_n\" data-dt-img-description=\"\" data-large_image_width=\"275\" data-large_image_height=\"183\"href='https:\/\/www.radiopiu.net\/wordpress\/wp-content\/uploads\/2022\/08\/299237567_608088614252475_2651203376262481005_n.jpg'><img loading=\"lazy\" decoding=\"async\" width=\"150\" height=\"150\" src=\"https:\/\/www.radiopiu.net\/wordpress\/wp-content\/uploads\/2022\/08\/299237567_608088614252475_2651203376262481005_n-150x150.jpg\" class=\"attachment-thumbnail size-thumbnail\" alt=\"\" \/><\/a>\n\t\t\t\t<\/dt><\/dl><dl class='gallery-item'>\n\t\t\t\t<dt class='gallery-icon landscape'>\n\t\t\t\t\t<a class=\"rollover rollover-zoom dt-pswp-item\" title=\"300027013_624398362441083_1016315423921505766_n\" data-dt-img-description=\"\" data-large_image_width=\"350\" data-large_image_height=\"262\"href='https:\/\/www.radiopiu.net\/wordpress\/wp-content\/uploads\/2022\/08\/300027013_624398362441083_1016315423921505766_n.gif'><img loading=\"lazy\" decoding=\"async\" width=\"150\" height=\"150\" src=\"https:\/\/www.radiopiu.net\/wordpress\/wp-content\/uploads\/2022\/08\/300027013_624398362441083_1016315423921505766_n-150x150.gif\" class=\"attachment-thumbnail size-thumbnail\" alt=\"\" \/><\/a>\n\t\t\t\t<\/dt><\/dl><br style=\"clear: both\" \/>\n\t\t\t<\/div>\n\n<p>NELLE FOTO (riproduzioni dal sito \u201cdimenticatidistato\u201d, Katarzyna Ozerska e Wikipedia): Antonio D\u2019Inc\u00e0, nativo di Sedico; la lapide 476 col suo nome; il cimitero militare italiano di Bielany a Varsavia; tanti, troppi nomi sulle lapidi\u2026; Roberto Zamboni cui si deve il sito \u201cdimenticatidistato\u201d e autore del libro con lo stesso titolo.<\/p>\n<p>&nbsp;<\/p>\n","protected":false},"excerpt":{"rendered":"<p>di\u00a0 RENATO BONA Metti una notte insonne e\u2026 Navigando in Internet chi stende queste note ha avuto l\u2019opportunit\u00e0 di conoscere, e subito apprezzare molto, il sito: \u201cdimenticatidistato.com.\u201d che, dopo ricerche approfondite e serie, si \u00e8 posto ed ha raggiunto l\u2019obiettivo della ricerca delle storie di quanti &#8211; sedicimila e qualche unit\u00e0 secondo dati ufficiali del&hellip;<\/p>\n","protected":false},"author":4,"featured_media":293293,"comment_status":"closed","ping_status":"closed","sticky":false,"template":"","format":"standard","meta":{"_monsterinsights_skip_tracking":false,"_monsterinsights_sitenote_active":false,"_monsterinsights_sitenote_note":"","_monsterinsights_sitenote_category":0,"footnotes":""},"categories":[104,49],"tags":[],"class_list":["post-293288","post","type-post","status-publish","format-standard","has-post-thumbnail","hentry","category-evidenza_3","category-news-18","category-104","category-49","description-off"],"img_url":"https:\/\/www.radiopiu.net\/wordpress\/wp-content\/uploads\/2022\/08\/300027013_624398362441083_1016315423921505766_n.gif","_links":{"self":[{"href":"https:\/\/www.radiopiu.net\/wordpress\/wp-json\/wp\/v2\/posts\/293288","targetHints":{"allow":["GET"]}}],"collection":[{"href":"https:\/\/www.radiopiu.net\/wordpress\/wp-json\/wp\/v2\/posts"}],"about":[{"href":"https:\/\/www.radiopiu.net\/wordpress\/wp-json\/wp\/v2\/types\/post"}],"author":[{"embeddable":true,"href":"https:\/\/www.radiopiu.net\/wordpress\/wp-json\/wp\/v2\/users\/4"}],"replies":[{"embeddable":true,"href":"https:\/\/www.radiopiu.net\/wordpress\/wp-json\/wp\/v2\/comments?post=293288"}],"version-history":[{"count":0,"href":"https:\/\/www.radiopiu.net\/wordpress\/wp-json\/wp\/v2\/posts\/293288\/revisions"}],"wp:featuredmedia":[{"embeddable":true,"href":"https:\/\/www.radiopiu.net\/wordpress\/wp-json\/wp\/v2\/media\/293293"}],"wp:attachment":[{"href":"https:\/\/www.radiopiu.net\/wordpress\/wp-json\/wp\/v2\/media?parent=293288"}],"wp:term":[{"taxonomy":"category","embeddable":true,"href":"https:\/\/www.radiopiu.net\/wordpress\/wp-json\/wp\/v2\/categories?post=293288"},{"taxonomy":"post_tag","embeddable":true,"href":"https:\/\/www.radiopiu.net\/wordpress\/wp-json\/wp\/v2\/tags?post=293288"}],"curies":[{"name":"wp","href":"https:\/\/api.w.org\/{rel}","templated":true}]}}