{"id":293302,"date":"2022-08-18T05:36:08","date_gmt":"2022-08-18T03:36:08","guid":{"rendered":"https:\/\/www.radiopiu.net\/wordpress\/?p=293302"},"modified":"2022-08-18T06:06:55","modified_gmt":"2022-08-18T04:06:55","slug":"recuperata-cordata-sullo-spigolo-giallo-delle-tre-cime-di-lavaredo","status":"publish","type":"post","link":"https:\/\/www.radiopiu.net\/wordpress\/recuperata-cordata-sullo-spigolo-giallo-delle-tre-cime-di-lavaredo\/","title":{"rendered":"RECUPERATA CORDATA SULLO SPIGOLO GIALLO DELLE TRE CIME DI LAVAREDO"},"content":{"rendered":"<p><strong><a class=\"dt-pswp-item\" href=\"https:\/\/www.radiopiu.net\/wordpress\/wp-content\/uploads\/2022\/08\/salt_20220817_150026_163-1.jpg\" data-dt-img-description=\"\" data-large_image_width=\"1773\" data-large_image_height=\"2364\"><img loading=\"lazy\" decoding=\"async\" class=\" wp-image-293308 alignleft\" src=\"https:\/\/www.radiopiu.net\/wordpress\/wp-content\/uploads\/2022\/08\/salt_20220817_150026_163-1-150x150.jpg\" alt=\"\" width=\"96\" height=\"96\" \/><\/a>AURONZO DI CADORE<\/strong> Alle 13.40 circa l&#8217;elicottero del Suem di Pieve di Cadore \u00e8 stato inviato sulle Tre Cime di Lavaredo, lungo la via dello Spigolo Giallo alla Cima Piccola, poich\u00e9 mentre si trovava sul quarto tiro con il compagno un&#8217;alpinista era stata colpita alla mano da un sasso caduto dall&#8217;alto, dove si trovavano altre cordate. Poich\u00e9 l&#8217;impatto aveva causato la probabile frattura di un dito, la donna, 42 anni della Polonia, non era pi\u00f9 in grado di scalare. Recuperati entrambi dal tecnico di elisoccorso con un verricello di 30 metri, l&#8217;infortunata \u00e8 stata poi portata all&#8217;ospedale di Cortina.<\/p>\n<p><strong><a class=\"dt-pswp-item\" href=\"https:\/\/www.radiopiu.net\/wordpress\/wp-content\/uploads\/2022\/08\/salt_20220817_145653_712.jpg\" data-dt-img-description=\"\" data-large_image_width=\"1773\" data-large_image_height=\"2364\"><img loading=\"lazy\" decoding=\"async\" class=\" wp-image-293310 alignright\" src=\"https:\/\/www.radiopiu.net\/wordpress\/wp-content\/uploads\/2022\/08\/salt_20220817_145653_712-150x150.jpg\" alt=\"\" width=\"102\" height=\"102\" \/><\/a>DOMEGGE DI CADORE<\/strong> Poco prima di mezzogiorno l&#8217;elicottero del Suem di Pieve di Cadore \u00e8 decollato in direzione del Cridola, poich\u00e9 mentre percorreva con tre amici il viaz che da Montesel conduce a Forcella Scodavacca un escursionista si era sentito poco bene. Individuato il punto l&#8217;eliambulanza ha sbarcato in hovering il tecnico di elisoccorso, che ha percorso i 50 metri di cengia che lo separavano dal gruppo. Valutate le condizioni, il 34enne di Auronzo di Cadore (BL) \u00e8 stato issato a bordo con un verricello di 20 metri e trasportato all&#8217;ospedale di Pieve di Cadore per le valutazioni del caso.<\/p>\n<p>&nbsp;<\/p>\n<p>&nbsp;<\/p>\n<p>&nbsp;<\/p>\n<p>******<\/p>\n","protected":false},"excerpt":{"rendered":"<p>AURONZO DI CADORE Alle 13.40 circa l&#8217;elicottero del Suem di Pieve di Cadore \u00e8 stato inviato sulle Tre Cime di Lavaredo, lungo la via dello Spigolo Giallo alla Cima Piccola, poich\u00e9 mentre si trovava sul quarto tiro con il compagno un&#8217;alpinista era stata colpita alla mano da un sasso caduto dall&#8217;alto, dove si trovavano altre&hellip;<\/p>\n","protected":false},"author":4,"featured_media":293308,"comment_status":"closed","ping_status":"closed","sticky":false,"template":"","format":"standard","meta":{"_monsterinsights_skip_tracking":false,"_monsterinsights_sitenote_active":false,"_monsterinsights_sitenote_note":"","_monsterinsights_sitenote_category":0,"footnotes":""},"categories":[51,49],"tags":[],"class_list":["post-293302","post","type-post","status-publish","format-standard","has-post-thumbnail","hentry","category-evidenza-top","category-news-18","category-51","category-49","description-off"],"img_url":"https:\/\/www.radiopiu.net\/wordpress\/wp-content\/uploads\/2022\/08\/salt_20220817_150026_163-1.jpg","_links":{"self":[{"href":"https:\/\/www.radiopiu.net\/wordpress\/wp-json\/wp\/v2\/posts\/293302","targetHints":{"allow":["GET"]}}],"collection":[{"href":"https:\/\/www.radiopiu.net\/wordpress\/wp-json\/wp\/v2\/posts"}],"about":[{"href":"https:\/\/www.radiopiu.net\/wordpress\/wp-json\/wp\/v2\/types\/post"}],"author":[{"embeddable":true,"href":"https:\/\/www.radiopiu.net\/wordpress\/wp-json\/wp\/v2\/users\/4"}],"replies":[{"embeddable":true,"href":"https:\/\/www.radiopiu.net\/wordpress\/wp-json\/wp\/v2\/comments?post=293302"}],"version-history":[{"count":0,"href":"https:\/\/www.radiopiu.net\/wordpress\/wp-json\/wp\/v2\/posts\/293302\/revisions"}],"wp:featuredmedia":[{"embeddable":true,"href":"https:\/\/www.radiopiu.net\/wordpress\/wp-json\/wp\/v2\/media\/293308"}],"wp:attachment":[{"href":"https:\/\/www.radiopiu.net\/wordpress\/wp-json\/wp\/v2\/media?parent=293302"}],"wp:term":[{"taxonomy":"category","embeddable":true,"href":"https:\/\/www.radiopiu.net\/wordpress\/wp-json\/wp\/v2\/categories?post=293302"},{"taxonomy":"post_tag","embeddable":true,"href":"https:\/\/www.radiopiu.net\/wordpress\/wp-json\/wp\/v2\/tags?post=293302"}],"curies":[{"name":"wp","href":"https:\/\/api.w.org\/{rel}","templated":true}]}}