{"id":293334,"date":"2022-08-18T05:38:24","date_gmt":"2022-08-18T03:38:24","guid":{"rendered":"https:\/\/www.radiopiu.net\/wordpress\/?p=293334"},"modified":"2022-08-18T06:05:57","modified_gmt":"2022-08-18T04:05:57","slug":"incidente-tra-un-furgone-e-una-e-bike-ragazzo-in-ospedale","status":"publish","type":"post","link":"https:\/\/www.radiopiu.net\/wordpress\/incidente-tra-un-furgone-e-una-e-bike-ragazzo-in-ospedale\/","title":{"rendered":"INCIDENTE TRA UN FURGONE E UNA E-BIKE. RAGAZZO IN OSPEDALE"},"content":{"rendered":"<p><strong><a class=\"dt-pswp-item\" href=\"https:\/\/www.radiopiu.net\/wordpress\/wp-content\/uploads\/2021\/10\/police-3394767__480.jpg\" data-dt-img-description=\"\" data-large_image_width=\"719\" data-large_image_height=\"480\"><img loading=\"lazy\" decoding=\"async\" class=\" wp-image-239926 alignleft\" src=\"https:\/\/www.radiopiu.net\/wordpress\/wp-content\/uploads\/2021\/10\/police-3394767__480-150x150.jpg\" alt=\"\" width=\"96\" height=\"96\" \/><\/a>BELLUNO<\/strong> Nel primo pomeriggio di oggi un furgone Ducato e un ragazzo con una E-Bike sono entrati in collisione a Safforze, dietro al campo di rugby. Il giovane di Ponte Nelle Alpi \u00e8 finito in ospedale con delle ferite medicabili e non \u00e8 in pericolo di vita. L&#8217;incidente in un incrocio lungo la strada dietro all&#8217;Emisfero. L&#8217;uomo alla guida del furgone si \u00e8 visto uscire da un incrocio il ragazzo \u00e8 l&#8217;impatto non \u00e8 stato evitabile. Ad avere la precedenza il furgone secondo la ricostruzione dei Carabinieri di Belluno. Il giovane alla guida della bicicletta elettrica avrebbe saltato lo stop.<\/p>\n<p>&nbsp;<\/p>\n<p>&nbsp;<\/p>\n<p>*****<\/p>\n","protected":false},"excerpt":{"rendered":"<p>BELLUNO Nel primo pomeriggio di oggi un furgone Ducato e un ragazzo con una E-Bike sono entrati in collisione a Safforze, dietro al campo di rugby. Il giovane di Ponte Nelle Alpi \u00e8 finito in ospedale con delle ferite medicabili e non \u00e8 in pericolo di vita. L&#8217;incidente in un incrocio lungo la strada dietro&hellip;<\/p>\n","protected":false},"author":4,"featured_media":239926,"comment_status":"closed","ping_status":"closed","sticky":false,"template":"","format":"standard","meta":{"_monsterinsights_skip_tracking":false,"_monsterinsights_sitenote_active":false,"_monsterinsights_sitenote_note":"","_monsterinsights_sitenote_category":0,"footnotes":""},"categories":[51,49],"tags":[],"class_list":["post-293334","post","type-post","status-publish","format-standard","has-post-thumbnail","hentry","category-evidenza-top","category-news-18","category-51","category-49","description-off"],"img_url":"https:\/\/www.radiopiu.net\/wordpress\/wp-content\/uploads\/2021\/10\/police-3394767__480.jpg","_links":{"self":[{"href":"https:\/\/www.radiopiu.net\/wordpress\/wp-json\/wp\/v2\/posts\/293334","targetHints":{"allow":["GET"]}}],"collection":[{"href":"https:\/\/www.radiopiu.net\/wordpress\/wp-json\/wp\/v2\/posts"}],"about":[{"href":"https:\/\/www.radiopiu.net\/wordpress\/wp-json\/wp\/v2\/types\/post"}],"author":[{"embeddable":true,"href":"https:\/\/www.radiopiu.net\/wordpress\/wp-json\/wp\/v2\/users\/4"}],"replies":[{"embeddable":true,"href":"https:\/\/www.radiopiu.net\/wordpress\/wp-json\/wp\/v2\/comments?post=293334"}],"version-history":[{"count":0,"href":"https:\/\/www.radiopiu.net\/wordpress\/wp-json\/wp\/v2\/posts\/293334\/revisions"}],"wp:featuredmedia":[{"embeddable":true,"href":"https:\/\/www.radiopiu.net\/wordpress\/wp-json\/wp\/v2\/media\/239926"}],"wp:attachment":[{"href":"https:\/\/www.radiopiu.net\/wordpress\/wp-json\/wp\/v2\/media?parent=293334"}],"wp:term":[{"taxonomy":"category","embeddable":true,"href":"https:\/\/www.radiopiu.net\/wordpress\/wp-json\/wp\/v2\/categories?post=293334"},{"taxonomy":"post_tag","embeddable":true,"href":"https:\/\/www.radiopiu.net\/wordpress\/wp-json\/wp\/v2\/tags?post=293334"}],"curies":[{"name":"wp","href":"https:\/\/api.w.org\/{rel}","templated":true}]}}