{"id":293345,"date":"2022-08-18T05:36:51","date_gmt":"2022-08-18T03:36:51","guid":{"rendered":"https:\/\/www.radiopiu.net\/wordpress\/?p=293345"},"modified":"2022-08-18T06:16:43","modified_gmt":"2022-08-18T04:16:43","slug":"cade-sul-penultimo-tiro-e-sbatte-la-testa","status":"publish","type":"post","link":"https:\/\/www.radiopiu.net\/wordpress\/cade-sul-penultimo-tiro-e-sbatte-la-testa\/","title":{"rendered":"CADE SUL PENULTIMO TIRO DELLA VIA E SBATTE LA TESTA"},"content":{"rendered":"<p><strong>LAMON <\/strong>Il Soccorso alpino di Feltre \u00e8 intervenuto nel primo pomeriggio nelle vicinanze della Cascata del Salton a Lamon, per una 76enne di Castelfranco Veneto (TV), che si era fatta male a un polso. Raggiunta dai soccorritori, l&#8217;infortunata \u00e8 stata aiutata in tutto il percorso di rientro fino al fuoristrada per essere poi accompagnata all&#8217;ospedale di Feltre.<\/p>\n<p><strong>CORTINA <\/strong>Verso le 15.20 l&#8217;elicottero di Dolomiti Emergency \u00e8 volato sul Coston d&#8217;Averau poich\u00e9 un alpinista primo di cordata era caduto sul penultimo tiro sbattendo la testa. Il 40enne polacco \u00e8 stato recuperato assieme al compagno e portato all&#8217;ospedale.<\/p>\n<p><strong>SOSPIROLO <\/strong>Una squadra del Soccorso alpino di Belluno \u00e8 invece stata attivata per un&#8217;escursionista che, tentando di aggirare una galleria in Valle del Mis, si era fatta male a una gamba. La 57enne di Scorz\u00e8 (VE), che si trovava a una cinquantina di metri dalla strada \u00e8 stata medicata dai soccorritori, portata al fuoristrada e accompagnata al San Martino.<\/p>\n<p>&nbsp;<\/p>\n<p>&nbsp;<\/p>\n<p>*****<\/p>\n","protected":false},"excerpt":{"rendered":"<p>LAMON Il Soccorso alpino di Feltre \u00e8 intervenuto nel primo pomeriggio nelle vicinanze della Cascata del Salton a Lamon, per una 76enne di Castelfranco Veneto (TV), che si era fatta male a un polso. Raggiunta dai soccorritori, l&#8217;infortunata \u00e8 stata aiutata in tutto il percorso di rientro fino al fuoristrada per essere poi accompagnata all&#8217;ospedale&hellip;<\/p>\n","protected":false},"author":4,"featured_media":290403,"comment_status":"closed","ping_status":"closed","sticky":false,"template":"","format":"standard","meta":{"_monsterinsights_skip_tracking":false,"_monsterinsights_sitenote_active":false,"_monsterinsights_sitenote_note":"","_monsterinsights_sitenote_category":0,"footnotes":""},"categories":[49],"tags":[],"class_list":["post-293345","post","type-post","status-publish","format-standard","has-post-thumbnail","hentry","category-news-18","category-49","description-off"],"img_url":"https:\/\/www.radiopiu.net\/wordpress\/wp-content\/uploads\/2022\/08\/salt.jpg","_links":{"self":[{"href":"https:\/\/www.radiopiu.net\/wordpress\/wp-json\/wp\/v2\/posts\/293345","targetHints":{"allow":["GET"]}}],"collection":[{"href":"https:\/\/www.radiopiu.net\/wordpress\/wp-json\/wp\/v2\/posts"}],"about":[{"href":"https:\/\/www.radiopiu.net\/wordpress\/wp-json\/wp\/v2\/types\/post"}],"author":[{"embeddable":true,"href":"https:\/\/www.radiopiu.net\/wordpress\/wp-json\/wp\/v2\/users\/4"}],"replies":[{"embeddable":true,"href":"https:\/\/www.radiopiu.net\/wordpress\/wp-json\/wp\/v2\/comments?post=293345"}],"version-history":[{"count":0,"href":"https:\/\/www.radiopiu.net\/wordpress\/wp-json\/wp\/v2\/posts\/293345\/revisions"}],"wp:featuredmedia":[{"embeddable":true,"href":"https:\/\/www.radiopiu.net\/wordpress\/wp-json\/wp\/v2\/media\/290403"}],"wp:attachment":[{"href":"https:\/\/www.radiopiu.net\/wordpress\/wp-json\/wp\/v2\/media?parent=293345"}],"wp:term":[{"taxonomy":"category","embeddable":true,"href":"https:\/\/www.radiopiu.net\/wordpress\/wp-json\/wp\/v2\/categories?post=293345"},{"taxonomy":"post_tag","embeddable":true,"href":"https:\/\/www.radiopiu.net\/wordpress\/wp-json\/wp\/v2\/tags?post=293345"}],"curies":[{"name":"wp","href":"https:\/\/api.w.org\/{rel}","templated":true}]}}