{"id":293354,"date":"2022-08-19T05:33:55","date_gmt":"2022-08-19T03:33:55","guid":{"rendered":"https:\/\/www.radiopiu.net\/wordpress\/?p=293354"},"modified":"2022-08-19T08:49:22","modified_gmt":"2022-08-19T06:49:22","slug":"giornale-radiopiu-19-agosto-2022-direttore-mirko-mezzacasa","status":"publish","type":"post","link":"https:\/\/www.radiopiu.net\/wordpress\/giornale-radiopiu-19-agosto-2022-direttore-mirko-mezzacasa\/","title":{"rendered":"GIORNALE RADIOPIU 19 AGOSTO 2022 DIRETTORE MIRKO MEZZACASA"},"content":{"rendered":"<h3 class=\"kvgmc6g5 cxmmr5t8 oygrvhab hcukyx3x c1et5uql\"><span style=\"color: #0000ff;\"><strong>RADIO PIU INFORMAZIONE il canale su TELEGRAM informazione di prima\u00a0 <\/strong><\/span><span style=\"color: #0000ff;\"><strong>mano e in tempo reale. iscriviti ed aiutaci a farlo conoscere\u00a0 \u00a0<\/strong><\/span><\/h3>\n<p>&nbsp;<\/p>\n<p>&nbsp;<\/p>\n<hr \/>\n<p>&nbsp;<\/p>\n<blockquote>\n<h3 class=\"entry-title\">LAVORI SULLA SP 347 DEL CEREDA E DURAN E SULLA SP 20 DELLA VAL FIORENTINA<\/h3>\n<\/blockquote>\n<p><strong class=\"photoswipe-wrapper\"><a class=\"dt-pswp-item pspw-wrap-ready\" href=\"https:\/\/www.radiopiu.net\/wordpress\/wp-content\/uploads\/2020\/05\/VENETO-STRADE.png\" data-dt-img-description=\"\" data-large_image_width=\"400\" data-large_image_height=\"400\"><img loading=\"lazy\" decoding=\"async\" class=\" wp-image-135574 alignleft\" src=\"https:\/\/www.radiopiu.net\/wordpress\/wp-content\/uploads\/2020\/05\/VENETO-STRADE-150x150.png\" sizes=\"auto, (max-width: 120px) 100vw, 120px\" srcset=\"https:\/\/www.radiopiu.net\/wordpress\/wp-content\/uploads\/2020\/05\/VENETO-STRADE-150x150.png 150w, https:\/\/www.radiopiu.net\/wordpress\/wp-content\/uploads\/2020\/05\/VENETO-STRADE-300x300.png 300w, https:\/\/www.radiopiu.net\/wordpress\/wp-content\/uploads\/2020\/05\/VENETO-STRADE.png 400w\" alt=\"\" width=\"120\" height=\"120\" \/><\/a><\/strong><strong>SEDICO\u00a0<\/strong>Veneto Strade comunica che a partire dal 22 agosto e fino al 28 ottobre la SP 347 del Passo Cereda e Duran sar\u00e0 a senso unico alternato nei comuni di Agordo e Taibon Agordino. Senso unico regolato da semaforo o movieri. La modifica alla viabilit\u00e0 \u00e8 necessaria per lavori di regimazione idraulica.<\/p>\n<p><strong>SEDICO<\/strong>\u00a0Lavori anche sulla SP 20 della Val Fiorentina in comune di Selva Di Cadore. Senso unico alternato regolato da semaforo per lavori di adeguamento geometrico funzionale dal 22 agosto al 30 settembre<\/p>\n<p>&nbsp;<\/p>\n<p>&nbsp;<\/p>\n<hr \/>\n<p>&nbsp;<\/p>\n<blockquote>\n<div class=\"page-title-head hgroup\">\n<h3 class=\"entry-title\">CAMBIANO GLI ORARI DEI PUNTI TAMPONI<\/h3>\n<\/div>\n<div class=\"page-title-breadcrumbs\"><strong>\u00a0BELLUNO<\/strong> Il Covid Point di Paludi sar\u00e0 attivo: marted\u00ec, gioved\u00ec, sabato, domenica\/festivi: dalle 8.30 alle 12.30. Rimane, invece, invariata l\u2019operativit\u00e0 degli altri Covid Point che saranno attivi con i seguenti orari: Feltre: luned\u00ec, mercoled\u00ec e venerd\u00ec (festivi esclusi), dalle 8.30 alle 12.30. Agordo: marted\u00ec e gioved\u00ec (festivi esclusi), dalle 8.30 alle 10.00. Tai di Cadore: marted\u00ec e gioved\u00ec (festivi esclusi), dalle 13.30 alle 15.30. Il tampone viene eseguito su prescrizione del medico curante e a seguito di prenotazione sul sito <a href=\"http:\/\/www.aulss1.veneto.it\/\">www.aulss1.veneto.it<\/a><\/div>\n<\/blockquote>\n<p>&nbsp;<\/p>\n<p>&nbsp;<\/p>\n<hr \/>\n<p>&nbsp;<\/p>\n<blockquote>\n<h3>ACQUA NON POTABILE A MOE&#8217; DI LASTE DI ROCCA PIETORE<\/h3>\n<\/blockquote>\n<p><strong>ROCCA PIETORE<\/strong> Gestione Servizi Pubblici informa che a ROCCA PIETORE in localit\u00e0 MOE\u2019 DI LASTE l&#8217;acqua erogata dall&#8217;acquedotto non \u00e8 potabile e pu\u00f2 essere usata per scopi alimentari SOLO PREVIA bollitura. GSP ha, comunque, gi\u00e0 adottato le necessarie misure per la disinfezione dell&#8217;acqua presente nei serbatoi e nella rete idrica con l&#8217;aggiunta di cloro.<\/p>\n<blockquote>\n<h3>DOMANI DISAGI IDRICI A SEDICO, interruzione programmata per lavori<\/h3>\n<\/blockquote>\n<p><strong>SEDICO<\/strong> Domani pomeriggio dalle 14 a fine lavori verr\u00e0 sospesa l&#8217;erogazione dell&#8217;acqua in piazza della Vittoria, Villa, Seghe di Villa, Landris, Agordina, Segato, Cordevole, Tiepolo, Fornaci, Marmolada<\/p>\n<p>&nbsp;<\/p>\n<hr \/>\n<p>&nbsp;<\/p>\n<blockquote>\n<h3>E&#8217; MORTO ERMANO DE COL, UN IMPEGNO DI 50 ANNI NELLA POLITICA BELLUNESE<\/h3>\n<\/blockquote>\n<p><a class=\"dt-pswp-item\" href=\"https:\/\/www.radiopiu.net\/wordpress\/wp-content\/uploads\/2022\/08\/f9bbf98d-e79a-4155-9531-8ad732bd3035.jpg\" data-dt-img-description=\"\" data-large_image_width=\"250\" data-large_image_height=\"356\"><img loading=\"lazy\" decoding=\"async\" class=\"size-thumbnail wp-image-293395 alignleft\" src=\"https:\/\/www.radiopiu.net\/wordpress\/wp-content\/uploads\/2022\/08\/f9bbf98d-e79a-4155-9531-8ad732bd3035-150x150.jpg\" alt=\"\" width=\"150\" height=\"150\" \/><\/a><strong>BELLUNO<\/strong> Lutto nel mondo della politica bellunese, \u00e8 mancato Ermano De COl<br \/>\n<em>\u00abSe ne va un uomo saggio, che aveva sempre una parola illuminata e una visione lungimirante. Un amministratore vecchio stampo che ha sempre creduto nell\u2019impegno civico\u00bb<\/em>. Lo scrive il presidente della Provincia di Belluno Roberto Padrin in una nota di cordoglio per la scomparsa di Ermano De Col. <em>\u00abDe Col ha sempre messo grande passione nel suo percorso da amministratore. Consigliere comunale per decenni, assessore e poi sindaco di Belluno ha sempre saputo cogliere il lato pratico delle tematiche che ha dovuto affrontare. Un abbraccio affettuoso ai suoi familiari\u00bb. <\/em>Ermano De Col nato a Gosaldo nel 1942 \u00e8 stato per cinquant&#8217;anni consigliere comunale a Belluno per nove legislature, ricoprendo anche la carica di assessore dal 1992 al 1993 nella giunta presieduta da Gianclaudio Bressa. Iscritto al Partito Socialista Italiano, ha poi aderito ai Democratici di Sinistra, rinunciando poi alle tessere rimanendo attivo in politica quale indipendente. Alle elezioni comunali del 2001 \u00e8 stato eletto sindaco di Belluno sostenuto dalla coalizione dell&#8217;Ulivo, avendo la meglio al secondo turno con il 51,69% dei voti sullo sfidante Luigi Panzan della Casa delle Libert\u00e0. Candidato per un secondo mandato alle elezioni del 2006, \u00e8 stato sconfitto al ballottaggio da Celeste Bortoluzzi di Forza Italia. \u00c8 stato nuovamente eletto consigliere comunale in rappresentanza di una lista civica nel 2012 e nel 2017<\/p>\n<p><strong>Il sindaco di Belluno, Oscar De Pellegrin\u00a0<\/strong><em><strong>\u201c<\/strong>Uomo di grande cultura, amministratore appassionato e mosso da vero interesse per la nostra citt\u00e0, De Col ha segnato la vita amministrativa del nostro Comune dal 1968, anno del suo ingresso in Consiglio, al 2022. Io lo conobbi durante il suo mandato da sindaco, tra il 2001 e il 2006, una sera volle conoscermi, allora ero un\u2019atleta in attivit\u00e0, e venne a casa mia. Fu una serata piacevole, era una persona con cui era bello parlare, al di l\u00e0 del pensiero politico. A lui oggi va il nostro grazie per una vita cos\u00ec ben spesa al servizio della comunit\u00e0. Io e tutta la giunta siamo vicini ai famigliari, ai quali porgiamo le nostre condoglianze\u201d.<\/em><\/p>\n<blockquote>\n<h3><\/h3>\n<h3>UN RICORDO DI ERMANO DE COL<\/h3>\n<\/blockquote>\n<p><strong>di Dino Bridda<\/strong><\/p>\n<p>Ermano De Col se ne \u00e8 andato in silenzio lasciandoci tutti sgomenti. Tramite proprio Radiopi\u00f9 non posso non ricordare che egli aveva anche sangue agordino nelle vene. Di qualcosa di questa terra, attraversata dalle acque del Cordevole, certamente egli conserv\u00f2 in s\u00e9: la chiarezza del dire.\u00a0 Ma se dicessi che era uomo di poche parole, gli farei un torto. Di parole ne ebbe sempre tante, ma mai inutili, mai sprecate. Forse quell\u2019ascendenza agordina lo faceva andare sempre al nocciolo della questione senza perdersi in inutili arzigogoli mentali. Lo ascoltavi volentieri anche se non ti era possibile condividere in pieno le sue parole ed i concetti che esprimeva. Lo ascoltavi con rispetto cos\u00ec come lui rispettava te, pur nella contrapposizione della dialettica politica. Ermano De Col ha attraversato la politica bellunese per tutta la sua vita e nel Municipio di Belluno non ha mai sprecato la sua presenza. Da consigliere, da assessore, da sindaco. Una lunga militanza in Consiglio comunale che fondava le sue radici, prima di tutto, sulla conoscenza della materia da trattare, poi sulla passione dell\u2019amministratore battagliero, poi ancora sullo sconfinato amore per la sua citt\u00e0. Sono state doti che contribuiscono, oggi e domani, a non farlo dimenticare dai suoi concittadini. Ermano era bellunese a tutto tondo, ma con uno sguardo intelligente sul mondo che derivava dal suo bagaglio culturale e dall\u2019esperienza di vita. Egli \u00e8 stato davvero uomo di cultura. Se parliamo di cultura dobbiamo ricordare i suoi interessi per l\u2019arte, la letteratura, la musica, la storia, il sapere in genere. Ne erano dimostrazione gli appassionati interventi anche in occasione di eventi culturali per i quali spesso veniva richiesto quale protagonista, oratore, fine dicitore. Chi non lo ricorda in bellissime e intense serate insieme alla \u201cmitica\u201d Sala De Luca? Parlando di cultura, per un uomo che ha connotato la sua esistenza sull\u2019essere stato pubblico amministratore e figura politica di primo piano, non si pu\u00f2 non ravvisare come tale bagaglio sia invece difficile da intravvedere in buona parte di coloro i quali oggi si lanciano nel medesimo agone pubblico. Perch\u00e9? Perch\u00e9 in politica, come in tante professioni, se non c\u2019\u00e8 una piattaforma culturale che ti sorregge rischi di non assolvere bene il tuo compito e di fare danni. E lo si vede\u2026 Come ricordare degnamente Ermano? Lo possiamo e lo dobbiamo fare amando Belluno e il suo territorio, studiando, essendo curiosi del mondo, partecipando in pieno alla vita collettiva con generosit\u00e0. Lo faranno di certo quei bellunesi per i quali, anche nel saluto affettuoso ed amichevole per strada, Ermano De Col \u00e8 sempre rimasto il \u201cloro\u201d Sindaco!<\/p>\n<p>&nbsp;<\/p>\n<hr \/>\n<p>&nbsp;<\/p>\n<p>&nbsp;<\/p>\n<blockquote>\n<h3><b><a href=\"https:\/\/www.radiopiu.net\/wordpress\/wp-content\/uploads\/2022\/08\/298311521_3234745823505551_8726228548614013269_n201.webp\"><img loading=\"lazy\" decoding=\"async\" class=\"size-thumbnail wp-image-293508 alignleft\" src=\"https:\/\/www.radiopiu.net\/wordpress\/wp-content\/uploads\/2022\/08\/298311521_3234745823505551_8726228548614013269_n201-150x150.webp\" alt=\"\" width=\"150\" height=\"150\" \/><\/a><\/b>IN CADORE E&#8217; MANCATO L&#8217;EX SINDACO TOSCANI<\/h3>\n<\/blockquote>\n<p><b>VALLE DI CADORE E&#8217; morto <\/b>l\u2019ex sindaco Alberto Toscani, era ricoverato da alcuni giorni in ospedale a Belluno\u00a0 per il riacutizzarsi dell\u2019ictus che lo aveva colpito alcuni mesi fa. Tra alcuni giorni, il 28 agosto, avrebbe compiuto 82 anni. Lascia la moglie Susy.\u00a0 Non ci sar\u00e0 funerale,\u00a0 la sua salma sar\u00e0 cremata e solo ad avvenuta cremazione sar\u00e0 data comunicazione ai suoi amici e conoscenti con un annuncio.\u00a0 Ha insegnato per molti anni alla scuola media Pier Fortunato Calvi di Pieve. Era conosciuto tra i genitori perch\u00e9 da docente accompagnava sempre i suoi studenti nei viaggi di istruzione, portando i ragazzi pi\u00f9 volte anche in in Germania a visitare il campo di sterminio di Dachau.<\/p>\n<p>&nbsp;<\/p>\n<p>&nbsp;<\/p>\n<hr \/>\n<p>&nbsp;<\/p>\n<p><a class=\"dt-pswp-item\" href=\"https:\/\/www.radiopiu.net\/wordpress\/wp-content\/uploads\/2022\/08\/300070083_438474238229104_4645112214121927527_n.jpg\" data-dt-img-description=\"\" data-large_image_width=\"821\" data-large_image_height=\"858\"><img loading=\"lazy\" decoding=\"async\" class=\"wp-image-293370 alignleft\" src=\"https:\/\/www.radiopiu.net\/wordpress\/wp-content\/uploads\/2022\/08\/300070083_438474238229104_4645112214121927527_n-150x150.jpg\" alt=\"\" width=\"110\" height=\"110\" \/><\/a><strong>L&#8217;ULTIMO SALUTO A NINO, L&#8217;UOMO DI AGORDO FRUTTA<\/strong><\/p>\n<p><strong>BORGO VALBELLUNA- AGORDO\u00a0<\/strong> Si terranno oggi alle 11 a Villa di Villa i funerali di Antonio &#8220;Nino&#8221; Beninc\u00e0, morto a 74 anni. Lascia la moglie Rita, i figli Ivan con Sara, Gloria con Diego, i nipoti Eleonora, Emanuela, Jacopo e Adele, la sorella, i cognatil.<\/p>\n<p>&nbsp;<\/p>\n<p>&nbsp;<\/p>\n<hr \/>\n<p>&nbsp;<\/p>\n<blockquote>\n<h3>DUE FERITI NELL&#8217;INCIDENTE DI ALANO<\/h3>\n<\/blockquote>\n<p><a class=\"dt-pswp-item\" href=\"https:\/\/www.radiopiu.net\/wordpress\/wp-content\/uploads\/2022\/08\/foto-1.jpg\" data-dt-img-description=\"\" data-large_image_width=\"1280\" data-large_image_height=\"960\"><img loading=\"lazy\" decoding=\"async\" class=\"size-thumbnail wp-image-293500 alignleft\" src=\"https:\/\/www.radiopiu.net\/wordpress\/wp-content\/uploads\/2022\/08\/foto-1-150x150.jpg\" alt=\"\" width=\"150\" height=\"150\" \/><\/a><br \/>\n<strong>ALANO DI PIAVE<\/strong> Due\u00a0 le auto\u00a0 coinvolte nell&#8217;incidente di ieri\u00a0 pomeriggio\u00a0 mentre era in corso il temporale. Nell&#8217;impatto frontale-laterale, probabilmente causato da una mancata precedenza, sono finiti al pronto soccorso con ferite lievi due anziani residenti in Svizzera, ma originari del Feltrino. Coinvolta anche una 56enne di Alano di Piave, rimasta illesa.<\/p>\n<p>&nbsp;<\/p>\n<p>&nbsp;<\/p>\n<h3>L&#8217;INCIDENTE DI LAMON<\/h3>\n<p>L&#8217;altra notte in via Piei uscita di strada di una Punto condotta da M.E.M. 21enne di origine marocchina residente a Fonzaso rimasto ferito e trasportato ospedale Feltre. Paura anche per gli altri tre ragazzi in ospedale solo per accertamenti.<\/p>\n<p>&nbsp;<\/p>\n<hr \/>\n<p>&nbsp;<\/p>\n<blockquote>\n<h3>MICIDIALE FOLATA DI VENTO, DANNI AL PALA PIEVE,<\/h3>\n<\/blockquote>\n<p><strong>PIEVE D&#8217;ALPAGO<\/strong> Il temporale del primo mattino ha causato evidenti danni alla tensostruttura del PalaPieve a Pieve D&#8217;Alpago. Il sindaco Alberto Peterle \u00e8 intervenuto immediatamente allertando anche i Vigili Del Fuoco che hanno aperto laterlmente la struttura per evitare ulteriori danni, che saranno quantificati nel corso dei prossimi giorni. Saranno i tecnici a stabilire quale dovr\u00e0 essere l&#8217;intervento per rimettere in sicurezza la struttura. Una raffica di vento la causa dell&#8217;episodio che ha fatto cadere qualche pianta lungo la viabilit\u00e0 ma episodi di poco conto.<\/p>\n<p><strong><em>di Moreno Gioli<\/em><\/strong><\/p>\n<audio class=\"wp-audio-shortcode\" id=\"audio-293354-1\" preload=\"none\" style=\"width: 100%;\" controls=\"controls\"><source type=\"audio\/mpeg\" src=\"https:\/\/www.radiopiu.net\/wordpress\/wp-content\/uploads\/2022\/08\/GIOLI-PALA-PIEVE.mp3?_=1\" \/><a href=\"https:\/\/www.radiopiu.net\/wordpress\/wp-content\/uploads\/2022\/08\/GIOLI-PALA-PIEVE.mp3\">https:\/\/www.radiopiu.net\/wordpress\/wp-content\/uploads\/2022\/08\/GIOLI-PALA-PIEVE.mp3<\/a><\/audio>\n<p>&nbsp;<\/p>\n\n\t\t\t<style type='text\/css'>\n\t\t\t\t#gallery-1 {\n\t\t\t\t\tmargin: auto;\n\t\t\t\t}\n\t\t\t\t#gallery-1 .gallery-item {\n\t\t\t\t\tfloat: left;\n\t\t\t\t\tmargin-top: 10px;\n\t\t\t\t\ttext-align: center;\n\t\t\t\t\twidth: 25%;\n\t\t\t\t}\n\t\t\t\t#gallery-1 img {\n\t\t\t\t\tborder: 2px solid #cfcfcf;\n\t\t\t\t}\n\t\t\t\t#gallery-1 .gallery-caption {\n\t\t\t\t\tmargin-left: 0;\n\t\t\t\t}\n\t\t\t\t\/* see gallery_shortcode() in wp-includes\/media.php *\/\n\t\t\t<\/style>\n\t\t<div id='gallery-1' class='dt-gallery-container gallery galleryid-293354 gallery-columns-4 gallery-size-thumbnail'><dl class='gallery-item'>\n\t\t\t\t<dt class='gallery-icon landscape'>\n\t\t\t\t\t<a class=\"rollover rollover-zoom dt-pswp-item\" title=\"c75261e5-4a6d-4e78-b232-54caef726641\" data-dt-img-description=\"\" data-large_image_width=\"2048\" data-large_image_height=\"1536\"href='https:\/\/www.radiopiu.net\/wordpress\/wp-content\/uploads\/2022\/08\/c75261e5-4a6d-4e78-b232-54caef726641.jpg'><img loading=\"lazy\" decoding=\"async\" width=\"150\" height=\"150\" src=\"https:\/\/www.radiopiu.net\/wordpress\/wp-content\/uploads\/2022\/08\/c75261e5-4a6d-4e78-b232-54caef726641-150x150.jpg\" class=\"attachment-thumbnail size-thumbnail\" alt=\"\" \/><\/a>\n\t\t\t\t<\/dt><\/dl><dl class='gallery-item'>\n\t\t\t\t<dt class='gallery-icon landscape'>\n\t\t\t\t\t<a class=\"rollover rollover-zoom dt-pswp-item\" title=\"e9201c7c-47a5-4cc4-b8ab-6f35eed542bd\" data-dt-img-description=\"\" data-large_image_width=\"2048\" data-large_image_height=\"1536\"href='https:\/\/www.radiopiu.net\/wordpress\/wp-content\/uploads\/2022\/08\/e9201c7c-47a5-4cc4-b8ab-6f35eed542bd.jpg'><img loading=\"lazy\" decoding=\"async\" width=\"150\" height=\"150\" src=\"https:\/\/www.radiopiu.net\/wordpress\/wp-content\/uploads\/2022\/08\/e9201c7c-47a5-4cc4-b8ab-6f35eed542bd-150x150.jpg\" class=\"attachment-thumbnail size-thumbnail\" alt=\"\" \/><\/a>\n\t\t\t\t<\/dt><\/dl><dl class='gallery-item'>\n\t\t\t\t<dt class='gallery-icon landscape'>\n\t\t\t\t\t<a class=\"rollover rollover-zoom dt-pswp-item\" title=\"c80aef36-1352-4114-9e24-cb61fa6a2d7c\" data-dt-img-description=\"\" data-large_image_width=\"2048\" data-large_image_height=\"1536\"href='https:\/\/www.radiopiu.net\/wordpress\/wp-content\/uploads\/2022\/08\/c80aef36-1352-4114-9e24-cb61fa6a2d7c.jpg'><img loading=\"lazy\" decoding=\"async\" width=\"150\" height=\"150\" src=\"https:\/\/www.radiopiu.net\/wordpress\/wp-content\/uploads\/2022\/08\/c80aef36-1352-4114-9e24-cb61fa6a2d7c-150x150.jpg\" class=\"attachment-thumbnail size-thumbnail\" alt=\"\" \/><\/a>\n\t\t\t\t<\/dt><\/dl><dl class='gallery-item'>\n\t\t\t\t<dt class='gallery-icon landscape'>\n\t\t\t\t\t<a class=\"rollover rollover-zoom dt-pswp-item\" title=\"c0560347-3f39-4125-b5b7-b92a4b14c283\" data-dt-img-description=\"\" data-large_image_width=\"2048\" data-large_image_height=\"1536\"href='https:\/\/www.radiopiu.net\/wordpress\/wp-content\/uploads\/2022\/08\/c0560347-3f39-4125-b5b7-b92a4b14c283.jpg'><img loading=\"lazy\" decoding=\"async\" width=\"150\" height=\"150\" src=\"https:\/\/www.radiopiu.net\/wordpress\/wp-content\/uploads\/2022\/08\/c0560347-3f39-4125-b5b7-b92a4b14c283-150x150.jpg\" class=\"attachment-thumbnail size-thumbnail\" alt=\"\" \/><\/a>\n\t\t\t\t<\/dt><\/dl><br style=\"clear: both\" \/><dl class='gallery-item'>\n\t\t\t\t<dt class='gallery-icon landscape'>\n\t\t\t\t\t<a class=\"rollover rollover-zoom dt-pswp-item\" title=\"13129af4-aeed-4cae-aa8c-69b62b6a936d\" data-dt-img-description=\"\" data-large_image_width=\"2048\" data-large_image_height=\"1536\"href='https:\/\/www.radiopiu.net\/wordpress\/wp-content\/uploads\/2022\/08\/13129af4-aeed-4cae-aa8c-69b62b6a936d.jpg'><img loading=\"lazy\" decoding=\"async\" width=\"150\" height=\"150\" src=\"https:\/\/www.radiopiu.net\/wordpress\/wp-content\/uploads\/2022\/08\/13129af4-aeed-4cae-aa8c-69b62b6a936d-150x150.jpg\" class=\"attachment-thumbnail size-thumbnail\" alt=\"\" \/><\/a>\n\t\t\t\t<\/dt><\/dl><dl class='gallery-item'>\n\t\t\t\t<dt class='gallery-icon landscape'>\n\t\t\t\t\t<a class=\"rollover rollover-zoom dt-pswp-item\" title=\"7f0edefa-1933-44c1-bfa7-7fc409d28e34\" data-dt-img-description=\"\" data-large_image_width=\"2048\" data-large_image_height=\"1536\"href='https:\/\/www.radiopiu.net\/wordpress\/wp-content\/uploads\/2022\/08\/7f0edefa-1933-44c1-bfa7-7fc409d28e34.jpg'><img loading=\"lazy\" decoding=\"async\" width=\"150\" height=\"150\" src=\"https:\/\/www.radiopiu.net\/wordpress\/wp-content\/uploads\/2022\/08\/7f0edefa-1933-44c1-bfa7-7fc409d28e34-150x150.jpg\" class=\"attachment-thumbnail size-thumbnail\" alt=\"\" \/><\/a>\n\t\t\t\t<\/dt><\/dl><dl class='gallery-item'>\n\t\t\t\t<dt class='gallery-icon landscape'>\n\t\t\t\t\t<a class=\"rollover rollover-zoom dt-pswp-item\" title=\"cf47ef02-1089-4542-ab5a-ee25b5b76378\" data-dt-img-description=\"\" data-large_image_width=\"2048\" data-large_image_height=\"1536\"href='https:\/\/www.radiopiu.net\/wordpress\/wp-content\/uploads\/2022\/08\/cf47ef02-1089-4542-ab5a-ee25b5b76378.jpg'><img loading=\"lazy\" decoding=\"async\" width=\"150\" height=\"150\" src=\"https:\/\/www.radiopiu.net\/wordpress\/wp-content\/uploads\/2022\/08\/cf47ef02-1089-4542-ab5a-ee25b5b76378-150x150.jpg\" class=\"attachment-thumbnail size-thumbnail\" alt=\"\" \/><\/a>\n\t\t\t\t<\/dt><\/dl>\n\t\t\t\t<br style='clear: both' \/>\n\t\t\t<\/div>\n\n<p>&nbsp;<\/p>\n<hr \/>\n<p>&nbsp;<\/p>\n<blockquote>\n<h3>INTERVENTO DEI VIGILI DEL FUOCO TRA PONTE NELLE ALPI E LONGARONE. CADUTA UNA PIANTA<\/h3>\n<\/blockquote>\n<p><strong>PONTE NELLE ALPI<\/strong> Intervento dei Vigili del Fuoco tra Ponte Nelle Alpi e Longarone, pi\u00f9 precisamente all&#8217;altezza dell&#8217;Hotel Benito. Caduta una pianta e viabilit\u00e0 rimessa in sicurezza dall&#8217;intervento dei pompieri.<\/p>\n<p><em>(foto: VIABILITA&#8217; PROVINCIA DI BELLUNO &#8211; TELEGRAM <a href=\"https:\/\/t.me\/+zYwt7bt4s-A1NDNk\">https:\/\/t.me\/+zYwt7bt4s-A1NDNk<\/a>)<\/em><\/p>\n<p><a class=\"dt-pswp-item\" href=\"https:\/\/www.radiopiu.net\/wordpress\/wp-content\/uploads\/2022\/08\/e38322b0-2b22-41aa-8b1a-693aca8c4948.jpg\" data-dt-img-description=\"\" data-large_image_width=\"360\" data-large_image_height=\"800\"><img loading=\"lazy\" decoding=\"async\" class=\"wp-image-293420 size-medium aligncenter\" src=\"https:\/\/www.radiopiu.net\/wordpress\/wp-content\/uploads\/2022\/08\/e38322b0-2b22-41aa-8b1a-693aca8c4948-135x300.jpg\" alt=\"\" width=\"135\" height=\"300\" srcset=\"https:\/\/www.radiopiu.net\/wordpress\/wp-content\/uploads\/2022\/08\/e38322b0-2b22-41aa-8b1a-693aca8c4948-135x300.jpg 135w, https:\/\/www.radiopiu.net\/wordpress\/wp-content\/uploads\/2022\/08\/e38322b0-2b22-41aa-8b1a-693aca8c4948.jpg 360w\" sizes=\"auto, (max-width: 135px) 100vw, 135px\" \/><\/a><\/p>\n<p>&nbsp;<\/p>\n<hr \/>\n<p>&nbsp;<\/p>\n<p><strong>BOLLETTINO DI NOWCASTING\u00a0<\/strong><\/p>\n<p><a class=\"dt-pswp-item\" href=\"https:\/\/www.radiopiu.net\/wordpress\/wp-content\/uploads\/2020\/06\/FULMINE-METEO-MALTEMPO.jpg\" data-dt-img-description=\"\" data-large_image_width=\"1920\" data-large_image_height=\"1271\"><img loading=\"lazy\" decoding=\"async\" class=\"size-thumbnail wp-image-142852 alignleft\" src=\"https:\/\/www.radiopiu.net\/wordpress\/wp-content\/uploads\/2020\/06\/FULMINE-METEO-MALTEMPO-150x150.jpg\" alt=\"\" width=\"150\" height=\"150\" \/><\/a>Quantitativi di pioggia da inizio evento dalle 19 di mercoled\u00ec 17 alle 20 di gioved\u00ec 18: tra i 30 e i 60 mm sui settori occidentali della regione con locali massimi tra i 70 e i 90 mm circa sulla pianura sud-occidentale; in genere tra i 15 e i 40 mm altrove, salvo sulla pianura nord-orientale dove i quantitativi risultano leggermente inferiori (5-10 mm). Quadro complessivo dal pomeriggio di gioved\u00ec 18: dalle ore 14 alle 15 si sono osservati fenomeni residui sulle zone alpine del Veneto, in allontanamento verso nord- est, con quantitativi complessivamente modesti; nelle ore successive i fenomeni sono stati pressoch\u00e8 assenti salvo qualche isolato piovasco.\u00a0 Situazione precipitazioni dalle 14 alle 20, quantitativi fino a circa 10 mm sulle Dolomiti; in seguito i quantitativi sono risultati generalmente nulli. Non si segnalano situazioni di rilievo sui principali corsi d\u2019acqua della rete idrografica regionale.<\/p>\n<p>&nbsp;<\/p>\n<p>&nbsp;<\/p>\n<hr \/>\n<p>&nbsp;<\/p>\n<blockquote>\n<h3>RECUPERATI PADRE E FIGLIO SUL VISENTIN STREMATI DALLA FATICA<\/h3>\n<\/blockquote>\n<p><strong><a class=\"dt-pswp-item\" href=\"https:\/\/www.radiopiu.net\/wordpress\/wp-content\/uploads\/2022\/04\/soccorso-alpino-1024x602-1.jpg\" data-dt-img-description=\"\" data-large_image_width=\"1024\" data-large_image_height=\"602\"><img loading=\"lazy\" decoding=\"async\" class=\" wp-image-270917 alignleft\" src=\"https:\/\/www.radiopiu.net\/wordpress\/wp-content\/uploads\/2022\/04\/soccorso-alpino-1024x602-1-150x150.jpg\" alt=\"\" width=\"139\" height=\"139\" \/><\/a>BELLUNO<\/strong> Mercoled\u00ec verso le 19.10 il Soccorso alpino di Belluno \u00e8 stato nuovamente attivato per due escursionisti sfiniti dalla stanchezza, non pi\u00f9 in grado di proseguire. Padre e figlio di Montebelluna (TV), 47 e 13 anni, saliti in seggiovia dal Piazzale del Nevegal, erano arrivati al Brigata per poi andare all&#8217;agriturismo Faverghera. Da l\u00ec erano saliti sul Visentin e poi scesi verso Forcella Zoppei, da dove avevano proseguito la camminata sbagliando per\u00f2 sentiero e ritrovandosi in mezzo agli schianti di Vaia. Erano quindi tornati sui loro passi, risalendo fino a Casere Zoppei, dove avevano chiesto aiuto ormai stremati dalle lunghe ore di cammino. In un&#8217;ora circa una squadra li ha raggiunti in fuoristrada e, dopo averli caricati a bordo, li ha riportati alla loro macchina. L&#8217;intervento si \u00e8 concluso passate le 21.<\/p>\n<p>&nbsp;<\/p>\n<hr \/>\n<p>&nbsp;<\/p>\n<blockquote>\n<h3>CRIPTOVALUTE, PERSI 100MILA EURO DI INVESTIMENTI<\/h3>\n<\/blockquote>\n<p><strong><img loading=\"lazy\" decoding=\"async\" class=\"alignleft\" src=\"https:\/\/www.radiopiu.net\/wordpress\/wp-content\/uploads\/2021\/07\/9dab3da2-5b99-4e4c-9808-d95d42ff43b5-300x300.jpg\" width=\"161\" height=\"161\" \/>BELLUNO Oggi sul Corriere delle Alpi, di Cristina Contento<\/strong><\/p>\n<p>Ci sono i primi tre o quattro investitori bellunesi vittime nel bailamme esploso con l&#8217;inchiesta sulla New Financial Technology, la societ\u00e0 trevigiana che operava nel mercato delle criptovalute e dei bitcoin nel mirino della Finanza. Nft con loro avrebbe rastrellato poco meno di centomila euro, inclusi gli investimenti di un cliente emiliano che si \u00e8 rivolto a un avvocato bellunese, Valentina Stefani, per cercare di recuperare almeno il capitale investito. L&#8217;inchiesta proprio in questi giorni ha avuto una accelerata con l&#8217;iscrizione nel registro degli indagati di sei persone. Almeno 300 milioni di euro si ipotizzano raccolti da circa 6000 investitori.Fra questi c&#8217;\u00e8 chi ha versato i risparmi di un lavoro subordinato, da dipendente&#8230;.<\/p>\n<p>&nbsp;<\/p>\n<hr \/>\n<p>&nbsp;<\/p>\n<blockquote>\n<h3>PONTE POSATO, SI CONFIDA IN UN RAPIDO COLLAUDO<\/h3>\n<\/blockquote>\n<p><strong>TAIBON<\/strong> Ultimata la posa del ponte che collega Taibon ad Agordo. Ora si aspetta il collaudo.<\/p>\n<p><a class=\"dt-pswp-item\" href=\"https:\/\/www.radiopiu.net\/wordpress\/wp-content\/uploads\/2022\/08\/1551a4ff-043f-4feb-ab26-f9a8e66a9376.jpg\" data-dt-img-description=\"\" data-large_image_width=\"2000\" data-large_image_height=\"1128\"><img loading=\"lazy\" decoding=\"async\" class=\"alignnone wp-image-293441 size-large\" src=\"https:\/\/www.radiopiu.net\/wordpress\/wp-content\/uploads\/2022\/08\/1551a4ff-043f-4feb-ab26-f9a8e66a9376-1024x578.jpg\" alt=\"\" width=\"1024\" height=\"578\" srcset=\"https:\/\/www.radiopiu.net\/wordpress\/wp-content\/uploads\/2022\/08\/1551a4ff-043f-4feb-ab26-f9a8e66a9376-1024x578.jpg 1024w, https:\/\/www.radiopiu.net\/wordpress\/wp-content\/uploads\/2022\/08\/1551a4ff-043f-4feb-ab26-f9a8e66a9376-300x169.jpg 300w, https:\/\/www.radiopiu.net\/wordpress\/wp-content\/uploads\/2022\/08\/1551a4ff-043f-4feb-ab26-f9a8e66a9376-768x433.jpg 768w, https:\/\/www.radiopiu.net\/wordpress\/wp-content\/uploads\/2022\/08\/1551a4ff-043f-4feb-ab26-f9a8e66a9376-1536x866.jpg 1536w, https:\/\/www.radiopiu.net\/wordpress\/wp-content\/uploads\/2022\/08\/1551a4ff-043f-4feb-ab26-f9a8e66a9376.jpg 2000w\" sizes=\"auto, (max-width: 1024px) 100vw, 1024px\" \/><\/a><\/p>\n<p>&nbsp;<\/p>\n<hr \/>\n<p>&nbsp;<\/p>\n<blockquote>\n<h3>\u00a0IL PALIO DEI CENTO<\/h3>\n<\/blockquote>\n<p><strong><a class=\"dt-pswp-item\" href=\"https:\/\/www.radiopiu.net\/wordpress\/wp-content\/uploads\/2022\/06\/PALIO-AGORDO.jpg\" data-dt-img-description=\"\" data-large_image_width=\"960\" data-large_image_height=\"640\"><img loading=\"lazy\" decoding=\"async\" class=\"size-thumbnail wp-image-282403 alignleft\" src=\"https:\/\/www.radiopiu.net\/wordpress\/wp-content\/uploads\/2022\/06\/PALIO-AGORDO-150x150.jpg\" alt=\"\" width=\"150\" height=\"150\" \/><\/a>AGORDO<\/strong><\/p>\n<p>di Gianni Santomaso<\/p>\n<audio class=\"wp-audio-shortcode\" id=\"audio-293354-2\" preload=\"none\" style=\"width: 100%;\" controls=\"controls\"><source type=\"audio\/mpeg\" src=\"https:\/\/www.radiopiu.net\/wordpress\/wp-content\/uploads\/2022\/08\/GIANNI-TORNA-IL-PALIO-DEI-CENTO-AD-AGORDO.mp3?_=2\" \/><a href=\"https:\/\/www.radiopiu.net\/wordpress\/wp-content\/uploads\/2022\/08\/GIANNI-TORNA-IL-PALIO-DEI-CENTO-AD-AGORDO.mp3\">https:\/\/www.radiopiu.net\/wordpress\/wp-content\/uploads\/2022\/08\/GIANNI-TORNA-IL-PALIO-DEI-CENTO-AD-AGORDO.mp3<\/a><\/audio>\n<p>&nbsp;<\/p>\n<hr \/>\n<p>&nbsp;<\/p>\n<blockquote>\n<h3>A GOSALDO SALVANO L&#8217;OTTAVA VITA DEL GATTO<\/h3>\n<\/blockquote>\n<p><strong><a class=\"dt-pswp-item\" href=\"https:\/\/www.radiopiu.net\/wordpress\/wp-content\/uploads\/2022\/08\/Schermata-2022-08-18-alle-12.50.36.png\" data-dt-img-description=\"\" data-large_image_width=\"1342\" data-large_image_height=\"956\"><img loading=\"lazy\" decoding=\"async\" class=\"size-thumbnail wp-image-293427 alignleft\" src=\"https:\/\/www.radiopiu.net\/wordpress\/wp-content\/uploads\/2022\/08\/Schermata-2022-08-18-alle-12.50.36-150x150.png\" alt=\"\" width=\"150\" height=\"150\" \/><\/a> <\/strong><\/p>\n<p><strong>\u00a0<\/strong><\/p>\n<p><strong>GOSALDO<\/strong> Un paese che si identifica anche nella civilt\u00e0 e rispetto per gli animali. Non il solito cartello che indica l&#8217;attraversamento di ungulati, ma in questo caso l&#8217;invito alla prudenza per evitare di schiacciare il micio, in passeggiata o in amore. <em>(foto: Facebook Sei Di Gosaldo se&#8230;)<\/em><\/p>\n<p>&nbsp;<\/p>\n<p>&nbsp;<\/p>\n<p>&nbsp;<\/p>\n<hr \/>\n<p>&nbsp;<\/p>\n<blockquote class=\"wp-embedded-content\" data-secret=\"8t03YAb1fN\"><p><a href=\"https:\/\/www.radiopiu.net\/wordpress\/aggnazionaleagosto18\/\">CORONAVIRUS: AGGIORNAMENTO NAZIONALE 18 AGOSTO 2022<\/a><\/p><\/blockquote>\n<p><iframe loading=\"lazy\" class=\"wp-embedded-content\" sandbox=\"allow-scripts\" security=\"restricted\" style=\"position: absolute; clip: rect(1px, 1px, 1px, 1px);\" title=\"&#8220;CORONAVIRUS: AGGIORNAMENTO NAZIONALE 18 AGOSTO 2022&#8221; &#8212; Radio Pi\u00f9\" src=\"https:\/\/www.radiopiu.net\/wordpress\/aggnazionaleagosto18\/embed\/#?secret=K0zooaKc1t#?secret=8t03YAb1fN\" data-secret=\"8t03YAb1fN\" width=\"600\" height=\"338\" frameborder=\"0\" marginwidth=\"0\" marginheight=\"0\" scrolling=\"no\"><\/iframe><\/p>\n<p>&nbsp;<\/p>\n<blockquote class=\"wp-embedded-content\" data-secret=\"nErLQesIht\"><p><a href=\"https:\/\/www.radiopiu.net\/wordpress\/aziendazeroagosto18\/\">RICOVERI PRATICAMENTE STABILI, 14 DECESSI E 3477 NUOVI POSITIVI IN 24 ORE<\/a><\/p><\/blockquote>\n<p><iframe loading=\"lazy\" class=\"wp-embedded-content\" sandbox=\"allow-scripts\" security=\"restricted\" style=\"position: absolute; clip: rect(1px, 1px, 1px, 1px);\" title=\"&#8220;RICOVERI PRATICAMENTE STABILI, 14 DECESSI E 3477 NUOVI POSITIVI IN 24 ORE&#8221; &#8212; Radio Pi\u00f9\" src=\"https:\/\/www.radiopiu.net\/wordpress\/aziendazeroagosto18\/embed\/#?secret=Pw9vSA8bYH#?secret=nErLQesIht\" data-secret=\"nErLQesIht\" width=\"600\" height=\"338\" frameborder=\"0\" marginwidth=\"0\" marginheight=\"0\" scrolling=\"no\"><\/iframe><\/p>\n<p>&nbsp;<\/p>\n<h2>I GRAFICI DI TIZIANO DE COL<\/h2>\n\n\t\t\t<style type='text\/css'>\n\t\t\t\t#gallery-2 {\n\t\t\t\t\tmargin: auto;\n\t\t\t\t}\n\t\t\t\t#gallery-2 .gallery-item {\n\t\t\t\t\tfloat: left;\n\t\t\t\t\tmargin-top: 10px;\n\t\t\t\t\ttext-align: center;\n\t\t\t\t\twidth: 33%;\n\t\t\t\t}\n\t\t\t\t#gallery-2 img {\n\t\t\t\t\tborder: 2px solid #cfcfcf;\n\t\t\t\t}\n\t\t\t\t#gallery-2 .gallery-caption {\n\t\t\t\t\tmargin-left: 0;\n\t\t\t\t}\n\t\t\t\t\/* see gallery_shortcode() in wp-includes\/media.php *\/\n\t\t\t<\/style>\n\t\t<div id='gallery-2' class='dt-gallery-container gallery galleryid-293354 gallery-columns-3 gallery-size-thumbnail'><dl class='gallery-item'>\n\t\t\t\t<dt class='gallery-icon landscape'>\n\t\t\t\t\t<a class=\"rollover rollover-zoom dt-pswp-item\" title=\"d33138d5-bebe-402d-8e19-611d5262a065\" data-dt-img-description=\"\" data-large_image_width=\"610\" data-large_image_height=\"353\"href='https:\/\/www.radiopiu.net\/wordpress\/wp-content\/uploads\/2022\/08\/d33138d5-bebe-402d-8e19-611d5262a065.jpg'><img loading=\"lazy\" decoding=\"async\" width=\"150\" height=\"150\" src=\"https:\/\/www.radiopiu.net\/wordpress\/wp-content\/uploads\/2022\/08\/d33138d5-bebe-402d-8e19-611d5262a065-150x150.jpg\" class=\"attachment-thumbnail size-thumbnail\" alt=\"\" \/><\/a>\n\t\t\t\t<\/dt><\/dl><dl class='gallery-item'>\n\t\t\t\t<dt class='gallery-icon landscape'>\n\t\t\t\t\t<a class=\"rollover rollover-zoom dt-pswp-item\" title=\"e5728958-dbaf-4b13-b5ef-7e4ab00f32e7\" data-dt-img-description=\"\" data-large_image_width=\"612\" data-large_image_height=\"358\"href='https:\/\/www.radiopiu.net\/wordpress\/wp-content\/uploads\/2022\/08\/e5728958-dbaf-4b13-b5ef-7e4ab00f32e7.jpg'><img loading=\"lazy\" decoding=\"async\" width=\"150\" height=\"150\" src=\"https:\/\/www.radiopiu.net\/wordpress\/wp-content\/uploads\/2022\/08\/e5728958-dbaf-4b13-b5ef-7e4ab00f32e7-150x150.jpg\" class=\"attachment-thumbnail size-thumbnail\" alt=\"\" \/><\/a>\n\t\t\t\t<\/dt><\/dl><dl class='gallery-item'>\n\t\t\t\t<dt class='gallery-icon landscape'>\n\t\t\t\t\t<a class=\"rollover rollover-zoom dt-pswp-item\" title=\"6e006161-314c-44b0-a859-de73d5608c92\" data-dt-img-description=\"\" data-large_image_width=\"604\" data-large_image_height=\"363\"href='https:\/\/www.radiopiu.net\/wordpress\/wp-content\/uploads\/2022\/08\/6e006161-314c-44b0-a859-de73d5608c92.jpg'><img loading=\"lazy\" decoding=\"async\" width=\"150\" height=\"150\" src=\"https:\/\/www.radiopiu.net\/wordpress\/wp-content\/uploads\/2022\/08\/6e006161-314c-44b0-a859-de73d5608c92-150x150.jpg\" class=\"attachment-thumbnail size-thumbnail\" alt=\"\" \/><\/a>\n\t\t\t\t<\/dt><\/dl><br style=\"clear: both\" \/><dl class='gallery-item'>\n\t\t\t\t<dt class='gallery-icon landscape'>\n\t\t\t\t\t<a class=\"rollover rollover-zoom dt-pswp-item\" title=\"3495010b-f4a7-418a-9945-d072d726d2ec\" data-dt-img-description=\"\" data-large_image_width=\"606\" data-large_image_height=\"352\"href='https:\/\/www.radiopiu.net\/wordpress\/wp-content\/uploads\/2022\/08\/3495010b-f4a7-418a-9945-d072d726d2ec.jpg'><img loading=\"lazy\" decoding=\"async\" width=\"150\" height=\"150\" src=\"https:\/\/www.radiopiu.net\/wordpress\/wp-content\/uploads\/2022\/08\/3495010b-f4a7-418a-9945-d072d726d2ec-150x150.jpg\" class=\"attachment-thumbnail size-thumbnail\" alt=\"\" \/><\/a>\n\t\t\t\t<\/dt><\/dl><dl class='gallery-item'>\n\t\t\t\t<dt class='gallery-icon landscape'>\n\t\t\t\t\t<a class=\"rollover rollover-zoom dt-pswp-item\" title=\"01340d58-1f3e-4ed0-8090-aa440e0e928d\" data-dt-img-description=\"\" data-large_image_width=\"607\" data-large_image_height=\"365\"href='https:\/\/www.radiopiu.net\/wordpress\/wp-content\/uploads\/2022\/08\/01340d58-1f3e-4ed0-8090-aa440e0e928d.jpg'><img loading=\"lazy\" decoding=\"async\" width=\"150\" height=\"150\" src=\"https:\/\/www.radiopiu.net\/wordpress\/wp-content\/uploads\/2022\/08\/01340d58-1f3e-4ed0-8090-aa440e0e928d-150x150.jpg\" class=\"attachment-thumbnail size-thumbnail\" alt=\"\" \/><\/a>\n\t\t\t\t<\/dt><\/dl><dl class='gallery-item'>\n\t\t\t\t<dt class='gallery-icon landscape'>\n\t\t\t\t\t<a class=\"rollover rollover-zoom dt-pswp-item\" title=\"420e573a-73f5-4659-ad97-df0cc54364d6\" data-dt-img-description=\"\" data-large_image_width=\"604\" data-large_image_height=\"358\"href='https:\/\/www.radiopiu.net\/wordpress\/wp-content\/uploads\/2022\/08\/420e573a-73f5-4659-ad97-df0cc54364d6.jpg'><img loading=\"lazy\" decoding=\"async\" width=\"150\" height=\"150\" src=\"https:\/\/www.radiopiu.net\/wordpress\/wp-content\/uploads\/2022\/08\/420e573a-73f5-4659-ad97-df0cc54364d6-150x150.jpg\" class=\"attachment-thumbnail size-thumbnail\" alt=\"\" \/><\/a>\n\t\t\t\t<\/dt><\/dl><br style=\"clear: both\" \/>\n\t\t\t<\/div>\n\n<p>&nbsp;<\/p>\n<p>&nbsp;<\/p>\n<hr \/>\n<p>&nbsp;<\/p>\n<blockquote class=\"wp-embedded-content\" data-secret=\"hPo4weYXXB\"><p><a href=\"https:\/\/www.radiopiu.net\/wordpress\/parte-12\/\">E SE DIVENTASSI INFERMIERE ANCHE TU? &#8211; pagina in aggiornamento quotidiano<\/a><\/p><\/blockquote>\n<p><iframe loading=\"lazy\" class=\"wp-embedded-content\" sandbox=\"allow-scripts\" security=\"restricted\" style=\"position: absolute; clip: rect(1px, 1px, 1px, 1px);\" title=\"&#8220;E SE DIVENTASSI INFERMIERE ANCHE TU? &#8211; pagina in aggiornamento quotidiano&#8221; &#8212; Radio Pi\u00f9\" src=\"https:\/\/www.radiopiu.net\/wordpress\/parte-12\/embed\/#?secret=26lyxOKdW8#?secret=hPo4weYXXB\" data-secret=\"hPo4weYXXB\" width=\"600\" height=\"338\" frameborder=\"0\" marginwidth=\"0\" marginheight=\"0\" scrolling=\"no\"><\/iframe><\/p>\n<p>&nbsp;<\/p>\n<hr \/>\n<p>&nbsp;<\/p>\n<blockquote>\n<h3>INCONTINENZA URINARIA: INSIEME SI PUO\u2019 MIGLIORARE<\/h3>\n<\/blockquote>\n<p><strong><a class=\"dt-pswp-item\" href=\"https:\/\/www.radiopiu.net\/wordpress\/wp-content\/uploads\/2022\/08\/IMG-3556-scaled.jpg\" data-dt-img-description=\"\" data-large_image_width=\"1920\" data-large_image_height=\"2560\"><img loading=\"lazy\" decoding=\"async\" class=\"size-thumbnail wp-image-293445 alignleft\" src=\"https:\/\/www.radiopiu.net\/wordpress\/wp-content\/uploads\/2022\/08\/IMG-3556-150x150.jpg\" alt=\"\" width=\"150\" height=\"150\" \/><\/a>BELLUNO <\/strong>Insieme contro l\u2019incontinenza. La Riabilitazione di Feltre sta ottenendo buoni risultati, riconosciuti dalle pazienti, sul tema del contrasto all\u2019incontinenza urinaria. L\u2019incontinenza urinaria \u00e8 la perdita involontaria di urina. Si stima che circa una donna su tre soffra di questo disturbo. Le donne sono maggiormente colpite rispetto agli uomini sia per questioni anatomiche sia perch\u00e9 il parto e le gravidanze predispongono a questi problemi. Inoltre, nelle donne in menopausa, sia la vescica che l\u2019uretra, gli organi che regolano la minzione, subiscono delle trasformazioni a seguito delle variazioni ormonali. L\u2019incontinenza pu\u00f2 manifestarsi a qualsiasi et\u00e0: in donne giovanissime (in circa il 20% dei casi i disturbi compaiono addirittura prima dei 30 anni ed in oltre il 40% dei casi il sintomo si manifesta tra i 30 e i 50 anni), ma il disturbo \u00e8 certamente pi\u00f9 diffuso nelle donne dopo i 60 anni. L\u2019Unit\u00e0 Operativa di Riabilitazione di Feltre e Lamon da qualche anno si occupa del percorso riabilitativo del pavimento pelvico con lo scopo di aiutare le donne a recuperare una abilit\u00e0 in parte perduta, facilitandole nella PRESA DI COSCIENZA dell&#8217;attivit\u00e0 muscolare globale e perineale. L\u2019equipe dedicata \u00e8 formata da una fisiatra e da quattro fisioterapiste che si rivolgono alle donne attraverso un approccio multidisciplinare, partendo dall&#8217;analisi posturale globale (orientamento globale della persona nello spazio, postura, deambulazione, respirazione), fino ad arrivare all&#8217;esercizio fisioterapico mirato del pavimento pelvico, in un percorso che conduca dal trattamento individuale, mediante sedute personalizzate (anche mediante l&#8217;utilizzo di terapie strumentali specifiche), al trattamento in gruppo in ambiente esterno. L\u2019attivit\u00e0 di questa equipe \u00e8 svolta in ambienti riservati. Vi sono delle liste dedicate presso il Centro Unico di Prenotazione cui si accede con impegnativa del medico in cui sia specificato il problema.<\/p>\n<p>&nbsp;<\/p>\n<p>&nbsp;<\/p>\n<hr \/>\n<p>&nbsp;<\/p>\n<blockquote>\n<h3><strong>SICUREZZA URBANA: BANDO 2022 PER CONTRIBUTI AGLI ENTI LOCALI<\/strong><\/h3>\n<\/blockquote>\n<p><strong><a class=\"dt-pswp-item\" href=\"https:\/\/www.radiopiu.net\/wordpress\/wp-content\/uploads\/2022\/08\/VIDEOSORVEGLIANZA.png\" data-dt-img-description=\"\" data-large_image_width=\"1146\" data-large_image_height=\"884\"><img loading=\"lazy\" decoding=\"async\" class=\"size-thumbnail wp-image-293411 alignleft\" src=\"https:\/\/www.radiopiu.net\/wordpress\/wp-content\/uploads\/2022\/08\/VIDEOSORVEGLIANZA-150x150.png\" alt=\"\" width=\"150\" height=\"150\" \/><\/a>VENEZIA <\/strong>La Giunta regionale ha approvato il bando 2022 riguardante l\u2019accesso ai contributi destinati agli enti locali per l\u2019implementazione e il potenziamento di sistemi di videosorveglianza, nonch\u00e9 di mezzi e di dotazioni strumentali della polizia locale. Si tratta di contributi rivolti a progetti di investimento per l\u2019adeguamento tecnologico, tecnico-strumentale, organizzativo e logistico delle polizie locali e per ottimizzare e potenziare la funzionalit\u00e0 e l\u2019interoperabilit\u00e0 degli apparati di sicurezza con sistemi tecnologicamente avanzati di controllo visivo di telesorveglianza e servizi informatici per la sicurezza. Possono presentare domanda le Unioni di Comuni con popolazione complessiva non inferiore a 15.000 abitanti, le Unioni Montane con popolazione complessiva non inferiore a 5.000 abitanti, gli Enti locali capofila di convenzione con altri enti aventi una popolazione complessiva non inferiore a 15.000 abitanti, i Consorzi con popolazione complessiva non inferiore a 15.000 abitanti, i Comuni con popolazione di almeno 20.000 abitanti, i Comuni Capoluoghi di provincia, le Province e la Citt\u00e0 metropolitana. A pena di inammissibilit\u00e0, le forme associative tra enti locali devono essere state istituite entro il 31\/12\/2021 e la gestione unitaria o associata della funzione di polizia locale deve essere gi\u00e0 concretamente operativa alla data di presentazione della domanda. Tra i progetti a cui sono destinati i contributi, rientrano: il ripristino della piena funzionalit\u00e0 e implementazione dei sistemi di videosorveglianza, l\u2019approntamento o implementazione di sistemi tecnologicamente avanzati per il controllo visivo di telesorveglianza o di sistemi informatici per la sicurezza presso le centrali operative uniche della polizia locale, l\u2019acquisto di mezzi mobili, cartelli di segnaletica verticale per zone sottoposte a controllo di vicinato e strumenti operativi per la Polizia Locale.<\/p>\n<p>&nbsp;<\/p>\n<p>&nbsp;<\/p>\n<hr \/>\n<p>&nbsp;<\/p>\n<blockquote>\n<h3>TURISMO: ASSUNZIONI IN CRESCITA NEI PRIMI SETTE MESI DEL 2022<b><br \/>\n<\/b><\/h3>\n<\/blockquote>\n<p><strong><a class=\"dt-pswp-item\" href=\"https:\/\/www.radiopiu.net\/wordpress\/wp-content\/uploads\/2020\/05\/ristorante.jpg\" data-dt-img-description=\"\" data-large_image_width=\"1920\" data-large_image_height=\"1280\"><img loading=\"lazy\" decoding=\"async\" class=\"size-thumbnail wp-image-137077 alignleft\" src=\"https:\/\/www.radiopiu.net\/wordpress\/wp-content\/uploads\/2020\/05\/ristorante-150x150.jpg\" alt=\"\" width=\"150\" height=\"150\" \/><\/a>VENEZIA <\/strong>Il 2022 si sta rivelando un anno particolarmente positivo per il settore turistico veneto, sia in termini di presenze che sul versante occupazionale. Se da un lato, secondo i dati del Sistema Statistico Regionale, nei primi cinque mesi dell\u2019anno le presenze turistiche sono pi\u00f9 che triplicate rispetto allo scorso anno, dall\u2019altro l\u2019analisi di Veneto Lavoro sulla domanda di lavoro nel settore turistico rileva come tra gennaio e luglio si siano registrate oltre 103.000 assunzioni, con una crescita pari al +2,4% rispetto allo stesso periodo del 2019, anno record per l\u2019occupazione regionale. La crescita ha interessato soprattutto i rapporti di lavoro stagionali, che valgono il 52% del totale e che sono aumentati del +12%, mentre quelli non stagionali hanno registrato una flessione pari al -6%. Tra gli stagionali, l\u2019incremento \u00e8 stato significativo anche per i giovani (+16%) e ha riguardato tanto gli italiani (+11,3%) quanto gli stranieri (+13,8%). Le figure pi\u00f9 ricercate sono quelle dei camerieri (12.865 assunzioni, +15,6% rispetto al 2019), dei cuochi (6.954) e dei baristi (5.481), ma a crescere maggiormente rispetto a tre anni fa \u00e8 stata la richiesta di bagnini (+41,1%) e addetti al banco nei servizi di ristorazione (+20,6%). Le province di Belluno, Venezia e Verona hanno attivato circa l\u201980% dei flussi complessivi di assunzione e mostrano percentuali di crescita rispettivamente del +6,2%, +4,1% e +4,5%. L\u2019andamento positivo dell\u2019occupazione non riguarda solo il settore turistico ma l\u2019intero mercato del lavoro regionale. Come evidenziato nell\u2019ultimo numero della \u201cBussola\u201d, nei primi sette mesi del 2022 si \u00e8 registrato un saldo positivo per oltre 78.200 posti di lavoro dipendente, con un volume di assunzioni in crescita del 25% rispetto al 2021 e superiore anche al 2019.<\/p>\n<p>&nbsp;<\/p>\n<p>&nbsp;<\/p>\n<hr \/>\n<p>&nbsp;<\/p>\n<blockquote>\n<h3>PNRR, IN VENETO OLTRE 180 MILIONI PER ASILI NIDO E SCUOLE DELL\u2019INFANZIA<\/h3>\n<\/blockquote>\n<p><strong>ROMA <\/strong>Sono state pubblicate le graduatorie\u00a0degli avvisi pubblici\u00a0relativi\u00a0ad asili nido e scuole dell\u2019infanzia con i progetti di\u00a0investimento che verranno finanziati con le\u00a0risorse europee\u00a0<em>Next Generation EU<\/em>, stanziate nell\u2019ambito delle azioni per il potenziamento dei servizi d\u2019istruzione del Piano Nazionale di Ripresa e Resilienza (PNRR).\u00a0 \u00a0In Veneto\u00a0sono destinati complessivamente\u00a0180.225.438,12 euro\u00a0per un totale di\u00a0114 interventi per scuole dell\u2019infanzia e per asili nido e poli dell\u2019infanzia\u00a0per l\u2019intera fascia di et\u00e0 0-6 anni.\u00a0 \u00a0La pubblicazione delle graduatorie conclude la prima fase dell\u2019azione del PNRR per gli asili nido e le scuole e i servizi educativi per l\u2019infanzia.<\/p>\n<p>&nbsp;<\/p>\n<p>&nbsp;<\/p>\n<hr \/>\n<p>&nbsp;<\/p>\n<blockquote>\n<h3>20 AGOSTO, LA COMMEMORAZIONE DELL&#8217;ECCIDIO NAZISTA IN VALLE DEL BIOIS<\/h3>\n<\/blockquote>\n<p><strong>VALLE DEL BIOIS<\/strong> Domani la giornata del ricordo dei tragici fatti del 20 agosto 1944 in Valle del Biois, alla presenza dei sindaci Flavio Colcergnan, Mauro Salvaterra, Fabio Fernando Luchetta.<\/p>\n<p><a class=\"dt-pswp-item\" href=\"https:\/\/www.radiopiu.net\/wordpress\/wp-content\/uploads\/2022\/08\/VALLADA.jpg\" data-dt-img-description=\"\" data-large_image_width=\"158\" data-large_image_height=\"153\"><img loading=\"lazy\" decoding=\"async\" class=\"alignnone size-thumbnail wp-image-293249\" src=\"https:\/\/www.radiopiu.net\/wordpress\/wp-content\/uploads\/2022\/08\/VALLADA-150x150.jpg\" alt=\"\" width=\"150\" height=\"150\" \/><\/a><\/p>\n<p><strong><span dir=\"ltr\" role=\"presentation\">VALLADA AGORDINA <\/span><\/strong><span dir=\"ltr\" role=\"presentation\">Alle 15 <\/span><span dir=\"ltr\" role=\"presentation\">S. Messa nella Chiesa di San Simon. <\/span><span dir=\"ltr\" role=\"presentation\">Saluto del Sindaco di Vallada Agordina Fabio Ferdinando Luchetta. <\/span><span dir=\"ltr\" role=\"presentation\">A seguire deposizione di una corona presso il cippo in ricordo<\/span> <span dir=\"ltr\" role=\"presentation\">del Sen. Attilio TISSI <\/span><span dir=\"ltr\" role=\"presentation\">in Localit\u00e0 San Simon.<\/span><\/p>\n<p><a class=\"dt-pswp-item\" href=\"https:\/\/www.radiopiu.net\/wordpress\/wp-content\/uploads\/2022\/08\/CANALE.jpg\" data-dt-img-description=\"\" data-large_image_width=\"130\" data-large_image_height=\"152\"><img loading=\"lazy\" decoding=\"async\" class=\"alignnone size-thumbnail wp-image-293248\" src=\"https:\/\/www.radiopiu.net\/wordpress\/wp-content\/uploads\/2022\/08\/CANALE-130x150.jpg\" alt=\"\" width=\"130\" height=\"150\" \/><\/a><br role=\"presentation\" \/><br role=\"presentation\" \/><strong><span dir=\"ltr\" role=\"presentation\">CANALE D\u2019AGORDO <\/span><\/strong><span dir=\"ltr\" role=\"presentation\">Alle <\/span><span dir=\"ltr\" role=\"presentation\">\u00a016:20<\/span> <span dir=\"ltr\" role=\"presentation\">Saluto del Sindaco di Canale d&#8217;Agordo Flavio Colcergnan, a<\/span><span dir=\"ltr\" role=\"presentation\"> seguire deposizione corona presso il monumento dei Caduti nel Cimitero di <\/span><span dir=\"ltr\" role=\"presentation\">Canale d\u2019Agordo.<\/span><\/p>\n<p><a class=\"dt-pswp-item\" href=\"https:\/\/www.radiopiu.net\/wordpress\/wp-content\/uploads\/2022\/08\/FALCADE.jpg\" data-dt-img-description=\"\" data-large_image_width=\"100\" data-large_image_height=\"138\"><img loading=\"lazy\" decoding=\"async\" class=\"alignnone size-full wp-image-293247\" src=\"https:\/\/www.radiopiu.net\/wordpress\/wp-content\/uploads\/2022\/08\/FALCADE.jpg\" alt=\"\" width=\"100\" height=\"138\" \/><\/a><br role=\"presentation\" \/><br role=\"presentation\" \/><strong><span dir=\"ltr\" role=\"presentation\">FALCADE Alle <\/span><\/strong><span dir=\"ltr\" role=\"presentation\">17<\/span>\u00a0<span dir=\"ltr\" role=\"presentation\">Alzabandiera in Piazza S. Pertini a Caviola.\u00a0 <\/span><span dir=\"ltr\" role=\"presentation\">Deposizione mazzo di fiori al monumento in Piazza S. Pertini.\u00a0 <\/span><span dir=\"ltr\" role=\"presentation\">Corteo e deposizione corona presso la lapide in Piazza XX Agosto a Caviola.\u00a0 <\/span><span dir=\"ltr\" role=\"presentation\">Saluto del Sindaco di Falcade Mauro Salvaterra. <\/span><span dir=\"ltr\" role=\"presentation\">Deposizione corona al cippo dei fucilati di Falcade sulla Piana.\u00a0 <\/span><span dir=\"ltr\" role=\"presentation\">Deposizione di un mazzo di fiori al Monumento del Generale TILMAN a Molino.<\/span><\/p>\n<p>&nbsp;<\/p>\n<p><strong>DAL NOTIZIARIO DI RADIO PIU&#8217; DEL 13 AGOSTO 2022, IL SINDACO DI CANALE D&#8217;AGORDO FLAVIO COLCERGNAN<\/strong><\/p>\n<audio class=\"wp-audio-shortcode\" id=\"audio-293354-3\" preload=\"none\" style=\"width: 100%;\" controls=\"controls\"><source type=\"audio\/mpeg\" src=\"https:\/\/www.radiopiu.net\/wordpress\/wp-content\/uploads\/2022\/08\/FLAVIO.mp3?_=3\" \/><a href=\"https:\/\/www.radiopiu.net\/wordpress\/wp-content\/uploads\/2022\/08\/FLAVIO.mp3\">https:\/\/www.radiopiu.net\/wordpress\/wp-content\/uploads\/2022\/08\/FLAVIO.mp3<\/a><\/audio>\n<p>&nbsp;<\/p>\n<p><strong>DAL CORRIERE DELLE ALPI, DI GIANNI SANTOMASO<\/strong><\/p>\n<audio class=\"wp-audio-shortcode\" id=\"audio-293354-4\" preload=\"none\" style=\"width: 100%;\" controls=\"controls\"><source type=\"audio\/mpeg\" src=\"https:\/\/www.radiopiu.net\/wordpress\/wp-content\/uploads\/2022\/08\/GIANNI-COMMEMORAZIONI-VAL-BIOIS.mp3?_=4\" \/><a href=\"https:\/\/www.radiopiu.net\/wordpress\/wp-content\/uploads\/2022\/08\/GIANNI-COMMEMORAZIONI-VAL-BIOIS.mp3\">https:\/\/www.radiopiu.net\/wordpress\/wp-content\/uploads\/2022\/08\/GIANNI-COMMEMORAZIONI-VAL-BIOIS.mp3<\/a><\/audio>\n<p>&nbsp;<\/p>\n<hr \/>\n<p>&nbsp;<\/p>\n<blockquote>\n<h3>CORSO DI ALPINISMO CON IL CAI DI AGORDO<\/h3>\n<\/blockquote>\n<p><strong><a class=\"dt-pswp-item\" href=\"https:\/\/www.radiopiu.net\/wordpress\/wp-content\/uploads\/2020\/04\/cai-agordo.jpg\" data-dt-img-description=\"\" data-large_image_width=\"297\" data-large_image_height=\"170\"><img loading=\"lazy\" decoding=\"async\" class=\"wp-image-127841 alignleft\" src=\"https:\/\/www.radiopiu.net\/wordpress\/wp-content\/uploads\/2020\/04\/cai-agordo.jpg\" alt=\"\" width=\"147\" height=\"84\" \/><\/a>AGORDO<\/strong> Per la prima volta la Sezione Agordina con la Scuola di Alpinismo e Scialpinismo propone un CORSO DI ALPINISMO BASE (A1). Corso introduttivo rivolto principalmente a chi vuole iniziare a frequentare l\u2019alta montagna e l\u2019ambiente alpino in generale, in modo cosciente e responsabile, senza trascurarne gli aspetti culturali ed ambientali. Il corso prevede l\u2019insegnamento, attraverso lezioni teoriche ed uscite pratiche in ambiente, delle tecniche di base per la progressione su roccia, neve e ghiaccio, con particolare riferimento ai comportamenti idonei per ridurre il rischio di incidenti. \u00c8 necessaria un\u2019adeguata preparazione fisica. Il corso si terr\u00e0 nei mesi di settembre ed ottobre. Costo 150 euro, iscrizioni tramite mail a agordo@cai.it. Per informazioni 347 9812340<\/p>\n<p>&nbsp;<\/p>\n<hr \/>\n<p>&nbsp;<\/p>\n<blockquote>\n<h3>CIME D&#8217;AUTA, OMAGGIO AI PROTAGONISTI DELL&#8217;ALPINISMO<\/h3>\n<\/blockquote>\n<p><strong>di GIANNI SANTOMASO<\/strong><\/p>\n<p><strong><a class=\"dt-pswp-item\" href=\"https:\/\/www.radiopiu.net\/wordpress\/wp-content\/uploads\/2022\/08\/GUIDO.jpg\" data-dt-img-description=\"\" data-large_image_width=\"266\" data-large_image_height=\"233\"><img loading=\"lazy\" decoding=\"async\" class=\"size-thumbnail wp-image-293505 alignleft\" src=\"https:\/\/www.radiopiu.net\/wordpress\/wp-content\/uploads\/2022\/08\/GUIDO-150x150.jpg\" alt=\"\" width=\"150\" height=\"150\" \/><\/a>FALCADE<\/strong> Un significativo momento di omaggio a tanti protagonisti dell&#8217;alpinismo sulle Cime d&#8217;Auta, e non solo, in un accogliente e splendido scenario delle Dolomiti agordine. \u00c8 l&#8217;incontro alpinistico, promosso nel particolare ricordo di Emilio Marmolada e Guido Pagani, recentemente scomparsi, dai Gruppi rocciatori Val Bi\u00f3is e Crodaioli dell&#8217;Auta e dal Cai, che si svolger\u00e0 domenica alle 10.30, al rifugio Baita dei cacciatori sulle Cime d&#8217;Auta. Dopo la messa celebrata da don Bruno De Lazzer, ci sar\u00e0 l&#8217;inaugurazione di un pannello storico, curato da Bepi Pellegrinon. &#8211;<\/p>\n<p><strong>DAL NOTIZIARIO DELLO SCORSO 26 FEBBRAIO<\/strong><\/p>\n<audio class=\"wp-audio-shortcode\" id=\"audio-293354-5\" preload=\"none\" style=\"width: 100%;\" controls=\"controls\"><source type=\"audio\/mpeg\" src=\"https:\/\/www.radiopiu.net\/wordpress\/wp-content\/uploads\/2022\/02\/gianni-ricordo-guido-pagani.mp3?_=5\" \/><a href=\"https:\/\/www.radiopiu.net\/wordpress\/wp-content\/uploads\/2022\/02\/gianni-ricordo-guido-pagani.mp3\">https:\/\/www.radiopiu.net\/wordpress\/wp-content\/uploads\/2022\/02\/gianni-ricordo-guido-pagani.mp3<\/a><\/audio>\n<p>&nbsp;<\/p>\n<p><strong>DAL NOTIZIARIO DEL 4 LUGLIO<\/strong><\/p>\n<p><strong><a class=\"dt-pswp-item\" href=\"https:\/\/www.radiopiu.net\/wordpress\/wp-content\/uploads\/2022\/07\/asdasd.jpg\" data-dt-img-description=\"\" data-large_image_width=\"209\" data-large_image_height=\"254\"><img loading=\"lazy\" decoding=\"async\" class=\"size-thumbnail wp-image-285226 alignleft\" src=\"https:\/\/www.radiopiu.net\/wordpress\/wp-content\/uploads\/2022\/07\/asdasd-150x150.jpg\" alt=\"\" width=\"150\" height=\"150\" \/><\/a>FALCADE<\/strong> Emilio Marmolada si \u00e8 spento a 84 anni, ex maresciallo della Guardia di Finanza verr\u00e0 ricordato perch\u00e9 tra i promotori del Soccorso Alpino delle Fiamme Gialle. E&#8217; stato uno degli importanti istruttori di sci delle Fiamme Gialle.<\/p>\n<p><em><strong>Dalla Famiglia<\/strong> &#8220;En gran gramaze a tuti chi che vol cio part al funeral. Se vole fa n valch. enveze de fior, l&#8217;avaria volu na donazion a fin de ben&#8221;\u00a0<\/em><\/p>\n<p>&nbsp;<\/p>\n<p>&nbsp;<\/p>\n<p>&nbsp;<\/p>\n<hr \/>\n<p>&nbsp;<\/p>\n<div class=\"page-title-head hgroup\">\n<blockquote>\n<h3 class=\"entry-title\">I BIGLIETTI VINCENTI DELLA LOTTERIA DELLA FESTA DEL CACCIATORE A CANALE D\u2019AGORDO<\/h3>\n<\/blockquote>\n<\/div>\n<div class=\"page-title-breadcrumbs\">\n<p><strong>REDAZIONE<\/strong> Ecco l&#8217;elenco dei biglietti vincenti della Lotteria abbinata alla Festa del Cacciatore di Canale D&#8217;Agordo.<\/p>\n<a href=\"https:\/\/www.radiopiu.net\/wordpress\/wp-content\/uploads\/2022\/08\/DOC-20220814-WA0014.pdf\" class=\"pdfemb-viewer\" style=\"\" data-width=\"max\" data-height=\"max\" data-toolbar=\"top\" data-toolbar-fixed=\"on\">DOC-20220814-WA0014<\/a>\n<p>&nbsp;<\/p>\n<\/div>\n<p>&nbsp;<\/p>\n<p>&nbsp;<\/p>\n<hr \/>\n<p>&nbsp;<\/p>\n<blockquote>\n<h2><a class=\"dt-pswp-item\" href=\"https:\/\/www.radiopiu.net\/wordpress\/wp-content\/uploads\/2022\/08\/aaa-7.jpg\" data-dt-img-description=\"\" data-large_image_width=\"553\" data-large_image_height=\"181\"><img loading=\"lazy\" decoding=\"async\" class=\"wp-image-291465 size-medium alignleft\" src=\"https:\/\/www.radiopiu.net\/wordpress\/wp-content\/uploads\/2022\/08\/aaa-7-300x98.jpg\" alt=\"\" width=\"300\" height=\"98\" srcset=\"https:\/\/www.radiopiu.net\/wordpress\/wp-content\/uploads\/2022\/08\/aaa-7-300x98.jpg 300w, https:\/\/www.radiopiu.net\/wordpress\/wp-content\/uploads\/2022\/08\/aaa-7.jpg 553w\" sizes=\"auto, (max-width: 300px) 100vw, 300px\" \/><\/a>MUSICA LIVE ESTATE 22&#8230;E CHE MUSICA!<\/h2>\n<\/blockquote>\n<p>IN PIAZZA A CANALE D&#8217;AGORDO, TRE APPUNTAMENTI PER RENDERE PIU&#8217; FRIZZANTE LA TUA ESTATE.<br \/>\nDomani dalle 21, THE JB BAND I grandi successi dei Blues Brothers insieme a brani culto degli anni 60-70-80. GRAN FINALE SABATO 27 AGOSTO alle 21 con lo spettacolo dei TIRATAIE, perch\u00e9 sulla loro piazza sanno dare sempre il meglio.\u00a0 CANALE D&#8217;AGORDO, ESTATE 22 IN PIAZZA&#8230; VI TENIAMO D&#8217;OCCHIO&#8230; PARDON D&#8217;ORECCHIO.<\/p>\n<p><strong><span style=\"color: #ff0000;\">ALLA RADIO, THE VOICE MORENO TOCCHETTO<\/span><\/strong><\/p>\n<audio class=\"wp-audio-shortcode\" id=\"audio-293354-6\" preload=\"none\" style=\"width: 100%;\" controls=\"controls\"><source type=\"audio\/mpeg\" src=\"https:\/\/www.radiopiu.net\/wordpress\/wp-content\/uploads\/2022\/08\/MUSICA-CANALE-LUGLIO-22.mp3?_=6\" \/><a href=\"https:\/\/www.radiopiu.net\/wordpress\/wp-content\/uploads\/2022\/08\/MUSICA-CANALE-LUGLIO-22.mp3\">https:\/\/www.radiopiu.net\/wordpress\/wp-content\/uploads\/2022\/08\/MUSICA-CANALE-LUGLIO-22.mp3<\/a><\/audio>\n<p>&nbsp;<\/p>\n<hr \/>\n<p>&nbsp;<\/p>\n<blockquote>\n<h2><strong><a class=\"dt-pswp-item\" href=\"https:\/\/www.radiopiu.net\/wordpress\/wp-content\/uploads\/2022\/08\/7ea48a6c-63a0-4ed2-b46f-e11dcd93f648.jpg\" data-dt-img-description=\"\" data-large_image_width=\"1368\" data-large_image_height=\"1026\"><img loading=\"lazy\" decoding=\"async\" class=\"wp-image-291515 alignleft\" src=\"https:\/\/www.radiopiu.net\/wordpress\/wp-content\/uploads\/2022\/08\/7ea48a6c-63a0-4ed2-b46f-e11dcd93f648-1024x768.jpg\" alt=\"\" width=\"218\" height=\"164\" srcset=\"https:\/\/www.radiopiu.net\/wordpress\/wp-content\/uploads\/2022\/08\/7ea48a6c-63a0-4ed2-b46f-e11dcd93f648-1024x768.jpg 1024w, https:\/\/www.radiopiu.net\/wordpress\/wp-content\/uploads\/2022\/08\/7ea48a6c-63a0-4ed2-b46f-e11dcd93f648-300x225.jpg 300w, https:\/\/www.radiopiu.net\/wordpress\/wp-content\/uploads\/2022\/08\/7ea48a6c-63a0-4ed2-b46f-e11dcd93f648-768x576.jpg 768w, https:\/\/www.radiopiu.net\/wordpress\/wp-content\/uploads\/2022\/08\/7ea48a6c-63a0-4ed2-b46f-e11dcd93f648.jpg 1368w\" sizes=\"auto, (max-width: 218px) 100vw, 218px\" \/><\/a><\/strong><\/h2>\n<h2>DOMENICA 21 AGOSTO A PIAN DE LE FEMENE IL RICORDO<\/h2>\n<\/blockquote>\n<p>&nbsp;<\/p>\n<p><strong>BELLUNO<\/strong><\/p>\n<p><strong>DI ROBERTO BONA<\/strong><\/p>\n<p><strong>AUDIO\u00a0<\/strong><\/p>\n<audio class=\"wp-audio-shortcode\" id=\"audio-293354-7\" preload=\"none\" style=\"width: 100%;\" controls=\"controls\"><source type=\"audio\/mpeg\" src=\"https:\/\/www.radiopiu.net\/wordpress\/wp-content\/uploads\/2022\/08\/ROBERTO-BONA.mp3?_=7\" \/><a href=\"https:\/\/www.radiopiu.net\/wordpress\/wp-content\/uploads\/2022\/08\/ROBERTO-BONA.mp3\">https:\/\/www.radiopiu.net\/wordpress\/wp-content\/uploads\/2022\/08\/ROBERTO-BONA.mp3<\/a><\/audio>\n<p>&nbsp;<\/p>\n<hr \/>\n<p>&nbsp;<\/p>\n<blockquote>\n<h3>LE MUSE E LE DOLOMITI A CAVIOLA<\/h3>\n<\/blockquote>\n<p><strong>LO SPOT ALLA RADIO<\/strong><\/p>\n<audio class=\"wp-audio-shortcode\" id=\"audio-293354-8\" preload=\"none\" style=\"width: 100%;\" controls=\"controls\"><source type=\"audio\/mpeg\" src=\"https:\/\/www.radiopiu.net\/wordpress\/wp-content\/uploads\/2022\/08\/MUSE-SCHERZO-INGEGNOSO.mp3?_=8\" \/><a href=\"https:\/\/www.radiopiu.net\/wordpress\/wp-content\/uploads\/2022\/08\/MUSE-SCHERZO-INGEGNOSO.mp3\">https:\/\/www.radiopiu.net\/wordpress\/wp-content\/uploads\/2022\/08\/MUSE-SCHERZO-INGEGNOSO.mp3<\/a><\/audio>\n<p>&nbsp;<\/p>\n<hr \/>\n<p>&nbsp;<\/p>\n<blockquote>\n<h3>SABEDA ITE VILA A ROCCA PIETORE<\/h3>\n<\/blockquote>\n<p><strong>ROCCA PIETORE<\/strong> L&#8217;associazione Borgo di Sottoguda e il comune di Rocca Pietore organizzano &#8220;Sabeda ite vila&#8221;, il mercatino contadino in programma domani dalle 10 in poi.<\/p>\n<p>&nbsp;<\/p>\n<p>&nbsp;<\/p>\n<hr \/>\n<p>&nbsp;<\/p>\n<blockquote>\n<h3>SAMMY BASSO ALLA CASA DELLA GIOVENTU&#8217; DI CAVIOLA<\/h3>\n<\/blockquote>\n<blockquote>\n<h3><a class=\"dt-pswp-item\" href=\"https:\/\/www.radiopiu.net\/wordpress\/wp-content\/uploads\/2022\/08\/7b787b16-6edf-4c1a-aa5c-e8a910bc97fa.jpg\" data-dt-img-description=\"\" data-large_image_width=\"1131\" data-large_image_height=\"1600\"><img loading=\"lazy\" decoding=\"async\" class=\"size-thumbnail wp-image-293047 alignleft\" src=\"https:\/\/www.radiopiu.net\/wordpress\/wp-content\/uploads\/2022\/08\/7b787b16-6edf-4c1a-aa5c-e8a910bc97fa-150x150.jpg\" alt=\"\" width=\"150\" height=\"150\" \/><\/a><\/h3>\n<\/blockquote>\n<p><strong>FALCADE <\/strong>Si intitola &#8220;Il Sorriso Dei Guerrieri&#8221; la serata organizzata per domani alle 20 alla casa della giovent\u00f9 di Caviola. Protagonisti Sammy Basso, Simonetta Borsatti e Andrea Boccaglioni. Il ricavato della serata verr\u00e0 devoluto all&#8217;Associazione Italiana Progeria Sammy Basso APS Onlus. Organizza la Pro Loco di Canale D&#8217;Agordo.<\/p>\n<p>&nbsp;<\/p>\n<p><strong>FRANZ COSTA, AMICO DI SAMMY, SIMONETTA E ANDREA TRA GLI ORGANIZZATORI DELL&#8217;EVENTO<\/strong><\/p>\n<audio class=\"wp-audio-shortcode\" id=\"audio-293354-9\" preload=\"none\" style=\"width: 100%;\" controls=\"controls\"><source type=\"audio\/mpeg\" src=\"https:\/\/www.radiopiu.net\/wordpress\/wp-content\/uploads\/2022\/08\/FRNZ-COSTA.mp3?_=9\" \/><a href=\"https:\/\/www.radiopiu.net\/wordpress\/wp-content\/uploads\/2022\/08\/FRNZ-COSTA.mp3\">https:\/\/www.radiopiu.net\/wordpress\/wp-content\/uploads\/2022\/08\/FRNZ-COSTA.mp3<\/a><\/audio>\n<p>&nbsp;<\/p>\n<hr \/>\n<p>&nbsp;<\/p>\n<blockquote>\n<h3>IL LIBRO DI PAOLA FAVERO A CAMPEDEL DI TAIBON<\/h3>\n<\/blockquote>\n<p><strong>TAIBON<\/strong> \u00c8 in programma stasera alle 20:45 presso la piazzetta di Campedel a Taibon Agordino la presentazione del libro di Paola Favero dal titolo &#8220;Ama Dablam, la perla dell&#8217;Himalaya&#8221;. Il volume racconta di villaggi, templi e montagne spettacolari dalla Civetta al Nepal. In caso di maltempo l&#8217;evento verr\u00e0 spostato a domani allo stesso orario. Organizzano i Castelani di Taibon.<\/p>\n<a href=\"https:\/\/www.radiopiu.net\/wordpress\/wp-content\/uploads\/2022\/08\/DOC-20220808-WA0002..pdf\" class=\"pdfemb-viewer\" style=\"\" data-width=\"max\" data-height=\"max\" data-toolbar=\"top\" data-toolbar-fixed=\"on\">DOC-20220808-WA0002.<\/a>\n<p>&nbsp;<\/p>\n<hr \/>\n<p>&nbsp;<\/p>\n<blockquote>\n<h3>A MALGA CIAPELA APRES-TREKKING CON IL GROP DE BAL MARMOLEDA<\/h3>\n<\/blockquote>\n<p><strong>ROCCA PIETORE <\/strong>Domani, presso il Bar Funivia di Malga Ciapela si terr\u00e0 l&#8217;evento &#8220;Apr\u00e8s-trekking con il Grop de Bal Marmol\u00e8da&#8221;.\u00a0 In caso di maltempo l&#8217;evento sar\u00e0 annullato.<\/p>\n<p>&nbsp;<\/p>\n<p>&nbsp;<\/p>\n<hr \/>\n<p>&nbsp;<\/p>\n<blockquote>\n<h3>APPUNTAMENTO IN MUSICA A VAL DI ZOLDO<\/h3>\n<\/blockquote>\n<p><strong><a class=\"dt-pswp-item\" href=\"https:\/\/www.radiopiu.net\/wordpress\/wp-content\/uploads\/2022\/08\/MIchele-Gazich-e-Gualtiero-Bertelli-protagonisti-dei-concerti-previsti-in-Zoldo-giovedi\u0300-e-venerdi\u0300.jpg\" data-dt-img-description=\"\" data-large_image_width=\"1079\" data-large_image_height=\"720\"><img loading=\"lazy\" decoding=\"async\" class=\"size-thumbnail wp-image-293303 alignleft\" src=\"https:\/\/www.radiopiu.net\/wordpress\/wp-content\/uploads\/2022\/08\/MIchele-Gazich-e-Gualtiero-Bertelli-protagonisti-dei-concerti-previsti-in-Zoldo-giovedi\u0300-e-venerdi\u0300-150x150.jpg\" alt=\"\" width=\"150\" height=\"150\" \/><\/a>VAL DI ZOLDO<\/strong> Canzoni scritte appositamente per raccontare \u2018la vita intorno a Mattio\u2019: le storie minute, che si susseguivano nella montagna bellunese, e specificamente nella valle di Zoldo, ai tempi di Mattio Lovat, protagonista del romanzo storico di Sebastiano Vassalli; ma anche per parlarci in musica della \u2018grande storia\u2019, quella fissata nei manuali scolastici, degli avvenimenti dell\u2019epoca, fine \u2018700- inizi \u2018800; i progressi scientifici, i cambiamenti culturali, l\u2019evoluzione delle condizioni dei lavoratori e delle donne. Oggi si cambia musica, sempre nel nome di Sebastiano Vassalli e della follia, passando dall\u2019ex manicomio di San Servolo, dove anche i personaggi di Vassalli conclusero la loro vita. Andra\u0300 in scena infatti Michele Gazich (voce, viola e violino; con Marco Lamberti a chitarra, 2 voce, bouzouki) che sara\u0300 protagonista del concerto \u2018Temuto come grido&#8217;.<\/p>\n<p>&nbsp;<\/p>\n<p>&nbsp;<\/p>\n<hr \/>\n<p>&nbsp;<\/p>\n<blockquote>\n<h3>IL SUONO MAGICO DEL LEGNO<\/h3>\n<\/blockquote>\n<p><strong>ROCCA PIETORE<\/strong> Domani a Sottoguda \u00e8 in programma &#8220;Il Suono Magico Del Legno&#8221; con il complesso Rita Muro Trio con &#8220;A Tempo di Musica&#8221;. Inizio alle 16 con entrata a offerta libera.<\/p>\n<p>&nbsp;<\/p>\n<p>&nbsp;<\/p>\n<hr \/>\n<p>&nbsp;<\/p>\n<blockquote>\n<h3>I FUOCHI SUL LAGO DI ALLEGHE<\/h3>\n<\/blockquote>\n<p><strong>ALLEGHE<\/strong> Domani tornano i fuochi artificiali sul lago di Alleghe. L&#8217;appuntamento \u00e8 per le 22:30 con l&#8217;inizio dei giochi di luce che si rifletteranno sull&#8217;acqua del lago, uno spettacolo unico.<\/p>\n<p>&nbsp;<\/p>\n<p>&nbsp;<\/p>\n<hr \/>\n<p>&nbsp;<\/p>\n<blockquote>\n<h3>&#8220;RESTATE IN CITTA'&#8221;, IL TERZO APPUNTAMENTO<\/h3>\n<\/blockquote>\n<p><strong>BELLUNO<\/strong> Prosegue con entusiasmo la rassegna &#8220;REstate in Citta\u0300&#8221;, in programma a Belluno fino al 1\u00b0 settembre, ricca di concerti e visite guidate, che stanno animando con successo il tempo estivo bellunese. Oggi, sara\u0300 possibile partecipare a un concerto nel salone nobile del Museo di Palazzo Fulcis, alle ore 20.45, dal titolo &#8220;Lo scherzo ingegnoso dell\u2019arte. Forme strumentali dal barocco alla classicita\u0300&#8221;. Per partecipare e\u0300 necessaria la prenotazione, al numero 0437 913323. Invece martedi\u0300 23 agosto vedra\u0300 protagonista Villa Barpo Miari Zampieri, in localita\u0300 Cor. Si comincia con una visita guidata, accessibile in due turni, a cura dell&#8217;associazione Borgo Piave ETC aps, che condurra\u0300, con la consueta accuratezza, proprio alla scoperta della villa. Il primo turno, per un massimo di venti persone, partira\u0300 alle 16.00, mentre il secondo, per altre venti persone, alle 17.30. L&#8217;ingresso e\u0300 a offerta libera e e\u0300 necessaria la prenotazione, da farsi scrivendo all&#8217;email borgopiaveetc@gmail.com<\/p>\n<p>&nbsp;<\/p>\n<p>&nbsp;<\/p>\n<hr \/>\n<p>&nbsp;<\/p>\n<blockquote>\n<h3>INTE N CADIN DE MUSCO, LA PRESENTAZIONE DEL LIBRO DOMENICA AD AGORDO<\/h3>\n<\/blockquote>\n<p><strong><a class=\"dt-pswp-item\" href=\"https:\/\/www.radiopiu.net\/wordpress\/wp-content\/uploads\/2022\/08\/17fc7e2a-a6af-40fd-88a2-bb7ac0ebcade.jpg\" data-dt-img-description=\"\" data-large_image_width=\"1185\" data-large_image_height=\"1600\"><img loading=\"lazy\" decoding=\"async\" class=\"alignleft wp-image-293467 \" src=\"https:\/\/www.radiopiu.net\/wordpress\/wp-content\/uploads\/2022\/08\/17fc7e2a-a6af-40fd-88a2-bb7ac0ebcade-222x300.jpg\" alt=\"\" width=\"135\" height=\"182\" srcset=\"https:\/\/www.radiopiu.net\/wordpress\/wp-content\/uploads\/2022\/08\/17fc7e2a-a6af-40fd-88a2-bb7ac0ebcade-222x300.jpg 222w, https:\/\/www.radiopiu.net\/wordpress\/wp-content\/uploads\/2022\/08\/17fc7e2a-a6af-40fd-88a2-bb7ac0ebcade-758x1024.jpg 758w, https:\/\/www.radiopiu.net\/wordpress\/wp-content\/uploads\/2022\/08\/17fc7e2a-a6af-40fd-88a2-bb7ac0ebcade-768x1037.jpg 768w, https:\/\/www.radiopiu.net\/wordpress\/wp-content\/uploads\/2022\/08\/17fc7e2a-a6af-40fd-88a2-bb7ac0ebcade-1138x1536.jpg 1138w, https:\/\/www.radiopiu.net\/wordpress\/wp-content\/uploads\/2022\/08\/17fc7e2a-a6af-40fd-88a2-bb7ac0ebcade.jpg 1185w\" sizes=\"auto, (max-width: 135px) 100vw, 135px\" \/><\/a>AGORDO<\/strong> Domenica alle 12 sotto al tendone sul Broi di Agordo, in occasione del Palio dei Cento, ci sar\u00e0 la presentazione della nuova pubblicazione dell&#8217;Union dei ladin de Agort dal titolo &#8220;Inte n cadin de musco&#8221;. Il libro parla dei particolari e della vita di ogni frazione di Agordo ed \u00e8 strutturato su 31 interviste. Libro in bilingua, agordino e italiano.<\/p>\n<p><strong>L&#8217;INVITO DI DAVIDE CONEDERA<\/strong><\/p>\n<audio class=\"wp-audio-shortcode\" id=\"audio-293354-10\" preload=\"none\" style=\"width: 100%;\" controls=\"controls\"><source type=\"audio\/mpeg\" src=\"https:\/\/www.radiopiu.net\/wordpress\/wp-content\/uploads\/2022\/08\/DAVIDE-CONEDERA-LIBRO.mp3?_=10\" \/><a href=\"https:\/\/www.radiopiu.net\/wordpress\/wp-content\/uploads\/2022\/08\/DAVIDE-CONEDERA-LIBRO.mp3\">https:\/\/www.radiopiu.net\/wordpress\/wp-content\/uploads\/2022\/08\/DAVIDE-CONEDERA-LIBRO.mp3<\/a><\/audio>\n<p>&nbsp;<\/p>\n<p>&nbsp;<\/p>\n<hr \/>\n<p>&nbsp;<\/p>\n<blockquote>\n<h3>UNA DOMENICA A TEATRO ALLA CASA DELLA GIOVENTU&#8217; DI CAVIOLA<\/h3>\n<\/blockquote>\n<p><strong>FALCADE<\/strong> \u00c8 in programma per domenica 21 agosto alle 21 presso la Casa della Guiovent\u00f9 di Caviola lo spettacolo teatrale &#8220;Na Soluzion Quasi Perfeta&#8221;, una commedia brillante-comica a cura di Giuseppina Cattaneo. Organizzano la Filodrammatica di Falcade Alto in collaborazione con la parrocchia di Falcade-Caviola.<\/p>\n<p>&nbsp;<\/p>\n<p>&nbsp;<\/p>\n<hr \/>\n<p>&nbsp;<\/p>\n<blockquote>\n<h3>DUGONE, IL TORNEO DI GREEN VOLLEY A CENCENIGHE<\/h3>\n<\/blockquote>\n<p><strong>CENCENIGHE<\/strong> U.S. Cencenighe, Comune e Pro Loco organizzano per domenica 21 agosto un torneo di green volley agli impianti sportivi. Due categorie: Senior dai 15 anni in su e Junior dai 9 ai 14 anni. In serata aperitivo con Oh Per Bacco e musica con DJ Jack. Per info ed iscrizioni scrivere a dugone.torneogreenvolly@gmail.com iscrizioni entro il 19 agosto.<\/p>\n<p>&nbsp;<\/p>\n<p>&nbsp;<\/p>\n<hr \/>\n<p>&nbsp;<\/p>\n<blockquote>\n<h3>LA FESTA DEI 100 ANNI DEL GRUPPO SPORTIVO FRASSENE&#8217;<\/h3>\n<\/blockquote>\n<p><strong><a class=\"dt-pswp-item\" href=\"https:\/\/www.radiopiu.net\/wordpress\/wp-content\/uploads\/2022\/08\/Schermata-2022-08-04-alle-12.23.41.png\" data-dt-img-description=\"\" data-large_image_width=\"1336\" data-large_image_height=\"1014\"><img loading=\"lazy\" decoding=\"async\" class=\"alignleft wp-image-290914 \" src=\"https:\/\/www.radiopiu.net\/wordpress\/wp-content\/uploads\/2022\/08\/Schermata-2022-08-04-alle-12.23.41-300x228.png\" alt=\"\" width=\"158\" height=\"120\" srcset=\"https:\/\/www.radiopiu.net\/wordpress\/wp-content\/uploads\/2022\/08\/Schermata-2022-08-04-alle-12.23.41-300x228.png 300w, https:\/\/www.radiopiu.net\/wordpress\/wp-content\/uploads\/2022\/08\/Schermata-2022-08-04-alle-12.23.41-1024x777.png 1024w, https:\/\/www.radiopiu.net\/wordpress\/wp-content\/uploads\/2022\/08\/Schermata-2022-08-04-alle-12.23.41-768x583.png 768w, https:\/\/www.radiopiu.net\/wordpress\/wp-content\/uploads\/2022\/08\/Schermata-2022-08-04-alle-12.23.41.png 1336w\" sizes=\"auto, (max-width: 158px) 100vw, 158px\" \/><\/a>VOLTAGO <\/strong>1922-2022 il primo secolo di vita del Gruppo Sportivo Frassen\u00e8: tre giorni di eventi al tendone nel parcheggio della chiesa. Venerdi&#8217; 9 settembre alle 18 apertura stand gastronomico e serata musicale con Sabrina Silvestrin. Sabato 10 voli panoramici in elicottero dalle 10 alle 15 e, fino alle 17 mercatini dell&#8217;artigianato, dalle 10 torneo di calcio del Poi, a mezzogiorno stand gastronomico, 16.30 Frassene&#8217; Cross, gare podistiche non competitive, 17 aperitivo con DJ Morgan e Battaglia, 19 cena e premiazioni, dalle 21 serata musicale con I Riflesso, chiusura con DJ Morgan e Battaglia. Domenica 11 alle 10 mostra sui 100 anni del Gruppo Sportivo Frassene&#8217; presso l&#8217;ex scuola Paolo Mosca, 11 sfilata dei gruppi associativi per le vie del paese, 12.30 pranzo, 15 presentazione libro &#8220;Il Primo Secolo Di Vita&#8221;. Il ricavato sar\u00e0 devoluto al Gruppo Sportivo Frasssen\u00e8.<\/p>\n<p>&nbsp;<\/p>\n<hr \/>\n<p>&nbsp;<\/p>\n<blockquote>\n<h3>LA MOSTRA FILATELICA PER PAPA LUCIANI<\/h3>\n<\/blockquote>\n<p><strong>CANALE D&#8217;AGORDO<\/strong> \u00c8 di prossima apertura della mostra filatelica su Papa Luciani, dal 18 agosto all&#8217;11 settembre presso la sala consiliare del municipio di Canale d&#8217;Agordo. La mostra osserver\u00e0 i seguenti orari: Tutti i giorni 16.30-18.30. Venerd\u00ec, sabato e domenica anche 10.00-12.00. Ricordiamo, in particolare, domenica 4 settembre l&#8217;annullo filatelico speciale dalle ore 10.00 alle ore 14.00, presso la sala consiliare, in concomitanza con la cerimonia ufficiale di beatificazione di Papa Luciani.<\/p>\n<p>&nbsp;<\/p>\n<p>&nbsp;<\/p>\n<hr \/>\n<p>&nbsp;<\/p>\n<p>&nbsp;<\/p>\n<blockquote>\n<h2>ALLA SERSA IL CONCORSO PER OSS<\/h2>\n<\/blockquote>\n<p><a class=\"dt-pswp-item\" href=\"https:\/\/www.radiopiu.net\/wordpress\/wp-content\/uploads\/2020\/12\/casa-di-riposo-sersa-belluno.jpg\" data-dt-img-description=\"\" data-large_image_width=\"1599\" data-large_image_height=\"1200\"><img loading=\"lazy\" decoding=\"async\" class=\"size-thumbnail wp-image-182373 alignleft\" src=\"https:\/\/www.radiopiu.net\/wordpress\/wp-content\/uploads\/2020\/12\/casa-di-riposo-sersa-belluno-150x150.jpg\" alt=\"\" width=\"150\" height=\"150\" \/><\/a>&#8220;Ser.S.A. Srl, Servizi Sociali Assistenziali, ha indetto un concorso per personale con titolo di Operatore Socio Sanitario. Sono ammessi alla selezione anche candidati in possesso di un certificato di iscrizione e frequenza ad un corso OSS. Le assunzioni saranno a tempo determinato o indeterminato, con trattamento economico previsto dalle norme contrattuali del CCNL Enti Locali. Requisiti: cittadinanza italiana, europea o possesso di regolare permesso di soggiorno, et\u00e0 non inferiore a 18 anni, titolo di operatore socio sanitario o, in alternativa, certificato di iscrizione e frequenza ad un corso OSS riconosciuto dalla Regione del Veneto. Il bando \u00e8 scaricabile dal sito di Ser.S.A.. La presentazione della domanda va effettuata agli uffici di Via Andrea Alpago a Belluno (telefono 0437273511) o tramite posta elettronica certificata all&#8217;indirizzo: <span dir=\"ltr\" role=\"presentation\"><a class=\"moz-txt-link-abbreviated\" href=\"mailto:sersa@pec.sersa.it\">sersa@pec.sersa.it<\/a> entro le ore 12 del 9 settembre 2022.&#8221;<\/span><\/p>\n<p>&nbsp;<\/p>\n<hr \/>\n<p>&nbsp;<\/p>\n<blockquote>\n<h3>DODICI ANNI FA LA TRAGICA SCOMPARSA, IN PUGLIA DI DON FRANCESCO CASSOL RICORDATO IN UN LIBRO<\/h3>\n<\/blockquote>\n<p><b>DI RENATO BONA<\/b><\/p>\n<p>\u201cLa notte del 22 agosto 2010 un colpo di fucile interrompe bruscamente la vita di don Francesco Cassol, sacerdote bellunese, in cammino nelle Murge baresi con un gruppo di goumiers. Don Francesco, sacerdote, parroco, scout, goumier, uomo, ha tracciato un percorso indelebile nelle persone che lo hanno conosciuto\u201d. Cos\u00ec si legge nella quarta di copertina del volumetto (piccolo per dimensioni ma grande per contenuti che riguardano una persona-sacerdote autenticamente speciale) \u201cLa traccia di don Francesco\u201d, con scritti di don Cassol, curato da Andrea Padoin e Marco Perale e stampato dalla bellunese tipografia Piave nell\u2019agosto 2011, nel primo anniversario del \u201critorno di don Francesco alla casa del Padre\u201d e, seconda edizione, nel giugno 2012 in occasione dell\u2019intitolazione della \u201cCasera i Ronch-Bivacco don Francesco Cassol\u201d. Chi stende queste note ha acquisito il libretto in questione visitando il mercatino che Elisa Dalla Rossa (con il ben noto entusiasmo che caratterizza questa ed altre sue iniziative a favore dell\u2019Associazione Yolandre del Madagascar per realizzare il progetto di una scuola dell\u2019infanzia da costruire a favore di bambini di genitori single, progetto nato da un\u2019idea di Gilda, una ragazza malgascia, conosciuta da Elisa in occasione di una vacanza a Nosy Be) ha allestito nell\u2019ex negozio di barbiere della via Rialto nel centro di Belluno. Ed ha cos\u00ec potuto riandare alla tragica notizia di dodici anni fa quando un bracconiere uccise con un colpo di fucile don Francesco Cassol che (insieme ad alcuni giovani stava vivendo un\u2019esperienza di preghiera e cammino nel parco nazionale dell\u2019Alta Murgia) dormiva all\u2019aperto in un sacco a pelo, avendolo scambiato per un cinghiale (e per questo \u00e8 stato condannato dal Tribunale di Altamura ad un anno e sette mesi di reclusione).<br \/>\nLa preziosa pubblicazione (il ricavato dalla vendita sar\u00e0 devoluto a progetti di carit\u00e0 vicini a don Francesco Cassol), introdotta da Daniele Casanova, responsabile di zona di Agesci Belluno e da Aldo De Menech, commissario di distretto Pse Belluno-Trentino Alto Adige, e presentata dall\u2019allora vescovo di Belluno-Feltre monsignor Giuseppe Andrich, si apre con un\u2019immagine del sacerdote bellunese (nato il 23 luglio 1958, terzo di sei fratelli) in Puglia, alla partenza del suo ultimo Goum il 18 agosto 2010 ed \u00e8 articolata in questi capitoli: \u201cAmore di Dio\u201d, \u201cAmore\u201d, \u201cComunit\u00e0\u201d, \u201cDono\u201d, \u201cMissione\u201d, \u201cPreghiera\u201d, \u201cSacerdozio\u201d, \u201cServizio\u201d, \u201cConclusione\u201d. Marcvo Perale evidenzia fra l\u00ecaltro di don Francesco \u201cUna vocaziuoner alk sdervizio che si \u00e8 sviluppatys all\u2019interno dello scopiutrismo, dove ha seguito l\u2019intgero itinerarioi dfi formazioner, da lupetto fino a diventare Capo, prima nell\u2019Asci, e poi nell\u2019Agesci (di cui \u00e8 stato assistente ecclesiastico di zona daL 1985) fino all\u2019ultimo incarico di Assistente del Distretto di BellunO-Trentino Alto Adige dell\u2019Associazione Italiana Guide e Scouts d\u2019Europa Cattolici Fse). Una vocazione \u2013 sottolinea \u2013 che ha avuto tra i suoi punti di riferimento costanti San Francesco e Charles de Foucauld\u201d.<br \/>\nIl curriculum del sacerdote tragicamente scomparso ricorda che \u00e8 stato ordinato sacerdote il 16 aprile 1983 con prima nomina pastorale a Limana quale vicario parrocchiale; nel 1985 divenne vice direttore del Centro di spiritualit\u00e0 \u201cPapa Luciani\u201d di Col Cumano di Santa Giustina; fu anche vice assistente dei Giovani e dell\u2019Azione cattolica ragazzi, assistente diocesano degli universitari, segretario del consiglio presbiterale della Diocesi, insegnante di religione all\u2019istituto magistrale \u201cRenier\u201d di Belluno, vicario episcopale per la pastorale e si occup\u00f2 dell\u2019organizzazione della Missione per il Giubileo del 2000 in ambito diocesano. Ancora: ha svolto servizio pastorale anche nelle parrocchie di Roe di Sedico e a San Gregorio nelle Alpi: si avvicin\u00f2 alla comunit\u00e0 terapeutica \u201cFraternit\u00e0\u201d di Landris di Sedico di cui divenne animatore e poi presidente; coordinatore degli uffici di Curia e segretario del sinodo diocesano. Risale al 2005 la nomina ad arciprete di Longarone e parroco di Igne ed Ospitale di Cadore oltre che vicario foraneo della Forania di Longarone e di Pieve di Zoldo. Ha collaborato al progetto del \u201cCammino delle Dolomiti\u201d di cui &#8211; era il marzo 2010 &#8211; era divenuto coordinatore per gli aspetti legati alla spiritualit\u00e0. La sua formazione scout lo aveva portato dagli anni Novanta &#8211; citiamo ancora Perale &#8211; a contatto con la spiritualit\u00e0 del \u201cGoum\u201d, un\u2019esperienza di cammino fisico e spirituale essenziale e comunitario, che guido poi numerose volte in Francia ed in Italia. Fino alla tragica notte del 22 agosto 2012\u2026<br \/>\nConcludiamo ricordando che domenica 17 giugno 2012 si era svolta, con larga partecipazione, la cerimonia di dedicazione della casera I Ronch a don Francesco Cassol, presenti oltre 200 persone provenienti da tre localit\u00e0 diverse: Col di Roanza, Case Bortot e Caiada, salite alla casera (di propriet\u00e0 del Comune di Belluno) sul versante settentrionale del monte Serva, nel Parco Nazionale Dolomiti Bellunesi.<\/p>\n\n\t\t\t<style type='text\/css'>\n\t\t\t\t#gallery-3 {\n\t\t\t\t\tmargin: auto;\n\t\t\t\t}\n\t\t\t\t#gallery-3 .gallery-item {\n\t\t\t\t\tfloat: left;\n\t\t\t\t\tmargin-top: 10px;\n\t\t\t\t\ttext-align: center;\n\t\t\t\t\twidth: 16%;\n\t\t\t\t}\n\t\t\t\t#gallery-3 img {\n\t\t\t\t\tborder: 2px solid #cfcfcf;\n\t\t\t\t}\n\t\t\t\t#gallery-3 .gallery-caption {\n\t\t\t\t\tmargin-left: 0;\n\t\t\t\t}\n\t\t\t\t\/* see gallery_shortcode() in wp-includes\/media.php *\/\n\t\t\t<\/style>\n\t\t<div id='gallery-3' class='dt-gallery-container gallery galleryid-293354 gallery-columns-6 gallery-size-thumbnail'><dl class='gallery-item'>\n\t\t\t\t<dt class='gallery-icon portrait'>\n\t\t\t\t\t<a class=\"rollover rollover-zoom dt-pswp-item\" title=\"299863544_809403010066525_7959285366000621254_n\" data-dt-img-description=\"\" data-large_image_width=\"314\" data-large_image_height=\"480\"href='https:\/\/www.radiopiu.net\/wordpress\/wp-content\/uploads\/2022\/08\/299863544_809403010066525_7959285366000621254_n.jpg'><img loading=\"lazy\" decoding=\"async\" width=\"150\" height=\"150\" src=\"https:\/\/www.radiopiu.net\/wordpress\/wp-content\/uploads\/2022\/08\/299863544_809403010066525_7959285366000621254_n-150x150.jpg\" class=\"attachment-thumbnail size-thumbnail\" alt=\"\" \/><\/a>\n\t\t\t\t<\/dt><\/dl><dl class='gallery-item'>\n\t\t\t\t<dt class='gallery-icon portrait'>\n\t\t\t\t\t<a class=\"rollover rollover-zoom dt-pswp-item\" title=\"299642966_1844269379298221_1799986486208520163_n\" data-dt-img-description=\"\" data-large_image_width=\"301\" data-large_image_height=\"640\"href='https:\/\/www.radiopiu.net\/wordpress\/wp-content\/uploads\/2022\/08\/299642966_1844269379298221_1799986486208520163_n.jpg'><img loading=\"lazy\" decoding=\"async\" width=\"150\" height=\"150\" src=\"https:\/\/www.radiopiu.net\/wordpress\/wp-content\/uploads\/2022\/08\/299642966_1844269379298221_1799986486208520163_n-150x150.jpg\" class=\"attachment-thumbnail size-thumbnail\" alt=\"\" \/><\/a>\n\t\t\t\t<\/dt><\/dl><dl class='gallery-item'>\n\t\t\t\t<dt class='gallery-icon landscape'>\n\t\t\t\t\t<a class=\"rollover rollover-zoom dt-pswp-item\" title=\"299613013_1787292114939213_6190795532163775353_n\" data-dt-img-description=\"\" data-large_image_width=\"407\" data-large_image_height=\"403\"href='https:\/\/www.radiopiu.net\/wordpress\/wp-content\/uploads\/2022\/08\/299613013_1787292114939213_6190795532163775353_n.jpg'><img loading=\"lazy\" decoding=\"async\" width=\"150\" height=\"150\" src=\"https:\/\/www.radiopiu.net\/wordpress\/wp-content\/uploads\/2022\/08\/299613013_1787292114939213_6190795532163775353_n-150x150.jpg\" class=\"attachment-thumbnail size-thumbnail\" alt=\"\" srcset=\"https:\/\/www.radiopiu.net\/wordpress\/wp-content\/uploads\/2022\/08\/299613013_1787292114939213_6190795532163775353_n-150x150.jpg 150w, https:\/\/www.radiopiu.net\/wordpress\/wp-content\/uploads\/2022\/08\/299613013_1787292114939213_6190795532163775353_n-300x297.jpg 300w, https:\/\/www.radiopiu.net\/wordpress\/wp-content\/uploads\/2022\/08\/299613013_1787292114939213_6190795532163775353_n.jpg 407w\" sizes=\"auto, (max-width: 150px) 100vw, 150px\" \/><\/a>\n\t\t\t\t<\/dt><\/dl><dl class='gallery-item'>\n\t\t\t\t<dt class='gallery-icon landscape'>\n\t\t\t\t\t<a class=\"rollover rollover-zoom dt-pswp-item\" title=\"299709670_493657159157160_2720799210411425909_n\" data-dt-img-description=\"\" data-large_image_width=\"578\" data-large_image_height=\"403\"href='https:\/\/www.radiopiu.net\/wordpress\/wp-content\/uploads\/2022\/08\/299709670_493657159157160_2720799210411425909_n.jpg'><img loading=\"lazy\" decoding=\"async\" width=\"150\" height=\"150\" src=\"https:\/\/www.radiopiu.net\/wordpress\/wp-content\/uploads\/2022\/08\/299709670_493657159157160_2720799210411425909_n-150x150.jpg\" class=\"attachment-thumbnail size-thumbnail\" alt=\"\" \/><\/a>\n\t\t\t\t<\/dt><\/dl><dl class='gallery-item'>\n\t\t\t\t<dt class='gallery-icon portrait'>\n\t\t\t\t\t<a class=\"rollover rollover-zoom dt-pswp-item\" title=\"299372308_801335997542970_7953574218083661173_n\" data-dt-img-description=\"\" data-large_image_width=\"320\" data-large_image_height=\"402\"href='https:\/\/www.radiopiu.net\/wordpress\/wp-content\/uploads\/2022\/08\/299372308_801335997542970_7953574218083661173_n.jpg'><img loading=\"lazy\" decoding=\"async\" width=\"150\" height=\"150\" src=\"https:\/\/www.radiopiu.net\/wordpress\/wp-content\/uploads\/2022\/08\/299372308_801335997542970_7953574218083661173_n-150x150.jpg\" class=\"attachment-thumbnail size-thumbnail\" alt=\"\" \/><\/a>\n\t\t\t\t<\/dt><\/dl><dl class='gallery-item'>\n\t\t\t\t<dt class='gallery-icon landscape'>\n\t\t\t\t\t<a class=\"rollover rollover-zoom dt-pswp-item\" title=\"300147617_638778047386749_4853423395259675766_n\" data-dt-img-description=\"\" data-large_image_width=\"625\" data-large_image_height=\"403\"href='https:\/\/www.radiopiu.net\/wordpress\/wp-content\/uploads\/2022\/08\/300147617_638778047386749_4853423395259675766_n.jpg'><img loading=\"lazy\" decoding=\"async\" width=\"150\" height=\"150\" src=\"https:\/\/www.radiopiu.net\/wordpress\/wp-content\/uploads\/2022\/08\/300147617_638778047386749_4853423395259675766_n-150x150.jpg\" class=\"attachment-thumbnail size-thumbnail\" alt=\"\" \/><\/a>\n\t\t\t\t<\/dt><\/dl><br style=\"clear: both\" \/><dl class='gallery-item'>\n\t\t\t\t<dt class='gallery-icon landscape'>\n\t\t\t\t\t<a class=\"rollover rollover-zoom dt-pswp-item\" title=\"299471012_448910507285621_7538937953055357249_n\" data-dt-img-description=\"\" data-large_image_width=\"597\" data-large_image_height=\"403\"href='https:\/\/www.radiopiu.net\/wordpress\/wp-content\/uploads\/2022\/08\/299471012_448910507285621_7538937953055357249_n.jpg'><img loading=\"lazy\" decoding=\"async\" width=\"150\" height=\"150\" src=\"https:\/\/www.radiopiu.net\/wordpress\/wp-content\/uploads\/2022\/08\/299471012_448910507285621_7538937953055357249_n-150x150.jpg\" class=\"attachment-thumbnail size-thumbnail\" alt=\"\" \/><\/a>\n\t\t\t\t<\/dt><\/dl><dl class='gallery-item'>\n\t\t\t\t<dt class='gallery-icon portrait'>\n\t\t\t\t\t<a class=\"rollover rollover-zoom dt-pswp-item\" title=\"299365250_787598952663599_1404444668969022443_n\" data-dt-img-description=\"\" data-large_image_width=\"324\" data-large_image_height=\"403\"href='https:\/\/www.radiopiu.net\/wordpress\/wp-content\/uploads\/2022\/08\/299365250_787598952663599_1404444668969022443_n.jpg'><img loading=\"lazy\" decoding=\"async\" width=\"150\" height=\"150\" src=\"https:\/\/www.radiopiu.net\/wordpress\/wp-content\/uploads\/2022\/08\/299365250_787598952663599_1404444668969022443_n-150x150.jpg\" class=\"attachment-thumbnail size-thumbnail\" alt=\"\" \/><\/a>\n\t\t\t\t<\/dt><\/dl><dl class='gallery-item'>\n\t\t\t\t<dt class='gallery-icon portrait'>\n\t\t\t\t\t<a class=\"rollover rollover-zoom dt-pswp-item\" title=\"299886898_450660383742666_8731626283293204928_n\" data-dt-img-description=\"\" data-large_image_width=\"313\" data-large_image_height=\"403\"href='https:\/\/www.radiopiu.net\/wordpress\/wp-content\/uploads\/2022\/08\/299886898_450660383742666_8731626283293204928_n.jpg'><img loading=\"lazy\" decoding=\"async\" width=\"150\" height=\"150\" src=\"https:\/\/www.radiopiu.net\/wordpress\/wp-content\/uploads\/2022\/08\/299886898_450660383742666_8731626283293204928_n-150x150.jpg\" class=\"attachment-thumbnail size-thumbnail\" alt=\"\" \/><\/a>\n\t\t\t\t<\/dt><\/dl><dl class='gallery-item'>\n\t\t\t\t<dt class='gallery-icon landscape'>\n\t\t\t\t\t<a class=\"rollover rollover-zoom dt-pswp-item\" title=\"298365783_626071069035456_8101631000372736879_n\" data-dt-img-description=\"\" data-large_image_width=\"452\" data-large_image_height=\"403\"href='https:\/\/www.radiopiu.net\/wordpress\/wp-content\/uploads\/2022\/08\/298365783_626071069035456_8101631000372736879_n.jpg'><img loading=\"lazy\" decoding=\"async\" width=\"150\" height=\"150\" src=\"https:\/\/www.radiopiu.net\/wordpress\/wp-content\/uploads\/2022\/08\/298365783_626071069035456_8101631000372736879_n-150x150.jpg\" class=\"attachment-thumbnail size-thumbnail\" alt=\"\" \/><\/a>\n\t\t\t\t<\/dt><\/dl><dl class='gallery-item'>\n\t\t\t\t<dt class='gallery-icon portrait'>\n\t\t\t\t\t<a class=\"rollover rollover-zoom dt-pswp-item\" title=\"299864443_1029436637768948_5519724751612283093_n\" data-dt-img-description=\"\" data-large_image_width=\"314\" data-large_image_height=\"480\"href='https:\/\/www.radiopiu.net\/wordpress\/wp-content\/uploads\/2022\/08\/299864443_1029436637768948_5519724751612283093_n.jpg'><img loading=\"lazy\" decoding=\"async\" width=\"150\" height=\"150\" src=\"https:\/\/www.radiopiu.net\/wordpress\/wp-content\/uploads\/2022\/08\/299864443_1029436637768948_5519724751612283093_n-150x150.jpg\" class=\"attachment-thumbnail size-thumbnail\" alt=\"\" \/><\/a>\n\t\t\t\t<\/dt><\/dl>\n\t\t\t\t<br style='clear: both' \/>\n\t\t\t<\/div>\n\n<p>NELLE FOTO (riproduzioni da \u201cLa traccia di don Francesco\u201d e del depliant dell\u2019Associazione Yolandre): la copertina della pubblicazione curata da Andrea Padoin e Marco Perale; ragazzi del Madagascar per i quali \u00e8 impegnata l\u2019associazione Yolandre che a Belluno ha quale referente Elisa Dalla Rossa; don Francesco in Puglia alla partenza del suo ultimo Goum il 18 agosto 2010; il giorno della prima comunione; ai tempi del seminario; coi genitori il giorno dell\u2019ordinazione sacerdotale il 16 aprile 1983; don Cassol con una \u201ccoccinella\u201d degli Scout d\u2019Europa; Arson di Feltre. Benedizione della Croce eretta dal Masci; 15 agosto 2010: ultima messa al campo scout del Reparto Belluno 3; il monolite eretto sul luogo dove don Francesco \u00e8 stato ucciso.<\/p>\n<p>&nbsp;<\/p>\n<p>&nbsp;<\/p>\n<p>&nbsp;<\/p>\n<hr \/>\n<p>&nbsp;<\/p>\n<div>\n<div class=\"b654a4as d2edcug0\">\n<div class=\"rq0escxv hkbzh7o3 jwdofwj8 n8tt0mok r8blr3vg hyh9befq\">\n<p><a class=\"dt-pswp-item\" href=\"https:\/\/www.radiopiu.net\/wordpress\/wp-content\/uploads\/2020\/10\/pp.jpg\" data-dt-img-description=\"\" data-large_image_width=\"640\" data-large_image_height=\"640\"><img loading=\"lazy\" decoding=\"async\" class=\"wp-image-163678 alignleft\" src=\"https:\/\/www.radiopiu.net\/wordpress\/wp-content\/uploads\/2020\/10\/pp-300x300.jpg\" alt=\"\" width=\"106\" height=\"106\" srcset=\"https:\/\/www.radiopiu.net\/wordpress\/wp-content\/uploads\/2020\/10\/pp-300x300.jpg 300w, https:\/\/www.radiopiu.net\/wordpress\/wp-content\/uploads\/2020\/10\/pp-150x150.jpg 150w, https:\/\/www.radiopiu.net\/wordpress\/wp-content\/uploads\/2020\/10\/pp-125x125.jpg 125w, https:\/\/www.radiopiu.net\/wordpress\/wp-content\/uploads\/2020\/10\/pp-200x200.jpg 200w, https:\/\/www.radiopiu.net\/wordpress\/wp-content\/uploads\/2020\/10\/pp-80x80.jpg 80w, https:\/\/www.radiopiu.net\/wordpress\/wp-content\/uploads\/2020\/10\/pp-480x480.jpg 480w, https:\/\/www.radiopiu.net\/wordpress\/wp-content\/uploads\/2020\/10\/pp.jpg 640w\" sizes=\"auto, (max-width: 106px) 100vw, 106px\" \/><\/a><\/p>\n<\/div>\n<\/div>\n<\/div>\n<div>\n<div class=\"page-title-head hgroup\">\n<div class=\"page-title-head hgroup\">\n<div class=\"b654a4as d2edcug0\">\n<div class=\"j83agx80 btwxx1t3 lhclo0ds hop8lmos nkwizq5d scwd0bx6 roh60bw9\">\n<div class=\"rq0escxv hkbzh7o3 jwdofwj8 n8tt0mok r8blr3vg hyh9befq\">\n<div class=\"do00u71z l9j0dhe7 k4urcfbm\">\n<h2><span style=\"color: #000080;\">DON CESARE, IL PENSIERO DEL GIORNO. ALLA RADIO ALLE 7 DEL MATTINO E ALLE 19.30 DELLA SERA.\u00a0<\/span><\/h2>\n<\/div>\n<\/div>\n<\/div>\n<\/div>\n<\/div>\n<\/div>\n<\/div>\n<div class=\"do00u71z l9j0dhe7 k4urcfbm\">\n<div class=\"page-title-head hgroup\">\n<div class=\"page-title-head hgroup\">\n<div class=\"b654a4as d2edcug0\">\n<div class=\"j83agx80 btwxx1t3 lhclo0ds hop8lmos nkwizq5d scwd0bx6 roh60bw9\">\n<div class=\"rq0escxv hkbzh7o3 jwdofwj8 n8tt0mok r8blr3vg hyh9befq\">\n<div class=\"do00u71z l9j0dhe7 k4urcfbm\">\n<div class=\"page-title-head hgroup\">\n<div class=\"page-title-head hgroup\">\n<div class=\"b654a4as d2edcug0\">\n<div class=\"j83agx80 btwxx1t3 lhclo0ds hop8lmos nkwizq5d scwd0bx6 roh60bw9\">\n<div class=\"rq0escxv hkbzh7o3 jwdofwj8 n8tt0mok r8blr3vg hyh9befq\">\n<div class=\"do00u71z l9j0dhe7 k4urcfbm\">\n<div class=\"ecm0bbzt e5nlhep0 a8c37x1j\">\n<div class=\"kvgmc6g5 cxmmr5t8 oygrvhab hcukyx3x c1et5uql\">\n<div class=\"gmail-kvgmc6g5 gmail-cxmmr5t8 gmail-oygrvhab gmail-hcukyx3x gmail-c1et5uql gmail-ii04i59q\">\n<div class=\"page-title-head hgroup\">\n<div class=\"page-title-head hgroup\">\n<div class=\"b654a4as d2edcug0\">\n<div class=\"j83agx80 btwxx1t3 lhclo0ds hop8lmos nkwizq5d scwd0bx6 roh60bw9\">\n<div class=\"rq0escxv hkbzh7o3 jwdofwj8 n8tt0mok r8blr3vg hyh9befq\">\n<div class=\"do00u71z l9j0dhe7 k4urcfbm\">\n<div class=\"page-title-head hgroup\">\n<div class=\"page-title-head hgroup\">\n<div class=\"b654a4as d2edcug0\">\n<div class=\"j83agx80 btwxx1t3 lhclo0ds hop8lmos nkwizq5d scwd0bx6 roh60bw9\">\n<div class=\"rq0escxv hkbzh7o3 jwdofwj8 n8tt0mok r8blr3vg hyh9befq\">\n<div class=\"do00u71z l9j0dhe7 k4urcfbm\">\n<div class=\"page-title-head hgroup\">\n<div class=\"page-title-head hgroup\">\n<div class=\"b654a4as d2edcug0\">\n<div class=\"j83agx80 btwxx1t3 lhclo0ds hop8lmos nkwizq5d scwd0bx6 roh60bw9\">\n<div class=\"rq0escxv hkbzh7o3 jwdofwj8 n8tt0mok r8blr3vg hyh9befq\">\n<div class=\"do00u71z l9j0dhe7 k4urcfbm\">\n<div class=\"ecm0bbzt e5nlhep0 a8c37x1j\">\n<div class=\"kvgmc6g5 cxmmr5t8 oygrvhab hcukyx3x c1et5uql\">\n<div class=\"gmail-kvgmc6g5 gmail-cxmmr5t8 gmail-oygrvhab gmail-hcukyx3x gmail-c1et5uql gmail-ii04i59q\">\n<div class=\"page-title-head hgroup\">\n<div class=\"page-title-head hgroup\">\n<div class=\"b654a4as d2edcug0\">\n<div class=\"j83agx80 btwxx1t3 lhclo0ds hop8lmos nkwizq5d scwd0bx6 roh60bw9\">\n<div class=\"rq0escxv hkbzh7o3 jwdofwj8 n8tt0mok r8blr3vg hyh9befq\">\n<div><\/div>\n<div class=\"do00u71z l9j0dhe7 k4urcfbm\">\n<audio class=\"wp-audio-shortcode\" id=\"audio-293354-11\" preload=\"none\" style=\"width: 100%;\" controls=\"controls\"><source type=\"audio\/mpeg\" src=\"https:\/\/www.radiopiu.net\/wordpress\/wp-content\/uploads\/2022\/08\/cesare-2.mp3?_=11\" \/><a href=\"https:\/\/www.radiopiu.net\/wordpress\/wp-content\/uploads\/2022\/08\/cesare-2.mp3\">https:\/\/www.radiopiu.net\/wordpress\/wp-content\/uploads\/2022\/08\/cesare-2.mp3<\/a><\/audio>\n<p>&nbsp;<\/p>\n<hr \/>\n<p>&nbsp;<\/p>\n<blockquote class=\"wp-embedded-content\" data-secret=\"U7opehfrvE\"><p><a href=\"https:\/\/www.radiopiu.net\/wordpress\/in-cammino-verso-la-beatificazione-di-papa-luciani-giovanni-paolo-i\/\">IN CAMMINO VERSO LA BEATIFICAZIONE DI PAPA LUCIANI, GIOVANNI PAOLO I<\/a><\/p><\/blockquote>\n<p><iframe loading=\"lazy\" class=\"wp-embedded-content\" sandbox=\"allow-scripts\" security=\"restricted\" style=\"position: absolute; clip: rect(1px, 1px, 1px, 1px);\" title=\"&#8220;IN CAMMINO VERSO LA BEATIFICAZIONE DI PAPA LUCIANI, GIOVANNI PAOLO I&#8221; &#8212; Radio Pi\u00f9\" src=\"https:\/\/www.radiopiu.net\/wordpress\/in-cammino-verso-la-beatificazione-di-papa-luciani-giovanni-paolo-i\/embed\/#?secret=oT0ZIdcMuv#?secret=U7opehfrvE\" data-secret=\"U7opehfrvE\" width=\"600\" height=\"338\" frameborder=\"0\" marginwidth=\"0\" marginheight=\"0\" scrolling=\"no\"><\/iframe><\/p>\n<p>&nbsp;<\/p>\n<hr \/>\n<p>&nbsp;<\/p>\n<p><span style=\"color: #0000ff;\">MUSICA PIU&#8217;\u00a0<\/span><\/p>\n<p><a href=\"https:\/\/www.radiopiu.net\/wordpress\/giornale-radiopiu-20-settembre-2021-direttore-mirko-mezzacasa\/pp-79\/\" rel=\"attachment wp-att-232921\"><img loading=\"lazy\" decoding=\"async\" class=\"wp-image-232921 alignleft\" src=\"https:\/\/www.radiopiu.net\/wordpress\/wp-content\/uploads\/2021\/09\/pp-1-300x300.jpg\" alt=\"\" width=\"135\" height=\"135\" srcset=\"https:\/\/www.radiopiu.net\/wordpress\/wp-content\/uploads\/2021\/09\/pp-1-300x300.jpg 300w, https:\/\/www.radiopiu.net\/wordpress\/wp-content\/uploads\/2021\/09\/pp-1-150x150.jpg 150w, https:\/\/www.radiopiu.net\/wordpress\/wp-content\/uploads\/2021\/09\/pp-1.jpg 640w\" sizes=\"auto, (max-width: 135px) 100vw, 135px\" \/><\/a><\/p>\n<div class=\"mkdf-post-text\">\n<div class=\"mkdf-post-text-inner\">\n<div class=\"mkdf-post-text-main\">\n<div class=\"mkdf-post-text\">\n<div class=\"mkdf-post-text-inner\">\n<div class=\"mkdf-post-text-main\">\n<div class=\"mkdf-post-text\">\n<div class=\"mkdf-post-text-inner\">\n<div class=\"mkdf-post-text-main\">\n<div class=\"page-title-head hgroup\">\n<div class=\"page-title-head hgroup\">\n<div class=\"mkdf-post-text\">\n<div class=\"mkdf-post-text-inner\">\n<div class=\"mkdf-post-text-main\">\n<div class=\"mkdf-post-text\">\n<div class=\"mkdf-post-text-inner\">\n<div class=\"mkdf-post-text-main\">\n<div class=\"page-title-head hgroup\">\n<div class=\"page-title-head hgroup\">\n<div class=\"page-title-head hgroup\">\n<div class=\"page-title-head hgroup\">\n<div class=\"b654a4as d2edcug0\">\n<div class=\"page-title-head hgroup\">\n<div class=\"page-title-head hgroup\">\n<div class=\"page-title-head hgroup\">\n<div class=\"page-title-head hgroup\">\n<div class=\"b654a4as d2edcug0\">\n<div class=\"page-title-head hgroup\">\n<div class=\"page-title-head hgroup\">\n<div class=\"page-title-head hgroup\">\n<div class=\"page-title-head hgroup\">\n<div class=\"b654a4as d2edcug0\">\n<div class=\"mkdf-post-text\">\n<div class=\"mkdf-post-text-inner\">\n<div class=\"mkdf-post-text-main\">\n<div class=\"mkdf-post-text\">\n<div class=\"mkdf-post-text-inner\">\n<div class=\"mkdf-post-text-main\">\n<div class=\"mkdf-post-text\">\n<div class=\"mkdf-post-text-inner\">\n<div class=\"mkdf-post-text-main\">\n<div class=\"page-title-head hgroup\">\n<div class=\"page-title-head hgroup\">\n<div class=\"mkdf-post-text\">\n<div class=\"mkdf-post-text-inner\">\n<div class=\"mkdf-post-text-main\">\n<div class=\"mkdf-post-text\">\n<div class=\"mkdf-post-text-inner\">\n<div class=\"mkdf-post-text-main\">\n<div class=\"page-title-head hgroup\">\n<div class=\"page-title-head hgroup\">\n<div class=\"page-title-head hgroup\">\n<div class=\"page-title-head hgroup\">\n<div class=\"b654a4as d2edcug0\">\n<div class=\"page-title-head hgroup\">\n<div class=\"page-title-head hgroup\">\n<div class=\"page-title-head hgroup\">\n<div class=\"page-title-head hgroup\">\n<div class=\"b654a4as d2edcug0\">\n<div class=\"page-title-head hgroup\">\n<div class=\"page-title-head hgroup\">\n<div class=\"page-title-head hgroup\">\n<div class=\"page-title-head hgroup\">\n<div class=\"b654a4as d2edcug0\">\n<div><\/div>\n<div><\/div>\n<div>\n<p><strong>MUSICA ALLA RADIO, IL PROGRAMMA DI LORIS SCUSSEL &#8220;COLLAGE OPERAZIONE NOSTALGIA&#8221; DAL LUNEDI AL VENERDI ALLE 16.00\u00a0 E ALLE 23\u00a0<\/strong><\/p>\n<\/div>\n<\/div>\n<p>&nbsp;<\/p>\n<p>&nbsp;<\/p>\n<div class=\"b654a4as d2edcug0\">\n<blockquote>\n<h3>COLLAGE OPERAZIONE NOSTALGIA, TRA I BALLABILI E LE SIGLE TV<\/h3>\n<\/blockquote>\n<p><strong><a class=\"dt-pswp-item\" href=\"https:\/\/www.radiopiu.net\/wordpress\/wp-content\/uploads\/2022\/08\/Speedy-Gonzales.jpg\" data-dt-img-description=\"\" data-large_image_width=\"1280\" data-large_image_height=\"720\"><img loading=\"lazy\" decoding=\"async\" class=\"alignleft wp-image-292730 \" src=\"https:\/\/www.radiopiu.net\/wordpress\/wp-content\/uploads\/2022\/08\/Speedy-Gonzales-300x169.jpg\" alt=\"\" width=\"193\" height=\"109\" srcset=\"https:\/\/www.radiopiu.net\/wordpress\/wp-content\/uploads\/2022\/08\/Speedy-Gonzales-300x169.jpg 300w, https:\/\/www.radiopiu.net\/wordpress\/wp-content\/uploads\/2022\/08\/Speedy-Gonzales-1024x576.jpg 1024w, https:\/\/www.radiopiu.net\/wordpress\/wp-content\/uploads\/2022\/08\/Speedy-Gonzales-768x432.jpg 768w, https:\/\/www.radiopiu.net\/wordpress\/wp-content\/uploads\/2022\/08\/Speedy-Gonzales.jpg 1280w\" sizes=\"auto, (max-width: 193px) 100vw, 193px\" \/><\/a>di Loris Scussel<\/strong><\/p>\n<p>Un grande classico \u201cSpeedy Gonzales\u201d nella versione di Pat Boone aprir\u00e0 la programmazione settimanale di Collage che nella consueta alternanza tra brani di musica italiana e internazionale proporr\u00e0 i ballabili anni 60, le sigle delle trasmissioni Rai in bianco e nero, uno speciale dedicato ai polistrumentisti e cos\u00ec via. Collage va in onda dal luned\u00ec al venerd\u00ec alle 16,00 e alle 23,00 naturalmente su Radio Pi\u00f9.<\/p>\n<\/div>\n<\/div>\n<\/div>\n<\/div>\n<\/div>\n<\/div>\n<\/div>\n<\/div>\n<\/div>\n<\/div>\n<\/div>\n<\/div>\n<\/div>\n<\/div>\n<\/div>\n<\/div>\n<\/div>\n<\/div>\n<\/div>\n<\/div>\n<\/div>\n<\/div>\n<\/div>\n<\/div>\n<\/div>\n<\/div>\n<\/div>\n<\/div>\n<\/div>\n<\/div>\n<\/div>\n<\/div>\n<\/div>\n<\/div>\n<\/div>\n<\/div>\n<\/div>\n<\/div>\n<\/div>\n<\/div>\n<\/div>\n<\/div>\n<\/div>\n<\/div>\n<\/div>\n<\/div>\n<\/div>\n<\/div>\n<\/div>\n<\/div>\n<\/div>\n<\/div>\n<\/div>\n<\/div>\n<\/div>\n<\/div>\n<\/div>\n<\/div>\n<\/div>\n<\/div>\n<\/div>\n<\/div>\n<\/div>\n<\/div>\n<div>\n<div class=\"page-title-head hgroup\">\n<div class=\"page-title-head hgroup\">\n<div class=\"page-title-head hgroup\">\n<div class=\"page-title-head hgroup\">\n<div class=\"b654a4as d2edcug0\">\n<div class=\"page-title-head hgroup\">\n<div class=\"page-title-head hgroup\">\n<div class=\"page-title-head hgroup\">\n<div class=\"page-title-head hgroup\">\n<div class=\"b654a4as d2edcug0\">\n<div class=\"page-title-head hgroup\">\n<div class=\"page-title-head hgroup\">\n<div class=\"page-title-head hgroup\">\n<div class=\"page-title-head hgroup\">\n<div class=\"page-title-head hgroup\">\n<div class=\"page-title-head hgroup\">\n<div class=\"page-title-head hgroup\">\n<div class=\"page-title-head hgroup\">\n<div class=\"page-title-head hgroup\">\n<div class=\"b654a4as d2edcug0\">\n<div class=\"page-title-head hgroup\">\n<div class=\"page-title-head hgroup\">\n<div class=\"page-title-head hgroup\">\n<div class=\"page-title-head hgroup\">\n<div class=\"b654a4as d2edcug0\">\n<div class=\"page-title-head hgroup\">\n<div class=\"page-title-head hgroup\">\n<div class=\"page-title-head hgroup\">\n<div class=\"page-title-head hgroup\">\n<div class=\"page-title-head hgroup\">\n<div class=\"mkdf-post-text\">\n<div class=\"mkdf-post-text-inner\">\n<div class=\"mkdf-post-text-main\">\n<div class=\"mkdf-post-text\">\n<div class=\"mkdf-post-text-inner\">\n<div class=\"mkdf-post-text-main\">\n<div class=\"mkdf-post-text\">\n<div class=\"mkdf-post-text-inner\">\n<div class=\"mkdf-post-text-main\">\n<div class=\"page-title-head hgroup\">\n<div class=\"page-title-head hgroup\">\n<div class=\"mkdf-post-text\">\n<div class=\"mkdf-post-text-inner\">\n<div class=\"mkdf-post-text-main\">\n<div class=\"mkdf-post-text\">\n<div class=\"mkdf-post-text-inner\">\n<div class=\"mkdf-post-text-main\">\n<div class=\"page-title-head hgroup\">\n<div class=\"page-title-head hgroup\">\n<div class=\"page-title-head hgroup\">\n<div class=\"page-title-head hgroup\">\n<div class=\"b654a4as d2edcug0\">\n<div class=\"page-title-head hgroup\">\n<div class=\"page-title-head hgroup\">\n<div class=\"page-title-head hgroup\">\n<div class=\"page-title-head hgroup\">\n<div class=\"b654a4as d2edcug0\">\n<div class=\"page-title-head hgroup\">\n<div class=\"page-title-head hgroup\">\n<div class=\"page-title-head hgroup\">\n<p>&nbsp;<\/p>\n<p>&nbsp;<\/p>\n<hr \/>\n<p>&nbsp;<\/p>\n<p><a class=\"dt-pswp-item\" href=\"https:\/\/www.radiopiu.net\/wordpress\/wp-content\/uploads\/2018\/09\/WhatsApp-Image-2018-09-20-at-16.04.06.jpeg\" data-dt-img-description=\"\" data-large_image_width=\"800\" data-large_image_height=\"100\"><img loading=\"lazy\" decoding=\"async\" class=\"aligncenter wp-image-61378 size-full\" src=\"https:\/\/www.radiopiu.net\/wordpress\/wp-content\/uploads\/2018\/09\/WhatsApp-Image-2018-09-20-at-16.04.06.jpeg\" alt=\"\" width=\"800\" height=\"100\" srcset=\"https:\/\/www.radiopiu.net\/wordpress\/wp-content\/uploads\/2018\/09\/WhatsApp-Image-2018-09-20-at-16.04.06.jpeg 800w, https:\/\/www.radiopiu.net\/wordpress\/wp-content\/uploads\/2018\/09\/WhatsApp-Image-2018-09-20-at-16.04.06-300x38.jpeg 300w, https:\/\/www.radiopiu.net\/wordpress\/wp-content\/uploads\/2018\/09\/WhatsApp-Image-2018-09-20-at-16.04.06-768x96.jpeg 768w\" sizes=\"auto, (max-width: 800px) 100vw, 800px\" \/><\/a><\/p>\n<p>&nbsp;<\/p>\n<p><center><b>Venerdi 19<\/b><\/center><b>Tempo atteso: <\/b>Nelle prime ore spiccata instabilit\u00e0 specie sulle zone prealpine con cielo molto nuvoloso, associato a frequenti rovesci e temporali da sparsi a diffusi, in estensione anche alle Dolomiti nel corso della mattinata. Durante il pomeriggio fenomeni sempre meno probabili, con esaurimento dell&#8217;instabilit\u00e0 e di qualche schiarita a partire dalle Prealpi, mentre il maltempo persister\u00e0 fino a sera sulle Dolomiti. Contesto termico pi\u00f9 fresco a tutte le quote rispetto a gioved\u00ec.<br \/>\n<b>Precipitazioni: <\/b>Nelle prime ore alta probabilit\u00e0 di rovesci e temporali (80-90%) inizialmente sulle Prealpi, poi anche sulle Dolomiti nel corso della mattinata. Durante il pomeriggio fenomeni in graduale esaurimento a partire dalle zone prealpine (10-20%). Gli apporti complessivi tra gioved\u00ec e venerd\u00ec saranno spesso significativi: 30-50 mm, localmente abbondanti nei settori interessati da ripetuti e forti temporali oltre i 60-70 mm.<br \/>\n<b>Temperature: <\/b>In ulteriore generale lieve flessione. Previste punte di 19\/22\u00b0C nei fondovalle prealpini e di 15\/19\u00b0C a 800-1200 m; modesta escursione termica giornaliera con valori temporaneamente ben al di sotto della norma. Su Prealpi a 1500 m min 12\u00b0C max 13\u00b0C, a 2000 m min 8\u00b0C max 10\u00b0C. Su Dolomiti a 2000 m min 8\u00b0C max 10\u00b0C, a 3000 m min 2\u00b0C max 3\u00b0C.<br \/>\n<b>Venti: <\/b>Nelle valli deboli di direzione variabile, salvo probabili locali improvvisi rinforzi per forti raffiche in caso di temporali; in quota moderati o tesi da sud-ovest fino alle ore centrali, poi in rotazione da nord nord-est, a 15-30 km\/h a 2000 m e a 10-40 km\/h a 3000 m.<\/p>\n<hr \/>\n<p><center><b>Sabato 20<\/b><\/center><b>Tempo atteso: <\/b>Al mattino soleggiato con cielo sereno, salvo nubi basse nelle ore pi\u00f9 fredde in molte valli specie in Valbelluna. Nel corso della mattinata formazioni di modesti cumuli specie in prossimit\u00e0 delle cime che al pomeriggio potranno estendersi anche nelle valli e associate a isolati e brevi fenomeni convettivi.<br \/>\n<b>Precipitazioni: <\/b>Al mattino assenti; nel pomeriggio non \u00e8 del tutto escluso qualche locale piovasco o rovescio (10\/30%).<br \/>\n<b>Temperature: <\/b>Minime in leggera o contenuta diminuzione, massime in aumento anche marcato. Clima al mattino un po&#8217; pi\u00f9 fresco della norma, mentre quello diurno tender\u00e0 a divenire tipicamente estivo con valori prossimi o leggermente al di sopra delle medie stagionali; elevata escursione termica giornaliera. Su Prealpi a 1500 m min 13\u00b0C max 18\u00b0C, a 2000 m min 10\u00b0C max 15\u00b0C. Su Dolomiti a 2000 m min 8\u00b0C max 16\u00b0C, a 3000 m min 2\u00b0C max 6\u00b0C.<br \/>\n<b>Venti: <\/b>Nelle valli deboli al mattino, moderati nel pomeriggio a regime di brezza; in quota da tesi a moderati dai quadranti settentrionali, a 10-25 km\/h a 2000 m e a 20-40 km\/h a 3000 m.<\/p>\n<hr \/>\n<p><center><b>Domenica 21<\/b><\/center>Tempo stabile e soleggiato con cielo sereno o poco nuvoloso per modesti cumuli in prossimit\u00e0 delle cime al mattino, un po&#8217; pi\u00f9 estesi anche nelle valli nel pomeriggio, ma con probabilit\u00e0 bassa di fenomeni che eventualmente saranno perlopi\u00f9 sporadici e isolati. Temperature stazionarie o in lieve calo le minime e in lieve aumento le massime. Venti nelle valli deboli al mattino, moderati per brezze nel pomeriggio; in quota deboli o moderati, ancora dai quadranti settentrionali.<\/p>\n<hr \/>\n<p><center><b>Lunedi 22<\/b><\/center>Giornata soleggiata e pi\u00f9 asciutta rispetto a quelle precedenti, salvo la formazione di modesti e innocui cumuli solo in prossimit\u00e0 delle cime. Precipitazioni pressoch\u00e8 assenti. Temperature senza notevoli variazioni, salvo qualche locale lieve aumento. Clima diurno tipicamente estivo con valori massimi leggermente superiori alle medie del periodo. Venti in quota ancora deboli o moderati dai quadranti settentrionali. Previsore: M.Padoan<\/p>\n<p>&nbsp;<\/p>\n<hr \/>\n<p>&nbsp;<\/p>\n<p><a href=\"https:\/\/www.radiopiu.net\/wordpress\/giornale-radiopiu-26-settembre-2018-direttore-mirko-mezzacasa\/viabilita-2\/\" rel=\"attachment wp-att-61954\"><img loading=\"lazy\" decoding=\"async\" class=\"aligncenter wp-image-61954 size-full\" src=\"https:\/\/www.radiopiu.net\/wordpress\/wp-content\/uploads\/2018\/09\/viabilita.jpeg\" sizes=\"auto, (max-width: 800px) 100vw, 800px\" srcset=\"https:\/\/www.radiopiu.net\/wordpress\/wp-content\/uploads\/2018\/09\/viabilita.jpeg 800w, https:\/\/www.radiopiu.net\/wordpress\/wp-content\/uploads\/2018\/09\/viabilita-300x38.jpeg 300w, https:\/\/www.radiopiu.net\/wordpress\/wp-content\/uploads\/2018\/09\/viabilita-768x96.jpeg 768w\" alt=\"\" width=\"800\" height=\"100\" \/><\/a><\/p>\n<blockquote>\n<h3><\/h3>\n<h3>GALLERIA DI SEGUSINO CHIUSA PER 4 MESI<\/h3>\n<\/blockquote>\n<p><strong><a class=\"dt-pswp-item\" href=\"https:\/\/www.radiopiu.net\/wordpress\/wp-content\/uploads\/2020\/05\/VENETO-STRADE.png\" data-dt-img-description=\"\" data-large_image_width=\"400\" data-large_image_height=\"400\"><img loading=\"lazy\" decoding=\"async\" class=\" wp-image-135574 alignleft\" src=\"https:\/\/www.radiopiu.net\/wordpress\/wp-content\/uploads\/2020\/05\/VENETO-STRADE-150x150.png\" alt=\"\" width=\"102\" height=\"102\" srcset=\"https:\/\/www.radiopiu.net\/wordpress\/wp-content\/uploads\/2020\/05\/VENETO-STRADE-150x150.png 150w, https:\/\/www.radiopiu.net\/wordpress\/wp-content\/uploads\/2020\/05\/VENETO-STRADE-300x300.png 300w, https:\/\/www.radiopiu.net\/wordpress\/wp-content\/uploads\/2020\/05\/VENETO-STRADE.png 400w\" sizes=\"auto, (max-width: 102px) 100vw, 102px\" \/><\/a><\/strong><\/p>\n<p><strong>SEGUSINO<\/strong> Fino al 4 novembre, compresi sabati domeniche e festivi infrasettimanali, un&#8217;interdizione totale al transito per l&#8217;intera tratta della galleria di Segusino in seguito a dei lavori per messa in sicurezza della condotta acquedottistica<\/p>\n<p><strong>RIVAMONTE<\/strong> Veneto Strade comunica che lungo la SP 3 della Valle Imperina, a Gona di Conedera \u00e8\u00a0 istituito un senso unico alternato regolato da semaforo fino al 29 agosto compresi sabato domenica e festivi. Senso unico necessario per consentire i lavori di consolidamento della strada.<\/p>\n<blockquote class=\"wp-embedded-content\" data-secret=\"R3ztzG7lXj\"><p><a href=\"https:\/\/www.radiopiu.net\/wordpress\/viabilita\/\">viabilita<\/a><\/p><\/blockquote>\n<p><iframe loading=\"lazy\" class=\"wp-embedded-content\" sandbox=\"allow-scripts\" security=\"restricted\" style=\"position: absolute; clip: rect(1px, 1px, 1px, 1px);\" title=\"&#8220;viabilita&#8221; &#8212; Radio Pi\u00f9\" src=\"https:\/\/www.radiopiu.net\/wordpress\/viabilita\/embed\/#?secret=h8En4mwqcM#?secret=R3ztzG7lXj\" data-secret=\"R3ztzG7lXj\" width=\"600\" height=\"338\" frameborder=\"0\" marginwidth=\"0\" marginheight=\"0\" scrolling=\"no\"><\/iframe><\/p>\n<p>&nbsp;<\/p>\n<hr \/>\n<p>&nbsp;<\/p>\n<p>&nbsp;<\/p>\n<p><img loading=\"lazy\" decoding=\"async\" class=\"wp-image-60761 size-full aligncenter\" src=\"https:\/\/www.radiopiu.net\/wordpress\/wp-content\/uploads\/2018\/09\/sport.jpg\" alt=\"\" width=\"800\" height=\"100\" srcset=\"https:\/\/www.radiopiu.net\/wordpress\/wp-content\/uploads\/2018\/09\/sport.jpg 800w, https:\/\/www.radiopiu.net\/wordpress\/wp-content\/uploads\/2018\/09\/sport-300x38.jpg 300w, https:\/\/www.radiopiu.net\/wordpress\/wp-content\/uploads\/2018\/09\/sport-768x96.jpg 768w\" sizes=\"auto, (max-width: 800px) 100vw, 800px\" \/><\/p>\n<\/div>\n<\/div>\n<\/div>\n<div class=\"page-title-head hgroup\">\n<div class=\"page-title-head hgroup\">\n<p>&nbsp;<\/p>\n<p><span style=\"color: #0000ff;\"><strong>HOCKEY SU GHIACCIO<\/strong><\/span><\/p>\n<h3>ALTRE TRE CONFERME PER L&#8217;ALLEGHE HOCHEY<\/h3>\n<p><strong>ALLEGHE<\/strong><\/p>\n<p><strong>di Roberto Miana, Portavoce dell&#8217;Alleghe Hockey<\/strong><\/p>\n<p>Nuove conferme sotto al Civetta, l\u2019Alleghe Hockey annuncia con piacere la presenza nel proprio organico anche per la prossima stagione di Francesco Soppelsa, Erwin Martini e Thomas De Silvestro.<\/p>\n<p><strong><a class=\"dt-pswp-item\" href=\"https:\/\/www.radiopiu.net\/wordpress\/wp-content\/uploads\/2022\/08\/FRANCESCO-SOPPELSA.jpg\" data-dt-img-description=\"\" data-large_image_width=\"681\" data-large_image_height=\"1024\"><img loading=\"lazy\" decoding=\"async\" class=\"size-thumbnail wp-image-293399 alignleft\" src=\"https:\/\/www.radiopiu.net\/wordpress\/wp-content\/uploads\/2022\/08\/FRANCESCO-SOPPELSA-150x150.jpg\" alt=\"\" width=\"150\" height=\"150\" \/><\/a>Francesco SOPPELSA<\/strong>, attaccante classe 2002 \u00e8 un prodotto del vivaio biancorosso. Ha esordito con la squadra senior delle Civette nella stagione 2018\/2019, facendo registrare 94 presenze impreziosite da 16 gol e 13 assist. Francesco \u00e8 stato una delle sorprese positive dell\u2019ultimo campionato, con una crescita che gli ha permesso di mettere a referto 8 gol e 7 assist in 31 gare. Cos\u00ec Francesco: \u201cMi aspetto una stagione ricca di emozioni, ci potranno essere degli alti e bassi ma il nostro obiettivo primario sar\u00e0 quello di qualificarci ai playoff. I miei obbiettivi personali per questa stagione sono di migliorarmi fisicamente e tecnicamente per dare un ulteriore contributo alla squadra. Purtroppo a causa di problemi fisici inizier\u00f2 gli allenamfenti pi\u00f9 tardi dei miei compagni, ma non vedo l\u2019ora di rimettere i pattini ai piedi. La squadra ha perso alcuni elementi importanti e vedremo come verranno rimpiazzati, quindi per il momento dare giudizi \u00e8 ancora prematuro. In ogni caso continueremo a dare il massimo per i nostri tifosi. Per il prossimo campionato, anche se mancher\u00e0 l\u2019Unterland Cavaliers che \u00e8 passato di categoria (AHL), molte squadre si sono rafforzate rendendo questa lega ancora pi\u00f9 competitiva e interessante\u201d.<\/p>\n<p><strong><a class=\"dt-pswp-item\" href=\"https:\/\/www.radiopiu.net\/wordpress\/wp-content\/uploads\/2022\/08\/ERWIN-MARTINI.jpg\" data-dt-img-description=\"\" data-large_image_width=\"681\" data-large_image_height=\"1024\"><img loading=\"lazy\" decoding=\"async\" class=\"size-thumbnail wp-image-293400 alignright\" src=\"https:\/\/www.radiopiu.net\/wordpress\/wp-content\/uploads\/2022\/08\/ERWIN-MARTINI-150x150.jpg\" alt=\"\" width=\"150\" height=\"150\" \/><\/a>Erwin MARTINI<\/strong>, attaccante venticinquenne in prima squadra dal campionato 2014\/2015 dove ha maturato esperienza totalizzando 201 presenze e mettendo a referto 23 gol + 45 assist. Cos\u00ec Erwin: \u201cMi aspetto una stagione di crescita mese dopo mese. Sar\u00e0 ancora pi\u00f9 complicata per l&#8217;assenza di alcuni giocatori importanti, ma sicuramente cercheremo di dare il massimo \u00e8 l\u2019obbiettivo principale \u00e8 quello di raggiungere i playoff. Abbiamo iniziato da una settimana ad allenarci sul ghiaccio e ancora non siamo al completo, ma a breve inizieremo a pieno ritmo. Vedo una squadra ancora piu giovane rispetto allo scorso anno, per\u00f2 sicuramente siamo un bel gruppo e questa \u00e8 la cosa pi\u00f9 importante. Il prossimo campionato penso che sar\u00e0 simile agli anni precedenti e tutte le partite saranno una dura battaglia\u201d.<\/p>\n<p><strong><a class=\"dt-pswp-item\" href=\"https:\/\/www.radiopiu.net\/wordpress\/wp-content\/uploads\/2022\/08\/THOMAS-DE-SILVESTRO.jpg\" data-dt-img-description=\"\" data-large_image_width=\"681\" data-large_image_height=\"1024\"><img loading=\"lazy\" decoding=\"async\" class=\"size-thumbnail wp-image-293401 alignleft\" src=\"https:\/\/www.radiopiu.net\/wordpress\/wp-content\/uploads\/2022\/08\/THOMAS-DE-SILVESTRO-150x150.jpg\" alt=\"\" width=\"150\" height=\"150\" \/><\/a>Thomas DE SILVESTRO<\/strong>, attaccante diciannovenne cresciuto nel vivaio alleghese. In prima squadra dalla stagione 2018\/2019 conta 88 presenze. Cos\u00ec Thomas: \u201cSiamo tutti contenti di ricominciare la stagione e puntiamo a fare meglio della passata. Il mio obiettivo personale, essendo l\u2019hockey un gioco di squadra, \u00e8 di dare il massimo per aiutare i miei compagni sia sul ghiaccio che fuori. Abbiamo ripreso gli allenamenti con un gruppo che \u00e8 un mix di giovani e veterani e questo \u00e8 molto positivo. Al momento la squadra non \u00e8 al completo, ma la societ\u00e0 sta lavorando per le conferme delle ultime pedine compresi gli stranieri. A mio modo di vedere il prossimo campionato sar\u00e0 ancora pi\u00f9 competitivo. I nostri avversari si sono rinforzati con nuovi acquisti, ma noi faremo di tutto per essere pronti ad affrontare al meglio questa nuova avventura\u201d.<\/p>\n<p>&nbsp;<\/p>\n<p>&nbsp;<\/p>\n<hr \/>\n<p>&nbsp;<\/p>\n<p><span style=\"color: #0000ff;\"><strong>PALLAVOLO<\/strong><\/span><\/p>\n<blockquote>\n<h3>MAX DE GRANS GUIDERA&#8217; L&#8217;UNDER 16 FEMMINILE DI BELLUNO<\/h3>\n<\/blockquote>\n<p><strong><a class=\"dt-pswp-item\" href=\"https:\/\/www.radiopiu.net\/wordpress\/wp-content\/uploads\/2021\/05\/volley-2021.jpg\" data-dt-img-description=\"\" data-large_image_width=\"770\" data-large_image_height=\"450\"><img loading=\"lazy\" decoding=\"async\" class=\"size-thumbnail wp-image-207180 alignleft\" src=\"https:\/\/www.radiopiu.net\/wordpress\/wp-content\/uploads\/2021\/05\/volley-2021-150x150.jpg\" alt=\"\" width=\"150\" height=\"150\" \/><\/a>BELLUNO <\/strong>La Pallavolo Belluno Femminile si affaccia alla nuova stagione con due obiettivi ben precisi: ben figurare con la prima squadra, nel campionato di serie C. E far crescere il settore giovanile. In questo senso, nascono due selezioni Under 16: una sar\u00e0 affidata alla guida tecnica di Massimo De Grandis, l\u2019altra a Paolo Viel.<span class=\"gmail-Apple-converted-space\"> \u00a0<\/span>Per quanto riguarda Max, dopo aver brillantemente guidato le ragazze della Scp Limana nel campionato di C, interrotto dalla pandemia, \u00e8 poi passato alla Pallavolo Belluno: s\u00ec, ma a livello maschile, al timone della compagine di serie D. E ora l\u2019approdo nel femminile, con il promettente gruppo delle atlete nate nel 2007. Le giovani pallavoliste del 2008, invece, saranno affidate a un Paolo Viel pronto a farsi in tre: C, Under 16 e minivolley.<span class=\"gmail-Apple-converted-space\">\u00a0<\/span><\/p>\n<\/div>\n<\/div>\n<\/div>\n<\/div>\n<\/div>\n<\/div>\n<\/div>\n<\/div>\n<\/div>\n<\/div>\n<\/div>\n<\/div>\n<\/div>\n<\/div>\n<\/div>\n<\/div>\n<\/div>\n<\/div>\n<\/div>\n<\/div>\n<\/div>\n<\/div>\n<\/div>\n<\/div>\n<\/div>\n<\/div>\n<\/div>\n<\/div>\n<\/div>\n<\/div>\n<\/div>\n<\/div>\n<\/div>\n<\/div>\n<\/div>\n<\/div>\n<\/div>\n<\/div>\n<\/div>\n<\/div>\n<\/div>\n<\/div>\n<\/div>\n<\/div>\n<\/div>\n<\/div>\n<\/div>\n<\/div>\n<\/div>\n<\/div>\n<\/div>\n<\/div>\n<\/div>\n<\/div>\n<\/div>\n<\/div>\n<\/div>\n<\/div>\n<\/div>\n<\/div>\n<\/div>\n<\/div>\n<\/div>\n<\/div>\n<\/div>\n<\/div>\n<\/div>\n<\/div>\n<\/div>\n<\/div>\n<\/div>\n<\/div>\n<\/div>\n<\/div>\n<\/div>\n<\/div>\n<\/div>\n<\/div>\n<\/div>\n<\/div>\n<\/div>\n<\/div>\n<\/div>\n<\/div>\n<\/div>\n<\/div>\n<\/div>\n<\/div>\n<\/div>\n<\/div>\n<\/div>\n<\/div>\n<\/div>\n<\/div>\n<\/div>\n<\/div>\n<\/div>\n<\/div>\n<\/div>\n<\/div>\n<\/div>\n<\/div>\n<\/div>\n","protected":false},"excerpt":{"rendered":"<p>RADIO PIU INFORMAZIONE il canale su TELEGRAM informazione di prima\u00a0 mano e in tempo reale. iscriviti ed aiutaci a farlo conoscere\u00a0 \u00a0 &nbsp; &nbsp; &nbsp; LAVORI SULLA SP 347 DEL CEREDA E DURAN E SULLA SP 20 DELLA VAL FIORENTINA SEDICO\u00a0Veneto Strade comunica che a partire dal 22 agosto e fino al 28 ottobre la&hellip;<\/p>\n","protected":false},"author":4,"featured_media":293500,"comment_status":"closed","ping_status":"closed","sticky":false,"template":"","format":"standard","meta":{"_monsterinsights_skip_tracking":false,"_monsterinsights_sitenote_active":false,"_monsterinsights_sitenote_note":"","_monsterinsights_sitenote_category":0,"footnotes":""},"categories":[51,86,49],"tags":[],"class_list":["post-293354","post","type-post","status-publish","format-standard","has-post-thumbnail","hentry","category-evidenza-top","category-gr","category-news-18","category-51","category-86","category-49","description-off"],"img_url":"https:\/\/www.radiopiu.net\/wordpress\/wp-content\/uploads\/2022\/08\/foto-1.jpg","_links":{"self":[{"href":"https:\/\/www.radiopiu.net\/wordpress\/wp-json\/wp\/v2\/posts\/293354","targetHints":{"allow":["GET"]}}],"collection":[{"href":"https:\/\/www.radiopiu.net\/wordpress\/wp-json\/wp\/v2\/posts"}],"about":[{"href":"https:\/\/www.radiopiu.net\/wordpress\/wp-json\/wp\/v2\/types\/post"}],"author":[{"embeddable":true,"href":"https:\/\/www.radiopiu.net\/wordpress\/wp-json\/wp\/v2\/users\/4"}],"replies":[{"embeddable":true,"href":"https:\/\/www.radiopiu.net\/wordpress\/wp-json\/wp\/v2\/comments?post=293354"}],"version-history":[{"count":0,"href":"https:\/\/www.radiopiu.net\/wordpress\/wp-json\/wp\/v2\/posts\/293354\/revisions"}],"wp:featuredmedia":[{"embeddable":true,"href":"https:\/\/www.radiopiu.net\/wordpress\/wp-json\/wp\/v2\/media\/293500"}],"wp:attachment":[{"href":"https:\/\/www.radiopiu.net\/wordpress\/wp-json\/wp\/v2\/media?parent=293354"}],"wp:term":[{"taxonomy":"category","embeddable":true,"href":"https:\/\/www.radiopiu.net\/wordpress\/wp-json\/wp\/v2\/categories?post=293354"},{"taxonomy":"post_tag","embeddable":true,"href":"https:\/\/www.radiopiu.net\/wordpress\/wp-json\/wp\/v2\/tags?post=293354"}],"curies":[{"name":"wp","href":"https:\/\/api.w.org\/{rel}","templated":true}]}}