{"id":293398,"date":"2022-08-18T11:30:07","date_gmt":"2022-08-18T09:30:07","guid":{"rendered":"https:\/\/www.radiopiu.net\/wordpress\/?p=293398"},"modified":"2022-08-19T05:58:40","modified_gmt":"2022-08-19T03:58:40","slug":"altre-tre-conferme-per-lalleghe-hochey","status":"publish","type":"post","link":"https:\/\/www.radiopiu.net\/wordpress\/altre-tre-conferme-per-lalleghe-hochey\/","title":{"rendered":"ALTRE TRE CONFERME PER L&#8217;ALLEGHE HOCHEY"},"content":{"rendered":"<p><strong>ALLEGHE<\/strong><\/p>\n<p><strong>di Roberto Miana, Portavoce dell&#8217;Alleghe Hockey<\/strong><\/p>\n<p>Nuove conferme sotto al Civetta, l\u2019Alleghe Hockey annuncia con piacere la presenza nel proprio organico anche per la prossima stagione di Francesco Soppelsa, Erwin Martini e Thomas De Silvestro.<\/p>\n<p><strong><a class=\"dt-pswp-item\" href=\"https:\/\/www.radiopiu.net\/wordpress\/wp-content\/uploads\/2022\/08\/FRANCESCO-SOPPELSA.jpg\" data-dt-img-description=\"\" data-large_image_width=\"681\" data-large_image_height=\"1024\"><img loading=\"lazy\" decoding=\"async\" class=\"size-thumbnail wp-image-293399 alignleft\" src=\"https:\/\/www.radiopiu.net\/wordpress\/wp-content\/uploads\/2022\/08\/FRANCESCO-SOPPELSA-150x150.jpg\" alt=\"\" width=\"150\" height=\"150\" \/><\/a>Francesco SOPPELSA<\/strong>, attaccante classe 2002 \u00e8 un prodotto del vivaio biancorosso. Ha esordito con la squadra senior delle Civette nella stagione 2018\/2019, facendo registrare 94 presenze impreziosite da 16 gol e 13 assist. Francesco \u00e8 stato una delle sorprese positive dell\u2019ultimo campionato, con una crescita che gli ha permesso di mettere a referto 8 gol e 7 assist in 31 gare. Cos\u00ec Francesco: \u201cMi aspetto una stagione ricca di emozioni, ci potranno essere degli alti e bassi ma il nostro obiettivo primario sar\u00e0 quello di qualificarci ai playoff. I miei obbiettivi personali per questa stagione sono di migliorarmi fisicamente e tecnicamente per dare un ulteriore contributo alla squadra. Purtroppo a causa di problemi fisici inizier\u00f2 gli allenamfenti pi\u00f9 tardi dei miei compagni, ma non vedo l\u2019ora di rimettere i pattini ai piedi. La squadra ha perso alcuni elementi importanti e vedremo come verranno rimpiazzati, quindi per il momento dare giudizi \u00e8 ancora prematuro. In ogni caso continueremo a dare il massimo per i nostri tifosi. Per il prossimo campionato, anche se mancher\u00e0 l\u2019Unterland Cavaliers che \u00e8 passato di categoria (AHL), molte squadre si sono rafforzate rendendo questa lega ancora pi\u00f9 competitiva e interessante\u201d.<\/p>\n<p><strong><a class=\"dt-pswp-item\" href=\"https:\/\/www.radiopiu.net\/wordpress\/wp-content\/uploads\/2022\/08\/ERWIN-MARTINI.jpg\" data-dt-img-description=\"\" data-large_image_width=\"681\" data-large_image_height=\"1024\"><img loading=\"lazy\" decoding=\"async\" class=\"size-thumbnail wp-image-293400 alignright\" src=\"https:\/\/www.radiopiu.net\/wordpress\/wp-content\/uploads\/2022\/08\/ERWIN-MARTINI-150x150.jpg\" alt=\"\" width=\"150\" height=\"150\" \/><\/a>Erwin MARTINI<\/strong>, attaccante venticinquenne in prima squadra dal campionato 2014\/2015 dove ha maturato esperienza totalizzando 201 presenze e mettendo a referto 23 gol + 45 assist. Cos\u00ec Erwin: \u201cMi aspetto una stagione di crescita mese dopo mese. Sar\u00e0 ancora pi\u00f9 complicata per l&#8217;assenza di alcuni giocatori importanti, ma sicuramente cercheremo di dare il massimo \u00e8 l\u2019obbiettivo principale \u00e8 quello di raggiungere i playoff. Abbiamo iniziato da una settimana ad allenarci sul ghiaccio e ancora non siamo al completo, ma a breve inizieremo a pieno ritmo. Vedo una squadra ancora piu giovane rispetto allo scorso anno, per\u00f2 sicuramente siamo un bel gruppo e questa \u00e8 la cosa pi\u00f9 importante. Il prossimo campionato penso che sar\u00e0 simile agli anni precedenti e tutte le partite saranno una dura battaglia\u201d.<\/p>\n<p><strong><a class=\"dt-pswp-item\" href=\"https:\/\/www.radiopiu.net\/wordpress\/wp-content\/uploads\/2022\/08\/THOMAS-DE-SILVESTRO.jpg\" data-dt-img-description=\"\" data-large_image_width=\"681\" data-large_image_height=\"1024\"><img loading=\"lazy\" decoding=\"async\" class=\"size-thumbnail wp-image-293401 alignleft\" src=\"https:\/\/www.radiopiu.net\/wordpress\/wp-content\/uploads\/2022\/08\/THOMAS-DE-SILVESTRO-150x150.jpg\" alt=\"\" width=\"150\" height=\"150\" \/><\/a>Thomas DE SILVESTRO<\/strong>, attaccante diciannovenne cresciuto nel vivaio alleghese. In prima squadra dalla stagione 2018\/2019 conta 88 presenze. Cos\u00ec Thomas: \u201cSiamo tutti contenti di ricominciare la stagione e puntiamo a fare meglio della passata. Il mio obiettivo personale, essendo l\u2019hockey un gioco di squadra, \u00e8 di dare il massimo per aiutare i miei compagni sia sul ghiaccio che fuori. Abbiamo ripreso gli allenamenti con un gruppo che \u00e8 un mix di giovani e veterani e questo \u00e8 molto positivo. Al momento la squadra non \u00e8 al completo, ma la societ\u00e0 sta lavorando per le conferme delle ultime pedine compresi gli stranieri. A mio modo di vedere il prossimo campionato sar\u00e0 ancora pi\u00f9 competitivo. I nostri avversari si sono rinforzati con nuovi acquisti, ma noi faremo di tutto per essere pronti ad affrontare al meglio questa nuova avventura\u201d.<\/p>\n<p>&nbsp;<\/p>\n<p>&nbsp;<\/p>\n<p>&nbsp;<\/p>\n<p>******<\/p>\n","protected":false},"excerpt":{"rendered":"<p>ALLEGHE di Roberto Miana, Portavoce dell&#8217;Alleghe Hockey Nuove conferme sotto al Civetta, l\u2019Alleghe Hockey annuncia con piacere la presenza nel proprio organico anche per la prossima stagione di Francesco Soppelsa, Erwin Martini e Thomas De Silvestro. Francesco SOPPELSA, attaccante classe 2002 \u00e8 un prodotto del vivaio biancorosso. Ha esordito con la squadra senior delle Civette&hellip;<\/p>\n","protected":false},"author":4,"featured_media":293402,"comment_status":"closed","ping_status":"closed","sticky":false,"template":"","format":"standard","meta":{"_monsterinsights_skip_tracking":false,"_monsterinsights_sitenote_active":false,"_monsterinsights_sitenote_note":"","_monsterinsights_sitenote_category":0,"footnotes":""},"categories":[104,49],"tags":[],"class_list":["post-293398","post","type-post","status-publish","format-standard","has-post-thumbnail","hentry","category-evidenza_3","category-news-18","category-104","category-49","description-off"],"img_url":"https:\/\/www.radiopiu.net\/wordpress\/wp-content\/uploads\/2022\/08\/e3ad58cb-2a11-4f17-a22d-ff21f91add9c.jpg","_links":{"self":[{"href":"https:\/\/www.radiopiu.net\/wordpress\/wp-json\/wp\/v2\/posts\/293398","targetHints":{"allow":["GET"]}}],"collection":[{"href":"https:\/\/www.radiopiu.net\/wordpress\/wp-json\/wp\/v2\/posts"}],"about":[{"href":"https:\/\/www.radiopiu.net\/wordpress\/wp-json\/wp\/v2\/types\/post"}],"author":[{"embeddable":true,"href":"https:\/\/www.radiopiu.net\/wordpress\/wp-json\/wp\/v2\/users\/4"}],"replies":[{"embeddable":true,"href":"https:\/\/www.radiopiu.net\/wordpress\/wp-json\/wp\/v2\/comments?post=293398"}],"version-history":[{"count":0,"href":"https:\/\/www.radiopiu.net\/wordpress\/wp-json\/wp\/v2\/posts\/293398\/revisions"}],"wp:featuredmedia":[{"embeddable":true,"href":"https:\/\/www.radiopiu.net\/wordpress\/wp-json\/wp\/v2\/media\/293402"}],"wp:attachment":[{"href":"https:\/\/www.radiopiu.net\/wordpress\/wp-json\/wp\/v2\/media?parent=293398"}],"wp:term":[{"taxonomy":"category","embeddable":true,"href":"https:\/\/www.radiopiu.net\/wordpress\/wp-json\/wp\/v2\/categories?post=293398"},{"taxonomy":"post_tag","embeddable":true,"href":"https:\/\/www.radiopiu.net\/wordpress\/wp-json\/wp\/v2\/tags?post=293398"}],"curies":[{"name":"wp","href":"https:\/\/api.w.org\/{rel}","templated":true}]}}