{"id":293491,"date":"2022-08-20T05:34:13","date_gmt":"2022-08-20T03:34:13","guid":{"rendered":"https:\/\/www.radiopiu.net\/wordpress\/?p=293491"},"modified":"2022-08-20T12:58:19","modified_gmt":"2022-08-20T10:58:19","slug":"giornale-radiopiu-20-agosto-2022-direttore-mirko-mezzacasa","status":"publish","type":"post","link":"https:\/\/www.radiopiu.net\/wordpress\/giornale-radiopiu-20-agosto-2022-direttore-mirko-mezzacasa\/","title":{"rendered":"GIORNALE RADIOPIU 20 AGOSTO 2022 DIRETTORE MIRKO MEZZACASA"},"content":{"rendered":"<h3 class=\"kvgmc6g5 cxmmr5t8 oygrvhab hcukyx3x c1et5uql\"><span style=\"color: #0000ff;\"><strong><a class=\"dt-pswp-item\" href=\"https:\/\/www.radiopiu.net\/wordpress\/wp-content\/uploads\/2021\/08\/papa-luciani-2.jpg\" data-dt-img-description=\"\" data-large_image_width=\"1200\" data-large_image_height=\"800\"><img loading=\"lazy\" decoding=\"async\" class=\"size-thumbnail wp-image-229320 alignleft\" src=\"https:\/\/www.radiopiu.net\/wordpress\/wp-content\/uploads\/2021\/08\/papa-luciani-2-150x150.jpg\" alt=\"\" width=\"150\" height=\"150\" \/><\/a><\/strong><\/span><\/h3>\n<h3><\/h3>\n<h3 class=\"kvgmc6g5 cxmmr5t8 oygrvhab hcukyx3x c1et5uql\"><span style=\"color: #0000ff;\"><strong>RADIO PIU INFORMAZIONE il canale su TELEGRAM informazione di prima\u00a0 <\/strong><\/span><span style=\"color: #0000ff;\"><strong>mano e in tempo reale. iscriviti ed aiutaci a farlo conoscere\u00a0 \u00a0<\/strong><\/span><\/h3>\n<blockquote>\n<h3 style=\"text-align: left;\">IN CAMMINO VERSO LA BEATIFICAZIONE DI PAPA LUCIANI, GIOVANNI PAOLO I<\/h3>\n<\/blockquote>\n<p>&nbsp;<\/p>\n<p><strong><span style=\"color: #ff0000;\">PRIMA TAPPA, LE MESSE DEL 26 AGOSTO E 28 AGOSTO<\/span><\/strong><\/p>\n<audio class=\"wp-audio-shortcode\" id=\"audio-293491-1\" preload=\"none\" style=\"width: 100%;\" controls=\"controls\"><source type=\"audio\/mpeg\" src=\"https:\/\/www.radiopiu.net\/wordpress\/wp-content\/uploads\/2022\/08\/SPOT-LUCIANI-1-DAL-20-AL-28-AGOSTO.mp3?_=1\" \/><a href=\"https:\/\/www.radiopiu.net\/wordpress\/wp-content\/uploads\/2022\/08\/SPOT-LUCIANI-1-DAL-20-AL-28-AGOSTO.mp3\">https:\/\/www.radiopiu.net\/wordpress\/wp-content\/uploads\/2022\/08\/SPOT-LUCIANI-1-DAL-20-AL-28-AGOSTO.mp3<\/a><\/audio>\n<p>&nbsp;<\/p>\n<blockquote>\n<h3>DALL&#8217;OSPEDALE DI MONTEBELLUNA L&#8217;ABBRACCIO ALLE COMUNITA&#8217; DI CANALE D&#8217;AGORDO E VALLADA<\/h3>\n<\/blockquote>\n<p><strong><a class=\"dt-pswp-item\" href=\"https:\/\/www.radiopiu.net\/wordpress\/wp-content\/uploads\/2022\/05\/DON-VITO-DE-VIDO.jpg\" data-dt-img-description=\"\" data-large_image_width=\"550\" data-large_image_height=\"828\"><img loading=\"lazy\" decoding=\"async\" class=\"size-thumbnail wp-image-275816 alignleft\" src=\"https:\/\/www.radiopiu.net\/wordpress\/wp-content\/uploads\/2022\/05\/DON-VITO-DE-VIDO-150x150.jpg\" alt=\"\" width=\"150\" height=\"150\" \/><\/a>REDAZIONE<\/strong> Dall&#8217;ospedale di Montebelluna il saluto e l&#8217;abbraccio alle comunit\u00e0 di Canale D&#8217;Agordo e Vallada<\/p>\n<p>Ospite di Radio Pi\u00f9, Don Vito De Vido<\/p>\n<audio class=\"wp-audio-shortcode\" id=\"audio-293491-2\" preload=\"none\" style=\"width: 100%;\" controls=\"controls\"><source type=\"audio\/mpeg\" src=\"https:\/\/www.radiopiu.net\/wordpress\/wp-content\/uploads\/2020\/10\/DON-VITO-DE-VIDO.mp3?_=2\" \/><a href=\"https:\/\/www.radiopiu.net\/wordpress\/wp-content\/uploads\/2020\/10\/DON-VITO-DE-VIDO.mp3\">https:\/\/www.radiopiu.net\/wordpress\/wp-content\/uploads\/2020\/10\/DON-VITO-DE-VIDO.mp3<\/a><\/audio>\n<p>&nbsp;<\/p>\n<hr \/>\n<p>&nbsp;<\/p>\n<blockquote>\n<h3><a class=\"dt-pswp-item\" href=\"https:\/\/www.radiopiu.net\/wordpress\/wp-content\/uploads\/2021\/01\/Tamponi-Paludi-1.jpg\" data-dt-img-description=\"\" data-large_image_width=\"1600\" data-large_image_height=\"900\"><img loading=\"lazy\" decoding=\"async\" class=\"size-thumbnail wp-image-186210 alignleft\" src=\"https:\/\/www.radiopiu.net\/wordpress\/wp-content\/uploads\/2021\/01\/Tamponi-Paludi-1-150x150.jpg\" alt=\"\" width=\"150\" height=\"150\" \/><\/a>PUNTO TAMPONI STRAORDINARIO DOMANI A PALUDI<\/h3>\n<\/blockquote>\n<p><strong>BELLUNO <\/strong>L\u2019Ulss Dolomiti attiva per domani dalle 8.30 alle 12.30 un punto tamponi a Paludi per persone con sintomatologia covid, ad ACCESSO LIBERO. Sar\u00e0 presente un operatore sanitario per il triage all\u2019ingresso. NON \u00e8 quindi necessario chiamare il 118 o la Guardia medica per l\u2019impegnativa. Si invitano le persone a NON rivolgersi al 118 per richieste di prescrizione di tampone. Pur se in evidente rallentamento, la circolazione virale di SARS-CoV-2 rimane consistente, determinando una casistica circa 8 volte superiore alla soglia epidemica (50 casi settimanali su 100.000 abitanti).<\/p>\n<p>&nbsp;<\/p>\n<p>&nbsp;<\/p>\n<hr \/>\n<p>&nbsp;<\/p>\n<p>&nbsp;<\/p>\n<blockquote>\n<h3 class=\"entry-title\">LAVORI SULLA SP 347 DEL CEREDA E DURAN E SULLA SP 20 DELLA VAL FIORENTINA<\/h3>\n<\/blockquote>\n<p><strong class=\"photoswipe-wrapper\"><a class=\"dt-pswp-item pspw-wrap-ready\" href=\"https:\/\/www.radiopiu.net\/wordpress\/wp-content\/uploads\/2020\/05\/VENETO-STRADE.png\" data-dt-img-description=\"\" data-large_image_width=\"400\" data-large_image_height=\"400\"><img loading=\"lazy\" decoding=\"async\" class=\" wp-image-135574 alignleft\" src=\"https:\/\/www.radiopiu.net\/wordpress\/wp-content\/uploads\/2020\/05\/VENETO-STRADE-150x150.png\" sizes=\"auto, (max-width: 120px) 100vw, 120px\" srcset=\"https:\/\/www.radiopiu.net\/wordpress\/wp-content\/uploads\/2020\/05\/VENETO-STRADE-150x150.png 150w, https:\/\/www.radiopiu.net\/wordpress\/wp-content\/uploads\/2020\/05\/VENETO-STRADE-300x300.png 300w, https:\/\/www.radiopiu.net\/wordpress\/wp-content\/uploads\/2020\/05\/VENETO-STRADE.png 400w\" alt=\"\" width=\"120\" height=\"120\" \/><\/a><\/strong><strong>SEDICO\u00a0<\/strong>Veneto Strade comunica che a partire dal 22 agosto e fino al 28 ottobre la SP 347 del Passo Cereda e Duran sar\u00e0 a senso unico alternato nei comuni di Agordo e Taibon Agordino. Senso unico regolato da semaforo o movieri. La modifica alla viabilit\u00e0 \u00e8 necessaria per lavori di regimazione idraulica.<\/p>\n<p><strong>SEDICO<\/strong>\u00a0Lavori anche sulla SP 20 della Val Fiorentina in comune di Selva Di Cadore. Senso unico alternato regolato da semaforo per lavori di adeguamento geometrico funzionale dal 22 agosto al 30 settembre<\/p>\n<p>&nbsp;<\/p>\n<p>&nbsp;<\/p>\n<hr \/>\n<p>&nbsp;<\/p>\n<blockquote>\n<h3>SP 3 CHIUSA PER DUE SETTIMANE A RIVAMONTE IN LOCALITA&#8217; GONA DI CONDERA<\/h3>\n<\/blockquote>\n<p><strong>SEDICO<\/strong> Veneto Strade comunica che dal 29 agosto al 9 settembre, sabato e domenica esclusi, la SP 3 di Valle Imperina verr\u00e0 interdetta al traffico per la messa in sicurezza della strada. La chiusura avverr\u00e0 dalle 8 del 29 agosto alle 18 del 2 settembre e dalle 8 del del 5 settembre alle 18 del 9 settembre. Dalle 18 del 2 settembre alle 8 del 5 settembre istituzione di senso unico alternato regolato da impianto semaforico.<\/p>\n<p>&nbsp;<\/p>\n<blockquote>\n<h3 class=\"entry-title\">VERSO L\u2019ELIMINAZIONE DEL SEMAFORO, SULLA PROVINCIALE 8 DAL 29 AGOSTO VIA AI CANTIERI<\/h3>\n<\/blockquote>\n<p><strong><img loading=\"lazy\" decoding=\"async\" class=\"alignleft\" src=\"https:\/\/www.radiopiu.net\/wordpress\/wp-content\/uploads\/2021\/11\/81aa72cc-d66b-44fa-afd5-7103ae531a24.jpg\" width=\"193\" height=\"142\" \/>SAN TOMASO<\/strong>\u00a0Verso la soluzione per la provinciale 8 a Col Zares\u00e8. Infatti a fine mese (29 agosto) iniziano i lavori che potrebbero concludersi nell\u2019arco di un mese (30 settembre). E\u2019 dal 17 luglio del 2014 che per raggiungere San Tomaso da Cencenighe \u00e8 d\u2019obbligo il rispetto del semaforo, ma dalla prossima stagione autunnale a lavori terminati e micopali piantati tutto cambier\u00e0. Ai residenti soprattutto viene richiesto ancora un sacrificio, ma pur di rivedere aperta quella strada nella sua normalit\u00e0 \u00e8 giustificato e lecito. Dunque dal 29 agosto al 30 settembre, esclusi festivi e prefestivi, la strada chiuder\u00e0 totalmente dalle 7.15 alle 12.45 e dalle 14.15 alle 17.45. Negli altri orari senso unico alternato regolato da semaforo.<\/p>\n<p><strong>DAL CORRIERE DELLE ALPI, di Gianni Santomaso<\/strong><\/p>\n<audio class=\"wp-audio-shortcode\" id=\"audio-293491-3\" preload=\"none\" style=\"width: 100%;\" controls=\"controls\"><source type=\"audio\/mpeg\" src=\"https:\/\/www.radiopiu.net\/wordpress\/wp-content\/uploads\/2022\/08\/GIANNI-GONA-DI-CONEDERA.mp3?_=3\" \/><a href=\"https:\/\/www.radiopiu.net\/wordpress\/wp-content\/uploads\/2022\/08\/GIANNI-GONA-DI-CONEDERA.mp3\">https:\/\/www.radiopiu.net\/wordpress\/wp-content\/uploads\/2022\/08\/GIANNI-GONA-DI-CONEDERA.mp3<\/a><\/audio>\n<p>&nbsp;<\/p>\n<p>&nbsp;<\/p>\n<p>&nbsp;<\/p>\n<hr \/>\n<p>&nbsp;<\/p>\n<blockquote>\n<h3>ACQUA NON POTABILE A MOE&#8217; DI LASTE DI ROCCA PIETORE<\/h3>\n<\/blockquote>\n<p><strong>ROCCA PIETORE<\/strong> Gestione Servizi Pubblici informa che a ROCCA PIETORE in localit\u00e0 MOE\u2019 DI LASTE l&#8217;acqua erogata dall&#8217;acquedotto non \u00e8 potabile e pu\u00f2 essere usata per scopi alimentari SOLO PREVIA bollitura. GSP ha, comunque, gi\u00e0 adottato le necessarie misure per la disinfezione dell&#8217;acqua presente nei serbatoi e nella rete idrica con l&#8217;aggiunta di cloro.<\/p>\n<p>&nbsp;<\/p>\n<p>&nbsp;<\/p>\n<hr \/>\n<p>&nbsp;<\/p>\n<blockquote>\n<h3>INCIDENTE SUL LAVORO, GRAVE UN OPERAIO<\/h3>\n<\/blockquote>\n<p><strong>VITTORIO VENETO &#8211; CHIES\u00a0 D&#8217;ALPAGO<\/strong> Un operaio alpagoto, D.R. 34 anni non \u00e8 in pericolo di vita, ma rischia la mano. Nell&#8217;incidente alla Tema Srl di Vittorio Veneto ha riportato un trauma da schiacciamento, con lacerazione del palmo.\u00a0 L&#8217;arto schiacciato sotto due rulli in via dell&#8217;Industria, nello stabilimento teatro dell&#8217;incidente. Sul posto i carabinieri della stazione di Vittorio Veneto e i tecnici dello Spisal. \u00a0A dare l&#8217;allarme sono stati i colleghi di lavoro. L&#8217;uomo \u00e8 stato soccorso dagli uomini del 118 e trasferito con l&#8217;elisoccorso all&#8217;ospedale di Treviso.<\/p>\n<p>&nbsp;<\/p>\n<p>&nbsp;<\/p>\n<hr \/>\n<blockquote>\n<h3 class=\"entry-title\">SPACCATURE EVIDENTI. ENTE PARCO-SOCIETA\u2019: SEMPRE PIU\u2019 LONTANI<\/h3>\n<h3><em>\u201cAumentare la distanza con la societ\u00e0 pu\u00f2 diventare un problema\u201d<\/em><\/h3>\n<\/blockquote>\n<p><strong>REDAZIONE<\/strong> L&#8217;Ente Parco \u00e8 sulla bocca di molti, soprattutto degli amanti degli eventi, motoristici in particolare, ma non solo visto quanto \u00e8 stato riportato in questi giorni dalla Valle del Mis (ben documentato con fotografie),\u00a0 oppure dal sito di Valle Imperina, certo di propriet\u00e0 del Comune di Rivamonte,\u00a0 ma che il Parco in passato ne ha sempre fatto vanto considerandola porta del Parco e costruendovi pure un centro visitatori da 4 anni senza una parte di tetto ed abbandonato al suo destino. Le foto di Giuliano Laveder riportate in questi giorni sui nostri canali ne sono un lampante esempio, se questa \u00e8 la porta del Parco per cortesia teniamola chiusa. Un invito che RADIOPIU gi\u00e0 aveva rinnovato un anno fa con la collaborazione di Moreno Geremetta (vedi link a fondo articolo). Tornando al Parco e al suo direttivo presieduto da Ennio Vigne, anche il Deputato Roger De Menech ha preso la parola,\u00a0 alla luce della dimissioni del sindaco di Val di Zoldo Camillo De Pellegrin, un pessimo segnale verso l&#8217;esterno che dovrebbe invitare ad una riflessione generale, non a caso sui nostri social la parola pi\u00f9 ripetuta \u00e8 &#8220;dimettetevi&#8221; e non \u00e8 casuale, piuttosto un segnale che parte della popolazione bellunese non si riconosce in questo Ente o in chi \u00e8 stato chiamato (non eletto) a guidarlo con relativo invidiabile compenso.\u00a0 <em>&#8220;L&#8217;Ente Parco\u00a0 &#8211; dice il deputato del Partito Democratico Roger De Menech &#8211; dovrebbe curare e coltivare le relazioni\u00a0 attraverso i sindaci e gli amministratori di quei comuni sul cui territorio insiste. La vicenda della Pedavena Croce d\u2019Aune, al di l\u00e0 di alcuni aspetti grotteschi per cui si preclude la possibilit\u00e0 di svolgere un evento sportivo su una strada aperta al traffico veicolare, ripropone uno scontro tra ambientalismo e il resto della societ\u00e0. Questo atteggiamento \u00e8 un errore, in primo luogo culturale. Il Parco \u00e8 una risorsa per tutti. Per la tutela che offre, per i progetti di ricerca che \u00e8 in grado di sviluppare in connessione con gli atenei italiani ed europei, per le economie che inevitabilmente muove. Le esigenze di tutela del ministero, quindi dello stato e dei Comuni, in realt\u00e0 coincidono. Proprio per questo \u00e8 pericoloso oggi spezzare quest\u2019unione e polarizzare l\u2019opinione pubblica. Tuttavia, ricordo che ci sono voluti oltre vent\u2019anni per arrivare alla sua istituzione e gran parte di quei due decenni fu spesa per vincere le resistenze delle popolazioni e delle amministrazioni locali. L\u2019idea che pochi illuminati sono portatori di valore e di verit\u00e0 \u00e8 purtroppo un problema ricorrente. Non abbiamo alcun bisogno di riproporre contrapposizioni del secolo scorso. Abbiamo necessit\u00e0 di dialogo, non di intransigenza, di capacit\u00e0 di relazionarsi con l\u2019esterno, non di chiusura. Il Parco delle Dolomiti \u00e8 un asse fondamentale dello sviluppo per il Bellunese e per il Veneto e non pu\u00f2 essere bruciato sull\u2019altare dell\u2019intransigenza, lo sforzo deve essere quello di trovare le soluzioni, anche innovando\u201d.\u00a0<\/em><\/p>\n<p><strong>LE FOTO GIULIANO LAVEDER\u00a0<\/strong><\/p>\n\n\t\t\t<style type='text\/css'>\n\t\t\t\t#gallery-1 {\n\t\t\t\t\tmargin: auto;\n\t\t\t\t}\n\t\t\t\t#gallery-1 .gallery-item {\n\t\t\t\t\tfloat: left;\n\t\t\t\t\tmargin-top: 10px;\n\t\t\t\t\ttext-align: center;\n\t\t\t\t\twidth: 20%;\n\t\t\t\t}\n\t\t\t\t#gallery-1 img {\n\t\t\t\t\tborder: 2px solid #cfcfcf;\n\t\t\t\t}\n\t\t\t\t#gallery-1 .gallery-caption {\n\t\t\t\t\tmargin-left: 0;\n\t\t\t\t}\n\t\t\t\t\/* see gallery_shortcode() in wp-includes\/media.php *\/\n\t\t\t<\/style>\n\t\t<div id='gallery-1' class='dt-gallery-container gallery galleryid-293491 gallery-columns-5 gallery-size-thumbnail'><dl class='gallery-item'>\n\t\t\t\t<dt class='gallery-icon landscape'>\n\t\t\t\t\t<a class=\"rollover\" href='https:\/\/www.radiopiu.net\/wordpress\/spaccature-evidenti-ente-parco-societa-sempre-piu-lontani\/300181154_10225315635952126_7039311878657123102_n\/'><img loading=\"lazy\" decoding=\"async\" width=\"150\" height=\"150\" src=\"https:\/\/www.radiopiu.net\/wordpress\/wp-content\/uploads\/2022\/08\/300181154_10225315635952126_7039311878657123102_n-150x150.jpg\" class=\"attachment-thumbnail size-thumbnail\" alt=\"\" \/><\/a>\n\t\t\t\t<\/dt><\/dl><dl class='gallery-item'>\n\t\t\t\t<dt class='gallery-icon portrait'>\n\t\t\t\t\t<a class=\"rollover\" href='https:\/\/www.radiopiu.net\/wordpress\/spaccature-evidenti-ente-parco-societa-sempre-piu-lontani\/300381232_10225315631392012_3728215145830287785_n\/'><img loading=\"lazy\" decoding=\"async\" width=\"150\" height=\"150\" src=\"https:\/\/www.radiopiu.net\/wordpress\/wp-content\/uploads\/2022\/08\/300381232_10225315631392012_3728215145830287785_n-150x150.jpg\" class=\"attachment-thumbnail size-thumbnail\" alt=\"\" \/><\/a>\n\t\t\t\t<\/dt><\/dl><dl class='gallery-item'>\n\t\t\t\t<dt class='gallery-icon landscape'>\n\t\t\t\t\t<a class=\"rollover\" href='https:\/\/www.radiopiu.net\/wordpress\/le-miserie-di-valle-imperina-di-moreno-geremetta\/300336918_10225315639112205_475308206056130559_n\/'><img loading=\"lazy\" decoding=\"async\" width=\"150\" height=\"150\" src=\"https:\/\/www.radiopiu.net\/wordpress\/wp-content\/uploads\/2021\/07\/300336918_10225315639112205_475308206056130559_n-150x150.jpg\" class=\"attachment-thumbnail size-thumbnail\" alt=\"\" \/><\/a>\n\t\t\t\t<\/dt><\/dl><dl class='gallery-item'>\n\t\t\t\t<dt class='gallery-icon portrait'>\n\t\t\t\t\t<a class=\"rollover\" href='https:\/\/www.radiopiu.net\/wordpress\/le-miserie-di-valle-imperina-di-moreno-geremetta\/300260510_10225315637032153_861972079652512105_n\/'><img loading=\"lazy\" decoding=\"async\" width=\"150\" height=\"150\" src=\"https:\/\/www.radiopiu.net\/wordpress\/wp-content\/uploads\/2021\/07\/300260510_10225315637032153_861972079652512105_n-150x150.jpg\" class=\"attachment-thumbnail size-thumbnail\" alt=\"\" \/><\/a>\n\t\t\t\t<\/dt><\/dl><dl class='gallery-item'>\n\t\t\t\t<dt class='gallery-icon landscape'>\n\t\t\t\t\t<a class=\"rollover\" href='https:\/\/www.radiopiu.net\/wordpress\/le-miserie-di-valle-imperina-di-moreno-geremetta\/300216608_10225315640032228_4441526790731997000_n\/'><img loading=\"lazy\" decoding=\"async\" width=\"150\" height=\"150\" src=\"https:\/\/www.radiopiu.net\/wordpress\/wp-content\/uploads\/2021\/07\/300216608_10225315640032228_4441526790731997000_n-150x150.jpg\" class=\"attachment-thumbnail size-thumbnail\" alt=\"\" \/><\/a>\n\t\t\t\t<\/dt><\/dl><br style=\"clear: both\" \/>\n\t\t\t<\/div>\n\n<p>&nbsp;<\/p>\n<blockquote class=\"wp-embedded-content\" data-secret=\"UF5xkQs2AS\"><p><a href=\"https:\/\/www.radiopiu.net\/wordpress\/le-miserie-di-valle-imperina-di-moreno-geremetta\/\">LE &#8220;MISERIE&#8221; DI VALLE IMPERINA di MORENO GEREMETTA<\/a><\/p><\/blockquote>\n<p><iframe loading=\"lazy\" class=\"wp-embedded-content\" sandbox=\"allow-scripts\" security=\"restricted\" style=\"position: absolute; clip: rect(1px, 1px, 1px, 1px);\" title=\"&#8220;LE &#8220;MISERIE&#8221; DI VALLE IMPERINA di MORENO GEREMETTA&#8221; &#8212; Radio Pi\u00f9\" src=\"https:\/\/www.radiopiu.net\/wordpress\/le-miserie-di-valle-imperina-di-moreno-geremetta\/embed\/#?secret=pJL2Hx5G1v#?secret=UF5xkQs2AS\" data-secret=\"UF5xkQs2AS\" width=\"600\" height=\"338\" frameborder=\"0\" marginwidth=\"0\" marginheight=\"0\" scrolling=\"no\"><\/iframe><\/p>\n<p>&nbsp;<\/p>\n<blockquote>\n<h3>\u00a0ECCO COME SI PRESENTA IL PARCO, FOTO DI FABRIZIO FENT<\/h3>\n<p><em><span class=\"gvxzyvdx aeinzg81 t7p7dqev gh25dzvf exr7barw b6ax4al1 gem102v4 ncib64c9 mrvwc6qr sx8pxkcf f597kf1v cpcgwwas m2nijcs8 hxfwr5lz k1z55t6l oog5qr5w tes86rjd pbevjfx6 ztn2w49o\" dir=\"auto\">L&#8217;ente Parco Dolomiti Bellunesi ha stoppato la corsa in salita Pedavena -Croce d&#8217;Aune. Motivazione? Il regolamento vieta. Bene, vuol dire che il parco ha a cuore la bellezza, il silenzio, la cura del verde, l&#8217;ordine del territorio tutelato e fa di tutto per mantenere, sviluppare e promuovere la fruizione corretta con strutture aperte, segnaletica puntuale ed aggiornata, promuove l&#8217;uso della bicicletta come veicolo ecologico curando una rete di piste e strade dedicate accessibili anche ad anziani e disabili che possono cos\u00ec accedere in sicurezza, senza dover entrare in gallerie.I\u00a0 camminatori che vanno per sentieri possono attendere il mezzo pubblico in apposite cabine che proteggono da sole e pioggia e danno indicazioni sui tempi di attesa , invece che usare puzzolenti auto private. Questo \u00e8 ci\u00f2 che il giorno di Ferragosto, che cade ogni anno ed \u00e8 largamente prevedibile, poteva vedere un turista italiano o straniero percorrendo un anello dentro ed attorno al Parco.<\/span><\/em><\/p><\/blockquote>\n\n\t\t\t<style type='text\/css'>\n\t\t\t\t#gallery-2 {\n\t\t\t\t\tmargin: auto;\n\t\t\t\t}\n\t\t\t\t#gallery-2 .gallery-item {\n\t\t\t\t\tfloat: left;\n\t\t\t\t\tmargin-top: 10px;\n\t\t\t\t\ttext-align: center;\n\t\t\t\t\twidth: 25%;\n\t\t\t\t}\n\t\t\t\t#gallery-2 img {\n\t\t\t\t\tborder: 2px solid #cfcfcf;\n\t\t\t\t}\n\t\t\t\t#gallery-2 .gallery-caption {\n\t\t\t\t\tmargin-left: 0;\n\t\t\t\t}\n\t\t\t\t\/* see gallery_shortcode() in wp-includes\/media.php *\/\n\t\t\t<\/style>\n\t\t<div id='gallery-2' class='dt-gallery-container gallery galleryid-293491 gallery-columns-4 gallery-size-thumbnail'><dl class='gallery-item'>\n\t\t\t\t<dt class='gallery-icon landscape'>\n\t\t\t\t\t<a class=\"rollover rollover-zoom dt-pswp-item\" title=\"299750323_1147791492442686_4561550085043016454_n\" data-dt-img-description=\"\" data-large_image_width=\"2048\" data-large_image_height=\"1536\"href='https:\/\/www.radiopiu.net\/wordpress\/wp-content\/uploads\/2022\/08\/299750323_1147791492442686_4561550085043016454_n.jpg'><img loading=\"lazy\" decoding=\"async\" width=\"150\" height=\"150\" src=\"https:\/\/www.radiopiu.net\/wordpress\/wp-content\/uploads\/2022\/08\/299750323_1147791492442686_4561550085043016454_n-150x150.jpg\" class=\"attachment-thumbnail size-thumbnail\" alt=\"\" \/><\/a>\n\t\t\t\t<\/dt><\/dl><dl class='gallery-item'>\n\t\t\t\t<dt class='gallery-icon landscape'>\n\t\t\t\t\t<a class=\"rollover rollover-zoom dt-pswp-item\" title=\"299831359_1147788412442994_8905883599791542274_n\" data-dt-img-description=\"\" data-large_image_width=\"2048\" data-large_image_height=\"1536\"href='https:\/\/www.radiopiu.net\/wordpress\/wp-content\/uploads\/2022\/08\/299831359_1147788412442994_8905883599791542274_n.jpg'><img loading=\"lazy\" decoding=\"async\" width=\"150\" height=\"150\" src=\"https:\/\/www.radiopiu.net\/wordpress\/wp-content\/uploads\/2022\/08\/299831359_1147788412442994_8905883599791542274_n-150x150.jpg\" class=\"attachment-thumbnail size-thumbnail\" alt=\"\" \/><\/a>\n\t\t\t\t<\/dt><\/dl><dl class='gallery-item'>\n\t\t\t\t<dt class='gallery-icon landscape'>\n\t\t\t\t\t<a class=\"rollover rollover-zoom dt-pswp-item\" title=\"299919640_1147785675776601_721816731169853666_n\" data-dt-img-description=\"\" data-large_image_width=\"600\" data-large_image_height=\"450\"href='https:\/\/www.radiopiu.net\/wordpress\/wp-content\/uploads\/2022\/08\/299919640_1147785675776601_721816731169853666_n.jpg'><img loading=\"lazy\" decoding=\"async\" width=\"150\" height=\"150\" src=\"https:\/\/www.radiopiu.net\/wordpress\/wp-content\/uploads\/2022\/08\/299919640_1147785675776601_721816731169853666_n-150x150.jpg\" class=\"attachment-thumbnail size-thumbnail\" alt=\"\" \/><\/a>\n\t\t\t\t<\/dt><\/dl><dl class='gallery-item'>\n\t\t\t\t<dt class='gallery-icon landscape'>\n\t\t\t\t\t<a class=\"rollover rollover-zoom dt-pswp-item\" title=\"299493204_1147788225776346_5501042951503245956_n\" data-dt-img-description=\"\" data-large_image_width=\"2048\" data-large_image_height=\"1536\"href='https:\/\/www.radiopiu.net\/wordpress\/wp-content\/uploads\/2022\/08\/299493204_1147788225776346_5501042951503245956_n.jpg'><img loading=\"lazy\" decoding=\"async\" width=\"150\" height=\"150\" src=\"https:\/\/www.radiopiu.net\/wordpress\/wp-content\/uploads\/2022\/08\/299493204_1147788225776346_5501042951503245956_n-150x150.jpg\" class=\"attachment-thumbnail size-thumbnail\" alt=\"\" \/><\/a>\n\t\t\t\t<\/dt><\/dl><br style=\"clear: both\" \/><dl class='gallery-item'>\n\t\t\t\t<dt class='gallery-icon landscape'>\n\t\t\t\t\t<a class=\"rollover rollover-zoom dt-pswp-item\" title=\"299633828_1147787235776445_4863787398166949845_n\" data-dt-img-description=\"\" data-large_image_width=\"2048\" data-large_image_height=\"1536\"href='https:\/\/www.radiopiu.net\/wordpress\/wp-content\/uploads\/2022\/08\/299633828_1147787235776445_4863787398166949845_n.jpg'><img loading=\"lazy\" decoding=\"async\" width=\"150\" height=\"150\" src=\"https:\/\/www.radiopiu.net\/wordpress\/wp-content\/uploads\/2022\/08\/299633828_1147787235776445_4863787398166949845_n-150x150.jpg\" class=\"attachment-thumbnail size-thumbnail\" alt=\"\" \/><\/a>\n\t\t\t\t<\/dt><\/dl><dl class='gallery-item'>\n\t\t\t\t<dt class='gallery-icon landscape'>\n\t\t\t\t\t<a class=\"rollover rollover-zoom dt-pswp-item\" title=\"299676796_1147785849109917_5288770266981165337_n\" data-dt-img-description=\"\" data-large_image_width=\"2048\" data-large_image_height=\"1536\"href='https:\/\/www.radiopiu.net\/wordpress\/wp-content\/uploads\/2022\/08\/299676796_1147785849109917_5288770266981165337_n.jpg'><img loading=\"lazy\" decoding=\"async\" width=\"150\" height=\"150\" src=\"https:\/\/www.radiopiu.net\/wordpress\/wp-content\/uploads\/2022\/08\/299676796_1147785849109917_5288770266981165337_n-150x150.jpg\" class=\"attachment-thumbnail size-thumbnail\" alt=\"\" \/><\/a>\n\t\t\t\t<\/dt><\/dl><dl class='gallery-item'>\n\t\t\t\t<dt class='gallery-icon landscape'>\n\t\t\t\t\t<a class=\"rollover rollover-zoom dt-pswp-item\" title=\"299699354_1147785592443276_440869906998263087_n\" data-dt-img-description=\"\" data-large_image_width=\"600\" data-large_image_height=\"450\"href='https:\/\/www.radiopiu.net\/wordpress\/wp-content\/uploads\/2022\/08\/299699354_1147785592443276_440869906998263087_n.jpg'><img loading=\"lazy\" decoding=\"async\" width=\"150\" height=\"150\" src=\"https:\/\/www.radiopiu.net\/wordpress\/wp-content\/uploads\/2022\/08\/299699354_1147785592443276_440869906998263087_n-150x150.jpg\" class=\"attachment-thumbnail size-thumbnail\" alt=\"\" \/><\/a>\n\t\t\t\t<\/dt><\/dl><dl class='gallery-item'>\n\t\t\t\t<dt class='gallery-icon landscape'>\n\t\t\t\t\t<a class=\"rollover rollover-zoom dt-pswp-item\" title=\"299718071_1147787585776410_6824506411941505249_n\" data-dt-img-description=\"\" data-large_image_width=\"2048\" data-large_image_height=\"1536\"href='https:\/\/www.radiopiu.net\/wordpress\/wp-content\/uploads\/2022\/08\/299718071_1147787585776410_6824506411941505249_n.jpg'><img loading=\"lazy\" decoding=\"async\" width=\"150\" height=\"150\" src=\"https:\/\/www.radiopiu.net\/wordpress\/wp-content\/uploads\/2022\/08\/299718071_1147787585776410_6824506411941505249_n-150x150.jpg\" class=\"attachment-thumbnail size-thumbnail\" alt=\"\" \/><\/a>\n\t\t\t\t<\/dt><\/dl><br style=\"clear: both\" \/>\n\t\t\t<\/div>\n\n<p>&nbsp;<\/p>\n<p>&nbsp;<\/p>\n<p>&nbsp;<\/p>\n<hr \/>\n<p>&nbsp;<\/p>\n<blockquote>\n<h3>QUANDO L&#8217;INCIVILTA&#8217; LASCIA IL SEGNO A TAIBON<\/h3>\n<\/blockquote>\n<p>&nbsp;<\/p>\n<blockquote>\n<h3>OGGI 20 AGOSTO, DI PRIMA MATTINA NEI PRESSI DEL GRETO DEL TORRENTE TEGNAS.<\/h3>\n<\/blockquote>\n<p>&nbsp;<\/p>\n\n\t\t\t<style type='text\/css'>\n\t\t\t\t#gallery-3 {\n\t\t\t\t\tmargin: auto;\n\t\t\t\t}\n\t\t\t\t#gallery-3 .gallery-item {\n\t\t\t\t\tfloat: left;\n\t\t\t\t\tmargin-top: 10px;\n\t\t\t\t\ttext-align: center;\n\t\t\t\t\twidth: 50%;\n\t\t\t\t}\n\t\t\t\t#gallery-3 img {\n\t\t\t\t\tborder: 2px solid #cfcfcf;\n\t\t\t\t}\n\t\t\t\t#gallery-3 .gallery-caption {\n\t\t\t\t\tmargin-left: 0;\n\t\t\t\t}\n\t\t\t\t\/* see gallery_shortcode() in wp-includes\/media.php *\/\n\t\t\t<\/style>\n\t\t<div id='gallery-3' class='dt-gallery-container gallery galleryid-293491 gallery-columns-2 gallery-size-thumbnail'><dl class='gallery-item'>\n\t\t\t\t<dt class='gallery-icon landscape'>\n\t\t\t\t\t<a class=\"rollover rollover-zoom dt-pswp-item\" title=\"3bc0b821-2b02-4e11-974b-ecc6453bb20e\" data-dt-img-description=\"\" data-large_image_width=\"1500\" data-large_image_height=\"1500\"href='https:\/\/www.radiopiu.net\/wordpress\/wp-content\/uploads\/2022\/08\/3bc0b821-2b02-4e11-974b-ecc6453bb20e.jpg'><img loading=\"lazy\" decoding=\"async\" width=\"150\" height=\"150\" src=\"https:\/\/www.radiopiu.net\/wordpress\/wp-content\/uploads\/2022\/08\/3bc0b821-2b02-4e11-974b-ecc6453bb20e-150x150.jpg\" class=\"attachment-thumbnail size-thumbnail\" alt=\"\" srcset=\"https:\/\/www.radiopiu.net\/wordpress\/wp-content\/uploads\/2022\/08\/3bc0b821-2b02-4e11-974b-ecc6453bb20e-150x150.jpg 150w, https:\/\/www.radiopiu.net\/wordpress\/wp-content\/uploads\/2022\/08\/3bc0b821-2b02-4e11-974b-ecc6453bb20e-300x300.jpg 300w, https:\/\/www.radiopiu.net\/wordpress\/wp-content\/uploads\/2022\/08\/3bc0b821-2b02-4e11-974b-ecc6453bb20e-1024x1024.jpg 1024w, https:\/\/www.radiopiu.net\/wordpress\/wp-content\/uploads\/2022\/08\/3bc0b821-2b02-4e11-974b-ecc6453bb20e-768x768.jpg 768w, https:\/\/www.radiopiu.net\/wordpress\/wp-content\/uploads\/2022\/08\/3bc0b821-2b02-4e11-974b-ecc6453bb20e.jpg 1500w\" sizes=\"auto, (max-width: 150px) 100vw, 150px\" \/><\/a>\n\t\t\t\t<\/dt><\/dl><dl class='gallery-item'>\n\t\t\t\t<dt class='gallery-icon landscape'>\n\t\t\t\t\t<a class=\"rollover rollover-zoom dt-pswp-item\" title=\"d1740f70-de7b-479f-89c3-f7d3f6461a01\" data-dt-img-description=\"\" data-large_image_width=\"1500\" data-large_image_height=\"1500\"href='https:\/\/www.radiopiu.net\/wordpress\/wp-content\/uploads\/2022\/08\/d1740f70-de7b-479f-89c3-f7d3f6461a01.jpg'><img loading=\"lazy\" decoding=\"async\" width=\"150\" height=\"150\" src=\"https:\/\/www.radiopiu.net\/wordpress\/wp-content\/uploads\/2022\/08\/d1740f70-de7b-479f-89c3-f7d3f6461a01-150x150.jpg\" class=\"attachment-thumbnail size-thumbnail\" alt=\"\" srcset=\"https:\/\/www.radiopiu.net\/wordpress\/wp-content\/uploads\/2022\/08\/d1740f70-de7b-479f-89c3-f7d3f6461a01-150x150.jpg 150w, https:\/\/www.radiopiu.net\/wordpress\/wp-content\/uploads\/2022\/08\/d1740f70-de7b-479f-89c3-f7d3f6461a01-300x300.jpg 300w, https:\/\/www.radiopiu.net\/wordpress\/wp-content\/uploads\/2022\/08\/d1740f70-de7b-479f-89c3-f7d3f6461a01-1024x1024.jpg 1024w, https:\/\/www.radiopiu.net\/wordpress\/wp-content\/uploads\/2022\/08\/d1740f70-de7b-479f-89c3-f7d3f6461a01-768x768.jpg 768w, https:\/\/www.radiopiu.net\/wordpress\/wp-content\/uploads\/2022\/08\/d1740f70-de7b-479f-89c3-f7d3f6461a01.jpg 1500w\" sizes=\"auto, (max-width: 150px) 100vw, 150px\" \/><\/a>\n\t\t\t\t<\/dt><\/dl><br style=\"clear: both\" \/>\n\t\t\t<\/div>\n\n<p><a class=\"dt-pswp-item\" href=\"https:\/\/www.radiopiu.net\/wordpress\/wp-content\/uploads\/2022\/08\/7a533562-d6ed-4550-996e-4e37e9ddc3a3.jpg\" data-dt-img-description=\"\" data-large_image_width=\"2000\" data-large_image_height=\"1496\"><img loading=\"lazy\" decoding=\"async\" class=\"alignnone wp-image-293680 size-large\" src=\"https:\/\/www.radiopiu.net\/wordpress\/wp-content\/uploads\/2022\/08\/7a533562-d6ed-4550-996e-4e37e9ddc3a3-1024x766.jpg\" alt=\"\" width=\"1024\" height=\"766\" srcset=\"https:\/\/www.radiopiu.net\/wordpress\/wp-content\/uploads\/2022\/08\/7a533562-d6ed-4550-996e-4e37e9ddc3a3-1024x766.jpg 1024w, https:\/\/www.radiopiu.net\/wordpress\/wp-content\/uploads\/2022\/08\/7a533562-d6ed-4550-996e-4e37e9ddc3a3-300x224.jpg 300w, https:\/\/www.radiopiu.net\/wordpress\/wp-content\/uploads\/2022\/08\/7a533562-d6ed-4550-996e-4e37e9ddc3a3-768x574.jpg 768w, https:\/\/www.radiopiu.net\/wordpress\/wp-content\/uploads\/2022\/08\/7a533562-d6ed-4550-996e-4e37e9ddc3a3-1536x1149.jpg 1536w, https:\/\/www.radiopiu.net\/wordpress\/wp-content\/uploads\/2022\/08\/7a533562-d6ed-4550-996e-4e37e9ddc3a3.jpg 2000w\" sizes=\"auto, (max-width: 1024px) 100vw, 1024px\" \/><\/a><\/p>\n<p>&nbsp;<\/p>\n<p>&nbsp;<\/p>\n<p><strong>TAIBON<\/strong> Su tutto prevale l&#8217;incivilt\u00e0 delle persone ma va anche detto che dove vengono abbandonati i rifiuti c&#8217;\u00e8 un&#8217;area camper frequentatissima,\u00a0 Chi vive in centro a Taibon chiede che vengano prese le giuste soluzioni, magari in vista delle prossime stagioni estive visto che questa ormai \u00e8 agli sgoccioli. La segnalazione \u00e8 arrivata direttamente in radio da alcuni cittadini di Taibon Agordino.<\/p>\n<p>&nbsp;<\/p>\n<blockquote><p><em><strong>FOTO DEL 10 08 2022, ORE 21.00<\/strong><\/em><\/p><\/blockquote>\n\n\t\t\t<style type='text\/css'>\n\t\t\t\t#gallery-4 {\n\t\t\t\t\tmargin: auto;\n\t\t\t\t}\n\t\t\t\t#gallery-4 .gallery-item {\n\t\t\t\t\tfloat: left;\n\t\t\t\t\tmargin-top: 10px;\n\t\t\t\t\ttext-align: center;\n\t\t\t\t\twidth: 33%;\n\t\t\t\t}\n\t\t\t\t#gallery-4 img {\n\t\t\t\t\tborder: 2px solid #cfcfcf;\n\t\t\t\t}\n\t\t\t\t#gallery-4 .gallery-caption {\n\t\t\t\t\tmargin-left: 0;\n\t\t\t\t}\n\t\t\t\t\/* see gallery_shortcode() in wp-includes\/media.php *\/\n\t\t\t<\/style>\n\t\t<div id='gallery-4' class='dt-gallery-container gallery galleryid-293491 gallery-columns-3 gallery-size-thumbnail'><dl class='gallery-item'>\n\t\t\t\t<dt class='gallery-icon landscape'>\n\t\t\t\t\t<a class=\"rollover rollover-zoom dt-pswp-item\" title=\"ca69889f-c7eb-4cbd-bb00-95fc0b2e4500\" data-dt-img-description=\"\" data-large_image_width=\"1600\" data-large_image_height=\"1200\"href='https:\/\/www.radiopiu.net\/wordpress\/wp-content\/uploads\/2022\/08\/ca69889f-c7eb-4cbd-bb00-95fc0b2e4500.jpg'><img loading=\"lazy\" decoding=\"async\" width=\"150\" height=\"150\" src=\"https:\/\/www.radiopiu.net\/wordpress\/wp-content\/uploads\/2022\/08\/ca69889f-c7eb-4cbd-bb00-95fc0b2e4500-150x150.jpg\" class=\"attachment-thumbnail size-thumbnail\" alt=\"\" \/><\/a>\n\t\t\t\t<\/dt><\/dl><dl class='gallery-item'>\n\t\t\t\t<dt class='gallery-icon landscape'>\n\t\t\t\t\t<a class=\"rollover rollover-zoom dt-pswp-item\" title=\"16a6ef3f-c219-4a94-b280-8ef75564280f\" data-dt-img-description=\"\" data-large_image_width=\"1600\" data-large_image_height=\"1200\"href='https:\/\/www.radiopiu.net\/wordpress\/wp-content\/uploads\/2022\/08\/16a6ef3f-c219-4a94-b280-8ef75564280f.jpg'><img loading=\"lazy\" decoding=\"async\" width=\"150\" height=\"150\" src=\"https:\/\/www.radiopiu.net\/wordpress\/wp-content\/uploads\/2022\/08\/16a6ef3f-c219-4a94-b280-8ef75564280f-150x150.jpg\" class=\"attachment-thumbnail size-thumbnail\" alt=\"\" \/><\/a>\n\t\t\t\t<\/dt><\/dl><dl class='gallery-item'>\n\t\t\t\t<dt class='gallery-icon landscape'>\n\t\t\t\t\t<a class=\"rollover rollover-zoom dt-pswp-item\" title=\"1bc0837e-481d-4c4e-8631-1c54dcff76c9\" data-dt-img-description=\"\" data-large_image_width=\"1600\" data-large_image_height=\"1200\"href='https:\/\/www.radiopiu.net\/wordpress\/wp-content\/uploads\/2022\/08\/1bc0837e-481d-4c4e-8631-1c54dcff76c9.jpg'><img loading=\"lazy\" decoding=\"async\" width=\"150\" height=\"150\" src=\"https:\/\/www.radiopiu.net\/wordpress\/wp-content\/uploads\/2022\/08\/1bc0837e-481d-4c4e-8631-1c54dcff76c9-150x150.jpg\" class=\"attachment-thumbnail size-thumbnail\" alt=\"\" \/><\/a>\n\t\t\t\t<\/dt><\/dl><br style=\"clear: both\" \/>\n\t\t\t<\/div>\n\n<p>&nbsp;<\/p>\n<hr \/>\n<p>&nbsp;<\/p>\n<blockquote>\n<h3>PROBLEMA RIFIUTI, GENERALIZZATO IN TUTTA LA VALLATA<\/h3>\n<\/blockquote>\n<blockquote><p><em>Necessita un intervento concreto e veloce da parte di Valpe Ambiente che dovrebbe garantire servizi puntuali<\/em><\/p><\/blockquote>\n<p><strong>ALLEGHE<\/strong> E&#8217; un problema, indiscutibile e va risolto per rispetto dei cittadini-contribuenti, ma anche perch\u00e9 i luoghi turistici devono dare il servizio agli ospiti. Le segnalazioni sono continue, da ogni angolo della vallata. Ad esempio da Alleghe<\/p>\n\n\t\t\t<style type='text\/css'>\n\t\t\t\t#gallery-5 {\n\t\t\t\t\tmargin: auto;\n\t\t\t\t}\n\t\t\t\t#gallery-5 .gallery-item {\n\t\t\t\t\tfloat: left;\n\t\t\t\t\tmargin-top: 10px;\n\t\t\t\t\ttext-align: center;\n\t\t\t\t\twidth: 50%;\n\t\t\t\t}\n\t\t\t\t#gallery-5 img {\n\t\t\t\t\tborder: 2px solid #cfcfcf;\n\t\t\t\t}\n\t\t\t\t#gallery-5 .gallery-caption {\n\t\t\t\t\tmargin-left: 0;\n\t\t\t\t}\n\t\t\t\t\/* see gallery_shortcode() in wp-includes\/media.php *\/\n\t\t\t<\/style>\n\t\t<div id='gallery-5' class='dt-gallery-container gallery galleryid-293491 gallery-columns-2 gallery-size-medium'><dl class='gallery-item'>\n\t\t\t\t<dt class='gallery-icon portrait'>\n\t\t\t\t\t<a class=\"rollover rollover-zoom dt-pswp-item\" title=\"886c03ee-20ba-49b5-ab51-6d2e11992731\" data-dt-img-description=\"\" data-large_image_width=\"1200\" data-large_image_height=\"1600\"href='https:\/\/www.radiopiu.net\/wordpress\/wp-content\/uploads\/2022\/08\/886c03ee-20ba-49b5-ab51-6d2e11992731.jpg'><img loading=\"lazy\" decoding=\"async\" width=\"225\" height=\"300\" src=\"https:\/\/www.radiopiu.net\/wordpress\/wp-content\/uploads\/2022\/08\/886c03ee-20ba-49b5-ab51-6d2e11992731-225x300.jpg\" class=\"attachment-medium size-medium\" alt=\"\" srcset=\"https:\/\/www.radiopiu.net\/wordpress\/wp-content\/uploads\/2022\/08\/886c03ee-20ba-49b5-ab51-6d2e11992731-225x300.jpg 225w, https:\/\/www.radiopiu.net\/wordpress\/wp-content\/uploads\/2022\/08\/886c03ee-20ba-49b5-ab51-6d2e11992731-768x1024.jpg 768w, https:\/\/www.radiopiu.net\/wordpress\/wp-content\/uploads\/2022\/08\/886c03ee-20ba-49b5-ab51-6d2e11992731-1152x1536.jpg 1152w, https:\/\/www.radiopiu.net\/wordpress\/wp-content\/uploads\/2022\/08\/886c03ee-20ba-49b5-ab51-6d2e11992731.jpg 1200w\" sizes=\"auto, (max-width: 225px) 100vw, 225px\" \/><\/a>\n\t\t\t\t<\/dt><\/dl><dl class='gallery-item'>\n\t\t\t\t<dt class='gallery-icon portrait'>\n\t\t\t\t\t<a class=\"rollover rollover-zoom dt-pswp-item\" title=\"473eaa41-ae05-4174-bc9c-839a41be034c\" data-dt-img-description=\"\" data-large_image_width=\"1200\" data-large_image_height=\"1600\"href='https:\/\/www.radiopiu.net\/wordpress\/wp-content\/uploads\/2022\/08\/473eaa41-ae05-4174-bc9c-839a41be034c.jpg'><img loading=\"lazy\" decoding=\"async\" width=\"225\" height=\"300\" src=\"https:\/\/www.radiopiu.net\/wordpress\/wp-content\/uploads\/2022\/08\/473eaa41-ae05-4174-bc9c-839a41be034c-225x300.jpg\" class=\"attachment-medium size-medium\" alt=\"\" srcset=\"https:\/\/www.radiopiu.net\/wordpress\/wp-content\/uploads\/2022\/08\/473eaa41-ae05-4174-bc9c-839a41be034c-225x300.jpg 225w, https:\/\/www.radiopiu.net\/wordpress\/wp-content\/uploads\/2022\/08\/473eaa41-ae05-4174-bc9c-839a41be034c-768x1024.jpg 768w, https:\/\/www.radiopiu.net\/wordpress\/wp-content\/uploads\/2022\/08\/473eaa41-ae05-4174-bc9c-839a41be034c-1152x1536.jpg 1152w, https:\/\/www.radiopiu.net\/wordpress\/wp-content\/uploads\/2022\/08\/473eaa41-ae05-4174-bc9c-839a41be034c.jpg 1200w\" sizes=\"auto, (max-width: 225px) 100vw, 225px\" \/><\/a>\n\t\t\t\t<\/dt><\/dl><br style=\"clear: both\" \/>\n\t\t\t<\/div>\n\n<p>Le ricette per risolvere annosi problemi non mancano, nemmeno le idee di chi vive sul territorio e vede ogni giorno quali sono le criticit\u00e0, il sindaco di Alleghe, Danilo De Toni<em> &#8220;Nelle aree ad alto afflusso turistico, il kit dell&#8217;ultimo giorno non funziona. Continuiamo a riscontrare depositi di sacchetti di umido, plastica etc,\u00a0 che rimangono fino al luned\u00ec lungo le strade e la stazione di raccolta di Caprile viene spesso snobbata . Ho chiesto a Valpe ancora questo inverno che ripristini l&#8217;utilizzo dei contenitori in plastica per tutti. Oltretutto il deposito a bordo strada dei sacchetti incentiva anche persone in transito a depositare altri rifiuti&#8221;\u00a0<\/em><\/p>\n<p>&nbsp;<\/p>\n<hr \/>\n<p>&nbsp;<\/p>\n<blockquote>\n<h3>LA FESTA DI SANTA MARIA MAIOU AL CASTELLO DI ANDRAZ<\/h3>\n<\/blockquote>\n<p><strong>di Lorenzo Soratroi<\/strong><\/p>\n<p><strong>LIVINALLONGO<\/strong> Le antiche mura del Castello di Andraz hanno fatto da scenario quest\u2019anno alla tradizionale ed antica festa di S. Maria Maiou, la festa dei fiori e delle donne in costume ladino. Gli organizzatori, Union Ladins da Fodom, Comune e Parrocchia di Pieve hanno scelto questa suggestiva e simbolica location per la pi\u00f9 grande festa ladina della vallata fodoma in occasione dei 10 anni dall\u2019apertura dell\u2019Andrazmuseum. La cerimonia \u00e8 iniziata alle 11:15 con la S. Messa celebrata dal parroco don Andrea Constantini alla quale hanno preso parte, oltre a diverse decine di donne in costume fodom con i loro mazzi e cesti di fiori portati a benedire come da tradizione, anche rappresentanze della compagnia degli sch\u00fctzen, del Gruppo Folk Fodom, il Coro Parrocchiale S.Iaco, che ha accompagnato la funzione con i suoi canti e naturalmente tanti turisti e locali che hanno riempito il prato davanti al castello. Tra le autorit\u00e0, oltre la sindaco Leandro Grones ed il direttore dell\u2019Istitut Cesa de Jan nonch\u00e9 del Coro S. Iaco Denni Dorigo, a Fodom \u00e8 arrivato il gotha dell\u2019Union Generela di Ladins dla Dolomites, con il neo presidente, il fassano Tone Pollam, le vice presidenti la gardenese Milva Mussner e Manuela Ladurner che \u00e8 anche presidente dell\u2019Union Ladins da Fodom e Fernando Brunel, presidente dell\u2019Union dei Ladins de Fascia. Dall\u2019altare, ai cui piedi era stato steso un vero e proprio tappeto di mazzi e cesti di fiori, il parroco ha usato parole decise per reclamare il diritto della popolazione ladina di difendere la propria identit\u00e0 e la propria cultura. \u201cNessuno si permetta mai di toglierci le nostre tradizioni, che fanno parte di noi, della nostra identit\u00e0. Noi siamo fatti cos\u00ec e cos\u00ec ci devono accettare\u201d. La festa per don Andrea, oltre ad essere la prima da parroco di Livinallongo, \u00e8 stata particolare anche per un altro motivo, che ha confidato lui stesso. \u201cA due passi da qui \u00e8 nata mia nonna, ci sono le mie origini e per me dire Messa qui oggi \u00e8 un\u2019emozione\u201d. Messa che si \u00e8 conclusa, come vuole la tradizione, con la benedizione dei fiori accompagnata dal canto \u201cGiardino di fiori\u201d eseguito dalle voci femminili del Coro S. Iaco. Tra gli interventi prima della premiazione dei benemeriti, il sindaco Grones ha ricordato l\u2019impegno del Comune, concretizzatosi con un progetto Interreg, che ha permesso dieci anni fa di aprire il castello al pubblico. Il premio S.Maria Maiou quest\u2019anno \u00e8 andato a Andreina Grones, sacrestana della chiesa di Arabba. Un compito che svolge da molti anni con passione e dedizione per far si che la chiesa sia sempre bella e curata per ogni funzione. Impegno per il quale la comunit\u00e0 tutta ha voluto dirgli un sincero \u201cDiotelpaie\u201d. Per l\u2019occasione anche la compagnia degli sch\u00fctzen ha voluto premiare alcuni membri per i 15 anni di attivit\u00e0: Davide Testor, Walter Finazzer, Daniele dell\u2019Andreaz, Lorenzo Soratroi, Christian Sala, Ivan Lezuo, Luigi Vallazza, Walter Testor, Gianluca Soratroi e Emanuel Delmonego. La festa \u00e8 poi continuata con l\u2019immancabile degustazione delle specialit\u00e0 ladine con l\u2019Union Ladins da Fodom e l\u2019esibizione dei corni di montagna, che hanno fatto risuonare i loro particolari suoni tra le mura del castello.<\/p>\n\n\t\t\t<style type='text\/css'>\n\t\t\t\t#gallery-6 {\n\t\t\t\t\tmargin: auto;\n\t\t\t\t}\n\t\t\t\t#gallery-6 .gallery-item {\n\t\t\t\t\tfloat: left;\n\t\t\t\t\tmargin-top: 10px;\n\t\t\t\t\ttext-align: center;\n\t\t\t\t\twidth: 33%;\n\t\t\t\t}\n\t\t\t\t#gallery-6 img {\n\t\t\t\t\tborder: 2px solid #cfcfcf;\n\t\t\t\t}\n\t\t\t\t#gallery-6 .gallery-caption {\n\t\t\t\t\tmargin-left: 0;\n\t\t\t\t}\n\t\t\t\t\/* see gallery_shortcode() in wp-includes\/media.php *\/\n\t\t\t<\/style>\n\t\t<div id='gallery-6' class='dt-gallery-container gallery galleryid-293491 gallery-columns-3 gallery-size-thumbnail'><dl class='gallery-item'>\n\t\t\t\t<dt class='gallery-icon landscape'>\n\t\t\t\t\t<a class=\"rollover rollover-zoom dt-pswp-item\" title=\"smm_2022_2\" data-dt-img-description=\"\" data-large_image_width=\"2560\" data-large_image_height=\"2055\"href='https:\/\/www.radiopiu.net\/wordpress\/wp-content\/uploads\/2022\/08\/smm_2022_2-scaled.jpg'><img loading=\"lazy\" decoding=\"async\" width=\"150\" height=\"150\" src=\"https:\/\/www.radiopiu.net\/wordpress\/wp-content\/uploads\/2022\/08\/smm_2022_2-150x150.jpg\" class=\"attachment-thumbnail size-thumbnail\" alt=\"\" \/><\/a>\n\t\t\t\t<\/dt><\/dl><dl class='gallery-item'>\n\t\t\t\t<dt class='gallery-icon landscape'>\n\t\t\t\t\t<a class=\"rollover rollover-zoom dt-pswp-item\" title=\"smm_2022_1\" data-dt-img-description=\"\" data-large_image_width=\"2560\" data-large_image_height=\"1714\"href='https:\/\/www.radiopiu.net\/wordpress\/wp-content\/uploads\/2022\/08\/smm_2022_1-scaled.jpg'><img loading=\"lazy\" decoding=\"async\" width=\"150\" height=\"150\" src=\"https:\/\/www.radiopiu.net\/wordpress\/wp-content\/uploads\/2022\/08\/smm_2022_1-150x150.jpg\" class=\"attachment-thumbnail size-thumbnail\" alt=\"\" \/><\/a>\n\t\t\t\t<\/dt><\/dl><dl class='gallery-item'>\n\t\t\t\t<dt class='gallery-icon landscape'>\n\t\t\t\t\t<a class=\"rollover rollover-zoom dt-pswp-item\" title=\"smm_2022_3\" data-dt-img-description=\"\" data-large_image_width=\"2560\" data-large_image_height=\"1714\"href='https:\/\/www.radiopiu.net\/wordpress\/wp-content\/uploads\/2022\/08\/smm_2022_3-scaled.jpg'><img loading=\"lazy\" decoding=\"async\" width=\"150\" height=\"150\" src=\"https:\/\/www.radiopiu.net\/wordpress\/wp-content\/uploads\/2022\/08\/smm_2022_3-150x150.jpg\" class=\"attachment-thumbnail size-thumbnail\" alt=\"\" \/><\/a>\n\t\t\t\t<\/dt><\/dl><br style=\"clear: both\" \/>\n\t\t\t<\/div>\n\n<hr \/>\n<p>&nbsp;<\/p>\n<blockquote>\n<h3>LA CURIOSITA&#8217;<\/h3>\n<\/blockquote>\n<p><strong>LIVINALLONGO<\/strong> La segnalazione a Radio Pi\u00f9 \u00e8 arrivata da Catia di Cherz di Livinallongo<em> &#8220;ho visto questo Colombo passeggiare sulla strada e avvicinandomi ho visto che \u00e8 numerato forse qualcuno lo sta cercando&#8221;\u00a0<\/em><\/p>\n\n\t\t\t<style type='text\/css'>\n\t\t\t\t#gallery-7 {\n\t\t\t\t\tmargin: auto;\n\t\t\t\t}\n\t\t\t\t#gallery-7 .gallery-item {\n\t\t\t\t\tfloat: left;\n\t\t\t\t\tmargin-top: 10px;\n\t\t\t\t\ttext-align: center;\n\t\t\t\t\twidth: 50%;\n\t\t\t\t}\n\t\t\t\t#gallery-7 img {\n\t\t\t\t\tborder: 2px solid #cfcfcf;\n\t\t\t\t}\n\t\t\t\t#gallery-7 .gallery-caption {\n\t\t\t\t\tmargin-left: 0;\n\t\t\t\t}\n\t\t\t\t\/* see gallery_shortcode() in wp-includes\/media.php *\/\n\t\t\t<\/style>\n\t\t<div id='gallery-7' class='dt-gallery-container gallery galleryid-293491 gallery-columns-2 gallery-size-thumbnail'><dl class='gallery-item'>\n\t\t\t\t<dt class='gallery-icon portrait'>\n\t\t\t\t\t<a class=\"rollover rollover-zoom dt-pswp-item\" title=\"299748266_3914281752028936_1494538352466896716_n\" data-dt-img-description=\"\" data-large_image_width=\"280\" data-large_image_height=\"373\"href='https:\/\/www.radiopiu.net\/wordpress\/wp-content\/uploads\/2022\/08\/299748266_3914281752028936_1494538352466896716_n.jpg'><img loading=\"lazy\" decoding=\"async\" width=\"150\" height=\"150\" src=\"https:\/\/www.radiopiu.net\/wordpress\/wp-content\/uploads\/2022\/08\/299748266_3914281752028936_1494538352466896716_n-150x150.jpg\" class=\"attachment-thumbnail size-thumbnail\" alt=\"\" \/><\/a>\n\t\t\t\t<\/dt><\/dl><dl class='gallery-item'>\n\t\t\t\t<dt class='gallery-icon portrait'>\n\t\t\t\t\t<a class=\"rollover rollover-zoom dt-pswp-item\" title=\"299503799_640187203871046_191872859647578173_n\" data-dt-img-description=\"\" data-large_image_width=\"280\" data-large_image_height=\"373\"href='https:\/\/www.radiopiu.net\/wordpress\/wp-content\/uploads\/2022\/08\/299503799_640187203871046_191872859647578173_n.jpg'><img loading=\"lazy\" decoding=\"async\" width=\"150\" height=\"150\" src=\"https:\/\/www.radiopiu.net\/wordpress\/wp-content\/uploads\/2022\/08\/299503799_640187203871046_191872859647578173_n-150x150.jpg\" class=\"attachment-thumbnail size-thumbnail\" alt=\"\" \/><\/a>\n\t\t\t\t<\/dt><\/dl><br style=\"clear: both\" \/>\n\t\t\t<\/div>\n\n<p>&nbsp;<\/p>\n<hr \/>\n<p>&nbsp;<\/p>\n<blockquote>\n<h3>MASSIMO CAMPEDEL &#8220;BUCA IL VIDEO&#8221; A TELE MOLISE<\/h3>\n<\/blockquote>\n<p><strong>GOSALDO<\/strong> Da Lambroi a Tele Molise, il giovane artigiano agordino Massimo Campedel si \u00e8 fatto conoscere e ha fatto conoscere l&#8217;Agordino e il suo lavoro sulla televisione del Molise<\/p>\n<p><strong>VIDEO\u00a0<\/strong><\/p>\n<p><iframe loading=\"lazy\" title=\"Frosolone - Lam\u2019Arte, mostra mercato del coltello d\u2019arte - Puntata 7987 - 09 Viaggio in Molise\" width=\"1200\" height=\"675\" src=\"https:\/\/www.youtube.com\/embed\/YiSGuSjyDIU?feature=oembed\" frameborder=\"0\" allow=\"accelerometer; autoplay; clipboard-write; encrypted-media; gyroscope; picture-in-picture\" allowfullscreen><\/iframe><\/p>\n<p>&nbsp;<\/p>\n<blockquote>\n<h3><strong>ARCHIVIO RADIOPIU<\/strong><\/h3>\n<p>DALLA PASSIONE DEL NONNO ALLA PROFESSIONE TRA FUOCO E INCUDINE<\/p><\/blockquote>\n<p><strong><a class=\"dt-pswp-item\" href=\"https:\/\/www.radiopiu.net\/wordpress\/wp-content\/uploads\/2020\/08\/12647413_133502920365306_7786024238049617590_n.jpg\" data-dt-img-description=\"\" data-large_image_width=\"160\" data-large_image_height=\"160\"><img loading=\"lazy\" decoding=\"async\" class=\"size-full wp-image-156729 alignleft\" src=\"https:\/\/www.radiopiu.net\/wordpress\/wp-content\/uploads\/2020\/08\/12647413_133502920365306_7786024238049617590_n.jpg\" alt=\"\" width=\"160\" height=\"160\" srcset=\"https:\/\/www.radiopiu.net\/wordpress\/wp-content\/uploads\/2020\/08\/12647413_133502920365306_7786024238049617590_n.jpg 160w, https:\/\/www.radiopiu.net\/wordpress\/wp-content\/uploads\/2020\/08\/12647413_133502920365306_7786024238049617590_n-150x150.jpg 150w\" sizes=\"auto, (max-width: 160px) 100vw, 160px\" \/><\/a>GOSALDO\u00a0<\/strong> Un laboratorio a Lambroi, facile da trovare perch\u00e9 difronte al noto agriturismo lungo la provinciale che da Tiser porta a Sospirolo attraverso la valle e lago del Mis. Massimo &#8220;Max&#8221;\u00a0 ha 24 anni, una laurea importante, la passione per la musica ma soprattutto per il ferro caldo, quello da battere per forgiare coltelli unici. Ha deciso di rimanere a lavorare e vivere tra i boschi dove \u00e8 cresciuto, sulla passione del nonno ha costruito la sua professione, rimette a nuovo coltelli, forbici e qualsiasi cosa sia da affilare. E&#8217; gi\u00e0 attivo e in molti sono curiosi di vederlo all&#8217;opera. A breve aprir\u00e0 un punto recapito ad Agordo, nell&#8217;isola pedonale di via Garibaldi (ex negozio fotografico Della Lucia) dove gli agordini e non solo potranno facilmente portare i materiali da affilare.<\/p>\n<p>L&#8217;INTERVISTA A MASSIMO &#8220;MAX&#8221; CAMPEDEL<\/p>\n<audio class=\"wp-audio-shortcode\" id=\"audio-293491-4\" preload=\"none\" style=\"width: 100%;\" controls=\"controls\"><source type=\"audio\/mpeg\" src=\"https:\/\/www.radiopiu.net\/wordpress\/wp-content\/uploads\/2020\/08\/MASSIMO-CAMPEDEL.mp3?_=4\" \/><a href=\"https:\/\/www.radiopiu.net\/wordpress\/wp-content\/uploads\/2020\/08\/MASSIMO-CAMPEDEL.mp3\">https:\/\/www.radiopiu.net\/wordpress\/wp-content\/uploads\/2020\/08\/MASSIMO-CAMPEDEL.mp3<\/a><\/audio>\n<p>&nbsp;<\/p>\n<blockquote>\n<h3>INVENTARSI UN LAVORO A LAMBROI DI GOSALDO<\/h3>\n<\/blockquote>\n<p><strong>GOSALDO<\/strong> Ci sono giovani dalle belle speranze e dalle grandi idee. Massimo detto Max ad esempio della famiglia Campedel, nato e cresciuto sul territorio. Si \u00e8 inventato un lavoro: l&#8217;arrotino, niente di pi\u00f9 utile per rifare la lama a forbici e coltelli. Eccolo all&#8217;opera nel suo nuovo laboratorio, elegante fuori, ordinato e bello dentro e presto aprir\u00e0 un punto di recapito anche ad Agordo. Michele, fabbrica inoltre coltelli su misura, per il tempo libero e la cucina; coltelli forgiati a mano anche ricorrendo a tecniche giapponesi.<em>&#8220;Donnneeeeee \u00e8 arrivato l&#8217;arrotino&#8230;. ed \u00e8 un puro sangue agordino&#8221;<\/em>\u00a0 Massimo ha 24 anni \u00e8 un tecnico restauratore di dipinti su tela e legno diplomatosi a Firenze Palazzo Spinelli con la passione per la musica classica il suo logo non a caso \u00e8\u00a0 la chiave di violino,\u00a0 la passione principale invece per\u00a0 le lame taglienti come evidente.<\/p>\n\n\t\t\t<style type='text\/css'>\n\t\t\t\t#gallery-8 {\n\t\t\t\t\tmargin: auto;\n\t\t\t\t}\n\t\t\t\t#gallery-8 .gallery-item {\n\t\t\t\t\tfloat: left;\n\t\t\t\t\tmargin-top: 10px;\n\t\t\t\t\ttext-align: center;\n\t\t\t\t\twidth: 33%;\n\t\t\t\t}\n\t\t\t\t#gallery-8 img {\n\t\t\t\t\tborder: 2px solid #cfcfcf;\n\t\t\t\t}\n\t\t\t\t#gallery-8 .gallery-caption {\n\t\t\t\t\tmargin-left: 0;\n\t\t\t\t}\n\t\t\t\t\/* see gallery_shortcode() in wp-includes\/media.php *\/\n\t\t\t<\/style>\n\t\t<div id='gallery-8' class='dt-gallery-container gallery galleryid-293491 gallery-columns-3 gallery-size-thumbnail'><dl class='gallery-item'>\n\t\t\t\t<dt class='gallery-icon landscape'>\n\t\t\t\t\t<a class=\"rollover rollover-zoom dt-pswp-item\" title=\"118307719_10221213344700511_8714881128788452066_o\" data-dt-img-description=\"\" data-large_image_width=\"960\" data-large_image_height=\"455\"href='https:\/\/www.radiopiu.net\/wordpress\/wp-content\/uploads\/2020\/08\/118307719_10221213344700511_8714881128788452066_o.jpg'><img loading=\"lazy\" decoding=\"async\" width=\"150\" height=\"150\" src=\"https:\/\/www.radiopiu.net\/wordpress\/wp-content\/uploads\/2020\/08\/118307719_10221213344700511_8714881128788452066_o-150x150.jpg\" class=\"attachment-thumbnail size-thumbnail\" alt=\"\" \/><\/a>\n\t\t\t\t<\/dt><\/dl><dl class='gallery-item'>\n\t\t\t\t<dt class='gallery-icon landscape'>\n\t\t\t\t\t<a class=\"rollover rollover-zoom dt-pswp-item\" title=\"118280646_10221213343620484_8498289371995817491_o\" data-dt-img-description=\"\" data-large_image_width=\"960\" data-large_image_height=\"454\"href='https:\/\/www.radiopiu.net\/wordpress\/wp-content\/uploads\/2020\/08\/118280646_10221213343620484_8498289371995817491_o.jpg'><img loading=\"lazy\" decoding=\"async\" width=\"150\" height=\"150\" src=\"https:\/\/www.radiopiu.net\/wordpress\/wp-content\/uploads\/2020\/08\/118280646_10221213343620484_8498289371995817491_o-150x150.jpg\" class=\"attachment-thumbnail size-thumbnail\" alt=\"\" \/><\/a>\n\t\t\t\t<\/dt><\/dl><dl class='gallery-item'>\n\t\t\t\t<dt class='gallery-icon landscape'>\n\t\t\t\t\t<a class=\"rollover rollover-zoom dt-pswp-item\" title=\"117998485_10221213349740637_4767048244021346256_o\" data-dt-img-description=\"\" data-large_image_width=\"960\" data-large_image_height=\"455\"href='https:\/\/www.radiopiu.net\/wordpress\/wp-content\/uploads\/2020\/08\/117998485_10221213349740637_4767048244021346256_o.jpg'><img loading=\"lazy\" decoding=\"async\" width=\"150\" height=\"150\" src=\"https:\/\/www.radiopiu.net\/wordpress\/wp-content\/uploads\/2020\/08\/117998485_10221213349740637_4767048244021346256_o-150x150.jpg\" class=\"attachment-thumbnail size-thumbnail\" alt=\"\" \/><\/a>\n\t\t\t\t<\/dt><\/dl><br style=\"clear: both\" \/><dl class='gallery-item'>\n\t\t\t\t<dt class='gallery-icon landscape'>\n\t\t\t\t\t<a class=\"rollover rollover-zoom dt-pswp-item\" title=\"118342267_10221213350980668_7870665078326656876_o\" data-dt-img-description=\"\" data-large_image_width=\"960\" data-large_image_height=\"455\"href='https:\/\/www.radiopiu.net\/wordpress\/wp-content\/uploads\/2020\/08\/118342267_10221213350980668_7870665078326656876_o.jpg'><img loading=\"lazy\" decoding=\"async\" width=\"150\" height=\"150\" src=\"https:\/\/www.radiopiu.net\/wordpress\/wp-content\/uploads\/2020\/08\/118342267_10221213350980668_7870665078326656876_o-150x150.jpg\" class=\"attachment-thumbnail size-thumbnail\" alt=\"\" \/><\/a>\n\t\t\t\t<\/dt><\/dl><dl class='gallery-item'>\n\t\t\t\t<dt class='gallery-icon landscape'>\n\t\t\t\t\t<a class=\"rollover rollover-zoom dt-pswp-item\" title=\"117988356_10221213345500531_5460917073052978087_n\" data-dt-img-description=\"\" data-large_image_width=\"960\" data-large_image_height=\"639\"href='https:\/\/www.radiopiu.net\/wordpress\/wp-content\/uploads\/2020\/08\/117988356_10221213345500531_5460917073052978087_n.jpg'><img loading=\"lazy\" decoding=\"async\" width=\"150\" height=\"150\" src=\"https:\/\/www.radiopiu.net\/wordpress\/wp-content\/uploads\/2020\/08\/117988356_10221213345500531_5460917073052978087_n-150x150.jpg\" class=\"attachment-thumbnail size-thumbnail\" alt=\"\" \/><\/a>\n\t\t\t\t<\/dt><\/dl><dl class='gallery-item'>\n\t\t\t\t<dt class='gallery-icon landscape'>\n\t\t\t\t\t<a class=\"rollover rollover-zoom dt-pswp-item\" title=\"117988356_10221213351860690_44391378997851019_o\" data-dt-img-description=\"\" data-large_image_width=\"960\" data-large_image_height=\"454\"href='https:\/\/www.radiopiu.net\/wordpress\/wp-content\/uploads\/2020\/08\/117988356_10221213351860690_44391378997851019_o.jpg'><img loading=\"lazy\" decoding=\"async\" width=\"150\" height=\"150\" src=\"https:\/\/www.radiopiu.net\/wordpress\/wp-content\/uploads\/2020\/08\/117988356_10221213351860690_44391378997851019_o-150x150.jpg\" class=\"attachment-thumbnail size-thumbnail\" alt=\"\" \/><\/a>\n\t\t\t\t<\/dt><\/dl><br style=\"clear: both\" \/>\n\t\t\t<\/div>\n\n<blockquote>\n<h3>MASSIMO CAMPEDEL, OLTRE AI COLTELLI ANCHE I CHIODI PER LA BASILICA DI SAN MARCO<\/h3>\n<\/blockquote>\n<p><strong><a href=\"https:\/\/www.radiopiu.net\/wordpress\/massimo-campedel-oltre-ai-coltelli-anche-i-chiodi-per-la-basilica-di-san-marco\/massimo_campedel\/\" rel=\"attachment wp-att-240274\"><img loading=\"lazy\" decoding=\"async\" class=\"size-medium wp-image-240274 alignleft\" src=\"https:\/\/www.radiopiu.net\/wordpress\/wp-content\/uploads\/2021\/11\/Massimo_Campedel-289x300.png\" alt=\"\" width=\"289\" height=\"300\" srcset=\"https:\/\/www.radiopiu.net\/wordpress\/wp-content\/uploads\/2021\/11\/Massimo_Campedel-289x300.png 289w, https:\/\/www.radiopiu.net\/wordpress\/wp-content\/uploads\/2021\/11\/Massimo_Campedel-986x1024.png 986w, https:\/\/www.radiopiu.net\/wordpress\/wp-content\/uploads\/2021\/11\/Massimo_Campedel-768x798.png 768w, https:\/\/www.radiopiu.net\/wordpress\/wp-content\/uploads\/2021\/11\/Massimo_Campedel-1479x1536.png 1479w, https:\/\/www.radiopiu.net\/wordpress\/wp-content\/uploads\/2021\/11\/Massimo_Campedel-1972x2048.png 1972w\" sizes=\"auto, (max-width: 289px) 100vw, 289px\" \/><\/a>GOSALDO<\/strong><\/p>\n<p>di Gianni Santomaso<\/p>\n<p><em>(la caricatura \u00e8 di Erica Andrich)<\/em><\/p>\n<audio class=\"wp-audio-shortcode\" id=\"audio-293491-5\" preload=\"none\" style=\"width: 100%;\" controls=\"controls\"><source type=\"audio\/mpeg\" src=\"https:\/\/www.radiopiu.net\/wordpress\/wp-content\/uploads\/2021\/11\/GIANNI-SPECIALE-MASSIMO-CAMPEDEL.mp3?_=5\" \/><a href=\"https:\/\/www.radiopiu.net\/wordpress\/wp-content\/uploads\/2021\/11\/GIANNI-SPECIALE-MASSIMO-CAMPEDEL.mp3\">https:\/\/www.radiopiu.net\/wordpress\/wp-content\/uploads\/2021\/11\/GIANNI-SPECIALE-MASSIMO-CAMPEDEL.mp3<\/a><\/audio>\n<p>&nbsp;<\/p>\n<p><strong>I CHIODI DI MASSIMO CAMPEDEL<\/strong><\/p>\n<div style=\"width: 1200px;\" class=\"wp-video\"><video class=\"wp-video-shortcode\" id=\"video-293491-1\" width=\"1200\" height=\"675\" preload=\"metadata\" controls=\"controls\"><source type=\"video\/mp4\" src=\"https:\/\/www.radiopiu.net\/wordpress\/wp-content\/uploads\/2021\/11\/MASSIMO-CAMPEDEL-CHIODI.mp4?_=1\" \/><a href=\"https:\/\/www.radiopiu.net\/wordpress\/wp-content\/uploads\/2021\/11\/MASSIMO-CAMPEDEL-CHIODI.mp4\">https:\/\/www.radiopiu.net\/wordpress\/wp-content\/uploads\/2021\/11\/MASSIMO-CAMPEDEL-CHIODI.mp4<\/a><\/video><\/div>\n<p>&nbsp;<\/p>\n\n\t\t\t<style type='text\/css'>\n\t\t\t\t#gallery-9 {\n\t\t\t\t\tmargin: auto;\n\t\t\t\t}\n\t\t\t\t#gallery-9 .gallery-item {\n\t\t\t\t\tfloat: left;\n\t\t\t\t\tmargin-top: 10px;\n\t\t\t\t\ttext-align: center;\n\t\t\t\t\twidth: 33%;\n\t\t\t\t}\n\t\t\t\t#gallery-9 img {\n\t\t\t\t\tborder: 2px solid #cfcfcf;\n\t\t\t\t}\n\t\t\t\t#gallery-9 .gallery-caption {\n\t\t\t\t\tmargin-left: 0;\n\t\t\t\t}\n\t\t\t\t\/* see gallery_shortcode() in wp-includes\/media.php *\/\n\t\t\t<\/style>\n\t\t<div id='gallery-9' class='dt-gallery-container gallery galleryid-293491 gallery-columns-3 gallery-size-medium'><dl class='gallery-item'>\n\t\t\t\t<dt class='gallery-icon landscape'>\n\t\t\t\t\t<a class=\"rollover rollover-zoom dt-pswp-item\" title=\"9033e5c5-3c62-4784-80ee-b7352e6eac56\" data-dt-img-description=\"\" data-large_image_width=\"2048\" data-large_image_height=\"1154\"href='https:\/\/www.radiopiu.net\/wordpress\/wp-content\/uploads\/2021\/11\/9033e5c5-3c62-4784-80ee-b7352e6eac56.jpg'><img loading=\"lazy\" decoding=\"async\" width=\"300\" height=\"169\" src=\"https:\/\/www.radiopiu.net\/wordpress\/wp-content\/uploads\/2021\/11\/9033e5c5-3c62-4784-80ee-b7352e6eac56-300x169.jpg\" class=\"attachment-medium size-medium\" alt=\"\" srcset=\"https:\/\/www.radiopiu.net\/wordpress\/wp-content\/uploads\/2021\/11\/9033e5c5-3c62-4784-80ee-b7352e6eac56-300x169.jpg 300w, https:\/\/www.radiopiu.net\/wordpress\/wp-content\/uploads\/2021\/11\/9033e5c5-3c62-4784-80ee-b7352e6eac56-1024x577.jpg 1024w, https:\/\/www.radiopiu.net\/wordpress\/wp-content\/uploads\/2021\/11\/9033e5c5-3c62-4784-80ee-b7352e6eac56-768x433.jpg 768w, https:\/\/www.radiopiu.net\/wordpress\/wp-content\/uploads\/2021\/11\/9033e5c5-3c62-4784-80ee-b7352e6eac56-1536x866.jpg 1536w, https:\/\/www.radiopiu.net\/wordpress\/wp-content\/uploads\/2021\/11\/9033e5c5-3c62-4784-80ee-b7352e6eac56.jpg 2048w\" sizes=\"auto, (max-width: 300px) 100vw, 300px\" \/><\/a>\n\t\t\t\t<\/dt><\/dl><dl class='gallery-item'>\n\t\t\t\t<dt class='gallery-icon landscape'>\n\t\t\t\t\t<a class=\"rollover rollover-zoom dt-pswp-item\" title=\"675b52d5-9fbe-4379-8480-369324a53a39\" data-dt-img-description=\"\" data-large_image_width=\"2048\" data-large_image_height=\"1154\"href='https:\/\/www.radiopiu.net\/wordpress\/wp-content\/uploads\/2021\/11\/675b52d5-9fbe-4379-8480-369324a53a39.jpg'><img loading=\"lazy\" decoding=\"async\" width=\"300\" height=\"169\" src=\"https:\/\/www.radiopiu.net\/wordpress\/wp-content\/uploads\/2021\/11\/675b52d5-9fbe-4379-8480-369324a53a39-300x169.jpg\" class=\"attachment-medium size-medium\" alt=\"\" srcset=\"https:\/\/www.radiopiu.net\/wordpress\/wp-content\/uploads\/2021\/11\/675b52d5-9fbe-4379-8480-369324a53a39-300x169.jpg 300w, https:\/\/www.radiopiu.net\/wordpress\/wp-content\/uploads\/2021\/11\/675b52d5-9fbe-4379-8480-369324a53a39-1024x577.jpg 1024w, https:\/\/www.radiopiu.net\/wordpress\/wp-content\/uploads\/2021\/11\/675b52d5-9fbe-4379-8480-369324a53a39-768x433.jpg 768w, https:\/\/www.radiopiu.net\/wordpress\/wp-content\/uploads\/2021\/11\/675b52d5-9fbe-4379-8480-369324a53a39-1536x866.jpg 1536w, https:\/\/www.radiopiu.net\/wordpress\/wp-content\/uploads\/2021\/11\/675b52d5-9fbe-4379-8480-369324a53a39.jpg 2048w\" sizes=\"auto, (max-width: 300px) 100vw, 300px\" \/><\/a>\n\t\t\t\t<\/dt><\/dl><dl class='gallery-item'>\n\t\t\t\t<dt class='gallery-icon landscape'>\n\t\t\t\t\t<a class=\"rollover rollover-zoom dt-pswp-item\" title=\"1bdb8ded-efba-44d9-a221-4fbbaef60ee9\" data-dt-img-description=\"\" data-large_image_width=\"1600\" data-large_image_height=\"901\"href='https:\/\/www.radiopiu.net\/wordpress\/wp-content\/uploads\/2021\/11\/1bdb8ded-efba-44d9-a221-4fbbaef60ee9.jpg'><img loading=\"lazy\" decoding=\"async\" width=\"300\" height=\"169\" src=\"https:\/\/www.radiopiu.net\/wordpress\/wp-content\/uploads\/2021\/11\/1bdb8ded-efba-44d9-a221-4fbbaef60ee9-300x169.jpg\" class=\"attachment-medium size-medium\" alt=\"\" srcset=\"https:\/\/www.radiopiu.net\/wordpress\/wp-content\/uploads\/2021\/11\/1bdb8ded-efba-44d9-a221-4fbbaef60ee9-300x169.jpg 300w, https:\/\/www.radiopiu.net\/wordpress\/wp-content\/uploads\/2021\/11\/1bdb8ded-efba-44d9-a221-4fbbaef60ee9-1024x577.jpg 1024w, https:\/\/www.radiopiu.net\/wordpress\/wp-content\/uploads\/2021\/11\/1bdb8ded-efba-44d9-a221-4fbbaef60ee9-768x432.jpg 768w, https:\/\/www.radiopiu.net\/wordpress\/wp-content\/uploads\/2021\/11\/1bdb8ded-efba-44d9-a221-4fbbaef60ee9-1536x865.jpg 1536w, https:\/\/www.radiopiu.net\/wordpress\/wp-content\/uploads\/2021\/11\/1bdb8ded-efba-44d9-a221-4fbbaef60ee9.jpg 1600w\" sizes=\"auto, (max-width: 300px) 100vw, 300px\" \/><\/a>\n\t\t\t\t<\/dt><\/dl><br style=\"clear: both\" \/>\n\t\t\t<\/div>\n\n<p>&nbsp;<\/p>\n<p>&nbsp;<\/p>\n<p>&nbsp;<\/p>\n<hr \/>\n<p>&nbsp;<\/p>\n<blockquote class=\"wp-embedded-content\" data-secret=\"ExbF54nO7M\"><p><a href=\"https:\/\/www.radiopiu.net\/wordpress\/aggnazionaleagosto19\/\">CORONAVIRUS: AGGIORNAMENTO NAZIONALE 19 AGOSTO 2022<\/a><\/p><\/blockquote>\n<p><iframe loading=\"lazy\" class=\"wp-embedded-content\" sandbox=\"allow-scripts\" security=\"restricted\" style=\"position: absolute; clip: rect(1px, 1px, 1px, 1px);\" title=\"&#8220;CORONAVIRUS: AGGIORNAMENTO NAZIONALE 19 AGOSTO 2022&#8221; &#8212; Radio Pi\u00f9\" src=\"https:\/\/www.radiopiu.net\/wordpress\/aggnazionaleagosto19\/embed\/#?secret=dGer7PdEnb#?secret=ExbF54nO7M\" data-secret=\"ExbF54nO7M\" width=\"600\" height=\"338\" frameborder=\"0\" marginwidth=\"0\" marginheight=\"0\" scrolling=\"no\"><\/iframe><\/p>\n<p>&nbsp;<\/p>\n<blockquote class=\"wp-embedded-content\" data-secret=\"SW6sZ8nktL\"><p><a href=\"https:\/\/www.radiopiu.net\/wordpress\/aziendazeroagosto19\/\">TRE MILA NUOVE POSITIVITA&#8217; E 9 DECESSI IN 24 ORE. LIEVE CALO DEI RICOVERI<\/a><\/p><\/blockquote>\n<p><iframe loading=\"lazy\" class=\"wp-embedded-content\" sandbox=\"allow-scripts\" security=\"restricted\" style=\"position: absolute; clip: rect(1px, 1px, 1px, 1px);\" title=\"&#8220;TRE MILA NUOVE POSITIVITA&#8217; E 9 DECESSI IN 24 ORE. LIEVE CALO DEI RICOVERI&#8221; &#8212; Radio Pi\u00f9\" src=\"https:\/\/www.radiopiu.net\/wordpress\/aziendazeroagosto19\/embed\/#?secret=P9874udGcp#?secret=SW6sZ8nktL\" data-secret=\"SW6sZ8nktL\" width=\"600\" height=\"338\" frameborder=\"0\" marginwidth=\"0\" marginheight=\"0\" scrolling=\"no\"><\/iframe><\/p>\n<p>&nbsp;<\/p>\n<h2>I GRAFICI DI TIZIANO DE COL<\/h2>\n\n\t\t\t<style type='text\/css'>\n\t\t\t\t#gallery-10 {\n\t\t\t\t\tmargin: auto;\n\t\t\t\t}\n\t\t\t\t#gallery-10 .gallery-item {\n\t\t\t\t\tfloat: left;\n\t\t\t\t\tmargin-top: 10px;\n\t\t\t\t\ttext-align: center;\n\t\t\t\t\twidth: 33%;\n\t\t\t\t}\n\t\t\t\t#gallery-10 img {\n\t\t\t\t\tborder: 2px solid #cfcfcf;\n\t\t\t\t}\n\t\t\t\t#gallery-10 .gallery-caption {\n\t\t\t\t\tmargin-left: 0;\n\t\t\t\t}\n\t\t\t\t\/* see gallery_shortcode() in wp-includes\/media.php *\/\n\t\t\t<\/style>\n\t\t<div id='gallery-10' class='dt-gallery-container gallery galleryid-293491 gallery-columns-3 gallery-size-thumbnail'><dl class='gallery-item'>\n\t\t\t\t<dt class='gallery-icon landscape'>\n\t\t\t\t\t<a class=\"rollover rollover-zoom dt-pswp-item\" title=\"8f1b1447-ef34-4f47-a498-632352eab021\" data-dt-img-description=\"\" data-large_image_width=\"614\" data-large_image_height=\"357\"href='https:\/\/www.radiopiu.net\/wordpress\/wp-content\/uploads\/2022\/08\/8f1b1447-ef34-4f47-a498-632352eab021.jpg'><img loading=\"lazy\" decoding=\"async\" width=\"150\" height=\"150\" src=\"https:\/\/www.radiopiu.net\/wordpress\/wp-content\/uploads\/2022\/08\/8f1b1447-ef34-4f47-a498-632352eab021-150x150.jpg\" class=\"attachment-thumbnail size-thumbnail\" alt=\"\" \/><\/a>\n\t\t\t\t<\/dt><\/dl><dl class='gallery-item'>\n\t\t\t\t<dt class='gallery-icon landscape'>\n\t\t\t\t\t<a class=\"rollover rollover-zoom dt-pswp-item\" title=\"9b87def1-2880-4964-baac-35c4cb24797e\" data-dt-img-description=\"\" data-large_image_width=\"607\" data-large_image_height=\"367\"href='https:\/\/www.radiopiu.net\/wordpress\/wp-content\/uploads\/2022\/08\/9b87def1-2880-4964-baac-35c4cb24797e.jpg'><img loading=\"lazy\" decoding=\"async\" width=\"150\" height=\"150\" src=\"https:\/\/www.radiopiu.net\/wordpress\/wp-content\/uploads\/2022\/08\/9b87def1-2880-4964-baac-35c4cb24797e-150x150.jpg\" class=\"attachment-thumbnail size-thumbnail\" alt=\"\" \/><\/a>\n\t\t\t\t<\/dt><\/dl><dl class='gallery-item'>\n\t\t\t\t<dt class='gallery-icon landscape'>\n\t\t\t\t\t<a class=\"rollover rollover-zoom dt-pswp-item\" title=\"70e04ef8-e846-4845-a412-6f361c5a8c98\" data-dt-img-description=\"\" data-large_image_width=\"620\" data-large_image_height=\"357\"href='https:\/\/www.radiopiu.net\/wordpress\/wp-content\/uploads\/2022\/08\/70e04ef8-e846-4845-a412-6f361c5a8c98.jpg'><img loading=\"lazy\" decoding=\"async\" width=\"150\" height=\"150\" src=\"https:\/\/www.radiopiu.net\/wordpress\/wp-content\/uploads\/2022\/08\/70e04ef8-e846-4845-a412-6f361c5a8c98-150x150.jpg\" class=\"attachment-thumbnail size-thumbnail\" alt=\"\" \/><\/a>\n\t\t\t\t<\/dt><\/dl><br style=\"clear: both\" \/><dl class='gallery-item'>\n\t\t\t\t<dt class='gallery-icon landscape'>\n\t\t\t\t\t<a class=\"rollover rollover-zoom dt-pswp-item\" title=\"8749dd86-6e14-4472-a177-96cd8aa17835\" data-dt-img-description=\"\" data-large_image_width=\"608\" data-large_image_height=\"357\"href='https:\/\/www.radiopiu.net\/wordpress\/wp-content\/uploads\/2022\/08\/8749dd86-6e14-4472-a177-96cd8aa17835.jpg'><img loading=\"lazy\" decoding=\"async\" width=\"150\" height=\"150\" src=\"https:\/\/www.radiopiu.net\/wordpress\/wp-content\/uploads\/2022\/08\/8749dd86-6e14-4472-a177-96cd8aa17835-150x150.jpg\" class=\"attachment-thumbnail size-thumbnail\" alt=\"\" \/><\/a>\n\t\t\t\t<\/dt><\/dl><dl class='gallery-item'>\n\t\t\t\t<dt class='gallery-icon landscape'>\n\t\t\t\t\t<a class=\"rollover rollover-zoom dt-pswp-item\" title=\"b9dacd19-0c74-4a08-ae8e-201cb7ccd198\" data-dt-img-description=\"\" data-large_image_width=\"608\" data-large_image_height=\"364\"href='https:\/\/www.radiopiu.net\/wordpress\/wp-content\/uploads\/2022\/08\/b9dacd19-0c74-4a08-ae8e-201cb7ccd198.jpg'><img loading=\"lazy\" decoding=\"async\" width=\"150\" height=\"150\" src=\"https:\/\/www.radiopiu.net\/wordpress\/wp-content\/uploads\/2022\/08\/b9dacd19-0c74-4a08-ae8e-201cb7ccd198-150x150.jpg\" class=\"attachment-thumbnail size-thumbnail\" alt=\"\" \/><\/a>\n\t\t\t\t<\/dt><\/dl><dl class='gallery-item'>\n\t\t\t\t<dt class='gallery-icon landscape'>\n\t\t\t\t\t<a class=\"rollover rollover-zoom dt-pswp-item\" title=\"c4fba8d5-d92a-4df5-b57a-18df40d8f0a8\" data-dt-img-description=\"\" data-large_image_width=\"608\" data-large_image_height=\"359\"href='https:\/\/www.radiopiu.net\/wordpress\/wp-content\/uploads\/2022\/08\/c4fba8d5-d92a-4df5-b57a-18df40d8f0a8.jpg'><img loading=\"lazy\" decoding=\"async\" width=\"150\" height=\"150\" src=\"https:\/\/www.radiopiu.net\/wordpress\/wp-content\/uploads\/2022\/08\/c4fba8d5-d92a-4df5-b57a-18df40d8f0a8-150x150.jpg\" class=\"attachment-thumbnail size-thumbnail\" alt=\"\" \/><\/a>\n\t\t\t\t<\/dt><\/dl><br style=\"clear: both\" \/>\n\t\t\t<\/div>\n\n<p>&nbsp;<\/p>\n<hr \/>\n<p>&nbsp;<\/p>\n<blockquote>\n<h3>MONTAGNA SICURA ANCHE PER GLI IPERTESI<\/h3>\n<\/blockquote>\n<p><strong><a class=\"dt-pswp-item\" href=\"https:\/\/www.radiopiu.net\/wordpress\/wp-content\/uploads\/2021\/06\/FAMIGLIA-MONTAGNA.jpg\" data-dt-img-description=\"\" data-large_image_width=\"1920\" data-large_image_height=\"1280\"><img loading=\"lazy\" decoding=\"async\" class=\"size-thumbnail wp-image-214988 alignleft\" src=\"https:\/\/www.radiopiu.net\/wordpress\/wp-content\/uploads\/2021\/06\/FAMIGLIA-MONTAGNA-150x150.jpg\" alt=\"\" width=\"150\" height=\"150\" \/><\/a>BELLUNO <\/strong>Ad ognuno la sua montagna. La montagna \u00e8 il luogo ideale per ritrovare benessere fisico e psicologico. Il soggiorno in montagna per una vacanza \u00e8 stato in passato considerato erroneamente un problema per chi soffre di ipertensione arteriosa o di cardiopatie: in generale non vi \u00e8 una controindicazione assoluta e una altitudine inferiore ai 2000 mt pu\u00f2 essere tollerata bene anche in persone con cardiopatie abbastanza importanti, purch\u00e8 stabili.\u00a0 Suggerimenti pratici in previsione di un soggiorno in montagna sono: misurare la pressione regolarmente prima di recarsi in montagna per verificare se stabile entro valori normali; per gli ipertesi e per chi soffre di cardiopatie prevedere alcune misurazioni delle pressione nei primi giorni di soggiorno in montagna ed eventualmente adeguare (aumentare) la posologia di un farmaco antiipertensivo se si osservano valori pi\u00f9 elevati del solito o comunque &gt;140\/90 mmHg; cercare di non mangiare quantit\u00e0 di cibo eccessive o cibi molto salati; cercare di fare attivit\u00e0 fisica con regolarit\u00e0; per le persone con cardiopatie gravi o per chi ha disturbi come mancanza di respiro, palpitazioni o dolori toracici considerare di consultare il proprio medico o lo specialista prima di recarsi in montagna per verificare se il soggiorno in montagna debba essere evitato e per avere suggerimenti specifici.<\/p>\n<p>&nbsp;<\/p>\n<p>&nbsp;<\/p>\n<hr \/>\n<p>&nbsp;<\/p>\n<blockquote>\n<h3>FINE DEGLI SCONTI ED INFLAZIONE FANNO RISALIRE I PREMI RC AUTO: IN VENETO +6,3%. A BELLUNO + 11%<\/h3>\n<\/blockquote>\n<p><a class=\"dt-pswp-item\" href=\"https:\/\/www.radiopiu.net\/wordpress\/wp-content\/uploads\/2022\/08\/Osservatorio-Rc-Auto-luglio_c-Pixavril_lr.jpg\" data-dt-img-description=\"Financial statement with coins and banknotes. Finance and car key, saving money for a car or material design concepts.\" data-large_image_width=\"413\" data-large_image_height=\"276\"><img loading=\"lazy\" decoding=\"async\" class=\"wp-image-293533 size-thumbnail alignleft\" src=\"https:\/\/www.radiopiu.net\/wordpress\/wp-content\/uploads\/2022\/08\/Osservatorio-Rc-Auto-luglio_c-Pixavril_lr-150x150.jpg\" alt=\"\" width=\"150\" height=\"150\" \/><\/a><strong>MILANO <\/strong>Brutte notizie per gli automobilisti veneti; dopo il prezzo della benzina, anche il costo dell\u2019Rc auto \u00e8 tornato a salire tanto \u00e8 vero che, come evidenziato dall\u2019Osservatorio di Facile.it, a luglio 2022 per assicurare un veicolo a quattro ruote in Veneto occorrevano, in media, 364,08 euro, vale a dire il 6,3% in pi\u00f9 rispetto a inizio anno. La regione \u00e8 la quarta area della Penisola dove, lo scorso mese, sottoscrivere la polizza Rc auto costava di meno, posizionandosi dopo il Friuli- Venezia Giulia (312,13 euro), il Trentino-Alto Adige (349,26 euro) e la Lombardia (354,52 euro). Il dato emerge dall\u2019analisi di un campione di quasi 700.000 preventivi e relative quotazioni effettuati in Veneto e raccolti da Facile.it nel corso dell\u2019ultimo anno. Se si confronta la tariffa media dell\u2019Rc auto di luglio con quella di gennaio emerge come l\u2019incremento sia stato rilevato, seppur in misura differente, in tutto il Veneto. A guidare la classifica degli incrementi pi\u00f9 consistenti \u00e8 la provincia di Belluno, area dove lo scorso mese i valori medi sono saliti del 10,7% rispetto a gennaio 2022, raggiungendo i 330,45 euro, seguita da Verona (+10,1%, 371,27 euro) e Venezia (+7,3%, 384,07 euro). Continuando a scorrere la graduatoria veneta si trovano Treviso, che a luglio ha registrato un aumento del premio medio del 5,8%, salito a 363,26 euro, Padova (+4,6%, 358,25 euro) e, staccata di un soffio, Vicenza (+4,3%, 347,87 euro). Chiude la classifica Rovigo, area che ha segnato un incremento del 3,1% (360,07 euro). In valori assoluti, a luglio 2022, Venezia si \u00e8 confermata la provincia pi\u00f9 costosa della regione, Belluno la pi\u00f9 economica.<\/p>\n<p><a class=\"dt-pswp-item\" href=\"https:\/\/www.radiopiu.net\/wordpress\/wp-content\/uploads\/2022\/08\/Schermata-2022-08-19-alle-10.12.39.png\" data-dt-img-description=\"\" data-large_image_width=\"842\" data-large_image_height=\"492\"><img loading=\"lazy\" decoding=\"async\" class=\"wp-image-293532 aligncenter\" src=\"https:\/\/www.radiopiu.net\/wordpress\/wp-content\/uploads\/2022\/08\/Schermata-2022-08-19-alle-10.12.39.png\" alt=\"\" width=\"313\" height=\"183\" srcset=\"https:\/\/www.radiopiu.net\/wordpress\/wp-content\/uploads\/2022\/08\/Schermata-2022-08-19-alle-10.12.39.png 842w, https:\/\/www.radiopiu.net\/wordpress\/wp-content\/uploads\/2022\/08\/Schermata-2022-08-19-alle-10.12.39-300x175.png 300w, https:\/\/www.radiopiu.net\/wordpress\/wp-content\/uploads\/2022\/08\/Schermata-2022-08-19-alle-10.12.39-768x449.png 768w\" sizes=\"auto, (max-width: 313px) 100vw, 313px\" \/><\/a><\/p>\n<p>&nbsp;<\/p>\n<p>&nbsp;<\/p>\n<hr \/>\n<p>&nbsp;<\/p>\n<blockquote>\n<h3>DIFESA DEL BESTIAME DAL LUPO, IL MODELLO DI INTERVENTO DEL PARCO DELLE DOLOMITI BELLUNESI. UNCEM: ESEMPIO SUL QUALE INVESTIRE<\/h3>\n<\/blockquote>\n<p><strong><a class=\"dt-pswp-item\" href=\"https:\/\/www.radiopiu.net\/wordpress\/wp-content\/uploads\/2021\/02\/LUPO.jpg\" data-dt-img-description=\"\" data-large_image_width=\"512\" data-large_image_height=\"352\"><img loading=\"lazy\" decoding=\"async\" class=\"size-thumbnail wp-image-188785 alignleft\" src=\"https:\/\/www.radiopiu.net\/wordpress\/wp-content\/uploads\/2021\/02\/LUPO-150x150.jpg\" alt=\"\" width=\"150\" height=\"150\" \/><\/a>ROMA <\/strong>Recinti elettrificati che proteggono il bestiame domestico dai lupi. \u00c8 il kit che il Parco nazionale Dolomiti bellunesi ha deciso di consegnare a 29 allevatori nel bellunese che hanno partecipato ad un bando per la concessione, in comodato gratuito, di kit per la realizzazione di recinti elettrificati, idonei a circoscrivere un\u2019area compresa in un perimetro di circa 250 metri. Un modello, quello del Parco. Che secondo Uncem pu\u00f2 essere preso d&#8217;esempio in molte aree alpine e appenniniche, con opportuni investimenti di Ministero dell&#8217;Ambiente (Transizione Ecologica), Ministero delle Politiche Agricole e dalle Regioni attraverso il secondo pilastro della PAC, dunque i Programmi di Sviluppo rurale. Nelle zone del bellunese, gli attacchi sono sempre favoriti dal fatto che le misure di protezione messe in atto per proteggere il bestiame sono spesso insufficienti. Per evitare predazioni \u00e8 infatti necessario difendere il bestiame con recinzioni elettrificate adeguatamente alimentate e correttamente installate; recinti anche di grande altezza ma non elettrificati possono infatti risultare insufficienti per fermare il lupo. Da qui la decisione di dare un aiuto ai piccoli allevatori amatoriali, che detengono pochi capi a scopo affettivo, di dotarsi di idonei strumenti di prevenzione. Al bando hanno risposto 35 allevatori che operano nei 15 Comuni del Parco; 29 tra essi sono risultati idonei e nei prossimi giorni riceveranno, in comodato gratuito, le recinzioni elettrificate acquistate dal Parco.<\/p>\n<p>&nbsp;<\/p>\n<p>&nbsp;<\/p>\n<hr \/>\n<p>&nbsp;<\/p>\n<blockquote>\n<h3>NUOVE COLONNINE E-BIKE E PANNELLI INFORMATIVI<\/h3>\n<\/blockquote>\n<p><strong>BELLUNO<\/strong> Installate a Castion e in Nevegal due nuove colonnine per la ricarica delle e \u2013 bike. Il progetto, frutto della collaborazione tra il Consorzio delle Pro Loco della Sinistra Piave (e in particolare della Pro Loco Pieve Castionese) con il Comune di Belluno, punta a incentivare la mobilit\u00e0 slow sia per i turisti che per i residenti, favorendo la diffusione di piazzole per le bici elettriche su tutto il territorio e, in particolare, proprio lungo la ciclabile della Sinistra Piave. Il progetto, in parte sostenuto da fondi regionali destinati ai Consorzi di Pro loco, in parte da fondi del Consorzio stesso e del Comune che si \u00e8 occupato dell\u2019installazione, ha portato due colonnine e due pannelli informativi in due zone di grande passaggio: la piazza di Castion e il piazzale del Nevegal. In particolare, a Castion il pannello abbinato alla colonnina ripercorre brevemente la storia amministrativa del Castionese mentre quello del Colle promuove il progetto \u201cBig bench community project\u201d descrivendo nel dettaglio i vari sentieri percorribili per il raggiungimento della panchina gigante. In quanto alla loro manutenzione futura, \u00e8 gi\u00e0 stato stretto un accordo con dei privati. Le colonnine saranno messe in funzione nei prossimi giorni, probabilmente entro la fine della prossima settimana.<\/p>\n\n\t\t\t<style type='text\/css'>\n\t\t\t\t#gallery-11 {\n\t\t\t\t\tmargin: auto;\n\t\t\t\t}\n\t\t\t\t#gallery-11 .gallery-item {\n\t\t\t\t\tfloat: left;\n\t\t\t\t\tmargin-top: 10px;\n\t\t\t\t\ttext-align: center;\n\t\t\t\t\twidth: 50%;\n\t\t\t\t}\n\t\t\t\t#gallery-11 img {\n\t\t\t\t\tborder: 2px solid #cfcfcf;\n\t\t\t\t}\n\t\t\t\t#gallery-11 .gallery-caption {\n\t\t\t\t\tmargin-left: 0;\n\t\t\t\t}\n\t\t\t\t\/* see gallery_shortcode() in wp-includes\/media.php *\/\n\t\t\t<\/style>\n\t\t<div id='gallery-11' class='dt-gallery-container gallery galleryid-293491 gallery-columns-2 gallery-size-thumbnail'><dl class='gallery-item'>\n\t\t\t\t<dt class='gallery-icon portrait'>\n\t\t\t\t\t<a class=\"rollover rollover-zoom dt-pswp-item\" title=\"Colonnina ebike\" data-dt-img-description=\"\" data-large_image_width=\"900\" data-large_image_height=\"1600\"href='https:\/\/www.radiopiu.net\/wordpress\/wp-content\/uploads\/2022\/08\/Colonnina-ebike.jpeg'><img loading=\"lazy\" decoding=\"async\" width=\"150\" height=\"150\" src=\"https:\/\/www.radiopiu.net\/wordpress\/wp-content\/uploads\/2022\/08\/Colonnina-ebike-150x150.jpeg\" class=\"attachment-thumbnail size-thumbnail\" alt=\"\" \/><\/a>\n\t\t\t\t<\/dt><\/dl><dl class='gallery-item'>\n\t\t\t\t<dt class='gallery-icon portrait'>\n\t\t\t\t\t<a class=\"rollover rollover-zoom dt-pswp-item\" title=\"Pannello informativo\" data-dt-img-description=\"\" data-large_image_width=\"900\" data-large_image_height=\"1600\"href='https:\/\/www.radiopiu.net\/wordpress\/wp-content\/uploads\/2022\/08\/Pannello-informativo.jpeg'><img loading=\"lazy\" decoding=\"async\" width=\"150\" height=\"150\" src=\"https:\/\/www.radiopiu.net\/wordpress\/wp-content\/uploads\/2022\/08\/Pannello-informativo-150x150.jpeg\" class=\"attachment-thumbnail size-thumbnail\" alt=\"\" \/><\/a>\n\t\t\t\t<\/dt><\/dl><br style=\"clear: both\" \/>\n\t\t\t<\/div>\n\n<p>&nbsp;<\/p>\n<p>&nbsp;<\/p>\n<hr \/>\n<p>&nbsp;<\/p>\n<blockquote>\n<h3><strong>A LIMANA UNA NUOVA MENSA SCOLASTICA GRAZIE AI FONDI PNRR<\/strong><\/h3>\n<\/blockquote>\n<p><strong><a class=\"dt-pswp-item\" href=\"https:\/\/www.radiopiu.net\/wordpress\/wp-content\/uploads\/2018\/06\/lavoro-addetto-mensa-cuoco.jpg\" data-dt-img-description=\"\" data-large_image_width=\"499\" data-large_image_height=\"293\"><img loading=\"lazy\" decoding=\"async\" class=\"size-thumbnail wp-image-51211 alignleft\" src=\"https:\/\/www.radiopiu.net\/wordpress\/wp-content\/uploads\/2018\/06\/lavoro-addetto-mensa-cuoco-150x150.jpg\" alt=\"\" width=\"150\" height=\"150\" \/><\/a>LIMANA <\/strong>Sta per essere firmato a Limana l\u2019accordo tra il Comune ed il Ministero dell\u2019Istruzione per la realizzazione della nuova mensa scolastica che sorger\u00e0 di fronte alla scuola elementare \u201cG. Cibien\u201d in via R. Fiabane. L\u2019opera, del valore di 574.400\u20ac, \u00e8 finanziata con fondi PNRR e servir\u00e0 agli alunni della scuola elementare. Presso le scuole di Limana infatti era in corso, prima dell\u2019emergenza \u201cCovid\u201d, un servizio di refezione, con pasti portati in struttura da una ditta esterna appaltatrice. Per ottenere un abbassamento dei costi ed un servizio pi\u00f9 attento alle esigenze degli alunni e del personale scolastico, l\u2019Amministrazione ha previsto una struttura a mensa autonoma, realizzata con i pi\u00f9 recenti criteri di edilizia sostenibile ed a bassissimo impatto, con annessa cucina. L\u2019intervento consentir\u00e0 un pi\u00f9 razionale utilizzo degli spazi esistenti presso la scuola primaria, in particolare in termini di aule comuni, per laboratori didattici per riunioni, manifestazioni scolastiche e altro. Entro il 31 gennaio 2023 dovr\u00e0 essere approvato il progetto esecutivo della nuova mensa; entro il successivo 31 marzo i lavori dovranno essere affidati; quindi entro il 30 giugno dovranno essere avviati. Il termine ultimo per il completamento \u00e8 la fine del 2025 poich\u00e9 entro il 30 giugno 2026 i lavori dovranno essere collaudati.<\/p>\n<p>&nbsp;<\/p>\n<p>&nbsp;<\/p>\n<hr \/>\n<p>&nbsp;<\/p>\n<blockquote>\n<h3>NEL CONSIGLIO COMUNALE DI LIVINALLONGO<\/h3>\n<\/blockquote>\n<p><strong>LIVINALLONGO<\/strong> Gioved\u00ec alle 18 il sindaco di Livinallongo Leandro Grones ha convocato i consiglieri per il consiglio comuale. Saranno tre i punti trattati nella seduta presso la sala consigliare. Si parler\u00e0 della sesta variazione a bilancio, della nomina del revisore dei conti e della modifica all&#8217;imposta di soggiorno a partire dal 2023.<\/p>\n<p>&nbsp;<\/p>\n<p>&nbsp;<\/p>\n<hr \/>\n<p>&nbsp;<\/p>\n<blockquote>\n<h2>ALLA SERSA IL CONCORSO PER OSS<\/h2>\n<\/blockquote>\n<p class=\"photoswipe-wrapper\"><a class=\"dt-pswp-item pspw-wrap-ready\" href=\"https:\/\/www.radiopiu.net\/wordpress\/wp-content\/uploads\/2020\/12\/casa-di-riposo-sersa-belluno.jpg\" data-dt-img-description=\"\" data-large_image_width=\"1599\" data-large_image_height=\"1200\"><img loading=\"lazy\" decoding=\"async\" class=\"size-thumbnail wp-image-182373 alignleft\" src=\"https:\/\/www.radiopiu.net\/wordpress\/wp-content\/uploads\/2020\/12\/casa-di-riposo-sersa-belluno-150x150.jpg\" alt=\"\" width=\"150\" height=\"150\" \/><\/a>\u201cSer.S.A. Srl, Servizi Sociali Assistenziali, ha indetto un concorso per personale con titolo di Operatore Socio Sanitario. Sono ammessi alla selezione anche candidati in possesso di un certificato di iscrizione e frequenza ad un corso OSS. Le assunzioni saranno a tempo determinato o indeterminato, con trattamento economico previsto dalle norme contrattuali del CCNL Enti Locali. Requisiti: cittadinanza italiana, europea o possesso di regolare permesso di soggiorno, et\u00e0 non inferiore a 18 anni, titolo di operatore socio sanitario o, in alternativa, certificato di iscrizione e frequenza ad un corso OSS riconosciuto dalla Regione del Veneto. Il bando \u00e8 scaricabile dal sito di Ser.S.A.. La presentazione della domanda va effettuata agli uffici di Via Andrea Alpago a Belluno (telefono 0437273511) o tramite posta elettronica certificata all\u2019indirizzo:\u00a0<span dir=\"ltr\" role=\"presentation\"><a class=\"moz-txt-link-abbreviated\" href=\"mailto:sersa@pec.sersa.it\">sersa@pec.sersa.it<\/a>\u00a0entro le ore 12 del 9 settembre 2022.\u201d<\/span><\/p>\n<p>&nbsp;<\/p>\n<p>&nbsp;<\/p>\n<hr \/>\n<p>&nbsp;<\/p>\n<blockquote>\n<h3>PREMIO SAN MARTINO 2022, CANDIDATURE ENTRO IL 30 AGOSTO<\/h3>\n<\/blockquote>\n<p><strong><a class=\"dt-pswp-item\" href=\"https:\/\/www.radiopiu.net\/wordpress\/wp-content\/uploads\/2021\/11\/san-martino.png\" data-dt-img-description=\"\" data-large_image_width=\"1396\" data-large_image_height=\"1410\"><img loading=\"lazy\" decoding=\"async\" class=\"size-thumbnail wp-image-241925 alignleft\" src=\"https:\/\/www.radiopiu.net\/wordpress\/wp-content\/uploads\/2021\/11\/san-martino-150x150.png\" alt=\"\" width=\"150\" height=\"150\" srcset=\"https:\/\/www.radiopiu.net\/wordpress\/wp-content\/uploads\/2021\/11\/san-martino-150x150.png 150w, https:\/\/www.radiopiu.net\/wordpress\/wp-content\/uploads\/2021\/11\/san-martino-1014x1024.png 1014w\" sizes=\"auto, (max-width: 150px) 100vw, 150px\" \/><\/a>BELLUNO<\/strong> C\u2019e\u0300 tempo fino a martedi\u0300 30 agosto per la presentazione delle candidature per l&#8217;assegnazione del Premio San Martino, anno 2022. Il Premio puo\u0300 essere assegnato a una persona fisica maggiorenne oppure a un\u2019Associazione\/Ente del Terzo Settore e, inoltre, a una persona minorenne. Le persone devono essere viventi e native del Comune di Belluno (oppure devono operare o aver operato nello stesso Comune). L&#8217;Associazione\/Ente del Terzo Settore deve ugualmente avere la sede nel Comune di Belluno, oppure operarvi o avervi operato. In entrambi i casi, i candidati dovranno essersi particolarmente distinti per azioni e attivita\u0300 riconducibili alle motivazioni per le quali viene assegnato il Premio, istituito nel 1972, per azioni concrete nel campo delle scienze, delle lettere, delle arti, della musica, delle attivita\u0300 produttive, del lavoro, della scuola, dello sport, dell\u2019ambiente, ovvero anche con iniziative di carattere, sociale, assistenziale e filantropico. I moduli di candidatura dovranno essere presentati all\u2019Ufficio della Presidenza del Consiglio entro il 30 agosto. Ogni altra informazione e\u0300 dettagliata nel Regolamento del Premio, disponibile nella sezione &#8220;Regolamenti&#8221; del sito Internet del Comune di Belluno, www.comune.belluno.it<\/p>\n<p>&nbsp;<\/p>\n<p>&nbsp;<\/p>\n<hr \/>\n<p>&nbsp;<\/p>\n<blockquote>\n<h3>20 AGOSTO, LA COMMEMORAZIONE DELL&#8217;ECCIDIO NAZISTA IN VALLE DEL BIOIS<\/h3>\n<\/blockquote>\n<p><strong>VALLE DEL BIOIS<\/strong> Oggi la giornata del ricordo dei tragici fatti del 20 agosto 1944 in Valle del Biois, alla presenza dei sindaci Flavio Colcergnan, Mauro Salvaterra, Fabio Fernando Luchetta.<\/p>\n<p><a class=\"dt-pswp-item\" href=\"https:\/\/www.radiopiu.net\/wordpress\/wp-content\/uploads\/2022\/08\/VALLADA.jpg\" data-dt-img-description=\"\" data-large_image_width=\"158\" data-large_image_height=\"153\"><img loading=\"lazy\" decoding=\"async\" class=\"alignnone size-thumbnail wp-image-293249\" src=\"https:\/\/www.radiopiu.net\/wordpress\/wp-content\/uploads\/2022\/08\/VALLADA-150x150.jpg\" alt=\"\" width=\"150\" height=\"150\" \/><\/a><\/p>\n<p><strong><span dir=\"ltr\" role=\"presentation\">VALLADA AGORDINA <\/span><\/strong><span dir=\"ltr\" role=\"presentation\">Alle 15 <\/span><span dir=\"ltr\" role=\"presentation\">S. Messa nella Chiesa di San Simon. <\/span><span dir=\"ltr\" role=\"presentation\">Saluto del Sindaco di Vallada Agordina Fabio Ferdinando Luchetta. <\/span><span dir=\"ltr\" role=\"presentation\">A seguire deposizione di una corona presso il cippo in ricordo<\/span> <span dir=\"ltr\" role=\"presentation\">del Sen. Attilio TISSI <\/span><span dir=\"ltr\" role=\"presentation\">in Localit\u00e0 San Simon.<\/span><\/p>\n<p><a class=\"dt-pswp-item\" href=\"https:\/\/www.radiopiu.net\/wordpress\/wp-content\/uploads\/2022\/08\/CANALE.jpg\" data-dt-img-description=\"\" data-large_image_width=\"130\" data-large_image_height=\"152\"><img loading=\"lazy\" decoding=\"async\" class=\"alignnone size-thumbnail wp-image-293248\" src=\"https:\/\/www.radiopiu.net\/wordpress\/wp-content\/uploads\/2022\/08\/CANALE-130x150.jpg\" alt=\"\" width=\"130\" height=\"150\" \/><\/a><br role=\"presentation\" \/><br role=\"presentation\" \/><strong><span dir=\"ltr\" role=\"presentation\">CANALE D\u2019AGORDO <\/span><\/strong><span dir=\"ltr\" role=\"presentation\">Alle <\/span><span dir=\"ltr\" role=\"presentation\">\u00a016:20<\/span> <span dir=\"ltr\" role=\"presentation\">Saluto del Sindaco di Canale d&#8217;Agordo Flavio Colcergnan, a<\/span><span dir=\"ltr\" role=\"presentation\"> seguire deposizione corona presso il monumento dei Caduti nel Cimitero di <\/span><span dir=\"ltr\" role=\"presentation\">Canale d\u2019Agordo.<\/span><\/p>\n<p><a class=\"dt-pswp-item\" href=\"https:\/\/www.radiopiu.net\/wordpress\/wp-content\/uploads\/2022\/08\/FALCADE.jpg\" data-dt-img-description=\"\" data-large_image_width=\"100\" data-large_image_height=\"138\"><img loading=\"lazy\" decoding=\"async\" class=\"alignnone size-full wp-image-293247\" src=\"https:\/\/www.radiopiu.net\/wordpress\/wp-content\/uploads\/2022\/08\/FALCADE.jpg\" alt=\"\" width=\"100\" height=\"138\" \/><\/a><br role=\"presentation\" \/><br role=\"presentation\" \/><strong><span dir=\"ltr\" role=\"presentation\">FALCADE Alle <\/span><\/strong><span dir=\"ltr\" role=\"presentation\">17<\/span>\u00a0<span dir=\"ltr\" role=\"presentation\">Alzabandiera in Piazza S. Pertini a Caviola.\u00a0 <\/span><span dir=\"ltr\" role=\"presentation\">Deposizione mazzo di fiori al monumento in Piazza S. Pertini.\u00a0 <\/span><span dir=\"ltr\" role=\"presentation\">Corteo e deposizione corona presso la lapide in Piazza XX Agosto a Caviola.\u00a0 <\/span><span dir=\"ltr\" role=\"presentation\">Saluto del Sindaco di Falcade Mauro Salvaterra. <\/span><span dir=\"ltr\" role=\"presentation\">Deposizione corona al cippo dei fucilati di Falcade sulla Piana.\u00a0 <\/span><span dir=\"ltr\" role=\"presentation\">Deposizione di un mazzo di fiori al Monumento del Generale TILMAN a Molino.<\/span><\/p>\n<p>&nbsp;<\/p>\n<p><strong>DAL NOTIZIARIO DI RADIO PIU&#8217; DEL 13 AGOSTO 2022, IL SINDACO DI CANALE D&#8217;AGORDO FLAVIO COLCERGNAN<\/strong><\/p>\n<audio class=\"wp-audio-shortcode\" id=\"audio-293491-6\" preload=\"none\" style=\"width: 100%;\" controls=\"controls\"><source type=\"audio\/mpeg\" src=\"https:\/\/www.radiopiu.net\/wordpress\/wp-content\/uploads\/2022\/08\/FLAVIO.mp3?_=6\" \/><a href=\"https:\/\/www.radiopiu.net\/wordpress\/wp-content\/uploads\/2022\/08\/FLAVIO.mp3\">https:\/\/www.radiopiu.net\/wordpress\/wp-content\/uploads\/2022\/08\/FLAVIO.mp3<\/a><\/audio>\n<p>&nbsp;<\/p>\n<p><strong>DAL CORRIERE DELLE ALPI, DI GIANNI SANTOMASO<\/strong><\/p>\n<audio class=\"wp-audio-shortcode\" id=\"audio-293491-7\" preload=\"none\" style=\"width: 100%;\" controls=\"controls\"><source type=\"audio\/mpeg\" src=\"https:\/\/www.radiopiu.net\/wordpress\/wp-content\/uploads\/2022\/08\/GIANNI-COMMEMORAZIONI-VAL-BIOIS.mp3?_=7\" \/><a href=\"https:\/\/www.radiopiu.net\/wordpress\/wp-content\/uploads\/2022\/08\/GIANNI-COMMEMORAZIONI-VAL-BIOIS.mp3\">https:\/\/www.radiopiu.net\/wordpress\/wp-content\/uploads\/2022\/08\/GIANNI-COMMEMORAZIONI-VAL-BIOIS.mp3<\/a><\/audio>\n<p>&nbsp;<\/p>\n<hr \/>\n<p>&nbsp;<\/p>\n<blockquote>\n<h3>CORSO DI ALPINISMO CON IL CAI DI AGORDO<\/h3>\n<\/blockquote>\n<p><strong><a class=\"dt-pswp-item\" href=\"https:\/\/www.radiopiu.net\/wordpress\/wp-content\/uploads\/2020\/04\/cai-agordo.jpg\" data-dt-img-description=\"\" data-large_image_width=\"297\" data-large_image_height=\"170\"><img loading=\"lazy\" decoding=\"async\" class=\"wp-image-127841 alignleft\" src=\"https:\/\/www.radiopiu.net\/wordpress\/wp-content\/uploads\/2020\/04\/cai-agordo.jpg\" alt=\"\" width=\"147\" height=\"84\" \/><\/a>AGORDO<\/strong> Per la prima volta la Sezione Agordina con la Scuola di Alpinismo e Scialpinismo propone un CORSO DI ALPINISMO BASE (A1). Corso introduttivo rivolto principalmente a chi vuole iniziare a frequentare l\u2019alta montagna e l\u2019ambiente alpino in generale, in modo cosciente e responsabile, senza trascurarne gli aspetti culturali ed ambientali. Il corso prevede l\u2019insegnamento, attraverso lezioni teoriche ed uscite pratiche in ambiente, delle tecniche di base per la progressione su roccia, neve e ghiaccio, con particolare riferimento ai comportamenti idonei per ridurre il rischio di incidenti. \u00c8 necessaria un\u2019adeguata preparazione fisica. Il corso si terr\u00e0 nei mesi di settembre ed ottobre. Costo 150 euro, iscrizioni tramite mail a agordo@cai.it. Per informazioni 347 9812340<\/p>\n<p>&nbsp;<\/p>\n<p>&nbsp;<\/p>\n<hr \/>\n<p>&nbsp;<\/p>\n<div class=\"page-title-head hgroup\">\n<blockquote>\n<h3 class=\"entry-title\">I BIGLIETTI VINCENTI DELLA LOTTERIA DELLA FESTA DEL CACCIATORE A CANALE D\u2019AGORDO<\/h3>\n<\/blockquote>\n<\/div>\n<div class=\"page-title-breadcrumbs\">\n<p><strong>REDAZIONE<\/strong> Ecco l&#8217;elenco dei biglietti vincenti della Lotteria abbinata alla Festa del Cacciatore di Canale D&#8217;Agordo.<\/p>\n<a href=\"https:\/\/www.radiopiu.net\/wordpress\/wp-content\/uploads\/2022\/08\/DOC-20220814-WA0014.pdf\" class=\"pdfemb-viewer\" style=\"\" data-width=\"max\" data-height=\"max\" data-toolbar=\"top\" data-toolbar-fixed=\"on\">DOC-20220814-WA0014<\/a>\n<p>&nbsp;<\/p>\n<\/div>\n<p>&nbsp;<\/p>\n<p>&nbsp;<\/p>\n<hr \/>\n<p>&nbsp;<\/p>\n<blockquote>\n<h2><a class=\"dt-pswp-item\" href=\"https:\/\/www.radiopiu.net\/wordpress\/wp-content\/uploads\/2022\/08\/aaa-7.jpg\" data-dt-img-description=\"\" data-large_image_width=\"553\" data-large_image_height=\"181\"><img loading=\"lazy\" decoding=\"async\" class=\"wp-image-291465 size-medium alignleft\" src=\"https:\/\/www.radiopiu.net\/wordpress\/wp-content\/uploads\/2022\/08\/aaa-7-300x98.jpg\" alt=\"\" width=\"300\" height=\"98\" srcset=\"https:\/\/www.radiopiu.net\/wordpress\/wp-content\/uploads\/2022\/08\/aaa-7-300x98.jpg 300w, https:\/\/www.radiopiu.net\/wordpress\/wp-content\/uploads\/2022\/08\/aaa-7.jpg 553w\" sizes=\"auto, (max-width: 300px) 100vw, 300px\" \/><\/a>MUSICA LIVE ESTATE 22&#8230;E CHE MUSICA!<\/h2>\n<\/blockquote>\n<p>IN PIAZZA A CANALE D&#8217;AGORDO, TRE APPUNTAMENTI PER RENDERE PIU&#8217; FRIZZANTE LA TUA ESTATE.<br \/>\nOggi dalle 21, THE JB BAND I grandi successi dei Blues Brothers insieme a brani culto degli anni 60-70-80. GRAN FINALE SABATO 27 AGOSTO alle 21 con lo spettacolo dei TIRATAIE, perch\u00e9 sulla loro piazza sanno dare sempre il meglio.\u00a0 CANALE D&#8217;AGORDO, ESTATE 22 IN PIAZZA&#8230; VI TENIAMO D&#8217;OCCHIO&#8230; PARDON D&#8217;ORECCHIO.<\/p>\n<p><strong><span style=\"color: #ff0000;\">ALLA RADIO, THE VOICE MORENO TOCCHETTO<\/span><\/strong><\/p>\n<audio class=\"wp-audio-shortcode\" id=\"audio-293491-8\" preload=\"none\" style=\"width: 100%;\" controls=\"controls\"><source type=\"audio\/mpeg\" src=\"https:\/\/www.radiopiu.net\/wordpress\/wp-content\/uploads\/2022\/08\/MUSICA-CANALE-LUGLIO-22.mp3?_=8\" \/><a href=\"https:\/\/www.radiopiu.net\/wordpress\/wp-content\/uploads\/2022\/08\/MUSICA-CANALE-LUGLIO-22.mp3\">https:\/\/www.radiopiu.net\/wordpress\/wp-content\/uploads\/2022\/08\/MUSICA-CANALE-LUGLIO-22.mp3<\/a><\/audio>\n<p>&nbsp;<\/p>\n<hr \/>\n<p>&nbsp;<\/p>\n<blockquote>\n<h2><strong><a class=\"dt-pswp-item\" href=\"https:\/\/www.radiopiu.net\/wordpress\/wp-content\/uploads\/2022\/08\/7ea48a6c-63a0-4ed2-b46f-e11dcd93f648.jpg\" data-dt-img-description=\"\" data-large_image_width=\"1368\" data-large_image_height=\"1026\"><img loading=\"lazy\" decoding=\"async\" class=\"wp-image-291515 alignleft\" src=\"https:\/\/www.radiopiu.net\/wordpress\/wp-content\/uploads\/2022\/08\/7ea48a6c-63a0-4ed2-b46f-e11dcd93f648-1024x768.jpg\" alt=\"\" width=\"218\" height=\"164\" srcset=\"https:\/\/www.radiopiu.net\/wordpress\/wp-content\/uploads\/2022\/08\/7ea48a6c-63a0-4ed2-b46f-e11dcd93f648-1024x768.jpg 1024w, https:\/\/www.radiopiu.net\/wordpress\/wp-content\/uploads\/2022\/08\/7ea48a6c-63a0-4ed2-b46f-e11dcd93f648-300x225.jpg 300w, https:\/\/www.radiopiu.net\/wordpress\/wp-content\/uploads\/2022\/08\/7ea48a6c-63a0-4ed2-b46f-e11dcd93f648-768x576.jpg 768w, https:\/\/www.radiopiu.net\/wordpress\/wp-content\/uploads\/2022\/08\/7ea48a6c-63a0-4ed2-b46f-e11dcd93f648.jpg 1368w\" sizes=\"auto, (max-width: 218px) 100vw, 218px\" \/><\/a><\/strong><\/h2>\n<h2>DOMENICA 21 AGOSTO A PIAN DE LE FEMENE IL RICORDO<\/h2>\n<\/blockquote>\n<p>&nbsp;<\/p>\n<p><strong>BELLUNO<\/strong><\/p>\n<p><strong>DI ROBERTO BONA<\/strong><\/p>\n<p><strong>AUDIO\u00a0<\/strong><\/p>\n<audio class=\"wp-audio-shortcode\" id=\"audio-293491-9\" preload=\"none\" style=\"width: 100%;\" controls=\"controls\"><source type=\"audio\/mpeg\" src=\"https:\/\/www.radiopiu.net\/wordpress\/wp-content\/uploads\/2022\/08\/ROBERTO-BONA.mp3?_=9\" \/><a href=\"https:\/\/www.radiopiu.net\/wordpress\/wp-content\/uploads\/2022\/08\/ROBERTO-BONA.mp3\">https:\/\/www.radiopiu.net\/wordpress\/wp-content\/uploads\/2022\/08\/ROBERTO-BONA.mp3<\/a><\/audio>\n<p>&nbsp;<\/p>\n<hr \/>\n<p>&nbsp;<\/p>\n<blockquote>\n<h3>SABEDA ITE VILA A ROCCA PIETORE<\/h3>\n<\/blockquote>\n<p><strong>ROCCA PIETORE<\/strong> L&#8217;associazione Borgo di Sottoguda e il comune di Rocca Pietore organizzano &#8220;Sabeda ite vila&#8221;, il mercatino contadino in programma Oggi dalle 10 in poi.<\/p>\n<p>&nbsp;<\/p>\n<p>&nbsp;<\/p>\n<hr \/>\n<p>&nbsp;<\/p>\n<blockquote>\n<h3>SAMMY BASSO ALLA CASA DELLA GIOVENTU&#8217; DI CAVIOLA<\/h3>\n<\/blockquote>\n<blockquote>\n<h3><a class=\"dt-pswp-item\" href=\"https:\/\/www.radiopiu.net\/wordpress\/wp-content\/uploads\/2022\/08\/7b787b16-6edf-4c1a-aa5c-e8a910bc97fa.jpg\" data-dt-img-description=\"\" data-large_image_width=\"1131\" data-large_image_height=\"1600\"><img loading=\"lazy\" decoding=\"async\" class=\"size-thumbnail wp-image-293047 alignleft\" src=\"https:\/\/www.radiopiu.net\/wordpress\/wp-content\/uploads\/2022\/08\/7b787b16-6edf-4c1a-aa5c-e8a910bc97fa-150x150.jpg\" alt=\"\" width=\"150\" height=\"150\" \/><\/a><\/h3>\n<\/blockquote>\n<p><strong>FALCADE <\/strong>Si intitola &#8220;Il Sorriso Dei Guerrieri&#8221; la serata organizzata per stasera alle 20 alla casa della giovent\u00f9 di Caviola. Protagonisti Sammy Basso, Simonetta Borsatti e Andrea Boccaglioni. Il ricavato della serata verr\u00e0 devoluto all&#8217;Associazione Italiana Progeria Sammy Basso APS Onlus. Organizza la Pro Loco di Canale D&#8217;Agordo.<\/p>\n<p>&nbsp;<\/p>\n<p><strong>FRANZ COSTA, AMICO DI SAMMY, SIMONETTA E ANDREA TRA GLI ORGANIZZATORI DELL&#8217;EVENTO<\/strong><\/p>\n<audio class=\"wp-audio-shortcode\" id=\"audio-293491-10\" preload=\"none\" style=\"width: 100%;\" controls=\"controls\"><source type=\"audio\/mpeg\" src=\"https:\/\/www.radiopiu.net\/wordpress\/wp-content\/uploads\/2022\/08\/FRNZ-COSTA.mp3?_=10\" \/><a href=\"https:\/\/www.radiopiu.net\/wordpress\/wp-content\/uploads\/2022\/08\/FRNZ-COSTA.mp3\">https:\/\/www.radiopiu.net\/wordpress\/wp-content\/uploads\/2022\/08\/FRNZ-COSTA.mp3<\/a><\/audio>\n<p>&nbsp;<\/p>\n<p>&nbsp;<\/p>\n<hr \/>\n<p>&nbsp;<\/p>\n<blockquote>\n<h3>A MALGA CIAPELA APRES-TREKKING CON IL GROP DE BAL MARMOLEDA<\/h3>\n<\/blockquote>\n<p><strong>ROCCA PIETORE\u00a0<\/strong>Oggi, presso il Bar Funivia di Malga Ciapela si terr\u00e0 l\u2019evento \u201cApr\u00e8s-trekking con il Grop de Bal Marmol\u00e8da\u201d.\u00a0 In caso di maltempo l\u2019evento sar\u00e0 annullato.<\/p>\n<p>&nbsp;<\/p>\n<p>&nbsp;<\/p>\n<hr \/>\n<p>&nbsp;<\/p>\n<blockquote>\n<h3>IL SUONO MAGICO DEL LEGNO<\/h3>\n<\/blockquote>\n<p><strong>ROCCA PIETORE<\/strong> Oggi a Sottoguda \u00e8 in programma &#8220;Il Suono Magico Del Legno&#8221; con il complesso Rita Muro Trio con &#8220;A Tempo di Musica&#8221;. Inizio alle 16 con entrata a offerta libera.<\/p>\n<p>&nbsp;<\/p>\n<p>&nbsp;<\/p>\n<hr \/>\n<p>&nbsp;<\/p>\n<blockquote>\n<h3>I FUOCHI SUL LAGO DI ALLEGHE<\/h3>\n<\/blockquote>\n<p><strong>ALLEGHE<\/strong> Oggi tornano i fuochi artificiali sul lago di Alleghe. L&#8217;appuntamento \u00e8 per le 22:30 con l&#8217;inizio dei giochi di luce che si rifletteranno sull&#8217;acqua del lago, uno spettacolo unico.<\/p>\n<p>&nbsp;<\/p>\n<p>&nbsp;<\/p>\n<hr \/>\n<p>&nbsp;<\/p>\n<blockquote>\n<h3>&#8220;RESTATE IN CITTA'&#8221;, IL TERZO APPUNTAMENTO<\/h3>\n<\/blockquote>\n<p><strong>BELLUNO<\/strong> Prosegue con entusiasmo la rassegna &#8220;REstate in Citta\u0300&#8221;, in programma a Belluno fino al 1\u00b0 settembre, ricca di concerti e visite guidate, che stanno animando con successo il tempo estivo bellunese. Martedi\u0300 23 agosto vedra\u0300 protagonista Villa Barpo Miari Zampieri, in localita\u0300 Cor. Si comincia con una visita guidata, accessibile in due turni, a cura dell&#8217;associazione Borgo Piave ETC aps, che condurra\u0300, con la consueta accuratezza, proprio alla scoperta della villa. Il primo turno, per un massimo di venti persone, partira\u0300 alle 16.00, mentre il secondo, per altre venti persone, alle 17.30. L&#8217;ingresso e\u0300 a offerta libera e e\u0300 necessaria la prenotazione, da farsi scrivendo all&#8217;email borgopiaveetc@gmail.com<\/p>\n<p>&nbsp;<\/p>\n<p>&nbsp;<\/p>\n<hr \/>\n<p>&nbsp;<\/p>\n<blockquote>\n<h3>DOMANI GUIDO FABRIS IN CONCERTO A CANALE<\/h3>\n<\/blockquote>\n<p><strong>CANALE D&#8217;AGORDO<\/strong> Domani alle 21 presso la Chiesa Arcipretale di Canale d&#8217;Agordo \u00e8 in programma un concerto d&#8217;organo con Guido Fabris. Presenta la serata Franca Bonfatti.<\/p>\n<p>&nbsp;<\/p>\n<p>&nbsp;<\/p>\n<hr \/>\n<p>&nbsp;<\/p>\n<blockquote>\n<h3>INTE N CADIN DE MUSCO, LA PRESENTAZIONE DEL LIBRO DOMENICA AD AGORDO<\/h3>\n<\/blockquote>\n<p><strong><a class=\"dt-pswp-item\" href=\"https:\/\/www.radiopiu.net\/wordpress\/wp-content\/uploads\/2022\/08\/17fc7e2a-a6af-40fd-88a2-bb7ac0ebcade.jpg\" data-dt-img-description=\"\" data-large_image_width=\"1185\" data-large_image_height=\"1600\"><img loading=\"lazy\" decoding=\"async\" class=\"alignleft wp-image-293467 \" src=\"https:\/\/www.radiopiu.net\/wordpress\/wp-content\/uploads\/2022\/08\/17fc7e2a-a6af-40fd-88a2-bb7ac0ebcade-222x300.jpg\" alt=\"\" width=\"135\" height=\"182\" srcset=\"https:\/\/www.radiopiu.net\/wordpress\/wp-content\/uploads\/2022\/08\/17fc7e2a-a6af-40fd-88a2-bb7ac0ebcade-222x300.jpg 222w, https:\/\/www.radiopiu.net\/wordpress\/wp-content\/uploads\/2022\/08\/17fc7e2a-a6af-40fd-88a2-bb7ac0ebcade-758x1024.jpg 758w, https:\/\/www.radiopiu.net\/wordpress\/wp-content\/uploads\/2022\/08\/17fc7e2a-a6af-40fd-88a2-bb7ac0ebcade-768x1037.jpg 768w, https:\/\/www.radiopiu.net\/wordpress\/wp-content\/uploads\/2022\/08\/17fc7e2a-a6af-40fd-88a2-bb7ac0ebcade-1138x1536.jpg 1138w, https:\/\/www.radiopiu.net\/wordpress\/wp-content\/uploads\/2022\/08\/17fc7e2a-a6af-40fd-88a2-bb7ac0ebcade.jpg 1185w\" sizes=\"auto, (max-width: 135px) 100vw, 135px\" \/><\/a>AGORDO<\/strong> Domani alle 12 sotto al tendone sul Broi di Agordo, in occasione del Palio dei Cento, ci sar\u00e0 la presentazione della nuova pubblicazione dell&#8217;Union dei ladin de Agort dal titolo &#8220;Inte n cadin de musco&#8221;. Il libro parla dei particolari e della vita di ogni frazione di Agordo ed \u00e8 strutturato su 31 interviste. Libro in bilingua, agordino e italiano.<\/p>\n<p><strong>L&#8217;INVITO DI DAVIDE CONEDERA<\/strong><\/p>\n<audio class=\"wp-audio-shortcode\" id=\"audio-293491-11\" preload=\"none\" style=\"width: 100%;\" controls=\"controls\"><source type=\"audio\/mpeg\" src=\"https:\/\/www.radiopiu.net\/wordpress\/wp-content\/uploads\/2022\/08\/DAVIDE-CONEDERA-LIBRO.mp3?_=11\" \/><a href=\"https:\/\/www.radiopiu.net\/wordpress\/wp-content\/uploads\/2022\/08\/DAVIDE-CONEDERA-LIBRO.mp3\">https:\/\/www.radiopiu.net\/wordpress\/wp-content\/uploads\/2022\/08\/DAVIDE-CONEDERA-LIBRO.mp3<\/a><\/audio>\n<p>&nbsp;<\/p>\n<hr \/>\n<p>&nbsp;<\/p>\n<blockquote>\n<h3>L&#8217;INCONTRO ALPINISTICO ALLA BAITA DEI CACCIATORI<\/h3>\n<\/blockquote>\n<p><strong>FALCADE<\/strong> Domani al Rifugio Baita Dei Cacciatori di Cime D&#8217;Auta viene organizzato un incontro alpinistico in ricordo di Emilio Marmolada e Guido Pagani. Dopo la santa messa alle 10:30, verr\u00e0 inaugurato un pannello storico delle attivit\u00e0 alpinistiche sulle Cime D&#8217;Auta in memoria dei caduti sulle montagne<\/p>\n<p>&nbsp;<\/p>\n<p>&nbsp;<\/p>\n<hr \/>\n<p>&nbsp;<\/p>\n<blockquote>\n<h3>UNA DOMENICA A TEATRO ALLA CASA DELLA GIOVENTU&#8217; DI CAVIOLA<\/h3>\n<\/blockquote>\n<p><strong>FALCADE<\/strong> \u00c8 in programma per domani alle 21 presso la Casa della Guiovent\u00f9 di Caviola lo spettacolo teatrale &#8220;Na Soluzion Quasi Perfeta&#8221;, una commedia brillante-comica a cura di Giuseppina Cattaneo. Organizzano la Filodrammatica di Falcade Alto in collaborazione con la parrocchia di Falcade-Caviola.<\/p>\n<p>&nbsp;<\/p>\n<p>&nbsp;<\/p>\n<hr \/>\n<p>&nbsp;<\/p>\n<blockquote>\n<h3>DUGONE, IL TORNEO DI GREEN VOLLEY A CENCENIGHE<\/h3>\n<\/blockquote>\n<p><strong>CENCENIGHE<\/strong> U.S. Cencenighe, Comune e Pro Loco organizzano per domani un torneo di green volley agli impianti sportivi. Due categorie: Senior dai 15 anni in su e Junior dai 9 ai 14 anni. In serata aperitivo con Oh Per Bacco e musica con DJ Jack. Per info ed iscrizioni scrivere a dugone.torneogreenvolly@gmail.com iscrizioni entro il 19 agosto.<\/p>\n<p>&nbsp;<\/p>\n<p>&nbsp;<\/p>\n<hr \/>\n<p>&nbsp;<\/p>\n<blockquote>\n<h3>LA FESTA DEI 100 ANNI DEL GRUPPO SPORTIVO FRASSENE&#8217;<\/h3>\n<\/blockquote>\n<p><strong><a class=\"dt-pswp-item\" href=\"https:\/\/www.radiopiu.net\/wordpress\/wp-content\/uploads\/2022\/08\/Schermata-2022-08-04-alle-12.23.41.png\" data-dt-img-description=\"\" data-large_image_width=\"1336\" data-large_image_height=\"1014\"><img loading=\"lazy\" decoding=\"async\" class=\"alignleft wp-image-290914 \" src=\"https:\/\/www.radiopiu.net\/wordpress\/wp-content\/uploads\/2022\/08\/Schermata-2022-08-04-alle-12.23.41-300x228.png\" alt=\"\" width=\"158\" height=\"120\" srcset=\"https:\/\/www.radiopiu.net\/wordpress\/wp-content\/uploads\/2022\/08\/Schermata-2022-08-04-alle-12.23.41-300x228.png 300w, https:\/\/www.radiopiu.net\/wordpress\/wp-content\/uploads\/2022\/08\/Schermata-2022-08-04-alle-12.23.41-1024x777.png 1024w, https:\/\/www.radiopiu.net\/wordpress\/wp-content\/uploads\/2022\/08\/Schermata-2022-08-04-alle-12.23.41-768x583.png 768w, https:\/\/www.radiopiu.net\/wordpress\/wp-content\/uploads\/2022\/08\/Schermata-2022-08-04-alle-12.23.41.png 1336w\" sizes=\"auto, (max-width: 158px) 100vw, 158px\" \/><\/a>VOLTAGO <\/strong>1922-2022 il primo secolo di vita del Gruppo Sportivo Frassen\u00e8: tre giorni di eventi al tendone nel parcheggio della chiesa. Venerdi&#8217; 9 settembre alle 18 apertura stand gastronomico e serata musicale con Sabrina Silvestrin. Sabato 10 voli panoramici in elicottero dalle 10 alle 15 e, fino alle 17 mercatini dell&#8217;artigianato, dalle 10 torneo di calcio del Poi, a mezzogiorno stand gastronomico, 16.30 Frassene&#8217; Cross, gare podistiche non competitive, 17 aperitivo con DJ Morgan e Battaglia, 19 cena e premiazioni, dalle 21 serata musicale con I Riflesso, chiusura con DJ Morgan e Battaglia. Domenica 11 alle 10 mostra sui 100 anni del Gruppo Sportivo Frassene&#8217; presso l&#8217;ex scuola Paolo Mosca, 11 sfilata dei gruppi associativi per le vie del paese, 12.30 pranzo, 15 presentazione libro &#8220;Il Primo Secolo Di Vita&#8221;. Il ricavato sar\u00e0 devoluto al Gruppo Sportivo Frasssen\u00e8.<\/p>\n<p>&nbsp;<\/p>\n<hr \/>\n<p>&nbsp;<\/p>\n<blockquote>\n<h3>LA MOSTRA FILATELICA PER PAPA LUCIANI<\/h3>\n<\/blockquote>\n<p><strong>CANALE D&#8217;AGORDO<\/strong> \u00c8 di prossima apertura della mostra filatelica su Papa Luciani, dal 18 agosto all&#8217;11 settembre presso la sala consiliare del municipio di Canale d&#8217;Agordo. La mostra osserver\u00e0 i seguenti orari: Tutti i giorni 16.30-18.30 e 20-22. Venerd\u00ec, sabato e domenica anche 10.00-12.00. Ricordiamo, in particolare, domenica 4 settembre l&#8217;annullo filatelico speciale dalle ore 10.00 alle ore 14.00, presso la sala consiliare, in concomitanza con la cerimonia ufficiale di beatificazione di Papa Luciani.<\/p>\n<p>&nbsp;<\/p>\n<p>&nbsp;<\/p>\n<hr \/>\n<p>&nbsp;<\/p>\n<blockquote>\n<h3>DI UN&#8217;ANTICA CAVA DI &#8220;PIETRA VERDE&#8221; E DELL&#8217;IPOTETICA ESISTENZA DI UNA MINIERA A LA VALLE AGORDINA<\/h3>\n<p><strong>Trascrizioni testi ed immagini a cura di Tiziano De Col<\/strong><\/p><\/blockquote>\n<p><a class=\"dt-pswp-item\" href=\"https:\/\/www.radiopiu.net\/wordpress\/wp-content\/uploads\/2022\/08\/80ef29de-8a49-4384-b802-3c6abec11cae.jpg\" data-dt-img-description=\"\" data-large_image_width=\"1200\" data-large_image_height=\"1600\"><img loading=\"lazy\" decoding=\"async\" class=\"wp-image-293597 alignleft\" src=\"https:\/\/www.radiopiu.net\/wordpress\/wp-content\/uploads\/2022\/08\/80ef29de-8a49-4384-b802-3c6abec11cae.jpg\" alt=\"\" width=\"195\" height=\"260\" srcset=\"https:\/\/www.radiopiu.net\/wordpress\/wp-content\/uploads\/2022\/08\/80ef29de-8a49-4384-b802-3c6abec11cae.jpg 1200w, https:\/\/www.radiopiu.net\/wordpress\/wp-content\/uploads\/2022\/08\/80ef29de-8a49-4384-b802-3c6abec11cae-225x300.jpg 225w, https:\/\/www.radiopiu.net\/wordpress\/wp-content\/uploads\/2022\/08\/80ef29de-8a49-4384-b802-3c6abec11cae-768x1024.jpg 768w, https:\/\/www.radiopiu.net\/wordpress\/wp-content\/uploads\/2022\/08\/80ef29de-8a49-4384-b802-3c6abec11cae-1152x1536.jpg 1152w\" sizes=\"auto, (max-width: 195px) 100vw, 195px\" \/><\/a>Pubblichiamo un Atto di Concessione risalente al 1907 con il quale il Comune di La Valle Agordina concede al Sign. Moretti Antonio di Taibon di estrarre o raccogliere \u201cPietra Verde\u201d (Formazione di Livinallongo \u2013 Buchenstein) nelle localit\u00e0 Tadelle-Cuogoi e Crep delle Verde con l\u2019esclusiva della raccolta o estrazione della Pietra Verde in tutto il territorio del Comune di La Valle. Interessante l\u2019interesse per l\u2019escavazione e la raccolta di questa pietra da lavorazione e decorazione (un tufo vulcanico utilizzato in paese anche per la costruzione dei vecchi \u201cfornei\u201d o stube, forse per qualche sua propriet\u00e0 ol\u00e0re) e interessante anche il fatto che, la pietra cavata, venisse pesata alla Stazione ferroviaria di Sedico-Bribano, segno che veniva venduta dai cavatori e utilizzata fuori della provincia di Belluno. La pietra verde si presta bene anche alla levigazione. Degno di nota, inoltre, che fosse il Comune a deliberare la Concessione su parere della allora G.P.A. Giunta Provinciale Amministrativa, segno che il Comune aveva piena gestione anche del diritto di cava sui Beni Collettivi (cosiddetti Usi Civici) , beni che derivavano e derivano dalla antica Regola della Valle \u2013 Regulam Vallis. Tali diritti sono stati riconfermati, <a class=\"dt-pswp-item\" href=\"https:\/\/www.radiopiu.net\/wordpress\/wp-content\/uploads\/2022\/08\/698430d9-6c0e-4b1c-833c-0ba92048b8d8.jpg\" data-dt-img-description=\"\" data-large_image_width=\"1600\" data-large_image_height=\"1200\"><img loading=\"lazy\" decoding=\"async\" class=\"wp-image-293606 size-medium alignright\" src=\"https:\/\/www.radiopiu.net\/wordpress\/wp-content\/uploads\/2022\/08\/698430d9-6c0e-4b1c-833c-0ba92048b8d8-300x225.jpg\" alt=\"\" width=\"300\" height=\"225\" srcset=\"https:\/\/www.radiopiu.net\/wordpress\/wp-content\/uploads\/2022\/08\/698430d9-6c0e-4b1c-833c-0ba92048b8d8-300x225.jpg 300w, https:\/\/www.radiopiu.net\/wordpress\/wp-content\/uploads\/2022\/08\/698430d9-6c0e-4b1c-833c-0ba92048b8d8-1024x768.jpg 1024w, https:\/\/www.radiopiu.net\/wordpress\/wp-content\/uploads\/2022\/08\/698430d9-6c0e-4b1c-833c-0ba92048b8d8-768x576.jpg 768w, https:\/\/www.radiopiu.net\/wordpress\/wp-content\/uploads\/2022\/08\/698430d9-6c0e-4b1c-833c-0ba92048b8d8-1536x1152.jpg 1536w, https:\/\/www.radiopiu.net\/wordpress\/wp-content\/uploads\/2022\/08\/698430d9-6c0e-4b1c-833c-0ba92048b8d8.jpg 1600w\" sizes=\"auto, (max-width: 300px) 100vw, 300px\" \/><\/a>per tutti i Beni Collettivi, anche dalla Legge Nazionale n . 168\/2017. Nel Disciplinare di Concessione \u00e8 anche citata la possibilit\u00e0 che nell\u2019area esistesse anticamente una miniera e pertanto il Comune se ne riservava lo sfruttamento, nel caso fosse rinvenuta durante l\u2019attivit\u00e0 di scavo della Pietra Verde. La presenza di tale miniera, presente nella tradizione orale paesana \u00e8 anche riportata, negli Atti della giornata di studi geominerari tenutasi ad Agordo il 7 ottobre 1967, dei quali, pubblichiamo la foto del frontespizio e la pagina riportante la notizia con relativa cartina topografica. Originale in Archivio Tiziano De Col. Alcuni, allora studenti Periti Minerari, subito dopo la fine della Seconda Guerra Mondiale, provarono a rintracciare questa antica ricerca mineraria. Il compianto Flavio De Cassai, mi raccont\u00f2 di questi suoi tentativi che lo portarono a repertare una ricerca mineraria ed a reperire delle \u201cmosche\u201d di galena. Anche De Col Piergiorgio mi ha riferito, di aver effettuato lui stesso delle ricerche in loco. Di sicuro, uno dei due o tutti e due, fornirono, negli anni \u201950 del secolo scorso, alcuni cristalli di galena, l\u00ec rinvenuti, a mio padre, Renzo De Col, che li utilizzava per sperimentare la costruzione di un ricevitore radio a galena (Radio a Galena), nel quale, un cristallo di galena \u201cstuzzicato\u201d da un sottile filo d\u2019acciaio detto \u201cbaffo di gatto\u201d fungeva da \u201cdiodo rilevatore\u201d . Questo utilizzo dur\u00f2, fintantoch\u00e8, con l\u2019avvento dei semiconduttori, non fu sostituito da un diodo al germanio. (FOTO A DESTRA Esempio di Pietra Verde di La Valle Agordina. Formazione di Livinallongo &#8211; Buchenstein)<\/p>\n<p>&nbsp;<\/p>\n<a href=\"https:\/\/www.radiopiu.net\/wordpress\/wp-content\/uploads\/2022\/08\/Atto-concessione_1908_frontespizio.pdf\" class=\"pdfemb-viewer\" style=\"\" data-width=\"max\" data-height=\"max\" data-toolbar=\"top\" data-toolbar-fixed=\"on\">Atto concessione_1908_frontespizio<\/a>\n<p>&nbsp;<\/p>\n<p><b>Atto disciplinare per la concessione a Moretti Antonio di Taibon dello scavo di pietra verde in Comune di La Valle. Archivio fotografico e trascrizione Tiziano De Col<\/b><\/p>\n<p><i><a class=\"dt-pswp-item\" href=\"https:\/\/www.radiopiu.net\/wordpress\/wp-content\/uploads\/2022\/08\/4ba50bab-c5cb-4dcf-889d-4f32427de5a0.jpg\" data-dt-img-description=\"\" data-large_image_width=\"1600\" data-large_image_height=\"1200\"><img loading=\"lazy\" decoding=\"async\" class=\"wp-image-293595 size-medium alignleft\" src=\"https:\/\/www.radiopiu.net\/wordpress\/wp-content\/uploads\/2022\/08\/4ba50bab-c5cb-4dcf-889d-4f32427de5a0-300x225.jpg\" alt=\"\" width=\"300\" height=\"225\" srcset=\"https:\/\/www.radiopiu.net\/wordpress\/wp-content\/uploads\/2022\/08\/4ba50bab-c5cb-4dcf-889d-4f32427de5a0-300x225.jpg 300w, https:\/\/www.radiopiu.net\/wordpress\/wp-content\/uploads\/2022\/08\/4ba50bab-c5cb-4dcf-889d-4f32427de5a0-1024x768.jpg 1024w, https:\/\/www.radiopiu.net\/wordpress\/wp-content\/uploads\/2022\/08\/4ba50bab-c5cb-4dcf-889d-4f32427de5a0-768x576.jpg 768w, https:\/\/www.radiopiu.net\/wordpress\/wp-content\/uploads\/2022\/08\/4ba50bab-c5cb-4dcf-889d-4f32427de5a0-1536x1152.jpg 1536w, https:\/\/www.radiopiu.net\/wordpress\/wp-content\/uploads\/2022\/08\/4ba50bab-c5cb-4dcf-889d-4f32427de5a0.jpg 1600w\" sizes=\"auto, (max-width: 300px) 100vw, 300px\" \/><\/a>Provincia di Belluno, Distretto di Agordo, Comune di La Valle, add\u00ec 26 ottobre 1907. <\/i><i>Atto disciplinare per la concessione a Moretti Antonio di Taibon dello scavo di pietra verde in Comune di La Valle. <\/i><i>Dinanzi a me De Col Antonio fu Giacinto Sindaco rappresentante il Comune predetto assistito dal Segretario Comunale Olivetti Gaetano, \u00e8 comparso il Signor Moretti Antonio fu Giacomo di Taibon con il quale si \u00e8 stipulato il seguente atto disciplinare. <\/i><i>Veduta la decisione tre ottobre corrente N 10423 dell\u2019 Oner. G.P.A. (Giunta Provinciale Amministrativa ndr) di Belluno si stabilisce: <\/i><i>Art. 1\u00b0 Il Comune di La Valle concede per un periodo di anni 25 (venticinque) al Signor Moretti Antonio fu Giacomo di Taibon che accetta il diritto di scavare, asportare e fare sue tutte le pietre verdi reperibili alla superficie e nel sottosuolo del fondo di propriet\u00e0 comunale in regione Tadelle \u2013 Cogoi e Crep delle Verde distinta in mappa ai numeri 1780, 2777, 5322, 5323 e ci\u00f2 in relazione alle deliberazioni Consigliari 16 Febbraio, 3 Settembre e 1 Ottobre 1905 e alla Relazione 23 Maggio 1907 dell\u2019 Ingegnere Civile Sign. Colle dott. Enrico e secondo il tipo ammesso al presente Contratto \u00e8 la determinazione dei Confini che saranno stabiliti sopra luogo. Gli concede pure il diritto di passaggio delle materie escavate per strade e fondi Comunali con facolt\u00e0 anche di aprire , se occorrendo, nuove vie e viottoli nel terreno predetto e tutte altre propriet\u00e0 Comunali e il diritto di costruire piazzali di deposito, abitazioni operaie, impianti meccanici e quanto altro fosse necessario allo sviluppo e all\u2019esercizio dell\u2019industria. <\/i><i>Art. 2\u00b0 Trascorsi i venticinque anni di cui il precedente articolo, il Comune di La Valle volendo rinnovare la concessione dell\u2019escavo di pietra verde, render\u00e0 aggiudicatario il miglior offerente e nel caso di parit\u00e0 di condizioni l\u2019attuale concessionario avr\u00e0 diritto a prelazione. Il Comune si obbliga inoltre di non accordare ad altri neppure sotto forma di vendita del fondo per tutta, ma non oltre la durata del presente contratto nessuna Concessione, permesso, affitto ed altro che abbia per effetto l\u2019apertura ed esercizio di cave di pietra verde in qualsiasi terreno Comunale, bench\u00e9 diverso da quello contemplato dal presente Contratto e, nel caso, il Signor Moretti Antonio avr\u00e0 il diritto di chiedere ed il Comune premesse le formalit\u00e0 prescritte dalla legge potr\u00e0 concedere l\u2019apertura e l\u2019esercizio di qualsiasi cava di pietra verde in ogni altra propriet\u00e0 del Comune. <\/i><i>Art. 3\u00b0 Circa alla determinazione dei danni alla fine della concessione si terr\u00e0 presente il maggior valore che potr\u00e0 aver acquistato dalla sua destinazione ad uso di cava, cio\u00e8 si far\u00e0 il confronto fra il valore attuale del fondo e quello che avr\u00e0 il fondo con le cave aperte alla <a class=\"dt-pswp-item\" href=\"https:\/\/www.radiopiu.net\/wordpress\/wp-content\/uploads\/2022\/08\/3e006393-105b-415b-b9a0-73e4a7b0ee2c.jpg\" data-dt-img-description=\"\" data-large_image_width=\"1600\" data-large_image_height=\"1200\"><img loading=\"lazy\" decoding=\"async\" class=\"wp-image-293598 size-medium alignright\" src=\"https:\/\/www.radiopiu.net\/wordpress\/wp-content\/uploads\/2022\/08\/3e006393-105b-415b-b9a0-73e4a7b0ee2c-300x225.jpg\" alt=\"\" width=\"300\" height=\"225\" srcset=\"https:\/\/www.radiopiu.net\/wordpress\/wp-content\/uploads\/2022\/08\/3e006393-105b-415b-b9a0-73e4a7b0ee2c-300x225.jpg 300w, https:\/\/www.radiopiu.net\/wordpress\/wp-content\/uploads\/2022\/08\/3e006393-105b-415b-b9a0-73e4a7b0ee2c-1024x768.jpg 1024w, https:\/\/www.radiopiu.net\/wordpress\/wp-content\/uploads\/2022\/08\/3e006393-105b-415b-b9a0-73e4a7b0ee2c-768x576.jpg 768w, https:\/\/www.radiopiu.net\/wordpress\/wp-content\/uploads\/2022\/08\/3e006393-105b-415b-b9a0-73e4a7b0ee2c-1536x1152.jpg 1536w, https:\/\/www.radiopiu.net\/wordpress\/wp-content\/uploads\/2022\/08\/3e006393-105b-415b-b9a0-73e4a7b0ee2c.jpg 1600w\" sizes=\"auto, (max-width: 300px) 100vw, 300px\" \/><\/a>scadenza della concessione. Ove i due valori si conguagliassero ovvero il secondo fosse maggiore del primo nessuna riduzione sar\u00e0 dovuta al Comune. <\/i><i>Art. 4\u00b0 Il Comune concede al Moretti il diritto di estrarre dalle propriet\u00e0 Comunali pietra verde soltanto; qualunque estrazione di diverso materiale gli \u00e8 vietata come del pari se durante i lavori di escavo di pietra verde venisse scoperta una miniera che si dice esistere in quelle localit\u00e0 questa rester\u00e0 a disposizione del Comune e sar\u00e0 esercitata a seconda delle leggi vigenti in materia. <\/i><i>Art. 5\u00b0 Il corrispettivo della concessione di cui sopra il Signor Moretti Antonio pagher\u00e0 al Comune di La Valle la somma di Lire una per ogni tonnellata di pietra verde che verr\u00e0 asportata dalla cava, qualunque sia , sia la dimensione della pietra asportata, le scaglie comprese. Il pagamento del corrispettivo sar\u00e0 eseguito nella cassa Comunale alla fine di ogni semestre sulla base delle risultanze della pesatura della pietra che ne sar\u00e0 fatta alla Stazione di Sedico-Bribano od in altro luogo da stabilirsi di comune accordo. <\/i><i>Art. 6\u00b0 Nessun\u2019altra corrisposta, prestazione o tassa potr\u00e0 pretendersi od imporsi dal Comune al Concessionario, fatta eccezione per\u00f2 di quelle tasse determinate dai Regolamenti Comunali a carico di tutti coloro che nel territorio del Comune esercitano una industria di qualsivoglia natura. <\/i><i>Art. 7\u00b0 Il Comune di La Valle si obbliga alla manutenzione della strada dal Ponte di Cugnago fino al confine di Agordo; Il riatto di detta strada necessaria al Moretti per i bisogni della sua industria star\u00e0 ad esclusivo di lui carico, come del pari star\u00e0 all\u2019esclusivo di lui carico la sistemazione del tronco di strada detta al Molinat. <\/i><i>Art. 8\u00b0 Alla cessazione del presente Contratto e nel caso il Comune volesse rinnovare la concessione se il Signor Moretti o qualsiasi altra ditta ne divenisse concessionaria essa potr\u00e0 scegliere una delle cave in attivit\u00e0 e il Comune potr\u00e0 sempre dietro la propria approvazione dargliela alle condizioni del nuovo contratto. Le altre cave verranno consegnate al <a class=\"dt-pswp-item\" href=\"https:\/\/www.radiopiu.net\/wordpress\/wp-content\/uploads\/2022\/08\/50d5c8bd-c39a-44ee-8b8e-5c0a24279b7a.jpg\" data-dt-img-description=\"\" data-large_image_width=\"1600\" data-large_image_height=\"1200\"><img loading=\"lazy\" decoding=\"async\" class=\"wp-image-293596 size-medium alignleft\" src=\"https:\/\/www.radiopiu.net\/wordpress\/wp-content\/uploads\/2022\/08\/50d5c8bd-c39a-44ee-8b8e-5c0a24279b7a-300x225.jpg\" alt=\"\" width=\"300\" height=\"225\" srcset=\"https:\/\/www.radiopiu.net\/wordpress\/wp-content\/uploads\/2022\/08\/50d5c8bd-c39a-44ee-8b8e-5c0a24279b7a-300x225.jpg 300w, https:\/\/www.radiopiu.net\/wordpress\/wp-content\/uploads\/2022\/08\/50d5c8bd-c39a-44ee-8b8e-5c0a24279b7a-1024x768.jpg 1024w, https:\/\/www.radiopiu.net\/wordpress\/wp-content\/uploads\/2022\/08\/50d5c8bd-c39a-44ee-8b8e-5c0a24279b7a-768x576.jpg 768w, https:\/\/www.radiopiu.net\/wordpress\/wp-content\/uploads\/2022\/08\/50d5c8bd-c39a-44ee-8b8e-5c0a24279b7a-1536x1152.jpg 1536w, https:\/\/www.radiopiu.net\/wordpress\/wp-content\/uploads\/2022\/08\/50d5c8bd-c39a-44ee-8b8e-5c0a24279b7a.jpg 1600w\" sizes=\"auto, (max-width: 300px) 100vw, 300px\" \/><\/a>Comune che ne potr\u00e0 disporre liberamente. \u2026\u2026\u2026\u2026\u2026 per\u00f2 si riferiva al diritto di acquistare a prezzo di stima i fabbricati di propriet\u00e0 della ditta Moretti alla quale per\u00f2 rimarranno i macchinari. <\/i><i>Art. 9\u00b0 Nel caso eventualmente nelle localit\u00e0 concesse al Moretti per l\u2019estrazione della pietra verde venisse scoperta la miniera di cui \u00e8 cenno all\u2019 art. 4\u00b0 il Comune si riserva il diritto di costruire il quella localit\u00e0, non ostante la concessione data al Moretti, tutti gli edifici necessari per l\u2019esercizio della miniera. <\/i><i>Art. 10\u00b0 Durante il periodo dei venticinque anni suddetti sar\u00e0 facolt\u00e0 del Comune e dei privati in esso domiciliati di escavare e raccogliere sui fondi Comunali pietra da costruzione (non per\u00f2 l\u2019arenaria pietra verde ) per proprio uso locale per\u00f2, nei luoghi e nei modi da non dare \u2026\u2026\u2026.. disturbo o pregiudizio alle cave aperte. Il Comune si obbliga di impedire ai privati altre diverse escavazioni o raccolta di pietra verde nei propri fondi. <\/i><i>Art. 11\u00b0 Il Moretti si obbliga di occupare operai del Comune di La Valle. Potr\u00e0 valersi di operai forestieri quando non ve ne fossero a sufficienza nel Comune e quando si trattasse di certi speciali lavori che gli operai del paese si ritenessero incapaci di eseguire. <\/i><i>Art. 13\u00b0 Nel caso il Moretti dovesse nel corso della concessione abbandonare l\u2019esercizio delle cave il Comune si riterr\u00e0 dispensato dal mantenimento del presente contratto e potr\u00e0 disporre delle cave stesse sempre per\u00f2 che la sospensione abbia avuta la durata di anni cinque. <\/i><i>Art. 14\u00b0 Tutte le spese del presente atto e comunque ad esso relative staranno a carico del Concessionario Signor Moretti Antonio. <\/i><i>Art. 15\u00b0 Tutti gli atti summenzionati formeranno parte integrale e contestuale del presente Contratto. <\/i><i>Fatto letto e firmato alla presenza di due testimoni, <\/i><i>Il Concessionario <\/i><i>Il Sindaco <\/i><i>Il Segretario Comunale <\/i><i>I Testimoni<\/i><\/p>\n<p>&nbsp;<\/p>\n<p>&nbsp;<\/p>\n<hr \/>\n<p>&nbsp;<\/p>\n<h1><span style=\"color: #ff6600;\">IERI ALLA RADIO<\/span><\/h1>\n<blockquote>\n<h3>LUCIA DALMASSO SI PREPARA PER LA PROSSIMA STAGIONE INVERNALE<\/h3>\n<\/blockquote>\n<p><strong><a class=\"dt-pswp-item\" href=\"https:\/\/www.radiopiu.net\/wordpress\/wp-content\/uploads\/2022\/01\/934ed186-f1eb-4bee-a1c4-dae328874085.jpg\" data-dt-img-description=\"\" data-large_image_width=\"1080\" data-large_image_height=\"720\"><img loading=\"lazy\" decoding=\"async\" class=\"size-thumbnail wp-image-256452 alignleft\" src=\"https:\/\/www.radiopiu.net\/wordpress\/wp-content\/uploads\/2022\/01\/934ed186-f1eb-4bee-a1c4-dae328874085-150x150.jpg\" alt=\"\" width=\"150\" height=\"150\" \/><\/a>di Claudio Fontanive<\/strong><\/p>\n<p>OSPITE: Lucia Dalmasso<\/p>\n<audio class=\"wp-audio-shortcode\" id=\"audio-293491-12\" preload=\"none\" style=\"width: 100%;\" controls=\"controls\"><source type=\"audio\/mpeg\" src=\"https:\/\/www.radiopiu.net\/wordpress\/wp-content\/uploads\/2022\/08\/lucia-dal-masso.mp3?_=12\" \/><a href=\"https:\/\/www.radiopiu.net\/wordpress\/wp-content\/uploads\/2022\/08\/lucia-dal-masso.mp3\">https:\/\/www.radiopiu.net\/wordpress\/wp-content\/uploads\/2022\/08\/lucia-dal-masso.mp3<\/a><\/audio>\n<p>&nbsp;<\/p>\n<hr \/>\n<p>&nbsp;<\/p>\n<div>\n<div class=\"b654a4as d2edcug0\">\n<div class=\"rq0escxv hkbzh7o3 jwdofwj8 n8tt0mok r8blr3vg hyh9befq\">\n<p><a class=\"dt-pswp-item\" href=\"https:\/\/www.radiopiu.net\/wordpress\/wp-content\/uploads\/2020\/10\/pp.jpg\" data-dt-img-description=\"\" data-large_image_width=\"640\" data-large_image_height=\"640\"><img loading=\"lazy\" decoding=\"async\" class=\"wp-image-163678 alignleft\" src=\"https:\/\/www.radiopiu.net\/wordpress\/wp-content\/uploads\/2020\/10\/pp-300x300.jpg\" alt=\"\" width=\"106\" height=\"106\" srcset=\"https:\/\/www.radiopiu.net\/wordpress\/wp-content\/uploads\/2020\/10\/pp-300x300.jpg 300w, https:\/\/www.radiopiu.net\/wordpress\/wp-content\/uploads\/2020\/10\/pp-150x150.jpg 150w, https:\/\/www.radiopiu.net\/wordpress\/wp-content\/uploads\/2020\/10\/pp-125x125.jpg 125w, https:\/\/www.radiopiu.net\/wordpress\/wp-content\/uploads\/2020\/10\/pp-200x200.jpg 200w, https:\/\/www.radiopiu.net\/wordpress\/wp-content\/uploads\/2020\/10\/pp-80x80.jpg 80w, https:\/\/www.radiopiu.net\/wordpress\/wp-content\/uploads\/2020\/10\/pp-480x480.jpg 480w, https:\/\/www.radiopiu.net\/wordpress\/wp-content\/uploads\/2020\/10\/pp.jpg 640w\" sizes=\"auto, (max-width: 106px) 100vw, 106px\" \/><\/a><\/p>\n<\/div>\n<\/div>\n<\/div>\n<div>\n<div class=\"page-title-head hgroup\">\n<div class=\"page-title-head hgroup\">\n<div class=\"b654a4as d2edcug0\">\n<div class=\"j83agx80 btwxx1t3 lhclo0ds hop8lmos nkwizq5d scwd0bx6 roh60bw9\">\n<div class=\"rq0escxv hkbzh7o3 jwdofwj8 n8tt0mok r8blr3vg hyh9befq\">\n<div class=\"do00u71z l9j0dhe7 k4urcfbm\">\n<h2><span style=\"color: #000080;\">DON CESARE, IL PENSIERO DEL GIORNO. ALLA RADIO ALLE 7 DEL MATTINO E ALLE 19.30 DELLA SERA.\u00a0<\/span><\/h2>\n<\/div>\n<\/div>\n<\/div>\n<\/div>\n<\/div>\n<\/div>\n<\/div>\n<div class=\"do00u71z l9j0dhe7 k4urcfbm\">\n<div class=\"page-title-head hgroup\">\n<div class=\"page-title-head hgroup\">\n<div class=\"b654a4as d2edcug0\">\n<div class=\"j83agx80 btwxx1t3 lhclo0ds hop8lmos nkwizq5d scwd0bx6 roh60bw9\">\n<div class=\"rq0escxv hkbzh7o3 jwdofwj8 n8tt0mok r8blr3vg hyh9befq\">\n<div class=\"do00u71z l9j0dhe7 k4urcfbm\">\n<div class=\"page-title-head hgroup\">\n<div class=\"page-title-head hgroup\">\n<div class=\"b654a4as d2edcug0\">\n<div class=\"j83agx80 btwxx1t3 lhclo0ds hop8lmos nkwizq5d scwd0bx6 roh60bw9\">\n<div class=\"rq0escxv hkbzh7o3 jwdofwj8 n8tt0mok r8blr3vg hyh9befq\">\n<div class=\"do00u71z l9j0dhe7 k4urcfbm\">\n<div class=\"ecm0bbzt e5nlhep0 a8c37x1j\">\n<div class=\"kvgmc6g5 cxmmr5t8 oygrvhab hcukyx3x c1et5uql\">\n<div class=\"gmail-kvgmc6g5 gmail-cxmmr5t8 gmail-oygrvhab gmail-hcukyx3x gmail-c1et5uql gmail-ii04i59q\">\n<div class=\"page-title-head hgroup\">\n<div class=\"page-title-head hgroup\">\n<div class=\"b654a4as d2edcug0\">\n<div class=\"j83agx80 btwxx1t3 lhclo0ds hop8lmos nkwizq5d scwd0bx6 roh60bw9\">\n<div class=\"rq0escxv hkbzh7o3 jwdofwj8 n8tt0mok r8blr3vg hyh9befq\">\n<div class=\"do00u71z l9j0dhe7 k4urcfbm\">\n<div class=\"page-title-head hgroup\">\n<div class=\"page-title-head hgroup\">\n<div class=\"b654a4as d2edcug0\">\n<div class=\"j83agx80 btwxx1t3 lhclo0ds hop8lmos nkwizq5d scwd0bx6 roh60bw9\">\n<div class=\"rq0escxv hkbzh7o3 jwdofwj8 n8tt0mok r8blr3vg hyh9befq\">\n<div class=\"do00u71z l9j0dhe7 k4urcfbm\">\n<div class=\"page-title-head hgroup\">\n<div class=\"page-title-head hgroup\">\n<div class=\"b654a4as d2edcug0\">\n<div class=\"j83agx80 btwxx1t3 lhclo0ds hop8lmos nkwizq5d scwd0bx6 roh60bw9\">\n<div class=\"rq0escxv hkbzh7o3 jwdofwj8 n8tt0mok r8blr3vg hyh9befq\">\n<div class=\"do00u71z l9j0dhe7 k4urcfbm\">\n<div class=\"ecm0bbzt e5nlhep0 a8c37x1j\">\n<div class=\"kvgmc6g5 cxmmr5t8 oygrvhab hcukyx3x c1et5uql\">\n<div class=\"gmail-kvgmc6g5 gmail-cxmmr5t8 gmail-oygrvhab gmail-hcukyx3x gmail-c1et5uql gmail-ii04i59q\">\n<div class=\"page-title-head hgroup\">\n<div class=\"page-title-head hgroup\">\n<div class=\"b654a4as d2edcug0\">\n<div class=\"j83agx80 btwxx1t3 lhclo0ds hop8lmos nkwizq5d scwd0bx6 roh60bw9\">\n<div class=\"rq0escxv hkbzh7o3 jwdofwj8 n8tt0mok r8blr3vg hyh9befq\">\n<div><\/div>\n<div class=\"do00u71z l9j0dhe7 k4urcfbm\">\n<audio class=\"wp-audio-shortcode\" id=\"audio-293491-13\" preload=\"none\" style=\"width: 100%;\" controls=\"controls\"><source type=\"audio\/mpeg\" src=\"https:\/\/www.radiopiu.net\/wordpress\/wp-content\/uploads\/2022\/08\/CESARE-13.mp3?_=13\" \/><a href=\"https:\/\/www.radiopiu.net\/wordpress\/wp-content\/uploads\/2022\/08\/CESARE-13.mp3\">https:\/\/www.radiopiu.net\/wordpress\/wp-content\/uploads\/2022\/08\/CESARE-13.mp3<\/a><\/audio>\n<p>&nbsp;<\/p>\n<p>&nbsp;<\/p>\n<hr \/>\n<p>&nbsp;<\/p>\n<blockquote class=\"wp-embedded-content\" data-secret=\"uznmyG6jvC\"><p><a href=\"https:\/\/www.radiopiu.net\/wordpress\/in-cammino-verso-la-beatificazione-di-papa-luciani-giovanni-paolo-i\/\">IN CAMMINO VERSO LA BEATIFICAZIONE DI PAPA LUCIANI, GIOVANNI PAOLO I<\/a><\/p><\/blockquote>\n<p><iframe loading=\"lazy\" class=\"wp-embedded-content\" sandbox=\"allow-scripts\" security=\"restricted\" style=\"position: absolute; clip: rect(1px, 1px, 1px, 1px);\" title=\"&#8220;IN CAMMINO VERSO LA BEATIFICAZIONE DI PAPA LUCIANI, GIOVANNI PAOLO I&#8221; &#8212; Radio Pi\u00f9\" src=\"https:\/\/www.radiopiu.net\/wordpress\/in-cammino-verso-la-beatificazione-di-papa-luciani-giovanni-paolo-i\/embed\/#?secret=h4o7x20ziu#?secret=uznmyG6jvC\" data-secret=\"uznmyG6jvC\" width=\"600\" height=\"338\" frameborder=\"0\" marginwidth=\"0\" marginheight=\"0\" scrolling=\"no\"><\/iframe><\/p>\n<p>&nbsp;<\/p>\n<hr \/>\n<p>&nbsp;<\/p>\n<p><span style=\"color: #0000ff;\">MUSICA PIU&#8217;\u00a0<\/span><\/p>\n<p><a href=\"https:\/\/www.radiopiu.net\/wordpress\/giornale-radiopiu-20-settembre-2021-direttore-mirko-mezzacasa\/pp-79\/\" rel=\"attachment wp-att-232921\"><img loading=\"lazy\" decoding=\"async\" class=\"wp-image-232921 alignleft\" src=\"https:\/\/www.radiopiu.net\/wordpress\/wp-content\/uploads\/2021\/09\/pp-1-300x300.jpg\" alt=\"\" width=\"135\" height=\"135\" srcset=\"https:\/\/www.radiopiu.net\/wordpress\/wp-content\/uploads\/2021\/09\/pp-1-300x300.jpg 300w, https:\/\/www.radiopiu.net\/wordpress\/wp-content\/uploads\/2021\/09\/pp-1-150x150.jpg 150w, https:\/\/www.radiopiu.net\/wordpress\/wp-content\/uploads\/2021\/09\/pp-1.jpg 640w\" sizes=\"auto, (max-width: 135px) 100vw, 135px\" \/><\/a><\/p>\n<div class=\"mkdf-post-text\">\n<div class=\"mkdf-post-text-inner\">\n<div class=\"mkdf-post-text-main\">\n<div class=\"mkdf-post-text\">\n<div class=\"mkdf-post-text-inner\">\n<div class=\"mkdf-post-text-main\">\n<div class=\"mkdf-post-text\">\n<div class=\"mkdf-post-text-inner\">\n<div class=\"mkdf-post-text-main\">\n<div class=\"page-title-head hgroup\">\n<div class=\"page-title-head hgroup\">\n<div class=\"mkdf-post-text\">\n<div class=\"mkdf-post-text-inner\">\n<div class=\"mkdf-post-text-main\">\n<div class=\"mkdf-post-text\">\n<div class=\"mkdf-post-text-inner\">\n<div class=\"mkdf-post-text-main\">\n<div class=\"page-title-head hgroup\">\n<div class=\"page-title-head hgroup\">\n<div class=\"page-title-head hgroup\">\n<div class=\"page-title-head hgroup\">\n<div class=\"b654a4as d2edcug0\">\n<div class=\"page-title-head hgroup\">\n<div class=\"page-title-head hgroup\">\n<div class=\"page-title-head hgroup\">\n<div class=\"page-title-head hgroup\">\n<div class=\"b654a4as d2edcug0\">\n<div class=\"page-title-head hgroup\">\n<div class=\"page-title-head hgroup\">\n<div class=\"page-title-head hgroup\">\n<div class=\"page-title-head hgroup\">\n<div class=\"b654a4as d2edcug0\">\n<div class=\"mkdf-post-text\">\n<div class=\"mkdf-post-text-inner\">\n<div class=\"mkdf-post-text-main\">\n<div class=\"mkdf-post-text\">\n<div class=\"mkdf-post-text-inner\">\n<div class=\"mkdf-post-text-main\">\n<div class=\"mkdf-post-text\">\n<div class=\"mkdf-post-text-inner\">\n<div class=\"mkdf-post-text-main\">\n<div class=\"page-title-head hgroup\">\n<div class=\"page-title-head hgroup\">\n<div class=\"mkdf-post-text\">\n<div class=\"mkdf-post-text-inner\">\n<div class=\"mkdf-post-text-main\">\n<div class=\"mkdf-post-text\">\n<div class=\"mkdf-post-text-inner\">\n<div class=\"mkdf-post-text-main\">\n<div class=\"page-title-head hgroup\">\n<div class=\"page-title-head hgroup\">\n<div class=\"page-title-head hgroup\">\n<div class=\"page-title-head hgroup\">\n<div class=\"b654a4as d2edcug0\">\n<div class=\"page-title-head hgroup\">\n<div class=\"page-title-head hgroup\">\n<div class=\"page-title-head hgroup\">\n<div class=\"page-title-head hgroup\">\n<div class=\"b654a4as d2edcug0\">\n<div class=\"page-title-head hgroup\">\n<div class=\"page-title-head hgroup\">\n<div class=\"page-title-head hgroup\">\n<div class=\"page-title-head hgroup\">\n<div class=\"b654a4as d2edcug0\">\n<div><\/div>\n<div><\/div>\n<div>\n<p><strong>MUSICA ALLA RADIO, IL PROGRAMMA DI LORIS SCUSSEL &#8220;COLLAGE OPERAZIONE NOSTALGIA&#8221; DAL LUNEDI AL VENERDI ALLE 16.00\u00a0 E ALLE 23\u00a0<\/strong><\/p>\n<\/div>\n<\/div>\n<p>&nbsp;<\/p>\n<p>&nbsp;<\/p>\n<div class=\"b654a4as d2edcug0\">\n<blockquote>\n<h3>COLLAGE OPERAZIONE NOSTALGIA, TRA I BALLABILI E LE SIGLE TV<\/h3>\n<\/blockquote>\n<p><strong><a class=\"dt-pswp-item\" href=\"https:\/\/www.radiopiu.net\/wordpress\/wp-content\/uploads\/2022\/08\/Speedy-Gonzales.jpg\" data-dt-img-description=\"\" data-large_image_width=\"1280\" data-large_image_height=\"720\"><img loading=\"lazy\" decoding=\"async\" class=\"alignleft wp-image-292730 \" src=\"https:\/\/www.radiopiu.net\/wordpress\/wp-content\/uploads\/2022\/08\/Speedy-Gonzales-300x169.jpg\" alt=\"\" width=\"193\" height=\"109\" srcset=\"https:\/\/www.radiopiu.net\/wordpress\/wp-content\/uploads\/2022\/08\/Speedy-Gonzales-300x169.jpg 300w, https:\/\/www.radiopiu.net\/wordpress\/wp-content\/uploads\/2022\/08\/Speedy-Gonzales-1024x576.jpg 1024w, https:\/\/www.radiopiu.net\/wordpress\/wp-content\/uploads\/2022\/08\/Speedy-Gonzales-768x432.jpg 768w, https:\/\/www.radiopiu.net\/wordpress\/wp-content\/uploads\/2022\/08\/Speedy-Gonzales.jpg 1280w\" sizes=\"auto, (max-width: 193px) 100vw, 193px\" \/><\/a>di Loris Scussel<\/strong><\/p>\n<p>Un grande classico \u201cSpeedy Gonzales\u201d nella versione di Pat Boone aprir\u00e0 la programmazione settimanale di Collage che nella consueta alternanza tra brani di musica italiana e internazionale proporr\u00e0 i ballabili anni 60, le sigle delle trasmissioni Rai in bianco e nero, uno speciale dedicato ai polistrumentisti e cos\u00ec via. Collage va in onda dal luned\u00ec al venerd\u00ec alle 16,00 e alle 23,00 naturalmente su Radio Pi\u00f9.<\/p>\n<\/div>\n<\/div>\n<\/div>\n<\/div>\n<\/div>\n<\/div>\n<\/div>\n<\/div>\n<\/div>\n<\/div>\n<\/div>\n<\/div>\n<\/div>\n<\/div>\n<\/div>\n<\/div>\n<\/div>\n<\/div>\n<\/div>\n<\/div>\n<\/div>\n<\/div>\n<\/div>\n<\/div>\n<\/div>\n<\/div>\n<\/div>\n<\/div>\n<\/div>\n<\/div>\n<\/div>\n<\/div>\n<\/div>\n<\/div>\n<\/div>\n<\/div>\n<\/div>\n<\/div>\n<\/div>\n<\/div>\n<\/div>\n<\/div>\n<\/div>\n<\/div>\n<\/div>\n<\/div>\n<\/div>\n<\/div>\n<\/div>\n<\/div>\n<\/div>\n<\/div>\n<\/div>\n<\/div>\n<\/div>\n<\/div>\n<\/div>\n<\/div>\n<\/div>\n<\/div>\n<\/div>\n<\/div>\n<\/div>\n<\/div>\n<div>\n<div class=\"page-title-head hgroup\">\n<div class=\"page-title-head hgroup\">\n<div class=\"page-title-head hgroup\">\n<div class=\"page-title-head hgroup\">\n<div class=\"b654a4as d2edcug0\">\n<div class=\"page-title-head hgroup\">\n<div class=\"page-title-head hgroup\">\n<div class=\"page-title-head hgroup\">\n<div class=\"page-title-head hgroup\">\n<div class=\"b654a4as d2edcug0\">\n<div class=\"page-title-head hgroup\">\n<div class=\"page-title-head hgroup\">\n<div class=\"page-title-head hgroup\">\n<div class=\"page-title-head hgroup\">\n<div class=\"page-title-head hgroup\">\n<div class=\"page-title-head hgroup\">\n<div class=\"page-title-head hgroup\">\n<div class=\"page-title-head hgroup\">\n<div class=\"page-title-head hgroup\">\n<div class=\"b654a4as d2edcug0\">\n<div class=\"page-title-head hgroup\">\n<div class=\"page-title-head hgroup\">\n<div class=\"page-title-head hgroup\">\n<div class=\"page-title-head hgroup\">\n<div class=\"b654a4as d2edcug0\">\n<div class=\"page-title-head hgroup\">\n<div class=\"page-title-head hgroup\">\n<div class=\"page-title-head hgroup\">\n<div class=\"page-title-head hgroup\">\n<div class=\"page-title-head hgroup\">\n<div class=\"mkdf-post-text\">\n<div class=\"mkdf-post-text-inner\">\n<div class=\"mkdf-post-text-main\">\n<div class=\"mkdf-post-text\">\n<div class=\"mkdf-post-text-inner\">\n<div class=\"mkdf-post-text-main\">\n<div class=\"mkdf-post-text\">\n<div class=\"mkdf-post-text-inner\">\n<div class=\"mkdf-post-text-main\">\n<div class=\"page-title-head hgroup\">\n<div class=\"page-title-head hgroup\">\n<div class=\"mkdf-post-text\">\n<div class=\"mkdf-post-text-inner\">\n<div class=\"mkdf-post-text-main\">\n<div class=\"mkdf-post-text\">\n<div class=\"mkdf-post-text-inner\">\n<div class=\"mkdf-post-text-main\">\n<div class=\"page-title-head hgroup\">\n<div class=\"page-title-head hgroup\">\n<div class=\"page-title-head hgroup\">\n<div class=\"page-title-head hgroup\">\n<div class=\"b654a4as d2edcug0\">\n<div class=\"page-title-head hgroup\">\n<div class=\"page-title-head hgroup\">\n<div class=\"page-title-head hgroup\">\n<div class=\"page-title-head hgroup\">\n<div class=\"b654a4as d2edcug0\">\n<div class=\"page-title-head hgroup\">\n<div class=\"page-title-head hgroup\">\n<div class=\"page-title-head hgroup\">\n<p>&nbsp;<\/p>\n<p>&nbsp;<\/p>\n<hr \/>\n<p>&nbsp;<\/p>\n<p><a class=\"dt-pswp-item\" href=\"https:\/\/www.radiopiu.net\/wordpress\/wp-content\/uploads\/2018\/09\/WhatsApp-Image-2018-09-20-at-16.04.06.jpeg\" data-dt-img-description=\"\" data-large_image_width=\"800\" data-large_image_height=\"100\"><img loading=\"lazy\" decoding=\"async\" class=\"aligncenter wp-image-61378 size-full\" src=\"https:\/\/www.radiopiu.net\/wordpress\/wp-content\/uploads\/2018\/09\/WhatsApp-Image-2018-09-20-at-16.04.06.jpeg\" alt=\"\" width=\"800\" height=\"100\" srcset=\"https:\/\/www.radiopiu.net\/wordpress\/wp-content\/uploads\/2018\/09\/WhatsApp-Image-2018-09-20-at-16.04.06.jpeg 800w, https:\/\/www.radiopiu.net\/wordpress\/wp-content\/uploads\/2018\/09\/WhatsApp-Image-2018-09-20-at-16.04.06-300x38.jpeg 300w, https:\/\/www.radiopiu.net\/wordpress\/wp-content\/uploads\/2018\/09\/WhatsApp-Image-2018-09-20-at-16.04.06-768x96.jpeg 768w\" sizes=\"auto, (max-width: 800px) 100vw, 800px\" \/><\/a><\/p>\n<p>&nbsp;<\/p>\n<p><center><b>Sabato 20<\/b><\/center><b>Tempo atteso: <\/b>Giornata dal tempo variabile e leggermente instabile, con cielo parzialmente nuvoloso e alternanza di annuvolamenti e schiarite. Non del tutto esclusi nel corso della giornata locali fenomeni, perlopi\u00f9 modesti e di breve durata.<br \/>\n<b>Precipitazioni: <\/b>Probabilit\u00e0 bassa (20\/30%) di locali piovaschi o rovesci, sia durante la mattinata, sia nelle ore pomeridiane.<br \/>\n<b>Temperature: <\/b>Minime stazionarie o in leggera diminuzione, massime in aumento con valori quasi nella norma ed escursione termica giornaliera un po&#8217; pi\u00f9 elevata rispetto a venerd\u00ec. Il clima diurno ritorner\u00e0 quasi estivo. Su Prealpi a 1500 m min 12\u00b0C max 17\u00b0C, a 2000 m min 9\u00b0C max 14\u00b0C. Su Dolomiti a 2000 m min 9\u00b0C max 15\u00b0C, a 3000 m min 4\u00b0C max 5\u00b0C.<br \/>\n<b>Venti: <\/b>Nelle valli deboli al mattino, deboli o moderati nel pomeriggio a regime di brezza; in quota da tesi a moderati dai quadranti settentrionali, a 10-20 km\/h a 2000 m e a 20-40 km\/h a 3000 m.<\/p>\n<hr \/>\n<p><center><b>Domenica 21<\/b><\/center><b>Tempo atteso: <\/b>Tempo stabile e soleggiato con cielo sereno o poco nuvoloso per modesti cumuli in prossimit\u00e0 delle cime al mattino, un po&#8217; pi\u00f9 estesi anche nelle valli nel pomeriggio, ma con probabilit\u00e0 nulla o molto bassa di fenomeni che eventualmente saranno perlopi\u00f9 sporadici e isolati.<br \/>\n<b>Precipitazioni: <\/b>Generalmente assenti, salvo qualche sporadico piovasco (10%).<br \/>\n<b>Temperature: <\/b>In prevalenza stazionarie, salvo qualche lieve calo delle minime e lieve aumento delle massime. Su Prealpi a 1500 m min 11\u00b0C max 20\u00b0C, a 2000 m min 9\u00b0C max 16\u00b0C. Su Dolomiti a 2000 m min 8\u00b0C max 18\u00b0C, a 3000 m min 2\u00b0C max 7\u00b0C.<br \/>\n<b>Venti: <\/b>Nelle valli deboli al mattino, in genere moderati per brezze dalle ore centrali; in quota deboli o moderati, ancora dai quadranti settentrionali, a 5-15 km\/h a 2000 m e a 15-25 km\/h a 3000 m.<\/p>\n<hr \/>\n<p><center><b>Lunedi 22<\/b><\/center>Giornata soleggiata e pi\u00f9 asciutta rispetto a quelle precedenti, salvo la formazione di modesti e innocui cumuli solo in prossimit\u00e0 delle cime. Precipitazioni assenti. Temperature senza notevoli variazioni, salvo qualche locale lieve aumento. Clima diurno estivo con valori massimi leggermente superiori alle medie del periodo. Venti in quota ancora deboli o moderati dai quadranti settentrionali.<\/p>\n<hr \/>\n<p><center><b>Martedi 23<\/b><\/center>Tempo ancora soleggiato e asciutto, salvo la formazioni di innocui e modesti annuvolamenti in prossimit\u00e0 delle cime dopo l&#8217;alba. Temperature generalmente stazionarie, salvo qualche lieve aumento delle minime, su valori prossimi o leggermente superiori alla norma. Venti in quota moderati ancora dai quadranti settentrionali. Previsore: M.Padoan<\/p>\n<p>&nbsp;<\/p>\n<hr \/>\n<p>&nbsp;<\/p>\n<p><a href=\"https:\/\/www.radiopiu.net\/wordpress\/giornale-radiopiu-26-settembre-2018-direttore-mirko-mezzacasa\/viabilita-2\/\" rel=\"attachment wp-att-61954\"><img loading=\"lazy\" decoding=\"async\" class=\"aligncenter wp-image-61954 size-full\" src=\"https:\/\/www.radiopiu.net\/wordpress\/wp-content\/uploads\/2018\/09\/viabilita.jpeg\" sizes=\"auto, (max-width: 800px) 100vw, 800px\" srcset=\"https:\/\/www.radiopiu.net\/wordpress\/wp-content\/uploads\/2018\/09\/viabilita.jpeg 800w, https:\/\/www.radiopiu.net\/wordpress\/wp-content\/uploads\/2018\/09\/viabilita-300x38.jpeg 300w, https:\/\/www.radiopiu.net\/wordpress\/wp-content\/uploads\/2018\/09\/viabilita-768x96.jpeg 768w\" alt=\"\" width=\"800\" height=\"100\" \/><\/a><\/p>\n<blockquote>\n<h3><\/h3>\n<h3>GALLERIA DI SEGUSINO CHIUSA PER 4 MESI<\/h3>\n<\/blockquote>\n<p><strong><a class=\"dt-pswp-item\" href=\"https:\/\/www.radiopiu.net\/wordpress\/wp-content\/uploads\/2020\/05\/VENETO-STRADE.png\" data-dt-img-description=\"\" data-large_image_width=\"400\" data-large_image_height=\"400\"><img loading=\"lazy\" decoding=\"async\" class=\" wp-image-135574 alignleft\" src=\"https:\/\/www.radiopiu.net\/wordpress\/wp-content\/uploads\/2020\/05\/VENETO-STRADE-150x150.png\" alt=\"\" width=\"102\" height=\"102\" srcset=\"https:\/\/www.radiopiu.net\/wordpress\/wp-content\/uploads\/2020\/05\/VENETO-STRADE-150x150.png 150w, https:\/\/www.radiopiu.net\/wordpress\/wp-content\/uploads\/2020\/05\/VENETO-STRADE-300x300.png 300w, https:\/\/www.radiopiu.net\/wordpress\/wp-content\/uploads\/2020\/05\/VENETO-STRADE.png 400w\" sizes=\"auto, (max-width: 102px) 100vw, 102px\" \/><\/a><\/strong><\/p>\n<p><strong>SEGUSINO<\/strong> Fino al 4 novembre, compresi sabati domeniche e festivi infrasettimanali, un&#8217;interdizione totale al transito per l&#8217;intera tratta della galleria di Segusino in seguito a dei lavori per messa in sicurezza della condotta acquedottistica<\/p>\n<p><strong>RIVAMONTE<\/strong> Veneto Strade comunica che lungo la SP 3 della Valle Imperina, a Gona di Conedera \u00e8\u00a0 istituito un senso unico alternato regolato da semaforo fino al 29 agosto compresi sabato domenica e festivi. Senso unico necessario per consentire i lavori di consolidamento della strada.<\/p>\n<blockquote class=\"wp-embedded-content\" data-secret=\"o126su9IXF\"><p><a href=\"https:\/\/www.radiopiu.net\/wordpress\/viabilita\/\">viabilita<\/a><\/p><\/blockquote>\n<p><iframe loading=\"lazy\" class=\"wp-embedded-content\" sandbox=\"allow-scripts\" security=\"restricted\" style=\"position: absolute; clip: rect(1px, 1px, 1px, 1px);\" title=\"&#8220;viabilita&#8221; &#8212; Radio Pi\u00f9\" src=\"https:\/\/www.radiopiu.net\/wordpress\/viabilita\/embed\/#?secret=5ap9jzwctO#?secret=o126su9IXF\" data-secret=\"o126su9IXF\" width=\"600\" height=\"338\" frameborder=\"0\" marginwidth=\"0\" marginheight=\"0\" scrolling=\"no\"><\/iframe><\/p>\n<p>&nbsp;<\/p>\n<hr \/>\n<p>&nbsp;<\/p>\n<p>&nbsp;<\/p>\n<p><img loading=\"lazy\" decoding=\"async\" class=\"wp-image-60761 size-full aligncenter\" src=\"https:\/\/www.radiopiu.net\/wordpress\/wp-content\/uploads\/2018\/09\/sport.jpg\" alt=\"\" width=\"800\" height=\"100\" srcset=\"https:\/\/www.radiopiu.net\/wordpress\/wp-content\/uploads\/2018\/09\/sport.jpg 800w, https:\/\/www.radiopiu.net\/wordpress\/wp-content\/uploads\/2018\/09\/sport-300x38.jpg 300w, https:\/\/www.radiopiu.net\/wordpress\/wp-content\/uploads\/2018\/09\/sport-768x96.jpg 768w\" sizes=\"auto, (max-width: 800px) 100vw, 800px\" \/><\/p>\n<\/div>\n<\/div>\n<\/div>\n<div class=\"page-title-head hgroup\">\n<div class=\"page-title-head hgroup\">\n<p>&nbsp;<\/p>\n<p><span style=\"color: #0000ff;\"><strong>CALCIO<\/strong><\/span><\/p>\n<blockquote>\n<h3>SABATO 28 AGOSTO INIZIA UFFICIALMENTE LA STAGIONE DELL&#8217;AGORDINA<\/h3>\n<\/blockquote>\n<p><strong><a class=\"dt-pswp-item\" href=\"https:\/\/www.radiopiu.net\/wordpress\/wp-content\/uploads\/2019\/09\/AGORDINA-CALCIO.jpeg\" data-dt-img-description=\"\" data-large_image_width=\"225\" data-large_image_height=\"225\"><img loading=\"lazy\" decoding=\"async\" class=\"size-thumbnail wp-image-97575 alignleft\" src=\"https:\/\/www.radiopiu.net\/wordpress\/wp-content\/uploads\/2019\/09\/AGORDINA-CALCIO-150x150.jpeg\" alt=\"\" width=\"150\" height=\"150\" srcset=\"https:\/\/www.radiopiu.net\/wordpress\/wp-content\/uploads\/2019\/09\/AGORDINA-CALCIO-150x150.jpeg 150w, https:\/\/www.radiopiu.net\/wordpress\/wp-content\/uploads\/2019\/09\/AGORDINA-CALCIO.jpeg 225w\" sizes=\"auto, (max-width: 150px) 100vw, 150px\" \/><\/a>AGORDO<\/strong> Tutto pronto in localit\u00e0 Polane dove l&#8217;Agordina di Marco Lorenzi si sta preparando per l&#8217;avvio della stagione calcistica 2022\/23. A dare il via sar\u00e0 la coppa di seconda categoria che vede impegnata la compagine di Agordo per tre domeniche consecutive prima di iniziare ufficialmente il Campionato. Domenica 28 agosto primo appuntamento per gli agordini che giocheranno la prima giornata di Coppa. Calcio d&#8217;inizio alle 16:30 e prima sfida in trasferta contro il Sois. La prima domenica di settembre l&#8217;Agordina far\u00e0 il suo esordio all&#8217;Ivano Dorigo di Agordo per la seconda giornata del torneo dove alle 16 si scontrer\u00e0 con la Sospirolese. Terza ed ultima giornata di Coppa l&#8217;11 settembre ancora allo stadio di Agordo. I ragazzi di Lorenzi se la vedranno con il Gemelle alle 16. Questi dunque i primi appuntamenti ufficiali per la squadra del presidente Cosmo Forcella in attesa di conoscere il calendario della Seconda Categoria, campionato che inizier\u00e0 il 18 settembre prossimo.<\/p>\n<p><a class=\"dt-pswp-item\" href=\"https:\/\/www.radiopiu.net\/wordpress\/wp-content\/uploads\/2022\/08\/Schermata-2022-08-19-alle-13.40.18.png\" data-dt-img-description=\"\" data-large_image_width=\"1852\" data-large_image_height=\"256\"><img loading=\"lazy\" decoding=\"async\" class=\"alignnone wp-image-293566 size-large\" src=\"https:\/\/www.radiopiu.net\/wordpress\/wp-content\/uploads\/2022\/08\/Schermata-2022-08-19-alle-13.40.18-1024x142.png\" alt=\"\" width=\"1024\" height=\"142\" srcset=\"https:\/\/www.radiopiu.net\/wordpress\/wp-content\/uploads\/2022\/08\/Schermata-2022-08-19-alle-13.40.18-1024x142.png 1024w, https:\/\/www.radiopiu.net\/wordpress\/wp-content\/uploads\/2022\/08\/Schermata-2022-08-19-alle-13.40.18-300x41.png 300w, https:\/\/www.radiopiu.net\/wordpress\/wp-content\/uploads\/2022\/08\/Schermata-2022-08-19-alle-13.40.18-768x106.png 768w, https:\/\/www.radiopiu.net\/wordpress\/wp-content\/uploads\/2022\/08\/Schermata-2022-08-19-alle-13.40.18-1536x212.png 1536w, https:\/\/www.radiopiu.net\/wordpress\/wp-content\/uploads\/2022\/08\/Schermata-2022-08-19-alle-13.40.18.png 1852w\" sizes=\"auto, (max-width: 1024px) 100vw, 1024px\" \/><\/a><\/p>\n<p>&nbsp;<\/p>\n<p>&nbsp;<\/p>\n<hr \/>\n<p>&nbsp;<\/p>\n<p><span style=\"color: #0000ff;\"><strong>MOTORI<\/strong><\/span><\/p>\n<blockquote>\n<h3>ANNULLATO DEFINITIVAMENTE IL RALLY BELLUNESE, APPUNTAMENTO AL 2023<\/h3>\n<\/blockquote>\n<p><strong>BELLUNO<\/strong><\/p>\n<p>di Roberto Bona<\/p>\n<audio class=\"wp-audio-shortcode\" id=\"audio-293491-14\" preload=\"none\" style=\"width: 100%;\" controls=\"controls\"><source type=\"audio\/mpeg\" src=\"https:\/\/www.radiopiu.net\/wordpress\/wp-content\/uploads\/2022\/08\/bona-rally-bellunese.mp3?_=14\" \/><a href=\"https:\/\/www.radiopiu.net\/wordpress\/wp-content\/uploads\/2022\/08\/bona-rally-bellunese.mp3\">https:\/\/www.radiopiu.net\/wordpress\/wp-content\/uploads\/2022\/08\/bona-rally-bellunese.mp3<\/a><\/audio>\n<p>&nbsp;<\/p>\n\n\t\t\t<style type='text\/css'>\n\t\t\t\t#gallery-12 {\n\t\t\t\t\tmargin: auto;\n\t\t\t\t}\n\t\t\t\t#gallery-12 .gallery-item {\n\t\t\t\t\tfloat: left;\n\t\t\t\t\tmargin-top: 10px;\n\t\t\t\t\ttext-align: center;\n\t\t\t\t\twidth: 50%;\n\t\t\t\t}\n\t\t\t\t#gallery-12 img {\n\t\t\t\t\tborder: 2px solid #cfcfcf;\n\t\t\t\t}\n\t\t\t\t#gallery-12 .gallery-caption {\n\t\t\t\t\tmargin-left: 0;\n\t\t\t\t}\n\t\t\t\t\/* see gallery_shortcode() in wp-includes\/media.php *\/\n\t\t\t<\/style>\n\t\t<div id='gallery-12' class='dt-gallery-container gallery galleryid-293491 gallery-columns-2 gallery-size-medium'><dl class='gallery-item'>\n\t\t\t\t<dt class='gallery-icon landscape'>\n\t\t\t\t\t<a class=\"rollover rollover-zoom dt-pswp-item\" title=\"dd66a2ad-7e35-43cc-93f3-963479d7a360\" data-dt-img-description=\"\" data-large_image_width=\"1600\" data-large_image_height=\"1200\"href='https:\/\/www.radiopiu.net\/wordpress\/wp-content\/uploads\/2022\/08\/dd66a2ad-7e35-43cc-93f3-963479d7a360.jpg'><img loading=\"lazy\" decoding=\"async\" width=\"300\" height=\"225\" src=\"https:\/\/www.radiopiu.net\/wordpress\/wp-content\/uploads\/2022\/08\/dd66a2ad-7e35-43cc-93f3-963479d7a360-300x225.jpg\" class=\"attachment-medium size-medium\" alt=\"\" srcset=\"https:\/\/www.radiopiu.net\/wordpress\/wp-content\/uploads\/2022\/08\/dd66a2ad-7e35-43cc-93f3-963479d7a360-300x225.jpg 300w, https:\/\/www.radiopiu.net\/wordpress\/wp-content\/uploads\/2022\/08\/dd66a2ad-7e35-43cc-93f3-963479d7a360-1024x768.jpg 1024w, https:\/\/www.radiopiu.net\/wordpress\/wp-content\/uploads\/2022\/08\/dd66a2ad-7e35-43cc-93f3-963479d7a360-768x576.jpg 768w, https:\/\/www.radiopiu.net\/wordpress\/wp-content\/uploads\/2022\/08\/dd66a2ad-7e35-43cc-93f3-963479d7a360-1536x1152.jpg 1536w, https:\/\/www.radiopiu.net\/wordpress\/wp-content\/uploads\/2022\/08\/dd66a2ad-7e35-43cc-93f3-963479d7a360.jpg 1600w\" sizes=\"auto, (max-width: 300px) 100vw, 300px\" \/><\/a>\n\t\t\t\t<\/dt><\/dl><dl class='gallery-item'>\n\t\t\t\t<dt class='gallery-icon landscape'>\n\t\t\t\t\t<a class=\"rollover rollover-zoom dt-pswp-item\" title=\"7b6272d6-f3e0-4655-a406-eccf466d77bc\" data-dt-img-description=\"\" data-large_image_width=\"1200\" data-large_image_height=\"800\"href='https:\/\/www.radiopiu.net\/wordpress\/wp-content\/uploads\/2022\/08\/7b6272d6-f3e0-4655-a406-eccf466d77bc.jpg'><img loading=\"lazy\" decoding=\"async\" width=\"300\" height=\"200\" src=\"https:\/\/www.radiopiu.net\/wordpress\/wp-content\/uploads\/2022\/08\/7b6272d6-f3e0-4655-a406-eccf466d77bc-300x200.jpg\" class=\"attachment-medium size-medium\" alt=\"\" srcset=\"https:\/\/www.radiopiu.net\/wordpress\/wp-content\/uploads\/2022\/08\/7b6272d6-f3e0-4655-a406-eccf466d77bc-300x200.jpg 300w, https:\/\/www.radiopiu.net\/wordpress\/wp-content\/uploads\/2022\/08\/7b6272d6-f3e0-4655-a406-eccf466d77bc-1024x683.jpg 1024w, https:\/\/www.radiopiu.net\/wordpress\/wp-content\/uploads\/2022\/08\/7b6272d6-f3e0-4655-a406-eccf466d77bc-768x512.jpg 768w, https:\/\/www.radiopiu.net\/wordpress\/wp-content\/uploads\/2022\/08\/7b6272d6-f3e0-4655-a406-eccf466d77bc.jpg 1200w\" sizes=\"auto, (max-width: 300px) 100vw, 300px\" \/><\/a>\n\t\t\t\t<\/dt><\/dl><br style=\"clear: both\" \/>\n\t\t\t<\/div>\n\n<p>&nbsp;<\/p>\n<\/div>\n<\/div>\n<\/div>\n<\/div>\n<\/div>\n<\/div>\n<\/div>\n<\/div>\n<\/div>\n<\/div>\n<\/div>\n<\/div>\n<\/div>\n<\/div>\n<\/div>\n<\/div>\n<\/div>\n<\/div>\n<\/div>\n<\/div>\n<\/div>\n<\/div>\n<\/div>\n<\/div>\n<\/div>\n<\/div>\n<\/div>\n<\/div>\n<\/div>\n<\/div>\n<\/div>\n<\/div>\n<\/div>\n<\/div>\n<\/div>\n<\/div>\n<\/div>\n<\/div>\n<\/div>\n<\/div>\n<\/div>\n<\/div>\n<\/div>\n<\/div>\n<\/div>\n<\/div>\n<\/div>\n<\/div>\n<\/div>\n<\/div>\n<\/div>\n<\/div>\n<\/div>\n<\/div>\n<\/div>\n<\/div>\n<\/div>\n<\/div>\n<\/div>\n<\/div>\n<\/div>\n<\/div>\n<\/div>\n<\/div>\n<\/div>\n<\/div>\n<\/div>\n<\/div>\n<\/div>\n<\/div>\n<\/div>\n<\/div>\n<\/div>\n<\/div>\n<\/div>\n<\/div>\n<\/div>\n<\/div>\n<\/div>\n<\/div>\n<\/div>\n<\/div>\n<\/div>\n<\/div>\n<\/div>\n<\/div>\n<\/div>\n<\/div>\n<\/div>\n<\/div>\n<\/div>\n<\/div>\n<\/div>\n<\/div>\n<\/div>\n<\/div>\n<\/div>\n<\/div>\n<\/div>\n<\/div>\n<\/div>\n<\/div>\n<\/div>\n","protected":false},"excerpt":{"rendered":"<p>RADIO PIU INFORMAZIONE il canale su TELEGRAM informazione di prima\u00a0 mano e in tempo reale. iscriviti ed aiutaci a farlo conoscere\u00a0 \u00a0 IN CAMMINO VERSO LA BEATIFICAZIONE DI PAPA LUCIANI, GIOVANNI PAOLO I &nbsp; PRIMA TAPPA, LE MESSE DEL 26 AGOSTO E 28 AGOSTO &nbsp; DALL&#8217;OSPEDALE DI MONTEBELLUNA L&#8217;ABBRACCIO ALLE COMUNITA&#8217; DI CANALE D&#8217;AGORDO E&hellip;<\/p>\n","protected":false},"author":4,"featured_media":293656,"comment_status":"closed","ping_status":"closed","sticky":false,"template":"","format":"standard","meta":{"_monsterinsights_skip_tracking":false,"_monsterinsights_sitenote_active":false,"_monsterinsights_sitenote_note":"","_monsterinsights_sitenote_category":0,"footnotes":""},"categories":[51,86,49],"tags":[],"class_list":["post-293491","post","type-post","status-publish","format-standard","has-post-thumbnail","hentry","category-evidenza-top","category-gr","category-news-18","category-51","category-86","category-49","description-off"],"img_url":"https:\/\/www.radiopiu.net\/wordpress\/wp-content\/uploads\/2022\/08\/299750323_1147791492442686_4561550085043016454_n.jpg","_links":{"self":[{"href":"https:\/\/www.radiopiu.net\/wordpress\/wp-json\/wp\/v2\/posts\/293491","targetHints":{"allow":["GET"]}}],"collection":[{"href":"https:\/\/www.radiopiu.net\/wordpress\/wp-json\/wp\/v2\/posts"}],"about":[{"href":"https:\/\/www.radiopiu.net\/wordpress\/wp-json\/wp\/v2\/types\/post"}],"author":[{"embeddable":true,"href":"https:\/\/www.radiopiu.net\/wordpress\/wp-json\/wp\/v2\/users\/4"}],"replies":[{"embeddable":true,"href":"https:\/\/www.radiopiu.net\/wordpress\/wp-json\/wp\/v2\/comments?post=293491"}],"version-history":[{"count":0,"href":"https:\/\/www.radiopiu.net\/wordpress\/wp-json\/wp\/v2\/posts\/293491\/revisions"}],"wp:featuredmedia":[{"embeddable":true,"href":"https:\/\/www.radiopiu.net\/wordpress\/wp-json\/wp\/v2\/media\/293656"}],"wp:attachment":[{"href":"https:\/\/www.radiopiu.net\/wordpress\/wp-json\/wp\/v2\/media?parent=293491"}],"wp:term":[{"taxonomy":"category","embeddable":true,"href":"https:\/\/www.radiopiu.net\/wordpress\/wp-json\/wp\/v2\/categories?post=293491"},{"taxonomy":"post_tag","embeddable":true,"href":"https:\/\/www.radiopiu.net\/wordpress\/wp-json\/wp\/v2\/tags?post=293491"}],"curies":[{"name":"wp","href":"https:\/\/api.w.org\/{rel}","templated":true}]}}