{"id":293536,"date":"2022-08-19T10:20:02","date_gmt":"2022-08-19T08:20:02","guid":{"rendered":"https:\/\/www.radiopiu.net\/wordpress\/?p=293536"},"modified":"2022-08-20T05:47:12","modified_gmt":"2022-08-20T03:47:12","slug":"la-festa-di-santa-maria-maiou-al-castello-di-andraz","status":"publish","type":"post","link":"https:\/\/www.radiopiu.net\/wordpress\/la-festa-di-santa-maria-maiou-al-castello-di-andraz\/","title":{"rendered":"LA FESTA DI SANTA MARIA MAIOU AL CASTELLO DI ANDRAZ"},"content":{"rendered":"<p><strong>di Lorenzo Soratroi<\/strong><\/p>\n<p><strong>LIVINALLONGO<\/strong> Le antiche mura del Castello di Andraz hanno fatto da scenario quest\u2019anno alla tradizionale ed antica festa di S. Maria Maiou, la festa dei fiori e delle donne in costume ladino. Gli organizzatori, Union Ladins da Fodom, Comune e Parrocchia di Pieve hanno scelto questa suggestiva e simbolica location per la pi\u00f9 grande festa ladina della vallata fodoma in occasione dei 10 anni dall\u2019apertura dell\u2019Andrazmuseum. La cerimonia \u00e8 iniziata alle 11:15 con la S. Messa celebrata dal parroco don Andrea Constantini alla quale hanno preso parte, oltre a diverse decine di donne in costume fodom con i loro mazzi e cesti di fiori portati a benedire come da tradizione, anche rappresentanze della compagnia degli sch\u00fctzen, del Gruppo Folk Fodom, il Coro Parrocchiale S.Iaco, che ha accompagnato la funzione con i suoi canti e naturalmente tanti turisti e locali che hanno riempito il prato davanti al castello. Tra le autorit\u00e0, oltre la sindaco Leandro Grones ed il direttore dell\u2019Istitut Cesa de Jan nonch\u00e9 del Coro S. Iaco Denni Dorigo, a Fodom \u00e8 arrivato il gotha dell\u2019Union Generela di Ladins dla Dolomites, con il neo presidente, il fassano Tone Pollam, le vice presidenti la gardenese Milva Mussner e Manuela Ladurner che \u00e8 anche presidente dell\u2019Union Ladins da Fodom e Fernando Brunel, presidente dell\u2019Union dei Ladins de Fascia. Dall\u2019altare, ai cui piedi era stato steso un vero e proprio tappeto di mazzi e cesti di fiori, il parroco ha usato parole decise per reclamare il diritto della popolazione ladina di difendere la propria identit\u00e0 e la propria cultura. \u201cNessuno si permetta mai di toglierci le nostre tradizioni, che fanno parte di noi, della nostra identit\u00e0. Noi siamo fatti cos\u00ec e cos\u00ec ci devono accettare\u201d. La festa per don Andrea, oltre ad essere la prima da parroco di Livinallongo, \u00e8 stata particolare anche per un altro motivo, che ha confidato lui stesso. \u201cA due passi da qui \u00e8 nata mia nonna, ci sono le mie origini e per me dire Messa qui oggi \u00e8 un\u2019emozione\u201d. Messa che si \u00e8 conclusa, come vuole la tradizione, con la benedizione dei fiori accompagnata dal canto \u201cGiardino di fiori\u201d eseguito dalle voci femminili del Coro S. Iaco. Tra gli interventi prima della premiazione dei benemeriti, il sindaco Grones ha ricordato l\u2019impegno del Comune, concretizzatosi con un progetto Interreg, che ha permesso dieci anni fa di aprire il castello al pubblico. Il premio S.Maria Maiou quest\u2019anno \u00e8 andato a Andreina Grones, sacrestana della chiesa di Arabba. Un compito che svolge da molti anni con passione e dedizione per far si che la chiesa sia sempre bella e curata per ogni funzione. Impegno per il quale la comunit\u00e0 tutta ha voluto dirgli un sincero \u201cDiotelpaie\u201d. Per l\u2019occasione anche la compagnia degli sch\u00fctzen ha voluto premiare alcuni membri per i 15 anni di attivit\u00e0: Davide Testor, Walter Finazzer, Daniele dell\u2019Andreaz, Lorenzo Soratroi, Christian Sala, Ivan Lezuo, Luigi Vallazza, Walter Testor, Gianluca Soratroi e Emanuel Delmonego. La festa \u00e8 poi continuata con l\u2019immancabile degustazione delle specialit\u00e0 ladine con l\u2019Union Ladins da Fodom e l\u2019esibizione dei corni di montagna, che hanno fatto risuonare i loro particolari suoni tra le mura del castello.<\/p>\n\n\t\t\t<style type='text\/css'>\n\t\t\t\t#gallery-1 {\n\t\t\t\t\tmargin: auto;\n\t\t\t\t}\n\t\t\t\t#gallery-1 .gallery-item {\n\t\t\t\t\tfloat: left;\n\t\t\t\t\tmargin-top: 10px;\n\t\t\t\t\ttext-align: center;\n\t\t\t\t\twidth: 33%;\n\t\t\t\t}\n\t\t\t\t#gallery-1 img {\n\t\t\t\t\tborder: 2px solid #cfcfcf;\n\t\t\t\t}\n\t\t\t\t#gallery-1 .gallery-caption {\n\t\t\t\t\tmargin-left: 0;\n\t\t\t\t}\n\t\t\t\t\/* see gallery_shortcode() in wp-includes\/media.php *\/\n\t\t\t<\/style>\n\t\t<div id='gallery-1' class='dt-gallery-container gallery galleryid-293536 gallery-columns-3 gallery-size-thumbnail'><dl class='gallery-item'>\n\t\t\t\t<dt class='gallery-icon landscape'>\n\t\t\t\t\t<a class=\"rollover rollover-zoom dt-pswp-item\" title=\"smm_2022_2\" data-dt-img-description=\"\" data-large_image_width=\"2560\" data-large_image_height=\"2055\"href='https:\/\/www.radiopiu.net\/wordpress\/wp-content\/uploads\/2022\/08\/smm_2022_2-scaled.jpg'><img loading=\"lazy\" decoding=\"async\" width=\"150\" height=\"150\" src=\"https:\/\/www.radiopiu.net\/wordpress\/wp-content\/uploads\/2022\/08\/smm_2022_2-150x150.jpg\" class=\"attachment-thumbnail size-thumbnail\" alt=\"\" \/><\/a>\n\t\t\t\t<\/dt><\/dl><dl class='gallery-item'>\n\t\t\t\t<dt class='gallery-icon landscape'>\n\t\t\t\t\t<a class=\"rollover rollover-zoom dt-pswp-item\" title=\"smm_2022_1\" data-dt-img-description=\"\" data-large_image_width=\"2560\" data-large_image_height=\"1714\"href='https:\/\/www.radiopiu.net\/wordpress\/wp-content\/uploads\/2022\/08\/smm_2022_1-scaled.jpg'><img loading=\"lazy\" decoding=\"async\" width=\"150\" height=\"150\" src=\"https:\/\/www.radiopiu.net\/wordpress\/wp-content\/uploads\/2022\/08\/smm_2022_1-150x150.jpg\" class=\"attachment-thumbnail size-thumbnail\" alt=\"\" \/><\/a>\n\t\t\t\t<\/dt><\/dl><dl class='gallery-item'>\n\t\t\t\t<dt class='gallery-icon landscape'>\n\t\t\t\t\t<a class=\"rollover rollover-zoom dt-pswp-item\" title=\"smm_2022_3\" data-dt-img-description=\"\" data-large_image_width=\"2560\" data-large_image_height=\"1714\"href='https:\/\/www.radiopiu.net\/wordpress\/wp-content\/uploads\/2022\/08\/smm_2022_3-scaled.jpg'><img loading=\"lazy\" decoding=\"async\" width=\"150\" height=\"150\" src=\"https:\/\/www.radiopiu.net\/wordpress\/wp-content\/uploads\/2022\/08\/smm_2022_3-150x150.jpg\" class=\"attachment-thumbnail size-thumbnail\" alt=\"\" \/><\/a>\n\t\t\t\t<\/dt><\/dl><br style=\"clear: both\" \/>\n\t\t\t<\/div>\n\n<p>&nbsp;<\/p>\n<p>&nbsp;<\/p>\n<p>******<\/p>\n","protected":false},"excerpt":{"rendered":"<p>di Lorenzo Soratroi LIVINALLONGO Le antiche mura del Castello di Andraz hanno fatto da scenario quest\u2019anno alla tradizionale ed antica festa di S. Maria Maiou, la festa dei fiori e delle donne in costume ladino. Gli organizzatori, Union Ladins da Fodom, Comune e Parrocchia di Pieve hanno scelto questa suggestiva e simbolica location per la&hellip;<\/p>\n","protected":false},"author":4,"featured_media":293537,"comment_status":"closed","ping_status":"closed","sticky":false,"template":"","format":"standard","meta":{"_monsterinsights_skip_tracking":false,"_monsterinsights_sitenote_active":false,"_monsterinsights_sitenote_note":"","_monsterinsights_sitenote_category":0,"footnotes":""},"categories":[104,49],"tags":[],"class_list":["post-293536","post","type-post","status-publish","format-standard","has-post-thumbnail","hentry","category-evidenza_3","category-news-18","category-104","category-49","description-off"],"img_url":"https:\/\/www.radiopiu.net\/wordpress\/wp-content\/uploads\/2022\/08\/smm_2022_2-scaled.jpg","_links":{"self":[{"href":"https:\/\/www.radiopiu.net\/wordpress\/wp-json\/wp\/v2\/posts\/293536","targetHints":{"allow":["GET"]}}],"collection":[{"href":"https:\/\/www.radiopiu.net\/wordpress\/wp-json\/wp\/v2\/posts"}],"about":[{"href":"https:\/\/www.radiopiu.net\/wordpress\/wp-json\/wp\/v2\/types\/post"}],"author":[{"embeddable":true,"href":"https:\/\/www.radiopiu.net\/wordpress\/wp-json\/wp\/v2\/users\/4"}],"replies":[{"embeddable":true,"href":"https:\/\/www.radiopiu.net\/wordpress\/wp-json\/wp\/v2\/comments?post=293536"}],"version-history":[{"count":0,"href":"https:\/\/www.radiopiu.net\/wordpress\/wp-json\/wp\/v2\/posts\/293536\/revisions"}],"wp:featuredmedia":[{"embeddable":true,"href":"https:\/\/www.radiopiu.net\/wordpress\/wp-json\/wp\/v2\/media\/293537"}],"wp:attachment":[{"href":"https:\/\/www.radiopiu.net\/wordpress\/wp-json\/wp\/v2\/media?parent=293536"}],"wp:term":[{"taxonomy":"category","embeddable":true,"href":"https:\/\/www.radiopiu.net\/wordpress\/wp-json\/wp\/v2\/categories?post=293536"},{"taxonomy":"post_tag","embeddable":true,"href":"https:\/\/www.radiopiu.net\/wordpress\/wp-json\/wp\/v2\/tags?post=293536"}],"curies":[{"name":"wp","href":"https:\/\/api.w.org\/{rel}","templated":true}]}}