{"id":293579,"date":"2022-08-19T15:06:34","date_gmt":"2022-08-19T13:06:34","guid":{"rendered":"https:\/\/www.radiopiu.net\/wordpress\/?p=293579"},"modified":"2022-08-20T05:44:54","modified_gmt":"2022-08-20T03:44:54","slug":"lo-spettacolo-pirotecnico-sul-lago-di-alleghe-questa-sera-alle-22-30","status":"publish","type":"post","link":"https:\/\/www.radiopiu.net\/wordpress\/lo-spettacolo-pirotecnico-sul-lago-di-alleghe-questa-sera-alle-22-30\/","title":{"rendered":"LO SPETTACOLO PIROTECNICO SUL LAGO DI ALLEGHE,  QUESTA SERA ALLE 22.30"},"content":{"rendered":"<p><strong>ALLEGHE<\/strong> Il Consorzio Operatori Turistici eil Comune preso atto delle previsioni del tempo per le prossime ore hanno preso una decisione importante, evitare lo spettacolo dei fuochi artificiale sotto la pioggia. Per questo il rinvio a questa sera, sabato 20 agosto, alle 22.30. Sar\u00e0 come sempre un evento che richiamer\u00e0 migliaia di persone tra Masar\u00e8\u00a0 di Alleghe e la localit\u00e0 Vallazza, quindi lungo il lago per seguire il gioco di luci e di musica.<\/p>\n<p><a class=\"dt-pswp-item\" href=\"https:\/\/www.radiopiu.net\/wordpress\/wp-content\/uploads\/2022\/08\/300000509_10229368676427021_4560300057903523598_n.jpg\" data-dt-img-description=\"\" data-large_image_width=\"500\" data-large_image_height=\"720\"><img loading=\"lazy\" decoding=\"async\" class=\"wp-image-293580 size-full aligncenter\" src=\"https:\/\/www.radiopiu.net\/wordpress\/wp-content\/uploads\/2022\/08\/300000509_10229368676427021_4560300057903523598_n.jpg\" alt=\"\" width=\"500\" height=\"720\" srcset=\"https:\/\/www.radiopiu.net\/wordpress\/wp-content\/uploads\/2022\/08\/300000509_10229368676427021_4560300057903523598_n.jpg 500w, https:\/\/www.radiopiu.net\/wordpress\/wp-content\/uploads\/2022\/08\/300000509_10229368676427021_4560300057903523598_n-208x300.jpg 208w\" sizes=\"auto, (max-width: 500px) 100vw, 500px\" \/><\/a><\/p>\n<p>&nbsp;<\/p>\n","protected":false},"excerpt":{"rendered":"<p>ALLEGHE Il Consorzio Operatori Turistici eil Comune preso atto delle previsioni del tempo per le prossime ore hanno preso una decisione importante, evitare lo spettacolo dei fuochi artificiale sotto la pioggia. Per questo il rinvio a questa sera, sabato 20 agosto, alle 22.30. Sar\u00e0 come sempre un evento che richiamer\u00e0 migliaia di persone tra Masar\u00e8\u00a0&hellip;<\/p>\n","protected":false},"author":4,"featured_media":293581,"comment_status":"closed","ping_status":"closed","sticky":false,"template":"","format":"standard","meta":{"_monsterinsights_skip_tracking":false,"_monsterinsights_sitenote_active":false,"_monsterinsights_sitenote_note":"","_monsterinsights_sitenote_category":0,"footnotes":""},"categories":[51,49],"tags":[],"class_list":["post-293579","post","type-post","status-publish","format-standard","has-post-thumbnail","hentry","category-evidenza-top","category-news-18","category-51","category-49","description-off"],"img_url":"https:\/\/www.radiopiu.net\/wordpress\/wp-content\/uploads\/2022\/08\/AAA-21.jpg","_links":{"self":[{"href":"https:\/\/www.radiopiu.net\/wordpress\/wp-json\/wp\/v2\/posts\/293579","targetHints":{"allow":["GET"]}}],"collection":[{"href":"https:\/\/www.radiopiu.net\/wordpress\/wp-json\/wp\/v2\/posts"}],"about":[{"href":"https:\/\/www.radiopiu.net\/wordpress\/wp-json\/wp\/v2\/types\/post"}],"author":[{"embeddable":true,"href":"https:\/\/www.radiopiu.net\/wordpress\/wp-json\/wp\/v2\/users\/4"}],"replies":[{"embeddable":true,"href":"https:\/\/www.radiopiu.net\/wordpress\/wp-json\/wp\/v2\/comments?post=293579"}],"version-history":[{"count":0,"href":"https:\/\/www.radiopiu.net\/wordpress\/wp-json\/wp\/v2\/posts\/293579\/revisions"}],"wp:featuredmedia":[{"embeddable":true,"href":"https:\/\/www.radiopiu.net\/wordpress\/wp-json\/wp\/v2\/media\/293581"}],"wp:attachment":[{"href":"https:\/\/www.radiopiu.net\/wordpress\/wp-json\/wp\/v2\/media?parent=293579"}],"wp:term":[{"taxonomy":"category","embeddable":true,"href":"https:\/\/www.radiopiu.net\/wordpress\/wp-json\/wp\/v2\/categories?post=293579"},{"taxonomy":"post_tag","embeddable":true,"href":"https:\/\/www.radiopiu.net\/wordpress\/wp-json\/wp\/v2\/tags?post=293579"}],"curies":[{"name":"wp","href":"https:\/\/api.w.org\/{rel}","templated":true}]}}