{"id":293592,"date":"2022-08-20T04:00:53","date_gmt":"2022-08-20T02:00:53","guid":{"rendered":"https:\/\/www.radiopiu.net\/wordpress\/?p=293592"},"modified":"2022-08-20T05:44:36","modified_gmt":"2022-08-20T03:44:36","slug":"di-unantica-cava-di-pietra-verde-e-dellipotetica-esistenza-di-una-miniera-a-la-valle-agordina","status":"publish","type":"post","link":"https:\/\/www.radiopiu.net\/wordpress\/di-unantica-cava-di-pietra-verde-e-dellipotetica-esistenza-di-una-miniera-a-la-valle-agordina\/","title":{"rendered":"DI UN&#8217;ANTICA CAVA DI &#8220;PIETRA VERDE&#8221; E DELL&#8217;IPOTETICA ESISTENZA DI UNA MINIERA A LA VALLE AGORDINA"},"content":{"rendered":"<blockquote><p><strong>Trascrizioni testi ed immagini a cura di Tiziano De Col<\/strong><\/p><\/blockquote>\n<p><a class=\"dt-pswp-item\" href=\"https:\/\/www.radiopiu.net\/wordpress\/wp-content\/uploads\/2022\/08\/80ef29de-8a49-4384-b802-3c6abec11cae.jpg\" data-dt-img-description=\"\" data-large_image_width=\"1200\" data-large_image_height=\"1600\"><img loading=\"lazy\" decoding=\"async\" class=\"wp-image-293597 alignleft\" src=\"https:\/\/www.radiopiu.net\/wordpress\/wp-content\/uploads\/2022\/08\/80ef29de-8a49-4384-b802-3c6abec11cae.jpg\" alt=\"\" width=\"195\" height=\"260\" srcset=\"https:\/\/www.radiopiu.net\/wordpress\/wp-content\/uploads\/2022\/08\/80ef29de-8a49-4384-b802-3c6abec11cae.jpg 1200w, https:\/\/www.radiopiu.net\/wordpress\/wp-content\/uploads\/2022\/08\/80ef29de-8a49-4384-b802-3c6abec11cae-225x300.jpg 225w, https:\/\/www.radiopiu.net\/wordpress\/wp-content\/uploads\/2022\/08\/80ef29de-8a49-4384-b802-3c6abec11cae-768x1024.jpg 768w, https:\/\/www.radiopiu.net\/wordpress\/wp-content\/uploads\/2022\/08\/80ef29de-8a49-4384-b802-3c6abec11cae-1152x1536.jpg 1152w\" sizes=\"auto, (max-width: 195px) 100vw, 195px\" \/><\/a>Pubblichiamo un Atto di Concessione risalente al 1907 con il quale il Comune di La Valle Agordina concede al Sign. Moretti Antonio di Taibon di estrarre o raccogliere \u201cPietra Verde\u201d (Formazione di Livinallongo \u2013 Buchenstein) nelle localit\u00e0 Tadelle-Cuogoi e Crep delle Verde con l\u2019esclusiva della raccolta o estrazione della Pietra Verde in tutto il territorio del Comune di La Valle. Interessante l\u2019interesse per l\u2019escavazione e la raccolta di questa pietra da lavorazione e decorazione (un tufo vulcanico utilizzato in paese anche per la costruzione dei vecchi \u201cfornei\u201d o stube, forse per qualche sua propriet\u00e0 ol\u00e0re) e interessante anche il fatto che, la pietra cavata, venisse pesata alla Stazione ferroviaria di Sedico-Bribano, segno che veniva venduta dai cavatori e utilizzata fuori della provincia di Belluno. La pietra verde si presta bene anche alla levigazione. Degno di nota, inoltre, che fosse il Comune a deliberare la Concessione su parere della allora G.P.A. Giunta Provinciale Amministrativa, segno che il Comune aveva piena gestione anche del diritto di cava sui Beni Collettivi (cosiddetti Usi Civici) , beni che derivavano e derivano dalla antica Regola della Valle \u2013 Regulam Vallis. Tali diritti sono stati riconfermati, <a class=\"dt-pswp-item\" href=\"https:\/\/www.radiopiu.net\/wordpress\/wp-content\/uploads\/2022\/08\/698430d9-6c0e-4b1c-833c-0ba92048b8d8.jpg\" data-dt-img-description=\"\" data-large_image_width=\"1600\" data-large_image_height=\"1200\"><img loading=\"lazy\" decoding=\"async\" class=\"wp-image-293606 size-medium alignright\" src=\"https:\/\/www.radiopiu.net\/wordpress\/wp-content\/uploads\/2022\/08\/698430d9-6c0e-4b1c-833c-0ba92048b8d8-300x225.jpg\" alt=\"\" width=\"300\" height=\"225\" srcset=\"https:\/\/www.radiopiu.net\/wordpress\/wp-content\/uploads\/2022\/08\/698430d9-6c0e-4b1c-833c-0ba92048b8d8-300x225.jpg 300w, https:\/\/www.radiopiu.net\/wordpress\/wp-content\/uploads\/2022\/08\/698430d9-6c0e-4b1c-833c-0ba92048b8d8-1024x768.jpg 1024w, https:\/\/www.radiopiu.net\/wordpress\/wp-content\/uploads\/2022\/08\/698430d9-6c0e-4b1c-833c-0ba92048b8d8-768x576.jpg 768w, https:\/\/www.radiopiu.net\/wordpress\/wp-content\/uploads\/2022\/08\/698430d9-6c0e-4b1c-833c-0ba92048b8d8-1536x1152.jpg 1536w, https:\/\/www.radiopiu.net\/wordpress\/wp-content\/uploads\/2022\/08\/698430d9-6c0e-4b1c-833c-0ba92048b8d8.jpg 1600w\" sizes=\"auto, (max-width: 300px) 100vw, 300px\" \/><\/a>per tutti i Beni Collettivi, anche dalla Legge Nazionale n . 168\/2017. Nel Disciplinare di Concessione \u00e8 anche citata la possibilit\u00e0 che nell\u2019area esistesse anticamente una miniera e pertanto il Comune se ne riservava lo sfruttamento, nel caso fosse rinvenuta durante l\u2019attivit\u00e0 di scavo della Pietra Verde. La presenza di tale miniera, presente nella tradizione orale paesana \u00e8 anche riportata, negli Atti della giornata di studi geominerari tenutasi ad Agordo il 7 ottobre 1967, dei quali, pubblichiamo la foto del frontespizio e la pagina riportante la notizia con relativa cartina topografica. Originale in Archivio Tiziano De Col. Alcuni, allora studenti Periti Minerari, subito dopo la fine della Seconda Guerra Mondiale, provarono a rintracciare questa antica ricerca mineraria. Il compianto Flavio De Cassai, mi raccont\u00f2 di questi suoi tentativi che lo portarono a repertare una ricerca mineraria ed a reperire delle \u201cmosche\u201d di galena. Anche De Col Piergiorgio mi ha riferito, di aver effettuato lui stesso delle ricerche in loco. Di sicuro, uno dei due o tutti e due, fornirono, negli anni \u201950 del secolo scorso, alcuni cristalli di galena, l\u00ec rinvenuti, a mio padre, Renzo De Col, che li utilizzava per sperimentare la costruzione di un ricevitore radio a galena (Radio a Galena), nel quale, un cristallo di galena \u201cstuzzicato\u201d da un sottile filo d\u2019acciaio detto \u201cbaffo di gatto\u201d fungeva da \u201cdiodo rilevatore\u201d . Questo utilizzo dur\u00f2, fintantoch\u00e8, con l\u2019avvento dei semiconduttori, non fu sostituito da un diodo al germanio. (FOTO A DESTRA Esempio di Pietra Verde di La Valle Agordina. Formazione di Livinallongo &#8211; Buchenstein)<\/p>\n<p>&nbsp;<\/p>\n<a href=\"https:\/\/www.radiopiu.net\/wordpress\/wp-content\/uploads\/2022\/08\/Atto-concessione_1908_frontespizio.pdf\" class=\"pdfemb-viewer\" style=\"\" data-width=\"max\" data-height=\"max\" data-toolbar=\"top\" data-toolbar-fixed=\"on\">Atto concessione_1908_frontespizio<\/a>\n<p>&nbsp;<\/p>\n<p><b>Atto disciplinare per la concessione a Moretti Antonio di Taibon dello scavo di pietra verde in Comune di La Valle. Archivio fotografico e trascrizione Tiziano De Col<\/b><\/p>\n<p><i><a class=\"dt-pswp-item\" href=\"https:\/\/www.radiopiu.net\/wordpress\/wp-content\/uploads\/2022\/08\/4ba50bab-c5cb-4dcf-889d-4f32427de5a0.jpg\" data-dt-img-description=\"\" data-large_image_width=\"1600\" data-large_image_height=\"1200\"><img loading=\"lazy\" decoding=\"async\" class=\"wp-image-293595 size-medium alignleft\" src=\"https:\/\/www.radiopiu.net\/wordpress\/wp-content\/uploads\/2022\/08\/4ba50bab-c5cb-4dcf-889d-4f32427de5a0-300x225.jpg\" alt=\"\" width=\"300\" height=\"225\" srcset=\"https:\/\/www.radiopiu.net\/wordpress\/wp-content\/uploads\/2022\/08\/4ba50bab-c5cb-4dcf-889d-4f32427de5a0-300x225.jpg 300w, https:\/\/www.radiopiu.net\/wordpress\/wp-content\/uploads\/2022\/08\/4ba50bab-c5cb-4dcf-889d-4f32427de5a0-1024x768.jpg 1024w, https:\/\/www.radiopiu.net\/wordpress\/wp-content\/uploads\/2022\/08\/4ba50bab-c5cb-4dcf-889d-4f32427de5a0-768x576.jpg 768w, https:\/\/www.radiopiu.net\/wordpress\/wp-content\/uploads\/2022\/08\/4ba50bab-c5cb-4dcf-889d-4f32427de5a0-1536x1152.jpg 1536w, https:\/\/www.radiopiu.net\/wordpress\/wp-content\/uploads\/2022\/08\/4ba50bab-c5cb-4dcf-889d-4f32427de5a0.jpg 1600w\" sizes=\"auto, (max-width: 300px) 100vw, 300px\" \/><\/a>Provincia di Belluno, Distretto di Agordo, Comune di La Valle, add\u00ec 26 ottobre 1907. <\/i><i>Atto disciplinare per la concessione a Moretti Antonio di Taibon dello scavo di pietra verde in Comune di La Valle. <\/i><i>Dinanzi a me De Col Antonio fu Giacinto Sindaco rappresentante il Comune predetto assistito dal Segretario Comunale Olivetti Gaetano, \u00e8 comparso il Signor Moretti Antonio fu Giacomo di Taibon con il quale si \u00e8 stipulato il seguente atto disciplinare. <\/i><i>Veduta la decisione tre ottobre corrente N 10423 dell\u2019 Oner. G.P.A. (Giunta Provinciale Amministrativa ndr) di Belluno si stabilisce: <\/i><i>Art. 1\u00b0 Il Comune di La Valle concede per un periodo di anni 25 (venticinque) al Signor Moretti Antonio fu Giacomo di Taibon che accetta il diritto di scavare, asportare e fare sue tutte le pietre verdi reperibili alla superficie e nel sottosuolo del fondo di propriet\u00e0 comunale in regione Tadelle \u2013 Cogoi e Crep delle Verde distinta in mappa ai numeri 1780, 2777, 5322, 5323 e ci\u00f2 in relazione alle deliberazioni Consigliari 16 Febbraio, 3 Settembre e 1 Ottobre 1905 e alla Relazione 23 Maggio 1907 dell\u2019 Ingegnere Civile Sign. Colle dott. Enrico e secondo il tipo ammesso al presente Contratto \u00e8 la determinazione dei Confini che saranno stabiliti sopra luogo. Gli concede pure il diritto di passaggio delle materie escavate per strade e fondi Comunali con facolt\u00e0 anche di aprire , se occorrendo, nuove vie e viottoli nel terreno predetto e tutte altre propriet\u00e0 Comunali e il diritto di costruire piazzali di deposito, abitazioni operaie, impianti meccanici e quanto altro fosse necessario allo sviluppo e all\u2019esercizio dell\u2019industria. <\/i><i>Art. 2\u00b0 Trascorsi i venticinque anni di cui il precedente articolo, il Comune di La Valle volendo rinnovare la concessione dell\u2019escavo di pietra verde, render\u00e0 aggiudicatario il miglior offerente e nel caso di parit\u00e0 di condizioni l\u2019attuale concessionario avr\u00e0 diritto a prelazione. Il Comune si obbliga inoltre di non accordare ad altri neppure sotto forma di vendita del fondo per tutta, ma non oltre la durata del presente contratto nessuna Concessione, permesso, affitto ed altro che abbia per effetto l\u2019apertura ed esercizio di cave di pietra verde in qualsiasi terreno Comunale, bench\u00e9 diverso da quello contemplato dal presente Contratto e, nel caso, il Signor Moretti Antonio avr\u00e0 il diritto di chiedere ed il Comune premesse le formalit\u00e0 prescritte dalla legge potr\u00e0 concedere l\u2019apertura e l\u2019esercizio di qualsiasi cava di pietra verde in ogni altra propriet\u00e0 del Comune. <\/i><i>Art. 3\u00b0 Circa alla determinazione dei danni alla fine della concessione si terr\u00e0 presente il maggior valore che potr\u00e0 aver acquistato dalla sua destinazione ad uso di cava, cio\u00e8 si far\u00e0 il confronto fra il valore attuale del fondo e quello che avr\u00e0 il fondo con le cave aperte alla <a class=\"dt-pswp-item\" href=\"https:\/\/www.radiopiu.net\/wordpress\/wp-content\/uploads\/2022\/08\/3e006393-105b-415b-b9a0-73e4a7b0ee2c.jpg\" data-dt-img-description=\"\" data-large_image_width=\"1600\" data-large_image_height=\"1200\"><img loading=\"lazy\" decoding=\"async\" class=\"wp-image-293598 size-medium alignright\" src=\"https:\/\/www.radiopiu.net\/wordpress\/wp-content\/uploads\/2022\/08\/3e006393-105b-415b-b9a0-73e4a7b0ee2c-300x225.jpg\" alt=\"\" width=\"300\" height=\"225\" srcset=\"https:\/\/www.radiopiu.net\/wordpress\/wp-content\/uploads\/2022\/08\/3e006393-105b-415b-b9a0-73e4a7b0ee2c-300x225.jpg 300w, https:\/\/www.radiopiu.net\/wordpress\/wp-content\/uploads\/2022\/08\/3e006393-105b-415b-b9a0-73e4a7b0ee2c-1024x768.jpg 1024w, https:\/\/www.radiopiu.net\/wordpress\/wp-content\/uploads\/2022\/08\/3e006393-105b-415b-b9a0-73e4a7b0ee2c-768x576.jpg 768w, https:\/\/www.radiopiu.net\/wordpress\/wp-content\/uploads\/2022\/08\/3e006393-105b-415b-b9a0-73e4a7b0ee2c-1536x1152.jpg 1536w, https:\/\/www.radiopiu.net\/wordpress\/wp-content\/uploads\/2022\/08\/3e006393-105b-415b-b9a0-73e4a7b0ee2c.jpg 1600w\" sizes=\"auto, (max-width: 300px) 100vw, 300px\" \/><\/a>scadenza della concessione. Ove i due valori si conguagliassero ovvero il secondo fosse maggiore del primo nessuna riduzione sar\u00e0 dovuta al Comune. <\/i><i>Art. 4\u00b0 Il Comune concede al Moretti il diritto di estrarre dalle propriet\u00e0 Comunali pietra verde soltanto; qualunque estrazione di diverso materiale gli \u00e8 vietata come del pari se durante i lavori di escavo di pietra verde venisse scoperta una miniera che si dice esistere in quelle localit\u00e0 questa rester\u00e0 a disposizione del Comune e sar\u00e0 esercitata a seconda delle leggi vigenti in materia. <\/i><i>Art. 5\u00b0 Il corrispettivo della concessione di cui sopra il Signor Moretti Antonio pagher\u00e0 al Comune di La Valle la somma di Lire una per ogni tonnellata di pietra verde che verr\u00e0 asportata dalla cava, qualunque sia , sia la dimensione della pietra asportata, le scaglie comprese. Il pagamento del corrispettivo sar\u00e0 eseguito nella cassa Comunale alla fine di ogni semestre sulla base delle risultanze della pesatura della pietra che ne sar\u00e0 fatta alla Stazione di Sedico-Bribano od in altro luogo da stabilirsi di comune accordo. <\/i><i>Art. 6\u00b0 Nessun\u2019altra corrisposta, prestazione o tassa potr\u00e0 pretendersi od imporsi dal Comune al Concessionario, fatta eccezione per\u00f2 di quelle tasse determinate dai Regolamenti Comunali a carico di tutti coloro che nel territorio del Comune esercitano una industria di qualsivoglia natura. <\/i><i>Art. 7\u00b0 Il Comune di La Valle si obbliga alla manutenzione della strada dal Ponte di Cugnago fino al confine di Agordo; Il riatto di detta strada necessaria al Moretti per i bisogni della sua industria star\u00e0 ad esclusivo di lui carico, come del pari star\u00e0 all\u2019esclusivo di lui carico la sistemazione del tronco di strada detta al Molinat. <\/i><i>Art. 8\u00b0 Alla cessazione del presente Contratto e nel caso il Comune volesse rinnovare la concessione se il Signor Moretti o qualsiasi altra ditta ne divenisse concessionaria essa potr\u00e0 scegliere una delle cave in attivit\u00e0 e il Comune potr\u00e0 sempre dietro la propria approvazione dargliela alle condizioni del nuovo contratto. Le altre cave verranno consegnate al <a class=\"dt-pswp-item\" href=\"https:\/\/www.radiopiu.net\/wordpress\/wp-content\/uploads\/2022\/08\/50d5c8bd-c39a-44ee-8b8e-5c0a24279b7a.jpg\" data-dt-img-description=\"\" data-large_image_width=\"1600\" data-large_image_height=\"1200\"><img loading=\"lazy\" decoding=\"async\" class=\"wp-image-293596 size-medium alignleft\" src=\"https:\/\/www.radiopiu.net\/wordpress\/wp-content\/uploads\/2022\/08\/50d5c8bd-c39a-44ee-8b8e-5c0a24279b7a-300x225.jpg\" alt=\"\" width=\"300\" height=\"225\" srcset=\"https:\/\/www.radiopiu.net\/wordpress\/wp-content\/uploads\/2022\/08\/50d5c8bd-c39a-44ee-8b8e-5c0a24279b7a-300x225.jpg 300w, https:\/\/www.radiopiu.net\/wordpress\/wp-content\/uploads\/2022\/08\/50d5c8bd-c39a-44ee-8b8e-5c0a24279b7a-1024x768.jpg 1024w, https:\/\/www.radiopiu.net\/wordpress\/wp-content\/uploads\/2022\/08\/50d5c8bd-c39a-44ee-8b8e-5c0a24279b7a-768x576.jpg 768w, https:\/\/www.radiopiu.net\/wordpress\/wp-content\/uploads\/2022\/08\/50d5c8bd-c39a-44ee-8b8e-5c0a24279b7a-1536x1152.jpg 1536w, https:\/\/www.radiopiu.net\/wordpress\/wp-content\/uploads\/2022\/08\/50d5c8bd-c39a-44ee-8b8e-5c0a24279b7a.jpg 1600w\" sizes=\"auto, (max-width: 300px) 100vw, 300px\" \/><\/a>Comune che ne potr\u00e0 disporre liberamente. \u2026\u2026\u2026\u2026\u2026 per\u00f2 si riferiva al diritto di acquistare a prezzo di stima i fabbricati di propriet\u00e0 della ditta Moretti alla quale per\u00f2 rimarranno i macchinari. <\/i><i>Art. 9\u00b0 Nel caso eventualmente nelle localit\u00e0 concesse al Moretti per l\u2019estrazione della pietra verde venisse scoperta la miniera di cui \u00e8 cenno all\u2019 art. 4\u00b0 il Comune si riserva il diritto di costruire il quella localit\u00e0, non ostante la concessione data al Moretti, tutti gli edifici necessari per l\u2019esercizio della miniera. <\/i><i>Art. 10\u00b0 Durante il periodo dei venticinque anni suddetti sar\u00e0 facolt\u00e0 del Comune e dei privati in esso domiciliati di escavare e raccogliere sui fondi Comunali pietra da costruzione (non per\u00f2 l\u2019arenaria pietra verde ) per proprio uso locale per\u00f2, nei luoghi e nei modi da non dare \u2026\u2026\u2026.. disturbo o pregiudizio alle cave aperte. Il Comune si obbliga di impedire ai privati altre diverse escavazioni o raccolta di pietra verde nei propri fondi. <\/i><i>Art. 11\u00b0 Il Moretti si obbliga di occupare operai del Comune di La Valle. Potr\u00e0 valersi di operai forestieri quando non ve ne fossero a sufficienza nel Comune e quando si trattasse di certi speciali lavori che gli operai del paese si ritenessero incapaci di eseguire. <\/i><i>Art. 13\u00b0 Nel caso il Moretti dovesse nel corso della concessione abbandonare l\u2019esercizio delle cave il Comune si riterr\u00e0 dispensato dal mantenimento del presente contratto e potr\u00e0 disporre delle cave stesse sempre per\u00f2 che la sospensione abbia avuta la durata di anni cinque. <\/i><i>Art. 14\u00b0 Tutte le spese del presente atto e comunque ad esso relative staranno a carico del Concessionario Signor Moretti Antonio. <\/i><i>Art. 15\u00b0 Tutti gli atti summenzionati formeranno parte integrale e contestuale del presente Contratto. <\/i><i>Fatto letto e firmato alla presenza di due testimoni, <\/i><i>Il Concessionario <\/i><i>Il Sindaco <\/i><i>Il Segretario Comunale <\/i><i>I Testimoni<\/i><\/p>\n<p>&nbsp;<\/p>\n<p>&nbsp;<\/p>\n<hr \/>\n<p>&nbsp;<\/p>\n","protected":false},"excerpt":{"rendered":"<p>Trascrizioni testi ed immagini a cura di Tiziano De Col Pubblichiamo un Atto di Concessione risalente al 1907 con il quale il Comune di La Valle Agordina concede al Sign. Moretti Antonio di Taibon di estrarre o raccogliere \u201cPietra Verde\u201d (Formazione di Livinallongo \u2013 Buchenstein) nelle localit\u00e0 Tadelle-Cuogoi e Crep delle Verde con l\u2019esclusiva della&hellip;<\/p>\n","protected":false},"author":4,"featured_media":293596,"comment_status":"closed","ping_status":"closed","sticky":false,"template":"","format":"standard","meta":{"_monsterinsights_skip_tracking":false,"_monsterinsights_sitenote_active":false,"_monsterinsights_sitenote_note":"","_monsterinsights_sitenote_category":0,"footnotes":""},"categories":[104,49],"tags":[],"class_list":["post-293592","post","type-post","status-publish","format-standard","has-post-thumbnail","hentry","category-evidenza_3","category-news-18","category-104","category-49","description-off"],"img_url":"https:\/\/www.radiopiu.net\/wordpress\/wp-content\/uploads\/2022\/08\/50d5c8bd-c39a-44ee-8b8e-5c0a24279b7a.jpg","_links":{"self":[{"href":"https:\/\/www.radiopiu.net\/wordpress\/wp-json\/wp\/v2\/posts\/293592","targetHints":{"allow":["GET"]}}],"collection":[{"href":"https:\/\/www.radiopiu.net\/wordpress\/wp-json\/wp\/v2\/posts"}],"about":[{"href":"https:\/\/www.radiopiu.net\/wordpress\/wp-json\/wp\/v2\/types\/post"}],"author":[{"embeddable":true,"href":"https:\/\/www.radiopiu.net\/wordpress\/wp-json\/wp\/v2\/users\/4"}],"replies":[{"embeddable":true,"href":"https:\/\/www.radiopiu.net\/wordpress\/wp-json\/wp\/v2\/comments?post=293592"}],"version-history":[{"count":0,"href":"https:\/\/www.radiopiu.net\/wordpress\/wp-json\/wp\/v2\/posts\/293592\/revisions"}],"wp:featuredmedia":[{"embeddable":true,"href":"https:\/\/www.radiopiu.net\/wordpress\/wp-json\/wp\/v2\/media\/293596"}],"wp:attachment":[{"href":"https:\/\/www.radiopiu.net\/wordpress\/wp-json\/wp\/v2\/media?parent=293592"}],"wp:term":[{"taxonomy":"category","embeddable":true,"href":"https:\/\/www.radiopiu.net\/wordpress\/wp-json\/wp\/v2\/categories?post=293592"},{"taxonomy":"post_tag","embeddable":true,"href":"https:\/\/www.radiopiu.net\/wordpress\/wp-json\/wp\/v2\/tags?post=293592"}],"curies":[{"name":"wp","href":"https:\/\/api.w.org\/{rel}","templated":true}]}}