{"id":293708,"date":"2022-08-22T05:30:39","date_gmt":"2022-08-22T03:30:39","guid":{"rendered":"https:\/\/www.radiopiu.net\/wordpress\/?p=293708"},"modified":"2022-08-22T10:05:00","modified_gmt":"2022-08-22T08:05:00","slug":"giornale-radiopiu-22-agosto-2022-direttore-mirko-mezzacasa","status":"publish","type":"post","link":"https:\/\/www.radiopiu.net\/wordpress\/giornale-radiopiu-22-agosto-2022-direttore-mirko-mezzacasa\/","title":{"rendered":"GIORNALE RADIOPIU 22 AGOSTO 2022 DIRETTORE MIRKO MEZZACASA"},"content":{"rendered":"<h3 class=\"kvgmc6g5 cxmmr5t8 oygrvhab hcukyx3x c1et5uql\"><span style=\"color: #0000ff;\"><strong><a class=\"dt-pswp-item\" href=\"https:\/\/www.radiopiu.net\/wordpress\/wp-content\/uploads\/2021\/08\/papa-luciani-2.jpg\" data-dt-img-description=\"\" data-large_image_width=\"1200\" data-large_image_height=\"800\"><img loading=\"lazy\" decoding=\"async\" class=\"size-thumbnail wp-image-229320 alignleft\" src=\"https:\/\/www.radiopiu.net\/wordpress\/wp-content\/uploads\/2021\/08\/papa-luciani-2-150x150.jpg\" alt=\"\" width=\"150\" height=\"150\" \/><\/a><\/strong><\/span><\/h3>\n<h3><\/h3>\n<h3 class=\"kvgmc6g5 cxmmr5t8 oygrvhab hcukyx3x c1et5uql\"><span style=\"color: #0000ff;\"><strong>RADIO PIU INFORMAZIONE il canale su TELEGRAM informazione di prima\u00a0 <\/strong><\/span><span style=\"color: #0000ff;\"><strong>mano e in tempo reale. iscriviti ed aiutaci a farlo conoscere\u00a0 \u00a0<\/strong><\/span><\/h3>\n<blockquote>\n<h3 style=\"text-align: left;\">IN CAMMINO VERSO LA BEATIFICAZIONE DI PAPA LUCIANI, GIOVANNI PAOLO I<\/h3>\n<\/blockquote>\n<p>&nbsp;<\/p>\n<p><strong><span style=\"color: #ff0000;\">PRIMA TAPPA, LE MESSE DEL 26 AGOSTO E 28 AGOSTO<\/span><\/strong><\/p>\n<audio class=\"wp-audio-shortcode\" id=\"audio-293708-1\" preload=\"none\" style=\"width: 100%;\" controls=\"controls\"><source type=\"audio\/mpeg\" src=\"https:\/\/www.radiopiu.net\/wordpress\/wp-content\/uploads\/2022\/08\/SPOT-LUCIANI-1-DAL-20-AL-28-AGOSTO.mp3?_=1\" \/><a href=\"https:\/\/www.radiopiu.net\/wordpress\/wp-content\/uploads\/2022\/08\/SPOT-LUCIANI-1-DAL-20-AL-28-AGOSTO.mp3\">https:\/\/www.radiopiu.net\/wordpress\/wp-content\/uploads\/2022\/08\/SPOT-LUCIANI-1-DAL-20-AL-28-AGOSTO.mp3<\/a><\/audio>\n<p>&nbsp;<\/p>\n<p>&nbsp;<\/p>\n<p>&nbsp;<\/p>\n<hr \/>\n<p>&nbsp;<\/p>\n<blockquote>\n<h3>ACQUA NON POTABILE A MOE&#8217; DI LASTE DI ROCCA PIETORE<\/h3>\n<\/blockquote>\n<p><strong>ROCCA PIETORE<\/strong> Gestione Servizi Pubblici informa che a ROCCA PIETORE in localit\u00e0 MOE\u2019 DI LASTE l&#8217;acqua erogata dall&#8217;acquedotto non \u00e8 potabile e pu\u00f2 essere usata per scopi alimentari SOLO PREVIA bollitura. GSP ha, comunque, gi\u00e0 adottato le necessarie misure per la disinfezione dell&#8217;acqua presente nei serbatoi e nella rete idrica con l&#8217;aggiunta di cloro.<\/p>\n<p>&nbsp;<\/p>\n<hr \/>\n<p>&nbsp;<\/p>\n<p>&nbsp;<\/p>\n<blockquote>\n<h3>TREDICI\u00a0 ANNI DOPO, IL DOLORE COME ALLORA<\/h3>\n<\/blockquote>\n<p><strong><a class=\"dt-pswp-item\" href=\"http:\/\/www.radiopiu.net\/wordpress\/wp-content\/uploads\/2018\/08\/download-13.jpg\" data-dt-img-description=\"\" data-large_image_width=\"364\" data-large_image_height=\"139\"><img loading=\"lazy\" decoding=\"async\" class=\"size-medium wp-image-58457 alignleft\" src=\"http:\/\/www.radiopiu.net\/wordpress\/wp-content\/uploads\/2018\/08\/download-13-300x115.jpg\" alt=\"\" width=\"300\" height=\"115\" srcset=\"https:\/\/www.radiopiu.net\/wordpress\/wp-content\/uploads\/2018\/08\/download-13-300x115.jpg 300w, https:\/\/www.radiopiu.net\/wordpress\/wp-content\/uploads\/2018\/08\/download-13.jpg 364w\" sizes=\"auto, (max-width: 300px) 100vw, 300px\" \/><\/a><\/strong><\/p>\n<p><strong>CORTINA<\/strong> Sono trascorsi 13 anni da quel drammatico pomeriggio del 22 agosto quando Dario, Fabrizio, Marco e Stefano morirono nella tragedia dell&#8217;elicottero &#8220;Falco&#8221; a Rio Gere. I colleghi ed amici del Soccorso Alpino e del Suem li ricorderanno in una cerimonia oggi a Rio Gere.<\/p>\n<p>&nbsp;<\/p>\n<h2 class=\"itemTitle\">LA CRONACA DI QUEL TRAGICO EVENTO (DAL VOLUME FALCO&#8230; DARIO FABRIZIO MARCO STEFANO)<\/h2>\n<p><em>&#8230; A questo punto l\u2019elicottero con il denominativo \u201cFalco\u201d veniva chiamato via radio pi\u00f9 volte dalla Centrale Operativa del S.U.E.M. 118 senza ricevere risposta alcuna, parimenti lo stesso veniva fatto dal personale C.N.S.A.S. della Stazione di Cortina d\u2019Ampezzo, che si trovava a Rio Gere, con il medesimo esito. Il Delegato del C.N.S.A.S., Fabio Bristot, che si trovava per motivi diversi nel magazzino della Stazione C.N.S.A.S. di Belluno, comprendendo la situazione ed ancor prima che venissero sospese le chiamate a Falco, congiuntamente ad un Operatore del C.N.S.A.S. di Belluno (Matteo Fontana), sentite le reiterate comunicazioni radio prive di risposta, partiva immediatamente per Cortina, avvisando il Vice Delegato, Gianni Mezzomo ed il Coordinatore dei Tecnici di Elisoccorso, Sergio Albanello, di quanto si andava profilando. Lungo il percorso il Delegato transitava per la Centrale Operativa di Pieve di Cadore recuperando il Direttore del S.U.E.M. 118 Dott. Angelo Costola per effettuare assieme il viaggio verso Cortina d\u2019Ampezzo. L\u2019elicottero veniva successivamente chiamato via radio ancora per qualche decina di secondi, quindi, la Centrale Operativa del S.U.E.M. 118 di Pieve di Cadore provava ad effettuare anche dei contatti via cavo con i membri dell\u2019equipaggio con esito negativo. A questo punto il Tecnico di Centrale del Soccorso Alpino presente al S.U.E.M. 118 indirizzava le squadre del C.N.S.A.S. di Cortina, gi\u00e0 impegnate via terra, sulle zone oggetto della perlustrazione aerea, attivit\u00e0 che peraltro era gi\u00e0 in corso di effettuazione. Andava chiaramente delineandosi la tesi di un possibile caduta dell\u2019elicottero e, dopo qualche tempo di comprensibile, quanto drammatico imbarazzo, oltre che di verifica di quanto forse era tragicamente occorso, la Centrale Operativa del S.U.E.M. 118 allertava alle 15.14 il S.U.E.M. 118 di Bolzano per l\u2019immediato invio di un elicottero sul luogo dell\u2019evento. L\u2019elicottero decollava alle 15.22 dalla base di Bressanone ed arrivava sul luogo dell\u2019evento alle 15.35. Qui imbarcava Paolo Bellodis, Guida Alpina e Tecnico di elisoccorso del C.N.S.A.S., per effettuare una ricognizione puntuale sul luogo dell\u2019evento. Poi era la volta dell\u2019elicottero del S.U.E.M. di Treviso, allertato alle 15.20 e decollato alle 15.25 dalla piazzola dell\u2019Ospedale Ca\u2019 Foncello di Treviso che atterrava sul posto alle 15.42. Precedentemente, nei minuti che seguono le 15.05\/15.08, quanti si trovavano sul piazzale di Rio Gere, ovvero Luca Pislor e Ruben Moroder ed altri si rendevano conto dell\u2019avvenuto ed effettuavano invano diverse chiamate radio sia sulla frequenza del S.U.E.M. 118 sia su quella del Soccorso Alpino., tutte con esito negativo. Qualche istante dopo, Luca Pislor e Ruben Moroder, salivano in macchina assieme a Lorenzo Gaspari e raggiungevano la zona posta a valle del supposto luogo dell\u2019evento, da dove proseguivano a piedi, pervenendo ben presto ad individuare la sagoma dell\u2019elicottero caduto a\u00a0quota 1.945\u00a0 metri, riverso sul fianco sinistro. Trascorrevano pochi attimi per rendersi oggettivamente conto\u00a0 che tutti i membri dell\u2019equipaggio erano deceduti&#8230;.<\/em><\/p>\n<p>&nbsp;<\/p>\n<hr \/>\n<p>&nbsp;<\/p>\n<blockquote>\n<h3>INCIDENTE MORTALE A CAVASO DEL TOMBA, MUORE UN TREVIGIANO, GRAVISSIMA LA MOGLIE, COINVOLTA UNA FELTRINA<\/h3>\n<\/blockquote>\n<p><strong><a class=\"dt-pswp-item\" href=\"https:\/\/www.radiopiu.net\/wordpress\/wp-content\/uploads\/2022\/08\/AAA-23.jpg\" data-dt-img-description=\"\" data-large_image_width=\"396\" data-large_image_height=\"315\"><img loading=\"lazy\" decoding=\"async\" class=\" wp-image-293962 alignleft\" src=\"https:\/\/www.radiopiu.net\/wordpress\/wp-content\/uploads\/2022\/08\/AAA-23-150x150.jpg\" alt=\"\" width=\"118\" height=\"118\" \/><\/a>PEDEROBBA<\/strong> Mario Bittante di Asolo, 64 anni \u00e8 morto nel drammatico incidente di ieri pomeriggio,\u00a0 era in sella allo scooter, s&#8217;\u00e8 scontrato con una Mazda condotta da una 22enne, F.M., originaria di Bassano del Grappa e residente a Feltre. Bittante \u00e8 morto sul colpo, mentre la moglie Maria Cristina Dallefrate, 58 anni, \u00e8 in fin di vita. La moto \u00e8 finita in un fossato a lato della strada e il conducente \u00e8 morto sul colpo. La moglie nell&#8217;impatto ha riportato l&#8217;amputazione di una gamba e profonde ferite agli altri arti, \u00e8 stata trasportata in elicottero all&#8217;ospedale di Treviso in prognosi riservata. All&#8217;ospedale anche la giovane automobilista della Mazda che ha accusato un forte stato di choc dopo l&#8217;incidente. (foto Corriere delle Alpi)<\/p>\n<p>&nbsp;<\/p>\n<p>&nbsp;<\/p>\n<hr \/>\n<p>&nbsp;<\/p>\n<blockquote>\n<h3>LILIANA &#8220;STELA&#8221;, SIMBOLO DELLA VAL CORPASSA, PROMOTRICE DEL TURISMO SOTTO AL CIVETTA<\/h3>\n<\/blockquote>\n<p><strong>TAIBON<\/strong> Ha dedicato una vita alla famiglia e al lavoro e se n&#8217;\u00e8 andata in punta dei piedi a 79 anni,\u00a0 lasciando un ricordo indelebile e la sua &#8220;creatura&#8221;, il rifugio Capanna Trieste lass\u00f9, in fondo alla sua Listolade, in val Corpassa. E chi non la conosceva Liliana Decima? Quella del buongiorno prima di salire al Vazzoler o completare l&#8217;attraversata in Val Civetta o verso il rifugio Carestiato. Punto di riferimento di alpinisti italiani e stranieri, escursionisti di ogni et\u00e0, famiglie&#8230;tante famiglie.\u00a0 Oggi Taibon si stringer\u00e0 ai figli, nipoti e nuore per l&#8217;ultimo saluto, alle 14.30 nella chiesa di Taibon. Buon viaggio Liliana, vera promotrice del turismo di Taibon, accanto al tuo amato Giorgio.<\/p>\n\n\t\t\t<style type='text\/css'>\n\t\t\t\t#gallery-1 {\n\t\t\t\t\tmargin: auto;\n\t\t\t\t}\n\t\t\t\t#gallery-1 .gallery-item {\n\t\t\t\t\tfloat: left;\n\t\t\t\t\tmargin-top: 10px;\n\t\t\t\t\ttext-align: center;\n\t\t\t\t\twidth: 50%;\n\t\t\t\t}\n\t\t\t\t#gallery-1 img {\n\t\t\t\t\tborder: 2px solid #cfcfcf;\n\t\t\t\t}\n\t\t\t\t#gallery-1 .gallery-caption {\n\t\t\t\t\tmargin-left: 0;\n\t\t\t\t}\n\t\t\t\t\/* see gallery_shortcode() in wp-includes\/media.php *\/\n\t\t\t<\/style>\n\t\t<div id='gallery-1' class='dt-gallery-container gallery galleryid-293708 gallery-columns-2 gallery-size-medium'><dl class='gallery-item'>\n\t\t\t\t<dt class='gallery-icon portrait'>\n\t\t\t\t\t<a class=\"rollover rollover-zoom dt-pswp-item\" title=\"524472d1-c6b5-424f-9fa9-75c5c9e5bf82\" data-dt-img-description=\"\" data-large_image_width=\"684\" data-large_image_height=\"1216\"href='https:\/\/www.radiopiu.net\/wordpress\/wp-content\/uploads\/2022\/08\/524472d1-c6b5-424f-9fa9-75c5c9e5bf82.jpg'><img loading=\"lazy\" decoding=\"async\" width=\"169\" height=\"300\" src=\"https:\/\/www.radiopiu.net\/wordpress\/wp-content\/uploads\/2022\/08\/524472d1-c6b5-424f-9fa9-75c5c9e5bf82-169x300.jpg\" class=\"attachment-medium size-medium\" alt=\"\" srcset=\"https:\/\/www.radiopiu.net\/wordpress\/wp-content\/uploads\/2022\/08\/524472d1-c6b5-424f-9fa9-75c5c9e5bf82-169x300.jpg 169w, https:\/\/www.radiopiu.net\/wordpress\/wp-content\/uploads\/2022\/08\/524472d1-c6b5-424f-9fa9-75c5c9e5bf82-576x1024.jpg 576w, https:\/\/www.radiopiu.net\/wordpress\/wp-content\/uploads\/2022\/08\/524472d1-c6b5-424f-9fa9-75c5c9e5bf82.jpg 684w\" sizes=\"auto, (max-width: 169px) 100vw, 169px\" \/><\/a>\n\t\t\t\t<\/dt><\/dl><dl class='gallery-item'>\n\t\t\t\t<dt class='gallery-icon portrait'>\n\t\t\t\t\t<a class=\"rollover rollover-zoom dt-pswp-item\" title=\"9846ebd4-0436-4e94-974c-eb20bbe4585c\" data-dt-img-description=\"\" data-large_image_width=\"1200\" data-large_image_height=\"1600\"href='https:\/\/www.radiopiu.net\/wordpress\/wp-content\/uploads\/2022\/08\/9846ebd4-0436-4e94-974c-eb20bbe4585c.jpg'><img loading=\"lazy\" decoding=\"async\" width=\"225\" height=\"300\" src=\"https:\/\/www.radiopiu.net\/wordpress\/wp-content\/uploads\/2022\/08\/9846ebd4-0436-4e94-974c-eb20bbe4585c-225x300.jpg\" class=\"attachment-medium size-medium\" alt=\"\" srcset=\"https:\/\/www.radiopiu.net\/wordpress\/wp-content\/uploads\/2022\/08\/9846ebd4-0436-4e94-974c-eb20bbe4585c-225x300.jpg 225w, https:\/\/www.radiopiu.net\/wordpress\/wp-content\/uploads\/2022\/08\/9846ebd4-0436-4e94-974c-eb20bbe4585c-768x1024.jpg 768w, https:\/\/www.radiopiu.net\/wordpress\/wp-content\/uploads\/2022\/08\/9846ebd4-0436-4e94-974c-eb20bbe4585c-1152x1536.jpg 1152w, https:\/\/www.radiopiu.net\/wordpress\/wp-content\/uploads\/2022\/08\/9846ebd4-0436-4e94-974c-eb20bbe4585c.jpg 1200w\" sizes=\"auto, (max-width: 225px) 100vw, 225px\" \/><\/a>\n\t\t\t\t<\/dt><\/dl><br style=\"clear: both\" \/>\n\t\t\t<\/div>\n\n<p>&nbsp;<\/p>\n<p>&nbsp;<\/p>\n<hr \/>\n<p>&nbsp;<\/p>\n<blockquote>\n<h3 class=\"entry-title\">RECUPERATO TORRENTISTA INFORTUNATO<\/h3>\n<\/blockquote>\n<p><strong>PONTE NELLE ALPI\u00a0<\/strong>Poco prima delle 13 di sabato \u00e8 scattato l\u2019allarme per un torrentista che si era infortunato scendendo la forra della Val Maggiore. Preallertati i tecnici del Gruppo forre del Soccorso alpino e speleologico Veneto, sul posto \u00e8 stato inviato l\u2019elicottero di Dolomiti Emergency, che ha sbarcato in hovering equipe medica e tecnico di elisoccorso nelle vicinanze. Il tecnico di elisoccorso, dopo aver individuato il punto in cui si trovava il 50enne di Pergine Valsugana (TN) assieme ad altre persone, si \u00e8 calato una ventina di metri e lo ha raggiunto. L\u2019infortunato, con una probabile frattura alla gamba, \u00e8 stato poi recuperato con un verricello di 40 metri e trasportato all\u2019ospedale di Belluno. Due soccorritori casualmente sul posto hanno dato l loro supporto nell\u2019intervento.<\/p>\n<p><strong>VAL DI ZOLDO\u00a0<\/strong>Ieri mattina attorno alle 7 l\u2019elicottero di Dolomiti Emergency \u00e8 decollato in direzione del Civetta, poich\u00e9 due escursionisti al rientro ieri dalla normale erano usciti dal sentiero e avevano passato la notte all\u2019addiaccio. I due, un 46enne di Padova e un 47enne di Pianiga (VE), dopo essere saliti dalla Ferrata degli Alleghesi, avevano proseguito il cammino per tornare a valle, ma lungo il Sentiero Tivan avevano perso la traccia, finendo tra i mughi in un canale 200 metri pi\u00f9 in basso e l\u00ec avevano passato la notte, lanciando poi l\u2019allarme sfiniti. Dopo averli individuati durante il sorvolo, l\u2019eliambulanza ha sbarcato nelle vicinanze in hovering il tecnico di elisoccorso, che li ha raggiunti e aiutati a tornare con lui nel punto agevole per il recupero. Una volta imbarcati, i due escursionisti sono stati lasciati a Pala Favera.<\/p>\n<p><strong>VOLTAGO\u00a0<\/strong>Alle 8.30 circa l\u2019elicottero \u00e8 poi volato ai piedi dello Spiz d\u2019Agner, dove un alpinista era rimasto ferito dalla caduta di un sasso. Il 51enne di Bergamo si trovava con tre compagni quasi in forcella, sull\u2019ultimo tiro dello zoccolo che porta all\u2019attacco della Via Oggioni, quando una pietra arrivata dall\u2019alto lo aveva colpito alla mano, procurandogli un importante trauma. Dall\u2019eliambulanza il tecnico di elisoccorso \u00e8 stato calato con un verricello di 95 metri, ha raggiunto l\u2019infortunato e con lui ha superato l\u2019ultimo tiro di corda fino alla forcella, da dove sono stati issati entrambi a bordo con 60 metri di verricellata. Lo scalatore \u00e8 stato trasportato all\u2019ospedale di Agordo, mentre i suoi compagni rientravano autonomamente.<\/p>\n<p>&nbsp;<\/p>\n<blockquote>\n<h3 class=\"entry-title\">RECUPERATA ESCURSIONISTA CON CRISI DI PANICO<\/h3>\n<\/blockquote>\n<div dir=\"auto\"><strong>ALLEGHE<\/strong> Alle 11.50 la Centrale del Suem \u00e8 stata allertata da una coppia di escursionisti in difficolt\u00e0, dal momento che, durante la salita del sentiero numero 750 di Ru de Porta verso il Coldai, arrivati a un tratto attrezzato con corda di metallo, la ragazza era stata colta da una crisi di panico e non era pi\u00f9 in grado di muoversi. Individuati dall\u2019equipaggio dell\u2019elicottero di Dolomiti Emergency a circa 2000 metri di quota, entrambi \u2013 lei 32 anni di Martellago (VE), lui 30 anni di Montebelluna (TV) \u2013 sono stati recuperati dal tecnico di elisoccorso con il verricello e trasportati ai Piani di Pezz\u00e8<\/div>\n<div dir=\"auto\"><\/div>\n<p dir=\"auto\"><strong>AGORDO<\/strong>\u00a0Alle 11.50 il Soccorso alpino di Agordo \u00e8 stato allertato per un\u2019escursionista di 58 anni di Santa Giustina (BL), che si era sentita poco bene, dopo essere partita dal Rifugio Capanna Trieste in direzione del Vazzoler con un gruppo di persone. La donna, che si trovava all\u2019altezza del bivio tra i sentieri 555 e 558 \u00e8 stata raggiunta da una squadra in jeep e trasportata all\u2019ospedale di Agordo per le valutazioni del caso<\/p>\n<p dir=\"auto\"><strong>CORTINA<\/strong>\u00a0Una squadra del Soccorso alpino della Guardia di finanza \u00e8 invece intervenuta a Forcella Lavaredo per una turista di Cassino (FR) di 66 anni, che aveva riportato un trauma alla caviglia L\u2019infortunata \u00e8 stata portata a Misurina e affidata all\u2019ambulanza diretta a Cortina.<\/p>\n<p dir=\"auto\"><strong>LIVINALLONGO<\/strong>\u00a0Il Soccorso alpino di Livinallongo \u00e8 stato invece inviato sulla Strada de la Vena a Larzonei, per una 66enne di Brescia che si era fatta mala a una caviglia ed \u00e8 stata trasportata al rendez vous con l\u2019ambulanza.<\/p>\n<p dir=\"auto\"><strong>ALLEGHE<\/strong>\u00a0L\u2019elicottero di Dolomiti Emergency \u00e8 poi volato sul sentiero che dal Coldai scende ai Piani di Pezz\u00e9, per una donna scivolata riportando un sospetto trauma alla caviglia. Sbarcati equipe medica e tecnico di elisoccorso, i soccorritori hanno prestato prima assistenza all\u2019escursionista per poi spostarla in un punto sicuro a causa della presenza dei cavi della teleferica, per l\u2019imbarco avvenuto con un verricello corto e il successivo trasporto all\u2019ospedale di Agordo.<\/p>\n<p dir=\"auto\"><strong>CORTINA<\/strong>\u00a0Una squadra del Soccorso alpino della Guardia di finanza ha infine raggiunto una turista statunitense di 55 anni con una probabile frattura alla caviglia, dopo essere scivolata sul sentiero Bonacossa nei pressi di Forcella Longeres. La donna \u00e8 stata poi recuperata dall\u2019elicottero dell\u2019Aiut Alpin Dolomites di Bolzano, decollata per l\u2019ospedale di Brunico.<\/p>\n<p>&nbsp;<\/p>\n<p>&nbsp;<\/p>\n<hr \/>\n<p>&nbsp;<\/p>\n<blockquote>\n<h3 class=\"entry-title\">IN MOTO CON LA PATENTE REVOCATA, STANGATO DALLA POLIZIA, NON AVEVA NEMMENO L\u2019ASSICURAZIONE<\/h3>\n<\/blockquote>\n<p><strong><img loading=\"lazy\" decoding=\"async\" class=\"alignleft\" src=\"https:\/\/www.radiopiu.net\/wordpress\/wp-content\/uploads\/2022\/08\/295832323_428597342649333_2091359398335650946_n.jpg\" width=\"133\" height=\"167\" \/>BELLUNO<\/strong> Come ogni anno il periodo del ferragosto ha fatto registrare sulle strade della provincia un forte afflusso di mezzi, di tutti i tipi in viaggio verso le principali localit\u00e0 turistiche. Per prevenire, controllare e reprimere la sezione della Polizia Stradale di Belluno in collaborazione con Carabinieri, Guardia di Finanza e Polizia Locale ha attuato una strategia di controlli coordinata dalla Prefettura. Un preciso piano per un controllo delle principali arterie con attenzione particolare ai motociclisti. Lo scopo: frenare gli entusiasmi in quota. Ben 53 i controlli, 38 a motoveicoli, 15 ad autovetture, 28 le violazioni, 47 i punti decurtati. Riscontrato soprattutto il mancato uso delle cinture di sicurezza, la guida con l\u2019uso del cellulare, la manomissione dei dispositivi di silenziamento (motociclisti), mancanza dei dispostivi di equipaggiamento, circolazione con targa posizionata non regolarmente. Eseguito un sequestro amministrativo, due fermi amministrativi di motoveicoli, ritirate due carte di circolazione, una decina di segnalazioni alla motorizzazione civile per dispositivi di equipaggiamento di motoveicoli non conformi. Spicca il caso del motociclista fermato dalla pattuglia della stradale e sorpreso a guidare con patente revocata, con revisione periodica non effettuata e assenza di copertura assicurativa. Pesante la sanzione per cumulo di violazioni.<\/p>\n<p>&nbsp;<\/p>\n<p><em>foto facebook QUESTURA BELLUNO<\/em><\/p>\n<p>&nbsp;<\/p>\n<p>&nbsp;<\/p>\n<hr \/>\n<p>&nbsp;<\/p>\n<blockquote>\n<h3>QUELLA SERA CHE AL GIRO DEL LAGO E&#8217; STATA SALVATA UNA VITA<\/h3>\n<\/blockquote>\n<p><strong>ALLEGHE<\/strong> Una storia gi\u00e0 raccontata, all&#8217;indomani del giro del lago di Alleghe del 14 agosto scorso. Ritorna d&#8217;attualit\u00e0 oggi, dopo la lettera inviata da Cristian De Toni, capogruppo degli alpini Monte Civetta Alleghe, organizzatori del Giro del Lago. Ma andiamo con ordine e ricordiamo cosa \u00e8 successo alla vigila del ferragosto<\/p>\n<p><strong>NOTIZIARIO DEL 15 AGOSTO 2022<\/strong><\/p>\n<blockquote>\n<h3>MALORE AL GIRO DEL LAGO DI ALLEGHE, SCATTA LA MACCHINA DEI SOCCORSI.<\/h3>\n<p><em>La prima ad intervenire un&#8217;infermiera in gara con il suo compagno pure lui infermiere. Serena: infermiera della Ulss1 presso l&#8217;ospedale di Agordo si \u00e8 fermata ed ha iniziato un lungo massaggio cardiaco, non ha mai mollato fino all&#8217;arrivo dei volontari ambulanze. E poi ancora, fino a quando l&#8217;uomo non \u00e8 stato caricato in elicottero e trasportato all&#8217;ospedale di Trento.\u00a0<\/em><\/p><\/blockquote>\n<p><strong><a class=\"dt-pswp-item\" href=\"https:\/\/www.radiopiu.net\/wordpress\/wp-content\/uploads\/2022\/08\/d6957024-8922-4ded-af2f-737ea828767d.jpg\" data-dt-img-description=\"\" data-large_image_width=\"427\" data-large_image_height=\"802\"><img loading=\"lazy\" decoding=\"async\" class=\"size-thumbnail wp-image-293801 alignleft\" src=\"https:\/\/www.radiopiu.net\/wordpress\/wp-content\/uploads\/2022\/08\/d6957024-8922-4ded-af2f-737ea828767d-150x150.jpg\" alt=\"\" width=\"150\" height=\"150\" \/><\/a>ALLEGHE\u00a0<\/strong> Il concorrente del Giro del Lago di Alleghe, F.R., trevigiano di 65 anni \u00e8 ricoverato all&#8217;ospedale di Trento. Si \u00e8 temuto il peggio ieri era in prossimit\u00e0 dello Chalet al lago, ma la macchina dei soccorsi del territorio non ha lasciato nulla di intentato, non ha lasciato nulla al caso. L&#8217;allarme, quando l&#8217;uomo (in compagnia della moglie e di un nipote) si \u00e8 accasciato al suolo \u00e8 stato immediato, ancora di pi\u00f9 la corsa dei volontari delle ambulanze di Alleghe. Hanno raggiunto l&#8217;uomo e prestato i primi soccorsi, dal Pronto Soccorso di Agordo \u00e8 partita l&#8217;auto medica mentre nel frattempo \u00e8 stato allertato anche l&#8217;elisoccorso di Trento abilitato al volo notturno. Dopo le manovre rianimatorie l&#8217;uomo \u00e8 stato trasferito al campo di calcio di Caprile dove ad attenderlo c&#8217;era l&#8217;elicottero che lo ha trasportato all&#8217;ospedale di Trento. Stamane le notizie giunte ad Alleghe sono di grande conforto. Va comunque messo in evidenza il grande impegno dei volontari ambulanze, personale dell&#8217;ospedale di Agordo, Carabinieri di Caprile, Vigili del fuoco volontari di Caprile, Soccorso Alpino ma anche degli alpini che hanno organizzato la competizione in notturna che ha iscritto mille partecipanti. (MM)<\/p>\n\n\t\t\t<style type='text\/css'>\n\t\t\t\t#gallery-2 {\n\t\t\t\t\tmargin: auto;\n\t\t\t\t}\n\t\t\t\t#gallery-2 .gallery-item {\n\t\t\t\t\tfloat: left;\n\t\t\t\t\tmargin-top: 10px;\n\t\t\t\t\ttext-align: center;\n\t\t\t\t\twidth: 50%;\n\t\t\t\t}\n\t\t\t\t#gallery-2 img {\n\t\t\t\t\tborder: 2px solid #cfcfcf;\n\t\t\t\t}\n\t\t\t\t#gallery-2 .gallery-caption {\n\t\t\t\t\tmargin-left: 0;\n\t\t\t\t}\n\t\t\t\t\/* see gallery_shortcode() in wp-includes\/media.php *\/\n\t\t\t<\/style>\n\t\t<div id='gallery-2' class='dt-gallery-container gallery galleryid-293708 gallery-columns-2 gallery-size-medium'><dl class='gallery-item'>\n\t\t\t\t<dt class='gallery-icon landscape'>\n\t\t\t\t\t<a class=\"rollover rollover-zoom dt-pswp-item\" title=\"aa5c9dd1-70eb-4be3-8cf6-6469b18f6f46\" data-dt-img-description=\"\" data-large_image_width=\"2016\" data-large_image_height=\"1512\"href='https:\/\/www.radiopiu.net\/wordpress\/wp-content\/uploads\/2022\/08\/aa5c9dd1-70eb-4be3-8cf6-6469b18f6f46-1.jpg'><img loading=\"lazy\" decoding=\"async\" width=\"300\" height=\"225\" src=\"https:\/\/www.radiopiu.net\/wordpress\/wp-content\/uploads\/2022\/08\/aa5c9dd1-70eb-4be3-8cf6-6469b18f6f46-1-300x225.jpg\" class=\"attachment-medium size-medium\" alt=\"\" srcset=\"https:\/\/www.radiopiu.net\/wordpress\/wp-content\/uploads\/2022\/08\/aa5c9dd1-70eb-4be3-8cf6-6469b18f6f46-1-300x225.jpg 300w, https:\/\/www.radiopiu.net\/wordpress\/wp-content\/uploads\/2022\/08\/aa5c9dd1-70eb-4be3-8cf6-6469b18f6f46-1-1024x768.jpg 1024w, https:\/\/www.radiopiu.net\/wordpress\/wp-content\/uploads\/2022\/08\/aa5c9dd1-70eb-4be3-8cf6-6469b18f6f46-1-768x576.jpg 768w, https:\/\/www.radiopiu.net\/wordpress\/wp-content\/uploads\/2022\/08\/aa5c9dd1-70eb-4be3-8cf6-6469b18f6f46-1-1536x1152.jpg 1536w, https:\/\/www.radiopiu.net\/wordpress\/wp-content\/uploads\/2022\/08\/aa5c9dd1-70eb-4be3-8cf6-6469b18f6f46-1.jpg 2016w\" sizes=\"auto, (max-width: 300px) 100vw, 300px\" \/><\/a>\n\t\t\t\t<\/dt><\/dl><dl class='gallery-item'>\n\t\t\t\t<dt class='gallery-icon landscape'>\n\t\t\t\t\t<a class=\"rollover rollover-zoom dt-pswp-item\" title=\"61f2ba65-4be5-4d36-ba8b-99e13f2f5374\" data-dt-img-description=\"\" data-large_image_width=\"2016\" data-large_image_height=\"1512\"href='https:\/\/www.radiopiu.net\/wordpress\/wp-content\/uploads\/2022\/08\/61f2ba65-4be5-4d36-ba8b-99e13f2f5374-1.jpg'><img loading=\"lazy\" decoding=\"async\" width=\"300\" height=\"225\" src=\"https:\/\/www.radiopiu.net\/wordpress\/wp-content\/uploads\/2022\/08\/61f2ba65-4be5-4d36-ba8b-99e13f2f5374-1-300x225.jpg\" class=\"attachment-medium size-medium\" alt=\"\" srcset=\"https:\/\/www.radiopiu.net\/wordpress\/wp-content\/uploads\/2022\/08\/61f2ba65-4be5-4d36-ba8b-99e13f2f5374-1-300x225.jpg 300w, https:\/\/www.radiopiu.net\/wordpress\/wp-content\/uploads\/2022\/08\/61f2ba65-4be5-4d36-ba8b-99e13f2f5374-1-1024x768.jpg 1024w, https:\/\/www.radiopiu.net\/wordpress\/wp-content\/uploads\/2022\/08\/61f2ba65-4be5-4d36-ba8b-99e13f2f5374-1-768x576.jpg 768w, https:\/\/www.radiopiu.net\/wordpress\/wp-content\/uploads\/2022\/08\/61f2ba65-4be5-4d36-ba8b-99e13f2f5374-1-1536x1152.jpg 1536w, https:\/\/www.radiopiu.net\/wordpress\/wp-content\/uploads\/2022\/08\/61f2ba65-4be5-4d36-ba8b-99e13f2f5374-1.jpg 2016w\" sizes=\"auto, (max-width: 300px) 100vw, 300px\" \/><\/a>\n\t\t\t\t<\/dt><\/dl><br style=\"clear: both\" \/>\n\t\t\t<\/div>\n\n<p><strong>LA LETTERA DI CRISTIAN DE TONI\u00a0<\/strong><\/p>\n<blockquote>\n<h3>ALTRUISMO, VOLONTARIATO, PROFESSIONALIT\u00c0: tre parole per salvare una vita.<\/h3>\n<\/blockquote>\n<p dir=\"auto\">Ho pensato di iniziare cosi questa lettera, perch\u00e9 sono proprio queste tre parole messe assieme, che hanno permesso ad un momento tragico di diventare un momento di immensa speranza.\u00a0\u00a0Sono Cristian De Toni, Capogruppo degli Alpini della sezione di Alleghe, e con questa lettera voglio ringraziare dal profondo tutte le persone che Domenica 14 Agosto, durante la corsa non competitiva del Giro del Lago in Notturna, hanno contribuito a salvare una vita.\u00a0 Vorrei ringraziare &#8220;elencando&#8221; le persone e il personale intervenuto: non dal primo all&#8217;ultimo perch\u00e9 qualcuno sia pi\u00f9 importante o meno, ma perch\u00e9 andando per punti, spero di non dimenticare nessuno.\u00a0 E non scriver\u00f2 nomi perch\u00e9 non vorrei tralasciare qualcuno, perch\u00e9 TUTTI meritate davvero la mia riconoscenza.\u00a0 Il mio primo ringraziamento va ai due partecipanti della gara, entrambi infermieri, che per un caso fortuito (ma provvidenziale) erano pochi metri dietro al signore che si \u00e8 sentito male; con grande altruismo e professionalit\u00e0, si sono fermati e hanno prestato subito i primi soccorsi.\u00a0 A voi il mio Grazie. Un altro sentito ringraziamento lo rivolgo al Soccorso Alpino, arrivato subito sul luogo attrezzato di Defibrillatore, indispensabile in questi casi.\u00a0 A voi la mia stima, e il mio grazie.\u00a0 La vostra presenza \u00e8 sempre preziosa. Ringrazio di cuore anche un altro partecipante della gara, Medico Cardiologo, che con tanta professionalit\u00e0 ha prestato le cure necessarie.\u00a0 La sua presenza, proprio in quella corsa, proprio in quel momento, \u00e8 stata una coincidenza davvero piena di &#8220;speranza&#8221;. A lei Dottore, la mia pi\u00f9 profonda gratitudine.\u00a0 Un ringraziamento \u00e8 doveroso al personale volontario in servizio nell&#8217;Ambulanza della Croce Verde di Alleghe, per la velocit\u00e0 di risposta, per come si sono adoperati al sostegno del personale medico che era gi\u00e0 sul luogo, e per affrontare sempre con seriet\u00e0 e competenza il loro servizio di volontariato. Grazie davvero. Grazie all&#8217;equipaggio dell&#8217;Ambulanza del Suem di Agordo, e all&#8217;elicottero dei Vigili del Fuoco di Trento, perch\u00e9 senza di loro, i trasporti in ospedali lontani sarebbero davvero difficili: la loro professionalit\u00e0 \u00e8 indiscutibile. A voi il mio pi\u00f9 sincero grazie, per quello che fate e avete fatto. Grazie a tutti i partecipanti della gara, alle persone &#8220;comuni&#8221; che passavano di la per caso, grazie a chiunque abbia contribuito al Soccorso, anche solo reggendo un telo, o deviando il traffico pedonale per agevolare i soccorritori.\u00a0 Spesso si dimentica quanto sia importante il &#8220;Volontariato&#8221; nelle nostre vallate, quanto sia necessario nell&#8217;Agordino poter contare su persone che regalano il loro tempo alla Comunit\u00e0. Ma questa vicenda ha dimostrato quanto sia invece fondamentale il volontariato e la dedizione all&#8217;aiuto , perch\u00e9 ogni singolo componente della storia ha avuto un ruolo indispensabile alla riuscita del soccorso.\u00a0 Spero di cuore di non aver dimenticato nessuno di quelli che, partecipando a questa catena umana di altruismo, volontariato e professionalit\u00e0, hanno permesso che la vita di un&#8217;uomo venisse salvata.<\/p>\n<p dir=\"auto\">Avete fatto qualcosa di GRANDE.<\/p>\n<hr \/>\n<blockquote>\n<h3 dir=\"auto\"><\/h3>\n<h3><a class=\"dt-pswp-item\" href=\"https:\/\/www.radiopiu.net\/wordpress\/wp-content\/uploads\/2022\/08\/300039862_748244289805724_3739998106118847198_n.jpg\" data-dt-img-description=\"\" data-large_image_width=\"396\" data-large_image_height=\"364\"><img loading=\"lazy\" decoding=\"async\" class=\"size-thumbnail wp-image-293977 alignleft\" src=\"https:\/\/www.radiopiu.net\/wordpress\/wp-content\/uploads\/2022\/08\/300039862_748244289805724_3739998106118847198_n-150x150.jpg\" alt=\"\" width=\"150\" height=\"150\" \/><\/a>VERGOGNOSO: SONO DUE I GATTINI ABBANDONATI NELLA GALLERIA DEI CASTEI<\/h3>\n<h3 dir=\"auto\"><strong>REDAZIONE<\/strong> Non uno ma due &#8211; sperando non ce ne fossero altri &#8211; i gattini abbandonati all&#8217;interno della galleria dei Castei. \u00a0Sheila della Vally del Nucleo Cinofilo Provinciale ci ha contattato nella serata di ieri informandoci\u00a0 che un secondo gattino rosso\u00a0 \u00e8 stato\u00a0 recuperato dai Carabinieri di Agordo sempre nel pomeriggio di ieri. Ora si trova in canile sanitario di Belluno in via Cappellari 47, forse \u00e8 il fratellino di &#8220;Castellino&#8221;.<\/h3>\n<\/blockquote>\n<p>&nbsp;<\/p>\n\n\t\t\t<style type='text\/css'>\n\t\t\t\t#gallery-3 {\n\t\t\t\t\tmargin: auto;\n\t\t\t\t}\n\t\t\t\t#gallery-3 .gallery-item {\n\t\t\t\t\tfloat: left;\n\t\t\t\t\tmargin-top: 10px;\n\t\t\t\t\ttext-align: center;\n\t\t\t\t\twidth: 50%;\n\t\t\t\t}\n\t\t\t\t#gallery-3 img {\n\t\t\t\t\tborder: 2px solid #cfcfcf;\n\t\t\t\t}\n\t\t\t\t#gallery-3 .gallery-caption {\n\t\t\t\t\tmargin-left: 0;\n\t\t\t\t}\n\t\t\t\t\/* see gallery_shortcode() in wp-includes\/media.php *\/\n\t\t\t<\/style>\n\t\t<div id='gallery-3' class='dt-gallery-container gallery galleryid-293708 gallery-columns-2 gallery-size-medium'><dl class='gallery-item'>\n\t\t\t\t<dt class='gallery-icon portrait'>\n\t\t\t\t\t<a class=\"rollover rollover-zoom dt-pswp-item\" title=\"4123ab45-6de0-41e1-a18d-26f6853b4c95\" data-dt-img-description=\"\" data-large_image_width=\"1536\" data-large_image_height=\"2048\"href='https:\/\/www.radiopiu.net\/wordpress\/wp-content\/uploads\/2022\/08\/4123ab45-6de0-41e1-a18d-26f6853b4c95.jpg'><img loading=\"lazy\" decoding=\"async\" width=\"225\" height=\"300\" src=\"https:\/\/www.radiopiu.net\/wordpress\/wp-content\/uploads\/2022\/08\/4123ab45-6de0-41e1-a18d-26f6853b4c95-225x300.jpg\" class=\"attachment-medium size-medium\" alt=\"\" srcset=\"https:\/\/www.radiopiu.net\/wordpress\/wp-content\/uploads\/2022\/08\/4123ab45-6de0-41e1-a18d-26f6853b4c95-225x300.jpg 225w, https:\/\/www.radiopiu.net\/wordpress\/wp-content\/uploads\/2022\/08\/4123ab45-6de0-41e1-a18d-26f6853b4c95-768x1024.jpg 768w, https:\/\/www.radiopiu.net\/wordpress\/wp-content\/uploads\/2022\/08\/4123ab45-6de0-41e1-a18d-26f6853b4c95-1152x1536.jpg 1152w, https:\/\/www.radiopiu.net\/wordpress\/wp-content\/uploads\/2022\/08\/4123ab45-6de0-41e1-a18d-26f6853b4c95.jpg 1536w\" sizes=\"auto, (max-width: 225px) 100vw, 225px\" \/><\/a>\n\t\t\t\t<\/dt><\/dl><dl class='gallery-item'>\n\t\t\t\t<dt class='gallery-icon portrait'>\n\t\t\t\t\t<a class=\"rollover rollover-zoom dt-pswp-item\" title=\"755b357b-add9-4db7-83d0-80d87bb4d9dc\" data-dt-img-description=\"\" data-large_image_width=\"1536\" data-large_image_height=\"2048\"href='https:\/\/www.radiopiu.net\/wordpress\/wp-content\/uploads\/2022\/08\/755b357b-add9-4db7-83d0-80d87bb4d9dc.jpg'><img loading=\"lazy\" decoding=\"async\" width=\"225\" height=\"300\" src=\"https:\/\/www.radiopiu.net\/wordpress\/wp-content\/uploads\/2022\/08\/755b357b-add9-4db7-83d0-80d87bb4d9dc-225x300.jpg\" class=\"attachment-medium size-medium\" alt=\"\" srcset=\"https:\/\/www.radiopiu.net\/wordpress\/wp-content\/uploads\/2022\/08\/755b357b-add9-4db7-83d0-80d87bb4d9dc-225x300.jpg 225w, https:\/\/www.radiopiu.net\/wordpress\/wp-content\/uploads\/2022\/08\/755b357b-add9-4db7-83d0-80d87bb4d9dc-768x1024.jpg 768w, https:\/\/www.radiopiu.net\/wordpress\/wp-content\/uploads\/2022\/08\/755b357b-add9-4db7-83d0-80d87bb4d9dc-1152x1536.jpg 1152w, https:\/\/www.radiopiu.net\/wordpress\/wp-content\/uploads\/2022\/08\/755b357b-add9-4db7-83d0-80d87bb4d9dc.jpg 1536w\" sizes=\"auto, (max-width: 225px) 100vw, 225px\" \/><\/a>\n\t\t\t\t<\/dt><\/dl><br style=\"clear: both\" \/>\n\t\t\t<\/div>\n\n<p>&nbsp;<\/p>\n<p><strong>IERI ALLA RADIO<\/strong><\/p>\n<blockquote>\n<h3 dir=\"auto\">GATTINO ABBANDONATO IN GALLERIA, IL BUON CUORE DI ORNELLA, VITTORIA E DORO GLI SALVA LA VITA<\/h3>\n<\/blockquote>\n<p><strong><a class=\"dt-pswp-item\" href=\"https:\/\/www.radiopiu.net\/wordpress\/wp-content\/uploads\/2022\/08\/cb3a9d2d-299f-42e7-971d-621e570e744b.jpg\" data-dt-img-description=\"\" data-large_image_width=\"1600\" data-large_image_height=\"1200\"><img loading=\"lazy\" decoding=\"async\" class=\"size-thumbnail wp-image-293870 alignleft\" src=\"https:\/\/www.radiopiu.net\/wordpress\/wp-content\/uploads\/2022\/08\/cb3a9d2d-299f-42e7-971d-621e570e744b-150x150.jpg\" alt=\"\" width=\"150\" height=\"150\" \/><\/a>AGORDO<\/strong> Quando Ornella ci ha chiamato in radio, a met\u00e0 del pomeriggio, quasi non ci credevamo tanto sembrava impossibile. <em>&#8220;Sono uscita dalla galleria dei Castei, in braccio ho un gattino, impaurito e&#8230;arrabbiato&#8221;<\/em> Perch\u00e9 anche una gattino di tre mesi ha sentimenti, con tutto il diritto di avere paura per essersi ritrovato suo malgrado sul marciapiede di una galleria buia lungo la regionale 203 agordina tra Le Campe e La Muda, arrabbiato perch\u00e9\u00a0 probabilmente buttato fuori dal finestrino di un&#8217;auto in transito e non \u00e8 ipotesi da scartare. <em>&#8220;Lo abbiamo visto &#8211; racconta Ornella &#8211; io Soro e Vittoria abbiamo fermato la nostra macchina, ma anche le altre in transito e abbiamo caricato il gattino a fatica. Vittoria ha tutti i segni delle unghie sulla mani, sulle braccia, sulle gambe. E&#8217; vivo. Lo abbiamo portato dal veterinario che per ora non \u00e8 riuscito a visitarlo tanto era agitato. Ci ha confermato che pare non abbia problemi particolari ma anche che ha solo tre mesi di vita&#8221;. <\/em>Ora il piccolo &#8220;castellino&#8221;\u00a0 grazie ad una famiglia di ritorno da una gita in montagna, che ha &#8220;osato&#8221; sfidare il tunnerl dei Castei ha ancora a disposizione altre sei vite&#8230;<\/p>\n\n\t\t\t<style type='text\/css'>\n\t\t\t\t#gallery-4 {\n\t\t\t\t\tmargin: auto;\n\t\t\t\t}\n\t\t\t\t#gallery-4 .gallery-item {\n\t\t\t\t\tfloat: left;\n\t\t\t\t\tmargin-top: 10px;\n\t\t\t\t\ttext-align: center;\n\t\t\t\t\twidth: 50%;\n\t\t\t\t}\n\t\t\t\t#gallery-4 img {\n\t\t\t\t\tborder: 2px solid #cfcfcf;\n\t\t\t\t}\n\t\t\t\t#gallery-4 .gallery-caption {\n\t\t\t\t\tmargin-left: 0;\n\t\t\t\t}\n\t\t\t\t\/* see gallery_shortcode() in wp-includes\/media.php *\/\n\t\t\t<\/style>\n\t\t<div id='gallery-4' class='dt-gallery-container gallery galleryid-293708 gallery-columns-2 gallery-size-medium'><dl class='gallery-item'>\n\t\t\t\t<dt class='gallery-icon portrait'>\n\t\t\t\t\t<a class=\"rollover rollover-zoom dt-pswp-item\" title=\"c39e8ce7-6a24-4ca3-8037-c10b158f564b\" data-dt-img-description=\"\" data-large_image_width=\"1536\" data-large_image_height=\"2048\"href='https:\/\/www.radiopiu.net\/wordpress\/wp-content\/uploads\/2022\/08\/c39e8ce7-6a24-4ca3-8037-c10b158f564b.jpg'><img loading=\"lazy\" decoding=\"async\" width=\"225\" height=\"300\" src=\"https:\/\/www.radiopiu.net\/wordpress\/wp-content\/uploads\/2022\/08\/c39e8ce7-6a24-4ca3-8037-c10b158f564b-225x300.jpg\" class=\"attachment-medium size-medium\" alt=\"\" srcset=\"https:\/\/www.radiopiu.net\/wordpress\/wp-content\/uploads\/2022\/08\/c39e8ce7-6a24-4ca3-8037-c10b158f564b-225x300.jpg 225w, https:\/\/www.radiopiu.net\/wordpress\/wp-content\/uploads\/2022\/08\/c39e8ce7-6a24-4ca3-8037-c10b158f564b-768x1024.jpg 768w, https:\/\/www.radiopiu.net\/wordpress\/wp-content\/uploads\/2022\/08\/c39e8ce7-6a24-4ca3-8037-c10b158f564b-1152x1536.jpg 1152w, https:\/\/www.radiopiu.net\/wordpress\/wp-content\/uploads\/2022\/08\/c39e8ce7-6a24-4ca3-8037-c10b158f564b.jpg 1536w\" sizes=\"auto, (max-width: 225px) 100vw, 225px\" \/><\/a>\n\t\t\t\t<\/dt><\/dl><dl class='gallery-item'>\n\t\t\t\t<dt class='gallery-icon portrait'>\n\t\t\t\t\t<a class=\"rollover rollover-zoom dt-pswp-item\" title=\"a17d19b2-616d-4625-b883-8de19a963cd3\" data-dt-img-description=\"\" data-large_image_width=\"1536\" data-large_image_height=\"2048\"href='https:\/\/www.radiopiu.net\/wordpress\/wp-content\/uploads\/2022\/08\/a17d19b2-616d-4625-b883-8de19a963cd3.jpg'><img loading=\"lazy\" decoding=\"async\" width=\"225\" height=\"300\" src=\"https:\/\/www.radiopiu.net\/wordpress\/wp-content\/uploads\/2022\/08\/a17d19b2-616d-4625-b883-8de19a963cd3-225x300.jpg\" class=\"attachment-medium size-medium\" alt=\"\" srcset=\"https:\/\/www.radiopiu.net\/wordpress\/wp-content\/uploads\/2022\/08\/a17d19b2-616d-4625-b883-8de19a963cd3-225x300.jpg 225w, https:\/\/www.radiopiu.net\/wordpress\/wp-content\/uploads\/2022\/08\/a17d19b2-616d-4625-b883-8de19a963cd3-768x1024.jpg 768w, https:\/\/www.radiopiu.net\/wordpress\/wp-content\/uploads\/2022\/08\/a17d19b2-616d-4625-b883-8de19a963cd3-1152x1536.jpg 1152w, https:\/\/www.radiopiu.net\/wordpress\/wp-content\/uploads\/2022\/08\/a17d19b2-616d-4625-b883-8de19a963cd3.jpg 1536w\" sizes=\"auto, (max-width: 225px) 100vw, 225px\" \/><\/a>\n\t\t\t\t<\/dt><\/dl><br style=\"clear: both\" \/>\n\t\t\t<\/div>\n\n<hr \/>\n<p>&nbsp;<\/p>\n<p>D&#8217;INCA&#8217;:\u00a0 LONTANO DAL VENETO NON MI RICANDIDO<\/p>\n<p>Federico D&#8217;Inc\u00e0 ha detto no. Nessuna ricandidatura lontano dal Veneto, nessuna candidatura con il Partito Democratico nel quale ha aderito dopo l&#8217;uscita di scena dal Movimento Cinque Stelle che comunque lo aveva portato a Roma come Deputato e poi Ministro. Non solleva polemiche il Ministro per i rapporti con il Parlamento e con serenit\u00e0 cos\u00ec ha parlato ai suoi elettori e non.<\/p>\n<div class=\"m8h3af8h l7ghb35v kjdc1dyq kmwttqpk gh25dzvf n3t5jt4f\">\n<div dir=\"auto\"><a class=\"dt-pswp-item\" href=\"https:\/\/www.radiopiu.net\/wordpress\/wp-content\/uploads\/2022\/08\/300350326_607568374070787_6611419540878262670_n.jpg\" data-dt-img-description=\"\" data-large_image_width=\"843\" data-large_image_height=\"502\"><img loading=\"lazy\" decoding=\"async\" class=\"size-thumbnail wp-image-293963 alignleft\" src=\"https:\/\/www.radiopiu.net\/wordpress\/wp-content\/uploads\/2022\/08\/300350326_607568374070787_6611419540878262670_n-150x150.jpg\" alt=\"\" width=\"150\" height=\"150\" \/><\/a>Voglio rispondere alle tante cittadine e ai tanti cittadini che in queste ultime settimane hanno seguito il mio percorso, condiviso le mie scelte e che ora mi chiedono cosa far\u00f2 nel mio prossimo futuro e quale sar\u00e0 il mio impegno. Bench\u00e9 si sia aperta una discussione con il Partito Democratico, nata dopo la caduta del Governo Draghi e il mio addio al M5S, non sar\u00f2 candidato alle prossime elezioni politiche del 25 settembre. Una scelta ponderata e necessaria, che rappresenta la mia idea di impegno e di politica. Un&#8217;idea radicata nel territorio di appartenenza, che parte dal basso, dall&#8217;impegno nelle piccole comunit\u00e0, nel civismo, tra le forze del volontariato e all\u2019interno del tessuto produttivo del Paese. Ho sempre pensato, anche quando ho promosso la commissione di esperti sull&#8217;astensionismo, che sia necessario creare un legame solido tra eletti e territorio di appartenenza perch\u00e8 solo cos\u00ec si potranno riavvicinare i cittadini alla politica e alle istituzioni. Qualsiasi altra soluzione al solo scopo di guadagnare uno scranno sicuro in Parlamento, seppur generosa, sarebbe irrispettosa di quanto ho spiegato a centinaia di giovani in questi mesi. Questo non vuol dire, per\u00f2, che verranno meno le mie motivazioni e il mio impegno: porter\u00f2 avanti ancora i miei compiti da Ministro per i Rapporti con il Parlamento con disciplina e onore, lavorer\u00f2 per la coalizione dei democratici e progressisti in vista del 25 settembre per evitare una deriva a destra del Paese e dargli un orizzonte credibile. Mi impegner\u00f2 nel progetto &#8220;Ambiente 2050&#8221; per continuare a parlare di tutela ambientale accanto alla sostenibilit\u00e0, alla ricerca, all\u2019innovazione e alle future generazioni, che sono sempre state la mia stella polare. Ringrazio tutti per questi anni straordinari e difficili, che mi hanno stimolato e insegnato tanto, in particolare la mia famiglia con Maria Deva e Laura alle quali finalmente potr\u00f2 dedicare pi\u00f9 tempo e i miei instancabili collaboratori. Questo \u00e8 solo un arrivederci: sar\u00f2 sempre a disposizione del mio Paese e di chi sa riportare la politica tra le persone.<\/div>\n<\/div>\n<p>&nbsp;<\/p>\n<p>&nbsp;<\/p>\n<hr \/>\n<blockquote>\n<h3><\/h3>\n<h3>DOPO 18 ANNI TOCCOL VINCE IL PALIO DEI CENTO<\/h3>\n<\/blockquote>\n<p><strong><a class=\"dt-pswp-item\" href=\"https:\/\/www.radiopiu.net\/wordpress\/wp-content\/uploads\/2022\/08\/28acfd8a-4c6b-487c-8854-a4ad2bc56b57.jpg\" data-dt-img-description=\"\" data-large_image_width=\"1024\" data-large_image_height=\"768\"><img loading=\"lazy\" decoding=\"async\" class=\"size-thumbnail wp-image-293897 alignleft\" src=\"https:\/\/www.radiopiu.net\/wordpress\/wp-content\/uploads\/2022\/08\/28acfd8a-4c6b-487c-8854-a4ad2bc56b57-150x150.jpg\" alt=\"\" width=\"150\" height=\"150\" \/><\/a>AGORDO<\/strong> Dopo quasi 20 anni Toccol riporta in frazione il bronzo di Cesare Benvegn\u00f9. Un Palio dei Cento in bilico fino all\u2019ultima prova ha visto i gialli vincere l\u2019edizione 2022. La vittoria della frazione di Toccol mancava dal 2004. Un palio sentito con una presenza di pubblico straordinaria, specialmente al momento del tiro alla fune con un Broi gremito in ogni posto. Tutto \u00e8 iniziato sabato pomeriggio con la corsa a staffetta vinta da Parech che, grazie ad una splendida prova di Lorenzo Busin che vince il Memorial Toni Guadagnini, ha dominato la gara dall\u2019inizio alla fine. Nel pomeriggio di ieri le altre prove che hanno animato il prato verde in centro ad Agordo. Pragrande si aggiudica il Scampa col Vin e il Tira la Bora. Ai bianchi di Parech la vittoria nel taglio del tronco e traino della slitta. Valcozzena domina la prova in rosa dedicata alle donne mentre, come succede da anni, Rif vince il Memorial Silvano De Nardin nel tiro alla fune. Non sono mancati i momenti di commozione. Il comitato Palio ha voluto ricordare Cristian Schena, Fabio Folli e Gino De Nardin, tre persone che hanno dato tanto al Palio dei Cento che negli ultimi anni sono mancate. Livio De Nardin ha comunicato che quest\u2019anno era l\u2019ultimo con il Memorial Silvano De Nardin, dopo 23 anni la famiglia ha deciso di ritirare il premio.<\/p>\n<p>CORSA A STAFFETTA: 1. Parech (Lorenzo Busin, Paolo Marcon, Juri Da Ronch, Nicola Costantini), 2. Toccol, 3. Rif, 4. Centro (J), 5. Veran (J), 6. Pragrande, 7. Valcozzena, 8. Farenzena<\/p>\n<p>SCAMPA COL VIN: 1. Pragrande (Vera De Zaiacomo, Valentino Tormen) 29\u201d60, 2. Toccol, 3. Rif, 4. Centro, 5. Parech, 6. Farenzena, 7. Veran, 8. Valcozzena<\/p>\n<p>TIRA LA BORA: 1. Pragrande (Simone Sbardella, Paolo Schena) 58\u201d90, 2. Toccol, 3. Rif, 4. Centro, 5. Veran, 6. Parech, 7. Valcozzena, 8. Farenzena<\/p>\n<p>TAGLIO DEL TRONCO: 1.\u00a0 Parech (Matteo Vieceli, Stefano De Nardin) 23\u201d99 (J), 2. Pragrande, 3. Toccol, 4. Rif, 5. Veran, 6. Valcozzena, 7. Farenzena, 8. Centro<\/p>\n<p>TRAINO DELLA SLITTA: 1. Parech (Alex Farenzena, Nicolas Farenzena) 1\u201902\u201d23, 2. Veran, 3. Pragrande (J), 4. Toccol, 5. Valcozzena, 6. Rif, 7. Centro, 8. Farenzena<\/p>\n<p>GIOCO IN ROSA: 1. Valcozzena (Giulia Ben, Laura Ben) 1\u201922\u201d84 (J), 2. Rif, 3. Toccol (J), 4. Centro, 5. Pragrande, 6. Farenzena (J), 7. Parech, 8. Veran<\/p>\n<p>TIRO ALLA FUNE: 1.\u00a0 Rif (Livio De Nardin, Gianbattista Schena, Antonio Schena, Riccardo Schena, Daniele Olivier), 2. Toccol, 3. Parech, 4. Centro, 5. Farenzena, 6. Veran, 7. Pragrande, 8. Valcozzena<\/p>\n<p>CLASSIFICA FINALE: 1. Toccol 67 Punti, 2. Rif 65, 3. Parech 63, 4. Pragrande 60, 5. Centro 49, 6. Veran 45, 7. Valcozzena 42, 8. Farenzena 34<\/p>\n<p><strong>MINIPALIO<\/strong> Il Centro si aggiudica il MiniPalio dedicato ai giovani Under 12. La squadra blu ha terminato la giornata aggiudicandosi 3 prove su 4, corsa a staffetta, cariola e legna e tiro alla fune. Tanti i giovani che si sono sfidati di fronte al pubblico delle grandi occasioni. La Classifica finale del MiniPalio: 1. Centro 48 punti, 2. Parech 42, 3. Toccol 35, 4. Pragrande 34, 5. Veran 33, 6. Farenzena 31, 7. Rif 27.<\/p>\n<p>&nbsp;<\/p>\n<hr \/>\n<p>&nbsp;<\/p>\n<blockquote>\n<h3>LE COMMEMORAZIONI DEL 20 AGOSTO IN VALLE DEL BIOIS<\/h3>\n<\/blockquote>\n<p><strong>VALLE DEL BIOIS<\/strong><\/p>\n<p>di Gianni Santomaso<\/p>\n<audio class=\"wp-audio-shortcode\" id=\"audio-293708-2\" preload=\"none\" style=\"width: 100%;\" controls=\"controls\"><source type=\"audio\/mpeg\" src=\"https:\/\/www.radiopiu.net\/wordpress\/wp-content\/uploads\/2022\/08\/GIANNI-LE-COMMEMORAZIONIDEL-20-AGOSTO-IN-VALLE-DEL-BIOIS.mp3?_=2\" \/><a href=\"https:\/\/www.radiopiu.net\/wordpress\/wp-content\/uploads\/2022\/08\/GIANNI-LE-COMMEMORAZIONIDEL-20-AGOSTO-IN-VALLE-DEL-BIOIS.mp3\">https:\/\/www.radiopiu.net\/wordpress\/wp-content\/uploads\/2022\/08\/GIANNI-LE-COMMEMORAZIONIDEL-20-AGOSTO-IN-VALLE-DEL-BIOIS.mp3<\/a><\/audio>\n<p>&nbsp;<\/p>\n\n\t\t\t<style type='text\/css'>\n\t\t\t\t#gallery-5 {\n\t\t\t\t\tmargin: auto;\n\t\t\t\t}\n\t\t\t\t#gallery-5 .gallery-item {\n\t\t\t\t\tfloat: left;\n\t\t\t\t\tmargin-top: 10px;\n\t\t\t\t\ttext-align: center;\n\t\t\t\t\twidth: 33%;\n\t\t\t\t}\n\t\t\t\t#gallery-5 img {\n\t\t\t\t\tborder: 2px solid #cfcfcf;\n\t\t\t\t}\n\t\t\t\t#gallery-5 .gallery-caption {\n\t\t\t\t\tmargin-left: 0;\n\t\t\t\t}\n\t\t\t\t\/* see gallery_shortcode() in wp-includes\/media.php *\/\n\t\t\t<\/style>\n\t\t<div id='gallery-5' class='dt-gallery-container gallery galleryid-293708 gallery-columns-3 gallery-size-thumbnail'><dl class='gallery-item'>\n\t\t\t\t<dt class='gallery-icon landscape'>\n\t\t\t\t\t<a class=\"rollover rollover-zoom dt-pswp-item\" title=\"6e108d02-cb25-4469-b7a8-9a8d0d500d5b\" data-dt-img-description=\"\" data-large_image_width=\"2048\" data-large_image_height=\"1154\"href='https:\/\/www.radiopiu.net\/wordpress\/wp-content\/uploads\/2022\/08\/6e108d02-cb25-4469-b7a8-9a8d0d500d5b.jpg'><img loading=\"lazy\" decoding=\"async\" width=\"150\" height=\"150\" src=\"https:\/\/www.radiopiu.net\/wordpress\/wp-content\/uploads\/2022\/08\/6e108d02-cb25-4469-b7a8-9a8d0d500d5b-150x150.jpg\" class=\"attachment-thumbnail size-thumbnail\" alt=\"\" \/><\/a>\n\t\t\t\t<\/dt><\/dl><dl class='gallery-item'>\n\t\t\t\t<dt class='gallery-icon landscape'>\n\t\t\t\t\t<a class=\"rollover rollover-zoom dt-pswp-item\" title=\"45e1a4ae-a87a-46fd-93e1-7b2791594f0f\" data-dt-img-description=\"\" data-large_image_width=\"2048\" data-large_image_height=\"1154\"href='https:\/\/www.radiopiu.net\/wordpress\/wp-content\/uploads\/2022\/08\/45e1a4ae-a87a-46fd-93e1-7b2791594f0f.jpg'><img loading=\"lazy\" decoding=\"async\" width=\"150\" height=\"150\" src=\"https:\/\/www.radiopiu.net\/wordpress\/wp-content\/uploads\/2022\/08\/45e1a4ae-a87a-46fd-93e1-7b2791594f0f-150x150.jpg\" class=\"attachment-thumbnail size-thumbnail\" alt=\"\" \/><\/a>\n\t\t\t\t<\/dt><\/dl><dl class='gallery-item'>\n\t\t\t\t<dt class='gallery-icon landscape'>\n\t\t\t\t\t<a class=\"rollover rollover-zoom dt-pswp-item\" title=\"99f3b727-1ed8-49cf-a32b-83707b0f493f\" data-dt-img-description=\"\" data-large_image_width=\"2048\" data-large_image_height=\"1154\"href='https:\/\/www.radiopiu.net\/wordpress\/wp-content\/uploads\/2022\/08\/99f3b727-1ed8-49cf-a32b-83707b0f493f.jpg'><img loading=\"lazy\" decoding=\"async\" width=\"150\" height=\"150\" src=\"https:\/\/www.radiopiu.net\/wordpress\/wp-content\/uploads\/2022\/08\/99f3b727-1ed8-49cf-a32b-83707b0f493f-150x150.jpg\" class=\"attachment-thumbnail size-thumbnail\" alt=\"\" \/><\/a>\n\t\t\t\t<\/dt><\/dl><br style=\"clear: both\" \/><dl class='gallery-item'>\n\t\t\t\t<dt class='gallery-icon landscape'>\n\t\t\t\t\t<a class=\"rollover rollover-zoom dt-pswp-item\" title=\"738c02a4-c481-4a2f-ab8d-94ec0936263c\" data-dt-img-description=\"\" data-large_image_width=\"2048\" data-large_image_height=\"1154\"href='https:\/\/www.radiopiu.net\/wordpress\/wp-content\/uploads\/2022\/08\/738c02a4-c481-4a2f-ab8d-94ec0936263c.jpg'><img loading=\"lazy\" decoding=\"async\" width=\"150\" height=\"150\" src=\"https:\/\/www.radiopiu.net\/wordpress\/wp-content\/uploads\/2022\/08\/738c02a4-c481-4a2f-ab8d-94ec0936263c-150x150.jpg\" class=\"attachment-thumbnail size-thumbnail\" alt=\"\" \/><\/a>\n\t\t\t\t<\/dt><\/dl><dl class='gallery-item'>\n\t\t\t\t<dt class='gallery-icon landscape'>\n\t\t\t\t\t<a class=\"rollover rollover-zoom dt-pswp-item\" title=\"c4ecd8a0-d6a5-467c-868e-dbb71f445add\" data-dt-img-description=\"\" data-large_image_width=\"2048\" data-large_image_height=\"1154\"href='https:\/\/www.radiopiu.net\/wordpress\/wp-content\/uploads\/2022\/08\/c4ecd8a0-d6a5-467c-868e-dbb71f445add.jpg'><img loading=\"lazy\" decoding=\"async\" width=\"150\" height=\"150\" src=\"https:\/\/www.radiopiu.net\/wordpress\/wp-content\/uploads\/2022\/08\/c4ecd8a0-d6a5-467c-868e-dbb71f445add-150x150.jpg\" class=\"attachment-thumbnail size-thumbnail\" alt=\"\" \/><\/a>\n\t\t\t\t<\/dt><\/dl><dl class='gallery-item'>\n\t\t\t\t<dt class='gallery-icon landscape'>\n\t\t\t\t\t<a class=\"rollover rollover-zoom dt-pswp-item\" title=\"e20fdacc-6b76-4f16-b264-0f8048ff6f83\" data-dt-img-description=\"\" data-large_image_width=\"2048\" data-large_image_height=\"1154\"href='https:\/\/www.radiopiu.net\/wordpress\/wp-content\/uploads\/2022\/08\/e20fdacc-6b76-4f16-b264-0f8048ff6f83.jpg'><img loading=\"lazy\" decoding=\"async\" width=\"150\" height=\"150\" src=\"https:\/\/www.radiopiu.net\/wordpress\/wp-content\/uploads\/2022\/08\/e20fdacc-6b76-4f16-b264-0f8048ff6f83-150x150.jpg\" class=\"attachment-thumbnail size-thumbnail\" alt=\"\" \/><\/a>\n\t\t\t\t<\/dt><\/dl><br style=\"clear: both\" \/>\n\t\t\t<\/div>\n\n<p>&nbsp;<\/p>\n<p>&nbsp;<\/p>\n<hr \/>\n<p>&nbsp;<\/p>\n<blockquote>\n<h3 class=\"entry-title\">DILLO A RADIO PIU\u2019\u2026 UN DIVIETO \u2026 CHE NON E\u2019 UN DIVIETO E LE IMMONDIZIE SONO NOSTRANE<\/h3>\n<\/blockquote>\n<p class=\"photoswipe-wrapper\"><strong><img loading=\"lazy\" decoding=\"async\" class=\"alignleft\" src=\"https:\/\/www.radiopiu.net\/wordpress\/wp-content\/uploads\/2022\/08\/1bc0837e-481d-4c4e-8631-1c54dcff76c9.jpg\" width=\"301\" height=\"226\" \/>REDAZIONE<\/strong>\u00a0 Frequento Taibon Agordino da diversi anni e possiedo un camper (tra l\u2019altro \u00e8 il primo che appare nelle foto da voi pubblicate) e devo fare alcune precisazioni: il divieto posto in essere (comparso quest\u2019anno) non vieta la sosta ai camper, poich\u00e9 questi rientrano nella categoria M1 (automobili) e se non sporgono dagli spazi di parcheggio non sono sanzionabili, come le stesse auto. In loco vige un carico\/scarico, quindi viene abbastanza naturale fermarsi\u00a0<a class=\"dt-pswp-item pspw-wrap-ready\" href=\"https:\/\/www.radiopiu.net\/wordpress\/wp-content\/uploads\/2022\/08\/16a6ef3f-c219-4a94-b280-8ef75564280f.jpg\" data-dt-img-description=\"\" data-large_image_width=\"1600\" data-large_image_height=\"1200\"><img loading=\"lazy\" decoding=\"async\" class=\"size-thumbnail wp-image-292176 alignright\" src=\"https:\/\/www.radiopiu.net\/wordpress\/wp-content\/uploads\/2022\/08\/16a6ef3f-c219-4a94-b280-8ef75564280f-150x150.jpg\" alt=\"\" width=\"150\" height=\"150\" \/><\/a>l\u00e0. Quel divieto di campeggio pu\u00f2 semmai riferirsi all\u2019apertura di tendalini o al piazzamento di tende nel parcheggio . Quanto ai rifiuti e all\u2019incivilt\u00e0, vorrei precisare che dopo due notti di sosta l\u2019area era come l\u2019ho trovata, le uniche due note dolenti sono state un signore con il cane che verso le 22 ha lanciato una lattina vuota verso i camper e un\u2019ape che intorno a mezzanotte ha lanciato un sacchetto di immondizia, entrambe la sera del 9 agosto. Aggiungo che dei quattro camper in foto, uno probabilmente \u00e8 di qualche abitante di Taibon poich\u00e9 era vuoto entrambe le sere e, dal lato non fotografato, c\u2019\u00e8 un altro camper che sta sempre parcheggiato l\u00e0. Dispiace vedere i cittadini che fotografano di nascosto. Sarebbe bello invece vedere qualche parcheggio pi\u00f9 curato, anche a pagamento, vista la bella area appena terminata poco oltre il torrente.<\/p>\n<p dir=\"auto\"><strong>Marco Meneguz<\/strong><\/p>\n<p>&nbsp;<\/p>\n<p>&nbsp;<\/p>\n<hr \/>\n<p>&nbsp;<\/p>\n<blockquote>\n<h3>DILLO A RADIO PIU: CARA VALPE&#8230; PIU&#8217;ATTENZIONE PER I CITTADINI DELLE SECONDE CASE CHE LE TASSE LE PAGANO REGOLARMENTE<\/h3>\n<\/blockquote>\n<p><strong>Riceviamo e volentieri pubblichiamo<\/strong><\/p>\n<p>&nbsp;<\/p>\n<p><strong>REDAZIONE<\/strong> <em>Sono proprietario di seconda casa, casa vacanze, ad Alleghe ed in quanto tale pago l\u2019IMU seconda case e Valpe\/Tarsu. <\/em><em>Ho letto con interesse le vostre note informative e vorrei segnalare quanto mi \u00e8 occorso venerd\u00ec scorso. Durante tutto il periodo ad Alleghe ho conferito i vari rifiuti secondo il calendario Valpe della raccolta differenziata. Venerd\u00ec avendo del rifiuto indifferenziato, per non portarmelo a casa mi sono recato al container automatizzato Valpe di Caprile. Cera la fila di utenti Valpe che volevano conferire i loro rifiuti, ma il contenitore \u00a0del secco era strapieno con sacchetti debordanti.\u00a0 <\/em><em>Nell\u2019impossibilit\u00e0 di conferire il rifiuto secco a Caprile e dovendo andare a Falcade, mi sono fermato al container Valpe di Canale d\u2019Agordo. Non c\u2019erano sacchetti attorno al container. Ho cercato di aprire lo sportello del secco, ma\u2026 assenza collegamento\u2026 attesa autorizzazione\u2026 errore\u2026 etc. tra l\u2019altro stava cominciando a piovere. Alla fine lo sportello si \u00e8 aperto, ma il sacchetto dell\u2019umido me lo sono portato a casa, non avendo altro tempo da perdere. <\/em><em>Non mi piacciono a cassonetti stradali vaganti e scatole turista, ma non si potrebbe avere un servizio Valpe non solo regolare, ma efficiente e pronto \u00a0allo svuotamento dei contenitori pieni. <\/em><em>In subordine, visto che il conteiner di Caprile non \u00e8 sufficiente, non si potrebbe averne un secondo a Masar\u00e8?<br \/>\n<\/em><\/p>\n<p>Marco Lamon<\/p>\n<blockquote><p>&nbsp;<\/p><\/blockquote>\n<p><span style=\"color: #ff0000;\"><strong>dal notiziario di SABATO<\/strong><\/span><\/p>\n<blockquote>\n<h3>PROBLEMA RIFIUTI, GENERALIZZATO IN TUTTA LA VALLATA<\/h3>\n<p><em>Necessita un intervento concreto e veloce da parte di Valpe Ambiente che dovrebbe garantire servizi puntuali<\/em><\/p><\/blockquote>\n<p><strong>ALLEGHE<\/strong> E&#8217; un problema, indiscutibile e va risolto per rispetto dei cittadini-contribuenti, ma anche perch\u00e9 i luoghi turistici devono dare il servizio agli ospiti. Le segnalazioni sono continue, da ogni angolo della vallata. Ad esempio da Alleghe<\/p>\n<p>&nbsp;<\/p>\n\n\t\t\t<style type='text\/css'>\n\t\t\t\t#gallery-6 {\n\t\t\t\t\tmargin: auto;\n\t\t\t\t}\n\t\t\t\t#gallery-6 .gallery-item {\n\t\t\t\t\tfloat: left;\n\t\t\t\t\tmargin-top: 10px;\n\t\t\t\t\ttext-align: center;\n\t\t\t\t\twidth: 50%;\n\t\t\t\t}\n\t\t\t\t#gallery-6 img {\n\t\t\t\t\tborder: 2px solid #cfcfcf;\n\t\t\t\t}\n\t\t\t\t#gallery-6 .gallery-caption {\n\t\t\t\t\tmargin-left: 0;\n\t\t\t\t}\n\t\t\t\t\/* see gallery_shortcode() in wp-includes\/media.php *\/\n\t\t\t<\/style>\n\t\t<div id='gallery-6' class='dt-gallery-container gallery galleryid-293708 gallery-columns-2 gallery-size-medium'><dl class='gallery-item'>\n\t\t\t\t<dt class='gallery-icon portrait'>\n\t\t\t\t\t<a class=\"rollover rollover-zoom dt-pswp-item\" title=\"886c03ee-20ba-49b5-ab51-6d2e11992731\" data-dt-img-description=\"\" data-large_image_width=\"1200\" data-large_image_height=\"1600\"href='https:\/\/www.radiopiu.net\/wordpress\/wp-content\/uploads\/2022\/08\/886c03ee-20ba-49b5-ab51-6d2e11992731.jpg'><img loading=\"lazy\" decoding=\"async\" width=\"225\" height=\"300\" src=\"https:\/\/www.radiopiu.net\/wordpress\/wp-content\/uploads\/2022\/08\/886c03ee-20ba-49b5-ab51-6d2e11992731-225x300.jpg\" class=\"attachment-medium size-medium\" alt=\"\" srcset=\"https:\/\/www.radiopiu.net\/wordpress\/wp-content\/uploads\/2022\/08\/886c03ee-20ba-49b5-ab51-6d2e11992731-225x300.jpg 225w, https:\/\/www.radiopiu.net\/wordpress\/wp-content\/uploads\/2022\/08\/886c03ee-20ba-49b5-ab51-6d2e11992731-768x1024.jpg 768w, https:\/\/www.radiopiu.net\/wordpress\/wp-content\/uploads\/2022\/08\/886c03ee-20ba-49b5-ab51-6d2e11992731-1152x1536.jpg 1152w, https:\/\/www.radiopiu.net\/wordpress\/wp-content\/uploads\/2022\/08\/886c03ee-20ba-49b5-ab51-6d2e11992731.jpg 1200w\" sizes=\"auto, (max-width: 225px) 100vw, 225px\" \/><\/a>\n\t\t\t\t<\/dt><\/dl><dl class='gallery-item'>\n\t\t\t\t<dt class='gallery-icon portrait'>\n\t\t\t\t\t<a class=\"rollover rollover-zoom dt-pswp-item\" title=\"473eaa41-ae05-4174-bc9c-839a41be034c\" data-dt-img-description=\"\" data-large_image_width=\"1200\" data-large_image_height=\"1600\"href='https:\/\/www.radiopiu.net\/wordpress\/wp-content\/uploads\/2022\/08\/473eaa41-ae05-4174-bc9c-839a41be034c.jpg'><img loading=\"lazy\" decoding=\"async\" width=\"225\" height=\"300\" src=\"https:\/\/www.radiopiu.net\/wordpress\/wp-content\/uploads\/2022\/08\/473eaa41-ae05-4174-bc9c-839a41be034c-225x300.jpg\" class=\"attachment-medium size-medium\" alt=\"\" srcset=\"https:\/\/www.radiopiu.net\/wordpress\/wp-content\/uploads\/2022\/08\/473eaa41-ae05-4174-bc9c-839a41be034c-225x300.jpg 225w, https:\/\/www.radiopiu.net\/wordpress\/wp-content\/uploads\/2022\/08\/473eaa41-ae05-4174-bc9c-839a41be034c-768x1024.jpg 768w, https:\/\/www.radiopiu.net\/wordpress\/wp-content\/uploads\/2022\/08\/473eaa41-ae05-4174-bc9c-839a41be034c-1152x1536.jpg 1152w, https:\/\/www.radiopiu.net\/wordpress\/wp-content\/uploads\/2022\/08\/473eaa41-ae05-4174-bc9c-839a41be034c.jpg 1200w\" sizes=\"auto, (max-width: 225px) 100vw, 225px\" \/><\/a>\n\t\t\t\t<\/dt><\/dl><br style=\"clear: both\" \/>\n\t\t\t<\/div>\n\n<p>&nbsp;<\/p>\n<p>Le ricette per risolvere annosi problemi non mancano, nemmeno le idee di chi vive sul territorio e vede ogni giorno quali sono le criticit\u00e0, il sindaco di Alleghe, Danilo De Toni<em> &#8220;Nelle aree ad alto afflusso turistico, il kit dell&#8217;ultimo giorno non funziona. Continuiamo a riscontrare depositi di sacchetti di umido, plastica etc,\u00a0 che rimangono fino al luned\u00ec lungo le strade e la stazione di raccolta di Caprile viene spesso snobbata . Ho chiesto a Valpe ancora questo inverno che ripristini l&#8217;utilizzo dei contenitori in plastica per tutti. Oltretutto il deposito a bordo strada dei sacchetti incentiva anche persone in transito a depositare altri rifiuti&#8221;\u00a0<\/em><\/p>\n<p>&nbsp;<\/p>\n<p>&nbsp;<\/p>\n<hr \/>\n<p>&nbsp;<\/p>\n<blockquote>\n<h3 class=\"entry-title\">LA CHIESETTA DEI SERRAI DI SOTTOGUDA IN TRENTINO, MA I DANNI DI VAIA SONO A CARICO DEL VENETO<\/h3>\n<\/blockquote>\n<p class=\"field-name-title\">\u201cCambio vita e vado a vivere in Trentino: case gratuite immerse nella natura\u201d. Questo il titolo di un articolo sul \u00a0progetto \u201c<strong>Coliving \u2013 collaborare, condividere, abitare<\/strong>\u201d \u00e8 un\u2019iniziativa di abitare collettivo promossa dal Trentino Alto Adige per ripopolare i paesi di montagna e costruire nuove comunit\u00e0. Un bel progetto, ma la chiesetta in fotografia \u00e8 bellunese, tra l\u2019altro nell\u2019epicentro di Vaia 2018.<\/p>\n<p><img decoding=\"async\" src=\"https:\/\/www.radiopiu.net\/wordpress\/wp-content\/uploads\/2022\/08\/download-1.jpg\" \/><\/p>\n<p>ARTICOLO COMPLETO\u00a0<strong>CLICCA QUI<\/strong><\/p>\n<p>&nbsp;<\/p>\n<hr \/>\n<p>&nbsp;<\/p>\n<blockquote>\n<h3>AL TG1 UN SERVIZIO SU FABRIZIO BERTON, IL POLIZIOTTO DAL CUORE GIGANTE AMICO DI ROCCA PIETORE<\/h3>\n<\/blockquote>\n<p><strong>REDAZIONE<\/strong> Nell&#8217;edizione serale del Tg1 di ieri sera \u00e8 andato in onda un servizio su Fabrizio Berton, il poliziotto della Questura di Venezia che, nei giorni dopo Vaia, era salito a Rocca Pietore con la sua Associazione Un Cuore da Cavaliere per portare solidariet\u00e0 e donazione alla nostra piccola scuola. Si parla di Fabrizio e del piccolo Enea, divisi dall&#8217;et\u00e0 ma accumunati dalla stessa malattia<\/p>\n<p><strong>IL SINDACO DI ROCCA PIETORE ANDREA DE BERNARDIN<\/strong><\/p>\n<audio class=\"wp-audio-shortcode\" id=\"audio-293708-3\" preload=\"none\" style=\"width: 100%;\" controls=\"controls\"><source type=\"audio\/mpeg\" src=\"https:\/\/www.radiopiu.net\/wordpress\/wp-content\/uploads\/2022\/08\/ANDREA-DE-BERNARDIN-POLIZIOTTO-BERTON.mp3?_=3\" \/><a href=\"https:\/\/www.radiopiu.net\/wordpress\/wp-content\/uploads\/2022\/08\/ANDREA-DE-BERNARDIN-POLIZIOTTO-BERTON.mp3\">https:\/\/www.radiopiu.net\/wordpress\/wp-content\/uploads\/2022\/08\/ANDREA-DE-BERNARDIN-POLIZIOTTO-BERTON.mp3<\/a><\/audio>\n<p>&nbsp;<\/p>\n<p><strong>IL SERVIZIO DEL TG1<\/strong><\/p>\n<div style=\"width: 848px;\" class=\"wp-video\"><video class=\"wp-video-shortcode\" id=\"video-293708-1\" width=\"848\" height=\"480\" preload=\"metadata\" controls=\"controls\"><source type=\"video\/mp4\" src=\"https:\/\/www.radiopiu.net\/wordpress\/wp-content\/uploads\/2022\/08\/WhatsApp-Video-2022-08-21-at-22.15.46.mp4?_=1\" \/><a href=\"https:\/\/www.radiopiu.net\/wordpress\/wp-content\/uploads\/2022\/08\/WhatsApp-Video-2022-08-21-at-22.15.46.mp4\">https:\/\/www.radiopiu.net\/wordpress\/wp-content\/uploads\/2022\/08\/WhatsApp-Video-2022-08-21-at-22.15.46.mp4<\/a><\/video><\/div>\n<p>&nbsp;<\/p>\n<hr \/>\n<p>&nbsp;<\/p>\n<p>&nbsp;<\/p>\n<blockquote>\n<h3>AGGIORNATA L&#8217;APP DI RADIO PIU&#8217; PER IPHONE<\/h3>\n<\/blockquote>\n<p><strong><a class=\"dt-pswp-item\" href=\"https:\/\/www.radiopiu.net\/wordpress\/wp-content\/uploads\/2022\/08\/0cfcdb9a-69fa-4bbd-ba3e-38597edec6da.jpg\" data-dt-img-description=\"\" data-large_image_width=\"1024\" data-large_image_height=\"388\"><img loading=\"lazy\" decoding=\"async\" class=\"wp-image-293705 alignleft\" src=\"https:\/\/www.radiopiu.net\/wordpress\/wp-content\/uploads\/2022\/08\/0cfcdb9a-69fa-4bbd-ba3e-38597edec6da-300x114.jpg\" alt=\"\" width=\"237\" height=\"90\" srcset=\"https:\/\/www.radiopiu.net\/wordpress\/wp-content\/uploads\/2022\/08\/0cfcdb9a-69fa-4bbd-ba3e-38597edec6da-300x114.jpg 300w, https:\/\/www.radiopiu.net\/wordpress\/wp-content\/uploads\/2022\/08\/0cfcdb9a-69fa-4bbd-ba3e-38597edec6da-768x291.jpg 768w, https:\/\/www.radiopiu.net\/wordpress\/wp-content\/uploads\/2022\/08\/0cfcdb9a-69fa-4bbd-ba3e-38597edec6da.jpg 1024w\" sizes=\"auto, (max-width: 237px) 100vw, 237px\" \/><\/a>REDAZIONE<\/strong> Da poche ore \u00e8 stata resa disponibile la nuova versione della app di Radio Pi\u00f9 per telefoni IOS (IPhone). Da oggi si pu\u00f2 ascoltare di nuovo la radio tramite l&#8217;applicazione cliccando il tasto play (&gt;). Non solo, all&#8217;interno della app si pu\u00f2 leggere le notizie dal sito internet di Radio Pi\u00f9 e consultare le varie rubriche di Radio Pi\u00f9. Chi fosse gi\u00e0 in possesso della app di Radio Pi\u00f9 basta solo aggiornarla tramite l&#8217;App Store di Apple, chi volesse scaricare l&#8217;applicazione per la prima volta pu\u00f2 cliccare sul link che trova sotto tramite il proprio dispositivo IOS. Nei prossimi giorni in arrivo l&#8217;aggiornamento anche dell&#8217;applicazione per i dispositivi Android.<\/p>\n<p><a href=\"https:\/\/apps.apple.com\/it\/app\/radio-pi%C3%B9-emittente-agordina\/id1515939845\"><strong>SCARICA LA APP DI RADIO PIU&#8217; PER IPHONE<\/strong><\/a><\/p>\n<p>&nbsp;<\/p>\n<hr \/>\n<p>&nbsp;<\/p>\n<blockquote class=\"wp-embedded-content\" data-secret=\"gbom586LQF\"><p><a href=\"https:\/\/www.radiopiu.net\/wordpress\/aggnazionaleagosto21\/\">CORONAVIRUS: AGGIORNAMENTO NAZIONALE 21 AGOSTO 2022<\/a><\/p><\/blockquote>\n<p><iframe loading=\"lazy\" class=\"wp-embedded-content\" sandbox=\"allow-scripts\" security=\"restricted\" style=\"position: absolute; clip: rect(1px, 1px, 1px, 1px);\" title=\"&#8220;CORONAVIRUS: AGGIORNAMENTO NAZIONALE 21 AGOSTO 2022&#8221; &#8212; Radio Pi\u00f9\" src=\"https:\/\/www.radiopiu.net\/wordpress\/aggnazionaleagosto21\/embed\/#?secret=8KOGWbypFz#?secret=gbom586LQF\" data-secret=\"gbom586LQF\" width=\"600\" height=\"338\" frameborder=\"0\" marginwidth=\"0\" marginheight=\"0\" scrolling=\"no\"><\/iframe><\/p>\n<p>&nbsp;<\/p>\n<blockquote class=\"wp-embedded-content\" data-secret=\"Y0yEppFGk5\"><p><a href=\"https:\/\/www.radiopiu.net\/wordpress\/aziendazeroagosto21\/\">QUATTRO DECESSI E 2264 NUOVI POSITIVI. RICOVERI IN LIEVE AUMENTO<\/a><\/p><\/blockquote>\n<p><iframe loading=\"lazy\" class=\"wp-embedded-content\" sandbox=\"allow-scripts\" security=\"restricted\" style=\"position: absolute; clip: rect(1px, 1px, 1px, 1px);\" title=\"&#8220;QUATTRO DECESSI E 2264 NUOVI POSITIVI. RICOVERI IN LIEVE AUMENTO&#8221; &#8212; Radio Pi\u00f9\" src=\"https:\/\/www.radiopiu.net\/wordpress\/aziendazeroagosto21\/embed\/#?secret=O1rbkQeuxU#?secret=Y0yEppFGk5\" data-secret=\"Y0yEppFGk5\" width=\"600\" height=\"338\" frameborder=\"0\" marginwidth=\"0\" marginheight=\"0\" scrolling=\"no\"><\/iframe><\/p>\n<p>&nbsp;<\/p>\n<h2>I GRAFICI DI TIZIANO DE COL<\/h2>\n\n\t\t\t<style type='text\/css'>\n\t\t\t\t#gallery-7 {\n\t\t\t\t\tmargin: auto;\n\t\t\t\t}\n\t\t\t\t#gallery-7 .gallery-item {\n\t\t\t\t\tfloat: left;\n\t\t\t\t\tmargin-top: 10px;\n\t\t\t\t\ttext-align: center;\n\t\t\t\t\twidth: 33%;\n\t\t\t\t}\n\t\t\t\t#gallery-7 img {\n\t\t\t\t\tborder: 2px solid #cfcfcf;\n\t\t\t\t}\n\t\t\t\t#gallery-7 .gallery-caption {\n\t\t\t\t\tmargin-left: 0;\n\t\t\t\t}\n\t\t\t\t\/* see gallery_shortcode() in wp-includes\/media.php *\/\n\t\t\t<\/style>\n\t\t<div id='gallery-7' class='dt-gallery-container gallery galleryid-293708 gallery-columns-3 gallery-size-thumbnail'><dl class='gallery-item'>\n\t\t\t\t<dt class='gallery-icon landscape'>\n\t\t\t\t\t<a class=\"rollover rollover-zoom dt-pswp-item\" title=\"655f9e6b-9500-44eb-bf65-e177e279d65a\" data-dt-img-description=\"\" data-large_image_width=\"589\" data-large_image_height=\"357\"href='https:\/\/www.radiopiu.net\/wordpress\/wp-content\/uploads\/2022\/08\/655f9e6b-9500-44eb-bf65-e177e279d65a.jpg'><img loading=\"lazy\" decoding=\"async\" width=\"150\" height=\"150\" src=\"https:\/\/www.radiopiu.net\/wordpress\/wp-content\/uploads\/2022\/08\/655f9e6b-9500-44eb-bf65-e177e279d65a-150x150.jpg\" class=\"attachment-thumbnail size-thumbnail\" alt=\"\" \/><\/a>\n\t\t\t\t<\/dt><\/dl><dl class='gallery-item'>\n\t\t\t\t<dt class='gallery-icon landscape'>\n\t\t\t\t\t<a class=\"rollover rollover-zoom dt-pswp-item\" title=\"b398fafa-3344-4441-b8f4-d10a549bbd7a\" data-dt-img-description=\"\" data-large_image_width=\"610\" data-large_image_height=\"363\"href='https:\/\/www.radiopiu.net\/wordpress\/wp-content\/uploads\/2022\/08\/b398fafa-3344-4441-b8f4-d10a549bbd7a.jpg'><img loading=\"lazy\" decoding=\"async\" width=\"150\" height=\"150\" src=\"https:\/\/www.radiopiu.net\/wordpress\/wp-content\/uploads\/2022\/08\/b398fafa-3344-4441-b8f4-d10a549bbd7a-150x150.jpg\" class=\"attachment-thumbnail size-thumbnail\" alt=\"\" \/><\/a>\n\t\t\t\t<\/dt><\/dl><dl class='gallery-item'>\n\t\t\t\t<dt class='gallery-icon landscape'>\n\t\t\t\t\t<a class=\"rollover rollover-zoom dt-pswp-item\" title=\"50af1650-9e68-444b-b75d-c91bd91126ff\" data-dt-img-description=\"\" data-large_image_width=\"604\" data-large_image_height=\"362\"href='https:\/\/www.radiopiu.net\/wordpress\/wp-content\/uploads\/2022\/08\/50af1650-9e68-444b-b75d-c91bd91126ff.jpg'><img loading=\"lazy\" decoding=\"async\" width=\"150\" height=\"150\" src=\"https:\/\/www.radiopiu.net\/wordpress\/wp-content\/uploads\/2022\/08\/50af1650-9e68-444b-b75d-c91bd91126ff-150x150.jpg\" class=\"attachment-thumbnail size-thumbnail\" alt=\"\" \/><\/a>\n\t\t\t\t<\/dt><\/dl><br style=\"clear: both\" \/><dl class='gallery-item'>\n\t\t\t\t<dt class='gallery-icon landscape'>\n\t\t\t\t\t<a class=\"rollover rollover-zoom dt-pswp-item\" title=\"d2108598-d41b-4d52-9aee-0b8ec23b88a9\" data-dt-img-description=\"\" data-large_image_width=\"610\" data-large_image_height=\"365\"href='https:\/\/www.radiopiu.net\/wordpress\/wp-content\/uploads\/2022\/08\/d2108598-d41b-4d52-9aee-0b8ec23b88a9.jpg'><img loading=\"lazy\" decoding=\"async\" width=\"150\" height=\"150\" src=\"https:\/\/www.radiopiu.net\/wordpress\/wp-content\/uploads\/2022\/08\/d2108598-d41b-4d52-9aee-0b8ec23b88a9-150x150.jpg\" class=\"attachment-thumbnail size-thumbnail\" alt=\"\" \/><\/a>\n\t\t\t\t<\/dt><\/dl><dl class='gallery-item'>\n\t\t\t\t<dt class='gallery-icon landscape'>\n\t\t\t\t\t<a class=\"rollover rollover-zoom dt-pswp-item\" title=\"1c453e0f-0873-42c3-918f-3272711b97dc\" data-dt-img-description=\"\" data-large_image_width=\"610\" data-large_image_height=\"360\"href='https:\/\/www.radiopiu.net\/wordpress\/wp-content\/uploads\/2022\/08\/1c453e0f-0873-42c3-918f-3272711b97dc.jpg'><img loading=\"lazy\" decoding=\"async\" width=\"150\" height=\"150\" src=\"https:\/\/www.radiopiu.net\/wordpress\/wp-content\/uploads\/2022\/08\/1c453e0f-0873-42c3-918f-3272711b97dc-150x150.jpg\" class=\"attachment-thumbnail size-thumbnail\" alt=\"\" \/><\/a>\n\t\t\t\t<\/dt><\/dl><dl class='gallery-item'>\n\t\t\t\t<dt class='gallery-icon landscape'>\n\t\t\t\t\t<a class=\"rollover rollover-zoom dt-pswp-item\" title=\"ebc11c44-db3a-438c-b651-072e8a8a699f\" data-dt-img-description=\"\" data-large_image_width=\"608\" data-large_image_height=\"364\"href='https:\/\/www.radiopiu.net\/wordpress\/wp-content\/uploads\/2022\/08\/ebc11c44-db3a-438c-b651-072e8a8a699f.jpg'><img loading=\"lazy\" decoding=\"async\" width=\"150\" height=\"150\" src=\"https:\/\/www.radiopiu.net\/wordpress\/wp-content\/uploads\/2022\/08\/ebc11c44-db3a-438c-b651-072e8a8a699f-150x150.jpg\" class=\"attachment-thumbnail size-thumbnail\" alt=\"\" \/><\/a>\n\t\t\t\t<\/dt><\/dl><br style=\"clear: both\" \/>\n\t\t\t<\/div>\n\n<p>&nbsp;<\/p>\n<hr \/>\n<p>&nbsp;<\/p>\n<blockquote>\n<h3>FUNGHI: ATTIVATO LO SPORTELLO IN COLLABORAZIONE CON LA BRESADOLA<\/h3>\n<\/blockquote>\n<p><strong>BELLUNO <\/strong>Torna la stagione dei funghi e con essa i tanti appassionati di ricerca e raccolta delle varie specie che crescono spontaneamente nei nostri boschi. Da alcuni anni, l\u2019ulss Dolomiti, attraverso una convenzione con l\u2019associazione micologica Bresadola, mette a disposizione dei cittadini uno sportello dove far verificare la commestibilit\u00e0 dei funghi agli esperti. Il servizio sar\u00e0 garantito fino a met\u00e0 ottobre al drive in di San Gervasio, all\u2019ospedale di Belluno, dalle 18.00 alle 19.00 dal luned\u00ec al venerd\u00ec su appuntamento. Per richiedere la consulenza dell\u2019esperto micologo, il cittadino pu\u00f2 chiamare la segreteria del servizio Igiene degli Alimenti e della Nutrizione allo 0437\/516910 dal luned\u00ec al venerd\u00ec dalle 9.00 alle 13.00.<\/p>\n<p>&nbsp;<\/p>\n<p>&nbsp;<\/p>\n<hr \/>\n<p>&nbsp;<\/p>\n<blockquote>\n<h3>A SEREN DEL GRAPPA CESSA IL DOTTOR BARTHOLINI<\/h3>\n<\/blockquote>\n<p><strong><a class=\"dt-pswp-item\" href=\"https:\/\/www.radiopiu.net\/wordpress\/wp-content\/uploads\/2020\/10\/Medicodimedicinagenerale.jpg\" data-dt-img-description=\"\" data-large_image_width=\"1200\" data-large_image_height=\"790\"><img loading=\"lazy\" decoding=\"async\" class=\"size-thumbnail wp-image-167000 alignleft\" src=\"https:\/\/www.radiopiu.net\/wordpress\/wp-content\/uploads\/2020\/10\/Medicodimedicinagenerale-150x150.jpg\" alt=\"\" width=\"150\" height=\"150\" \/><\/a>BELLUNO <\/strong>Il 31 agosto (ultimo giorno di servizio),il dr. Francesco Bartholini cesser\u00e0 la propria attivit\u00e0 di medico di assistenza primaria presso l\u2019ambito territoriale dei Comuni di Alano di Piave, Feltre, Pedavena, Quero Vas e Seren del Grappa. Pertanto, per continuare a fruire dell\u2019assistenza medica in forma diretta e gratuita a carico del Servizio Sanitario Nazionale, dal 1\u00b0 settembre gli assistiti del dottor Bartholini dovranno effettuare la scelta di uno dei medici di assistenza primaria con disponibilit\u00e0 di posti nell\u2019ambito territoriale di residenza. E\u2019 possibile verificare in tempo reale la disponibilit\u00e0 dei medici, collegandosi al seguente link <a href=\"https:\/\/salute.regione.veneto.it\/servizi\/cerca-medici-e-pediatri\">https:\/\/salute.regione.veneto.it\/servizi\/cerca-medici-e-pediatri<\/a>. La scelta del medico potr\u00e0 essere effettuata inviando una mail (non pec) all\u2019indirizzo \u201c<a href=\"mailto:cambiomedico@aulss1.veneto.it\"><strong>cambiomedico<\/strong>@aulss1.veneto.it<\/a>\u201d con il seguente oggetto \u201cCambio medico dr. BARTHOLINI\u201d, indicando nome, cognome, luogo e data di nascita, indirizzo di residenza, codice fiscale dell\u2019assistito e il nome del medico di assistenza primaria prescelto (si suggerisce di indicare pi\u00f9 di un nome in ordine di preferenza). Alla e-mail si dovr\u00e0 allegare la copia del documento d\u2019identit\u00e0.<\/p>\n<p>&nbsp;<\/p>\n<p>&nbsp;<\/p>\n<hr \/>\n<p>&nbsp;<\/p>\n<blockquote>\n<h3 class=\"entry-title\">IL CALENDARIO DELLA POLIZIA DI STATO 2023<\/h3>\n<\/blockquote>\n<p class=\"photoswipe-wrapper\"><strong class=\"photoswipe-wrapper\"><a class=\"dt-pswp-item pspw-wrap-ready\" href=\"https:\/\/www.radiopiu.net\/wordpress\/wp-content\/uploads\/2022\/08\/foto-1-.jpeg\" data-dt-img-description=\"\" data-large_image_width=\"1600\" data-large_image_height=\"1066\"><img loading=\"lazy\" decoding=\"async\" class=\"size-thumbnail wp-image-293730 alignleft\" src=\"https:\/\/www.radiopiu.net\/wordpress\/wp-content\/uploads\/2022\/08\/foto-1--150x150.jpeg\" alt=\"\" width=\"150\" height=\"150\" \/><\/a>BELLUNO\u00a0<\/strong>Il calendario della Polizia di Stato 2023 racconter\u00e0, attraverso gli scatti fotografici, l\u2019attivit\u00e0 delle poliziotte e dei poliziotti al servizio delle comunit\u00e0. Questa edizione del calendario \u00e8 stata realizzata dai fotografi della Polizia di Stato, valorizzando cos\u00ec lo spirito identitario con l\u2019obiettivo di mettere in risalto i valori della legalit\u00e0, della sicurezza e del rispetto per l\u2019ambiente e la natura. Le 12 tavole del Calendario fotografano l\u2019impegno quotidiano della Polizia di Stato e <a class=\"dt-pswp-item pspw-wrap-ready\" href=\"https:\/\/www.radiopiu.net\/wordpress\/wp-content\/uploads\/2022\/08\/foto-2.jpeg\" data-dt-img-description=\"\" data-large_image_width=\"1600\" data-large_image_height=\"1064\"><img loading=\"lazy\" decoding=\"async\" class=\"size-thumbnail wp-image-293731 alignright\" src=\"https:\/\/www.radiopiu.net\/wordpress\/wp-content\/uploads\/2022\/08\/foto-2-150x150.jpeg\" alt=\"\" width=\"150\" height=\"150\" \/><\/a>sono un inno alle bellezze dell\u2019Italia: le foto, infatti, sono state realizzate in giro per il bel paese ed il patrimonio ambientale ed artistico d\u2019Italia impreziosiscono le immagini che catturano il lavoro dei poliziotti. Gli scatti sono stati valutati e selezionati dal Maestro Gianni Berengo Gardin che ha cos\u00ec arricchito il calendario 2023 con il suo professionale giudizio. Come di consueto si proceder\u00e0 alla vendita dell\u2019edizione da parete \u2013 al prezzo di \u20ac 8.00 \u2013 e di quella da tavolo \u2013 al prezzo di \u20ac 6.00.\u00a0 \u00a0Chiunque potr\u00e0 prenotare il calendario da parete (costo 8 euro) e il calendario da tavolo (costo 6 euro), entro e non oltre il prossimo 21 settembre, effettuando un versamento sul conto corrente postale nr. 745000, intestato a \u201cComitato Italiano per l\u2019Unicef\u201d. Sul bollettino dovr\u00e0 essere indicata la causale\u00a0\u201cCalendario della Polizia di Stato 2023 per il progetto Unicef Emergenza siccit\u00e0 Etiopia\u201d. Copia dell\u2019attestazione di versamento dovr\u00e0 poi essere presentata all\u2019Ufficio Relazioni con il Pubblico della Questura competente. Per il 2023 con il ricavato della vendita\u00a0 l\u2019Unicef intende raggiungere oltre 2 milioni di persone con il ripristino di pozzi e sistemi idrici, il trasporto d\u2019emergenza dell\u2019acqua, il trattamento dei bambini malnutriti e la fornitura di istruzione e supporto per la loro protezione.\u00a0 Tutte le informazioni sull\u2019acquisto del calendario sono riportate sul sito della Polizia di Stato\u00a0<a href=\"http:\/\/www.poliziadistato.it\/\">www.poliziadistato.it<\/a>.<\/p>\n<p>&nbsp;<\/p>\n<p>&nbsp;<\/p>\n<hr \/>\n<p>&nbsp;<\/p>\n<blockquote>\n<h3>STANZIATI 50 MILA EURO PER LA CASA DI RIPOSO DI PONTE NELLE ALPI<\/h3>\n<\/blockquote>\n<p><strong><a class=\"dt-pswp-item\" href=\"https:\/\/www.radiopiu.net\/wordpress\/wp-content\/uploads\/2022\/08\/Casa_di_riposo_Ponte_nelle_Alpi.jpg\" data-dt-img-description=\"\" data-large_image_width=\"1024\" data-large_image_height=\"768\"><img loading=\"lazy\" decoding=\"async\" class=\"size-thumbnail wp-image-293740 alignleft\" src=\"https:\/\/www.radiopiu.net\/wordpress\/wp-content\/uploads\/2022\/08\/Casa_di_riposo_Ponte_nelle_Alpi-150x150.jpg\" alt=\"\" width=\"150\" height=\"150\" \/><\/a>PONTE NELLE ALPI\u00a0 <\/strong>L\u2019amministrazione comunale di Ponte nelle Alpi sostiene con 50mila euro la casa di riposo per dare continuit\u00e0 a un servizio di qualit\u00e0.<span class=\"gmail-Apple-converted-space\"> \u00a0<\/span>In provincia di Belluno, il tema delle strutture per anziani \u00e8 sicuramente centrale e da affrontare negli appositi tavoli regionali e territoriali. In primis, la conferenza dei sindaci dell\u2019Ulss. In questo senso, \u00e8 necessario che le istituzioni competenti tengano in considerazione la sempre pi\u00f9 complessa gestione, dopo il Covid: manca il personale, crescono i costi di bollette e approvvigionamenti. Senza considerare i lavori di manutenzione e l\u2019acquisto delle attrezzature.<span class=\"gmail-Apple-converted-space\"> L\u2019amministrazione comunale di Ponte nelle Alpi \u00e8 riuscita ad approvare uno stanziamento di 50mila euro a favore della Fondazione Casa del Sole. Senza tagli di spesa nel bilancio, sono state reperite nuove risorse strutturali, con cui operare l&#8217;agevolazione a favore della Fondazione: sia per l\u2019esercizio in corso, sia per i prossimi. Il corposo intervento consente di sopperire a parte del fabbisogno di bilancio della Rsa pontalpina, lasciando al momento invariate le rette degli ospiti e l&#8217;elevata qualit\u00e0 del servizio.<\/span><\/p>\n<p>&nbsp;<\/p>\n<p>&nbsp;<\/p>\n<hr \/>\n<p>&nbsp;<\/p>\n<blockquote>\n<h3>GOVERNO DRAGHI: 6 MILIARDI GLI AIUTI EROGATI A FAMIGLIE E IMPRESE VENETE<\/h3>\n<\/blockquote>\n<p><a class=\"dt-pswp-item\" href=\"https:\/\/www.radiopiu.net\/wordpress\/wp-content\/uploads\/2022\/08\/Schermata-2022-08-20-alle-09.32.06.png\" data-dt-img-description=\"\" data-large_image_width=\"940\" data-large_image_height=\"1282\"><img loading=\"lazy\" decoding=\"async\" class=\"alignleft size-medium wp-image-293690\" src=\"https:\/\/www.radiopiu.net\/wordpress\/wp-content\/uploads\/2022\/08\/Schermata-2022-08-20-alle-09.32.06-220x300.png\" alt=\"\" width=\"220\" height=\"300\" srcset=\"https:\/\/www.radiopiu.net\/wordpress\/wp-content\/uploads\/2022\/08\/Schermata-2022-08-20-alle-09.32.06-220x300.png 220w, https:\/\/www.radiopiu.net\/wordpress\/wp-content\/uploads\/2022\/08\/Schermata-2022-08-20-alle-09.32.06-751x1024.png 751w, https:\/\/www.radiopiu.net\/wordpress\/wp-content\/uploads\/2022\/08\/Schermata-2022-08-20-alle-09.32.06-768x1047.png 768w, https:\/\/www.radiopiu.net\/wordpress\/wp-content\/uploads\/2022\/08\/Schermata-2022-08-20-alle-09.32.06.png 940w\" sizes=\"auto, (max-width: 220px) 100vw, 220px\" \/><\/a>Si stima che nel 2022 ammontano ad almeno 6 miliardi di euro le misure contro il rincaro dei prezzi introdotte dal Governo Draghi a favore di famiglie e imprese venete. Assieme al boom delle presenze turistiche, alla forte ripresa degli investimenti, in particolar modo nel settore delle costruzioni, e al buon andamento delle esportazioni, le misure di contenimento dell\u2019inflazione hanno garantito anche al Veneto, almeno nella prima parte di quest\u2019anno, un ottimo risultato economico che pochi avevano previsto. A segnalarlo \u00e8 l\u2019Ufficio studi della CGIA.<\/p>\n<p><strong>Senza aiuti inflazione sopra il 10 per cento<\/strong><br \/>\nLa riduzione degli oneri di sistema sulle bollette di luce e gas, la riduzione dell\u2019Iva sul gas per usi civili, i crediti di imposta sulle bollette energetiche delle imprese, la riduzione delle accise sui carburanti, il bonus da 200 euro per i redditi fino a 35mila euro, etc., hanno solo in parte frenato il caro vita (+ 8 per cento in un anno), ma, comunque, sono state determinanti per mantenere la spinta inflazionistica sotto la soglia del 10 per cento. Certo, si poteva fare meglio e di pi\u00f9, tuttavia, in una fase di grave incertezza politica e con una guerra alle porte, il risultato ottenuto non va assolutamente disprezzato. Ricordiamo, altres\u00ec, che i 52 miliardi di spesa corrente erogati a livello nazionale nel 2022 non andranno ad aumentare il deficit pubblico.<\/p>\n<p><strong>Bene le entrate, ma le grandi imprese energetiche hanno eluso il fisco<\/strong><br \/>\nGrazie alla crescita del Pil e agli effetti dell\u2019inflazione, le entrate tributarie e contributive del Paese nei primi sei mesi di quest\u2019anno sono cresciute di 39 miliardi di euro rispetto allo stesso periodo dell\u2019anno scorso. Un incremento che poteva essere ancor pi\u00f9 significativo se le grandi imprese energetiche non avessero adottato un comportamento elusivo che, fino ad ora, \u00e8 costato all\u2019erario un mancato gettito di poco superiore ai 3 miliardi di euro. Infatti, dei 4,2 miliardi di euro attesi entro il 30 giugno scorso con la prima rata del contributo straordinario sugli extraprofitti imposto nei mesi scorsi dal Governo Draghi, lo Stato ha incassato poco meno di 1 miliardo. Se la nuova norma per recuperare queste mancate entrate inserita nel decreto Aiuti bis non avesse effetto, l\u2019erario potrebbe perdere quest\u2019anno oltre 9 miliardi dei 10,5 previsti con l\u2019introduzione di questa tassazione sugli extraprofitti.<\/p>\n<p><strong>Ci aspetta un autunno molto difficile<\/strong><br \/>\nIn vista del prossimo autunno sono molte le nubi minacciose che si stanno addensando anche sul Veneto. Tutti noi speriamo che alla fine non si scatenino lampi e tuoni, ma faccia capolino qualche raggio di sole che ci consenta di rasserenare questo momento cos\u00ec delicato. Tuttavia, le incognite che gravano sulla nostra economia sono molto \u201callarmanti\u201d: il caro energia, l\u2019esplosione dei prezzi, gli sviluppi della guerra in Ucraina e una possibile recrudescenza del Covid stanno turbando la serenit\u00e0 di famiglie e imprese. Ma c\u2019\u00e8 dell\u2019altro; molto probabilmente entro la fine dell\u2019anno la Germania scivoler\u00e0 verso la recessione economica. Se ci\u00f2 fosse confermato, questo avr\u00e0 delle conseguenze molto negative anche per il Nordest. Ricordiamo che ci sono molti settori \u2013 turismo, automotive, tessile, abbigliamento, calzature e mobilio \u2013 che hanno una strettissima relazione con il mercato tedesco. Pertanto, anche per poter affrontare con determinazione queste criticit\u00e0 \u00e8 auspicabile che dalle urne del prossimo 25 settembre \u201cesca\u201d una maggioranza ampia e solida in grado di esprimere un Esecutivo autorevole che traghetti il Paese fuori da questo momento cos\u00ec complicato.<\/p>\n<p>&nbsp;<\/p>\n<hr \/>\n<p>&nbsp;<\/p>\n<h3>VIVERE L&#8217;AGORDINO,\u00a0 IL LUNEDI SUL CORRIERE DELLE ALPI, DI GIANNI SANTOMASO<\/h3>\n<div class=\"articlePlainSubHead\">Dopo aver lavorato negli alberghi, ha riscoperto la sua abilit\u00e0 manuale.\u00a0 \u00abLa mia \u00e8 una famiglia di maestri artigiani, io avevo talento&#8230;\u00bb Un abito di autostima per la sua vallata: per la sarta Celestina Cencenighe \u00e8 il top. Celestina Bruno, 51 anni a Cencenighe lavora in un piccolo locale a fianco delle poste. \u00abIo qui sto benissimo\u00bb, dice parlando del paese in cui vive<\/div>\n<div><\/div>\n<p><strong>Foto e vignetta di Erika Andrich<\/strong><\/p>\n\n\t\t\t<style type='text\/css'>\n\t\t\t\t#gallery-8 {\n\t\t\t\t\tmargin: auto;\n\t\t\t\t}\n\t\t\t\t#gallery-8 .gallery-item {\n\t\t\t\t\tfloat: left;\n\t\t\t\t\tmargin-top: 10px;\n\t\t\t\t\ttext-align: center;\n\t\t\t\t\twidth: 50%;\n\t\t\t\t}\n\t\t\t\t#gallery-8 img {\n\t\t\t\t\tborder: 2px solid #cfcfcf;\n\t\t\t\t}\n\t\t\t\t#gallery-8 .gallery-caption {\n\t\t\t\t\tmargin-left: 0;\n\t\t\t\t}\n\t\t\t\t\/* see gallery_shortcode() in wp-includes\/media.php *\/\n\t\t\t<\/style>\n\t\t<div id='gallery-8' class='dt-gallery-container gallery galleryid-293708 gallery-columns-2 gallery-size-thumbnail'><dl class='gallery-item'>\n\t\t\t\t<dt class='gallery-icon portrait'>\n\t\t\t\t\t<a class=\"rollover rollover-zoom dt-pswp-item\" title=\"c2a09837-2b93-4c48-8163-8e639c11d2be\" data-dt-img-description=\"\" data-large_image_width=\"938\" data-large_image_height=\"1024\"href='https:\/\/www.radiopiu.net\/wordpress\/wp-content\/uploads\/2022\/08\/c2a09837-2b93-4c48-8163-8e639c11d2be.jpg'><img loading=\"lazy\" decoding=\"async\" width=\"150\" height=\"150\" src=\"https:\/\/www.radiopiu.net\/wordpress\/wp-content\/uploads\/2022\/08\/c2a09837-2b93-4c48-8163-8e639c11d2be-150x150.jpg\" class=\"attachment-thumbnail size-thumbnail\" alt=\"\" \/><\/a>\n\t\t\t\t<\/dt><\/dl><dl class='gallery-item'>\n\t\t\t\t<dt class='gallery-icon landscape'>\n\t\t\t\t\t<a class=\"rollover rollover-zoom dt-pswp-item\" title=\"4cdb71c8-6ae5-4a77-96f7-9997896415ff\" data-dt-img-description=\"\" data-large_image_width=\"1600\" data-large_image_height=\"901\"href='https:\/\/www.radiopiu.net\/wordpress\/wp-content\/uploads\/2022\/08\/4cdb71c8-6ae5-4a77-96f7-9997896415ff.jpg'><img loading=\"lazy\" decoding=\"async\" width=\"150\" height=\"150\" src=\"https:\/\/www.radiopiu.net\/wordpress\/wp-content\/uploads\/2022\/08\/4cdb71c8-6ae5-4a77-96f7-9997896415ff-150x150.jpg\" class=\"attachment-thumbnail size-thumbnail\" alt=\"\" \/><\/a>\n\t\t\t\t<\/dt><\/dl><br style=\"clear: both\" \/>\n\t\t\t<\/div>\n\n<blockquote><p>&nbsp;<\/p><\/blockquote>\n<p>&nbsp;<\/p>\n<p>&nbsp;<\/p>\n<hr \/>\n<p>&nbsp;<\/p>\n<blockquote>\n<h3><\/h3>\n<\/blockquote>\n<p>&nbsp;<\/p>\n<p><strong>GLI STARLINK CHE TANTA MERAVIGLIA HANNO CREATO ERANO GIA&#8217; STATI PRESENTATI A RADIO PIU&#8217; DUE ANNI FA<\/strong><\/p>\n<p><strong>REDAZIONE<\/strong> L&#8217;altra sera il passaggio dei satelliti ha creato un cielo di meraviglia, alcuni organi d&#8217;informazione hanno addirittura ipotizzato fossero gli ufo&#8230;In realt\u00e0 RADIOPIU&#8217; con l&#8217;esperto Claudio Pra ne aveva ampiamente riferito lo scorso 20 aprile 2020. Qui riproponiamo il servizio di allora.<\/p>\n<p>&nbsp;<\/p>\n<p><strong>di Claudio Pra <\/strong><\/p>\n<p>Sono in tanti ormai ad essersi imbattuti, spesso senza saperlo, nei satelliti STARLINK, ed in molti si sono quasi spaventati nel vedere questo treno infinito, fatto di tanti puntini luminosi, che corre tre le stelle. Sembra quasi di assistere ad un invasione aliena. Ed invece quelle luci sono state mandate nello spazio dall\u2019uomo, esattamente dall\u2019agenzia aerospaziale americana Space X, comandata dal miliardario Elon Musk. Nei piani la flotta diventer\u00e0 numerosissima con migliaia di satelliti che offriranno un servizio internet molto efficiente. Sicuramente vederli transitare \u00e8 suggestivo e lascia stupiti, anche se il rovescio della medaglia \u00e8 una forma di inquinamento del cielo, con tante luci artificiali a disturbare la visione della volta celeste. Nel filmato del 18 aprile si pu\u00f2 assistere al passaggio degli lanciati, gli STARLINK 5, messi in orbita il 18 marzo.<\/p>\n<div style=\"width: 1200px;\" class=\"wp-video\"><video class=\"wp-video-shortcode\" id=\"video-293708-2\" width=\"1200\" height=\"675\" preload=\"metadata\" controls=\"controls\"><source type=\"video\/mp4\" src=\"https:\/\/www.radiopiu.net\/wordpress\/wp-content\/uploads\/2020\/04\/CLAUDIO-PRA-STARLINK.mp4?_=2\" \/><a href=\"https:\/\/www.radiopiu.net\/wordpress\/wp-content\/uploads\/2020\/04\/CLAUDIO-PRA-STARLINK.mp4\">https:\/\/www.radiopiu.net\/wordpress\/wp-content\/uploads\/2020\/04\/CLAUDIO-PRA-STARLINK.mp4<\/a><\/video><\/div>\n<p>&nbsp;<\/p>\n<p>&nbsp;<\/p>\n<p>&nbsp;<\/p>\n<p>&nbsp;<\/p>\n<blockquote>\n<h2>L&#8217;AVVISTAMENTO DEL SATELLITE STARLINK IN VALBELLUNA<\/h2>\n<\/blockquote>\n<p><strong>BELLUNO<\/strong> Una scia luminosa con una perfetta linea dritta. Chi l&#8217;ha vista ha pensato a qualcosa di strano ma invece era il passaggio del satellite Starlink Space X. Dal Nevegal la scia luminosa si \u00e8 vista molto bene come testimoniano le foto e il video che postiamo.<\/p>\n\n\t\t\t<style type='text\/css'>\n\t\t\t\t#gallery-9 {\n\t\t\t\t\tmargin: auto;\n\t\t\t\t}\n\t\t\t\t#gallery-9 .gallery-item {\n\t\t\t\t\tfloat: left;\n\t\t\t\t\tmargin-top: 10px;\n\t\t\t\t\ttext-align: center;\n\t\t\t\t\twidth: 33%;\n\t\t\t\t}\n\t\t\t\t#gallery-9 img {\n\t\t\t\t\tborder: 2px solid #cfcfcf;\n\t\t\t\t}\n\t\t\t\t#gallery-9 .gallery-caption {\n\t\t\t\t\tmargin-left: 0;\n\t\t\t\t}\n\t\t\t\t\/* see gallery_shortcode() in wp-includes\/media.php *\/\n\t\t\t<\/style>\n\t\t<div id='gallery-9' class='dt-gallery-container gallery galleryid-293708 gallery-columns-3 gallery-size-thumbnail'><dl class='gallery-item'>\n\t\t\t\t<dt class='gallery-icon portrait'>\n\t\t\t\t\t<a class=\"rollover rollover-zoom dt-pswp-item\" title=\"8d131d3b-afae-4766-a7f9-d6df1523bc8d\" data-dt-img-description=\"\" data-large_image_width=\"784\" data-large_image_height=\"960\"href='https:\/\/www.radiopiu.net\/wordpress\/wp-content\/uploads\/2022\/08\/8d131d3b-afae-4766-a7f9-d6df1523bc8d.jpg'><img loading=\"lazy\" decoding=\"async\" width=\"150\" height=\"150\" src=\"https:\/\/www.radiopiu.net\/wordpress\/wp-content\/uploads\/2022\/08\/8d131d3b-afae-4766-a7f9-d6df1523bc8d-150x150.jpg\" class=\"attachment-thumbnail size-thumbnail\" alt=\"\" \/><\/a>\n\t\t\t\t<\/dt><\/dl><dl class='gallery-item'>\n\t\t\t\t<dt class='gallery-icon portrait'>\n\t\t\t\t\t<a class=\"rollover rollover-zoom dt-pswp-item\" title=\"aed8c505-fed3-4f89-8586-ceffef02312c\" data-dt-img-description=\"\" data-large_image_width=\"1536\" data-large_image_height=\"2048\"href='https:\/\/www.radiopiu.net\/wordpress\/wp-content\/uploads\/2022\/08\/aed8c505-fed3-4f89-8586-ceffef02312c.jpg'><img loading=\"lazy\" decoding=\"async\" width=\"150\" height=\"150\" src=\"https:\/\/www.radiopiu.net\/wordpress\/wp-content\/uploads\/2022\/08\/aed8c505-fed3-4f89-8586-ceffef02312c-150x150.jpg\" class=\"attachment-thumbnail size-thumbnail\" alt=\"\" aria-describedby=\"gallery-9-293757\" \/><\/a>\n\t\t\t\t<\/dt>\n\t\t\t\t\t<dd class='wp-caption-text gallery-caption' id='gallery-9-293757'>\n\t\t\t\t\tANNALISA DAL MAS\n\t\t\t\t\t<\/dd><\/dl><dl class='gallery-item'>\n\t\t\t\t<dt class='gallery-icon portrait'>\n\t\t\t\t\t<a class=\"rollover rollover-zoom dt-pswp-item\" title=\"300758212_1985394218297595_4539728698260653772_n\" data-dt-img-description=\"\" data-large_image_width=\"720\" data-large_image_height=\"960\"href='https:\/\/www.radiopiu.net\/wordpress\/wp-content\/uploads\/2022\/08\/300758212_1985394218297595_4539728698260653772_n.jpg'><img loading=\"lazy\" decoding=\"async\" width=\"150\" height=\"150\" src=\"https:\/\/www.radiopiu.net\/wordpress\/wp-content\/uploads\/2022\/08\/300758212_1985394218297595_4539728698260653772_n-150x150.jpg\" class=\"attachment-thumbnail size-thumbnail\" alt=\"\" \/><\/a>\n\t\t\t\t<\/dt><\/dl><br style=\"clear: both\" \/>\n\t\t\t<\/div>\n\n<p>&nbsp;<\/p>\n<div style=\"width: 1200px;\" class=\"wp-video\"><video class=\"wp-video-shortcode\" id=\"video-293708-3\" width=\"1200\" height=\"675\" preload=\"metadata\" controls=\"controls\"><source type=\"video\/mp4\" src=\"https:\/\/www.radiopiu.net\/wordpress\/wp-content\/uploads\/2022\/08\/WhatsApp-Video-2022-08-20-at-22.14.18.mp4?_=3\" \/><a href=\"https:\/\/www.radiopiu.net\/wordpress\/wp-content\/uploads\/2022\/08\/WhatsApp-Video-2022-08-20-at-22.14.18.mp4\">https:\/\/www.radiopiu.net\/wordpress\/wp-content\/uploads\/2022\/08\/WhatsApp-Video-2022-08-20-at-22.14.18.mp4<\/a><\/video><\/div>\n<p>&nbsp;<\/p>\n<hr \/>\n<p>&nbsp;<\/p>\n<blockquote>\n<h3>CORSO DI ALPINISMO CON IL CAI DI AGORDO<\/h3>\n<\/blockquote>\n<p><strong><a class=\"dt-pswp-item\" href=\"https:\/\/www.radiopiu.net\/wordpress\/wp-content\/uploads\/2020\/04\/cai-agordo.jpg\" data-dt-img-description=\"\" data-large_image_width=\"297\" data-large_image_height=\"170\"><img loading=\"lazy\" decoding=\"async\" class=\"wp-image-127841 alignleft\" src=\"https:\/\/www.radiopiu.net\/wordpress\/wp-content\/uploads\/2020\/04\/cai-agordo.jpg\" alt=\"\" width=\"147\" height=\"84\" \/><\/a>AGORDO<\/strong> Per la prima volta la Sezione Agordina con la Scuola di Alpinismo e Scialpinismo propone un CORSO DI ALPINISMO BASE (A1). Corso introduttivo rivolto principalmente a chi vuole iniziare a frequentare l\u2019alta montagna e l\u2019ambiente alpino in generale, in modo cosciente e responsabile, senza trascurarne gli aspetti culturali ed ambientali. Il corso prevede l\u2019insegnamento, attraverso lezioni teoriche ed uscite pratiche in ambiente, delle tecniche di base per la progressione su roccia, neve e ghiaccio, con particolare riferimento ai comportamenti idonei per ridurre il rischio di incidenti. \u00c8 necessaria un\u2019adeguata preparazione fisica. Il corso si terr\u00e0 nei mesi di settembre ed ottobre. Costo 150 euro, iscrizioni tramite mail a agordo@cai.it. Per informazioni 347 9812340<\/p>\n<p>&nbsp;<\/p>\n<p>&nbsp;<\/p>\n<hr \/>\n<p>&nbsp;<\/p>\n<blockquote>\n<h2><a class=\"dt-pswp-item\" href=\"https:\/\/www.radiopiu.net\/wordpress\/wp-content\/uploads\/2022\/08\/aaa-7.jpg\" data-dt-img-description=\"\" data-large_image_width=\"553\" data-large_image_height=\"181\"><img loading=\"lazy\" decoding=\"async\" class=\"wp-image-291465 size-medium alignleft\" src=\"https:\/\/www.radiopiu.net\/wordpress\/wp-content\/uploads\/2022\/08\/aaa-7-300x98.jpg\" alt=\"\" width=\"300\" height=\"98\" srcset=\"https:\/\/www.radiopiu.net\/wordpress\/wp-content\/uploads\/2022\/08\/aaa-7-300x98.jpg 300w, https:\/\/www.radiopiu.net\/wordpress\/wp-content\/uploads\/2022\/08\/aaa-7.jpg 553w\" sizes=\"auto, (max-width: 300px) 100vw, 300px\" \/><\/a>MUSICA LIVE ESTATE 22&#8230;E CHE MUSICA!<\/h2>\n<\/blockquote>\n<p>IN PIAZZA A CANALE D&#8217;AGORDO, TRE APPUNTAMENTI PER RENDERE PIU&#8217; FRIZZANTE LA TUA ESTATE.<br \/>\nGRAN FINALE SABATO 27 AGOSTO alle 21 con lo spettacolo dei TIRATAIE, perch\u00e9 sulla loro piazza sanno dare sempre il meglio.\u00a0 CANALE D&#8217;AGORDO, ESTATE 22 IN PIAZZA&#8230; VI TENIAMO D&#8217;OCCHIO&#8230; PARDON D&#8217;ORECCHIO.<\/p>\n<p><strong><span style=\"color: #ff0000;\">ALLA RADIO, THE VOICE MORENO TOCCHETTO<\/span><\/strong><\/p>\n<audio class=\"wp-audio-shortcode\" id=\"audio-293708-4\" preload=\"none\" style=\"width: 100%;\" controls=\"controls\"><source type=\"audio\/mpeg\" src=\"https:\/\/www.radiopiu.net\/wordpress\/wp-content\/uploads\/2022\/08\/MUSICA-CANALE-LUGLIO-22.mp3?_=4\" \/><a href=\"https:\/\/www.radiopiu.net\/wordpress\/wp-content\/uploads\/2022\/08\/MUSICA-CANALE-LUGLIO-22.mp3\">https:\/\/www.radiopiu.net\/wordpress\/wp-content\/uploads\/2022\/08\/MUSICA-CANALE-LUGLIO-22.mp3<\/a><\/audio>\n<p>&nbsp;<\/p>\n<hr \/>\n<p>&nbsp;<\/p>\n<blockquote>\n<h3>&#8220;RESTATE IN CITTA'&#8221;, IL TERZO APPUNTAMENTO<\/h3>\n<\/blockquote>\n<p><strong>BELLUNO<\/strong> Prosegue con entusiasmo la rassegna &#8220;REstate in Citta\u0300&#8221;, in programma a Belluno fino al 1\u00b0 settembre, ricca di concerti e visite guidate, che stanno animando con successo il tempo estivo bellunese. Martedi\u0300 23 agosto vedra\u0300 protagonista Villa Barpo Miari Zampieri, in localita\u0300 Cor. Si comincia con una visita guidata, accessibile in due turni, a cura dell&#8217;associazione Borgo Piave ETC aps, che condurra\u0300, con la consueta accuratezza, proprio alla scoperta della villa. Il primo turno, per un massimo di venti persone, partira\u0300 alle 16.00, mentre il secondo, per altre venti persone, alle 17.30. L&#8217;ingresso e\u0300 a offerta libera e e\u0300 necessaria la prenotazione, da farsi scrivendo all&#8217;email borgopiaveetc@gmail.com<\/p>\n<p>&nbsp;<\/p>\n<p>&nbsp;<\/p>\n<hr \/>\n<p>&nbsp;<\/p>\n<blockquote>\n<h3>LA FESTA DEI 100 ANNI DEL GRUPPO SPORTIVO FRASSENE&#8217;<\/h3>\n<\/blockquote>\n<p><strong><a class=\"dt-pswp-item\" href=\"https:\/\/www.radiopiu.net\/wordpress\/wp-content\/uploads\/2022\/08\/Schermata-2022-08-04-alle-12.23.41.png\" data-dt-img-description=\"\" data-large_image_width=\"1336\" data-large_image_height=\"1014\"><img loading=\"lazy\" decoding=\"async\" class=\"alignleft wp-image-290914 \" src=\"https:\/\/www.radiopiu.net\/wordpress\/wp-content\/uploads\/2022\/08\/Schermata-2022-08-04-alle-12.23.41-300x228.png\" alt=\"\" width=\"158\" height=\"120\" srcset=\"https:\/\/www.radiopiu.net\/wordpress\/wp-content\/uploads\/2022\/08\/Schermata-2022-08-04-alle-12.23.41-300x228.png 300w, https:\/\/www.radiopiu.net\/wordpress\/wp-content\/uploads\/2022\/08\/Schermata-2022-08-04-alle-12.23.41-1024x777.png 1024w, https:\/\/www.radiopiu.net\/wordpress\/wp-content\/uploads\/2022\/08\/Schermata-2022-08-04-alle-12.23.41-768x583.png 768w, https:\/\/www.radiopiu.net\/wordpress\/wp-content\/uploads\/2022\/08\/Schermata-2022-08-04-alle-12.23.41.png 1336w\" sizes=\"auto, (max-width: 158px) 100vw, 158px\" \/><\/a>VOLTAGO <\/strong>1922-2022 il primo secolo di vita del Gruppo Sportivo Frassen\u00e8: tre giorni di eventi al tendone nel parcheggio della chiesa. Venerdi&#8217; 9 settembre alle 18 apertura stand gastronomico e serata musicale con Sabrina Silvestrin. Sabato 10 voli panoramici in elicottero dalle 10 alle 15 e, fino alle 17 mercatini dell&#8217;artigianato, dalle 10 torneo di calcio del Poi, a mezzogiorno stand gastronomico, 16.30 Frassene&#8217; Cross, gare podistiche non competitive, 17 aperitivo con DJ Morgan e Battaglia, 19 cena e premiazioni, dalle 21 serata musicale con I Riflesso, chiusura con DJ Morgan e Battaglia. Domenica 11 alle 10 mostra sui 100 anni del Gruppo Sportivo Frassene&#8217; presso l&#8217;ex scuola Paolo Mosca, 11 sfilata dei gruppi associativi per le vie del paese, 12.30 pranzo, 15 presentazione libro &#8220;Il Primo Secolo Di Vita&#8221;. Il ricavato sar\u00e0 devoluto al Gruppo Sportivo Frasssen\u00e8.<\/p>\n<p>&nbsp;<\/p>\n<hr \/>\n<p>&nbsp;<\/p>\n<blockquote>\n<h3>LA BIBLIOTECA STORICA DI PAPA LUCIANI<\/h3>\n<\/blockquote>\n<p><strong>CANALE D&#8217;AGORDO <\/strong>Oggi, alle ore 16.00, presso la Sala Lina Zand\u00f2 Bolda del Museo Albino Luciani di Canale d&#8217;Agordo (BL), si terr\u00e0 la presentazione del lavoro di catalogazione della storica Biblioteca Pievanale riordinata da Albino Luciani e del restauro dei filmini Path\u00e8 Baby (che Albino Luciani vide da bambino), con la partecipazione di Roy Bernard, Stefania Falasca ed Elena Turro.<\/p>\n<p>&nbsp;<\/p>\n<p>&nbsp;<\/p>\n<hr \/>\n<p>&nbsp;<\/p>\n<blockquote>\n<h3>LA MOSTRA FILATELICA PER PAPA LUCIANI<\/h3>\n<\/blockquote>\n<p><strong>CANALE D&#8217;AGORDO<\/strong> \u00c8 di prossima apertura della mostra filatelica su Papa Luciani, dal 18 agosto all&#8217;11 settembre presso la sala consiliare del municipio di Canale d&#8217;Agordo. La mostra osserver\u00e0 i seguenti orari: Tutti i giorni 16.30-18.30 e 20-22. Venerd\u00ec, sabato e domenica anche 10.00-12.00. Ricordiamo, in particolare, domenica 4 settembre l&#8217;annullo filatelico speciale dalle ore 10.00 alle ore 14.00, presso la sala consiliare, in concomitanza con la cerimonia ufficiale di beatificazione di Papa Luciani.<\/p>\n<p>&nbsp;<\/p>\n<p>&nbsp;<\/p>\n<hr \/>\n<p>&nbsp;<\/p>\n<blockquote>\n<h3>LA VERA STORIA DELLA TRANSCIVETTA, BRUNO E GIORGIO AMICI ANCHE SUGLI SCI<\/h3>\n<\/blockquote>\n<p><strong>REDAZIONE<\/strong> Una storia vera, raccontata da Bruno Corzuol di Agordo. Ecco come nasce la TransCivetta, non estiva, ma invernale. A raccontarlo a Radio Pi\u00f9 l&#8217;organizzatore di allora con l&#8217;amico Giorgio Favretti. Forse nemmeno alla Karpos lo ricordano, ma il primo sponsor su proprio il capo famiglia dei Cremonese, allora infatti vennero regalati i primi pettorali gialli e un pacco di maglie per gli atleti.<\/p>\n<p><strong>AUDIO<\/strong><\/p>\n<audio class=\"wp-audio-shortcode\" id=\"audio-293708-5\" preload=\"none\" style=\"width: 100%;\" controls=\"controls\"><source type=\"audio\/mpeg\" src=\"https:\/\/www.radiopiu.net\/wordpress\/wp-content\/uploads\/2020\/10\/BRUNO-CORZUOL.mp3?_=5\" \/><a href=\"https:\/\/www.radiopiu.net\/wordpress\/wp-content\/uploads\/2020\/10\/BRUNO-CORZUOL.mp3\">https:\/\/www.radiopiu.net\/wordpress\/wp-content\/uploads\/2020\/10\/BRUNO-CORZUOL.mp3<\/a><\/audio>\n<p>&nbsp;<\/p>\n\n\t\t\t<style type='text\/css'>\n\t\t\t\t#gallery-10 {\n\t\t\t\t\tmargin: auto;\n\t\t\t\t}\n\t\t\t\t#gallery-10 .gallery-item {\n\t\t\t\t\tfloat: left;\n\t\t\t\t\tmargin-top: 10px;\n\t\t\t\t\ttext-align: center;\n\t\t\t\t\twidth: 25%;\n\t\t\t\t}\n\t\t\t\t#gallery-10 img {\n\t\t\t\t\tborder: 2px solid #cfcfcf;\n\t\t\t\t}\n\t\t\t\t#gallery-10 .gallery-caption {\n\t\t\t\t\tmargin-left: 0;\n\t\t\t\t}\n\t\t\t\t\/* see gallery_shortcode() in wp-includes\/media.php *\/\n\t\t\t<\/style>\n\t\t<div id='gallery-10' class='dt-gallery-container gallery galleryid-293708 gallery-columns-4 gallery-size-thumbnail'><dl class='gallery-item'>\n\t\t\t\t<dt class='gallery-icon landscape'>\n\t\t\t\t\t<a class=\"rollover rollover-zoom dt-pswp-item\" title=\"8f44001e-fb74-40e3-bf26-2464d94ffac7\" data-dt-img-description=\"\" data-large_image_width=\"1600\" data-large_image_height=\"1200\"href='https:\/\/www.radiopiu.net\/wordpress\/wp-content\/uploads\/2022\/08\/8f44001e-fb74-40e3-bf26-2464d94ffac7.jpg'><img loading=\"lazy\" decoding=\"async\" width=\"150\" height=\"150\" src=\"https:\/\/www.radiopiu.net\/wordpress\/wp-content\/uploads\/2022\/08\/8f44001e-fb74-40e3-bf26-2464d94ffac7-150x150.jpg\" class=\"attachment-thumbnail size-thumbnail\" alt=\"\" aria-describedby=\"gallery-10-293623\" \/><\/a>\n\t\t\t\t<\/dt>\n\t\t\t\t\t<dd class='wp-caption-text gallery-caption' id='gallery-10-293623'>\n\t\t\t\t\tBRUNO  CORZUOL A RADIO PIU\n\t\t\t\t\t<\/dd><\/dl><dl class='gallery-item'>\n\t\t\t\t<dt class='gallery-icon landscape'>\n\t\t\t\t\t<a class=\"rollover rollover-zoom dt-pswp-item\" title=\"73327acb-4cff-43c9-98d5-788653bbae52\" data-dt-img-description=\"\" data-large_image_width=\"1600\" data-large_image_height=\"1200\"href='https:\/\/www.radiopiu.net\/wordpress\/wp-content\/uploads\/2022\/08\/73327acb-4cff-43c9-98d5-788653bbae52-e1660920848935.jpg'><img loading=\"lazy\" decoding=\"async\" width=\"150\" height=\"150\" src=\"https:\/\/www.radiopiu.net\/wordpress\/wp-content\/uploads\/2022\/08\/73327acb-4cff-43c9-98d5-788653bbae52-e1660920848935-150x150.jpg\" class=\"attachment-thumbnail size-thumbnail\" alt=\"\" aria-describedby=\"gallery-10-293627\" \/><\/a>\n\t\t\t\t<\/dt>\n\t\t\t\t\t<dd class='wp-caption-text gallery-caption' id='gallery-10-293627'>\n\t\t\t\t\tBRUNO CON DINO TADELLO E MAURILIO DE ZOLT\n\t\t\t\t\t<\/dd><\/dl><dl class='gallery-item'>\n\t\t\t\t<dt class='gallery-icon portrait'>\n\t\t\t\t\t<a class=\"rollover rollover-zoom dt-pswp-item\" title=\"6579a175-874e-44cb-999f-08ef55830e70\" data-dt-img-description=\"\" data-large_image_width=\"1200\" data-large_image_height=\"1600\"href='https:\/\/www.radiopiu.net\/wordpress\/wp-content\/uploads\/2022\/08\/6579a175-874e-44cb-999f-08ef55830e70.jpg'><img loading=\"lazy\" decoding=\"async\" width=\"150\" height=\"150\" src=\"https:\/\/www.radiopiu.net\/wordpress\/wp-content\/uploads\/2022\/08\/6579a175-874e-44cb-999f-08ef55830e70-150x150.jpg\" class=\"attachment-thumbnail size-thumbnail\" alt=\"\" aria-describedby=\"gallery-10-293626\" \/><\/a>\n\t\t\t\t<\/dt>\n\t\t\t\t\t<dd class='wp-caption-text gallery-caption' id='gallery-10-293626'>\n\t\t\t\t\tBRUNO CON L&#8217;ALLORA GIOVANISSIMO FABRIZIO TOME&#8217; &#8220;BISI&#8221;\n\t\t\t\t\t<\/dd><\/dl><dl class='gallery-item'>\n\t\t\t\t<dt class='gallery-icon landscape'>\n\t\t\t\t\t<a class=\"rollover rollover-zoom dt-pswp-item\" title=\"3fb83392-d100-4860-bb3f-ceab334bd6df\" data-dt-img-description=\"\" data-large_image_width=\"1600\" data-large_image_height=\"1200\"href='https:\/\/www.radiopiu.net\/wordpress\/wp-content\/uploads\/2022\/08\/3fb83392-d100-4860-bb3f-ceab334bd6df-e1660920766945.jpg'><img loading=\"lazy\" decoding=\"async\" width=\"150\" height=\"150\" src=\"https:\/\/www.radiopiu.net\/wordpress\/wp-content\/uploads\/2022\/08\/3fb83392-d100-4860-bb3f-ceab334bd6df-e1660920766945-150x150.jpg\" class=\"attachment-thumbnail size-thumbnail\" alt=\"\" aria-describedby=\"gallery-10-293622\" \/><\/a>\n\t\t\t\t<\/dt>\n\t\t\t\t\t<dd class='wp-caption-text gallery-caption' id='gallery-10-293622'>\n\t\t\t\t\tBRUNO CON UNA COPPIA DI ATLETI FRANCESI\n\t\t\t\t\t<\/dd><\/dl><br style=\"clear: both\" \/><dl class='gallery-item'>\n\t\t\t\t<dt class='gallery-icon portrait'>\n\t\t\t\t\t<a class=\"rollover rollover-zoom dt-pswp-item\" title=\"0b4a5994-a694-4a5a-97fd-d19f1d246423\" data-dt-img-description=\"\" data-large_image_width=\"1200\" data-large_image_height=\"1600\"href='https:\/\/www.radiopiu.net\/wordpress\/wp-content\/uploads\/2022\/08\/0b4a5994-a694-4a5a-97fd-d19f1d246423-e1660920731693.jpg'><img loading=\"lazy\" decoding=\"async\" width=\"150\" height=\"150\" src=\"https:\/\/www.radiopiu.net\/wordpress\/wp-content\/uploads\/2022\/08\/0b4a5994-a694-4a5a-97fd-d19f1d246423-e1660920731693-150x150.jpg\" class=\"attachment-thumbnail size-thumbnail\" alt=\"\" aria-describedby=\"gallery-10-293621\" \/><\/a>\n\t\t\t\t<\/dt>\n\t\t\t\t\t<dd class='wp-caption-text gallery-caption' id='gallery-10-293621'>\n\t\t\t\t\tLE MEDAGLIE\n\t\t\t\t\t<\/dd><\/dl><dl class='gallery-item'>\n\t\t\t\t<dt class='gallery-icon portrait'>\n\t\t\t\t\t<a class=\"rollover rollover-zoom dt-pswp-item\" title=\"1826eb33-7e0b-458b-95e2-3b5db65ac342\" data-dt-img-description=\"LOCANDINA 1977\" data-large_image_width=\"1200\" data-large_image_height=\"1600\"href='https:\/\/www.radiopiu.net\/wordpress\/wp-content\/uploads\/2022\/08\/1826eb33-7e0b-458b-95e2-3b5db65ac342-e1660920829547.jpg'><img loading=\"lazy\" decoding=\"async\" width=\"150\" height=\"150\" src=\"https:\/\/www.radiopiu.net\/wordpress\/wp-content\/uploads\/2022\/08\/1826eb33-7e0b-458b-95e2-3b5db65ac342-e1660920829547-150x150.jpg\" class=\"attachment-thumbnail size-thumbnail\" alt=\"\" aria-describedby=\"gallery-10-293625\" \/><\/a>\n\t\t\t\t<\/dt>\n\t\t\t\t\t<dd class='wp-caption-text gallery-caption' id='gallery-10-293625'>\n\t\t\t\t\t1977\n\t\t\t\t\t<\/dd><\/dl><dl class='gallery-item'>\n\t\t\t\t<dt class='gallery-icon portrait'>\n\t\t\t\t\t<a class=\"rollover rollover-zoom dt-pswp-item\" title=\"f729c485-c08e-4c19-812f-a4850921b44a\" data-dt-img-description=\"LOCANDINA 1978\" data-large_image_width=\"1200\" data-large_image_height=\"1600\"href='https:\/\/www.radiopiu.net\/wordpress\/wp-content\/uploads\/2022\/08\/f729c485-c08e-4c19-812f-a4850921b44a-e1660920713898.jpg'><img loading=\"lazy\" decoding=\"async\" width=\"150\" height=\"150\" src=\"https:\/\/www.radiopiu.net\/wordpress\/wp-content\/uploads\/2022\/08\/f729c485-c08e-4c19-812f-a4850921b44a-e1660920713898-150x150.jpg\" class=\"attachment-thumbnail size-thumbnail\" alt=\"\" aria-describedby=\"gallery-10-293620\" \/><\/a>\n\t\t\t\t<\/dt>\n\t\t\t\t\t<dd class='wp-caption-text gallery-caption' id='gallery-10-293620'>\n\t\t\t\t\t1978\n\t\t\t\t\t<\/dd><\/dl><dl class='gallery-item'>\n\t\t\t\t<dt class='gallery-icon landscape'>\n\t\t\t\t\t<a class=\"rollover rollover-zoom dt-pswp-item\" title=\"419f5fd9-c02b-4f9b-a05d-c75f45cc379c\" data-dt-img-description=\"INVITO 1987\" data-large_image_width=\"1600\" data-large_image_height=\"1200\"href='https:\/\/www.radiopiu.net\/wordpress\/wp-content\/uploads\/2022\/08\/419f5fd9-c02b-4f9b-a05d-c75f45cc379c-e1660920792312.jpg'><img loading=\"lazy\" decoding=\"async\" width=\"150\" height=\"150\" src=\"https:\/\/www.radiopiu.net\/wordpress\/wp-content\/uploads\/2022\/08\/419f5fd9-c02b-4f9b-a05d-c75f45cc379c-e1660920792312-150x150.jpg\" class=\"attachment-thumbnail size-thumbnail\" alt=\"\" aria-describedby=\"gallery-10-293624\" \/><\/a>\n\t\t\t\t<\/dt>\n\t\t\t\t\t<dd class='wp-caption-text gallery-caption' id='gallery-10-293624'>\n\t\t\t\t\t1987\n\t\t\t\t\t<\/dd><\/dl><br style=\"clear: both\" \/>\n\t\t\t<\/div>\n\n<p>&nbsp;<\/p>\n<hr \/>\n<p>&nbsp;<\/p>\n<blockquote class=\"wp-embedded-content\" data-secret=\"apqggX1SWQ\"><p><a href=\"https:\/\/www.radiopiu.net\/wordpress\/gli-eventi-in-agordino-seguiti-da-radio-piu-i-video\/\">GLI EVENTI IN AGORDINO SEGUITI DA RADIO PIU&#8217; &#8211; I VIDEO<\/a><\/p><\/blockquote>\n<p><iframe loading=\"lazy\" class=\"wp-embedded-content\" sandbox=\"allow-scripts\" security=\"restricted\" style=\"position: absolute; clip: rect(1px, 1px, 1px, 1px);\" title=\"&#8220;GLI EVENTI IN AGORDINO SEGUITI DA RADIO PIU&#8217; &#8211; I VIDEO&#8221; &#8212; Radio Pi\u00f9\" src=\"https:\/\/www.radiopiu.net\/wordpress\/gli-eventi-in-agordino-seguiti-da-radio-piu-i-video\/embed\/#?secret=K8cKisxh4Q#?secret=apqggX1SWQ\" data-secret=\"apqggX1SWQ\" width=\"600\" height=\"338\" frameborder=\"0\" marginwidth=\"0\" marginheight=\"0\" scrolling=\"no\"><\/iframe><\/p>\n<p>&nbsp;<\/p>\n<hr \/>\n<p>&nbsp;<\/p>\n<blockquote>\n<h3>BRIDDA: UNA SALA (LA \u201cDE LUCA\u201d DEL PR\u00c0) \u201cCON UN GRANDE PASSATO DAVANTI A S\u00c8\u201d<\/h3>\n<\/blockquote>\n<p><strong>di RENATO BONA<\/strong><\/p>\n<p>Caratterizzato da numerose iniziative, tutte di qualit\u00e0, l\u2019anno 1982 della sala di cultura \u201cDe Luca\u201d di Borgo Pra a Belluno. Lo ha messo nero su bianco il patron, Francesco \u201cCheco\u201d De Luca, amico carissimo, nei due libri intitolati \u201cUna ruota che gira da un quarto di secolo\u201d editi nel 2005 con la Velar di Gorla di Bergamo, dedicati alla memoria dei genitori \u201ce a tutti gli amici che non sono pi\u00f9 tra noi\u201d. E che riportano il lungo elenco di manifestazioni, aperto il 10 gennaio dal richiamo alla conferenza del critico d\u2019arte prof. Salvatore Maugeri sul tema: \u201cI murales di Cibiana\u201d. Prima di addentrarci nella citazione degli eventi, ci piace rammentare che l\u2019amico-collega Dino Bridda, prezioso collaboratore di \u201cCheco\u201d commentando l\u2019iniziativa dei due libri ebbe fra l\u2019altro modo di scrivere: \u201c\u2026 Per essere stato molte volte in pedana e davanti al microfono, posso testimoniare che raramente sono stato partecipe di eventi di cos\u00ec alto spessore culturale come quelli vissuti parecchie sere alla Sala De Luca: difficilmente, in tal senso, abbiamo chiuso il bilancio morale della manifestazione in deficit, ma quasi sempre abbiamo fatto centro e ci\u00f2, a mio avviso, va sottolineato con forza e convinzione nella certezza che non vi \u00e8 alcuna presunzione da parte nostra\u2026 Sembra quasi pleonastico ascrivere il merito maggiore di tutto ci\u00f2 alla persona che \u00e8 stata da sempre il patron indiscusso ed onnipresente, anche perch\u00e9 i meriti di Checo De Luca sono sotto gli occhi di tutti e costituiscono essi stessi un patrimonio per la citt\u00e0\u201d (che per i tanti meriti ha conferito a De Luca il Premio San Martino\u201d -ndr.). Qui di seguito la carrellata delle manifestazioni: gennaio11-20 collettiva di pittura e grafica di: Albanese, Beghini, Calabr\u00f2, De Rocco, De Vidal, Lomazzi e Rincicotti; 22: assemblea del Circolo artistico provinciale; febbraio: 6-20 mostra di Mario De Poli; 10 conferenza del Circolo artistico; marzo: 14-25 mostra dell\u2019 \u201cUnit\u00e0 pittorica e formale\u201d coordinata da Giulio Gasparotti con opere di: Barbieri, Battocchio, Bonso, Gerardi, Jos, Marchesini, Rossetto, Todesco; 26: assemblea del Circolo artistico; 27: concerto d\u2019archi \u201cHortus Musicus Venetus\u201d con strumenti antichi, dedicato a \u201cGiange\u201d. Aprile: 3-15 personale di Rino Pinto; 18 aprile-3 maggio: retrospettiva del pittore Tancredi con testimonianze ed opere dei pittori feltrini Bruno Milano e Giampiero Facchin; 27: conferenza e tavola rotonda su: \u201cIl pittore Tancredi\u201d col prof. Silvio Guarnieri e gli studenti dell\u2019Universit\u00e0 di Roma. Maggio: il 7 concerto di musiche tedesche del 1700 dell\u2019associazione \u201cPro Musica Antiqua\u201d ; 15-28 mostra dell\u2019artista Luca Guaitamachi; giugno 20-30: mostra di pittura di arte sacra in memoria di Papa Luciani, dell\u2019artista don Edoardo Furlano, primo parroco della \u201cDon Bosco\u201d di Belluno; luglio: il 10 incontro con il noto telecronista Paolo Valenti; 30 conferenza del critico Antonio Donat Cattin sull\u2019arte contemporanea. Agosto: dal 22 al 10 settembre mostra di pittura, scultura e grafica dello scultore Gianni Pezzei, con la partecipazione del Coro Fodom. E siamo a settembre: dal 25 e fino al 10 ottobre mostra di tappeti, quadri, mobili antichi e argenti, con aste di beneficenza a favore del Comitato d\u2019intesa fra le associazioni volontaristiche della provincia di Belluno. Nell\u2019anno internazionale dell\u2019anziano, il 27 novembre serata di riconoscenza e simpatia con consegna di targhe ricordo in bronzo, opera dello scultore Massimo Facchin a: Antonio Bertolissi, Pierina Boranga, Piero Campanaro, Marco Da Ponte, Giovanni Fabbiani, Carlo Ghe, Roberto Giacomini, Guido Pellegrini, Lucia Smali Neri e monsignor Giacomo Viezzer quali \u201cautentici maestri di vita sono esempio per le nuove generazioni\u201d; oratore fu Ermano De Col. Sempre a novembre, l\u201911 \u201cFil\u00f2 di San Martino\u201d per i nonni di Belluno con la partecipazione dei poeti dialettali bellunesi de \u201cAl zenpedon\u201d; dal 21 al 3 dicembre mostra di pittura di Nino Memo e Paolo Favaro; il 23 proiezione di filmine su \u201cLa tecnica della grafica\u201d illustrata dal pittore Vico Calabr\u00f2 e la partecipazione del pittore Perusini e dei critici Toni Toniato, Enrico Buda, Giancarlo Calcagni ed il litografo Giuliano Busato; il 28 assemblea generale del consiglio provinciale dell\u2019Associazione bellunese volontari del sangue con coordinatore il presidente regionale dell\u2019Avis, Franco Vetteretti. La rassegna si chiude con i due eventi del mese di dicembre: dall\u201911 al 31 la retrospettiva del pittore Nando Coletti con opere inedite: acquerelli e disegni; il 22 serata di auguri per il Natale organizzata dai donatori del sangue con la partecipazione dei poeti: Angelo Geronazzo, Luigina Tavi e Francesco \u201cChechi\u201d Prest.<\/p>\n\n\t\t\t<style type='text\/css'>\n\t\t\t\t#gallery-11 {\n\t\t\t\t\tmargin: auto;\n\t\t\t\t}\n\t\t\t\t#gallery-11 .gallery-item {\n\t\t\t\t\tfloat: left;\n\t\t\t\t\tmargin-top: 10px;\n\t\t\t\t\ttext-align: center;\n\t\t\t\t\twidth: 16%;\n\t\t\t\t}\n\t\t\t\t#gallery-11 img {\n\t\t\t\t\tborder: 2px solid #cfcfcf;\n\t\t\t\t}\n\t\t\t\t#gallery-11 .gallery-caption {\n\t\t\t\t\tmargin-left: 0;\n\t\t\t\t}\n\t\t\t\t\/* see gallery_shortcode() in wp-includes\/media.php *\/\n\t\t\t<\/style>\n\t\t<div id='gallery-11' class='dt-gallery-container gallery galleryid-293708 gallery-columns-6 gallery-size-thumbnail'><dl class='gallery-item'>\n\t\t\t\t<dt class='gallery-icon landscape'>\n\t\t\t\t\t<a class=\"rollover rollover-zoom dt-pswp-item\" title=\"298033253_484476529681100_7951802998281055917_n\" data-dt-img-description=\"\" data-large_image_width=\"341\" data-large_image_height=\"206\"href='https:\/\/www.radiopiu.net\/wordpress\/wp-content\/uploads\/2022\/08\/298033253_484476529681100_7951802998281055917_n.jpg'><img loading=\"lazy\" decoding=\"async\" width=\"150\" height=\"150\" src=\"https:\/\/www.radiopiu.net\/wordpress\/wp-content\/uploads\/2022\/08\/298033253_484476529681100_7951802998281055917_n-150x150.jpg\" class=\"attachment-thumbnail size-thumbnail\" alt=\"\" \/><\/a>\n\t\t\t\t<\/dt><\/dl><dl class='gallery-item'>\n\t\t\t\t<dt class='gallery-icon landscape'>\n\t\t\t\t\t<a class=\"rollover rollover-zoom dt-pswp-item\" title=\"299796864_409895064466564_5853260714792209241_n\" data-dt-img-description=\"\" data-large_image_width=\"318\" data-large_image_height=\"206\"href='https:\/\/www.radiopiu.net\/wordpress\/wp-content\/uploads\/2022\/08\/299796864_409895064466564_5853260714792209241_n.jpg'><img loading=\"lazy\" decoding=\"async\" width=\"150\" height=\"150\" src=\"https:\/\/www.radiopiu.net\/wordpress\/wp-content\/uploads\/2022\/08\/299796864_409895064466564_5853260714792209241_n-150x150.jpg\" class=\"attachment-thumbnail size-thumbnail\" alt=\"\" \/><\/a>\n\t\t\t\t<\/dt><\/dl><dl class='gallery-item'>\n\t\t\t\t<dt class='gallery-icon landscape'>\n\t\t\t\t\t<a class=\"rollover rollover-zoom dt-pswp-item\" title=\"299189452_335085972090251_8555350662583926797_n\" data-dt-img-description=\"\" data-large_image_width=\"345\" data-large_image_height=\"206\"href='https:\/\/www.radiopiu.net\/wordpress\/wp-content\/uploads\/2022\/08\/299189452_335085972090251_8555350662583926797_n.jpg'><img loading=\"lazy\" decoding=\"async\" width=\"150\" height=\"150\" src=\"https:\/\/www.radiopiu.net\/wordpress\/wp-content\/uploads\/2022\/08\/299189452_335085972090251_8555350662583926797_n-150x150.jpg\" class=\"attachment-thumbnail size-thumbnail\" alt=\"\" \/><\/a>\n\t\t\t\t<\/dt><\/dl><dl class='gallery-item'>\n\t\t\t\t<dt class='gallery-icon landscape'>\n\t\t\t\t\t<a class=\"rollover rollover-zoom dt-pswp-item\" title=\"299060600_762276545050026_6332289776647988121_n\" data-dt-img-description=\"\" data-large_image_width=\"478\" data-large_image_height=\"206\"href='https:\/\/www.radiopiu.net\/wordpress\/wp-content\/uploads\/2022\/08\/299060600_762276545050026_6332289776647988121_n.jpg'><img loading=\"lazy\" decoding=\"async\" width=\"150\" height=\"150\" src=\"https:\/\/www.radiopiu.net\/wordpress\/wp-content\/uploads\/2022\/08\/299060600_762276545050026_6332289776647988121_n-150x150.jpg\" class=\"attachment-thumbnail size-thumbnail\" alt=\"\" \/><\/a>\n\t\t\t\t<\/dt><\/dl><dl class='gallery-item'>\n\t\t\t\t<dt class='gallery-icon portrait'>\n\t\t\t\t\t<a class=\"rollover rollover-zoom dt-pswp-item\" title=\"299473209_1309706169773391_5015501798637250622_n\" data-dt-img-description=\"\" data-large_image_width=\"199\" data-large_image_height=\"206\"href='https:\/\/www.radiopiu.net\/wordpress\/wp-content\/uploads\/2022\/08\/299473209_1309706169773391_5015501798637250622_n.jpg'><img loading=\"lazy\" decoding=\"async\" width=\"150\" height=\"150\" src=\"https:\/\/www.radiopiu.net\/wordpress\/wp-content\/uploads\/2022\/08\/299473209_1309706169773391_5015501798637250622_n-150x150.jpg\" class=\"attachment-thumbnail size-thumbnail\" alt=\"\" \/><\/a>\n\t\t\t\t<\/dt><\/dl><dl class='gallery-item'>\n\t\t\t\t<dt class='gallery-icon landscape'>\n\t\t\t\t\t<a class=\"rollover rollover-zoom dt-pswp-item\" title=\"299699001_563664015545871_7598635757988476108_n\" data-dt-img-description=\"\" data-large_image_width=\"335\" data-large_image_height=\"206\"href='https:\/\/www.radiopiu.net\/wordpress\/wp-content\/uploads\/2022\/08\/299699001_563664015545871_7598635757988476108_n.jpg'><img loading=\"lazy\" decoding=\"async\" width=\"150\" height=\"150\" src=\"https:\/\/www.radiopiu.net\/wordpress\/wp-content\/uploads\/2022\/08\/299699001_563664015545871_7598635757988476108_n-150x150.jpg\" class=\"attachment-thumbnail size-thumbnail\" alt=\"\" \/><\/a>\n\t\t\t\t<\/dt><\/dl><br style=\"clear: both\" \/><dl class='gallery-item'>\n\t\t\t\t<dt class='gallery-icon landscape'>\n\t\t\t\t\t<a class=\"rollover rollover-zoom dt-pswp-item\" title=\"300670919_621976812820888_6420545599867471777_n\" data-dt-img-description=\"\" data-large_image_width=\"350\" data-large_image_height=\"204\"href='https:\/\/www.radiopiu.net\/wordpress\/wp-content\/uploads\/2022\/08\/300670919_621976812820888_6420545599867471777_n.jpg'><img loading=\"lazy\" decoding=\"async\" width=\"150\" height=\"150\" src=\"https:\/\/www.radiopiu.net\/wordpress\/wp-content\/uploads\/2022\/08\/300670919_621976812820888_6420545599867471777_n-150x150.jpg\" class=\"attachment-thumbnail size-thumbnail\" alt=\"\" \/><\/a>\n\t\t\t\t<\/dt><\/dl><dl class='gallery-item'>\n\t\t\t\t<dt class='gallery-icon landscape'>\n\t\t\t\t\t<a class=\"rollover rollover-zoom dt-pswp-item\" title=\"300826367_610501873773186_2416911185991160370_n\" data-dt-img-description=\"\" data-large_image_width=\"436\" data-large_image_height=\"206\"href='https:\/\/www.radiopiu.net\/wordpress\/wp-content\/uploads\/2022\/08\/300826367_610501873773186_2416911185991160370_n.jpg'><img loading=\"lazy\" decoding=\"async\" width=\"150\" height=\"150\" src=\"https:\/\/www.radiopiu.net\/wordpress\/wp-content\/uploads\/2022\/08\/300826367_610501873773186_2416911185991160370_n-150x150.jpg\" class=\"attachment-thumbnail size-thumbnail\" alt=\"\" \/><\/a>\n\t\t\t\t<\/dt><\/dl><dl class='gallery-item'>\n\t\t\t\t<dt class='gallery-icon landscape'>\n\t\t\t\t\t<a class=\"rollover rollover-zoom dt-pswp-item\" title=\"298753454_752281059388859_1100354966405647519_n\" data-dt-img-description=\"\" data-large_image_width=\"262\" data-large_image_height=\"206\"href='https:\/\/www.radiopiu.net\/wordpress\/wp-content\/uploads\/2022\/08\/298753454_752281059388859_1100354966405647519_n.jpg'><img loading=\"lazy\" decoding=\"async\" width=\"150\" height=\"150\" src=\"https:\/\/www.radiopiu.net\/wordpress\/wp-content\/uploads\/2022\/08\/298753454_752281059388859_1100354966405647519_n-150x150.jpg\" class=\"attachment-thumbnail size-thumbnail\" alt=\"\" \/><\/a>\n\t\t\t\t<\/dt><\/dl><dl class='gallery-item'>\n\t\t\t\t<dt class='gallery-icon landscape'>\n\t\t\t\t\t<a class=\"rollover rollover-zoom dt-pswp-item\" title=\"299943591_762703794845451_454261424147575431_n\" data-dt-img-description=\"\" data-large_image_width=\"228\" data-large_image_height=\"205\"href='https:\/\/www.radiopiu.net\/wordpress\/wp-content\/uploads\/2022\/08\/299943591_762703794845451_454261424147575431_n.jpg'><img loading=\"lazy\" decoding=\"async\" width=\"150\" height=\"150\" src=\"https:\/\/www.radiopiu.net\/wordpress\/wp-content\/uploads\/2022\/08\/299943591_762703794845451_454261424147575431_n-150x150.jpg\" class=\"attachment-thumbnail size-thumbnail\" alt=\"\" \/><\/a>\n\t\t\t\t<\/dt><\/dl><dl class='gallery-item'>\n\t\t\t\t<dt class='gallery-icon landscape'>\n\t\t\t\t\t<a class=\"rollover rollover-zoom dt-pswp-item\" title=\"298918131_1025441084757018_6501081575752355104_n\" data-dt-img-description=\"\" data-large_image_width=\"278\" data-large_image_height=\"206\"href='https:\/\/www.radiopiu.net\/wordpress\/wp-content\/uploads\/2022\/08\/298918131_1025441084757018_6501081575752355104_n.jpg'><img loading=\"lazy\" decoding=\"async\" width=\"150\" height=\"150\" src=\"https:\/\/www.radiopiu.net\/wordpress\/wp-content\/uploads\/2022\/08\/298918131_1025441084757018_6501081575752355104_n-150x150.jpg\" class=\"attachment-thumbnail size-thumbnail\" alt=\"\" \/><\/a>\n\t\t\t\t<\/dt><\/dl><dl class='gallery-item'>\n\t\t\t\t<dt class='gallery-icon landscape'>\n\t\t\t\t\t<a class=\"rollover rollover-zoom dt-pswp-item\" title=\"298756298_468931628429392_4018573285821291163_n\" data-dt-img-description=\"\" data-large_image_width=\"349\" data-large_image_height=\"206\"href='https:\/\/www.radiopiu.net\/wordpress\/wp-content\/uploads\/2022\/08\/298756298_468931628429392_4018573285821291163_n.jpg'><img loading=\"lazy\" decoding=\"async\" width=\"150\" height=\"150\" src=\"https:\/\/www.radiopiu.net\/wordpress\/wp-content\/uploads\/2022\/08\/298756298_468931628429392_4018573285821291163_n-150x150.jpg\" class=\"attachment-thumbnail size-thumbnail\" alt=\"\" \/><\/a>\n\t\t\t\t<\/dt><\/dl><br style=\"clear: both\" \/>\n\t\t\t<\/div>\n\n<p>&nbsp;<\/p>\n<p>NELLE FOTO (riproduzioni dal libro \u201cUna ruota che gira da un quarto di secolo\u201d di Francesco De Luca): esposizione del Gruppo \u201cUnit\u00e0 pittorica formale\u201d; concerto di musica ad archi \u201cHortus Musicus Venetus\u201d; personale di Rino Pinto; conferenza del prof. Silvio Guarnieri sul pittore Tancredi; mostra di pittura di arte sacra in onore di Papa Luciani con opere di don Edoardo Furlano; ospite della Sala il noto telecronista Paolo Valenti; antologica dello sculture Gianni Pezzei (sulla destra, accosciato); incontro conviviale di autorit\u00e0 bellunesi il 5 settembre; il saluto di De Luca al dott. Del Fabbro presidente del Comitato d\u2019intesa, in occasione dell\u2019asta benefica; da una pagina de Il Gazzettino: i dieci \u201cmaestri di vita\u201d bellunesi; un momento del \u201cFil\u00f2 di San Martino\u201d per i nonni di Belluno; serata per gli auguri dei donatori del sangue; inaugurazione della retrospettiva del pittore Nando Coletti.<\/p>\n<p>&nbsp;<\/p>\n<p>&nbsp;<\/p>\n<hr \/>\n<p>&nbsp;<\/p>\n<h1><span style=\"color: #ff6600;\">IERI ALLA RADIO<\/span><\/h1>\n<h2><strong><a class=\"dt-pswp-item\" href=\"https:\/\/www.radiopiu.net\/wordpress\/wp-content\/uploads\/2020\/12\/DON-GIORGIO-LISE.jpg\" data-dt-img-description=\"\" data-large_image_width=\"1600\" data-large_image_height=\"901\"><img loading=\"lazy\" decoding=\"async\" class=\"size-thumbnail wp-image-177420 alignleft\" src=\"https:\/\/www.radiopiu.net\/wordpress\/wp-content\/uploads\/2020\/12\/DON-GIORGIO-LISE-150x150.jpg\" alt=\"\" width=\"150\" height=\"150\" \/><\/a><span style=\"color: #808000;\">DUE MINUTI PER TE<\/span><\/strong><\/h2>\n<p><strong>APPUNTAMENTO DELLA DOMENICA CON MONSIGNOR GIORGIO LISE<\/strong><\/p>\n<audio class=\"wp-audio-shortcode\" id=\"audio-293708-6\" preload=\"none\" style=\"width: 100%;\" controls=\"controls\"><source type=\"audio\/mpeg\" src=\"https:\/\/www.radiopiu.net\/wordpress\/wp-content\/uploads\/2022\/08\/DON-GIORGIO-2.mp3?_=6\" \/><a href=\"https:\/\/www.radiopiu.net\/wordpress\/wp-content\/uploads\/2022\/08\/DON-GIORGIO-2.mp3\">https:\/\/www.radiopiu.net\/wordpress\/wp-content\/uploads\/2022\/08\/DON-GIORGIO-2.mp3<\/a><\/audio>\n<p>&nbsp;<\/p>\n<hr \/>\n<p>&nbsp;<\/p>\n<div>\n<div class=\"b654a4as d2edcug0\">\n<div class=\"rq0escxv hkbzh7o3 jwdofwj8 n8tt0mok r8blr3vg hyh9befq\">\n<p><a class=\"dt-pswp-item\" href=\"https:\/\/www.radiopiu.net\/wordpress\/wp-content\/uploads\/2020\/10\/pp.jpg\" data-dt-img-description=\"\" data-large_image_width=\"640\" data-large_image_height=\"640\"><img loading=\"lazy\" decoding=\"async\" class=\"wp-image-163678 alignleft\" src=\"https:\/\/www.radiopiu.net\/wordpress\/wp-content\/uploads\/2020\/10\/pp-300x300.jpg\" alt=\"\" width=\"106\" height=\"106\" srcset=\"https:\/\/www.radiopiu.net\/wordpress\/wp-content\/uploads\/2020\/10\/pp-300x300.jpg 300w, https:\/\/www.radiopiu.net\/wordpress\/wp-content\/uploads\/2020\/10\/pp-150x150.jpg 150w, https:\/\/www.radiopiu.net\/wordpress\/wp-content\/uploads\/2020\/10\/pp-125x125.jpg 125w, https:\/\/www.radiopiu.net\/wordpress\/wp-content\/uploads\/2020\/10\/pp-200x200.jpg 200w, https:\/\/www.radiopiu.net\/wordpress\/wp-content\/uploads\/2020\/10\/pp-80x80.jpg 80w, https:\/\/www.radiopiu.net\/wordpress\/wp-content\/uploads\/2020\/10\/pp-480x480.jpg 480w, https:\/\/www.radiopiu.net\/wordpress\/wp-content\/uploads\/2020\/10\/pp.jpg 640w\" sizes=\"auto, (max-width: 106px) 100vw, 106px\" \/><\/a><\/p>\n<\/div>\n<\/div>\n<\/div>\n<div>\n<div class=\"page-title-head hgroup\">\n<div class=\"page-title-head hgroup\">\n<div class=\"b654a4as d2edcug0\">\n<div class=\"j83agx80 btwxx1t3 lhclo0ds hop8lmos nkwizq5d scwd0bx6 roh60bw9\">\n<div class=\"rq0escxv hkbzh7o3 jwdofwj8 n8tt0mok r8blr3vg hyh9befq\">\n<div class=\"do00u71z l9j0dhe7 k4urcfbm\">\n<h2><span style=\"color: #000080;\">DON CESARE, IL PENSIERO DEL GIORNO. ALLA RADIO ALLE 7 DEL MATTINO E ALLE 19.30 DELLA SERA.\u00a0<\/span><\/h2>\n<\/div>\n<\/div>\n<\/div>\n<\/div>\n<\/div>\n<\/div>\n<\/div>\n<div class=\"do00u71z l9j0dhe7 k4urcfbm\">\n<div class=\"page-title-head hgroup\">\n<div class=\"page-title-head hgroup\">\n<div class=\"b654a4as d2edcug0\">\n<div class=\"j83agx80 btwxx1t3 lhclo0ds hop8lmos nkwizq5d scwd0bx6 roh60bw9\">\n<div class=\"rq0escxv hkbzh7o3 jwdofwj8 n8tt0mok r8blr3vg hyh9befq\">\n<div class=\"do00u71z l9j0dhe7 k4urcfbm\">\n<div class=\"page-title-head hgroup\">\n<div class=\"page-title-head hgroup\">\n<div class=\"b654a4as d2edcug0\">\n<div class=\"j83agx80 btwxx1t3 lhclo0ds hop8lmos nkwizq5d scwd0bx6 roh60bw9\">\n<div class=\"rq0escxv hkbzh7o3 jwdofwj8 n8tt0mok r8blr3vg hyh9befq\">\n<div class=\"do00u71z l9j0dhe7 k4urcfbm\">\n<div class=\"ecm0bbzt e5nlhep0 a8c37x1j\">\n<div class=\"kvgmc6g5 cxmmr5t8 oygrvhab hcukyx3x c1et5uql\">\n<div class=\"gmail-kvgmc6g5 gmail-cxmmr5t8 gmail-oygrvhab gmail-hcukyx3x gmail-c1et5uql gmail-ii04i59q\">\n<div class=\"page-title-head hgroup\">\n<div class=\"page-title-head hgroup\">\n<div class=\"b654a4as d2edcug0\">\n<div class=\"j83agx80 btwxx1t3 lhclo0ds hop8lmos nkwizq5d scwd0bx6 roh60bw9\">\n<div class=\"rq0escxv hkbzh7o3 jwdofwj8 n8tt0mok r8blr3vg hyh9befq\">\n<div class=\"do00u71z l9j0dhe7 k4urcfbm\">\n<div class=\"page-title-head hgroup\">\n<div class=\"page-title-head hgroup\">\n<div class=\"b654a4as d2edcug0\">\n<div class=\"j83agx80 btwxx1t3 lhclo0ds hop8lmos nkwizq5d scwd0bx6 roh60bw9\">\n<div class=\"rq0escxv hkbzh7o3 jwdofwj8 n8tt0mok r8blr3vg hyh9befq\">\n<div class=\"do00u71z l9j0dhe7 k4urcfbm\">\n<div class=\"page-title-head hgroup\">\n<div class=\"page-title-head hgroup\">\n<div class=\"b654a4as d2edcug0\">\n<div class=\"j83agx80 btwxx1t3 lhclo0ds hop8lmos nkwizq5d scwd0bx6 roh60bw9\">\n<div class=\"rq0escxv hkbzh7o3 jwdofwj8 n8tt0mok r8blr3vg hyh9befq\">\n<div class=\"do00u71z l9j0dhe7 k4urcfbm\">\n<div class=\"ecm0bbzt e5nlhep0 a8c37x1j\">\n<div class=\"kvgmc6g5 cxmmr5t8 oygrvhab hcukyx3x c1et5uql\">\n<div class=\"gmail-kvgmc6g5 gmail-cxmmr5t8 gmail-oygrvhab gmail-hcukyx3x gmail-c1et5uql gmail-ii04i59q\">\n<div class=\"page-title-head hgroup\">\n<div class=\"page-title-head hgroup\">\n<div class=\"b654a4as d2edcug0\">\n<div class=\"j83agx80 btwxx1t3 lhclo0ds hop8lmos nkwizq5d scwd0bx6 roh60bw9\">\n<div class=\"rq0escxv hkbzh7o3 jwdofwj8 n8tt0mok r8blr3vg hyh9befq\">\n<div>\n<audio class=\"wp-audio-shortcode\" id=\"audio-293708-7\" preload=\"none\" style=\"width: 100%;\" controls=\"controls\"><source type=\"audio\/mpeg\" src=\"https:\/\/www.radiopiu.net\/wordpress\/wp-content\/uploads\/2022\/08\/CESARE-14.mp3?_=7\" \/><a href=\"https:\/\/www.radiopiu.net\/wordpress\/wp-content\/uploads\/2022\/08\/CESARE-14.mp3\">https:\/\/www.radiopiu.net\/wordpress\/wp-content\/uploads\/2022\/08\/CESARE-14.mp3<\/a><\/audio>\n<\/div>\n<div class=\"do00u71z l9j0dhe7 k4urcfbm\">\n<p>&nbsp;<\/p>\n<hr \/>\n<p>&nbsp;<\/p>\n<blockquote class=\"wp-embedded-content\" data-secret=\"1QGF5xvLlq\"><p><a href=\"https:\/\/www.radiopiu.net\/wordpress\/in-cammino-verso-la-beatificazione-di-papa-luciani-giovanni-paolo-i\/\">IN CAMMINO VERSO LA BEATIFICAZIONE DI PAPA LUCIANI, GIOVANNI PAOLO I<\/a><\/p><\/blockquote>\n<p><iframe loading=\"lazy\" class=\"wp-embedded-content\" sandbox=\"allow-scripts\" security=\"restricted\" style=\"position: absolute; clip: rect(1px, 1px, 1px, 1px);\" title=\"&#8220;IN CAMMINO VERSO LA BEATIFICAZIONE DI PAPA LUCIANI, GIOVANNI PAOLO I&#8221; &#8212; Radio Pi\u00f9\" src=\"https:\/\/www.radiopiu.net\/wordpress\/in-cammino-verso-la-beatificazione-di-papa-luciani-giovanni-paolo-i\/embed\/#?secret=UGxSNVy3pu#?secret=1QGF5xvLlq\" data-secret=\"1QGF5xvLlq\" width=\"600\" height=\"338\" frameborder=\"0\" marginwidth=\"0\" marginheight=\"0\" scrolling=\"no\"><\/iframe><\/p>\n<p>&nbsp;<\/p>\n<hr \/>\n<p>&nbsp;<\/p>\n<p><span style=\"color: #0000ff;\">MUSICA PIU&#8217;\u00a0<\/span><\/p>\n<p><a href=\"https:\/\/www.radiopiu.net\/wordpress\/giornale-radiopiu-20-settembre-2021-direttore-mirko-mezzacasa\/pp-79\/\" rel=\"attachment wp-att-232921\"><img loading=\"lazy\" decoding=\"async\" class=\"wp-image-232921 alignleft\" src=\"https:\/\/www.radiopiu.net\/wordpress\/wp-content\/uploads\/2021\/09\/pp-1-300x300.jpg\" alt=\"\" width=\"135\" height=\"135\" srcset=\"https:\/\/www.radiopiu.net\/wordpress\/wp-content\/uploads\/2021\/09\/pp-1-300x300.jpg 300w, https:\/\/www.radiopiu.net\/wordpress\/wp-content\/uploads\/2021\/09\/pp-1-150x150.jpg 150w, https:\/\/www.radiopiu.net\/wordpress\/wp-content\/uploads\/2021\/09\/pp-1.jpg 640w\" sizes=\"auto, (max-width: 135px) 100vw, 135px\" \/><\/a><\/p>\n<div class=\"mkdf-post-text\">\n<div class=\"mkdf-post-text-inner\">\n<div class=\"mkdf-post-text-main\">\n<div class=\"mkdf-post-text\">\n<div class=\"mkdf-post-text-inner\">\n<div class=\"mkdf-post-text-main\">\n<div class=\"mkdf-post-text\">\n<div class=\"mkdf-post-text-inner\">\n<div class=\"mkdf-post-text-main\">\n<div class=\"page-title-head hgroup\">\n<div class=\"page-title-head hgroup\">\n<div class=\"mkdf-post-text\">\n<div class=\"mkdf-post-text-inner\">\n<div class=\"mkdf-post-text-main\">\n<div class=\"mkdf-post-text\">\n<div class=\"mkdf-post-text-inner\">\n<div class=\"mkdf-post-text-main\">\n<div class=\"page-title-head hgroup\">\n<div class=\"page-title-head hgroup\">\n<div class=\"page-title-head hgroup\">\n<div class=\"page-title-head hgroup\">\n<div class=\"b654a4as d2edcug0\">\n<div class=\"page-title-head hgroup\">\n<div class=\"page-title-head hgroup\">\n<div class=\"page-title-head hgroup\">\n<div class=\"page-title-head hgroup\">\n<div class=\"b654a4as d2edcug0\">\n<div class=\"page-title-head hgroup\">\n<div class=\"page-title-head hgroup\">\n<div class=\"page-title-head hgroup\">\n<div class=\"page-title-head hgroup\">\n<div class=\"b654a4as d2edcug0\">\n<div class=\"mkdf-post-text\">\n<div class=\"mkdf-post-text-inner\">\n<div class=\"mkdf-post-text-main\">\n<div class=\"mkdf-post-text\">\n<div class=\"mkdf-post-text-inner\">\n<div class=\"mkdf-post-text-main\">\n<div class=\"mkdf-post-text\">\n<div class=\"mkdf-post-text-inner\">\n<div class=\"mkdf-post-text-main\">\n<div class=\"page-title-head hgroup\">\n<div class=\"page-title-head hgroup\">\n<div class=\"mkdf-post-text\">\n<div class=\"mkdf-post-text-inner\">\n<div class=\"mkdf-post-text-main\">\n<div class=\"mkdf-post-text\">\n<div class=\"mkdf-post-text-inner\">\n<div class=\"mkdf-post-text-main\">\n<div class=\"page-title-head hgroup\">\n<div class=\"page-title-head hgroup\">\n<div class=\"page-title-head hgroup\">\n<div class=\"page-title-head hgroup\">\n<div class=\"b654a4as d2edcug0\">\n<div class=\"page-title-head hgroup\">\n<div class=\"page-title-head hgroup\">\n<div class=\"page-title-head hgroup\">\n<div class=\"page-title-head hgroup\">\n<div class=\"b654a4as d2edcug0\">\n<div class=\"page-title-head hgroup\">\n<div class=\"page-title-head hgroup\">\n<div class=\"page-title-head hgroup\">\n<div class=\"page-title-head hgroup\">\n<div class=\"b654a4as d2edcug0\">\n<div><\/div>\n<div><\/div>\n<div>\n<p><strong>MUSICA ALLA RADIO, IL PROGRAMMA DI LORIS SCUSSEL &#8220;COLLAGE OPERAZIONE NOSTALGIA&#8221; DAL LUNEDI AL VENERDI ALLE 16.00\u00a0 E ALLE 23\u00a0<\/strong><\/p>\n<\/div>\n<\/div>\n<p>&nbsp;<\/p>\n<p>&nbsp;<\/p>\n<div class=\"b654a4as d2edcug0\">\n<p><strong class=\"photoswipe-wrapper\"><a class=\"dt-pswp-item pspw-wrap-ready\" href=\"https:\/\/www.radiopiu.net\/wordpress\/wp-content\/uploads\/2022\/08\/Gaber.jpg\" data-dt-img-description=\"\" data-large_image_width=\"225\" data-large_image_height=\"225\"><img loading=\"lazy\" decoding=\"async\" class=\"size-thumbnail wp-image-293797 alignleft\" src=\"https:\/\/www.radiopiu.net\/wordpress\/wp-content\/uploads\/2022\/08\/Gaber-150x150.jpg\" sizes=\"auto, (max-width: 150px) 100vw, 150px\" srcset=\"https:\/\/www.radiopiu.net\/wordpress\/wp-content\/uploads\/2022\/08\/Gaber-150x150.jpg 150w, https:\/\/www.radiopiu.net\/wordpress\/wp-content\/uploads\/2022\/08\/Gaber.jpg 225w\" alt=\"\" width=\"150\" height=\"150\" \/><\/a>di Loris Scussel<\/strong><\/p>\n<p>La nuova settimana di Collage operazione nostalgia si apre con la musica italiana degli anni 60 poi ascolteremo alcuni brani classici rivistati in chiave moderna. Ancora canzoni ispirate a vicende di cronaca come i casi Mattei e Rubin \u201cHurricane\u201d Carter per proseguire con pezzi originali diventati cover famose in italiano, per chiudere in bellezza proporremo un menu a base di spaghetti, barbera e champagne e naturalmente una buona \u201ctazzulella e caf\u00e8\u201d. Collage va in onda dal luned\u00ec al venerd\u00ec alle 16,00 e alle 23,00 naturalmente su Radio Pi\u00f9.<\/p>\n<\/div>\n<\/div>\n<\/div>\n<\/div>\n<\/div>\n<\/div>\n<\/div>\n<\/div>\n<\/div>\n<\/div>\n<\/div>\n<\/div>\n<\/div>\n<\/div>\n<\/div>\n<\/div>\n<\/div>\n<\/div>\n<\/div>\n<\/div>\n<\/div>\n<\/div>\n<\/div>\n<\/div>\n<\/div>\n<\/div>\n<\/div>\n<\/div>\n<\/div>\n<\/div>\n<\/div>\n<\/div>\n<\/div>\n<\/div>\n<\/div>\n<\/div>\n<\/div>\n<\/div>\n<\/div>\n<\/div>\n<\/div>\n<\/div>\n<\/div>\n<\/div>\n<\/div>\n<\/div>\n<\/div>\n<\/div>\n<\/div>\n<\/div>\n<\/div>\n<\/div>\n<\/div>\n<\/div>\n<\/div>\n<\/div>\n<\/div>\n<\/div>\n<\/div>\n<\/div>\n<\/div>\n<\/div>\n<\/div>\n<\/div>\n<div>\n<div class=\"page-title-head hgroup\">\n<div class=\"page-title-head hgroup\">\n<div class=\"page-title-head hgroup\">\n<div class=\"page-title-head hgroup\">\n<div class=\"b654a4as d2edcug0\">\n<div class=\"page-title-head hgroup\">\n<div class=\"page-title-head hgroup\">\n<div class=\"page-title-head hgroup\">\n<div class=\"page-title-head hgroup\">\n<div class=\"b654a4as d2edcug0\">\n<div class=\"page-title-head hgroup\">\n<div class=\"page-title-head hgroup\">\n<div class=\"page-title-head hgroup\">\n<div class=\"page-title-head hgroup\">\n<div class=\"page-title-head hgroup\">\n<div class=\"page-title-head hgroup\">\n<div class=\"page-title-head hgroup\">\n<div class=\"page-title-head hgroup\">\n<div class=\"page-title-head hgroup\">\n<div class=\"b654a4as d2edcug0\">\n<div class=\"page-title-head hgroup\">\n<div class=\"page-title-head hgroup\">\n<div class=\"page-title-head hgroup\">\n<div class=\"page-title-head hgroup\">\n<div class=\"b654a4as d2edcug0\">\n<div class=\"page-title-head hgroup\">\n<div class=\"page-title-head hgroup\">\n<div class=\"page-title-head hgroup\">\n<div class=\"page-title-head hgroup\">\n<div class=\"page-title-head hgroup\">\n<div class=\"mkdf-post-text\">\n<div class=\"mkdf-post-text-inner\">\n<div class=\"mkdf-post-text-main\">\n<div class=\"mkdf-post-text\">\n<div class=\"mkdf-post-text-inner\">\n<div class=\"mkdf-post-text-main\">\n<div class=\"mkdf-post-text\">\n<div class=\"mkdf-post-text-inner\">\n<div class=\"mkdf-post-text-main\">\n<div class=\"page-title-head hgroup\">\n<div class=\"page-title-head hgroup\">\n<div class=\"mkdf-post-text\">\n<div class=\"mkdf-post-text-inner\">\n<div class=\"mkdf-post-text-main\">\n<div class=\"mkdf-post-text\">\n<div class=\"mkdf-post-text-inner\">\n<div class=\"mkdf-post-text-main\">\n<div class=\"page-title-head hgroup\">\n<div class=\"page-title-head hgroup\">\n<div class=\"page-title-head hgroup\">\n<div class=\"page-title-head hgroup\">\n<div class=\"b654a4as d2edcug0\">\n<div class=\"page-title-head hgroup\">\n<div class=\"page-title-head hgroup\">\n<div class=\"page-title-head hgroup\">\n<div class=\"page-title-head hgroup\">\n<div class=\"b654a4as d2edcug0\">\n<div class=\"page-title-head hgroup\">\n<div class=\"page-title-head hgroup\">\n<div class=\"page-title-head hgroup\">\n<p>&nbsp;<\/p>\n<p>&nbsp;<\/p>\n<hr \/>\n<p>&nbsp;<\/p>\n<p><a class=\"dt-pswp-item\" href=\"https:\/\/www.radiopiu.net\/wordpress\/wp-content\/uploads\/2018\/09\/WhatsApp-Image-2018-09-20-at-16.04.06.jpeg\" data-dt-img-description=\"\" data-large_image_width=\"800\" data-large_image_height=\"100\"><img loading=\"lazy\" decoding=\"async\" class=\"aligncenter wp-image-61378 size-full\" src=\"https:\/\/www.radiopiu.net\/wordpress\/wp-content\/uploads\/2018\/09\/WhatsApp-Image-2018-09-20-at-16.04.06.jpeg\" alt=\"\" width=\"800\" height=\"100\" srcset=\"https:\/\/www.radiopiu.net\/wordpress\/wp-content\/uploads\/2018\/09\/WhatsApp-Image-2018-09-20-at-16.04.06.jpeg 800w, https:\/\/www.radiopiu.net\/wordpress\/wp-content\/uploads\/2018\/09\/WhatsApp-Image-2018-09-20-at-16.04.06-300x38.jpeg 300w, https:\/\/www.radiopiu.net\/wordpress\/wp-content\/uploads\/2018\/09\/WhatsApp-Image-2018-09-20-at-16.04.06-768x96.jpeg 768w\" sizes=\"auto, (max-width: 800px) 100vw, 800px\" \/><\/a><\/p>\n<p>&nbsp;<\/p>\n<p><center><b>Lunedi 22<\/b><\/center><b>Tempo atteso: <\/b>Giornata soleggiata e pi\u00f9 asciutta rispetto a quelle precedenti, salvo la formazione di modesti e innocui cumuli solo in prossimit\u00e0 delle cime e il temporaneo transito di nubi medio-alte, specie sui settori orientali delle Prealpi e delle Dolomiti. Schiarite in serata.<br \/>\n<b>Precipitazioni: <\/b>Assenti (0%).<br \/>\n<b>Temperature: <\/b>In lieve o contenuto calo, specie in alta montagna; elevata escursione termica giornaliera. Su Prealpi a 1500 m min 11\u00b0C, max 19\u00b0C; a 2000 m min 8\u00b0C, max 15\u00b0C. Su Dolomiti a 2000 m min 6\u00b0C, max 15\u00b0C; a 3000 m min 2\u00b0C, max 5\u00b0C.<br \/>\n<b>Venti: <\/b>Nelle valli deboli al mattino, in genere moderati per brezze dalle ore centrali; in quota moderati o tesi dai quadranti settentrionali, a 5-15 km\/h a 2000 m e a 25-35 km\/h a 3000 m.<\/p>\n<hr \/>\n<p><center><b>Martedi 23<\/b><\/center><b>Tempo atteso: <\/b>Tempo ancora stabile, soleggiato e asciutto, salvo la formazione di innocui e modesti annuvolamenti in prossimit\u00e0 delle cime durante le ore diurne.<br \/>\n<b>Precipitazioni: <\/b>Assenti (0%).<br \/>\n<b>Temperature: <\/b>Generalmente stazionarie o in lieve aumento in alta montagna, su valori prossimi o leggermente superiori alla norma; clima diurno di stampo estivo con elevata escursione termica giornaliera. Su Prealpi a 1500 m min 12\u00b0C, max 20\u00b0C; a 2000 m min 9\u00b0C, max 17\u00b0C. Su Dolomiti a 2000 m min 7\u00b0C, max 17\u00b0C; a 3000 m min 3\u00b0C, max 7\u00b0C.<br \/>\n<b>Venti: <\/b>Nelle valli deboli al mattino, in genere moderati a regime di brezza dalle ore centrali. In quota in genere deboli ancora dai quadranti settentrionali, a 10-15 km\/h sia a 2000 m che a 3000 m.<\/p>\n<hr \/>\n<p><center><b>Mercoledi 24<\/b><\/center>Ancora tempo stabile e ben soleggiato con innocui addensamenti nuvolosi diurni in prossimit\u00e0 delle cime. Precipitazioni assenti. Temperature senza notevoli variazioni, salvo qualche lieve aumento in alta montagna. Venti in quota deboli o moderati dai quadranti settentrionali.<\/p>\n<hr \/>\n<p><center><b>Giovedi 25<\/b><\/center>Ancora una giornata soleggiata specie nella prima parte, con formazione di modesti cumuli limitati alle alte quote al mattino, un po&#8217; pi\u00f9 estesi rispetto ai giorni precedenti anche in alcune valli durante le ore pomeridiane, specie sulle Dolomiti; precipitazioni assenti. Temperature in lieve aumento specie le minime e in alta montagna. Venti in quota montagna deboli o moderati dai quadranti settentrionali. Previsore: M.Padoan<\/p>\n<p>&nbsp;<\/p>\n<hr \/>\n<p>&nbsp;<\/p>\n<p><a href=\"https:\/\/www.radiopiu.net\/wordpress\/giornale-radiopiu-26-settembre-2018-direttore-mirko-mezzacasa\/viabilita-2\/\" rel=\"attachment wp-att-61954\"><img loading=\"lazy\" decoding=\"async\" class=\"aligncenter wp-image-61954 size-full\" src=\"https:\/\/www.radiopiu.net\/wordpress\/wp-content\/uploads\/2018\/09\/viabilita.jpeg\" sizes=\"auto, (max-width: 800px) 100vw, 800px\" srcset=\"https:\/\/www.radiopiu.net\/wordpress\/wp-content\/uploads\/2018\/09\/viabilita.jpeg 800w, https:\/\/www.radiopiu.net\/wordpress\/wp-content\/uploads\/2018\/09\/viabilita-300x38.jpeg 300w, https:\/\/www.radiopiu.net\/wordpress\/wp-content\/uploads\/2018\/09\/viabilita-768x96.jpeg 768w\" alt=\"\" width=\"800\" height=\"100\" \/><\/a><\/p>\n<blockquote>\n<h3><\/h3>\n<h3>GALLERIA DI SEGUSINO CHIUSA PER 4 MESI<\/h3>\n<\/blockquote>\n<p><strong><a class=\"dt-pswp-item\" href=\"https:\/\/www.radiopiu.net\/wordpress\/wp-content\/uploads\/2020\/05\/VENETO-STRADE.png\" data-dt-img-description=\"\" data-large_image_width=\"400\" data-large_image_height=\"400\"><img loading=\"lazy\" decoding=\"async\" class=\" wp-image-135574 alignleft\" src=\"https:\/\/www.radiopiu.net\/wordpress\/wp-content\/uploads\/2020\/05\/VENETO-STRADE-150x150.png\" alt=\"\" width=\"102\" height=\"102\" srcset=\"https:\/\/www.radiopiu.net\/wordpress\/wp-content\/uploads\/2020\/05\/VENETO-STRADE-150x150.png 150w, https:\/\/www.radiopiu.net\/wordpress\/wp-content\/uploads\/2020\/05\/VENETO-STRADE-300x300.png 300w, https:\/\/www.radiopiu.net\/wordpress\/wp-content\/uploads\/2020\/05\/VENETO-STRADE.png 400w\" sizes=\"auto, (max-width: 102px) 100vw, 102px\" \/><\/a><\/strong><\/p>\n<p><strong>SEGUSINO<\/strong> Fino al 4 novembre, compresi sabati domeniche e festivi infrasettimanali, un&#8217;interdizione totale al transito per l&#8217;intera tratta della galleria di Segusino in seguito a dei lavori per messa in sicurezza della condotta acquedottistica<\/p>\n<p><strong>RIVAMONTE<\/strong> Veneto Strade comunica che lungo la SP 3 della Valle Imperina, a Gona di Conedera \u00e8\u00a0 istituito un senso unico alternato regolato da semaforo fino al 29 agosto compresi sabato domenica e festivi. Senso unico necessario per consentire i lavori di consolidamento della strada.<\/p>\n<blockquote class=\"wp-embedded-content\" data-secret=\"JIiIGespdk\"><p><a href=\"https:\/\/www.radiopiu.net\/wordpress\/viabilita\/\">viabilita<\/a><\/p><\/blockquote>\n<p><iframe loading=\"lazy\" class=\"wp-embedded-content\" sandbox=\"allow-scripts\" security=\"restricted\" style=\"position: absolute; clip: rect(1px, 1px, 1px, 1px);\" title=\"&#8220;viabilita&#8221; &#8212; Radio Pi\u00f9\" src=\"https:\/\/www.radiopiu.net\/wordpress\/viabilita\/embed\/#?secret=MbjQYkGNBu#?secret=JIiIGespdk\" data-secret=\"JIiIGespdk\" width=\"600\" height=\"338\" frameborder=\"0\" marginwidth=\"0\" marginheight=\"0\" scrolling=\"no\"><\/iframe><\/p>\n<p>&nbsp;<\/p>\n<hr \/>\n<p>&nbsp;<\/p>\n<p>&nbsp;<\/p>\n<p><img loading=\"lazy\" decoding=\"async\" class=\"wp-image-60761 size-full aligncenter\" src=\"https:\/\/www.radiopiu.net\/wordpress\/wp-content\/uploads\/2018\/09\/sport.jpg\" alt=\"\" width=\"800\" height=\"100\" srcset=\"https:\/\/www.radiopiu.net\/wordpress\/wp-content\/uploads\/2018\/09\/sport.jpg 800w, https:\/\/www.radiopiu.net\/wordpress\/wp-content\/uploads\/2018\/09\/sport-300x38.jpg 300w, https:\/\/www.radiopiu.net\/wordpress\/wp-content\/uploads\/2018\/09\/sport-768x96.jpg 768w\" sizes=\"auto, (max-width: 800px) 100vw, 800px\" \/><\/p>\n<\/div>\n<\/div>\n<\/div>\n<div class=\"page-title-head hgroup\">\n<div class=\"page-title-head hgroup\">\n<p>&nbsp;<\/p>\n<p><span style=\"color: #0000ff;\"><strong>SPORT &amp; SOLIDARIETA&#8217;<\/strong><\/span><\/p>\n<blockquote>\n<h3>IL GIRO DEL LAGO RAGGIUNGE L\u2019OBIETTIVO: OLTRE 4 MILA A PEDALARE, CORRERE, CAMMINARE E PATTINARE IN ALPAGO<\/h3>\n<\/blockquote>\n<p><strong>ALPAGO<\/strong> Obiettivo raggiunto. L\u2019auspicio, dichiarato in sede di presentazione dell\u2019evento, era di arrivare a 4 mila partecipanti e l\u2019auspicio \u00e8 diventato realt\u00e0: sono stati infatti 4.224 i partecipanti alla <a href=\"http:\/\/28.ma\">28.ma<\/a> edizione del Giro del Lago, l\u2019evento multisport proposto dal Comitato Alpago 2 Ruote&amp;Solidariet\u00e0 e svoltosi domenica 21 agosto in Alpago, attorno al perimetro del Lago di Santa Croce (Belluno): In programma, a partire dalle 9.30, una prova di ciclismo di 17.4 chilometri, una prova di podismo (sulla stessa distanza), una riservata alle handybike (sempre sulla medesima distanza), una sui roller (4.8 chilometri) e una pedonata (7 chilometri). In \u201cgara\u201d attorno al lago anche alcuni atleti specialisti della footbike (il monopattino sportivo con ruote e freni da bicicletta ed un telaio ergonomico) che hanno sfruttato la manifestazione come occasione per perfezionare la preparazione in vista dei campionati europei della disciplina. Partenza e arrivo fissati per tutti nella localit\u00e0 di Puos. Prove, come tradizione, senza cronometro n\u00e9 classifiche perch\u00e9 a vincere al Giro del Lago \u00e8 da sempre la solidariet\u00e0. Tutto il ricavato delle iscrizioni, infatti, andr\u00e0 come consuetudine a due associazioni che vivono esclusivamente di donazioni, vale a dire la <a href=\"https:\/\/viadinatale.org\/\">\u201cVia di Natale\u201d<\/a> e la <a href=\"https:\/\/www.associazionecucchini.it\/\">\u201cCucchini\u201d<\/a>. L\u2019associazione pordenonese \u201cVia di Natale\u201d gestisce la Casa \u201cVia di Natale\u201d di Aviano dando assistenza ai malati terminali oncologici e ospitalit\u00e0 ai familiari, mentre l\u2019associazione \u201cCucchini\u201d di Belluno, realt\u00e0 che si occupa di assistenza sanitaria, fisioterapica e sociale del malato oncologico in fase evolutiva irreversibile. \u00abSiamo riusciti a superare quota 4 mila che era quella preventivata, quindi siamo soddisfatti\u00bb sottolinea Ennio Soccal, presidente del Comitato Alpago 2 Ruote&amp;Solidariet\u00e0. \u00abAnche quest\u2019anno, grazie al supporto dei numerosi sponsor, riusciamo a devolvere l\u2019intero ricavato delle iscrizioni (7 euro a partecipante, ndr) alla Via di Natale e alla Cucchini: ad ognuna delle due associazioni andranno 14.784 euro. Si tratta di un piccolo grande contributo per il quale voglio dire grazie a tutti e ad ognuno dei partecipanti che, ancora una volta, hanno voluto essere con noi. Un grande grazie anche alle istituzioni, alle forze dell\u2019ordine e ai numerosi volontari, circa duecento, che ci hanno supportato nel giorno del Giro\u00bb. Un evento corale il Giro del Lago di Santa Croce che coinvolge l\u2019intero territorio dell\u2019Alpago e bellunese.<\/p>\n<p>&nbsp;<\/p>\n<blockquote>\n<h2><span style=\"color: #ff0000;\">FOTOGRAFIE\u00a0 Alessandro Sogne &#8211; Daniele Dalvit<\/span><\/h2>\n<\/blockquote>\n\n\t\t\t<style type='text\/css'>\n\t\t\t\t#gallery-12 {\n\t\t\t\t\tmargin: auto;\n\t\t\t\t}\n\t\t\t\t#gallery-12 .gallery-item {\n\t\t\t\t\tfloat: left;\n\t\t\t\t\tmargin-top: 10px;\n\t\t\t\t\ttext-align: center;\n\t\t\t\t\twidth: 14%;\n\t\t\t\t}\n\t\t\t\t#gallery-12 img {\n\t\t\t\t\tborder: 2px solid #cfcfcf;\n\t\t\t\t}\n\t\t\t\t#gallery-12 .gallery-caption {\n\t\t\t\t\tmargin-left: 0;\n\t\t\t\t}\n\t\t\t\t\/* see gallery_shortcode() in wp-includes\/media.php *\/\n\t\t\t<\/style>\n\t\t<div id='gallery-12' class='dt-gallery-container gallery galleryid-293708 gallery-columns-7 gallery-size-thumbnail'><dl class='gallery-item'>\n\t\t\t\t<dt class='gallery-icon landscape'>\n\t\t\t\t\t<a class=\"rollover rollover-zoom dt-pswp-item\" title=\"\u00a9EchiAlessandroSogne-8\" data-dt-img-description=\"\" data-large_image_width=\"2000\" data-large_image_height=\"1333\"href='https:\/\/www.radiopiu.net\/wordpress\/wp-content\/uploads\/2022\/08\/\u00a9EchiAlessandroSogne-8.jpg'><img loading=\"lazy\" decoding=\"async\" width=\"150\" height=\"150\" src=\"https:\/\/www.radiopiu.net\/wordpress\/wp-content\/uploads\/2022\/08\/\u00a9EchiAlessandroSogne-8-150x150.jpg\" class=\"attachment-thumbnail size-thumbnail\" alt=\"\" \/><\/a>\n\t\t\t\t<\/dt><\/dl><dl class='gallery-item'>\n\t\t\t\t<dt class='gallery-icon landscape'>\n\t\t\t\t\t<a class=\"rollover rollover-zoom dt-pswp-item\" title=\"\u00a9EchiAlessandroSogne-4\" data-dt-img-description=\"\" data-large_image_width=\"2000\" data-large_image_height=\"1333\"href='https:\/\/www.radiopiu.net\/wordpress\/wp-content\/uploads\/2022\/08\/\u00a9EchiAlessandroSogne-4.jpg'><img loading=\"lazy\" decoding=\"async\" width=\"150\" height=\"150\" src=\"https:\/\/www.radiopiu.net\/wordpress\/wp-content\/uploads\/2022\/08\/\u00a9EchiAlessandroSogne-4-150x150.jpg\" class=\"attachment-thumbnail size-thumbnail\" alt=\"\" \/><\/a>\n\t\t\t\t<\/dt><\/dl><dl class='gallery-item'>\n\t\t\t\t<dt class='gallery-icon landscape'>\n\t\t\t\t\t<a class=\"rollover rollover-zoom dt-pswp-item\" title=\"\u00a9EchiAlessandroSogne 28\" data-dt-img-description=\"\" data-large_image_width=\"2000\" data-large_image_height=\"1333\"href='https:\/\/www.radiopiu.net\/wordpress\/wp-content\/uploads\/2022\/08\/\u00a9EchiAlessandroSogne-28.jpg'><img loading=\"lazy\" decoding=\"async\" width=\"150\" height=\"150\" src=\"https:\/\/www.radiopiu.net\/wordpress\/wp-content\/uploads\/2022\/08\/\u00a9EchiAlessandroSogne-28-150x150.jpg\" class=\"attachment-thumbnail size-thumbnail\" alt=\"\" \/><\/a>\n\t\t\t\t<\/dt><\/dl><dl class='gallery-item'>\n\t\t\t\t<dt class='gallery-icon landscape'>\n\t\t\t\t\t<a class=\"rollover rollover-zoom dt-pswp-item\" title=\"\u00a9EchiAlessandroSogne-6\" data-dt-img-description=\"\" data-large_image_width=\"2000\" data-large_image_height=\"1333\"href='https:\/\/www.radiopiu.net\/wordpress\/wp-content\/uploads\/2022\/08\/\u00a9EchiAlessandroSogne-6.jpg'><img loading=\"lazy\" decoding=\"async\" width=\"150\" height=\"150\" src=\"https:\/\/www.radiopiu.net\/wordpress\/wp-content\/uploads\/2022\/08\/\u00a9EchiAlessandroSogne-6-150x150.jpg\" class=\"attachment-thumbnail size-thumbnail\" alt=\"\" \/><\/a>\n\t\t\t\t<\/dt><\/dl><dl class='gallery-item'>\n\t\t\t\t<dt class='gallery-icon landscape'>\n\t\t\t\t\t<a class=\"rollover rollover-zoom dt-pswp-item\" title=\"\u00a9EchiAlessandroSogne-9\" data-dt-img-description=\"\" data-large_image_width=\"2000\" data-large_image_height=\"1333\"href='https:\/\/www.radiopiu.net\/wordpress\/wp-content\/uploads\/2022\/08\/\u00a9EchiAlessandroSogne-9.jpg'><img loading=\"lazy\" decoding=\"async\" width=\"150\" height=\"150\" src=\"https:\/\/www.radiopiu.net\/wordpress\/wp-content\/uploads\/2022\/08\/\u00a9EchiAlessandroSogne-9-150x150.jpg\" class=\"attachment-thumbnail size-thumbnail\" alt=\"\" \/><\/a>\n\t\t\t\t<\/dt><\/dl><dl class='gallery-item'>\n\t\t\t\t<dt class='gallery-icon landscape'>\n\t\t\t\t\t<a class=\"rollover rollover-zoom dt-pswp-item\" title=\"\u00a9Dolomiticomunicazione-18\" data-dt-img-description=\"\" data-large_image_width=\"2000\" data-large_image_height=\"1333\"href='https:\/\/www.radiopiu.net\/wordpress\/wp-content\/uploads\/2022\/08\/\u00a9Dolomiticomunicazione-18.jpg'><img loading=\"lazy\" decoding=\"async\" width=\"150\" height=\"150\" src=\"https:\/\/www.radiopiu.net\/wordpress\/wp-content\/uploads\/2022\/08\/\u00a9Dolomiticomunicazione-18-150x150.jpg\" class=\"attachment-thumbnail size-thumbnail\" alt=\"\" \/><\/a>\n\t\t\t\t<\/dt><\/dl><dl class='gallery-item'>\n\t\t\t\t<dt class='gallery-icon landscape'>\n\t\t\t\t\t<a class=\"rollover rollover-zoom dt-pswp-item\" title=\"\u00a9EchiAlessandroSogne-19\" data-dt-img-description=\"\" data-large_image_width=\"2000\" data-large_image_height=\"1333\"href='https:\/\/www.radiopiu.net\/wordpress\/wp-content\/uploads\/2022\/08\/\u00a9EchiAlessandroSogne-19.jpg'><img loading=\"lazy\" decoding=\"async\" width=\"150\" height=\"150\" src=\"https:\/\/www.radiopiu.net\/wordpress\/wp-content\/uploads\/2022\/08\/\u00a9EchiAlessandroSogne-19-150x150.jpg\" class=\"attachment-thumbnail size-thumbnail\" alt=\"\" \/><\/a>\n\t\t\t\t<\/dt><\/dl><br style=\"clear: both\" \/><dl class='gallery-item'>\n\t\t\t\t<dt class='gallery-icon landscape'>\n\t\t\t\t\t<a class=\"rollover rollover-zoom dt-pswp-item\" title=\"\u00a9Dolomiticomunicazione-12\" data-dt-img-description=\"\" data-large_image_width=\"2000\" data-large_image_height=\"1333\"href='https:\/\/www.radiopiu.net\/wordpress\/wp-content\/uploads\/2022\/08\/\u00a9Dolomiticomunicazione-12.jpg'><img loading=\"lazy\" decoding=\"async\" width=\"150\" height=\"150\" src=\"https:\/\/www.radiopiu.net\/wordpress\/wp-content\/uploads\/2022\/08\/\u00a9Dolomiticomunicazione-12-150x150.jpg\" class=\"attachment-thumbnail size-thumbnail\" alt=\"\" \/><\/a>\n\t\t\t\t<\/dt><\/dl><dl class='gallery-item'>\n\t\t\t\t<dt class='gallery-icon landscape'>\n\t\t\t\t\t<a class=\"rollover rollover-zoom dt-pswp-item\" title=\"\u00a9Dolomiticomunicazione-17\" data-dt-img-description=\"\" data-large_image_width=\"2000\" data-large_image_height=\"1333\"href='https:\/\/www.radiopiu.net\/wordpress\/wp-content\/uploads\/2022\/08\/\u00a9Dolomiticomunicazione-17.jpg'><img loading=\"lazy\" decoding=\"async\" width=\"150\" height=\"150\" src=\"https:\/\/www.radiopiu.net\/wordpress\/wp-content\/uploads\/2022\/08\/\u00a9Dolomiticomunicazione-17-150x150.jpg\" class=\"attachment-thumbnail size-thumbnail\" alt=\"\" \/><\/a>\n\t\t\t\t<\/dt><\/dl><dl class='gallery-item'>\n\t\t\t\t<dt class='gallery-icon landscape'>\n\t\t\t\t\t<a class=\"rollover rollover-zoom dt-pswp-item\" title=\"\u00a9Dolomiticomunicazione-20\" data-dt-img-description=\"\" data-large_image_width=\"2000\" data-large_image_height=\"1333\"href='https:\/\/www.radiopiu.net\/wordpress\/wp-content\/uploads\/2022\/08\/\u00a9Dolomiticomunicazione-20.jpg'><img loading=\"lazy\" decoding=\"async\" width=\"150\" height=\"150\" src=\"https:\/\/www.radiopiu.net\/wordpress\/wp-content\/uploads\/2022\/08\/\u00a9Dolomiticomunicazione-20-150x150.jpg\" class=\"attachment-thumbnail size-thumbnail\" alt=\"\" \/><\/a>\n\t\t\t\t<\/dt><\/dl><dl class='gallery-item'>\n\t\t\t\t<dt class='gallery-icon landscape'>\n\t\t\t\t\t<a class=\"rollover rollover-zoom dt-pswp-item\" title=\"\u00a9EchiAlessandroSogne-7\" data-dt-img-description=\"\" data-large_image_width=\"2000\" data-large_image_height=\"1333\"href='https:\/\/www.radiopiu.net\/wordpress\/wp-content\/uploads\/2022\/08\/\u00a9EchiAlessandroSogne-7.jpg'><img loading=\"lazy\" decoding=\"async\" width=\"150\" height=\"150\" src=\"https:\/\/www.radiopiu.net\/wordpress\/wp-content\/uploads\/2022\/08\/\u00a9EchiAlessandroSogne-7-150x150.jpg\" class=\"attachment-thumbnail size-thumbnail\" alt=\"\" \/><\/a>\n\t\t\t\t<\/dt><\/dl><dl class='gallery-item'>\n\t\t\t\t<dt class='gallery-icon landscape'>\n\t\t\t\t\t<a class=\"rollover rollover-zoom dt-pswp-item\" title=\"\u00a9Dolomiticomunicazione-25\" data-dt-img-description=\"\" data-large_image_width=\"2000\" data-large_image_height=\"1333\"href='https:\/\/www.radiopiu.net\/wordpress\/wp-content\/uploads\/2022\/08\/\u00a9Dolomiticomunicazione-25.jpg'><img loading=\"lazy\" decoding=\"async\" width=\"150\" height=\"150\" src=\"https:\/\/www.radiopiu.net\/wordpress\/wp-content\/uploads\/2022\/08\/\u00a9Dolomiticomunicazione-25-150x150.jpg\" class=\"attachment-thumbnail size-thumbnail\" alt=\"\" \/><\/a>\n\t\t\t\t<\/dt><\/dl><dl class='gallery-item'>\n\t\t\t\t<dt class='gallery-icon landscape'>\n\t\t\t\t\t<a class=\"rollover rollover-zoom dt-pswp-item\" title=\"\u00a9Dolomiticomunicazione-5\" data-dt-img-description=\"\" data-large_image_width=\"2000\" data-large_image_height=\"1333\"href='https:\/\/www.radiopiu.net\/wordpress\/wp-content\/uploads\/2022\/08\/\u00a9Dolomiticomunicazione-5.jpg'><img loading=\"lazy\" decoding=\"async\" width=\"150\" height=\"150\" src=\"https:\/\/www.radiopiu.net\/wordpress\/wp-content\/uploads\/2022\/08\/\u00a9Dolomiticomunicazione-5-150x150.jpg\" class=\"attachment-thumbnail size-thumbnail\" alt=\"\" \/><\/a>\n\t\t\t\t<\/dt><\/dl><dl class='gallery-item'>\n\t\t\t\t<dt class='gallery-icon landscape'>\n\t\t\t\t\t<a class=\"rollover rollover-zoom dt-pswp-item\" title=\"\u00a9EchiAlessandroSogne\" data-dt-img-description=\"\" data-large_image_width=\"2000\" data-large_image_height=\"1333\"href='https:\/\/www.radiopiu.net\/wordpress\/wp-content\/uploads\/2022\/08\/\u00a9EchiAlessandroSogne.jpg'><img loading=\"lazy\" decoding=\"async\" width=\"150\" height=\"150\" src=\"https:\/\/www.radiopiu.net\/wordpress\/wp-content\/uploads\/2022\/08\/\u00a9EchiAlessandroSogne-150x150.jpg\" class=\"attachment-thumbnail size-thumbnail\" alt=\"\" \/><\/a>\n\t\t\t\t<\/dt><\/dl><br style=\"clear: both\" \/><dl class='gallery-item'>\n\t\t\t\t<dt class='gallery-icon landscape'>\n\t\t\t\t\t<a class=\"rollover rollover-zoom dt-pswp-item\" title=\"\u00a9EchiAlessandroSogne-5\" data-dt-img-description=\"\" data-large_image_width=\"2000\" data-large_image_height=\"1333\"href='https:\/\/www.radiopiu.net\/wordpress\/wp-content\/uploads\/2022\/08\/\u00a9EchiAlessandroSogne-5.jpg'><img loading=\"lazy\" decoding=\"async\" width=\"150\" height=\"150\" src=\"https:\/\/www.radiopiu.net\/wordpress\/wp-content\/uploads\/2022\/08\/\u00a9EchiAlessandroSogne-5-150x150.jpg\" class=\"attachment-thumbnail size-thumbnail\" alt=\"\" \/><\/a>\n\t\t\t\t<\/dt><\/dl><dl class='gallery-item'>\n\t\t\t\t<dt class='gallery-icon landscape'>\n\t\t\t\t\t<a class=\"rollover rollover-zoom dt-pswp-item\" title=\"\u00a9EchiAlessandroSogne-11\" data-dt-img-description=\"\" data-large_image_width=\"2000\" data-large_image_height=\"1333\"href='https:\/\/www.radiopiu.net\/wordpress\/wp-content\/uploads\/2022\/08\/\u00a9EchiAlessandroSogne-11.jpg'><img loading=\"lazy\" decoding=\"async\" width=\"150\" height=\"150\" src=\"https:\/\/www.radiopiu.net\/wordpress\/wp-content\/uploads\/2022\/08\/\u00a9EchiAlessandroSogne-11-150x150.jpg\" class=\"attachment-thumbnail size-thumbnail\" alt=\"\" \/><\/a>\n\t\t\t\t<\/dt><\/dl><dl class='gallery-item'>\n\t\t\t\t<dt class='gallery-icon landscape'>\n\t\t\t\t\t<a class=\"rollover rollover-zoom dt-pswp-item\" title=\"\u00a9EchiAlessandroSogne-12\" data-dt-img-description=\"\" data-large_image_width=\"2000\" data-large_image_height=\"1333\"href='https:\/\/www.radiopiu.net\/wordpress\/wp-content\/uploads\/2022\/08\/\u00a9EchiAlessandroSogne-12.jpg'><img loading=\"lazy\" decoding=\"async\" width=\"150\" height=\"150\" src=\"https:\/\/www.radiopiu.net\/wordpress\/wp-content\/uploads\/2022\/08\/\u00a9EchiAlessandroSogne-12-150x150.jpg\" class=\"attachment-thumbnail size-thumbnail\" alt=\"\" \/><\/a>\n\t\t\t\t<\/dt><\/dl><dl class='gallery-item'>\n\t\t\t\t<dt class='gallery-icon landscape'>\n\t\t\t\t\t<a class=\"rollover rollover-zoom dt-pswp-item\" title=\"\u00a9EchiAlessandroSogne-15\" data-dt-img-description=\"\" data-large_image_width=\"2000\" data-large_image_height=\"1333\"href='https:\/\/www.radiopiu.net\/wordpress\/wp-content\/uploads\/2022\/08\/\u00a9EchiAlessandroSogne-15.jpg'><img loading=\"lazy\" decoding=\"async\" width=\"150\" height=\"150\" src=\"https:\/\/www.radiopiu.net\/wordpress\/wp-content\/uploads\/2022\/08\/\u00a9EchiAlessandroSogne-15-150x150.jpg\" class=\"attachment-thumbnail size-thumbnail\" alt=\"\" \/><\/a>\n\t\t\t\t<\/dt><\/dl><dl class='gallery-item'>\n\t\t\t\t<dt class='gallery-icon landscape'>\n\t\t\t\t\t<a class=\"rollover rollover-zoom dt-pswp-item\" title=\"\u00a9EchiAlessandroSogne-16\" data-dt-img-description=\"\" data-large_image_width=\"2000\" data-large_image_height=\"1333\"href='https:\/\/www.radiopiu.net\/wordpress\/wp-content\/uploads\/2022\/08\/\u00a9EchiAlessandroSogne-16.jpg'><img loading=\"lazy\" decoding=\"async\" width=\"150\" height=\"150\" src=\"https:\/\/www.radiopiu.net\/wordpress\/wp-content\/uploads\/2022\/08\/\u00a9EchiAlessandroSogne-16-150x150.jpg\" class=\"attachment-thumbnail size-thumbnail\" alt=\"\" \/><\/a>\n\t\t\t\t<\/dt><\/dl><dl class='gallery-item'>\n\t\t\t\t<dt class='gallery-icon landscape'>\n\t\t\t\t\t<a class=\"rollover rollover-zoom dt-pswp-item\" title=\"\u00a9EchiAlessandroSogne-17\" data-dt-img-description=\"\" data-large_image_width=\"2000\" data-large_image_height=\"1333\"href='https:\/\/www.radiopiu.net\/wordpress\/wp-content\/uploads\/2022\/08\/\u00a9EchiAlessandroSogne-17.jpg'><img loading=\"lazy\" decoding=\"async\" width=\"150\" height=\"150\" src=\"https:\/\/www.radiopiu.net\/wordpress\/wp-content\/uploads\/2022\/08\/\u00a9EchiAlessandroSogne-17-150x150.jpg\" class=\"attachment-thumbnail size-thumbnail\" alt=\"\" \/><\/a>\n\t\t\t\t<\/dt><\/dl><dl class='gallery-item'>\n\t\t\t\t<dt class='gallery-icon landscape'>\n\t\t\t\t\t<a class=\"rollover rollover-zoom dt-pswp-item\" title=\"\u00a9EchiAlessandroSogne-20\" data-dt-img-description=\"\" data-large_image_width=\"2000\" data-large_image_height=\"1333\"href='https:\/\/www.radiopiu.net\/wordpress\/wp-content\/uploads\/2022\/08\/\u00a9EchiAlessandroSogne-20.jpg'><img loading=\"lazy\" decoding=\"async\" width=\"150\" height=\"150\" src=\"https:\/\/www.radiopiu.net\/wordpress\/wp-content\/uploads\/2022\/08\/\u00a9EchiAlessandroSogne-20-150x150.jpg\" class=\"attachment-thumbnail size-thumbnail\" alt=\"\" \/><\/a>\n\t\t\t\t<\/dt><\/dl><br style=\"clear: both\" \/><dl class='gallery-item'>\n\t\t\t\t<dt class='gallery-icon landscape'>\n\t\t\t\t\t<a class=\"rollover rollover-zoom dt-pswp-item\" title=\"\u00a9EchiAlessandroSogne-25\" data-dt-img-description=\"\" data-large_image_width=\"2000\" data-large_image_height=\"1333\"href='https:\/\/www.radiopiu.net\/wordpress\/wp-content\/uploads\/2022\/08\/\u00a9EchiAlessandroSogne-25.jpg'><img loading=\"lazy\" decoding=\"async\" width=\"150\" height=\"150\" src=\"https:\/\/www.radiopiu.net\/wordpress\/wp-content\/uploads\/2022\/08\/\u00a9EchiAlessandroSogne-25-150x150.jpg\" class=\"attachment-thumbnail size-thumbnail\" alt=\"\" \/><\/a>\n\t\t\t\t<\/dt><\/dl><dl class='gallery-item'>\n\t\t\t\t<dt class='gallery-icon landscape'>\n\t\t\t\t\t<a class=\"rollover rollover-zoom dt-pswp-item\" title=\"\u00a9EchiAlessandroSogne-26\" data-dt-img-description=\"\" data-large_image_width=\"2000\" data-large_image_height=\"1333\"href='https:\/\/www.radiopiu.net\/wordpress\/wp-content\/uploads\/2022\/08\/\u00a9EchiAlessandroSogne-26.jpg'><img loading=\"lazy\" decoding=\"async\" width=\"150\" height=\"150\" src=\"https:\/\/www.radiopiu.net\/wordpress\/wp-content\/uploads\/2022\/08\/\u00a9EchiAlessandroSogne-26-150x150.jpg\" class=\"attachment-thumbnail size-thumbnail\" alt=\"\" \/><\/a>\n\t\t\t\t<\/dt><\/dl><dl class='gallery-item'>\n\t\t\t\t<dt class='gallery-icon landscape'>\n\t\t\t\t\t<a class=\"rollover rollover-zoom dt-pswp-item\" title=\"\u00a9EchiAlessandroSogne-29\" data-dt-img-description=\"\" data-large_image_width=\"2000\" data-large_image_height=\"1333\"href='https:\/\/www.radiopiu.net\/wordpress\/wp-content\/uploads\/2022\/08\/\u00a9EchiAlessandroSogne-29.jpg'><img loading=\"lazy\" decoding=\"async\" width=\"150\" height=\"150\" src=\"https:\/\/www.radiopiu.net\/wordpress\/wp-content\/uploads\/2022\/08\/\u00a9EchiAlessandroSogne-29-150x150.jpg\" class=\"attachment-thumbnail size-thumbnail\" alt=\"\" \/><\/a>\n\t\t\t\t<\/dt><\/dl><dl class='gallery-item'>\n\t\t\t\t<dt class='gallery-icon landscape'>\n\t\t\t\t\t<a class=\"rollover rollover-zoom dt-pswp-item\" title=\"\u00a9Dolomiticomunicazione\" data-dt-img-description=\"\" data-large_image_width=\"2000\" data-large_image_height=\"1333\"href='https:\/\/www.radiopiu.net\/wordpress\/wp-content\/uploads\/2022\/08\/\u00a9Dolomiticomunicazione.jpg'><img loading=\"lazy\" decoding=\"async\" width=\"150\" height=\"150\" src=\"https:\/\/www.radiopiu.net\/wordpress\/wp-content\/uploads\/2022\/08\/\u00a9Dolomiticomunicazione-150x150.jpg\" class=\"attachment-thumbnail size-thumbnail\" alt=\"\" \/><\/a>\n\t\t\t\t<\/dt><\/dl><dl class='gallery-item'>\n\t\t\t\t<dt class='gallery-icon landscape'>\n\t\t\t\t\t<a class=\"rollover rollover-zoom dt-pswp-item\" title=\"\u00a9Dolomiticomunicazione-2\" data-dt-img-description=\"\" data-large_image_width=\"2000\" data-large_image_height=\"1333\"href='https:\/\/www.radiopiu.net\/wordpress\/wp-content\/uploads\/2022\/08\/\u00a9Dolomiticomunicazione-2.jpg'><img loading=\"lazy\" decoding=\"async\" width=\"150\" height=\"150\" src=\"https:\/\/www.radiopiu.net\/wordpress\/wp-content\/uploads\/2022\/08\/\u00a9Dolomiticomunicazione-2-150x150.jpg\" class=\"attachment-thumbnail size-thumbnail\" alt=\"\" \/><\/a>\n\t\t\t\t<\/dt><\/dl><dl class='gallery-item'>\n\t\t\t\t<dt class='gallery-icon landscape'>\n\t\t\t\t\t<a class=\"rollover rollover-zoom dt-pswp-item\" title=\"\u00a9Dolomiticomunicazione-6\" data-dt-img-description=\"\" data-large_image_width=\"2000\" data-large_image_height=\"1333\"href='https:\/\/www.radiopiu.net\/wordpress\/wp-content\/uploads\/2022\/08\/\u00a9Dolomiticomunicazione-6.jpg'><img loading=\"lazy\" decoding=\"async\" width=\"150\" height=\"150\" src=\"https:\/\/www.radiopiu.net\/wordpress\/wp-content\/uploads\/2022\/08\/\u00a9Dolomiticomunicazione-6-150x150.jpg\" class=\"attachment-thumbnail size-thumbnail\" alt=\"\" \/><\/a>\n\t\t\t\t<\/dt><\/dl><dl class='gallery-item'>\n\t\t\t\t<dt class='gallery-icon landscape'>\n\t\t\t\t\t<a class=\"rollover rollover-zoom dt-pswp-item\" title=\"\u00a9Dolomiticomunicazione-10\" data-dt-img-description=\"\" data-large_image_width=\"2000\" data-large_image_height=\"1333\"href='https:\/\/www.radiopiu.net\/wordpress\/wp-content\/uploads\/2022\/08\/\u00a9Dolomiticomunicazione-10.jpg'><img loading=\"lazy\" decoding=\"async\" width=\"150\" height=\"150\" src=\"https:\/\/www.radiopiu.net\/wordpress\/wp-content\/uploads\/2022\/08\/\u00a9Dolomiticomunicazione-10-150x150.jpg\" class=\"attachment-thumbnail size-thumbnail\" alt=\"\" \/><\/a>\n\t\t\t\t<\/dt><\/dl><br style=\"clear: both\" \/>\n\t\t\t<\/div>\n\n<p>&nbsp;<\/p>\n<p>&nbsp;<\/p>\n<\/div>\n<\/div>\n<\/div>\n<\/div>\n<\/div>\n<\/div>\n<\/div>\n<\/div>\n<\/div>\n<\/div>\n<\/div>\n<\/div>\n<\/div>\n<\/div>\n<\/div>\n<\/div>\n<\/div>\n<\/div>\n<\/div>\n<\/div>\n<\/div>\n<\/div>\n<\/div>\n<\/div>\n<\/div>\n<\/div>\n<\/div>\n<\/div>\n<\/div>\n<\/div>\n<\/div>\n<\/div>\n<\/div>\n<\/div>\n<\/div>\n<\/div>\n<\/div>\n<\/div>\n<\/div>\n<\/div>\n<\/div>\n<\/div>\n<\/div>\n<\/div>\n<\/div>\n<\/div>\n<\/div>\n<\/div>\n<\/div>\n<\/div>\n<\/div>\n<\/div>\n<\/div>\n<\/div>\n<\/div>\n<\/div>\n<\/div>\n<\/div>\n<\/div>\n<\/div>\n<\/div>\n<\/div>\n<\/div>\n<\/div>\n<\/div>\n<\/div>\n<\/div>\n<\/div>\n<\/div>\n<\/div>\n<\/div>\n<\/div>\n<\/div>\n<\/div>\n<\/div>\n<\/div>\n<\/div>\n<\/div>\n<\/div>\n<\/div>\n<\/div>\n<\/div>\n<\/div>\n<\/div>\n<\/div>\n<\/div>\n<\/div>\n<\/div>\n<\/div>\n<\/div>\n<\/div>\n<\/div>\n<\/div>\n<\/div>\n<\/div>\n<\/div>\n<\/div>\n<\/div>\n<\/div>\n<\/div>\n<\/div>\n<\/div>\n<\/div>\n","protected":false},"excerpt":{"rendered":"<p>RADIO PIU INFORMAZIONE il canale su TELEGRAM informazione di prima\u00a0 mano e in tempo reale. iscriviti ed aiutaci a farlo conoscere\u00a0 \u00a0 IN CAMMINO VERSO LA BEATIFICAZIONE DI PAPA LUCIANI, GIOVANNI PAOLO I &nbsp; PRIMA TAPPA, LE MESSE DEL 26 AGOSTO E 28 AGOSTO &nbsp; &nbsp; &nbsp; &nbsp; ACQUA NON POTABILE A MOE&#8217; DI LASTE&hellip;<\/p>\n","protected":false},"author":4,"featured_media":293962,"comment_status":"closed","ping_status":"closed","sticky":false,"template":"","format":"standard","meta":{"_monsterinsights_skip_tracking":false,"_monsterinsights_sitenote_active":false,"_monsterinsights_sitenote_note":"","_monsterinsights_sitenote_category":0,"footnotes":""},"categories":[51,86,49],"tags":[],"class_list":["post-293708","post","type-post","status-publish","format-standard","has-post-thumbnail","hentry","category-evidenza-top","category-gr","category-news-18","category-51","category-86","category-49","description-off"],"img_url":"https:\/\/www.radiopiu.net\/wordpress\/wp-content\/uploads\/2022\/08\/AAA-23.jpg","_links":{"self":[{"href":"https:\/\/www.radiopiu.net\/wordpress\/wp-json\/wp\/v2\/posts\/293708","targetHints":{"allow":["GET"]}}],"collection":[{"href":"https:\/\/www.radiopiu.net\/wordpress\/wp-json\/wp\/v2\/posts"}],"about":[{"href":"https:\/\/www.radiopiu.net\/wordpress\/wp-json\/wp\/v2\/types\/post"}],"author":[{"embeddable":true,"href":"https:\/\/www.radiopiu.net\/wordpress\/wp-json\/wp\/v2\/users\/4"}],"replies":[{"embeddable":true,"href":"https:\/\/www.radiopiu.net\/wordpress\/wp-json\/wp\/v2\/comments?post=293708"}],"version-history":[{"count":0,"href":"https:\/\/www.radiopiu.net\/wordpress\/wp-json\/wp\/v2\/posts\/293708\/revisions"}],"wp:featuredmedia":[{"embeddable":true,"href":"https:\/\/www.radiopiu.net\/wordpress\/wp-json\/wp\/v2\/media\/293962"}],"wp:attachment":[{"href":"https:\/\/www.radiopiu.net\/wordpress\/wp-json\/wp\/v2\/media?parent=293708"}],"wp:term":[{"taxonomy":"category","embeddable":true,"href":"https:\/\/www.radiopiu.net\/wordpress\/wp-json\/wp\/v2\/categories?post=293708"},{"taxonomy":"post_tag","embeddable":true,"href":"https:\/\/www.radiopiu.net\/wordpress\/wp-json\/wp\/v2\/tags?post=293708"}],"curies":[{"name":"wp","href":"https:\/\/api.w.org\/{rel}","templated":true}]}}