{"id":293719,"date":"2022-08-20T12:46:26","date_gmt":"2022-08-20T10:46:26","guid":{"rendered":"https:\/\/www.radiopiu.net\/wordpress\/?p=293719"},"modified":"2022-08-20T12:46:26","modified_gmt":"2022-08-20T10:46:26","slug":"dillo-a-radio-piu-un-divieto-che-non-e-un-divieto-e-le-immondizie-sono-nostrane","status":"publish","type":"post","link":"https:\/\/www.radiopiu.net\/wordpress\/dillo-a-radio-piu-un-divieto-che-non-e-un-divieto-e-le-immondizie-sono-nostrane\/","title":{"rendered":"DILLO A RADIO PIU&#8217;&#8230; UN DIVIETO &#8230; CHE NON E&#8217; UN DIVIETO E LE IMMONDIZIE SONO NOSTRANE"},"content":{"rendered":"<p>RICEVIAMO E VOLENTIERI PUBBLICHIAMO<\/p>\n<p>&nbsp;<\/p>\n<p><strong><img loading=\"lazy\" decoding=\"async\" class=\"alignleft\" src=\"https:\/\/www.radiopiu.net\/wordpress\/wp-content\/uploads\/2022\/08\/1bc0837e-481d-4c4e-8631-1c54dcff76c9.jpg\" width=\"301\" height=\"226\" \/>REDAZIONE<\/strong>\u00a0 Frequento Taibon Agordino da diversi anni e possiedo un camper (tra l&#8217;altro \u00e8 il primo che appare nelle foto da voi pubblicate) e devo fare alcune precisazioni: il divieto posto in essere (comparso quest&#8217;anno) non vieta la sosta ai camper, poich\u00e9 questi rientrano nella categoria M1 (automobili) e se non sporgono dagli spazi di parcheggio non sono sanzionabili, come le stesse auto. In loco vige un carico\/scarico, quindi viene abbastanza naturale fermarsi <a class=\"dt-pswp-item\" href=\"https:\/\/www.radiopiu.net\/wordpress\/wp-content\/uploads\/2022\/08\/16a6ef3f-c219-4a94-b280-8ef75564280f.jpg\" data-dt-img-description=\"\" data-large_image_width=\"1600\" data-large_image_height=\"1200\"><img loading=\"lazy\" decoding=\"async\" class=\"size-thumbnail wp-image-292176 alignright\" src=\"https:\/\/www.radiopiu.net\/wordpress\/wp-content\/uploads\/2022\/08\/16a6ef3f-c219-4a94-b280-8ef75564280f-150x150.jpg\" alt=\"\" width=\"150\" height=\"150\" \/><\/a>l\u00e0. Quel divieto di campeggio pu\u00f2 semmai riferirsi all&#8217;apertura di tendalini o al piazzamento di tende nel parcheggio . Quanto ai rifiuti e all&#8217;incivilt\u00e0, vorrei precisare che dopo due notti di sosta l&#8217;area era come l&#8217;ho trovata, le uniche due note dolenti sono state un signore con il cane che verso le 22 ha lanciato una lattina vuota verso i camper e un&#8217;ape che intorno a mezzanotte ha lanciato un sacchetto di immondizia, entrambe la sera del 9 agosto. Aggiungo che dei quattro camper in foto, uno probabilmente \u00e8 di qualche abitante di Taibon poich\u00e9 era vuoto entrambe le sere e, dal lato non fotografato, c&#8217;\u00e8 un altro camper che sta sempre parcheggiato l\u00e0. Dispiace vedere i cittadini che fotografano di nascosto. Sarebbe bello invece vedere qualche parcheggio pi\u00f9 curato, anche a pagamento, vista la bella area appena terminata poco oltre il torrente.<\/p>\n<div dir=\"auto\"><strong>Marco Meneguz\u00a0<\/strong><\/div>\n<div dir=\"auto\"><\/div>\n<div dir=\"auto\"><\/div>\n<div dir=\"auto\"><\/div>\n<div dir=\"auto\">\n<hr \/>\n<\/div>\n","protected":false},"excerpt":{"rendered":"<p>RICEVIAMO E VOLENTIERI PUBBLICHIAMO &nbsp; REDAZIONE\u00a0 Frequento Taibon Agordino da diversi anni e possiedo un camper (tra l&#8217;altro \u00e8 il primo che appare nelle foto da voi pubblicate) e devo fare alcune precisazioni: il divieto posto in essere (comparso quest&#8217;anno) non vieta la sosta ai camper, poich\u00e9 questi rientrano nella categoria M1 (automobili) e se&hellip;<\/p>\n","protected":false},"author":4,"featured_media":292177,"comment_status":"closed","ping_status":"closed","sticky":false,"template":"","format":"standard","meta":{"_monsterinsights_skip_tracking":false,"_monsterinsights_sitenote_active":false,"_monsterinsights_sitenote_note":"","_monsterinsights_sitenote_category":0,"footnotes":""},"categories":[51,49],"tags":[],"class_list":["post-293719","post","type-post","status-publish","format-standard","has-post-thumbnail","hentry","category-evidenza-top","category-news-18","category-51","category-49","description-off"],"img_url":"https:\/\/www.radiopiu.net\/wordpress\/wp-content\/uploads\/2022\/08\/1bc0837e-481d-4c4e-8631-1c54dcff76c9.jpg","_links":{"self":[{"href":"https:\/\/www.radiopiu.net\/wordpress\/wp-json\/wp\/v2\/posts\/293719","targetHints":{"allow":["GET"]}}],"collection":[{"href":"https:\/\/www.radiopiu.net\/wordpress\/wp-json\/wp\/v2\/posts"}],"about":[{"href":"https:\/\/www.radiopiu.net\/wordpress\/wp-json\/wp\/v2\/types\/post"}],"author":[{"embeddable":true,"href":"https:\/\/www.radiopiu.net\/wordpress\/wp-json\/wp\/v2\/users\/4"}],"replies":[{"embeddable":true,"href":"https:\/\/www.radiopiu.net\/wordpress\/wp-json\/wp\/v2\/comments?post=293719"}],"version-history":[{"count":0,"href":"https:\/\/www.radiopiu.net\/wordpress\/wp-json\/wp\/v2\/posts\/293719\/revisions"}],"wp:featuredmedia":[{"embeddable":true,"href":"https:\/\/www.radiopiu.net\/wordpress\/wp-json\/wp\/v2\/media\/292177"}],"wp:attachment":[{"href":"https:\/\/www.radiopiu.net\/wordpress\/wp-json\/wp\/v2\/media?parent=293719"}],"wp:term":[{"taxonomy":"category","embeddable":true,"href":"https:\/\/www.radiopiu.net\/wordpress\/wp-json\/wp\/v2\/categories?post=293719"},{"taxonomy":"post_tag","embeddable":true,"href":"https:\/\/www.radiopiu.net\/wordpress\/wp-json\/wp\/v2\/tags?post=293719"}],"curies":[{"name":"wp","href":"https:\/\/api.w.org\/{rel}","templated":true}]}}