{"id":293727,"date":"2022-08-20T13:13:09","date_gmt":"2022-08-20T11:13:09","guid":{"rendered":"https:\/\/www.radiopiu.net\/wordpress\/?p=293727"},"modified":"2022-08-20T13:13:09","modified_gmt":"2022-08-20T11:13:09","slug":"il-calendario-della-polizia-di-stato-2023","status":"publish","type":"post","link":"https:\/\/www.radiopiu.net\/wordpress\/il-calendario-della-polizia-di-stato-2023\/","title":{"rendered":"IL CALENDARIO DELLA POLIZIA DI STATO 2023"},"content":{"rendered":"<p><strong><a class=\"dt-pswp-item\" href=\"https:\/\/www.radiopiu.net\/wordpress\/wp-content\/uploads\/2022\/08\/foto-1-.jpeg\" data-dt-img-description=\"\" data-large_image_width=\"1600\" data-large_image_height=\"1066\"><img loading=\"lazy\" decoding=\"async\" class=\"size-thumbnail wp-image-293730 alignleft\" src=\"https:\/\/www.radiopiu.net\/wordpress\/wp-content\/uploads\/2022\/08\/foto-1--150x150.jpeg\" alt=\"\" width=\"150\" height=\"150\" \/><\/a>BELLUNO <\/strong>Il calendario della Polizia di Stato 2023 racconter\u00e0, attraverso gli scatti fotografici, l\u2019attivit\u00e0 delle poliziotte e dei poliziotti al servizio delle comunit\u00e0. Questa edizione del calendario \u00e8 stata realizzata dai fotografi della Polizia di Stato, valorizzando cos\u00ec lo spirito identitario con l\u2019obiettivo di mettere in risalto i valori della legalit\u00e0, della sicurezza e del rispetto per l\u2019ambiente e la natura. Le 12 tavole del Calendario fotografano l\u2019impegno quotidiano della Polizia di Stato e sono un inno alle bellezze dell\u2019Italia: le foto, infatti, sono state realizzate in giro per il bel paese ed il patrimonio ambientale ed artistico d\u2019Italia impreziosiscono le immagini che catturano il lavoro dei poliziotti. Gli scatti sono stati valutati e selezionati dal Maestro Gianni Berengo Gardin che ha cos\u00ec arricchito il calendario 2023 con il suo professionale giudizio. Come di consueto si proceder\u00e0 alla vendita dell\u2019edizione da parete &#8211; al prezzo di \u20ac 8.00 &#8211; e di quella da tavolo &#8211; al prezzo di \u20ac 6.00.\u00a0 \u00a0Chiunque potr\u00e0 prenotare il calendario da parete (costo 8 euro) e il calendario da tavolo (costo 6 euro), entro e non oltre il prossimo 21 settembre, effettuando un versamento sul conto corrente postale nr. 745000, intestato a \u201cComitato Italiano per l\u2019Unicef\u201d. Sul bollettino dovr\u00e0 essere indicata la causale<a class=\"dt-pswp-item\" href=\"https:\/\/www.radiopiu.net\/wordpress\/wp-content\/uploads\/2022\/08\/foto-2.jpeg\" data-dt-img-description=\"\" data-large_image_width=\"1600\" data-large_image_height=\"1064\"><img loading=\"lazy\" decoding=\"async\" class=\"size-thumbnail wp-image-293731 alignright\" src=\"https:\/\/www.radiopiu.net\/wordpress\/wp-content\/uploads\/2022\/08\/foto-2-150x150.jpeg\" alt=\"\" width=\"150\" height=\"150\" \/><\/a> \u201cCalendario della Polizia di Stato 2023 per il progetto Unicef Emergenza siccit\u00e0 Etiopia\u201d. Copia dell\u2019attestazione di versamento dovr\u00e0 poi essere presentata all\u2019Ufficio Relazioni con il Pubblico della Questura competente. Per il 2023 con il ricavato della vendita\u00a0 l\u2019Unicef intende raggiungere oltre 2 milioni di persone con il ripristino di pozzi e sistemi idrici, il trasporto d\u2019emergenza dell\u2019acqua, il trattamento dei bambini malnutriti e la fornitura di istruzione e supporto per la loro protezione.\u00a0 Tutte le informazioni sull\u2019acquisto del calendario sono riportate sul sito della Polizia di Stato\u00a0<a href=\"http:\/\/www.poliziadistato.it\/\">www.poliziadistato.it<\/a>.<\/p>\n<p>&nbsp;<\/p>\n<p>&nbsp;<\/p>\n<p>*******<\/p>\n","protected":false},"excerpt":{"rendered":"<p>BELLUNO Il calendario della Polizia di Stato 2023 racconter\u00e0, attraverso gli scatti fotografici, l\u2019attivit\u00e0 delle poliziotte e dei poliziotti al servizio delle comunit\u00e0. Questa edizione del calendario \u00e8 stata realizzata dai fotografi della Polizia di Stato, valorizzando cos\u00ec lo spirito identitario con l\u2019obiettivo di mettere in risalto i valori della legalit\u00e0, della sicurezza e del&hellip;<\/p>\n","protected":false},"author":4,"featured_media":293730,"comment_status":"closed","ping_status":"closed","sticky":false,"template":"","format":"standard","meta":{"_monsterinsights_skip_tracking":false,"_monsterinsights_sitenote_active":false,"_monsterinsights_sitenote_note":"","_monsterinsights_sitenote_category":0,"footnotes":""},"categories":[49],"tags":[],"class_list":["post-293727","post","type-post","status-publish","format-standard","has-post-thumbnail","hentry","category-news-18","category-49","description-off"],"img_url":"https:\/\/www.radiopiu.net\/wordpress\/wp-content\/uploads\/2022\/08\/foto-1-.jpeg","_links":{"self":[{"href":"https:\/\/www.radiopiu.net\/wordpress\/wp-json\/wp\/v2\/posts\/293727","targetHints":{"allow":["GET"]}}],"collection":[{"href":"https:\/\/www.radiopiu.net\/wordpress\/wp-json\/wp\/v2\/posts"}],"about":[{"href":"https:\/\/www.radiopiu.net\/wordpress\/wp-json\/wp\/v2\/types\/post"}],"author":[{"embeddable":true,"href":"https:\/\/www.radiopiu.net\/wordpress\/wp-json\/wp\/v2\/users\/4"}],"replies":[{"embeddable":true,"href":"https:\/\/www.radiopiu.net\/wordpress\/wp-json\/wp\/v2\/comments?post=293727"}],"version-history":[{"count":0,"href":"https:\/\/www.radiopiu.net\/wordpress\/wp-json\/wp\/v2\/posts\/293727\/revisions"}],"wp:featuredmedia":[{"embeddable":true,"href":"https:\/\/www.radiopiu.net\/wordpress\/wp-json\/wp\/v2\/media\/293730"}],"wp:attachment":[{"href":"https:\/\/www.radiopiu.net\/wordpress\/wp-json\/wp\/v2\/media?parent=293727"}],"wp:term":[{"taxonomy":"category","embeddable":true,"href":"https:\/\/www.radiopiu.net\/wordpress\/wp-json\/wp\/v2\/categories?post=293727"},{"taxonomy":"post_tag","embeddable":true,"href":"https:\/\/www.radiopiu.net\/wordpress\/wp-json\/wp\/v2\/tags?post=293727"}],"curies":[{"name":"wp","href":"https:\/\/api.w.org\/{rel}","templated":true}]}}