{"id":293753,"date":"2022-08-20T22:22:06","date_gmt":"2022-08-20T20:22:06","guid":{"rendered":"https:\/\/www.radiopiu.net\/wordpress\/?p=293753"},"modified":"2022-08-20T22:22:06","modified_gmt":"2022-08-20T20:22:06","slug":"grosso-masso-in-strada-a-rucava-di-colle-santa-lucia","status":"publish","type":"post","link":"https:\/\/www.radiopiu.net\/wordpress\/grosso-masso-in-strada-a-rucava-di-colle-santa-lucia\/","title":{"rendered":"GROSSO MASSO IN STRADA A RUCAVA&#8217; DI COLLE SANTA LUCIA"},"content":{"rendered":"<p><strong>REDAZIONE<\/strong> Sulla SP 251 in localit\u00e0 Rucav\u00e0, subito dopo il ristorante Belvedere a Colle Santa Lucia, \u00e8 caduto un masso di grosse dimensioni che invade la sede stradale. Chi fosse in viaggio sulla strada indicata \u00e8 pregato di prestare attenzione anche perch\u00e8 l&#8217;intralcio si trova dietro ad una curva. Il messaggio \u00e8 stato postato nella chat Viabilit\u00e0 Provincia di Belluno su Telegram. https:\/\/t.me\/+zYwt7bt4s-A1NDNk<\/p>\n<p>&nbsp;<\/p>\n<p>&nbsp;<\/p>\n<p>&nbsp;<\/p>\n<p>********<\/p>\n","protected":false},"excerpt":{"rendered":"<p>REDAZIONE Sulla SP 251 in localit\u00e0 Rucav\u00e0, subito dopo il ristorante Belvedere a Colle Santa Lucia, \u00e8 caduto un masso di grosse dimensioni che invade la sede stradale. Chi fosse in viaggio sulla strada indicata \u00e8 pregato di prestare attenzione anche perch\u00e8 l&#8217;intralcio si trova dietro ad una curva. Il messaggio \u00e8 stato postato nella&hellip;<\/p>\n","protected":false},"author":4,"featured_media":293754,"comment_status":"closed","ping_status":"closed","sticky":false,"template":"","format":"standard","meta":{"_monsterinsights_skip_tracking":false,"_monsterinsights_sitenote_active":false,"_monsterinsights_sitenote_note":"","_monsterinsights_sitenote_category":0,"footnotes":""},"categories":[51,49],"tags":[],"class_list":["post-293753","post","type-post","status-publish","format-standard","has-post-thumbnail","hentry","category-evidenza-top","category-news-18","category-51","category-49","description-off"],"img_url":"https:\/\/www.radiopiu.net\/wordpress\/wp-content\/uploads\/2022\/08\/Schermata-2022-08-20-alle-22.21.32.png","_links":{"self":[{"href":"https:\/\/www.radiopiu.net\/wordpress\/wp-json\/wp\/v2\/posts\/293753","targetHints":{"allow":["GET"]}}],"collection":[{"href":"https:\/\/www.radiopiu.net\/wordpress\/wp-json\/wp\/v2\/posts"}],"about":[{"href":"https:\/\/www.radiopiu.net\/wordpress\/wp-json\/wp\/v2\/types\/post"}],"author":[{"embeddable":true,"href":"https:\/\/www.radiopiu.net\/wordpress\/wp-json\/wp\/v2\/users\/4"}],"replies":[{"embeddable":true,"href":"https:\/\/www.radiopiu.net\/wordpress\/wp-json\/wp\/v2\/comments?post=293753"}],"version-history":[{"count":0,"href":"https:\/\/www.radiopiu.net\/wordpress\/wp-json\/wp\/v2\/posts\/293753\/revisions"}],"wp:featuredmedia":[{"embeddable":true,"href":"https:\/\/www.radiopiu.net\/wordpress\/wp-json\/wp\/v2\/media\/293754"}],"wp:attachment":[{"href":"https:\/\/www.radiopiu.net\/wordpress\/wp-json\/wp\/v2\/media?parent=293753"}],"wp:term":[{"taxonomy":"category","embeddable":true,"href":"https:\/\/www.radiopiu.net\/wordpress\/wp-json\/wp\/v2\/categories?post=293753"},{"taxonomy":"post_tag","embeddable":true,"href":"https:\/\/www.radiopiu.net\/wordpress\/wp-json\/wp\/v2\/tags?post=293753"}],"curies":[{"name":"wp","href":"https:\/\/api.w.org\/{rel}","templated":true}]}}