{"id":293947,"date":"2022-08-23T06:00:36","date_gmt":"2022-08-23T04:00:36","guid":{"rendered":"https:\/\/www.radiopiu.net\/wordpress\/?p=293947"},"modified":"2022-08-23T07:12:28","modified_gmt":"2022-08-23T05:12:28","slug":"giornale-radiopiu-23-agosto-2022-direttore-mirko-mezzacasa","status":"publish","type":"post","link":"https:\/\/www.radiopiu.net\/wordpress\/giornale-radiopiu-23-agosto-2022-direttore-mirko-mezzacasa\/","title":{"rendered":"GIORNALE RADIOPIU 23 AGOSTO 2022 DIRETTORE MIRKO MEZZACASA"},"content":{"rendered":"<h3 class=\"kvgmc6g5 cxmmr5t8 oygrvhab hcukyx3x c1et5uql\"><span style=\"color: #0000ff;\"><strong><a class=\"dt-pswp-item\" href=\"https:\/\/www.radiopiu.net\/wordpress\/wp-content\/uploads\/2021\/08\/papa-luciani-2.jpg\" data-dt-img-description=\"\" data-large_image_width=\"1200\" data-large_image_height=\"800\"><img loading=\"lazy\" decoding=\"async\" class=\"size-thumbnail wp-image-229320 alignleft\" src=\"https:\/\/www.radiopiu.net\/wordpress\/wp-content\/uploads\/2021\/08\/papa-luciani-2-150x150.jpg\" alt=\"\" width=\"150\" height=\"150\" \/><\/a><\/strong><\/span><\/h3>\n<h3><\/h3>\n<h3 class=\"kvgmc6g5 cxmmr5t8 oygrvhab hcukyx3x c1et5uql\"><span style=\"color: #0000ff;\"><strong>RADIO PIU INFORMAZIONE il canale su TELEGRAM informazione di prima\u00a0 <\/strong><\/span><span style=\"color: #0000ff;\"><strong>mano e in tempo reale. iscriviti ed aiutaci a farlo conoscere\u00a0 \u00a0<\/strong><\/span><\/h3>\n<blockquote>\n<h3 style=\"text-align: left;\">IN CAMMINO VERSO LA BEATIFICAZIONE DI PAPA LUCIANI, GIOVANNI PAOLO I<\/h3>\n<\/blockquote>\n<p>&nbsp;<\/p>\n<p><strong><span style=\"color: #ff0000;\">PRIMA TAPPA, LE MESSE DEL 26 AGOSTO E 28 AGOSTO<\/span><\/strong><\/p>\n<audio class=\"wp-audio-shortcode\" id=\"audio-293947-1\" preload=\"none\" style=\"width: 100%;\" controls=\"controls\"><source type=\"audio\/mpeg\" src=\"https:\/\/www.radiopiu.net\/wordpress\/wp-content\/uploads\/2022\/08\/SPOT-LUCIANI-1-DAL-20-AL-28-AGOSTO.mp3?_=1\" \/><a href=\"https:\/\/www.radiopiu.net\/wordpress\/wp-content\/uploads\/2022\/08\/SPOT-LUCIANI-1-DAL-20-AL-28-AGOSTO.mp3\">https:\/\/www.radiopiu.net\/wordpress\/wp-content\/uploads\/2022\/08\/SPOT-LUCIANI-1-DAL-20-AL-28-AGOSTO.mp3<\/a><\/audio>\n<p>&nbsp;<\/p>\n<p>&nbsp;<\/p>\n<hr \/>\n<p>&nbsp;<\/p>\n<blockquote>\n<h3>CARO MARCO\u2026QUANTO MANCHERAI A QUESTA RADIO. GRAZIE PER LA TUA AMICIZIA.<\/h3>\n<\/blockquote>\n<p><strong><a class=\"dt-pswp-item\" href=\"https:\/\/www.radiopiu.net\/wordpress\/wp-content\/uploads\/2022\/08\/61321255_10213965463115864_450708920239915008_n-3.jpg\" data-dt-img-description=\"\" data-large_image_width=\"960\" data-large_image_height=\"960\"><img loading=\"lazy\" decoding=\"async\" class=\"size-thumbnail wp-image-294032 alignleft\" src=\"https:\/\/www.radiopiu.net\/wordpress\/wp-content\/uploads\/2022\/08\/61321255_10213965463115864_450708920239915008_n-3-150x150.jpg\" alt=\"\" width=\"150\" height=\"150\" srcset=\"https:\/\/www.radiopiu.net\/wordpress\/wp-content\/uploads\/2022\/08\/61321255_10213965463115864_450708920239915008_n-3-150x150.jpg 150w, https:\/\/www.radiopiu.net\/wordpress\/wp-content\/uploads\/2022\/08\/61321255_10213965463115864_450708920239915008_n-3-300x300.jpg 300w, https:\/\/www.radiopiu.net\/wordpress\/wp-content\/uploads\/2022\/08\/61321255_10213965463115864_450708920239915008_n-3-768x768.jpg 768w, https:\/\/www.radiopiu.net\/wordpress\/wp-content\/uploads\/2022\/08\/61321255_10213965463115864_450708920239915008_n-3.jpg 960w\" sizes=\"auto, (max-width: 150px) 100vw, 150px\" \/><\/a>ROCCA PIETORE<\/strong> Faccio fatica, di nuovo, a trovare le parole per salutare un amico. Un mio amico e un grande ascoltatore della Radio Pi\u00f9, da sempre. La notizia \u00e8 arrivata poco fa in redazione, l&#8217;avevo scorta leggendo le ultime notizie sul Resto del Carlino, ma mai avrei potuto immaginare che quell&#8217;uomo di 41 anni compiuti lo scorso 12 agosto, soffocato da un boccone di carne al ristorante fosse, il mio amico Marco. Proprio lui, Marco De Vallier, era il mio ascoltatore preferito dello streaming, quello che\u00a0 da Bologna sapeva riconoscere i problemi tecnici a distanza, che non mancava di criticarmi quando necessario e che spesso si faceva sentire raccontandomi della sua vita a Bologna. Ieri era l&#8217;ultimo giorno di lavoro, la cena con gli amici era il modo per salutarli prima di tornare a casa, per <a class=\"dt-pswp-item\" href=\"https:\/\/www.radiopiu.net\/wordpress\/wp-content\/uploads\/2022\/08\/10399338_1092298392864_2245720_n-2.jpg\" data-dt-img-description=\"\" data-large_image_width=\"604\" data-large_image_height=\"453\"><img loading=\"lazy\" decoding=\"async\" class=\"size-thumbnail wp-image-294033 alignright\" src=\"https:\/\/www.radiopiu.net\/wordpress\/wp-content\/uploads\/2022\/08\/10399338_1092298392864_2245720_n-2-150x150.jpg\" alt=\"\" width=\"150\" height=\"150\" \/><\/a>abbracciare mamma Claudia.<br \/>\nCara Claudia, non riesco ad esprimerti a parole la tristezza gi\u00e0 provata in quel maledetto giorno di gennaio dello scorso anno quando abbiamo perso Massimo. La tragedia ieri sera in zona Arcoveggio alle 22, mentre\u00a0 Marco si trovava a cena con alcuni amici in un ristorante. A quanto si apprende, sarebbe rimasto soffocato da un boccone della grigliata di carne che stava gustando. Quando gli amici che erano a tavola con lui si sono accorti che le difficolt\u00e0 respiratorie erano molto serie, hanno cercato di aiutarlo e intanto hanno allertato i soccorsi. Il personale del 118 \u00e8 arrivato nel ristorante in pochi minuti e ha cercato di mettere in pratica tutte le manovre rianimatore, ma purtroppo non sono riusciti a fare ripartire il battito cardiaco. Nella trattoria sono arrivati anche i poliziotti delle Volanti. Marco abitava non lontano dal luogo della tragedia, valido <span class=\"gvxzyvdx aeinzg81 t7p7dqev gh25dzvf exr7barw b6ax4al1 gem102v4 ncib64c9 mrvwc6qr sx8pxkcf f597kf1v cpcgwwas m2nijcs8 hxfwr5lz k1z55t6l oog5qr5w tes86rjd pbevjfx6\" dir=\"auto\"><a class=\"qi72231t nu7423ey n3hqoq4p r86q59rh b3qcqh3k fq87ekyn bdao358l fsf7x5fv rse6dlih s5oniofx m8h3af8h l7ghb35v kjdc1dyq kmwttqpk srn514ro oxkhqvkx rl78xhln nch0832m cr00lzj9 rn8ck1ys s3jn8y49 icdlwmnq cxfqmxzd pbevjfx6 innypi6y\" tabindex=\"0\" role=\"link\" href=\"https:\/\/www.facebook.com\/impiegato-2021399291459082\/\"><span class=\"rse6dlih\">impiegato<\/span><\/a> presso Agenzia Delle Entrate e gi\u00e0\u00a0 <a class=\"qi72231t nu7423ey n3hqoq4p r86q59rh b3qcqh3k fq87ekyn bdao358l fsf7x5fv rse6dlih s5oniofx m8h3af8h l7ghb35v kjdc1dyq kmwttqpk srn514ro oxkhqvkx rl78xhln nch0832m cr00lzj9 rn8ck1ys s3jn8y49 icdlwmnq cxfqmxzd pbevjfx6 innypi6y\" tabindex=\"0\" role=\"link\" href=\"https:\/\/www.facebook.com\/Collaboratore-143587832336100\/\"><span class=\"rse6dlih\">collaboratore<\/span><\/a> presso l&#8217;Agenzia Immobiliare Marmolada, nell&#8217;Agordino e nel bolognese dove da tempo viveva<\/span> era molto noto, impossibile non voler bene a Marco impegnato anche nel sociale. L&#8217;unica consolazione che sa di speranza che Marco abbia raggiunto il pap\u00e0 Massimo De Vallier scomparso a soli 64 anni. Forza\u00a0 Claudia,\u00a0 mamma,\u00a0 zii,\u00a0 i tanti parenti.\u00a0 Da queste mura, tanto care a Marco il mio, il\u00a0 nostro abbraccio.<\/p>\n<p>Mirko<\/p>\n<blockquote><p><em>\u00a0era responsabile nell&#8217;associazione Disabili Visivi per l&#8217;Emilia Romagna e la provincia di Belluno. Qualche anno fa aveva contribuito a promuovere il raduno degli sciatori ciechi appartenenti al Gruppo sportivo dell&#8217;associazione nazionale Disabili Visivi ad Alleghe, manifestazione cui hanno partecipato sciatori provenienti da quasi tutte le regioni italiane e che ha permesso a persone cieche e ipovedenti di trascorrere una settimana sulle piste cimentandosi con lo sci.<\/em><\/p><\/blockquote>\n<p>&nbsp;<\/p>\n<p><strong>IL SINDACO ANDREA DE BERNARDIN\u00a0<\/strong><\/p>\n<audio class=\"wp-audio-shortcode\" id=\"audio-293947-2\" preload=\"none\" style=\"width: 100%;\" controls=\"controls\"><source type=\"audio\/mpeg\" src=\"https:\/\/www.radiopiu.net\/wordpress\/wp-content\/uploads\/2022\/08\/ANDREA.mp3?_=2\" \/><a href=\"https:\/\/www.radiopiu.net\/wordpress\/wp-content\/uploads\/2022\/08\/ANDREA.mp3\">https:\/\/www.radiopiu.net\/wordpress\/wp-content\/uploads\/2022\/08\/ANDREA.mp3<\/a><\/audio>\n<p>&nbsp;<\/p>\n<p>&nbsp;<\/p>\n<hr \/>\n<p>&nbsp;<\/p>\n<blockquote>\n<h3>IL GIORNO DEL RICORDO, 13 ANNI FA LA TRAGEDIA DI RIO GERE<\/h3>\n<\/blockquote>\n<p><a class=\"dt-pswp-item\" href=\"https:\/\/www.radiopiu.net\/wordpress\/wp-content\/uploads\/2022\/08\/download-13-300x115-1.jpg\" data-dt-img-description=\"\" data-large_image_width=\"300\" data-large_image_height=\"115\"><img loading=\"lazy\" decoding=\"async\" class=\"wp-image-293960 size-full aligncenter\" src=\"https:\/\/www.radiopiu.net\/wordpress\/wp-content\/uploads\/2022\/08\/download-13-300x115-1.jpg\" alt=\"\" width=\"300\" height=\"115\" \/><\/a><\/p>\n<p><strong>Rodolfo Selenati, Alex Barattin\u00a0<\/strong><\/p>\n<p><strong>di Barbara Paolazzi<\/strong><\/p>\n<audio class=\"wp-audio-shortcode\" id=\"audio-293947-3\" preload=\"none\" style=\"width: 100%;\" controls=\"controls\"><source type=\"audio\/mpeg\" src=\"https:\/\/www.radiopiu.net\/wordpress\/wp-content\/uploads\/2022\/08\/BARBARA.mp3?_=3\" \/><a href=\"https:\/\/www.radiopiu.net\/wordpress\/wp-content\/uploads\/2022\/08\/BARBARA.mp3\">https:\/\/www.radiopiu.net\/wordpress\/wp-content\/uploads\/2022\/08\/BARBARA.mp3<\/a><\/audio>\n<p>&nbsp;<\/p>\n<p>&nbsp;<\/p>\n<hr \/>\n<p>&nbsp;<\/p>\n<blockquote>\n<h3>RIAPRONO I CANTIERI GSP, DISAGI AL QUADRIVIO DELL&#8217;UNIONE MONTANA<\/h3>\n<p><em>Divieto di transito in Via Insurrezione, nel tratto compreso tra l\u2019incrocio con la Via 27 Aprile 1945 e la via 4 Novembre 1918; istituzione di un senso unico alternato, regolato da impianto semaforico, nel tratto della ex S.R. 203 \u201cAgordina\u201d<\/em><\/p><\/blockquote>\n<p><strong>AGORDO<\/strong> Gsp riapre i cantieri dopo il periodo di ferragosto, disagi previsti dal 5 al 10 settembre &#8211; ma non \u00e8 escluso i lavori possano terminare in tempi pi\u00f9 brevi &#8211; le modifiche alla viabilit\u00e0 interesseranno via Insurrezione all&#8217;altezza dell&#8217;Officina della Casa (centro commerciale Ganz) e fino all&#8217;incrocio con via 27 aprile e via via 4 Novembre 1918. Lungo la regionale 203 agordina non sono previste sospensioni totali, ovvero la ditta interessata provveder\u00e0 a regolare il traffico a senso unico alternato con movieri o semaforo. Diversa la questione lungo la 346 del Duran e Cereda, infatti in prossimit\u00e0 del Centro commerciale Ganz (ingresso per Officina della Casa) e quindi fino a poco prima dell&#8217;intersezione con Viale Sommariva \u00e8 prevista l&#8217;interdizione totale al transito dei veicoli. In questo caso sono previste deviazioni sulla viabilit\u00e0 alternativa. Per chi proviene dalla zone industriale (o dalle stazione Dolomitibus) potr\u00e0 raggiungere il centro da Viale Sommariva (fronte scuole-municipio) e quindi per Corso Patrioti fino a Piazza Libert\u00e0. Per il senso inverso (essendo Viale Sommariva a Senso Unico) potr\u00e0\u00a0 percorrere o la tangenziale, oppure via teto Piciol.<\/p>\n<p><a class=\"dt-pswp-item\" href=\"https:\/\/www.radiopiu.net\/wordpress\/wp-content\/uploads\/2022\/08\/Schermata-2022-08-22-alle-17.35.19.png\" data-dt-img-description=\"\" data-large_image_width=\"1556\" data-large_image_height=\"1160\"><img loading=\"lazy\" decoding=\"async\" class=\"wp-image-294125 aligncenter\" src=\"https:\/\/www.radiopiu.net\/wordpress\/wp-content\/uploads\/2022\/08\/Schermata-2022-08-22-alle-17.35.19-1024x763.png\" alt=\"\" width=\"455\" height=\"339\" srcset=\"https:\/\/www.radiopiu.net\/wordpress\/wp-content\/uploads\/2022\/08\/Schermata-2022-08-22-alle-17.35.19-1024x763.png 1024w, https:\/\/www.radiopiu.net\/wordpress\/wp-content\/uploads\/2022\/08\/Schermata-2022-08-22-alle-17.35.19-300x224.png 300w, https:\/\/www.radiopiu.net\/wordpress\/wp-content\/uploads\/2022\/08\/Schermata-2022-08-22-alle-17.35.19-768x573.png 768w, https:\/\/www.radiopiu.net\/wordpress\/wp-content\/uploads\/2022\/08\/Schermata-2022-08-22-alle-17.35.19-1536x1145.png 1536w, https:\/\/www.radiopiu.net\/wordpress\/wp-content\/uploads\/2022\/08\/Schermata-2022-08-22-alle-17.35.19.png 1556w\" sizes=\"auto, (max-width: 455px) 100vw, 455px\" \/><\/a><\/p>\n<p>&nbsp;<\/p>\n<p>&nbsp;<\/p>\n<p>&nbsp;<\/p>\n<p>&nbsp;<\/p>\n<hr \/>\n<p>&nbsp;<\/p>\n<blockquote>\n<h3>SP 3 CHIUSA PER DUE SETTIMANE A RIVAMONTE IN LOCALITA&#8217; GONA DI CONDERA e\u00a0 VERSO L\u2019ELIMINAZIONE DEL SEMAFORO, SULLA PROVINCIALE 8 DAL 29 AGOSTO VIA AI CANTIERI<\/h3>\n<\/blockquote>\n<p><strong><img loading=\"lazy\" decoding=\"async\" class=\"alignleft\" src=\"https:\/\/www.radiopiu.net\/wordpress\/wp-content\/uploads\/2021\/11\/81aa72cc-d66b-44fa-afd5-7103ae531a24.jpg\" width=\"193\" height=\"142\" \/><\/strong><\/p>\n<p>&nbsp;<\/p>\n<p>&nbsp;<\/p>\n<p>&nbsp;<\/p>\n<p>&nbsp;<\/p>\n<p>&nbsp;<\/p>\n<p><strong>DAL CORRIERE DELLE ALPI, di Gianni Santomaso<\/strong><\/p>\n<audio class=\"wp-audio-shortcode\" id=\"audio-293947-4\" preload=\"none\" style=\"width: 100%;\" controls=\"controls\"><source type=\"audio\/mpeg\" src=\"https:\/\/www.radiopiu.net\/wordpress\/wp-content\/uploads\/2022\/08\/GIANNI-GONA-DI-CONEDERA.mp3?_=4\" \/><a href=\"https:\/\/www.radiopiu.net\/wordpress\/wp-content\/uploads\/2022\/08\/GIANNI-GONA-DI-CONEDERA.mp3\">https:\/\/www.radiopiu.net\/wordpress\/wp-content\/uploads\/2022\/08\/GIANNI-GONA-DI-CONEDERA.mp3<\/a><\/audio>\n<p>&nbsp;<\/p>\n<p>&nbsp;<\/p>\n<p>&nbsp;<\/p>\n<hr \/>\n<p>&nbsp;<\/p>\n<blockquote>\n<h3>A MOE&#8217; DI LASTE L&#8217;ACQUA E&#8217; INQUINATA DA QUASI UN MESE! DA IERI\u00a0 ANCHE IN ALTRE FRAZIONI<\/h3>\n<\/blockquote>\n<p><strong><img loading=\"lazy\" decoding=\"async\" class=\"alignleft\" src=\"https:\/\/www.radiopiu.net\/wordpress\/wp-content\/uploads\/2022\/01\/IMG-20210910-WA0001.jpg\" width=\"211\" height=\"214\" \/>ROCCA PIETORE<\/strong> I cittadini di Moe&#8217; di Laste, i proprietari di seconde case, i turisti guardano in cagnesco Gsp, non potrebbe essere altrimenti. Sono stati dimenticati? Probabilmente no, ma la sensazione \u00e8 questa. Dal 28 luglio scorso l&#8217;acqua \u00e8 inquinata, per scopi alimentari o s&#8217;acquista al supermercato,\u00a0 oppure \u00e8 necessaria la bollitura. Autobotte d&#8217;emergenza come in altre zone della provincia? Manco l&#8217;ombra, che s&#8217;arrangino quei <em>&#8220;quattro gatti&#8221;<\/em> che ancora si ostinano e vivere in zone tanto disagiate.<br \/>\nAi <em>&#8220;quatttro gatti di Moe'&#8221;<\/em> oggi per\u00f2 si aggiungono altre persone, gli abitanti delle localit\u00e0 VAL, DAGAI, DAVARE, LE COSTE e RONCH, anche ui\u00a0 l&#8217;acqua erogata dall&#8217;acquedotto non \u00e8 potabile e pu\u00f2 essere usata per scopi alimentari SOLO PREVIA bollitura. GSP ha, comunque, gi\u00e0 adottato le necessarie misure per la disinfezione dell&#8217;acqua presente nei serbatoi e nella rete idrica con l&#8217;aggiunta di cloro. Forse passer\u00e0 ancora un mese, forse no. Intanto al sindaco Andrea De Bernardin i malcapitati chiedono che si faccia interprete presso GSP per capire come mai succede tutto questo e che nella prossima bolletta del servizio idrico se ne tenga opportunamente conto.<\/p>\n<p>&nbsp;<\/p>\n<p>&nbsp;<\/p>\n<hr \/>\n<p>&nbsp;<\/p>\n<div class=\"page-title-head hgroup\">\n<blockquote>\n<h3 class=\"entry-title\"><a href=\"https:\/\/www.radiopiu.net\/wordpress\/wp-content\/uploads\/2022\/08\/Immagine.webp\"><img loading=\"lazy\" decoding=\"async\" class=\"wp-image-294175 alignleft\" src=\"https:\/\/www.radiopiu.net\/wordpress\/wp-content\/uploads\/2022\/08\/Immagine-300x169.webp\" alt=\"\" width=\"268\" height=\"151\" srcset=\"https:\/\/www.radiopiu.net\/wordpress\/wp-content\/uploads\/2022\/08\/Immagine-300x169.webp 300w, https:\/\/www.radiopiu.net\/wordpress\/wp-content\/uploads\/2022\/08\/Immagine-768x432.webp 768w, https:\/\/www.radiopiu.net\/wordpress\/wp-content\/uploads\/2022\/08\/Immagine.webp 960w\" sizes=\"auto, (max-width: 268px) 100vw, 268px\" \/><\/a>INCIDENTE IN LOCALITA\u2019 LA SECCA, MUORE UNA DONNA<\/h3>\n<div class=\"page-title-head hgroup\">\n<h1 class=\"entry-title\">LUTTO ANCHE IN LUXOTTICA PER LA MORTE DI DANIELA<\/h1>\n<\/div>\n<div class=\"page-title-breadcrumbs\"><em>A chiamare i soccorsi Adnan Kastrati,\u00a0 38enne kosovaro, che da quasi 20 anni vive in provincia e si sta sistemando una casa in localit\u00e0 La Secca. Ieri alle 5\u00a0 \u00e8 stato svegliato come da una esplosione: \u00e8 stato lui a chiamare i soccorsi, immaginando quel che era accaduto.<\/em><\/div>\n<\/blockquote>\n<\/div>\n<div class=\"page-title-breadcrumbs\">\n<p><strong>BELLUNO<\/strong> Grave incidente\u00a0 ieri mattina all&#8217;alba, alle 5 del mattino al chilometro 74 dell&#8217;autostrada A27 tra Fadalto e Belluno, muore una donna Daniela Costacurta di 49 anni di Vittorio Veneto dipendete della Luxottica, un&#8217;altra donna di nazionalit\u00e0 pakistana, S.I. di 21 anni \u00e8 stata portata in ospedale in gravi condizioni. Illeso il conducente dell&#8217;autoarticolato. Daniela stava tornando a Belluno: da un po&#8217; di tempo viveva in citt\u00e0 e lavorava in Luxottica, che proprio ieri ha riaperto gli stabilimenti dopo le ferie estive.<\/p>\n<p>L&#8217;allarme \u00e8 stato dato da una persona che abita a La Secca ed ha sentito le urla provenire dall&#8217;autostrada. Sul posto Polizia Stradale e Vigili del fuoco, \u00a0non \u00e8 ancora chiara la dinamica dello schianto avvenuto dopo la galleria Cave, l\u2019ultima prima del casello di Belluno, entrambe le vetture percorrevano la corsia Nord in direzione Belluno e traffico \u00a0bloccato per qualche ora. La dinamica: l&#8217;auto davanti che sbanda, si capotta. Lei che non riesce a tenere la sua, frena, si scontra. Dietro arriva anche un camion, coinvolto leggermente, secondo i rilievi della polstrada trevigiana che ieri mattina \u00e8 intervenuta sul tratto Fadalto-Belluno dell&#8217;A27. Entrambe le vetture si sono schiantate sulla corsia di sorpasso di quel tratto di A27. La magistratura ha disposto gli esami di rito, anche tossicologici. Sar\u00e0 quindi aperto un fascicolo di indagine per chiarire eventuali responsabilit\u00e0.Il traffico in attesa dei rilievi e della rimozione di entrambe le vetture, ha proceduto a una sola corsia di marcia per qualche ora.<\/p>\n\n\t\t\t<style type='text\/css'>\n\t\t\t\t#gallery-1 {\n\t\t\t\t\tmargin: auto;\n\t\t\t\t}\n\t\t\t\t#gallery-1 .gallery-item {\n\t\t\t\t\tfloat: left;\n\t\t\t\t\tmargin-top: 10px;\n\t\t\t\t\ttext-align: center;\n\t\t\t\t\twidth: 50%;\n\t\t\t\t}\n\t\t\t\t#gallery-1 img {\n\t\t\t\t\tborder: 2px solid #cfcfcf;\n\t\t\t\t}\n\t\t\t\t#gallery-1 .gallery-caption {\n\t\t\t\t\tmargin-left: 0;\n\t\t\t\t}\n\t\t\t\t\/* see gallery_shortcode() in wp-includes\/media.php *\/\n\t\t\t<\/style>\n\t\t<div id='gallery-1' class='dt-gallery-container gallery galleryid-293947 gallery-columns-2 gallery-size-medium'><dl class='gallery-item'>\n\t\t\t\t<dt class='gallery-icon landscape'>\n\t\t\t\t\t<a class=\"rollover rollover-zoom dt-pswp-item\" title=\"ff497904-f3f3-46de-bc23-2bb2851a1d66\" data-dt-img-description=\"\" data-large_image_width=\"1216\" data-large_image_height=\"856\"href='https:\/\/www.radiopiu.net\/wordpress\/wp-content\/uploads\/2022\/08\/ff497904-f3f3-46de-bc23-2bb2851a1d66.jpg'><img loading=\"lazy\" decoding=\"async\" width=\"300\" height=\"211\" src=\"https:\/\/www.radiopiu.net\/wordpress\/wp-content\/uploads\/2022\/08\/ff497904-f3f3-46de-bc23-2bb2851a1d66-300x211.jpg\" class=\"attachment-medium size-medium\" alt=\"\" srcset=\"https:\/\/www.radiopiu.net\/wordpress\/wp-content\/uploads\/2022\/08\/ff497904-f3f3-46de-bc23-2bb2851a1d66-300x211.jpg 300w, https:\/\/www.radiopiu.net\/wordpress\/wp-content\/uploads\/2022\/08\/ff497904-f3f3-46de-bc23-2bb2851a1d66-1024x721.jpg 1024w, https:\/\/www.radiopiu.net\/wordpress\/wp-content\/uploads\/2022\/08\/ff497904-f3f3-46de-bc23-2bb2851a1d66-768x541.jpg 768w, https:\/\/www.radiopiu.net\/wordpress\/wp-content\/uploads\/2022\/08\/ff497904-f3f3-46de-bc23-2bb2851a1d66.jpg 1216w\" sizes=\"auto, (max-width: 300px) 100vw, 300px\" \/><\/a>\n\t\t\t\t<\/dt><\/dl><dl class='gallery-item'>\n\t\t\t\t<dt class='gallery-icon landscape'>\n\t\t\t\t\t<a class=\"rollover rollover-zoom dt-pswp-item\" title=\"73d43191-2e9b-47ac-b7cc-c6b37a57f5e8\" data-dt-img-description=\"\" data-large_image_width=\"1280\" data-large_image_height=\"957\"href='https:\/\/www.radiopiu.net\/wordpress\/wp-content\/uploads\/2022\/08\/73d43191-2e9b-47ac-b7cc-c6b37a57f5e8.jpg'><img loading=\"lazy\" decoding=\"async\" width=\"300\" height=\"224\" src=\"https:\/\/www.radiopiu.net\/wordpress\/wp-content\/uploads\/2022\/08\/73d43191-2e9b-47ac-b7cc-c6b37a57f5e8-300x224.jpg\" class=\"attachment-medium size-medium\" alt=\"\" srcset=\"https:\/\/www.radiopiu.net\/wordpress\/wp-content\/uploads\/2022\/08\/73d43191-2e9b-47ac-b7cc-c6b37a57f5e8-300x224.jpg 300w, https:\/\/www.radiopiu.net\/wordpress\/wp-content\/uploads\/2022\/08\/73d43191-2e9b-47ac-b7cc-c6b37a57f5e8-1024x766.jpg 1024w, https:\/\/www.radiopiu.net\/wordpress\/wp-content\/uploads\/2022\/08\/73d43191-2e9b-47ac-b7cc-c6b37a57f5e8-768x574.jpg 768w, https:\/\/www.radiopiu.net\/wordpress\/wp-content\/uploads\/2022\/08\/73d43191-2e9b-47ac-b7cc-c6b37a57f5e8.jpg 1280w\" sizes=\"auto, (max-width: 300px) 100vw, 300px\" \/><\/a>\n\t\t\t\t<\/dt><\/dl><br style=\"clear: both\" \/><dl class='gallery-item'>\n\t\t\t\t<dt class='gallery-icon landscape'>\n\t\t\t\t\t<a class=\"rollover rollover-zoom dt-pswp-item\" title=\"a39482bd-bbc7-4151-8ee1-366462fd3521\" data-dt-img-description=\"\" data-large_image_width=\"1280\" data-large_image_height=\"896\"href='https:\/\/www.radiopiu.net\/wordpress\/wp-content\/uploads\/2022\/08\/a39482bd-bbc7-4151-8ee1-366462fd3521.jpg'><img loading=\"lazy\" decoding=\"async\" width=\"300\" height=\"210\" src=\"https:\/\/www.radiopiu.net\/wordpress\/wp-content\/uploads\/2022\/08\/a39482bd-bbc7-4151-8ee1-366462fd3521-300x210.jpg\" class=\"attachment-medium size-medium\" alt=\"\" srcset=\"https:\/\/www.radiopiu.net\/wordpress\/wp-content\/uploads\/2022\/08\/a39482bd-bbc7-4151-8ee1-366462fd3521-300x210.jpg 300w, https:\/\/www.radiopiu.net\/wordpress\/wp-content\/uploads\/2022\/08\/a39482bd-bbc7-4151-8ee1-366462fd3521-1024x717.jpg 1024w, https:\/\/www.radiopiu.net\/wordpress\/wp-content\/uploads\/2022\/08\/a39482bd-bbc7-4151-8ee1-366462fd3521-768x538.jpg 768w, https:\/\/www.radiopiu.net\/wordpress\/wp-content\/uploads\/2022\/08\/a39482bd-bbc7-4151-8ee1-366462fd3521.jpg 1280w\" sizes=\"auto, (max-width: 300px) 100vw, 300px\" \/><\/a>\n\t\t\t\t<\/dt><\/dl><dl class='gallery-item'>\n\t\t\t\t<dt class='gallery-icon landscape'>\n\t\t\t\t\t<a class=\"rollover rollover-zoom dt-pswp-item\" title=\"baef6849-2515-435d-900a-3d8d0e63c715\" data-dt-img-description=\"\" data-large_image_width=\"1280\" data-large_image_height=\"875\"href='https:\/\/www.radiopiu.net\/wordpress\/wp-content\/uploads\/2022\/08\/baef6849-2515-435d-900a-3d8d0e63c715.jpg'><img loading=\"lazy\" decoding=\"async\" width=\"300\" height=\"205\" src=\"https:\/\/www.radiopiu.net\/wordpress\/wp-content\/uploads\/2022\/08\/baef6849-2515-435d-900a-3d8d0e63c715-300x205.jpg\" class=\"attachment-medium size-medium\" alt=\"\" srcset=\"https:\/\/www.radiopiu.net\/wordpress\/wp-content\/uploads\/2022\/08\/baef6849-2515-435d-900a-3d8d0e63c715-300x205.jpg 300w, https:\/\/www.radiopiu.net\/wordpress\/wp-content\/uploads\/2022\/08\/baef6849-2515-435d-900a-3d8d0e63c715-1024x700.jpg 1024w, https:\/\/www.radiopiu.net\/wordpress\/wp-content\/uploads\/2022\/08\/baef6849-2515-435d-900a-3d8d0e63c715-768x525.jpg 768w, https:\/\/www.radiopiu.net\/wordpress\/wp-content\/uploads\/2022\/08\/baef6849-2515-435d-900a-3d8d0e63c715.jpg 1280w\" sizes=\"auto, (max-width: 300px) 100vw, 300px\" \/><\/a>\n\t\t\t\t<\/dt><\/dl><br style=\"clear: both\" \/>\n\t\t\t<\/div>\n\n<p>&nbsp;<\/p>\n<p>&nbsp;<\/p>\n<hr \/>\n<p>&nbsp;<\/p>\n<blockquote>\n<h3>E&#8217; MORTO L&#8217;AVVOCATO GIUSEPPE ZACCO, OGGI L&#8217;ULTIMO SALUTO<\/h3>\n<\/blockquote>\n<p><strong><a class=\"dt-pswp-item\" href=\"https:\/\/www.radiopiu.net\/wordpress\/wp-content\/uploads\/2022\/08\/AAA-24.jpg\" data-dt-img-description=\"\" data-large_image_width=\"260\" data-large_image_height=\"249\"><img loading=\"lazy\" decoding=\"async\" class=\" wp-image-294180 alignleft\" src=\"https:\/\/www.radiopiu.net\/wordpress\/wp-content\/uploads\/2022\/08\/AAA-24-150x150.jpg\" alt=\"\" width=\"101\" height=\"101\" \/><\/a>FELTRE\u00a0<\/strong> \u00a0\u00c8 morto a 85 anni l&#8217;avvocato Giuseppe Zacco, siciliano d&#8217;origina ma feltrino da sempre. In citt\u00e0 arriv\u00f2 come insegnante, seppe trovare la propria strada nell&#8217;esercizio della professione forense che ha svolto per tanti anni con il suo studio in centro citt\u00e0.Zacco ha insegnato alcuni anni all&#8217;Istituto Colotti. Poi la decisione di dedicarsi alla professione di avvocato. Mossi i primissimi passi nello studio legale Licini, Zacco era poi andato avanti con le proprie gambe conquistandosi la fiducia di una clientela che valicava i confini provinciali. Da qualche anno aveva lasciato la professione, ma era facile vederlo in centro a Feltre discorrere amabilmente con amici e conoscenti. Zacco lascia la moglie Concetta, il figlio Angelo, i fratelli e i nipoti. I funerali sono in programma oggi alle 16 nella chiesa di Farra. Al termine della funzione la salma proseguir\u00e0 per la cremazione<\/p>\n<blockquote><p>&nbsp;<\/p><\/blockquote>\n<hr \/>\n<p>&nbsp;<\/p>\n<blockquote>\n<h3 class=\"sezioneArticolo\">IL DOPPIO FUNERALE, UNA STORIA DI PASSIONE CHE COMMUOVE<\/h3>\n<\/blockquote>\n<div class=\"testoArticolo\"><\/div>\n<div class=\"testoArticolo\"><strong>ALANO DI PIAVE<\/strong> Gioved\u00ec mattina alle 10 nella chiesa di Alano di Piave verr\u00e0 celebrato il doppio funerale: le due bare di Elvio e Irma insieme per l&#8217;addio, poi la tumulazione. Elvio Meneghetti e la moglie Irma Rizzotto due persone che hanno condiviso un&#8217;intera vita, Irma 94 anni, \u00e8 morta domenica mattina, il cuore del compagno, 95 anni ha ceduto poche ore dopo, domenica sera.<\/div>\n<p>&nbsp;<\/p>\n<blockquote><p>&nbsp;<\/p><\/blockquote>\n<\/div>\n<hr \/>\n<p>&nbsp;<\/p>\n<blockquote>\n<h3>SCARICA DI SASSI: VERIFICATA UNA SEGNALAZIONE SULLA CIMA GRANDE DI LAVAREDO<\/h3>\n<\/blockquote>\n<p><strong>AURONZO<\/strong> Ieri mattina attorno alle 11.30 l&#8217;elicottero di Dolomiti Emergency \u00e8 volato verso le Tre Cime di Lavaredo, a seguito della segnalazione di un testimone che aveva visto cadere un sasso dalla Cima Grande, parete ovest, con conseguenti urla. L&#8217;eliambulanza ha effettuato un lungo sorvolo appurando la presenza di numerose cordate sia sulla normale che su altre vie di arrampicata ed escludendo persone coinvolta. Una squadra del Soccorso alpino della Guardia di finanza si \u00e8 inoltre portata nel canale tra la Grande e la Ovest per un ulteriore controllo.<\/p>\n<p>&nbsp;<\/p>\n<blockquote><p>&nbsp;<\/p><\/blockquote>\n<hr \/>\n<p>&nbsp;<\/p>\n<blockquote>\n<h3><img loading=\"lazy\" decoding=\"async\" class=\"alignleft\" src=\"https:\/\/www.radiopiu.net\/wordpress\/wp-content\/uploads\/2022\/08\/salt_20220802_105048_229.jpg\" width=\"134\" height=\"179\" \/>ALPINISTA VOLA SULLO ZOCCOLO DELLA VIA SOLLEDER &#8211; LETTENBAUER<\/h3>\n<\/blockquote>\n<p><strong>ALLEGHE<\/strong>\u00a0 Alle 5.50 circa l&#8217;elicottero di Dolomiti Emergency \u00e8 stato attivato per un alpinista volato sullo zoccolo della Via Solleder &#8211; Lettenbauer in Civetta. Decollato pochi minuti dopo, l&#8217;equipaggio si \u00e8 portato sulla verticale al luogo dell&#8217;incidente, dove si trovava il 29enne di Azzano Decimo (PN), caduto tra le rocce sul primo tiro per una quindicina di metri riportando un sospetto trauma cranico e al braccio. L&#8217;alpinista \u00e8 stato recuperato con un verricello di 40 metri e trasportato all&#8217;ospedale di Belluno. Il compagno \u00e8 rientrato assieme a un&#8217;altra cordata che si trovava sul posto.<\/p>\n<p>&nbsp;<\/p>\n<blockquote><p>&nbsp;<\/p><\/blockquote>\n<hr \/>\n<p>&nbsp;<\/p>\n<blockquote>\n<h3>RIENTRATE LE RICERCHE DI UNA DONNA A CORTINA, ESCURSIONISTA INFORTUNATA IN COMELICO<\/h3>\n<\/blockquote>\n<p dir=\"auto\"><strong>COMELICO<\/strong> L&#8217;elicottero di Dolomiti Emergency \u00e8 intervenuto verso le 15 al Rifugio Berti, dove era arrivata un&#8217;escursionista dopo essere caduta all&#8217;altezza del Passo della Sentinella, nel comune di Comelico Superiore. La donna, che aveva riportato un probabile trauma al polso e contusioni, \u00e8 stata valutata dall&#8217;equipe medica, imbarcata e trasportata all&#8217;ospedale di San Candido.<\/p>\n<p dir=\"auto\"><strong>CORTINA <\/strong>A Cortina \u00e8 invece rientrato l&#8217;allarme per una ricerca. In passeggiata con marito e cognato, in Val Orita una 32enne di Selvazzano Dentro (PD) si era poi separata dai due, rimanendo indietro senza cellulare. Salito ai Tondi, non vedendola pi\u00f9 arrivare, il marito aveva percorso a ritroso la strada e, non trovandola ne aveva segnalato la scomparsa verso le 13.40. Le squadre del Soccorso alpino di Cortina, della Guardia di finanza e dei Carabinieri hanno iniziato a perlustrare la zona finch\u00e9 l&#8217;uomo, che si trovava con loro, non ha ricevuto la telefonata della moglie: arrivata in Faloria, era discesa dal sentiero 212 e aveva raggiunto la casa di villeggiatura, da dove lo aveva chiamato rossicurandolo. L&#8217;allarme \u00e8 quindi cessato.<\/p>\n<p dir=\"auto\"><strong>CORTINA<\/strong> Una squadra del Soccorso alpino della Guardia di finanza di Cortina ha raggiunto un&#8217;escursionista che si era fatta male scendendo dal Rifugio Fonda Savio, sopra la partenza della teleferica. La 57enne di Forl\u00ec, che si trovava assieme al marito e aveva riportato una sospetta frattura al polso, \u00e8 stata medicata e caricata in barella, a causa di mancamenti dovuti al forte dolore. Trasportata sulla strada, la donna \u00e8 poi stata affidata all&#8217;ambulanza. Il Soccorso alpino della Val Fiorentina \u00e8 invece intervenuto verso la fine del sentiero che dal Rifugio Averau porta al Fedare, dove una 49enne di Roma aveva messo male un piede, con conseguente trauma alla caviglia. La donna \u00e8 stata accompagnata alla macchina con la quale si \u00e8 allontanata autonomamente.<\/p>\n<blockquote>\n<p dir=\"auto\">\n<\/blockquote>\n<hr \/>\n<blockquote>\n<h3 dir=\"auto\">FALCO AI BOX, PROBLEMI PER L&#8217;ELICOTTERO DELL&#8217;ULSS 1 DOLOMITI<\/h3>\n<\/blockquote>\n<p dir=\"auto\"><strong><a class=\"dt-pswp-item\" href=\"https:\/\/www.radiopiu.net\/wordpress\/wp-content\/uploads\/2022\/02\/4063da5f-f442-4e26-9beb-eb7473b3f855.jpg\" data-dt-img-description=\"\" data-large_image_width=\"1079\" data-large_image_height=\"720\"><img loading=\"lazy\" decoding=\"async\" class=\"alignleft wp-image-260644 \" src=\"https:\/\/www.radiopiu.net\/wordpress\/wp-content\/uploads\/2022\/02\/4063da5f-f442-4e26-9beb-eb7473b3f855-300x200.jpg\" alt=\"\" width=\"180\" height=\"120\" srcset=\"https:\/\/www.radiopiu.net\/wordpress\/wp-content\/uploads\/2022\/02\/4063da5f-f442-4e26-9beb-eb7473b3f855-300x200.jpg 300w, https:\/\/www.radiopiu.net\/wordpress\/wp-content\/uploads\/2022\/02\/4063da5f-f442-4e26-9beb-eb7473b3f855-1024x683.jpg 1024w, https:\/\/www.radiopiu.net\/wordpress\/wp-content\/uploads\/2022\/02\/4063da5f-f442-4e26-9beb-eb7473b3f855-768x512.jpg 768w, https:\/\/www.radiopiu.net\/wordpress\/wp-content\/uploads\/2022\/02\/4063da5f-f442-4e26-9beb-eb7473b3f855.jpg 1079w\" sizes=\"auto, (max-width: 180px) 100vw, 180px\" \/><\/a>BELLUNO <\/strong>Venerd\u00ec 19 agosto alle 12.30, allo scarico dati periodico di Falco, che viene effettuato per verificare in via preventiva eventuali problemi alla macchina, sono stati segnalati alcuni <em>allert,<\/em> tali da obbligare al fermo tecnico l&#8217;elicottero, per la massima sicurezza del mezzo e del suo equipaggio. Gi\u00e0 da venerd\u00ec, sia i tecnici di Babcock sia i tecnici di Airbus, costruttore dell&#8217;elicottero, si sono adoperati per identificare il problema, trovare una soluzione e procedere alle ulteriori verifiche post intervento. Al momento non ci sono indicazioni certe sulla ripresa dell\u2019attivit\u00e0 di Falco. L\u2019Ulss Dolomiti \u00e8 in costante contatto con la ditta per arrivare velocemente, e in sicurezza, alla soluzione del problema. L\u2019Azienda Dolomiti, inoltre, sta applicando le norme contrattuali che disciplinano i rapporti con Babcock in merito al fermo tecnico &#8220;non programmato\u201d ed ha avviato una contestazione con l\u2019applicazione delle penali previste.<\/p>\n<blockquote>\n<p dir=\"auto\">\n<\/blockquote>\n<hr \/>\n<blockquote>\n<h3 dir=\"auto\">CHIUSURA IN ANTICIPO PER LA SEGGIOVIA DEL NEVEGAL<\/h3>\n<\/blockquote>\n<p dir=\"auto\"><strong><a class=\"dt-pswp-item\" href=\"https:\/\/www.radiopiu.net\/wordpress\/wp-content\/uploads\/2022\/08\/AAA-25.jpg\" data-dt-img-description=\"\" data-large_image_width=\"775\" data-large_image_height=\"429\"><img loading=\"lazy\" decoding=\"async\" class=\"wp-image-294181 alignleft\" src=\"https:\/\/www.radiopiu.net\/wordpress\/wp-content\/uploads\/2022\/08\/AAA-25.jpg\" alt=\"\" width=\"208\" height=\"115\" srcset=\"https:\/\/www.radiopiu.net\/wordpress\/wp-content\/uploads\/2022\/08\/AAA-25.jpg 775w, https:\/\/www.radiopiu.net\/wordpress\/wp-content\/uploads\/2022\/08\/AAA-25-300x166.jpg 300w, https:\/\/www.radiopiu.net\/wordpress\/wp-content\/uploads\/2022\/08\/AAA-25-768x425.jpg 768w\" sizes=\"auto, (max-width: 208px) 100vw, 208px\" \/><\/a>BELLUNO\u00a0<\/strong> Un guasto tecnico ha costretto i tecnici della societ\u00e0 Nevegal 2021 a chiudere il secondo troncone della seggiovia gi\u00e0 domenica mattina.\u00a0<em> \u00abAbbiamo lavorato sulla stazione a monte tutta la giornata\u00bb, spiega il presidente di Nevegal 2021, Alessandro Molin (foto), \u00abdovevamo capire l&#8217;entit\u00e0 dei danni e soprattutto valutare le possibili soluzioni per il ripristino dell&#8217;operativit\u00e0 dell&#8217;impianto. Purtroppo, con l&#8217;assistenza dei tecnici della Leitner, abbiamo compreso che per riparare il danno dovranno passare almeno una decina di giorni\u00bb<\/em>. Il secondo troncone non riaprir\u00e0 pi\u00f9.\u00a0 La stagione invernale non \u00e8 a rischio, sar\u00e0 ancora targata Nevegal 2021 in attesa della gara per l&#8217;acquisizione degli impianti che dovrebbe uscire in autunno.<\/p>\n<blockquote>\n<p dir=\"auto\">\n<\/blockquote>\n<hr \/>\n<blockquote>\n<h2 dir=\"auto\">IERI ALLA RADIO&#8230; RECORD DI VISUALIZZAZIONI PER &#8220;CASTELLINO&#8221;<\/h2>\n<\/blockquote>\n<p dir=\"auto\"><strong>Ornella Calza<\/strong> <em>&#8220;Questa sera si \u00e8 fatto coccolare anche se \u00e8 ancora terrorizzato &#x2764;&#xfe0f;&#8221;<\/em><\/p>\n<blockquote class=\"wp-embedded-content\" data-secret=\"yHg42pIgkB\"><p><a href=\"https:\/\/www.radiopiu.net\/wordpress\/vergognoso-sono-due-i-gattini-abbandonati-nella-galleria-dei-castei\/\">VERGOGNOSO: SONO DUE I GATTINI ABBANDONATI NELLA GALLERIA DEI CASTEI<\/a><\/p><\/blockquote>\n<p><iframe loading=\"lazy\" class=\"wp-embedded-content\" sandbox=\"allow-scripts\" security=\"restricted\" style=\"position: absolute; clip: rect(1px, 1px, 1px, 1px);\" title=\"&#8220;VERGOGNOSO: SONO DUE I GATTINI ABBANDONATI NELLA GALLERIA DEI CASTEI&#8221; &#8212; Radio Pi\u00f9\" src=\"https:\/\/www.radiopiu.net\/wordpress\/vergognoso-sono-due-i-gattini-abbandonati-nella-galleria-dei-castei\/embed\/#?secret=pyKMPykJhP#?secret=yHg42pIgkB\" data-secret=\"yHg42pIgkB\" width=\"600\" height=\"338\" frameborder=\"0\" marginwidth=\"0\" marginheight=\"0\" scrolling=\"no\"><\/iframe><\/p>\n<blockquote>\n<h3 dir=\"auto\">STRAGE DI GATTI IN VIA SAN CIPRIANO se si tratta davvero di bocconi avvelenati, sarebbe un fatto grave.<\/h3>\n<\/blockquote>\n<p dir=\"auto\"><strong>BELLUNO<\/strong> A Castion sono stati trovati morti una decina di gatti domestici ad agosto. Sul caso stanno approfondendo la situazione la Polizia locale e i carabinieri forestali, con il Nucleo cinofilo antiveleno, che ieri erano in sopralluogo sul posto.<\/p>\n<blockquote>\n<p dir=\"auto\">\n<\/blockquote>\n<hr \/>\n<blockquote>\n<h3><\/h3>\n<h3>DILLO A RADIO PIU&#8217;&#8230;LA &#8220;RACCOLTA&#8221; RIFIUTI IN VALLE DEL BIOIS<\/h3>\n<\/blockquote>\n<p><img loading=\"lazy\" decoding=\"async\" class=\"alignleft\" src=\"https:\/\/www.radiopiu.net\/wordpress\/wp-content\/uploads\/2022\/08\/WhatsApp-Image-2022-08-22-at-10.20.31.jpeg\" width=\"219\" height=\"164\" \/>Riceviamo e volentieri pubblichiamo l&#8217;ennesima segnalazione di un servizio che diventa spesso disservizio<\/p>\n<div><strong>Genti.mo Direttore<\/strong><\/div>\n<div>Scrivo per segnalarvi la situazione attuale dell&#8217;eco-isola di Canale d&#8217;Agordo, di cui allego foto. \u00c8 demoralizzante tutto ci\u00f2, una \u00a0gestione del servizio indefinibile nelle localit\u00e0 turistiche da parte di Valpe. Purtroppo questo (dis)servizio viene pagato\u00a0 ai Comuni della Val del Biois\u00a0 in modo cospicuo dai non residenti. Possibile che in Valpe non si rendano conto che la stagionalit\u00e0 non va gestita con lo stesso &#8220;modello piatto&#8221; a novembre o ad agosto? E&#8217; possibile, ad esempio, pensare di organizzare delle raccolte integrative, almeno di umido e secco, nelle domeniche di agosto? Nella speranza di essere smentito nelle prossime occasioni, ad es. 8 dicembre o natale, saluto cordialmente<\/div>\n<div>Giorgio Troni<\/div>\n<p>&nbsp;<\/p>\n<blockquote><p>&nbsp;<\/p><\/blockquote>\n<p>&nbsp;<\/p>\n<hr \/>\n<p>&nbsp;<\/p>\n<blockquote>\n<h3><a class=\"dt-pswp-item\" href=\"https:\/\/www.radiopiu.net\/wordpress\/wp-content\/uploads\/2022\/08\/710957f6-d38b-4b4f-90fb-4bf1509c0b68.jpg\" data-dt-img-description=\"\" data-large_image_width=\"720\" data-large_image_height=\"1155\"><img loading=\"lazy\" decoding=\"async\" class=\"wp-image-294182 alignleft\" src=\"https:\/\/www.radiopiu.net\/wordpress\/wp-content\/uploads\/2022\/08\/710957f6-d38b-4b4f-90fb-4bf1509c0b68-187x300.jpg\" alt=\"\" width=\"149\" height=\"239\" srcset=\"https:\/\/www.radiopiu.net\/wordpress\/wp-content\/uploads\/2022\/08\/710957f6-d38b-4b4f-90fb-4bf1509c0b68-187x300.jpg 187w, https:\/\/www.radiopiu.net\/wordpress\/wp-content\/uploads\/2022\/08\/710957f6-d38b-4b4f-90fb-4bf1509c0b68-638x1024.jpg 638w, https:\/\/www.radiopiu.net\/wordpress\/wp-content\/uploads\/2022\/08\/710957f6-d38b-4b4f-90fb-4bf1509c0b68.jpg 720w\" sizes=\"auto, (max-width: 149px) 100vw, 149px\" \/><\/a>NUOVA AREA PER I MEZZI PUBBLICI IN VALCOZZENA<\/h3>\n<\/blockquote>\n<p><strong>AGORDO<\/strong> Le maestranze dello stabilimento Luxottica di Agordo sono tornate operative dopo tre settimane di ferie. Giornate di trambusto invece in localit\u00e0 Valcozzena dove si sta lavorando per completare la nuova viabilit\u00e0 della zona industriale. \u00c8 entrato in azione il nuovo parcheggio per i mezzi pubblici e gli operai non dovranno pi\u00f9 attraversare la strada per raggiungere lo stabilimento evitando cos\u00ec incidenti o congestione del traffico in entrata e in uscita dai turni.<em> &#8220;Il parcheggio delle corriere \u00e8 operativo anche se mancano alcune opere di contorno &#8211; dice Emilio Bez della UILTEC &#8211; invece per i parcheggi auto i lavori sono ancora in corso e probabilmente ci vorr\u00e0 ancora del tempo per finirli. La navetta per il turno pomeriggio rimane operativa ed \u00e8 pi\u00f9 che mai necessaria visto che il cantiere occupa ancora una discreta parte dei futuri parcheggi. Comunque lo spostamento dell&#8217;area autobus evita l&#8217;attraversamento della strada da parte dei passeggeri, quindi \u00e8 gi\u00e0 un notevole miglioramento per la sicurezza e per la scorrevolezza del flusso di auto&#8221;.<\/em><\/p>\n\n\t\t\t<style type='text\/css'>\n\t\t\t\t#gallery-2 {\n\t\t\t\t\tmargin: auto;\n\t\t\t\t}\n\t\t\t\t#gallery-2 .gallery-item {\n\t\t\t\t\tfloat: left;\n\t\t\t\t\tmargin-top: 10px;\n\t\t\t\t\ttext-align: center;\n\t\t\t\t\twidth: 33%;\n\t\t\t\t}\n\t\t\t\t#gallery-2 img {\n\t\t\t\t\tborder: 2px solid #cfcfcf;\n\t\t\t\t}\n\t\t\t\t#gallery-2 .gallery-caption {\n\t\t\t\t\tmargin-left: 0;\n\t\t\t\t}\n\t\t\t\t\/* see gallery_shortcode() in wp-includes\/media.php *\/\n\t\t\t<\/style>\n\t\t<div id='gallery-2' class='dt-gallery-container gallery galleryid-293947 gallery-columns-3 gallery-size-thumbnail'><dl class='gallery-item'>\n\t\t\t\t<dt class='gallery-icon landscape'>\n\t\t\t\t\t<a class=\"rollover rollover-zoom dt-pswp-item\" title=\"3656adf9-cc4c-4acc-9d3e-47c69abbc429\" data-dt-img-description=\"\" data-large_image_width=\"1600\" data-large_image_height=\"1196\"href='https:\/\/www.radiopiu.net\/wordpress\/wp-content\/uploads\/2022\/08\/3656adf9-cc4c-4acc-9d3e-47c69abbc429.jpg'><img loading=\"lazy\" decoding=\"async\" width=\"150\" height=\"150\" src=\"https:\/\/www.radiopiu.net\/wordpress\/wp-content\/uploads\/2022\/08\/3656adf9-cc4c-4acc-9d3e-47c69abbc429-150x150.jpg\" class=\"attachment-thumbnail size-thumbnail\" alt=\"\" \/><\/a>\n\t\t\t\t<\/dt><\/dl><dl class='gallery-item'>\n\t\t\t\t<dt class='gallery-icon landscape'>\n\t\t\t\t\t<a class=\"rollover rollover-zoom dt-pswp-item\" title=\"3c404ebd-5849-4856-aa31-d33d17035421\" data-dt-img-description=\"\" data-large_image_width=\"1600\" data-large_image_height=\"1196\"href='https:\/\/www.radiopiu.net\/wordpress\/wp-content\/uploads\/2022\/08\/3c404ebd-5849-4856-aa31-d33d17035421.jpg'><img loading=\"lazy\" decoding=\"async\" width=\"150\" height=\"150\" src=\"https:\/\/www.radiopiu.net\/wordpress\/wp-content\/uploads\/2022\/08\/3c404ebd-5849-4856-aa31-d33d17035421-150x150.jpg\" class=\"attachment-thumbnail size-thumbnail\" alt=\"\" \/><\/a>\n\t\t\t\t<\/dt><\/dl><dl class='gallery-item'>\n\t\t\t\t<dt class='gallery-icon landscape'>\n\t\t\t\t\t<a class=\"rollover rollover-zoom dt-pswp-item\" title=\"72056abe-e810-4cc2-ad28-52551117714d\" data-dt-img-description=\"\" data-large_image_width=\"1600\" data-large_image_height=\"1196\"href='https:\/\/www.radiopiu.net\/wordpress\/wp-content\/uploads\/2022\/08\/72056abe-e810-4cc2-ad28-52551117714d.jpg'><img loading=\"lazy\" decoding=\"async\" width=\"150\" height=\"150\" src=\"https:\/\/www.radiopiu.net\/wordpress\/wp-content\/uploads\/2022\/08\/72056abe-e810-4cc2-ad28-52551117714d-150x150.jpg\" class=\"attachment-thumbnail size-thumbnail\" alt=\"\" \/><\/a>\n\t\t\t\t<\/dt><\/dl><br style=\"clear: both\" \/><dl class='gallery-item'>\n\t\t\t\t<dt class='gallery-icon landscape'>\n\t\t\t\t\t<a class=\"rollover rollover-zoom dt-pswp-item\" title=\"06d39b95-1941-43ed-837b-2fa764a4ea2f\" data-dt-img-description=\"\" data-large_image_width=\"1600\" data-large_image_height=\"1196\"href='https:\/\/www.radiopiu.net\/wordpress\/wp-content\/uploads\/2022\/08\/06d39b95-1941-43ed-837b-2fa764a4ea2f.jpg'><img loading=\"lazy\" decoding=\"async\" width=\"150\" height=\"150\" src=\"https:\/\/www.radiopiu.net\/wordpress\/wp-content\/uploads\/2022\/08\/06d39b95-1941-43ed-837b-2fa764a4ea2f-150x150.jpg\" class=\"attachment-thumbnail size-thumbnail\" alt=\"\" \/><\/a>\n\t\t\t\t<\/dt><\/dl><dl class='gallery-item'>\n\t\t\t\t<dt class='gallery-icon landscape'>\n\t\t\t\t\t<a class=\"rollover rollover-zoom dt-pswp-item\" title=\"5071e3c3-0af4-4e74-b911-885d0b7b82ce\" data-dt-img-description=\"\" data-large_image_width=\"1600\" data-large_image_height=\"1196\"href='https:\/\/www.radiopiu.net\/wordpress\/wp-content\/uploads\/2022\/08\/5071e3c3-0af4-4e74-b911-885d0b7b82ce.jpg'><img loading=\"lazy\" decoding=\"async\" width=\"150\" height=\"150\" src=\"https:\/\/www.radiopiu.net\/wordpress\/wp-content\/uploads\/2022\/08\/5071e3c3-0af4-4e74-b911-885d0b7b82ce-150x150.jpg\" class=\"attachment-thumbnail size-thumbnail\" alt=\"\" \/><\/a>\n\t\t\t\t<\/dt><\/dl><dl class='gallery-item'>\n\t\t\t\t<dt class='gallery-icon landscape'>\n\t\t\t\t\t<a class=\"rollover rollover-zoom dt-pswp-item\" title=\"06d39b95-1941-43ed-837b-2fa764a4ea2f-1\" data-dt-img-description=\"\" data-large_image_width=\"1600\" data-large_image_height=\"1196\"href='https:\/\/www.radiopiu.net\/wordpress\/wp-content\/uploads\/2022\/08\/06d39b95-1941-43ed-837b-2fa764a4ea2f-1.jpg'><img loading=\"lazy\" decoding=\"async\" width=\"150\" height=\"150\" src=\"https:\/\/www.radiopiu.net\/wordpress\/wp-content\/uploads\/2022\/08\/06d39b95-1941-43ed-837b-2fa764a4ea2f-1-150x150.jpg\" class=\"attachment-thumbnail size-thumbnail\" alt=\"\" \/><\/a>\n\t\t\t\t<\/dt><\/dl><br style=\"clear: both\" \/>\n\t\t\t<\/div>\n\n<p>&nbsp;<\/p>\n<p>&nbsp;<\/p>\n<hr \/>\n<p>&nbsp;<\/p>\n<blockquote>\n<h3>COVID IN PROVINCIA: NELL&#8217;ULTIMA SETTIMANA 5 DECESSI. 38 PERSONE RICOVERATE E 1638 ATTUALMENTE POSITIVI IN PROVINCIA<\/h3>\n<\/blockquote>\n<p><strong>BELLUNO<\/strong> Aggiornamento settimanale a cura dell&#8217;Ulss 1 Dolomiti sull&#8217;andamento epidemiologico in provincia di Belluno. Le persone attualmente positive sono 1638. Anche nella settimana qui analizzata si registra una lieve diminuzione dei nuovi casi rispetto al precedente periodo di osservazione. Nel dettaglio, i nuovi casi rilevati nell\u2019ultima settimana sono 698 (-40 rispetto alla scorsa settimana), con un conseguente tasso di incidenza settimanale di 352 casi su 100 mila abitanti, in lieve diminuzione rispetto al precedente periodo di osservazione, ma superiore all&#8217;incidenza nazionale (256 su 100 mila abitanti). Pur se in evidente rallentamento, la circolazione virale di SARS-CoV-2 rimane consistente, determinando una casistica circa 7 volte superiore alla soglia epidemica (50 casi settimanali su 100.000 abitanti). Ci\u00f2 raccomanda la necessit\u00e0 di mantenere attivi i comportamenti preventivi. Sono stati eseguiti dai team dell\u2019Ulss Dolomiti 4.925 tamponi (di cui 2.001 molecolari e 2.924 antigenici). A questi si aggiungono 1.756 tamponi antigenici eseguiti dalle Farmacie del territorio, 37 tamponi eseguiti dai Pediatri di Libera scelta e 126 tamponi eseguiti dai Medici di Medicina Generale. In media, ogni giorno vengono eseguiti circa 490 tamponi ogni 100 mila abitanti. Sono stati somministrati 4 trattamenti con anticorpi monoclonali dall\u2019Unit\u00e0 Operativa di Malattie Infettive di Belluno, per un totale di 467 dosi complessive; Sono stati prescritti 10 trattamenti con farmaco antivirale orale per un totale di 417 trattamenti complessivi. Negli ospedali bellunesi sono ricoverate 30 persone in area non critica (di cui 14 non covid), 2 in terapia intensiva e 6 negli ospedali di comunit\u00e0. Si registrano cinque decessi negli ultimi sette giorni. <span class=\"Carpredefinitoparagrafo1\">Un uomo di 80 anni, un uomo di 83 anni, una donna di 91 anni<\/span><span class=\"Carpredefinitoparagrafo1\">, una donna di 88 anni e una donna di 80 anni.<\/span><\/p>\n\n\t\t\t<style type='text\/css'>\n\t\t\t\t#gallery-3 {\n\t\t\t\t\tmargin: auto;\n\t\t\t\t}\n\t\t\t\t#gallery-3 .gallery-item {\n\t\t\t\t\tfloat: left;\n\t\t\t\t\tmargin-top: 10px;\n\t\t\t\t\ttext-align: center;\n\t\t\t\t\twidth: 33%;\n\t\t\t\t}\n\t\t\t\t#gallery-3 img {\n\t\t\t\t\tborder: 2px solid #cfcfcf;\n\t\t\t\t}\n\t\t\t\t#gallery-3 .gallery-caption {\n\t\t\t\t\tmargin-left: 0;\n\t\t\t\t}\n\t\t\t\t\/* see gallery_shortcode() in wp-includes\/media.php *\/\n\t\t\t<\/style>\n\t\t<div id='gallery-3' class='dt-gallery-container gallery galleryid-293947 gallery-columns-3 gallery-size-thumbnail'><dl class='gallery-item'>\n\t\t\t\t<dt class='gallery-icon landscape'>\n\t\t\t\t\t<a class=\"rollover rollover-zoom dt-pswp-item\" title=\"Schermata 2022-08-22 alle 17.08.55\" data-dt-img-description=\"\" data-large_image_width=\"1170\" data-large_image_height=\"720\"href='https:\/\/www.radiopiu.net\/wordpress\/wp-content\/uploads\/2022\/08\/Schermata-2022-08-22-alle-17.08.55.png'><img loading=\"lazy\" decoding=\"async\" width=\"150\" height=\"150\" src=\"https:\/\/www.radiopiu.net\/wordpress\/wp-content\/uploads\/2022\/08\/Schermata-2022-08-22-alle-17.08.55-150x150.png\" class=\"attachment-thumbnail size-thumbnail\" alt=\"\" aria-describedby=\"gallery-3-294114\" \/><\/a>\n\t\t\t\t<\/dt>\n\t\t\t\t\t<dd class='wp-caption-text gallery-caption' id='gallery-3-294114'>\n\t\t\t\t\tANDAMENTO EPIDEMICO COVID DAI PRIMI DI MARZO 2020 \n\t\t\t\t\t<\/dd><\/dl><dl class='gallery-item'>\n\t\t\t\t<dt class='gallery-icon portrait'>\n\t\t\t\t\t<a class=\"rollover rollover-zoom dt-pswp-item\" title=\"Schermata 2022-08-22 alle 17.09.14\" data-dt-img-description=\"\" data-large_image_width=\"1334\" data-large_image_height=\"1512\"href='https:\/\/www.radiopiu.net\/wordpress\/wp-content\/uploads\/2022\/08\/Schermata-2022-08-22-alle-17.09.14.png'><img loading=\"lazy\" decoding=\"async\" width=\"150\" height=\"150\" src=\"https:\/\/www.radiopiu.net\/wordpress\/wp-content\/uploads\/2022\/08\/Schermata-2022-08-22-alle-17.09.14-150x150.png\" class=\"attachment-thumbnail size-thumbnail\" alt=\"\" aria-describedby=\"gallery-3-294115\" \/><\/a>\n\t\t\t\t<\/dt>\n\t\t\t\t\t<dd class='wp-caption-text gallery-caption' id='gallery-3-294115'>\n\t\t\t\t\tL\u2019INCIDENZA SETTIMANALE PER SINGOLO COMUNE\n\t\t\t\t\t<\/dd><\/dl><dl class='gallery-item'>\n\t\t\t\t<dt class='gallery-icon landscape'>\n\t\t\t\t\t<a class=\"rollover rollover-zoom dt-pswp-item\" title=\"Schermata 2022-08-22 alle 17.09.30\" data-dt-img-description=\"\" data-large_image_width=\"1150\" data-large_image_height=\"738\"href='https:\/\/www.radiopiu.net\/wordpress\/wp-content\/uploads\/2022\/08\/Schermata-2022-08-22-alle-17.09.30.png'><img loading=\"lazy\" decoding=\"async\" width=\"150\" height=\"150\" src=\"https:\/\/www.radiopiu.net\/wordpress\/wp-content\/uploads\/2022\/08\/Schermata-2022-08-22-alle-17.09.30-150x150.png\" class=\"attachment-thumbnail size-thumbnail\" alt=\"\" aria-describedby=\"gallery-3-294116\" \/><\/a>\n\t\t\t\t<\/dt>\n\t\t\t\t\t<dd class='wp-caption-text gallery-caption' id='gallery-3-294116'>\n\t\t\t\t\tNUMERI DI CASI PER FASCE D&#8217;ETA&#8217;\n\t\t\t\t\t<\/dd><\/dl><br style=\"clear: both\" \/>\n\t\t\t<\/div>\n\n<p>&nbsp;<\/p>\n<hr \/>\n<p>&nbsp;<\/p>\n<blockquote class=\"wp-embedded-content\" data-secret=\"5CZy6eBuz3\"><p><a href=\"https:\/\/www.radiopiu.net\/wordpress\/aggnazionaleagosto22\/\">CORONAVIRUS: AGGIORNAMENTO NAZIONALE 22 AGOSTO 2022<\/a><\/p><\/blockquote>\n<p><iframe loading=\"lazy\" class=\"wp-embedded-content\" sandbox=\"allow-scripts\" security=\"restricted\" style=\"position: absolute; clip: rect(1px, 1px, 1px, 1px);\" title=\"&#8220;CORONAVIRUS: AGGIORNAMENTO NAZIONALE 22 AGOSTO 2022&#8221; &#8212; Radio Pi\u00f9\" src=\"https:\/\/www.radiopiu.net\/wordpress\/aggnazionaleagosto22\/embed\/#?secret=BcqAcfKy0b#?secret=5CZy6eBuz3\" data-secret=\"5CZy6eBuz3\" width=\"600\" height=\"338\" frameborder=\"0\" marginwidth=\"0\" marginheight=\"0\" scrolling=\"no\"><\/iframe><\/p>\n<p>&nbsp;<\/p>\n<blockquote class=\"wp-embedded-content\" data-secret=\"COwVPSuUET\"><p><a href=\"https:\/\/www.radiopiu.net\/wordpress\/aziendazeroagosto22\/\">SONO 871 I NUOVI POSTIVI DELLE ULTIME 24 ORE IN VENETO. RICOVERI STABILI E DUE DECESSI<\/a><\/p><\/blockquote>\n<p><iframe loading=\"lazy\" class=\"wp-embedded-content\" sandbox=\"allow-scripts\" security=\"restricted\" style=\"position: absolute; clip: rect(1px, 1px, 1px, 1px);\" title=\"&#8220;SONO 871 I NUOVI POSTIVI DELLE ULTIME 24 ORE IN VENETO. RICOVERI STABILI E DUE DECESSI&#8221; &#8212; Radio Pi\u00f9\" src=\"https:\/\/www.radiopiu.net\/wordpress\/aziendazeroagosto22\/embed\/#?secret=clyUt7jHpg#?secret=COwVPSuUET\" data-secret=\"COwVPSuUET\" width=\"600\" height=\"338\" frameborder=\"0\" marginwidth=\"0\" marginheight=\"0\" scrolling=\"no\"><\/iframe><\/p>\n<p>&nbsp;<\/p>\n<h2>I GRAFICI DI TIZIANO DE COL<\/h2>\n\n\t\t\t<style type='text\/css'>\n\t\t\t\t#gallery-4 {\n\t\t\t\t\tmargin: auto;\n\t\t\t\t}\n\t\t\t\t#gallery-4 .gallery-item {\n\t\t\t\t\tfloat: left;\n\t\t\t\t\tmargin-top: 10px;\n\t\t\t\t\ttext-align: center;\n\t\t\t\t\twidth: 33%;\n\t\t\t\t}\n\t\t\t\t#gallery-4 img {\n\t\t\t\t\tborder: 2px solid #cfcfcf;\n\t\t\t\t}\n\t\t\t\t#gallery-4 .gallery-caption {\n\t\t\t\t\tmargin-left: 0;\n\t\t\t\t}\n\t\t\t\t\/* see gallery_shortcode() in wp-includes\/media.php *\/\n\t\t\t<\/style>\n\t\t<div id='gallery-4' class='dt-gallery-container gallery galleryid-293947 gallery-columns-3 gallery-size-thumbnail'><dl class='gallery-item'>\n\t\t\t\t<dt class='gallery-icon landscape'>\n\t\t\t\t\t<a class=\"rollover rollover-zoom dt-pswp-item\" title=\"95aa4cf6-e4a3-4b66-b5fc-be0c1adf3142\" data-dt-img-description=\"\" data-large_image_width=\"605\" data-large_image_height=\"361\"href='https:\/\/www.radiopiu.net\/wordpress\/wp-content\/uploads\/2022\/08\/95aa4cf6-e4a3-4b66-b5fc-be0c1adf3142.jpg'><img loading=\"lazy\" decoding=\"async\" width=\"150\" height=\"150\" src=\"https:\/\/www.radiopiu.net\/wordpress\/wp-content\/uploads\/2022\/08\/95aa4cf6-e4a3-4b66-b5fc-be0c1adf3142-150x150.jpg\" class=\"attachment-thumbnail size-thumbnail\" alt=\"\" \/><\/a>\n\t\t\t\t<\/dt><\/dl><dl class='gallery-item'>\n\t\t\t\t<dt class='gallery-icon landscape'>\n\t\t\t\t\t<a class=\"rollover rollover-zoom dt-pswp-item\" title=\"ce47d35f-e56a-4c9b-a898-68ce5074894a\" data-dt-img-description=\"\" data-large_image_width=\"603\" data-large_image_height=\"363\"href='https:\/\/www.radiopiu.net\/wordpress\/wp-content\/uploads\/2022\/08\/ce47d35f-e56a-4c9b-a898-68ce5074894a.jpg'><img loading=\"lazy\" decoding=\"async\" width=\"150\" height=\"150\" src=\"https:\/\/www.radiopiu.net\/wordpress\/wp-content\/uploads\/2022\/08\/ce47d35f-e56a-4c9b-a898-68ce5074894a-150x150.jpg\" class=\"attachment-thumbnail size-thumbnail\" alt=\"\" \/><\/a>\n\t\t\t\t<\/dt><\/dl><dl class='gallery-item'>\n\t\t\t\t<dt class='gallery-icon landscape'>\n\t\t\t\t\t<a class=\"rollover rollover-zoom dt-pswp-item\" title=\"11f488cf-ecf4-4078-8ea9-a2a4f7eee0aa\" data-dt-img-description=\"\" data-large_image_width=\"612\" data-large_image_height=\"356\"href='https:\/\/www.radiopiu.net\/wordpress\/wp-content\/uploads\/2022\/08\/11f488cf-ecf4-4078-8ea9-a2a4f7eee0aa.jpg'><img loading=\"lazy\" decoding=\"async\" width=\"150\" height=\"150\" src=\"https:\/\/www.radiopiu.net\/wordpress\/wp-content\/uploads\/2022\/08\/11f488cf-ecf4-4078-8ea9-a2a4f7eee0aa-150x150.jpg\" class=\"attachment-thumbnail size-thumbnail\" alt=\"\" \/><\/a>\n\t\t\t\t<\/dt><\/dl><br style=\"clear: both\" \/><dl class='gallery-item'>\n\t\t\t\t<dt class='gallery-icon landscape'>\n\t\t\t\t\t<a class=\"rollover rollover-zoom dt-pswp-item\" title=\"98f45ebb-a09c-431c-89bd-73d1c2508719\" data-dt-img-description=\"\" data-large_image_width=\"610\" data-large_image_height=\"358\"href='https:\/\/www.radiopiu.net\/wordpress\/wp-content\/uploads\/2022\/08\/98f45ebb-a09c-431c-89bd-73d1c2508719.jpg'><img loading=\"lazy\" decoding=\"async\" width=\"150\" height=\"150\" src=\"https:\/\/www.radiopiu.net\/wordpress\/wp-content\/uploads\/2022\/08\/98f45ebb-a09c-431c-89bd-73d1c2508719-150x150.jpg\" class=\"attachment-thumbnail size-thumbnail\" alt=\"\" \/><\/a>\n\t\t\t\t<\/dt><\/dl><dl class='gallery-item'>\n\t\t\t\t<dt class='gallery-icon landscape'>\n\t\t\t\t\t<a class=\"rollover rollover-zoom dt-pswp-item\" title=\"2193d47d-ac23-420a-bd5a-463d98b7dd49\" data-dt-img-description=\"\" data-large_image_width=\"614\" data-large_image_height=\"362\"href='https:\/\/www.radiopiu.net\/wordpress\/wp-content\/uploads\/2022\/08\/2193d47d-ac23-420a-bd5a-463d98b7dd49.jpg'><img loading=\"lazy\" decoding=\"async\" width=\"150\" height=\"150\" src=\"https:\/\/www.radiopiu.net\/wordpress\/wp-content\/uploads\/2022\/08\/2193d47d-ac23-420a-bd5a-463d98b7dd49-150x150.jpg\" class=\"attachment-thumbnail size-thumbnail\" alt=\"\" \/><\/a>\n\t\t\t\t<\/dt><\/dl><dl class='gallery-item'>\n\t\t\t\t<dt class='gallery-icon landscape'>\n\t\t\t\t\t<a class=\"rollover rollover-zoom dt-pswp-item\" title=\"eee49af3-ddbd-41b6-8b29-22ebf5c806a4\" data-dt-img-description=\"\" data-large_image_width=\"610\" data-large_image_height=\"358\"href='https:\/\/www.radiopiu.net\/wordpress\/wp-content\/uploads\/2022\/08\/eee49af3-ddbd-41b6-8b29-22ebf5c806a4.jpg'><img loading=\"lazy\" decoding=\"async\" width=\"150\" height=\"150\" src=\"https:\/\/www.radiopiu.net\/wordpress\/wp-content\/uploads\/2022\/08\/eee49af3-ddbd-41b6-8b29-22ebf5c806a4-150x150.jpg\" class=\"attachment-thumbnail size-thumbnail\" alt=\"\" \/><\/a>\n\t\t\t\t<\/dt><\/dl><br style=\"clear: both\" \/>\n\t\t\t<\/div>\n\n<p>&nbsp;<\/p>\n<p>&nbsp;<\/p>\n<p>&nbsp;<\/p>\n<hr \/>\n<p>&nbsp;<\/p>\n<blockquote>\n<h3>EROGATI I RESIDUI DEI FONDI DI \u201cRISULTATO\u201d AI DIRIGENTI MEDICI<\/h3>\n<\/blockquote>\n<p><strong><a class=\"dt-pswp-item\" href=\"https:\/\/www.radiopiu.net\/wordpress\/wp-content\/uploads\/2020\/03\/ULSS-1-DOLOMITI-LOGO.jpg\" data-dt-img-description=\"\" data-large_image_width=\"298\" data-large_image_height=\"219\"><img loading=\"lazy\" decoding=\"async\" class=\"alignleft wp-image-121256 \" src=\"https:\/\/www.radiopiu.net\/wordpress\/wp-content\/uploads\/2020\/03\/ULSS-1-DOLOMITI-LOGO.jpg\" alt=\"\" width=\"149\" height=\"110\" \/><\/a>BELLUNO <\/strong>Con il mese di agosto sar\u00e0 liquidata la quota del fondo per la retribuzione di risultato sugli obiettivi di budget della dirigenza medico veterinaria, concordata in base all\u2019accordo giudiziale che \u00a0chiude un lungo contenzioso. Il 26 agosto saranno erogati, quindi,agli 831 dirigenti medici e veterinari in servizio dal 2007 al 2019(alcuni dei quali ora anche in quiescenza o transitati in altra Azienda) i residui dei fondi non utilizzati relativi agli anni sopra indicati, per un totale di 1.307.840 euro. I criteri per la ripartizione sono gi\u00e0 stati stabiliti con l\u2019intesa siglata tra Azienda e parti sindacali a fine giugno. Nel mese di luglio, si ricorda, l\u2019Azienda Ulss Dolomiti ha liquidato anche i fondi incentivanti per il personale del comparto, relativi all\u2019anno 2021.<\/p>\n<p>&nbsp;<\/p>\n<p>&nbsp;<\/p>\n<hr \/>\n<p>&nbsp;<\/p>\n<blockquote>\n<h3>UNA NOTTE DI FESTEGGIAMENTI PER TOCCOL DOPO LA VITTORIA AL PALIO DEI CENTO<\/h3>\n<\/blockquote>\n<p><strong>AGORDO<\/strong> Una notte di festa per i frazionisti di Toccol che hanno portato a casa il bronzo di Cesare Benvegn\u00f9 dopo 18 anni. I gialli di Agordo hanno vinto la 38\u00aa edizione del Palio dei Cento. In un Broi gremito di gente, la vittoria \u00e8 arrivata proprio nella prova finale della manifestazione arrivando in finale nel tiro alla fune contro Rif. Toccol ha vinto il palio ma non ha dominato nessuna delle sette prove. Quattro secondi posti nelle varie prove sono stati decisivi per alzare al cielo il bronzo di Cesare Benvegn\u00f9.<\/p>\n<p><strong>LE PAROLE DI LIVIO DE NARDIN ALLA FINE DELLA PREMIAZIONE E L&#8217;INTERVISTA AD ALESSANDRA DA RONCH E MATTEO CHISSALE&#8217;, FRAZIONISTI DEL TOCCOL E TRA GLI ORGANIZZATORI DEL PALIO<\/strong><\/p>\n<audio class=\"wp-audio-shortcode\" id=\"audio-293947-5\" preload=\"none\" style=\"width: 100%;\" controls=\"controls\"><source type=\"audio\/mpeg\" src=\"https:\/\/www.radiopiu.net\/wordpress\/wp-content\/uploads\/2022\/08\/LIVIO-ALESSANDRA-E-MATTEO.mp3?_=5\" \/><a href=\"https:\/\/www.radiopiu.net\/wordpress\/wp-content\/uploads\/2022\/08\/LIVIO-ALESSANDRA-E-MATTEO.mp3\">https:\/\/www.radiopiu.net\/wordpress\/wp-content\/uploads\/2022\/08\/LIVIO-ALESSANDRA-E-MATTEO.mp3<\/a><\/audio>\n<p><span style=\"color: #ff0000;\"><strong>FOTO: Andrea De Nardin (fotografo del Palio) e\u00a0Alessandro Del Din (Facebook)<\/strong><\/span><\/p>\n<p>&nbsp;<\/p>\n\n\t\t\t<style type='text\/css'>\n\t\t\t\t#gallery-5 {\n\t\t\t\t\tmargin: auto;\n\t\t\t\t}\n\t\t\t\t#gallery-5 .gallery-item {\n\t\t\t\t\tfloat: left;\n\t\t\t\t\tmargin-top: 10px;\n\t\t\t\t\ttext-align: center;\n\t\t\t\t\twidth: 33%;\n\t\t\t\t}\n\t\t\t\t#gallery-5 img {\n\t\t\t\t\tborder: 2px solid #cfcfcf;\n\t\t\t\t}\n\t\t\t\t#gallery-5 .gallery-caption {\n\t\t\t\t\tmargin-left: 0;\n\t\t\t\t}\n\t\t\t\t\/* see gallery_shortcode() in wp-includes\/media.php *\/\n\t\t\t<\/style>\n\t\t<div id='gallery-5' class='dt-gallery-container gallery galleryid-293947 gallery-columns-3 gallery-size-thumbnail'><dl class='gallery-item'>\n\t\t\t\t<dt class='gallery-icon portrait'>\n\t\t\t\t\t<a class=\"rollover rollover-zoom dt-pswp-item\" title=\"299964269_10222069050170761_3145129404198981758_n\" data-dt-img-description=\"\" data-large_image_width=\"578\" data-large_image_height=\"1024\"href='https:\/\/www.radiopiu.net\/wordpress\/wp-content\/uploads\/2022\/08\/299964269_10222069050170761_3145129404198981758_n.jpg'><img loading=\"lazy\" decoding=\"async\" width=\"150\" height=\"150\" src=\"https:\/\/www.radiopiu.net\/wordpress\/wp-content\/uploads\/2022\/08\/299964269_10222069050170761_3145129404198981758_n-150x150.jpg\" class=\"attachment-thumbnail size-thumbnail\" alt=\"\" \/><\/a>\n\t\t\t\t<\/dt><\/dl><dl class='gallery-item'>\n\t\t\t\t<dt class='gallery-icon portrait'>\n\t\t\t\t\t<a class=\"rollover rollover-zoom dt-pswp-item\" title=\"299846408_10228557038341865_3526741369799654503_n\" data-dt-img-description=\"\" data-large_image_width=\"960\" data-large_image_height=\"1280\"href='https:\/\/www.radiopiu.net\/wordpress\/wp-content\/uploads\/2022\/08\/299846408_10228557038341865_3526741369799654503_n.jpg'><img loading=\"lazy\" decoding=\"async\" width=\"150\" height=\"150\" src=\"https:\/\/www.radiopiu.net\/wordpress\/wp-content\/uploads\/2022\/08\/299846408_10228557038341865_3526741369799654503_n-150x150.jpg\" class=\"attachment-thumbnail size-thumbnail\" alt=\"\" \/><\/a>\n\t\t\t\t<\/dt><\/dl><dl class='gallery-item'>\n\t\t\t\t<dt class='gallery-icon portrait'>\n\t\t\t\t\t<a class=\"rollover rollover-zoom dt-pswp-item\" title=\"299784347_10228557038781876_6950898352222733518_n\" data-dt-img-description=\"\" data-large_image_width=\"960\" data-large_image_height=\"1280\"href='https:\/\/www.radiopiu.net\/wordpress\/wp-content\/uploads\/2022\/08\/299784347_10228557038781876_6950898352222733518_n.jpg'><img loading=\"lazy\" decoding=\"async\" width=\"150\" height=\"150\" src=\"https:\/\/www.radiopiu.net\/wordpress\/wp-content\/uploads\/2022\/08\/299784347_10228557038781876_6950898352222733518_n-150x150.jpg\" class=\"attachment-thumbnail size-thumbnail\" alt=\"\" \/><\/a>\n\t\t\t\t<\/dt><\/dl><br style=\"clear: both\" \/><dl class='gallery-item'>\n\t\t\t\t<dt class='gallery-icon portrait'>\n\t\t\t\t\t<a class=\"rollover rollover-zoom dt-pswp-item\" title=\"299940275_10228557038501869_685291914094001200_n\" data-dt-img-description=\"\" data-large_image_width=\"960\" data-large_image_height=\"1280\"href='https:\/\/www.radiopiu.net\/wordpress\/wp-content\/uploads\/2022\/08\/299940275_10228557038501869_685291914094001200_n.jpg'><img loading=\"lazy\" decoding=\"async\" width=\"150\" height=\"150\" src=\"https:\/\/www.radiopiu.net\/wordpress\/wp-content\/uploads\/2022\/08\/299940275_10228557038501869_685291914094001200_n-150x150.jpg\" class=\"attachment-thumbnail size-thumbnail\" alt=\"\" \/><\/a>\n\t\t\t\t<\/dt><\/dl><dl class='gallery-item'>\n\t\t\t\t<dt class='gallery-icon portrait'>\n\t\t\t\t\t<a class=\"rollover rollover-zoom dt-pswp-item\" title=\"299801712_10228557038861878_5284217544667545733_n\" data-dt-img-description=\"\" data-large_image_width=\"960\" data-large_image_height=\"1280\"href='https:\/\/www.radiopiu.net\/wordpress\/wp-content\/uploads\/2022\/08\/299801712_10228557038861878_5284217544667545733_n.jpg'><img loading=\"lazy\" decoding=\"async\" width=\"150\" height=\"150\" src=\"https:\/\/www.radiopiu.net\/wordpress\/wp-content\/uploads\/2022\/08\/299801712_10228557038861878_5284217544667545733_n-150x150.jpg\" class=\"attachment-thumbnail size-thumbnail\" alt=\"\" \/><\/a>\n\t\t\t\t<\/dt><\/dl><dl class='gallery-item'>\n\t\t\t\t<dt class='gallery-icon portrait'>\n\t\t\t\t\t<a class=\"rollover rollover-zoom dt-pswp-item\" title=\"301188773_10222069067411192_9117196493019429877_n\" data-dt-img-description=\"\" data-large_image_width=\"957\" data-large_image_height=\"960\"href='https:\/\/www.radiopiu.net\/wordpress\/wp-content\/uploads\/2022\/08\/301188773_10222069067411192_9117196493019429877_n.jpg'><img loading=\"lazy\" decoding=\"async\" width=\"150\" height=\"150\" src=\"https:\/\/www.radiopiu.net\/wordpress\/wp-content\/uploads\/2022\/08\/301188773_10222069067411192_9117196493019429877_n-150x150.jpg\" class=\"attachment-thumbnail size-thumbnail\" alt=\"\" srcset=\"https:\/\/www.radiopiu.net\/wordpress\/wp-content\/uploads\/2022\/08\/301188773_10222069067411192_9117196493019429877_n-150x150.jpg 150w, https:\/\/www.radiopiu.net\/wordpress\/wp-content\/uploads\/2022\/08\/301188773_10222069067411192_9117196493019429877_n-300x300.jpg 300w, https:\/\/www.radiopiu.net\/wordpress\/wp-content\/uploads\/2022\/08\/301188773_10222069067411192_9117196493019429877_n-768x770.jpg 768w, https:\/\/www.radiopiu.net\/wordpress\/wp-content\/uploads\/2022\/08\/301188773_10222069067411192_9117196493019429877_n.jpg 957w\" sizes=\"auto, (max-width: 150px) 100vw, 150px\" \/><\/a>\n\t\t\t\t<\/dt><\/dl><br style=\"clear: both\" \/><dl class='gallery-item'>\n\t\t\t\t<dt class='gallery-icon portrait'>\n\t\t\t\t\t<a class=\"rollover rollover-zoom dt-pswp-item\" title=\"2b96e250-33bd-4612-afd0-80316454e509\" data-dt-img-description=\"\" data-large_image_width=\"682\" data-large_image_height=\"1024\"href='https:\/\/www.radiopiu.net\/wordpress\/wp-content\/uploads\/2022\/08\/2b96e250-33bd-4612-afd0-80316454e509.jpg'><img loading=\"lazy\" decoding=\"async\" width=\"150\" height=\"150\" src=\"https:\/\/www.radiopiu.net\/wordpress\/wp-content\/uploads\/2022\/08\/2b96e250-33bd-4612-afd0-80316454e509-150x150.jpg\" class=\"attachment-thumbnail size-thumbnail\" alt=\"\" \/><\/a>\n\t\t\t\t<\/dt><\/dl><dl class='gallery-item'>\n\t\t\t\t<dt class='gallery-icon landscape'>\n\t\t\t\t\t<a class=\"rollover rollover-zoom dt-pswp-item\" title=\"e3ce3242-9bca-4c62-8deb-32aedc8dccf3\" data-dt-img-description=\"\" data-large_image_width=\"1024\" data-large_image_height=\"682\"href='https:\/\/www.radiopiu.net\/wordpress\/wp-content\/uploads\/2022\/08\/e3ce3242-9bca-4c62-8deb-32aedc8dccf3.jpg'><img loading=\"lazy\" decoding=\"async\" width=\"150\" height=\"150\" src=\"https:\/\/www.radiopiu.net\/wordpress\/wp-content\/uploads\/2022\/08\/e3ce3242-9bca-4c62-8deb-32aedc8dccf3-150x150.jpg\" class=\"attachment-thumbnail size-thumbnail\" alt=\"\" \/><\/a>\n\t\t\t\t<\/dt><\/dl><dl class='gallery-item'>\n\t\t\t\t<dt class='gallery-icon landscape'>\n\t\t\t\t\t<a class=\"rollover rollover-zoom dt-pswp-item\" title=\"2f02eeed-8718-4bee-81e6-f687dd2146d7\" data-dt-img-description=\"\" data-large_image_width=\"1024\" data-large_image_height=\"682\"href='https:\/\/www.radiopiu.net\/wordpress\/wp-content\/uploads\/2022\/08\/2f02eeed-8718-4bee-81e6-f687dd2146d7.jpg'><img loading=\"lazy\" decoding=\"async\" width=\"150\" height=\"150\" src=\"https:\/\/www.radiopiu.net\/wordpress\/wp-content\/uploads\/2022\/08\/2f02eeed-8718-4bee-81e6-f687dd2146d7-150x150.jpg\" class=\"attachment-thumbnail size-thumbnail\" alt=\"\" \/><\/a>\n\t\t\t\t<\/dt><\/dl><br style=\"clear: both\" \/>\n\t\t\t<\/div>\n\n<p>&nbsp;<\/p>\n<hr \/>\n<p>&nbsp;<\/p>\n<blockquote>\n<h3>AGGIORNATA LA APP DI RADIO PIU&#8217; PER ANDROID<\/h3>\n<\/blockquote>\n<p><strong><a class=\"dt-pswp-item\" href=\"https:\/\/www.radiopiu.net\/wordpress\/wp-content\/uploads\/2022\/08\/96628d0c-f345-4b3a-8a6e-6b33687bc9bf.jpg\" data-dt-img-description=\"\" data-large_image_width=\"1080\" data-large_image_height=\"359\"><img loading=\"lazy\" decoding=\"async\" class=\"wp-image-294071 alignleft\" src=\"https:\/\/www.radiopiu.net\/wordpress\/wp-content\/uploads\/2022\/08\/96628d0c-f345-4b3a-8a6e-6b33687bc9bf-300x100.jpg\" alt=\"\" width=\"219\" height=\"73\" srcset=\"https:\/\/www.radiopiu.net\/wordpress\/wp-content\/uploads\/2022\/08\/96628d0c-f345-4b3a-8a6e-6b33687bc9bf-300x100.jpg 300w, https:\/\/www.radiopiu.net\/wordpress\/wp-content\/uploads\/2022\/08\/96628d0c-f345-4b3a-8a6e-6b33687bc9bf-1024x340.jpg 1024w, https:\/\/www.radiopiu.net\/wordpress\/wp-content\/uploads\/2022\/08\/96628d0c-f345-4b3a-8a6e-6b33687bc9bf-768x255.jpg 768w, https:\/\/www.radiopiu.net\/wordpress\/wp-content\/uploads\/2022\/08\/96628d0c-f345-4b3a-8a6e-6b33687bc9bf.jpg 1080w\" sizes=\"auto, (max-width: 219px) 100vw, 219px\" \/><\/a>REDAZIONE<\/strong> Da oggi \u00e8 disponibile la nuova versione della app di Radio Piu&#8217; per Android. Dopo l&#8217;aggiornamento che ha interessato i telefoni Apple, a partire da oggi anche su Android arriva l&#8217;aggiornamento che include il nuovo streaming per ascoltare la radio. Come per la app per IOS, anche in questo caso si pu\u00f2 leggere le notizie dal sito internet di Radio Pi\u00f9 e consultare le varie rubriche di Radio Pi\u00f9. Per aggiornare o scaricare per la prima volta l&#8217;applicazione basta andare sul Play Store di Google. Un ringraziamento a Nicola Vettorello, ideatore e sviluppatore dell&#8217;applicazione di Radio Pi\u00f9 per i due sistemi operativi.<\/p>\n<p><a href=\"https:\/\/apps.apple.com\/it\/app\/radio-pi%C3%B9-emittente-agordina\/id1515939845\">CLICCA QUI PER SCARICARE LA APP PER IPHONE<\/a><\/p>\n<p><a href=\"https:\/\/play.google.com\/store\/apps\/details?id=net.radiopiu.iniko&amp;hl=it&amp;gl=US\">CLICCA QUI PER SCARICARE LA APP PER ANDROID<\/a><\/p>\n<p>&nbsp;<\/p>\n\n\t\t\t<style type='text\/css'>\n\t\t\t\t#gallery-6 {\n\t\t\t\t\tmargin: auto;\n\t\t\t\t}\n\t\t\t\t#gallery-6 .gallery-item {\n\t\t\t\t\tfloat: left;\n\t\t\t\t\tmargin-top: 10px;\n\t\t\t\t\ttext-align: center;\n\t\t\t\t\twidth: 33%;\n\t\t\t\t}\n\t\t\t\t#gallery-6 img {\n\t\t\t\t\tborder: 2px solid #cfcfcf;\n\t\t\t\t}\n\t\t\t\t#gallery-6 .gallery-caption {\n\t\t\t\t\tmargin-left: 0;\n\t\t\t\t}\n\t\t\t\t\/* see gallery_shortcode() in wp-includes\/media.php *\/\n\t\t\t<\/style>\n\t\t<div id='gallery-6' class='dt-gallery-container gallery galleryid-293947 gallery-columns-3 gallery-size-medium'><dl class='gallery-item'>\n\t\t\t\t<dt class='gallery-icon portrait'>\n\t\t\t\t\t<a class=\"rollover rollover-zoom dt-pswp-item\" title=\"a47789ec-e36a-48af-9e6a-920ee93de0e1\" data-dt-img-description=\"\" data-large_image_width=\"720\" data-large_image_height=\"1600\"href='https:\/\/www.radiopiu.net\/wordpress\/wp-content\/uploads\/2022\/08\/a47789ec-e36a-48af-9e6a-920ee93de0e1.jpg'><img loading=\"lazy\" decoding=\"async\" width=\"135\" height=\"300\" src=\"https:\/\/www.radiopiu.net\/wordpress\/wp-content\/uploads\/2022\/08\/a47789ec-e36a-48af-9e6a-920ee93de0e1-135x300.jpg\" class=\"attachment-medium size-medium\" alt=\"\" srcset=\"https:\/\/www.radiopiu.net\/wordpress\/wp-content\/uploads\/2022\/08\/a47789ec-e36a-48af-9e6a-920ee93de0e1-135x300.jpg 135w, https:\/\/www.radiopiu.net\/wordpress\/wp-content\/uploads\/2022\/08\/a47789ec-e36a-48af-9e6a-920ee93de0e1-461x1024.jpg 461w, https:\/\/www.radiopiu.net\/wordpress\/wp-content\/uploads\/2022\/08\/a47789ec-e36a-48af-9e6a-920ee93de0e1-691x1536.jpg 691w, https:\/\/www.radiopiu.net\/wordpress\/wp-content\/uploads\/2022\/08\/a47789ec-e36a-48af-9e6a-920ee93de0e1.jpg 720w\" sizes=\"auto, (max-width: 135px) 100vw, 135px\" \/><\/a>\n\t\t\t\t<\/dt><\/dl><dl class='gallery-item'>\n\t\t\t\t<dt class='gallery-icon portrait'>\n\t\t\t\t\t<a class=\"rollover rollover-zoom dt-pswp-item\" title=\"8293fdfb-b2aa-46c9-ba43-4033c3be02ab\" data-dt-img-description=\"\" data-large_image_width=\"720\" data-large_image_height=\"1600\"href='https:\/\/www.radiopiu.net\/wordpress\/wp-content\/uploads\/2022\/08\/8293fdfb-b2aa-46c9-ba43-4033c3be02ab.jpg'><img loading=\"lazy\" decoding=\"async\" width=\"135\" height=\"300\" src=\"https:\/\/www.radiopiu.net\/wordpress\/wp-content\/uploads\/2022\/08\/8293fdfb-b2aa-46c9-ba43-4033c3be02ab-135x300.jpg\" class=\"attachment-medium size-medium\" alt=\"\" srcset=\"https:\/\/www.radiopiu.net\/wordpress\/wp-content\/uploads\/2022\/08\/8293fdfb-b2aa-46c9-ba43-4033c3be02ab-135x300.jpg 135w, https:\/\/www.radiopiu.net\/wordpress\/wp-content\/uploads\/2022\/08\/8293fdfb-b2aa-46c9-ba43-4033c3be02ab-461x1024.jpg 461w, https:\/\/www.radiopiu.net\/wordpress\/wp-content\/uploads\/2022\/08\/8293fdfb-b2aa-46c9-ba43-4033c3be02ab-691x1536.jpg 691w, https:\/\/www.radiopiu.net\/wordpress\/wp-content\/uploads\/2022\/08\/8293fdfb-b2aa-46c9-ba43-4033c3be02ab.jpg 720w\" sizes=\"auto, (max-width: 135px) 100vw, 135px\" \/><\/a>\n\t\t\t\t<\/dt><\/dl><dl class='gallery-item'>\n\t\t\t\t<dt class='gallery-icon portrait'>\n\t\t\t\t\t<a class=\"rollover rollover-zoom dt-pswp-item\" title=\"b450d83e-376c-4342-9d94-8a3f7d9287f2\" data-dt-img-description=\"\" data-large_image_width=\"720\" data-large_image_height=\"1600\"href='https:\/\/www.radiopiu.net\/wordpress\/wp-content\/uploads\/2022\/08\/b450d83e-376c-4342-9d94-8a3f7d9287f2.jpg'><img loading=\"lazy\" decoding=\"async\" width=\"135\" height=\"300\" src=\"https:\/\/www.radiopiu.net\/wordpress\/wp-content\/uploads\/2022\/08\/b450d83e-376c-4342-9d94-8a3f7d9287f2-135x300.jpg\" class=\"attachment-medium size-medium\" alt=\"\" srcset=\"https:\/\/www.radiopiu.net\/wordpress\/wp-content\/uploads\/2022\/08\/b450d83e-376c-4342-9d94-8a3f7d9287f2-135x300.jpg 135w, https:\/\/www.radiopiu.net\/wordpress\/wp-content\/uploads\/2022\/08\/b450d83e-376c-4342-9d94-8a3f7d9287f2-461x1024.jpg 461w, https:\/\/www.radiopiu.net\/wordpress\/wp-content\/uploads\/2022\/08\/b450d83e-376c-4342-9d94-8a3f7d9287f2-691x1536.jpg 691w, https:\/\/www.radiopiu.net\/wordpress\/wp-content\/uploads\/2022\/08\/b450d83e-376c-4342-9d94-8a3f7d9287f2.jpg 720w\" sizes=\"auto, (max-width: 135px) 100vw, 135px\" \/><\/a>\n\t\t\t\t<\/dt><\/dl><br style=\"clear: both\" \/>\n\t\t\t<\/div>\n\n<p>&nbsp;<\/p>\n<hr \/>\n<p>&nbsp;<\/p>\n<p>&nbsp;<\/p>\n<blockquote>\n<h3>DAL BUS DEL BUSON AL MUSEO FULCIS A PIEDI LUNGO L\u2019ARDO<\/h3>\n<\/blockquote>\n<p><strong><a class=\"dt-pswp-item\" href=\"https:\/\/www.radiopiu.net\/wordpress\/wp-content\/uploads\/2018\/06\/Roccon-Franco.jpg\" data-dt-img-description=\"\" data-large_image_width=\"402\" data-large_image_height=\"483\"><img loading=\"lazy\" decoding=\"async\" class=\"size-thumbnail wp-image-52102 alignleft\" src=\"https:\/\/www.radiopiu.net\/wordpress\/wp-content\/uploads\/2018\/06\/Roccon-Franco-150x150.jpg\" alt=\"\" width=\"150\" height=\"150\" \/><\/a>BELLUNO <\/strong>Portare il Parco in citt\u00e0, collegare l\u2019Alta via numero 1 al centro storico e, poi, alla rete museale del capoluogo. I turisti, allora, potrebbero scendere dalla Schiara, passare per il Bus del Buson e poi gi\u00f9 lungo l\u2019Ardo fino a Piazza Piloni. Il percorso sarebbe in parte da realizzare da zero, in parte utilizzerebbe il tracciato gi\u00e0 esistente che da Fisterre si collega a Borgo Pra. A finanziarlo potrebbero essere fondi dell\u2019ente Parco.<\/p>\n<p>&nbsp;<\/p>\n<p><strong>L&#8217;ASSESSORE AI LAVORI PUBBLICI DEL COMUNE DI BELLUNO FRANCO ROCCON<\/strong><\/p>\n<audio class=\"wp-audio-shortcode\" id=\"audio-293947-6\" preload=\"none\" style=\"width: 100%;\" controls=\"controls\"><source type=\"audio\/mpeg\" src=\"https:\/\/www.radiopiu.net\/wordpress\/wp-content\/uploads\/2022\/08\/Roccon-su-sentiero-Alta-via-1.mp3?_=6\" \/><a href=\"https:\/\/www.radiopiu.net\/wordpress\/wp-content\/uploads\/2022\/08\/Roccon-su-sentiero-Alta-via-1.mp3\">https:\/\/www.radiopiu.net\/wordpress\/wp-content\/uploads\/2022\/08\/Roccon-su-sentiero-Alta-via-1.mp3<\/a><\/audio>\n<p>&nbsp;<\/p>\n<p>&nbsp;<\/p>\n<hr \/>\n<p>&nbsp;<\/p>\n<blockquote>\n<h3>NELLA TEMPESTA DEI PREZZI, I SERVIZI ARTIGIANI RAPPRESENTANO UNA ZONA DI QUIETE<\/h3>\n<\/blockquote>\n<p><strong><a class=\"dt-pswp-item\" href=\"https:\/\/www.radiopiu.net\/wordpress\/wp-content\/uploads\/2022\/07\/CONFARTIGIANATO.png\" data-dt-img-description=\"\" data-large_image_width=\"1001\" data-large_image_height=\"431\"><img loading=\"lazy\" decoding=\"async\" class=\"alignleft wp-image-288229 \" src=\"https:\/\/www.radiopiu.net\/wordpress\/wp-content\/uploads\/2022\/07\/CONFARTIGIANATO-300x129.png\" alt=\"\" width=\"137\" height=\"59\" srcset=\"https:\/\/www.radiopiu.net\/wordpress\/wp-content\/uploads\/2022\/07\/CONFARTIGIANATO-300x129.png 300w, https:\/\/www.radiopiu.net\/wordpress\/wp-content\/uploads\/2022\/07\/CONFARTIGIANATO-768x331.png 768w, https:\/\/www.radiopiu.net\/wordpress\/wp-content\/uploads\/2022\/07\/CONFARTIGIANATO.png 1001w\" sizes=\"auto, (max-width: 137px) 100vw, 137px\" \/><\/a>BELLUNO<\/strong> \u00abNella tempesta dei prezzi, i servizi erogati dalle imprese artigiane sono una zona di quiete. L\u2019artigianato attutisce l\u2019inflazione. Ci\u00f2 non toglie per\u00f2 la grande preoccupazione per l\u2019autunno, quando i rincari rischiano di farsi sentire ancora di pi\u00f9, tanto da farci temere razionamenti sulle commodities energetiche\u00bb. Lo afferma la presidente di Confartigianato Belluno Claudia Scarzanella, nell\u2019analizzare il report dell\u2019Ufficio studi dell\u2019associazione relativo all\u2019effetto dell\u2019aumento dei prezzi sui servizi. Confartigianato ha elaborato i dati Eurostat su un paniere di 17 servizi a vocazione artigiana (che contano 1.360 piccole e micro imprese nel Bellunese): manutenzione e riparazione mezzi di trasporto privati, parrucchiere e trattamenti di bellezza, lavanderia abiti, servizi di trasloco, manutenzione dei sistemi di riscaldamento, pittori, idraulici e carpentieri, trasporto passeggeri su taxi, riparazione abiti, elettricisti, riparazione calzature, servizi per la fotografia, riparazione di mobili, arredi e rivestimenti per pavimenti e riparazione di apparecchi per la casa. Emerge che buona parte dell\u2019inflazione viene assorbita dalle piccole imprese, generando un risparmio consistente per le famiglie. In Veneto risulta che nonostante i prezzi siano in costante ascesa da mesi, rivolgersi alle imprese artigiane per questi servizi genera un risparmio di oltre 41 milioni di euro.<\/p>\n<p>&nbsp;<\/p>\n<p>&nbsp;<\/p>\n<hr \/>\n<p>&nbsp;<\/p>\n<blockquote>\n<h3>NEL CONSIGLIO COMUNALE DI LIVINALLONGO<\/h3>\n<\/blockquote>\n<p><strong>LIVINALLONGO<\/strong> Gioved\u00ec alle 18 il sindaco di Livinallongo Leandro Grones ha convocato i consiglieri per il consiglio comuale. Saranno tre i punti trattati nella seduta presso la sala consigliare. Si parler\u00e0 della sesta variazione a bilancio, della nomina del revisore dei conti e della modifica all&#8217;imposta di soggiorno a partire dal 2023.<\/p>\n<p>&nbsp;<\/p>\n<p>&nbsp;<\/p>\n<hr \/>\n<p>&nbsp;<\/p>\n<blockquote>\n<h3>CONVOCATO IL CONSIGLIO COMUNALE A SAN TOMASO<\/h3>\n<\/blockquote>\n<p><strong>SAN TOMASO<\/strong> Il sindaco di San Tomaso Moreno De Val ha convocato il consiglio comunale per venerd\u00ec alle 18:15 presso la sala consigliare. Si parler\u00e0 di una variazione a bilancio e di una adozione della variante al piano degli interventi.<\/p>\n<p>&nbsp;<\/p>\n<p>&nbsp;<\/p>\n<hr \/>\n<p>&nbsp;<\/p>\n<blockquote>\n<h3>VIVERE L&#8217;AGORDINO,\u00a0 IL LUNEDI SUL CORRIERE DELLE ALPI, DI GIANNI SANTOMASO<\/h3>\n<\/blockquote>\n<p class=\"articlePlainSubHead\">Dopo aver lavorato negli alberghi, ha riscoperto la sua abilit\u00e0 manuale.\u00a0 \u00abLa mia \u00e8 una famiglia di maestri artigiani, io avevo talento&#8230;\u00bb Un abito di autostima per la sua vallata: per la sarta Celestina Cencenighe \u00e8 il top. Celestina Bruno, 51 anni a Cencenighe lavora in un piccolo locale a fianco delle poste. \u00abIo qui sto benissimo\u00bb, dice parlando del paese in cui vive<\/p>\n<p><strong>di Gianni Santomaso<\/strong><\/p>\n<div>\n<audio class=\"wp-audio-shortcode\" id=\"audio-293947-7\" preload=\"none\" style=\"width: 100%;\" controls=\"controls\"><source type=\"audio\/mpeg\" src=\"https:\/\/www.radiopiu.net\/wordpress\/wp-content\/uploads\/2022\/08\/GIANNI-SPECIALE-AGORDINO-CELESTINA-BRUNO.mp3?_=7\" \/><a href=\"https:\/\/www.radiopiu.net\/wordpress\/wp-content\/uploads\/2022\/08\/GIANNI-SPECIALE-AGORDINO-CELESTINA-BRUNO.mp3\">https:\/\/www.radiopiu.net\/wordpress\/wp-content\/uploads\/2022\/08\/GIANNI-SPECIALE-AGORDINO-CELESTINA-BRUNO.mp3<\/a><\/audio>\n<p>&nbsp;<\/p>\n<\/div>\n<p><strong>Foto e vignetta di Erika Andrich<\/strong><\/p>\n\n\t\t\t<style type='text\/css'>\n\t\t\t\t#gallery-7 {\n\t\t\t\t\tmargin: auto;\n\t\t\t\t}\n\t\t\t\t#gallery-7 .gallery-item {\n\t\t\t\t\tfloat: left;\n\t\t\t\t\tmargin-top: 10px;\n\t\t\t\t\ttext-align: center;\n\t\t\t\t\twidth: 50%;\n\t\t\t\t}\n\t\t\t\t#gallery-7 img {\n\t\t\t\t\tborder: 2px solid #cfcfcf;\n\t\t\t\t}\n\t\t\t\t#gallery-7 .gallery-caption {\n\t\t\t\t\tmargin-left: 0;\n\t\t\t\t}\n\t\t\t\t\/* see gallery_shortcode() in wp-includes\/media.php *\/\n\t\t\t<\/style>\n\t\t<div id='gallery-7' class='dt-gallery-container gallery galleryid-293947 gallery-columns-2 gallery-size-thumbnail'><dl class='gallery-item'>\n\t\t\t\t<dt class='gallery-icon portrait'>\n\t\t\t\t\t<a class=\"rollover rollover-zoom dt-pswp-item\" title=\"c2a09837-2b93-4c48-8163-8e639c11d2be\" data-dt-img-description=\"\" data-large_image_width=\"938\" data-large_image_height=\"1024\"href='https:\/\/www.radiopiu.net\/wordpress\/wp-content\/uploads\/2022\/08\/c2a09837-2b93-4c48-8163-8e639c11d2be.jpg'><img loading=\"lazy\" decoding=\"async\" width=\"150\" height=\"150\" src=\"https:\/\/www.radiopiu.net\/wordpress\/wp-content\/uploads\/2022\/08\/c2a09837-2b93-4c48-8163-8e639c11d2be-150x150.jpg\" class=\"attachment-thumbnail size-thumbnail\" alt=\"\" \/><\/a>\n\t\t\t\t<\/dt><\/dl><dl class='gallery-item'>\n\t\t\t\t<dt class='gallery-icon landscape'>\n\t\t\t\t\t<a class=\"rollover rollover-zoom dt-pswp-item\" title=\"4cdb71c8-6ae5-4a77-96f7-9997896415ff\" data-dt-img-description=\"\" data-large_image_width=\"1600\" data-large_image_height=\"901\"href='https:\/\/www.radiopiu.net\/wordpress\/wp-content\/uploads\/2022\/08\/4cdb71c8-6ae5-4a77-96f7-9997896415ff.jpg'><img loading=\"lazy\" decoding=\"async\" width=\"150\" height=\"150\" src=\"https:\/\/www.radiopiu.net\/wordpress\/wp-content\/uploads\/2022\/08\/4cdb71c8-6ae5-4a77-96f7-9997896415ff-150x150.jpg\" class=\"attachment-thumbnail size-thumbnail\" alt=\"\" \/><\/a>\n\t\t\t\t<\/dt><\/dl><br style=\"clear: both\" \/>\n\t\t\t<\/div>\n\n<p>&nbsp;<\/p>\n<p>&nbsp;<\/p>\n<hr \/>\n<p>&nbsp;<\/p>\n<blockquote>\n<h3>CORSO DI ALPINISMO CON IL CAI DI AGORDO<\/h3>\n<\/blockquote>\n<p><strong><a class=\"dt-pswp-item\" href=\"https:\/\/www.radiopiu.net\/wordpress\/wp-content\/uploads\/2020\/04\/cai-agordo.jpg\" data-dt-img-description=\"\" data-large_image_width=\"297\" data-large_image_height=\"170\"><img loading=\"lazy\" decoding=\"async\" class=\"wp-image-127841 alignleft\" src=\"https:\/\/www.radiopiu.net\/wordpress\/wp-content\/uploads\/2020\/04\/cai-agordo.jpg\" alt=\"\" width=\"147\" height=\"84\" \/><\/a>AGORDO<\/strong> Per la prima volta la Sezione Agordina con la Scuola di Alpinismo e Scialpinismo propone un CORSO DI ALPINISMO BASE (A1). Corso introduttivo rivolto principalmente a chi vuole iniziare a frequentare l\u2019alta montagna e l\u2019ambiente alpino in generale, in modo cosciente e responsabile, senza trascurarne gli aspetti culturali ed ambientali. Il corso prevede l\u2019insegnamento, attraverso lezioni teoriche ed uscite pratiche in ambiente, delle tecniche di base per la progressione su roccia, neve e ghiaccio, con particolare riferimento ai comportamenti idonei per ridurre il rischio di incidenti. \u00c8 necessaria un\u2019adeguata preparazione fisica. Il corso si terr\u00e0 nei mesi di settembre ed ottobre. Costo 150 euro, iscrizioni tramite mail a agordo@cai.it. Per informazioni 347 9812340<\/p>\n<p>&nbsp;<\/p>\n<p>&nbsp;<\/p>\n<hr \/>\n<p>&nbsp;<\/p>\n<blockquote>\n<h2><a class=\"dt-pswp-item\" href=\"https:\/\/www.radiopiu.net\/wordpress\/wp-content\/uploads\/2022\/08\/aaa-7.jpg\" data-dt-img-description=\"\" data-large_image_width=\"553\" data-large_image_height=\"181\"><img loading=\"lazy\" decoding=\"async\" class=\"wp-image-291465 size-medium alignleft\" src=\"https:\/\/www.radiopiu.net\/wordpress\/wp-content\/uploads\/2022\/08\/aaa-7-300x98.jpg\" alt=\"\" width=\"300\" height=\"98\" srcset=\"https:\/\/www.radiopiu.net\/wordpress\/wp-content\/uploads\/2022\/08\/aaa-7-300x98.jpg 300w, https:\/\/www.radiopiu.net\/wordpress\/wp-content\/uploads\/2022\/08\/aaa-7.jpg 553w\" sizes=\"auto, (max-width: 300px) 100vw, 300px\" \/><\/a>MUSICA LIVE ESTATE 22&#8230;E CHE MUSICA!<\/h2>\n<\/blockquote>\n<p>IN PIAZZA A CANALE D&#8217;AGORDO, TRE APPUNTAMENTI PER RENDERE PIU&#8217; FRIZZANTE LA TUA ESTATE.<br \/>\nGRAN FINALE SABATO 27 AGOSTO alle 21 con lo spettacolo dei TIRATAIE, perch\u00e9 sulla loro piazza sanno dare sempre il meglio.\u00a0 CANALE D&#8217;AGORDO, ESTATE 22 IN PIAZZA&#8230; VI TENIAMO D&#8217;OCCHIO&#8230; PARDON D&#8217;ORECCHIO.<\/p>\n<p><strong><span style=\"color: #ff0000;\">ALLA RADIO, THE VOICE MORENO TOCCHETTO<\/span><\/strong><\/p>\n<audio class=\"wp-audio-shortcode\" id=\"audio-293947-8\" preload=\"none\" style=\"width: 100%;\" controls=\"controls\"><source type=\"audio\/mpeg\" src=\"https:\/\/www.radiopiu.net\/wordpress\/wp-content\/uploads\/2022\/08\/MUSICA-CANALE-LUGLIO-22.mp3?_=8\" \/><a href=\"https:\/\/www.radiopiu.net\/wordpress\/wp-content\/uploads\/2022\/08\/MUSICA-CANALE-LUGLIO-22.mp3\">https:\/\/www.radiopiu.net\/wordpress\/wp-content\/uploads\/2022\/08\/MUSICA-CANALE-LUGLIO-22.mp3<\/a><\/audio>\n<p>&nbsp;<\/p>\n<p>&nbsp;<\/p>\n<hr \/>\n<p>&nbsp;<\/p>\n<blockquote>\n<h3>BORGO VALBELLUNA: VIAGGIO TRA LE TRADIZIONI CASEARIE IN TURCHIA\u2026 E RITORNO CON MICHELE RUMIZ<\/h3>\n<\/blockquote>\n<p><strong>BORGO VALBELLUNA <\/strong>In un territorio da sempre vocato all\u2019allevamento e alla produzione di formaggi, saranno raccontate le antiche tradizioni casearie di un paese lontano, la Turchia, tradizioni che in fondo non sono cos\u00ec diverse da quelle bellunesi. Appuntamento sabato 27 agosto ore 16.00 nella sala parrocchiale di Sant\u2019Antonio Tortal \u2013 Borgo Valbelluna. A seguire degustazione di formaggi locali. L\u2019evento \u00e8 organizzato dal Comune di Borgo Valbelluna in collaborazione con la parrocchia di Sant\u2019Antonio Tortal, le consulte frazionali di Sant\u2019Antonio Tortal e Confos. Info ufficio turistico Borgo Valbelluna: 0437 544294 &#8211;\u00a0 turismo.mel@borgovalbelluna.bl.it<\/p>\n<p>&nbsp;<\/p>\n<p>&nbsp;<\/p>\n<hr \/>\n<p>&nbsp;<\/p>\n<blockquote>\n<h3>LA FESTA DEI 100 ANNI DEL GRUPPO SPORTIVO FRASSENE&#8217;<\/h3>\n<\/blockquote>\n<p><strong><a class=\"dt-pswp-item\" href=\"https:\/\/www.radiopiu.net\/wordpress\/wp-content\/uploads\/2022\/08\/Schermata-2022-08-04-alle-12.23.41.png\" data-dt-img-description=\"\" data-large_image_width=\"1336\" data-large_image_height=\"1014\"><img loading=\"lazy\" decoding=\"async\" class=\"alignleft wp-image-290914 \" src=\"https:\/\/www.radiopiu.net\/wordpress\/wp-content\/uploads\/2022\/08\/Schermata-2022-08-04-alle-12.23.41-300x228.png\" alt=\"\" width=\"158\" height=\"120\" srcset=\"https:\/\/www.radiopiu.net\/wordpress\/wp-content\/uploads\/2022\/08\/Schermata-2022-08-04-alle-12.23.41-300x228.png 300w, https:\/\/www.radiopiu.net\/wordpress\/wp-content\/uploads\/2022\/08\/Schermata-2022-08-04-alle-12.23.41-1024x777.png 1024w, https:\/\/www.radiopiu.net\/wordpress\/wp-content\/uploads\/2022\/08\/Schermata-2022-08-04-alle-12.23.41-768x583.png 768w, https:\/\/www.radiopiu.net\/wordpress\/wp-content\/uploads\/2022\/08\/Schermata-2022-08-04-alle-12.23.41.png 1336w\" sizes=\"auto, (max-width: 158px) 100vw, 158px\" \/><\/a>VOLTAGO <\/strong>1922-2022 il primo secolo di vita del Gruppo Sportivo Frassen\u00e8: tre giorni di eventi al tendone nel parcheggio della chiesa. Venerdi&#8217; 9 settembre alle 18 apertura stand gastronomico e serata musicale con Sabrina Silvestrin. Sabato 10 voli panoramici in elicottero dalle 10 alle 15 e, fino alle 17 mercatini dell&#8217;artigianato, dalle 10 torneo di calcio del Poi, a mezzogiorno stand gastronomico, 16.30 Frassene&#8217; Cross, gare podistiche non competitive, 17 aperitivo con DJ Morgan e Battaglia, 19 cena e premiazioni, dalle 21 serata musicale con I Riflesso, chiusura con DJ Morgan e Battaglia. Domenica 11 alle 10 mostra sui 100 anni del Gruppo Sportivo Frassene&#8217; presso l&#8217;ex scuola Paolo Mosca, 11 sfilata dei gruppi associativi per le vie del paese, 12.30 pranzo, 15 presentazione libro &#8220;Il Primo Secolo Di Vita&#8221;. Il ricavato sar\u00e0 devoluto al Gruppo Sportivo Frasssen\u00e8.<\/p>\n<p>&nbsp;<\/p>\n<hr \/>\n<p>&nbsp;<\/p>\n<blockquote>\n<h3>L&#8217;ORCHESTRA DOLOMITI SYNPHONIA PER IL BEATO LUCIANI<\/h3>\n<\/blockquote>\n<p><strong>CANALE D&#8217;AGORDO<\/strong> Oggi, alle\u00a0 21 nella chiesa arcipretale di Canale d&#8217;Agordo si terr\u00e0 l&#8217;esecuzione dell&#8217; \u201cEgloga sopra l&#8217;altare verso il popolo della Chiesa di Canale d&#8217;Agordo\u201d, composizione di Attilio Campesato, seguita dal Concerto in La minore di Bach e Concerto in Re maggiore di Haydn con l\u2019orchestra Dolomiti Symphonia, diretta da Delio Cassetta, Silvia Tessari al pianoforte e Mattia Tonon violino solista.<\/p>\n<p>&nbsp;<\/p>\n<hr \/>\n<p>&nbsp;<\/p>\n<blockquote>\n<h3>ANDREA FONTANA SI RACCONTA A CHIES D&#8217;ALPAGO<\/h3>\n<\/blockquote>\n<p><strong><a class=\"dt-pswp-item\" href=\"https:\/\/www.radiopiu.net\/wordpress\/wp-content\/uploads\/2022\/08\/37a1a318-40f8-4037-98c9-2a8dac5c9822.jpg\" data-dt-img-description=\"\" data-large_image_width=\"724\" data-large_image_height=\"1024\"><img loading=\"lazy\" decoding=\"async\" class=\"alignleft wp-image-294142 \" src=\"https:\/\/www.radiopiu.net\/wordpress\/wp-content\/uploads\/2022\/08\/37a1a318-40f8-4037-98c9-2a8dac5c9822-212x300.jpg\" alt=\"\" width=\"123\" height=\"174\" srcset=\"https:\/\/www.radiopiu.net\/wordpress\/wp-content\/uploads\/2022\/08\/37a1a318-40f8-4037-98c9-2a8dac5c9822-212x300.jpg 212w, https:\/\/www.radiopiu.net\/wordpress\/wp-content\/uploads\/2022\/08\/37a1a318-40f8-4037-98c9-2a8dac5c9822.jpg 724w\" sizes=\"auto, (max-width: 123px) 100vw, 123px\" \/><\/a> <\/strong><\/p>\n<p><strong>\u00a0<\/strong><\/p>\n<p><strong>CHIES D&#8217;ALPAGO<\/strong> Domani presso la sala polifunzionale di Chies D&#8217;Alpago Andrea Fontana sar\u00e0 protagonista di una serata tutta dedicata a lui e al mondo dei motori. &#8220;Una storia di motori iniziata con nonno Ivo&#8221; \u00e8 il titolo della serata che avr\u00e0 inizio alle 19. Moderer\u00e0 l&#8217;incontro Ueli Costa. Durante la serata saranno presenti anche Gianpaolo Bottacin e Domenico Dall&#8217;O&#8217; che faranno un excursus sulla storia dell&#8217;automobilismo in provincia di Belluno. Per informazioni e iscrizioni scrivere a alpagocansiglioconsorzio@gmail.com<\/p>\n<p>&nbsp;<\/p>\n<p>&nbsp;<\/p>\n<p>&nbsp;<\/p>\n<hr \/>\n<p>&nbsp;<\/p>\n<blockquote>\n<h3><a class=\"dt-pswp-item\" href=\"https:\/\/www.radiopiu.net\/wordpress\/wp-content\/uploads\/2022\/08\/TrioGalantes_.jpg\" data-dt-img-description=\"\" data-large_image_width=\"1080\" data-large_image_height=\"799\"><img loading=\"lazy\" decoding=\"async\" class=\"wp-image-294012 alignleft\" src=\"https:\/\/www.radiopiu.net\/wordpress\/wp-content\/uploads\/2022\/08\/TrioGalantes_-300x222.jpg\" alt=\"\" width=\"201\" height=\"149\" srcset=\"https:\/\/www.radiopiu.net\/wordpress\/wp-content\/uploads\/2022\/08\/TrioGalantes_-300x222.jpg 300w, https:\/\/www.radiopiu.net\/wordpress\/wp-content\/uploads\/2022\/08\/TrioGalantes_-1024x758.jpg 1024w, https:\/\/www.radiopiu.net\/wordpress\/wp-content\/uploads\/2022\/08\/TrioGalantes_-768x568.jpg 768w, https:\/\/www.radiopiu.net\/wordpress\/wp-content\/uploads\/2022\/08\/TrioGalantes_.jpg 1080w\" sizes=\"auto, (max-width: 201px) 100vw, 201px\" \/><\/a>CONCERTO DEL TRIO GALANTES<\/h3>\n<\/blockquote>\n<p><strong>LIVINALLONGO<\/strong> Arabba Fodom Turismo, in collaborazione con le Muse e le Dolomiti propone per venerd\u00ec 26 agosto alle\u00a0 21 in piazza ad Arabba (in caso di brutto tempo nella Sala Congressi),\u00a0 il concerto dei &#8220;Trio Galantes&#8221;: musiche romantiche latino-americane degli anni \u201940 e \u201950. Suoneranno\u00a0 Augusto Valen\u00e7a nato in Brasile, voce;\u00a0 Alvaro Pinto Lyon direttamente dal Cile, voce e chitarre;\u00a0 Humberto Albores Martinez,\u00a0 messicano, voce e chitarre<\/p>\n<p>&nbsp;<\/p>\n<hr \/>\n<p>&nbsp;<\/p>\n<blockquote>\n<h3>IL VENETO LEGGE DINO BUZZATI<\/h3>\n<\/blockquote>\n<p><strong>BELLUNO<\/strong>\u00a0\u201cUna cosa che comincia per DB: Dino Buzzati\u201d \u00e8 il titolo dello\u00a0 spettacolo\u00a0 in programma venerd\u00ec\u00a0 26 agosto nel giardino di Villa Buzzati, alle 18.30. Lettura a pi\u00f9 voci di alcuni racconti in dialogo con musica originale suonata dal vivo. La serata rientra tra gli eventi\u00a0 della Maratona di Lettura della Regione Veneto<\/p>\n<p>&nbsp;<\/p>\n<hr \/>\n<p>&nbsp;<\/p>\n<blockquote>\n<h3>LA MOSTRA FILATELICA PER PAPA LUCIANI<\/h3>\n<\/blockquote>\n<p><strong>CANALE D&#8217;AGORDO<\/strong> \u00c8 di prossima apertura della mostra filatelica su Papa Luciani, dal 18 agosto all&#8217;11 settembre presso la sala consiliare del municipio di Canale d&#8217;Agordo. La mostra osserver\u00e0 i seguenti orari: Tutti i giorni 16.30-18.30 e 20-22. Venerd\u00ec, sabato e domenica anche 10.00-12.00. Ricordiamo, in particolare, domenica 4 settembre l&#8217;annullo filatelico speciale dalle ore 10.00 alle ore 14.00, presso la sala consiliare, in concomitanza con la cerimonia ufficiale di beatificazione di Papa Luciani.<\/p>\n<p>&nbsp;<\/p>\n<p>&nbsp;<\/p>\n<hr \/>\n<p>&nbsp;<\/p>\n<blockquote>\n<h3>QUARANT\u2019ANNI FA BORGO PRA DECIDEVA DI ONORARE PAPA GIOVANNI PAOLO I CON UNA LAPIDE NELLA CHIESA<\/h3>\n<\/blockquote>\n<p><strong>di\u00a0 RENATO BONA<\/strong><\/p>\n<p>Il 12 ed il 25 giugno del 1982 si riuniva in assemblea nella sala di cultura \u201cDe Luca\u201d a Borgo Pra di Belluno il neo costituito comitato promotore dell\u2019installazione di una lapide con medaglione in bronzo, opera dello scultore Massimo Facchin, sulla facciata esterna della chiesa di San Giuseppe, alla memoria di Papa Luciani. Era composto da: Biagio Andolina, Mario Chemello, don Bernardo Chiocchetti, Luigi Dal Mas, Francesco De Luca, Antonio Fontana che vararono anche il programma della semplice ma importante cerimonia che si svolse il 3 luglio con l\u2019orazione ufficiale del vescovo di Belluno-Feltre monsignor Maffeo Ducoli e l\u2019intervento dell\u2019europarlamentare Arnaldo Colleselli. Dopo lo scoprimento della lapide i convenuti si trasferirono nella vicina \u201cDe Luca\u201d dove furono distribuite alle autorit\u00e0 le medaglie argentate e dorate di Facchin. Alla vigilia di fatto delle cerimonie gi\u00e0 programmate per la ormai prossima beatificazione di Albino Luciani (celebrazione liturgica domenica 4 settembre in Piazza San Pietro a Roma con inizio alle 10,30, presieduta da Papa Francesco, con il vescovo di Belluno-Feltre monsignor Renato Marangoni che legger\u00e0 la petizione per la beatificazione dato che la Diocesi era stata eccezionalmente sede della causa di canonizzazione del venerabile Giovanni Paolo I; accompagneranno Marangoni il postulatore della causa, cardinale Beniamino Stella, e la vice-postulatrice dottoressa Stefania Falasca; nell\u2019occasione la Postulazione doner\u00e0 al Pontefice un reliquiario con una reliquia del nuovo beato) il \u201cPapa bellunese del sorriso\u201d (come mi onoro di averlo definito essendo stato anche suo chierichetto nel Duomo di Belluno \u2013 ndr.) mi pare bello, sintetizzando l\u2019intervento di Ducoli alla semplice ma suggestiva cerimonia del 3 luglio di quarant\u2019anni fa, ricordare che \u201cegli, giovane sacerdote, nella chiesa di San Giuseppe ha prestato i suoi servizi ed ha spezzato tante volte, con la semplicit\u00e0 e la naturalezza che lo ha sempre contraddistinto, il pane della Parola e dell\u2019Eucarestia\u201d. Ancora il presule: \u201cE\u2019 giusto ricordare un figlio illustre di questa terra tanto avara di risorse da costringere molti ad emigrare, quanto ricca di illuminate e prestigiose figure. I bellunesi, ma anche tutti coloro che hanno apprezzato la parole e lo stile nuovi instaurati da Giovanni Paolo I, facendo memoria di lui possono ricevere rinnovata forza per mantenere salde quelle tradizioni e valori da cui sorgono \u2018gemme\u2019 che, seppure per poco, rischiarano questo mondo avvolto dalle tenebre della violenza e dell\u2019ingiustizia\u201d. E concludeva: \u201cPapa Luciani appartiene ora alla storia della Chiesa e di tutti gli uomini: ma noi abbiamo la responsabilit\u00e0 di non tradire i suoi esempi, di non offuscare il suo ricordo. Allora la doverosa commemorazione non sar\u00e0 un nostalgico e sterile incontro sul passato, ma acquister\u00e0 un significato altissimo per tutti e, soprattutto, segner\u00e0 un comune impegno per il futuro\u2026\u201d. Sempre dal duplice libro curato nel 2005 da Francesco \u201cCheco\u201d De Luca \u201cUna ruota che gira da un quarto di secolo. Le attivit\u00e0 storico-culturale della Sala \u2018De Luca\u2019. Belluno 26 maggio 1980-26 maggio 2005\u201d e detto che dal 20 al 30 giugno di quel 1982 nella Sala fu ospitata la mostra di pittura \u201cArte Sacra\u201d in memoria del secondo pontefice bellunese della storia dopo Gregorio XVI, con lavori dell\u2019artista don Edoardo Furlano, che fu parroco della \u201cDon Bosco\u201d, che comprende anche Borgo Pra, traiamo, in conclusione, un passaggio dell\u2019intervento del senatore Arnaldo Colleselli il quale spiegava che: \u201cRicordarlo oggi \u00e8 doveroso in un momento in cui la formazione, la coscienza stessa dei nostri figli sono turbate in ogni dove, soprattutto nella scuola, da \u2018falsi profeti\u2019, dall\u2019opera disgregatrice dei mass-media, dal \u2018dogma\u2019 televisivo, da una certa stampa che a vario titolo disinforma e disorienta dimenticando spesso i doveri pi\u00f9 elementari dell\u2019etica professionale, propria di chi \u00e8 chiamato ad informare\u201d e poi sottolineava che: \u201cPapa Luciani era per tanti consigliere e guida discreta, ma preciso ed esigente; non lo entusiasmavano gli indifferenti, le fughe dalle responsabilit\u00e0. Attento alle voci come alle critiche che venivano da tutte le parti, nel mezzo di tante novit\u00e0, anche tra noi, di preoccupazioni e trasformazioni, sapeva con modo amabile ma fermo richiamare tutti all\u2019accettazione del sacrificio, delle responsabilit\u00e0 e del servizio in ogni campo\u2026\u201d.<\/p>\n\n\t\t\t<style type='text\/css'>\n\t\t\t\t#gallery-8 {\n\t\t\t\t\tmargin: auto;\n\t\t\t\t}\n\t\t\t\t#gallery-8 .gallery-item {\n\t\t\t\t\tfloat: left;\n\t\t\t\t\tmargin-top: 10px;\n\t\t\t\t\ttext-align: center;\n\t\t\t\t\twidth: 25%;\n\t\t\t\t}\n\t\t\t\t#gallery-8 img {\n\t\t\t\t\tborder: 2px solid #cfcfcf;\n\t\t\t\t}\n\t\t\t\t#gallery-8 .gallery-caption {\n\t\t\t\t\tmargin-left: 0;\n\t\t\t\t}\n\t\t\t\t\/* see gallery_shortcode() in wp-includes\/media.php *\/\n\t\t\t<\/style>\n\t\t<div id='gallery-8' class='dt-gallery-container gallery galleryid-293947 gallery-columns-4 gallery-size-thumbnail'><dl class='gallery-item'>\n\t\t\t\t<dt class='gallery-icon portrait'>\n\t\t\t\t\t<a class=\"rollover rollover-zoom dt-pswp-item\" title=\"300582600_862005744772662_5087825819789485719_n\" data-dt-img-description=\"\" data-large_image_width=\"155\" data-large_image_height=\"206\"href='https:\/\/www.radiopiu.net\/wordpress\/wp-content\/uploads\/2022\/08\/300582600_862005744772662_5087825819789485719_n.jpg'><img loading=\"lazy\" decoding=\"async\" width=\"150\" height=\"150\" src=\"https:\/\/www.radiopiu.net\/wordpress\/wp-content\/uploads\/2022\/08\/300582600_862005744772662_5087825819789485719_n-150x150.jpg\" class=\"attachment-thumbnail size-thumbnail\" alt=\"\" \/><\/a>\n\t\t\t\t<\/dt><\/dl><dl class='gallery-item'>\n\t\t\t\t<dt class='gallery-icon portrait'>\n\t\t\t\t\t<a class=\"rollover rollover-zoom dt-pswp-item\" title=\"300366859_319558647002453_3501239788895025845_n\" data-dt-img-description=\"\" data-large_image_width=\"156\" data-large_image_height=\"206\"href='https:\/\/www.radiopiu.net\/wordpress\/wp-content\/uploads\/2022\/08\/300366859_319558647002453_3501239788895025845_n.jpg'><img loading=\"lazy\" decoding=\"async\" width=\"150\" height=\"150\" src=\"https:\/\/www.radiopiu.net\/wordpress\/wp-content\/uploads\/2022\/08\/300366859_319558647002453_3501239788895025845_n-150x150.jpg\" class=\"attachment-thumbnail size-thumbnail\" alt=\"\" \/><\/a>\n\t\t\t\t<\/dt><\/dl><dl class='gallery-item'>\n\t\t\t\t<dt class='gallery-icon landscape'>\n\t\t\t\t\t<a class=\"rollover rollover-zoom dt-pswp-item\" title=\"299620337_588278816089550_9149213744576779889_n\" data-dt-img-description=\"\" data-large_image_width=\"274\" data-large_image_height=\"206\"href='https:\/\/www.radiopiu.net\/wordpress\/wp-content\/uploads\/2022\/08\/299620337_588278816089550_9149213744576779889_n.jpg'><img loading=\"lazy\" decoding=\"async\" width=\"150\" height=\"150\" src=\"https:\/\/www.radiopiu.net\/wordpress\/wp-content\/uploads\/2022\/08\/299620337_588278816089550_9149213744576779889_n-150x150.jpg\" class=\"attachment-thumbnail size-thumbnail\" alt=\"\" \/><\/a>\n\t\t\t\t<\/dt><\/dl><dl class='gallery-item'>\n\t\t\t\t<dt class='gallery-icon landscape'>\n\t\t\t\t\t<a class=\"rollover rollover-zoom dt-pswp-item\" title=\"300429609_2999484546964828_4818537439532493614_n\" data-dt-img-description=\"\" data-large_image_width=\"306\" data-large_image_height=\"206\"href='https:\/\/www.radiopiu.net\/wordpress\/wp-content\/uploads\/2022\/08\/300429609_2999484546964828_4818537439532493614_n.jpg'><img loading=\"lazy\" decoding=\"async\" width=\"150\" height=\"150\" src=\"https:\/\/www.radiopiu.net\/wordpress\/wp-content\/uploads\/2022\/08\/300429609_2999484546964828_4818537439532493614_n-150x150.jpg\" class=\"attachment-thumbnail size-thumbnail\" alt=\"\" \/><\/a>\n\t\t\t\t<\/dt><\/dl><br style=\"clear: both\" \/><dl class='gallery-item'>\n\t\t\t\t<dt class='gallery-icon portrait'>\n\t\t\t\t\t<a class=\"rollover rollover-zoom dt-pswp-item\" title=\"300190745_1541790009636097_224721009742369897_n\" data-dt-img-description=\"\" data-large_image_width=\"180\" data-large_image_height=\"202\"href='https:\/\/www.radiopiu.net\/wordpress\/wp-content\/uploads\/2022\/08\/300190745_1541790009636097_224721009742369897_n.jpg'><img loading=\"lazy\" decoding=\"async\" width=\"150\" height=\"150\" src=\"https:\/\/www.radiopiu.net\/wordpress\/wp-content\/uploads\/2022\/08\/300190745_1541790009636097_224721009742369897_n-150x150.jpg\" class=\"attachment-thumbnail size-thumbnail\" alt=\"\" \/><\/a>\n\t\t\t\t<\/dt><\/dl><dl class='gallery-item'>\n\t\t\t\t<dt class='gallery-icon landscape'>\n\t\t\t\t\t<a class=\"rollover rollover-zoom dt-pswp-item\" title=\"300253207_1241504536625170_3660951135701207693_n\" data-dt-img-description=\"\" data-large_image_width=\"320\" data-large_image_height=\"201\"href='https:\/\/www.radiopiu.net\/wordpress\/wp-content\/uploads\/2022\/08\/300253207_1241504536625170_3660951135701207693_n.jpg'><img loading=\"lazy\" decoding=\"async\" width=\"150\" height=\"150\" src=\"https:\/\/www.radiopiu.net\/wordpress\/wp-content\/uploads\/2022\/08\/300253207_1241504536625170_3660951135701207693_n-150x150.jpg\" class=\"attachment-thumbnail size-thumbnail\" alt=\"\" \/><\/a>\n\t\t\t\t<\/dt><\/dl><dl class='gallery-item'>\n\t\t\t\t<dt class='gallery-icon landscape'>\n\t\t\t\t\t<a class=\"rollover rollover-zoom dt-pswp-item\" title=\"300515563_3315094978726601_4951664205440431755_n\" data-dt-img-description=\"\" data-large_image_width=\"261\" data-large_image_height=\"204\"href='https:\/\/www.radiopiu.net\/wordpress\/wp-content\/uploads\/2022\/08\/300515563_3315094978726601_4951664205440431755_n.jpg'><img loading=\"lazy\" decoding=\"async\" width=\"150\" height=\"150\" src=\"https:\/\/www.radiopiu.net\/wordpress\/wp-content\/uploads\/2022\/08\/300515563_3315094978726601_4951664205440431755_n-150x150.jpg\" class=\"attachment-thumbnail size-thumbnail\" alt=\"\" \/><\/a>\n\t\t\t\t<\/dt><\/dl><dl class='gallery-item'>\n\t\t\t\t<dt class='gallery-icon landscape'>\n\t\t\t\t\t<a class=\"rollover rollover-zoom dt-pswp-item\" title=\"300105304_436949728455312_7825375970669550240_n\" data-dt-img-description=\"\" data-large_image_width=\"331\" data-large_image_height=\"206\"href='https:\/\/www.radiopiu.net\/wordpress\/wp-content\/uploads\/2022\/08\/300105304_436949728455312_7825375970669550240_n.jpg'><img loading=\"lazy\" decoding=\"async\" width=\"150\" height=\"150\" src=\"https:\/\/www.radiopiu.net\/wordpress\/wp-content\/uploads\/2022\/08\/300105304_436949728455312_7825375970669550240_n-150x150.jpg\" class=\"attachment-thumbnail size-thumbnail\" alt=\"\" \/><\/a>\n\t\t\t\t<\/dt><\/dl><br style=\"clear: both\" \/>\n\t\t\t<\/div>\n\n<p>&nbsp;<\/p>\n<p>NELLE FOTO (riproduzioni dal volume \u201cUna ruota che gira da un quarto di secolo\u201d): la chiesa di San Giuseppe a Borgo Pra; la lapide dedicata a Papa Luciani; momenti della cerimonia; felicitazioni del comandante della brigata alpina \u201cCadore\u201d generale Domenico Innecco allo scultore Massimo Facchin autore della medaglia a ricordo di Papa Luciani voluta dalla gente di Borgo Pra; il vescovo Maffeo Ducoli assistito dal segretario don Giorgio Lise mentre ricorda Giovanni Paolo I; dono del parroco-artista don Edoardo Furlano al vescovo Ducoli; consegna da parte di \u201cCheco\u201d De Luca della medaglia ricordo al senatore Colleselli.<\/p>\n<p>&nbsp;<\/p>\n<p>&nbsp;<\/p>\n<hr \/>\n<p>&nbsp;<\/p>\n<h1><span style=\"color: #ff6600;\"><a class=\"dt-pswp-item\" href=\"https:\/\/www.radiopiu.net\/wordpress\/wp-content\/uploads\/2022\/08\/case.jpg\" data-dt-img-description=\"\" data-large_image_width=\"293\" data-large_image_height=\"178\"><img loading=\"lazy\" decoding=\"async\" class=\"size-thumbnail wp-image-294050 alignleft\" src=\"https:\/\/www.radiopiu.net\/wordpress\/wp-content\/uploads\/2022\/08\/case-150x150.jpg\" alt=\"\" width=\"150\" height=\"150\" \/><\/a>IERI ALLA RADIO<\/span><\/h1>\n<p><strong>ORTOFRUTTA CASE AD ALLEGHE, UNA FAMIGLIA, UNA STORIA.<\/strong><\/p>\n<audio class=\"wp-audio-shortcode\" id=\"audio-293947-9\" preload=\"none\" style=\"width: 100%;\" controls=\"controls\"><source type=\"audio\/mpeg\" src=\"https:\/\/www.radiopiu.net\/wordpress\/wp-content\/uploads\/2022\/08\/ORTROFRUTTA-ALLEGHE.mp3?_=9\" \/><a href=\"https:\/\/www.radiopiu.net\/wordpress\/wp-content\/uploads\/2022\/08\/ORTROFRUTTA-ALLEGHE.mp3\">https:\/\/www.radiopiu.net\/wordpress\/wp-content\/uploads\/2022\/08\/ORTROFRUTTA-ALLEGHE.mp3<\/a><\/audio>\n<p>&nbsp;<\/p>\n<hr \/>\n<p>&nbsp;<\/p>\n<h2><span style=\"color: #3366ff;\">GIROVAGANDO IN E-BIKE 2022 \u2013 PUNTATA 09<\/span><\/h2>\n<p><strong class=\"photoswipe-wrapper\"><a class=\"dt-pswp-item\" href=\"https:\/\/www.radiopiu.net\/wordpress\/wp-content\/uploads\/2022\/08\/afcb7d60-94ff-4ccf-9322-4ebfa18166fd.jpg\" data-dt-img-description=\"\" data-large_image_width=\"1400\" data-large_image_height=\"933\"><img loading=\"lazy\" decoding=\"async\" class=\"size-thumbnail wp-image-294159 alignleft\" src=\"https:\/\/www.radiopiu.net\/wordpress\/wp-content\/uploads\/2022\/08\/afcb7d60-94ff-4ccf-9322-4ebfa18166fd-150x150.jpg\" alt=\"\" width=\"150\" height=\"150\" \/><\/a>REDAZIONE<\/strong>\u00a0Tornano gli amici di Girovagando in E-Bike delle Dolomiti. Con la collaborazione di Thomas Soppelsa<\/p>\n<p><strong>PUNTATA DEL 23 AGOSTO 2022\u00a0<\/strong><\/p>\n<p>&nbsp;<\/p>\n<p>&nbsp;<\/p>\n<p>&nbsp;<\/p>\n<p><strong>AUDIO\u00a0 Thomas Soppera<\/strong><\/p>\n<audio class=\"wp-audio-shortcode\" id=\"audio-293947-10\" preload=\"none\" style=\"width: 100%;\" controls=\"controls\"><source type=\"audio\/mpeg\" src=\"https:\/\/www.radiopiu.net\/wordpress\/wp-content\/uploads\/2022\/08\/GIROVAGANDO-2022-PUNTATA-09.mp3?_=10\" \/><a href=\"https:\/\/www.radiopiu.net\/wordpress\/wp-content\/uploads\/2022\/08\/GIROVAGANDO-2022-PUNTATA-09.mp3\">https:\/\/www.radiopiu.net\/wordpress\/wp-content\/uploads\/2022\/08\/GIROVAGANDO-2022-PUNTATA-09.mp3<\/a><\/audio>\n<p>&nbsp;<\/p>\n<p><strong>LA RACCOLTA COMPLETA<\/strong><\/p>\n<blockquote class=\"wp-embedded-content\" data-secret=\"qPLIy9NMs2\"><p><a href=\"https:\/\/www.radiopiu.net\/wordpress\/girovagando-in-e-bike-tra-le-dolomiti\/\">GIROVAGANDO IN E BIKE TRA LE DOLOMITI<\/a><\/p><\/blockquote>\n<p><iframe loading=\"lazy\" class=\"wp-embedded-content\" sandbox=\"allow-scripts\" security=\"restricted\" style=\"position: absolute; clip: rect(1px, 1px, 1px, 1px);\" title=\"&#8220;GIROVAGANDO IN E BIKE TRA LE DOLOMITI&#8221; &#8212; Radio Pi\u00f9\" src=\"https:\/\/www.radiopiu.net\/wordpress\/girovagando-in-e-bike-tra-le-dolomiti\/embed\/#?secret=ZHVpmYxpyr#?secret=qPLIy9NMs2\" data-secret=\"qPLIy9NMs2\" width=\"600\" height=\"338\" frameborder=\"0\" marginwidth=\"0\" marginheight=\"0\" scrolling=\"no\"><\/iframe><\/p>\n<p>&nbsp;<\/p>\n<p>&nbsp;<\/p>\n<hr \/>\n<p>&nbsp;<\/p>\n<blockquote class=\"wp-embedded-content\" data-secret=\"4JztErH1jP\"><p><a href=\"https:\/\/www.radiopiu.net\/wordpress\/dillo-a-radio-piu-dubbi-leciti-e-osservazioni-correzioni-comprese\/\">DILLO A RADIO PIU &#8230; DUBBI LECITI E OSSERVAZIONI, CORREZIONI COMPRESE<\/a><\/p><\/blockquote>\n<p><iframe loading=\"lazy\" class=\"wp-embedded-content\" sandbox=\"allow-scripts\" security=\"restricted\" style=\"position: absolute; clip: rect(1px, 1px, 1px, 1px);\" title=\"&#8220;DILLO A RADIO PIU &#8230; DUBBI LECITI E OSSERVAZIONI, CORREZIONI COMPRESE&#8221; &#8212; Radio Pi\u00f9\" src=\"https:\/\/www.radiopiu.net\/wordpress\/dillo-a-radio-piu-dubbi-leciti-e-osservazioni-correzioni-comprese\/embed\/#?secret=6e38t8EyPt#?secret=4JztErH1jP\" data-secret=\"4JztErH1jP\" width=\"600\" height=\"338\" frameborder=\"0\" marginwidth=\"0\" marginheight=\"0\" scrolling=\"no\"><\/iframe><\/p>\n<p>&nbsp;<\/p>\n<p>&nbsp;<\/p>\n<hr \/>\n<p>&nbsp;<\/p>\n<div>\n<div class=\"b654a4as d2edcug0\">\n<div class=\"rq0escxv hkbzh7o3 jwdofwj8 n8tt0mok r8blr3vg hyh9befq\">\n<p><a class=\"dt-pswp-item\" href=\"https:\/\/www.radiopiu.net\/wordpress\/wp-content\/uploads\/2020\/10\/pp.jpg\" data-dt-img-description=\"\" data-large_image_width=\"640\" data-large_image_height=\"640\"><img loading=\"lazy\" decoding=\"async\" class=\"wp-image-163678 alignleft\" src=\"https:\/\/www.radiopiu.net\/wordpress\/wp-content\/uploads\/2020\/10\/pp-300x300.jpg\" alt=\"\" width=\"106\" height=\"106\" srcset=\"https:\/\/www.radiopiu.net\/wordpress\/wp-content\/uploads\/2020\/10\/pp-300x300.jpg 300w, https:\/\/www.radiopiu.net\/wordpress\/wp-content\/uploads\/2020\/10\/pp-150x150.jpg 150w, https:\/\/www.radiopiu.net\/wordpress\/wp-content\/uploads\/2020\/10\/pp-125x125.jpg 125w, https:\/\/www.radiopiu.net\/wordpress\/wp-content\/uploads\/2020\/10\/pp-200x200.jpg 200w, https:\/\/www.radiopiu.net\/wordpress\/wp-content\/uploads\/2020\/10\/pp-80x80.jpg 80w, https:\/\/www.radiopiu.net\/wordpress\/wp-content\/uploads\/2020\/10\/pp-480x480.jpg 480w, https:\/\/www.radiopiu.net\/wordpress\/wp-content\/uploads\/2020\/10\/pp.jpg 640w\" sizes=\"auto, (max-width: 106px) 100vw, 106px\" \/><\/a><\/p>\n<\/div>\n<\/div>\n<\/div>\n<div>\n<div class=\"page-title-head hgroup\">\n<div class=\"page-title-head hgroup\">\n<div class=\"b654a4as d2edcug0\">\n<div class=\"j83agx80 btwxx1t3 lhclo0ds hop8lmos nkwizq5d scwd0bx6 roh60bw9\">\n<div class=\"rq0escxv hkbzh7o3 jwdofwj8 n8tt0mok r8blr3vg hyh9befq\">\n<div class=\"do00u71z l9j0dhe7 k4urcfbm\">\n<h2><span style=\"color: #000080;\">DON CESARE, IL PENSIERO DEL GIORNO. ALLA RADIO ALLE 7 DEL MATTINO E ALLE 19.30 DELLA SERA.\u00a0<\/span><\/h2>\n<\/div>\n<\/div>\n<\/div>\n<\/div>\n<\/div>\n<\/div>\n<\/div>\n<div class=\"do00u71z l9j0dhe7 k4urcfbm\">\n<div class=\"page-title-head hgroup\">\n<div class=\"page-title-head hgroup\">\n<div class=\"b654a4as d2edcug0\">\n<div class=\"j83agx80 btwxx1t3 lhclo0ds hop8lmos nkwizq5d scwd0bx6 roh60bw9\">\n<div class=\"rq0escxv hkbzh7o3 jwdofwj8 n8tt0mok r8blr3vg hyh9befq\">\n<div class=\"do00u71z l9j0dhe7 k4urcfbm\">\n<div class=\"page-title-head hgroup\">\n<div class=\"page-title-head hgroup\">\n<div class=\"b654a4as d2edcug0\">\n<div class=\"j83agx80 btwxx1t3 lhclo0ds hop8lmos nkwizq5d scwd0bx6 roh60bw9\">\n<div class=\"rq0escxv hkbzh7o3 jwdofwj8 n8tt0mok r8blr3vg hyh9befq\">\n<div class=\"do00u71z l9j0dhe7 k4urcfbm\">\n<div class=\"ecm0bbzt e5nlhep0 a8c37x1j\">\n<div class=\"kvgmc6g5 cxmmr5t8 oygrvhab hcukyx3x c1et5uql\">\n<div class=\"gmail-kvgmc6g5 gmail-cxmmr5t8 gmail-oygrvhab gmail-hcukyx3x gmail-c1et5uql gmail-ii04i59q\">\n<div class=\"page-title-head hgroup\">\n<div class=\"page-title-head hgroup\">\n<div class=\"b654a4as d2edcug0\">\n<div class=\"j83agx80 btwxx1t3 lhclo0ds hop8lmos nkwizq5d scwd0bx6 roh60bw9\">\n<div class=\"rq0escxv hkbzh7o3 jwdofwj8 n8tt0mok r8blr3vg hyh9befq\">\n<div class=\"do00u71z l9j0dhe7 k4urcfbm\">\n<div class=\"page-title-head hgroup\">\n<div class=\"page-title-head hgroup\">\n<div class=\"b654a4as d2edcug0\">\n<div class=\"j83agx80 btwxx1t3 lhclo0ds hop8lmos nkwizq5d scwd0bx6 roh60bw9\">\n<div class=\"rq0escxv hkbzh7o3 jwdofwj8 n8tt0mok r8blr3vg hyh9befq\">\n<div class=\"do00u71z l9j0dhe7 k4urcfbm\">\n<div class=\"page-title-head hgroup\">\n<div class=\"page-title-head hgroup\">\n<div class=\"b654a4as d2edcug0\">\n<div class=\"j83agx80 btwxx1t3 lhclo0ds hop8lmos nkwizq5d scwd0bx6 roh60bw9\">\n<div class=\"rq0escxv hkbzh7o3 jwdofwj8 n8tt0mok r8blr3vg hyh9befq\">\n<div class=\"do00u71z l9j0dhe7 k4urcfbm\">\n<div class=\"ecm0bbzt e5nlhep0 a8c37x1j\">\n<div class=\"kvgmc6g5 cxmmr5t8 oygrvhab hcukyx3x c1et5uql\">\n<div class=\"gmail-kvgmc6g5 gmail-cxmmr5t8 gmail-oygrvhab gmail-hcukyx3x gmail-c1et5uql gmail-ii04i59q\">\n<div class=\"page-title-head hgroup\">\n<div class=\"page-title-head hgroup\">\n<div class=\"b654a4as d2edcug0\">\n<div class=\"j83agx80 btwxx1t3 lhclo0ds hop8lmos nkwizq5d scwd0bx6 roh60bw9\">\n<div class=\"rq0escxv hkbzh7o3 jwdofwj8 n8tt0mok r8blr3vg hyh9befq\">\n<div class=\"do00u71z l9j0dhe7 k4urcfbm\">\n<audio class=\"wp-audio-shortcode\" id=\"audio-293947-11\" preload=\"none\" style=\"width: 100%;\" controls=\"controls\"><source type=\"audio\/mpeg\" src=\"https:\/\/www.radiopiu.net\/wordpress\/wp-content\/uploads\/2022\/08\/CESARE-15.mp3?_=11\" \/><a href=\"https:\/\/www.radiopiu.net\/wordpress\/wp-content\/uploads\/2022\/08\/CESARE-15.mp3\">https:\/\/www.radiopiu.net\/wordpress\/wp-content\/uploads\/2022\/08\/CESARE-15.mp3<\/a><\/audio>\n<p>&nbsp;<\/p>\n<hr \/>\n<p>&nbsp;<\/p>\n<blockquote class=\"wp-embedded-content\" data-secret=\"EfzLqnlFSt\"><p><a href=\"https:\/\/www.radiopiu.net\/wordpress\/in-cammino-verso-la-beatificazione-di-papa-luciani-giovanni-paolo-i\/\">IN CAMMINO VERSO LA BEATIFICAZIONE DI PAPA LUCIANI, GIOVANNI PAOLO I<\/a><\/p><\/blockquote>\n<p><iframe loading=\"lazy\" class=\"wp-embedded-content\" sandbox=\"allow-scripts\" security=\"restricted\" style=\"position: absolute; clip: rect(1px, 1px, 1px, 1px);\" title=\"&#8220;IN CAMMINO VERSO LA BEATIFICAZIONE DI PAPA LUCIANI, GIOVANNI PAOLO I&#8221; &#8212; Radio Pi\u00f9\" src=\"https:\/\/www.radiopiu.net\/wordpress\/in-cammino-verso-la-beatificazione-di-papa-luciani-giovanni-paolo-i\/embed\/#?secret=Fpn0vthEbq#?secret=EfzLqnlFSt\" data-secret=\"EfzLqnlFSt\" width=\"600\" height=\"338\" frameborder=\"0\" marginwidth=\"0\" marginheight=\"0\" scrolling=\"no\"><\/iframe><\/p>\n<p>&nbsp;<\/p>\n<hr \/>\n<p>&nbsp;<\/p>\n<p><span style=\"color: #0000ff;\">MUSICA PIU&#8217;\u00a0<\/span><\/p>\n<p><a href=\"https:\/\/www.radiopiu.net\/wordpress\/giornale-radiopiu-20-settembre-2021-direttore-mirko-mezzacasa\/pp-79\/\" rel=\"attachment wp-att-232921\"><img loading=\"lazy\" decoding=\"async\" class=\"wp-image-232921 alignleft\" src=\"https:\/\/www.radiopiu.net\/wordpress\/wp-content\/uploads\/2021\/09\/pp-1-300x300.jpg\" alt=\"\" width=\"135\" height=\"135\" srcset=\"https:\/\/www.radiopiu.net\/wordpress\/wp-content\/uploads\/2021\/09\/pp-1-300x300.jpg 300w, https:\/\/www.radiopiu.net\/wordpress\/wp-content\/uploads\/2021\/09\/pp-1-150x150.jpg 150w, https:\/\/www.radiopiu.net\/wordpress\/wp-content\/uploads\/2021\/09\/pp-1.jpg 640w\" sizes=\"auto, (max-width: 135px) 100vw, 135px\" \/><\/a><\/p>\n<div class=\"mkdf-post-text\">\n<div class=\"mkdf-post-text-inner\">\n<div class=\"mkdf-post-text-main\">\n<div class=\"mkdf-post-text\">\n<div class=\"mkdf-post-text-inner\">\n<div class=\"mkdf-post-text-main\">\n<div class=\"mkdf-post-text\">\n<div class=\"mkdf-post-text-inner\">\n<div class=\"mkdf-post-text-main\">\n<div class=\"page-title-head hgroup\">\n<div class=\"page-title-head hgroup\">\n<div class=\"mkdf-post-text\">\n<div class=\"mkdf-post-text-inner\">\n<div class=\"mkdf-post-text-main\">\n<div class=\"mkdf-post-text\">\n<div class=\"mkdf-post-text-inner\">\n<div class=\"mkdf-post-text-main\">\n<div class=\"page-title-head hgroup\">\n<div class=\"page-title-head hgroup\">\n<div class=\"page-title-head hgroup\">\n<div class=\"page-title-head hgroup\">\n<div class=\"b654a4as d2edcug0\">\n<div class=\"page-title-head hgroup\">\n<div class=\"page-title-head hgroup\">\n<div class=\"page-title-head hgroup\">\n<div class=\"page-title-head hgroup\">\n<div class=\"b654a4as d2edcug0\">\n<div class=\"page-title-head hgroup\">\n<div class=\"page-title-head hgroup\">\n<div class=\"page-title-head hgroup\">\n<div class=\"page-title-head hgroup\">\n<div class=\"b654a4as d2edcug0\">\n<div class=\"mkdf-post-text\">\n<div class=\"mkdf-post-text-inner\">\n<div class=\"mkdf-post-text-main\">\n<div class=\"mkdf-post-text\">\n<div class=\"mkdf-post-text-inner\">\n<div class=\"mkdf-post-text-main\">\n<div class=\"mkdf-post-text\">\n<div class=\"mkdf-post-text-inner\">\n<div class=\"mkdf-post-text-main\">\n<div class=\"page-title-head hgroup\">\n<div class=\"page-title-head hgroup\">\n<div class=\"mkdf-post-text\">\n<div class=\"mkdf-post-text-inner\">\n<div class=\"mkdf-post-text-main\">\n<div class=\"mkdf-post-text\">\n<div class=\"mkdf-post-text-inner\">\n<div class=\"mkdf-post-text-main\">\n<div class=\"page-title-head hgroup\">\n<div class=\"page-title-head hgroup\">\n<div class=\"page-title-head hgroup\">\n<div class=\"page-title-head hgroup\">\n<div class=\"b654a4as d2edcug0\">\n<div class=\"page-title-head hgroup\">\n<div class=\"page-title-head hgroup\">\n<div class=\"page-title-head hgroup\">\n<div class=\"page-title-head hgroup\">\n<div class=\"b654a4as d2edcug0\">\n<div class=\"page-title-head hgroup\">\n<div class=\"page-title-head hgroup\">\n<div class=\"page-title-head hgroup\">\n<div class=\"page-title-head hgroup\">\n<div class=\"b654a4as d2edcug0\">\n<div><\/div>\n<div><\/div>\n<div>\n<p><strong>MUSICA ALLA RADIO, IL PROGRAMMA DI LORIS SCUSSEL &#8220;COLLAGE OPERAZIONE NOSTALGIA&#8221; DAL LUNEDI AL VENERDI ALLE 16.00\u00a0 E ALLE 23\u00a0<\/strong><\/p>\n<\/div>\n<\/div>\n<p>&nbsp;<\/p>\n<p>&nbsp;<\/p>\n<div class=\"b654a4as d2edcug0\">\n<p><strong class=\"photoswipe-wrapper\"><a class=\"dt-pswp-item pspw-wrap-ready\" href=\"https:\/\/www.radiopiu.net\/wordpress\/wp-content\/uploads\/2022\/08\/Gaber.jpg\" data-dt-img-description=\"\" data-large_image_width=\"225\" data-large_image_height=\"225\"><img loading=\"lazy\" decoding=\"async\" class=\"size-thumbnail wp-image-293797 alignleft\" src=\"https:\/\/www.radiopiu.net\/wordpress\/wp-content\/uploads\/2022\/08\/Gaber-150x150.jpg\" sizes=\"auto, (max-width: 150px) 100vw, 150px\" srcset=\"https:\/\/www.radiopiu.net\/wordpress\/wp-content\/uploads\/2022\/08\/Gaber-150x150.jpg 150w, https:\/\/www.radiopiu.net\/wordpress\/wp-content\/uploads\/2022\/08\/Gaber.jpg 225w\" alt=\"\" width=\"150\" height=\"150\" \/><\/a>di Loris Scussel<\/strong><\/p>\n<p>La nuova settimana di Collage operazione nostalgia si apre con la musica italiana degli anni 60 poi ascolteremo alcuni brani classici rivistati in chiave moderna. Ancora canzoni ispirate a vicende di cronaca come i casi Mattei e Rubin \u201cHurricane\u201d Carter per proseguire con pezzi originali diventati cover famose in italiano, per chiudere in bellezza proporremo un menu a base di spaghetti, barbera e champagne e naturalmente una buona \u201ctazzulella e caf\u00e8\u201d. Collage va in onda dal luned\u00ec al venerd\u00ec alle 16,00 e alle 23,00 naturalmente su Radio Pi\u00f9.<\/p>\n<\/div>\n<\/div>\n<\/div>\n<\/div>\n<\/div>\n<\/div>\n<\/div>\n<\/div>\n<\/div>\n<\/div>\n<\/div>\n<\/div>\n<\/div>\n<\/div>\n<\/div>\n<\/div>\n<\/div>\n<\/div>\n<\/div>\n<\/div>\n<\/div>\n<\/div>\n<\/div>\n<\/div>\n<\/div>\n<\/div>\n<\/div>\n<\/div>\n<\/div>\n<\/div>\n<\/div>\n<\/div>\n<\/div>\n<\/div>\n<\/div>\n<\/div>\n<\/div>\n<\/div>\n<\/div>\n<\/div>\n<\/div>\n<\/div>\n<\/div>\n<\/div>\n<\/div>\n<\/div>\n<\/div>\n<\/div>\n<\/div>\n<\/div>\n<\/div>\n<\/div>\n<\/div>\n<\/div>\n<\/div>\n<\/div>\n<\/div>\n<\/div>\n<\/div>\n<\/div>\n<\/div>\n<\/div>\n<\/div>\n<\/div>\n<div>\n<div class=\"page-title-head hgroup\">\n<div class=\"page-title-head hgroup\">\n<div class=\"page-title-head hgroup\">\n<div class=\"page-title-head hgroup\">\n<div class=\"b654a4as d2edcug0\">\n<div class=\"page-title-head hgroup\">\n<div class=\"page-title-head hgroup\">\n<div class=\"page-title-head hgroup\">\n<div class=\"page-title-head hgroup\">\n<div class=\"b654a4as d2edcug0\">\n<div class=\"page-title-head hgroup\">\n<div class=\"page-title-head hgroup\">\n<div class=\"page-title-head hgroup\">\n<div class=\"page-title-head hgroup\">\n<div class=\"page-title-head hgroup\">\n<div class=\"page-title-head hgroup\">\n<div class=\"page-title-head hgroup\">\n<div class=\"page-title-head hgroup\">\n<div class=\"page-title-head hgroup\">\n<div class=\"b654a4as d2edcug0\">\n<div class=\"page-title-head hgroup\">\n<div class=\"page-title-head hgroup\">\n<div class=\"page-title-head hgroup\">\n<div class=\"page-title-head hgroup\">\n<div class=\"b654a4as d2edcug0\">\n<div class=\"page-title-head hgroup\">\n<div class=\"page-title-head hgroup\">\n<div class=\"page-title-head hgroup\">\n<div class=\"page-title-head hgroup\">\n<div class=\"page-title-head hgroup\">\n<div class=\"mkdf-post-text\">\n<div class=\"mkdf-post-text-inner\">\n<div class=\"mkdf-post-text-main\">\n<div class=\"mkdf-post-text\">\n<div class=\"mkdf-post-text-inner\">\n<div class=\"mkdf-post-text-main\">\n<div class=\"mkdf-post-text\">\n<div class=\"mkdf-post-text-inner\">\n<div class=\"mkdf-post-text-main\">\n<div class=\"page-title-head hgroup\">\n<div class=\"page-title-head hgroup\">\n<div class=\"mkdf-post-text\">\n<div class=\"mkdf-post-text-inner\">\n<div class=\"mkdf-post-text-main\">\n<div class=\"mkdf-post-text\">\n<div class=\"mkdf-post-text-inner\">\n<div class=\"mkdf-post-text-main\">\n<div class=\"page-title-head hgroup\">\n<div class=\"page-title-head hgroup\">\n<div class=\"page-title-head hgroup\">\n<div class=\"page-title-head hgroup\">\n<div class=\"b654a4as d2edcug0\">\n<div class=\"page-title-head hgroup\">\n<div class=\"page-title-head hgroup\">\n<div class=\"page-title-head hgroup\">\n<div class=\"page-title-head hgroup\">\n<div class=\"b654a4as d2edcug0\">\n<div class=\"page-title-head hgroup\">\n<div class=\"page-title-head hgroup\">\n<div class=\"page-title-head hgroup\">\n<p>&nbsp;<\/p>\n<p>&nbsp;<\/p>\n<hr \/>\n<p>&nbsp;<\/p>\n<h2><span style=\"color: #008080;\">I RACCONTI DI PAOLO SOPPELSA<\/span><\/h2>\n<p><strong>SEDICI AGOSTO<\/strong><\/p>\n<p><strong>AUDIO<\/strong><\/p>\n<audio class=\"wp-audio-shortcode\" id=\"audio-293947-12\" preload=\"none\" style=\"width: 100%;\" controls=\"controls\"><source type=\"audio\/mpeg\" src=\"https:\/\/www.radiopiu.net\/wordpress\/wp-content\/uploads\/2022\/08\/PAOLO-SOPPELSA-SEDICI-AGOSTO.mp3?_=12\" \/><a href=\"https:\/\/www.radiopiu.net\/wordpress\/wp-content\/uploads\/2022\/08\/PAOLO-SOPPELSA-SEDICI-AGOSTO.mp3\">https:\/\/www.radiopiu.net\/wordpress\/wp-content\/uploads\/2022\/08\/PAOLO-SOPPELSA-SEDICI-AGOSTO.mp3<\/a><\/audio>\n<p>&nbsp;<\/p>\n<p><a class=\"dt-pswp-item\" href=\"https:\/\/www.radiopiu.net\/wordpress\/wp-content\/uploads\/2022\/08\/4ce7e2d7-ddbb-4bb7-a792-c9cad18f98a3.jpg\" data-dt-img-description=\"\" data-large_image_width=\"1600\" data-large_image_height=\"1200\"><img loading=\"lazy\" decoding=\"async\" class=\"size-thumbnail wp-image-293925 alignleft\" src=\"https:\/\/www.radiopiu.net\/wordpress\/wp-content\/uploads\/2022\/08\/4ce7e2d7-ddbb-4bb7-a792-c9cad18f98a3-150x150.jpg\" alt=\"\" width=\"150\" height=\"150\" \/><\/a>Il giro di boa del mese di agosto vede l&#8217;affacciarsi di un tempo nuovo. Il lento spegnersi dei barbecue ferragostani sancisce l&#8217;inizio del discendere dal culmine dell&#8217;estate. Il sedici agosto \u00e8 sempre un giorno diverso; \u00e8 a San Rocco che lass\u00f9 iniziano ad abbassarsi le persiane e a chiudersi gli scuri. \u00c8 il tempo del continuo rumoreggiare d&#8217;auto che sale dalla Val Cordevole, ed \u00e8 uno sfumare verso sud del serpente di automobili cariche di valigie e pensieri. Poi alla sera cala il primo grande silenzio d&#8217;agosto; tace la valle, gi\u00e0 in penombra al suonare potente della campana che annuncia l&#8217;Ave Maria a chi \u00e8 rimasto. Pochi uomini, che assieme alle montagne, si apprestano a vivere quell&#8217;interregno di due stagioni che si contendono la scena. Il giovane autunno scalpita all&#8217;orizzonte, ma per ora pu\u00f2 palesarsi solamente all&#8217;accendersi delle stelle. Di giorno \u00e8 ancora estate che si mostra talvolta vigorosa, ma in realt\u00e0 \u00e8 solo apparenza; \u00e8 l&#8217;estremo tentare di rimanere, di non tramutarsi troppo presto in ricordo. Ma le lancette dell&#8217;orologio corrono e le ombre si allungano ogni giorno di pi\u00f9. Albe uggiose e fresche sono a volte preludio di ci\u00f2 che sar\u00e0 poco pi\u00f9 tardi; l&#8217;autunno, con la sua esuberanza giovanile, annuncia il suo arrivo imbiancando le cime pi\u00f9 alte con la prima neve. \u00c8 un bianco effimero quello che brilla lass\u00f9 per una giornata appena; \u00e8 neve inesperta, che si scioglier\u00e0 appena le nubi avranno intrapreso altre strade andando a coprire altri cieli. L&#8217;estate, nel frattempo, osserva in silenzio l&#8217;operato del suo successore; ormai ha la consapevolezza della fine che, inesorabile, giunger\u00e0 ben prima di quel ventuno settembre. \u00c8 stagione stanca e rassegnata, desiderosa di lasciare spazio a chi verr\u00e0 dopo. Le stagioni, al loro terzo mese, mostrano le rughe e parlano con la saggezza dei vecchi; hanno dentro il vissuto dei boschi, degli uomini e delle montagne. Poi quel tempo strano iniziato il giorno di San Rocco, lentamente ma inesorabilmente va a perdere la sua incertezza. Accadr\u00e0 dopo un paio di giorni di pioggia e di nuvole che coprono le montagne; quando ritorner\u00e0 il sereno non ci sar\u00e0 pi\u00f9 l&#8217;estate. Sar\u00e0 fumare di camini alla sera e vociare di bambini nei cortili delle scuole. Saranno le classiche considerazioni sulla &#8220;staion pi avanti e pi indrio&#8221; mentre gli occhi cercheranno il primo mutare del &#8220;Bosk dal Forn&#8221;. Arriver\u00e0 a breve quel tempo del primo fuoco davvero necessario e della campana che alle venti suoner\u00e0 nel buio. A quel punto l&#8217;estate sar\u00e0 ormai ricordo quasi sbiadito; e sar\u00e0, ancora una volta, davvero autunno.<\/p>\n<p>&nbsp;<\/p>\n<p><strong>LA RACCOLTA COMPLETA<\/strong><\/p>\n<blockquote class=\"wp-embedded-content\" data-secret=\"AqkS2jqRiJ\"><p><a href=\"https:\/\/www.radiopiu.net\/wordpress\/i-racconti-di-paolo-soppelsa\/\">I racconti di Paolo Soppelsa<\/a><\/p><\/blockquote>\n<p><iframe loading=\"lazy\" class=\"wp-embedded-content\" sandbox=\"allow-scripts\" security=\"restricted\" style=\"position: absolute; clip: rect(1px, 1px, 1px, 1px);\" title=\"&#8220;I racconti di Paolo Soppelsa&#8221; &#8212; Radio Pi\u00f9\" src=\"https:\/\/www.radiopiu.net\/wordpress\/i-racconti-di-paolo-soppelsa\/embed\/#?secret=niRORrVoz0#?secret=AqkS2jqRiJ\" data-secret=\"AqkS2jqRiJ\" width=\"600\" height=\"338\" frameborder=\"0\" marginwidth=\"0\" marginheight=\"0\" scrolling=\"no\"><\/iframe><\/p>\n<p>&nbsp;<\/p>\n<hr \/>\n<p>&nbsp;<\/p>\n<p><a class=\"dt-pswp-item\" href=\"https:\/\/www.radiopiu.net\/wordpress\/wp-content\/uploads\/2018\/09\/WhatsApp-Image-2018-09-20-at-16.04.06.jpeg\" data-dt-img-description=\"\" data-large_image_width=\"800\" data-large_image_height=\"100\"><img loading=\"lazy\" decoding=\"async\" class=\"aligncenter wp-image-61378 size-full\" src=\"https:\/\/www.radiopiu.net\/wordpress\/wp-content\/uploads\/2018\/09\/WhatsApp-Image-2018-09-20-at-16.04.06.jpeg\" alt=\"\" width=\"800\" height=\"100\" srcset=\"https:\/\/www.radiopiu.net\/wordpress\/wp-content\/uploads\/2018\/09\/WhatsApp-Image-2018-09-20-at-16.04.06.jpeg 800w, https:\/\/www.radiopiu.net\/wordpress\/wp-content\/uploads\/2018\/09\/WhatsApp-Image-2018-09-20-at-16.04.06-300x38.jpeg 300w, https:\/\/www.radiopiu.net\/wordpress\/wp-content\/uploads\/2018\/09\/WhatsApp-Image-2018-09-20-at-16.04.06-768x96.jpeg 768w\" sizes=\"auto, (max-width: 800px) 100vw, 800px\" \/><\/a><\/p>\n<p>&nbsp;<\/p>\n<p><center><b>Martedi 23<\/b><\/center><b>Tempo atteso: <\/b>Tempo ancora stabile e asciutto, da parzialmente soleggiato al mattino, specie nelle prime ore per una residua nuvolosit\u00e0 medio-alta soprattutto sui settori centro-orientali delle Dolomiti e delle Prealpi, a soleggiato dalla tarda mattinata con formazione di innocui e modesti annuvolamenti cumuliformi in prossimit\u00e0 delle cime.<br \/>\n<b>Precipitazioni: <\/b>Assenti (0%).<br \/>\n<b>Temperature: <\/b>Minime generalmente stazionarie o in lieve calo sulle Prealpi, in lieve aumento sulle Dolomiti, massime pressoch\u00e8 stazionarie su valori prossimi o leggermente superiori alla norma; clima diurno di stampo estivo con elevata escursione termica giornaliera. Su Prealpi a 1500 m min 13\u00b0C, max 19\u00b0C; a 2000 m min 9\u00b0C, max 17\u00b0C. Su Dolomiti a 2000 m min 8\u00b0C, max 17\u00b0C; a 3000 m min 2\u00b0C, max 6\u00b0C.<br \/>\n<b>Venti: <\/b>Nelle valli deboli al mattino, in genere moderati a regime di brezza dalle ore centrali; in quota deboli o moderati ancora dai quadranti settentrionali, a 15-20 km\/h sia a 2000 m che a 3000 m.<\/p>\n<hr \/>\n<p><center><b>Mercoledi 24<\/b><\/center><b>Tempo atteso: <\/b>Ancora tempo stabile e soleggiato con innocui addensamenti nuvolosi diurni in prossimit\u00e0 delle cime.<br \/>\n<b>Precipitazioni: <\/b>Assenti (0%).<br \/>\n<b>Temperature: <\/b>Senza notevoli variazioni, salvo delle lievi diminuzioni delle minime nelle valli dolomitiche e dei lievi aumenti in alta montagna. Su Prealpi a 1500 m min 13\u00b0C, max 20\u00b0C; a 2000 m min 9\u00b0C, max 17\u00b0C. Su Dolomiti a 2000 m min 9\u00b0C, max 18\u00b0C; a 3000 m min 3\u00b0C, max 7\u00b0C.<br \/>\n<b>Venti: <\/b>Nelle valli deboli al mattino in moderato rinforzo dalle ore centrali a regime di brezza; in quota ancora deboli o moderati dai quadranti settentrionali, a 10-20 km\/h sia a 2000 m che a 3000 m.<\/p>\n<hr \/>\n<p><center><b>Giovedi 25<\/b><\/center>Ancora una giornata soleggiata specie nella prima parte, con formazione di modesti cumuli limitati alle alte quote al mattino, un po&#8217; pi\u00f9 estesi rispetto ai giorni precedenti anche nelle valli durante le ore pomeridiane, specie sulle Dolomiti; precipitazioni assenti per gran parte della giornata con probabilit\u00e0 in lieve aumento dalla sera di qualche pioggia associata a qualche rovescio o temporale. Temperature minime in aumento, massime senza importanti variazioni. Venti in alta montagna deboli o moderati dai quadranti settentrionali.<\/p>\n<hr \/>\n<p><center><b>Venerdi 26<\/b><\/center>Tempo pi\u00f9 variabile rispetto ai giorni precedenti, con cielo generalmente poco nuvoloso al mattino, nuvoloso o molto nuvoloso dalle ore centrali con possibili precipitazioni pomeridiane a carattere sparso, anche con rovesci o temporali. Temperature minime in ulteriore lieve aumento, massime senza variazioni di rilievo o in lieve calo. Venti in quota in prevalenza deboli ancora settentrionali. Previsore: M.Padoan<\/p>\n<p>&nbsp;<\/p>\n<hr \/>\n<p>&nbsp;<\/p>\n<p><a href=\"https:\/\/www.radiopiu.net\/wordpress\/giornale-radiopiu-26-settembre-2018-direttore-mirko-mezzacasa\/viabilita-2\/\" rel=\"attachment wp-att-61954\"><img loading=\"lazy\" decoding=\"async\" class=\"aligncenter wp-image-61954 size-full\" src=\"https:\/\/www.radiopiu.net\/wordpress\/wp-content\/uploads\/2018\/09\/viabilita.jpeg\" sizes=\"auto, (max-width: 800px) 100vw, 800px\" srcset=\"https:\/\/www.radiopiu.net\/wordpress\/wp-content\/uploads\/2018\/09\/viabilita.jpeg 800w, https:\/\/www.radiopiu.net\/wordpress\/wp-content\/uploads\/2018\/09\/viabilita-300x38.jpeg 300w, https:\/\/www.radiopiu.net\/wordpress\/wp-content\/uploads\/2018\/09\/viabilita-768x96.jpeg 768w\" alt=\"\" width=\"800\" height=\"100\" \/><\/a><\/p>\n<blockquote>\n<h3><\/h3>\n<h3>GALLERIA DI SEGUSINO CHIUSA PER 4 MESI<\/h3>\n<\/blockquote>\n<p><strong><a class=\"dt-pswp-item\" href=\"https:\/\/www.radiopiu.net\/wordpress\/wp-content\/uploads\/2020\/05\/VENETO-STRADE.png\" data-dt-img-description=\"\" data-large_image_width=\"400\" data-large_image_height=\"400\"><img loading=\"lazy\" decoding=\"async\" class=\" wp-image-135574 alignleft\" src=\"https:\/\/www.radiopiu.net\/wordpress\/wp-content\/uploads\/2020\/05\/VENETO-STRADE-150x150.png\" alt=\"\" width=\"102\" height=\"102\" srcset=\"https:\/\/www.radiopiu.net\/wordpress\/wp-content\/uploads\/2020\/05\/VENETO-STRADE-150x150.png 150w, https:\/\/www.radiopiu.net\/wordpress\/wp-content\/uploads\/2020\/05\/VENETO-STRADE-300x300.png 300w, https:\/\/www.radiopiu.net\/wordpress\/wp-content\/uploads\/2020\/05\/VENETO-STRADE.png 400w\" sizes=\"auto, (max-width: 102px) 100vw, 102px\" \/><\/a><\/strong><\/p>\n<p><strong>SEGUSINO<\/strong> Fino al 4 novembre, compresi sabati domeniche e festivi infrasettimanali, un&#8217;interdizione totale al transito per l&#8217;intera tratta della galleria di Segusino in seguito a dei lavori per messa in sicurezza della condotta acquedottistica<\/p>\n<p><strong>RIVAMONTE<\/strong> Veneto Strade comunica che lungo la SP 3 della Valle Imperina, a Gona di Conedera \u00e8\u00a0 istituito un senso unico alternato regolato da semaforo fino al 29 agosto compresi sabato domenica e festivi. Senso unico necessario per consentire i lavori di consolidamento della strada.<\/p>\n<blockquote class=\"wp-embedded-content\" data-secret=\"3XGNRycrFA\"><p><a href=\"https:\/\/www.radiopiu.net\/wordpress\/viabilita\/\">viabilita<\/a><\/p><\/blockquote>\n<p><iframe loading=\"lazy\" class=\"wp-embedded-content\" sandbox=\"allow-scripts\" security=\"restricted\" style=\"position: absolute; clip: rect(1px, 1px, 1px, 1px);\" title=\"&#8220;viabilita&#8221; &#8212; Radio Pi\u00f9\" src=\"https:\/\/www.radiopiu.net\/wordpress\/viabilita\/embed\/#?secret=HiM1kJISya#?secret=3XGNRycrFA\" data-secret=\"3XGNRycrFA\" width=\"600\" height=\"338\" frameborder=\"0\" marginwidth=\"0\" marginheight=\"0\" scrolling=\"no\"><\/iframe><\/p>\n<p>&nbsp;<\/p>\n<hr \/>\n<p>&nbsp;<\/p>\n<p>&nbsp;<\/p>\n<p><img loading=\"lazy\" decoding=\"async\" class=\"wp-image-60761 size-full aligncenter\" src=\"https:\/\/www.radiopiu.net\/wordpress\/wp-content\/uploads\/2018\/09\/sport.jpg\" alt=\"\" width=\"800\" height=\"100\" srcset=\"https:\/\/www.radiopiu.net\/wordpress\/wp-content\/uploads\/2018\/09\/sport.jpg 800w, https:\/\/www.radiopiu.net\/wordpress\/wp-content\/uploads\/2018\/09\/sport-300x38.jpg 300w, https:\/\/www.radiopiu.net\/wordpress\/wp-content\/uploads\/2018\/09\/sport-768x96.jpg 768w\" sizes=\"auto, (max-width: 800px) 100vw, 800px\" \/><\/p>\n<\/div>\n<\/div>\n<\/div>\n<div class=\"page-title-head hgroup\">\n<div class=\"page-title-head hgroup\">\n<p>&nbsp;<\/p>\n<p><span style=\"color: #0000ff;\"><strong>PALLAVOLO<\/strong><\/span><\/p>\n<p><strong><a class=\"dt-pswp-item\" href=\"https:\/\/www.radiopiu.net\/wordpress\/wp-content\/uploads\/2022\/08\/Gruppo_squadra.jpg\" data-dt-img-description=\"\" data-large_image_width=\"1280\" data-large_image_height=\"798\"><img loading=\"lazy\" decoding=\"async\" class=\"alignleft wp-image-294154 \" src=\"https:\/\/www.radiopiu.net\/wordpress\/wp-content\/uploads\/2022\/08\/Gruppo_squadra-300x187.jpg\" alt=\"\" width=\"157\" height=\"98\" srcset=\"https:\/\/www.radiopiu.net\/wordpress\/wp-content\/uploads\/2022\/08\/Gruppo_squadra-300x187.jpg 300w, https:\/\/www.radiopiu.net\/wordpress\/wp-content\/uploads\/2022\/08\/Gruppo_squadra-1024x638.jpg 1024w, https:\/\/www.radiopiu.net\/wordpress\/wp-content\/uploads\/2022\/08\/Gruppo_squadra-768x479.jpg 768w, https:\/\/www.radiopiu.net\/wordpress\/wp-content\/uploads\/2022\/08\/Gruppo_squadra.jpg 1280w\" sizes=\"auto, (max-width: 157px) 100vw, 157px\" \/><\/a>BELLUNO<\/strong> Un progetto che profuma di futuro e di ambizione: \u00e8 stato presentato in occasione del raduno, \u00e8 targato DRL Volley e mira a portare Belluno nell\u2019empireo della pallavolo italiana. Il principale artefice non pu\u00f2 che essere il presidente Sandro Da Rold: \u00ab<em>La stagione scorsa \u00e8 stata molto importante. Non solo per il ritorno in A dopo 32 anni, ma perch\u00e9 ha segnato l&#8217;ingresso in un mondo semi-professionistico a noi quasi sconosciuto. La Lega Volley altro non \u00e8 che un consorzio di 54 societ\u00e0 che devono rispettare determinate regole finalizzate a garantire un grande spettacolo. Un ambiente completamente diverso dalle serie minori in cui abbiamo militato per tanti anni<\/em>\u00bb.<span class=\"gmail-Apple-converted-space\"> Sandro Da Rold non ha dubbi: \u00abPer il peso economico delle aziende del territorio e per la passione dei propri tifosi, ritengo che la provincia di Belluno possa aspirare a un posto di rilievo. Abbiamo la convinzione che, lavorando con impegno e seriet\u00e0 e con il sostegno della citt\u00e0,\u00a0potremmo arrivare al vertice del volley nazionale entro cinque anni\u00bb.\u00a0<\/span><\/p>\n<\/div>\n<\/div>\n<\/div>\n<\/div>\n<\/div>\n<\/div>\n<\/div>\n<\/div>\n<\/div>\n<\/div>\n<\/div>\n<\/div>\n<\/div>\n<\/div>\n<\/div>\n<\/div>\n<\/div>\n<\/div>\n<\/div>\n<\/div>\n<\/div>\n<\/div>\n<\/div>\n<\/div>\n<\/div>\n<\/div>\n<\/div>\n<\/div>\n<\/div>\n<\/div>\n<\/div>\n<\/div>\n<\/div>\n<\/div>\n<\/div>\n<\/div>\n<\/div>\n<\/div>\n<\/div>\n<\/div>\n<\/div>\n<\/div>\n<\/div>\n<\/div>\n<\/div>\n<\/div>\n<\/div>\n<\/div>\n<\/div>\n<\/div>\n<\/div>\n<\/div>\n<\/div>\n<\/div>\n<\/div>\n<\/div>\n<\/div>\n<\/div>\n<\/div>\n<\/div>\n<\/div>\n<\/div>\n<\/div>\n<\/div>\n<\/div>\n<\/div>\n<\/div>\n<\/div>\n<\/div>\n<\/div>\n<\/div>\n<\/div>\n<\/div>\n<\/div>\n<\/div>\n<\/div>\n<\/div>\n<\/div>\n<\/div>\n<\/div>\n<\/div>\n<\/div>\n<\/div>\n<\/div>\n<\/div>\n<\/div>\n<\/div>\n<\/div>\n<\/div>\n<\/div>\n<\/div>\n<\/div>\n<\/div>\n<\/div>\n<\/div>\n<\/div>\n<\/div>\n<\/div>\n<\/div>\n<\/div>\n<\/div>\n<\/div>\n<\/div>\n","protected":false},"excerpt":{"rendered":"<p>RADIO PIU INFORMAZIONE il canale su TELEGRAM informazione di prima\u00a0 mano e in tempo reale. iscriviti ed aiutaci a farlo conoscere\u00a0 \u00a0 IN CAMMINO VERSO LA BEATIFICAZIONE DI PAPA LUCIANI, GIOVANNI PAOLO I &nbsp; PRIMA TAPPA, LE MESSE DEL 26 AGOSTO E 28 AGOSTO &nbsp; &nbsp; &nbsp; CARO MARCO\u2026QUANTO MANCHERAI A QUESTA RADIO. GRAZIE PER&hellip;<\/p>\n","protected":false},"author":4,"featured_media":294175,"comment_status":"closed","ping_status":"closed","sticky":false,"template":"","format":"standard","meta":{"_monsterinsights_skip_tracking":false,"_monsterinsights_sitenote_active":false,"_monsterinsights_sitenote_note":"","_monsterinsights_sitenote_category":0,"footnotes":""},"categories":[51,86,49],"tags":[],"class_list":["post-293947","post","type-post","status-publish","format-standard","has-post-thumbnail","hentry","category-evidenza-top","category-gr","category-news-18","category-51","category-86","category-49","description-off"],"img_url":"https:\/\/www.radiopiu.net\/wordpress\/wp-content\/uploads\/2022\/08\/Immagine.webp","_links":{"self":[{"href":"https:\/\/www.radiopiu.net\/wordpress\/wp-json\/wp\/v2\/posts\/293947","targetHints":{"allow":["GET"]}}],"collection":[{"href":"https:\/\/www.radiopiu.net\/wordpress\/wp-json\/wp\/v2\/posts"}],"about":[{"href":"https:\/\/www.radiopiu.net\/wordpress\/wp-json\/wp\/v2\/types\/post"}],"author":[{"embeddable":true,"href":"https:\/\/www.radiopiu.net\/wordpress\/wp-json\/wp\/v2\/users\/4"}],"replies":[{"embeddable":true,"href":"https:\/\/www.radiopiu.net\/wordpress\/wp-json\/wp\/v2\/comments?post=293947"}],"version-history":[{"count":0,"href":"https:\/\/www.radiopiu.net\/wordpress\/wp-json\/wp\/v2\/posts\/293947\/revisions"}],"wp:featuredmedia":[{"embeddable":true,"href":"https:\/\/www.radiopiu.net\/wordpress\/wp-json\/wp\/v2\/media\/294175"}],"wp:attachment":[{"href":"https:\/\/www.radiopiu.net\/wordpress\/wp-json\/wp\/v2\/media?parent=293947"}],"wp:term":[{"taxonomy":"category","embeddable":true,"href":"https:\/\/www.radiopiu.net\/wordpress\/wp-json\/wp\/v2\/categories?post=293947"},{"taxonomy":"post_tag","embeddable":true,"href":"https:\/\/www.radiopiu.net\/wordpress\/wp-json\/wp\/v2\/tags?post=293947"}],"curies":[{"name":"wp","href":"https:\/\/api.w.org\/{rel}","templated":true}]}}