{"id":294001,"date":"2022-08-22T13:41:33","date_gmt":"2022-08-22T11:41:33","guid":{"rendered":"https:\/\/www.radiopiu.net\/wordpress\/?p=294001"},"modified":"2022-08-22T13:41:57","modified_gmt":"2022-08-22T11:41:57","slug":"dillo-a-radio-piu-dubbi-leciti-e-osservazioni-correzioni-comprese","status":"publish","type":"post","link":"https:\/\/www.radiopiu.net\/wordpress\/dillo-a-radio-piu-dubbi-leciti-e-osservazioni-correzioni-comprese\/","title":{"rendered":"DILLO A RADIO PIU &#8230; DUBBI LECITI E OSSERVAZIONI, CORREZIONI COMPRESE"},"content":{"rendered":"<p><strong>REDAZIONE<\/strong> Succede che nel periodo pi\u00f9 &#8220;caldo&#8221; per il Soccorso Alpino, ma non solo perch\u00e9 l&#8217;elicottero interviene anche in caso di incidenti come quello di questa mattina in autostrada, succede che in questi &#8220;caldi&#8221; giorni l&#8217;elicottero Falco non ci sia. E&#8217; stato detto per \u00a0un guasto tecnico e non c&#8217;\u00e8 nessun servizio sostitutivo, come previsto da capitolato dell&#8217;appalto affidato nel giugno 2021 alla ditta Babcock Mission Critical Services. Vale quindi la pena riprendere un nostro articolo di qualche settimana fa.<\/p>\n<p><strong>VENEZIA\u00a0<\/strong>Salgono a due per questa estate gli elicotteri del Suem 118 per il servizio di emergenza-urgenza nell\u2019area montana delle Dolomiti bellunesi e dell\u2019Ulss 1 Dolomiti. Oltre a \u201cFalco\u201d, basato a Pieve di Cadore, per i mesi di luglio e agosto un secondo velivolo, basato a Cortina d\u2019Ampezzo, sar\u00e0 a disposizione per intervenire in un periodo di grande afflusso turistico sulla montagna veneta. La novit\u00e0 \u00e8 stata resa possibile dalle sinergie tra ULSS 1 Dolomiti, Dolomiti Emergency, Soccorso Alpino e CREU regionale, a luglio e agosto, in via sperimentale. Il velivolo sar\u00e0 dotato di equipaggio sanitario, messo a disposizione da Dolomiti Emergency. La II delegazione Dolomiti Bellunesi del Soccorso Alpino garantir\u00e0 la presenza di un tecnico di elisoccorso. Il servizio per ora in regime di sperimentazione sar\u00e0 attivo tutti i giorni per 12 ore. \u201c<em>E\u2019 una novit\u00e0 \u2013 dice il Presidente del Veneto \u2013 L\u2019elicottero sar\u00e0 attivato smpre dalla Centrale Operativa del SUEM 118, sulla base delle necessit\u00e0 e potr\u00e0 essere un valido supporto agli interventi in particolare nell\u2019alta provincia. Un lavoro ben fatto \u2013 conclude il Governatore \u2013 per il quale ringrazio la direttrice dell\u2019Ulss Dolomiti Maria Grazia Carraro, Dolomiti Emergency anche per l\u2019apporto economico, il Centro Regionale Emergenza Urgenza e l\u2019insostituibile Soccorso Alpino<\/em>\u201d.<\/p>\n<p><span style=\"color: #ff0000;\"><strong><a class=\"dt-pswp-item\" href=\"https:\/\/www.radiopiu.net\/wordpress\/wp-content\/uploads\/2022\/08\/cc368368-e0d0-453c-a66b-2113724ef0c3.jpg\" data-dt-img-description=\"\" data-large_image_width=\"1144\" data-large_image_height=\"803\"><img loading=\"lazy\" decoding=\"async\" class=\"wp-image-294020 size-medium alignleft\" src=\"https:\/\/www.radiopiu.net\/wordpress\/wp-content\/uploads\/2022\/08\/cc368368-e0d0-453c-a66b-2113724ef0c3-300x211.jpg\" alt=\"\" width=\"300\" height=\"211\" srcset=\"https:\/\/www.radiopiu.net\/wordpress\/wp-content\/uploads\/2022\/08\/cc368368-e0d0-453c-a66b-2113724ef0c3-300x211.jpg 300w, https:\/\/www.radiopiu.net\/wordpress\/wp-content\/uploads\/2022\/08\/cc368368-e0d0-453c-a66b-2113724ef0c3-1024x719.jpg 1024w, https:\/\/www.radiopiu.net\/wordpress\/wp-content\/uploads\/2022\/08\/cc368368-e0d0-453c-a66b-2113724ef0c3-768x539.jpg 768w, https:\/\/www.radiopiu.net\/wordpress\/wp-content\/uploads\/2022\/08\/cc368368-e0d0-453c-a66b-2113724ef0c3.jpg 1144w\" sizes=\"auto, (max-width: 300px) 100vw, 300px\" \/><\/a>SPECIFICHIAMO PERO&#8217;:<\/strong><\/span> Falco \u00e8 fuori servizio da venerdi della settimana scorsa, ma ha regolarmente volato fino al giorno del guasto. Per fortuna l&#8217;elicottero di Dolomiti Emergency ha coperto anche l&#8217;assenza di Falco. Quello che dice Paolo non \u00e8 quindi corretto. Sar\u00e0 un altro modello o un Falco utilizzato in epoca recente a Belluno.<\/p>\n<p><span style=\"color: #ff0000;\"><strong>LA PAROLA ALL&#8217;APPASSIONATO<\/strong><\/span> (Lorenzo De Barba) Il nostro falco attuale \u00e8 l\u2019elicottero targato I-AHTD. Mentre l\u2019elicottero targato I-SUEM \u00e8 l\u2019elicottero che era in servizio a Belluno dal 2015 fino all\u2019estate scorsa. L\u2019elicottero I-AHTD \u00e8 stato mandato in manutenzione annuale dal 25 luglio 2022 fino al 9 agosto 2022. In quel periodo \u00e8 rientrato a Belluno I-SUEM come sostituto. Si nota infatti che l\u201911 Agosto I-SUEM ha lasciato il bellunese per dirigersi a Parma probabilmente per sostituire un altro elicottero mandato in manutenzione. Confermo che dalle schede di volo di Falco (I-AHTD) si nota che l\u2019ultimo volo effettuato, con atterraggio alla base HEMS di Pieve di Cadore, \u00e9 avvenuto nella sera di venerd\u00ec 18 agosto 2022. Rimane comunque strano che non sia ancora stato sostituito, ma probabilmente anche l\u2019azienda Babcock si trova in difficolt\u00e0, in quanto questo \u00e8 un periodo in cui fanno molta manutenzione ai mezzi. Tutto ci\u00f2 lo so solo perch\u00e9 tengo d\u2019occhio gli elicotteri tutti i giorni e da ci\u00f2 che leggo nel gruppo \u201cElicotteri\u201d su Facebook<\/p>\n<p>&nbsp;<\/p>\n<hr \/>\n<blockquote><p>&nbsp;<\/p>\n<p><strong>Fatta la storia, veniamo alla segnalazione e alla riflessione\u00a0 di Paolo<\/strong><\/p><\/blockquote>\n<p><em>&#8220;In questi giorni, proprio nel periodo di ferragosto, ho notato l\u2019assenza de ns \u201cFalco\u201d ed ho controllato on line ed ho appurato quanto segue: invece il ns \u201cFalco\u201d \u00e8 operativo da oltre 10 giorni a Parma\u2026 Ha fatto il volo Belluno \u2013 Verona il 10 agosto. E poi Verona \u2013 Parma il giorno successivo,\u00a0 ovvero \u00e8 assente dal 10 agosto in provincia di Belluno. In questi giorni \u00e8 stato costretto ad operare in Provincia l\u2019elicottero Leone di Treviso Emergenza (anche questa mattina in autostrada) forse proprio a causa di questo anomalo spostamento di \u201cFalco\u201d. Visti i proclami e la pubblicit\u00e0 fatta su questo argomento ritengo utile approfondire il fatto che il secondo elicottero \u00e8 stato sospeso proprio nel periodo pi\u00f9 importante. Chiaramente questa azioni possono essere regolari e motivate, ci\u00f2 nonostante sono anomale. Allego alcune foto a testimonianza di quanto argomentato&#8221;.<\/em><\/p>\n\n\t\t\t<style type='text\/css'>\n\t\t\t\t#gallery-1 {\n\t\t\t\t\tmargin: auto;\n\t\t\t\t}\n\t\t\t\t#gallery-1 .gallery-item {\n\t\t\t\t\tfloat: left;\n\t\t\t\t\tmargin-top: 10px;\n\t\t\t\t\ttext-align: center;\n\t\t\t\t\twidth: 33%;\n\t\t\t\t}\n\t\t\t\t#gallery-1 img {\n\t\t\t\t\tborder: 2px solid #cfcfcf;\n\t\t\t\t}\n\t\t\t\t#gallery-1 .gallery-caption {\n\t\t\t\t\tmargin-left: 0;\n\t\t\t\t}\n\t\t\t\t\/* see gallery_shortcode() in wp-includes\/media.php *\/\n\t\t\t<\/style>\n\t\t<div id='gallery-1' class='dt-gallery-container gallery galleryid-294001 gallery-columns-3 gallery-size-thumbnail'><dl class='gallery-item'>\n\t\t\t\t<dt class='gallery-icon landscape'>\n\t\t\t\t\t<a class=\"rollover rollover-zoom dt-pswp-item\" title=\"19125_1657559402\" data-dt-img-description=\"\" data-large_image_width=\"1280\" data-large_image_height=\"866\"href='https:\/\/www.radiopiu.net\/wordpress\/wp-content\/uploads\/2022\/08\/19125_1657559402.jpg'><img loading=\"lazy\" decoding=\"async\" width=\"150\" height=\"150\" src=\"https:\/\/www.radiopiu.net\/wordpress\/wp-content\/uploads\/2022\/08\/19125_1657559402-150x150.jpg\" class=\"attachment-thumbnail size-thumbnail\" alt=\"\" \/><\/a>\n\t\t\t\t<\/dt><\/dl><dl class='gallery-item'>\n\t\t\t\t<dt class='gallery-icon portrait'>\n\t\t\t\t\t<a class=\"rollover rollover-zoom dt-pswp-item\" title=\"Suem\" data-dt-img-description=\"\" data-large_image_width=\"770\" data-large_image_height=\"866\"href='https:\/\/www.radiopiu.net\/wordpress\/wp-content\/uploads\/2022\/08\/Suem.jpg'><img loading=\"lazy\" decoding=\"async\" width=\"150\" height=\"150\" src=\"https:\/\/www.radiopiu.net\/wordpress\/wp-content\/uploads\/2022\/08\/Suem-150x150.jpg\" class=\"attachment-thumbnail size-thumbnail\" alt=\"\" \/><\/a>\n\t\t\t\t<\/dt><\/dl><dl class='gallery-item'>\n\t\t\t\t<dt class='gallery-icon landscape'>\n\t\t\t\t\t<a class=\"rollover rollover-zoom dt-pswp-item\" title=\"Leone\" data-dt-img-description=\"\" data-large_image_width=\"945\" data-large_image_height=\"710\"href='https:\/\/www.radiopiu.net\/wordpress\/wp-content\/uploads\/2022\/08\/Leone.png'><img loading=\"lazy\" decoding=\"async\" width=\"150\" height=\"150\" src=\"https:\/\/www.radiopiu.net\/wordpress\/wp-content\/uploads\/2022\/08\/Leone-150x150.png\" class=\"attachment-thumbnail size-thumbnail\" alt=\"\" \/><\/a>\n\t\t\t\t<\/dt><\/dl><br style=\"clear: both\" \/><dl class='gallery-item'>\n\t\t\t\t<dt class='gallery-icon portrait'>\n\t\t\t\t\t<a class=\"rollover rollover-zoom dt-pswp-item\" title=\"2022-08-22_101247\" data-dt-img-description=\"\" data-large_image_width=\"768\" data-large_image_height=\"818\"href='https:\/\/www.radiopiu.net\/wordpress\/wp-content\/uploads\/2022\/08\/2022-08-22_101247.jpg'><img loading=\"lazy\" decoding=\"async\" width=\"150\" height=\"150\" src=\"https:\/\/www.radiopiu.net\/wordpress\/wp-content\/uploads\/2022\/08\/2022-08-22_101247-150x150.jpg\" class=\"attachment-thumbnail size-thumbnail\" alt=\"\" \/><\/a>\n\t\t\t\t<\/dt><\/dl><dl class='gallery-item'>\n\t\t\t\t<dt class='gallery-icon portrait'>\n\t\t\t\t\t<a class=\"rollover rollover-zoom dt-pswp-item\" title=\"2022-08-15_184203\" data-dt-img-description=\"\" data-large_image_width=\"771\" data-large_image_height=\"876\"href='https:\/\/www.radiopiu.net\/wordpress\/wp-content\/uploads\/2022\/08\/2022-08-15_184203.png'><img loading=\"lazy\" decoding=\"async\" width=\"150\" height=\"150\" src=\"https:\/\/www.radiopiu.net\/wordpress\/wp-content\/uploads\/2022\/08\/2022-08-15_184203-150x150.png\" class=\"attachment-thumbnail size-thumbnail\" alt=\"\" \/><\/a>\n\t\t\t\t<\/dt><\/dl><dl class='gallery-item'>\n\t\t\t\t<dt class='gallery-icon landscape'>\n\t\t\t\t\t<a class=\"rollover rollover-zoom dt-pswp-item\" title=\"1574340835\" data-dt-img-description=\"\" data-large_image_width=\"1280\" data-large_image_height=\"870\"href='https:\/\/www.radiopiu.net\/wordpress\/wp-content\/uploads\/2022\/08\/1574340835.jpg'><img loading=\"lazy\" decoding=\"async\" width=\"150\" height=\"150\" src=\"https:\/\/www.radiopiu.net\/wordpress\/wp-content\/uploads\/2022\/08\/1574340835-150x150.jpg\" class=\"attachment-thumbnail size-thumbnail\" alt=\"\" \/><\/a>\n\t\t\t\t<\/dt><\/dl><br style=\"clear: both\" \/>\n\t\t\t<\/div>\n\n<p>&nbsp;<\/p>\n<p>&nbsp;<\/p>\n<hr \/>\n<p>&nbsp;<\/p>\n<p>&nbsp;<\/p>\n<p>&nbsp;<\/p>\n","protected":false},"excerpt":{"rendered":"<p>REDAZIONE Succede che nel periodo pi\u00f9 &#8220;caldo&#8221; per il Soccorso Alpino, ma non solo perch\u00e9 l&#8217;elicottero interviene anche in caso di incidenti come quello di questa mattina in autostrada, succede che in questi &#8220;caldi&#8221; giorni l&#8217;elicottero Falco non ci sia. E&#8217; stato detto per \u00a0un guasto tecnico e non c&#8217;\u00e8 nessun servizio sostitutivo, come previsto&hellip;<\/p>\n","protected":false},"author":4,"featured_media":294008,"comment_status":"closed","ping_status":"closed","sticky":false,"template":"","format":"standard","meta":{"_monsterinsights_skip_tracking":false,"_monsterinsights_sitenote_active":false,"_monsterinsights_sitenote_note":"","_monsterinsights_sitenote_category":0,"footnotes":""},"categories":[51,49],"tags":[],"class_list":["post-294001","post","type-post","status-publish","format-standard","has-post-thumbnail","hentry","category-evidenza-top","category-news-18","category-51","category-49","description-off"],"img_url":"https:\/\/www.radiopiu.net\/wordpress\/wp-content\/uploads\/2022\/08\/1574340835.jpg","_links":{"self":[{"href":"https:\/\/www.radiopiu.net\/wordpress\/wp-json\/wp\/v2\/posts\/294001","targetHints":{"allow":["GET"]}}],"collection":[{"href":"https:\/\/www.radiopiu.net\/wordpress\/wp-json\/wp\/v2\/posts"}],"about":[{"href":"https:\/\/www.radiopiu.net\/wordpress\/wp-json\/wp\/v2\/types\/post"}],"author":[{"embeddable":true,"href":"https:\/\/www.radiopiu.net\/wordpress\/wp-json\/wp\/v2\/users\/4"}],"replies":[{"embeddable":true,"href":"https:\/\/www.radiopiu.net\/wordpress\/wp-json\/wp\/v2\/comments?post=294001"}],"version-history":[{"count":0,"href":"https:\/\/www.radiopiu.net\/wordpress\/wp-json\/wp\/v2\/posts\/294001\/revisions"}],"wp:featuredmedia":[{"embeddable":true,"href":"https:\/\/www.radiopiu.net\/wordpress\/wp-json\/wp\/v2\/media\/294008"}],"wp:attachment":[{"href":"https:\/\/www.radiopiu.net\/wordpress\/wp-json\/wp\/v2\/media?parent=294001"}],"wp:term":[{"taxonomy":"category","embeddable":true,"href":"https:\/\/www.radiopiu.net\/wordpress\/wp-json\/wp\/v2\/categories?post=294001"},{"taxonomy":"post_tag","embeddable":true,"href":"https:\/\/www.radiopiu.net\/wordpress\/wp-json\/wp\/v2\/tags?post=294001"}],"curies":[{"name":"wp","href":"https:\/\/api.w.org\/{rel}","templated":true}]}}