{"id":294023,"date":"2022-08-22T15:19:57","date_gmt":"2022-08-22T13:19:57","guid":{"rendered":"https:\/\/www.radiopiu.net\/wordpress\/?p=294023"},"modified":"2022-08-23T05:27:03","modified_gmt":"2022-08-23T03:27:03","slug":"caro-marco-quanto-mancherai","status":"publish","type":"post","link":"https:\/\/www.radiopiu.net\/wordpress\/caro-marco-quanto-mancherai\/","title":{"rendered":"CARO MARCO&#8230;QUANTO MANCHERAI A QUESTA RADIO. GRAZIE PER LA TUA AMICIZIA."},"content":{"rendered":"<p><strong><a class=\"dt-pswp-item\" href=\"https:\/\/www.radiopiu.net\/wordpress\/wp-content\/uploads\/2022\/08\/61321255_10213965463115864_450708920239915008_n-3.jpg\" data-dt-img-description=\"\" data-large_image_width=\"960\" data-large_image_height=\"960\"><img loading=\"lazy\" decoding=\"async\" class=\"size-thumbnail wp-image-294032 alignleft\" src=\"https:\/\/www.radiopiu.net\/wordpress\/wp-content\/uploads\/2022\/08\/61321255_10213965463115864_450708920239915008_n-3-150x150.jpg\" alt=\"\" width=\"150\" height=\"150\" srcset=\"https:\/\/www.radiopiu.net\/wordpress\/wp-content\/uploads\/2022\/08\/61321255_10213965463115864_450708920239915008_n-3-150x150.jpg 150w, https:\/\/www.radiopiu.net\/wordpress\/wp-content\/uploads\/2022\/08\/61321255_10213965463115864_450708920239915008_n-3-300x300.jpg 300w, https:\/\/www.radiopiu.net\/wordpress\/wp-content\/uploads\/2022\/08\/61321255_10213965463115864_450708920239915008_n-3-768x768.jpg 768w, https:\/\/www.radiopiu.net\/wordpress\/wp-content\/uploads\/2022\/08\/61321255_10213965463115864_450708920239915008_n-3.jpg 960w\" sizes=\"auto, (max-width: 150px) 100vw, 150px\" \/><\/a>ROCCA PIETORE<\/strong> Faccio fatica, di nuovo, a trovare le parole per salutare un amico. Un mio amico e un grande ascoltatore della Radio Pi\u00f9, da sempre. La notizia \u00e8 arrivata poco fa in redazione, l&#8217;avevo scorta leggendo le ultime notizie sul Resto del Carlino, ma mai avrei potuto immaginare che quell&#8217;uomo di 41 anni compiuti lo scorso 12 agosto, soffocato da un boccone di carne al ristorante fosse, il mio amico Marco. Proprio lui, Marco De Vallier, era il mio ascoltatore preferito dello streaming, quello che\u00a0 da Bologna sapeva riconoscere i problemi tecnici a distanza, che non mancava di criticarmi quando necessario e che spesso si faceva sentire raccontandomi della sua vita a Bologna. Ieri era l&#8217;ultimo giorno di lavoro, la cena con gli amici era il modo per salutarli prima di tornare a casa, per <a class=\"dt-pswp-item\" href=\"https:\/\/www.radiopiu.net\/wordpress\/wp-content\/uploads\/2022\/08\/10399338_1092298392864_2245720_n-2.jpg\" data-dt-img-description=\"\" data-large_image_width=\"604\" data-large_image_height=\"453\"><img loading=\"lazy\" decoding=\"async\" class=\"size-thumbnail wp-image-294033 alignright\" src=\"https:\/\/www.radiopiu.net\/wordpress\/wp-content\/uploads\/2022\/08\/10399338_1092298392864_2245720_n-2-150x150.jpg\" alt=\"\" width=\"150\" height=\"150\" \/><\/a>abbracciare mamma Claudia.<br \/>\nCara Claudia, non riesco ad esprimerti a parole la tristezza gi\u00e0 provata in quel maledetto giorno di gennaio dello scorso anno quando abbiamo perso Massimo.<\/p>\n<blockquote><p><em>Un boccone di carne troppo grande, oppure mangiato troppo in fretta. Tanto \u00e8 bastato ieri sera a Marco, ipovedente, per morire soffocato.<\/em><\/p><\/blockquote>\n<p>La tragedia ieri sera in zona Arcoveggio \u00a0nel quartiere Navir, alle 22, mentre\u00a0 Marco si trovava a cena con alcuni amici in un ristorante. A quanto si apprende, sarebbe rimasto soffocato da un boccone della grigliata di carne che stava gustando. Quando gli amici che erano a tavola con lui si sono accorti che le difficolt\u00e0 respiratorie erano molto serie, hanno cercato di aiutarlo e intanto hanno allertato i soccorsi. Il personale del 118 \u00e8 arrivato nel ristorante in pochi minuti e ha cercato di mettere in pratica tutte le manovre rianimatore, ma purtroppo non sono riusciti a fare ripartire il battito cardiaco. Nella trattoria sono arrivati anche i poliziotti delle Volanti.Secondo una prima ricostruzione della polizia il 41enne, proprio per i suoi problemi alla vista, aveva chiesto che la carne gli fosse servita gi\u00e0 tagliata. Nonostante ci\u00f2 un boccone gli \u00e8 forse andato di traverso provocandone il soffocamento. Una morte assurda, una tragedia sulla quale ora sta indagando la Procura. Il magistrato di turno, proprio per la singolarit\u00e0 dell\u2019episodio, ha infatti deciso di aprire un fascicolo e ordinato l\u2019esame autoptico.<\/p>\n<p>Marco abitava non lontano dal luogo della tragedia, valido <span class=\"gvxzyvdx aeinzg81 t7p7dqev gh25dzvf exr7barw b6ax4al1 gem102v4 ncib64c9 mrvwc6qr sx8pxkcf f597kf1v cpcgwwas m2nijcs8 hxfwr5lz k1z55t6l oog5qr5w tes86rjd pbevjfx6\" dir=\"auto\"><a class=\"qi72231t nu7423ey n3hqoq4p r86q59rh b3qcqh3k fq87ekyn bdao358l fsf7x5fv rse6dlih s5oniofx m8h3af8h l7ghb35v kjdc1dyq kmwttqpk srn514ro oxkhqvkx rl78xhln nch0832m cr00lzj9 rn8ck1ys s3jn8y49 icdlwmnq cxfqmxzd pbevjfx6 innypi6y\" tabindex=\"0\" role=\"link\" href=\"https:\/\/www.facebook.com\/impiegato-2021399291459082\/\"><span class=\"rse6dlih\">impiegato<\/span><\/a> presso Agenzia Delle Entrate e gi\u00e0\u00a0 <a class=\"qi72231t nu7423ey n3hqoq4p r86q59rh b3qcqh3k fq87ekyn bdao358l fsf7x5fv rse6dlih s5oniofx m8h3af8h l7ghb35v kjdc1dyq kmwttqpk srn514ro oxkhqvkx rl78xhln nch0832m cr00lzj9 rn8ck1ys s3jn8y49 icdlwmnq cxfqmxzd pbevjfx6 innypi6y\" tabindex=\"0\" role=\"link\" href=\"https:\/\/www.facebook.com\/Collaboratore-143587832336100\/\"><span class=\"rse6dlih\">collaboratore<\/span><\/a> presso l&#8217;Agenzia Immobiliare Marmolada, nell&#8217;Agordino e nel bolognese dove da tempo viveva<\/span> era molto noto, impossibile non voler bene a Marco impegnato anche nel sociale. L&#8217;unica consolazione che sa di speranza che Marco abbia raggiunto il pap\u00e0 Massimo De Vallier scomparso a soli 64 anni. Forza\u00a0 Claudia,\u00a0 mamma,\u00a0 zii, cugini e\u00a0 i tanti parenti.\u00a0 Da queste mura, tanto care a Marco il mio, il\u00a0 nostro abbraccio.<\/p>\n<p>Mirko<\/p>\n<p>&nbsp;<\/p>\n<blockquote><p><em>era responsabile nell&#8217;associazione Disabili Visivi per l&#8217;Emilia Romagna e la provincia di Belluno. Qualche anno fa aveva contribuito a promuovere il raduno degli sciatori ciechi appartenenti al Gruppo sportivo dell&#8217;associazione nazionale Disabili Visivi ad Alleghe, manifestazione cui hanno partecipato sciatori provenienti da quasi tutte le regioni italiane e che ha permesso a persone cieche e ipovedenti di trascorrere una settimana sulle piste cimentandosi con lo sci.<\/em><\/p><\/blockquote>\n<p>&nbsp;<\/p>\n<p><strong>IL SINDACO ANDREA DE BERNARDIN\u00a0<\/strong><\/p>\n<audio class=\"wp-audio-shortcode\" id=\"audio-294023-1\" preload=\"none\" style=\"width: 100%;\" controls=\"controls\"><source type=\"audio\/mpeg\" src=\"https:\/\/www.radiopiu.net\/wordpress\/wp-content\/uploads\/2022\/08\/ANDREA.mp3?_=1\" \/><a href=\"https:\/\/www.radiopiu.net\/wordpress\/wp-content\/uploads\/2022\/08\/ANDREA.mp3\">https:\/\/www.radiopiu.net\/wordpress\/wp-content\/uploads\/2022\/08\/ANDREA.mp3<\/a><\/audio>\n<p>&nbsp;<\/p>\n<p>&nbsp;<\/p>\n<p>&nbsp;<\/p>\n<p>____<\/p>\n","protected":false},"excerpt":{"rendered":"<p>ROCCA PIETORE Faccio fatica, di nuovo, a trovare le parole per salutare un amico. Un mio amico e un grande ascoltatore della Radio Pi\u00f9, da sempre. La notizia \u00e8 arrivata poco fa in redazione, l&#8217;avevo scorta leggendo le ultime notizie sul Resto del Carlino, ma mai avrei potuto immaginare che quell&#8217;uomo di 41 anni compiuti&hellip;<\/p>\n","protected":false},"author":4,"featured_media":294039,"comment_status":"closed","ping_status":"closed","sticky":false,"template":"","format":"standard","meta":{"_monsterinsights_skip_tracking":false,"_monsterinsights_sitenote_active":false,"_monsterinsights_sitenote_note":"","_monsterinsights_sitenote_category":0,"footnotes":""},"categories":[51,49],"tags":[],"class_list":["post-294023","post","type-post","status-publish","format-standard","has-post-thumbnail","hentry","category-evidenza-top","category-news-18","category-51","category-49","description-off"],"img_url":"https:\/\/www.radiopiu.net\/wordpress\/wp-content\/uploads\/2022\/08\/10399338_1092298392864_2245720_n-3.jpg","_links":{"self":[{"href":"https:\/\/www.radiopiu.net\/wordpress\/wp-json\/wp\/v2\/posts\/294023","targetHints":{"allow":["GET"]}}],"collection":[{"href":"https:\/\/www.radiopiu.net\/wordpress\/wp-json\/wp\/v2\/posts"}],"about":[{"href":"https:\/\/www.radiopiu.net\/wordpress\/wp-json\/wp\/v2\/types\/post"}],"author":[{"embeddable":true,"href":"https:\/\/www.radiopiu.net\/wordpress\/wp-json\/wp\/v2\/users\/4"}],"replies":[{"embeddable":true,"href":"https:\/\/www.radiopiu.net\/wordpress\/wp-json\/wp\/v2\/comments?post=294023"}],"version-history":[{"count":0,"href":"https:\/\/www.radiopiu.net\/wordpress\/wp-json\/wp\/v2\/posts\/294023\/revisions"}],"wp:featuredmedia":[{"embeddable":true,"href":"https:\/\/www.radiopiu.net\/wordpress\/wp-json\/wp\/v2\/media\/294039"}],"wp:attachment":[{"href":"https:\/\/www.radiopiu.net\/wordpress\/wp-json\/wp\/v2\/media?parent=294023"}],"wp:term":[{"taxonomy":"category","embeddable":true,"href":"https:\/\/www.radiopiu.net\/wordpress\/wp-json\/wp\/v2\/categories?post=294023"},{"taxonomy":"post_tag","embeddable":true,"href":"https:\/\/www.radiopiu.net\/wordpress\/wp-json\/wp\/v2\/tags?post=294023"}],"curies":[{"name":"wp","href":"https:\/\/api.w.org\/{rel}","templated":true}]}}