{"id":294127,"date":"2022-08-22T15:15:04","date_gmt":"2022-08-22T13:15:04","guid":{"rendered":"https:\/\/www.radiopiu.net\/wordpress\/?p=294127"},"modified":"2022-08-23T06:19:13","modified_gmt":"2022-08-23T04:19:13","slug":"nuova-area-per-i-mezzi-pubblici-in-valcozzena","status":"publish","type":"post","link":"https:\/\/www.radiopiu.net\/wordpress\/nuova-area-per-i-mezzi-pubblici-in-valcozzena\/","title":{"rendered":"NUOVA AREA PER I MEZZI PUBBLICI IN VALCOZZENA"},"content":{"rendered":"<h3><a class=\"dt-pswp-item\" href=\"https:\/\/www.radiopiu.net\/wordpress\/wp-content\/uploads\/2022\/08\/710957f6-d38b-4b4f-90fb-4bf1509c0b68.jpg\" data-dt-img-description=\"\" data-large_image_width=\"720\" data-large_image_height=\"1155\"><img loading=\"lazy\" decoding=\"async\" class=\"wp-image-294182  alignleft\" src=\"https:\/\/www.radiopiu.net\/wordpress\/wp-content\/uploads\/2022\/08\/710957f6-d38b-4b4f-90fb-4bf1509c0b68-187x300.jpg\" alt=\"\" width=\"149\" height=\"239\" srcset=\"https:\/\/www.radiopiu.net\/wordpress\/wp-content\/uploads\/2022\/08\/710957f6-d38b-4b4f-90fb-4bf1509c0b68-187x300.jpg 187w, https:\/\/www.radiopiu.net\/wordpress\/wp-content\/uploads\/2022\/08\/710957f6-d38b-4b4f-90fb-4bf1509c0b68-638x1024.jpg 638w, https:\/\/www.radiopiu.net\/wordpress\/wp-content\/uploads\/2022\/08\/710957f6-d38b-4b4f-90fb-4bf1509c0b68.jpg 720w\" sizes=\"auto, (max-width: 149px) 100vw, 149px\" \/><\/a><\/h3>\n<p><strong>AGORDO<\/strong> Le maestranze dello stabilimento Luxottica di Agordo sono tornate operative dopo tre settimane di ferie. Giornate di trambusto invece in localit\u00e0 Valcozzena dove si sta lavorando per completare la nuova viabilit\u00e0 della zona industriale. \u00c8 entrato in azione il nuovo parcheggio per i mezzi pubblici e gli operai non dovranno pi\u00f9 attraversare la strada per raggiungere lo stabilimento evitando cos\u00ec incidenti o congestione del traffico in entrata e in uscita dai turni.<em> &#8220;Il parcheggio delle corriere \u00e8 operativo anche se mancano alcune opere di contorno &#8211; dice Emilio Bez della UILTEC &#8211; invece per i parcheggi auto i lavori sono ancora in corso e probabilmente ci vorr\u00e0 ancora del tempo per finirli. La navetta per il turno pomeriggio rimane operativa ed \u00e8 pi\u00f9 che mai necessaria visto che il cantiere occupa ancora una discreta parte dei futuri parcheggi. Comunque lo spostamento dell&#8217;area autobus evita l&#8217;attraversamento della strada da parte dei passeggeri, quindi \u00e8 gi\u00e0 un notevole miglioramento per la sicurezza e per la scorrevolezza del flusso di auto&#8221;.<\/em><\/p>\n\n\t\t\t<style type='text\/css'>\n\t\t\t\t#gallery-1 {\n\t\t\t\t\tmargin: auto;\n\t\t\t\t}\n\t\t\t\t#gallery-1 .gallery-item {\n\t\t\t\t\tfloat: left;\n\t\t\t\t\tmargin-top: 10px;\n\t\t\t\t\ttext-align: center;\n\t\t\t\t\twidth: 33%;\n\t\t\t\t}\n\t\t\t\t#gallery-1 img {\n\t\t\t\t\tborder: 2px solid #cfcfcf;\n\t\t\t\t}\n\t\t\t\t#gallery-1 .gallery-caption {\n\t\t\t\t\tmargin-left: 0;\n\t\t\t\t}\n\t\t\t\t\/* see gallery_shortcode() in wp-includes\/media.php *\/\n\t\t\t<\/style>\n\t\t<div id='gallery-1' class='dt-gallery-container gallery galleryid-294127 gallery-columns-3 gallery-size-thumbnail'><dl class='gallery-item'>\n\t\t\t\t<dt class='gallery-icon landscape'>\n\t\t\t\t\t<a class=\"rollover rollover-zoom dt-pswp-item\" title=\"3656adf9-cc4c-4acc-9d3e-47c69abbc429\" data-dt-img-description=\"\" data-large_image_width=\"1600\" data-large_image_height=\"1196\"href='https:\/\/www.radiopiu.net\/wordpress\/wp-content\/uploads\/2022\/08\/3656adf9-cc4c-4acc-9d3e-47c69abbc429.jpg'><img loading=\"lazy\" decoding=\"async\" width=\"150\" height=\"150\" src=\"https:\/\/www.radiopiu.net\/wordpress\/wp-content\/uploads\/2022\/08\/3656adf9-cc4c-4acc-9d3e-47c69abbc429-150x150.jpg\" class=\"attachment-thumbnail size-thumbnail\" alt=\"\" \/><\/a>\n\t\t\t\t<\/dt><\/dl><dl class='gallery-item'>\n\t\t\t\t<dt class='gallery-icon landscape'>\n\t\t\t\t\t<a class=\"rollover rollover-zoom dt-pswp-item\" title=\"3c404ebd-5849-4856-aa31-d33d17035421\" data-dt-img-description=\"\" data-large_image_width=\"1600\" data-large_image_height=\"1196\"href='https:\/\/www.radiopiu.net\/wordpress\/wp-content\/uploads\/2022\/08\/3c404ebd-5849-4856-aa31-d33d17035421.jpg'><img loading=\"lazy\" decoding=\"async\" width=\"150\" height=\"150\" src=\"https:\/\/www.radiopiu.net\/wordpress\/wp-content\/uploads\/2022\/08\/3c404ebd-5849-4856-aa31-d33d17035421-150x150.jpg\" class=\"attachment-thumbnail size-thumbnail\" alt=\"\" \/><\/a>\n\t\t\t\t<\/dt><\/dl><dl class='gallery-item'>\n\t\t\t\t<dt class='gallery-icon landscape'>\n\t\t\t\t\t<a class=\"rollover rollover-zoom dt-pswp-item\" title=\"72056abe-e810-4cc2-ad28-52551117714d\" data-dt-img-description=\"\" data-large_image_width=\"1600\" data-large_image_height=\"1196\"href='https:\/\/www.radiopiu.net\/wordpress\/wp-content\/uploads\/2022\/08\/72056abe-e810-4cc2-ad28-52551117714d.jpg'><img loading=\"lazy\" decoding=\"async\" width=\"150\" height=\"150\" src=\"https:\/\/www.radiopiu.net\/wordpress\/wp-content\/uploads\/2022\/08\/72056abe-e810-4cc2-ad28-52551117714d-150x150.jpg\" class=\"attachment-thumbnail size-thumbnail\" alt=\"\" \/><\/a>\n\t\t\t\t<\/dt><\/dl><br style=\"clear: both\" \/><dl class='gallery-item'>\n\t\t\t\t<dt class='gallery-icon landscape'>\n\t\t\t\t\t<a class=\"rollover rollover-zoom dt-pswp-item\" title=\"06d39b95-1941-43ed-837b-2fa764a4ea2f\" data-dt-img-description=\"\" data-large_image_width=\"1600\" data-large_image_height=\"1196\"href='https:\/\/www.radiopiu.net\/wordpress\/wp-content\/uploads\/2022\/08\/06d39b95-1941-43ed-837b-2fa764a4ea2f.jpg'><img loading=\"lazy\" decoding=\"async\" width=\"150\" height=\"150\" src=\"https:\/\/www.radiopiu.net\/wordpress\/wp-content\/uploads\/2022\/08\/06d39b95-1941-43ed-837b-2fa764a4ea2f-150x150.jpg\" class=\"attachment-thumbnail size-thumbnail\" alt=\"\" \/><\/a>\n\t\t\t\t<\/dt><\/dl><dl class='gallery-item'>\n\t\t\t\t<dt class='gallery-icon landscape'>\n\t\t\t\t\t<a class=\"rollover rollover-zoom dt-pswp-item\" title=\"5071e3c3-0af4-4e74-b911-885d0b7b82ce\" data-dt-img-description=\"\" data-large_image_width=\"1600\" data-large_image_height=\"1196\"href='https:\/\/www.radiopiu.net\/wordpress\/wp-content\/uploads\/2022\/08\/5071e3c3-0af4-4e74-b911-885d0b7b82ce.jpg'><img loading=\"lazy\" decoding=\"async\" width=\"150\" height=\"150\" src=\"https:\/\/www.radiopiu.net\/wordpress\/wp-content\/uploads\/2022\/08\/5071e3c3-0af4-4e74-b911-885d0b7b82ce-150x150.jpg\" class=\"attachment-thumbnail size-thumbnail\" alt=\"\" \/><\/a>\n\t\t\t\t<\/dt><\/dl><dl class='gallery-item'>\n\t\t\t\t<dt class='gallery-icon landscape'>\n\t\t\t\t\t<a class=\"rollover rollover-zoom dt-pswp-item\" title=\"06d39b95-1941-43ed-837b-2fa764a4ea2f-1\" data-dt-img-description=\"\" data-large_image_width=\"1600\" data-large_image_height=\"1196\"href='https:\/\/www.radiopiu.net\/wordpress\/wp-content\/uploads\/2022\/08\/06d39b95-1941-43ed-837b-2fa764a4ea2f-1.jpg'><img loading=\"lazy\" decoding=\"async\" width=\"150\" height=\"150\" src=\"https:\/\/www.radiopiu.net\/wordpress\/wp-content\/uploads\/2022\/08\/06d39b95-1941-43ed-837b-2fa764a4ea2f-1-150x150.jpg\" class=\"attachment-thumbnail size-thumbnail\" alt=\"\" \/><\/a>\n\t\t\t\t<\/dt><\/dl><br style=\"clear: both\" \/>\n\t\t\t<\/div>\n\n<p>&nbsp;<\/p>\n<p>&nbsp;<\/p>\n<p>******<\/p>\n","protected":false},"excerpt":{"rendered":"<p>AGORDO Le maestranze dello stabilimento Luxottica di Agordo sono tornate operative dopo tre settimane di ferie. Giornate di trambusto invece in localit\u00e0 Valcozzena dove si sta lavorando per completare la nuova viabilit\u00e0 della zona industriale. \u00c8 entrato in azione il nuovo parcheggio per i mezzi pubblici e gli operai non dovranno pi\u00f9 attraversare la strada&hellip;<\/p>\n","protected":false},"author":4,"featured_media":294132,"comment_status":"closed","ping_status":"closed","sticky":false,"template":"","format":"standard","meta":{"_monsterinsights_skip_tracking":false,"_monsterinsights_sitenote_active":false,"_monsterinsights_sitenote_note":"","_monsterinsights_sitenote_category":0,"footnotes":""},"categories":[51,49],"tags":[],"class_list":["post-294127","post","type-post","status-publish","format-standard","has-post-thumbnail","hentry","category-evidenza-top","category-news-18","category-51","category-49","description-off"],"img_url":"https:\/\/www.radiopiu.net\/wordpress\/wp-content\/uploads\/2022\/08\/5071e3c3-0af4-4e74-b911-885d0b7b82ce.jpg","_links":{"self":[{"href":"https:\/\/www.radiopiu.net\/wordpress\/wp-json\/wp\/v2\/posts\/294127","targetHints":{"allow":["GET"]}}],"collection":[{"href":"https:\/\/www.radiopiu.net\/wordpress\/wp-json\/wp\/v2\/posts"}],"about":[{"href":"https:\/\/www.radiopiu.net\/wordpress\/wp-json\/wp\/v2\/types\/post"}],"author":[{"embeddable":true,"href":"https:\/\/www.radiopiu.net\/wordpress\/wp-json\/wp\/v2\/users\/4"}],"replies":[{"embeddable":true,"href":"https:\/\/www.radiopiu.net\/wordpress\/wp-json\/wp\/v2\/comments?post=294127"}],"version-history":[{"count":0,"href":"https:\/\/www.radiopiu.net\/wordpress\/wp-json\/wp\/v2\/posts\/294127\/revisions"}],"wp:featuredmedia":[{"embeddable":true,"href":"https:\/\/www.radiopiu.net\/wordpress\/wp-json\/wp\/v2\/media\/294132"}],"wp:attachment":[{"href":"https:\/\/www.radiopiu.net\/wordpress\/wp-json\/wp\/v2\/media?parent=294127"}],"wp:term":[{"taxonomy":"category","embeddable":true,"href":"https:\/\/www.radiopiu.net\/wordpress\/wp-json\/wp\/v2\/categories?post=294127"},{"taxonomy":"post_tag","embeddable":true,"href":"https:\/\/www.radiopiu.net\/wordpress\/wp-json\/wp\/v2\/tags?post=294127"}],"curies":[{"name":"wp","href":"https:\/\/api.w.org\/{rel}","templated":true}]}}