{"id":294141,"date":"2022-08-22T23:57:32","date_gmt":"2022-08-22T21:57:32","guid":{"rendered":"https:\/\/www.radiopiu.net\/wordpress\/?p=294141"},"modified":"2022-08-23T06:25:09","modified_gmt":"2022-08-23T04:25:09","slug":"andrea-fontana-si-racconta-a-chies-dalpago","status":"publish","type":"post","link":"https:\/\/www.radiopiu.net\/wordpress\/andrea-fontana-si-racconta-a-chies-dalpago\/","title":{"rendered":"ANDREA FONTANA SI RACCONTA A CHIES D&#8217;ALPAGO"},"content":{"rendered":"<p><strong><a class=\"dt-pswp-item\" href=\"https:\/\/www.radiopiu.net\/wordpress\/wp-content\/uploads\/2022\/08\/37a1a318-40f8-4037-98c9-2a8dac5c9822.jpg\" data-dt-img-description=\"\" data-large_image_width=\"724\" data-large_image_height=\"1024\"><img loading=\"lazy\" decoding=\"async\" class=\"alignleft wp-image-294142 \" src=\"https:\/\/www.radiopiu.net\/wordpress\/wp-content\/uploads\/2022\/08\/37a1a318-40f8-4037-98c9-2a8dac5c9822-212x300.jpg\" alt=\"\" width=\"123\" height=\"174\" srcset=\"https:\/\/www.radiopiu.net\/wordpress\/wp-content\/uploads\/2022\/08\/37a1a318-40f8-4037-98c9-2a8dac5c9822-212x300.jpg 212w, https:\/\/www.radiopiu.net\/wordpress\/wp-content\/uploads\/2022\/08\/37a1a318-40f8-4037-98c9-2a8dac5c9822.jpg 724w\" sizes=\"auto, (max-width: 123px) 100vw, 123px\" \/><\/a> <\/strong><\/p>\n<p><strong>\u00a0<\/strong><\/p>\n<p><strong>CHIES D&#8217;ALPAGO<\/strong> Mercoled\u00ec presso la sala polifunzionale di Chies D&#8217;Alpago Andrea Fontana sar\u00e0 protagonista di una serata tutta dedicata a lui e al mondo dei motori. &#8220;Una storia di motori iniziata con nonno Ivo&#8221; \u00e8 il titolo della serata che avr\u00e0 inizio alle 19. Moderer\u00e0 l&#8217;incontro Ueli Costa. Durante la serata saranno presenti anche Gianpaolo Bottacin e Domenico Dall&#8217;O&#8217; che faranno un excursus sulla storia dell&#8217;automobilismo in provincia di Belluno. Per informazioni e iscrizioni scrivere a alpagocansiglioconsorzio@gmail.com<\/p>\n<p>&nbsp;<\/p>\n<p>&nbsp;<\/p>\n<p>*******<\/p>\n","protected":false},"excerpt":{"rendered":"<p>\u00a0 CHIES D&#8217;ALPAGO Mercoled\u00ec presso la sala polifunzionale di Chies D&#8217;Alpago Andrea Fontana sar\u00e0 protagonista di una serata tutta dedicata a lui e al mondo dei motori. &#8220;Una storia di motori iniziata con nonno Ivo&#8221; \u00e8 il titolo della serata che avr\u00e0 inizio alle 19. Moderer\u00e0 l&#8217;incontro Ueli Costa. Durante la serata saranno presenti anche&hellip;<\/p>\n","protected":false},"author":4,"featured_media":294143,"comment_status":"closed","ping_status":"closed","sticky":false,"template":"","format":"standard","meta":{"_monsterinsights_skip_tracking":false,"_monsterinsights_sitenote_active":false,"_monsterinsights_sitenote_note":"","_monsterinsights_sitenote_category":0,"footnotes":""},"categories":[104,49],"tags":[],"class_list":["post-294141","post","type-post","status-publish","format-standard","has-post-thumbnail","hentry","category-evidenza_3","category-news-18","category-104","category-49","description-off"],"img_url":"https:\/\/www.radiopiu.net\/wordpress\/wp-content\/uploads\/2022\/08\/Schermata-2022-08-22-alle-20.12.22.png","_links":{"self":[{"href":"https:\/\/www.radiopiu.net\/wordpress\/wp-json\/wp\/v2\/posts\/294141","targetHints":{"allow":["GET"]}}],"collection":[{"href":"https:\/\/www.radiopiu.net\/wordpress\/wp-json\/wp\/v2\/posts"}],"about":[{"href":"https:\/\/www.radiopiu.net\/wordpress\/wp-json\/wp\/v2\/types\/post"}],"author":[{"embeddable":true,"href":"https:\/\/www.radiopiu.net\/wordpress\/wp-json\/wp\/v2\/users\/4"}],"replies":[{"embeddable":true,"href":"https:\/\/www.radiopiu.net\/wordpress\/wp-json\/wp\/v2\/comments?post=294141"}],"version-history":[{"count":0,"href":"https:\/\/www.radiopiu.net\/wordpress\/wp-json\/wp\/v2\/posts\/294141\/revisions"}],"wp:featuredmedia":[{"embeddable":true,"href":"https:\/\/www.radiopiu.net\/wordpress\/wp-json\/wp\/v2\/media\/294143"}],"wp:attachment":[{"href":"https:\/\/www.radiopiu.net\/wordpress\/wp-json\/wp\/v2\/media?parent=294141"}],"wp:term":[{"taxonomy":"category","embeddable":true,"href":"https:\/\/www.radiopiu.net\/wordpress\/wp-json\/wp\/v2\/categories?post=294141"},{"taxonomy":"post_tag","embeddable":true,"href":"https:\/\/www.radiopiu.net\/wordpress\/wp-json\/wp\/v2\/tags?post=294141"}],"curies":[{"name":"wp","href":"https:\/\/api.w.org\/{rel}","templated":true}]}}