{"id":294162,"date":"2022-08-24T05:37:57","date_gmt":"2022-08-24T03:37:57","guid":{"rendered":"https:\/\/www.radiopiu.net\/wordpress\/?p=294162"},"modified":"2022-08-24T09:28:28","modified_gmt":"2022-08-24T07:28:28","slug":"giornale-radiopiu-24-agosto-2022-direttore-mirko-mezzacasa","status":"publish","type":"post","link":"https:\/\/www.radiopiu.net\/wordpress\/giornale-radiopiu-24-agosto-2022-direttore-mirko-mezzacasa\/","title":{"rendered":"GIORNALE RADIOPIU 24 AGOSTO 2022 DIRETTORE MIRKO MEZZACASA"},"content":{"rendered":"<h3 class=\"kvgmc6g5 cxmmr5t8 oygrvhab hcukyx3x c1et5uql\"><span style=\"color: #0000ff;\"><strong><a class=\"dt-pswp-item\" href=\"https:\/\/www.radiopiu.net\/wordpress\/wp-content\/uploads\/2021\/08\/papa-luciani-2.jpg\" data-dt-img-description=\"\" data-large_image_width=\"1200\" data-large_image_height=\"800\"><img loading=\"lazy\" decoding=\"async\" class=\"size-thumbnail wp-image-229320 alignleft\" src=\"https:\/\/www.radiopiu.net\/wordpress\/wp-content\/uploads\/2021\/08\/papa-luciani-2-150x150.jpg\" alt=\"\" width=\"150\" height=\"150\" \/><\/a><\/strong><\/span><\/h3>\n<h3 class=\"kvgmc6g5 cxmmr5t8 oygrvhab hcukyx3x c1et5uql\"><span style=\"color: #0000ff;\"><strong>RADIO PIU INFORMAZIONE il canale su TELEGRAM informazione di prima\u00a0 <\/strong><\/span><span style=\"color: #0000ff;\"><strong>mano e in tempo reale. iscriviti ed aiutaci a farlo conoscere\u00a0 \u00a0<\/strong><\/span><\/h3>\n<blockquote>\n<h3 style=\"text-align: left;\">IN CAMMINO VERSO LA BEATIFICAZIONE DI PAPA LUCIANI, GIOVANNI PAOLO I<\/h3>\n<\/blockquote>\n<p>&nbsp;<\/p>\n<p><strong><span style=\"color: #ff0000;\">PRIMA TAPPA, LE MESSE DEL 26 AGOSTO E 28 AGOSTO<\/span><\/strong><\/p>\n<audio class=\"wp-audio-shortcode\" id=\"audio-294162-1\" preload=\"none\" style=\"width: 100%;\" controls=\"controls\"><source type=\"audio\/mpeg\" src=\"https:\/\/www.radiopiu.net\/wordpress\/wp-content\/uploads\/2022\/08\/SPOT-LUCIANI-1-DAL-20-AL-28-AGOSTO.mp3?_=1\" \/><a href=\"https:\/\/www.radiopiu.net\/wordpress\/wp-content\/uploads\/2022\/08\/SPOT-LUCIANI-1-DAL-20-AL-28-AGOSTO.mp3\">https:\/\/www.radiopiu.net\/wordpress\/wp-content\/uploads\/2022\/08\/SPOT-LUCIANI-1-DAL-20-AL-28-AGOSTO.mp3<\/a><\/audio>\n<p>&nbsp;<\/p>\n<hr \/>\n<p>&nbsp;<\/p>\n<blockquote>\n<h3>MOENA, RITROVATO SENZA VITA SUL SENTIERO BEPI ZAC<\/h3>\n<\/blockquote>\n<div dir=\"auto\"><strong><img loading=\"lazy\" decoding=\"async\" class=\"alignleft\" src=\"https:\/\/www.radiopiu.net\/wordpress\/wp-content\/uploads\/2022\/08\/th-4.jpg\" width=\"344\" height=\"229\" \/>MOENA\u00a0<\/strong> Si \u00e8 concluso intorno alle 3.30 di\u00a0 ieri\u00a0 notte un intervento per la ricerca e il recupero di un escursionista residente a Torino, Alex Giunta di 34 anni, il cui mancato rientro era stato denunciato al Numero Unico per le Emergenze 112 intorno alle 21.15 di ieri. Purtroppo, il corpo senza vita dell&#8217;uomo \u00e8 stato ritrovato nei pressi della forcella del Ciadin, circa 200 metri pi\u00f9 a valle del sentiero attrezzato Bepi Zac (Cime di Costabella, a nord del passo San Pellegrino), a una quota di circa 2.550 m.s.l.m.. L&#8217;escursionista era partito dal rifugio Taramelli in val di Fassa e aveva lasciato detto di voler percorrere il sentiero attrezzato Bepi Zac per raggiungere Cima Uomo. In prossimit\u00e0 della forcella del Ciadin \u00e8 precipitato in un dirupo, in un tratto del sentiero dove non c&#8217;\u00e8 il cordino metallico. Le ricerche, partite immediatamente dopo la denuncia del mancato rientro, hanno coinvolto gli operatori della Stazione Centro Fassa che hanno perlustrato la zona della Val San Nicol\u00f2, lungo il versante nord di Costabella, mentre una squadra della Stazione di Moena ha percorso il sentiero attrezzato Bepi Zac da passo delle Selle, e una seconda squadra ha perlustrato la parte a valle tra l&#8217;Om Picol e la parete sud di Cima Ciadin e Cima Uomo. Attivata anche la vicina Stazione della Val Biois del Soccorso Alpino Veneto per perlustrare la parte sovrastante localit\u00e0 Fuciade e la Val Tegnousa. Intorno alle 1.30, i soccorritori che si trovavano lungo il sentiero attrezzato Bepi Zac hanno potuto individuare il punto dove si trovava l&#8217;uomo, sentendo il suo cellulare che veniva fatto squillare a intervalli regolari. Arrivati sul posto, per lui non c&#8217;era ormai nulla da fare. Dopo il nulla osta delle autorit\u00e0 competente, la salma \u00e8 stata trasportata via terra fino a passo San Pellegrino e affidata al carro funebre.<\/div>\n<div dir=\"auto\"><\/div>\n<p>&nbsp;<\/p>\n<hr \/>\n<p>&nbsp;<\/p>\n<blockquote>\n<h3>MORTO L\u2019ALPINO TREVIGIANO VENTURINO CAGNATO DOPO UN MALORE AD ALLEGHE<\/h3>\n<\/blockquote>\n<p><strong><a class=\"dt-pswp-item\" href=\"https:\/\/www.radiopiu.net\/wordpress\/wp-content\/uploads\/2022\/08\/Schermata-2022-08-23-alle-16.52.49.png\" data-dt-img-description=\"\" data-large_image_width=\"1182\" data-large_image_height=\"1074\"><img loading=\"lazy\" decoding=\"async\" class=\" wp-image-294294 alignleft\" src=\"https:\/\/www.radiopiu.net\/wordpress\/wp-content\/uploads\/2022\/08\/Schermata-2022-08-23-alle-16.52.49-150x150.png\" alt=\"\" width=\"94\" height=\"94\" \/><\/a>VENEZIA <\/strong>\u201c<em>Si chiude una vita dedicata a trecentosessanta gradi all\u2019impegno sociale in totale servizio alla comunit\u00e0 come dirigente dell\u2019Associazione Alpini, come donatore di sangue, come allenatore di calcio. Ora, come dicono le Penne nere, \u00e8 andato avanti dopo che il malore lo ha colto tra quelle montagne che amava<\/em>\u201d. Cos\u00ec il Presidente della Regione del Veneto saluta Venturino Cagnato, alpino trevigiano, gi\u00e0 alla guida del Gruppo Reginato e consigliere nazionale, mancato a Belluno dopo nove giorni di coma in seguito a un malore che lo ha colto ad Alleghe. <em>(foto: La Tribuna di Treviso)<\/em><\/p>\n<p>&nbsp;<\/p>\n<p>&nbsp;<\/p>\n<hr \/>\n<p>&nbsp;<\/p>\n<blockquote>\n<div class=\"page-title-head hgroup\">\n<h3 class=\"entry-title\">FELTRINA PRECIPITA NEL BOSCO CON IL PARAPENDIO, RECUPERATA CON L\u2019ELICOTTERO<\/h3>\n<\/div>\n<div class=\"page-title-breadcrumbs\"><em>-I pompieri non muoiono mai Semplicemente bruciano per sempre nei cuori delle persone che hanno salvato. &#8211; Susan Diane Murphree.<\/em><\/div>\n<\/blockquote>\n<p><strong><a class=\"dt-pswp-item\" href=\"https:\/\/www.radiopiu.net\/wordpress\/wp-content\/uploads\/2022\/08\/279538759_320945420170359_9141957473860279382_n.jpg\" data-dt-img-description=\"\" data-large_image_width=\"474\" data-large_image_height=\"960\"><img loading=\"lazy\" decoding=\"async\" class=\"size-thumbnail wp-image-294313 alignleft\" src=\"https:\/\/www.radiopiu.net\/wordpress\/wp-content\/uploads\/2022\/08\/279538759_320945420170359_9141957473860279382_n-150x150.jpg\" alt=\"\" width=\"150\" height=\"150\" \/><\/a>COLLE SANTA LUCIA<\/strong> L&#8217;elisoccorso bellunese (Dolomiti Emergency) e il personale del 118 attorno alle 12.15 sono intervenuti sotto alla zona del Belvedere,\u00a0 sopra la frazione Rovei (strada Caprile-Colle Santa Lucia), per portare aiuto ad una donna, M.C. 42 anni feltrina, ferita ma cosciente, accompagnata all&#8217;ospedale di Treviso per un\u00a0 trauma vertebrale senza gravi conseguenze ma con inevitabile ricorso alla sala operatoria. La donna \u00e8 una nota atleta della specialit\u00e0 in gara al Dolomiti Superfly<\/p>\n<p>In precedenza s&#8217;erano udite delle grida di aiuto.\u00a0 Gli uomini dei soccorsi con un paio di calate con l&#8217;ausilio del verricello hanno recuperato la donna\u00a0 pilota di un parapendio finito tra gli alberi e poi a terra. Intervenuti\u00a0 i vigili del fuoco volontari di Colle Santa Lucia e successivamente i permanenti di Agordo<\/p>\n<p>&nbsp;<\/p>\n<p><span style=\"color: #ff0000;\"><strong>VIDEO 1<\/strong><\/span><\/p>\n<div style=\"width: 640px;\" class=\"wp-video\"><video class=\"wp-video-shortcode\" id=\"video-294162-1\" width=\"640\" height=\"352\" preload=\"metadata\" controls=\"controls\"><source type=\"video\/mp4\" src=\"https:\/\/www.radiopiu.net\/wordpress\/wp-content\/uploads\/2022\/08\/WhatsApp-Video-2022-08-23-at-13.58.36.mp4?_=1\" \/><a href=\"https:\/\/www.radiopiu.net\/wordpress\/wp-content\/uploads\/2022\/08\/WhatsApp-Video-2022-08-23-at-13.58.36.mp4\">https:\/\/www.radiopiu.net\/wordpress\/wp-content\/uploads\/2022\/08\/WhatsApp-Video-2022-08-23-at-13.58.36.mp4<\/a><\/video><\/div>\n<p><span style=\"color: #ff0000;\"><strong>VIDEO 2<\/strong><\/span><\/p>\n<div style=\"width: 848px;\" class=\"wp-video\"><video class=\"wp-video-shortcode\" id=\"video-294162-2\" width=\"848\" height=\"480\" preload=\"metadata\" controls=\"controls\"><source type=\"video\/mp4\" src=\"https:\/\/www.radiopiu.net\/wordpress\/wp-content\/uploads\/2022\/08\/WhatsApp-Video-2022-08-23-at-13.24.23.mp4?_=2\" \/><a href=\"https:\/\/www.radiopiu.net\/wordpress\/wp-content\/uploads\/2022\/08\/WhatsApp-Video-2022-08-23-at-13.24.23.mp4\">https:\/\/www.radiopiu.net\/wordpress\/wp-content\/uploads\/2022\/08\/WhatsApp-Video-2022-08-23-at-13.24.23.mp4<\/a><\/video><\/div>\n<p>&nbsp;<\/p>\n<hr \/>\n<p>&nbsp;<\/p>\n<blockquote>\n<h2>FIAMME ALL&#8217;ANCORA, PAURA PER IL MONOSSIDO DI CARBONIO<\/h2>\n<p><em>-Quando un uomo diventa un pompiere, ha raggiunto il suo pi\u00f9 grande atto di coraggio. Quello che fa dopo \u00e8 nel suo modo di lavorare. &#8211; Edward F. Croker.<\/em><\/p><\/blockquote>\n<p><strong>TRICHIANA <\/strong>Notte tra le fiamme alla pizzeria All\u2019Ancora,\u00a0 paura tra gli abitanti della palazzina e di quelle limitrofe, ovvero almeno una quindicina di famiglie. Non si registrano comunque feriti ma per i vigili del fuoco non \u00e8 mancato il lavoro per il controllo della presenza del micidiale monossido di carbonio. L&#8217;allarme alle tre di ieri mattina dopo che una persona ha sentito il classico odore di bruciato. Le fiamme hanno interessato il forno della cucina, probabilmente per un problema elettrico, evidentemente accidentale. Il proprietario ha cercato di spegnere\u00a0 le fiamme con l&#8217;estintore\u00a0 ma i locali erano ormai\u00a0 invasi\u00a0 dal fumo e hanno sconsigliato la presenza.\u00a0 Dopo l&#8217;intervento i vigili del fuoco hanno dichiarato inagibile la pizzeria-ristorante. Le operazioni sono terminate\u00a0 in mattinata.<\/p>\n<p>&nbsp;<\/p>\n\n\t\t\t<style type='text\/css'>\n\t\t\t\t#gallery-1 {\n\t\t\t\t\tmargin: auto;\n\t\t\t\t}\n\t\t\t\t#gallery-1 .gallery-item {\n\t\t\t\t\tfloat: left;\n\t\t\t\t\tmargin-top: 10px;\n\t\t\t\t\ttext-align: center;\n\t\t\t\t\twidth: 33%;\n\t\t\t\t}\n\t\t\t\t#gallery-1 img {\n\t\t\t\t\tborder: 2px solid #cfcfcf;\n\t\t\t\t}\n\t\t\t\t#gallery-1 .gallery-caption {\n\t\t\t\t\tmargin-left: 0;\n\t\t\t\t}\n\t\t\t\t\/* see gallery_shortcode() in wp-includes\/media.php *\/\n\t\t\t<\/style>\n\t\t<div id='gallery-1' class='dt-gallery-container gallery galleryid-294162 gallery-columns-3 gallery-size-thumbnail'><dl class='gallery-item'>\n\t\t\t\t<dt class='gallery-icon landscape'>\n\t\t\t\t\t<a class=\"rollover rollover-zoom dt-pswp-item\" title=\"737b1bf9-cafe-4d2b-9c43-776b3251e954\" data-dt-img-description=\"\" data-large_image_width=\"590\" data-large_image_height=\"496\"href='https:\/\/www.radiopiu.net\/wordpress\/wp-content\/uploads\/2022\/08\/737b1bf9-cafe-4d2b-9c43-776b3251e954.jpg'><img loading=\"lazy\" decoding=\"async\" width=\"150\" height=\"150\" src=\"https:\/\/www.radiopiu.net\/wordpress\/wp-content\/uploads\/2022\/08\/737b1bf9-cafe-4d2b-9c43-776b3251e954-150x150.jpg\" class=\"attachment-thumbnail size-thumbnail\" alt=\"\" \/><\/a>\n\t\t\t\t<\/dt><\/dl><dl class='gallery-item'>\n\t\t\t\t<dt class='gallery-icon portrait'>\n\t\t\t\t\t<a class=\"rollover rollover-zoom dt-pswp-item\" title=\"7b8bceb9-26e8-4ac4-a083-3dd7b45c6dc6\" data-dt-img-description=\"\" data-large_image_width=\"590\" data-large_image_height=\"940\"href='https:\/\/www.radiopiu.net\/wordpress\/wp-content\/uploads\/2022\/08\/7b8bceb9-26e8-4ac4-a083-3dd7b45c6dc6.jpg'><img loading=\"lazy\" decoding=\"async\" width=\"150\" height=\"150\" src=\"https:\/\/www.radiopiu.net\/wordpress\/wp-content\/uploads\/2022\/08\/7b8bceb9-26e8-4ac4-a083-3dd7b45c6dc6-150x150.jpg\" class=\"attachment-thumbnail size-thumbnail\" alt=\"\" \/><\/a>\n\t\t\t\t<\/dt><\/dl><dl class='gallery-item'>\n\t\t\t\t<dt class='gallery-icon portrait'>\n\t\t\t\t\t<a class=\"rollover rollover-zoom dt-pswp-item\" title=\"514d6623-d9c7-48b6-9e7b-ccf5ec41abd1\" data-dt-img-description=\"\" data-large_image_width=\"591\" data-large_image_height=\"924\"href='https:\/\/www.radiopiu.net\/wordpress\/wp-content\/uploads\/2022\/08\/514d6623-d9c7-48b6-9e7b-ccf5ec41abd1.jpg'><img loading=\"lazy\" decoding=\"async\" width=\"150\" height=\"150\" src=\"https:\/\/www.radiopiu.net\/wordpress\/wp-content\/uploads\/2022\/08\/514d6623-d9c7-48b6-9e7b-ccf5ec41abd1-150x150.jpg\" class=\"attachment-thumbnail size-thumbnail\" alt=\"\" \/><\/a>\n\t\t\t\t<\/dt><\/dl><br style=\"clear: both\" \/>\n\t\t\t<\/div>\n\n<p>&nbsp;<\/p>\n<hr \/>\n<p>&nbsp;<\/p>\n<blockquote>\n<h3>TRE INTERVENTI DEI VIGILI DEL FUOCO DI FELTRE<\/h3>\n<\/blockquote>\n<p><em>L\u2019eroe \u00e8 comunemente il pi\u00f9 semplice e il pi\u00f9 oscuro degli uomini. (Henry David Thoreau)\u00a0<\/em><\/p>\n<p><strong><a class=\"dt-pswp-item\" href=\"https:\/\/www.radiopiu.net\/wordpress\/wp-content\/uploads\/2021\/07\/b39c74f9-db73-45b1-b518-6c028072e3ad.jpg\" data-dt-img-description=\"\" data-large_image_width=\"1062\" data-large_image_height=\"1328\"><img loading=\"lazy\" decoding=\"async\" class=\"wp-image-222511 alignleft\" src=\"https:\/\/www.radiopiu.net\/wordpress\/wp-content\/uploads\/2021\/07\/b39c74f9-db73-45b1-b518-6c028072e3ad-150x150.jpg\" alt=\"\" width=\"98\" height=\"98\" \/><\/a>FELTRE<\/strong>\u00a0 \u00a0Vigili del fuoco del distaccamento di Feltre chiamati per tre interventi nell&#8217;arco della mattinata di ieri: nel condominio al Parco verifica\u00a0 per una perdita di gas dall&#8217;impianto di condizionamento dell&#8217;aria; alle scuole di Pedavena eliminati due nidi di calabroni da un cassonetto delle tapparelle; in via Sanguinazzi\u00a0 sono piovuti al suolo alcuni pezzi di un cornicione e i\u00a0 pompieri hanno rimosso i pezzi pericolanti<\/p>\n<p>&nbsp;<\/p>\n<p>&nbsp;<\/p>\n<hr \/>\n<p>&nbsp;<\/p>\n<blockquote>\n<h3>VIGILI DEL FUOCO VOLONTARI DI CAPRILE<\/h3>\n<\/blockquote>\n<p><em>Per essere un vigile del fuoco, hai bisogno di pi\u00f9 che studiare alcuni libri e imparare determinate conoscenze tecniche; Devi avere il cuore di un leone e il coraggio di un guerriero.<\/em><\/p>\n<p><strong>CAPRILE<\/strong> Pompieri volontari di Caprile, gli ultimi interventi:\u00a0 a Saviner di Laste per il recupero di un veicolo uscito parzialmente dalla sede stradale; sulla strada che collega Caprile a Selva di Cadore per una perdita di sostanze oleose lungo la carreggiata.<\/p>\n\n\t\t\t<style type='text\/css'>\n\t\t\t\t#gallery-2 {\n\t\t\t\t\tmargin: auto;\n\t\t\t\t}\n\t\t\t\t#gallery-2 .gallery-item {\n\t\t\t\t\tfloat: left;\n\t\t\t\t\tmargin-top: 10px;\n\t\t\t\t\ttext-align: center;\n\t\t\t\t\twidth: 50%;\n\t\t\t\t}\n\t\t\t\t#gallery-2 img {\n\t\t\t\t\tborder: 2px solid #cfcfcf;\n\t\t\t\t}\n\t\t\t\t#gallery-2 .gallery-caption {\n\t\t\t\t\tmargin-left: 0;\n\t\t\t\t}\n\t\t\t\t\/* see gallery_shortcode() in wp-includes\/media.php *\/\n\t\t\t<\/style>\n\t\t<div id='gallery-2' class='dt-gallery-container gallery galleryid-294162 gallery-columns-2 gallery-size-thumbnail'><dl class='gallery-item'>\n\t\t\t\t<dt class='gallery-icon portrait'>\n\t\t\t\t\t<a class=\"rollover rollover-zoom dt-pswp-item\" title=\"300057541_1469986066762803_2143951239777422664_n\" data-dt-img-description=\"\" data-large_image_width=\"526\" data-large_image_height=\"701\"href='https:\/\/www.radiopiu.net\/wordpress\/wp-content\/uploads\/2022\/08\/300057541_1469986066762803_2143951239777422664_n.jpg'><img loading=\"lazy\" decoding=\"async\" width=\"150\" height=\"150\" src=\"https:\/\/www.radiopiu.net\/wordpress\/wp-content\/uploads\/2022\/08\/300057541_1469986066762803_2143951239777422664_n-150x150.jpg\" class=\"attachment-thumbnail size-thumbnail\" alt=\"\" \/><\/a>\n\t\t\t\t<\/dt><\/dl><dl class='gallery-item'>\n\t\t\t\t<dt class='gallery-icon landscape'>\n\t\t\t\t\t<a class=\"rollover rollover-zoom dt-pswp-item\" title=\"297952722_1459512114476865_6053375638595281783_n\" data-dt-img-description=\"\" data-large_image_width=\"720\" data-large_image_height=\"540\"href='https:\/\/www.radiopiu.net\/wordpress\/wp-content\/uploads\/2022\/08\/297952722_1459512114476865_6053375638595281783_n.jpg'><img loading=\"lazy\" decoding=\"async\" width=\"150\" height=\"150\" src=\"https:\/\/www.radiopiu.net\/wordpress\/wp-content\/uploads\/2022\/08\/297952722_1459512114476865_6053375638595281783_n-150x150.jpg\" class=\"attachment-thumbnail size-thumbnail\" alt=\"\" \/><\/a>\n\t\t\t\t<\/dt><\/dl><br style=\"clear: both\" \/>\n\t\t\t<\/div>\n\n<p>&nbsp;<\/p>\n<hr \/>\n<p>&nbsp;<\/p>\n<blockquote>\n<h3>PUNTO DA UN INSETTO PERDE IL CONTROLLO DELL&#8217;AUTO<br \/>\nDecisivo e importante l&#8217;intervento del farmacista Alessandro Veser<\/h3>\n<\/blockquote>\n<p><strong><a class=\"dt-pswp-item\" href=\"https:\/\/www.radiopiu.net\/wordpress\/wp-content\/uploads\/2022\/08\/aaa-27.jpg\" data-dt-img-description=\"\" data-large_image_width=\"357\" data-large_image_height=\"208\"><img loading=\"lazy\" decoding=\"async\" class=\"size-thumbnail wp-image-294349 alignleft\" src=\"https:\/\/www.radiopiu.net\/wordpress\/wp-content\/uploads\/2022\/08\/aaa-27-150x150.jpg\" alt=\"\" width=\"150\" height=\"150\" \/><\/a>SOVRAMONTE<\/strong> Punto da un calabrone perde il controllo dell&#8217;auto e finisce in ospedale. E&#8217; successo a\u00a0 un residente di Sorriva, C.M. con la\u00a0 sua Jeep e si \u00e8 ribaltato finendo su un fianco sotto una siepe nei pressi delle scuole. L&#8217;uomo \u00e8 stato trasferito in ambulanza all&#8217;ospedale di Feltre dove \u00e8 stato tenuto sotto controllo. Non \u00e8 servito l&#8217;elicottero comunque allertato e intervenuto sul posto. L&#8217;incidente \u00e8 avvenuto a velocit\u00e0\u00a0 moderata. Il precedente: un uomo punto da un calabrone nella frazione di Zorzoi con conseguenze choc anafilattico e ancora una volta con il pronto intervento del farmacista Veser<\/p>\n<p>foto\u00a0 CORRIERE DELLE ALPI<\/p>\n<p>&nbsp;<\/p>\n<hr \/>\n<blockquote>\n<h3><\/h3>\n<h3>RIAPRONO I CANTIERI GSP, DISAGI AL QUADRIVIO DELL&#8217;UNIONE MONTANA<\/h3>\n<p><em><a class=\"dt-pswp-item\" href=\"https:\/\/www.radiopiu.net\/wordpress\/wp-content\/uploads\/2022\/08\/Schermata-2022-08-22-alle-17.35.19.png\" data-dt-img-description=\"\" data-large_image_width=\"1556\" data-large_image_height=\"1160\"><img loading=\"lazy\" decoding=\"async\" class=\"size-thumbnail wp-image-294125 alignleft\" src=\"https:\/\/www.radiopiu.net\/wordpress\/wp-content\/uploads\/2022\/08\/Schermata-2022-08-22-alle-17.35.19-150x150.png\" alt=\"\" width=\"150\" height=\"150\" \/><\/a>Divieto di transito in Via Insurrezione, nel tratto compreso tra l\u2019incrocio con la Via 27 Aprile 1945 e la via 4 Novembre 1918; istituzione di un senso unico alternato, regolato da impianto semaforico, nel tratto della ex S.R. 203 \u201cAgordina\u201d<\/em><\/p><\/blockquote>\n<p><strong>AGORDO<\/strong> Gsp riapre i cantieri dopo il periodo di ferragosto, disagi previsti dal 5 al 10 settembre &#8211; ma non \u00e8 escluso i lavori possano terminare in tempi pi\u00f9 brevi &#8211; le modifiche alla viabilit\u00e0 interesseranno via Insurrezione all&#8217;altezza dell&#8217;Officina della Casa (centro commerciale Ganz) e fino all&#8217;incrocio con via 27 aprile e via via 4 Novembre 1918. Lungo la regionale 203 agordina non sono previste sospensioni totali, ovvero la ditta interessata provveder\u00e0 a regolare il traffico a senso unico alternato con movieri o semaforo. Diversa la questione lungo la 346 del Duran e Cereda, infatti in prossimit\u00e0 del Centro commerciale Ganz (ingresso per Officina della Casa) e quindi fino a poco prima dell&#8217;intersezione con Viale Sommariva \u00e8 prevista l&#8217;interdizione totale al transito dei veicoli. In questo caso sono previste deviazioni sulla viabilit\u00e0 alternativa. Per chi proviene dalla zone industriale (o dalle stazione Dolomitibus) potr\u00e0 raggiungere il centro da Viale Sommariva (fronte scuole-municipio) e quindi per Corso Patrioti fino a Piazza Libert\u00e0. Per il senso inverso (essendo Viale Sommariva a Senso Unico) potr\u00e0\u00a0 percorrere o la tangenziale, oppure via teto Piciol.<\/p>\n<p>&nbsp;<\/p>\n<hr \/>\n<p>&nbsp;<\/p>\n<blockquote>\n<h3>SP 3 CHIUSA PER DUE SETTIMANE A RIVAMONTE IN LOCALITA&#8217; GONA DI CONDERA e\u00a0 VERSO L\u2019ELIMINAZIONE DEL SEMAFORO, SULLA PROVINCIALE 8 DAL 29 AGOSTO VIA AI CANTIERI<\/h3>\n<\/blockquote>\n<p><strong><img loading=\"lazy\" decoding=\"async\" class=\"alignleft\" src=\"https:\/\/www.radiopiu.net\/wordpress\/wp-content\/uploads\/2021\/11\/81aa72cc-d66b-44fa-afd5-7103ae531a24.jpg\" width=\"193\" height=\"142\" \/><\/strong><\/p>\n<p>&nbsp;<\/p>\n<p>&nbsp;<\/p>\n<p>&nbsp;<\/p>\n<p>&nbsp;<\/p>\n<p>&nbsp;<\/p>\n<p><strong>DAL CORRIERE DELLE ALPI, di Gianni Santomaso<\/strong><\/p>\n<audio class=\"wp-audio-shortcode\" id=\"audio-294162-2\" preload=\"none\" style=\"width: 100%;\" controls=\"controls\"><source type=\"audio\/mpeg\" src=\"https:\/\/www.radiopiu.net\/wordpress\/wp-content\/uploads\/2022\/08\/GIANNI-GONA-DI-CONEDERA.mp3?_=2\" \/><a href=\"https:\/\/www.radiopiu.net\/wordpress\/wp-content\/uploads\/2022\/08\/GIANNI-GONA-DI-CONEDERA.mp3\">https:\/\/www.radiopiu.net\/wordpress\/wp-content\/uploads\/2022\/08\/GIANNI-GONA-DI-CONEDERA.mp3<\/a><\/audio>\n<p>&nbsp;<\/p>\n<p>&nbsp;<\/p>\n<p>&nbsp;<\/p>\n<hr \/>\n<p>&nbsp;<\/p>\n<blockquote>\n<h3>A MOE&#8217; DI LASTE L&#8217;ACQUA E&#8217; INQUINATA DA QUASI UN MESE! DA IERI\u00a0 ANCHE IN ALTRE FRAZIONI<\/h3>\n<\/blockquote>\n<p><strong><img loading=\"lazy\" decoding=\"async\" class=\"alignleft\" src=\"https:\/\/www.radiopiu.net\/wordpress\/wp-content\/uploads\/2022\/01\/IMG-20210910-WA0001.jpg\" width=\"211\" height=\"214\" \/>ROCCA PIETORE<\/strong> I cittadini di Moe&#8217; di Laste, i proprietari di seconde case, i turisti guardano in cagnesco Gsp, non potrebbe essere altrimenti. Sono stati dimenticati? Probabilmente no, ma la sensazione \u00e8 questa. Dal 28 luglio scorso l&#8217;acqua \u00e8 inquinata, per scopi alimentari o s&#8217;acquista al supermercato,\u00a0 oppure \u00e8 necessaria la bollitura. Autobotte d&#8217;emergenza come in altre zone della provincia? Manco l&#8217;ombra, che s&#8217;arrangino quei <em>&#8220;quattro gatti&#8221;<\/em> che ancora si ostinano e vivere in zone tanto disagiate.<br \/>\nAi <em>&#8220;quatttro gatti di Moe'&#8221;<\/em> oggi per\u00f2 si aggiungono altre persone, gli abitanti delle localit\u00e0 VAL, DAGAI, DAVARE, LE COSTE e RONCH, anche ui\u00a0 l&#8217;acqua erogata dall&#8217;acquedotto non \u00e8 potabile e pu\u00f2 essere usata per scopi alimentari SOLO PREVIA bollitura. GSP ha, comunque, gi\u00e0 adottato le necessarie misure per la disinfezione dell&#8217;acqua presente nei serbatoi e nella rete idrica con l&#8217;aggiunta di cloro. Forse passer\u00e0 ancora un mese, forse no. Intanto al sindaco Andrea De Bernardin i malcapitati chiedono che si faccia interprete presso GSP per capire come mai succede tutto questo e che nella prossima bolletta del servizio idrico se ne tenga opportunamente conto.<\/p>\n<p>&nbsp;<\/p>\n<hr \/>\n<p>&nbsp;<\/p>\n<blockquote>\n<h3>FALCO TORNA A VOLARE, PROBLEMI RISOLTI PER L&#8217;ELICOTTERO DELL&#8217;ULSS 1 DOLOMITI<\/h3>\n<\/blockquote>\n<p><strong><a class=\"dt-pswp-item\" href=\"https:\/\/www.radiopiu.net\/wordpress\/wp-content\/uploads\/2022\/08\/falco-.jpeg\" data-dt-img-description=\"\" data-large_image_width=\"1229\" data-large_image_height=\"1130\"><img loading=\"lazy\" decoding=\"async\" class=\" wp-image-294304 alignleft\" src=\"https:\/\/www.radiopiu.net\/wordpress\/wp-content\/uploads\/2022\/08\/falco--150x150.jpeg\" alt=\"\" width=\"98\" height=\"98\" \/><\/a> <\/strong><strong>BELLUNO <\/strong>Ieri alle 16.05 Babcock, ricevuto il via libera da Airbus dopo gli ultimi controlli di sicurezza effettuati, ha riattivato l\u2019operativit\u00e0 di Falco, che \u00e8 tornato al servizio del SUEM 118 di Pieve di Cadore. Falco era fuori servizio da venerd\u00ec 19 agosto alle 12.30, quando allo scarico dati periodico di Falco, che viene effettuato per verificare in via preventiva eventuali problemi alla macchina, erano stati segnalati alcuni <em>allert,<\/em> tali da obbligare al fermo tecnico l&#8217;elicottero, per la massima sicurezza del mezzo e del suo equipaggio. La criticit\u00e0 \u00e8 stata risolta nella giornata di ieri e nel pomeriggio Falco ha ripreso l\u2019operativit\u00e0.<\/p>\n<p>&nbsp;<\/p>\n<p>&nbsp;<\/p>\n<hr \/>\n<p>&nbsp;<\/p>\n<blockquote>\n<h3>RAGAZZA PERDE IL SENTIERO SUL FOCOBON<\/h3>\n<\/blockquote>\n<p><strong>COMELICO <\/strong>Verso le 12.40 dal Rifugio Lunelli \u00e8 giunta la chiamata di un escursionista, la cui compagna era caduta infortunandosi a una gamba lungo il sentiero 164, a circa 30-40 minuti di distanza. Una squadra della Val Comelico si \u00e8 portata dall&#8217;infortunata, una 57enne di Padova, e le ha immobilizzato la gamba per poi trasportarla fino alla macchina con la quale si \u00e8 allontanata autonomamente.<\/p>\n<p><strong>FALCADE <\/strong>Il Soccorso alpino della Val Biois \u00e8 invece intervenuto nella Val di Focobon, dove una turista cubana di 31 anni si era addentrata dopo aver sbagliato direzione ad un bivio. La ragazza, contatta al cellulare e reindirizzata sul sentiero che aveva abbandonato, \u00e8 stata raggiunta in jeep e tranquillizzata, dato il forte stato di agitazione, per poi essere accompagnata al Rifugio Bottari, destinazione iniziale della sua camminata.<\/p>\n<p>&nbsp;<\/p>\n<p>&nbsp;<\/p>\n<hr \/>\n<p>&nbsp;<\/p>\n<blockquote>\n<h3><img loading=\"lazy\" decoding=\"async\" class=\"alignleft\" src=\"https:\/\/www.radiopiu.net\/wordpress\/wp-content\/uploads\/2022\/08\/binocolando-1.png\" width=\"213\" height=\"132\" \/>&#8220;BINOCOLANDO&#8221; VERSO IL CIVETTA, DI CLAUDIO PRA<\/h3>\n<\/blockquote>\n<p>&nbsp;<\/p>\n<p><strong>ALLEGHE<\/strong> \u00a0&#8220;Binocolando&#8221; ho\u00a0 seguito da Alleghe due alpinisti su un via estrema del Civetta (Chimera Verticale). Purtroppo non so chi siano. Li ho seguiti al telescopio per gran parte del pomeriggio fino all&#8217;uscita della via.\u00a0 Ecco un breve filmato con alcuni momenti del finale<\/p>\n<p>&nbsp;<\/p>\n<p><strong>VIDEO<\/strong><\/p>\n<div style=\"width: 854px;\" class=\"wp-video\"><video class=\"wp-video-shortcode\" id=\"video-294162-3\" width=\"854\" height=\"480\" preload=\"metadata\" controls=\"controls\"><source type=\"video\/mp4\" src=\"https:\/\/www.radiopiu.net\/wordpress\/wp-content\/uploads\/2022\/08\/WhatsApp-Video-2022-08-23-at-11.38.05.mp4?_=3\" \/><a href=\"https:\/\/www.radiopiu.net\/wordpress\/wp-content\/uploads\/2022\/08\/WhatsApp-Video-2022-08-23-at-11.38.05.mp4\">https:\/\/www.radiopiu.net\/wordpress\/wp-content\/uploads\/2022\/08\/WhatsApp-Video-2022-08-23-at-11.38.05.mp4<\/a><\/video><\/div>\n<p>&nbsp;<\/p>\n<p>&nbsp;<\/p>\n<p>&nbsp;<\/p>\n<hr \/>\n<p>&nbsp;<\/p>\n<blockquote>\n<h3>IL PALIO DEI CENTO NEL RICORDO DI SILVANO<\/h3>\n<\/blockquote>\n<p><strong><a class=\"dt-pswp-item\" href=\"https:\/\/www.radiopiu.net\/wordpress\/wp-content\/uploads\/2022\/08\/8565e03f-860b-4c26-8f2c-ec768f6670fb.jpg\" data-dt-img-description=\"\" data-large_image_width=\"1024\" data-large_image_height=\"768\"><img loading=\"lazy\" decoding=\"async\" class=\"size-thumbnail wp-image-293881 alignleft\" src=\"https:\/\/www.radiopiu.net\/wordpress\/wp-content\/uploads\/2022\/08\/8565e03f-860b-4c26-8f2c-ec768f6670fb-150x150.jpg\" alt=\"\" width=\"150\" height=\"150\" \/><\/a>AGORDO<\/strong> Tra i momenti pi\u00f9 emozionanti del palio dei cento c&#8217;\u00e8 senza ombra di dubbio l&#8217;ultima prova, quella del tiro alla fune. Il tiro alla fune negli ultimi 23 anni \u00e8 sempre stato abbinato al Memorial Silvano De Nardin, ma a partire dal prossimo anno la famiglia De Nardin ha deciso di ritirare il premio. Ad annunciarlo dal palco del Broi di Agordo \u00e8 stato il fratello di Silvano, Livio De Nardin, che ha voluto ringraziare tutti per aver tenuta viva la figura del rappresentante di Rif<\/p>\n<p><strong>LIVIO DE NARDIN, FRAZIONISTA DI RIF<\/strong><\/p>\n<audio class=\"wp-audio-shortcode\" id=\"audio-294162-3\" preload=\"none\" style=\"width: 100%;\" controls=\"controls\"><source type=\"audio\/mpeg\" src=\"https:\/\/www.radiopiu.net\/wordpress\/wp-content\/uploads\/2022\/08\/LIVIO-DE-NARDIN-MEMORIAL-PALIO.mp3?_=3\" \/><a href=\"https:\/\/www.radiopiu.net\/wordpress\/wp-content\/uploads\/2022\/08\/LIVIO-DE-NARDIN-MEMORIAL-PALIO.mp3\">https:\/\/www.radiopiu.net\/wordpress\/wp-content\/uploads\/2022\/08\/LIVIO-DE-NARDIN-MEMORIAL-PALIO.mp3<\/a><\/audio>\n<p>&nbsp;<\/p>\n<hr \/>\n<p>&nbsp;<\/p>\n<blockquote>\n<h3>LA \u201cAUTOSERVIZI VALZOLDANA\u201d FONDATA NEL 1925 A LONGARONE DA LONGONI E FRATELLI MOLIN PRADEL<\/h3>\n<\/blockquote>\n<p><strong>di RENATO BONA<\/strong><\/p>\n<p>Davvero interessante la storia della \u201cAutoservizi Valzoldana\u201d di Longarone, raccontata da Renato Fiabane e Lionello Fiori &#8211; che in proposito hanno raccolto preziose testimonianze di addetti ai lavori dell\u2019epoca &#8211; nell\u2019ottimo libro \u201cUn secolo in corriera nella provincia di Belluno\u201d, voluto da DolomitiBus e stampato dalla bellunese tipografia Piave nel luglio 2000 anche col contributo della Provincia di Belluno, dei Comuni di Belluno e Sedico, del Comitato festeggiamenti Bribano e del Circolo bellunese \u201cBerto Gidoni\u201d auto-moto d\u2019Epoca. Hanno validamente collaborato: Federico Cervo, Angelo e Pamela Fiori, Loredana Borghetto e Mara Barchet e, in particolare, l\u2019esemplare Gianni De Vecchi che si \u00e8 occupato dell\u2019impostazione del volume, delle didascalie e della revisione dei testi. Diciamo subito che notizie sull\u2019attivit\u00e0 dell\u2019azienda di cui ci occupiamo in questa occasione sono state fornite da Ferdinando Longoni di Longarone oltre che da Benito Lazzaris, autista di Fusine di Zoldo, da Valentino Martini, autista di Podenzoi, Maurizio Mezzavilla, figlio di Willi (Rizzetto) che fu per tanti anni autista di autocorriere in servizio nella Val Zoldana. Fondatore della societ\u00e0 \u201cAutoservizi Val Zoldana\u201d con sede a Longarone fu, nel 1925 Francesco Longoni coi fratelli Alfonso e Primo Molin Pradel. Longoni, milanese d\u2019origine, era approdato nel Longaronese in occasione della Grande Guerra e prestava servizio nel corpo militare degli autieri. A conflitto concluso fu obbligato dall\u2019Esercito a proseguire il servizio per partecipare al ripristino dei veicoli militari che in zona avevano un punto di raccolta ed \u00e8 allora che si rese conto che \u201cnecessitavano mezzi per i trasporti da Longarone alla Val Zoldana e viceversa. Decise quindi di stabilirsi definitivamente nel paese ed inizi\u00f2 l\u2019attivit\u00e0 dapprima come autotrasportatore di legname e in seguito anche di persone. Secondo Ferdinando Longoni il servizio ordinario di trasporto persone avveniva nei primi tempi da Zoldo Alto a Longarone, successivamente fu allargato fino a Belluno e a Selva di Cadore. E quando nella valle zoldana si svilupp\u00f2 l\u2019attivit\u00e0 turistica, vennero istituiti i servizi stagionali estivi Colle Santa Lucia-Valle Zoldana-Venezia nonch\u00e9 la linea Longarone-Zoldo-Cortina via Passo Falzarego. Un\u2019altra linea fu quella avviata a servizio degli emigranti diretti verso la Germania (in prevalenza i gelatieri) collegando in primavera lo Zoldano con la frontiera di Fortezza dove le persone prendevano il treno dirette verso Nord; in autunno l\u2019autolinea riprendeva l\u2019esercizio garantendo il rientro in valle, servizio apprezzato e che rimase attivo fino alla fine degli anni Settanta. Alla morte di Francesco Longoni, nel 1956, la sua parte fu ereditata dal figlio Paolo e pi\u00f9 tardi i fratelli Molin Pradel cedettero la loro quota finanziaria ai fratelli Ferrari che gi\u00e0 possedevano a San Don\u00e0 di Piave la societ\u00e0 Autoservizi Fap. Un ricordo tragico: la sera del 9 ottobre 1963 \u201cla furia del Vajont port\u00f2 con s\u00e9 oltre a Paolo Longoni, quattro corriere, ed un\u2019autovettura da noleggio, la rimessa, l\u2019officina ed il magazzino con le varie attrezzature. A quel punto gli eredi Longoni non ebbero pi\u00f9 interesse per l\u2019attivit\u00e0 &#8211; visto anche che i gelatieri zoldani, ormai ricchi, non si servivano pi\u00f9 della corriera (Ferdinando Longoni, fratello di Paolo, rimase comunque \u201ccon la qualifica di funzionario principale nelle ditte che subentrarono successivamente\u201d) e dunque cedettero a loro volta la parte di competenza ai contitolari Ferrari. Con la pubblicizzazione dei servizi di autotrasporto in ambito regionale del Veneto la F.A.P. che stava per Ferrari Autoservizi Pubblici, divenne A.T,V.O. (Azienda Trasporti Pubblici Veneto Orientale) \u201csociet\u00e0 che ancora oggi effettua i seguenti servizi stagionali: Venezia-Cortina e Cortina-Longarone-Belluno-Lido di Jesolo. Le linee della \u201cValZoldana\u201d furono invece assorbite dalla DolomitiBus di Belluno.<\/p>\n\n\t\t\t<style type='text\/css'>\n\t\t\t\t#gallery-3 {\n\t\t\t\t\tmargin: auto;\n\t\t\t\t}\n\t\t\t\t#gallery-3 .gallery-item {\n\t\t\t\t\tfloat: left;\n\t\t\t\t\tmargin-top: 10px;\n\t\t\t\t\ttext-align: center;\n\t\t\t\t\twidth: 50%;\n\t\t\t\t}\n\t\t\t\t#gallery-3 img {\n\t\t\t\t\tborder: 2px solid #cfcfcf;\n\t\t\t\t}\n\t\t\t\t#gallery-3 .gallery-caption {\n\t\t\t\t\tmargin-left: 0;\n\t\t\t\t}\n\t\t\t\t\/* see gallery_shortcode() in wp-includes\/media.php *\/\n\t\t\t<\/style>\n\t\t<div id='gallery-3' class='dt-gallery-container gallery galleryid-294162 gallery-columns-2 gallery-size-medium'><dl class='gallery-item'>\n\t\t\t\t<dt class='gallery-icon landscape'>\n\t\t\t\t\t<a class=\"rollover rollover-zoom dt-pswp-item\" title=\"300503738_1750664825277520_1247829709933069574_n\" data-dt-img-description=\"\" data-large_image_width=\"313\" data-large_image_height=\"206\"href='https:\/\/www.radiopiu.net\/wordpress\/wp-content\/uploads\/2022\/08\/300503738_1750664825277520_1247829709933069574_n.jpg'><img loading=\"lazy\" decoding=\"async\" width=\"300\" height=\"197\" src=\"https:\/\/www.radiopiu.net\/wordpress\/wp-content\/uploads\/2022\/08\/300503738_1750664825277520_1247829709933069574_n-300x197.jpg\" class=\"attachment-medium size-medium\" alt=\"\" srcset=\"https:\/\/www.radiopiu.net\/wordpress\/wp-content\/uploads\/2022\/08\/300503738_1750664825277520_1247829709933069574_n-300x197.jpg 300w, https:\/\/www.radiopiu.net\/wordpress\/wp-content\/uploads\/2022\/08\/300503738_1750664825277520_1247829709933069574_n.jpg 313w\" sizes=\"auto, (max-width: 300px) 100vw, 300px\" \/><\/a>\n\t\t\t\t<\/dt><\/dl><dl class='gallery-item'>\n\t\t\t\t<dt class='gallery-icon landscape'>\n\t\t\t\t\t<a class=\"rollover rollover-zoom dt-pswp-item\" title=\"300453741_795266175242758_1094631482733752196_n\" data-dt-img-description=\"\" data-large_image_width=\"351\" data-large_image_height=\"206\"href='https:\/\/www.radiopiu.net\/wordpress\/wp-content\/uploads\/2022\/08\/300453741_795266175242758_1094631482733752196_n.jpg'><img loading=\"lazy\" decoding=\"async\" width=\"300\" height=\"176\" src=\"https:\/\/www.radiopiu.net\/wordpress\/wp-content\/uploads\/2022\/08\/300453741_795266175242758_1094631482733752196_n-300x176.jpg\" class=\"attachment-medium size-medium\" alt=\"\" srcset=\"https:\/\/www.radiopiu.net\/wordpress\/wp-content\/uploads\/2022\/08\/300453741_795266175242758_1094631482733752196_n-300x176.jpg 300w, https:\/\/www.radiopiu.net\/wordpress\/wp-content\/uploads\/2022\/08\/300453741_795266175242758_1094631482733752196_n.jpg 351w\" sizes=\"auto, (max-width: 300px) 100vw, 300px\" \/><\/a>\n\t\t\t\t<\/dt><\/dl><br style=\"clear: both\" \/><dl class='gallery-item'>\n\t\t\t\t<dt class='gallery-icon landscape'>\n\t\t\t\t\t<a class=\"rollover rollover-zoom dt-pswp-item\" title=\"300507383_7931776936863341_4537530872335545286_n\" data-dt-img-description=\"\" data-large_image_width=\"462\" data-large_image_height=\"206\"href='https:\/\/www.radiopiu.net\/wordpress\/wp-content\/uploads\/2022\/08\/300507383_7931776936863341_4537530872335545286_n.jpg'><img loading=\"lazy\" decoding=\"async\" width=\"300\" height=\"134\" src=\"https:\/\/www.radiopiu.net\/wordpress\/wp-content\/uploads\/2022\/08\/300507383_7931776936863341_4537530872335545286_n-300x134.jpg\" class=\"attachment-medium size-medium\" alt=\"\" srcset=\"https:\/\/www.radiopiu.net\/wordpress\/wp-content\/uploads\/2022\/08\/300507383_7931776936863341_4537530872335545286_n-300x134.jpg 300w, https:\/\/www.radiopiu.net\/wordpress\/wp-content\/uploads\/2022\/08\/300507383_7931776936863341_4537530872335545286_n.jpg 462w\" sizes=\"auto, (max-width: 300px) 100vw, 300px\" \/><\/a>\n\t\t\t\t<\/dt><\/dl><dl class='gallery-item'>\n\t\t\t\t<dt class='gallery-icon landscape'>\n\t\t\t\t\t<a class=\"rollover rollover-zoom dt-pswp-item\" title=\"300442008_503728804808281_8924061803290489399_n\" data-dt-img-description=\"\" data-large_image_width=\"321\" data-large_image_height=\"206\"href='https:\/\/www.radiopiu.net\/wordpress\/wp-content\/uploads\/2022\/08\/300442008_503728804808281_8924061803290489399_n.jpg'><img loading=\"lazy\" decoding=\"async\" width=\"300\" height=\"193\" src=\"https:\/\/www.radiopiu.net\/wordpress\/wp-content\/uploads\/2022\/08\/300442008_503728804808281_8924061803290489399_n-300x193.jpg\" class=\"attachment-medium size-medium\" alt=\"\" srcset=\"https:\/\/www.radiopiu.net\/wordpress\/wp-content\/uploads\/2022\/08\/300442008_503728804808281_8924061803290489399_n-300x193.jpg 300w, https:\/\/www.radiopiu.net\/wordpress\/wp-content\/uploads\/2022\/08\/300442008_503728804808281_8924061803290489399_n.jpg 321w\" sizes=\"auto, (max-width: 300px) 100vw, 300px\" \/><\/a>\n\t\t\t\t<\/dt><\/dl><br style=\"clear: both\" \/>\n\t\t\t<\/div>\n\n<p>NELLE FOTO (riproduzioni dal libro \u201cUn secolo in corriera nella provincia di Belluno\u201d): Anni \u201820: vetture davanti al garage L. Marina a Longarone; stessa epoca e stesso luogo; siamo nel 1963: pullman Om Supertaurus della ditta Longoni in servizio sulla linea Fusine di Zoldo-Longarone su strada molto stretta ed innevata; anno 1950: autocorriera Fiat 642 carrozzata Pietroboni, della longaronese Longoni, in servizio sulla linea Belluno-Zoldo, in sosta nel Piazzale della stazione bellunese.<\/p>\n<p>&nbsp;<\/p>\n<hr \/>\n<p>&nbsp;<\/p>\n<blockquote class=\"wp-embedded-content\" data-secret=\"ZZ6t0TvQC4\"><p><a href=\"https:\/\/www.radiopiu.net\/wordpress\/aziendazeroagosto23\/\">RICOVERI IN CALO, 17 DECESSI E 4432 NUOVI POSITIVI IN 24 ORE NEL VENETO<\/a><\/p><\/blockquote>\n<p><iframe loading=\"lazy\" class=\"wp-embedded-content\" sandbox=\"allow-scripts\" security=\"restricted\" style=\"position: absolute; clip: rect(1px, 1px, 1px, 1px);\" title=\"&#8220;RICOVERI IN CALO, 17 DECESSI E 4432 NUOVI POSITIVI IN 24 ORE NEL VENETO&#8221; &#8212; Radio Pi\u00f9\" src=\"https:\/\/www.radiopiu.net\/wordpress\/aziendazeroagosto23\/embed\/#?secret=aRzzsFLK7K#?secret=ZZ6t0TvQC4\" data-secret=\"ZZ6t0TvQC4\" width=\"600\" height=\"338\" frameborder=\"0\" marginwidth=\"0\" marginheight=\"0\" scrolling=\"no\"><\/iframe><\/p>\n<p>&nbsp;<\/p>\n<h2>I GRAFICI DI TIZIANO DE COL<\/h2>\n\n\t\t\t<style type='text\/css'>\n\t\t\t\t#gallery-4 {\n\t\t\t\t\tmargin: auto;\n\t\t\t\t}\n\t\t\t\t#gallery-4 .gallery-item {\n\t\t\t\t\tfloat: left;\n\t\t\t\t\tmargin-top: 10px;\n\t\t\t\t\ttext-align: center;\n\t\t\t\t\twidth: 33%;\n\t\t\t\t}\n\t\t\t\t#gallery-4 img {\n\t\t\t\t\tborder: 2px solid #cfcfcf;\n\t\t\t\t}\n\t\t\t\t#gallery-4 .gallery-caption {\n\t\t\t\t\tmargin-left: 0;\n\t\t\t\t}\n\t\t\t\t\/* see gallery_shortcode() in wp-includes\/media.php *\/\n\t\t\t<\/style>\n\t\t<div id='gallery-4' class='dt-gallery-container gallery galleryid-294162 gallery-columns-3 gallery-size-thumbnail'><dl class='gallery-item'>\n\t\t\t\t<dt class='gallery-icon landscape'>\n\t\t\t\t\t<a class=\"rollover rollover-zoom dt-pswp-item\" title=\"603d16aa-893e-4738-b27b-a93da596a596\" data-dt-img-description=\"\" data-large_image_width=\"590\" data-large_image_height=\"368\"href='https:\/\/www.radiopiu.net\/wordpress\/wp-content\/uploads\/2022\/08\/603d16aa-893e-4738-b27b-a93da596a596.jpg'><img loading=\"lazy\" decoding=\"async\" width=\"150\" height=\"150\" src=\"https:\/\/www.radiopiu.net\/wordpress\/wp-content\/uploads\/2022\/08\/603d16aa-893e-4738-b27b-a93da596a596-150x150.jpg\" class=\"attachment-thumbnail size-thumbnail\" alt=\"\" \/><\/a>\n\t\t\t\t<\/dt><\/dl><dl class='gallery-item'>\n\t\t\t\t<dt class='gallery-icon landscape'>\n\t\t\t\t\t<a class=\"rollover rollover-zoom dt-pswp-item\" title=\"ff860221-4056-4f38-8db3-ebd87bf0d8d7\" data-dt-img-description=\"\" data-large_image_width=\"598\" data-large_image_height=\"359\"href='https:\/\/www.radiopiu.net\/wordpress\/wp-content\/uploads\/2022\/08\/ff860221-4056-4f38-8db3-ebd87bf0d8d7.jpg'><img loading=\"lazy\" decoding=\"async\" width=\"150\" height=\"150\" src=\"https:\/\/www.radiopiu.net\/wordpress\/wp-content\/uploads\/2022\/08\/ff860221-4056-4f38-8db3-ebd87bf0d8d7-150x150.jpg\" class=\"attachment-thumbnail size-thumbnail\" alt=\"\" \/><\/a>\n\t\t\t\t<\/dt><\/dl><dl class='gallery-item'>\n\t\t\t\t<dt class='gallery-icon landscape'>\n\t\t\t\t\t<a class=\"rollover rollover-zoom dt-pswp-item\" title=\"0a884af8-74c3-4db9-9003-2c89102410d4\" data-dt-img-description=\"\" data-large_image_width=\"606\" data-large_image_height=\"361\"href='https:\/\/www.radiopiu.net\/wordpress\/wp-content\/uploads\/2022\/08\/0a884af8-74c3-4db9-9003-2c89102410d4.jpg'><img loading=\"lazy\" decoding=\"async\" width=\"150\" height=\"150\" src=\"https:\/\/www.radiopiu.net\/wordpress\/wp-content\/uploads\/2022\/08\/0a884af8-74c3-4db9-9003-2c89102410d4-150x150.jpg\" class=\"attachment-thumbnail size-thumbnail\" alt=\"\" \/><\/a>\n\t\t\t\t<\/dt><\/dl><br style=\"clear: both\" \/><dl class='gallery-item'>\n\t\t\t\t<dt class='gallery-icon landscape'>\n\t\t\t\t\t<a class=\"rollover rollover-zoom dt-pswp-item\" title=\"5f2182f7-1064-462a-875c-cc697754eca1\" data-dt-img-description=\"\" data-large_image_width=\"610\" data-large_image_height=\"367\"href='https:\/\/www.radiopiu.net\/wordpress\/wp-content\/uploads\/2022\/08\/5f2182f7-1064-462a-875c-cc697754eca1.jpg'><img loading=\"lazy\" decoding=\"async\" width=\"150\" height=\"150\" src=\"https:\/\/www.radiopiu.net\/wordpress\/wp-content\/uploads\/2022\/08\/5f2182f7-1064-462a-875c-cc697754eca1-150x150.jpg\" class=\"attachment-thumbnail size-thumbnail\" alt=\"\" \/><\/a>\n\t\t\t\t<\/dt><\/dl><dl class='gallery-item'>\n\t\t\t\t<dt class='gallery-icon landscape'>\n\t\t\t\t\t<a class=\"rollover rollover-zoom dt-pswp-item\" title=\"fee38e6d-9fb7-4c45-988e-08f1c25d8662\" data-dt-img-description=\"\" data-large_image_width=\"608\" data-large_image_height=\"378\"href='https:\/\/www.radiopiu.net\/wordpress\/wp-content\/uploads\/2022\/08\/fee38e6d-9fb7-4c45-988e-08f1c25d8662.jpg'><img loading=\"lazy\" decoding=\"async\" width=\"150\" height=\"150\" src=\"https:\/\/www.radiopiu.net\/wordpress\/wp-content\/uploads\/2022\/08\/fee38e6d-9fb7-4c45-988e-08f1c25d8662-150x150.jpg\" class=\"attachment-thumbnail size-thumbnail\" alt=\"\" \/><\/a>\n\t\t\t\t<\/dt><\/dl><dl class='gallery-item'>\n\t\t\t\t<dt class='gallery-icon landscape'>\n\t\t\t\t\t<a class=\"rollover rollover-zoom dt-pswp-item\" title=\"68746a8e-ad86-4700-8b8c-ab708c9383e9\" data-dt-img-description=\"\" data-large_image_width=\"618\" data-large_image_height=\"358\"href='https:\/\/www.radiopiu.net\/wordpress\/wp-content\/uploads\/2022\/08\/68746a8e-ad86-4700-8b8c-ab708c9383e9.jpg'><img loading=\"lazy\" decoding=\"async\" width=\"150\" height=\"150\" src=\"https:\/\/www.radiopiu.net\/wordpress\/wp-content\/uploads\/2022\/08\/68746a8e-ad86-4700-8b8c-ab708c9383e9-150x150.jpg\" class=\"attachment-thumbnail size-thumbnail\" alt=\"\" \/><\/a>\n\t\t\t\t<\/dt><\/dl><br style=\"clear: both\" \/>\n\t\t\t<\/div>\n\n<p>&nbsp;<\/p>\n<hr \/>\n<p>&nbsp;<\/p>\n<blockquote>\n<h3><\/h3>\n<h3>REGISTRATO IL PRIMO CASO DI WEST NILE IN PROVINCIA DI BELLUNO<\/h3>\n<\/blockquote>\n<p><strong><a class=\"dt-pswp-item\" href=\"https:\/\/www.radiopiu.net\/wordpress\/wp-content\/uploads\/2018\/08\/zanzara.jpg\" data-dt-img-description=\"\" data-large_image_width=\"1280\" data-large_image_height=\"851\"><img loading=\"lazy\" decoding=\"async\" class=\"size-thumbnail wp-image-58981 alignleft\" src=\"https:\/\/www.radiopiu.net\/wordpress\/wp-content\/uploads\/2018\/08\/zanzara-150x150.jpg\" alt=\"\" width=\"150\" height=\"150\" \/><\/a>BELLUNO <\/strong>\u00c8 stato registrato il primo caso di infezione da West Nile in provincia di Belluno: si tratta di un turista veneziano, ora ricoverato nel reparto di Neurologia di Feltre. L\u2019uomo ha avvertito i primi sintomi della malattia all\u2019arrivo nel nostro territorio nella zona di Santa Giustina. Dopo alcuni accertamenti, \u00e8 stato ricoverato per un principio di encefalite nella Neurologia di Feltre dove \u00e8 stata diagnosticata l\u2019infezione da West Nile Virus e sono state avviate le terapie. Si tratta pertanto di un \u201ccaso di importazione\u201d in quanto, verosimilmente, l\u2019uomo ha contratto la malattia in altra zona. Al momento non sono stati riscontrati casi di zanzare infette in Ulss Dolomiti. L\u2019Ulss Dolomiti \u00e8 impegnata da tempo nel contenimento della popolazione di zanzare attraverso interventi larvicidi ordinari e straordinari, nell\u2019ambito del piano definito dal tavolo tecnico intersettoriale al quale partecipano anche i rappresentanti dei Comuni; nel monitoraggio qualitativo e quantitativo delle zanzare presenti sul territorio tramite raccolta di uova e cattura di insetti adulti e negli incontri di sensibilizzazione a favore della cittadinanza.<\/p>\n\n\t\t\t<style type='text\/css'>\n\t\t\t\t#gallery-5 {\n\t\t\t\t\tmargin: auto;\n\t\t\t\t}\n\t\t\t\t#gallery-5 .gallery-item {\n\t\t\t\t\tfloat: left;\n\t\t\t\t\tmargin-top: 10px;\n\t\t\t\t\ttext-align: center;\n\t\t\t\t\twidth: 33%;\n\t\t\t\t}\n\t\t\t\t#gallery-5 img {\n\t\t\t\t\tborder: 2px solid #cfcfcf;\n\t\t\t\t}\n\t\t\t\t#gallery-5 .gallery-caption {\n\t\t\t\t\tmargin-left: 0;\n\t\t\t\t}\n\t\t\t\t\/* see gallery_shortcode() in wp-includes\/media.php *\/\n\t\t\t<\/style>\n\t\t<div id='gallery-5' class='dt-gallery-container gallery galleryid-294162 gallery-columns-3 gallery-size-thumbnail'><dl class='gallery-item'>\n\t\t\t\t<dt class='gallery-icon landscape'>\n\t\t\t\t\t<a class=\"rollover rollover-zoom dt-pswp-item\" title=\"west nile 1\" data-dt-img-description=\"\" data-large_image_width=\"960\" data-large_image_height=\"804\"href='https:\/\/www.radiopiu.net\/wordpress\/wp-content\/uploads\/2022\/08\/west-nile-1.jpg'><img loading=\"lazy\" decoding=\"async\" width=\"150\" height=\"150\" src=\"https:\/\/www.radiopiu.net\/wordpress\/wp-content\/uploads\/2022\/08\/west-nile-1-150x150.jpg\" class=\"attachment-thumbnail size-thumbnail\" alt=\"\" \/><\/a>\n\t\t\t\t<\/dt><\/dl><dl class='gallery-item'>\n\t\t\t\t<dt class='gallery-icon landscape'>\n\t\t\t\t\t<a class=\"rollover rollover-zoom dt-pswp-item\" title=\"west nile 2\" data-dt-img-description=\"\" data-large_image_width=\"960\" data-large_image_height=\"804\"href='https:\/\/www.radiopiu.net\/wordpress\/wp-content\/uploads\/2022\/08\/west-nile-2.jpg'><img loading=\"lazy\" decoding=\"async\" width=\"150\" height=\"150\" src=\"https:\/\/www.radiopiu.net\/wordpress\/wp-content\/uploads\/2022\/08\/west-nile-2-150x150.jpg\" class=\"attachment-thumbnail size-thumbnail\" alt=\"\" \/><\/a>\n\t\t\t\t<\/dt><\/dl><dl class='gallery-item'>\n\t\t\t\t<dt class='gallery-icon landscape'>\n\t\t\t\t\t<a class=\"rollover rollover-zoom dt-pswp-item\" title=\"west nile 3\" data-dt-img-description=\"\" data-large_image_width=\"960\" data-large_image_height=\"804\"href='https:\/\/www.radiopiu.net\/wordpress\/wp-content\/uploads\/2022\/08\/west-nile-3.jpg'><img loading=\"lazy\" decoding=\"async\" width=\"150\" height=\"150\" src=\"https:\/\/www.radiopiu.net\/wordpress\/wp-content\/uploads\/2022\/08\/west-nile-3-150x150.jpg\" class=\"attachment-thumbnail size-thumbnail\" alt=\"\" \/><\/a>\n\t\t\t\t<\/dt><\/dl><br style=\"clear: both\" \/><dl class='gallery-item'>\n\t\t\t\t<dt class='gallery-icon landscape'>\n\t\t\t\t\t<a class=\"rollover rollover-zoom dt-pswp-item\" title=\"west nile 4\" data-dt-img-description=\"\" data-large_image_width=\"1080\" data-large_image_height=\"905\"href='https:\/\/www.radiopiu.net\/wordpress\/wp-content\/uploads\/2022\/08\/west-nile-4.jpg'><img loading=\"lazy\" decoding=\"async\" width=\"150\" height=\"150\" src=\"https:\/\/www.radiopiu.net\/wordpress\/wp-content\/uploads\/2022\/08\/west-nile-4-150x150.jpg\" class=\"attachment-thumbnail size-thumbnail\" alt=\"\" \/><\/a>\n\t\t\t\t<\/dt><\/dl><dl class='gallery-item'>\n\t\t\t\t<dt class='gallery-icon landscape'>\n\t\t\t\t\t<a class=\"rollover rollover-zoom dt-pswp-item\" title=\"west nile 5\" data-dt-img-description=\"\" data-large_image_width=\"1080\" data-large_image_height=\"905\"href='https:\/\/www.radiopiu.net\/wordpress\/wp-content\/uploads\/2022\/08\/west-nile-5.jpg'><img loading=\"lazy\" decoding=\"async\" width=\"150\" height=\"150\" src=\"https:\/\/www.radiopiu.net\/wordpress\/wp-content\/uploads\/2022\/08\/west-nile-5-150x150.jpg\" class=\"attachment-thumbnail size-thumbnail\" alt=\"\" \/><\/a>\n\t\t\t\t<\/dt><\/dl><dl class='gallery-item'>\n\t\t\t\t<dt class='gallery-icon landscape'>\n\t\t\t\t\t<a class=\"rollover rollover-zoom dt-pswp-item\" title=\"west nile 6\" data-dt-img-description=\"\" data-large_image_width=\"1080\" data-large_image_height=\"905\"href='https:\/\/www.radiopiu.net\/wordpress\/wp-content\/uploads\/2022\/08\/west-nile-6.jpg'><img loading=\"lazy\" decoding=\"async\" width=\"150\" height=\"150\" src=\"https:\/\/www.radiopiu.net\/wordpress\/wp-content\/uploads\/2022\/08\/west-nile-6-150x150.jpg\" class=\"attachment-thumbnail size-thumbnail\" alt=\"\" \/><\/a>\n\t\t\t\t<\/dt><\/dl><br style=\"clear: both\" \/>\n\t\t\t<\/div>\n\n<p>&nbsp;<\/p>\n<hr \/>\n<p>&nbsp;<\/p>\n<blockquote>\n<h3>NEL CONSIGLIO COMUNALE DI LIVINALLONGO<\/h3>\n<\/blockquote>\n<p><strong>LIVINALLONGO<\/strong> Gioved\u00ec alle 18 il sindaco di Livinallongo Leandro Grones ha convocato i consiglieri per il consiglio comuale. Saranno tre i punti trattati nella seduta presso la sala consigliare. Si parler\u00e0 della sesta variazione a bilancio, della nomina del revisore dei conti e della modifica all&#8217;imposta di soggiorno a partire dal 2023.<\/p>\n<p>&nbsp;<\/p>\n<p>&nbsp;<\/p>\n<hr \/>\n<p>&nbsp;<\/p>\n<blockquote>\n<h3>CONVOCATO IL CONSIGLIO COMUNALE A SAN TOMASO<\/h3>\n<\/blockquote>\n<p><strong>SAN TOMASO<\/strong> Il sindaco di San Tomaso Moreno De Val ha convocato il consiglio comunale per venerd\u00ec alle 18:15 presso la sala consigliare. Si parler\u00e0 di una variazione a bilancio e di una adozione della variante al piano degli interventi.<\/p>\n<p>&nbsp;<\/p>\n<p>&nbsp;<\/p>\n<p>&nbsp;<\/p>\n<hr \/>\n<p>&nbsp;<\/p>\n<blockquote>\n<h2><a class=\"dt-pswp-item\" href=\"https:\/\/www.radiopiu.net\/wordpress\/wp-content\/uploads\/2022\/08\/aaa-7.jpg\" data-dt-img-description=\"\" data-large_image_width=\"553\" data-large_image_height=\"181\"><img loading=\"lazy\" decoding=\"async\" class=\"wp-image-291465 size-medium alignleft\" src=\"https:\/\/www.radiopiu.net\/wordpress\/wp-content\/uploads\/2022\/08\/aaa-7-300x98.jpg\" alt=\"\" width=\"300\" height=\"98\" srcset=\"https:\/\/www.radiopiu.net\/wordpress\/wp-content\/uploads\/2022\/08\/aaa-7-300x98.jpg 300w, https:\/\/www.radiopiu.net\/wordpress\/wp-content\/uploads\/2022\/08\/aaa-7.jpg 553w\" sizes=\"auto, (max-width: 300px) 100vw, 300px\" \/><\/a>MUSICA LIVE ESTATE 22&#8230;E CHE MUSICA!<\/h2>\n<\/blockquote>\n<p>IN PIAZZA A CANALE D&#8217;AGORDO, TRE APPUNTAMENTI PER RENDERE PIU&#8217; FRIZZANTE LA TUA ESTATE.<br \/>\nGRAN FINALE SABATO 27 AGOSTO alle 21 con lo spettacolo dei TIRATAIE, perch\u00e9 sulla loro piazza sanno dare sempre il meglio.\u00a0 CANALE D&#8217;AGORDO, ESTATE 22 IN PIAZZA&#8230; VI TENIAMO D&#8217;OCCHIO&#8230; PARDON D&#8217;ORECCHIO.<\/p>\n<p><strong><span style=\"color: #ff0000;\">ALLA RADIO, THE VOICE MORENO TOCCHETTO<\/span><\/strong><\/p>\n<audio class=\"wp-audio-shortcode\" id=\"audio-294162-4\" preload=\"none\" style=\"width: 100%;\" controls=\"controls\"><source type=\"audio\/mpeg\" src=\"https:\/\/www.radiopiu.net\/wordpress\/wp-content\/uploads\/2022\/08\/MUSICA-CANALE-LUGLIO-22.mp3?_=4\" \/><a href=\"https:\/\/www.radiopiu.net\/wordpress\/wp-content\/uploads\/2022\/08\/MUSICA-CANALE-LUGLIO-22.mp3\">https:\/\/www.radiopiu.net\/wordpress\/wp-content\/uploads\/2022\/08\/MUSICA-CANALE-LUGLIO-22.mp3<\/a><\/audio>\n<p>&nbsp;<\/p>\n<hr \/>\n<p>&nbsp;<\/p>\n<blockquote>\n<h3>L&#8217;ANONIMO BELUMAT, GREGORIO PIAIA, PRESENTA IL SUO LIBRO AD AGORDO<\/h3>\n<\/blockquote>\n<p><strong><a class=\"dt-pswp-item\" href=\"https:\/\/www.radiopiu.net\/wordpress\/wp-content\/uploads\/2022\/08\/3520d3ca-dadf-42d2-ba7d-41a368390574.jpg\" data-dt-img-description=\"\" data-large_image_width=\"1131\" data-large_image_height=\"1600\"><img loading=\"lazy\" decoding=\"async\" class=\"alignleft wp-image-294300 \" src=\"https:\/\/www.radiopiu.net\/wordpress\/wp-content\/uploads\/2022\/08\/3520d3ca-dadf-42d2-ba7d-41a368390574-212x300.jpg\" alt=\"\" width=\"147\" height=\"208\" srcset=\"https:\/\/www.radiopiu.net\/wordpress\/wp-content\/uploads\/2022\/08\/3520d3ca-dadf-42d2-ba7d-41a368390574-212x300.jpg 212w, https:\/\/www.radiopiu.net\/wordpress\/wp-content\/uploads\/2022\/08\/3520d3ca-dadf-42d2-ba7d-41a368390574-724x1024.jpg 724w, https:\/\/www.radiopiu.net\/wordpress\/wp-content\/uploads\/2022\/08\/3520d3ca-dadf-42d2-ba7d-41a368390574-768x1086.jpg 768w, https:\/\/www.radiopiu.net\/wordpress\/wp-content\/uploads\/2022\/08\/3520d3ca-dadf-42d2-ba7d-41a368390574-1086x1536.jpg 1086w, https:\/\/www.radiopiu.net\/wordpress\/wp-content\/uploads\/2022\/08\/3520d3ca-dadf-42d2-ba7d-41a368390574.jpg 1131w\" sizes=\"auto, (max-width: 147px) 100vw, 147px\" \/><\/a>AGORDO<\/strong> Continuano gli incontri dei \u201cpomeriggi culturali\u201d promossi dal Circolo Culturale Agordino e dalla Biblioteca civica, con il patrocinio del Comune di Agordo. Venerd\u00ec prossimo, 26 agosto, sar\u00e0 la volta della presentazione del libro dal singolare e accattivante titolo: \u201cLa fabulosa historia di mess\u00e8r T\u00f2ni Pad\u00e8le\u201d. L\u2019appuntamento \u00e8 per le 17.30 in sala don Tamis di via 27 aprile. Si tratta di un avvincente racconto, storico, fantastico, metaforico e vagamente autobiografico, anche se ambientato nel primo \u2018600, dell\u2019autore (che qui si firma \u201cAnonimo Belum\u00e0t\u201d, alias Gregorio Piaia, con origini a S.Tomaso Agordino, professore emerito di Storia della filosofia all\u2019Universit\u00e0 di Padova). Un romanzo di formazione o letteratura di viaggio, con chiave di lettura anche filosofica: il tutto nella storia del giovane T\u00f2ni Pad\u00e8le che lascia le montagne delle Dolomiti agordine per scendere a Belluno e a Venezia per poi andare nel remoto Oriente alla ricerca della Pietra filosofale e della Citt\u00e0 della Luce, cio\u00e8 della scienza e della giustizia&#8230; per concludersi con il significativo ritorno del protagonista ai luoghi natali all\u2019ombra di Moiazza e Civetta. Presentato gi\u00e0 a San Tomaso, Abano Terme, Belluno e Padova, il libro si \u00e8 classificato al 2\u00b0 posto al recente premio Giorgione di Castelfranco Veneto.<\/p>\n<p>&nbsp;<\/p>\n<p>&nbsp;<\/p>\n<hr \/>\n<p>&nbsp;<\/p>\n<blockquote>\n<h3><a class=\"dt-pswp-item\" href=\"https:\/\/www.radiopiu.net\/wordpress\/wp-content\/uploads\/2022\/08\/Alberto-Vela.jpg\" data-dt-img-description=\"\" data-large_image_width=\"300\" data-large_image_height=\"295\"><img loading=\"lazy\" decoding=\"async\" class=\"size-thumbnail wp-image-294263 alignleft\" src=\"https:\/\/www.radiopiu.net\/wordpress\/wp-content\/uploads\/2022\/08\/Alberto-Vela-150x150.jpg\" alt=\"\" width=\"150\" height=\"150\" \/><\/a>CONVERSAZIONI SU ALBINO LUCIANI<\/h3>\n<\/blockquote>\n<p><strong>CANALE D&#8217;AGORDO<\/strong>\u00a0 Gioved\u00ec 25 agosto, alle\u00a0 21 al Museo Albino Luciani si terr\u00e0 la serata \u201cMai avrei immaginato. Sorpresa di Dio per l\u2019uomo di oggi\u201d, conversazione su Albino Luciani e presentazione dei nuovi libri di don Davide Fiocco e Patrizia Luciani da parte del redattore delle \u201cEdizioni Messaggero Padova\u201d, Alberto Vela (foto)<\/p>\n<p>Presso il Museo Albino Luciani sono disponibili le medaglie realizzate per la beatificazione di papa Luciani.<\/p>\n<p>&nbsp;<\/p>\n<hr \/>\n<p>&nbsp;<\/p>\n<blockquote>\n<h3>DUE APPUNTAMENTI CON LE MUSE E LE DOLOMITI<\/h3>\n<\/blockquote>\n<p><a class=\"dt-pswp-item\" href=\"https:\/\/www.radiopiu.net\/wordpress\/wp-content\/uploads\/2022\/08\/ConcertoSolidarieta\u03002021.jpeg\" data-dt-img-description=\"Le Muse e le Dolomiti - concerto di solidariet\u00e0 Midori Nmikawa soprano, Oda Zoe Hochscheid contralto, Hun Kim tenore, Kwang Park basso Coro Citt\u00e0 di Piazzolla sul Brenta dir.Paolo Piana\" data-large_image_width=\"1280\" data-large_image_height=\"853\"><img loading=\"lazy\" decoding=\"async\" class=\"wp-image-294261 alignleft\" src=\"https:\/\/www.radiopiu.net\/wordpress\/wp-content\/uploads\/2022\/08\/ConcertoSolidarieta\u03002021-300x200.jpeg\" alt=\"\" width=\"257\" height=\"171\" srcset=\"https:\/\/www.radiopiu.net\/wordpress\/wp-content\/uploads\/2022\/08\/ConcertoSolidarieta\u03002021-300x200.jpeg 300w, https:\/\/www.radiopiu.net\/wordpress\/wp-content\/uploads\/2022\/08\/ConcertoSolidarieta\u03002021-1024x682.jpeg 1024w, https:\/\/www.radiopiu.net\/wordpress\/wp-content\/uploads\/2022\/08\/ConcertoSolidarieta\u03002021-768x512.jpeg 768w, https:\/\/www.radiopiu.net\/wordpress\/wp-content\/uploads\/2022\/08\/ConcertoSolidarieta\u03002021.jpeg 1280w\" sizes=\"auto, (max-width: 257px) 100vw, 257px\" \/><\/a>Nel mese di settembre l\u2019Associazione propone due eventi di particolare rilievo.<strong> Sabato 3 settembre \u2013 a Cavalese<\/strong>\u00a0 dalle 21 con ingresso libero, lo Stabat Mater di Giovanni Battista Pergolesi, cantato da Costanza Fontana, soprano e Oda Zoe Hochscheid, contralto. Suoneranno i musicisti della rinomata \u201cAccademia Italiana Strumentale\u201d, composta da strumentisti che collaborano con i pi\u00f9 grandi direttori a livello mondiale e gestita artisticamente da Alberto Rasi.\u00a0 <strong>Sabato 10 settembre a Canale d\u2019Agordo \u2013<\/strong>\u00a0 alle 20.30 con ingresso libero \u201cUna guarigione miracolosa\u201d con Candela Giarda. La giovane argentina racconter\u00e0 come lei, gravemente ammalata, \u00e8 tornata miracolosamente in salute. Moderer\u00e0 l&#8217;incontro Loris Serafini, direttore della Fondazione Papa Luciani di Canale d\u2019Agordo. \u201cLe Muse e le Dolomiti\u201d canteranno e suoneranno brani sacri\u00a0 con \u00a0la partecipazione del \u201cCoro Citt\u00e0 Piazzola sul Brenta\u201d,\u00a0 il mezzosoprano Oda Zoe Hochscheid, la violinista Myriam Dal Don e l\u2019organista Ai Yoshida<\/p>\n<p>&nbsp;<\/p>\n<hr \/>\n<p>&nbsp;<\/p>\n<blockquote>\n<h3>LA SECONDA EDIZIONE DEL DOLOMITI FILM FESTIVAL<\/h3>\n<\/blockquote>\n<p><strong><a class=\"dt-pswp-item\" href=\"https:\/\/www.radiopiu.net\/wordpress\/wp-content\/uploads\/2022\/08\/Senza-nome-9.jpg\" data-dt-img-description=\"\" data-large_image_width=\"681\" data-large_image_height=\"319\"><img loading=\"lazy\" decoding=\"async\" class=\"wp-image-294262 alignleft\" src=\"https:\/\/www.radiopiu.net\/wordpress\/wp-content\/uploads\/2022\/08\/Senza-nome-9-300x141.jpg\" alt=\"\" width=\"283\" height=\"133\" srcset=\"https:\/\/www.radiopiu.net\/wordpress\/wp-content\/uploads\/2022\/08\/Senza-nome-9-300x141.jpg 300w, https:\/\/www.radiopiu.net\/wordpress\/wp-content\/uploads\/2022\/08\/Senza-nome-9.jpg 681w\" sizes=\"auto, (max-width: 283px) 100vw, 283px\" \/><\/a>ALLEGHE<\/strong> Avr\u00e0 luogo nel fine settimana la\u00a0seconda edizione del Dolomiti Film Festival cinematografico a tematica ambientale dedicato ai giovani.\u00a0 Prevede proiezione di cortometraggi e documentari da tutto il mondo, incontri ed eventi mirati alla tutela della natura e alla promozione della cultura di montagna. Il Festival, a ingresso gratuito fino ad esaurimento posti disponibili,\u00a0 si svolger\u00e0\u00a0 il 26 e il 27 agosto presso la Sala Franceschini del Palaghiaccio. <strong>Venerd\u00ec 26 dalle\u00a0 20<\/strong> verranno proiettate le opere del concorso internazionale di documentari e cortometraggi, l&#8217;ingresso \u00e8 consentito anche a proiezioni iniziate. <strong>Sabato 27<\/strong> alle\u00a0 20.45 verr\u00e0 proiettato fuori concorso il documentario &#8220;Il Sergente dell&#8217;Altopiano &#8211; la vita di Mario Rigoni Stern&#8221; alla presenza dei registi Federico Massa e Tommaso Brugin e dello scrittore Giuseppe Mendicino, biografo ufficiale di Stern. A conclusione della serata seguiranno le premiazioni del concorso internazionale.<\/p>\n<p>&nbsp;<\/p>\n<p>&nbsp;<\/p>\n<hr \/>\n<p>&nbsp;<\/p>\n<blockquote>\n<h3>BORGO VALBELLUNA: VIAGGIO TRA LE TRADIZIONI CASEARIE IN TURCHIA\u2026 E RITORNO CON MICHELE RUMIZ<\/h3>\n<\/blockquote>\n<p><strong>BORGO VALBELLUNA <\/strong>In un territorio da sempre vocato all\u2019allevamento e alla produzione di formaggi, saranno raccontate le antiche tradizioni casearie di un paese lontano, la Turchia, tradizioni che in fondo non sono cos\u00ec diverse da quelle bellunesi. Appuntamento sabato 27 agosto ore 16.00 nella sala parrocchiale di Sant\u2019Antonio Tortal \u2013 Borgo Valbelluna. A seguire degustazione di formaggi locali. L\u2019evento \u00e8 organizzato dal Comune di Borgo Valbelluna in collaborazione con la parrocchia di Sant\u2019Antonio Tortal, le consulte frazionali di Sant\u2019Antonio Tortal e Confos. Info ufficio turistico Borgo Valbelluna: 0437 544294 &#8211;\u00a0 turismo.mel@borgovalbelluna.bl.it<\/p>\n<p>&nbsp;<\/p>\n<p>&nbsp;<\/p>\n<hr \/>\n<p>&nbsp;<\/p>\n<blockquote>\n<h3>LA FESTA DEI 100 ANNI DEL GRUPPO SPORTIVO FRASSENE&#8217;<\/h3>\n<\/blockquote>\n<p><strong><a class=\"dt-pswp-item\" href=\"https:\/\/www.radiopiu.net\/wordpress\/wp-content\/uploads\/2022\/08\/Schermata-2022-08-04-alle-12.23.41.png\" data-dt-img-description=\"\" data-large_image_width=\"1336\" data-large_image_height=\"1014\"><img loading=\"lazy\" decoding=\"async\" class=\"alignleft wp-image-290914 \" src=\"https:\/\/www.radiopiu.net\/wordpress\/wp-content\/uploads\/2022\/08\/Schermata-2022-08-04-alle-12.23.41-300x228.png\" alt=\"\" width=\"158\" height=\"120\" srcset=\"https:\/\/www.radiopiu.net\/wordpress\/wp-content\/uploads\/2022\/08\/Schermata-2022-08-04-alle-12.23.41-300x228.png 300w, https:\/\/www.radiopiu.net\/wordpress\/wp-content\/uploads\/2022\/08\/Schermata-2022-08-04-alle-12.23.41-1024x777.png 1024w, https:\/\/www.radiopiu.net\/wordpress\/wp-content\/uploads\/2022\/08\/Schermata-2022-08-04-alle-12.23.41-768x583.png 768w, https:\/\/www.radiopiu.net\/wordpress\/wp-content\/uploads\/2022\/08\/Schermata-2022-08-04-alle-12.23.41.png 1336w\" sizes=\"auto, (max-width: 158px) 100vw, 158px\" \/><\/a>VOLTAGO <\/strong>1922-2022 il primo secolo di vita del Gruppo Sportivo Frassen\u00e8: tre giorni di eventi al tendone nel parcheggio della chiesa. Venerdi&#8217; 9 settembre alle 18 apertura stand gastronomico e serata musicale con Sabrina Silvestrin. Sabato 10 voli panoramici in elicottero dalle 10 alle 15 e, fino alle 17 mercatini dell&#8217;artigianato, dalle 10 torneo di calcio del Poi, a mezzogiorno stand gastronomico, 16.30 Frassene&#8217; Cross, gare podistiche non competitive, 17 aperitivo con DJ Morgan e Battaglia, 19 cena e premiazioni, dalle 21 serata musicale con I Riflesso, chiusura con DJ Morgan e Battaglia. Domenica 11 alle 10 mostra sui 100 anni del Gruppo Sportivo Frassene&#8217; presso l&#8217;ex scuola Paolo Mosca, 11 sfilata dei gruppi associativi per le vie del paese, 12.30 pranzo, 15 presentazione libro &#8220;Il Primo Secolo Di Vita&#8221;. Il ricavato sar\u00e0 devoluto al Gruppo Sportivo Frasssen\u00e8.<\/p>\n<p>&nbsp;<\/p>\n<p>&nbsp;<\/p>\n<hr \/>\n<p>&nbsp;<\/p>\n<blockquote>\n<h3>ANDREA FONTANA SI RACCONTA A CHIES D&#8217;ALPAGO<\/h3>\n<\/blockquote>\n<p><strong><a class=\"dt-pswp-item\" href=\"https:\/\/www.radiopiu.net\/wordpress\/wp-content\/uploads\/2022\/08\/37a1a318-40f8-4037-98c9-2a8dac5c9822.jpg\" data-dt-img-description=\"\" data-large_image_width=\"724\" data-large_image_height=\"1024\"><img loading=\"lazy\" decoding=\"async\" class=\"alignleft wp-image-294142 \" src=\"https:\/\/www.radiopiu.net\/wordpress\/wp-content\/uploads\/2022\/08\/37a1a318-40f8-4037-98c9-2a8dac5c9822-212x300.jpg\" alt=\"\" width=\"123\" height=\"174\" srcset=\"https:\/\/www.radiopiu.net\/wordpress\/wp-content\/uploads\/2022\/08\/37a1a318-40f8-4037-98c9-2a8dac5c9822-212x300.jpg 212w, https:\/\/www.radiopiu.net\/wordpress\/wp-content\/uploads\/2022\/08\/37a1a318-40f8-4037-98c9-2a8dac5c9822.jpg 724w\" sizes=\"auto, (max-width: 123px) 100vw, 123px\" \/><\/a> <\/strong><\/p>\n<p><strong>\u00a0<\/strong><\/p>\n<p><strong>CHIES D&#8217;ALPAGO<\/strong> Oggi presso la sala polifunzionale di Chies D&#8217;Alpago Andrea Fontana sar\u00e0 protagonista di una serata tutta dedicata a lui e al mondo dei motori. &#8220;Una storia di motori iniziata con nonno Ivo&#8221; \u00e8 il titolo della serata che avr\u00e0 inizio alle 19. Moderer\u00e0 l&#8217;incontro Ueli Costa. Durante la serata saranno presenti anche Gianpaolo Bottacin e Domenico Dall&#8217;O&#8217; che faranno un excursus sulla storia dell&#8217;automobilismo in provincia di Belluno. Per informazioni e iscrizioni scrivere a alpagocansiglioconsorzio@gmail.com<\/p>\n<p>&nbsp;<\/p>\n<p>&nbsp;<\/p>\n<p>&nbsp;<\/p>\n<hr \/>\n<p>&nbsp;<\/p>\n<blockquote>\n<h3><a class=\"dt-pswp-item\" href=\"https:\/\/www.radiopiu.net\/wordpress\/wp-content\/uploads\/2022\/08\/TrioGalantes_.jpg\" data-dt-img-description=\"\" data-large_image_width=\"1080\" data-large_image_height=\"799\"><img loading=\"lazy\" decoding=\"async\" class=\"wp-image-294012 alignleft\" src=\"https:\/\/www.radiopiu.net\/wordpress\/wp-content\/uploads\/2022\/08\/TrioGalantes_-300x222.jpg\" alt=\"\" width=\"201\" height=\"149\" srcset=\"https:\/\/www.radiopiu.net\/wordpress\/wp-content\/uploads\/2022\/08\/TrioGalantes_-300x222.jpg 300w, https:\/\/www.radiopiu.net\/wordpress\/wp-content\/uploads\/2022\/08\/TrioGalantes_-1024x758.jpg 1024w, https:\/\/www.radiopiu.net\/wordpress\/wp-content\/uploads\/2022\/08\/TrioGalantes_-768x568.jpg 768w, https:\/\/www.radiopiu.net\/wordpress\/wp-content\/uploads\/2022\/08\/TrioGalantes_.jpg 1080w\" sizes=\"auto, (max-width: 201px) 100vw, 201px\" \/><\/a>CONCERTO DEL TRIO GALANTES<\/h3>\n<\/blockquote>\n<p><strong>LIVINALLONGO<\/strong> Arabba Fodom Turismo, in collaborazione con le Muse e le Dolomiti propone per venerd\u00ec 26 agosto alle\u00a0 21 in piazza ad Arabba (in caso di brutto tempo nella Sala Congressi),\u00a0 il concerto dei &#8220;Trio Galantes&#8221;: musiche romantiche latino-americane degli anni \u201940 e \u201950. Suoneranno\u00a0 Augusto Valen\u00e7a nato in Brasile, voce;\u00a0 Alvaro Pinto Lyon direttamente dal Cile, voce e chitarre;\u00a0 Humberto Albores Martinez,\u00a0 messicano, voce e chitarre<\/p>\n<p>&nbsp;<\/p>\n<p>&nbsp;<\/p>\n<hr \/>\n<p>&nbsp;<\/p>\n<blockquote>\n<h3>IL VENETO LEGGE DINO BUZZATI<\/h3>\n<\/blockquote>\n<p><strong>BELLUNO<\/strong>\u00a0\u201cUna cosa che comincia per DB: Dino Buzzati\u201d \u00e8 il titolo dello\u00a0 spettacolo\u00a0 in programma venerd\u00ec\u00a0 26 agosto nel giardino di Villa Buzzati, alle 18.30. Lettura a pi\u00f9 voci di alcuni racconti in dialogo con musica originale suonata dal vivo. La serata rientra tra gli eventi\u00a0 della Maratona di Lettura della Regione Veneto<\/p>\n<p>&nbsp;<\/p>\n<hr \/>\n<p>&nbsp;<\/p>\n<blockquote>\n<h3>LA MOSTRA FILATELICA PER PAPA LUCIANI<\/h3>\n<\/blockquote>\n<p><strong>CANALE D&#8217;AGORDO<\/strong> \u00c8 aperta la mostra filatelica su Papa Luciani, dal 18 agosto all&#8217;11 settembre presso la sala consiliare del municipio di Canale d&#8217;Agordo. La mostra osserver\u00e0 i seguenti orari: Tutti i giorni 16.30-18.30 e 20-22. Venerd\u00ec, sabato e domenica anche 10.00-12.00. Ricordiamo, in particolare, domenica 4 settembre l&#8217;annullo filatelico speciale dalle ore 10.00 alle ore 14.00, presso la sala consiliare, in concomitanza con la cerimonia ufficiale di beatificazione di Papa Luciani.<\/p>\n<p>&nbsp;<\/p>\n<p>&nbsp;<\/p>\n<hr \/>\n<p>&nbsp;<\/p>\n<blockquote>\n<h3>LA VEDOVA ALLEGRA CON GLI AMICI DEL MUT<\/h3>\n<\/blockquote>\n<p align=\"justify\"><strong>BELLUNO<\/strong> L\u2019operetta La Vedova Allegra di Franz Lehar \u00e8\u00a0 andata in scena, appositamente adattata e revisionata,\u00a0 al Teatro al Mut. Dario Turrini ed il simpatico Umberto Scida nel ruolo di Nijegus hanno intrattenuto il pubblico con svariati scambi di comiche battute, la parte canora \u00e8 stato magistralmente condotta dal soprano Scilla Cristiano (in Hanna Glawari), dalla soubrette Antonella De Gasperi, dal tenore Domingo Stasi e dal tenore bellunese Domenico Menini nel ruolo chiave del Conte Danilo Danilovich. Tutte le parti danzate dell\u2019operetta sono state messe in valore dall\u2019ottima prestazione del corpo di ballo della Scuola di Ballo del Veneto, diretto dalla coreografa Maggiolen Uscotti. Lo spettacolo \u00e8 stato condotto nella direzione artistica da Domenico Menini, con la regia dell\u2019acclamato Dario Turrini, attore bolognese particolarmente affezionato del teatro al Mut. Gli sfavillanti costumi sono stati forniti dalla Compagnia Umberto Scida e della sartoria teatrale Arrigo di Milano. Si \u00e8 trattato dell&#8217;ormai tradizionale appuntamento estivo con la \u201clirica silvestre\u201d, occasione di alta cultura con interesse di pubblico che va oltre i confini provinciali. L\u2019aver esaurito i duecento posti previsti in meno di tre giorni gi\u00e0 rende l\u2019idea della qualit\u00e0 dell\u2019evento. Gli \u201cAmici del MUT\u201d coordinati Silvano De Salvador, da anni portano avanti una minuziosa manutenzione dei piani terrazzati che contraddistinguono una ampia zona sopra Sossai. Lo spettacolo lirico che ogni anno gli stessi Amici del Mut organizzano \u00e8 l\u2019esaltazione del gran lavoro di recupero e mantenimento di una preziosa testimonianza di archeologia rurale che caratterizza la morfologia del territorio.<\/p>\n<p>&nbsp;<\/p>\n<p><strong>GALLERIA FOTOGRAFICA DEL PROFESSIONISTA DELL&#8217;OBIETTIVO, LUCA ZANFRON<\/strong><\/p>\n\n\t\t\t<style type='text\/css'>\n\t\t\t\t#gallery-6 {\n\t\t\t\t\tmargin: auto;\n\t\t\t\t}\n\t\t\t\t#gallery-6 .gallery-item {\n\t\t\t\t\tfloat: left;\n\t\t\t\t\tmargin-top: 10px;\n\t\t\t\t\ttext-align: center;\n\t\t\t\t\twidth: 20%;\n\t\t\t\t}\n\t\t\t\t#gallery-6 img {\n\t\t\t\t\tborder: 2px solid #cfcfcf;\n\t\t\t\t}\n\t\t\t\t#gallery-6 .gallery-caption {\n\t\t\t\t\tmargin-left: 0;\n\t\t\t\t}\n\t\t\t\t\/* see gallery_shortcode() in wp-includes\/media.php *\/\n\t\t\t<\/style>\n\t\t<div id='gallery-6' class='dt-gallery-container gallery galleryid-294162 gallery-columns-5 gallery-size-thumbnail'><dl class='gallery-item'>\n\t\t\t\t<dt class='gallery-icon landscape'>\n\t\t\t\t\t<a class=\"rollover rollover-zoom dt-pswp-item\" title=\"20220820_171806\" data-dt-img-description=\"\" data-large_image_width=\"1024\" data-large_image_height=\"576\"href='https:\/\/www.radiopiu.net\/wordpress\/wp-content\/uploads\/2022\/08\/20220820_171806.jpg'><img loading=\"lazy\" decoding=\"async\" width=\"150\" height=\"150\" src=\"https:\/\/www.radiopiu.net\/wordpress\/wp-content\/uploads\/2022\/08\/20220820_171806-150x150.jpg\" class=\"attachment-thumbnail size-thumbnail\" alt=\"\" \/><\/a>\n\t\t\t\t<\/dt><\/dl><dl class='gallery-item'>\n\t\t\t\t<dt class='gallery-icon landscape'>\n\t\t\t\t\t<a class=\"rollover rollover-zoom dt-pswp-item\" title=\"3T4A9643\" data-dt-img-description=\"\" data-large_image_width=\"1024\" data-large_image_height=\"682\"href='https:\/\/www.radiopiu.net\/wordpress\/wp-content\/uploads\/2022\/08\/3T4A9643.jpg'><img loading=\"lazy\" decoding=\"async\" width=\"150\" height=\"150\" src=\"https:\/\/www.radiopiu.net\/wordpress\/wp-content\/uploads\/2022\/08\/3T4A9643-150x150.jpg\" class=\"attachment-thumbnail size-thumbnail\" alt=\"\" \/><\/a>\n\t\t\t\t<\/dt><\/dl><dl class='gallery-item'>\n\t\t\t\t<dt class='gallery-icon landscape'>\n\t\t\t\t\t<a class=\"rollover rollover-zoom dt-pswp-item\" title=\"IMG-20220821-WA0035\" data-dt-img-description=\"\" data-large_image_width=\"1024\" data-large_image_height=\"682\"href='https:\/\/www.radiopiu.net\/wordpress\/wp-content\/uploads\/2022\/08\/IMG-20220821-WA0035.jpg'><img loading=\"lazy\" decoding=\"async\" width=\"150\" height=\"150\" src=\"https:\/\/www.radiopiu.net\/wordpress\/wp-content\/uploads\/2022\/08\/IMG-20220821-WA0035-150x150.jpg\" class=\"attachment-thumbnail size-thumbnail\" alt=\"\" \/><\/a>\n\t\t\t\t<\/dt><\/dl><dl class='gallery-item'>\n\t\t\t\t<dt class='gallery-icon landscape'>\n\t\t\t\t\t<a class=\"rollover rollover-zoom dt-pswp-item\" title=\"IMG-20220821-WA0171\" data-dt-img-description=\"\" data-large_image_width=\"1024\" data-large_image_height=\"576\"href='https:\/\/www.radiopiu.net\/wordpress\/wp-content\/uploads\/2022\/08\/IMG-20220821-WA0171.jpg'><img loading=\"lazy\" decoding=\"async\" width=\"150\" height=\"150\" src=\"https:\/\/www.radiopiu.net\/wordpress\/wp-content\/uploads\/2022\/08\/IMG-20220821-WA0171-150x150.jpg\" class=\"attachment-thumbnail size-thumbnail\" alt=\"\" \/><\/a>\n\t\t\t\t<\/dt><\/dl><dl class='gallery-item'>\n\t\t\t\t<dt class='gallery-icon landscape'>\n\t\t\t\t\t<a class=\"rollover rollover-zoom dt-pswp-item\" title=\"IMG-20220821-WA0021\" data-dt-img-description=\"\" data-large_image_width=\"1024\" data-large_image_height=\"682\"href='https:\/\/www.radiopiu.net\/wordpress\/wp-content\/uploads\/2022\/08\/IMG-20220821-WA0021.jpg'><img loading=\"lazy\" decoding=\"async\" width=\"150\" height=\"150\" src=\"https:\/\/www.radiopiu.net\/wordpress\/wp-content\/uploads\/2022\/08\/IMG-20220821-WA0021-150x150.jpg\" class=\"attachment-thumbnail size-thumbnail\" alt=\"\" \/><\/a>\n\t\t\t\t<\/dt><\/dl><br style=\"clear: both\" \/>\n\t\t\t<\/div>\n\n<p>&nbsp;<\/p>\n<hr \/>\n<p>&nbsp;<\/p>\n<blockquote>\n<h2><a class=\"dt-pswp-item\" href=\"https:\/\/www.radiopiu.net\/wordpress\/wp-content\/uploads\/2020\/08\/AAA-1.jpg\" data-dt-img-description=\"\" data-large_image_width=\"273\" data-large_image_height=\"404\"><img loading=\"lazy\" decoding=\"async\" class=\"wp-image-294329 alignleft\" src=\"https:\/\/www.radiopiu.net\/wordpress\/wp-content\/uploads\/2020\/08\/AAA-1-203x300.jpg\" alt=\"\" width=\"135\" height=\"200\" srcset=\"https:\/\/www.radiopiu.net\/wordpress\/wp-content\/uploads\/2020\/08\/AAA-1-203x300.jpg 203w, https:\/\/www.radiopiu.net\/wordpress\/wp-content\/uploads\/2020\/08\/AAA-1.jpg 273w\" sizes=\"auto, (max-width: 135px) 100vw, 135px\" \/><\/a>QUESTO L&#8217;HA TROVATO IL MIO NONNO&#8230;. LA STORIA CONTINUA<\/h2>\n<\/blockquote>\n<h1><\/h1>\n<h1>AGOSTO 2022\u00a0 Federico tra i funghi del nonno<\/h1>\n<p><strong>TAIBON<\/strong> In paese la domanda \u00e8 ricorrente. <em>&#8220;Chiss\u00e0 se nonno Fiore Bulf quest&#8217; anno ha insegnato al nipote Federico i posti per trovare i funghi,\u00a0 oppure se lo ha solo usato come modello per esibire il porcino da 2,100 chilogrammi&#8221;.<\/em><\/p>\n<p>Sicuramente un&#8217;altra gran bella sorpresa. Fiore non delude nemmeno in questa stagione, gi\u00e0 due anni fa aveva fatto il &#8220;botto&#8221; in due occasioni accontentando tanto Arianna che Federico&#8230; poi c&#8217;\u00e8 stato il covid, forse la &#8220;caccia&#8221; al porcino \u00e8 passata sotto traccia&#8230;oppure magari diritta in congelatore. Se la ride da sotto i baffi il Fiore di Taibon, ma nel frattempo \u00e8 ora di mettere su la polenta<\/p>\n<hr \/>\n<blockquote>\n<h1>AGOSTO 2020 la sorpresa per Arianna<\/h1>\n<\/blockquote>\n<p><strong><a class=\"dt-pswp-item\" href=\"https:\/\/www.radiopiu.net\/wordpress\/wp-content\/uploads\/2020\/08\/118010575_1168073706896515_1198339512208082559_n.jpg\" data-dt-img-description=\"\" data-large_image_width=\"540\" data-large_image_height=\"720\"><img loading=\"lazy\" decoding=\"async\" class=\" wp-image-155914 alignleft\" src=\"https:\/\/www.radiopiu.net\/wordpress\/wp-content\/uploads\/2020\/08\/118010575_1168073706896515_1198339512208082559_n-225x300.jpg\" alt=\"\" width=\"149\" height=\"199\" srcset=\"https:\/\/www.radiopiu.net\/wordpress\/wp-content\/uploads\/2020\/08\/118010575_1168073706896515_1198339512208082559_n-225x300.jpg 225w, https:\/\/www.radiopiu.net\/wordpress\/wp-content\/uploads\/2020\/08\/118010575_1168073706896515_1198339512208082559_n.jpg 540w\" sizes=\"auto, (max-width: 149px) 100vw, 149px\" \/><\/a><\/strong><\/p>\n<p>&nbsp;<\/p>\n<p><strong>TAIBON<\/strong> Dall&#8217;orgogliosa faccia di Arianna sembrerebbe proprio che il bel porcino lo abbia trovato lei tra i boschi dell&#8217;Agordino, ma poi sotto il sorriso l&#8217;ammissione e il <em>&#8220;bravo nonno Fiore&#8221;.\u00a0<\/em>Ancora una volta il buon Fiore Bulf ha portato a casa un magnifico esemplare di <em><a title=\"\" href=\"https:\/\/it.wikipedia.org\/wiki\/Boletus\">Boletus<\/a>\u00a0<\/em>e c&#8217;\u00e8 da scommetterci che da buon <em>taiboner non \u00e8 nemmeno la prima volta, men che meno l&#8217;ultima.\u00a0<\/em>A proposito non provate a chiedergli in quale angolo della Valle di San Lucano ha trovato il pregiato fungo, non ve lo dir\u00e0&#8230; non lo ha detto nemmeno alla figlia Linda.<\/p>\n<p>&nbsp;<\/p>\n<hr \/>\n<h1><\/h1>\n<h1>SETTEMBRE\u00a0 2020 il nonno cambia nipote ma non perde il vizio<\/h1>\n\n\t\t\t<style type='text\/css'>\n\t\t\t\t#gallery-7 {\n\t\t\t\t\tmargin: auto;\n\t\t\t\t}\n\t\t\t\t#gallery-7 .gallery-item {\n\t\t\t\t\tfloat: left;\n\t\t\t\t\tmargin-top: 10px;\n\t\t\t\t\ttext-align: center;\n\t\t\t\t\twidth: 50%;\n\t\t\t\t}\n\t\t\t\t#gallery-7 img {\n\t\t\t\t\tborder: 2px solid #cfcfcf;\n\t\t\t\t}\n\t\t\t\t#gallery-7 .gallery-caption {\n\t\t\t\t\tmargin-left: 0;\n\t\t\t\t}\n\t\t\t\t\/* see gallery_shortcode() in wp-includes\/media.php *\/\n\t\t\t<\/style>\n\t\t<div id='gallery-7' class='dt-gallery-container gallery galleryid-294162 gallery-columns-2 gallery-size-medium'><dl class='gallery-item'>\n\t\t\t\t<dt class='gallery-icon portrait'>\n\t\t\t\t\t<a class=\"rollover rollover-zoom dt-pswp-item\" title=\"118779373_312622856498813_2090698451273369594_n\" data-dt-img-description=\"\" data-large_image_width=\"153\" data-large_image_height=\"206\"href='https:\/\/www.radiopiu.net\/wordpress\/wp-content\/uploads\/2020\/08\/118779373_312622856498813_2090698451273369594_n.jpg'><img loading=\"lazy\" decoding=\"async\" width=\"153\" height=\"206\" src=\"https:\/\/www.radiopiu.net\/wordpress\/wp-content\/uploads\/2020\/08\/118779373_312622856498813_2090698451273369594_n.jpg\" class=\"attachment-medium size-medium\" alt=\"\" \/><\/a>\n\t\t\t\t<\/dt><\/dl><dl class='gallery-item'>\n\t\t\t\t<dt class='gallery-icon portrait'>\n\t\t\t\t\t<a class=\"rollover rollover-zoom dt-pswp-item\" title=\"118853737_624584741532953_4216523736554628512_n\" data-dt-img-description=\"\" data-large_image_width=\"155\" data-large_image_height=\"206\"href='https:\/\/www.radiopiu.net\/wordpress\/wp-content\/uploads\/2020\/08\/118853737_624584741532953_4216523736554628512_n.jpg'><img loading=\"lazy\" decoding=\"async\" width=\"155\" height=\"206\" src=\"https:\/\/www.radiopiu.net\/wordpress\/wp-content\/uploads\/2020\/08\/118853737_624584741532953_4216523736554628512_n.jpg\" class=\"attachment-medium size-medium\" alt=\"\" \/><\/a>\n\t\t\t\t<\/dt><\/dl><br style=\"clear: both\" \/>\n\t\t\t<\/div>\n\n<p>&nbsp;<\/p>\n<p>&nbsp;<\/p>\n<hr \/>\n<p>&nbsp;<\/p>\n<h1><\/h1>\n<h1><span style=\"color: #ff0000;\"><img loading=\"lazy\" decoding=\"async\" class=\"alignleft\" src=\"https:\/\/www.radiopiu.net\/wordpress\/wp-content\/uploads\/2018\/07\/vertical107_falcade.jpg\" width=\"191\" height=\"143\" \/>IERI ALLA RADIO\u00a0<\/span><\/h1>\n<h1><span style=\"color: #ff0000;\">\u00a0<\/span><\/h1>\n<p><span style=\"color: #ff0000;\"><span style=\"color: #000000;\"><strong>OSPITE CARLO ZANON\u00a0<\/strong><br \/>\n<\/span><\/span><\/p>\n<p>di Claudio Fontanive<\/p>\n<p>&nbsp;<\/p>\n<audio class=\"wp-audio-shortcode\" id=\"audio-294162-5\" preload=\"none\" style=\"width: 100%;\" controls=\"controls\"><source type=\"audio\/mpeg\" src=\"https:\/\/www.radiopiu.net\/wordpress\/wp-content\/uploads\/2021\/08\/carlo-zanon-vertical.mp3?_=5\" \/><a href=\"https:\/\/www.radiopiu.net\/wordpress\/wp-content\/uploads\/2021\/08\/carlo-zanon-vertical.mp3\">https:\/\/www.radiopiu.net\/wordpress\/wp-content\/uploads\/2021\/08\/carlo-zanon-vertical.mp3<\/a><\/audio>\n<p>&nbsp;<\/p>\n<p>&nbsp;<\/p>\n<hr \/>\n<p>&nbsp;<\/p>\n<h1><span style=\"color: #ff0000;\">IERI ALLA RADIO\u00a0<\/span><\/h1>\n<p>&nbsp;<\/p>\n<blockquote>\n<h3><strong><a class=\"dt-pswp-item\" href=\"https:\/\/www.radiopiu.net\/wordpress\/wp-content\/uploads\/2022\/07\/6f1a6003-1656-479c-aaa0-23ec141f2421.jpg\" data-dt-img-description=\"\" data-large_image_width=\"1024\" data-large_image_height=\"1024\"><img loading=\"lazy\" decoding=\"async\" class=\"size-thumbnail wp-image-287985 alignleft\" src=\"https:\/\/www.radiopiu.net\/wordpress\/wp-content\/uploads\/2022\/07\/6f1a6003-1656-479c-aaa0-23ec141f2421-150x150.jpg\" alt=\"\" width=\"150\" height=\"150\" srcset=\"https:\/\/www.radiopiu.net\/wordpress\/wp-content\/uploads\/2022\/07\/6f1a6003-1656-479c-aaa0-23ec141f2421-150x150.jpg 150w, https:\/\/www.radiopiu.net\/wordpress\/wp-content\/uploads\/2022\/07\/6f1a6003-1656-479c-aaa0-23ec141f2421-300x300.jpg 300w, https:\/\/www.radiopiu.net\/wordpress\/wp-content\/uploads\/2022\/07\/6f1a6003-1656-479c-aaa0-23ec141f2421-768x768.jpg 768w, https:\/\/www.radiopiu.net\/wordpress\/wp-content\/uploads\/2022\/07\/6f1a6003-1656-479c-aaa0-23ec141f2421.jpg 1024w\" sizes=\"auto, (max-width: 150px) 100vw, 150px\" \/><\/a><\/strong><\/h3>\n<p><strong>LA PUNTATA DEL 23 AGOSTO -ERIK MARCON<\/strong><\/p><\/blockquote>\n<audio class=\"wp-audio-shortcode\" id=\"audio-294162-6\" preload=\"none\" style=\"width: 100%;\" controls=\"controls\"><source type=\"audio\/mpeg\" src=\"https:\/\/www.radiopiu.net\/wordpress\/wp-content\/uploads\/2022\/08\/MUSLA-2.mp3?_=6\" \/><a href=\"https:\/\/www.radiopiu.net\/wordpress\/wp-content\/uploads\/2022\/08\/MUSLA-2.mp3\">https:\/\/www.radiopiu.net\/wordpress\/wp-content\/uploads\/2022\/08\/MUSLA-2.mp3<\/a><\/audio>\n<p>&nbsp;<\/p>\n<p><strong>LA RACCOLTA COMPLETA\u00a0<\/strong><\/p>\n<blockquote class=\"wp-embedded-content\" data-secret=\"wuKyvE6tpi\"><p><a href=\"https:\/\/www.radiopiu.net\/wordpress\/musla\/\">MUSLA<\/a><\/p><\/blockquote>\n<p><iframe loading=\"lazy\" class=\"wp-embedded-content\" sandbox=\"allow-scripts\" security=\"restricted\" style=\"position: absolute; clip: rect(1px, 1px, 1px, 1px);\" title=\"&#8220;MUSLA&#8221; &#8212; Radio Pi\u00f9\" src=\"https:\/\/www.radiopiu.net\/wordpress\/musla\/embed\/#?secret=RkUABRM0j9#?secret=wuKyvE6tpi\" data-secret=\"wuKyvE6tpi\" width=\"600\" height=\"338\" frameborder=\"0\" marginwidth=\"0\" marginheight=\"0\" scrolling=\"no\"><\/iframe><\/p>\n<p>&nbsp;<\/p>\n<p>&nbsp;<\/p>\n<hr \/>\n<p>&nbsp;<\/p>\n<div>\n<div class=\"b654a4as d2edcug0\">\n<div class=\"rq0escxv hkbzh7o3 jwdofwj8 n8tt0mok r8blr3vg hyh9befq\">\n<p><a class=\"dt-pswp-item\" href=\"https:\/\/www.radiopiu.net\/wordpress\/wp-content\/uploads\/2020\/10\/pp.jpg\" data-dt-img-description=\"\" data-large_image_width=\"640\" data-large_image_height=\"640\"><img loading=\"lazy\" decoding=\"async\" class=\"wp-image-163678 alignleft\" src=\"https:\/\/www.radiopiu.net\/wordpress\/wp-content\/uploads\/2020\/10\/pp-300x300.jpg\" alt=\"\" width=\"106\" height=\"106\" srcset=\"https:\/\/www.radiopiu.net\/wordpress\/wp-content\/uploads\/2020\/10\/pp-300x300.jpg 300w, https:\/\/www.radiopiu.net\/wordpress\/wp-content\/uploads\/2020\/10\/pp-150x150.jpg 150w, https:\/\/www.radiopiu.net\/wordpress\/wp-content\/uploads\/2020\/10\/pp-125x125.jpg 125w, https:\/\/www.radiopiu.net\/wordpress\/wp-content\/uploads\/2020\/10\/pp-200x200.jpg 200w, https:\/\/www.radiopiu.net\/wordpress\/wp-content\/uploads\/2020\/10\/pp-80x80.jpg 80w, https:\/\/www.radiopiu.net\/wordpress\/wp-content\/uploads\/2020\/10\/pp-480x480.jpg 480w, https:\/\/www.radiopiu.net\/wordpress\/wp-content\/uploads\/2020\/10\/pp.jpg 640w\" sizes=\"auto, (max-width: 106px) 100vw, 106px\" \/><\/a><\/p>\n<\/div>\n<\/div>\n<\/div>\n<div>\n<div class=\"page-title-head hgroup\">\n<div class=\"page-title-head hgroup\">\n<div class=\"b654a4as d2edcug0\">\n<div class=\"j83agx80 btwxx1t3 lhclo0ds hop8lmos nkwizq5d scwd0bx6 roh60bw9\">\n<div class=\"rq0escxv hkbzh7o3 jwdofwj8 n8tt0mok r8blr3vg hyh9befq\">\n<div class=\"do00u71z l9j0dhe7 k4urcfbm\">\n<h2><span style=\"color: #000080;\">DON CESARE, IL PENSIERO DEL GIORNO. ALLA RADIO ALLE 7 DEL MATTINO E ALLE 19.30 DELLA SERA.\u00a0<\/span><\/h2>\n<\/div>\n<\/div>\n<\/div>\n<\/div>\n<\/div>\n<\/div>\n<\/div>\n<div class=\"do00u71z l9j0dhe7 k4urcfbm\">\n<div class=\"page-title-head hgroup\">\n<div class=\"page-title-head hgroup\">\n<div class=\"b654a4as d2edcug0\">\n<div class=\"j83agx80 btwxx1t3 lhclo0ds hop8lmos nkwizq5d scwd0bx6 roh60bw9\">\n<div class=\"rq0escxv hkbzh7o3 jwdofwj8 n8tt0mok r8blr3vg hyh9befq\">\n<div class=\"do00u71z l9j0dhe7 k4urcfbm\">\n<div class=\"page-title-head hgroup\">\n<div class=\"page-title-head hgroup\">\n<div class=\"b654a4as d2edcug0\">\n<div class=\"j83agx80 btwxx1t3 lhclo0ds hop8lmos nkwizq5d scwd0bx6 roh60bw9\">\n<div class=\"rq0escxv hkbzh7o3 jwdofwj8 n8tt0mok r8blr3vg hyh9befq\">\n<div class=\"do00u71z l9j0dhe7 k4urcfbm\">\n<div class=\"ecm0bbzt e5nlhep0 a8c37x1j\">\n<div class=\"kvgmc6g5 cxmmr5t8 oygrvhab hcukyx3x c1et5uql\">\n<div class=\"gmail-kvgmc6g5 gmail-cxmmr5t8 gmail-oygrvhab gmail-hcukyx3x gmail-c1et5uql gmail-ii04i59q\">\n<div class=\"page-title-head hgroup\">\n<div class=\"page-title-head hgroup\">\n<div class=\"b654a4as d2edcug0\">\n<div class=\"j83agx80 btwxx1t3 lhclo0ds hop8lmos nkwizq5d scwd0bx6 roh60bw9\">\n<div class=\"rq0escxv hkbzh7o3 jwdofwj8 n8tt0mok r8blr3vg hyh9befq\">\n<div class=\"do00u71z l9j0dhe7 k4urcfbm\">\n<div class=\"page-title-head hgroup\">\n<div class=\"page-title-head hgroup\">\n<div class=\"b654a4as d2edcug0\">\n<div class=\"j83agx80 btwxx1t3 lhclo0ds hop8lmos nkwizq5d scwd0bx6 roh60bw9\">\n<div class=\"rq0escxv hkbzh7o3 jwdofwj8 n8tt0mok r8blr3vg hyh9befq\">\n<div class=\"do00u71z l9j0dhe7 k4urcfbm\">\n<div class=\"page-title-head hgroup\">\n<div class=\"page-title-head hgroup\">\n<div class=\"b654a4as d2edcug0\">\n<div class=\"j83agx80 btwxx1t3 lhclo0ds hop8lmos nkwizq5d scwd0bx6 roh60bw9\">\n<div class=\"rq0escxv hkbzh7o3 jwdofwj8 n8tt0mok r8blr3vg hyh9befq\">\n<div class=\"do00u71z l9j0dhe7 k4urcfbm\">\n<div class=\"ecm0bbzt e5nlhep0 a8c37x1j\">\n<div class=\"kvgmc6g5 cxmmr5t8 oygrvhab hcukyx3x c1et5uql\">\n<div class=\"gmail-kvgmc6g5 gmail-cxmmr5t8 gmail-oygrvhab gmail-hcukyx3x gmail-c1et5uql gmail-ii04i59q\">\n<div class=\"page-title-head hgroup\">\n<div class=\"page-title-head hgroup\">\n<div class=\"b654a4as d2edcug0\">\n<div class=\"j83agx80 btwxx1t3 lhclo0ds hop8lmos nkwizq5d scwd0bx6 roh60bw9\">\n<div class=\"rq0escxv hkbzh7o3 jwdofwj8 n8tt0mok r8blr3vg hyh9befq\">\n<div class=\"do00u71z l9j0dhe7 k4urcfbm\">\n<audio class=\"wp-audio-shortcode\" id=\"audio-294162-7\" preload=\"none\" style=\"width: 100%;\" controls=\"controls\"><source type=\"audio\/mpeg\" src=\"https:\/\/www.radiopiu.net\/wordpress\/wp-content\/uploads\/2022\/08\/CESARE-16.mp3?_=7\" \/><a href=\"https:\/\/www.radiopiu.net\/wordpress\/wp-content\/uploads\/2022\/08\/CESARE-16.mp3\">https:\/\/www.radiopiu.net\/wordpress\/wp-content\/uploads\/2022\/08\/CESARE-16.mp3<\/a><\/audio>\n<p>&nbsp;<\/p>\n<hr \/>\n<p>&nbsp;<\/p>\n<blockquote class=\"wp-embedded-content\" data-secret=\"20iAHFM4IC\"><p><a href=\"https:\/\/www.radiopiu.net\/wordpress\/in-cammino-verso-la-beatificazione-di-papa-luciani-giovanni-paolo-i\/\">IN CAMMINO VERSO LA BEATIFICAZIONE DI PAPA LUCIANI, GIOVANNI PAOLO I<\/a><\/p><\/blockquote>\n<p><iframe loading=\"lazy\" class=\"wp-embedded-content\" sandbox=\"allow-scripts\" security=\"restricted\" style=\"position: absolute; clip: rect(1px, 1px, 1px, 1px);\" title=\"&#8220;IN CAMMINO VERSO LA BEATIFICAZIONE DI PAPA LUCIANI, GIOVANNI PAOLO I&#8221; &#8212; Radio Pi\u00f9\" src=\"https:\/\/www.radiopiu.net\/wordpress\/in-cammino-verso-la-beatificazione-di-papa-luciani-giovanni-paolo-i\/embed\/#?secret=Wm1HVHDISB#?secret=20iAHFM4IC\" data-secret=\"20iAHFM4IC\" width=\"600\" height=\"338\" frameborder=\"0\" marginwidth=\"0\" marginheight=\"0\" scrolling=\"no\"><\/iframe><\/p>\n<p>&nbsp;<\/p>\n<hr \/>\n<p>&nbsp;<\/p>\n<p><span style=\"color: #0000ff;\">MUSICA PIU&#8217;\u00a0<\/span><\/p>\n<p><a href=\"https:\/\/www.radiopiu.net\/wordpress\/giornale-radiopiu-20-settembre-2021-direttore-mirko-mezzacasa\/pp-79\/\" rel=\"attachment wp-att-232921\"><img loading=\"lazy\" decoding=\"async\" class=\"wp-image-232921 alignleft\" src=\"https:\/\/www.radiopiu.net\/wordpress\/wp-content\/uploads\/2021\/09\/pp-1-300x300.jpg\" alt=\"\" width=\"135\" height=\"135\" srcset=\"https:\/\/www.radiopiu.net\/wordpress\/wp-content\/uploads\/2021\/09\/pp-1-300x300.jpg 300w, https:\/\/www.radiopiu.net\/wordpress\/wp-content\/uploads\/2021\/09\/pp-1-150x150.jpg 150w, https:\/\/www.radiopiu.net\/wordpress\/wp-content\/uploads\/2021\/09\/pp-1.jpg 640w\" sizes=\"auto, (max-width: 135px) 100vw, 135px\" \/><\/a><\/p>\n<div class=\"mkdf-post-text\">\n<div class=\"mkdf-post-text-inner\">\n<div class=\"mkdf-post-text-main\">\n<div class=\"mkdf-post-text\">\n<div class=\"mkdf-post-text-inner\">\n<div class=\"mkdf-post-text-main\">\n<div class=\"mkdf-post-text\">\n<div class=\"mkdf-post-text-inner\">\n<div class=\"mkdf-post-text-main\">\n<div class=\"page-title-head hgroup\">\n<div class=\"page-title-head hgroup\">\n<div class=\"mkdf-post-text\">\n<div class=\"mkdf-post-text-inner\">\n<div class=\"mkdf-post-text-main\">\n<div class=\"mkdf-post-text\">\n<div class=\"mkdf-post-text-inner\">\n<div class=\"mkdf-post-text-main\">\n<div class=\"page-title-head hgroup\">\n<div class=\"page-title-head hgroup\">\n<div class=\"page-title-head hgroup\">\n<div class=\"page-title-head hgroup\">\n<div class=\"b654a4as d2edcug0\">\n<div class=\"page-title-head hgroup\">\n<div class=\"page-title-head hgroup\">\n<div class=\"page-title-head hgroup\">\n<div class=\"page-title-head hgroup\">\n<div class=\"b654a4as d2edcug0\">\n<div class=\"page-title-head hgroup\">\n<div class=\"page-title-head hgroup\">\n<div class=\"page-title-head hgroup\">\n<div class=\"page-title-head hgroup\">\n<div class=\"b654a4as d2edcug0\">\n<div class=\"mkdf-post-text\">\n<div class=\"mkdf-post-text-inner\">\n<div class=\"mkdf-post-text-main\">\n<div class=\"mkdf-post-text\">\n<div class=\"mkdf-post-text-inner\">\n<div class=\"mkdf-post-text-main\">\n<div class=\"mkdf-post-text\">\n<div class=\"mkdf-post-text-inner\">\n<div class=\"mkdf-post-text-main\">\n<div class=\"page-title-head hgroup\">\n<div class=\"page-title-head hgroup\">\n<div class=\"mkdf-post-text\">\n<div class=\"mkdf-post-text-inner\">\n<div class=\"mkdf-post-text-main\">\n<div class=\"mkdf-post-text\">\n<div class=\"mkdf-post-text-inner\">\n<div class=\"mkdf-post-text-main\">\n<div class=\"page-title-head hgroup\">\n<div class=\"page-title-head hgroup\">\n<div class=\"page-title-head hgroup\">\n<div class=\"page-title-head hgroup\">\n<div class=\"b654a4as d2edcug0\">\n<div class=\"page-title-head hgroup\">\n<div class=\"page-title-head hgroup\">\n<div class=\"page-title-head hgroup\">\n<div class=\"page-title-head hgroup\">\n<div class=\"b654a4as d2edcug0\">\n<div class=\"page-title-head hgroup\">\n<div class=\"page-title-head hgroup\">\n<div class=\"page-title-head hgroup\">\n<div class=\"page-title-head hgroup\">\n<div class=\"b654a4as d2edcug0\">\n<div><\/div>\n<div><\/div>\n<div>\n<p><strong>MUSICA ALLA RADIO, IL PROGRAMMA DI LORIS SCUSSEL &#8220;COLLAGE OPERAZIONE NOSTALGIA&#8221; DAL LUNEDI AL VENERDI ALLE 16.00\u00a0 E ALLE 23\u00a0<\/strong><\/p>\n<\/div>\n<\/div>\n<p>&nbsp;<\/p>\n<p>&nbsp;<\/p>\n<div class=\"b654a4as d2edcug0\">\n<p><strong class=\"photoswipe-wrapper\"><a class=\"dt-pswp-item pspw-wrap-ready\" href=\"https:\/\/www.radiopiu.net\/wordpress\/wp-content\/uploads\/2022\/08\/Gaber.jpg\" data-dt-img-description=\"\" data-large_image_width=\"225\" data-large_image_height=\"225\"><img loading=\"lazy\" decoding=\"async\" class=\"size-thumbnail wp-image-293797 alignleft\" src=\"https:\/\/www.radiopiu.net\/wordpress\/wp-content\/uploads\/2022\/08\/Gaber-150x150.jpg\" sizes=\"auto, (max-width: 150px) 100vw, 150px\" srcset=\"https:\/\/www.radiopiu.net\/wordpress\/wp-content\/uploads\/2022\/08\/Gaber-150x150.jpg 150w, https:\/\/www.radiopiu.net\/wordpress\/wp-content\/uploads\/2022\/08\/Gaber.jpg 225w\" alt=\"\" width=\"150\" height=\"150\" \/><\/a>di Loris Scussel<\/strong><\/p>\n<p>La nuova settimana di Collage operazione nostalgia si apre con la musica italiana degli anni 60 poi ascolteremo alcuni brani classici rivistati in chiave moderna. Ancora canzoni ispirate a vicende di cronaca come i casi Mattei e Rubin \u201cHurricane\u201d Carter per proseguire con pezzi originali diventati cover famose in italiano, per chiudere in bellezza proporremo un menu a base di spaghetti, barbera e champagne e naturalmente una buona \u201ctazzulella e caf\u00e8\u201d. Collage va in onda dal luned\u00ec al venerd\u00ec alle 16,00 e alle 23,00 naturalmente su Radio Pi\u00f9.<\/p>\n<\/div>\n<\/div>\n<\/div>\n<\/div>\n<\/div>\n<\/div>\n<\/div>\n<\/div>\n<\/div>\n<\/div>\n<\/div>\n<\/div>\n<\/div>\n<\/div>\n<\/div>\n<\/div>\n<\/div>\n<\/div>\n<\/div>\n<\/div>\n<\/div>\n<\/div>\n<\/div>\n<\/div>\n<\/div>\n<\/div>\n<\/div>\n<\/div>\n<\/div>\n<\/div>\n<\/div>\n<\/div>\n<\/div>\n<\/div>\n<\/div>\n<\/div>\n<\/div>\n<\/div>\n<\/div>\n<\/div>\n<\/div>\n<\/div>\n<\/div>\n<\/div>\n<\/div>\n<\/div>\n<\/div>\n<\/div>\n<\/div>\n<\/div>\n<\/div>\n<\/div>\n<\/div>\n<\/div>\n<\/div>\n<\/div>\n<\/div>\n<\/div>\n<\/div>\n<\/div>\n<\/div>\n<\/div>\n<\/div>\n<\/div>\n<div>\n<div class=\"page-title-head hgroup\">\n<div class=\"page-title-head hgroup\">\n<div class=\"page-title-head hgroup\">\n<div class=\"page-title-head hgroup\">\n<div class=\"b654a4as d2edcug0\">\n<div class=\"page-title-head hgroup\">\n<div class=\"page-title-head hgroup\">\n<div class=\"page-title-head hgroup\">\n<div class=\"page-title-head hgroup\">\n<div class=\"b654a4as d2edcug0\">\n<div class=\"page-title-head hgroup\">\n<div class=\"page-title-head hgroup\">\n<div class=\"page-title-head hgroup\">\n<div class=\"page-title-head hgroup\">\n<div class=\"page-title-head hgroup\">\n<div class=\"page-title-head hgroup\">\n<div class=\"page-title-head hgroup\">\n<div class=\"page-title-head hgroup\">\n<div class=\"page-title-head hgroup\">\n<div class=\"b654a4as d2edcug0\">\n<div class=\"page-title-head hgroup\">\n<div class=\"page-title-head hgroup\">\n<div class=\"page-title-head hgroup\">\n<div class=\"page-title-head hgroup\">\n<div class=\"b654a4as d2edcug0\">\n<div class=\"page-title-head hgroup\">\n<div class=\"page-title-head hgroup\">\n<div class=\"page-title-head hgroup\">\n<div class=\"page-title-head hgroup\">\n<div class=\"page-title-head hgroup\">\n<div class=\"mkdf-post-text\">\n<div class=\"mkdf-post-text-inner\">\n<div class=\"mkdf-post-text-main\">\n<div class=\"mkdf-post-text\">\n<div class=\"mkdf-post-text-inner\">\n<div class=\"mkdf-post-text-main\">\n<div class=\"mkdf-post-text\">\n<div class=\"mkdf-post-text-inner\">\n<div class=\"mkdf-post-text-main\">\n<div class=\"page-title-head hgroup\">\n<div class=\"page-title-head hgroup\">\n<div class=\"mkdf-post-text\">\n<div class=\"mkdf-post-text-inner\">\n<div class=\"mkdf-post-text-main\">\n<div class=\"mkdf-post-text\">\n<div class=\"mkdf-post-text-inner\">\n<div class=\"mkdf-post-text-main\">\n<div class=\"page-title-head hgroup\">\n<div class=\"page-title-head hgroup\">\n<div class=\"page-title-head hgroup\">\n<div class=\"page-title-head hgroup\">\n<div class=\"b654a4as d2edcug0\">\n<div class=\"page-title-head hgroup\">\n<div class=\"page-title-head hgroup\">\n<div class=\"page-title-head hgroup\">\n<div class=\"page-title-head hgroup\">\n<div class=\"b654a4as d2edcug0\">\n<div class=\"page-title-head hgroup\">\n<div class=\"page-title-head hgroup\">\n<div class=\"page-title-head hgroup\">\n<p>&nbsp;<\/p>\n<p>&nbsp;<\/p>\n<p>&nbsp;<\/p>\n<hr \/>\n<p>&nbsp;<\/p>\n<p><a class=\"dt-pswp-item\" href=\"https:\/\/www.radiopiu.net\/wordpress\/wp-content\/uploads\/2018\/09\/WhatsApp-Image-2018-09-20-at-16.04.06.jpeg\" data-dt-img-description=\"\" data-large_image_width=\"800\" data-large_image_height=\"100\"><img loading=\"lazy\" decoding=\"async\" class=\"aligncenter wp-image-61378 size-full\" src=\"https:\/\/www.radiopiu.net\/wordpress\/wp-content\/uploads\/2018\/09\/WhatsApp-Image-2018-09-20-at-16.04.06.jpeg\" alt=\"\" width=\"800\" height=\"100\" srcset=\"https:\/\/www.radiopiu.net\/wordpress\/wp-content\/uploads\/2018\/09\/WhatsApp-Image-2018-09-20-at-16.04.06.jpeg 800w, https:\/\/www.radiopiu.net\/wordpress\/wp-content\/uploads\/2018\/09\/WhatsApp-Image-2018-09-20-at-16.04.06-300x38.jpeg 300w, https:\/\/www.radiopiu.net\/wordpress\/wp-content\/uploads\/2018\/09\/WhatsApp-Image-2018-09-20-at-16.04.06-768x96.jpeg 768w\" sizes=\"auto, (max-width: 800px) 100vw, 800px\" \/><\/a><\/p>\n<p>&nbsp;<\/p>\n<p><center><b>Mercoledi 24<\/b><\/center><b>Tempo atteso: <\/b>Ancora tempo stabile e soleggiato con innocui addensamenti nuvolosi diurni in prossimit\u00e0 delle cime.<br \/>\n<b>Precipitazioni: <\/b>Assenti (0%).<br \/>\n<b>Temperature: <\/b>Senza notevoli variazioni, salvo delle lievi diminuzioni delle minime nelle valli dolomitiche e dei lievi aumenti in alta montagna. Su Prealpi a 1500 m min 14\u00b0C, max 20\u00b0C; a 2000 m min 9\u00b0C, max 17\u00b0C. Su Dolomiti a 2000 m min 8\u00b0C, max 16\u00b0C; a 3000 m min 2\u00b0C, max 6\u00b0C.<br \/>\n<b>Venti: <\/b>Nelle valli deboli al mattino in moderato rinforzo dalle ore centrali a regime di brezza; in quota ancora deboli o moderati dai quadranti settentrionali, a 10-20 km\/h sia a 2000 m che a 3000 m.<\/p>\n<hr \/>\n<p><center><b>Giovedi 25<\/b><\/center><b>Tempo atteso: <\/b>Ancora una giornata soleggiata specie nella prima parte, con formazione di modesti cumuli limitati alle alte quote al mattino, un po&#8217; pi\u00f9 estesi rispetto ai giorni precedenti anche nelle valli durante le ore pomeridiane, specie sulle Dolomiti con ulteriore intensificazione della nuvolosit\u00e0 dalla sera.<br \/>\n<b>Precipitazioni: <\/b>Al mattino e per gran parte del pomeriggio generalmente assenti, salvo qualche breve piovasco pomeridiano (10%). Probabilit\u00e0 in lieve aumento dalla sera\/notte (30\/40%) di qualche pioggia associata a qualche rovescio o temporale.<br \/>\n<b>Temperature: <\/b>In aumento, specie le minime su valori di poco pi\u00f9 alti della norma. Su Prealpi a 1500 m min 15\u00b0C, max 20\u00b0C; a 2000 m min 11\u00b0C, max 18\u00b0C. Su Dolomiti a 2000 m min 11\u00b0C, max 17\u00b0C; a 3000 m min 4\u00b0C, max 8\u00b0C.<br \/>\n<b>Venti: <\/b>Nelle valli generalmente deboli al mattino, in moderato rinforzo a regime di brezza nelle ore pi\u00f9 calde; in alta montagna deboli o moderati dai quadranti settentrionali, a 5-10 km\/h a 2000 m e a 5-15 Km\/h a 3000 m.<\/p>\n<hr \/>\n<p><center><b>Venerdi 26<\/b><\/center>Tempo pi\u00f9 variabile rispetto ai giorni precedenti, con cielo generalmente poco o parzialmente nuvoloso al mattino, nuvoloso o molto nuvoloso dalle ore centrali con possibili precipitazioni sparse, specie sulle Dolomiti, anche con rovesci o temporali. Temperature minime stazionarie o in ulteriore lieve aumento, massime senza variazioni di rilievo o in lieve calo su valori prossimi alla norma. Venti in quota in prevalenza deboli ancora settentrionali.<\/p>\n<hr \/>\n<p><center><b>Sabato 27<\/b><\/center>Giornata variabile a tratti instabile con annuvolamenti e qualche schiarita e possibili precipitazioni sparse a tratti diffuse e intermittenti anche con qualche rovescio o temporale. Temperature in calo, specie le massime, di qualche grado al di sotto della norma. Venti in quota deboli o moderati da sud-ovest. Previsore: M.Padoan<\/p>\n<p>&nbsp;<\/p>\n<hr \/>\n<p>&nbsp;<\/p>\n<p><a href=\"https:\/\/www.radiopiu.net\/wordpress\/giornale-radiopiu-26-settembre-2018-direttore-mirko-mezzacasa\/viabilita-2\/\" rel=\"attachment wp-att-61954\"><img loading=\"lazy\" decoding=\"async\" class=\"aligncenter wp-image-61954 size-full\" src=\"https:\/\/www.radiopiu.net\/wordpress\/wp-content\/uploads\/2018\/09\/viabilita.jpeg\" sizes=\"auto, (max-width: 800px) 100vw, 800px\" srcset=\"https:\/\/www.radiopiu.net\/wordpress\/wp-content\/uploads\/2018\/09\/viabilita.jpeg 800w, https:\/\/www.radiopiu.net\/wordpress\/wp-content\/uploads\/2018\/09\/viabilita-300x38.jpeg 300w, https:\/\/www.radiopiu.net\/wordpress\/wp-content\/uploads\/2018\/09\/viabilita-768x96.jpeg 768w\" alt=\"\" width=\"800\" height=\"100\" \/><\/a><\/p>\n<blockquote>\n<h3><\/h3>\n<h3>GALLERIA DI SEGUSINO CHIUSA PER 4 MESI<\/h3>\n<\/blockquote>\n<p><strong><a class=\"dt-pswp-item\" href=\"https:\/\/www.radiopiu.net\/wordpress\/wp-content\/uploads\/2020\/05\/VENETO-STRADE.png\" data-dt-img-description=\"\" data-large_image_width=\"400\" data-large_image_height=\"400\"><img loading=\"lazy\" decoding=\"async\" class=\" wp-image-135574 alignleft\" src=\"https:\/\/www.radiopiu.net\/wordpress\/wp-content\/uploads\/2020\/05\/VENETO-STRADE-150x150.png\" alt=\"\" width=\"102\" height=\"102\" srcset=\"https:\/\/www.radiopiu.net\/wordpress\/wp-content\/uploads\/2020\/05\/VENETO-STRADE-150x150.png 150w, https:\/\/www.radiopiu.net\/wordpress\/wp-content\/uploads\/2020\/05\/VENETO-STRADE-300x300.png 300w, https:\/\/www.radiopiu.net\/wordpress\/wp-content\/uploads\/2020\/05\/VENETO-STRADE.png 400w\" sizes=\"auto, (max-width: 102px) 100vw, 102px\" \/><\/a><\/strong><\/p>\n<p><strong>SEGUSINO<\/strong> Fino al 4 novembre, compresi sabati domeniche e festivi infrasettimanali, un&#8217;interdizione totale al transito per l&#8217;intera tratta della galleria di Segusino in seguito a dei lavori per messa in sicurezza della condotta acquedottistica<\/p>\n<p><strong>RIVAMONTE<\/strong> Veneto Strade comunica che lungo la SP 3 della Valle Imperina, a Gona di Conedera \u00e8\u00a0 istituito un senso unico alternato regolato da semaforo fino al 29 agosto compresi sabato domenica e festivi. Senso unico necessario per consentire i lavori di consolidamento della strada.<\/p>\n<blockquote class=\"wp-embedded-content\" data-secret=\"qegCTRKIaa\"><p><a href=\"https:\/\/www.radiopiu.net\/wordpress\/viabilita\/\">viabilita<\/a><\/p><\/blockquote>\n<p><iframe loading=\"lazy\" class=\"wp-embedded-content\" sandbox=\"allow-scripts\" security=\"restricted\" style=\"position: absolute; clip: rect(1px, 1px, 1px, 1px);\" title=\"&#8220;viabilita&#8221; &#8212; Radio Pi\u00f9\" src=\"https:\/\/www.radiopiu.net\/wordpress\/viabilita\/embed\/#?secret=pp5ufT2hf6#?secret=qegCTRKIaa\" data-secret=\"qegCTRKIaa\" width=\"600\" height=\"338\" frameborder=\"0\" marginwidth=\"0\" marginheight=\"0\" scrolling=\"no\"><\/iframe><\/p>\n<p>&nbsp;<\/p>\n<hr \/>\n<p>&nbsp;<\/p>\n<p>&nbsp;<\/p>\n<p><img loading=\"lazy\" decoding=\"async\" class=\"wp-image-60761 size-full aligncenter\" src=\"https:\/\/www.radiopiu.net\/wordpress\/wp-content\/uploads\/2018\/09\/sport.jpg\" alt=\"\" width=\"800\" height=\"100\" srcset=\"https:\/\/www.radiopiu.net\/wordpress\/wp-content\/uploads\/2018\/09\/sport.jpg 800w, https:\/\/www.radiopiu.net\/wordpress\/wp-content\/uploads\/2018\/09\/sport-300x38.jpg 300w, https:\/\/www.radiopiu.net\/wordpress\/wp-content\/uploads\/2018\/09\/sport-768x96.jpg 768w\" sizes=\"auto, (max-width: 800px) 100vw, 800px\" \/><\/p>\n<\/div>\n<\/div>\n<\/div>\n<div class=\"page-title-head hgroup\">\n<div class=\"page-title-head hgroup\">\n<p>&nbsp;<\/p>\n<p><strong><span style=\"color: #0000ff;\">CORSA\u00a0\u00a0<\/span><\/strong><\/p>\n<div style=\"width: 848px;\" class=\"wp-video\"><video class=\"wp-video-shortcode\" id=\"video-294162-4\" width=\"848\" height=\"480\" preload=\"metadata\" controls=\"controls\"><source type=\"video\/mp4\" src=\"https:\/\/www.radiopiu.net\/wordpress\/wp-content\/uploads\/2022\/08\/WhatsApp-Video-2022-08-24-at-05.40.23.mp4?_=4\" \/><a href=\"https:\/\/www.radiopiu.net\/wordpress\/wp-content\/uploads\/2022\/08\/WhatsApp-Video-2022-08-24-at-05.40.23.mp4\">https:\/\/www.radiopiu.net\/wordpress\/wp-content\/uploads\/2022\/08\/WhatsApp-Video-2022-08-24-at-05.40.23.mp4<\/a><\/video><\/div>\n<p>&nbsp;<\/p>\n<h3>MARTINA VALMASSOI ALLA UTMB MONT-BLANC: PRIMA E BASTA!!!<\/h3>\n<p>collaborazione William Da Roit.<strong>\u00a0<\/strong><\/p>\n<p><strong><a class=\"dt-pswp-item\" href=\"https:\/\/www.radiopiu.net\/wordpress\/wp-content\/uploads\/2022\/08\/Schermata-2022-08-23-alle-16.18.32.png\" data-dt-img-description=\"\" data-large_image_width=\"1242\" data-large_image_height=\"860\"><img loading=\"lazy\" decoding=\"async\" class=\"size-thumbnail wp-image-294288 alignleft\" src=\"https:\/\/www.radiopiu.net\/wordpress\/wp-content\/uploads\/2022\/08\/Schermata-2022-08-23-alle-16.18.32-150x150.png\" alt=\"\" width=\"150\" height=\"150\" \/><\/a>REDAZIONE<\/strong> Martina Valmassoi trionfa a Chamonix in Francia all\u2019Ultra Trail del Monte Bianco dominando dal primo all\u2019ultimo km! 22 ore e 42 minuti per percorrere gli impegnativi 147 km della gara pi\u00f9 prestigiosa del mondo!<\/p>\n<p>Semplicemente grande!<\/p>\n<p><b>Martina Valmassoi<\/b>\u00a0(born 26 July 1989 in\u00a0<a title=\"Pieve di Cadore\" href=\"https:\/\/en.wikipedia.org\/wiki\/Pieve_di_Cadore\">Pieve di Cadore<\/a>) is an Italian\u00a0<a class=\"mw-redirect\" title=\"\" href=\"https:\/\/en.wikipedia.org\/wiki\/Ski_mountaineer\">ski mountaineer<\/a>.<\/p>\n<p><em>&#8220;\u00c8 stata una lunga giornata pazzesca con un sacco di alti e bassi &#8211; letteralmente! Ma sono agli ultimi chilometri per arrivare al traguardo a Chamonix \u00a0Grazie ragazzi per avermi tifato giorno e notte. Ho imparato a non pentirmi. Commettere errori implica credere. Credere in quello che si sta facendo \u00e8 ci\u00f2 che si fa andare avanti e per farlo bisogna agire bisogna fare delle scelte e questo non sempre porta al successo ma al fallimento. Ma io questa vita la vivo perch\u00e9 mi piace imparare e se questo significa continuare a provare, sono qui per questo. Preferisco fallire ma provarci piuttosto che rimpiangere di non aver avuto il coraggio di andare avanti&#8221;<\/em><\/p>\n<p>&nbsp;<\/p>\n\n\t\t\t<style type='text\/css'>\n\t\t\t\t#gallery-8 {\n\t\t\t\t\tmargin: auto;\n\t\t\t\t}\n\t\t\t\t#gallery-8 .gallery-item {\n\t\t\t\t\tfloat: left;\n\t\t\t\t\tmargin-top: 10px;\n\t\t\t\t\ttext-align: center;\n\t\t\t\t\twidth: 25%;\n\t\t\t\t}\n\t\t\t\t#gallery-8 img {\n\t\t\t\t\tborder: 2px solid #cfcfcf;\n\t\t\t\t}\n\t\t\t\t#gallery-8 .gallery-caption {\n\t\t\t\t\tmargin-left: 0;\n\t\t\t\t}\n\t\t\t\t\/* see gallery_shortcode() in wp-includes\/media.php *\/\n\t\t\t<\/style>\n\t\t<div id='gallery-8' class='dt-gallery-container gallery galleryid-294162 gallery-columns-4 gallery-size-thumbnail'><dl class='gallery-item'>\n\t\t\t\t<dt class='gallery-icon landscape'>\n\t\t\t\t\t<a class=\"rollover rollover-zoom dt-pswp-item\" title=\"22\" data-dt-img-description=\"\" data-large_image_width=\"354\" data-large_image_height=\"321\"href='https:\/\/www.radiopiu.net\/wordpress\/wp-content\/uploads\/2022\/08\/22.jpg'><img loading=\"lazy\" decoding=\"async\" width=\"150\" height=\"150\" src=\"https:\/\/www.radiopiu.net\/wordpress\/wp-content\/uploads\/2022\/08\/22-150x150.jpg\" class=\"attachment-thumbnail size-thumbnail\" alt=\"\" \/><\/a>\n\t\t\t\t<\/dt><\/dl><dl class='gallery-item'>\n\t\t\t\t<dt class='gallery-icon landscape'>\n\t\t\t\t\t<a class=\"rollover rollover-zoom dt-pswp-item\" title=\"aaa\" data-dt-img-description=\"\" data-large_image_width=\"410\" data-large_image_height=\"363\"href='https:\/\/www.radiopiu.net\/wordpress\/wp-content\/uploads\/2022\/08\/aaa-26.jpg'><img loading=\"lazy\" decoding=\"async\" width=\"150\" height=\"150\" src=\"https:\/\/www.radiopiu.net\/wordpress\/wp-content\/uploads\/2022\/08\/aaa-26-150x150.jpg\" class=\"attachment-thumbnail size-thumbnail\" alt=\"\" \/><\/a>\n\t\t\t\t<\/dt><\/dl><dl class='gallery-item'>\n\t\t\t\t<dt class='gallery-icon landscape'>\n\t\t\t\t\t<a class=\"rollover rollover-zoom dt-pswp-item\" title=\"44444\" data-dt-img-description=\"\" data-large_image_width=\"347\" data-large_image_height=\"215\"href='https:\/\/www.radiopiu.net\/wordpress\/wp-content\/uploads\/2022\/08\/44444.jpg'><img loading=\"lazy\" decoding=\"async\" width=\"150\" height=\"150\" src=\"https:\/\/www.radiopiu.net\/wordpress\/wp-content\/uploads\/2022\/08\/44444-150x150.jpg\" class=\"attachment-thumbnail size-thumbnail\" alt=\"\" \/><\/a>\n\t\t\t\t<\/dt><\/dl><dl class='gallery-item'>\n\t\t\t\t<dt class='gallery-icon landscape'>\n\t\t\t\t\t<a class=\"rollover rollover-zoom dt-pswp-item\" title=\"555555555\" data-dt-img-description=\"\" data-large_image_width=\"324\" data-large_image_height=\"200\"href='https:\/\/www.radiopiu.net\/wordpress\/wp-content\/uploads\/2022\/08\/555555555.jpg'><img loading=\"lazy\" decoding=\"async\" width=\"150\" height=\"150\" src=\"https:\/\/www.radiopiu.net\/wordpress\/wp-content\/uploads\/2022\/08\/555555555-150x150.jpg\" class=\"attachment-thumbnail size-thumbnail\" alt=\"\" \/><\/a>\n\t\t\t\t<\/dt><\/dl><br style=\"clear: both\" \/>\n\t\t\t<\/div>\n\n<hr \/>\n<p>&nbsp;<\/p>\n<p>&nbsp;<\/p>\n<p><span style=\"color: #0000ff;\"><strong>CALCIO<\/strong><\/span><\/p>\n<blockquote>\n<h3>RIPARTE L&#8217;ATTIVITA&#8217; GIOVANILE DELL&#8217;AGORDINA CALCIO<\/h3>\n<\/blockquote>\n<p><strong><a class=\"dt-pswp-item\" href=\"https:\/\/www.radiopiu.net\/wordpress\/wp-content\/uploads\/2019\/09\/AGORDINA-CALCIO.jpeg\" data-dt-img-description=\"\" data-large_image_width=\"225\" data-large_image_height=\"225\"><img loading=\"lazy\" decoding=\"async\" class=\"size-thumbnail wp-image-97575 alignleft\" src=\"https:\/\/www.radiopiu.net\/wordpress\/wp-content\/uploads\/2019\/09\/AGORDINA-CALCIO-150x150.jpeg\" alt=\"\" width=\"150\" height=\"150\" srcset=\"https:\/\/www.radiopiu.net\/wordpress\/wp-content\/uploads\/2019\/09\/AGORDINA-CALCIO-150x150.jpeg 150w, https:\/\/www.radiopiu.net\/wordpress\/wp-content\/uploads\/2019\/09\/AGORDINA-CALCIO.jpeg 225w\" sizes=\"auto, (max-width: 150px) 100vw, 150px\" \/><\/a>AGORDO<\/strong> L&#8217;Agordina \u00e8 pronta per far cresce il suo vivaio e lo far\u00e0 a partire dal 5 settembre, data in cui riapre la scuola calcio. Allenamenti dedicati ai giovani nati tra il 2010 e il 2017 che si svolgeranno presso il campo sintetico di Taibon e, Novit\u00e0, anche alla &#8220;Bombonera&#8221; di Cencenighe per avvicinare all&#8217;Agordina anche i giovani della Valle del Biois e Alto Agordino. Chi fosse interessato ad iscrivere il proprio figlio o far provare i primi calci pu\u00f2 contattare il presidente Cosmo Forcella al 349 5686001. Intanto, in previsione della nuova stagione calcistica, l&#8217;USD Agordina organizza stasera alle 20:30 presso la Sala della Biblioteca di Agordo un incontro per i genitori dei ragazzi delle categorie Esordienti, Pulcini, Piccoli Amici e Primi Calci per far conoscere le novit\u00e0 e la programmazione per la stagione che inizier\u00e0 con i primi di settembre.<\/p>\n<p>&nbsp;<\/p>\n<hr \/>\n<p>&nbsp;<\/p>\n<p>&nbsp;<\/p>\n<blockquote>\n<h3>IL GOSALDO SI AGGIUDICA IL TROFEO DEL CENTENARIO A FRASSENE&#8217;<\/h3>\n<\/blockquote>\n<p><strong><a class=\"dt-pswp-item\" href=\"https:\/\/www.radiopiu.net\/wordpress\/wp-content\/uploads\/2022\/08\/8dd9920b-4238-4b28-af6e-bda9bdd48268.jpg\" data-dt-img-description=\"\" data-large_image_width=\"1024\" data-large_image_height=\"905\"><img loading=\"lazy\" decoding=\"async\" class=\" wp-image-294278 alignleft\" src=\"https:\/\/www.radiopiu.net\/wordpress\/wp-content\/uploads\/2022\/08\/8dd9920b-4238-4b28-af6e-bda9bdd48268-150x150.jpg\" alt=\"\" width=\"124\" height=\"124\" \/><\/a>VOLTAGO<\/strong> Si \u00e8 svolto nel fine settimana il Torneo Del Centenario organizzato dal Gruppo Sportivo Frassen\u00e8. Sul campo della frazione sono andate in scena le sfide di calcio a 7 con 6 squadre partecipanti: Taibon, Gosaldo, Ciaooo Go Camion, Voltago, Young Boys e Ilaria Chioschetto. Nel girone di qualificazione il Taibon era stata la squadra che si era imposta vincendo tutte le partite in programma e lasciando per strada solo 3 punti. Nelle semifinali il Taibon ha perso contro il Gosaldo dopo i tiri di rigore mentre il Voltago ha incamerato la vittoria contro il Ciaooo Go Camion per 3 a 1. Finalissima tutta del Poi con il Gosaldo che vince di misura, 2 a 1, contro i i cugini padroni di casa. <em>(foto: Corriere Delle Alpi)<\/em><\/p>\n<p>&nbsp;<\/p>\n<p>&nbsp;<\/p>\n<hr \/>\n<p>&nbsp;<\/p>\n<p>&nbsp;<\/p>\n<\/div>\n<\/div>\n<\/div>\n<\/div>\n<\/div>\n<\/div>\n<\/div>\n<\/div>\n<\/div>\n<\/div>\n<\/div>\n<\/div>\n<\/div>\n<\/div>\n<\/div>\n<\/div>\n<\/div>\n<\/div>\n<\/div>\n<\/div>\n<\/div>\n<\/div>\n<\/div>\n<\/div>\n<\/div>\n<\/div>\n<\/div>\n<\/div>\n<\/div>\n<\/div>\n<\/div>\n<\/div>\n<\/div>\n<\/div>\n<\/div>\n<\/div>\n<\/div>\n<\/div>\n<\/div>\n<\/div>\n<\/div>\n<\/div>\n<\/div>\n<\/div>\n<\/div>\n<\/div>\n<\/div>\n<\/div>\n<\/div>\n<\/div>\n<\/div>\n<\/div>\n<\/div>\n<\/div>\n<\/div>\n<\/div>\n<\/div>\n<\/div>\n<\/div>\n<\/div>\n<\/div>\n<\/div>\n<\/div>\n<\/div>\n<\/div>\n<\/div>\n<\/div>\n<\/div>\n<\/div>\n<\/div>\n<\/div>\n<\/div>\n<\/div>\n<\/div>\n<\/div>\n<\/div>\n<\/div>\n<\/div>\n<\/div>\n<\/div>\n<\/div>\n<\/div>\n<\/div>\n<\/div>\n<\/div>\n<\/div>\n<\/div>\n<\/div>\n<\/div>\n<\/div>\n<\/div>\n<\/div>\n<\/div>\n<\/div>\n<\/div>\n<\/div>\n<\/div>\n<\/div>\n<\/div>\n<\/div>\n<\/div>\n<\/div>\n<\/div>\n","protected":false},"excerpt":{"rendered":"<p>RADIO PIU INFORMAZIONE il canale su TELEGRAM informazione di prima\u00a0 mano e in tempo reale. iscriviti ed aiutaci a farlo conoscere\u00a0 \u00a0 IN CAMMINO VERSO LA BEATIFICAZIONE DI PAPA LUCIANI, GIOVANNI PAOLO I &nbsp; PRIMA TAPPA, LE MESSE DEL 26 AGOSTO E 28 AGOSTO &nbsp; &nbsp; MOENA, RITROVATO SENZA VITA SUL SENTIERO BEPI ZAC MOENA\u00a0&hellip;<\/p>\n","protected":false},"author":4,"featured_media":294229,"comment_status":"closed","ping_status":"closed","sticky":false,"template":"","format":"standard","meta":{"_monsterinsights_skip_tracking":false,"_monsterinsights_sitenote_active":false,"_monsterinsights_sitenote_note":"","_monsterinsights_sitenote_category":0,"footnotes":""},"categories":[51,86,49],"tags":[],"class_list":["post-294162","post","type-post","status-publish","format-standard","has-post-thumbnail","hentry","category-evidenza-top","category-gr","category-news-18","category-51","category-86","category-49","description-off"],"img_url":"https:\/\/www.radiopiu.net\/wordpress\/wp-content\/uploads\/2022\/08\/297952722_1459512114476865_6053375638595281783_n.jpg","_links":{"self":[{"href":"https:\/\/www.radiopiu.net\/wordpress\/wp-json\/wp\/v2\/posts\/294162","targetHints":{"allow":["GET"]}}],"collection":[{"href":"https:\/\/www.radiopiu.net\/wordpress\/wp-json\/wp\/v2\/posts"}],"about":[{"href":"https:\/\/www.radiopiu.net\/wordpress\/wp-json\/wp\/v2\/types\/post"}],"author":[{"embeddable":true,"href":"https:\/\/www.radiopiu.net\/wordpress\/wp-json\/wp\/v2\/users\/4"}],"replies":[{"embeddable":true,"href":"https:\/\/www.radiopiu.net\/wordpress\/wp-json\/wp\/v2\/comments?post=294162"}],"version-history":[{"count":0,"href":"https:\/\/www.radiopiu.net\/wordpress\/wp-json\/wp\/v2\/posts\/294162\/revisions"}],"wp:featuredmedia":[{"embeddable":true,"href":"https:\/\/www.radiopiu.net\/wordpress\/wp-json\/wp\/v2\/media\/294229"}],"wp:attachment":[{"href":"https:\/\/www.radiopiu.net\/wordpress\/wp-json\/wp\/v2\/media?parent=294162"}],"wp:term":[{"taxonomy":"category","embeddable":true,"href":"https:\/\/www.radiopiu.net\/wordpress\/wp-json\/wp\/v2\/categories?post=294162"},{"taxonomy":"post_tag","embeddable":true,"href":"https:\/\/www.radiopiu.net\/wordpress\/wp-json\/wp\/v2\/tags?post=294162"}],"curies":[{"name":"wp","href":"https:\/\/api.w.org\/{rel}","templated":true}]}}