{"id":294214,"date":"2022-08-24T05:34:57","date_gmt":"2022-08-24T03:34:57","guid":{"rendered":"https:\/\/www.radiopiu.net\/wordpress\/?p=294214"},"modified":"2022-08-24T05:51:21","modified_gmt":"2022-08-24T03:51:21","slug":"moena-ritrovato-senza-vita-sul-sentiero-bepi-zac","status":"publish","type":"post","link":"https:\/\/www.radiopiu.net\/wordpress\/moena-ritrovato-senza-vita-sul-sentiero-bepi-zac\/","title":{"rendered":"MOENA, RITROVATO SENZA VITA SUL SENTIERO BEPI ZAC"},"content":{"rendered":"<div dir=\"auto\"><strong><img loading=\"lazy\" decoding=\"async\" class=\"alignleft\" src=\"https:\/\/www.radiopiu.net\/wordpress\/wp-content\/uploads\/2022\/08\/th-4.jpg\" width=\"344\" height=\"229\" \/><\/strong><strong>MOENA\u00a0<\/strong> Si \u00e8 concluso intorno alle 3.30 di\u00a0 ieri\u00a0 notte un intervento per la ricerca e il recupero di un escursionista residente a Torino, Alex Giunta di 34 anni, il cui mancato rientro era stato denunciato al Numero Unico per le Emergenze 112 intorno alle 21.15 di ieri. Purtroppo, il corpo senza vita dell&#8217;uomo \u00e8 stato ritrovato nei pressi della forcella del Ciadin, circa 200 metri pi\u00f9 a valle del sentiero attrezzato Bepi Zac (Cime di Costabella, a nord del passo San Pellegrino), a una quota di circa 2.550 m.s.l.m.. L&#8217;escursionista era partito dal rifugio Taramelli in val di Fassa e aveva lasciato detto di voler percorrere il sentiero attrezzato Bepi Zac per raggiungere Cima Uomo. In prossimit\u00e0 della forcella del Ciadin \u00e8 precipitato in un dirupo, in un tratto del sentiero dove non c&#8217;\u00e8 il cordino metallico.<\/div>\n<div dir=\"auto\">Le ricerche, partite immediatamente dopo la denuncia del mancato rientro, hanno coinvolto gli operatori della Stazione Centro Fassa che hanno perlustrato la zona della Val San Nicol\u00f2, lungo il versante nord di Costabella, mentre una squadra della Stazione di Moena ha percorso il sentiero attrezzato Bepi Zac da passo delle Selle, e una seconda squadra ha perlustrato la parte a valle tra l&#8217;Om Picol e la parete sud di Cima Ciadin e Cima Uomo. Attivata anche la vicina Stazione della Val Biois del Soccorso Alpino Veneto per perlustrare la parte sovrastante localit\u00e0 Fuciade e la Val Tegnousa. Intorno alle 1.30, i soccorritori che si trovavano lungo il sentiero attrezzato Bepi Zac hanno potuto individuare il punto dove si trovava l&#8217;uomo, sentendo il suo cellulare che veniva fatto squillare a intervalli regolari. Arrivati sul posto, per lui non c&#8217;era ormai nulla da fare. Dopo il nulla osta delle autorit\u00e0 competente, la salma \u00e8 stata trasportata via terra fino a passo San Pellegrino e affidata al carro funebre.<\/div>\n<div dir=\"auto\"><\/div>\n<div dir=\"auto\"><\/div>\n<div dir=\"auto\"><\/div>\n<div dir=\"auto\"><\/div>\n<div dir=\"auto\">\n<hr \/>\n<\/div>\n<div dir=\"auto\"><\/div>\n","protected":false},"excerpt":{"rendered":"<p>MOENA\u00a0 Si \u00e8 concluso intorno alle 3.30 di\u00a0 ieri\u00a0 notte un intervento per la ricerca e il recupero di un escursionista residente a Torino, Alex Giunta di 34 anni, il cui mancato rientro era stato denunciato al Numero Unico per le Emergenze 112 intorno alle 21.15 di ieri. Purtroppo, il corpo senza vita dell&#8217;uomo \u00e8&hellip;<\/p>\n","protected":false},"author":4,"featured_media":294215,"comment_status":"closed","ping_status":"closed","sticky":false,"template":"","format":"standard","meta":{"_monsterinsights_skip_tracking":false,"_monsterinsights_sitenote_active":false,"_monsterinsights_sitenote_note":"","_monsterinsights_sitenote_category":0,"footnotes":""},"categories":[51,49],"tags":[],"class_list":["post-294214","post","type-post","status-publish","format-standard","has-post-thumbnail","hentry","category-evidenza-top","category-news-18","category-51","category-49","description-off"],"img_url":"https:\/\/www.radiopiu.net\/wordpress\/wp-content\/uploads\/2022\/08\/th-4.jpg","_links":{"self":[{"href":"https:\/\/www.radiopiu.net\/wordpress\/wp-json\/wp\/v2\/posts\/294214","targetHints":{"allow":["GET"]}}],"collection":[{"href":"https:\/\/www.radiopiu.net\/wordpress\/wp-json\/wp\/v2\/posts"}],"about":[{"href":"https:\/\/www.radiopiu.net\/wordpress\/wp-json\/wp\/v2\/types\/post"}],"author":[{"embeddable":true,"href":"https:\/\/www.radiopiu.net\/wordpress\/wp-json\/wp\/v2\/users\/4"}],"replies":[{"embeddable":true,"href":"https:\/\/www.radiopiu.net\/wordpress\/wp-json\/wp\/v2\/comments?post=294214"}],"version-history":[{"count":0,"href":"https:\/\/www.radiopiu.net\/wordpress\/wp-json\/wp\/v2\/posts\/294214\/revisions"}],"wp:featuredmedia":[{"embeddable":true,"href":"https:\/\/www.radiopiu.net\/wordpress\/wp-json\/wp\/v2\/media\/294215"}],"wp:attachment":[{"href":"https:\/\/www.radiopiu.net\/wordpress\/wp-json\/wp\/v2\/media?parent=294214"}],"wp:term":[{"taxonomy":"category","embeddable":true,"href":"https:\/\/www.radiopiu.net\/wordpress\/wp-json\/wp\/v2\/categories?post=294214"},{"taxonomy":"post_tag","embeddable":true,"href":"https:\/\/www.radiopiu.net\/wordpress\/wp-json\/wp\/v2\/tags?post=294214"}],"curies":[{"name":"wp","href":"https:\/\/api.w.org\/{rel}","templated":true}]}}