{"id":294296,"date":"2022-08-23T18:29:39","date_gmt":"2022-08-23T16:29:39","guid":{"rendered":"https:\/\/www.radiopiu.net\/wordpress\/?p=294296"},"modified":"2022-08-24T05:56:57","modified_gmt":"2022-08-24T03:56:57","slug":"lanonimo-belumat-gregorio-piaia-presenta-il-suo-libro-ad-agordo","status":"publish","type":"post","link":"https:\/\/www.radiopiu.net\/wordpress\/lanonimo-belumat-gregorio-piaia-presenta-il-suo-libro-ad-agordo\/","title":{"rendered":"L&#8217;ANONIMO BELUMAT, GREGORIO PIAIA, PRESENTA IL SUO LIBRO AD AGORDO"},"content":{"rendered":"<p><strong><a class=\"dt-pswp-item\" href=\"https:\/\/www.radiopiu.net\/wordpress\/wp-content\/uploads\/2022\/08\/3520d3ca-dadf-42d2-ba7d-41a368390574.jpg\" data-dt-img-description=\"\" data-large_image_width=\"1131\" data-large_image_height=\"1600\"><img loading=\"lazy\" decoding=\"async\" class=\"alignleft wp-image-294300 \" src=\"https:\/\/www.radiopiu.net\/wordpress\/wp-content\/uploads\/2022\/08\/3520d3ca-dadf-42d2-ba7d-41a368390574-212x300.jpg\" alt=\"\" width=\"147\" height=\"208\" srcset=\"https:\/\/www.radiopiu.net\/wordpress\/wp-content\/uploads\/2022\/08\/3520d3ca-dadf-42d2-ba7d-41a368390574-212x300.jpg 212w, https:\/\/www.radiopiu.net\/wordpress\/wp-content\/uploads\/2022\/08\/3520d3ca-dadf-42d2-ba7d-41a368390574-724x1024.jpg 724w, https:\/\/www.radiopiu.net\/wordpress\/wp-content\/uploads\/2022\/08\/3520d3ca-dadf-42d2-ba7d-41a368390574-768x1086.jpg 768w, https:\/\/www.radiopiu.net\/wordpress\/wp-content\/uploads\/2022\/08\/3520d3ca-dadf-42d2-ba7d-41a368390574-1086x1536.jpg 1086w, https:\/\/www.radiopiu.net\/wordpress\/wp-content\/uploads\/2022\/08\/3520d3ca-dadf-42d2-ba7d-41a368390574.jpg 1131w\" sizes=\"auto, (max-width: 147px) 100vw, 147px\" \/><\/a>AGORDO<\/strong> Continuano gli incontri dei \u201cpomeriggi culturali\u201d promossi dal Circolo Culturale Agordino e dalla Biblioteca civica, con il patrocinio del Comune di Agordo. Venerd\u00ec prossimo, 26 agosto, sar\u00e0 la volta della presentazione del libro dal singolare e accattivante titolo: \u201cLa fabulosa historia di mess\u00e8r T\u00f2ni Pad\u00e8le\u201d. L\u2019appuntamento \u00e8 per le 17.30 in sala don Tamis di via 27 aprile. Si tratta di un avvincente racconto, storico, fantastico, metaforico e vagamente autobiografico, anche se ambientato nel primo \u2018600, dell\u2019autore (che qui si firma \u201cAnonimo Belum\u00e0t\u201d, alias Gregorio Piaia, con origini a S.Tomaso Agordino, professore emerito di Storia della filosofia all\u2019Universit\u00e0 di Padova). Un romanzo di formazione o letteratura di viaggio, con chiave di lettura anche filosofica: il tutto nella storia del giovane T\u00f2ni Pad\u00e8le che lascia le montagne delle Dolomiti agordine per scendere a Belluno e a Venezia per poi andare nel remoto Oriente alla ricerca della Pietra filosofale e della Citt\u00e0 della Luce, cio\u00e8 della scienza e della giustizia&#8230; per concludersi con il significativo ritorno del protagonista ai luoghi natali all\u2019ombra di Moiazza e Civetta. Presentato gi\u00e0 a San Tomaso, Abano Terme, Belluno e Padova, il libro si \u00e8 classificato al 2\u00b0 posto al recente premio Giorgione di Castelfranco Veneto.<\/p>\n<p>&nbsp;<\/p>\n<p>&nbsp;<\/p>\n<p>*****<\/p>\n","protected":false},"excerpt":{"rendered":"<p>AGORDO Continuano gli incontri dei \u201cpomeriggi culturali\u201d promossi dal Circolo Culturale Agordino e dalla Biblioteca civica, con il patrocinio del Comune di Agordo. Venerd\u00ec prossimo, 26 agosto, sar\u00e0 la volta della presentazione del libro dal singolare e accattivante titolo: \u201cLa fabulosa historia di mess\u00e8r T\u00f2ni Pad\u00e8le\u201d. L\u2019appuntamento \u00e8 per le 17.30 in sala don Tamis&hellip;<\/p>\n","protected":false},"author":4,"featured_media":294301,"comment_status":"closed","ping_status":"closed","sticky":false,"template":"","format":"standard","meta":{"_monsterinsights_skip_tracking":false,"_monsterinsights_sitenote_active":false,"_monsterinsights_sitenote_note":"","_monsterinsights_sitenote_category":0,"footnotes":""},"categories":[104,49],"tags":[],"class_list":["post-294296","post","type-post","status-publish","format-standard","has-post-thumbnail","hentry","category-evidenza_3","category-news-18","category-104","category-49","description-off"],"img_url":"https:\/\/www.radiopiu.net\/wordpress\/wp-content\/uploads\/2022\/08\/Schermata-2022-08-23-alle-17.31.07.png","_links":{"self":[{"href":"https:\/\/www.radiopiu.net\/wordpress\/wp-json\/wp\/v2\/posts\/294296","targetHints":{"allow":["GET"]}}],"collection":[{"href":"https:\/\/www.radiopiu.net\/wordpress\/wp-json\/wp\/v2\/posts"}],"about":[{"href":"https:\/\/www.radiopiu.net\/wordpress\/wp-json\/wp\/v2\/types\/post"}],"author":[{"embeddable":true,"href":"https:\/\/www.radiopiu.net\/wordpress\/wp-json\/wp\/v2\/users\/4"}],"replies":[{"embeddable":true,"href":"https:\/\/www.radiopiu.net\/wordpress\/wp-json\/wp\/v2\/comments?post=294296"}],"version-history":[{"count":0,"href":"https:\/\/www.radiopiu.net\/wordpress\/wp-json\/wp\/v2\/posts\/294296\/revisions"}],"wp:featuredmedia":[{"embeddable":true,"href":"https:\/\/www.radiopiu.net\/wordpress\/wp-json\/wp\/v2\/media\/294301"}],"wp:attachment":[{"href":"https:\/\/www.radiopiu.net\/wordpress\/wp-json\/wp\/v2\/media?parent=294296"}],"wp:term":[{"taxonomy":"category","embeddable":true,"href":"https:\/\/www.radiopiu.net\/wordpress\/wp-json\/wp\/v2\/categories?post=294296"},{"taxonomy":"post_tag","embeddable":true,"href":"https:\/\/www.radiopiu.net\/wordpress\/wp-json\/wp\/v2\/tags?post=294296"}],"curies":[{"name":"wp","href":"https:\/\/api.w.org\/{rel}","templated":true}]}}