{"id":294307,"date":"2022-08-23T18:30:52","date_gmt":"2022-08-23T16:30:52","guid":{"rendered":"https:\/\/www.radiopiu.net\/wordpress\/?p=294307"},"modified":"2022-08-24T05:53:17","modified_gmt":"2022-08-24T03:53:17","slug":"il-palio-dei-cento-nel-ricordo-di-silvano","status":"publish","type":"post","link":"https:\/\/www.radiopiu.net\/wordpress\/il-palio-dei-cento-nel-ricordo-di-silvano\/","title":{"rendered":"IL PALIO DEI CENTO NEL RICORDO DI SILVANO"},"content":{"rendered":"<p><strong><a class=\"dt-pswp-item\" href=\"https:\/\/www.radiopiu.net\/wordpress\/wp-content\/uploads\/2022\/08\/8565e03f-860b-4c26-8f2c-ec768f6670fb.jpg\" data-dt-img-description=\"\" data-large_image_width=\"1024\" data-large_image_height=\"768\"><img loading=\"lazy\" decoding=\"async\" class=\"size-thumbnail wp-image-293881 alignleft\" src=\"https:\/\/www.radiopiu.net\/wordpress\/wp-content\/uploads\/2022\/08\/8565e03f-860b-4c26-8f2c-ec768f6670fb-150x150.jpg\" alt=\"\" width=\"150\" height=\"150\" \/><\/a>AGORDO<\/strong> Tra i momenti pi\u00f9 emozionanti del palio dei cento c&#8217;\u00e8 senza ombra di dubbio l&#8217;ultima prova, quella del tiro alla fune. Il tiro alla fune negli ultimi 23 anni \u00e8 sempre stato abbinato al Memorial Silvano De Nardin, ma a partire dal prossimo anno la famiglia De Nardin ha deciso di ritirare il premio. Ad annunciarlo dal palco del Broi di Agordo \u00e8 stato il fratello di Silvano, Livio De Nardin, che ha voluto ringraziare tutti per aver tenuta viva la figura del rappresentante di Rif<\/p>\n<p><strong>LIVIO DE NARDIN, FRAZIONISTA DI RIF<\/strong><\/p>\n<audio class=\"wp-audio-shortcode\" id=\"audio-294307-1\" preload=\"none\" style=\"width: 100%;\" controls=\"controls\"><source type=\"audio\/mpeg\" src=\"https:\/\/www.radiopiu.net\/wordpress\/wp-content\/uploads\/2022\/08\/LIVIO-DE-NARDIN-MEMORIAL-PALIO.mp3?_=1\" \/><a href=\"https:\/\/www.radiopiu.net\/wordpress\/wp-content\/uploads\/2022\/08\/LIVIO-DE-NARDIN-MEMORIAL-PALIO.mp3\">https:\/\/www.radiopiu.net\/wordpress\/wp-content\/uploads\/2022\/08\/LIVIO-DE-NARDIN-MEMORIAL-PALIO.mp3<\/a><\/audio>\n<p>&nbsp;<\/p>\n<p>&nbsp;<\/p>\n<p>*******<\/p>\n","protected":false},"excerpt":{"rendered":"<p>AGORDO Tra i momenti pi\u00f9 emozionanti del palio dei cento c&#8217;\u00e8 senza ombra di dubbio l&#8217;ultima prova, quella del tiro alla fune. Il tiro alla fune negli ultimi 23 anni \u00e8 sempre stato abbinato al Memorial Silvano De Nardin, ma a partire dal prossimo anno la famiglia De Nardin ha deciso di ritirare il premio.&hellip;<\/p>\n","protected":false},"author":4,"featured_media":293881,"comment_status":"closed","ping_status":"closed","sticky":false,"template":"","format":"standard","meta":{"_monsterinsights_skip_tracking":false,"_monsterinsights_sitenote_active":false,"_monsterinsights_sitenote_note":"","_monsterinsights_sitenote_category":0,"footnotes":""},"categories":[104,49],"tags":[],"class_list":["post-294307","post","type-post","status-publish","format-standard","has-post-thumbnail","hentry","category-evidenza_3","category-news-18","category-104","category-49","description-off"],"img_url":"https:\/\/www.radiopiu.net\/wordpress\/wp-content\/uploads\/2022\/08\/8565e03f-860b-4c26-8f2c-ec768f6670fb.jpg","_links":{"self":[{"href":"https:\/\/www.radiopiu.net\/wordpress\/wp-json\/wp\/v2\/posts\/294307","targetHints":{"allow":["GET"]}}],"collection":[{"href":"https:\/\/www.radiopiu.net\/wordpress\/wp-json\/wp\/v2\/posts"}],"about":[{"href":"https:\/\/www.radiopiu.net\/wordpress\/wp-json\/wp\/v2\/types\/post"}],"author":[{"embeddable":true,"href":"https:\/\/www.radiopiu.net\/wordpress\/wp-json\/wp\/v2\/users\/4"}],"replies":[{"embeddable":true,"href":"https:\/\/www.radiopiu.net\/wordpress\/wp-json\/wp\/v2\/comments?post=294307"}],"version-history":[{"count":0,"href":"https:\/\/www.radiopiu.net\/wordpress\/wp-json\/wp\/v2\/posts\/294307\/revisions"}],"wp:featuredmedia":[{"embeddable":true,"href":"https:\/\/www.radiopiu.net\/wordpress\/wp-json\/wp\/v2\/media\/293881"}],"wp:attachment":[{"href":"https:\/\/www.radiopiu.net\/wordpress\/wp-json\/wp\/v2\/media?parent=294307"}],"wp:term":[{"taxonomy":"category","embeddable":true,"href":"https:\/\/www.radiopiu.net\/wordpress\/wp-json\/wp\/v2\/categories?post=294307"},{"taxonomy":"post_tag","embeddable":true,"href":"https:\/\/www.radiopiu.net\/wordpress\/wp-json\/wp\/v2\/tags?post=294307"}],"curies":[{"name":"wp","href":"https:\/\/api.w.org\/{rel}","templated":true}]}}