{"id":294315,"date":"2022-08-23T15:30:29","date_gmt":"2022-08-23T13:30:29","guid":{"rendered":"https:\/\/www.radiopiu.net\/wordpress\/?p=294315"},"modified":"2022-08-24T05:55:57","modified_gmt":"2022-08-24T03:55:57","slug":"la-autoservizi-valzoldana","status":"publish","type":"post","link":"https:\/\/www.radiopiu.net\/wordpress\/la-autoservizi-valzoldana\/","title":{"rendered":"LA \u201cAUTOSERVIZI VALZOLDANA\u201d FONDATA NEL 1925 A LONGARONE DA LONGONI E FRATELLI MOLIN PRADEL"},"content":{"rendered":"<p><strong>di RENATO BONA<\/strong><\/p>\n<p>&nbsp;<\/p>\n<p>Davvero interessante la storia della \u201cAutoservizi Valzoldana\u201d di Longarone, raccontata da Renato Fiabane e Lionello Fiori &#8211; che in proposito hanno raccolto preziose testimonianze di addetti ai lavori dell\u2019epoca &#8211; nell\u2019ottimo libro \u201cUn secolo in corriera nella provincia di Belluno\u201d, voluto da DolomitiBus e stampato dalla bellunese tipografia Piave nel luglio 2000 anche col contributo della Provincia di Belluno, dei Comuni di Belluno e Sedico, del Comitato festeggiamenti Bribano e del Circolo bellunese \u201cBerto Gidoni\u201d auto-moto d\u2019Epoca. Hanno validamente collaborato: Federico Cervo, Angelo e Pamela Fiori, Loredana Borghetto e Mara Barchet e, in particolare, l\u2019esemplare Gianni De Vecchi che si \u00e8 occupato dell\u2019impostazione del volume, delle didascalie e della revisione dei testi. Diciamo subito che notizie sull\u2019attivit\u00e0 dell\u2019azienda di cui ci occupiamo in questa occasione sono state fornite da Ferdinando Longoni di Longarone oltre che da Benito Lazzaris, autista di Fusine di Zoldo, da Valentino Martini, autista di Podenzoi, Maurizio Mezzavilla, figlio di Willi (Rizzetto) che fu per tanti anni autista di autocorriere in servizio nella Val Zoldana. Fondatore della societ\u00e0 \u201cAutoservizi Val Zoldana\u201d con sede a Longarone fu, nel 1925 Francesco Longoni coi fratelli Alfonso e Primo Molin Pradel. Longoni, milanese d\u2019origine, era approdato nel Longaronese in occasione della Grande Guerra e prestava servizio nel corpo militare degli autieri. A conflitto concluso fu obbligato dall\u2019Esercito a proseguire il servizio per partecipare al ripristino dei veicoli militari che in zona avevano un punto di raccolta ed \u00e8 allora che si rese conto che \u201cnecessitavano mezzi per i trasporti da Longarone alla Val Zoldana e viceversa. Decise quindi di stabilirsi definitivamente nel paese ed inizi\u00f2 l\u2019attivit\u00e0 dapprima come autotrasportatore di legname e in seguito anche di persone. Secondo Ferdinando Longoni il servizio ordinario di trasporto persone avveniva nei primi tempi da Zoldo Alto a Longarone, successivamente fu allargato fino a Belluno e a Selva di Cadore. E quando nella valle zoldana si svilupp\u00f2 l\u2019attivit\u00e0 turistica, vennero istituiti i servizi stagionali estivi Colle Santa Lucia-Valle Zoldana-Venezia nonch\u00e9 la linea Longarone-Zoldo-Cortina via Passo Falzarego. Un\u2019altra linea fu quella avviata a servizio degli emigranti diretti verso la Germania (in prevalenza i gelatieri) collegando in primavera lo Zoldano con la frontiera di Fortezza dove le persone prendevano il treno dirette verso Nord; in autunno l\u2019autolinea riprendeva l\u2019esercizio garantendo il rientro in valle, servizio apprezzato e che rimase attivo fino alla fine degli anni Settanta. Alla morte di Francesco Longoni, nel 1956, la sua parte fu ereditata dal figlio Paolo e pi\u00f9 tardi i fratelli Molin Pradel cedettero la loro quota finanziaria ai fratelli Ferrari che gi\u00e0 possedevano a San Don\u00e0 di Piave la societ\u00e0 Autoservizi Fap. Un ricordo tragico: la sera del 9 ottobre 1963 \u201cla furia del Vajont port\u00f2 con s\u00e9 oltre a Paolo Longoni, quattro corriere, ed un\u2019autovettura da noleggio, la rimessa, l\u2019officina ed il magazzino con le varie attrezzature. A quel punto gli eredi Longoni non ebbero pi\u00f9 interesse per l\u2019attivit\u00e0 &#8211; visto anche che i gelatieri zoldani, ormai ricchi, non si servivano pi\u00f9 della corriera (Ferdinando Longoni, fratello di Paolo, rimase comunque \u201ccon la qualifica di funzionario principale nelle ditte che subentrarono successivamente\u201d) e dunque cedettero a loro volta la parte di competenza ai contitolari Ferrari. Con la pubblicizzazione dei servizi di autotrasporto in ambito regionale del Veneto la F.A.P. che stava per Ferrari Autoservizi Pubblici, divenne A.T,V.O. (Azienda Trasporti Pubblici Veneto Orientale) \u201csociet\u00e0 che ancora oggi effettua i seguenti servizi stagionali: Venezia-Cortina e Cortina-Longarone-Belluno-Lido di Jesolo. Le linee della \u201cValZoldana\u201d furono invece assorbite dalla DolomitiBus di Belluno.<\/p>\n\n\t\t\t<style type='text\/css'>\n\t\t\t\t#gallery-1 {\n\t\t\t\t\tmargin: auto;\n\t\t\t\t}\n\t\t\t\t#gallery-1 .gallery-item {\n\t\t\t\t\tfloat: left;\n\t\t\t\t\tmargin-top: 10px;\n\t\t\t\t\ttext-align: center;\n\t\t\t\t\twidth: 50%;\n\t\t\t\t}\n\t\t\t\t#gallery-1 img {\n\t\t\t\t\tborder: 2px solid #cfcfcf;\n\t\t\t\t}\n\t\t\t\t#gallery-1 .gallery-caption {\n\t\t\t\t\tmargin-left: 0;\n\t\t\t\t}\n\t\t\t\t\/* see gallery_shortcode() in wp-includes\/media.php *\/\n\t\t\t<\/style>\n\t\t<div id='gallery-1' class='dt-gallery-container gallery galleryid-294315 gallery-columns-2 gallery-size-medium'><dl class='gallery-item'>\n\t\t\t\t<dt class='gallery-icon landscape'>\n\t\t\t\t\t<a class=\"rollover rollover-zoom dt-pswp-item\" title=\"300503738_1750664825277520_1247829709933069574_n\" data-dt-img-description=\"\" data-large_image_width=\"313\" data-large_image_height=\"206\"href='https:\/\/www.radiopiu.net\/wordpress\/wp-content\/uploads\/2022\/08\/300503738_1750664825277520_1247829709933069574_n.jpg'><img loading=\"lazy\" decoding=\"async\" width=\"300\" height=\"197\" src=\"https:\/\/www.radiopiu.net\/wordpress\/wp-content\/uploads\/2022\/08\/300503738_1750664825277520_1247829709933069574_n-300x197.jpg\" class=\"attachment-medium size-medium\" alt=\"\" srcset=\"https:\/\/www.radiopiu.net\/wordpress\/wp-content\/uploads\/2022\/08\/300503738_1750664825277520_1247829709933069574_n-300x197.jpg 300w, https:\/\/www.radiopiu.net\/wordpress\/wp-content\/uploads\/2022\/08\/300503738_1750664825277520_1247829709933069574_n.jpg 313w\" sizes=\"auto, (max-width: 300px) 100vw, 300px\" \/><\/a>\n\t\t\t\t<\/dt><\/dl><dl class='gallery-item'>\n\t\t\t\t<dt class='gallery-icon landscape'>\n\t\t\t\t\t<a class=\"rollover rollover-zoom dt-pswp-item\" title=\"300453741_795266175242758_1094631482733752196_n\" data-dt-img-description=\"\" data-large_image_width=\"351\" data-large_image_height=\"206\"href='https:\/\/www.radiopiu.net\/wordpress\/wp-content\/uploads\/2022\/08\/300453741_795266175242758_1094631482733752196_n.jpg'><img loading=\"lazy\" decoding=\"async\" width=\"300\" height=\"176\" src=\"https:\/\/www.radiopiu.net\/wordpress\/wp-content\/uploads\/2022\/08\/300453741_795266175242758_1094631482733752196_n-300x176.jpg\" class=\"attachment-medium size-medium\" alt=\"\" srcset=\"https:\/\/www.radiopiu.net\/wordpress\/wp-content\/uploads\/2022\/08\/300453741_795266175242758_1094631482733752196_n-300x176.jpg 300w, https:\/\/www.radiopiu.net\/wordpress\/wp-content\/uploads\/2022\/08\/300453741_795266175242758_1094631482733752196_n.jpg 351w\" sizes=\"auto, (max-width: 300px) 100vw, 300px\" \/><\/a>\n\t\t\t\t<\/dt><\/dl><br style=\"clear: both\" \/><dl class='gallery-item'>\n\t\t\t\t<dt class='gallery-icon landscape'>\n\t\t\t\t\t<a class=\"rollover rollover-zoom dt-pswp-item\" title=\"300507383_7931776936863341_4537530872335545286_n\" data-dt-img-description=\"\" data-large_image_width=\"462\" data-large_image_height=\"206\"href='https:\/\/www.radiopiu.net\/wordpress\/wp-content\/uploads\/2022\/08\/300507383_7931776936863341_4537530872335545286_n.jpg'><img loading=\"lazy\" decoding=\"async\" width=\"300\" height=\"134\" src=\"https:\/\/www.radiopiu.net\/wordpress\/wp-content\/uploads\/2022\/08\/300507383_7931776936863341_4537530872335545286_n-300x134.jpg\" class=\"attachment-medium size-medium\" alt=\"\" srcset=\"https:\/\/www.radiopiu.net\/wordpress\/wp-content\/uploads\/2022\/08\/300507383_7931776936863341_4537530872335545286_n-300x134.jpg 300w, https:\/\/www.radiopiu.net\/wordpress\/wp-content\/uploads\/2022\/08\/300507383_7931776936863341_4537530872335545286_n.jpg 462w\" sizes=\"auto, (max-width: 300px) 100vw, 300px\" \/><\/a>\n\t\t\t\t<\/dt><\/dl><dl class='gallery-item'>\n\t\t\t\t<dt class='gallery-icon landscape'>\n\t\t\t\t\t<a class=\"rollover rollover-zoom dt-pswp-item\" title=\"300442008_503728804808281_8924061803290489399_n\" data-dt-img-description=\"\" data-large_image_width=\"321\" data-large_image_height=\"206\"href='https:\/\/www.radiopiu.net\/wordpress\/wp-content\/uploads\/2022\/08\/300442008_503728804808281_8924061803290489399_n.jpg'><img loading=\"lazy\" decoding=\"async\" width=\"300\" height=\"193\" src=\"https:\/\/www.radiopiu.net\/wordpress\/wp-content\/uploads\/2022\/08\/300442008_503728804808281_8924061803290489399_n-300x193.jpg\" class=\"attachment-medium size-medium\" alt=\"\" srcset=\"https:\/\/www.radiopiu.net\/wordpress\/wp-content\/uploads\/2022\/08\/300442008_503728804808281_8924061803290489399_n-300x193.jpg 300w, https:\/\/www.radiopiu.net\/wordpress\/wp-content\/uploads\/2022\/08\/300442008_503728804808281_8924061803290489399_n.jpg 321w\" sizes=\"auto, (max-width: 300px) 100vw, 300px\" \/><\/a>\n\t\t\t\t<\/dt><\/dl><br style=\"clear: both\" \/>\n\t\t\t<\/div>\n\n<p>NELLE FOTO (riproduzioni dal libro \u201cUn secolo in corriera nella provincia di Belluno\u201d): Anni \u201820: vetture davanti al garage L. Marina a Longarone; stessa epoca e stesso luogo; siamo nel 1963: pullman Om Supertaurus della ditta Longoni in servizio sulla linea Fusine di Zoldo-Longarone su strada molto stretta ed innevata; anno 1950: autocorriera Fiat 642 carrozzata Pietroboni, della longaronese Longoni, in servizio sulla linea Belluno-Zoldo, in sosta nel Piazzale della stazione bellunese.<\/p>\n","protected":false},"excerpt":{"rendered":"<p>di RENATO BONA &nbsp; Davvero interessante la storia della \u201cAutoservizi Valzoldana\u201d di Longarone, raccontata da Renato Fiabane e Lionello Fiori &#8211; che in proposito hanno raccolto preziose testimonianze di addetti ai lavori dell\u2019epoca &#8211; nell\u2019ottimo libro \u201cUn secolo in corriera nella provincia di Belluno\u201d, voluto da DolomitiBus e stampato dalla bellunese tipografia Piave nel luglio&hellip;<\/p>\n","protected":false},"author":4,"featured_media":294316,"comment_status":"closed","ping_status":"closed","sticky":false,"template":"","format":"standard","meta":{"_monsterinsights_skip_tracking":false,"_monsterinsights_sitenote_active":false,"_monsterinsights_sitenote_note":"","_monsterinsights_sitenote_category":0,"footnotes":""},"categories":[51,49],"tags":[],"class_list":["post-294315","post","type-post","status-publish","format-standard","has-post-thumbnail","hentry","category-evidenza-top","category-news-18","category-51","category-49","description-off"],"img_url":"https:\/\/www.radiopiu.net\/wordpress\/wp-content\/uploads\/2022\/08\/300503738_1750664825277520_1247829709933069574_n.jpg","_links":{"self":[{"href":"https:\/\/www.radiopiu.net\/wordpress\/wp-json\/wp\/v2\/posts\/294315","targetHints":{"allow":["GET"]}}],"collection":[{"href":"https:\/\/www.radiopiu.net\/wordpress\/wp-json\/wp\/v2\/posts"}],"about":[{"href":"https:\/\/www.radiopiu.net\/wordpress\/wp-json\/wp\/v2\/types\/post"}],"author":[{"embeddable":true,"href":"https:\/\/www.radiopiu.net\/wordpress\/wp-json\/wp\/v2\/users\/4"}],"replies":[{"embeddable":true,"href":"https:\/\/www.radiopiu.net\/wordpress\/wp-json\/wp\/v2\/comments?post=294315"}],"version-history":[{"count":0,"href":"https:\/\/www.radiopiu.net\/wordpress\/wp-json\/wp\/v2\/posts\/294315\/revisions"}],"wp:featuredmedia":[{"embeddable":true,"href":"https:\/\/www.radiopiu.net\/wordpress\/wp-json\/wp\/v2\/media\/294316"}],"wp:attachment":[{"href":"https:\/\/www.radiopiu.net\/wordpress\/wp-json\/wp\/v2\/media?parent=294315"}],"wp:term":[{"taxonomy":"category","embeddable":true,"href":"https:\/\/www.radiopiu.net\/wordpress\/wp-json\/wp\/v2\/categories?post=294315"},{"taxonomy":"post_tag","embeddable":true,"href":"https:\/\/www.radiopiu.net\/wordpress\/wp-json\/wp\/v2\/tags?post=294315"}],"curies":[{"name":"wp","href":"https:\/\/api.w.org\/{rel}","templated":true}]}}