{"id":294380,"date":"2022-08-25T05:25:52","date_gmt":"2022-08-25T03:25:52","guid":{"rendered":"https:\/\/www.radiopiu.net\/wordpress\/?p=294380"},"modified":"2022-08-25T05:33:29","modified_gmt":"2022-08-25T03:33:29","slug":"recuperato-alpinista-con-malore","status":"publish","type":"post","link":"https:\/\/www.radiopiu.net\/wordpress\/recuperato-alpinista-con-malore\/","title":{"rendered":"RECUPERATO ALPINISTA CON MALORE"},"content":{"rendered":"<p><strong>AURONZO<\/strong> L&#8217;elicottero di Dolomiti Emergency verso le 10 \u00e8 volato sulla Croda dei Toni, lungo la Via Drash, che \u00e8 una variante della via normale, poich\u00e9 un alpinista si era sentito poco bene durante la scalata. Il 61enne tedesco, che lamentava un dolore al torace, \u00e8 stato recuperato dal tecnico di elisoccorso con un verricello di una ventina di metri, per essere poi trasportato all&#8217;ospedale di Cortina per le opportune verifiche. Il compagno di cordata \u00e8 rientrato autonomamente.<\/p>\n<p>&nbsp;<\/p>\n<hr \/>\n<p>&nbsp;<\/p>\n","protected":false},"excerpt":{"rendered":"<p>AURONZO L&#8217;elicottero di Dolomiti Emergency verso le 10 \u00e8 volato sulla Croda dei Toni, lungo la Via Drash, che \u00e8 una variante della via normale, poich\u00e9 un alpinista si era sentito poco bene durante la scalata. Il 61enne tedesco, che lamentava un dolore al torace, \u00e8 stato recuperato dal tecnico di elisoccorso con un verricello&hellip;<\/p>\n","protected":false},"author":4,"featured_media":289179,"comment_status":"closed","ping_status":"closed","sticky":false,"template":"","format":"standard","meta":{"_monsterinsights_skip_tracking":false,"_monsterinsights_sitenote_active":false,"_monsterinsights_sitenote_note":"","_monsterinsights_sitenote_category":0,"footnotes":""},"categories":[51,49],"tags":[],"class_list":["post-294380","post","type-post","status-publish","format-standard","has-post-thumbnail","hentry","category-evidenza-top","category-news-18","category-51","category-49","description-off"],"img_url":"https:\/\/www.radiopiu.net\/wordpress\/wp-content\/uploads\/2022\/07\/salt_20220725_132211_968.jpg","_links":{"self":[{"href":"https:\/\/www.radiopiu.net\/wordpress\/wp-json\/wp\/v2\/posts\/294380","targetHints":{"allow":["GET"]}}],"collection":[{"href":"https:\/\/www.radiopiu.net\/wordpress\/wp-json\/wp\/v2\/posts"}],"about":[{"href":"https:\/\/www.radiopiu.net\/wordpress\/wp-json\/wp\/v2\/types\/post"}],"author":[{"embeddable":true,"href":"https:\/\/www.radiopiu.net\/wordpress\/wp-json\/wp\/v2\/users\/4"}],"replies":[{"embeddable":true,"href":"https:\/\/www.radiopiu.net\/wordpress\/wp-json\/wp\/v2\/comments?post=294380"}],"version-history":[{"count":0,"href":"https:\/\/www.radiopiu.net\/wordpress\/wp-json\/wp\/v2\/posts\/294380\/revisions"}],"wp:featuredmedia":[{"embeddable":true,"href":"https:\/\/www.radiopiu.net\/wordpress\/wp-json\/wp\/v2\/media\/289179"}],"wp:attachment":[{"href":"https:\/\/www.radiopiu.net\/wordpress\/wp-json\/wp\/v2\/media?parent=294380"}],"wp:term":[{"taxonomy":"category","embeddable":true,"href":"https:\/\/www.radiopiu.net\/wordpress\/wp-json\/wp\/v2\/categories?post=294380"},{"taxonomy":"post_tag","embeddable":true,"href":"https:\/\/www.radiopiu.net\/wordpress\/wp-json\/wp\/v2\/tags?post=294380"}],"curies":[{"name":"wp","href":"https:\/\/api.w.org\/{rel}","templated":true}]}}