{"id":294413,"date":"2022-08-24T15:01:27","date_gmt":"2022-08-24T13:01:27","guid":{"rendered":"https:\/\/www.radiopiu.net\/wordpress\/?p=294413"},"modified":"2022-08-24T15:01:27","modified_gmt":"2022-08-24T13:01:27","slug":"dillo-a-radio-piu-sulla-chiusura-della-strada-per-rivamonte","status":"publish","type":"post","link":"https:\/\/www.radiopiu.net\/wordpress\/dillo-a-radio-piu-sulla-chiusura-della-strada-per-rivamonte\/","title":{"rendered":"DILLO A RADIO PIU&#8230; SULLA CHIUSURA DELLA STRADA PER RIVAMONTE"},"content":{"rendered":"<p>&nbsp;<\/p>\n<p>Riceviamo da Valter Todesco, dalla Lonie di Rivamonte una considerazione e una preoccupazione messa in evidenza dal presidente dell&#8217;Auser Col Bel di Tiser.<\/p>\n<p>&nbsp;<\/p>\n<p>Cara Radio Pi\u00f9&#8230;, <em>visto che a fine mese verr\u00e0 chiusa per una decina di giorni la SP3 in localit\u00e0 Gona per la messa in sicurezza e quindi si utilizzer\u00e0 la strada di digoman, auspico che verr\u00e0 installato un impianto semaforico provvisorio tra il ponte sotto il cimitero di Digoman e i magazzini comunali di Voltago essendo che la strada \u00e8 stretta il traffico sar\u00e0 difficoltoso ed anche per il passaggio delle corriere e dei camion.<\/em><\/p>\n<p>&nbsp;<\/p>\n<blockquote>\n<h3>SP 3 CHIUSA PER DUE SETTIMANE A RIVAMONTE IN LOCALITA&#8217; GONA DI CONDERA e\u00a0 VERSO L\u2019ELIMINAZIONE DEL SEMAFORO, SULLA PROVINCIALE 8 DAL 29 AGOSTO VIA AI CANTIERI<\/h3>\n<\/blockquote>\n<p><strong><img loading=\"lazy\" decoding=\"async\" class=\"alignleft\" src=\"https:\/\/www.radiopiu.net\/wordpress\/wp-content\/uploads\/2021\/11\/81aa72cc-d66b-44fa-afd5-7103ae531a24.jpg\" width=\"193\" height=\"142\" \/><\/strong><\/p>\n<p>&nbsp;<\/p>\n<p>&nbsp;<\/p>\n<p>&nbsp;<\/p>\n<p>&nbsp;<\/p>\n<p>&nbsp;<\/p>\n<p><strong>DAL CORRIERE DELLE ALPI, di Gianni Santomaso<\/strong><\/p>\n<audio class=\"wp-audio-shortcode\" id=\"audio-294413-1\" preload=\"none\" style=\"width: 100%;\" controls=\"controls\"><source type=\"audio\/mpeg\" src=\"https:\/\/www.radiopiu.net\/wordpress\/wp-content\/uploads\/2022\/08\/GIANNI-GONA-DI-CONEDERA.mp3?_=1\" \/><a href=\"https:\/\/www.radiopiu.net\/wordpress\/wp-content\/uploads\/2022\/08\/GIANNI-GONA-DI-CONEDERA.mp3\">https:\/\/www.radiopiu.net\/wordpress\/wp-content\/uploads\/2022\/08\/GIANNI-GONA-DI-CONEDERA.mp3<\/a><\/audio>\n<p>&nbsp;<\/p>\n<p>&nbsp;<\/p>\n<p>___<\/p>\n","protected":false},"excerpt":{"rendered":"<p>&nbsp; Riceviamo da Valter Todesco, dalla Lonie di Rivamonte una considerazione e una preoccupazione messa in evidenza dal presidente dell&#8217;Auser Col Bel di Tiser. &nbsp; Cara Radio Pi\u00f9&#8230;, visto che a fine mese verr\u00e0 chiusa per una decina di giorni la SP3 in localit\u00e0 Gona per la messa in sicurezza e quindi si utilizzer\u00e0 la&hellip;<\/p>\n","protected":false},"author":4,"featured_media":294414,"comment_status":"closed","ping_status":"closed","sticky":false,"template":"","format":"standard","meta":{"_monsterinsights_skip_tracking":false,"_monsterinsights_sitenote_active":false,"_monsterinsights_sitenote_note":"","_monsterinsights_sitenote_category":0,"footnotes":""},"categories":[104,49],"tags":[],"class_list":["post-294413","post","type-post","status-publish","format-standard","has-post-thumbnail","hentry","category-evidenza_3","category-news-18","category-104","category-49","description-off"],"img_url":"https:\/\/www.radiopiu.net\/wordpress\/wp-content\/uploads\/2022\/08\/81aa72cc-d66b-44fa-afd5-7103ae531a24.jpg","_links":{"self":[{"href":"https:\/\/www.radiopiu.net\/wordpress\/wp-json\/wp\/v2\/posts\/294413","targetHints":{"allow":["GET"]}}],"collection":[{"href":"https:\/\/www.radiopiu.net\/wordpress\/wp-json\/wp\/v2\/posts"}],"about":[{"href":"https:\/\/www.radiopiu.net\/wordpress\/wp-json\/wp\/v2\/types\/post"}],"author":[{"embeddable":true,"href":"https:\/\/www.radiopiu.net\/wordpress\/wp-json\/wp\/v2\/users\/4"}],"replies":[{"embeddable":true,"href":"https:\/\/www.radiopiu.net\/wordpress\/wp-json\/wp\/v2\/comments?post=294413"}],"version-history":[{"count":0,"href":"https:\/\/www.radiopiu.net\/wordpress\/wp-json\/wp\/v2\/posts\/294413\/revisions"}],"wp:featuredmedia":[{"embeddable":true,"href":"https:\/\/www.radiopiu.net\/wordpress\/wp-json\/wp\/v2\/media\/294414"}],"wp:attachment":[{"href":"https:\/\/www.radiopiu.net\/wordpress\/wp-json\/wp\/v2\/media?parent=294413"}],"wp:term":[{"taxonomy":"category","embeddable":true,"href":"https:\/\/www.radiopiu.net\/wordpress\/wp-json\/wp\/v2\/categories?post=294413"},{"taxonomy":"post_tag","embeddable":true,"href":"https:\/\/www.radiopiu.net\/wordpress\/wp-json\/wp\/v2\/tags?post=294413"}],"curies":[{"name":"wp","href":"https:\/\/api.w.org\/{rel}","templated":true}]}}